{"id":66925,"date":"2022-11-09T11:12:30","date_gmt":"2022-11-09T11:12:30","guid":{"rendered":"https:\/\/elregionalvm.com.ar\/noticias-villa-maria\/?p=66925"},"modified":"2022-11-11T00:27:33","modified_gmt":"2022-11-11T00:27:33","slug":"la-cara-oculta-del-cyber-monday-el-impacto-medioambiental-del-consumo-desmedido","status":"publish","type":"post","link":"https:\/\/elregionalvm.com.ar\/noticias-villa-maria\/la-cara-oculta-del-cyber-monday-el-impacto-medioambiental-del-consumo-desmedido\/","title":{"rendered":"La cara oculta del Cyber Monday: el impacto medioambiental del consumo desmedido"},"content":{"rendered":"\n<h3 class=\"wp-block-heading\">Del 31 de Octubre al 2 de Noviembre vas a poder conseguir \u201clas mejores ofertas\u201d. Bajo este lema, miles de usuarios se suman a la tendencia compulsiva de comprar y vender art\u00edculos sin prever el da\u00f1o al planeta.<\/h3>\n\n\n\n<p><\/p>\n\n\n\n<p>Durante estos d\u00edas encontrar\u00e1s promociones, descuentos y ofertas en Electr\u00f3nica, Tecnolog\u00eda, Indumentaria, Accesorios, Viajes, Electrodom\u00e9sticos y \u00a1mucho m\u00e1s!. La d\u00e9cima edici\u00f3n del CyberMonday capta la atenci\u00f3n e inter\u00e9s de usuarios que navegan por Internet.<\/p>\n\n\n\n<p>Marcas, emprendedores e influencers se hacen eco de esta iniciativa que incentiva las compras y el consumo ofreciendo grandes rebajas. <strong>El consumo responsable pareciera no existir en este contexto.<\/strong><\/p>\n\n\n\n<h2 class=\"has-text-align-left wp-block-heading\">Estas son las consecuencias ambientales que deja el Cyber Monday<\/h2>\n\n\n\n<p><\/p>\n\n\n\n<p>Mientras los pedidos se multiplican, los veh\u00edculos que transportan <strong>los productos incrementan hasta un 10% las emisiones de CO2 .<\/strong><\/p>\n\n\n\n<figure class=\"wp-block-image size-full\"><img data-recalc-dims=\"1\" fetchpriority=\"high\" decoding=\"async\" width=\"900\" height=\"601\" src=\"https:\/\/i0.wp.com\/elregionalvm.com.ar\/noticias-villa-maria\/wp-content\/uploads\/2022\/11\/delivery-ecommerce.jpg?resize=900%2C601&#038;ssl=1\" alt=\"\" class=\"wp-image-66933\" srcset=\"https:\/\/i0.wp.com\/elregionalvm.com.ar\/noticias-villa-maria\/wp-content\/uploads\/2022\/11\/delivery-ecommerce.jpg?w=900&amp;ssl=1 900w, https:\/\/i0.wp.com\/elregionalvm.com.ar\/noticias-villa-maria\/wp-content\/uploads\/2022\/11\/delivery-ecommerce.jpg?resize=300%2C200&amp;ssl=1 300w, https:\/\/i0.wp.com\/elregionalvm.com.ar\/noticias-villa-maria\/wp-content\/uploads\/2022\/11\/delivery-ecommerce.jpg?resize=768%2C513&amp;ssl=1 768w\" sizes=\"(max-width: 900px) 100vw, 900px\" \/><\/figure>\n\n\n\n<p><\/p>\n\n\n\n<p>Y a esto se suma que <strong>se multiplican las bolsas de pl\u00e1stico<\/strong> para embalar los paquetes lo que provoca que aumente significativamente la contaminaci\u00f3n de este material nocivo para el planeta.<\/p>\n\n\n\n<h3 class=\"wp-block-heading\">Algunas soluciones que podr\u00edan reducir y mitigar esta problem\u00e1tica:<\/h3>\n\n\n\n<p><\/p>\n\n\n\n<p><img data-recalc-dims=\"1\" decoding=\"async\" class=\"wp-image-43252\" style=\"width: 12px;\" src=\"https:\/\/i0.wp.com\/elregionalvm.com.ar\/noticias-villa-maria\/wp-content\/uploads\/2021\/08\/bullet.jpg?ssl=1\" alt=\"\"> Las empresas deber\u00edan utilizar materiales reciclables para envolver los pedidos.<br><img data-recalc-dims=\"1\" decoding=\"async\" class=\"wp-image-43252\" style=\"width: 12px;\" src=\"https:\/\/i0.wp.com\/elregionalvm.com.ar\/noticias-villa-maria\/wp-content\/uploads\/2021\/08\/bullet.jpg?ssl=1\" alt=\"\"> Podr\u00edan planificar una ruta de viaje m\u00e1s eficaz para reducir los residuos y tiempo de traslado de los transportistas.<br><img data-recalc-dims=\"1\" decoding=\"async\" class=\"wp-image-43252\" style=\"width: 12px;\" src=\"https:\/\/i0.wp.com\/elregionalvm.com.ar\/noticias-villa-maria\/wp-content\/uploads\/2021\/08\/bullet.jpg?ssl=1\" alt=\"\"> \u00bfNecesitas con urgencia ese producto? \u00bfEs simplemente un capricho? Quiz\u00e1s, plantear estas preguntas nos ayudan a accionar con m\u00e1s atenci\u00f3n y sinceridad.<\/p>\n\n\n\n<p><\/p>\n\n\n\n<p><\/p>\n\n\n\n<h3 class=\"wp-block-heading\">\u00bfHAY ALTERNATIVAS? \u00bfPor qu\u00e9 resulta imperioso optar por una econom\u00eda sostenible?<\/h3>\n\n\n\n<p><\/p>\n\n\n\n<h3 class=\"wp-block-heading\"><\/h3>\n\n\n\n<p>Este modelo se basa en un conjunto de estrategias que tienen en cuenta <strong>no solo el beneficio financiero, sino tambi\u00e9n la calidad de vida de las personas.<\/strong> Y a esto se suma un factor fundamental, uno de los mayores objetivos es lograr la armon\u00eda con la naturaleza.<\/p>\n\n\n\n<figure class=\"wp-block-image size-full\"><img data-recalc-dims=\"1\" decoding=\"async\" width=\"800\" height=\"540\" src=\"https:\/\/i0.wp.com\/elregionalvm.com.ar\/noticias-villa-maria\/wp-content\/uploads\/2022\/11\/bioeconomia.jpg?resize=800%2C540&#038;ssl=1\" alt=\"\" class=\"wp-image-66934\" srcset=\"https:\/\/i0.wp.com\/elregionalvm.com.ar\/noticias-villa-maria\/wp-content\/uploads\/2022\/11\/bioeconomia.jpg?w=800&amp;ssl=1 800w, https:\/\/i0.wp.com\/elregionalvm.com.ar\/noticias-villa-maria\/wp-content\/uploads\/2022\/11\/bioeconomia.jpg?resize=300%2C203&amp;ssl=1 300w, https:\/\/i0.wp.com\/elregionalvm.com.ar\/noticias-villa-maria\/wp-content\/uploads\/2022\/11\/bioeconomia.jpg?resize=768%2C518&amp;ssl=1 768w\" sizes=\"(max-width: 800px) 100vw, 800px\" \/><\/figure>\n\n\n\n<p><\/p>\n\n\n\n<p><strong>En otras palabras, radica en la gesti\u00f3n eficiente y responsable de los recursos naturales sostenidos en el tiempo. <\/strong>Para lograrlo, es fundamental crear pol\u00edticas que garanticen la conservaci\u00f3n y cuidados del ambiente a corto, mediano y largo plazo.<\/p>\n\n\n\n<p>Presta atenci\u00f3n a lo siguiente: las empresas que asumen pr\u00e1cticas sostenibles logran posicionarse en los mejores lugares del mercado.<\/p>\n\n\n\n<p><strong>CABE REFLEXIONAR Y REPLANTEARNOS, ENTONCES, SI LO QUE SE OFRECE A TAN BUEN PRECIO, REALMENTE ES NECESARIO PARA NUESTRA VIDA.<\/strong><\/p>\n\n\n\n<p><em>Fuente: bioguia.com<\/em><\/p>\n","protected":false},"excerpt":{"rendered":"<p>Del 31 de Octubre al 2 de Noviembre vas a poder conseguir \u201clas mejores ofertas\u201d. Bajo este lema, miles de usuarios se suman a la tendencia compulsiva de comprar y vender art\u00edculos sin prever el da\u00f1o al planeta. Durante estos d\u00edas encontrar\u00e1s promociones, descuentos y ofertas en Electr\u00f3nica, Tecnolog\u00eda, Indumentaria, Accesorios, Viajes, Electrodom\u00e9sticos y \u00a1mucho [&hellip;]<\/p>\n","protected":false},"author":4,"featured_media":66930,"comment_status":"open","ping_status":"open","sticky":false,"template":"","format":"standard","meta":{"site-sidebar-layout":"default","site-content-layout":"","ast-site-content-layout":"default","site-content-style":"default","site-sidebar-style":"default","ast-global-header-display":"","ast-banner-title-visibility":"","ast-main-header-display":"","ast-hfb-above-header-display":"","ast-hfb-below-header-display":"","ast-hfb-mobile-header-display":"","site-post-title":"","ast-breadcrumbs-content":"","ast-featured-img":"","footer-sml-layout":"","ast-disable-related-posts":"","theme-transparent-header-meta":"","adv-header-id-meta":"","stick-header-meta":"","header-above-stick-meta":"","header-main-stick-meta":"","header-below-stick-meta":"","astra-migrate-meta-layouts":"default","ast-page-background-enabled":"default","ast-page-background-meta":{"desktop":{"background-color":"","background-image":"","background-repeat":"repeat","background-position":"center center","background-size":"auto","background-attachment":"scroll","background-type":"","background-media":"","overlay-type":"","overlay-color":"","overlay-opacity":"","overlay-gradient":""},"tablet":{"background-color":"","background-image":"","background-repeat":"repeat","background-position":"center center","background-size":"auto","background-attachment":"scroll","background-type":"","background-media":"","overlay-type":"","overlay-color":"","overlay-opacity":"","overlay-gradient":""},"mobile":{"background-color":"","background-image":"","background-repeat":"repeat","background-position":"center center","background-size":"auto","background-attachment":"scroll","background-type":"","background-media":"","overlay-type":"","overlay-color":"","overlay-opacity":"","overlay-gradient":""}},"ast-content-background-meta":{"desktop":{"background-color":"var(--ast-global-color-5)","background-image":"","background-repeat":"repeat","background-position":"center center","background-size":"auto","background-attachment":"scroll","background-type":"","background-media":"","overlay-type":"","overlay-color":"","overlay-opacity":"","overlay-gradient":""},"tablet":{"background-color":"var(--ast-global-color-5)","background-image":"","background-repeat":"repeat","background-position":"center center","background-size":"auto","background-attachment":"scroll","background-type":"","background-media":"","overlay-type":"","overlay-color":"","overlay-opacity":"","overlay-gradient":""},"mobile":{"background-color":"var(--ast-global-color-5)","background-image":"","background-repeat":"repeat","background-position":"center center","background-size":"auto","background-attachment":"scroll","background-type":"","background-media":"","overlay-type":"","overlay-color":"","overlay-opacity":"","overlay-gradient":""}},"_jetpack_memberships_contains_paid_content":false,"_joinchat":[],"footnotes":""},"categories":[4777,3557],"tags":[19616,19615,3985,3223],"class_list":["post-66925","post","type-post","status-publish","format-standard","has-post-thumbnail","hentry","category-econotas","category-tercera","tag-cara-oculta","tag-cyber-monday","tag-impacto-ambiental","tag-medio-ambiente"],"yoast_head":"<!-- This site is optimized with the Yoast SEO plugin v26.8 - https:\/\/yoast.com\/product\/yoast-seo-wordpress\/ -->\n<title>La cara oculta del Cyber Monday: el impacto medioambiental del consumo desmedido - El Regional<\/title>\n<meta name=\"robots\" content=\"index, follow, max-snippet:-1, max-image-preview:large, max-video-preview:-1\" \/>\n<link rel=\"canonical\" href=\"http:\/\/elregionalvm.com.ar\/noticias-villa-maria\/la-cara-oculta-del-cyber-monday-el-impacto-medioambiental-del-consumo-desmedido\/\" \/>\n<meta property=\"og:locale\" content=\"es_ES\" \/>\n<meta property=\"og:type\" content=\"article\" \/>\n<meta property=\"og:title\" content=\"La cara oculta del Cyber Monday: el impacto medioambiental del consumo desmedido - El Regional\" \/>\n<meta property=\"og:description\" content=\"Del 31 de Octubre al 2 de Noviembre vas a poder conseguir \u201clas mejores ofertas\u201d. Bajo este lema, miles de usuarios se suman a la tendencia compulsiva de comprar y vender art\u00edculos sin prever el da\u00f1o al planeta. Durante estos d\u00edas encontrar\u00e1s promociones, descuentos y ofertas en Electr\u00f3nica, Tecnolog\u00eda, Indumentaria, Accesorios, Viajes, Electrodom\u00e9sticos y \u00a1mucho [&hellip;]\" \/>\n<meta property=\"og:url\" content=\"http:\/\/elregionalvm.com.ar\/noticias-villa-maria\/la-cara-oculta-del-cyber-monday-el-impacto-medioambiental-del-consumo-desmedido\/\" \/>\n<meta property=\"og:site_name\" content=\"El Regional\" \/>\n<meta property=\"article:publisher\" content=\"https:\/\/www.facebook.com\/elregionalvm\" \/>\n<meta property=\"article:published_time\" content=\"2022-11-09T11:12:30+00:00\" \/>\n<meta property=\"article:modified_time\" content=\"2022-11-11T00:27:33+00:00\" \/>\n<meta property=\"og:image\" content=\"http:\/\/elregionalvm.com.ar\/noticias-villa-maria\/wp-content\/uploads\/2022\/11\/1665937195938.jpg\" \/>\n\t<meta property=\"og:image:width\" content=\"1920\" \/>\n\t<meta property=\"og:image:height\" content=\"950\" \/>\n\t<meta property=\"og:image:type\" content=\"image\/jpeg\" \/>\n<meta name=\"author\" content=\"Contenidos El Regional\" \/>\n<meta name=\"twitter:card\" content=\"summary_large_image\" \/>\n<meta name=\"twitter:creator\" content=\"@elregionalvm1\" \/>\n<meta name=\"twitter:site\" content=\"@elregionalvm1\" \/>\n<meta name=\"twitter:label1\" content=\"Escrito por\" \/>\n\t<meta name=\"twitter:data1\" content=\"Contenidos El Regional\" \/>\n\t<meta name=\"twitter:label2\" content=\"Tiempo de lectura\" \/>\n\t<meta name=\"twitter:data2\" content=\"3 minutos\" \/>\n<script type=\"application\/ld+json\" class=\"yoast-schema-graph\">{\"@context\":\"https:\/\/schema.org\",\"@graph\":[{\"@type\":\"Article\",\"@id\":\"http:\/\/elregionalvm.com.ar\/noticias-villa-maria\/la-cara-oculta-del-cyber-monday-el-impacto-medioambiental-del-consumo-desmedido\/#article\",\"isPartOf\":{\"@id\":\"http:\/\/elregionalvm.com.ar\/noticias-villa-maria\/la-cara-oculta-del-cyber-monday-el-impacto-medioambiental-del-consumo-desmedido\/\"},\"author\":{\"name\":\"Contenidos El Regional\",\"@id\":\"http:\/\/elregionalvm.com.ar\/noticias-villa-maria\/#\/schema\/person\/a0fb9c422317faca23d50163151bc354\"},\"headline\":\"La cara oculta del Cyber Monday: el impacto medioambiental del consumo desmedido\",\"datePublished\":\"2022-11-09T11:12:30+00:00\",\"dateModified\":\"2022-11-11T00:27:33+00:00\",\"mainEntityOfPage\":{\"@id\":\"http:\/\/elregionalvm.com.ar\/noticias-villa-maria\/la-cara-oculta-del-cyber-monday-el-impacto-medioambiental-del-consumo-desmedido\/\"},\"wordCount\":399,\"commentCount\":0,\"image\":{\"@id\":\"http:\/\/elregionalvm.com.ar\/noticias-villa-maria\/la-cara-oculta-del-cyber-monday-el-impacto-medioambiental-del-consumo-desmedido\/#primaryimage\"},\"thumbnailUrl\":\"https:\/\/i0.wp.com\/elregionalvm.com.ar\/noticias-villa-maria\/wp-content\/uploads\/2022\/11\/1665937195938.jpg?fit=1920%2C950&ssl=1\",\"keywords\":[\"cara oculta\",\"cyber monday\",\"Impacto Ambiental\",\"Medio ambiente\"],\"articleSection\":[\"Econotas\",\"tercera\"],\"inLanguage\":\"es\",\"potentialAction\":[{\"@type\":\"CommentAction\",\"name\":\"Comment\",\"target\":[\"http:\/\/elregionalvm.com.ar\/noticias-villa-maria\/la-cara-oculta-del-cyber-monday-el-impacto-medioambiental-del-consumo-desmedido\/#respond\"]}]},{\"@type\":\"WebPage\",\"@id\":\"http:\/\/elregionalvm.com.ar\/noticias-villa-maria\/la-cara-oculta-del-cyber-monday-el-impacto-medioambiental-del-consumo-desmedido\/\",\"url\":\"http:\/\/elregionalvm.com.ar\/noticias-villa-maria\/la-cara-oculta-del-cyber-monday-el-impacto-medioambiental-del-consumo-desmedido\/\",\"name\":\"La cara oculta del Cyber Monday: el impacto medioambiental del consumo desmedido - El Regional\",\"isPartOf\":{\"@id\":\"http:\/\/elregionalvm.com.ar\/noticias-villa-maria\/#website\"},\"primaryImageOfPage\":{\"@id\":\"http:\/\/elregionalvm.com.ar\/noticias-villa-maria\/la-cara-oculta-del-cyber-monday-el-impacto-medioambiental-del-consumo-desmedido\/#primaryimage\"},\"image\":{\"@id\":\"http:\/\/elregionalvm.com.ar\/noticias-villa-maria\/la-cara-oculta-del-cyber-monday-el-impacto-medioambiental-del-consumo-desmedido\/#primaryimage\"},\"thumbnailUrl\":\"https:\/\/i0.wp.com\/elregionalvm.com.ar\/noticias-villa-maria\/wp-content\/uploads\/2022\/11\/1665937195938.jpg?fit=1920%2C950&ssl=1\",\"datePublished\":\"2022-11-09T11:12:30+00:00\",\"dateModified\":\"2022-11-11T00:27:33+00:00\",\"author\":{\"@id\":\"http:\/\/elregionalvm.com.ar\/noticias-villa-maria\/#\/schema\/person\/a0fb9c422317faca23d50163151bc354\"},\"breadcrumb\":{\"@id\":\"http:\/\/elregionalvm.com.ar\/noticias-villa-maria\/la-cara-oculta-del-cyber-monday-el-impacto-medioambiental-del-consumo-desmedido\/#breadcrumb\"},\"inLanguage\":\"es\",\"potentialAction\":[{\"@type\":\"ReadAction\",\"target\":[\"http:\/\/elregionalvm.com.ar\/noticias-villa-maria\/la-cara-oculta-del-cyber-monday-el-impacto-medioambiental-del-consumo-desmedido\/\"]}]},{\"@type\":\"ImageObject\",\"inLanguage\":\"es\",\"@id\":\"http:\/\/elregionalvm.com.ar\/noticias-villa-maria\/la-cara-oculta-del-cyber-monday-el-impacto-medioambiental-del-consumo-desmedido\/#primaryimage\",\"url\":\"https:\/\/i0.wp.com\/elregionalvm.com.ar\/noticias-villa-maria\/wp-content\/uploads\/2022\/11\/1665937195938.jpg?fit=1920%2C950&ssl=1\",\"contentUrl\":\"https:\/\/i0.wp.com\/elregionalvm.com.ar\/noticias-villa-maria\/wp-content\/uploads\/2022\/11\/1665937195938.jpg?fit=1920%2C950&ssl=1\",\"width\":1920,\"height\":950},{\"@type\":\"BreadcrumbList\",\"@id\":\"http:\/\/elregionalvm.com.ar\/noticias-villa-maria\/la-cara-oculta-del-cyber-monday-el-impacto-medioambiental-del-consumo-desmedido\/#breadcrumb\",\"itemListElement\":[{\"@type\":\"ListItem\",\"position\":1,\"name\":\"Portada\",\"item\":\"https:\/\/elregionalvm.com.ar\/noticias-villa-maria\/\"},{\"@type\":\"ListItem\",\"position\":2,\"name\":\"La cara oculta del Cyber Monday: el impacto medioambiental del consumo desmedido\"}]},{\"@type\":\"WebSite\",\"@id\":\"http:\/\/elregionalvm.com.ar\/noticias-villa-maria\/#website\",\"url\":\"http:\/\/elregionalvm.com.ar\/noticias-villa-maria\/\",\"name\":\"El Regional\",\"description\":\"Mucho m\u00e1s que informaci\u00f3n\",\"potentialAction\":[{\"@type\":\"SearchAction\",\"target\":{\"@type\":\"EntryPoint\",\"urlTemplate\":\"http:\/\/elregionalvm.com.ar\/noticias-villa-maria\/?s={search_term_string}\"},\"query-input\":{\"@type\":\"PropertyValueSpecification\",\"valueRequired\":true,\"valueName\":\"search_term_string\"}}],\"inLanguage\":\"es\"},{\"@type\":\"Person\",\"@id\":\"http:\/\/elregionalvm.com.ar\/noticias-villa-maria\/#\/schema\/person\/a0fb9c422317faca23d50163151bc354\",\"name\":\"Contenidos El Regional\",\"image\":{\"@type\":\"ImageObject\",\"inLanguage\":\"es\",\"@id\":\"http:\/\/elregionalvm.com.ar\/noticias-villa-maria\/#\/schema\/person\/image\/\",\"url\":\"https:\/\/secure.gravatar.com\/avatar\/265b27cb2209af7bb3a1318f03305787d7981a5cc6e6cd08fe5a4ecdf99d4b48?s=96&d=mm&r=g\",\"contentUrl\":\"https:\/\/secure.gravatar.com\/avatar\/265b27cb2209af7bb3a1318f03305787d7981a5cc6e6cd08fe5a4ecdf99d4b48?s=96&d=mm&r=g\",\"caption\":\"Contenidos El Regional\"},\"url\":\"https:\/\/elregionalvm.com.ar\/noticias-villa-maria\/author\/contenido\/\"}]}<\/script>\n<!-- \/ Yoast SEO plugin. -->","yoast_head_json":{"title":"La cara oculta del Cyber Monday: el impacto medioambiental del consumo desmedido - El Regional","robots":{"index":"index","follow":"follow","max-snippet":"max-snippet:-1","max-image-preview":"max-image-preview:large","max-video-preview":"max-video-preview:-1"},"canonical":"http:\/\/elregionalvm.com.ar\/noticias-villa-maria\/la-cara-oculta-del-cyber-monday-el-impacto-medioambiental-del-consumo-desmedido\/","og_locale":"es_ES","og_type":"article","og_title":"La cara oculta del Cyber Monday: el impacto medioambiental del consumo desmedido - El Regional","og_description":"Del 31 de Octubre al 2 de Noviembre vas a poder conseguir \u201clas mejores ofertas\u201d. Bajo este lema, miles de usuarios se suman a la tendencia compulsiva de comprar y vender art\u00edculos sin prever el da\u00f1o al planeta. Durante estos d\u00edas encontrar\u00e1s promociones, descuentos y ofertas en Electr\u00f3nica, Tecnolog\u00eda, Indumentaria, Accesorios, Viajes, Electrodom\u00e9sticos y \u00a1mucho [&hellip;]","og_url":"http:\/\/elregionalvm.com.ar\/noticias-villa-maria\/la-cara-oculta-del-cyber-monday-el-impacto-medioambiental-del-consumo-desmedido\/","og_site_name":"El Regional","article_publisher":"https:\/\/www.facebook.com\/elregionalvm","article_published_time":"2022-11-09T11:12:30+00:00","article_modified_time":"2022-11-11T00:27:33+00:00","og_image":[{"width":1920,"height":950,"url":"http:\/\/elregionalvm.com.ar\/noticias-villa-maria\/wp-content\/uploads\/2022\/11\/1665937195938.jpg","type":"image\/jpeg"}],"author":"Contenidos El Regional","twitter_card":"summary_large_image","twitter_creator":"@elregionalvm1","twitter_site":"@elregionalvm1","twitter_misc":{"Escrito por":"Contenidos El Regional","Tiempo de lectura":"3 minutos"},"schema":{"@context":"https:\/\/schema.org","@graph":[{"@type":"Article","@id":"http:\/\/elregionalvm.com.ar\/noticias-villa-maria\/la-cara-oculta-del-cyber-monday-el-impacto-medioambiental-del-consumo-desmedido\/#article","isPartOf":{"@id":"http:\/\/elregionalvm.com.ar\/noticias-villa-maria\/la-cara-oculta-del-cyber-monday-el-impacto-medioambiental-del-consumo-desmedido\/"},"author":{"name":"Contenidos El Regional","@id":"http:\/\/elregionalvm.com.ar\/noticias-villa-maria\/#\/schema\/person\/a0fb9c422317faca23d50163151bc354"},"headline":"La cara oculta del Cyber Monday: el impacto medioambiental del consumo desmedido","datePublished":"2022-11-09T11:12:30+00:00","dateModified":"2022-11-11T00:27:33+00:00","mainEntityOfPage":{"@id":"http:\/\/elregionalvm.com.ar\/noticias-villa-maria\/la-cara-oculta-del-cyber-monday-el-impacto-medioambiental-del-consumo-desmedido\/"},"wordCount":399,"commentCount":0,"image":{"@id":"http:\/\/elregionalvm.com.ar\/noticias-villa-maria\/la-cara-oculta-del-cyber-monday-el-impacto-medioambiental-del-consumo-desmedido\/#primaryimage"},"thumbnailUrl":"https:\/\/i0.wp.com\/elregionalvm.com.ar\/noticias-villa-maria\/wp-content\/uploads\/2022\/11\/1665937195938.jpg?fit=1920%2C950&ssl=1","keywords":["cara oculta","cyber monday","Impacto Ambiental","Medio ambiente"],"articleSection":["Econotas","tercera"],"inLanguage":"es","potentialAction":[{"@type":"CommentAction","name":"Comment","target":["http:\/\/elregionalvm.com.ar\/noticias-villa-maria\/la-cara-oculta-del-cyber-monday-el-impacto-medioambiental-del-consumo-desmedido\/#respond"]}]},{"@type":"WebPage","@id":"http:\/\/elregionalvm.com.ar\/noticias-villa-maria\/la-cara-oculta-del-cyber-monday-el-impacto-medioambiental-del-consumo-desmedido\/","url":"http:\/\/elregionalvm.com.ar\/noticias-villa-maria\/la-cara-oculta-del-cyber-monday-el-impacto-medioambiental-del-consumo-desmedido\/","name":"La cara oculta del Cyber Monday: el impacto medioambiental del consumo desmedido - El Regional","isPartOf":{"@id":"http:\/\/elregionalvm.com.ar\/noticias-villa-maria\/#website"},"primaryImageOfPage":{"@id":"http:\/\/elregionalvm.com.ar\/noticias-villa-maria\/la-cara-oculta-del-cyber-monday-el-impacto-medioambiental-del-consumo-desmedido\/#primaryimage"},"image":{"@id":"http:\/\/elregionalvm.com.ar\/noticias-villa-maria\/la-cara-oculta-del-cyber-monday-el-impacto-medioambiental-del-consumo-desmedido\/#primaryimage"},"thumbnailUrl":"https:\/\/i0.wp.com\/elregionalvm.com.ar\/noticias-villa-maria\/wp-content\/uploads\/2022\/11\/1665937195938.jpg?fit=1920%2C950&ssl=1","datePublished":"2022-11-09T11:12:30+00:00","dateModified":"2022-11-11T00:27:33+00:00","author":{"@id":"http:\/\/elregionalvm.com.ar\/noticias-villa-maria\/#\/schema\/person\/a0fb9c422317faca23d50163151bc354"},"breadcrumb":{"@id":"http:\/\/elregionalvm.com.ar\/noticias-villa-maria\/la-cara-oculta-del-cyber-monday-el-impacto-medioambiental-del-consumo-desmedido\/#breadcrumb"},"inLanguage":"es","potentialAction":[{"@type":"ReadAction","target":["http:\/\/elregionalvm.com.ar\/noticias-villa-maria\/la-cara-oculta-del-cyber-monday-el-impacto-medioambiental-del-consumo-desmedido\/"]}]},{"@type":"ImageObject","inLanguage":"es","@id":"http:\/\/elregionalvm.com.ar\/noticias-villa-maria\/la-cara-oculta-del-cyber-monday-el-impacto-medioambiental-del-consumo-desmedido\/#primaryimage","url":"https:\/\/i0.wp.com\/elregionalvm.com.ar\/noticias-villa-maria\/wp-content\/uploads\/2022\/11\/1665937195938.jpg?fit=1920%2C950&ssl=1","contentUrl":"https:\/\/i0.wp.com\/elregionalvm.com.ar\/noticias-villa-maria\/wp-content\/uploads\/2022\/11\/1665937195938.jpg?fit=1920%2C950&ssl=1","width":1920,"height":950},{"@type":"BreadcrumbList","@id":"http:\/\/elregionalvm.com.ar\/noticias-villa-maria\/la-cara-oculta-del-cyber-monday-el-impacto-medioambiental-del-consumo-desmedido\/#breadcrumb","itemListElement":[{"@type":"ListItem","position":1,"name":"Portada","item":"https:\/\/elregionalvm.com.ar\/noticias-villa-maria\/"},{"@type":"ListItem","position":2,"name":"La cara oculta del Cyber Monday: el impacto medioambiental del consumo desmedido"}]},{"@type":"WebSite","@id":"http:\/\/elregionalvm.com.ar\/noticias-villa-maria\/#website","url":"http:\/\/elregionalvm.com.ar\/noticias-villa-maria\/","name":"El Regional","description":"Mucho m\u00e1s que informaci\u00f3n","potentialAction":[{"@type":"SearchAction","target":{"@type":"EntryPoint","urlTemplate":"http:\/\/elregionalvm.com.ar\/noticias-villa-maria\/?s={search_term_string}"},"query-input":{"@type":"PropertyValueSpecification","valueRequired":true,"valueName":"search_term_string"}}],"inLanguage":"es"},{"@type":"Person","@id":"http:\/\/elregionalvm.com.ar\/noticias-villa-maria\/#\/schema\/person\/a0fb9c422317faca23d50163151bc354","name":"Contenidos El Regional","image":{"@type":"ImageObject","inLanguage":"es","@id":"http:\/\/elregionalvm.com.ar\/noticias-villa-maria\/#\/schema\/person\/image\/","url":"https:\/\/secure.gravatar.com\/avatar\/265b27cb2209af7bb3a1318f03305787d7981a5cc6e6cd08fe5a4ecdf99d4b48?s=96&d=mm&r=g","contentUrl":"https:\/\/secure.gravatar.com\/avatar\/265b27cb2209af7bb3a1318f03305787d7981a5cc6e6cd08fe5a4ecdf99d4b48?s=96&d=mm&r=g","caption":"Contenidos El Regional"},"url":"https:\/\/elregionalvm.com.ar\/noticias-villa-maria\/author\/contenido\/"}]}},"jetpack_featured_media_url":"https:\/\/i0.wp.com\/elregionalvm.com.ar\/noticias-villa-maria\/wp-content\/uploads\/2022\/11\/1665937195938.jpg?fit=1920%2C950&ssl=1","jetpack_sharing_enabled":true,"_links":{"self":[{"href":"https:\/\/elregionalvm.com.ar\/noticias-villa-maria\/wp-json\/wp\/v2\/posts\/66925","targetHints":{"allow":["GET"]}}],"collection":[{"href":"https:\/\/elregionalvm.com.ar\/noticias-villa-maria\/wp-json\/wp\/v2\/posts"}],"about":[{"href":"https:\/\/elregionalvm.com.ar\/noticias-villa-maria\/wp-json\/wp\/v2\/types\/post"}],"author":[{"embeddable":true,"href":"https:\/\/elregionalvm.com.ar\/noticias-villa-maria\/wp-json\/wp\/v2\/users\/4"}],"replies":[{"embeddable":true,"href":"https:\/\/elregionalvm.com.ar\/noticias-villa-maria\/wp-json\/wp\/v2\/comments?post=66925"}],"version-history":[{"count":11,"href":"https:\/\/elregionalvm.com.ar\/noticias-villa-maria\/wp-json\/wp\/v2\/posts\/66925\/revisions"}],"predecessor-version":[{"id":66944,"href":"https:\/\/elregionalvm.com.ar\/noticias-villa-maria\/wp-json\/wp\/v2\/posts\/66925\/revisions\/66944"}],"wp:featuredmedia":[{"embeddable":true,"href":"https:\/\/elregionalvm.com.ar\/noticias-villa-maria\/wp-json\/wp\/v2\/media\/66930"}],"wp:attachment":[{"href":"https:\/\/elregionalvm.com.ar\/noticias-villa-maria\/wp-json\/wp\/v2\/media?parent=66925"}],"wp:term":[{"taxonomy":"category","embeddable":true,"href":"https:\/\/elregionalvm.com.ar\/noticias-villa-maria\/wp-json\/wp\/v2\/categories?post=66925"},{"taxonomy":"post_tag","embeddable":true,"href":"https:\/\/elregionalvm.com.ar\/noticias-villa-maria\/wp-json\/wp\/v2\/tags?post=66925"}],"curies":[{"name":"wp","href":"https:\/\/api.w.org\/{rel}","templated":true}]}}