{"id":66948,"date":"2022-11-09T13:48:51","date_gmt":"2022-11-09T13:48:51","guid":{"rendered":"https:\/\/elregionalvm.com.ar\/noticias-villa-maria\/?p=66948"},"modified":"2022-11-14T19:09:14","modified_gmt":"2022-11-14T19:09:14","slug":"alto-sueldo-cuanto-ganan-gill-schiaretti-y-alberto-fernandez","status":"publish","type":"post","link":"https:\/\/elregionalvm.com.ar\/noticias-villa-maria\/alto-sueldo-cuanto-ganan-gill-schiaretti-y-alberto-fernandez\/","title":{"rendered":"[Alto sueldo] Cu\u00e1nto ganan Gill, Schiaretti y Alberto Fern\u00e1ndez"},"content":{"rendered":"\n<p><\/p>\n\n\n\n<p><\/p>\n\n\n\n<h3 class=\"wp-block-heading\"><strong>La mayor\u00eda supone, pero desconoce cu\u00e1nto ganan los funcionarios pol\u00edticos, desde el intendente que vive cerca de nuestra casa hasta el presidente de la rep\u00fablica. Son sueldos que aventajan con amplitud al salario promedio com\u00fan de los trabajadores, pero que suelen quedar algo rezagados en relaci\u00f3n con las remuneraciones de gerentes y altos ejecutivos de grandes empresas.<\/strong><\/h3>\n\n\n\n<p><\/p>\n\n\n\n<p><strong>Escribe: Germ\u00e1n Giacchero<\/strong><\/p>\n\n\n\n<p><\/p>\n\n\n\n<p>En un pa\u00eds con inflaci\u00f3n eterna y con salarios que siempre pierden la batalla contra los precios resulta complejo establecer si el sueldo de un funcionario p\u00fablico de jerarqu\u00eda se ajusta a la tarea que desarrollan.<\/p>\n\n\n\n<p>La mayor\u00eda, quiz\u00e1s coincida en que ganan mucho, lo cual es cierto en relaci\u00f3n con la gran masa obrera y monotributista. Pero, por las responsabilidades que le compete a un intendente como Mart\u00edn Gill, a un gobernador como Juan Schiaretti y a un presidente como Alberto Fern\u00e1ndez, tal vez, esos valores recibidos en las cajas de ahorro no resulten tan abultados.<\/p>\n\n\n\n<p>Sobre todo, si se toma en cuenta las elevadas remuneraciones del sector privado, percibidas por CEO\u2019s, gerentes y altos ejecutivos de corporaciones y multinacionales.<\/p>\n\n\n\n<p>En principio, los salarios van de la mano con el grado de responsabilidad en la funci\u00f3n. El presidente gana m\u00e1s que el gobernador y este que el intendente villamariense. Aunque, en algunas localidades, quiz\u00e1s alg\u00fan jefe comunal termina empardando el salario de Schiaretti.<\/p>\n\n\n\n<p>Con el paradigma de datos abiertos, muchos gobiernos se han plegado a esta modalidad y difunden n\u00fameros, cifras y estad\u00edsticas a los cuales antes resultaba m\u00e1s complicado el acceso. Los sueldos figuran entre los datos que suelen publicarse. Aunque, no siempre resulta tan sencillo.<\/p>\n\n\n\n<p><strong>Sueldo presidencial<\/strong><\/p>\n\n\n\n<p>En agosto \u00faltimo, Alberto super\u00f3 el mill\u00f3n de pesos como salario bruto, es decir, sin los descuentos. En concreto, percibi\u00f3 1.093.367,29 pesos, pero de bolsillo recibi\u00f3 675.658,67 pesos, <a href=\"https:\/\/realpolitik.com.ar\/nota\/50108\/el-sueldo-de-alberto-fernandez-ya-supero-el-millon-de-pesos-mensuales\/\">inform\u00f3 el portal Real Politik.<\/a><\/p>\n\n\n\n<p><\/p>\n\n\n\n<figure class=\"wp-block-image size-full\"><img data-recalc-dims=\"1\" fetchpriority=\"high\" decoding=\"async\" width=\"1000\" height=\"563\" src=\"https:\/\/i0.wp.com\/elregionalvm.com.ar\/noticias-villa-maria\/wp-content\/uploads\/2022\/03\/Alberto-Fernandez-perfil.jpg?resize=1000%2C563&#038;ssl=1\" alt=\"\" class=\"wp-image-54435\" srcset=\"https:\/\/i0.wp.com\/elregionalvm.com.ar\/noticias-villa-maria\/wp-content\/uploads\/2022\/03\/Alberto-Fernandez-perfil.jpg?w=1000&amp;ssl=1 1000w, https:\/\/i0.wp.com\/elregionalvm.com.ar\/noticias-villa-maria\/wp-content\/uploads\/2022\/03\/Alberto-Fernandez-perfil.jpg?resize=300%2C169&amp;ssl=1 300w, https:\/\/i0.wp.com\/elregionalvm.com.ar\/noticias-villa-maria\/wp-content\/uploads\/2022\/03\/Alberto-Fernandez-perfil.jpg?resize=768%2C432&amp;ssl=1 768w\" sizes=\"(max-width: 1000px) 100vw, 1000px\" \/><\/figure>\n\n\n\n<p><\/p>\n\n\n\n<p>El salario del primer mandatario est\u00e1 compuesto por un sueldo b\u00e1sico m\u00e1s un componente de responsabilidad en el cargo. Se le restan, claro, los aportes jubilatorios, el aporte ley 19.032, la obra social, el seguro obligatorio y una retenci\u00f3n por el impuesto a las ganancias.<\/p>\n\n\n\n<p><\/p>\n\n\n\n<figure class=\"wp-block-image size-full\"><img data-recalc-dims=\"1\" decoding=\"async\" width=\"730\" height=\"730\" src=\"https:\/\/i0.wp.com\/elregionalvm.com.ar\/noticias-villa-maria\/wp-content\/uploads\/2022\/11\/Comprobante-sueldo-Alberto-Fernandez.jpg?resize=730%2C730&#038;ssl=1\" alt=\"\" class=\"wp-image-66949\" srcset=\"https:\/\/i0.wp.com\/elregionalvm.com.ar\/noticias-villa-maria\/wp-content\/uploads\/2022\/11\/Comprobante-sueldo-Alberto-Fernandez.jpg?w=730&amp;ssl=1 730w, https:\/\/i0.wp.com\/elregionalvm.com.ar\/noticias-villa-maria\/wp-content\/uploads\/2022\/11\/Comprobante-sueldo-Alberto-Fernandez.jpg?resize=300%2C300&amp;ssl=1 300w\" sizes=\"(max-width: 730px) 100vw, 730px\" \/><figcaption><em>El comprobante del salario presidencial (Real Politik)<\/em>.<\/figcaption><\/figure>\n\n\n\n<p><\/p>\n\n\n\n<p>Hasta hace unos d\u00edas, <a href=\"https:\/\/datos.gob.ar\/dataset\/jgm-asignacion-salarial-autoridades-superiores-poder-ejecutivo-nacional\/archivo\/jgm_5.6\">en el sitio oficial de datos abiertos del gobierno nacional <\/a>no aparec\u00eda el sueldo presidencial actualizado. La \u00faltima publicaci\u00f3n data de enero de 2021, cuando Fern\u00e1ndez cobraba 354.694,16 pesos.<\/p>\n\n\n\n<p>Por supuesto, el presidente no tiene grandes gastos de su bolsillo en comida, alquiler, viajes y dem\u00e1s, ya que est\u00e1n cubiertos con fondos p\u00fablicos, para un cargo \u201cfull time\u201d que le lleva 24\/7. Las 24 horas de los siete d\u00edas de la semana.<\/p>\n\n\n\n<p><strong>Salarios cordobeses<\/strong><\/p>\n\n\n\n<p>El gobernador Juan Schiaretti obtuvo como salario en septiembre pasado un monto bruto de 734.134 pesos, a lo que se debe descontar los aportes personales por una cifra de 151.107. Neto le quedaron 583.027 pesos.<\/p>\n\n\n\n<p>As\u00ed lo refleja <a href=\"https:\/\/transparencia.cba.gov.ar\/Sueldos.aspx\">el sitio de transparencia del gobierno de la provincia.<\/a><\/p>\n\n\n\n<p>Sus ministros no andan lejos de esas cantidades. Por caso, Eduardo Accastello, titular de Industria y Comercio, tiene un sueldo bruto de 719.739 pesos, de los cuales se debe deducir los aportes que realiza, 148.156 pesos.<\/p>\n\n\n\n<p><\/p>\n\n\n\n<figure class=\"wp-block-image size-full is-resized\"><img data-recalc-dims=\"1\" decoding=\"async\" src=\"https:\/\/i0.wp.com\/elregionalvm.com.ar\/noticias-villa-maria\/wp-content\/uploads\/2022\/11\/hacemos-por-cba-llaryora-y-schiaretti.jpg?resize=909%2C606&#038;ssl=1\" alt=\"\" class=\"wp-image-66502\" width=\"909\" height=\"606\" srcset=\"https:\/\/i0.wp.com\/elregionalvm.com.ar\/noticias-villa-maria\/wp-content\/uploads\/2022\/11\/hacemos-por-cba-llaryora-y-schiaretti.jpg?w=760&amp;ssl=1 760w, https:\/\/i0.wp.com\/elregionalvm.com.ar\/noticias-villa-maria\/wp-content\/uploads\/2022\/11\/hacemos-por-cba-llaryora-y-schiaretti.jpg?resize=300%2C200&amp;ssl=1 300w\" sizes=\"(max-width: 909px) 100vw, 909px\" \/><\/figure>\n\n\n\n<p><\/p>\n\n\n\n<p>El pr\u00f3ximo candidato a la gobernaci\u00f3n de C\u00f3rdoba elegido por \u201cEl Gringo\u201d, Mart\u00edn Llaryora no se queda atr\u00e1s. El actual intendente de la capital provincial tiene un salario bruto de 660.293 pesos y concreta aportes por 148.566 pesos, lo que da un neto de 511.727 pesos.<\/p>\n\n\n\n<p>La informaci\u00f3n est\u00e1 disponible <a href=\"https:\/\/gobiernoabierto.cordoba.gob.ar\/data\/datos-abiertos\/categoria\/funcionarios\/sueldos-de-funcionarios\/131\">en el portal gobierno abierto de la Municipalidad de la ciudad de C\u00f3rdoba<\/a>.<\/p>\n\n\n\n<p><\/p>\n\n\n\n<div class=\"wp-block-file\"><a id=\"wp-block-file--media-7eb55c68-6eb4-445f-931b-e1c0bef1a954\" href=\"https:\/\/elregionalvm.com.ar\/noticias-villa-maria\/wp-content\/uploads\/2022\/11\/Sueldo_Funcionarios_Septiembre_2022-Municipalidad-de-Cordoba.xlsx\">Documento: Los sueldos en la Municipalidad de C\u00f3rdoba<\/a><a href=\"https:\/\/elregionalvm.com.ar\/noticias-villa-maria\/wp-content\/uploads\/2022\/11\/Sueldo_Funcionarios_Septiembre_2022-Municipalidad-de-Cordoba.xlsx\" class=\"wp-block-file__button\" download aria-describedby=\"wp-block-file--media-7eb55c68-6eb4-445f-931b-e1c0bef1a954\">Descarga<\/a><\/div>\n\n\n\n<p><\/p>\n\n\n\n<p><strong>Gill y sus funcionarios<\/strong><\/p>\n\n\n\n<p>En el caso de Villa Mar\u00eda, <a href=\"https:\/\/datos.villamaria.gob.ar\/dataset\/escala-de-sueldos-de-funcionarios\">los sueldos del personal municipal aparecen en el sitio de datos abiertos<\/a>. La publicaci\u00f3n m\u00e1s reciente da cuenta de que Gill percibi\u00f3 en septiembre pasado un sueldo b\u00e1sico de 430.173,85 pesos, aunque le quedan de bolsillo 332.774,82.<\/p>\n\n\n\n<p>La misma cantidad de pesos percibieron la Auditora General Alicia Peresutti y los jueces de Faltas. Cobran lo mismo que el intendente seg\u00fan la normativa vigente.<\/p>\n\n\n\n<p><\/p>\n\n\n\n<p><\/p>\n\n\n\n<figure class=\"wp-block-image size-large\"><img data-recalc-dims=\"1\" loading=\"lazy\" decoding=\"async\" width=\"819\" height=\"1024\" src=\"https:\/\/i0.wp.com\/elregionalvm.com.ar\/noticias-villa-maria\/wp-content\/uploads\/2022\/11\/Grafico-sueldos-municipales-villa-maria-septiembre-2022.jpeg?resize=819%2C1024&#038;ssl=1\" alt=\"\" class=\"wp-image-66954\" srcset=\"https:\/\/i0.wp.com\/elregionalvm.com.ar\/noticias-villa-maria\/wp-content\/uploads\/2022\/11\/Grafico-sueldos-municipales-villa-maria-septiembre-2022.jpeg?resize=819%2C1024&amp;ssl=1 819w, https:\/\/i0.wp.com\/elregionalvm.com.ar\/noticias-villa-maria\/wp-content\/uploads\/2022\/11\/Grafico-sueldos-municipales-villa-maria-septiembre-2022.jpeg?resize=240%2C300&amp;ssl=1 240w, https:\/\/i0.wp.com\/elregionalvm.com.ar\/noticias-villa-maria\/wp-content\/uploads\/2022\/11\/Grafico-sueldos-municipales-villa-maria-septiembre-2022.jpeg?resize=768%2C960&amp;ssl=1 768w, https:\/\/i0.wp.com\/elregionalvm.com.ar\/noticias-villa-maria\/wp-content\/uploads\/2022\/11\/Grafico-sueldos-municipales-villa-maria-septiembre-2022.jpeg?w=1024&amp;ssl=1 1024w\" sizes=\"(max-width: 819px) 100vw, 819px\" \/><figcaption><em>El sueldo del intendente en septiembre y la relaci\u00f3n con otros funcionarios. <\/em><\/figcaption><\/figure>\n\n\n\n<p><\/p>\n\n\n\n<p>Los concejales y los tribunos de Cuentas, en tanto, perciben el 90% de lo que cobra el jefe comunal villamariense, lo que implica casi 300 mil pesos de bolsillo cada mes.<\/p>\n\n\n\n<p>Los secretarios, los funcionarios m\u00e1s cercanos al intendente, tienen un salario del 80% de lo percibido por Gill. En t\u00e9rminos reales esto se traduce en 266 mil pesos mensuales.<\/p>\n\n\n\n<p>De igual manera es el sueldo de los titulares de los entes, como Deporte y Turismo, por nombrar un caso.<\/p>\n\n\n\n<p><\/p>\n\n\n\n<div class=\"wp-block-file\"><a id=\"wp-block-file--media-2c589a6b-814f-48bb-ba9f-94651dc4bfac\" href=\"https:\/\/elregionalvm.com.ar\/noticias-villa-maria\/wp-content\/uploads\/2022\/11\/Escala-de-sueldos-septiembre-2022-Villa-Maria.xls\">Documento: Los sueldos en la Municipalidad de Villa Mar\u00eda<\/a><a href=\"https:\/\/elregionalvm.com.ar\/noticias-villa-maria\/wp-content\/uploads\/2022\/11\/Escala-de-sueldos-septiembre-2022-Villa-Maria.xls\" class=\"wp-block-file__button\" download aria-describedby=\"wp-block-file--media-2c589a6b-814f-48bb-ba9f-94651dc4bfac\">Descarga<\/a><\/div>\n\n\n\n<p><\/p>\n\n\n\n<p><\/p>\n\n\n\n<figure class=\"wp-block-image size-large\"><img data-recalc-dims=\"1\" loading=\"lazy\" decoding=\"async\" width=\"1024\" height=\"682\" src=\"https:\/\/i0.wp.com\/elregionalvm.com.ar\/noticias-villa-maria\/wp-content\/uploads\/2022\/05\/Martin-Gill-Nueva-2021.jpeg?resize=1024%2C682&#038;ssl=1\" alt=\"\" class=\"wp-image-58156\" srcset=\"https:\/\/i0.wp.com\/elregionalvm.com.ar\/noticias-villa-maria\/wp-content\/uploads\/2022\/05\/Martin-Gill-Nueva-2021.jpeg?resize=1024%2C682&amp;ssl=1 1024w, https:\/\/i0.wp.com\/elregionalvm.com.ar\/noticias-villa-maria\/wp-content\/uploads\/2022\/05\/Martin-Gill-Nueva-2021.jpeg?resize=300%2C200&amp;ssl=1 300w, https:\/\/i0.wp.com\/elregionalvm.com.ar\/noticias-villa-maria\/wp-content\/uploads\/2022\/05\/Martin-Gill-Nueva-2021.jpeg?resize=768%2C512&amp;ssl=1 768w, https:\/\/i0.wp.com\/elregionalvm.com.ar\/noticias-villa-maria\/wp-content\/uploads\/2022\/05\/Martin-Gill-Nueva-2021.jpeg?w=1280&amp;ssl=1 1280w\" sizes=\"(max-width: 1000px) 100vw, 1000px\" \/><\/figure>\n\n\n\n<p><\/p>\n\n\n\n<p>En t\u00e9rminos comparativos, Gill cobra menos que otros de sus colegas de localidades mucho m\u00e1s peque\u00f1as.<\/p>\n\n\n\n<p>Un ejemplo concreto, solo por citar un caso, es el del intendente de Monte Ma\u00edz, que, <a href=\"https:\/\/www.sintonia102.com\/2022\/07\/incremento-salarial-en-diciembre-la.html\">seg\u00fan el cuadro de salarios del Ejecutivo municipal<\/a>, en diciembre pr\u00f3ximo tendr\u00e1 un sueldo bruto de 621.940 pesos, monto del cual le quedar\u00e1n en definitiva 474.936 pesos.<\/p>\n\n\n\n<p><strong>Sueldos promedio de trabajadores<\/strong><\/p>\n\n\n\n<p>Por supuesto, estos valores se alejan bastante de los sueldos promedio de la gran mayor\u00eda de los trabajadores argentinos. <\/p>\n\n\n\n<p>En agosto pasado, <a href=\"https:\/\/www.iprofesional.com\/management\/370727-sueldo-promedio-en-argentina-y-perdida-de-poder-adquisitivo-2022\">el sueldo promedio de los trabajadores registrados<\/a> lleg\u00f3 a 155.611,28 pesos mensuales. En enero, hab\u00eda sido de 107.358,35 pesos, lo que marca la p\u00e9rdida de poder adquisitivo de los salarios.<\/p>\n\n\n\n<p>Los datos corresponden a la de Remuneraci\u00f3n Imponible Promedio de los Trabajadores Estables (RIPTE), elaborada por el Ministerio de Trabajo de la Naci\u00f3n.<\/p>\n\n\n\n<p>De todas maneras, este promedio puede resultar algo distante de los salarios percibidos por los trabajadores en nuestra regi\u00f3n, que se ubican, seg\u00fan algunas estimaciones entre los 80 mil y los 100 mil pesos.<\/p>\n\n\n\n<p><\/p>\n\n\n\n<figure class=\"wp-block-image size-full\"><img data-recalc-dims=\"1\" loading=\"lazy\" decoding=\"async\" width=\"965\" height=\"550\" src=\"https:\/\/i0.wp.com\/elregionalvm.com.ar\/noticias-villa-maria\/wp-content\/uploads\/2022\/08\/trabajador-construccion-.jpeg?resize=965%2C550&#038;ssl=1\" alt=\"\" class=\"wp-image-61828\" srcset=\"https:\/\/i0.wp.com\/elregionalvm.com.ar\/noticias-villa-maria\/wp-content\/uploads\/2022\/08\/trabajador-construccion-.jpeg?w=965&amp;ssl=1 965w, https:\/\/i0.wp.com\/elregionalvm.com.ar\/noticias-villa-maria\/wp-content\/uploads\/2022\/08\/trabajador-construccion-.jpeg?resize=300%2C171&amp;ssl=1 300w, https:\/\/i0.wp.com\/elregionalvm.com.ar\/noticias-villa-maria\/wp-content\/uploads\/2022\/08\/trabajador-construccion-.jpeg?resize=768%2C438&amp;ssl=1 768w\" sizes=\"(max-width: 965px) 100vw, 965px\" \/><\/figure>\n\n\n\n<p><\/p>\n\n\n\n<p>Otro caso para comparar, <a href=\"https:\/\/www.iprofesional.com\/economia\/370170-empleados-de-comercio-como-quedan-los-sueldos-de-octubre\">el sueldo de los empleados de comercio<\/a> que representan un gran n\u00famero de trabajadores. En el caso de los administrativos, en la categor\u00eda A, en septiembre cobraron 130.881,84 pesos.<\/p>\n\n\n\n<p>La pol\u00e9mica y las cr\u00edticas por los sueldos en la actividad pol\u00edtica est\u00e1n instaladas desde hace rato. Algunos pedidos de rebajas salariales no prosperaron y fueron tildadas de demag\u00f3gicas u oportunistas. <\/p>\n\n\n\n<p>Pero, \u00bfcobran mucho o poco nuestros funcionarios pol\u00edticos? \u00bfEst\u00e1n bien pagos o deber\u00edan ganar m\u00e1s?<\/p>\n\n\n\n<p><\/p>\n","protected":false},"excerpt":{"rendered":"<p>La mayor\u00eda supone, pero desconoce cu\u00e1nto ganan los funcionarios pol\u00edticos, desde el intendente que vive cerca de nuestra casa hasta el presidente de la rep\u00fablica. Son sueldos que aventajan con amplitud al salario promedio com\u00fan de los trabajadores, pero que suelen quedar algo rezagados en relaci\u00f3n con las remuneraciones de gerentes y altos ejecutivos de [&hellip;]<\/p>\n","protected":false},"author":6,"featured_media":66957,"comment_status":"open","ping_status":"open","sticky":false,"template":"","format":"standard","meta":{"site-sidebar-layout":"default","site-content-layout":"","ast-site-content-layout":"default","site-content-style":"default","site-sidebar-style":"default","ast-global-header-display":"","ast-banner-title-visibility":"","ast-main-header-display":"","ast-hfb-above-header-display":"","ast-hfb-below-header-display":"","ast-hfb-mobile-header-display":"","site-post-title":"","ast-breadcrumbs-content":"","ast-featured-img":"","footer-sml-layout":"","ast-disable-related-posts":"","theme-transparent-header-meta":"","adv-header-id-meta":"","stick-header-meta":"","header-above-stick-meta":"","header-main-stick-meta":"","header-below-stick-meta":"","astra-migrate-meta-layouts":"default","ast-page-background-enabled":"default","ast-page-background-meta":{"desktop":{"background-color":"","background-image":"","background-repeat":"repeat","background-position":"center center","background-size":"auto","background-attachment":"scroll","background-type":"","background-media":"","overlay-type":"","overlay-color":"","overlay-opacity":"","overlay-gradient":""},"tablet":{"background-color":"","background-image":"","background-repeat":"repeat","background-position":"center center","background-size":"auto","background-attachment":"scroll","background-type":"","background-media":"","overlay-type":"","overlay-color":"","overlay-opacity":"","overlay-gradient":""},"mobile":{"background-color":"","background-image":"","background-repeat":"repeat","background-position":"center center","background-size":"auto","background-attachment":"scroll","background-type":"","background-media":"","overlay-type":"","overlay-color":"","overlay-opacity":"","overlay-gradient":""}},"ast-content-background-meta":{"desktop":{"background-color":"var(--ast-global-color-5)","background-image":"","background-repeat":"repeat","background-position":"center center","background-size":"auto","background-attachment":"scroll","background-type":"","background-media":"","overlay-type":"","overlay-color":"","overlay-opacity":"","overlay-gradient":""},"tablet":{"background-color":"var(--ast-global-color-5)","background-image":"","background-repeat":"repeat","background-position":"center center","background-size":"auto","background-attachment":"scroll","background-type":"","background-media":"","overlay-type":"","overlay-color":"","overlay-opacity":"","overlay-gradient":""},"mobile":{"background-color":"var(--ast-global-color-5)","background-image":"","background-repeat":"repeat","background-position":"center center","background-size":"auto","background-attachment":"scroll","background-type":"","background-media":"","overlay-type":"","overlay-color":"","overlay-opacity":"","overlay-gradient":""}},"_jetpack_memberships_contains_paid_content":false,"_joinchat":[],"footnotes":""},"categories":[2089,3557],"tags":[1594,505,2049,553,161,68,3058,1125,16022,519,59,2758,556,61],"class_list":["post-66948","post","type-post","status-publish","format-standard","has-post-thumbnail","hentry","category-politica","category-tercera","tag-alberto-fernandez","tag-economia","tag-empresas","tag-funcionarios","tag-gobernador","tag-intendente","tag-juan-schiaretti","tag-martin-gill","tag-martin-llaryora","tag-politica","tag-presidente","tag-salarios","tag-sueldos","tag-trabajadores"],"yoast_head":"<!-- This site is optimized with the Yoast SEO plugin v26.8 - https:\/\/yoast.com\/product\/yoast-seo-wordpress\/ -->\n<title>[Alto sueldo] Cu\u00e1nto ganan Gill, Schiaretti y Alberto Fern\u00e1ndez - El Regional<\/title>\n<meta name=\"robots\" content=\"index, follow, max-snippet:-1, max-image-preview:large, max-video-preview:-1\" \/>\n<link rel=\"canonical\" href=\"http:\/\/elregionalvm.com.ar\/noticias-villa-maria\/alto-sueldo-cuanto-ganan-gill-schiaretti-y-alberto-fernandez\/\" \/>\n<meta property=\"og:locale\" content=\"es_ES\" \/>\n<meta property=\"og:type\" content=\"article\" \/>\n<meta property=\"og:title\" content=\"[Alto sueldo] Cu\u00e1nto ganan Gill, Schiaretti y Alberto Fern\u00e1ndez - El Regional\" \/>\n<meta property=\"og:description\" content=\"La mayor\u00eda supone, pero desconoce cu\u00e1nto ganan los funcionarios pol\u00edticos, desde el intendente que vive cerca de nuestra casa hasta el presidente de la rep\u00fablica. Son sueldos que aventajan con amplitud al salario promedio com\u00fan de los trabajadores, pero que suelen quedar algo rezagados en relaci\u00f3n con las remuneraciones de gerentes y altos ejecutivos de [&hellip;]\" \/>\n<meta property=\"og:url\" content=\"http:\/\/elregionalvm.com.ar\/noticias-villa-maria\/alto-sueldo-cuanto-ganan-gill-schiaretti-y-alberto-fernandez\/\" \/>\n<meta property=\"og:site_name\" content=\"El Regional\" \/>\n<meta property=\"article:publisher\" content=\"https:\/\/www.facebook.com\/elregionalvm\" \/>\n<meta property=\"article:published_time\" content=\"2022-11-09T13:48:51+00:00\" \/>\n<meta property=\"article:modified_time\" content=\"2022-11-14T19:09:14+00:00\" \/>\n<meta property=\"og:image\" content=\"http:\/\/elregionalvm.com.ar\/noticias-villa-maria\/wp-content\/uploads\/2022\/11\/Gill-Schiaretti-Alberto-Fernandez-vertical.jpg\" \/>\n\t<meta property=\"og:image:width\" content=\"889\" \/>\n\t<meta property=\"og:image:height\" content=\"1079\" \/>\n\t<meta property=\"og:image:type\" content=\"image\/jpeg\" \/>\n<meta name=\"author\" content=\"Germ\u00e1n Giacchero\" \/>\n<meta name=\"twitter:card\" content=\"summary_large_image\" \/>\n<meta name=\"twitter:creator\" content=\"@elregionalvm1\" \/>\n<meta name=\"twitter:site\" content=\"@elregionalvm1\" \/>\n<meta name=\"twitter:label1\" content=\"Escrito por\" \/>\n\t<meta name=\"twitter:data1\" content=\"Germ\u00e1n Giacchero\" \/>\n\t<meta name=\"twitter:label2\" content=\"Tiempo de lectura\" \/>\n\t<meta name=\"twitter:data2\" content=\"6 minutos\" \/>\n<script type=\"application\/ld+json\" class=\"yoast-schema-graph\">{\"@context\":\"https:\/\/schema.org\",\"@graph\":[{\"@type\":\"Article\",\"@id\":\"http:\/\/elregionalvm.com.ar\/noticias-villa-maria\/alto-sueldo-cuanto-ganan-gill-schiaretti-y-alberto-fernandez\/#article\",\"isPartOf\":{\"@id\":\"http:\/\/elregionalvm.com.ar\/noticias-villa-maria\/alto-sueldo-cuanto-ganan-gill-schiaretti-y-alberto-fernandez\/\"},\"author\":{\"name\":\"Germ\u00e1n Giacchero\",\"@id\":\"http:\/\/elregionalvm.com.ar\/noticias-villa-maria\/#\/schema\/person\/d5e4b04966154131701e52c45d3efec9\"},\"headline\":\"[Alto sueldo] Cu\u00e1nto ganan Gill, Schiaretti y Alberto Fern\u00e1ndez\",\"datePublished\":\"2022-11-09T13:48:51+00:00\",\"dateModified\":\"2022-11-14T19:09:14+00:00\",\"mainEntityOfPage\":{\"@id\":\"http:\/\/elregionalvm.com.ar\/noticias-villa-maria\/alto-sueldo-cuanto-ganan-gill-schiaretti-y-alberto-fernandez\/\"},\"wordCount\":1075,\"commentCount\":0,\"image\":{\"@id\":\"http:\/\/elregionalvm.com.ar\/noticias-villa-maria\/alto-sueldo-cuanto-ganan-gill-schiaretti-y-alberto-fernandez\/#primaryimage\"},\"thumbnailUrl\":\"https:\/\/i0.wp.com\/elregionalvm.com.ar\/noticias-villa-maria\/wp-content\/uploads\/2022\/11\/Gill-Schiaretti-Alberto-Fernandez-vertical.jpg?fit=889%2C1079&ssl=1\",\"keywords\":[\"Alberto Fern\u00e1ndez\",\"Econom\u00eda\",\"Empresas\",\"Funcionarios\",\"Gobernador\",\"intendente\",\"Juan Schiaretti\",\"mart\u00edn gill\",\"Mart\u00edn Llaryora\",\"Pol\u00edtica\",\"Presidente\",\"salarios\",\"Sueldos\",\"trabajadores\"],\"articleSection\":[\"Pol\u00edtica\",\"tercera\"],\"inLanguage\":\"es\",\"potentialAction\":[{\"@type\":\"CommentAction\",\"name\":\"Comment\",\"target\":[\"http:\/\/elregionalvm.com.ar\/noticias-villa-maria\/alto-sueldo-cuanto-ganan-gill-schiaretti-y-alberto-fernandez\/#respond\"]}]},{\"@type\":\"WebPage\",\"@id\":\"http:\/\/elregionalvm.com.ar\/noticias-villa-maria\/alto-sueldo-cuanto-ganan-gill-schiaretti-y-alberto-fernandez\/\",\"url\":\"http:\/\/elregionalvm.com.ar\/noticias-villa-maria\/alto-sueldo-cuanto-ganan-gill-schiaretti-y-alberto-fernandez\/\",\"name\":\"[Alto sueldo] Cu\u00e1nto ganan Gill, Schiaretti y Alberto Fern\u00e1ndez - El Regional\",\"isPartOf\":{\"@id\":\"http:\/\/elregionalvm.com.ar\/noticias-villa-maria\/#website\"},\"primaryImageOfPage\":{\"@id\":\"http:\/\/elregionalvm.com.ar\/noticias-villa-maria\/alto-sueldo-cuanto-ganan-gill-schiaretti-y-alberto-fernandez\/#primaryimage\"},\"image\":{\"@id\":\"http:\/\/elregionalvm.com.ar\/noticias-villa-maria\/alto-sueldo-cuanto-ganan-gill-schiaretti-y-alberto-fernandez\/#primaryimage\"},\"thumbnailUrl\":\"https:\/\/i0.wp.com\/elregionalvm.com.ar\/noticias-villa-maria\/wp-content\/uploads\/2022\/11\/Gill-Schiaretti-Alberto-Fernandez-vertical.jpg?fit=889%2C1079&ssl=1\",\"datePublished\":\"2022-11-09T13:48:51+00:00\",\"dateModified\":\"2022-11-14T19:09:14+00:00\",\"author\":{\"@id\":\"http:\/\/elregionalvm.com.ar\/noticias-villa-maria\/#\/schema\/person\/d5e4b04966154131701e52c45d3efec9\"},\"breadcrumb\":{\"@id\":\"http:\/\/elregionalvm.com.ar\/noticias-villa-maria\/alto-sueldo-cuanto-ganan-gill-schiaretti-y-alberto-fernandez\/#breadcrumb\"},\"inLanguage\":\"es\",\"potentialAction\":[{\"@type\":\"ReadAction\",\"target\":[\"http:\/\/elregionalvm.com.ar\/noticias-villa-maria\/alto-sueldo-cuanto-ganan-gill-schiaretti-y-alberto-fernandez\/\"]}]},{\"@type\":\"ImageObject\",\"inLanguage\":\"es\",\"@id\":\"http:\/\/elregionalvm.com.ar\/noticias-villa-maria\/alto-sueldo-cuanto-ganan-gill-schiaretti-y-alberto-fernandez\/#primaryimage\",\"url\":\"https:\/\/i0.wp.com\/elregionalvm.com.ar\/noticias-villa-maria\/wp-content\/uploads\/2022\/11\/Gill-Schiaretti-Alberto-Fernandez-vertical.jpg?fit=889%2C1079&ssl=1\",\"contentUrl\":\"https:\/\/i0.wp.com\/elregionalvm.com.ar\/noticias-villa-maria\/wp-content\/uploads\/2022\/11\/Gill-Schiaretti-Alberto-Fernandez-vertical.jpg?fit=889%2C1079&ssl=1\",\"width\":889,\"height\":1079},{\"@type\":\"BreadcrumbList\",\"@id\":\"http:\/\/elregionalvm.com.ar\/noticias-villa-maria\/alto-sueldo-cuanto-ganan-gill-schiaretti-y-alberto-fernandez\/#breadcrumb\",\"itemListElement\":[{\"@type\":\"ListItem\",\"position\":1,\"name\":\"Portada\",\"item\":\"https:\/\/elregionalvm.com.ar\/noticias-villa-maria\/\"},{\"@type\":\"ListItem\",\"position\":2,\"name\":\"[Alto sueldo] Cu\u00e1nto ganan Gill, Schiaretti y Alberto Fern\u00e1ndez\"}]},{\"@type\":\"WebSite\",\"@id\":\"http:\/\/elregionalvm.com.ar\/noticias-villa-maria\/#website\",\"url\":\"http:\/\/elregionalvm.com.ar\/noticias-villa-maria\/\",\"name\":\"El Regional\",\"description\":\"Mucho m\u00e1s que informaci\u00f3n\",\"potentialAction\":[{\"@type\":\"SearchAction\",\"target\":{\"@type\":\"EntryPoint\",\"urlTemplate\":\"http:\/\/elregionalvm.com.ar\/noticias-villa-maria\/?s={search_term_string}\"},\"query-input\":{\"@type\":\"PropertyValueSpecification\",\"valueRequired\":true,\"valueName\":\"search_term_string\"}}],\"inLanguage\":\"es\"},{\"@type\":\"Person\",\"@id\":\"http:\/\/elregionalvm.com.ar\/noticias-villa-maria\/#\/schema\/person\/d5e4b04966154131701e52c45d3efec9\",\"name\":\"Germ\u00e1n Giacchero\",\"image\":{\"@type\":\"ImageObject\",\"inLanguage\":\"es\",\"@id\":\"http:\/\/elregionalvm.com.ar\/noticias-villa-maria\/#\/schema\/person\/image\/\",\"url\":\"https:\/\/secure.gravatar.com\/avatar\/fda163ba5ef0307ee5be9846e10f83b6e83d0cfb260d3b2464830318894c6b04?s=96&d=mm&r=g\",\"contentUrl\":\"https:\/\/secure.gravatar.com\/avatar\/fda163ba5ef0307ee5be9846e10f83b6e83d0cfb260d3b2464830318894c6b04?s=96&d=mm&r=g\",\"caption\":\"Germ\u00e1n Giacchero\"},\"url\":\"https:\/\/elregionalvm.com.ar\/noticias-villa-maria\/author\/germangiacchero\/\"}]}<\/script>\n<!-- \/ Yoast SEO plugin. -->","yoast_head_json":{"title":"[Alto sueldo] Cu\u00e1nto ganan Gill, Schiaretti y Alberto Fern\u00e1ndez - El Regional","robots":{"index":"index","follow":"follow","max-snippet":"max-snippet:-1","max-image-preview":"max-image-preview:large","max-video-preview":"max-video-preview:-1"},"canonical":"http:\/\/elregionalvm.com.ar\/noticias-villa-maria\/alto-sueldo-cuanto-ganan-gill-schiaretti-y-alberto-fernandez\/","og_locale":"es_ES","og_type":"article","og_title":"[Alto sueldo] Cu\u00e1nto ganan Gill, Schiaretti y Alberto Fern\u00e1ndez - El Regional","og_description":"La mayor\u00eda supone, pero desconoce cu\u00e1nto ganan los funcionarios pol\u00edticos, desde el intendente que vive cerca de nuestra casa hasta el presidente de la rep\u00fablica. Son sueldos que aventajan con amplitud al salario promedio com\u00fan de los trabajadores, pero que suelen quedar algo rezagados en relaci\u00f3n con las remuneraciones de gerentes y altos ejecutivos de [&hellip;]","og_url":"http:\/\/elregionalvm.com.ar\/noticias-villa-maria\/alto-sueldo-cuanto-ganan-gill-schiaretti-y-alberto-fernandez\/","og_site_name":"El Regional","article_publisher":"https:\/\/www.facebook.com\/elregionalvm","article_published_time":"2022-11-09T13:48:51+00:00","article_modified_time":"2022-11-14T19:09:14+00:00","og_image":[{"width":889,"height":1079,"url":"http:\/\/elregionalvm.com.ar\/noticias-villa-maria\/wp-content\/uploads\/2022\/11\/Gill-Schiaretti-Alberto-Fernandez-vertical.jpg","type":"image\/jpeg"}],"author":"Germ\u00e1n Giacchero","twitter_card":"summary_large_image","twitter_creator":"@elregionalvm1","twitter_site":"@elregionalvm1","twitter_misc":{"Escrito por":"Germ\u00e1n Giacchero","Tiempo de lectura":"6 minutos"},"schema":{"@context":"https:\/\/schema.org","@graph":[{"@type":"Article","@id":"http:\/\/elregionalvm.com.ar\/noticias-villa-maria\/alto-sueldo-cuanto-ganan-gill-schiaretti-y-alberto-fernandez\/#article","isPartOf":{"@id":"http:\/\/elregionalvm.com.ar\/noticias-villa-maria\/alto-sueldo-cuanto-ganan-gill-schiaretti-y-alberto-fernandez\/"},"author":{"name":"Germ\u00e1n Giacchero","@id":"http:\/\/elregionalvm.com.ar\/noticias-villa-maria\/#\/schema\/person\/d5e4b04966154131701e52c45d3efec9"},"headline":"[Alto sueldo] Cu\u00e1nto ganan Gill, Schiaretti y Alberto Fern\u00e1ndez","datePublished":"2022-11-09T13:48:51+00:00","dateModified":"2022-11-14T19:09:14+00:00","mainEntityOfPage":{"@id":"http:\/\/elregionalvm.com.ar\/noticias-villa-maria\/alto-sueldo-cuanto-ganan-gill-schiaretti-y-alberto-fernandez\/"},"wordCount":1075,"commentCount":0,"image":{"@id":"http:\/\/elregionalvm.com.ar\/noticias-villa-maria\/alto-sueldo-cuanto-ganan-gill-schiaretti-y-alberto-fernandez\/#primaryimage"},"thumbnailUrl":"https:\/\/i0.wp.com\/elregionalvm.com.ar\/noticias-villa-maria\/wp-content\/uploads\/2022\/11\/Gill-Schiaretti-Alberto-Fernandez-vertical.jpg?fit=889%2C1079&ssl=1","keywords":["Alberto Fern\u00e1ndez","Econom\u00eda","Empresas","Funcionarios","Gobernador","intendente","Juan Schiaretti","mart\u00edn gill","Mart\u00edn Llaryora","Pol\u00edtica","Presidente","salarios","Sueldos","trabajadores"],"articleSection":["Pol\u00edtica","tercera"],"inLanguage":"es","potentialAction":[{"@type":"CommentAction","name":"Comment","target":["http:\/\/elregionalvm.com.ar\/noticias-villa-maria\/alto-sueldo-cuanto-ganan-gill-schiaretti-y-alberto-fernandez\/#respond"]}]},{"@type":"WebPage","@id":"http:\/\/elregionalvm.com.ar\/noticias-villa-maria\/alto-sueldo-cuanto-ganan-gill-schiaretti-y-alberto-fernandez\/","url":"http:\/\/elregionalvm.com.ar\/noticias-villa-maria\/alto-sueldo-cuanto-ganan-gill-schiaretti-y-alberto-fernandez\/","name":"[Alto sueldo] Cu\u00e1nto ganan Gill, Schiaretti y Alberto Fern\u00e1ndez - El Regional","isPartOf":{"@id":"http:\/\/elregionalvm.com.ar\/noticias-villa-maria\/#website"},"primaryImageOfPage":{"@id":"http:\/\/elregionalvm.com.ar\/noticias-villa-maria\/alto-sueldo-cuanto-ganan-gill-schiaretti-y-alberto-fernandez\/#primaryimage"},"image":{"@id":"http:\/\/elregionalvm.com.ar\/noticias-villa-maria\/alto-sueldo-cuanto-ganan-gill-schiaretti-y-alberto-fernandez\/#primaryimage"},"thumbnailUrl":"https:\/\/i0.wp.com\/elregionalvm.com.ar\/noticias-villa-maria\/wp-content\/uploads\/2022\/11\/Gill-Schiaretti-Alberto-Fernandez-vertical.jpg?fit=889%2C1079&ssl=1","datePublished":"2022-11-09T13:48:51+00:00","dateModified":"2022-11-14T19:09:14+00:00","author":{"@id":"http:\/\/elregionalvm.com.ar\/noticias-villa-maria\/#\/schema\/person\/d5e4b04966154131701e52c45d3efec9"},"breadcrumb":{"@id":"http:\/\/elregionalvm.com.ar\/noticias-villa-maria\/alto-sueldo-cuanto-ganan-gill-schiaretti-y-alberto-fernandez\/#breadcrumb"},"inLanguage":"es","potentialAction":[{"@type":"ReadAction","target":["http:\/\/elregionalvm.com.ar\/noticias-villa-maria\/alto-sueldo-cuanto-ganan-gill-schiaretti-y-alberto-fernandez\/"]}]},{"@type":"ImageObject","inLanguage":"es","@id":"http:\/\/elregionalvm.com.ar\/noticias-villa-maria\/alto-sueldo-cuanto-ganan-gill-schiaretti-y-alberto-fernandez\/#primaryimage","url":"https:\/\/i0.wp.com\/elregionalvm.com.ar\/noticias-villa-maria\/wp-content\/uploads\/2022\/11\/Gill-Schiaretti-Alberto-Fernandez-vertical.jpg?fit=889%2C1079&ssl=1","contentUrl":"https:\/\/i0.wp.com\/elregionalvm.com.ar\/noticias-villa-maria\/wp-content\/uploads\/2022\/11\/Gill-Schiaretti-Alberto-Fernandez-vertical.jpg?fit=889%2C1079&ssl=1","width":889,"height":1079},{"@type":"BreadcrumbList","@id":"http:\/\/elregionalvm.com.ar\/noticias-villa-maria\/alto-sueldo-cuanto-ganan-gill-schiaretti-y-alberto-fernandez\/#breadcrumb","itemListElement":[{"@type":"ListItem","position":1,"name":"Portada","item":"https:\/\/elregionalvm.com.ar\/noticias-villa-maria\/"},{"@type":"ListItem","position":2,"name":"[Alto sueldo] Cu\u00e1nto ganan Gill, Schiaretti y Alberto Fern\u00e1ndez"}]},{"@type":"WebSite","@id":"http:\/\/elregionalvm.com.ar\/noticias-villa-maria\/#website","url":"http:\/\/elregionalvm.com.ar\/noticias-villa-maria\/","name":"El Regional","description":"Mucho m\u00e1s que informaci\u00f3n","potentialAction":[{"@type":"SearchAction","target":{"@type":"EntryPoint","urlTemplate":"http:\/\/elregionalvm.com.ar\/noticias-villa-maria\/?s={search_term_string}"},"query-input":{"@type":"PropertyValueSpecification","valueRequired":true,"valueName":"search_term_string"}}],"inLanguage":"es"},{"@type":"Person","@id":"http:\/\/elregionalvm.com.ar\/noticias-villa-maria\/#\/schema\/person\/d5e4b04966154131701e52c45d3efec9","name":"Germ\u00e1n Giacchero","image":{"@type":"ImageObject","inLanguage":"es","@id":"http:\/\/elregionalvm.com.ar\/noticias-villa-maria\/#\/schema\/person\/image\/","url":"https:\/\/secure.gravatar.com\/avatar\/fda163ba5ef0307ee5be9846e10f83b6e83d0cfb260d3b2464830318894c6b04?s=96&d=mm&r=g","contentUrl":"https:\/\/secure.gravatar.com\/avatar\/fda163ba5ef0307ee5be9846e10f83b6e83d0cfb260d3b2464830318894c6b04?s=96&d=mm&r=g","caption":"Germ\u00e1n Giacchero"},"url":"https:\/\/elregionalvm.com.ar\/noticias-villa-maria\/author\/germangiacchero\/"}]}},"jetpack_featured_media_url":"https:\/\/i0.wp.com\/elregionalvm.com.ar\/noticias-villa-maria\/wp-content\/uploads\/2022\/11\/Gill-Schiaretti-Alberto-Fernandez-vertical.jpg?fit=889%2C1079&ssl=1","jetpack_sharing_enabled":true,"_links":{"self":[{"href":"https:\/\/elregionalvm.com.ar\/noticias-villa-maria\/wp-json\/wp\/v2\/posts\/66948","targetHints":{"allow":["GET"]}}],"collection":[{"href":"https:\/\/elregionalvm.com.ar\/noticias-villa-maria\/wp-json\/wp\/v2\/posts"}],"about":[{"href":"https:\/\/elregionalvm.com.ar\/noticias-villa-maria\/wp-json\/wp\/v2\/types\/post"}],"author":[{"embeddable":true,"href":"https:\/\/elregionalvm.com.ar\/noticias-villa-maria\/wp-json\/wp\/v2\/users\/6"}],"replies":[{"embeddable":true,"href":"https:\/\/elregionalvm.com.ar\/noticias-villa-maria\/wp-json\/wp\/v2\/comments?post=66948"}],"version-history":[{"count":4,"href":"https:\/\/elregionalvm.com.ar\/noticias-villa-maria\/wp-json\/wp\/v2\/posts\/66948\/revisions"}],"predecessor-version":[{"id":67008,"href":"https:\/\/elregionalvm.com.ar\/noticias-villa-maria\/wp-json\/wp\/v2\/posts\/66948\/revisions\/67008"}],"wp:featuredmedia":[{"embeddable":true,"href":"https:\/\/elregionalvm.com.ar\/noticias-villa-maria\/wp-json\/wp\/v2\/media\/66957"}],"wp:attachment":[{"href":"https:\/\/elregionalvm.com.ar\/noticias-villa-maria\/wp-json\/wp\/v2\/media?parent=66948"}],"wp:term":[{"taxonomy":"category","embeddable":true,"href":"https:\/\/elregionalvm.com.ar\/noticias-villa-maria\/wp-json\/wp\/v2\/categories?post=66948"},{"taxonomy":"post_tag","embeddable":true,"href":"https:\/\/elregionalvm.com.ar\/noticias-villa-maria\/wp-json\/wp\/v2\/tags?post=66948"}],"curies":[{"name":"wp","href":"https:\/\/api.w.org\/{rel}","templated":true}]}}