{"id":66964,"date":"2022-11-09T20:43:20","date_gmt":"2022-11-09T20:43:20","guid":{"rendered":"https:\/\/elregionalvm.com.ar\/noticias-villa-maria\/?p=66964"},"modified":"2022-11-09T20:43:22","modified_gmt":"2022-11-09T20:43:22","slug":"2o-encuentro-de-la-red-de-ciudades-del-aprendizaje-de-argentina-tenemos-representacion-local","status":"publish","type":"post","link":"https:\/\/elregionalvm.com.ar\/noticias-villa-maria\/2o-encuentro-de-la-red-de-ciudades-del-aprendizaje-de-argentina-tenemos-representacion-local\/","title":{"rendered":"2\u00ba Encuentro de la Red de Ciudades del Aprendizaje de Argentina: tenemos representaci\u00f3n local"},"content":{"rendered":"\n<p>Bajo el lema \u201cComunidades de Aprendizaje y Territorios Sostenibles\u201d, se lleva a cabo el segundo Encuentro de Ciudades del Aprendizaje de Argentina, en la ciudad de Concepci\u00f3n del Uruguay. El intendente Mart\u00edn Gill particip\u00f3 de manera virtual, junto al secretario de Educaci\u00f3n, Cultura y Promoci\u00f3n de la Ciencia, Rafael Sachetto, quien se encuentra representando a la ciudad de manera presencial, en una nueva instancia que re\u00fane a intendentes y referentes de la red nacional de Ciudades del Aprendizaje.<\/p>\n\n\n\n<p>A modo de apertura de esta nueva instancia, el mandatario local ratific\u00f3 la importancia de la cultura del aprendizaje: \u201cEs el eje transversal de nuestras comunidades, permitiendo que se transforme la vida de las personas, porque m\u00e1s all\u00e1 de las caracter\u00edsticas particulares de cada sociedad, como herramienta se puede aplicar a la realidad de cada ciudad\u201d.<\/p>\n\n\n\n<p>En la misma l\u00ednea, sostuvo que la red debe \u201cpromover la educaci\u00f3n inicial, la alfabetizaci\u00f3n y la terminalidad escolar\u201d, y m\u00e1s all\u00e1 de las instancias formales, tambi\u00e9n debe permitir \u201cacceder a los bienes culturales para construir ciudades m\u00e1s justas en un camino de paz y convivencia\u201d.<\/p>\n\n\n\n<figure class=\"wp-block-image aligncenter size-full\"><img data-recalc-dims=\"1\" fetchpriority=\"high\" decoding=\"async\" width=\"896\" height=\"364\" src=\"https:\/\/i0.wp.com\/elregionalvm.com.ar\/noticias-villa-maria\/wp-content\/uploads\/2022\/11\/WhatsApp-Image-2022-11-09-at-15.02.24-2.jpeg?resize=896%2C364&#038;ssl=1\" alt=\"\" class=\"wp-image-66967\" srcset=\"https:\/\/i0.wp.com\/elregionalvm.com.ar\/noticias-villa-maria\/wp-content\/uploads\/2022\/11\/WhatsApp-Image-2022-11-09-at-15.02.24-2.jpeg?w=896&amp;ssl=1 896w, https:\/\/i0.wp.com\/elregionalvm.com.ar\/noticias-villa-maria\/wp-content\/uploads\/2022\/11\/WhatsApp-Image-2022-11-09-at-15.02.24-2.jpeg?resize=300%2C122&amp;ssl=1 300w, https:\/\/i0.wp.com\/elregionalvm.com.ar\/noticias-villa-maria\/wp-content\/uploads\/2022\/11\/WhatsApp-Image-2022-11-09-at-15.02.24-2.jpeg?resize=768%2C312&amp;ssl=1 768w\" sizes=\"(max-width: 896px) 100vw, 896px\" \/><figcaption><em><strong>Parte de la ponencia virtual del Encuentro<\/strong><\/em><\/figcaption><\/figure>\n\n\n\n<p>La Red Nacional de Ciudades del Aprendizaje est\u00e1 presidida por Villa Mar\u00eda, y tiene por objetivo estimular la colaboraci\u00f3n y cooperaci\u00f3n entre los miembros para constituir un banco de datos con las acciones de buenas pr\u00e1cticas educativas; como tambi\u00e9n contribuir al logro de ciudades con perspectiva de aprendizaje a lo largo de toda la vida.<\/p>\n\n\n\n<p>Durante las dos jornadas en las que tendr\u00e1 lugar el encuentro, intendentes de las siete ciudades de la red, junto a autoridades de universidades e institutos de educaci\u00f3n superior, abordar\u00e1n diferentes ejes tem\u00e1ticos en torno a los procesos de aprendizaje, como tambi\u00e9n se trabajar\u00e1 sobre las diferentes estrategias en materia educativa que cada ciudad lleva adelante, a los fines de compartir experiencias que puedan ser incorporadas por otras comunidades.<\/p>\n\n\n\n<p>Adem\u00e1s se invitar\u00e1 a otras urbes de la regi\u00f3n litoral del pa\u00eds a sumarse como ciudades asociadas, a los fines de aunar esfuerzos y obtener m\u00e1s y mejores resultados.<\/p>\n","protected":false},"excerpt":{"rendered":"<p>Bajo el lema \u201cComunidades de Aprendizaje y Territorios Sostenibles\u201d, se lleva a cabo el segundo Encuentro de Ciudades del Aprendizaje de Argentina, en la ciudad de Concepci\u00f3n del Uruguay. El intendente Mart\u00edn Gill particip\u00f3 de manera virtual, junto al secretario de Educaci\u00f3n, Cultura y Promoci\u00f3n de la Ciencia, Rafael Sachetto, quien se encuentra representando a [&hellip;]<\/p>\n","protected":false},"author":4,"featured_media":66968,"comment_status":"open","ping_status":"open","sticky":false,"template":"","format":"standard","meta":{"site-sidebar-layout":"default","site-content-layout":"","ast-site-content-layout":"default","site-content-style":"default","site-sidebar-style":"default","ast-global-header-display":"","ast-banner-title-visibility":"","ast-main-header-display":"","ast-hfb-above-header-display":"","ast-hfb-below-header-display":"","ast-hfb-mobile-header-display":"","site-post-title":"","ast-breadcrumbs-content":"","ast-featured-img":"","footer-sml-layout":"","ast-disable-related-posts":"","theme-transparent-header-meta":"","adv-header-id-meta":"","stick-header-meta":"","header-above-stick-meta":"","header-main-stick-meta":"","header-below-stick-meta":"","astra-migrate-meta-layouts":"default","ast-page-background-enabled":"default","ast-page-background-meta":{"desktop":{"background-color":"","background-image":"","background-repeat":"repeat","background-position":"center center","background-size":"auto","background-attachment":"scroll","background-type":"","background-media":"","overlay-type":"","overlay-color":"","overlay-opacity":"","overlay-gradient":""},"tablet":{"background-color":"","background-image":"","background-repeat":"repeat","background-position":"center center","background-size":"auto","background-attachment":"scroll","background-type":"","background-media":"","overlay-type":"","overlay-color":"","overlay-opacity":"","overlay-gradient":""},"mobile":{"background-color":"","background-image":"","background-repeat":"repeat","background-position":"center center","background-size":"auto","background-attachment":"scroll","background-type":"","background-media":"","overlay-type":"","overlay-color":"","overlay-opacity":"","overlay-gradient":""}},"ast-content-background-meta":{"desktop":{"background-color":"var(--ast-global-color-5)","background-image":"","background-repeat":"repeat","background-position":"center center","background-size":"auto","background-attachment":"scroll","background-type":"","background-media":"","overlay-type":"","overlay-color":"","overlay-opacity":"","overlay-gradient":""},"tablet":{"background-color":"var(--ast-global-color-5)","background-image":"","background-repeat":"repeat","background-position":"center center","background-size":"auto","background-attachment":"scroll","background-type":"","background-media":"","overlay-type":"","overlay-color":"","overlay-opacity":"","overlay-gradient":""},"mobile":{"background-color":"var(--ast-global-color-5)","background-image":"","background-repeat":"repeat","background-position":"center center","background-size":"auto","background-attachment":"scroll","background-type":"","background-media":"","overlay-type":"","overlay-color":"","overlay-opacity":"","overlay-gradient":""}},"_jetpack_memberships_contains_paid_content":false,"_joinchat":[],"footnotes":""},"categories":[15302,2],"tags":[19585,415,14183,19586,19584,19587],"class_list":["post-66964","post","type-post","status-publish","format-standard","has-post-thumbnail","hentry","category-destacado","category-villa-maria","tag-2o-encuentro-de-la-red-de-ciudades-del-aprendizaje","tag-argentina","tag-ciudades-del-aprendizaje","tag-concepcion-del-uruguay","tag-encuentro-de-ciudades","tag-representacion-local"],"yoast_head":"<!-- This site is optimized with the Yoast SEO plugin v26.8 - https:\/\/yoast.com\/product\/yoast-seo-wordpress\/ -->\n<title>2\u00ba Encuentro de la Red de Ciudades del Aprendizaje de Argentina: tenemos representaci\u00f3n local - El Regional<\/title>\n<meta name=\"robots\" content=\"index, follow, max-snippet:-1, max-image-preview:large, max-video-preview:-1\" \/>\n<link rel=\"canonical\" href=\"http:\/\/elregionalvm.com.ar\/noticias-villa-maria\/2o-encuentro-de-la-red-de-ciudades-del-aprendizaje-de-argentina-tenemos-representacion-local\/\" \/>\n<meta property=\"og:locale\" content=\"es_ES\" \/>\n<meta property=\"og:type\" content=\"article\" \/>\n<meta property=\"og:title\" content=\"2\u00ba Encuentro de la Red de Ciudades del Aprendizaje de Argentina: tenemos representaci\u00f3n local - El Regional\" \/>\n<meta property=\"og:description\" content=\"Bajo el lema \u201cComunidades de Aprendizaje y Territorios Sostenibles\u201d, se lleva a cabo el segundo Encuentro de Ciudades del Aprendizaje de Argentina, en la ciudad de Concepci\u00f3n del Uruguay. El intendente Mart\u00edn Gill particip\u00f3 de manera virtual, junto al secretario de Educaci\u00f3n, Cultura y Promoci\u00f3n de la Ciencia, Rafael Sachetto, quien se encuentra representando a [&hellip;]\" \/>\n<meta property=\"og:url\" content=\"http:\/\/elregionalvm.com.ar\/noticias-villa-maria\/2o-encuentro-de-la-red-de-ciudades-del-aprendizaje-de-argentina-tenemos-representacion-local\/\" \/>\n<meta property=\"og:site_name\" content=\"El Regional\" \/>\n<meta property=\"article:publisher\" content=\"https:\/\/www.facebook.com\/elregionalvm\" \/>\n<meta property=\"article:published_time\" content=\"2022-11-09T20:43:20+00:00\" \/>\n<meta property=\"article:modified_time\" content=\"2022-11-09T20:43:22+00:00\" \/>\n<meta property=\"og:image\" content=\"http:\/\/elregionalvm.com.ar\/noticias-villa-maria\/wp-content\/uploads\/2022\/11\/concepcion-del-uruguay.png\" \/>\n\t<meta property=\"og:image:width\" content=\"611\" \/>\n\t<meta property=\"og:image:height\" content=\"332\" \/>\n\t<meta property=\"og:image:type\" content=\"image\/png\" \/>\n<meta name=\"author\" content=\"Contenidos El Regional\" \/>\n<meta name=\"twitter:card\" content=\"summary_large_image\" \/>\n<meta name=\"twitter:creator\" content=\"@elregionalvm1\" \/>\n<meta name=\"twitter:site\" content=\"@elregionalvm1\" \/>\n<meta name=\"twitter:label1\" content=\"Escrito por\" \/>\n\t<meta name=\"twitter:data1\" content=\"Contenidos El Regional\" \/>\n\t<meta name=\"twitter:label2\" content=\"Tiempo de lectura\" \/>\n\t<meta name=\"twitter:data2\" content=\"2 minutos\" \/>\n<script type=\"application\/ld+json\" class=\"yoast-schema-graph\">{\"@context\":\"https:\/\/schema.org\",\"@graph\":[{\"@type\":\"Article\",\"@id\":\"http:\/\/elregionalvm.com.ar\/noticias-villa-maria\/2o-encuentro-de-la-red-de-ciudades-del-aprendizaje-de-argentina-tenemos-representacion-local\/#article\",\"isPartOf\":{\"@id\":\"http:\/\/elregionalvm.com.ar\/noticias-villa-maria\/2o-encuentro-de-la-red-de-ciudades-del-aprendizaje-de-argentina-tenemos-representacion-local\/\"},\"author\":{\"name\":\"Contenidos El Regional\",\"@id\":\"http:\/\/elregionalvm.com.ar\/noticias-villa-maria\/#\/schema\/person\/a0fb9c422317faca23d50163151bc354\"},\"headline\":\"2\u00ba Encuentro de la Red de Ciudades del Aprendizaje de Argentina: tenemos representaci\u00f3n local\",\"datePublished\":\"2022-11-09T20:43:20+00:00\",\"dateModified\":\"2022-11-09T20:43:22+00:00\",\"mainEntityOfPage\":{\"@id\":\"http:\/\/elregionalvm.com.ar\/noticias-villa-maria\/2o-encuentro-de-la-red-de-ciudades-del-aprendizaje-de-argentina-tenemos-representacion-local\/\"},\"wordCount\":380,\"commentCount\":0,\"image\":{\"@id\":\"http:\/\/elregionalvm.com.ar\/noticias-villa-maria\/2o-encuentro-de-la-red-de-ciudades-del-aprendizaje-de-argentina-tenemos-representacion-local\/#primaryimage\"},\"thumbnailUrl\":\"https:\/\/i0.wp.com\/elregionalvm.com.ar\/noticias-villa-maria\/wp-content\/uploads\/2022\/11\/concepcion-del-uruguay.png?fit=611%2C332&ssl=1\",\"keywords\":[\"2\u00ba Encuentro de la Red de Ciudades del Aprendizaje\",\"Argentina\",\"Ciudades del Aprendizaje\",\"Concepci\u00f3n del Uruguay\",\"Encuentro de Ciudades\",\"representaci\u00f3n local\"],\"articleSection\":[\"destacado\",\"Villa Mar\u00eda\"],\"inLanguage\":\"es\",\"potentialAction\":[{\"@type\":\"CommentAction\",\"name\":\"Comment\",\"target\":[\"http:\/\/elregionalvm.com.ar\/noticias-villa-maria\/2o-encuentro-de-la-red-de-ciudades-del-aprendizaje-de-argentina-tenemos-representacion-local\/#respond\"]}]},{\"@type\":\"WebPage\",\"@id\":\"http:\/\/elregionalvm.com.ar\/noticias-villa-maria\/2o-encuentro-de-la-red-de-ciudades-del-aprendizaje-de-argentina-tenemos-representacion-local\/\",\"url\":\"http:\/\/elregionalvm.com.ar\/noticias-villa-maria\/2o-encuentro-de-la-red-de-ciudades-del-aprendizaje-de-argentina-tenemos-representacion-local\/\",\"name\":\"2\u00ba Encuentro de la Red de Ciudades del Aprendizaje de Argentina: tenemos representaci\u00f3n local - El Regional\",\"isPartOf\":{\"@id\":\"http:\/\/elregionalvm.com.ar\/noticias-villa-maria\/#website\"},\"primaryImageOfPage\":{\"@id\":\"http:\/\/elregionalvm.com.ar\/noticias-villa-maria\/2o-encuentro-de-la-red-de-ciudades-del-aprendizaje-de-argentina-tenemos-representacion-local\/#primaryimage\"},\"image\":{\"@id\":\"http:\/\/elregionalvm.com.ar\/noticias-villa-maria\/2o-encuentro-de-la-red-de-ciudades-del-aprendizaje-de-argentina-tenemos-representacion-local\/#primaryimage\"},\"thumbnailUrl\":\"https:\/\/i0.wp.com\/elregionalvm.com.ar\/noticias-villa-maria\/wp-content\/uploads\/2022\/11\/concepcion-del-uruguay.png?fit=611%2C332&ssl=1\",\"datePublished\":\"2022-11-09T20:43:20+00:00\",\"dateModified\":\"2022-11-09T20:43:22+00:00\",\"author\":{\"@id\":\"http:\/\/elregionalvm.com.ar\/noticias-villa-maria\/#\/schema\/person\/a0fb9c422317faca23d50163151bc354\"},\"breadcrumb\":{\"@id\":\"http:\/\/elregionalvm.com.ar\/noticias-villa-maria\/2o-encuentro-de-la-red-de-ciudades-del-aprendizaje-de-argentina-tenemos-representacion-local\/#breadcrumb\"},\"inLanguage\":\"es\",\"potentialAction\":[{\"@type\":\"ReadAction\",\"target\":[\"http:\/\/elregionalvm.com.ar\/noticias-villa-maria\/2o-encuentro-de-la-red-de-ciudades-del-aprendizaje-de-argentina-tenemos-representacion-local\/\"]}]},{\"@type\":\"ImageObject\",\"inLanguage\":\"es\",\"@id\":\"http:\/\/elregionalvm.com.ar\/noticias-villa-maria\/2o-encuentro-de-la-red-de-ciudades-del-aprendizaje-de-argentina-tenemos-representacion-local\/#primaryimage\",\"url\":\"https:\/\/i0.wp.com\/elregionalvm.com.ar\/noticias-villa-maria\/wp-content\/uploads\/2022\/11\/concepcion-del-uruguay.png?fit=611%2C332&ssl=1\",\"contentUrl\":\"https:\/\/i0.wp.com\/elregionalvm.com.ar\/noticias-villa-maria\/wp-content\/uploads\/2022\/11\/concepcion-del-uruguay.png?fit=611%2C332&ssl=1\",\"width\":611,\"height\":332},{\"@type\":\"BreadcrumbList\",\"@id\":\"http:\/\/elregionalvm.com.ar\/noticias-villa-maria\/2o-encuentro-de-la-red-de-ciudades-del-aprendizaje-de-argentina-tenemos-representacion-local\/#breadcrumb\",\"itemListElement\":[{\"@type\":\"ListItem\",\"position\":1,\"name\":\"Portada\",\"item\":\"https:\/\/elregionalvm.com.ar\/noticias-villa-maria\/\"},{\"@type\":\"ListItem\",\"position\":2,\"name\":\"2\u00ba Encuentro de la Red de Ciudades del Aprendizaje de Argentina: tenemos representaci\u00f3n local\"}]},{\"@type\":\"WebSite\",\"@id\":\"http:\/\/elregionalvm.com.ar\/noticias-villa-maria\/#website\",\"url\":\"http:\/\/elregionalvm.com.ar\/noticias-villa-maria\/\",\"name\":\"El Regional\",\"description\":\"Mucho m\u00e1s que informaci\u00f3n\",\"potentialAction\":[{\"@type\":\"SearchAction\",\"target\":{\"@type\":\"EntryPoint\",\"urlTemplate\":\"http:\/\/elregionalvm.com.ar\/noticias-villa-maria\/?s={search_term_string}\"},\"query-input\":{\"@type\":\"PropertyValueSpecification\",\"valueRequired\":true,\"valueName\":\"search_term_string\"}}],\"inLanguage\":\"es\"},{\"@type\":\"Person\",\"@id\":\"http:\/\/elregionalvm.com.ar\/noticias-villa-maria\/#\/schema\/person\/a0fb9c422317faca23d50163151bc354\",\"name\":\"Contenidos El Regional\",\"image\":{\"@type\":\"ImageObject\",\"inLanguage\":\"es\",\"@id\":\"http:\/\/elregionalvm.com.ar\/noticias-villa-maria\/#\/schema\/person\/image\/\",\"url\":\"https:\/\/secure.gravatar.com\/avatar\/265b27cb2209af7bb3a1318f03305787d7981a5cc6e6cd08fe5a4ecdf99d4b48?s=96&d=mm&r=g\",\"contentUrl\":\"https:\/\/secure.gravatar.com\/avatar\/265b27cb2209af7bb3a1318f03305787d7981a5cc6e6cd08fe5a4ecdf99d4b48?s=96&d=mm&r=g\",\"caption\":\"Contenidos El Regional\"},\"url\":\"https:\/\/elregionalvm.com.ar\/noticias-villa-maria\/author\/contenido\/\"}]}<\/script>\n<!-- \/ Yoast SEO plugin. -->","yoast_head_json":{"title":"2\u00ba Encuentro de la Red de Ciudades del Aprendizaje de Argentina: tenemos representaci\u00f3n local - El Regional","robots":{"index":"index","follow":"follow","max-snippet":"max-snippet:-1","max-image-preview":"max-image-preview:large","max-video-preview":"max-video-preview:-1"},"canonical":"http:\/\/elregionalvm.com.ar\/noticias-villa-maria\/2o-encuentro-de-la-red-de-ciudades-del-aprendizaje-de-argentina-tenemos-representacion-local\/","og_locale":"es_ES","og_type":"article","og_title":"2\u00ba Encuentro de la Red de Ciudades del Aprendizaje de Argentina: tenemos representaci\u00f3n local - El Regional","og_description":"Bajo el lema \u201cComunidades de Aprendizaje y Territorios Sostenibles\u201d, se lleva a cabo el segundo Encuentro de Ciudades del Aprendizaje de Argentina, en la ciudad de Concepci\u00f3n del Uruguay. El intendente Mart\u00edn Gill particip\u00f3 de manera virtual, junto al secretario de Educaci\u00f3n, Cultura y Promoci\u00f3n de la Ciencia, Rafael Sachetto, quien se encuentra representando a [&hellip;]","og_url":"http:\/\/elregionalvm.com.ar\/noticias-villa-maria\/2o-encuentro-de-la-red-de-ciudades-del-aprendizaje-de-argentina-tenemos-representacion-local\/","og_site_name":"El Regional","article_publisher":"https:\/\/www.facebook.com\/elregionalvm","article_published_time":"2022-11-09T20:43:20+00:00","article_modified_time":"2022-11-09T20:43:22+00:00","og_image":[{"width":611,"height":332,"url":"http:\/\/elregionalvm.com.ar\/noticias-villa-maria\/wp-content\/uploads\/2022\/11\/concepcion-del-uruguay.png","type":"image\/png"}],"author":"Contenidos El Regional","twitter_card":"summary_large_image","twitter_creator":"@elregionalvm1","twitter_site":"@elregionalvm1","twitter_misc":{"Escrito por":"Contenidos El Regional","Tiempo de lectura":"2 minutos"},"schema":{"@context":"https:\/\/schema.org","@graph":[{"@type":"Article","@id":"http:\/\/elregionalvm.com.ar\/noticias-villa-maria\/2o-encuentro-de-la-red-de-ciudades-del-aprendizaje-de-argentina-tenemos-representacion-local\/#article","isPartOf":{"@id":"http:\/\/elregionalvm.com.ar\/noticias-villa-maria\/2o-encuentro-de-la-red-de-ciudades-del-aprendizaje-de-argentina-tenemos-representacion-local\/"},"author":{"name":"Contenidos El Regional","@id":"http:\/\/elregionalvm.com.ar\/noticias-villa-maria\/#\/schema\/person\/a0fb9c422317faca23d50163151bc354"},"headline":"2\u00ba Encuentro de la Red de Ciudades del Aprendizaje de Argentina: tenemos representaci\u00f3n local","datePublished":"2022-11-09T20:43:20+00:00","dateModified":"2022-11-09T20:43:22+00:00","mainEntityOfPage":{"@id":"http:\/\/elregionalvm.com.ar\/noticias-villa-maria\/2o-encuentro-de-la-red-de-ciudades-del-aprendizaje-de-argentina-tenemos-representacion-local\/"},"wordCount":380,"commentCount":0,"image":{"@id":"http:\/\/elregionalvm.com.ar\/noticias-villa-maria\/2o-encuentro-de-la-red-de-ciudades-del-aprendizaje-de-argentina-tenemos-representacion-local\/#primaryimage"},"thumbnailUrl":"https:\/\/i0.wp.com\/elregionalvm.com.ar\/noticias-villa-maria\/wp-content\/uploads\/2022\/11\/concepcion-del-uruguay.png?fit=611%2C332&ssl=1","keywords":["2\u00ba Encuentro de la Red de Ciudades del Aprendizaje","Argentina","Ciudades del Aprendizaje","Concepci\u00f3n del Uruguay","Encuentro de Ciudades","representaci\u00f3n local"],"articleSection":["destacado","Villa Mar\u00eda"],"inLanguage":"es","potentialAction":[{"@type":"CommentAction","name":"Comment","target":["http:\/\/elregionalvm.com.ar\/noticias-villa-maria\/2o-encuentro-de-la-red-de-ciudades-del-aprendizaje-de-argentina-tenemos-representacion-local\/#respond"]}]},{"@type":"WebPage","@id":"http:\/\/elregionalvm.com.ar\/noticias-villa-maria\/2o-encuentro-de-la-red-de-ciudades-del-aprendizaje-de-argentina-tenemos-representacion-local\/","url":"http:\/\/elregionalvm.com.ar\/noticias-villa-maria\/2o-encuentro-de-la-red-de-ciudades-del-aprendizaje-de-argentina-tenemos-representacion-local\/","name":"2\u00ba Encuentro de la Red de Ciudades del Aprendizaje de Argentina: tenemos representaci\u00f3n local - El Regional","isPartOf":{"@id":"http:\/\/elregionalvm.com.ar\/noticias-villa-maria\/#website"},"primaryImageOfPage":{"@id":"http:\/\/elregionalvm.com.ar\/noticias-villa-maria\/2o-encuentro-de-la-red-de-ciudades-del-aprendizaje-de-argentina-tenemos-representacion-local\/#primaryimage"},"image":{"@id":"http:\/\/elregionalvm.com.ar\/noticias-villa-maria\/2o-encuentro-de-la-red-de-ciudades-del-aprendizaje-de-argentina-tenemos-representacion-local\/#primaryimage"},"thumbnailUrl":"https:\/\/i0.wp.com\/elregionalvm.com.ar\/noticias-villa-maria\/wp-content\/uploads\/2022\/11\/concepcion-del-uruguay.png?fit=611%2C332&ssl=1","datePublished":"2022-11-09T20:43:20+00:00","dateModified":"2022-11-09T20:43:22+00:00","author":{"@id":"http:\/\/elregionalvm.com.ar\/noticias-villa-maria\/#\/schema\/person\/a0fb9c422317faca23d50163151bc354"},"breadcrumb":{"@id":"http:\/\/elregionalvm.com.ar\/noticias-villa-maria\/2o-encuentro-de-la-red-de-ciudades-del-aprendizaje-de-argentina-tenemos-representacion-local\/#breadcrumb"},"inLanguage":"es","potentialAction":[{"@type":"ReadAction","target":["http:\/\/elregionalvm.com.ar\/noticias-villa-maria\/2o-encuentro-de-la-red-de-ciudades-del-aprendizaje-de-argentina-tenemos-representacion-local\/"]}]},{"@type":"ImageObject","inLanguage":"es","@id":"http:\/\/elregionalvm.com.ar\/noticias-villa-maria\/2o-encuentro-de-la-red-de-ciudades-del-aprendizaje-de-argentina-tenemos-representacion-local\/#primaryimage","url":"https:\/\/i0.wp.com\/elregionalvm.com.ar\/noticias-villa-maria\/wp-content\/uploads\/2022\/11\/concepcion-del-uruguay.png?fit=611%2C332&ssl=1","contentUrl":"https:\/\/i0.wp.com\/elregionalvm.com.ar\/noticias-villa-maria\/wp-content\/uploads\/2022\/11\/concepcion-del-uruguay.png?fit=611%2C332&ssl=1","width":611,"height":332},{"@type":"BreadcrumbList","@id":"http:\/\/elregionalvm.com.ar\/noticias-villa-maria\/2o-encuentro-de-la-red-de-ciudades-del-aprendizaje-de-argentina-tenemos-representacion-local\/#breadcrumb","itemListElement":[{"@type":"ListItem","position":1,"name":"Portada","item":"https:\/\/elregionalvm.com.ar\/noticias-villa-maria\/"},{"@type":"ListItem","position":2,"name":"2\u00ba Encuentro de la Red de Ciudades del Aprendizaje de Argentina: tenemos representaci\u00f3n local"}]},{"@type":"WebSite","@id":"http:\/\/elregionalvm.com.ar\/noticias-villa-maria\/#website","url":"http:\/\/elregionalvm.com.ar\/noticias-villa-maria\/","name":"El Regional","description":"Mucho m\u00e1s que informaci\u00f3n","potentialAction":[{"@type":"SearchAction","target":{"@type":"EntryPoint","urlTemplate":"http:\/\/elregionalvm.com.ar\/noticias-villa-maria\/?s={search_term_string}"},"query-input":{"@type":"PropertyValueSpecification","valueRequired":true,"valueName":"search_term_string"}}],"inLanguage":"es"},{"@type":"Person","@id":"http:\/\/elregionalvm.com.ar\/noticias-villa-maria\/#\/schema\/person\/a0fb9c422317faca23d50163151bc354","name":"Contenidos El Regional","image":{"@type":"ImageObject","inLanguage":"es","@id":"http:\/\/elregionalvm.com.ar\/noticias-villa-maria\/#\/schema\/person\/image\/","url":"https:\/\/secure.gravatar.com\/avatar\/265b27cb2209af7bb3a1318f03305787d7981a5cc6e6cd08fe5a4ecdf99d4b48?s=96&d=mm&r=g","contentUrl":"https:\/\/secure.gravatar.com\/avatar\/265b27cb2209af7bb3a1318f03305787d7981a5cc6e6cd08fe5a4ecdf99d4b48?s=96&d=mm&r=g","caption":"Contenidos El Regional"},"url":"https:\/\/elregionalvm.com.ar\/noticias-villa-maria\/author\/contenido\/"}]}},"jetpack_featured_media_url":"https:\/\/i0.wp.com\/elregionalvm.com.ar\/noticias-villa-maria\/wp-content\/uploads\/2022\/11\/concepcion-del-uruguay.png?fit=611%2C332&ssl=1","jetpack_sharing_enabled":true,"_links":{"self":[{"href":"https:\/\/elregionalvm.com.ar\/noticias-villa-maria\/wp-json\/wp\/v2\/posts\/66964","targetHints":{"allow":["GET"]}}],"collection":[{"href":"https:\/\/elregionalvm.com.ar\/noticias-villa-maria\/wp-json\/wp\/v2\/posts"}],"about":[{"href":"https:\/\/elregionalvm.com.ar\/noticias-villa-maria\/wp-json\/wp\/v2\/types\/post"}],"author":[{"embeddable":true,"href":"https:\/\/elregionalvm.com.ar\/noticias-villa-maria\/wp-json\/wp\/v2\/users\/4"}],"replies":[{"embeddable":true,"href":"https:\/\/elregionalvm.com.ar\/noticias-villa-maria\/wp-json\/wp\/v2\/comments?post=66964"}],"version-history":[{"count":1,"href":"https:\/\/elregionalvm.com.ar\/noticias-villa-maria\/wp-json\/wp\/v2\/posts\/66964\/revisions"}],"predecessor-version":[{"id":66969,"href":"https:\/\/elregionalvm.com.ar\/noticias-villa-maria\/wp-json\/wp\/v2\/posts\/66964\/revisions\/66969"}],"wp:featuredmedia":[{"embeddable":true,"href":"https:\/\/elregionalvm.com.ar\/noticias-villa-maria\/wp-json\/wp\/v2\/media\/66968"}],"wp:attachment":[{"href":"https:\/\/elregionalvm.com.ar\/noticias-villa-maria\/wp-json\/wp\/v2\/media?parent=66964"}],"wp:term":[{"taxonomy":"category","embeddable":true,"href":"https:\/\/elregionalvm.com.ar\/noticias-villa-maria\/wp-json\/wp\/v2\/categories?post=66964"},{"taxonomy":"post_tag","embeddable":true,"href":"https:\/\/elregionalvm.com.ar\/noticias-villa-maria\/wp-json\/wp\/v2\/tags?post=66964"}],"curies":[{"name":"wp","href":"https:\/\/api.w.org\/{rel}","templated":true}]}}