{"id":66975,"date":"2022-11-09T21:19:01","date_gmt":"2022-11-09T21:19:01","guid":{"rendered":"https:\/\/elregionalvm.com.ar\/noticias-villa-maria\/?p=66975"},"modified":"2022-11-09T21:36:28","modified_gmt":"2022-11-09T21:36:28","slug":"barrio-el-vallecito-los-adjudicatarios-villanovenses-ya-conocen-la-ubicacion-de-sus-viviendas","status":"publish","type":"post","link":"https:\/\/elregionalvm.com.ar\/noticias-villa-maria\/barrio-el-vallecito-los-adjudicatarios-villanovenses-ya-conocen-la-ubicacion-de-sus-viviendas\/","title":{"rendered":"Barrio El Vallecito: Los adjudicatarios villanovenses ya conocen la ubicaci\u00f3n de sus viviendas"},"content":{"rendered":"\n<p>El intendente, Natalio Graglia, encabez\u00f3 el acto realizado en la Casa de la Cultura Municipal y en su discurso destac\u00f3 que \u00abeste es un paso m\u00e1s para cumplir el objetivo de tener la casa propia\u00bb.<\/p>\n\n\n\n<p>\u00abHubo una demora, que obedeci\u00f3 a ser justos con esta entrega\u00bb, marc\u00f3 y agreg\u00f3 \u00abno quer\u00edamos ser injustos, y que las viviendas tengan realmente el destino para el cual se idearon, que es ser destinadas a aquellas familias que no ten\u00edan techo propio\u00bb.<br>En este proceso, se consign\u00f3 que cuatro familias que hab\u00eda sido seleccionadas como Suplentes, pudieron acceder finalmente a la adjudicaci\u00f3n de la vivienda.<\/p>\n\n\n\n<figure class=\"wp-block-gallery has-nested-images columns-default is-cropped wp-block-gallery-1 is-layout-flex wp-block-gallery-is-layout-flex\">\n<figure class=\"wp-block-image size-large\"><img data-recalc-dims=\"1\" fetchpriority=\"high\" decoding=\"async\" width=\"1024\" height=\"681\" data-id=\"66978\" src=\"https:\/\/i0.wp.com\/elregionalvm.com.ar\/noticias-villa-maria\/wp-content\/uploads\/2022\/11\/WhatsApp-Image-2022-11-09-at-16.46.36.jpeg?resize=1024%2C681&#038;ssl=1\" alt=\"\" class=\"wp-image-66978\" srcset=\"https:\/\/i0.wp.com\/elregionalvm.com.ar\/noticias-villa-maria\/wp-content\/uploads\/2022\/11\/WhatsApp-Image-2022-11-09-at-16.46.36.jpeg?resize=1024%2C681&amp;ssl=1 1024w, https:\/\/i0.wp.com\/elregionalvm.com.ar\/noticias-villa-maria\/wp-content\/uploads\/2022\/11\/WhatsApp-Image-2022-11-09-at-16.46.36.jpeg?resize=300%2C199&amp;ssl=1 300w, https:\/\/i0.wp.com\/elregionalvm.com.ar\/noticias-villa-maria\/wp-content\/uploads\/2022\/11\/WhatsApp-Image-2022-11-09-at-16.46.36.jpeg?resize=768%2C511&amp;ssl=1 768w, https:\/\/i0.wp.com\/elregionalvm.com.ar\/noticias-villa-maria\/wp-content\/uploads\/2022\/11\/WhatsApp-Image-2022-11-09-at-16.46.36.jpeg?w=1280&amp;ssl=1 1280w\" sizes=\"(max-width: 1000px) 100vw, 1000px\" \/><\/figure>\n\n\n\n<figure class=\"wp-block-image size-large\"><img data-recalc-dims=\"1\" decoding=\"async\" width=\"1024\" height=\"681\" data-id=\"66977\" src=\"https:\/\/i0.wp.com\/elregionalvm.com.ar\/noticias-villa-maria\/wp-content\/uploads\/2022\/11\/WhatsApp-Image-2022-11-09-at-16.46.37.jpeg?resize=1024%2C681&#038;ssl=1\" alt=\"\" class=\"wp-image-66977\" srcset=\"https:\/\/i0.wp.com\/elregionalvm.com.ar\/noticias-villa-maria\/wp-content\/uploads\/2022\/11\/WhatsApp-Image-2022-11-09-at-16.46.37.jpeg?resize=1024%2C681&amp;ssl=1 1024w, https:\/\/i0.wp.com\/elregionalvm.com.ar\/noticias-villa-maria\/wp-content\/uploads\/2022\/11\/WhatsApp-Image-2022-11-09-at-16.46.37.jpeg?resize=300%2C199&amp;ssl=1 300w, https:\/\/i0.wp.com\/elregionalvm.com.ar\/noticias-villa-maria\/wp-content\/uploads\/2022\/11\/WhatsApp-Image-2022-11-09-at-16.46.37.jpeg?resize=768%2C511&amp;ssl=1 768w, https:\/\/i0.wp.com\/elregionalvm.com.ar\/noticias-villa-maria\/wp-content\/uploads\/2022\/11\/WhatsApp-Image-2022-11-09-at-16.46.37.jpeg?w=1280&amp;ssl=1 1280w\" sizes=\"(max-width: 1000px) 100vw, 1000px\" \/><\/figure>\n<\/figure>\n\n\n\n<p>\u00abPara nosotros es el comienzo de un sue\u00f1o, que van a poder empezar a concretar desde ma\u00f1ana mismo. Sabemos de la importancia que tiene contar con una vivienda propia, y esta obra estuvo frenada muchos a\u00f1os por decisiones pol\u00edticas\u00bb, afirm\u00f3.<\/p>\n\n\n\n<p>\u00abEs por eso que celebramos y agradecemos la decisi\u00f3n del Presidente, Alberto Fern\u00e1ndez, de lanzar el Programa Re Construir, que permite finalizar las obras de viviendas en todo el pais\u00bb, destac\u00f3.<\/p>\n\n\n\n<p><strong>Viviendas<\/strong><br>Vivienda 1: Virginia Pereyra<br>Vivienda 2: Jesica Olthoff<br>Vivienda 3: Aldo Cabrera<br>Vivienda 4: Nora Silva<br>Vivienda 5: Martin Pascual<br>Vivienda 6: Jos\u00e9 Negrette<br>Vivienda 7: Yamila Righi<br>Vivienda 8: Julio Gonz\u00e1lez<br>Vivienda 9: Yamila Moreno<br>Vivienda 10: Oscar Felber<br>Vivienda 11: Inmaculada Concepci\u00f3n Cardozo Lopez<br>Vivienda 12: Azucena Sarmiento<br>Vivienda 13: Sergio Alvarez<br>Vivienda 14: Florencia Rivera<br>Vivienda 15: Cecilia Andrada<br>Vivienda 16: Matias Farias Morant<br>Vivienda 17: Daiana Quinteros<br>Vivienda 18: Anah\u00ed Arenas<br>Vivienda 19: Lucas Neira<br>Vivienda 20: Irma Villada<br>Se inauguran las primeras 20 viviendas de barrio El Vallecito<br>Ma\u00f1ana, desde las 9hs, el intendente, junto al Ministro de H\u00e1bitat y Desarrollo Territorial de la Naci\u00f3n, Santiago Manggiotti, estar\u00e1n realizando la inauguraci\u00f3n de las primeras 20 viviendas del Plan Nacional Re Construir. Plan Nacional destinado a concluir los planes habitacionales que hab\u00edan sido paralizados en el periodo 2016 &#8211; 2019.<br>Actualmente en el mismo predio de barrio El Vallecito se est\u00e1n finalizando otras 46 viviendas del mismo plan, las cuales, sumadas a las 75 Viviendas del Programa Nacional Casa Propia, sumar\u00e1n 141 soluciones habitacionales para los vecinos nuestra ciudad en poco tiempo m\u00e1s.<\/p>\n\n\n\n<figure class=\"wp-block-gallery has-nested-images columns-default is-cropped wp-block-gallery-2 is-layout-flex wp-block-gallery-is-layout-flex\">\n<figure class=\"wp-block-image size-large\"><img data-recalc-dims=\"1\" decoding=\"async\" width=\"1024\" height=\"681\" data-id=\"66980\" src=\"https:\/\/i0.wp.com\/elregionalvm.com.ar\/noticias-villa-maria\/wp-content\/uploads\/2022\/11\/WhatsApp-Image-2022-11-09-at-16.46.39.jpeg?resize=1024%2C681&#038;ssl=1\" alt=\"\" class=\"wp-image-66980\" srcset=\"https:\/\/i0.wp.com\/elregionalvm.com.ar\/noticias-villa-maria\/wp-content\/uploads\/2022\/11\/WhatsApp-Image-2022-11-09-at-16.46.39.jpeg?resize=1024%2C681&amp;ssl=1 1024w, https:\/\/i0.wp.com\/elregionalvm.com.ar\/noticias-villa-maria\/wp-content\/uploads\/2022\/11\/WhatsApp-Image-2022-11-09-at-16.46.39.jpeg?resize=300%2C199&amp;ssl=1 300w, https:\/\/i0.wp.com\/elregionalvm.com.ar\/noticias-villa-maria\/wp-content\/uploads\/2022\/11\/WhatsApp-Image-2022-11-09-at-16.46.39.jpeg?resize=768%2C511&amp;ssl=1 768w, https:\/\/i0.wp.com\/elregionalvm.com.ar\/noticias-villa-maria\/wp-content\/uploads\/2022\/11\/WhatsApp-Image-2022-11-09-at-16.46.39.jpeg?w=1280&amp;ssl=1 1280w\" sizes=\"(max-width: 1000px) 100vw, 1000px\" \/><\/figure>\n\n\n\n<figure class=\"wp-block-image size-large\"><img data-recalc-dims=\"1\" loading=\"lazy\" decoding=\"async\" width=\"681\" height=\"1024\" data-id=\"66981\" src=\"https:\/\/i0.wp.com\/elregionalvm.com.ar\/noticias-villa-maria\/wp-content\/uploads\/2022\/11\/WhatsApp-Image-2022-11-09-at-16.46.32.jpeg?resize=681%2C1024&#038;ssl=1\" alt=\"\" class=\"wp-image-66981\" srcset=\"https:\/\/i0.wp.com\/elregionalvm.com.ar\/noticias-villa-maria\/wp-content\/uploads\/2022\/11\/WhatsApp-Image-2022-11-09-at-16.46.32.jpeg?resize=681%2C1024&amp;ssl=1 681w, https:\/\/i0.wp.com\/elregionalvm.com.ar\/noticias-villa-maria\/wp-content\/uploads\/2022\/11\/WhatsApp-Image-2022-11-09-at-16.46.32.jpeg?resize=199%2C300&amp;ssl=1 199w, https:\/\/i0.wp.com\/elregionalvm.com.ar\/noticias-villa-maria\/wp-content\/uploads\/2022\/11\/WhatsApp-Image-2022-11-09-at-16.46.32.jpeg?resize=768%2C1155&amp;ssl=1 768w, https:\/\/i0.wp.com\/elregionalvm.com.ar\/noticias-villa-maria\/wp-content\/uploads\/2022\/11\/WhatsApp-Image-2022-11-09-at-16.46.32.jpeg?w=851&amp;ssl=1 851w\" sizes=\"(max-width: 681px) 100vw, 681px\" \/><\/figure>\n\n\n\n<figure class=\"wp-block-image size-large\"><img data-recalc-dims=\"1\" loading=\"lazy\" decoding=\"async\" width=\"1024\" height=\"681\" data-id=\"66979\" src=\"https:\/\/i0.wp.com\/elregionalvm.com.ar\/noticias-villa-maria\/wp-content\/uploads\/2022\/11\/WhatsApp-Image-2022-11-09-at-16.46.38.jpeg?resize=1024%2C681&#038;ssl=1\" alt=\"\" class=\"wp-image-66979\" srcset=\"https:\/\/i0.wp.com\/elregionalvm.com.ar\/noticias-villa-maria\/wp-content\/uploads\/2022\/11\/WhatsApp-Image-2022-11-09-at-16.46.38.jpeg?resize=1024%2C681&amp;ssl=1 1024w, https:\/\/i0.wp.com\/elregionalvm.com.ar\/noticias-villa-maria\/wp-content\/uploads\/2022\/11\/WhatsApp-Image-2022-11-09-at-16.46.38.jpeg?resize=300%2C199&amp;ssl=1 300w, https:\/\/i0.wp.com\/elregionalvm.com.ar\/noticias-villa-maria\/wp-content\/uploads\/2022\/11\/WhatsApp-Image-2022-11-09-at-16.46.38.jpeg?resize=768%2C511&amp;ssl=1 768w, https:\/\/i0.wp.com\/elregionalvm.com.ar\/noticias-villa-maria\/wp-content\/uploads\/2022\/11\/WhatsApp-Image-2022-11-09-at-16.46.38.jpeg?w=1280&amp;ssl=1 1280w\" sizes=\"(max-width: 1000px) 100vw, 1000px\" \/><\/figure>\n<\/figure>\n","protected":false},"excerpt":{"rendered":"<p>El intendente, Natalio Graglia, encabez\u00f3 el acto realizado en la Casa de la Cultura Municipal y en su discurso destac\u00f3 que \u00abeste es un paso m\u00e1s para cumplir el objetivo de tener la casa propia\u00bb. \u00abHubo una demora, que obedeci\u00f3 a ser justos con esta entrega\u00bb, marc\u00f3 y agreg\u00f3 \u00abno quer\u00edamos ser injustos, y que [&hellip;]<\/p>\n","protected":false},"author":4,"featured_media":66976,"comment_status":"open","ping_status":"open","sticky":false,"template":"","format":"standard","meta":{"site-sidebar-layout":"default","site-content-layout":"","ast-site-content-layout":"default","site-content-style":"default","site-sidebar-style":"default","ast-global-header-display":"","ast-banner-title-visibility":"","ast-main-header-display":"","ast-hfb-above-header-display":"","ast-hfb-below-header-display":"","ast-hfb-mobile-header-display":"","site-post-title":"","ast-breadcrumbs-content":"","ast-featured-img":"","footer-sml-layout":"","ast-disable-related-posts":"","theme-transparent-header-meta":"","adv-header-id-meta":"","stick-header-meta":"","header-above-stick-meta":"","header-main-stick-meta":"","header-below-stick-meta":"","astra-migrate-meta-layouts":"default","ast-page-background-enabled":"default","ast-page-background-meta":{"desktop":{"background-color":"","background-image":"","background-repeat":"repeat","background-position":"center center","background-size":"auto","background-attachment":"scroll","background-type":"","background-media":"","overlay-type":"","overlay-color":"","overlay-opacity":"","overlay-gradient":""},"tablet":{"background-color":"","background-image":"","background-repeat":"repeat","background-position":"center center","background-size":"auto","background-attachment":"scroll","background-type":"","background-media":"","overlay-type":"","overlay-color":"","overlay-opacity":"","overlay-gradient":""},"mobile":{"background-color":"","background-image":"","background-repeat":"repeat","background-position":"center center","background-size":"auto","background-attachment":"scroll","background-type":"","background-media":"","overlay-type":"","overlay-color":"","overlay-opacity":"","overlay-gradient":""}},"ast-content-background-meta":{"desktop":{"background-color":"var(--ast-global-color-5)","background-image":"","background-repeat":"repeat","background-position":"center center","background-size":"auto","background-attachment":"scroll","background-type":"","background-media":"","overlay-type":"","overlay-color":"","overlay-opacity":"","overlay-gradient":""},"tablet":{"background-color":"var(--ast-global-color-5)","background-image":"","background-repeat":"repeat","background-position":"center center","background-size":"auto","background-attachment":"scroll","background-type":"","background-media":"","overlay-type":"","overlay-color":"","overlay-opacity":"","overlay-gradient":""},"mobile":{"background-color":"var(--ast-global-color-5)","background-image":"","background-repeat":"repeat","background-position":"center center","background-size":"auto","background-attachment":"scroll","background-type":"","background-media":"","overlay-type":"","overlay-color":"","overlay-opacity":"","overlay-gradient":""}},"_jetpack_memberships_contains_paid_content":false,"_joinchat":[],"footnotes":""},"categories":[15302,1408],"tags":[19593,3363,1879,1252,19595,232,19594],"class_list":["post-66975","post","type-post","status-publish","format-standard","has-post-thumbnail","hentry","category-destacado","category-villa-nueva","tag-adjudicatarios-villanovenses","tag-barrio-el-vallecito","tag-entrega","tag-natalio-graglia","tag-ubicacion-de-casas","tag-villa-nueva","tag-viviendas-propias"],"yoast_head":"<!-- This site is optimized with the Yoast SEO plugin v26.8 - https:\/\/yoast.com\/product\/yoast-seo-wordpress\/ -->\n<title>Barrio El Vallecito: Los adjudicatarios villanovenses ya conocen la ubicaci\u00f3n de sus viviendas - El Regional<\/title>\n<meta name=\"robots\" content=\"index, follow, max-snippet:-1, max-image-preview:large, max-video-preview:-1\" \/>\n<link rel=\"canonical\" href=\"http:\/\/elregionalvm.com.ar\/noticias-villa-maria\/barrio-el-vallecito-los-adjudicatarios-villanovenses-ya-conocen-la-ubicacion-de-sus-viviendas\/\" \/>\n<meta property=\"og:locale\" content=\"es_ES\" \/>\n<meta property=\"og:type\" content=\"article\" \/>\n<meta property=\"og:title\" content=\"Barrio El Vallecito: Los adjudicatarios villanovenses ya conocen la ubicaci\u00f3n de sus viviendas - El Regional\" \/>\n<meta property=\"og:description\" content=\"El intendente, Natalio Graglia, encabez\u00f3 el acto realizado en la Casa de la Cultura Municipal y en su discurso destac\u00f3 que \u00abeste es un paso m\u00e1s para cumplir el objetivo de tener la casa propia\u00bb. \u00abHubo una demora, que obedeci\u00f3 a ser justos con esta entrega\u00bb, marc\u00f3 y agreg\u00f3 \u00abno quer\u00edamos ser injustos, y que [&hellip;]\" \/>\n<meta property=\"og:url\" content=\"http:\/\/elregionalvm.com.ar\/noticias-villa-maria\/barrio-el-vallecito-los-adjudicatarios-villanovenses-ya-conocen-la-ubicacion-de-sus-viviendas\/\" \/>\n<meta property=\"og:site_name\" content=\"El Regional\" \/>\n<meta property=\"article:publisher\" content=\"https:\/\/www.facebook.com\/elregionalvm\" \/>\n<meta property=\"article:published_time\" content=\"2022-11-09T21:19:01+00:00\" \/>\n<meta property=\"article:modified_time\" content=\"2022-11-09T21:36:28+00:00\" \/>\n<meta property=\"og:image\" content=\"http:\/\/elregionalvm.com.ar\/noticias-villa-maria\/wp-content\/uploads\/2022\/11\/WhatsApp-Image-2022-11-09-at-16.46.30.jpeg\" \/>\n\t<meta property=\"og:image:width\" content=\"1280\" \/>\n\t<meta property=\"og:image:height\" content=\"851\" \/>\n\t<meta property=\"og:image:type\" content=\"image\/jpeg\" \/>\n<meta name=\"author\" content=\"Contenidos El Regional\" \/>\n<meta name=\"twitter:card\" content=\"summary_large_image\" \/>\n<meta name=\"twitter:creator\" content=\"@elregionalvm1\" \/>\n<meta name=\"twitter:site\" content=\"@elregionalvm1\" \/>\n<meta name=\"twitter:label1\" content=\"Escrito por\" \/>\n\t<meta name=\"twitter:data1\" content=\"Contenidos El Regional\" \/>\n\t<meta name=\"twitter:label2\" content=\"Tiempo de lectura\" \/>\n\t<meta name=\"twitter:data2\" content=\"3 minutos\" \/>\n<script type=\"application\/ld+json\" class=\"yoast-schema-graph\">{\"@context\":\"https:\/\/schema.org\",\"@graph\":[{\"@type\":\"Article\",\"@id\":\"http:\/\/elregionalvm.com.ar\/noticias-villa-maria\/barrio-el-vallecito-los-adjudicatarios-villanovenses-ya-conocen-la-ubicacion-de-sus-viviendas\/#article\",\"isPartOf\":{\"@id\":\"http:\/\/elregionalvm.com.ar\/noticias-villa-maria\/barrio-el-vallecito-los-adjudicatarios-villanovenses-ya-conocen-la-ubicacion-de-sus-viviendas\/\"},\"author\":{\"name\":\"Contenidos El Regional\",\"@id\":\"http:\/\/elregionalvm.com.ar\/noticias-villa-maria\/#\/schema\/person\/a0fb9c422317faca23d50163151bc354\"},\"headline\":\"Barrio El Vallecito: Los adjudicatarios villanovenses ya conocen la ubicaci\u00f3n de sus viviendas\",\"datePublished\":\"2022-11-09T21:19:01+00:00\",\"dateModified\":\"2022-11-09T21:36:28+00:00\",\"mainEntityOfPage\":{\"@id\":\"http:\/\/elregionalvm.com.ar\/noticias-villa-maria\/barrio-el-vallecito-los-adjudicatarios-villanovenses-ya-conocen-la-ubicacion-de-sus-viviendas\/\"},\"wordCount\":348,\"commentCount\":0,\"image\":{\"@id\":\"http:\/\/elregionalvm.com.ar\/noticias-villa-maria\/barrio-el-vallecito-los-adjudicatarios-villanovenses-ya-conocen-la-ubicacion-de-sus-viviendas\/#primaryimage\"},\"thumbnailUrl\":\"https:\/\/i0.wp.com\/elregionalvm.com.ar\/noticias-villa-maria\/wp-content\/uploads\/2022\/11\/WhatsApp-Image-2022-11-09-at-16.46.30.jpeg?fit=1280%2C851&ssl=1\",\"keywords\":[\"adjudicatarios villanovenses\",\"Barrio El Vallecito\",\"Entrega\",\"Natalio Graglia\",\"ubicaci\u00f3n de casas\",\"VILLA NUEVA\",\"viviendas propias\"],\"articleSection\":[\"destacado\",\"Villa Nueva\"],\"inLanguage\":\"es\",\"potentialAction\":[{\"@type\":\"CommentAction\",\"name\":\"Comment\",\"target\":[\"http:\/\/elregionalvm.com.ar\/noticias-villa-maria\/barrio-el-vallecito-los-adjudicatarios-villanovenses-ya-conocen-la-ubicacion-de-sus-viviendas\/#respond\"]}]},{\"@type\":\"WebPage\",\"@id\":\"http:\/\/elregionalvm.com.ar\/noticias-villa-maria\/barrio-el-vallecito-los-adjudicatarios-villanovenses-ya-conocen-la-ubicacion-de-sus-viviendas\/\",\"url\":\"http:\/\/elregionalvm.com.ar\/noticias-villa-maria\/barrio-el-vallecito-los-adjudicatarios-villanovenses-ya-conocen-la-ubicacion-de-sus-viviendas\/\",\"name\":\"Barrio El Vallecito: Los adjudicatarios villanovenses ya conocen la ubicaci\u00f3n de sus viviendas - El Regional\",\"isPartOf\":{\"@id\":\"http:\/\/elregionalvm.com.ar\/noticias-villa-maria\/#website\"},\"primaryImageOfPage\":{\"@id\":\"http:\/\/elregionalvm.com.ar\/noticias-villa-maria\/barrio-el-vallecito-los-adjudicatarios-villanovenses-ya-conocen-la-ubicacion-de-sus-viviendas\/#primaryimage\"},\"image\":{\"@id\":\"http:\/\/elregionalvm.com.ar\/noticias-villa-maria\/barrio-el-vallecito-los-adjudicatarios-villanovenses-ya-conocen-la-ubicacion-de-sus-viviendas\/#primaryimage\"},\"thumbnailUrl\":\"https:\/\/i0.wp.com\/elregionalvm.com.ar\/noticias-villa-maria\/wp-content\/uploads\/2022\/11\/WhatsApp-Image-2022-11-09-at-16.46.30.jpeg?fit=1280%2C851&ssl=1\",\"datePublished\":\"2022-11-09T21:19:01+00:00\",\"dateModified\":\"2022-11-09T21:36:28+00:00\",\"author\":{\"@id\":\"http:\/\/elregionalvm.com.ar\/noticias-villa-maria\/#\/schema\/person\/a0fb9c422317faca23d50163151bc354\"},\"breadcrumb\":{\"@id\":\"http:\/\/elregionalvm.com.ar\/noticias-villa-maria\/barrio-el-vallecito-los-adjudicatarios-villanovenses-ya-conocen-la-ubicacion-de-sus-viviendas\/#breadcrumb\"},\"inLanguage\":\"es\",\"potentialAction\":[{\"@type\":\"ReadAction\",\"target\":[\"http:\/\/elregionalvm.com.ar\/noticias-villa-maria\/barrio-el-vallecito-los-adjudicatarios-villanovenses-ya-conocen-la-ubicacion-de-sus-viviendas\/\"]}]},{\"@type\":\"ImageObject\",\"inLanguage\":\"es\",\"@id\":\"http:\/\/elregionalvm.com.ar\/noticias-villa-maria\/barrio-el-vallecito-los-adjudicatarios-villanovenses-ya-conocen-la-ubicacion-de-sus-viviendas\/#primaryimage\",\"url\":\"https:\/\/i0.wp.com\/elregionalvm.com.ar\/noticias-villa-maria\/wp-content\/uploads\/2022\/11\/WhatsApp-Image-2022-11-09-at-16.46.30.jpeg?fit=1280%2C851&ssl=1\",\"contentUrl\":\"https:\/\/i0.wp.com\/elregionalvm.com.ar\/noticias-villa-maria\/wp-content\/uploads\/2022\/11\/WhatsApp-Image-2022-11-09-at-16.46.30.jpeg?fit=1280%2C851&ssl=1\",\"width\":1280,\"height\":851},{\"@type\":\"BreadcrumbList\",\"@id\":\"http:\/\/elregionalvm.com.ar\/noticias-villa-maria\/barrio-el-vallecito-los-adjudicatarios-villanovenses-ya-conocen-la-ubicacion-de-sus-viviendas\/#breadcrumb\",\"itemListElement\":[{\"@type\":\"ListItem\",\"position\":1,\"name\":\"Portada\",\"item\":\"https:\/\/elregionalvm.com.ar\/noticias-villa-maria\/\"},{\"@type\":\"ListItem\",\"position\":2,\"name\":\"Barrio El Vallecito: Los adjudicatarios villanovenses ya conocen la ubicaci\u00f3n de sus viviendas\"}]},{\"@type\":\"WebSite\",\"@id\":\"http:\/\/elregionalvm.com.ar\/noticias-villa-maria\/#website\",\"url\":\"http:\/\/elregionalvm.com.ar\/noticias-villa-maria\/\",\"name\":\"El Regional\",\"description\":\"Mucho m\u00e1s que informaci\u00f3n\",\"potentialAction\":[{\"@type\":\"SearchAction\",\"target\":{\"@type\":\"EntryPoint\",\"urlTemplate\":\"http:\/\/elregionalvm.com.ar\/noticias-villa-maria\/?s={search_term_string}\"},\"query-input\":{\"@type\":\"PropertyValueSpecification\",\"valueRequired\":true,\"valueName\":\"search_term_string\"}}],\"inLanguage\":\"es\"},{\"@type\":\"Person\",\"@id\":\"http:\/\/elregionalvm.com.ar\/noticias-villa-maria\/#\/schema\/person\/a0fb9c422317faca23d50163151bc354\",\"name\":\"Contenidos El Regional\",\"image\":{\"@type\":\"ImageObject\",\"inLanguage\":\"es\",\"@id\":\"http:\/\/elregionalvm.com.ar\/noticias-villa-maria\/#\/schema\/person\/image\/\",\"url\":\"https:\/\/secure.gravatar.com\/avatar\/265b27cb2209af7bb3a1318f03305787d7981a5cc6e6cd08fe5a4ecdf99d4b48?s=96&d=mm&r=g\",\"contentUrl\":\"https:\/\/secure.gravatar.com\/avatar\/265b27cb2209af7bb3a1318f03305787d7981a5cc6e6cd08fe5a4ecdf99d4b48?s=96&d=mm&r=g\",\"caption\":\"Contenidos El Regional\"},\"url\":\"https:\/\/elregionalvm.com.ar\/noticias-villa-maria\/author\/contenido\/\"}]}<\/script>\n<!-- \/ Yoast SEO plugin. -->","yoast_head_json":{"title":"Barrio El Vallecito: Los adjudicatarios villanovenses ya conocen la ubicaci\u00f3n de sus viviendas - El Regional","robots":{"index":"index","follow":"follow","max-snippet":"max-snippet:-1","max-image-preview":"max-image-preview:large","max-video-preview":"max-video-preview:-1"},"canonical":"http:\/\/elregionalvm.com.ar\/noticias-villa-maria\/barrio-el-vallecito-los-adjudicatarios-villanovenses-ya-conocen-la-ubicacion-de-sus-viviendas\/","og_locale":"es_ES","og_type":"article","og_title":"Barrio El Vallecito: Los adjudicatarios villanovenses ya conocen la ubicaci\u00f3n de sus viviendas - El Regional","og_description":"El intendente, Natalio Graglia, encabez\u00f3 el acto realizado en la Casa de la Cultura Municipal y en su discurso destac\u00f3 que \u00abeste es un paso m\u00e1s para cumplir el objetivo de tener la casa propia\u00bb. \u00abHubo una demora, que obedeci\u00f3 a ser justos con esta entrega\u00bb, marc\u00f3 y agreg\u00f3 \u00abno quer\u00edamos ser injustos, y que [&hellip;]","og_url":"http:\/\/elregionalvm.com.ar\/noticias-villa-maria\/barrio-el-vallecito-los-adjudicatarios-villanovenses-ya-conocen-la-ubicacion-de-sus-viviendas\/","og_site_name":"El Regional","article_publisher":"https:\/\/www.facebook.com\/elregionalvm","article_published_time":"2022-11-09T21:19:01+00:00","article_modified_time":"2022-11-09T21:36:28+00:00","og_image":[{"width":1280,"height":851,"url":"http:\/\/elregionalvm.com.ar\/noticias-villa-maria\/wp-content\/uploads\/2022\/11\/WhatsApp-Image-2022-11-09-at-16.46.30.jpeg","type":"image\/jpeg"}],"author":"Contenidos El Regional","twitter_card":"summary_large_image","twitter_creator":"@elregionalvm1","twitter_site":"@elregionalvm1","twitter_misc":{"Escrito por":"Contenidos El Regional","Tiempo de lectura":"3 minutos"},"schema":{"@context":"https:\/\/schema.org","@graph":[{"@type":"Article","@id":"http:\/\/elregionalvm.com.ar\/noticias-villa-maria\/barrio-el-vallecito-los-adjudicatarios-villanovenses-ya-conocen-la-ubicacion-de-sus-viviendas\/#article","isPartOf":{"@id":"http:\/\/elregionalvm.com.ar\/noticias-villa-maria\/barrio-el-vallecito-los-adjudicatarios-villanovenses-ya-conocen-la-ubicacion-de-sus-viviendas\/"},"author":{"name":"Contenidos El Regional","@id":"http:\/\/elregionalvm.com.ar\/noticias-villa-maria\/#\/schema\/person\/a0fb9c422317faca23d50163151bc354"},"headline":"Barrio El Vallecito: Los adjudicatarios villanovenses ya conocen la ubicaci\u00f3n de sus viviendas","datePublished":"2022-11-09T21:19:01+00:00","dateModified":"2022-11-09T21:36:28+00:00","mainEntityOfPage":{"@id":"http:\/\/elregionalvm.com.ar\/noticias-villa-maria\/barrio-el-vallecito-los-adjudicatarios-villanovenses-ya-conocen-la-ubicacion-de-sus-viviendas\/"},"wordCount":348,"commentCount":0,"image":{"@id":"http:\/\/elregionalvm.com.ar\/noticias-villa-maria\/barrio-el-vallecito-los-adjudicatarios-villanovenses-ya-conocen-la-ubicacion-de-sus-viviendas\/#primaryimage"},"thumbnailUrl":"https:\/\/i0.wp.com\/elregionalvm.com.ar\/noticias-villa-maria\/wp-content\/uploads\/2022\/11\/WhatsApp-Image-2022-11-09-at-16.46.30.jpeg?fit=1280%2C851&ssl=1","keywords":["adjudicatarios villanovenses","Barrio El Vallecito","Entrega","Natalio Graglia","ubicaci\u00f3n de casas","VILLA NUEVA","viviendas propias"],"articleSection":["destacado","Villa Nueva"],"inLanguage":"es","potentialAction":[{"@type":"CommentAction","name":"Comment","target":["http:\/\/elregionalvm.com.ar\/noticias-villa-maria\/barrio-el-vallecito-los-adjudicatarios-villanovenses-ya-conocen-la-ubicacion-de-sus-viviendas\/#respond"]}]},{"@type":"WebPage","@id":"http:\/\/elregionalvm.com.ar\/noticias-villa-maria\/barrio-el-vallecito-los-adjudicatarios-villanovenses-ya-conocen-la-ubicacion-de-sus-viviendas\/","url":"http:\/\/elregionalvm.com.ar\/noticias-villa-maria\/barrio-el-vallecito-los-adjudicatarios-villanovenses-ya-conocen-la-ubicacion-de-sus-viviendas\/","name":"Barrio El Vallecito: Los adjudicatarios villanovenses ya conocen la ubicaci\u00f3n de sus viviendas - El Regional","isPartOf":{"@id":"http:\/\/elregionalvm.com.ar\/noticias-villa-maria\/#website"},"primaryImageOfPage":{"@id":"http:\/\/elregionalvm.com.ar\/noticias-villa-maria\/barrio-el-vallecito-los-adjudicatarios-villanovenses-ya-conocen-la-ubicacion-de-sus-viviendas\/#primaryimage"},"image":{"@id":"http:\/\/elregionalvm.com.ar\/noticias-villa-maria\/barrio-el-vallecito-los-adjudicatarios-villanovenses-ya-conocen-la-ubicacion-de-sus-viviendas\/#primaryimage"},"thumbnailUrl":"https:\/\/i0.wp.com\/elregionalvm.com.ar\/noticias-villa-maria\/wp-content\/uploads\/2022\/11\/WhatsApp-Image-2022-11-09-at-16.46.30.jpeg?fit=1280%2C851&ssl=1","datePublished":"2022-11-09T21:19:01+00:00","dateModified":"2022-11-09T21:36:28+00:00","author":{"@id":"http:\/\/elregionalvm.com.ar\/noticias-villa-maria\/#\/schema\/person\/a0fb9c422317faca23d50163151bc354"},"breadcrumb":{"@id":"http:\/\/elregionalvm.com.ar\/noticias-villa-maria\/barrio-el-vallecito-los-adjudicatarios-villanovenses-ya-conocen-la-ubicacion-de-sus-viviendas\/#breadcrumb"},"inLanguage":"es","potentialAction":[{"@type":"ReadAction","target":["http:\/\/elregionalvm.com.ar\/noticias-villa-maria\/barrio-el-vallecito-los-adjudicatarios-villanovenses-ya-conocen-la-ubicacion-de-sus-viviendas\/"]}]},{"@type":"ImageObject","inLanguage":"es","@id":"http:\/\/elregionalvm.com.ar\/noticias-villa-maria\/barrio-el-vallecito-los-adjudicatarios-villanovenses-ya-conocen-la-ubicacion-de-sus-viviendas\/#primaryimage","url":"https:\/\/i0.wp.com\/elregionalvm.com.ar\/noticias-villa-maria\/wp-content\/uploads\/2022\/11\/WhatsApp-Image-2022-11-09-at-16.46.30.jpeg?fit=1280%2C851&ssl=1","contentUrl":"https:\/\/i0.wp.com\/elregionalvm.com.ar\/noticias-villa-maria\/wp-content\/uploads\/2022\/11\/WhatsApp-Image-2022-11-09-at-16.46.30.jpeg?fit=1280%2C851&ssl=1","width":1280,"height":851},{"@type":"BreadcrumbList","@id":"http:\/\/elregionalvm.com.ar\/noticias-villa-maria\/barrio-el-vallecito-los-adjudicatarios-villanovenses-ya-conocen-la-ubicacion-de-sus-viviendas\/#breadcrumb","itemListElement":[{"@type":"ListItem","position":1,"name":"Portada","item":"https:\/\/elregionalvm.com.ar\/noticias-villa-maria\/"},{"@type":"ListItem","position":2,"name":"Barrio El Vallecito: Los adjudicatarios villanovenses ya conocen la ubicaci\u00f3n de sus viviendas"}]},{"@type":"WebSite","@id":"http:\/\/elregionalvm.com.ar\/noticias-villa-maria\/#website","url":"http:\/\/elregionalvm.com.ar\/noticias-villa-maria\/","name":"El Regional","description":"Mucho m\u00e1s que informaci\u00f3n","potentialAction":[{"@type":"SearchAction","target":{"@type":"EntryPoint","urlTemplate":"http:\/\/elregionalvm.com.ar\/noticias-villa-maria\/?s={search_term_string}"},"query-input":{"@type":"PropertyValueSpecification","valueRequired":true,"valueName":"search_term_string"}}],"inLanguage":"es"},{"@type":"Person","@id":"http:\/\/elregionalvm.com.ar\/noticias-villa-maria\/#\/schema\/person\/a0fb9c422317faca23d50163151bc354","name":"Contenidos El Regional","image":{"@type":"ImageObject","inLanguage":"es","@id":"http:\/\/elregionalvm.com.ar\/noticias-villa-maria\/#\/schema\/person\/image\/","url":"https:\/\/secure.gravatar.com\/avatar\/265b27cb2209af7bb3a1318f03305787d7981a5cc6e6cd08fe5a4ecdf99d4b48?s=96&d=mm&r=g","contentUrl":"https:\/\/secure.gravatar.com\/avatar\/265b27cb2209af7bb3a1318f03305787d7981a5cc6e6cd08fe5a4ecdf99d4b48?s=96&d=mm&r=g","caption":"Contenidos El Regional"},"url":"https:\/\/elregionalvm.com.ar\/noticias-villa-maria\/author\/contenido\/"}]}},"jetpack_featured_media_url":"https:\/\/i0.wp.com\/elregionalvm.com.ar\/noticias-villa-maria\/wp-content\/uploads\/2022\/11\/WhatsApp-Image-2022-11-09-at-16.46.30.jpeg?fit=1280%2C851&ssl=1","jetpack_sharing_enabled":true,"_links":{"self":[{"href":"https:\/\/elregionalvm.com.ar\/noticias-villa-maria\/wp-json\/wp\/v2\/posts\/66975","targetHints":{"allow":["GET"]}}],"collection":[{"href":"https:\/\/elregionalvm.com.ar\/noticias-villa-maria\/wp-json\/wp\/v2\/posts"}],"about":[{"href":"https:\/\/elregionalvm.com.ar\/noticias-villa-maria\/wp-json\/wp\/v2\/types\/post"}],"author":[{"embeddable":true,"href":"https:\/\/elregionalvm.com.ar\/noticias-villa-maria\/wp-json\/wp\/v2\/users\/4"}],"replies":[{"embeddable":true,"href":"https:\/\/elregionalvm.com.ar\/noticias-villa-maria\/wp-json\/wp\/v2\/comments?post=66975"}],"version-history":[{"count":2,"href":"https:\/\/elregionalvm.com.ar\/noticias-villa-maria\/wp-json\/wp\/v2\/posts\/66975\/revisions"}],"predecessor-version":[{"id":66984,"href":"https:\/\/elregionalvm.com.ar\/noticias-villa-maria\/wp-json\/wp\/v2\/posts\/66975\/revisions\/66984"}],"wp:featuredmedia":[{"embeddable":true,"href":"https:\/\/elregionalvm.com.ar\/noticias-villa-maria\/wp-json\/wp\/v2\/media\/66976"}],"wp:attachment":[{"href":"https:\/\/elregionalvm.com.ar\/noticias-villa-maria\/wp-json\/wp\/v2\/media?parent=66975"}],"wp:term":[{"taxonomy":"category","embeddable":true,"href":"https:\/\/elregionalvm.com.ar\/noticias-villa-maria\/wp-json\/wp\/v2\/categories?post=66975"},{"taxonomy":"post_tag","embeddable":true,"href":"https:\/\/elregionalvm.com.ar\/noticias-villa-maria\/wp-json\/wp\/v2\/tags?post=66975"}],"curies":[{"name":"wp","href":"https:\/\/api.w.org\/{rel}","templated":true}]}}