{"id":67182,"date":"2022-11-14T13:55:32","date_gmt":"2022-11-14T13:55:32","guid":{"rendered":"https:\/\/elregionalvm.com.ar\/noticias-villa-maria\/?p=67182"},"modified":"2022-11-18T02:08:13","modified_gmt":"2022-11-18T02:08:13","slug":"historias-julio-roca-y-una-guerra-con-chile-que-parecia-inevitable","status":"publish","type":"post","link":"https:\/\/elregionalvm.com.ar\/noticias-villa-maria\/historias-julio-roca-y-una-guerra-con-chile-que-parecia-inevitable\/","title":{"rendered":"[Historias] Julio Roca y una guerra con Chile que parec\u00eda inevitable"},"content":{"rendered":"\n<p><\/p>\n\n\n\n<p><strong>Escribe: Julio A. Ben\u00edtez \u2013 benitezjulioalberto@gmail.com<\/strong><\/p>\n\n\n\n<p><\/p>\n\n\n\n<p>La historia que trascribimos a continuaci\u00f3n, es una de las tantas situaciones de enfrentamientos b\u00e9licos, que ocurrieron con respecto a los l\u00edmites cordilleranos y de aguas del sur argentino-chilenos, que han tenido fin cuando en el a\u00f1o 1978 intervino el papa Juan Pablo II. Entonces, envi\u00f3 al Cardenal Antonio Samor\u00e9, con cuya invalorable intervenci\u00f3n se lleg\u00f3 a un acuerdo definitivo.<\/p>\n\n\n\n<p>Esta narraci\u00f3n es de la \u00e9poca de la segunda presidencia de Argentina del general Julio Argentino Roca (1898-1904), siendo presidente de Chile el abogado Federico Err\u00e1zuriz Echaurren (1896-1901). La guerra con Chile parec\u00eda inevitable, una de las tantas posibilidades que ocurrieron a trav\u00e9s de los tiempos.<\/p>\n\n\n\n<p>\u201cLos argentinos ten\u00edamos el convencimiento de que aquel pa\u00eds la quer\u00eda, que la ven\u00eda preparando con premeditaci\u00f3n y astucia desde mucho tiempo atr\u00e1s. Adem\u00e1s, est\u00e1bamos convencidos de que Chile era un pueblo batallador, patriota, celoso y envanecido, educado a la alemana, con su renombrado jefe militar General de Divisi\u00f3n Emil Theodor K\u00f6rner Henze, (10\/10\/1846-25\/03\/1920) que hab\u00eda participado en las guerras Austro-Prusiana y Franco-Prusiana y luego en la Guerra Civil Chilena de la d\u00e9cada de 1890, deseoso de mostrar su capacidad como jefe militar en tierras del continente sur de Am\u00e9rica Latina.<\/p>\n\n\n\n<p>Chile dec\u00eda ser la Alemania Sudamericana, como poder militar. Su poderosa escuadra, se consideraba superior a la nuestra. Su diplomacia altanera y prepotente, reflejaba el convencimiento de su incontrastable poder militar.<\/p>\n\n\n\n<p><\/p>\n\n\n\n<figure class=\"wp-block-gallery has-nested-images columns-default is-cropped wp-block-gallery-1 is-layout-flex wp-block-gallery-is-layout-flex\">\n<figure class=\"wp-block-image size-large\"><img data-recalc-dims=\"1\" fetchpriority=\"high\" decoding=\"async\" width=\"893\" height=\"1024\" data-id=\"67186\" src=\"https:\/\/i0.wp.com\/elregionalvm.com.ar\/noticias-villa-maria\/wp-content\/uploads\/2022\/11\/General_Emilio_Korner_Henze_cropped.jpg?resize=893%2C1024&#038;ssl=1\" alt=\"\" class=\"wp-image-67186\" srcset=\"https:\/\/i0.wp.com\/elregionalvm.com.ar\/noticias-villa-maria\/wp-content\/uploads\/2022\/11\/General_Emilio_Korner_Henze_cropped.jpg?resize=893%2C1024&amp;ssl=1 893w, https:\/\/i0.wp.com\/elregionalvm.com.ar\/noticias-villa-maria\/wp-content\/uploads\/2022\/11\/General_Emilio_Korner_Henze_cropped.jpg?resize=262%2C300&amp;ssl=1 262w, https:\/\/i0.wp.com\/elregionalvm.com.ar\/noticias-villa-maria\/wp-content\/uploads\/2022\/11\/General_Emilio_Korner_Henze_cropped.jpg?resize=768%2C880&amp;ssl=1 768w, https:\/\/i0.wp.com\/elregionalvm.com.ar\/noticias-villa-maria\/wp-content\/uploads\/2022\/11\/General_Emilio_Korner_Henze_cropped.jpg?resize=1340%2C1536&amp;ssl=1 1340w, https:\/\/i0.wp.com\/elregionalvm.com.ar\/noticias-villa-maria\/wp-content\/uploads\/2022\/11\/General_Emilio_Korner_Henze_cropped.jpg?resize=1787%2C2048&amp;ssl=1 1787w, https:\/\/i0.wp.com\/elregionalvm.com.ar\/noticias-villa-maria\/wp-content\/uploads\/2022\/11\/General_Emilio_Korner_Henze_cropped.jpg?w=2046&amp;ssl=1 2046w\" sizes=\"(max-width: 893px) 100vw, 893px\" \/><\/figure>\n\n\n\n<figure class=\"wp-block-image size-large\"><img data-recalc-dims=\"1\" decoding=\"async\" width=\"707\" height=\"1024\" data-id=\"67187\" src=\"https:\/\/i0.wp.com\/elregionalvm.com.ar\/noticias-villa-maria\/wp-content\/uploads\/2022\/11\/Julio_roca_portrait.jpg?resize=707%2C1024&#038;ssl=1\" alt=\"\" class=\"wp-image-67187\" srcset=\"https:\/\/i0.wp.com\/elregionalvm.com.ar\/noticias-villa-maria\/wp-content\/uploads\/2022\/11\/Julio_roca_portrait.jpg?resize=707%2C1024&amp;ssl=1 707w, https:\/\/i0.wp.com\/elregionalvm.com.ar\/noticias-villa-maria\/wp-content\/uploads\/2022\/11\/Julio_roca_portrait.jpg?resize=207%2C300&amp;ssl=1 207w, https:\/\/i0.wp.com\/elregionalvm.com.ar\/noticias-villa-maria\/wp-content\/uploads\/2022\/11\/Julio_roca_portrait.jpg?resize=768%2C1113&amp;ssl=1 768w, https:\/\/i0.wp.com\/elregionalvm.com.ar\/noticias-villa-maria\/wp-content\/uploads\/2022\/11\/Julio_roca_portrait.jpg?resize=1060%2C1536&amp;ssl=1 1060w, https:\/\/i0.wp.com\/elregionalvm.com.ar\/noticias-villa-maria\/wp-content\/uploads\/2022\/11\/Julio_roca_portrait.jpg?w=1233&amp;ssl=1 1233w\" sizes=\"(max-width: 707px) 100vw, 707px\" \/><\/figure>\n<figcaption class=\"blocks-gallery-caption\"><em>El General de Divisi\u00f3n Emil Theodor K\u00f6rner Henze y Julio Argentino Roca.<\/em><\/figcaption><\/figure>\n\n\n\n<p><\/p>\n\n\n\n<p><\/p>\n\n\n\n<p>Nosotros, los argentinos, no quisimos admitir o pensar en la posibilidad de que en todo aquello pudiera haber algo de \u201ccamouflage\u201d, y as\u00ed pensando, pod\u00edamos tal vez, equivocarnos. Nos pusimos en guardia, prepar\u00e1ndonos con toda la rapidez posible para afrontar con honor y con gloria la situaci\u00f3n que se nos avecinaba.<\/p>\n\n\n\n<p><strong>Armas a la italiana<\/strong><\/p>\n\n\n\n<p>Nuestro ej\u00e9rcito de tierra se provey\u00f3 de armamento moderno y completo, y nuestra escuadra, que en la emergencia deber\u00eda desempe\u00f1ar un papel importante, quiz\u00e1s decisivo, y que consider\u00e1bamos inferior a la de Chile, fue inmediatamente reforzada con cuatro poderosos barcos acorazados, que nuestra querida gran naci\u00f3n amiga, Italia, nos facilitara en venta mediante la influencia del conde Antonelli y que la casa Brin y Crespi allan\u00f3 los tr\u00e1mites de orden financiero y as\u00ed quedamos en superioridad respecto de Chile.<\/p>\n\n\n\n<p>Gran parte tuvo tambi\u00e9n en este \u00e9xito, nuestro ministro plenipotenciario en Roma, el doctor Enrique Moreno.<\/p>\n\n\n\n<p>El p\u00fablico argentino supo agradecer el gesto de Italia, y ello acrecent\u00f3 la excelente amistad que ya un\u00eda a las dos naciones, y est\u00e1bamos en condiciones de afrontar la grav\u00edsima situaci\u00f3n a la que se nos provocaba.<\/p>\n\n\n\n<p>No ten\u00edamos un general alem\u00e1n K\u00f6rner, pero ten\u00edamos un general criollo, Julio Argentino Roca, presidente de la rep\u00fablica por segunda vez, en quien, tanto el ej\u00e9rcito y la marina como el pueblo argentino, ten\u00edan depositada una fe ciega por su pericia y patriotismo.<\/p>\n\n\n\n<p><\/p>\n\n\n\n<figure class=\"wp-block-image size-large\"><img data-recalc-dims=\"1\" decoding=\"async\" width=\"1024\" height=\"725\" src=\"https:\/\/i0.wp.com\/elregionalvm.com.ar\/noticias-villa-maria\/wp-content\/uploads\/2022\/11\/Barco-acorazado-Garibaldi-epoca-Roca.jpg?resize=1024%2C725&#038;ssl=1\" alt=\"\" class=\"wp-image-67190\" srcset=\"https:\/\/i0.wp.com\/elregionalvm.com.ar\/noticias-villa-maria\/wp-content\/uploads\/2022\/11\/Barco-acorazado-Garibaldi-epoca-Roca.jpg?resize=1024%2C725&amp;ssl=1 1024w, https:\/\/i0.wp.com\/elregionalvm.com.ar\/noticias-villa-maria\/wp-content\/uploads\/2022\/11\/Barco-acorazado-Garibaldi-epoca-Roca.jpg?resize=300%2C212&amp;ssl=1 300w, https:\/\/i0.wp.com\/elregionalvm.com.ar\/noticias-villa-maria\/wp-content\/uploads\/2022\/11\/Barco-acorazado-Garibaldi-epoca-Roca.jpg?resize=768%2C544&amp;ssl=1 768w, https:\/\/i0.wp.com\/elregionalvm.com.ar\/noticias-villa-maria\/wp-content\/uploads\/2022\/11\/Barco-acorazado-Garibaldi-epoca-Roca.jpg?w=1100&amp;ssl=1 1100w\" sizes=\"(max-width: 1000px) 100vw, 1000px\" \/><figcaption><em>La guerra parec\u00eda inminente, pero hubo acuerdo entre ambas naciones. <\/em><\/figcaption><\/figure>\n\n\n\n<p><\/p>\n\n\n\n<p>Uno de nuestros distinguidos jefes, querido general Ignacio H. Fotheringham, ingl\u00e9s de nacimiento, naturalizado argentino en su adolescencia, fue una de las glorias militares que tuvo gran actuaci\u00f3n en nuestras guerras nacionales y civiles, siempre del lago del orden y del poder constituido, a quien, en uno de los momentos m\u00e1s ca\u00f3ticos de nuestras relaciones con Chile, se le ocurri\u00f3 escribir un libro titulado \u201cHistoria de lo que no ha sucedido\u201d, en el que, imaginando estallada la guerra, describ\u00eda las batallas terrestres y navales con admirado colorido y al fin de todo, dejaba el triunfo completamente en la penumbra. Nadie era vencedor.<\/p>\n\n\n\n<p>Otro general chileno, ocult\u00e1ndose en el seud\u00f3nimo, recogi\u00f3 la idea y tambi\u00e9n escribi\u00f3 un libro titulado \u201cHistoria de lo que suceder\u00e1\u201d. Altanero y menos galante que el general argentino, no dej\u00f3 el \u00e9xito final en la penumbra, sino que resultaba derrotada la Argentina.<\/p>\n\n\n\n<p>Todas estas peque\u00f1as cosas, adem\u00e1s de otras inquietantes de parte de los chilenos, como ser algunas incursiones imprudentes en nuestro territorio y el estr\u00e9pito b\u00e9lico del otro lado de la cordillera, contribu\u00edan a exacerbar los \u00e1nimos, haci\u00e9ndonos vivir horas de inquietud.<\/p>\n\n\n\n<p>Nuestros recursos inagotables, la perfecta preparaci\u00f3n de todo el alto personal del ej\u00e9rcito y la marina; la preparaci\u00f3n de los estados mayores; la organizaci\u00f3n de la parte administrativa, que es tan esencial en los ej\u00e9rcitos y la evidente justicia de nuestra parte, que infund\u00eda tanto valor moral, todo contribu\u00eda a afianzar nuestro derecho y nos aseguraba la victoria.<\/p>\n\n\n\n<p><strong>Preparativos, por las dudas<\/strong><\/p>\n\n\n\n<p>Est\u00e1bamos preparados y viv\u00edamos horas agitadas esperando por momentos que una chispa produjera el incendio.<\/p>\n\n\n\n<p>Los argentinos no hemos tenido nunca un esp\u00edritu guerrero, ni turbulento, ni agresivo para con nuestros vecinos ni para nadie. Pero cuando algunas veces fuimos provocados, supimos responder con honor, sin que nuestro glorioso pabell\u00f3n haya sido \u201catado al carro de ning\u00fan vencedor de la tierra\u201d. Y fuimos los que sentamos aquello de que \u201cla victoria no da derechos\u201d.<\/p>\n\n\n\n<p>Con todo, nuestros militares no disimulaban sus ardientes deseos de medirse con K\u00f6rner, el famoso general alem\u00e1n.<\/p>\n\n\n\n<p>Nosotros no precis\u00e1bamos m\u00e1s territorio, Chile s\u00ed lo ambicionaba.<\/p>\n\n\n\n<p>Nuestra r\u00e1pida y formidable preparaci\u00f3n militar evit\u00f3 la guerra. Se realiz\u00f3 aquello de \u201cSivis pacem para Belum\u201d (Si quieres paz, prep\u00e1rate para la guerra).<\/p>\n\n\n\n<p>Si Roca hubiera sido un ambicioso de mayores glorias militares de las que ya ten\u00eda conquistadas sobre los campos de batalla, hubiera aprovechado la oportunidad que se le presentaba. Pero no; no desminti\u00f3 jam\u00e1s su patriotismo.<\/p>\n\n\n\n<p>Ninguna ambici\u00f3n subalterna perturb\u00f3 su clar\u00edsima visi\u00f3n de estadista. Su espada fue siempre civilizadora. Fortalec\u00eda su esp\u00edritu inspir\u00e1ndose y compartiendo con la opini\u00f3n del gran pr\u00f3cer Bartolom\u00e9 Mitre, siempre figura central en los destinos de la Naci\u00f3n, y tambi\u00e9n con otros hombres de importancia, por m\u00e1s que, en todo caso, a \u00e9l \u00fanicamente le hubiera correspondiendo todo el peso de la responsabilidad.<\/p>\n\n\n\n<p>A los que quer\u00edan la guerra, les dijo una vez: \u201cno habiendo afrenta ni odio de por medio, la guerra ser\u00eda un crimen y un error. Tendremos una paz honrosa o haremos la guerra como es debido\u201d.<\/p>\n\n\n\n<p><strong>El arbitraje<\/strong><\/p>\n\n\n\n<p>Cuando en poder de las canciller\u00edas hab\u00edase agotado todo recurso diplom\u00e1tico y segu\u00eda en pie el dilema de la l\u00ednea divisoria, o por las altas cumbres o por el divorcio de las aguas, nuestro Gobierno plante\u00f3 al de Chile: o someter el asunto al fallo inapelable del Gobierno de su Majestad Brit\u00e1nica\u2026 o la guerra.<\/p>\n\n\n\n<p>El arbitraje propuesto fue aceptado por el gobierno de Chile, y ambos pa\u00edses echaron a vuelo las campanas\u2026 &nbsp;\u00a1Triunfaba la cordura y el buen sentido!<\/p>\n\n\n\n<p>Pero esta gran soluci\u00f3n deb\u00eda quedar consagrada con un abrazo de los presidentes de ambos pa\u00edses.<\/p>\n\n\n\n<p>Al efecto, se convino en que las escuadras de cada pa\u00eds, conducir\u00eda a sus respectivos Jefes de Estado, que se encontrar\u00edan en el Estrecho de Magallanes.<\/p>\n\n\n\n<p><\/p>\n\n\n\n<figure class=\"wp-block-image size-large\"><img data-recalc-dims=\"1\" loading=\"lazy\" decoding=\"async\" width=\"1024\" height=\"734\" src=\"https:\/\/i0.wp.com\/elregionalvm.com.ar\/noticias-villa-maria\/wp-content\/uploads\/2022\/11\/Abrazo_del_Estrecho-Chile-Roca.jpg?resize=1024%2C734&#038;ssl=1\" alt=\"\" class=\"wp-image-67191\" srcset=\"https:\/\/i0.wp.com\/elregionalvm.com.ar\/noticias-villa-maria\/wp-content\/uploads\/2022\/11\/Abrazo_del_Estrecho-Chile-Roca.jpg?resize=1024%2C734&amp;ssl=1 1024w, https:\/\/i0.wp.com\/elregionalvm.com.ar\/noticias-villa-maria\/wp-content\/uploads\/2022\/11\/Abrazo_del_Estrecho-Chile-Roca.jpg?resize=300%2C215&amp;ssl=1 300w, https:\/\/i0.wp.com\/elregionalvm.com.ar\/noticias-villa-maria\/wp-content\/uploads\/2022\/11\/Abrazo_del_Estrecho-Chile-Roca.jpg?resize=768%2C550&amp;ssl=1 768w, https:\/\/i0.wp.com\/elregionalvm.com.ar\/noticias-villa-maria\/wp-content\/uploads\/2022\/11\/Abrazo_del_Estrecho-Chile-Roca.jpg?w=1079&amp;ssl=1 1079w\" sizes=\"(max-width: 1000px) 100vw, 1000px\" \/><figcaption><em>El presidente chileno acude al encuentro de Roca. <\/em><\/figcaption><\/figure>\n\n\n\n<p><\/p>\n\n\n\n<p>La escuadra argentina, anticip\u00f3 su salida, y en vez de entrar por el Estrecho, dio vuelta por el Cabo de Hornos y esper\u00f3 a la escuadra chilena en sus propias aguas, acto de audacia, confiado a la pericia del Comodoro Mart\u00edn Rivadavia, que caus\u00f3 admiraci\u00f3n y sorpresa a los marinos chilenos por lo inesperado de la maniobra.<\/p>\n\n\n\n<p>Y tan fue as\u00ed, que los almirantes de Chile no hab\u00edan supuesto la posibilidad de esa traves\u00eda por considerarla casi imposible y muy peligrosa y que el presidente Err\u00e1zuriz, despu\u00e9s de su primera entrevista con Roca, dijo a sus subalternos. \u201cHe venido a firmar la paz con el Presidente argentino. Ustedes no tendr\u00e1n nada que objetar, puesto que hace pocas horas negaban la posibilidad de que sus naves viniesen por donde han venido\u201d.<\/p>\n\n\n\n<p>All\u00ed, los dos presidentes se abrazaron, hist\u00f3rico abrazo que consagr\u00f3 la paz entre estas dos naciones hermanas, evitando el horrendo crimen de la guerra fratricida (Ver foto principal).<\/p>\n\n\n\n<p>Se efectuaron grandes fiestas oficiales a bordo de las naves capitanas, en una noche espl\u00e9ndida, en que los acorazados de ambas escuadras, fondeadas en el puerto de Punta Arenas, girando sus poderosos reflectores iluminaban el cielo, haciendo \u201cparpadear a las estrellas\u201d.<\/p>\n\n\n\n<p>La floreciente ciudad chilena se asoci\u00f3 tambi\u00e9n con un gran baile, ofrecido en honor del Presidente argentino. Cuando la fiesta hubo terminado, el Presidente de Chile se fue a descansar a bordo de su nave capitana y el Presidente argentino se qued\u00f3 a dormir en tierra, en el suntuoso alojamiento que le hab\u00edan preparado.<\/p>\n\n\n\n<p>Al d\u00eda siguiente, se encontraron nuevamente, y tras otro efusivo abrazo, Err\u00e1zuriz le pregunt\u00f3:<\/p>\n\n\n\n<p>-\u00bfC\u00f3mo ha pasado la noche, su Excelencia?<\/p>\n\n\n\n<p>-\u00a1Admirablemente bien! \u2013 respondi\u00f3 Roca. He pasado una de las noches m\u00e1s felices de mi vida y so\u00f1ado con el grandioso porvenir de Chile y el de mi Patria, que de hoy en adelante vivir\u00e1n fraternalmente unidas y entregadas al trabajo fecundo, para engrandecimiento de esta Am\u00e9rica, destinada a un porvenir no lejano a ser la maravilla del Mundo.<\/p>\n\n\n\n<p>Err\u00e1zuriz, respondi\u00f3: &#8211; Ese sue\u00f1o venturoso ser\u00e1 una hermosa realidad\u201d.<\/p>\n\n\n\n<p><\/p>\n\n\n\n<p><\/p>\n\n\n\n<h3 class=\"wp-block-heading\"><strong>Tambi\u00e9n pod\u00e9s leer: <\/strong><\/h3>\n\n\n\n<p><\/p>\n\n\n\n<figure class=\"wp-block-embed is-type-wp-embed is-provider-el-regional wp-block-embed-el-regional\"><div class=\"wp-block-embed__wrapper\">\n<blockquote class=\"wp-embedded-content\" data-secret=\"oqppwYQt6c\"><a href=\"https:\/\/elregionalvm.com.ar\/noticias-villa-maria\/historias-carlos-gardel-y-un-regalo-especial-para-su-vieja\/\">[Historias] Carlos Gardel y un regalo especial para su \u201cVieja\u201d<\/a><\/blockquote><iframe class=\"wp-embedded-content\" sandbox=\"allow-scripts\" security=\"restricted\" style=\"position: absolute; clip: rect(1px, 1px, 1px, 1px);\" title=\"\u00ab[Historias] Carlos Gardel y un regalo especial para su \u201cVieja\u201d\u00bb \u2014 El Regional\" src=\"https:\/\/elregionalvm.com.ar\/noticias-villa-maria\/historias-carlos-gardel-y-un-regalo-especial-para-su-vieja\/embed\/#?secret=qgJY2LZqHC#?secret=oqppwYQt6c\" data-secret=\"oqppwYQt6c\" width=\"500\" height=\"282\" frameborder=\"0\" marginwidth=\"0\" marginheight=\"0\" scrolling=\"no\"><\/iframe>\n<\/div><\/figure>\n\n\n\n<p><\/p>\n\n\n\n<p><\/p>\n\n\n\n<p><em>Fuente: Escribi\u00f3 Julio S. Maldonado \u2013 Libro \u201cEpisodios Argentinos y An\u00e9cdotas\u201d \u2013- Imprenta Talleres Gr\u00e1ficos Sucesi\u00f3n A. Biffignandi \u2013 C\u00f3rdoba \u2013 Marzo de 1940.<\/em><\/p>\n","protected":false},"excerpt":{"rendered":"<p>Escribe: Julio A. Ben\u00edtez \u2013 benitezjulioalberto@gmail.com La historia que trascribimos a continuaci\u00f3n, es una de las tantas situaciones de enfrentamientos b\u00e9licos, que ocurrieron con respecto a los l\u00edmites cordilleranos y de aguas del sur argentino-chilenos, que han tenido fin cuando en el a\u00f1o 1978 intervino el papa Juan Pablo II. Entonces, envi\u00f3 al Cardenal Antonio [&hellip;]<\/p>\n","protected":false},"author":4,"featured_media":67189,"comment_status":"open","ping_status":"open","sticky":false,"template":"","format":"standard","meta":{"site-sidebar-layout":"default","site-content-layout":"","ast-site-content-layout":"default","site-content-style":"default","site-sidebar-style":"default","ast-global-header-display":"","ast-banner-title-visibility":"","ast-main-header-display":"","ast-hfb-above-header-display":"","ast-hfb-below-header-display":"","ast-hfb-mobile-header-display":"","site-post-title":"","ast-breadcrumbs-content":"","ast-featured-img":"","footer-sml-layout":"","ast-disable-related-posts":"","theme-transparent-header-meta":"","adv-header-id-meta":"","stick-header-meta":"","header-above-stick-meta":"","header-main-stick-meta":"","header-below-stick-meta":"","astra-migrate-meta-layouts":"default","ast-page-background-enabled":"default","ast-page-background-meta":{"desktop":{"background-color":"","background-image":"","background-repeat":"repeat","background-position":"center center","background-size":"auto","background-attachment":"scroll","background-type":"","background-media":"","overlay-type":"","overlay-color":"","overlay-opacity":"","overlay-gradient":""},"tablet":{"background-color":"","background-image":"","background-repeat":"repeat","background-position":"center center","background-size":"auto","background-attachment":"scroll","background-type":"","background-media":"","overlay-type":"","overlay-color":"","overlay-opacity":"","overlay-gradient":""},"mobile":{"background-color":"","background-image":"","background-repeat":"repeat","background-position":"center center","background-size":"auto","background-attachment":"scroll","background-type":"","background-media":"","overlay-type":"","overlay-color":"","overlay-opacity":"","overlay-gradient":""}},"ast-content-background-meta":{"desktop":{"background-color":"var(--ast-global-color-5)","background-image":"","background-repeat":"repeat","background-position":"center center","background-size":"auto","background-attachment":"scroll","background-type":"","background-media":"","overlay-type":"","overlay-color":"","overlay-opacity":"","overlay-gradient":""},"tablet":{"background-color":"var(--ast-global-color-5)","background-image":"","background-repeat":"repeat","background-position":"center center","background-size":"auto","background-attachment":"scroll","background-type":"","background-media":"","overlay-type":"","overlay-color":"","overlay-opacity":"","overlay-gradient":""},"mobile":{"background-color":"var(--ast-global-color-5)","background-image":"","background-repeat":"repeat","background-position":"center center","background-size":"auto","background-attachment":"scroll","background-type":"","background-media":"","overlay-type":"","overlay-color":"","overlay-opacity":"","overlay-gradient":""}},"_jetpack_memberships_contains_paid_content":false,"_joinchat":[],"footnotes":""},"categories":[2098,3557],"tags":[19706,2200,19705,30,1386,6597,1666],"class_list":["post-67182","post","type-post","status-publish","format-standard","has-post-thumbnail","hentry","category-historias","category-tercera","tag-arbitraje","tag-chile","tag-cordillera","tag-guerra","tag-historias","tag-julio-argentino-roca","tag-julio-benitez"],"yoast_head":"<!-- This site is optimized with the Yoast SEO plugin v26.8 - https:\/\/yoast.com\/product\/yoast-seo-wordpress\/ -->\n<title>[Historias] Julio Roca y una guerra con Chile que parec\u00eda inevitable - El Regional<\/title>\n<meta name=\"robots\" content=\"index, follow, max-snippet:-1, max-image-preview:large, max-video-preview:-1\" \/>\n<link rel=\"canonical\" href=\"http:\/\/elregionalvm.com.ar\/noticias-villa-maria\/historias-julio-roca-y-una-guerra-con-chile-que-parecia-inevitable\/\" \/>\n<meta property=\"og:locale\" content=\"es_ES\" \/>\n<meta property=\"og:type\" content=\"article\" \/>\n<meta property=\"og:title\" content=\"[Historias] Julio Roca y una guerra con Chile que parec\u00eda inevitable - El Regional\" \/>\n<meta property=\"og:description\" content=\"Escribe: Julio A. Ben\u00edtez \u2013 benitezjulioalberto@gmail.com La historia que trascribimos a continuaci\u00f3n, es una de las tantas situaciones de enfrentamientos b\u00e9licos, que ocurrieron con respecto a los l\u00edmites cordilleranos y de aguas del sur argentino-chilenos, que han tenido fin cuando en el a\u00f1o 1978 intervino el papa Juan Pablo II. Entonces, envi\u00f3 al Cardenal Antonio [&hellip;]\" \/>\n<meta property=\"og:url\" content=\"http:\/\/elregionalvm.com.ar\/noticias-villa-maria\/historias-julio-roca-y-una-guerra-con-chile-que-parecia-inevitable\/\" \/>\n<meta property=\"og:site_name\" content=\"El Regional\" \/>\n<meta property=\"article:publisher\" content=\"https:\/\/www.facebook.com\/elregionalvm\" \/>\n<meta property=\"article:published_time\" content=\"2022-11-14T13:55:32+00:00\" \/>\n<meta property=\"article:modified_time\" content=\"2022-11-18T02:08:13+00:00\" \/>\n<meta property=\"og:image\" content=\"http:\/\/elregionalvm.com.ar\/noticias-villa-maria\/wp-content\/uploads\/2022\/11\/Chile-abrazo-del-estrecho-de-Magallanes-Roca-1024x693.jpg\" \/>\n\t<meta property=\"og:image:width\" content=\"1024\" \/>\n\t<meta property=\"og:image:height\" content=\"693\" \/>\n\t<meta property=\"og:image:type\" content=\"image\/jpeg\" \/>\n<meta name=\"author\" content=\"Contenidos El Regional\" \/>\n<meta name=\"twitter:card\" content=\"summary_large_image\" \/>\n<meta name=\"twitter:creator\" content=\"@elregionalvm1\" \/>\n<meta name=\"twitter:site\" content=\"@elregionalvm1\" \/>\n<meta name=\"twitter:label1\" content=\"Escrito por\" \/>\n\t<meta name=\"twitter:data1\" content=\"Contenidos El Regional\" \/>\n\t<meta name=\"twitter:label2\" content=\"Tiempo de lectura\" \/>\n\t<meta name=\"twitter:data2\" content=\"8 minutos\" \/>\n<script type=\"application\/ld+json\" class=\"yoast-schema-graph\">{\"@context\":\"https:\/\/schema.org\",\"@graph\":[{\"@type\":\"Article\",\"@id\":\"http:\/\/elregionalvm.com.ar\/noticias-villa-maria\/historias-julio-roca-y-una-guerra-con-chile-que-parecia-inevitable\/#article\",\"isPartOf\":{\"@id\":\"http:\/\/elregionalvm.com.ar\/noticias-villa-maria\/historias-julio-roca-y-una-guerra-con-chile-que-parecia-inevitable\/\"},\"author\":{\"name\":\"Contenidos El Regional\",\"@id\":\"http:\/\/elregionalvm.com.ar\/noticias-villa-maria\/#\/schema\/person\/a0fb9c422317faca23d50163151bc354\"},\"headline\":\"[Historias] Julio Roca y una guerra con Chile que parec\u00eda inevitable\",\"datePublished\":\"2022-11-14T13:55:32+00:00\",\"dateModified\":\"2022-11-18T02:08:13+00:00\",\"mainEntityOfPage\":{\"@id\":\"http:\/\/elregionalvm.com.ar\/noticias-villa-maria\/historias-julio-roca-y-una-guerra-con-chile-que-parecia-inevitable\/\"},\"wordCount\":1647,\"commentCount\":0,\"image\":{\"@id\":\"http:\/\/elregionalvm.com.ar\/noticias-villa-maria\/historias-julio-roca-y-una-guerra-con-chile-que-parecia-inevitable\/#primaryimage\"},\"thumbnailUrl\":\"https:\/\/i0.wp.com\/elregionalvm.com.ar\/noticias-villa-maria\/wp-content\/uploads\/2022\/11\/Chile-abrazo-del-estrecho-de-Magallanes-Roca.jpg?fit=1200%2C812&ssl=1\",\"keywords\":[\"arbitraje\",\"Chile\",\"cordillera\",\"guerra\",\"historias\",\"Julio Argentino Roca\",\"Julio Ben\u00edtez\"],\"articleSection\":[\"Historias\",\"tercera\"],\"inLanguage\":\"es\",\"potentialAction\":[{\"@type\":\"CommentAction\",\"name\":\"Comment\",\"target\":[\"http:\/\/elregionalvm.com.ar\/noticias-villa-maria\/historias-julio-roca-y-una-guerra-con-chile-que-parecia-inevitable\/#respond\"]}]},{\"@type\":\"WebPage\",\"@id\":\"http:\/\/elregionalvm.com.ar\/noticias-villa-maria\/historias-julio-roca-y-una-guerra-con-chile-que-parecia-inevitable\/\",\"url\":\"http:\/\/elregionalvm.com.ar\/noticias-villa-maria\/historias-julio-roca-y-una-guerra-con-chile-que-parecia-inevitable\/\",\"name\":\"[Historias] Julio Roca y una guerra con Chile que parec\u00eda inevitable - El Regional\",\"isPartOf\":{\"@id\":\"http:\/\/elregionalvm.com.ar\/noticias-villa-maria\/#website\"},\"primaryImageOfPage\":{\"@id\":\"http:\/\/elregionalvm.com.ar\/noticias-villa-maria\/historias-julio-roca-y-una-guerra-con-chile-que-parecia-inevitable\/#primaryimage\"},\"image\":{\"@id\":\"http:\/\/elregionalvm.com.ar\/noticias-villa-maria\/historias-julio-roca-y-una-guerra-con-chile-que-parecia-inevitable\/#primaryimage\"},\"thumbnailUrl\":\"https:\/\/i0.wp.com\/elregionalvm.com.ar\/noticias-villa-maria\/wp-content\/uploads\/2022\/11\/Chile-abrazo-del-estrecho-de-Magallanes-Roca.jpg?fit=1200%2C812&ssl=1\",\"datePublished\":\"2022-11-14T13:55:32+00:00\",\"dateModified\":\"2022-11-18T02:08:13+00:00\",\"author\":{\"@id\":\"http:\/\/elregionalvm.com.ar\/noticias-villa-maria\/#\/schema\/person\/a0fb9c422317faca23d50163151bc354\"},\"breadcrumb\":{\"@id\":\"http:\/\/elregionalvm.com.ar\/noticias-villa-maria\/historias-julio-roca-y-una-guerra-con-chile-que-parecia-inevitable\/#breadcrumb\"},\"inLanguage\":\"es\",\"potentialAction\":[{\"@type\":\"ReadAction\",\"target\":[\"http:\/\/elregionalvm.com.ar\/noticias-villa-maria\/historias-julio-roca-y-una-guerra-con-chile-que-parecia-inevitable\/\"]}]},{\"@type\":\"ImageObject\",\"inLanguage\":\"es\",\"@id\":\"http:\/\/elregionalvm.com.ar\/noticias-villa-maria\/historias-julio-roca-y-una-guerra-con-chile-que-parecia-inevitable\/#primaryimage\",\"url\":\"https:\/\/i0.wp.com\/elregionalvm.com.ar\/noticias-villa-maria\/wp-content\/uploads\/2022\/11\/Chile-abrazo-del-estrecho-de-Magallanes-Roca.jpg?fit=1200%2C812&ssl=1\",\"contentUrl\":\"https:\/\/i0.wp.com\/elregionalvm.com.ar\/noticias-villa-maria\/wp-content\/uploads\/2022\/11\/Chile-abrazo-del-estrecho-de-Magallanes-Roca.jpg?fit=1200%2C812&ssl=1\",\"width\":1200,\"height\":812},{\"@type\":\"BreadcrumbList\",\"@id\":\"http:\/\/elregionalvm.com.ar\/noticias-villa-maria\/historias-julio-roca-y-una-guerra-con-chile-que-parecia-inevitable\/#breadcrumb\",\"itemListElement\":[{\"@type\":\"ListItem\",\"position\":1,\"name\":\"Portada\",\"item\":\"https:\/\/elregionalvm.com.ar\/noticias-villa-maria\/\"},{\"@type\":\"ListItem\",\"position\":2,\"name\":\"[Historias] Julio Roca y una guerra con Chile que parec\u00eda inevitable\"}]},{\"@type\":\"WebSite\",\"@id\":\"http:\/\/elregionalvm.com.ar\/noticias-villa-maria\/#website\",\"url\":\"http:\/\/elregionalvm.com.ar\/noticias-villa-maria\/\",\"name\":\"El Regional\",\"description\":\"Mucho m\u00e1s que informaci\u00f3n\",\"potentialAction\":[{\"@type\":\"SearchAction\",\"target\":{\"@type\":\"EntryPoint\",\"urlTemplate\":\"http:\/\/elregionalvm.com.ar\/noticias-villa-maria\/?s={search_term_string}\"},\"query-input\":{\"@type\":\"PropertyValueSpecification\",\"valueRequired\":true,\"valueName\":\"search_term_string\"}}],\"inLanguage\":\"es\"},{\"@type\":\"Person\",\"@id\":\"http:\/\/elregionalvm.com.ar\/noticias-villa-maria\/#\/schema\/person\/a0fb9c422317faca23d50163151bc354\",\"name\":\"Contenidos El Regional\",\"image\":{\"@type\":\"ImageObject\",\"inLanguage\":\"es\",\"@id\":\"http:\/\/elregionalvm.com.ar\/noticias-villa-maria\/#\/schema\/person\/image\/\",\"url\":\"https:\/\/secure.gravatar.com\/avatar\/265b27cb2209af7bb3a1318f03305787d7981a5cc6e6cd08fe5a4ecdf99d4b48?s=96&d=mm&r=g\",\"contentUrl\":\"https:\/\/secure.gravatar.com\/avatar\/265b27cb2209af7bb3a1318f03305787d7981a5cc6e6cd08fe5a4ecdf99d4b48?s=96&d=mm&r=g\",\"caption\":\"Contenidos El Regional\"},\"url\":\"https:\/\/elregionalvm.com.ar\/noticias-villa-maria\/author\/contenido\/\"}]}<\/script>\n<!-- \/ Yoast SEO plugin. -->","yoast_head_json":{"title":"[Historias] Julio Roca y una guerra con Chile que parec\u00eda inevitable - El Regional","robots":{"index":"index","follow":"follow","max-snippet":"max-snippet:-1","max-image-preview":"max-image-preview:large","max-video-preview":"max-video-preview:-1"},"canonical":"http:\/\/elregionalvm.com.ar\/noticias-villa-maria\/historias-julio-roca-y-una-guerra-con-chile-que-parecia-inevitable\/","og_locale":"es_ES","og_type":"article","og_title":"[Historias] Julio Roca y una guerra con Chile que parec\u00eda inevitable - El Regional","og_description":"Escribe: Julio A. Ben\u00edtez \u2013 benitezjulioalberto@gmail.com La historia que trascribimos a continuaci\u00f3n, es una de las tantas situaciones de enfrentamientos b\u00e9licos, que ocurrieron con respecto a los l\u00edmites cordilleranos y de aguas del sur argentino-chilenos, que han tenido fin cuando en el a\u00f1o 1978 intervino el papa Juan Pablo II. Entonces, envi\u00f3 al Cardenal Antonio [&hellip;]","og_url":"http:\/\/elregionalvm.com.ar\/noticias-villa-maria\/historias-julio-roca-y-una-guerra-con-chile-que-parecia-inevitable\/","og_site_name":"El Regional","article_publisher":"https:\/\/www.facebook.com\/elregionalvm","article_published_time":"2022-11-14T13:55:32+00:00","article_modified_time":"2022-11-18T02:08:13+00:00","og_image":[{"width":1024,"height":693,"url":"http:\/\/elregionalvm.com.ar\/noticias-villa-maria\/wp-content\/uploads\/2022\/11\/Chile-abrazo-del-estrecho-de-Magallanes-Roca-1024x693.jpg","type":"image\/jpeg"}],"author":"Contenidos El Regional","twitter_card":"summary_large_image","twitter_creator":"@elregionalvm1","twitter_site":"@elregionalvm1","twitter_misc":{"Escrito por":"Contenidos El Regional","Tiempo de lectura":"8 minutos"},"schema":{"@context":"https:\/\/schema.org","@graph":[{"@type":"Article","@id":"http:\/\/elregionalvm.com.ar\/noticias-villa-maria\/historias-julio-roca-y-una-guerra-con-chile-que-parecia-inevitable\/#article","isPartOf":{"@id":"http:\/\/elregionalvm.com.ar\/noticias-villa-maria\/historias-julio-roca-y-una-guerra-con-chile-que-parecia-inevitable\/"},"author":{"name":"Contenidos El Regional","@id":"http:\/\/elregionalvm.com.ar\/noticias-villa-maria\/#\/schema\/person\/a0fb9c422317faca23d50163151bc354"},"headline":"[Historias] Julio Roca y una guerra con Chile que parec\u00eda inevitable","datePublished":"2022-11-14T13:55:32+00:00","dateModified":"2022-11-18T02:08:13+00:00","mainEntityOfPage":{"@id":"http:\/\/elregionalvm.com.ar\/noticias-villa-maria\/historias-julio-roca-y-una-guerra-con-chile-que-parecia-inevitable\/"},"wordCount":1647,"commentCount":0,"image":{"@id":"http:\/\/elregionalvm.com.ar\/noticias-villa-maria\/historias-julio-roca-y-una-guerra-con-chile-que-parecia-inevitable\/#primaryimage"},"thumbnailUrl":"https:\/\/i0.wp.com\/elregionalvm.com.ar\/noticias-villa-maria\/wp-content\/uploads\/2022\/11\/Chile-abrazo-del-estrecho-de-Magallanes-Roca.jpg?fit=1200%2C812&ssl=1","keywords":["arbitraje","Chile","cordillera","guerra","historias","Julio Argentino Roca","Julio Ben\u00edtez"],"articleSection":["Historias","tercera"],"inLanguage":"es","potentialAction":[{"@type":"CommentAction","name":"Comment","target":["http:\/\/elregionalvm.com.ar\/noticias-villa-maria\/historias-julio-roca-y-una-guerra-con-chile-que-parecia-inevitable\/#respond"]}]},{"@type":"WebPage","@id":"http:\/\/elregionalvm.com.ar\/noticias-villa-maria\/historias-julio-roca-y-una-guerra-con-chile-que-parecia-inevitable\/","url":"http:\/\/elregionalvm.com.ar\/noticias-villa-maria\/historias-julio-roca-y-una-guerra-con-chile-que-parecia-inevitable\/","name":"[Historias] Julio Roca y una guerra con Chile que parec\u00eda inevitable - El Regional","isPartOf":{"@id":"http:\/\/elregionalvm.com.ar\/noticias-villa-maria\/#website"},"primaryImageOfPage":{"@id":"http:\/\/elregionalvm.com.ar\/noticias-villa-maria\/historias-julio-roca-y-una-guerra-con-chile-que-parecia-inevitable\/#primaryimage"},"image":{"@id":"http:\/\/elregionalvm.com.ar\/noticias-villa-maria\/historias-julio-roca-y-una-guerra-con-chile-que-parecia-inevitable\/#primaryimage"},"thumbnailUrl":"https:\/\/i0.wp.com\/elregionalvm.com.ar\/noticias-villa-maria\/wp-content\/uploads\/2022\/11\/Chile-abrazo-del-estrecho-de-Magallanes-Roca.jpg?fit=1200%2C812&ssl=1","datePublished":"2022-11-14T13:55:32+00:00","dateModified":"2022-11-18T02:08:13+00:00","author":{"@id":"http:\/\/elregionalvm.com.ar\/noticias-villa-maria\/#\/schema\/person\/a0fb9c422317faca23d50163151bc354"},"breadcrumb":{"@id":"http:\/\/elregionalvm.com.ar\/noticias-villa-maria\/historias-julio-roca-y-una-guerra-con-chile-que-parecia-inevitable\/#breadcrumb"},"inLanguage":"es","potentialAction":[{"@type":"ReadAction","target":["http:\/\/elregionalvm.com.ar\/noticias-villa-maria\/historias-julio-roca-y-una-guerra-con-chile-que-parecia-inevitable\/"]}]},{"@type":"ImageObject","inLanguage":"es","@id":"http:\/\/elregionalvm.com.ar\/noticias-villa-maria\/historias-julio-roca-y-una-guerra-con-chile-que-parecia-inevitable\/#primaryimage","url":"https:\/\/i0.wp.com\/elregionalvm.com.ar\/noticias-villa-maria\/wp-content\/uploads\/2022\/11\/Chile-abrazo-del-estrecho-de-Magallanes-Roca.jpg?fit=1200%2C812&ssl=1","contentUrl":"https:\/\/i0.wp.com\/elregionalvm.com.ar\/noticias-villa-maria\/wp-content\/uploads\/2022\/11\/Chile-abrazo-del-estrecho-de-Magallanes-Roca.jpg?fit=1200%2C812&ssl=1","width":1200,"height":812},{"@type":"BreadcrumbList","@id":"http:\/\/elregionalvm.com.ar\/noticias-villa-maria\/historias-julio-roca-y-una-guerra-con-chile-que-parecia-inevitable\/#breadcrumb","itemListElement":[{"@type":"ListItem","position":1,"name":"Portada","item":"https:\/\/elregionalvm.com.ar\/noticias-villa-maria\/"},{"@type":"ListItem","position":2,"name":"[Historias] Julio Roca y una guerra con Chile que parec\u00eda inevitable"}]},{"@type":"WebSite","@id":"http:\/\/elregionalvm.com.ar\/noticias-villa-maria\/#website","url":"http:\/\/elregionalvm.com.ar\/noticias-villa-maria\/","name":"El Regional","description":"Mucho m\u00e1s que informaci\u00f3n","potentialAction":[{"@type":"SearchAction","target":{"@type":"EntryPoint","urlTemplate":"http:\/\/elregionalvm.com.ar\/noticias-villa-maria\/?s={search_term_string}"},"query-input":{"@type":"PropertyValueSpecification","valueRequired":true,"valueName":"search_term_string"}}],"inLanguage":"es"},{"@type":"Person","@id":"http:\/\/elregionalvm.com.ar\/noticias-villa-maria\/#\/schema\/person\/a0fb9c422317faca23d50163151bc354","name":"Contenidos El Regional","image":{"@type":"ImageObject","inLanguage":"es","@id":"http:\/\/elregionalvm.com.ar\/noticias-villa-maria\/#\/schema\/person\/image\/","url":"https:\/\/secure.gravatar.com\/avatar\/265b27cb2209af7bb3a1318f03305787d7981a5cc6e6cd08fe5a4ecdf99d4b48?s=96&d=mm&r=g","contentUrl":"https:\/\/secure.gravatar.com\/avatar\/265b27cb2209af7bb3a1318f03305787d7981a5cc6e6cd08fe5a4ecdf99d4b48?s=96&d=mm&r=g","caption":"Contenidos El Regional"},"url":"https:\/\/elregionalvm.com.ar\/noticias-villa-maria\/author\/contenido\/"}]}},"jetpack_featured_media_url":"https:\/\/i0.wp.com\/elregionalvm.com.ar\/noticias-villa-maria\/wp-content\/uploads\/2022\/11\/Chile-abrazo-del-estrecho-de-Magallanes-Roca.jpg?fit=1200%2C812&ssl=1","jetpack_sharing_enabled":true,"_links":{"self":[{"href":"https:\/\/elregionalvm.com.ar\/noticias-villa-maria\/wp-json\/wp\/v2\/posts\/67182","targetHints":{"allow":["GET"]}}],"collection":[{"href":"https:\/\/elregionalvm.com.ar\/noticias-villa-maria\/wp-json\/wp\/v2\/posts"}],"about":[{"href":"https:\/\/elregionalvm.com.ar\/noticias-villa-maria\/wp-json\/wp\/v2\/types\/post"}],"author":[{"embeddable":true,"href":"https:\/\/elregionalvm.com.ar\/noticias-villa-maria\/wp-json\/wp\/v2\/users\/4"}],"replies":[{"embeddable":true,"href":"https:\/\/elregionalvm.com.ar\/noticias-villa-maria\/wp-json\/wp\/v2\/comments?post=67182"}],"version-history":[{"count":5,"href":"https:\/\/elregionalvm.com.ar\/noticias-villa-maria\/wp-json\/wp\/v2\/posts\/67182\/revisions"}],"predecessor-version":[{"id":67194,"href":"https:\/\/elregionalvm.com.ar\/noticias-villa-maria\/wp-json\/wp\/v2\/posts\/67182\/revisions\/67194"}],"wp:featuredmedia":[{"embeddable":true,"href":"https:\/\/elregionalvm.com.ar\/noticias-villa-maria\/wp-json\/wp\/v2\/media\/67189"}],"wp:attachment":[{"href":"https:\/\/elregionalvm.com.ar\/noticias-villa-maria\/wp-json\/wp\/v2\/media?parent=67182"}],"wp:term":[{"taxonomy":"category","embeddable":true,"href":"https:\/\/elregionalvm.com.ar\/noticias-villa-maria\/wp-json\/wp\/v2\/categories?post=67182"},{"taxonomy":"post_tag","embeddable":true,"href":"https:\/\/elregionalvm.com.ar\/noticias-villa-maria\/wp-json\/wp\/v2\/tags?post=67182"}],"curies":[{"name":"wp","href":"https:\/\/api.w.org\/{rel}","templated":true}]}}