{"id":67660,"date":"2022-11-23T01:46:26","date_gmt":"2022-11-23T01:46:26","guid":{"rendered":"https:\/\/elregionalvm.com.ar\/noticias-villa-maria\/?p=67660"},"modified":"2022-11-26T01:35:51","modified_gmt":"2022-11-26T01:35:51","slug":"qatar-2022-el-jugador-argentino-que-impulso-la-creacion-de-las-tarjetas-roja-y-amarilla-video","status":"publish","type":"post","link":"https:\/\/elregionalvm.com.ar\/noticias-villa-maria\/qatar-2022-el-jugador-argentino-que-impulso-la-creacion-de-las-tarjetas-roja-y-amarilla-video\/","title":{"rendered":"[Qatar 2022] El jugador argentino que \u201cimpuls\u00f3\u201d la creaci\u00f3n de las tarjetas roja y amarilla (Video)"},"content":{"rendered":"\n<p><\/p>\n\n\n\n<h3 class=\"wp-block-heading\"><strong>En la Copa del Mundo de M\u00e9xico 1970 se usaron por primera vez las tarjetas amarillas y rojas. Pero, \u00bfpor qu\u00e9 comenz\u00f3 a usarse este sistema de sanci\u00f3n de las faltas?<\/strong><\/h3>\n\n\n\n<p><\/p>\n\n\n\n<p>En esta historia tuvo mucho que ver un reconocido jugador de la selecci\u00f3n argentina. Antonio Ubaldo Ratt\u00edn modific\u00f3 la historia del f\u00fatbol: por el jugador de Boca, por un episodio que protagoniz\u00f3 en el Mundial de 1966, jugando con la camiseta de Argentina, se inventaron las tarjetas en el deporte, y se empezaron a usar en la Copa del Mundo de 1970. Fue un cambio de reglamento que revolucion\u00f3 la manera de jugar e interpretar los partidos.<\/p>\n\n\n\n<p>Hay que viajar hasta los cuartos de final del torneo disputado en Inglaterra, cuatro a\u00f1os antes de la implementaci\u00f3n de las tarjetas, para entender mejor esta historia. El seleccionado local se med\u00eda contra el conjunto celeste y blanco en el estadio de Wembley, con 90 mil espectadores.<\/p>\n\n\n\n<p>El capit\u00e1n argentino, fastidiado por los fallos del \u00e1rbitro alem\u00e1n Rudolf Kreitlein, lleg\u00f3 a pedir un int\u00e9rprete para poder comunicarse con el juez y trasladarle as\u00ed su descontento con la mayor\u00eda de las medidas.<\/p>\n\n\n\n<p><\/p>\n\n\n\n<figure class=\"wp-block-image size-large\"><img data-recalc-dims=\"1\" fetchpriority=\"high\" decoding=\"async\" width=\"1024\" height=\"576\" src=\"https:\/\/i0.wp.com\/elregionalvm.com.ar\/noticias-villa-maria\/wp-content\/uploads\/2022\/11\/Rattin-arbitro-expulsion-1.jpg?resize=1024%2C576&#038;ssl=1\" alt=\"\" class=\"wp-image-67664\" srcset=\"https:\/\/i0.wp.com\/elregionalvm.com.ar\/noticias-villa-maria\/wp-content\/uploads\/2022\/11\/Rattin-arbitro-expulsion-1.jpg?resize=1024%2C576&amp;ssl=1 1024w, https:\/\/i0.wp.com\/elregionalvm.com.ar\/noticias-villa-maria\/wp-content\/uploads\/2022\/11\/Rattin-arbitro-expulsion-1.jpg?resize=300%2C169&amp;ssl=1 300w, https:\/\/i0.wp.com\/elregionalvm.com.ar\/noticias-villa-maria\/wp-content\/uploads\/2022\/11\/Rattin-arbitro-expulsion-1.jpg?resize=768%2C432&amp;ssl=1 768w, https:\/\/i0.wp.com\/elregionalvm.com.ar\/noticias-villa-maria\/wp-content\/uploads\/2022\/11\/Rattin-arbitro-expulsion-1.jpg?w=1200&amp;ssl=1 1200w\" sizes=\"(max-width: 1000px) 100vw, 1000px\" \/><figcaption><em>El \u00e1rbitro expulsa a Ratt\u00edn ante miles de personas en Wembley. <\/em><\/figcaption><\/figure>\n\n\n\n<p><\/p>\n\n\n\n<p><strong>Expulsi\u00f3n y pol\u00e9mica<\/strong><\/p>\n\n\n\n<p>Pero, el propio colegiado lo termin\u00f3 expulsando, argumentando \u201cviolencia verbal\u201d del futbolista y explicando luego que, adem\u00e1s, lo hab\u00eda mirado \u201cde forma malintencionada\u201d.<\/p>\n\n\n\n<p>\u201c\u00a1Afuera!\u201d, exclamaba Kreitlein y le se\u00f1alaba el camino a los vestuarios, pero Ratt\u00edn, furioso, permaneci\u00f3 en el campo por los siguientes 10 minutos. Insist\u00eda por la presencia de un int\u00e9rprete, para saber el porqu\u00e9 de la decisi\u00f3n del \u00e1rbitro, pero esto finalmente no ocurri\u00f3. Todo fue muy desprolijo y colmado de pol\u00e9micas.<\/p>\n\n\n\n<p>El colegiado informar\u00eda despu\u00e9s que la causal de expulsi\u00f3n fue porque \u201cme mir\u00f3 con mala intenci\u00f3n, por eso me di cuenta de que me hab\u00eda insultado\u201d.<\/p>\n\n\n\n<p>En ese partido habr\u00eda otras pol\u00e9micas. Seg\u00fan cuenta la leyenda, tras su expulsi\u00f3n, Ratt\u00edn se sent\u00f3 en la alfombra de la reina, luego estruj\u00f3 la bandera que estaba en el c\u00f3rner y cuando se retiraba le tiraban latas de cerveza. Solo se pudo comprobar lo que hizo con la bandera local.<\/p>\n\n\n\n<p><\/p>\n\n\n\n<figure class=\"wp-block-image size-large\"><img data-recalc-dims=\"1\" decoding=\"async\" width=\"1024\" height=\"576\" src=\"https:\/\/i0.wp.com\/elregionalvm.com.ar\/noticias-villa-maria\/wp-content\/uploads\/2022\/11\/Expulsion-Rattin-banderin-ingles.jpg?resize=1024%2C576&#038;ssl=1\" alt=\"\" class=\"wp-image-67663\" srcset=\"https:\/\/i0.wp.com\/elregionalvm.com.ar\/noticias-villa-maria\/wp-content\/uploads\/2022\/11\/Expulsion-Rattin-banderin-ingles.jpg?resize=1024%2C576&amp;ssl=1 1024w, https:\/\/i0.wp.com\/elregionalvm.com.ar\/noticias-villa-maria\/wp-content\/uploads\/2022\/11\/Expulsion-Rattin-banderin-ingles.jpg?resize=300%2C169&amp;ssl=1 300w, https:\/\/i0.wp.com\/elregionalvm.com.ar\/noticias-villa-maria\/wp-content\/uploads\/2022\/11\/Expulsion-Rattin-banderin-ingles.jpg?resize=768%2C432&amp;ssl=1 768w, https:\/\/i0.wp.com\/elregionalvm.com.ar\/noticias-villa-maria\/wp-content\/uploads\/2022\/11\/Expulsion-Rattin-banderin-ingles.jpg?resize=1536%2C864&amp;ssl=1 1536w, https:\/\/i0.wp.com\/elregionalvm.com.ar\/noticias-villa-maria\/wp-content\/uploads\/2022\/11\/Expulsion-Rattin-banderin-ingles.jpg?w=1920&amp;ssl=1 1920w\" sizes=\"(max-width: 1000px) 100vw, 1000px\" \/><figcaption><em>El jugador argentino estruji\u00f3 el bander\u00edn ingl\u00e9s cuando se retiraba del campo. <\/em><\/figcaption><\/figure>\n\n\n\n<p><\/p>\n\n\n\n<p><\/p>\n\n\n\n<h3 class=\"wp-block-heading\"><strong>Mir\u00e1 el video: <\/strong><\/h3>\n\n\n\n<p><\/p>\n\n\n\n<figure class=\"wp-block-embed is-type-video is-provider-youtube wp-block-embed-youtube wp-embed-aspect-16-9 wp-has-aspect-ratio\"><div class=\"wp-block-embed__wrapper\">\n<iframe title=\"EXPULSI\u00d3N DE ANTONIO RATT\u00cdN WEMBLEY 1966\" width=\"500\" height=\"281\" src=\"https:\/\/www.youtube.com\/embed\/OmhXwoAXn0A?feature=oembed\" frameborder=\"0\" allow=\"accelerometer; autoplay; clipboard-write; encrypted-media; gyroscope; picture-in-picture; web-share\" referrerpolicy=\"strict-origin-when-cross-origin\" allowfullscreen><\/iframe>\n<\/div><\/figure>\n\n\n\n<p><\/p>\n\n\n\n<p><strong>Nuevo sistema<\/strong><\/p>\n\n\n\n<p>El episodio, repleto de pol\u00e9micas, gener\u00f3 nuevos planteos y, desde la FIFA, con el presidente (el ingl\u00e9s Sir Stanley Rous) a la cabeza, comenzaron a estudiar nuevas formas de comunicar resoluciones disciplinarias, sin la necesidad de los gestos y de los idiomas.<\/p>\n\n\n\n<p>\u00bfEl resultado? El invento de la tarjeta amarilla y de la tarjeta roja para el Mundial de M\u00e9xico 70. All\u00ed, en tierra azteca, el \u00e1rbitro alem\u00e1n Kurt Tschenscher fue el primero en mostrar una cartulina: fue amonestado Evgeny Lovchev, futbolista de la Uni\u00f3n Sovi\u00e9tica, en el encuentro inaugural contra el seleccionado local.<\/p>\n\n\n\n<p>La experiencia dice que la nueva herramienta con la que contaron los \u00e1rbitros del mundo result\u00f3 de gran ayuda para un buen control del juego. Y los libros cuentan que el art\u00edfice de la invenci\u00f3n de las mismas, aunque sin intenci\u00f3n, fue un argentino: Antonio Ratt\u00edn.<\/p>\n\n\n\n<p>Tambi\u00e9n los libros dicen que otro argentino tambi\u00e9n fue el encargado de estrenar las tarjetas rojas en una final del Mundial: Pedro Dami\u00e1n Monz\u00f3n durante Italia 90 tras una dura entrada a J\u00fcrguen Klinsmann.<\/p>\n\n\n\n<p>Y el resto, es historia. Hasta que inventaron el VAR.<\/p>\n\n\n\n<p>Pero, esa es otra historia, \u00bfno?<\/p>\n\n\n\n<p><\/p>\n\n\n\n<p><\/p>\n\n\n\n<h3 class=\"wp-block-heading\"><strong>Tambi\u00e9n pod\u00e9s leer: <\/strong><\/h3>\n\n\n\n<p><\/p>\n\n\n\n<p><\/p>\n\n\n\n<figure class=\"wp-block-embed is-type-wp-embed is-provider-el-regional wp-block-embed-el-regional\"><div class=\"wp-block-embed__wrapper\">\n<blockquote class=\"wp-embedded-content\" data-secret=\"5piP3KS5YE\"><a href=\"https:\/\/elregionalvm.com.ar\/noticias-villa-maria\/qatar-2022-los-records-que-se-pueden-romper-en-este-mundial\/\">[Qatar 2022] Los r\u00e9cords que se pueden romper en este Mundial<\/a><\/blockquote><iframe class=\"wp-embedded-content\" sandbox=\"allow-scripts\" security=\"restricted\" style=\"position: absolute; clip: rect(1px, 1px, 1px, 1px);\" title=\"\u00ab[Qatar 2022] Los r\u00e9cords que se pueden romper en este Mundial\u00bb \u2014 El Regional\" src=\"https:\/\/elregionalvm.com.ar\/noticias-villa-maria\/qatar-2022-los-records-que-se-pueden-romper-en-este-mundial\/embed\/#?secret=wzL5XnvIqC#?secret=5piP3KS5YE\" data-secret=\"5piP3KS5YE\" width=\"500\" height=\"282\" frameborder=\"0\" marginwidth=\"0\" marginheight=\"0\" scrolling=\"no\"><\/iframe>\n<\/div><\/figure>\n","protected":false},"excerpt":{"rendered":"<p>En la Copa del Mundo de M\u00e9xico 1970 se usaron por primera vez las tarjetas amarillas y rojas. Pero, \u00bfpor qu\u00e9 comenz\u00f3 a usarse este sistema de sanci\u00f3n de las faltas? En esta historia tuvo mucho que ver un reconocido jugador de la selecci\u00f3n argentina. Antonio Ubaldo Ratt\u00edn modific\u00f3 la historia del f\u00fatbol: por el [&hellip;]<\/p>\n","protected":false},"author":4,"featured_media":67665,"comment_status":"open","ping_status":"open","sticky":false,"template":"","format":"standard","meta":{"site-sidebar-layout":"default","site-content-layout":"","ast-site-content-layout":"default","site-content-style":"default","site-sidebar-style":"default","ast-global-header-display":"","ast-banner-title-visibility":"","ast-main-header-display":"","ast-hfb-above-header-display":"","ast-hfb-below-header-display":"","ast-hfb-mobile-header-display":"","site-post-title":"","ast-breadcrumbs-content":"","ast-featured-img":"","footer-sml-layout":"","ast-disable-related-posts":"","theme-transparent-header-meta":"","adv-header-id-meta":"","stick-header-meta":"","header-above-stick-meta":"","header-main-stick-meta":"","header-below-stick-meta":"","astra-migrate-meta-layouts":"default","ast-page-background-enabled":"default","ast-page-background-meta":{"desktop":{"background-color":"","background-image":"","background-repeat":"repeat","background-position":"center center","background-size":"auto","background-attachment":"scroll","background-type":"","background-media":"","overlay-type":"","overlay-color":"","overlay-opacity":"","overlay-gradient":""},"tablet":{"background-color":"","background-image":"","background-repeat":"repeat","background-position":"center center","background-size":"auto","background-attachment":"scroll","background-type":"","background-media":"","overlay-type":"","overlay-color":"","overlay-opacity":"","overlay-gradient":""},"mobile":{"background-color":"","background-image":"","background-repeat":"repeat","background-position":"center center","background-size":"auto","background-attachment":"scroll","background-type":"","background-media":"","overlay-type":"","overlay-color":"","overlay-opacity":"","overlay-gradient":""}},"ast-content-background-meta":{"desktop":{"background-color":"var(--ast-global-color-5)","background-image":"","background-repeat":"repeat","background-position":"center center","background-size":"auto","background-attachment":"scroll","background-type":"","background-media":"","overlay-type":"","overlay-color":"","overlay-opacity":"","overlay-gradient":""},"tablet":{"background-color":"var(--ast-global-color-5)","background-image":"","background-repeat":"repeat","background-position":"center center","background-size":"auto","background-attachment":"scroll","background-type":"","background-media":"","overlay-type":"","overlay-color":"","overlay-opacity":"","overlay-gradient":""},"mobile":{"background-color":"var(--ast-global-color-5)","background-image":"","background-repeat":"repeat","background-position":"center center","background-size":"auto","background-attachment":"scroll","background-type":"","background-media":"","overlay-type":"","overlay-color":"","overlay-opacity":"","overlay-gradient":""}},"_jetpack_memberships_contains_paid_content":false,"_joinchat":[],"footnotes":""},"categories":[15158,2098,14786,3557,2074],"tags":[9978,340,1386,418,2203,670,2416,19694,19928,9272,19931,19930],"class_list":["post-67660","post","type-post","status-publish","format-standard","has-post-thumbnail","hentry","category-deporte","category-historias","category-qatar2022","category-tercera","category-videos","tag-copa-del-mundo","tag-futbol","tag-historias","tag-inglaterra","tag-mexico","tag-mundial","tag-polemica","tag-qatar","tag-rattin","tag-sanciones","tag-tarjeta-amarilla","tag-tarjeta-roja"],"yoast_head":"<!-- This site is optimized with the Yoast SEO plugin v26.8 - https:\/\/yoast.com\/product\/yoast-seo-wordpress\/ -->\n<title>[Qatar 2022] El jugador argentino que \u201cimpuls\u00f3\u201d la creaci\u00f3n de las tarjetas roja y amarilla (Video) - El Regional<\/title>\n<meta name=\"description\" content=\"En la Copa del Mundo de M\u00e9xico 1970 se usaron por primera vez las tarjetas amarillas y rojas. Pero, \u00bfpor qu\u00e9 comenz\u00f3 a usarse?\" \/>\n<meta name=\"robots\" content=\"index, follow, max-snippet:-1, max-image-preview:large, max-video-preview:-1\" \/>\n<link rel=\"canonical\" href=\"http:\/\/elregionalvm.com.ar\/noticias-villa-maria\/qatar-2022-el-jugador-argentino-que-impulso-la-creacion-de-las-tarjetas-roja-y-amarilla-video\/\" \/>\n<meta property=\"og:locale\" content=\"es_ES\" \/>\n<meta property=\"og:type\" content=\"article\" \/>\n<meta property=\"og:title\" content=\"[Qatar 2022] El jugador argentino que \u201cimpuls\u00f3\u201d la creaci\u00f3n de las tarjetas roja y amarilla (Video) - El Regional\" \/>\n<meta property=\"og:description\" content=\"En la Copa del Mundo de M\u00e9xico 1970 se usaron por primera vez las tarjetas amarillas y rojas. Pero, \u00bfpor qu\u00e9 comenz\u00f3 a usarse?\" \/>\n<meta property=\"og:url\" content=\"http:\/\/elregionalvm.com.ar\/noticias-villa-maria\/qatar-2022-el-jugador-argentino-que-impulso-la-creacion-de-las-tarjetas-roja-y-amarilla-video\/\" \/>\n<meta property=\"og:site_name\" content=\"El Regional\" \/>\n<meta property=\"article:publisher\" content=\"https:\/\/www.facebook.com\/elregionalvm\" \/>\n<meta property=\"article:published_time\" content=\"2022-11-23T01:46:26+00:00\" \/>\n<meta property=\"article:modified_time\" content=\"2022-11-26T01:35:51+00:00\" \/>\n<meta property=\"og:image\" content=\"http:\/\/elregionalvm.com.ar\/noticias-villa-maria\/wp-content\/uploads\/2022\/11\/Rattin-arbitro-expulsion.jpg\" \/>\n\t<meta property=\"og:image:width\" content=\"1280\" \/>\n\t<meta property=\"og:image:height\" content=\"720\" \/>\n\t<meta property=\"og:image:type\" content=\"image\/jpeg\" \/>\n<meta name=\"author\" content=\"Contenidos El Regional\" \/>\n<meta name=\"twitter:card\" content=\"summary_large_image\" \/>\n<meta name=\"twitter:creator\" content=\"@elregionalvm1\" \/>\n<meta name=\"twitter:site\" content=\"@elregionalvm1\" \/>\n<meta name=\"twitter:label1\" content=\"Escrito por\" \/>\n\t<meta name=\"twitter:data1\" content=\"Contenidos El Regional\" \/>\n\t<meta name=\"twitter:label2\" content=\"Tiempo de lectura\" \/>\n\t<meta name=\"twitter:data2\" content=\"4 minutos\" \/>\n<script type=\"application\/ld+json\" class=\"yoast-schema-graph\">{\"@context\":\"https:\/\/schema.org\",\"@graph\":[{\"@type\":\"Article\",\"@id\":\"http:\/\/elregionalvm.com.ar\/noticias-villa-maria\/qatar-2022-el-jugador-argentino-que-impulso-la-creacion-de-las-tarjetas-roja-y-amarilla-video\/#article\",\"isPartOf\":{\"@id\":\"http:\/\/elregionalvm.com.ar\/noticias-villa-maria\/qatar-2022-el-jugador-argentino-que-impulso-la-creacion-de-las-tarjetas-roja-y-amarilla-video\/\"},\"author\":{\"name\":\"Contenidos El Regional\",\"@id\":\"http:\/\/elregionalvm.com.ar\/noticias-villa-maria\/#\/schema\/person\/a0fb9c422317faca23d50163151bc354\"},\"headline\":\"[Qatar 2022] El jugador argentino que \u201cimpuls\u00f3\u201d la creaci\u00f3n de las tarjetas roja y amarilla (Video)\",\"datePublished\":\"2022-11-23T01:46:26+00:00\",\"dateModified\":\"2022-11-26T01:35:51+00:00\",\"mainEntityOfPage\":{\"@id\":\"http:\/\/elregionalvm.com.ar\/noticias-villa-maria\/qatar-2022-el-jugador-argentino-que-impulso-la-creacion-de-las-tarjetas-roja-y-amarilla-video\/\"},\"wordCount\":639,\"commentCount\":0,\"image\":{\"@id\":\"http:\/\/elregionalvm.com.ar\/noticias-villa-maria\/qatar-2022-el-jugador-argentino-que-impulso-la-creacion-de-las-tarjetas-roja-y-amarilla-video\/#primaryimage\"},\"thumbnailUrl\":\"https:\/\/i0.wp.com\/elregionalvm.com.ar\/noticias-villa-maria\/wp-content\/uploads\/2022\/11\/Rattin-arbitro-expulsion.jpg?fit=1280%2C720&ssl=1\",\"keywords\":[\"Copa del Mundo\",\"f\u00fatbol\",\"historias\",\"Inglaterra\",\"M\u00e9xico\",\"Mundial\",\"pol\u00e9mica\",\"Qatar\",\"Ratt\u00edn\",\"sanciones\",\"Tarjeta amarilla\",\"tarjeta roja\"],\"articleSection\":[\"Deporte\",\"Historias\",\"Qatar2022\",\"tercera\",\"Videos\"],\"inLanguage\":\"es\",\"potentialAction\":[{\"@type\":\"CommentAction\",\"name\":\"Comment\",\"target\":[\"http:\/\/elregionalvm.com.ar\/noticias-villa-maria\/qatar-2022-el-jugador-argentino-que-impulso-la-creacion-de-las-tarjetas-roja-y-amarilla-video\/#respond\"]}]},{\"@type\":\"WebPage\",\"@id\":\"http:\/\/elregionalvm.com.ar\/noticias-villa-maria\/qatar-2022-el-jugador-argentino-que-impulso-la-creacion-de-las-tarjetas-roja-y-amarilla-video\/\",\"url\":\"http:\/\/elregionalvm.com.ar\/noticias-villa-maria\/qatar-2022-el-jugador-argentino-que-impulso-la-creacion-de-las-tarjetas-roja-y-amarilla-video\/\",\"name\":\"[Qatar 2022] El jugador argentino que \u201cimpuls\u00f3\u201d la creaci\u00f3n de las tarjetas roja y amarilla (Video) - El Regional\",\"isPartOf\":{\"@id\":\"http:\/\/elregionalvm.com.ar\/noticias-villa-maria\/#website\"},\"primaryImageOfPage\":{\"@id\":\"http:\/\/elregionalvm.com.ar\/noticias-villa-maria\/qatar-2022-el-jugador-argentino-que-impulso-la-creacion-de-las-tarjetas-roja-y-amarilla-video\/#primaryimage\"},\"image\":{\"@id\":\"http:\/\/elregionalvm.com.ar\/noticias-villa-maria\/qatar-2022-el-jugador-argentino-que-impulso-la-creacion-de-las-tarjetas-roja-y-amarilla-video\/#primaryimage\"},\"thumbnailUrl\":\"https:\/\/i0.wp.com\/elregionalvm.com.ar\/noticias-villa-maria\/wp-content\/uploads\/2022\/11\/Rattin-arbitro-expulsion.jpg?fit=1280%2C720&ssl=1\",\"datePublished\":\"2022-11-23T01:46:26+00:00\",\"dateModified\":\"2022-11-26T01:35:51+00:00\",\"author\":{\"@id\":\"http:\/\/elregionalvm.com.ar\/noticias-villa-maria\/#\/schema\/person\/a0fb9c422317faca23d50163151bc354\"},\"description\":\"En la Copa del Mundo de M\u00e9xico 1970 se usaron por primera vez las tarjetas amarillas y rojas. Pero, \u00bfpor qu\u00e9 comenz\u00f3 a usarse?\",\"breadcrumb\":{\"@id\":\"http:\/\/elregionalvm.com.ar\/noticias-villa-maria\/qatar-2022-el-jugador-argentino-que-impulso-la-creacion-de-las-tarjetas-roja-y-amarilla-video\/#breadcrumb\"},\"inLanguage\":\"es\",\"potentialAction\":[{\"@type\":\"ReadAction\",\"target\":[\"http:\/\/elregionalvm.com.ar\/noticias-villa-maria\/qatar-2022-el-jugador-argentino-que-impulso-la-creacion-de-las-tarjetas-roja-y-amarilla-video\/\"]}]},{\"@type\":\"ImageObject\",\"inLanguage\":\"es\",\"@id\":\"http:\/\/elregionalvm.com.ar\/noticias-villa-maria\/qatar-2022-el-jugador-argentino-que-impulso-la-creacion-de-las-tarjetas-roja-y-amarilla-video\/#primaryimage\",\"url\":\"https:\/\/i0.wp.com\/elregionalvm.com.ar\/noticias-villa-maria\/wp-content\/uploads\/2022\/11\/Rattin-arbitro-expulsion.jpg?fit=1280%2C720&ssl=1\",\"contentUrl\":\"https:\/\/i0.wp.com\/elregionalvm.com.ar\/noticias-villa-maria\/wp-content\/uploads\/2022\/11\/Rattin-arbitro-expulsion.jpg?fit=1280%2C720&ssl=1\",\"width\":1280,\"height\":720},{\"@type\":\"BreadcrumbList\",\"@id\":\"http:\/\/elregionalvm.com.ar\/noticias-villa-maria\/qatar-2022-el-jugador-argentino-que-impulso-la-creacion-de-las-tarjetas-roja-y-amarilla-video\/#breadcrumb\",\"itemListElement\":[{\"@type\":\"ListItem\",\"position\":1,\"name\":\"Portada\",\"item\":\"https:\/\/elregionalvm.com.ar\/noticias-villa-maria\/\"},{\"@type\":\"ListItem\",\"position\":2,\"name\":\"[Qatar 2022] El jugador argentino que \u201cimpuls\u00f3\u201d la creaci\u00f3n de las tarjetas roja y amarilla (Video)\"}]},{\"@type\":\"WebSite\",\"@id\":\"http:\/\/elregionalvm.com.ar\/noticias-villa-maria\/#website\",\"url\":\"http:\/\/elregionalvm.com.ar\/noticias-villa-maria\/\",\"name\":\"El Regional\",\"description\":\"Mucho m\u00e1s que informaci\u00f3n\",\"potentialAction\":[{\"@type\":\"SearchAction\",\"target\":{\"@type\":\"EntryPoint\",\"urlTemplate\":\"http:\/\/elregionalvm.com.ar\/noticias-villa-maria\/?s={search_term_string}\"},\"query-input\":{\"@type\":\"PropertyValueSpecification\",\"valueRequired\":true,\"valueName\":\"search_term_string\"}}],\"inLanguage\":\"es\"},{\"@type\":\"Person\",\"@id\":\"http:\/\/elregionalvm.com.ar\/noticias-villa-maria\/#\/schema\/person\/a0fb9c422317faca23d50163151bc354\",\"name\":\"Contenidos El Regional\",\"image\":{\"@type\":\"ImageObject\",\"inLanguage\":\"es\",\"@id\":\"http:\/\/elregionalvm.com.ar\/noticias-villa-maria\/#\/schema\/person\/image\/\",\"url\":\"https:\/\/secure.gravatar.com\/avatar\/265b27cb2209af7bb3a1318f03305787d7981a5cc6e6cd08fe5a4ecdf99d4b48?s=96&d=mm&r=g\",\"contentUrl\":\"https:\/\/secure.gravatar.com\/avatar\/265b27cb2209af7bb3a1318f03305787d7981a5cc6e6cd08fe5a4ecdf99d4b48?s=96&d=mm&r=g\",\"caption\":\"Contenidos El Regional\"},\"url\":\"https:\/\/elregionalvm.com.ar\/noticias-villa-maria\/author\/contenido\/\"}]}<\/script>\n<!-- \/ Yoast SEO plugin. -->","yoast_head_json":{"title":"[Qatar 2022] El jugador argentino que \u201cimpuls\u00f3\u201d la creaci\u00f3n de las tarjetas roja y amarilla (Video) - El Regional","description":"En la Copa del Mundo de M\u00e9xico 1970 se usaron por primera vez las tarjetas amarillas y rojas. Pero, \u00bfpor qu\u00e9 comenz\u00f3 a usarse?","robots":{"index":"index","follow":"follow","max-snippet":"max-snippet:-1","max-image-preview":"max-image-preview:large","max-video-preview":"max-video-preview:-1"},"canonical":"http:\/\/elregionalvm.com.ar\/noticias-villa-maria\/qatar-2022-el-jugador-argentino-que-impulso-la-creacion-de-las-tarjetas-roja-y-amarilla-video\/","og_locale":"es_ES","og_type":"article","og_title":"[Qatar 2022] El jugador argentino que \u201cimpuls\u00f3\u201d la creaci\u00f3n de las tarjetas roja y amarilla (Video) - El Regional","og_description":"En la Copa del Mundo de M\u00e9xico 1970 se usaron por primera vez las tarjetas amarillas y rojas. Pero, \u00bfpor qu\u00e9 comenz\u00f3 a usarse?","og_url":"http:\/\/elregionalvm.com.ar\/noticias-villa-maria\/qatar-2022-el-jugador-argentino-que-impulso-la-creacion-de-las-tarjetas-roja-y-amarilla-video\/","og_site_name":"El Regional","article_publisher":"https:\/\/www.facebook.com\/elregionalvm","article_published_time":"2022-11-23T01:46:26+00:00","article_modified_time":"2022-11-26T01:35:51+00:00","og_image":[{"width":1280,"height":720,"url":"http:\/\/elregionalvm.com.ar\/noticias-villa-maria\/wp-content\/uploads\/2022\/11\/Rattin-arbitro-expulsion.jpg","type":"image\/jpeg"}],"author":"Contenidos El Regional","twitter_card":"summary_large_image","twitter_creator":"@elregionalvm1","twitter_site":"@elregionalvm1","twitter_misc":{"Escrito por":"Contenidos El Regional","Tiempo de lectura":"4 minutos"},"schema":{"@context":"https:\/\/schema.org","@graph":[{"@type":"Article","@id":"http:\/\/elregionalvm.com.ar\/noticias-villa-maria\/qatar-2022-el-jugador-argentino-que-impulso-la-creacion-de-las-tarjetas-roja-y-amarilla-video\/#article","isPartOf":{"@id":"http:\/\/elregionalvm.com.ar\/noticias-villa-maria\/qatar-2022-el-jugador-argentino-que-impulso-la-creacion-de-las-tarjetas-roja-y-amarilla-video\/"},"author":{"name":"Contenidos El Regional","@id":"http:\/\/elregionalvm.com.ar\/noticias-villa-maria\/#\/schema\/person\/a0fb9c422317faca23d50163151bc354"},"headline":"[Qatar 2022] El jugador argentino que \u201cimpuls\u00f3\u201d la creaci\u00f3n de las tarjetas roja y amarilla (Video)","datePublished":"2022-11-23T01:46:26+00:00","dateModified":"2022-11-26T01:35:51+00:00","mainEntityOfPage":{"@id":"http:\/\/elregionalvm.com.ar\/noticias-villa-maria\/qatar-2022-el-jugador-argentino-que-impulso-la-creacion-de-las-tarjetas-roja-y-amarilla-video\/"},"wordCount":639,"commentCount":0,"image":{"@id":"http:\/\/elregionalvm.com.ar\/noticias-villa-maria\/qatar-2022-el-jugador-argentino-que-impulso-la-creacion-de-las-tarjetas-roja-y-amarilla-video\/#primaryimage"},"thumbnailUrl":"https:\/\/i0.wp.com\/elregionalvm.com.ar\/noticias-villa-maria\/wp-content\/uploads\/2022\/11\/Rattin-arbitro-expulsion.jpg?fit=1280%2C720&ssl=1","keywords":["Copa del Mundo","f\u00fatbol","historias","Inglaterra","M\u00e9xico","Mundial","pol\u00e9mica","Qatar","Ratt\u00edn","sanciones","Tarjeta amarilla","tarjeta roja"],"articleSection":["Deporte","Historias","Qatar2022","tercera","Videos"],"inLanguage":"es","potentialAction":[{"@type":"CommentAction","name":"Comment","target":["http:\/\/elregionalvm.com.ar\/noticias-villa-maria\/qatar-2022-el-jugador-argentino-que-impulso-la-creacion-de-las-tarjetas-roja-y-amarilla-video\/#respond"]}]},{"@type":"WebPage","@id":"http:\/\/elregionalvm.com.ar\/noticias-villa-maria\/qatar-2022-el-jugador-argentino-que-impulso-la-creacion-de-las-tarjetas-roja-y-amarilla-video\/","url":"http:\/\/elregionalvm.com.ar\/noticias-villa-maria\/qatar-2022-el-jugador-argentino-que-impulso-la-creacion-de-las-tarjetas-roja-y-amarilla-video\/","name":"[Qatar 2022] El jugador argentino que \u201cimpuls\u00f3\u201d la creaci\u00f3n de las tarjetas roja y amarilla (Video) - El Regional","isPartOf":{"@id":"http:\/\/elregionalvm.com.ar\/noticias-villa-maria\/#website"},"primaryImageOfPage":{"@id":"http:\/\/elregionalvm.com.ar\/noticias-villa-maria\/qatar-2022-el-jugador-argentino-que-impulso-la-creacion-de-las-tarjetas-roja-y-amarilla-video\/#primaryimage"},"image":{"@id":"http:\/\/elregionalvm.com.ar\/noticias-villa-maria\/qatar-2022-el-jugador-argentino-que-impulso-la-creacion-de-las-tarjetas-roja-y-amarilla-video\/#primaryimage"},"thumbnailUrl":"https:\/\/i0.wp.com\/elregionalvm.com.ar\/noticias-villa-maria\/wp-content\/uploads\/2022\/11\/Rattin-arbitro-expulsion.jpg?fit=1280%2C720&ssl=1","datePublished":"2022-11-23T01:46:26+00:00","dateModified":"2022-11-26T01:35:51+00:00","author":{"@id":"http:\/\/elregionalvm.com.ar\/noticias-villa-maria\/#\/schema\/person\/a0fb9c422317faca23d50163151bc354"},"description":"En la Copa del Mundo de M\u00e9xico 1970 se usaron por primera vez las tarjetas amarillas y rojas. Pero, \u00bfpor qu\u00e9 comenz\u00f3 a usarse?","breadcrumb":{"@id":"http:\/\/elregionalvm.com.ar\/noticias-villa-maria\/qatar-2022-el-jugador-argentino-que-impulso-la-creacion-de-las-tarjetas-roja-y-amarilla-video\/#breadcrumb"},"inLanguage":"es","potentialAction":[{"@type":"ReadAction","target":["http:\/\/elregionalvm.com.ar\/noticias-villa-maria\/qatar-2022-el-jugador-argentino-que-impulso-la-creacion-de-las-tarjetas-roja-y-amarilla-video\/"]}]},{"@type":"ImageObject","inLanguage":"es","@id":"http:\/\/elregionalvm.com.ar\/noticias-villa-maria\/qatar-2022-el-jugador-argentino-que-impulso-la-creacion-de-las-tarjetas-roja-y-amarilla-video\/#primaryimage","url":"https:\/\/i0.wp.com\/elregionalvm.com.ar\/noticias-villa-maria\/wp-content\/uploads\/2022\/11\/Rattin-arbitro-expulsion.jpg?fit=1280%2C720&ssl=1","contentUrl":"https:\/\/i0.wp.com\/elregionalvm.com.ar\/noticias-villa-maria\/wp-content\/uploads\/2022\/11\/Rattin-arbitro-expulsion.jpg?fit=1280%2C720&ssl=1","width":1280,"height":720},{"@type":"BreadcrumbList","@id":"http:\/\/elregionalvm.com.ar\/noticias-villa-maria\/qatar-2022-el-jugador-argentino-que-impulso-la-creacion-de-las-tarjetas-roja-y-amarilla-video\/#breadcrumb","itemListElement":[{"@type":"ListItem","position":1,"name":"Portada","item":"https:\/\/elregionalvm.com.ar\/noticias-villa-maria\/"},{"@type":"ListItem","position":2,"name":"[Qatar 2022] El jugador argentino que \u201cimpuls\u00f3\u201d la creaci\u00f3n de las tarjetas roja y amarilla (Video)"}]},{"@type":"WebSite","@id":"http:\/\/elregionalvm.com.ar\/noticias-villa-maria\/#website","url":"http:\/\/elregionalvm.com.ar\/noticias-villa-maria\/","name":"El Regional","description":"Mucho m\u00e1s que informaci\u00f3n","potentialAction":[{"@type":"SearchAction","target":{"@type":"EntryPoint","urlTemplate":"http:\/\/elregionalvm.com.ar\/noticias-villa-maria\/?s={search_term_string}"},"query-input":{"@type":"PropertyValueSpecification","valueRequired":true,"valueName":"search_term_string"}}],"inLanguage":"es"},{"@type":"Person","@id":"http:\/\/elregionalvm.com.ar\/noticias-villa-maria\/#\/schema\/person\/a0fb9c422317faca23d50163151bc354","name":"Contenidos El Regional","image":{"@type":"ImageObject","inLanguage":"es","@id":"http:\/\/elregionalvm.com.ar\/noticias-villa-maria\/#\/schema\/person\/image\/","url":"https:\/\/secure.gravatar.com\/avatar\/265b27cb2209af7bb3a1318f03305787d7981a5cc6e6cd08fe5a4ecdf99d4b48?s=96&d=mm&r=g","contentUrl":"https:\/\/secure.gravatar.com\/avatar\/265b27cb2209af7bb3a1318f03305787d7981a5cc6e6cd08fe5a4ecdf99d4b48?s=96&d=mm&r=g","caption":"Contenidos El Regional"},"url":"https:\/\/elregionalvm.com.ar\/noticias-villa-maria\/author\/contenido\/"}]}},"jetpack_featured_media_url":"https:\/\/i0.wp.com\/elregionalvm.com.ar\/noticias-villa-maria\/wp-content\/uploads\/2022\/11\/Rattin-arbitro-expulsion.jpg?fit=1280%2C720&ssl=1","jetpack_sharing_enabled":true,"_links":{"self":[{"href":"https:\/\/elregionalvm.com.ar\/noticias-villa-maria\/wp-json\/wp\/v2\/posts\/67660","targetHints":{"allow":["GET"]}}],"collection":[{"href":"https:\/\/elregionalvm.com.ar\/noticias-villa-maria\/wp-json\/wp\/v2\/posts"}],"about":[{"href":"https:\/\/elregionalvm.com.ar\/noticias-villa-maria\/wp-json\/wp\/v2\/types\/post"}],"author":[{"embeddable":true,"href":"https:\/\/elregionalvm.com.ar\/noticias-villa-maria\/wp-json\/wp\/v2\/users\/4"}],"replies":[{"embeddable":true,"href":"https:\/\/elregionalvm.com.ar\/noticias-villa-maria\/wp-json\/wp\/v2\/comments?post=67660"}],"version-history":[{"count":3,"href":"https:\/\/elregionalvm.com.ar\/noticias-villa-maria\/wp-json\/wp\/v2\/posts\/67660\/revisions"}],"predecessor-version":[{"id":67667,"href":"https:\/\/elregionalvm.com.ar\/noticias-villa-maria\/wp-json\/wp\/v2\/posts\/67660\/revisions\/67667"}],"wp:featuredmedia":[{"embeddable":true,"href":"https:\/\/elregionalvm.com.ar\/noticias-villa-maria\/wp-json\/wp\/v2\/media\/67665"}],"wp:attachment":[{"href":"https:\/\/elregionalvm.com.ar\/noticias-villa-maria\/wp-json\/wp\/v2\/media?parent=67660"}],"wp:term":[{"taxonomy":"category","embeddable":true,"href":"https:\/\/elregionalvm.com.ar\/noticias-villa-maria\/wp-json\/wp\/v2\/categories?post=67660"},{"taxonomy":"post_tag","embeddable":true,"href":"https:\/\/elregionalvm.com.ar\/noticias-villa-maria\/wp-json\/wp\/v2\/tags?post=67660"}],"curies":[{"name":"wp","href":"https:\/\/api.w.org\/{rel}","templated":true}]}}