{"id":68639,"date":"2022-12-13T17:05:45","date_gmt":"2022-12-13T17:05:45","guid":{"rendered":"https:\/\/elregionalvm.com.ar\/noticias-villa-maria\/?p=68639"},"modified":"2022-12-13T17:05:48","modified_gmt":"2022-12-13T17:05:48","slug":"hospital-pasteur-realizan-colecta-para-continuar-con-el-albergue-para-familiares-de-pacientes","status":"publish","type":"post","link":"https:\/\/elregionalvm.com.ar\/noticias-villa-maria\/hospital-pasteur-realizan-colecta-para-continuar-con-el-albergue-para-familiares-de-pacientes\/","title":{"rendered":"Hospital Pasteur: Realizan colecta para continuar con el albergue para familiares de pacientes"},"content":{"rendered":"\n<p><\/p>\n\n\n\n<h3 class=\"wp-block-heading\"><strong>Tendr\u00e1 lugar este mi\u00e9rcoles 14, de 8 a 13 horas, en las instalaciones del centro de salud. La finalidad es seguir recaudando lo necesario para el macro proyecto que viene sosteniendo la \u201cAsociaci\u00f3n\u00a0Cooperadora y Amigos del Hospital Pasteur\u201d. Este espacio se encuentra ubicado en barrio Ram\u00f3n Carrillo, en la intersecci\u00f3n de Pueblos Originarios y Gral. Paz. La construcci\u00f3n\u00a0\u00a0 beneficiar\u00e1 a familiares de ambas villas y de la regi\u00f3n, que tengan internados en el nosocomio a pacientes por prolongadas estad\u00edas.<\/strong><\/h3>\n\n\n\n<p><\/p>\n\n\n\n<p><strong>Escribe: Carolina Durand<\/strong><\/p>\n\n\n\n<p><\/p>\n\n\n\n<p>Tiempo atr\u00e1s, el presidente de la Cooperadora, Juan Zazzetti, hab\u00eda asegurado a EL REGIONAL: \u201cLa obra la vamos a terminar, aunque salgamos a vender limones. Como ONG vamos a cumplir una funci\u00f3n social que la sociedad necesita, sin importar el gobierno que est\u00e9 de turno, la salud no distingue partidismos\u201d.<\/p>\n\n\n\n<p>Esta colecta ser\u00e1 una de las acciones que permitir\u00e1 recaudar donaciones en dinero o materiales de construcci\u00f3n, con quienes hagan su aporte y quieran contribuir con un espacio que suplir\u00e1 necesidades de alojamiento para familiares y tambi\u00e9n, cuestiones que trascienden lo social y econ\u00f3mico.<\/p>\n\n\n\n<p>La campa\u00f1a de socios est\u00e1 dirigida no solo a los vecinos de ambas villas, sino tambi\u00e9n de la zona que ser\u00e1n quienes utilicen las instalaciones del lugar en un futuro, a la hora de tener un familiar internado.<\/p>\n\n\n\n<p><\/p>\n\n\n\n<figure class=\"wp-block-image size-large\"><img data-recalc-dims=\"1\" fetchpriority=\"high\" decoding=\"async\" width=\"1024\" height=\"492\" src=\"https:\/\/i0.wp.com\/elregionalvm.com.ar\/noticias-villa-maria\/wp-content\/uploads\/2020\/07\/Hospital-Pasteur-frente.jpg?resize=1024%2C492&#038;ssl=1\" alt=\"\" class=\"wp-image-19478\" srcset=\"https:\/\/i0.wp.com\/elregionalvm.com.ar\/noticias-villa-maria\/wp-content\/uploads\/2020\/07\/Hospital-Pasteur-frente.jpg?resize=1024%2C492&amp;ssl=1 1024w, https:\/\/i0.wp.com\/elregionalvm.com.ar\/noticias-villa-maria\/wp-content\/uploads\/2020\/07\/Hospital-Pasteur-frente.jpg?resize=300%2C144&amp;ssl=1 300w, https:\/\/i0.wp.com\/elregionalvm.com.ar\/noticias-villa-maria\/wp-content\/uploads\/2020\/07\/Hospital-Pasteur-frente.jpg?resize=768%2C369&amp;ssl=1 768w, https:\/\/i0.wp.com\/elregionalvm.com.ar\/noticias-villa-maria\/wp-content\/uploads\/2020\/07\/Hospital-Pasteur-frente.jpg?w=1250&amp;ssl=1 1250w\" sizes=\"(max-width: 1000px) 100vw, 1000px\" \/><\/figure>\n\n\n\n<p><\/p>\n\n\n\n<p>Podr\u00e1n adherirse nuevos socios con el aporte de una cuota mensual y a su vez, hacer donaciones extras quienes ya sean parte de la cooperadora o no. \u00a0\u00a0<\/p>\n\n\n\n<p><strong>Hasta ahora<\/strong><\/p>\n\n\n\n<p>La idea original del proyecto, prev\u00e9 una en planta baja y tres pisos, con 15 habitaciones, ba\u00f1os p\u00fablicos, una sala de reuniones y un sal\u00f3n comercial. El espacio regional funcionar\u00e1 con derivaciones que lleve a cabo el mismo hospital Pasteur en cuanto a la estad\u00eda de familiares.<\/p>\n\n\n\n<p>\u201cActualmente se encuentra en la etapa de cerramiento de estructura, trabajando en la loza del 4\u00b0 piso, una vez cerrado el per\u00edmetro, empezar\u00e1n a trabajar de abajo hacia arriba, planta baja, primer, segundo y tercer piso, el cual ser\u00e1 la etapa final del proyecto\u201d, detall\u00f3 Estefan\u00eda Carcar, secretaria de la Cooperadora del Hospital.<\/p>\n\n\n\n<p><\/p>\n\n\n\n<figure class=\"wp-block-embed is-type-video is-provider-youtube wp-block-embed-youtube wp-embed-aspect-16-9 wp-has-aspect-ratio\"><div class=\"wp-block-embed__wrapper\">\n<iframe title=\"Hospital Pasteur: Realizan colecta para continuar con el albergue para familiares de pacientes\" width=\"500\" height=\"281\" src=\"https:\/\/www.youtube.com\/embed\/2necb60eYyE?feature=oembed\" frameborder=\"0\" allow=\"accelerometer; autoplay; clipboard-write; encrypted-media; gyroscope; picture-in-picture; web-share\" referrerpolicy=\"strict-origin-when-cross-origin\" allowfullscreen><\/iframe>\n<\/div><figcaption><em><strong>Video<\/strong>: As\u00ed se encuentra la obra en la actualidad (El Regional). <\/em><\/figcaption><\/figure>\n\n\n\n<p><\/p>\n\n\n\n<p><strong>Donaciones<\/strong><\/p>\n\n\n\n<p>Las donaciones de dinero o materiales pueden realizarse el mi\u00e9rcoles 14 por la ma\u00f1ana en persona o, a trav\u00e9s de la cuenta de la ONG, CBU: 0200304501000000008579 &#8211; ALIAS: COOPHOSPITALPASTEUR. Banco C\u00f3rdoba.<\/p>\n\n\n\n<p>En redes sociales, se puede acceder a m\u00e1s informaci\u00f3n a trav\u00e9s de Facebook: asociaci\u00f3n cooperadora y amigos del hospital pasteur \/ Instagram: cooperadorahospitalpasteur y a los tel\u00e9fonos v\u00eda WhatsApp 3534296830 \/ 3536563382.<\/p>\n\n\n\n<p><\/p>\n\n\n\n<p><\/p>\n\n\n\n<h3 class=\"wp-block-heading\"><strong>Tambi\u00e9n pod\u00e9s leer: <\/strong><\/h3>\n\n\n\n<p><\/p>\n\n\n\n<p><\/p>\n\n\n\n<figure class=\"wp-block-embed is-type-wp-embed is-provider-el-regional wp-block-embed-el-regional\"><div class=\"wp-block-embed__wrapper\">\n<blockquote class=\"wp-embedded-content\" data-secret=\"Y8DFiGknCa\"><a href=\"https:\/\/elregionalvm.com.ar\/noticias-villa-maria\/albergue-del-hospital-pasteur-hubo-compromisos-de-gobiernos-y-empresas-que-se-los-llevo-el-viento\/\">Albergue del Hospital Pasteur: \u201cHubo compromisos de gobiernos y empresas que se los llev\u00f3 el viento\u201d<\/a><\/blockquote><iframe class=\"wp-embedded-content\" sandbox=\"allow-scripts\" security=\"restricted\" style=\"position: absolute; clip: rect(1px, 1px, 1px, 1px);\" title=\"\u00abAlbergue del Hospital Pasteur: \u201cHubo compromisos de gobiernos y empresas que se los llev\u00f3 el viento\u201d\u00bb \u2014 El Regional\" src=\"https:\/\/elregionalvm.com.ar\/noticias-villa-maria\/albergue-del-hospital-pasteur-hubo-compromisos-de-gobiernos-y-empresas-que-se-los-llevo-el-viento\/embed\/#?secret=7QNgsRbUT2#?secret=Y8DFiGknCa\" data-secret=\"Y8DFiGknCa\" width=\"500\" height=\"282\" frameborder=\"0\" marginwidth=\"0\" marginheight=\"0\" scrolling=\"no\"><\/iframe>\n<\/div><\/figure>\n","protected":false},"excerpt":{"rendered":"<p>Tendr\u00e1 lugar este mi\u00e9rcoles 14, de 8 a 13 horas, en las instalaciones del centro de salud. La finalidad es seguir recaudando lo necesario para el macro proyecto que viene sosteniendo la \u201cAsociaci\u00f3n\u00a0Cooperadora y Amigos del Hospital Pasteur\u201d. Este espacio se encuentra ubicado en barrio Ram\u00f3n Carrillo, en la intersecci\u00f3n de Pueblos Originarios y Gral. [&hellip;]<\/p>\n","protected":false},"author":6,"featured_media":68642,"comment_status":"open","ping_status":"open","sticky":false,"template":"","format":"standard","meta":{"site-sidebar-layout":"default","site-content-layout":"","ast-site-content-layout":"default","site-content-style":"default","site-sidebar-style":"default","ast-global-header-display":"","ast-banner-title-visibility":"","ast-main-header-display":"","ast-hfb-above-header-display":"","ast-hfb-below-header-display":"","ast-hfb-mobile-header-display":"","site-post-title":"","ast-breadcrumbs-content":"","ast-featured-img":"","footer-sml-layout":"","ast-disable-related-posts":"","theme-transparent-header-meta":"","adv-header-id-meta":"","stick-header-meta":"","header-above-stick-meta":"","header-main-stick-meta":"","header-below-stick-meta":"","astra-migrate-meta-layouts":"default","ast-page-background-enabled":"default","ast-page-background-meta":{"desktop":{"background-color":"","background-image":"","background-repeat":"repeat","background-position":"center center","background-size":"auto","background-attachment":"scroll","background-type":"","background-media":"","overlay-type":"","overlay-color":"","overlay-opacity":"","overlay-gradient":""},"tablet":{"background-color":"","background-image":"","background-repeat":"repeat","background-position":"center center","background-size":"auto","background-attachment":"scroll","background-type":"","background-media":"","overlay-type":"","overlay-color":"","overlay-opacity":"","overlay-gradient":""},"mobile":{"background-color":"","background-image":"","background-repeat":"repeat","background-position":"center center","background-size":"auto","background-attachment":"scroll","background-type":"","background-media":"","overlay-type":"","overlay-color":"","overlay-opacity":"","overlay-gradient":""}},"ast-content-background-meta":{"desktop":{"background-color":"var(--ast-global-color-5)","background-image":"","background-repeat":"repeat","background-position":"center center","background-size":"auto","background-attachment":"scroll","background-type":"","background-media":"","overlay-type":"","overlay-color":"","overlay-opacity":"","overlay-gradient":""},"tablet":{"background-color":"var(--ast-global-color-5)","background-image":"","background-repeat":"repeat","background-position":"center center","background-size":"auto","background-attachment":"scroll","background-type":"","background-media":"","overlay-type":"","overlay-color":"","overlay-opacity":"","overlay-gradient":""},"mobile":{"background-color":"var(--ast-global-color-5)","background-image":"","background-repeat":"repeat","background-position":"center center","background-size":"auto","background-attachment":"scroll","background-type":"","background-media":"","overlay-type":"","overlay-color":"","overlay-opacity":"","overlay-gradient":""}},"_jetpack_memberships_contains_paid_content":false,"_joinchat":[],"footnotes":""},"categories":[15302,2],"tags":[16947,6698,3038,5272,16949,4255,2130,16948,3966],"class_list":["post-68639","post","type-post","status-publish","format-standard","has-post-thumbnail","hentry","category-destacado","category-villa-maria","tag-albergue","tag-barrio-ramon-carrillo","tag-colaboracion","tag-colecta","tag-cooperadora-del-hospital","tag-donacion","tag-hospital-pasteur","tag-juan-carlos-zazzetti","tag-pacientes"],"yoast_head":"<!-- This site is optimized with the Yoast SEO plugin v26.8 - https:\/\/yoast.com\/product\/yoast-seo-wordpress\/ -->\n<title>Hospital Pasteur: Realizan colecta para continuar con el albergue para familiares de pacientes - El Regional<\/title>\n<meta name=\"robots\" content=\"index, follow, max-snippet:-1, max-image-preview:large, max-video-preview:-1\" \/>\n<link rel=\"canonical\" href=\"http:\/\/elregionalvm.com.ar\/noticias-villa-maria\/hospital-pasteur-realizan-colecta-para-continuar-con-el-albergue-para-familiares-de-pacientes\/\" \/>\n<meta property=\"og:locale\" content=\"es_ES\" \/>\n<meta property=\"og:type\" content=\"article\" \/>\n<meta property=\"og:title\" content=\"Hospital Pasteur: Realizan colecta para continuar con el albergue para familiares de pacientes - El Regional\" \/>\n<meta property=\"og:description\" content=\"Tendr\u00e1 lugar este mi\u00e9rcoles 14, de 8 a 13 horas, en las instalaciones del centro de salud. La finalidad es seguir recaudando lo necesario para el macro proyecto que viene sosteniendo la \u201cAsociaci\u00f3n\u00a0Cooperadora y Amigos del Hospital Pasteur\u201d. Este espacio se encuentra ubicado en barrio Ram\u00f3n Carrillo, en la intersecci\u00f3n de Pueblos Originarios y Gral. [&hellip;]\" \/>\n<meta property=\"og:url\" content=\"http:\/\/elregionalvm.com.ar\/noticias-villa-maria\/hospital-pasteur-realizan-colecta-para-continuar-con-el-albergue-para-familiares-de-pacientes\/\" \/>\n<meta property=\"og:site_name\" content=\"El Regional\" \/>\n<meta property=\"article:publisher\" content=\"https:\/\/www.facebook.com\/elregionalvm\" \/>\n<meta property=\"article:published_time\" content=\"2022-12-13T17:05:45+00:00\" \/>\n<meta property=\"article:modified_time\" content=\"2022-12-13T17:05:48+00:00\" \/>\n<meta property=\"og:image\" content=\"http:\/\/elregionalvm.com.ar\/noticias-villa-maria\/wp-content\/uploads\/2022\/12\/Albergue-Hospital-Pasteur-en-construccion-dic.-22.jpeg\" \/>\n\t<meta property=\"og:image:width\" content=\"1338\" \/>\n\t<meta property=\"og:image:height\" content=\"689\" \/>\n\t<meta property=\"og:image:type\" content=\"image\/jpeg\" \/>\n<meta name=\"author\" content=\"Germ\u00e1n Giacchero\" \/>\n<meta name=\"twitter:card\" content=\"summary_large_image\" \/>\n<meta name=\"twitter:creator\" content=\"@elregionalvm1\" \/>\n<meta name=\"twitter:site\" content=\"@elregionalvm1\" \/>\n<meta name=\"twitter:label1\" content=\"Escrito por\" \/>\n\t<meta name=\"twitter:data1\" content=\"Germ\u00e1n Giacchero\" \/>\n\t<meta name=\"twitter:label2\" content=\"Tiempo de lectura\" \/>\n\t<meta name=\"twitter:data2\" content=\"3 minutos\" \/>\n<script type=\"application\/ld+json\" class=\"yoast-schema-graph\">{\"@context\":\"https:\/\/schema.org\",\"@graph\":[{\"@type\":\"Article\",\"@id\":\"http:\/\/elregionalvm.com.ar\/noticias-villa-maria\/hospital-pasteur-realizan-colecta-para-continuar-con-el-albergue-para-familiares-de-pacientes\/#article\",\"isPartOf\":{\"@id\":\"http:\/\/elregionalvm.com.ar\/noticias-villa-maria\/hospital-pasteur-realizan-colecta-para-continuar-con-el-albergue-para-familiares-de-pacientes\/\"},\"author\":{\"name\":\"Germ\u00e1n Giacchero\",\"@id\":\"http:\/\/elregionalvm.com.ar\/noticias-villa-maria\/#\/schema\/person\/d5e4b04966154131701e52c45d3efec9\"},\"headline\":\"Hospital Pasteur: Realizan colecta para continuar con el albergue para familiares de pacientes\",\"datePublished\":\"2022-12-13T17:05:45+00:00\",\"dateModified\":\"2022-12-13T17:05:48+00:00\",\"mainEntityOfPage\":{\"@id\":\"http:\/\/elregionalvm.com.ar\/noticias-villa-maria\/hospital-pasteur-realizan-colecta-para-continuar-con-el-albergue-para-familiares-de-pacientes\/\"},\"wordCount\":475,\"commentCount\":0,\"image\":{\"@id\":\"http:\/\/elregionalvm.com.ar\/noticias-villa-maria\/hospital-pasteur-realizan-colecta-para-continuar-con-el-albergue-para-familiares-de-pacientes\/#primaryimage\"},\"thumbnailUrl\":\"https:\/\/i0.wp.com\/elregionalvm.com.ar\/noticias-villa-maria\/wp-content\/uploads\/2022\/12\/Albergue-Hospital-Pasteur-en-construccion-dic.-22.jpeg?fit=1338%2C689&ssl=1\",\"keywords\":[\"Albergue\",\"Barrio Ram\u00f3n Carrillo\",\"Colaboraci\u00f3n\",\"Colecta\",\"Cooperadora del Hospital\",\"donaci\u00f3n\",\"Hospital Pasteur\",\"Juan Carlos Zazzetti\",\"Pacientes\"],\"articleSection\":[\"destacado\",\"Villa Mar\u00eda\"],\"inLanguage\":\"es\",\"potentialAction\":[{\"@type\":\"CommentAction\",\"name\":\"Comment\",\"target\":[\"http:\/\/elregionalvm.com.ar\/noticias-villa-maria\/hospital-pasteur-realizan-colecta-para-continuar-con-el-albergue-para-familiares-de-pacientes\/#respond\"]}]},{\"@type\":\"WebPage\",\"@id\":\"http:\/\/elregionalvm.com.ar\/noticias-villa-maria\/hospital-pasteur-realizan-colecta-para-continuar-con-el-albergue-para-familiares-de-pacientes\/\",\"url\":\"http:\/\/elregionalvm.com.ar\/noticias-villa-maria\/hospital-pasteur-realizan-colecta-para-continuar-con-el-albergue-para-familiares-de-pacientes\/\",\"name\":\"Hospital Pasteur: Realizan colecta para continuar con el albergue para familiares de pacientes - El Regional\",\"isPartOf\":{\"@id\":\"http:\/\/elregionalvm.com.ar\/noticias-villa-maria\/#website\"},\"primaryImageOfPage\":{\"@id\":\"http:\/\/elregionalvm.com.ar\/noticias-villa-maria\/hospital-pasteur-realizan-colecta-para-continuar-con-el-albergue-para-familiares-de-pacientes\/#primaryimage\"},\"image\":{\"@id\":\"http:\/\/elregionalvm.com.ar\/noticias-villa-maria\/hospital-pasteur-realizan-colecta-para-continuar-con-el-albergue-para-familiares-de-pacientes\/#primaryimage\"},\"thumbnailUrl\":\"https:\/\/i0.wp.com\/elregionalvm.com.ar\/noticias-villa-maria\/wp-content\/uploads\/2022\/12\/Albergue-Hospital-Pasteur-en-construccion-dic.-22.jpeg?fit=1338%2C689&ssl=1\",\"datePublished\":\"2022-12-13T17:05:45+00:00\",\"dateModified\":\"2022-12-13T17:05:48+00:00\",\"author\":{\"@id\":\"http:\/\/elregionalvm.com.ar\/noticias-villa-maria\/#\/schema\/person\/d5e4b04966154131701e52c45d3efec9\"},\"breadcrumb\":{\"@id\":\"http:\/\/elregionalvm.com.ar\/noticias-villa-maria\/hospital-pasteur-realizan-colecta-para-continuar-con-el-albergue-para-familiares-de-pacientes\/#breadcrumb\"},\"inLanguage\":\"es\",\"potentialAction\":[{\"@type\":\"ReadAction\",\"target\":[\"http:\/\/elregionalvm.com.ar\/noticias-villa-maria\/hospital-pasteur-realizan-colecta-para-continuar-con-el-albergue-para-familiares-de-pacientes\/\"]}]},{\"@type\":\"ImageObject\",\"inLanguage\":\"es\",\"@id\":\"http:\/\/elregionalvm.com.ar\/noticias-villa-maria\/hospital-pasteur-realizan-colecta-para-continuar-con-el-albergue-para-familiares-de-pacientes\/#primaryimage\",\"url\":\"https:\/\/i0.wp.com\/elregionalvm.com.ar\/noticias-villa-maria\/wp-content\/uploads\/2022\/12\/Albergue-Hospital-Pasteur-en-construccion-dic.-22.jpeg?fit=1338%2C689&ssl=1\",\"contentUrl\":\"https:\/\/i0.wp.com\/elregionalvm.com.ar\/noticias-villa-maria\/wp-content\/uploads\/2022\/12\/Albergue-Hospital-Pasteur-en-construccion-dic.-22.jpeg?fit=1338%2C689&ssl=1\",\"width\":1338,\"height\":689},{\"@type\":\"BreadcrumbList\",\"@id\":\"http:\/\/elregionalvm.com.ar\/noticias-villa-maria\/hospital-pasteur-realizan-colecta-para-continuar-con-el-albergue-para-familiares-de-pacientes\/#breadcrumb\",\"itemListElement\":[{\"@type\":\"ListItem\",\"position\":1,\"name\":\"Portada\",\"item\":\"https:\/\/elregionalvm.com.ar\/noticias-villa-maria\/\"},{\"@type\":\"ListItem\",\"position\":2,\"name\":\"Hospital Pasteur: Realizan colecta para continuar con el albergue para familiares de pacientes\"}]},{\"@type\":\"WebSite\",\"@id\":\"http:\/\/elregionalvm.com.ar\/noticias-villa-maria\/#website\",\"url\":\"http:\/\/elregionalvm.com.ar\/noticias-villa-maria\/\",\"name\":\"El Regional\",\"description\":\"Mucho m\u00e1s que informaci\u00f3n\",\"potentialAction\":[{\"@type\":\"SearchAction\",\"target\":{\"@type\":\"EntryPoint\",\"urlTemplate\":\"http:\/\/elregionalvm.com.ar\/noticias-villa-maria\/?s={search_term_string}\"},\"query-input\":{\"@type\":\"PropertyValueSpecification\",\"valueRequired\":true,\"valueName\":\"search_term_string\"}}],\"inLanguage\":\"es\"},{\"@type\":\"Person\",\"@id\":\"http:\/\/elregionalvm.com.ar\/noticias-villa-maria\/#\/schema\/person\/d5e4b04966154131701e52c45d3efec9\",\"name\":\"Germ\u00e1n Giacchero\",\"image\":{\"@type\":\"ImageObject\",\"inLanguage\":\"es\",\"@id\":\"http:\/\/elregionalvm.com.ar\/noticias-villa-maria\/#\/schema\/person\/image\/\",\"url\":\"https:\/\/secure.gravatar.com\/avatar\/fda163ba5ef0307ee5be9846e10f83b6e83d0cfb260d3b2464830318894c6b04?s=96&d=mm&r=g\",\"contentUrl\":\"https:\/\/secure.gravatar.com\/avatar\/fda163ba5ef0307ee5be9846e10f83b6e83d0cfb260d3b2464830318894c6b04?s=96&d=mm&r=g\",\"caption\":\"Germ\u00e1n Giacchero\"},\"url\":\"https:\/\/elregionalvm.com.ar\/noticias-villa-maria\/author\/germangiacchero\/\"}]}<\/script>\n<!-- \/ Yoast SEO plugin. -->","yoast_head_json":{"title":"Hospital Pasteur: Realizan colecta para continuar con el albergue para familiares de pacientes - El Regional","robots":{"index":"index","follow":"follow","max-snippet":"max-snippet:-1","max-image-preview":"max-image-preview:large","max-video-preview":"max-video-preview:-1"},"canonical":"http:\/\/elregionalvm.com.ar\/noticias-villa-maria\/hospital-pasteur-realizan-colecta-para-continuar-con-el-albergue-para-familiares-de-pacientes\/","og_locale":"es_ES","og_type":"article","og_title":"Hospital Pasteur: Realizan colecta para continuar con el albergue para familiares de pacientes - El Regional","og_description":"Tendr\u00e1 lugar este mi\u00e9rcoles 14, de 8 a 13 horas, en las instalaciones del centro de salud. La finalidad es seguir recaudando lo necesario para el macro proyecto que viene sosteniendo la \u201cAsociaci\u00f3n\u00a0Cooperadora y Amigos del Hospital Pasteur\u201d. Este espacio se encuentra ubicado en barrio Ram\u00f3n Carrillo, en la intersecci\u00f3n de Pueblos Originarios y Gral. [&hellip;]","og_url":"http:\/\/elregionalvm.com.ar\/noticias-villa-maria\/hospital-pasteur-realizan-colecta-para-continuar-con-el-albergue-para-familiares-de-pacientes\/","og_site_name":"El Regional","article_publisher":"https:\/\/www.facebook.com\/elregionalvm","article_published_time":"2022-12-13T17:05:45+00:00","article_modified_time":"2022-12-13T17:05:48+00:00","og_image":[{"width":1338,"height":689,"url":"http:\/\/elregionalvm.com.ar\/noticias-villa-maria\/wp-content\/uploads\/2022\/12\/Albergue-Hospital-Pasteur-en-construccion-dic.-22.jpeg","type":"image\/jpeg"}],"author":"Germ\u00e1n Giacchero","twitter_card":"summary_large_image","twitter_creator":"@elregionalvm1","twitter_site":"@elregionalvm1","twitter_misc":{"Escrito por":"Germ\u00e1n Giacchero","Tiempo de lectura":"3 minutos"},"schema":{"@context":"https:\/\/schema.org","@graph":[{"@type":"Article","@id":"http:\/\/elregionalvm.com.ar\/noticias-villa-maria\/hospital-pasteur-realizan-colecta-para-continuar-con-el-albergue-para-familiares-de-pacientes\/#article","isPartOf":{"@id":"http:\/\/elregionalvm.com.ar\/noticias-villa-maria\/hospital-pasteur-realizan-colecta-para-continuar-con-el-albergue-para-familiares-de-pacientes\/"},"author":{"name":"Germ\u00e1n Giacchero","@id":"http:\/\/elregionalvm.com.ar\/noticias-villa-maria\/#\/schema\/person\/d5e4b04966154131701e52c45d3efec9"},"headline":"Hospital Pasteur: Realizan colecta para continuar con el albergue para familiares de pacientes","datePublished":"2022-12-13T17:05:45+00:00","dateModified":"2022-12-13T17:05:48+00:00","mainEntityOfPage":{"@id":"http:\/\/elregionalvm.com.ar\/noticias-villa-maria\/hospital-pasteur-realizan-colecta-para-continuar-con-el-albergue-para-familiares-de-pacientes\/"},"wordCount":475,"commentCount":0,"image":{"@id":"http:\/\/elregionalvm.com.ar\/noticias-villa-maria\/hospital-pasteur-realizan-colecta-para-continuar-con-el-albergue-para-familiares-de-pacientes\/#primaryimage"},"thumbnailUrl":"https:\/\/i0.wp.com\/elregionalvm.com.ar\/noticias-villa-maria\/wp-content\/uploads\/2022\/12\/Albergue-Hospital-Pasteur-en-construccion-dic.-22.jpeg?fit=1338%2C689&ssl=1","keywords":["Albergue","Barrio Ram\u00f3n Carrillo","Colaboraci\u00f3n","Colecta","Cooperadora del Hospital","donaci\u00f3n","Hospital Pasteur","Juan Carlos Zazzetti","Pacientes"],"articleSection":["destacado","Villa Mar\u00eda"],"inLanguage":"es","potentialAction":[{"@type":"CommentAction","name":"Comment","target":["http:\/\/elregionalvm.com.ar\/noticias-villa-maria\/hospital-pasteur-realizan-colecta-para-continuar-con-el-albergue-para-familiares-de-pacientes\/#respond"]}]},{"@type":"WebPage","@id":"http:\/\/elregionalvm.com.ar\/noticias-villa-maria\/hospital-pasteur-realizan-colecta-para-continuar-con-el-albergue-para-familiares-de-pacientes\/","url":"http:\/\/elregionalvm.com.ar\/noticias-villa-maria\/hospital-pasteur-realizan-colecta-para-continuar-con-el-albergue-para-familiares-de-pacientes\/","name":"Hospital Pasteur: Realizan colecta para continuar con el albergue para familiares de pacientes - El Regional","isPartOf":{"@id":"http:\/\/elregionalvm.com.ar\/noticias-villa-maria\/#website"},"primaryImageOfPage":{"@id":"http:\/\/elregionalvm.com.ar\/noticias-villa-maria\/hospital-pasteur-realizan-colecta-para-continuar-con-el-albergue-para-familiares-de-pacientes\/#primaryimage"},"image":{"@id":"http:\/\/elregionalvm.com.ar\/noticias-villa-maria\/hospital-pasteur-realizan-colecta-para-continuar-con-el-albergue-para-familiares-de-pacientes\/#primaryimage"},"thumbnailUrl":"https:\/\/i0.wp.com\/elregionalvm.com.ar\/noticias-villa-maria\/wp-content\/uploads\/2022\/12\/Albergue-Hospital-Pasteur-en-construccion-dic.-22.jpeg?fit=1338%2C689&ssl=1","datePublished":"2022-12-13T17:05:45+00:00","dateModified":"2022-12-13T17:05:48+00:00","author":{"@id":"http:\/\/elregionalvm.com.ar\/noticias-villa-maria\/#\/schema\/person\/d5e4b04966154131701e52c45d3efec9"},"breadcrumb":{"@id":"http:\/\/elregionalvm.com.ar\/noticias-villa-maria\/hospital-pasteur-realizan-colecta-para-continuar-con-el-albergue-para-familiares-de-pacientes\/#breadcrumb"},"inLanguage":"es","potentialAction":[{"@type":"ReadAction","target":["http:\/\/elregionalvm.com.ar\/noticias-villa-maria\/hospital-pasteur-realizan-colecta-para-continuar-con-el-albergue-para-familiares-de-pacientes\/"]}]},{"@type":"ImageObject","inLanguage":"es","@id":"http:\/\/elregionalvm.com.ar\/noticias-villa-maria\/hospital-pasteur-realizan-colecta-para-continuar-con-el-albergue-para-familiares-de-pacientes\/#primaryimage","url":"https:\/\/i0.wp.com\/elregionalvm.com.ar\/noticias-villa-maria\/wp-content\/uploads\/2022\/12\/Albergue-Hospital-Pasteur-en-construccion-dic.-22.jpeg?fit=1338%2C689&ssl=1","contentUrl":"https:\/\/i0.wp.com\/elregionalvm.com.ar\/noticias-villa-maria\/wp-content\/uploads\/2022\/12\/Albergue-Hospital-Pasteur-en-construccion-dic.-22.jpeg?fit=1338%2C689&ssl=1","width":1338,"height":689},{"@type":"BreadcrumbList","@id":"http:\/\/elregionalvm.com.ar\/noticias-villa-maria\/hospital-pasteur-realizan-colecta-para-continuar-con-el-albergue-para-familiares-de-pacientes\/#breadcrumb","itemListElement":[{"@type":"ListItem","position":1,"name":"Portada","item":"https:\/\/elregionalvm.com.ar\/noticias-villa-maria\/"},{"@type":"ListItem","position":2,"name":"Hospital Pasteur: Realizan colecta para continuar con el albergue para familiares de pacientes"}]},{"@type":"WebSite","@id":"http:\/\/elregionalvm.com.ar\/noticias-villa-maria\/#website","url":"http:\/\/elregionalvm.com.ar\/noticias-villa-maria\/","name":"El Regional","description":"Mucho m\u00e1s que informaci\u00f3n","potentialAction":[{"@type":"SearchAction","target":{"@type":"EntryPoint","urlTemplate":"http:\/\/elregionalvm.com.ar\/noticias-villa-maria\/?s={search_term_string}"},"query-input":{"@type":"PropertyValueSpecification","valueRequired":true,"valueName":"search_term_string"}}],"inLanguage":"es"},{"@type":"Person","@id":"http:\/\/elregionalvm.com.ar\/noticias-villa-maria\/#\/schema\/person\/d5e4b04966154131701e52c45d3efec9","name":"Germ\u00e1n Giacchero","image":{"@type":"ImageObject","inLanguage":"es","@id":"http:\/\/elregionalvm.com.ar\/noticias-villa-maria\/#\/schema\/person\/image\/","url":"https:\/\/secure.gravatar.com\/avatar\/fda163ba5ef0307ee5be9846e10f83b6e83d0cfb260d3b2464830318894c6b04?s=96&d=mm&r=g","contentUrl":"https:\/\/secure.gravatar.com\/avatar\/fda163ba5ef0307ee5be9846e10f83b6e83d0cfb260d3b2464830318894c6b04?s=96&d=mm&r=g","caption":"Germ\u00e1n Giacchero"},"url":"https:\/\/elregionalvm.com.ar\/noticias-villa-maria\/author\/germangiacchero\/"}]}},"jetpack_featured_media_url":"https:\/\/i0.wp.com\/elregionalvm.com.ar\/noticias-villa-maria\/wp-content\/uploads\/2022\/12\/Albergue-Hospital-Pasteur-en-construccion-dic.-22.jpeg?fit=1338%2C689&ssl=1","jetpack_sharing_enabled":true,"_links":{"self":[{"href":"https:\/\/elregionalvm.com.ar\/noticias-villa-maria\/wp-json\/wp\/v2\/posts\/68639","targetHints":{"allow":["GET"]}}],"collection":[{"href":"https:\/\/elregionalvm.com.ar\/noticias-villa-maria\/wp-json\/wp\/v2\/posts"}],"about":[{"href":"https:\/\/elregionalvm.com.ar\/noticias-villa-maria\/wp-json\/wp\/v2\/types\/post"}],"author":[{"embeddable":true,"href":"https:\/\/elregionalvm.com.ar\/noticias-villa-maria\/wp-json\/wp\/v2\/users\/6"}],"replies":[{"embeddable":true,"href":"https:\/\/elregionalvm.com.ar\/noticias-villa-maria\/wp-json\/wp\/v2\/comments?post=68639"}],"version-history":[{"count":3,"href":"https:\/\/elregionalvm.com.ar\/noticias-villa-maria\/wp-json\/wp\/v2\/posts\/68639\/revisions"}],"predecessor-version":[{"id":68643,"href":"https:\/\/elregionalvm.com.ar\/noticias-villa-maria\/wp-json\/wp\/v2\/posts\/68639\/revisions\/68643"}],"wp:featuredmedia":[{"embeddable":true,"href":"https:\/\/elregionalvm.com.ar\/noticias-villa-maria\/wp-json\/wp\/v2\/media\/68642"}],"wp:attachment":[{"href":"https:\/\/elregionalvm.com.ar\/noticias-villa-maria\/wp-json\/wp\/v2\/media?parent=68639"}],"wp:term":[{"taxonomy":"category","embeddable":true,"href":"https:\/\/elregionalvm.com.ar\/noticias-villa-maria\/wp-json\/wp\/v2\/categories?post=68639"},{"taxonomy":"post_tag","embeddable":true,"href":"https:\/\/elregionalvm.com.ar\/noticias-villa-maria\/wp-json\/wp\/v2\/tags?post=68639"}],"curies":[{"name":"wp","href":"https:\/\/api.w.org\/{rel}","templated":true}]}}