{"id":68660,"date":"2022-12-13T20:34:59","date_gmt":"2022-12-13T20:34:59","guid":{"rendered":"https:\/\/elregionalvm.com.ar\/noticias-villa-maria\/?p=68660"},"modified":"2022-12-13T20:35:02","modified_gmt":"2022-12-13T20:35:02","slug":"otras-24-familias-ya-son-propietarias-de-los-terrenos-del-plan-municipal-lo-tengo","status":"publish","type":"post","link":"https:\/\/elregionalvm.com.ar\/noticias-villa-maria\/otras-24-familias-ya-son-propietarias-de-los-terrenos-del-plan-municipal-lo-tengo\/","title":{"rendered":"Otras 24 familias ya son propietarias de los terrenos del Plan Municipal Lo Tengo"},"content":{"rendered":"\n<p>Un clima de gran alegr\u00eda y emoci\u00f3n se vivi\u00f3 en horas de la ma\u00f1ana tras la adjudicaci\u00f3n por parte del Gobierno local de 24 terrenos a beneficiarios del Programa Municipal Lo Tengo. El intendente Mart\u00edn Gill encabez\u00f3 el acto que tuvo lugar en barrio Parque Norte, punto donde culmin\u00f3 la entrega de tierras efectuada previamente en barrio San Juan Bautista y en los loteos Campos del Este y La Arbolada, a trav\u00e9s del Instituto Municipal de la Vivienda (IMV).<\/p>\n\n\n\n<p>Minutos antes de efectivizar la posesi\u00f3n de lotes, el jefe comunal expres\u00f3: \u201cEstamos muy felices de poder cumplir antes de fin de a\u00f1o con el compromiso que hab\u00edamos asumido, para facilitar a vecinos y vecinas el acceso a las tierras bajo los mismos criterios que ofreci\u00f3 en su momento el plan provincial\u201d. \u201cHoy 24 familias ya son due\u00f1as de sus terrenos, y poseen la tenencia de los inmuebles para comenzar a construir su casa propia en sectores urban\u00edsticamente consolidados\u201d.<\/p>\n\n\n\n<figure class=\"wp-block-gallery has-nested-images columns-default is-cropped wp-block-gallery-1 is-layout-flex wp-block-gallery-is-layout-flex\">\n<figure class=\"wp-block-image size-large\"><img data-recalc-dims=\"1\" fetchpriority=\"high\" decoding=\"async\" width=\"1024\" height=\"682\" data-id=\"68663\" src=\"https:\/\/i0.wp.com\/elregionalvm.com.ar\/noticias-villa-maria\/wp-content\/uploads\/2022\/12\/WhatsApp-Image-2022-12-13-at-14.15.01-2.jpeg?resize=1024%2C682&#038;ssl=1\" alt=\"\" class=\"wp-image-68663\" srcset=\"https:\/\/i0.wp.com\/elregionalvm.com.ar\/noticias-villa-maria\/wp-content\/uploads\/2022\/12\/WhatsApp-Image-2022-12-13-at-14.15.01-2.jpeg?resize=1024%2C682&amp;ssl=1 1024w, https:\/\/i0.wp.com\/elregionalvm.com.ar\/noticias-villa-maria\/wp-content\/uploads\/2022\/12\/WhatsApp-Image-2022-12-13-at-14.15.01-2.jpeg?resize=300%2C200&amp;ssl=1 300w, https:\/\/i0.wp.com\/elregionalvm.com.ar\/noticias-villa-maria\/wp-content\/uploads\/2022\/12\/WhatsApp-Image-2022-12-13-at-14.15.01-2.jpeg?resize=768%2C512&amp;ssl=1 768w, https:\/\/i0.wp.com\/elregionalvm.com.ar\/noticias-villa-maria\/wp-content\/uploads\/2022\/12\/WhatsApp-Image-2022-12-13-at-14.15.01-2.jpeg?w=1280&amp;ssl=1 1280w\" sizes=\"(max-width: 1000px) 100vw, 1000px\" \/><\/figure>\n\n\n\n<figure class=\"wp-block-image size-large\"><img data-recalc-dims=\"1\" decoding=\"async\" width=\"1024\" height=\"682\" data-id=\"68662\" src=\"https:\/\/i0.wp.com\/elregionalvm.com.ar\/noticias-villa-maria\/wp-content\/uploads\/2022\/12\/WhatsApp-Image-2022-12-13-at-14.15.01-1.jpeg?resize=1024%2C682&#038;ssl=1\" alt=\"\" class=\"wp-image-68662\" srcset=\"https:\/\/i0.wp.com\/elregionalvm.com.ar\/noticias-villa-maria\/wp-content\/uploads\/2022\/12\/WhatsApp-Image-2022-12-13-at-14.15.01-1.jpeg?resize=1024%2C682&amp;ssl=1 1024w, https:\/\/i0.wp.com\/elregionalvm.com.ar\/noticias-villa-maria\/wp-content\/uploads\/2022\/12\/WhatsApp-Image-2022-12-13-at-14.15.01-1.jpeg?resize=300%2C200&amp;ssl=1 300w, https:\/\/i0.wp.com\/elregionalvm.com.ar\/noticias-villa-maria\/wp-content\/uploads\/2022\/12\/WhatsApp-Image-2022-12-13-at-14.15.01-1.jpeg?resize=768%2C512&amp;ssl=1 768w, https:\/\/i0.wp.com\/elregionalvm.com.ar\/noticias-villa-maria\/wp-content\/uploads\/2022\/12\/WhatsApp-Image-2022-12-13-at-14.15.01-1.jpeg?w=1280&amp;ssl=1 1280w\" sizes=\"(max-width: 1000px) 100vw, 1000px\" \/><\/figure>\n<\/figure>\n\n\n\n<p><\/p>\n\n\n\n<p>Al mismo tiempo, el mandatario local enfatiz\u00f3: \u201cQuiero agradecer a las familias que no bajaron los brazos durante todos estos a\u00f1os, y especialmente a las mujeres que sostuvieron esta lucha para hacerse escuchar y lograr acceder a lo que les correspond\u00eda\u201d.<\/p>\n\n\n\n<p>Adem\u00e1s, brindaron sus palabras vecinas que ahora tienen sus lotes en barrio Parque Norte, compartiendo su felicidad frente a lo acontecido. Tal es el caso de Laura Sanz, quien se\u00f1al\u00f3 que \u201choy se concreta un sue\u00f1o que hace muchos a\u00f1os que venimos esperando\u201d. \u201cQuiero agradecer sin dudas a la Municipalidad por recibirnos tantas veces, por tantas reuniones que hicieron posible que hoy estemos ac\u00e1\u201d, apunt\u00f3.<\/p>\n\n\n\n<p>Asimismo lo expres\u00f3 Susana Ros, otra de las flamantes propietarias, al indicar que \u201choy es un d\u00eda de muchas emociones, un d\u00eda que esperamos con mucha ansiedad y necesidad\u201d. \u201cEstamos por fin pisando nuestro propio terreno, donde tanto so\u00f1\u00e9 tener mi casa propia para poder dejarles en un futuro este espacio a mis hijas\u201d, expres\u00f3 con gran emoci\u00f3n.<\/p>\n\n\n\n<p>En detalle, durante la jornada tres terrenos fueron adjudicados a vecinos de barrio San Juan Bautista entre calles Manuel Ocampo y Las Heras; cinco en el loteo Campos del Este, entre calles Alumin\u00e9 y Costa Rica, y el mismo n\u00famero en el sector de La Arbolada. Asimismo, en barrio Parque Norte se entreg\u00f3 un total de 11 terrenos distribuidos entre calles Agust\u00edn \u00c1lvarez y Victoria Ocampo, y en la zona cercana al loteo de Frattini.<\/p>\n\n\n\n<p>Es oportuno recordar que con el objetivo de acompa\u00f1ar las pol\u00edticas habitacionales, el municipio garantiz\u00f3 la disposici\u00f3n de terrenos en la ciudad para todos los beneficiarios del plan provincial. En todos los casos, las cuotas deber\u00e1n abonarse al IMV mediante la entrega del 10 por ciento del valor de tasaci\u00f3n y la financiaci\u00f3n del resto en 120 cuotas a 10 a\u00f1os, conforme al \u00edndice salarial.<\/p>\n\n\n\n<figure class=\"wp-block-gallery has-nested-images columns-default is-cropped wp-block-gallery-2 is-layout-flex wp-block-gallery-is-layout-flex\">\n<figure class=\"wp-block-image size-large\"><img data-recalc-dims=\"1\" decoding=\"async\" width=\"1024\" height=\"682\" data-id=\"68665\" src=\"https:\/\/i0.wp.com\/elregionalvm.com.ar\/noticias-villa-maria\/wp-content\/uploads\/2022\/12\/WhatsApp-Image-2022-12-13-at-14.15.00-1.jpeg?resize=1024%2C682&#038;ssl=1\" alt=\"\" class=\"wp-image-68665\" srcset=\"https:\/\/i0.wp.com\/elregionalvm.com.ar\/noticias-villa-maria\/wp-content\/uploads\/2022\/12\/WhatsApp-Image-2022-12-13-at-14.15.00-1.jpeg?resize=1024%2C682&amp;ssl=1 1024w, https:\/\/i0.wp.com\/elregionalvm.com.ar\/noticias-villa-maria\/wp-content\/uploads\/2022\/12\/WhatsApp-Image-2022-12-13-at-14.15.00-1.jpeg?resize=300%2C200&amp;ssl=1 300w, https:\/\/i0.wp.com\/elregionalvm.com.ar\/noticias-villa-maria\/wp-content\/uploads\/2022\/12\/WhatsApp-Image-2022-12-13-at-14.15.00-1.jpeg?resize=768%2C512&amp;ssl=1 768w, https:\/\/i0.wp.com\/elregionalvm.com.ar\/noticias-villa-maria\/wp-content\/uploads\/2022\/12\/WhatsApp-Image-2022-12-13-at-14.15.00-1.jpeg?w=1280&amp;ssl=1 1280w\" sizes=\"(max-width: 1000px) 100vw, 1000px\" \/><\/figure>\n\n\n\n<figure class=\"wp-block-image size-large\"><img data-recalc-dims=\"1\" loading=\"lazy\" decoding=\"async\" width=\"1024\" height=\"682\" data-id=\"68664\" src=\"https:\/\/i0.wp.com\/elregionalvm.com.ar\/noticias-villa-maria\/wp-content\/uploads\/2022\/12\/WhatsApp-Image-2022-12-13-at-14.15.00.jpeg?resize=1024%2C682&#038;ssl=1\" alt=\"\" class=\"wp-image-68664\" srcset=\"https:\/\/i0.wp.com\/elregionalvm.com.ar\/noticias-villa-maria\/wp-content\/uploads\/2022\/12\/WhatsApp-Image-2022-12-13-at-14.15.00.jpeg?resize=1024%2C682&amp;ssl=1 1024w, https:\/\/i0.wp.com\/elregionalvm.com.ar\/noticias-villa-maria\/wp-content\/uploads\/2022\/12\/WhatsApp-Image-2022-12-13-at-14.15.00.jpeg?resize=300%2C200&amp;ssl=1 300w, https:\/\/i0.wp.com\/elregionalvm.com.ar\/noticias-villa-maria\/wp-content\/uploads\/2022\/12\/WhatsApp-Image-2022-12-13-at-14.15.00.jpeg?resize=768%2C512&amp;ssl=1 768w, https:\/\/i0.wp.com\/elregionalvm.com.ar\/noticias-villa-maria\/wp-content\/uploads\/2022\/12\/WhatsApp-Image-2022-12-13-at-14.15.00.jpeg?w=1280&amp;ssl=1 1280w\" sizes=\"(max-width: 1000px) 100vw, 1000px\" \/><\/figure>\n<\/figure>\n\n\n\n<p><\/p>\n\n\n\n<p>En esta misma l\u00ednea, Gill hizo referencia a la pronta entrega de lotes ubicados en barrio Malvinas Argentinas. Se trata de terrenos cedidos tambi\u00e9n por el municipio, los cuales ya se encuentran completamente dotados de infraestructura urbana y en condiciones de ser adjudicados a sus nuevos propietarios tras la resoluci\u00f3n provincial para la tasaci\u00f3n de los mismos.<\/p>\n\n\n\n<p>Durante el acto, tambi\u00e9n estuvieron presentes el jefe de Gabinete, H\u00e9ctor Mu\u00f1oz; el presidente del Concejo Deliberante, Pablo Rosso, y la responsable del IMV, Silvia Cuello. Adem\u00e1s, acompa\u00f1aron funcionarios, concejales y vecinalistas del sector.<\/p>\n","protected":false},"excerpt":{"rendered":"<p>Un clima de gran alegr\u00eda y emoci\u00f3n se vivi\u00f3 en horas de la ma\u00f1ana tras la adjudicaci\u00f3n por parte del Gobierno local de 24 terrenos a beneficiarios del Programa Municipal Lo Tengo. El intendente Mart\u00edn Gill encabez\u00f3 el acto que tuvo lugar en barrio Parque Norte, punto donde culmin\u00f3 la entrega de tierras efectuada previamente [&hellip;]<\/p>\n","protected":false},"author":4,"featured_media":68661,"comment_status":"open","ping_status":"open","sticky":false,"template":"","format":"standard","meta":{"site-sidebar-layout":"default","site-content-layout":"","ast-site-content-layout":"default","site-content-style":"default","site-sidebar-style":"default","ast-global-header-display":"","ast-banner-title-visibility":"","ast-main-header-display":"","ast-hfb-above-header-display":"","ast-hfb-below-header-display":"","ast-hfb-mobile-header-display":"","site-post-title":"","ast-breadcrumbs-content":"","ast-featured-img":"","footer-sml-layout":"","ast-disable-related-posts":"","theme-transparent-header-meta":"","adv-header-id-meta":"","stick-header-meta":"","header-above-stick-meta":"","header-main-stick-meta":"","header-below-stick-meta":"","astra-migrate-meta-layouts":"default","ast-page-background-enabled":"default","ast-page-background-meta":{"desktop":{"background-color":"","background-image":"","background-repeat":"repeat","background-position":"center center","background-size":"auto","background-attachment":"scroll","background-type":"","background-media":"","overlay-type":"","overlay-color":"","overlay-opacity":"","overlay-gradient":""},"tablet":{"background-color":"","background-image":"","background-repeat":"repeat","background-position":"center center","background-size":"auto","background-attachment":"scroll","background-type":"","background-media":"","overlay-type":"","overlay-color":"","overlay-opacity":"","overlay-gradient":""},"mobile":{"background-color":"","background-image":"","background-repeat":"repeat","background-position":"center center","background-size":"auto","background-attachment":"scroll","background-type":"","background-media":"","overlay-type":"","overlay-color":"","overlay-opacity":"","overlay-gradient":""}},"ast-content-background-meta":{"desktop":{"background-color":"var(--ast-global-color-5)","background-image":"","background-repeat":"repeat","background-position":"center center","background-size":"auto","background-attachment":"scroll","background-type":"","background-media":"","overlay-type":"","overlay-color":"","overlay-opacity":"","overlay-gradient":""},"tablet":{"background-color":"var(--ast-global-color-5)","background-image":"","background-repeat":"repeat","background-position":"center center","background-size":"auto","background-attachment":"scroll","background-type":"","background-media":"","overlay-type":"","overlay-color":"","overlay-opacity":"","overlay-gradient":""},"mobile":{"background-color":"var(--ast-global-color-5)","background-image":"","background-repeat":"repeat","background-position":"center center","background-size":"auto","background-attachment":"scroll","background-type":"","background-media":"","overlay-type":"","overlay-color":"","overlay-opacity":"","overlay-gradient":""}},"_jetpack_memberships_contains_paid_content":false,"_joinchat":[],"footnotes":""},"categories":[15302,2],"tags":[20385,8491,20384,2474,13941,20386,2248],"class_list":["post-68660","post","type-post","status-publish","format-standard","has-post-thumbnail","hentry","category-destacado","category-villa-maria","tag-24-lotes","tag-casa-propia","tag-entregaron-terrenos","tag-municipalidad-de-villa-maria","tag-plan-lo-tengo","tag-sueno-de-la-casa-propia","tag-villa-maria-2"],"yoast_head":"<!-- This site is optimized with the Yoast SEO plugin v26.8 - https:\/\/yoast.com\/product\/yoast-seo-wordpress\/ -->\n<title>Otras 24 familias ya son propietarias de los terrenos del Plan Municipal Lo Tengo - El Regional<\/title>\n<meta name=\"robots\" content=\"index, follow, max-snippet:-1, max-image-preview:large, max-video-preview:-1\" \/>\n<link rel=\"canonical\" href=\"http:\/\/elregionalvm.com.ar\/noticias-villa-maria\/otras-24-familias-ya-son-propietarias-de-los-terrenos-del-plan-municipal-lo-tengo\/\" \/>\n<meta property=\"og:locale\" content=\"es_ES\" \/>\n<meta property=\"og:type\" content=\"article\" \/>\n<meta property=\"og:title\" content=\"Otras 24 familias ya son propietarias de los terrenos del Plan Municipal Lo Tengo - El Regional\" \/>\n<meta property=\"og:description\" content=\"Un clima de gran alegr\u00eda y emoci\u00f3n se vivi\u00f3 en horas de la ma\u00f1ana tras la adjudicaci\u00f3n por parte del Gobierno local de 24 terrenos a beneficiarios del Programa Municipal Lo Tengo. El intendente Mart\u00edn Gill encabez\u00f3 el acto que tuvo lugar en barrio Parque Norte, punto donde culmin\u00f3 la entrega de tierras efectuada previamente [&hellip;]\" \/>\n<meta property=\"og:url\" content=\"http:\/\/elregionalvm.com.ar\/noticias-villa-maria\/otras-24-familias-ya-son-propietarias-de-los-terrenos-del-plan-municipal-lo-tengo\/\" \/>\n<meta property=\"og:site_name\" content=\"El Regional\" \/>\n<meta property=\"article:publisher\" content=\"https:\/\/www.facebook.com\/elregionalvm\" \/>\n<meta property=\"article:published_time\" content=\"2022-12-13T20:34:59+00:00\" \/>\n<meta property=\"article:modified_time\" content=\"2022-12-13T20:35:02+00:00\" \/>\n<meta property=\"og:image\" content=\"http:\/\/elregionalvm.com.ar\/noticias-villa-maria\/wp-content\/uploads\/2022\/12\/WhatsApp-Image-2022-12-13-at-14.15.01.jpeg\" \/>\n\t<meta property=\"og:image:width\" content=\"1280\" \/>\n\t<meta property=\"og:image:height\" content=\"853\" \/>\n\t<meta property=\"og:image:type\" content=\"image\/jpeg\" \/>\n<meta name=\"author\" content=\"Contenidos El Regional\" \/>\n<meta name=\"twitter:card\" content=\"summary_large_image\" \/>\n<meta name=\"twitter:creator\" content=\"@elregionalvm1\" \/>\n<meta name=\"twitter:site\" content=\"@elregionalvm1\" \/>\n<meta name=\"twitter:label1\" content=\"Escrito por\" \/>\n\t<meta name=\"twitter:data1\" content=\"Contenidos El Regional\" \/>\n\t<meta name=\"twitter:label2\" content=\"Tiempo de lectura\" \/>\n\t<meta name=\"twitter:data2\" content=\"4 minutos\" \/>\n<script type=\"application\/ld+json\" class=\"yoast-schema-graph\">{\"@context\":\"https:\/\/schema.org\",\"@graph\":[{\"@type\":\"Article\",\"@id\":\"http:\/\/elregionalvm.com.ar\/noticias-villa-maria\/otras-24-familias-ya-son-propietarias-de-los-terrenos-del-plan-municipal-lo-tengo\/#article\",\"isPartOf\":{\"@id\":\"http:\/\/elregionalvm.com.ar\/noticias-villa-maria\/otras-24-familias-ya-son-propietarias-de-los-terrenos-del-plan-municipal-lo-tengo\/\"},\"author\":{\"name\":\"Contenidos El Regional\",\"@id\":\"http:\/\/elregionalvm.com.ar\/noticias-villa-maria\/#\/schema\/person\/a0fb9c422317faca23d50163151bc354\"},\"headline\":\"Otras 24 familias ya son propietarias de los terrenos del Plan Municipal Lo Tengo\",\"datePublished\":\"2022-12-13T20:34:59+00:00\",\"dateModified\":\"2022-12-13T20:35:02+00:00\",\"mainEntityOfPage\":{\"@id\":\"http:\/\/elregionalvm.com.ar\/noticias-villa-maria\/otras-24-familias-ya-son-propietarias-de-los-terrenos-del-plan-municipal-lo-tengo\/\"},\"wordCount\":598,\"commentCount\":0,\"image\":{\"@id\":\"http:\/\/elregionalvm.com.ar\/noticias-villa-maria\/otras-24-familias-ya-son-propietarias-de-los-terrenos-del-plan-municipal-lo-tengo\/#primaryimage\"},\"thumbnailUrl\":\"https:\/\/i0.wp.com\/elregionalvm.com.ar\/noticias-villa-maria\/wp-content\/uploads\/2022\/12\/WhatsApp-Image-2022-12-13-at-14.15.01.jpeg?fit=1280%2C853&ssl=1\",\"keywords\":[\"24 lotes\",\"Casa propia\",\"entregaron terrenos\",\"Municipalidad de Villa Mar\u00eda\",\"Plan Lo Tengo\",\"sue\u00f1o de la casa propia\",\"Villa Mar\u00eda\"],\"articleSection\":[\"destacado\",\"Villa Mar\u00eda\"],\"inLanguage\":\"es\",\"potentialAction\":[{\"@type\":\"CommentAction\",\"name\":\"Comment\",\"target\":[\"http:\/\/elregionalvm.com.ar\/noticias-villa-maria\/otras-24-familias-ya-son-propietarias-de-los-terrenos-del-plan-municipal-lo-tengo\/#respond\"]}]},{\"@type\":\"WebPage\",\"@id\":\"http:\/\/elregionalvm.com.ar\/noticias-villa-maria\/otras-24-familias-ya-son-propietarias-de-los-terrenos-del-plan-municipal-lo-tengo\/\",\"url\":\"http:\/\/elregionalvm.com.ar\/noticias-villa-maria\/otras-24-familias-ya-son-propietarias-de-los-terrenos-del-plan-municipal-lo-tengo\/\",\"name\":\"Otras 24 familias ya son propietarias de los terrenos del Plan Municipal Lo Tengo - El Regional\",\"isPartOf\":{\"@id\":\"http:\/\/elregionalvm.com.ar\/noticias-villa-maria\/#website\"},\"primaryImageOfPage\":{\"@id\":\"http:\/\/elregionalvm.com.ar\/noticias-villa-maria\/otras-24-familias-ya-son-propietarias-de-los-terrenos-del-plan-municipal-lo-tengo\/#primaryimage\"},\"image\":{\"@id\":\"http:\/\/elregionalvm.com.ar\/noticias-villa-maria\/otras-24-familias-ya-son-propietarias-de-los-terrenos-del-plan-municipal-lo-tengo\/#primaryimage\"},\"thumbnailUrl\":\"https:\/\/i0.wp.com\/elregionalvm.com.ar\/noticias-villa-maria\/wp-content\/uploads\/2022\/12\/WhatsApp-Image-2022-12-13-at-14.15.01.jpeg?fit=1280%2C853&ssl=1\",\"datePublished\":\"2022-12-13T20:34:59+00:00\",\"dateModified\":\"2022-12-13T20:35:02+00:00\",\"author\":{\"@id\":\"http:\/\/elregionalvm.com.ar\/noticias-villa-maria\/#\/schema\/person\/a0fb9c422317faca23d50163151bc354\"},\"breadcrumb\":{\"@id\":\"http:\/\/elregionalvm.com.ar\/noticias-villa-maria\/otras-24-familias-ya-son-propietarias-de-los-terrenos-del-plan-municipal-lo-tengo\/#breadcrumb\"},\"inLanguage\":\"es\",\"potentialAction\":[{\"@type\":\"ReadAction\",\"target\":[\"http:\/\/elregionalvm.com.ar\/noticias-villa-maria\/otras-24-familias-ya-son-propietarias-de-los-terrenos-del-plan-municipal-lo-tengo\/\"]}]},{\"@type\":\"ImageObject\",\"inLanguage\":\"es\",\"@id\":\"http:\/\/elregionalvm.com.ar\/noticias-villa-maria\/otras-24-familias-ya-son-propietarias-de-los-terrenos-del-plan-municipal-lo-tengo\/#primaryimage\",\"url\":\"https:\/\/i0.wp.com\/elregionalvm.com.ar\/noticias-villa-maria\/wp-content\/uploads\/2022\/12\/WhatsApp-Image-2022-12-13-at-14.15.01.jpeg?fit=1280%2C853&ssl=1\",\"contentUrl\":\"https:\/\/i0.wp.com\/elregionalvm.com.ar\/noticias-villa-maria\/wp-content\/uploads\/2022\/12\/WhatsApp-Image-2022-12-13-at-14.15.01.jpeg?fit=1280%2C853&ssl=1\",\"width\":1280,\"height\":853},{\"@type\":\"BreadcrumbList\",\"@id\":\"http:\/\/elregionalvm.com.ar\/noticias-villa-maria\/otras-24-familias-ya-son-propietarias-de-los-terrenos-del-plan-municipal-lo-tengo\/#breadcrumb\",\"itemListElement\":[{\"@type\":\"ListItem\",\"position\":1,\"name\":\"Portada\",\"item\":\"https:\/\/elregionalvm.com.ar\/noticias-villa-maria\/\"},{\"@type\":\"ListItem\",\"position\":2,\"name\":\"Otras 24 familias ya son propietarias de los terrenos del Plan Municipal Lo Tengo\"}]},{\"@type\":\"WebSite\",\"@id\":\"http:\/\/elregionalvm.com.ar\/noticias-villa-maria\/#website\",\"url\":\"http:\/\/elregionalvm.com.ar\/noticias-villa-maria\/\",\"name\":\"El Regional\",\"description\":\"Mucho m\u00e1s que informaci\u00f3n\",\"potentialAction\":[{\"@type\":\"SearchAction\",\"target\":{\"@type\":\"EntryPoint\",\"urlTemplate\":\"http:\/\/elregionalvm.com.ar\/noticias-villa-maria\/?s={search_term_string}\"},\"query-input\":{\"@type\":\"PropertyValueSpecification\",\"valueRequired\":true,\"valueName\":\"search_term_string\"}}],\"inLanguage\":\"es\"},{\"@type\":\"Person\",\"@id\":\"http:\/\/elregionalvm.com.ar\/noticias-villa-maria\/#\/schema\/person\/a0fb9c422317faca23d50163151bc354\",\"name\":\"Contenidos El Regional\",\"image\":{\"@type\":\"ImageObject\",\"inLanguage\":\"es\",\"@id\":\"http:\/\/elregionalvm.com.ar\/noticias-villa-maria\/#\/schema\/person\/image\/\",\"url\":\"https:\/\/secure.gravatar.com\/avatar\/265b27cb2209af7bb3a1318f03305787d7981a5cc6e6cd08fe5a4ecdf99d4b48?s=96&d=mm&r=g\",\"contentUrl\":\"https:\/\/secure.gravatar.com\/avatar\/265b27cb2209af7bb3a1318f03305787d7981a5cc6e6cd08fe5a4ecdf99d4b48?s=96&d=mm&r=g\",\"caption\":\"Contenidos El Regional\"},\"url\":\"https:\/\/elregionalvm.com.ar\/noticias-villa-maria\/author\/contenido\/\"}]}<\/script>\n<!-- \/ Yoast SEO plugin. -->","yoast_head_json":{"title":"Otras 24 familias ya son propietarias de los terrenos del Plan Municipal Lo Tengo - El Regional","robots":{"index":"index","follow":"follow","max-snippet":"max-snippet:-1","max-image-preview":"max-image-preview:large","max-video-preview":"max-video-preview:-1"},"canonical":"http:\/\/elregionalvm.com.ar\/noticias-villa-maria\/otras-24-familias-ya-son-propietarias-de-los-terrenos-del-plan-municipal-lo-tengo\/","og_locale":"es_ES","og_type":"article","og_title":"Otras 24 familias ya son propietarias de los terrenos del Plan Municipal Lo Tengo - El Regional","og_description":"Un clima de gran alegr\u00eda y emoci\u00f3n se vivi\u00f3 en horas de la ma\u00f1ana tras la adjudicaci\u00f3n por parte del Gobierno local de 24 terrenos a beneficiarios del Programa Municipal Lo Tengo. El intendente Mart\u00edn Gill encabez\u00f3 el acto que tuvo lugar en barrio Parque Norte, punto donde culmin\u00f3 la entrega de tierras efectuada previamente [&hellip;]","og_url":"http:\/\/elregionalvm.com.ar\/noticias-villa-maria\/otras-24-familias-ya-son-propietarias-de-los-terrenos-del-plan-municipal-lo-tengo\/","og_site_name":"El Regional","article_publisher":"https:\/\/www.facebook.com\/elregionalvm","article_published_time":"2022-12-13T20:34:59+00:00","article_modified_time":"2022-12-13T20:35:02+00:00","og_image":[{"width":1280,"height":853,"url":"http:\/\/elregionalvm.com.ar\/noticias-villa-maria\/wp-content\/uploads\/2022\/12\/WhatsApp-Image-2022-12-13-at-14.15.01.jpeg","type":"image\/jpeg"}],"author":"Contenidos El Regional","twitter_card":"summary_large_image","twitter_creator":"@elregionalvm1","twitter_site":"@elregionalvm1","twitter_misc":{"Escrito por":"Contenidos El Regional","Tiempo de lectura":"4 minutos"},"schema":{"@context":"https:\/\/schema.org","@graph":[{"@type":"Article","@id":"http:\/\/elregionalvm.com.ar\/noticias-villa-maria\/otras-24-familias-ya-son-propietarias-de-los-terrenos-del-plan-municipal-lo-tengo\/#article","isPartOf":{"@id":"http:\/\/elregionalvm.com.ar\/noticias-villa-maria\/otras-24-familias-ya-son-propietarias-de-los-terrenos-del-plan-municipal-lo-tengo\/"},"author":{"name":"Contenidos El Regional","@id":"http:\/\/elregionalvm.com.ar\/noticias-villa-maria\/#\/schema\/person\/a0fb9c422317faca23d50163151bc354"},"headline":"Otras 24 familias ya son propietarias de los terrenos del Plan Municipal Lo Tengo","datePublished":"2022-12-13T20:34:59+00:00","dateModified":"2022-12-13T20:35:02+00:00","mainEntityOfPage":{"@id":"http:\/\/elregionalvm.com.ar\/noticias-villa-maria\/otras-24-familias-ya-son-propietarias-de-los-terrenos-del-plan-municipal-lo-tengo\/"},"wordCount":598,"commentCount":0,"image":{"@id":"http:\/\/elregionalvm.com.ar\/noticias-villa-maria\/otras-24-familias-ya-son-propietarias-de-los-terrenos-del-plan-municipal-lo-tengo\/#primaryimage"},"thumbnailUrl":"https:\/\/i0.wp.com\/elregionalvm.com.ar\/noticias-villa-maria\/wp-content\/uploads\/2022\/12\/WhatsApp-Image-2022-12-13-at-14.15.01.jpeg?fit=1280%2C853&ssl=1","keywords":["24 lotes","Casa propia","entregaron terrenos","Municipalidad de Villa Mar\u00eda","Plan Lo Tengo","sue\u00f1o de la casa propia","Villa Mar\u00eda"],"articleSection":["destacado","Villa Mar\u00eda"],"inLanguage":"es","potentialAction":[{"@type":"CommentAction","name":"Comment","target":["http:\/\/elregionalvm.com.ar\/noticias-villa-maria\/otras-24-familias-ya-son-propietarias-de-los-terrenos-del-plan-municipal-lo-tengo\/#respond"]}]},{"@type":"WebPage","@id":"http:\/\/elregionalvm.com.ar\/noticias-villa-maria\/otras-24-familias-ya-son-propietarias-de-los-terrenos-del-plan-municipal-lo-tengo\/","url":"http:\/\/elregionalvm.com.ar\/noticias-villa-maria\/otras-24-familias-ya-son-propietarias-de-los-terrenos-del-plan-municipal-lo-tengo\/","name":"Otras 24 familias ya son propietarias de los terrenos del Plan Municipal Lo Tengo - El Regional","isPartOf":{"@id":"http:\/\/elregionalvm.com.ar\/noticias-villa-maria\/#website"},"primaryImageOfPage":{"@id":"http:\/\/elregionalvm.com.ar\/noticias-villa-maria\/otras-24-familias-ya-son-propietarias-de-los-terrenos-del-plan-municipal-lo-tengo\/#primaryimage"},"image":{"@id":"http:\/\/elregionalvm.com.ar\/noticias-villa-maria\/otras-24-familias-ya-son-propietarias-de-los-terrenos-del-plan-municipal-lo-tengo\/#primaryimage"},"thumbnailUrl":"https:\/\/i0.wp.com\/elregionalvm.com.ar\/noticias-villa-maria\/wp-content\/uploads\/2022\/12\/WhatsApp-Image-2022-12-13-at-14.15.01.jpeg?fit=1280%2C853&ssl=1","datePublished":"2022-12-13T20:34:59+00:00","dateModified":"2022-12-13T20:35:02+00:00","author":{"@id":"http:\/\/elregionalvm.com.ar\/noticias-villa-maria\/#\/schema\/person\/a0fb9c422317faca23d50163151bc354"},"breadcrumb":{"@id":"http:\/\/elregionalvm.com.ar\/noticias-villa-maria\/otras-24-familias-ya-son-propietarias-de-los-terrenos-del-plan-municipal-lo-tengo\/#breadcrumb"},"inLanguage":"es","potentialAction":[{"@type":"ReadAction","target":["http:\/\/elregionalvm.com.ar\/noticias-villa-maria\/otras-24-familias-ya-son-propietarias-de-los-terrenos-del-plan-municipal-lo-tengo\/"]}]},{"@type":"ImageObject","inLanguage":"es","@id":"http:\/\/elregionalvm.com.ar\/noticias-villa-maria\/otras-24-familias-ya-son-propietarias-de-los-terrenos-del-plan-municipal-lo-tengo\/#primaryimage","url":"https:\/\/i0.wp.com\/elregionalvm.com.ar\/noticias-villa-maria\/wp-content\/uploads\/2022\/12\/WhatsApp-Image-2022-12-13-at-14.15.01.jpeg?fit=1280%2C853&ssl=1","contentUrl":"https:\/\/i0.wp.com\/elregionalvm.com.ar\/noticias-villa-maria\/wp-content\/uploads\/2022\/12\/WhatsApp-Image-2022-12-13-at-14.15.01.jpeg?fit=1280%2C853&ssl=1","width":1280,"height":853},{"@type":"BreadcrumbList","@id":"http:\/\/elregionalvm.com.ar\/noticias-villa-maria\/otras-24-familias-ya-son-propietarias-de-los-terrenos-del-plan-municipal-lo-tengo\/#breadcrumb","itemListElement":[{"@type":"ListItem","position":1,"name":"Portada","item":"https:\/\/elregionalvm.com.ar\/noticias-villa-maria\/"},{"@type":"ListItem","position":2,"name":"Otras 24 familias ya son propietarias de los terrenos del Plan Municipal Lo Tengo"}]},{"@type":"WebSite","@id":"http:\/\/elregionalvm.com.ar\/noticias-villa-maria\/#website","url":"http:\/\/elregionalvm.com.ar\/noticias-villa-maria\/","name":"El Regional","description":"Mucho m\u00e1s que informaci\u00f3n","potentialAction":[{"@type":"SearchAction","target":{"@type":"EntryPoint","urlTemplate":"http:\/\/elregionalvm.com.ar\/noticias-villa-maria\/?s={search_term_string}"},"query-input":{"@type":"PropertyValueSpecification","valueRequired":true,"valueName":"search_term_string"}}],"inLanguage":"es"},{"@type":"Person","@id":"http:\/\/elregionalvm.com.ar\/noticias-villa-maria\/#\/schema\/person\/a0fb9c422317faca23d50163151bc354","name":"Contenidos El Regional","image":{"@type":"ImageObject","inLanguage":"es","@id":"http:\/\/elregionalvm.com.ar\/noticias-villa-maria\/#\/schema\/person\/image\/","url":"https:\/\/secure.gravatar.com\/avatar\/265b27cb2209af7bb3a1318f03305787d7981a5cc6e6cd08fe5a4ecdf99d4b48?s=96&d=mm&r=g","contentUrl":"https:\/\/secure.gravatar.com\/avatar\/265b27cb2209af7bb3a1318f03305787d7981a5cc6e6cd08fe5a4ecdf99d4b48?s=96&d=mm&r=g","caption":"Contenidos El Regional"},"url":"https:\/\/elregionalvm.com.ar\/noticias-villa-maria\/author\/contenido\/"}]}},"jetpack_featured_media_url":"https:\/\/i0.wp.com\/elregionalvm.com.ar\/noticias-villa-maria\/wp-content\/uploads\/2022\/12\/WhatsApp-Image-2022-12-13-at-14.15.01.jpeg?fit=1280%2C853&ssl=1","jetpack_sharing_enabled":true,"_links":{"self":[{"href":"https:\/\/elregionalvm.com.ar\/noticias-villa-maria\/wp-json\/wp\/v2\/posts\/68660","targetHints":{"allow":["GET"]}}],"collection":[{"href":"https:\/\/elregionalvm.com.ar\/noticias-villa-maria\/wp-json\/wp\/v2\/posts"}],"about":[{"href":"https:\/\/elregionalvm.com.ar\/noticias-villa-maria\/wp-json\/wp\/v2\/types\/post"}],"author":[{"embeddable":true,"href":"https:\/\/elregionalvm.com.ar\/noticias-villa-maria\/wp-json\/wp\/v2\/users\/4"}],"replies":[{"embeddable":true,"href":"https:\/\/elregionalvm.com.ar\/noticias-villa-maria\/wp-json\/wp\/v2\/comments?post=68660"}],"version-history":[{"count":1,"href":"https:\/\/elregionalvm.com.ar\/noticias-villa-maria\/wp-json\/wp\/v2\/posts\/68660\/revisions"}],"predecessor-version":[{"id":68666,"href":"https:\/\/elregionalvm.com.ar\/noticias-villa-maria\/wp-json\/wp\/v2\/posts\/68660\/revisions\/68666"}],"wp:featuredmedia":[{"embeddable":true,"href":"https:\/\/elregionalvm.com.ar\/noticias-villa-maria\/wp-json\/wp\/v2\/media\/68661"}],"wp:attachment":[{"href":"https:\/\/elregionalvm.com.ar\/noticias-villa-maria\/wp-json\/wp\/v2\/media?parent=68660"}],"wp:term":[{"taxonomy":"category","embeddable":true,"href":"https:\/\/elregionalvm.com.ar\/noticias-villa-maria\/wp-json\/wp\/v2\/categories?post=68660"},{"taxonomy":"post_tag","embeddable":true,"href":"https:\/\/elregionalvm.com.ar\/noticias-villa-maria\/wp-json\/wp\/v2\/tags?post=68660"}],"curies":[{"name":"wp","href":"https:\/\/api.w.org\/{rel}","templated":true}]}}