{"id":68671,"date":"2022-12-13T21:06:09","date_gmt":"2022-12-13T21:06:09","guid":{"rendered":"https:\/\/elregionalvm.com.ar\/noticias-villa-maria\/?p=68671"},"modified":"2022-12-14T21:41:02","modified_gmt":"2022-12-14T21:41:02","slug":"argentina-mi-amor-estamos-en-la-final-estamos-en-la-final","status":"publish","type":"post","link":"https:\/\/elregionalvm.com.ar\/noticias-villa-maria\/argentina-mi-amor-estamos-en-la-final-estamos-en-la-final\/","title":{"rendered":"Argentina, mi amor: \u00a1Estamos en la Final! \u00a1Estamos en la Final!"},"content":{"rendered":"\n<p>El sue\u00f1o contin\u00faa. Argentina est\u00e1 en la final de la Copa del Mundo de Qatar 2022.<\/p>\n\n\n\n<p>En un partido con un Messi sublime y un Juli\u00e1n \u00c1lvarez con un pie afinado, el seleccionado dirigido por Lionel Scaloni venci\u00f3 a Croacia por 3 a 0 y jugar\u00e1 la final del mundo.<\/p>\n\n\n\n<p>Ser\u00e1 el pr\u00f3ximo domingo 18 de diciembre frente al ganador de Marruecos &#8211; Francia.<\/p>\n\n\n\n<p>En un partido con momentos altos y de buen f\u00fatbol, la \u00abScaloneta\u00bb no le dio tregua a un equipo s\u00f3lido y bien parado.<\/p>\n\n\n\n<p><\/p>\n\n\n\n<figure class=\"wp-block-gallery has-nested-images columns-default is-cropped wp-block-gallery-1 is-layout-flex wp-block-gallery-is-layout-flex\">\n<figure class=\"wp-block-image size-large\"><img data-recalc-dims=\"1\" fetchpriority=\"high\" decoding=\"async\" width=\"720\" height=\"704\" data-id=\"68675\" src=\"https:\/\/i0.wp.com\/elregionalvm.com.ar\/noticias-villa-maria\/wp-content\/uploads\/2022\/12\/Messi-y-Julian-festejo-1.jpeg?resize=720%2C704&#038;ssl=1\" alt=\"\" class=\"wp-image-68675\" srcset=\"https:\/\/i0.wp.com\/elregionalvm.com.ar\/noticias-villa-maria\/wp-content\/uploads\/2022\/12\/Messi-y-Julian-festejo-1.jpeg?w=720&amp;ssl=1 720w, https:\/\/i0.wp.com\/elregionalvm.com.ar\/noticias-villa-maria\/wp-content\/uploads\/2022\/12\/Messi-y-Julian-festejo-1.jpeg?resize=300%2C293&amp;ssl=1 300w\" sizes=\"(max-width: 720px) 100vw, 720px\" \/><\/figure>\n\n\n\n<figure class=\"wp-block-image size-large\"><img data-recalc-dims=\"1\" decoding=\"async\" width=\"720\" height=\"1250\" data-id=\"68674\" src=\"https:\/\/i0.wp.com\/elregionalvm.com.ar\/noticias-villa-maria\/wp-content\/uploads\/2022\/12\/WhatsApp-Image-2022-12-13-at-18.00.20.jpeg?resize=720%2C1250&#038;ssl=1\" alt=\"\" class=\"wp-image-68674\" srcset=\"https:\/\/i0.wp.com\/elregionalvm.com.ar\/noticias-villa-maria\/wp-content\/uploads\/2022\/12\/WhatsApp-Image-2022-12-13-at-18.00.20.jpeg?w=720&amp;ssl=1 720w, https:\/\/i0.wp.com\/elregionalvm.com.ar\/noticias-villa-maria\/wp-content\/uploads\/2022\/12\/WhatsApp-Image-2022-12-13-at-18.00.20.jpeg?resize=173%2C300&amp;ssl=1 173w, https:\/\/i0.wp.com\/elregionalvm.com.ar\/noticias-villa-maria\/wp-content\/uploads\/2022\/12\/WhatsApp-Image-2022-12-13-at-18.00.20.jpeg?resize=590%2C1024&amp;ssl=1 590w\" sizes=\"(max-width: 720px) 100vw, 720px\" \/><\/figure>\n\n\n\n<figure class=\"wp-block-image size-large\"><img data-recalc-dims=\"1\" decoding=\"async\" width=\"641\" height=\"881\" data-id=\"68673\" src=\"https:\/\/i0.wp.com\/elregionalvm.com.ar\/noticias-villa-maria\/wp-content\/uploads\/2022\/12\/Messi-y-Julian-festejo.jpeg?resize=641%2C881&#038;ssl=1\" alt=\"\" class=\"wp-image-68673\" srcset=\"https:\/\/i0.wp.com\/elregionalvm.com.ar\/noticias-villa-maria\/wp-content\/uploads\/2022\/12\/Messi-y-Julian-festejo.jpeg?w=641&amp;ssl=1 641w, https:\/\/i0.wp.com\/elregionalvm.com.ar\/noticias-villa-maria\/wp-content\/uploads\/2022\/12\/Messi-y-Julian-festejo.jpeg?resize=218%2C300&amp;ssl=1 218w\" sizes=\"(max-width: 641px) 100vw, 641px\" \/><\/figure>\n<\/figure>\n\n\n\n<p><\/p>\n\n\n\n<p>Vivilo, sentilo, disfrutalo, sobran las palabras.<\/p>\n\n\n\n<p>Chau, nos vamos a festejar.<\/p>\n\n\n\n<p>\u00a1Vamos Argentina, carajo!<\/p>\n","protected":false},"excerpt":{"rendered":"<p>El sue\u00f1o contin\u00faa. Argentina est\u00e1 en la final de la Copa del Mundo de Qatar 2022. En un partido con un Messi sublime y un Juli\u00e1n \u00c1lvarez con un pie afinado, el seleccionado dirigido por Lionel Scaloni venci\u00f3 a Croacia por 3 a 0 y jugar\u00e1 la final del mundo. Ser\u00e1 el pr\u00f3ximo domingo 18 [&hellip;]<\/p>\n","protected":false},"author":4,"featured_media":68676,"comment_status":"open","ping_status":"open","sticky":false,"template":"","format":"standard","meta":{"site-sidebar-layout":"default","site-content-layout":"","ast-site-content-layout":"default","site-content-style":"default","site-sidebar-style":"default","ast-global-header-display":"","ast-banner-title-visibility":"","ast-main-header-display":"","ast-hfb-above-header-display":"","ast-hfb-below-header-display":"","ast-hfb-mobile-header-display":"","site-post-title":"","ast-breadcrumbs-content":"","ast-featured-img":"","footer-sml-layout":"","ast-disable-related-posts":"","theme-transparent-header-meta":"","adv-header-id-meta":"","stick-header-meta":"","header-above-stick-meta":"","header-main-stick-meta":"","header-below-stick-meta":"","astra-migrate-meta-layouts":"default","ast-page-background-enabled":"default","ast-page-background-meta":{"desktop":{"background-color":"","background-image":"","background-repeat":"repeat","background-position":"center center","background-size":"auto","background-attachment":"scroll","background-type":"","background-media":"","overlay-type":"","overlay-color":"","overlay-opacity":"","overlay-gradient":""},"tablet":{"background-color":"","background-image":"","background-repeat":"repeat","background-position":"center center","background-size":"auto","background-attachment":"scroll","background-type":"","background-media":"","overlay-type":"","overlay-color":"","overlay-opacity":"","overlay-gradient":""},"mobile":{"background-color":"","background-image":"","background-repeat":"repeat","background-position":"center center","background-size":"auto","background-attachment":"scroll","background-type":"","background-media":"","overlay-type":"","overlay-color":"","overlay-opacity":"","overlay-gradient":""}},"ast-content-background-meta":{"desktop":{"background-color":"var(--ast-global-color-5)","background-image":"","background-repeat":"repeat","background-position":"center center","background-size":"auto","background-attachment":"scroll","background-type":"","background-media":"","overlay-type":"","overlay-color":"","overlay-opacity":"","overlay-gradient":""},"tablet":{"background-color":"var(--ast-global-color-5)","background-image":"","background-repeat":"repeat","background-position":"center center","background-size":"auto","background-attachment":"scroll","background-type":"","background-media":"","overlay-type":"","overlay-color":"","overlay-opacity":"","overlay-gradient":""},"mobile":{"background-color":"var(--ast-global-color-5)","background-image":"","background-repeat":"repeat","background-position":"center center","background-size":"auto","background-attachment":"scroll","background-type":"","background-media":"","overlay-type":"","overlay-color":"","overlay-opacity":"","overlay-gradient":""}},"_jetpack_memberships_contains_paid_content":false,"_joinchat":[],"footnotes":""},"categories":[15158,14786,3557],"tags":[415,1187,14787,17466],"class_list":["post-68671","post","type-post","status-publish","format-standard","has-post-thumbnail","hentry","category-deporte","category-qatar2022","category-tercera","tag-argentina","tag-final","tag-qatar-2022","tag-seleccionado-nacional"],"yoast_head":"<!-- This site is optimized with the Yoast SEO plugin v26.8 - https:\/\/yoast.com\/product\/yoast-seo-wordpress\/ -->\n<title>Argentina, mi amor: \u00a1Estamos en la Final! \u00a1Estamos en la Final! - El Regional<\/title>\n<meta name=\"robots\" content=\"index, follow, max-snippet:-1, max-image-preview:large, max-video-preview:-1\" \/>\n<link rel=\"canonical\" href=\"http:\/\/elregionalvm.com.ar\/noticias-villa-maria\/argentina-mi-amor-estamos-en-la-final-estamos-en-la-final\/\" \/>\n<meta property=\"og:locale\" content=\"es_ES\" \/>\n<meta property=\"og:type\" content=\"article\" \/>\n<meta property=\"og:title\" content=\"Argentina, mi amor: \u00a1Estamos en la Final! \u00a1Estamos en la Final! - El Regional\" \/>\n<meta property=\"og:description\" content=\"El sue\u00f1o contin\u00faa. Argentina est\u00e1 en la final de la Copa del Mundo de Qatar 2022. En un partido con un Messi sublime y un Juli\u00e1n \u00c1lvarez con un pie afinado, el seleccionado dirigido por Lionel Scaloni venci\u00f3 a Croacia por 3 a 0 y jugar\u00e1 la final del mundo. Ser\u00e1 el pr\u00f3ximo domingo 18 [&hellip;]\" \/>\n<meta property=\"og:url\" content=\"http:\/\/elregionalvm.com.ar\/noticias-villa-maria\/argentina-mi-amor-estamos-en-la-final-estamos-en-la-final\/\" \/>\n<meta property=\"og:site_name\" content=\"El Regional\" \/>\n<meta property=\"article:publisher\" content=\"https:\/\/www.facebook.com\/elregionalvm\" \/>\n<meta property=\"article:published_time\" content=\"2022-12-13T21:06:09+00:00\" \/>\n<meta property=\"article:modified_time\" content=\"2022-12-14T21:41:02+00:00\" \/>\n<meta property=\"og:image\" content=\"http:\/\/elregionalvm.com.ar\/noticias-villa-maria\/wp-content\/uploads\/2022\/12\/Messi-y-Julian-festejo-2.jpeg\" \/>\n\t<meta property=\"og:image:width\" content=\"655\" \/>\n\t<meta property=\"og:image:height\" content=\"882\" \/>\n\t<meta property=\"og:image:type\" content=\"image\/jpeg\" \/>\n<meta name=\"author\" content=\"Contenidos El Regional\" \/>\n<meta name=\"twitter:card\" content=\"summary_large_image\" \/>\n<meta name=\"twitter:creator\" content=\"@elregionalvm1\" \/>\n<meta name=\"twitter:site\" content=\"@elregionalvm1\" \/>\n<meta name=\"twitter:label1\" content=\"Escrito por\" \/>\n\t<meta name=\"twitter:data1\" content=\"Contenidos El Regional\" \/>\n\t<meta name=\"twitter:label2\" content=\"Tiempo de lectura\" \/>\n\t<meta name=\"twitter:data2\" content=\"2 minutos\" \/>\n<script type=\"application\/ld+json\" class=\"yoast-schema-graph\">{\"@context\":\"https:\/\/schema.org\",\"@graph\":[{\"@type\":\"Article\",\"@id\":\"http:\/\/elregionalvm.com.ar\/noticias-villa-maria\/argentina-mi-amor-estamos-en-la-final-estamos-en-la-final\/#article\",\"isPartOf\":{\"@id\":\"http:\/\/elregionalvm.com.ar\/noticias-villa-maria\/argentina-mi-amor-estamos-en-la-final-estamos-en-la-final\/\"},\"author\":{\"name\":\"Contenidos El Regional\",\"@id\":\"http:\/\/elregionalvm.com.ar\/noticias-villa-maria\/#\/schema\/person\/a0fb9c422317faca23d50163151bc354\"},\"headline\":\"Argentina, mi amor: \u00a1Estamos en la Final! \u00a1Estamos en la Final!\",\"datePublished\":\"2022-12-13T21:06:09+00:00\",\"dateModified\":\"2022-12-14T21:41:02+00:00\",\"mainEntityOfPage\":{\"@id\":\"http:\/\/elregionalvm.com.ar\/noticias-villa-maria\/argentina-mi-amor-estamos-en-la-final-estamos-en-la-final\/\"},\"wordCount\":114,\"commentCount\":0,\"image\":{\"@id\":\"http:\/\/elregionalvm.com.ar\/noticias-villa-maria\/argentina-mi-amor-estamos-en-la-final-estamos-en-la-final\/#primaryimage\"},\"thumbnailUrl\":\"https:\/\/i0.wp.com\/elregionalvm.com.ar\/noticias-villa-maria\/wp-content\/uploads\/2022\/12\/Messi-y-Julian-festejo-2.jpeg?fit=655%2C882&ssl=1\",\"keywords\":[\"Argentina\",\"Final\",\"qatar 2022\",\"seleccionado nacional\"],\"articleSection\":[\"Deporte\",\"Qatar2022\",\"tercera\"],\"inLanguage\":\"es\",\"potentialAction\":[{\"@type\":\"CommentAction\",\"name\":\"Comment\",\"target\":[\"http:\/\/elregionalvm.com.ar\/noticias-villa-maria\/argentina-mi-amor-estamos-en-la-final-estamos-en-la-final\/#respond\"]}]},{\"@type\":\"WebPage\",\"@id\":\"http:\/\/elregionalvm.com.ar\/noticias-villa-maria\/argentina-mi-amor-estamos-en-la-final-estamos-en-la-final\/\",\"url\":\"http:\/\/elregionalvm.com.ar\/noticias-villa-maria\/argentina-mi-amor-estamos-en-la-final-estamos-en-la-final\/\",\"name\":\"Argentina, mi amor: \u00a1Estamos en la Final! \u00a1Estamos en la Final! - El Regional\",\"isPartOf\":{\"@id\":\"http:\/\/elregionalvm.com.ar\/noticias-villa-maria\/#website\"},\"primaryImageOfPage\":{\"@id\":\"http:\/\/elregionalvm.com.ar\/noticias-villa-maria\/argentina-mi-amor-estamos-en-la-final-estamos-en-la-final\/#primaryimage\"},\"image\":{\"@id\":\"http:\/\/elregionalvm.com.ar\/noticias-villa-maria\/argentina-mi-amor-estamos-en-la-final-estamos-en-la-final\/#primaryimage\"},\"thumbnailUrl\":\"https:\/\/i0.wp.com\/elregionalvm.com.ar\/noticias-villa-maria\/wp-content\/uploads\/2022\/12\/Messi-y-Julian-festejo-2.jpeg?fit=655%2C882&ssl=1\",\"datePublished\":\"2022-12-13T21:06:09+00:00\",\"dateModified\":\"2022-12-14T21:41:02+00:00\",\"author\":{\"@id\":\"http:\/\/elregionalvm.com.ar\/noticias-villa-maria\/#\/schema\/person\/a0fb9c422317faca23d50163151bc354\"},\"breadcrumb\":{\"@id\":\"http:\/\/elregionalvm.com.ar\/noticias-villa-maria\/argentina-mi-amor-estamos-en-la-final-estamos-en-la-final\/#breadcrumb\"},\"inLanguage\":\"es\",\"potentialAction\":[{\"@type\":\"ReadAction\",\"target\":[\"http:\/\/elregionalvm.com.ar\/noticias-villa-maria\/argentina-mi-amor-estamos-en-la-final-estamos-en-la-final\/\"]}]},{\"@type\":\"ImageObject\",\"inLanguage\":\"es\",\"@id\":\"http:\/\/elregionalvm.com.ar\/noticias-villa-maria\/argentina-mi-amor-estamos-en-la-final-estamos-en-la-final\/#primaryimage\",\"url\":\"https:\/\/i0.wp.com\/elregionalvm.com.ar\/noticias-villa-maria\/wp-content\/uploads\/2022\/12\/Messi-y-Julian-festejo-2.jpeg?fit=655%2C882&ssl=1\",\"contentUrl\":\"https:\/\/i0.wp.com\/elregionalvm.com.ar\/noticias-villa-maria\/wp-content\/uploads\/2022\/12\/Messi-y-Julian-festejo-2.jpeg?fit=655%2C882&ssl=1\",\"width\":655,\"height\":882},{\"@type\":\"BreadcrumbList\",\"@id\":\"http:\/\/elregionalvm.com.ar\/noticias-villa-maria\/argentina-mi-amor-estamos-en-la-final-estamos-en-la-final\/#breadcrumb\",\"itemListElement\":[{\"@type\":\"ListItem\",\"position\":1,\"name\":\"Portada\",\"item\":\"https:\/\/elregionalvm.com.ar\/noticias-villa-maria\/\"},{\"@type\":\"ListItem\",\"position\":2,\"name\":\"Argentina, mi amor: \u00a1Estamos en la Final! \u00a1Estamos en la Final!\"}]},{\"@type\":\"WebSite\",\"@id\":\"http:\/\/elregionalvm.com.ar\/noticias-villa-maria\/#website\",\"url\":\"http:\/\/elregionalvm.com.ar\/noticias-villa-maria\/\",\"name\":\"El Regional\",\"description\":\"Mucho m\u00e1s que informaci\u00f3n\",\"potentialAction\":[{\"@type\":\"SearchAction\",\"target\":{\"@type\":\"EntryPoint\",\"urlTemplate\":\"http:\/\/elregionalvm.com.ar\/noticias-villa-maria\/?s={search_term_string}\"},\"query-input\":{\"@type\":\"PropertyValueSpecification\",\"valueRequired\":true,\"valueName\":\"search_term_string\"}}],\"inLanguage\":\"es\"},{\"@type\":\"Person\",\"@id\":\"http:\/\/elregionalvm.com.ar\/noticias-villa-maria\/#\/schema\/person\/a0fb9c422317faca23d50163151bc354\",\"name\":\"Contenidos El Regional\",\"image\":{\"@type\":\"ImageObject\",\"inLanguage\":\"es\",\"@id\":\"http:\/\/elregionalvm.com.ar\/noticias-villa-maria\/#\/schema\/person\/image\/\",\"url\":\"https:\/\/secure.gravatar.com\/avatar\/265b27cb2209af7bb3a1318f03305787d7981a5cc6e6cd08fe5a4ecdf99d4b48?s=96&d=mm&r=g\",\"contentUrl\":\"https:\/\/secure.gravatar.com\/avatar\/265b27cb2209af7bb3a1318f03305787d7981a5cc6e6cd08fe5a4ecdf99d4b48?s=96&d=mm&r=g\",\"caption\":\"Contenidos El Regional\"},\"url\":\"https:\/\/elregionalvm.com.ar\/noticias-villa-maria\/author\/contenido\/\"}]}<\/script>\n<!-- \/ Yoast SEO plugin. -->","yoast_head_json":{"title":"Argentina, mi amor: \u00a1Estamos en la Final! \u00a1Estamos en la Final! - El Regional","robots":{"index":"index","follow":"follow","max-snippet":"max-snippet:-1","max-image-preview":"max-image-preview:large","max-video-preview":"max-video-preview:-1"},"canonical":"http:\/\/elregionalvm.com.ar\/noticias-villa-maria\/argentina-mi-amor-estamos-en-la-final-estamos-en-la-final\/","og_locale":"es_ES","og_type":"article","og_title":"Argentina, mi amor: \u00a1Estamos en la Final! \u00a1Estamos en la Final! - El Regional","og_description":"El sue\u00f1o contin\u00faa. Argentina est\u00e1 en la final de la Copa del Mundo de Qatar 2022. En un partido con un Messi sublime y un Juli\u00e1n \u00c1lvarez con un pie afinado, el seleccionado dirigido por Lionel Scaloni venci\u00f3 a Croacia por 3 a 0 y jugar\u00e1 la final del mundo. Ser\u00e1 el pr\u00f3ximo domingo 18 [&hellip;]","og_url":"http:\/\/elregionalvm.com.ar\/noticias-villa-maria\/argentina-mi-amor-estamos-en-la-final-estamos-en-la-final\/","og_site_name":"El Regional","article_publisher":"https:\/\/www.facebook.com\/elregionalvm","article_published_time":"2022-12-13T21:06:09+00:00","article_modified_time":"2022-12-14T21:41:02+00:00","og_image":[{"width":655,"height":882,"url":"http:\/\/elregionalvm.com.ar\/noticias-villa-maria\/wp-content\/uploads\/2022\/12\/Messi-y-Julian-festejo-2.jpeg","type":"image\/jpeg"}],"author":"Contenidos El Regional","twitter_card":"summary_large_image","twitter_creator":"@elregionalvm1","twitter_site":"@elregionalvm1","twitter_misc":{"Escrito por":"Contenidos El Regional","Tiempo de lectura":"2 minutos"},"schema":{"@context":"https:\/\/schema.org","@graph":[{"@type":"Article","@id":"http:\/\/elregionalvm.com.ar\/noticias-villa-maria\/argentina-mi-amor-estamos-en-la-final-estamos-en-la-final\/#article","isPartOf":{"@id":"http:\/\/elregionalvm.com.ar\/noticias-villa-maria\/argentina-mi-amor-estamos-en-la-final-estamos-en-la-final\/"},"author":{"name":"Contenidos El Regional","@id":"http:\/\/elregionalvm.com.ar\/noticias-villa-maria\/#\/schema\/person\/a0fb9c422317faca23d50163151bc354"},"headline":"Argentina, mi amor: \u00a1Estamos en la Final! \u00a1Estamos en la Final!","datePublished":"2022-12-13T21:06:09+00:00","dateModified":"2022-12-14T21:41:02+00:00","mainEntityOfPage":{"@id":"http:\/\/elregionalvm.com.ar\/noticias-villa-maria\/argentina-mi-amor-estamos-en-la-final-estamos-en-la-final\/"},"wordCount":114,"commentCount":0,"image":{"@id":"http:\/\/elregionalvm.com.ar\/noticias-villa-maria\/argentina-mi-amor-estamos-en-la-final-estamos-en-la-final\/#primaryimage"},"thumbnailUrl":"https:\/\/i0.wp.com\/elregionalvm.com.ar\/noticias-villa-maria\/wp-content\/uploads\/2022\/12\/Messi-y-Julian-festejo-2.jpeg?fit=655%2C882&ssl=1","keywords":["Argentina","Final","qatar 2022","seleccionado nacional"],"articleSection":["Deporte","Qatar2022","tercera"],"inLanguage":"es","potentialAction":[{"@type":"CommentAction","name":"Comment","target":["http:\/\/elregionalvm.com.ar\/noticias-villa-maria\/argentina-mi-amor-estamos-en-la-final-estamos-en-la-final\/#respond"]}]},{"@type":"WebPage","@id":"http:\/\/elregionalvm.com.ar\/noticias-villa-maria\/argentina-mi-amor-estamos-en-la-final-estamos-en-la-final\/","url":"http:\/\/elregionalvm.com.ar\/noticias-villa-maria\/argentina-mi-amor-estamos-en-la-final-estamos-en-la-final\/","name":"Argentina, mi amor: \u00a1Estamos en la Final! \u00a1Estamos en la Final! - El Regional","isPartOf":{"@id":"http:\/\/elregionalvm.com.ar\/noticias-villa-maria\/#website"},"primaryImageOfPage":{"@id":"http:\/\/elregionalvm.com.ar\/noticias-villa-maria\/argentina-mi-amor-estamos-en-la-final-estamos-en-la-final\/#primaryimage"},"image":{"@id":"http:\/\/elregionalvm.com.ar\/noticias-villa-maria\/argentina-mi-amor-estamos-en-la-final-estamos-en-la-final\/#primaryimage"},"thumbnailUrl":"https:\/\/i0.wp.com\/elregionalvm.com.ar\/noticias-villa-maria\/wp-content\/uploads\/2022\/12\/Messi-y-Julian-festejo-2.jpeg?fit=655%2C882&ssl=1","datePublished":"2022-12-13T21:06:09+00:00","dateModified":"2022-12-14T21:41:02+00:00","author":{"@id":"http:\/\/elregionalvm.com.ar\/noticias-villa-maria\/#\/schema\/person\/a0fb9c422317faca23d50163151bc354"},"breadcrumb":{"@id":"http:\/\/elregionalvm.com.ar\/noticias-villa-maria\/argentina-mi-amor-estamos-en-la-final-estamos-en-la-final\/#breadcrumb"},"inLanguage":"es","potentialAction":[{"@type":"ReadAction","target":["http:\/\/elregionalvm.com.ar\/noticias-villa-maria\/argentina-mi-amor-estamos-en-la-final-estamos-en-la-final\/"]}]},{"@type":"ImageObject","inLanguage":"es","@id":"http:\/\/elregionalvm.com.ar\/noticias-villa-maria\/argentina-mi-amor-estamos-en-la-final-estamos-en-la-final\/#primaryimage","url":"https:\/\/i0.wp.com\/elregionalvm.com.ar\/noticias-villa-maria\/wp-content\/uploads\/2022\/12\/Messi-y-Julian-festejo-2.jpeg?fit=655%2C882&ssl=1","contentUrl":"https:\/\/i0.wp.com\/elregionalvm.com.ar\/noticias-villa-maria\/wp-content\/uploads\/2022\/12\/Messi-y-Julian-festejo-2.jpeg?fit=655%2C882&ssl=1","width":655,"height":882},{"@type":"BreadcrumbList","@id":"http:\/\/elregionalvm.com.ar\/noticias-villa-maria\/argentina-mi-amor-estamos-en-la-final-estamos-en-la-final\/#breadcrumb","itemListElement":[{"@type":"ListItem","position":1,"name":"Portada","item":"https:\/\/elregionalvm.com.ar\/noticias-villa-maria\/"},{"@type":"ListItem","position":2,"name":"Argentina, mi amor: \u00a1Estamos en la Final! \u00a1Estamos en la Final!"}]},{"@type":"WebSite","@id":"http:\/\/elregionalvm.com.ar\/noticias-villa-maria\/#website","url":"http:\/\/elregionalvm.com.ar\/noticias-villa-maria\/","name":"El Regional","description":"Mucho m\u00e1s que informaci\u00f3n","potentialAction":[{"@type":"SearchAction","target":{"@type":"EntryPoint","urlTemplate":"http:\/\/elregionalvm.com.ar\/noticias-villa-maria\/?s={search_term_string}"},"query-input":{"@type":"PropertyValueSpecification","valueRequired":true,"valueName":"search_term_string"}}],"inLanguage":"es"},{"@type":"Person","@id":"http:\/\/elregionalvm.com.ar\/noticias-villa-maria\/#\/schema\/person\/a0fb9c422317faca23d50163151bc354","name":"Contenidos El Regional","image":{"@type":"ImageObject","inLanguage":"es","@id":"http:\/\/elregionalvm.com.ar\/noticias-villa-maria\/#\/schema\/person\/image\/","url":"https:\/\/secure.gravatar.com\/avatar\/265b27cb2209af7bb3a1318f03305787d7981a5cc6e6cd08fe5a4ecdf99d4b48?s=96&d=mm&r=g","contentUrl":"https:\/\/secure.gravatar.com\/avatar\/265b27cb2209af7bb3a1318f03305787d7981a5cc6e6cd08fe5a4ecdf99d4b48?s=96&d=mm&r=g","caption":"Contenidos El Regional"},"url":"https:\/\/elregionalvm.com.ar\/noticias-villa-maria\/author\/contenido\/"}]}},"jetpack_featured_media_url":"https:\/\/i0.wp.com\/elregionalvm.com.ar\/noticias-villa-maria\/wp-content\/uploads\/2022\/12\/Messi-y-Julian-festejo-2.jpeg?fit=655%2C882&ssl=1","jetpack_sharing_enabled":true,"_links":{"self":[{"href":"https:\/\/elregionalvm.com.ar\/noticias-villa-maria\/wp-json\/wp\/v2\/posts\/68671","targetHints":{"allow":["GET"]}}],"collection":[{"href":"https:\/\/elregionalvm.com.ar\/noticias-villa-maria\/wp-json\/wp\/v2\/posts"}],"about":[{"href":"https:\/\/elregionalvm.com.ar\/noticias-villa-maria\/wp-json\/wp\/v2\/types\/post"}],"author":[{"embeddable":true,"href":"https:\/\/elregionalvm.com.ar\/noticias-villa-maria\/wp-json\/wp\/v2\/users\/4"}],"replies":[{"embeddable":true,"href":"https:\/\/elregionalvm.com.ar\/noticias-villa-maria\/wp-json\/wp\/v2\/comments?post=68671"}],"version-history":[{"count":2,"href":"https:\/\/elregionalvm.com.ar\/noticias-villa-maria\/wp-json\/wp\/v2\/posts\/68671\/revisions"}],"predecessor-version":[{"id":68678,"href":"https:\/\/elregionalvm.com.ar\/noticias-villa-maria\/wp-json\/wp\/v2\/posts\/68671\/revisions\/68678"}],"wp:featuredmedia":[{"embeddable":true,"href":"https:\/\/elregionalvm.com.ar\/noticias-villa-maria\/wp-json\/wp\/v2\/media\/68676"}],"wp:attachment":[{"href":"https:\/\/elregionalvm.com.ar\/noticias-villa-maria\/wp-json\/wp\/v2\/media?parent=68671"}],"wp:term":[{"taxonomy":"category","embeddable":true,"href":"https:\/\/elregionalvm.com.ar\/noticias-villa-maria\/wp-json\/wp\/v2\/categories?post=68671"},{"taxonomy":"post_tag","embeddable":true,"href":"https:\/\/elregionalvm.com.ar\/noticias-villa-maria\/wp-json\/wp\/v2\/tags?post=68671"}],"curies":[{"name":"wp","href":"https:\/\/api.w.org\/{rel}","templated":true}]}}