{"id":68923,"date":"2022-12-19T02:06:37","date_gmt":"2022-12-19T02:06:37","guid":{"rendered":"https:\/\/elregionalvm.com.ar\/noticias-villa-maria\/?p=68923"},"modified":"2022-12-20T17:08:19","modified_gmt":"2022-12-20T17:08:19","slug":"argentina-campeon-asi-festejo-villa-maria-la-consagracion-de-messi-cia","status":"publish","type":"post","link":"https:\/\/elregionalvm.com.ar\/noticias-villa-maria\/argentina-campeon-asi-festejo-villa-maria-la-consagracion-de-messi-cia\/","title":{"rendered":"\u00a1Argentina campe\u00f3n! As\u00ed festej\u00f3 Villa Mar\u00eda la consagraci\u00f3n de Messi &#038; C\u00eda."},"content":{"rendered":"\n<p>La ciudad se ti\u00f1\u00f3 de celeste y blanco como el cielo del domingo 18 de diciembre.<\/p>\n\n\n\n<p>Miles de personas provenientes de todos los rincones de la ciudad coparon los bulevares y se concentraron en el centro para celebrar el campeonato mundial obtenido por la selecci\u00f3n liderada por Leo Messi.<\/p>\n\n\n\n<p>Familias enteras, grupos de amigos y algunos solitarios festejaron en comuni\u00f3n en los alrededores de la Plaza Centenario, con epicentro en las esquinas de Buenos Aires y Gral. Paz y Buenos Aires y 9 Jos\u00e9 Ingenieros.<\/p>\n\n\n\n<p>Banderas, camisetas, vinchas y accesorios albicelestes fueron parte del paisaje en la tarde del domingo donde los c\u00e1nticos se convirtieron en himnos tribuneros para descargar nervios, sufrimiento y mucha alegr\u00eda por el triunfo de la selecci\u00f3n.<\/p>\n\n\n\n<p>A continuaci\u00f3n, te mostramos algunas im\u00e1genes y videos de los festejos en Villa Mar\u00eda. <\/p>\n\n\n\n<p><\/p>\n\n\n\n<figure class=\"wp-block-gallery has-nested-images columns-default is-cropped wp-block-gallery-1 is-layout-flex wp-block-gallery-is-layout-flex\">\n<figure class=\"wp-block-image size-large\"><img data-recalc-dims=\"1\" fetchpriority=\"high\" decoding=\"async\" width=\"1200\" height=\"1600\" data-id=\"68933\" src=\"https:\/\/i0.wp.com\/elregionalvm.com.ar\/noticias-villa-maria\/wp-content\/uploads\/2022\/12\/Festejos-campeon-del-mundo-4.jpeg?resize=1200%2C1600&#038;ssl=1\" alt=\"\" class=\"wp-image-68933\" srcset=\"https:\/\/i0.wp.com\/elregionalvm.com.ar\/noticias-villa-maria\/wp-content\/uploads\/2022\/12\/Festejos-campeon-del-mundo-4.jpeg?w=1200&amp;ssl=1 1200w, https:\/\/i0.wp.com\/elregionalvm.com.ar\/noticias-villa-maria\/wp-content\/uploads\/2022\/12\/Festejos-campeon-del-mundo-4.jpeg?resize=225%2C300&amp;ssl=1 225w, https:\/\/i0.wp.com\/elregionalvm.com.ar\/noticias-villa-maria\/wp-content\/uploads\/2022\/12\/Festejos-campeon-del-mundo-4.jpeg?resize=768%2C1024&amp;ssl=1 768w, https:\/\/i0.wp.com\/elregionalvm.com.ar\/noticias-villa-maria\/wp-content\/uploads\/2022\/12\/Festejos-campeon-del-mundo-4.jpeg?resize=1152%2C1536&amp;ssl=1 1152w\" sizes=\"(max-width: 1000px) 100vw, 1000px\" \/><\/figure>\n\n\n\n<figure class=\"wp-block-image size-large\"><img data-recalc-dims=\"1\" decoding=\"async\" width=\"1200\" height=\"1600\" data-id=\"68927\" src=\"https:\/\/i0.wp.com\/elregionalvm.com.ar\/noticias-villa-maria\/wp-content\/uploads\/2022\/12\/Festejos-campeon-del-mundo-7.jpeg?resize=1200%2C1600&#038;ssl=1\" alt=\"\" class=\"wp-image-68927\" srcset=\"https:\/\/i0.wp.com\/elregionalvm.com.ar\/noticias-villa-maria\/wp-content\/uploads\/2022\/12\/Festejos-campeon-del-mundo-7.jpeg?w=1200&amp;ssl=1 1200w, https:\/\/i0.wp.com\/elregionalvm.com.ar\/noticias-villa-maria\/wp-content\/uploads\/2022\/12\/Festejos-campeon-del-mundo-7.jpeg?resize=225%2C300&amp;ssl=1 225w, https:\/\/i0.wp.com\/elregionalvm.com.ar\/noticias-villa-maria\/wp-content\/uploads\/2022\/12\/Festejos-campeon-del-mundo-7.jpeg?resize=768%2C1024&amp;ssl=1 768w, https:\/\/i0.wp.com\/elregionalvm.com.ar\/noticias-villa-maria\/wp-content\/uploads\/2022\/12\/Festejos-campeon-del-mundo-7.jpeg?resize=1152%2C1536&amp;ssl=1 1152w\" sizes=\"(max-width: 1000px) 100vw, 1000px\" \/><\/figure>\n\n\n\n<figure class=\"wp-block-image size-large\"><img data-recalc-dims=\"1\" decoding=\"async\" width=\"1200\" height=\"1600\" data-id=\"68925\" src=\"https:\/\/i0.wp.com\/elregionalvm.com.ar\/noticias-villa-maria\/wp-content\/uploads\/2022\/12\/Festejos-campeon-del-mundo-5.jpeg?resize=1200%2C1600&#038;ssl=1\" alt=\"\" class=\"wp-image-68925\" srcset=\"https:\/\/i0.wp.com\/elregionalvm.com.ar\/noticias-villa-maria\/wp-content\/uploads\/2022\/12\/Festejos-campeon-del-mundo-5.jpeg?w=1200&amp;ssl=1 1200w, https:\/\/i0.wp.com\/elregionalvm.com.ar\/noticias-villa-maria\/wp-content\/uploads\/2022\/12\/Festejos-campeon-del-mundo-5.jpeg?resize=225%2C300&amp;ssl=1 225w, https:\/\/i0.wp.com\/elregionalvm.com.ar\/noticias-villa-maria\/wp-content\/uploads\/2022\/12\/Festejos-campeon-del-mundo-5.jpeg?resize=768%2C1024&amp;ssl=1 768w, https:\/\/i0.wp.com\/elregionalvm.com.ar\/noticias-villa-maria\/wp-content\/uploads\/2022\/12\/Festejos-campeon-del-mundo-5.jpeg?resize=1152%2C1536&amp;ssl=1 1152w\" sizes=\"(max-width: 1000px) 100vw, 1000px\" \/><\/figure>\n<\/figure>\n\n\n\n<p><\/p>\n\n\n\n<p><\/p>\n\n\n\n<figure class=\"wp-block-embed is-type-video is-provider-youtube wp-block-embed-youtube wp-embed-aspect-16-9 wp-has-aspect-ratio\"><div class=\"wp-block-embed__wrapper\">\n<iframe title=\"\u00a1Argentina Campe\u00f3n del Mundo! As\u00ed festejaron en Villa Mar\u00eda\" width=\"500\" height=\"281\" src=\"https:\/\/www.youtube.com\/embed\/YJMy6oj3KeM?feature=oembed\" frameborder=\"0\" allow=\"accelerometer; autoplay; clipboard-write; encrypted-media; gyroscope; picture-in-picture; web-share\" referrerpolicy=\"strict-origin-when-cross-origin\" allowfullscreen><\/iframe>\n<\/div><\/figure>\n\n\n\n<p><\/p>\n\n\n\n<p><\/p>\n\n\n\n<p><\/p>\n\n\n\n<figure class=\"wp-block-gallery has-nested-images columns-default is-cropped wp-block-gallery-2 is-layout-flex wp-block-gallery-is-layout-flex\">\n<figure class=\"wp-block-image size-large\"><img data-recalc-dims=\"1\" loading=\"lazy\" decoding=\"async\" width=\"1200\" height=\"1600\" data-id=\"68928\" src=\"https:\/\/i0.wp.com\/elregionalvm.com.ar\/noticias-villa-maria\/wp-content\/uploads\/2022\/12\/Festejos-campeon-del-mundo-8.jpeg?resize=1200%2C1600&#038;ssl=1\" alt=\"\" class=\"wp-image-68928\" srcset=\"https:\/\/i0.wp.com\/elregionalvm.com.ar\/noticias-villa-maria\/wp-content\/uploads\/2022\/12\/Festejos-campeon-del-mundo-8.jpeg?w=1200&amp;ssl=1 1200w, https:\/\/i0.wp.com\/elregionalvm.com.ar\/noticias-villa-maria\/wp-content\/uploads\/2022\/12\/Festejos-campeon-del-mundo-8.jpeg?resize=225%2C300&amp;ssl=1 225w, https:\/\/i0.wp.com\/elregionalvm.com.ar\/noticias-villa-maria\/wp-content\/uploads\/2022\/12\/Festejos-campeon-del-mundo-8.jpeg?resize=768%2C1024&amp;ssl=1 768w, https:\/\/i0.wp.com\/elregionalvm.com.ar\/noticias-villa-maria\/wp-content\/uploads\/2022\/12\/Festejos-campeon-del-mundo-8.jpeg?resize=1152%2C1536&amp;ssl=1 1152w\" sizes=\"(max-width: 1000px) 100vw, 1000px\" \/><\/figure>\n\n\n\n<figure class=\"wp-block-image size-large\"><img data-recalc-dims=\"1\" loading=\"lazy\" decoding=\"async\" width=\"1200\" height=\"1600\" data-id=\"68926\" src=\"https:\/\/i0.wp.com\/elregionalvm.com.ar\/noticias-villa-maria\/wp-content\/uploads\/2022\/12\/Festejos-campeon-del-mundo-6.jpeg?resize=1200%2C1600&#038;ssl=1\" alt=\"\" class=\"wp-image-68926\" srcset=\"https:\/\/i0.wp.com\/elregionalvm.com.ar\/noticias-villa-maria\/wp-content\/uploads\/2022\/12\/Festejos-campeon-del-mundo-6.jpeg?w=1200&amp;ssl=1 1200w, https:\/\/i0.wp.com\/elregionalvm.com.ar\/noticias-villa-maria\/wp-content\/uploads\/2022\/12\/Festejos-campeon-del-mundo-6.jpeg?resize=225%2C300&amp;ssl=1 225w, https:\/\/i0.wp.com\/elregionalvm.com.ar\/noticias-villa-maria\/wp-content\/uploads\/2022\/12\/Festejos-campeon-del-mundo-6.jpeg?resize=768%2C1024&amp;ssl=1 768w, https:\/\/i0.wp.com\/elregionalvm.com.ar\/noticias-villa-maria\/wp-content\/uploads\/2022\/12\/Festejos-campeon-del-mundo-6.jpeg?resize=1152%2C1536&amp;ssl=1 1152w\" sizes=\"(max-width: 1000px) 100vw, 1000px\" \/><\/figure>\n\n\n\n<figure class=\"wp-block-image size-large\"><img data-recalc-dims=\"1\" loading=\"lazy\" decoding=\"async\" width=\"1200\" height=\"882\" data-id=\"68931\" src=\"https:\/\/i0.wp.com\/elregionalvm.com.ar\/noticias-villa-maria\/wp-content\/uploads\/2022\/12\/Festejos-campeon-del-mundo-2.jpeg?resize=1200%2C882&#038;ssl=1\" alt=\"\" class=\"wp-image-68931\" srcset=\"https:\/\/i0.wp.com\/elregionalvm.com.ar\/noticias-villa-maria\/wp-content\/uploads\/2022\/12\/Festejos-campeon-del-mundo-2.jpeg?w=1200&amp;ssl=1 1200w, https:\/\/i0.wp.com\/elregionalvm.com.ar\/noticias-villa-maria\/wp-content\/uploads\/2022\/12\/Festejos-campeon-del-mundo-2.jpeg?resize=300%2C221&amp;ssl=1 300w, https:\/\/i0.wp.com\/elregionalvm.com.ar\/noticias-villa-maria\/wp-content\/uploads\/2022\/12\/Festejos-campeon-del-mundo-2.jpeg?resize=1024%2C753&amp;ssl=1 1024w, https:\/\/i0.wp.com\/elregionalvm.com.ar\/noticias-villa-maria\/wp-content\/uploads\/2022\/12\/Festejos-campeon-del-mundo-2.jpeg?resize=768%2C564&amp;ssl=1 768w\" sizes=\"(max-width: 1000px) 100vw, 1000px\" \/><\/figure>\n\n\n\n<figure class=\"wp-block-image size-large\"><img data-recalc-dims=\"1\" loading=\"lazy\" decoding=\"async\" width=\"1599\" height=\"951\" data-id=\"68929\" src=\"https:\/\/i0.wp.com\/elregionalvm.com.ar\/noticias-villa-maria\/wp-content\/uploads\/2022\/12\/Festejos-campeon-del-mundo.jpeg?resize=1599%2C951&#038;ssl=1\" alt=\"\" class=\"wp-image-68929\" srcset=\"https:\/\/i0.wp.com\/elregionalvm.com.ar\/noticias-villa-maria\/wp-content\/uploads\/2022\/12\/Festejos-campeon-del-mundo.jpeg?w=1599&amp;ssl=1 1599w, https:\/\/i0.wp.com\/elregionalvm.com.ar\/noticias-villa-maria\/wp-content\/uploads\/2022\/12\/Festejos-campeon-del-mundo.jpeg?resize=300%2C178&amp;ssl=1 300w, https:\/\/i0.wp.com\/elregionalvm.com.ar\/noticias-villa-maria\/wp-content\/uploads\/2022\/12\/Festejos-campeon-del-mundo.jpeg?resize=1024%2C609&amp;ssl=1 1024w, https:\/\/i0.wp.com\/elregionalvm.com.ar\/noticias-villa-maria\/wp-content\/uploads\/2022\/12\/Festejos-campeon-del-mundo.jpeg?resize=768%2C457&amp;ssl=1 768w, https:\/\/i0.wp.com\/elregionalvm.com.ar\/noticias-villa-maria\/wp-content\/uploads\/2022\/12\/Festejos-campeon-del-mundo.jpeg?resize=1536%2C914&amp;ssl=1 1536w\" sizes=\"(max-width: 1000px) 100vw, 1000px\" \/><\/figure>\n<\/figure>\n\n\n\n<p><\/p>\n\n\n\n<p><\/p>\n\n\n\n<p><\/p>\n\n\n\n<figure class=\"wp-block-embed is-type-video is-provider-youtube wp-block-embed-youtube wp-embed-aspect-16-9 wp-has-aspect-ratio\"><div class=\"wp-block-embed__wrapper\">\n<iframe title=\"\u00a1Argentina Campe\u00f3n del Mundo! As\u00ed celebraron en Villa Mar\u00eda\" width=\"500\" height=\"281\" src=\"https:\/\/www.youtube.com\/embed\/EEORhyXukas?feature=oembed\" frameborder=\"0\" allow=\"accelerometer; autoplay; clipboard-write; encrypted-media; gyroscope; picture-in-picture; web-share\" referrerpolicy=\"strict-origin-when-cross-origin\" allowfullscreen><\/iframe>\n<\/div><\/figure>\n","protected":false},"excerpt":{"rendered":"<p>La ciudad se ti\u00f1\u00f3 de celeste y blanco como el cielo del domingo 18 de diciembre. Miles de personas provenientes de todos los rincones de la ciudad coparon los bulevares y se concentraron en el centro para celebrar el campeonato mundial obtenido por la selecci\u00f3n liderada por Leo Messi. Familias enteras, grupos de amigos y [&hellip;]<\/p>\n","protected":false},"author":4,"featured_media":68930,"comment_status":"open","ping_status":"open","sticky":false,"template":"","format":"standard","meta":{"site-sidebar-layout":"default","site-content-layout":"","ast-site-content-layout":"default","site-content-style":"default","site-sidebar-style":"default","ast-global-header-display":"","ast-banner-title-visibility":"","ast-main-header-display":"","ast-hfb-above-header-display":"","ast-hfb-below-header-display":"","ast-hfb-mobile-header-display":"","site-post-title":"","ast-breadcrumbs-content":"","ast-featured-img":"","footer-sml-layout":"","ast-disable-related-posts":"","theme-transparent-header-meta":"","adv-header-id-meta":"","stick-header-meta":"","header-above-stick-meta":"","header-main-stick-meta":"","header-below-stick-meta":"","astra-migrate-meta-layouts":"default","ast-page-background-enabled":"default","ast-page-background-meta":{"desktop":{"background-color":"","background-image":"","background-repeat":"repeat","background-position":"center center","background-size":"auto","background-attachment":"scroll","background-type":"","background-media":"","overlay-type":"","overlay-color":"","overlay-opacity":"","overlay-gradient":""},"tablet":{"background-color":"","background-image":"","background-repeat":"repeat","background-position":"center center","background-size":"auto","background-attachment":"scroll","background-type":"","background-media":"","overlay-type":"","overlay-color":"","overlay-opacity":"","overlay-gradient":""},"mobile":{"background-color":"","background-image":"","background-repeat":"repeat","background-position":"center center","background-size":"auto","background-attachment":"scroll","background-type":"","background-media":"","overlay-type":"","overlay-color":"","overlay-opacity":"","overlay-gradient":""}},"ast-content-background-meta":{"desktop":{"background-color":"var(--ast-global-color-5)","background-image":"","background-repeat":"repeat","background-position":"center center","background-size":"auto","background-attachment":"scroll","background-type":"","background-media":"","overlay-type":"","overlay-color":"","overlay-opacity":"","overlay-gradient":""},"tablet":{"background-color":"var(--ast-global-color-5)","background-image":"","background-repeat":"repeat","background-position":"center center","background-size":"auto","background-attachment":"scroll","background-type":"","background-media":"","overlay-type":"","overlay-color":"","overlay-opacity":"","overlay-gradient":""},"mobile":{"background-color":"var(--ast-global-color-5)","background-image":"","background-repeat":"repeat","background-position":"center center","background-size":"auto","background-attachment":"scroll","background-type":"","background-media":"","overlay-type":"","overlay-color":"","overlay-opacity":"","overlay-gradient":""}},"_jetpack_memberships_contains_paid_content":false,"_joinchat":[],"footnotes":""},"categories":[15158,14786,3557,2],"tags":[14904,20517,7519,9978,4130,670,199,14787,20518],"class_list":["post-68923","post","type-post","status-publish","format-standard","has-post-thumbnail","hentry","category-deporte","category-qatar2022","category-tercera","category-villa-maria","tag-argentina-campeon","tag-campeones","tag-celebracion","tag-copa-del-mundo","tag-festejos","tag-mundial","tag-plaza-centenario","tag-qatar-2022","tag-tricampeones"],"yoast_head":"<!-- This site is optimized with the Yoast SEO plugin v26.8 - https:\/\/yoast.com\/product\/yoast-seo-wordpress\/ -->\n<title>\u00a1Argentina campe\u00f3n! As\u00ed festej\u00f3 Villa Mar\u00eda la consagraci\u00f3n de Messi &amp; C\u00eda. - El Regional<\/title>\n<meta name=\"robots\" content=\"index, follow, max-snippet:-1, max-image-preview:large, max-video-preview:-1\" \/>\n<link rel=\"canonical\" href=\"http:\/\/elregionalvm.com.ar\/noticias-villa-maria\/argentina-campeon-asi-festejo-villa-maria-la-consagracion-de-messi-cia\/\" \/>\n<meta property=\"og:locale\" content=\"es_ES\" \/>\n<meta property=\"og:type\" content=\"article\" \/>\n<meta property=\"og:title\" content=\"\u00a1Argentina campe\u00f3n! As\u00ed festej\u00f3 Villa Mar\u00eda la consagraci\u00f3n de Messi &amp; C\u00eda. - El Regional\" \/>\n<meta property=\"og:description\" content=\"La ciudad se ti\u00f1\u00f3 de celeste y blanco como el cielo del domingo 18 de diciembre. Miles de personas provenientes de todos los rincones de la ciudad coparon los bulevares y se concentraron en el centro para celebrar el campeonato mundial obtenido por la selecci\u00f3n liderada por Leo Messi. Familias enteras, grupos de amigos y [&hellip;]\" \/>\n<meta property=\"og:url\" content=\"http:\/\/elregionalvm.com.ar\/noticias-villa-maria\/argentina-campeon-asi-festejo-villa-maria-la-consagracion-de-messi-cia\/\" \/>\n<meta property=\"og:site_name\" content=\"El Regional\" \/>\n<meta property=\"article:publisher\" content=\"https:\/\/www.facebook.com\/elregionalvm\" \/>\n<meta property=\"article:published_time\" content=\"2022-12-19T02:06:37+00:00\" \/>\n<meta property=\"article:modified_time\" content=\"2022-12-20T17:08:19+00:00\" \/>\n<meta property=\"og:image\" content=\"http:\/\/elregionalvm.com.ar\/noticias-villa-maria\/wp-content\/uploads\/2022\/12\/Festejos-campeon-del-mundo-1.jpeg\" \/>\n\t<meta property=\"og:image:width\" content=\"1600\" \/>\n\t<meta property=\"og:image:height\" content=\"1097\" \/>\n\t<meta property=\"og:image:type\" content=\"image\/jpeg\" \/>\n<meta name=\"author\" content=\"Contenidos El Regional\" \/>\n<meta name=\"twitter:card\" content=\"summary_large_image\" \/>\n<meta name=\"twitter:creator\" content=\"@elregionalvm1\" \/>\n<meta name=\"twitter:site\" content=\"@elregionalvm1\" \/>\n<meta name=\"twitter:label1\" content=\"Escrito por\" \/>\n\t<meta name=\"twitter:data1\" content=\"Contenidos El Regional\" \/>\n\t<meta name=\"twitter:label2\" content=\"Tiempo de lectura\" \/>\n\t<meta name=\"twitter:data2\" content=\"3 minutos\" \/>\n<script type=\"application\/ld+json\" class=\"yoast-schema-graph\">{\"@context\":\"https:\/\/schema.org\",\"@graph\":[{\"@type\":\"Article\",\"@id\":\"http:\/\/elregionalvm.com.ar\/noticias-villa-maria\/argentina-campeon-asi-festejo-villa-maria-la-consagracion-de-messi-cia\/#article\",\"isPartOf\":{\"@id\":\"http:\/\/elregionalvm.com.ar\/noticias-villa-maria\/argentina-campeon-asi-festejo-villa-maria-la-consagracion-de-messi-cia\/\"},\"author\":{\"name\":\"Contenidos El Regional\",\"@id\":\"http:\/\/elregionalvm.com.ar\/noticias-villa-maria\/#\/schema\/person\/a0fb9c422317faca23d50163151bc354\"},\"headline\":\"\u00a1Argentina campe\u00f3n! As\u00ed festej\u00f3 Villa Mar\u00eda la consagraci\u00f3n de Messi &#038; C\u00eda.\",\"datePublished\":\"2022-12-19T02:06:37+00:00\",\"dateModified\":\"2022-12-20T17:08:19+00:00\",\"mainEntityOfPage\":{\"@id\":\"http:\/\/elregionalvm.com.ar\/noticias-villa-maria\/argentina-campeon-asi-festejo-villa-maria-la-consagracion-de-messi-cia\/\"},\"wordCount\":172,\"commentCount\":0,\"image\":{\"@id\":\"http:\/\/elregionalvm.com.ar\/noticias-villa-maria\/argentina-campeon-asi-festejo-villa-maria-la-consagracion-de-messi-cia\/#primaryimage\"},\"thumbnailUrl\":\"https:\/\/i0.wp.com\/elregionalvm.com.ar\/noticias-villa-maria\/wp-content\/uploads\/2022\/12\/Festejos-campeon-del-mundo-1.jpeg?fit=1600%2C1097&ssl=1\",\"keywords\":[\"argentina campe\u00f3n\",\"campeones\",\"celebraci\u00f3n\",\"Copa del Mundo\",\"Festejos\",\"Mundial\",\"plaza centenario\",\"qatar 2022\",\"tricampeones\"],\"articleSection\":[\"Deporte\",\"Qatar2022\",\"tercera\",\"Villa Mar\u00eda\"],\"inLanguage\":\"es\",\"potentialAction\":[{\"@type\":\"CommentAction\",\"name\":\"Comment\",\"target\":[\"http:\/\/elregionalvm.com.ar\/noticias-villa-maria\/argentina-campeon-asi-festejo-villa-maria-la-consagracion-de-messi-cia\/#respond\"]}]},{\"@type\":\"WebPage\",\"@id\":\"http:\/\/elregionalvm.com.ar\/noticias-villa-maria\/argentina-campeon-asi-festejo-villa-maria-la-consagracion-de-messi-cia\/\",\"url\":\"http:\/\/elregionalvm.com.ar\/noticias-villa-maria\/argentina-campeon-asi-festejo-villa-maria-la-consagracion-de-messi-cia\/\",\"name\":\"\u00a1Argentina campe\u00f3n! As\u00ed festej\u00f3 Villa Mar\u00eda la consagraci\u00f3n de Messi & C\u00eda. - El Regional\",\"isPartOf\":{\"@id\":\"http:\/\/elregionalvm.com.ar\/noticias-villa-maria\/#website\"},\"primaryImageOfPage\":{\"@id\":\"http:\/\/elregionalvm.com.ar\/noticias-villa-maria\/argentina-campeon-asi-festejo-villa-maria-la-consagracion-de-messi-cia\/#primaryimage\"},\"image\":{\"@id\":\"http:\/\/elregionalvm.com.ar\/noticias-villa-maria\/argentina-campeon-asi-festejo-villa-maria-la-consagracion-de-messi-cia\/#primaryimage\"},\"thumbnailUrl\":\"https:\/\/i0.wp.com\/elregionalvm.com.ar\/noticias-villa-maria\/wp-content\/uploads\/2022\/12\/Festejos-campeon-del-mundo-1.jpeg?fit=1600%2C1097&ssl=1\",\"datePublished\":\"2022-12-19T02:06:37+00:00\",\"dateModified\":\"2022-12-20T17:08:19+00:00\",\"author\":{\"@id\":\"http:\/\/elregionalvm.com.ar\/noticias-villa-maria\/#\/schema\/person\/a0fb9c422317faca23d50163151bc354\"},\"breadcrumb\":{\"@id\":\"http:\/\/elregionalvm.com.ar\/noticias-villa-maria\/argentina-campeon-asi-festejo-villa-maria-la-consagracion-de-messi-cia\/#breadcrumb\"},\"inLanguage\":\"es\",\"potentialAction\":[{\"@type\":\"ReadAction\",\"target\":[\"http:\/\/elregionalvm.com.ar\/noticias-villa-maria\/argentina-campeon-asi-festejo-villa-maria-la-consagracion-de-messi-cia\/\"]}]},{\"@type\":\"ImageObject\",\"inLanguage\":\"es\",\"@id\":\"http:\/\/elregionalvm.com.ar\/noticias-villa-maria\/argentina-campeon-asi-festejo-villa-maria-la-consagracion-de-messi-cia\/#primaryimage\",\"url\":\"https:\/\/i0.wp.com\/elregionalvm.com.ar\/noticias-villa-maria\/wp-content\/uploads\/2022\/12\/Festejos-campeon-del-mundo-1.jpeg?fit=1600%2C1097&ssl=1\",\"contentUrl\":\"https:\/\/i0.wp.com\/elregionalvm.com.ar\/noticias-villa-maria\/wp-content\/uploads\/2022\/12\/Festejos-campeon-del-mundo-1.jpeg?fit=1600%2C1097&ssl=1\",\"width\":1600,\"height\":1097},{\"@type\":\"BreadcrumbList\",\"@id\":\"http:\/\/elregionalvm.com.ar\/noticias-villa-maria\/argentina-campeon-asi-festejo-villa-maria-la-consagracion-de-messi-cia\/#breadcrumb\",\"itemListElement\":[{\"@type\":\"ListItem\",\"position\":1,\"name\":\"Portada\",\"item\":\"https:\/\/elregionalvm.com.ar\/noticias-villa-maria\/\"},{\"@type\":\"ListItem\",\"position\":2,\"name\":\"\u00a1Argentina campe\u00f3n! As\u00ed festej\u00f3 Villa Mar\u00eda la consagraci\u00f3n de Messi &#038; C\u00eda.\"}]},{\"@type\":\"WebSite\",\"@id\":\"http:\/\/elregionalvm.com.ar\/noticias-villa-maria\/#website\",\"url\":\"http:\/\/elregionalvm.com.ar\/noticias-villa-maria\/\",\"name\":\"El Regional\",\"description\":\"Mucho m\u00e1s que informaci\u00f3n\",\"potentialAction\":[{\"@type\":\"SearchAction\",\"target\":{\"@type\":\"EntryPoint\",\"urlTemplate\":\"http:\/\/elregionalvm.com.ar\/noticias-villa-maria\/?s={search_term_string}\"},\"query-input\":{\"@type\":\"PropertyValueSpecification\",\"valueRequired\":true,\"valueName\":\"search_term_string\"}}],\"inLanguage\":\"es\"},{\"@type\":\"Person\",\"@id\":\"http:\/\/elregionalvm.com.ar\/noticias-villa-maria\/#\/schema\/person\/a0fb9c422317faca23d50163151bc354\",\"name\":\"Contenidos El Regional\",\"image\":{\"@type\":\"ImageObject\",\"inLanguage\":\"es\",\"@id\":\"http:\/\/elregionalvm.com.ar\/noticias-villa-maria\/#\/schema\/person\/image\/\",\"url\":\"https:\/\/secure.gravatar.com\/avatar\/265b27cb2209af7bb3a1318f03305787d7981a5cc6e6cd08fe5a4ecdf99d4b48?s=96&d=mm&r=g\",\"contentUrl\":\"https:\/\/secure.gravatar.com\/avatar\/265b27cb2209af7bb3a1318f03305787d7981a5cc6e6cd08fe5a4ecdf99d4b48?s=96&d=mm&r=g\",\"caption\":\"Contenidos El Regional\"},\"url\":\"https:\/\/elregionalvm.com.ar\/noticias-villa-maria\/author\/contenido\/\"}]}<\/script>\n<!-- \/ Yoast SEO plugin. -->","yoast_head_json":{"title":"\u00a1Argentina campe\u00f3n! As\u00ed festej\u00f3 Villa Mar\u00eda la consagraci\u00f3n de Messi & C\u00eda. - El Regional","robots":{"index":"index","follow":"follow","max-snippet":"max-snippet:-1","max-image-preview":"max-image-preview:large","max-video-preview":"max-video-preview:-1"},"canonical":"http:\/\/elregionalvm.com.ar\/noticias-villa-maria\/argentina-campeon-asi-festejo-villa-maria-la-consagracion-de-messi-cia\/","og_locale":"es_ES","og_type":"article","og_title":"\u00a1Argentina campe\u00f3n! As\u00ed festej\u00f3 Villa Mar\u00eda la consagraci\u00f3n de Messi & C\u00eda. - El Regional","og_description":"La ciudad se ti\u00f1\u00f3 de celeste y blanco como el cielo del domingo 18 de diciembre. Miles de personas provenientes de todos los rincones de la ciudad coparon los bulevares y se concentraron en el centro para celebrar el campeonato mundial obtenido por la selecci\u00f3n liderada por Leo Messi. Familias enteras, grupos de amigos y [&hellip;]","og_url":"http:\/\/elregionalvm.com.ar\/noticias-villa-maria\/argentina-campeon-asi-festejo-villa-maria-la-consagracion-de-messi-cia\/","og_site_name":"El Regional","article_publisher":"https:\/\/www.facebook.com\/elregionalvm","article_published_time":"2022-12-19T02:06:37+00:00","article_modified_time":"2022-12-20T17:08:19+00:00","og_image":[{"width":1600,"height":1097,"url":"http:\/\/elregionalvm.com.ar\/noticias-villa-maria\/wp-content\/uploads\/2022\/12\/Festejos-campeon-del-mundo-1.jpeg","type":"image\/jpeg"}],"author":"Contenidos El Regional","twitter_card":"summary_large_image","twitter_creator":"@elregionalvm1","twitter_site":"@elregionalvm1","twitter_misc":{"Escrito por":"Contenidos El Regional","Tiempo de lectura":"3 minutos"},"schema":{"@context":"https:\/\/schema.org","@graph":[{"@type":"Article","@id":"http:\/\/elregionalvm.com.ar\/noticias-villa-maria\/argentina-campeon-asi-festejo-villa-maria-la-consagracion-de-messi-cia\/#article","isPartOf":{"@id":"http:\/\/elregionalvm.com.ar\/noticias-villa-maria\/argentina-campeon-asi-festejo-villa-maria-la-consagracion-de-messi-cia\/"},"author":{"name":"Contenidos El Regional","@id":"http:\/\/elregionalvm.com.ar\/noticias-villa-maria\/#\/schema\/person\/a0fb9c422317faca23d50163151bc354"},"headline":"\u00a1Argentina campe\u00f3n! As\u00ed festej\u00f3 Villa Mar\u00eda la consagraci\u00f3n de Messi &#038; C\u00eda.","datePublished":"2022-12-19T02:06:37+00:00","dateModified":"2022-12-20T17:08:19+00:00","mainEntityOfPage":{"@id":"http:\/\/elregionalvm.com.ar\/noticias-villa-maria\/argentina-campeon-asi-festejo-villa-maria-la-consagracion-de-messi-cia\/"},"wordCount":172,"commentCount":0,"image":{"@id":"http:\/\/elregionalvm.com.ar\/noticias-villa-maria\/argentina-campeon-asi-festejo-villa-maria-la-consagracion-de-messi-cia\/#primaryimage"},"thumbnailUrl":"https:\/\/i0.wp.com\/elregionalvm.com.ar\/noticias-villa-maria\/wp-content\/uploads\/2022\/12\/Festejos-campeon-del-mundo-1.jpeg?fit=1600%2C1097&ssl=1","keywords":["argentina campe\u00f3n","campeones","celebraci\u00f3n","Copa del Mundo","Festejos","Mundial","plaza centenario","qatar 2022","tricampeones"],"articleSection":["Deporte","Qatar2022","tercera","Villa Mar\u00eda"],"inLanguage":"es","potentialAction":[{"@type":"CommentAction","name":"Comment","target":["http:\/\/elregionalvm.com.ar\/noticias-villa-maria\/argentina-campeon-asi-festejo-villa-maria-la-consagracion-de-messi-cia\/#respond"]}]},{"@type":"WebPage","@id":"http:\/\/elregionalvm.com.ar\/noticias-villa-maria\/argentina-campeon-asi-festejo-villa-maria-la-consagracion-de-messi-cia\/","url":"http:\/\/elregionalvm.com.ar\/noticias-villa-maria\/argentina-campeon-asi-festejo-villa-maria-la-consagracion-de-messi-cia\/","name":"\u00a1Argentina campe\u00f3n! As\u00ed festej\u00f3 Villa Mar\u00eda la consagraci\u00f3n de Messi & C\u00eda. - El Regional","isPartOf":{"@id":"http:\/\/elregionalvm.com.ar\/noticias-villa-maria\/#website"},"primaryImageOfPage":{"@id":"http:\/\/elregionalvm.com.ar\/noticias-villa-maria\/argentina-campeon-asi-festejo-villa-maria-la-consagracion-de-messi-cia\/#primaryimage"},"image":{"@id":"http:\/\/elregionalvm.com.ar\/noticias-villa-maria\/argentina-campeon-asi-festejo-villa-maria-la-consagracion-de-messi-cia\/#primaryimage"},"thumbnailUrl":"https:\/\/i0.wp.com\/elregionalvm.com.ar\/noticias-villa-maria\/wp-content\/uploads\/2022\/12\/Festejos-campeon-del-mundo-1.jpeg?fit=1600%2C1097&ssl=1","datePublished":"2022-12-19T02:06:37+00:00","dateModified":"2022-12-20T17:08:19+00:00","author":{"@id":"http:\/\/elregionalvm.com.ar\/noticias-villa-maria\/#\/schema\/person\/a0fb9c422317faca23d50163151bc354"},"breadcrumb":{"@id":"http:\/\/elregionalvm.com.ar\/noticias-villa-maria\/argentina-campeon-asi-festejo-villa-maria-la-consagracion-de-messi-cia\/#breadcrumb"},"inLanguage":"es","potentialAction":[{"@type":"ReadAction","target":["http:\/\/elregionalvm.com.ar\/noticias-villa-maria\/argentina-campeon-asi-festejo-villa-maria-la-consagracion-de-messi-cia\/"]}]},{"@type":"ImageObject","inLanguage":"es","@id":"http:\/\/elregionalvm.com.ar\/noticias-villa-maria\/argentina-campeon-asi-festejo-villa-maria-la-consagracion-de-messi-cia\/#primaryimage","url":"https:\/\/i0.wp.com\/elregionalvm.com.ar\/noticias-villa-maria\/wp-content\/uploads\/2022\/12\/Festejos-campeon-del-mundo-1.jpeg?fit=1600%2C1097&ssl=1","contentUrl":"https:\/\/i0.wp.com\/elregionalvm.com.ar\/noticias-villa-maria\/wp-content\/uploads\/2022\/12\/Festejos-campeon-del-mundo-1.jpeg?fit=1600%2C1097&ssl=1","width":1600,"height":1097},{"@type":"BreadcrumbList","@id":"http:\/\/elregionalvm.com.ar\/noticias-villa-maria\/argentina-campeon-asi-festejo-villa-maria-la-consagracion-de-messi-cia\/#breadcrumb","itemListElement":[{"@type":"ListItem","position":1,"name":"Portada","item":"https:\/\/elregionalvm.com.ar\/noticias-villa-maria\/"},{"@type":"ListItem","position":2,"name":"\u00a1Argentina campe\u00f3n! As\u00ed festej\u00f3 Villa Mar\u00eda la consagraci\u00f3n de Messi &#038; C\u00eda."}]},{"@type":"WebSite","@id":"http:\/\/elregionalvm.com.ar\/noticias-villa-maria\/#website","url":"http:\/\/elregionalvm.com.ar\/noticias-villa-maria\/","name":"El Regional","description":"Mucho m\u00e1s que informaci\u00f3n","potentialAction":[{"@type":"SearchAction","target":{"@type":"EntryPoint","urlTemplate":"http:\/\/elregionalvm.com.ar\/noticias-villa-maria\/?s={search_term_string}"},"query-input":{"@type":"PropertyValueSpecification","valueRequired":true,"valueName":"search_term_string"}}],"inLanguage":"es"},{"@type":"Person","@id":"http:\/\/elregionalvm.com.ar\/noticias-villa-maria\/#\/schema\/person\/a0fb9c422317faca23d50163151bc354","name":"Contenidos El Regional","image":{"@type":"ImageObject","inLanguage":"es","@id":"http:\/\/elregionalvm.com.ar\/noticias-villa-maria\/#\/schema\/person\/image\/","url":"https:\/\/secure.gravatar.com\/avatar\/265b27cb2209af7bb3a1318f03305787d7981a5cc6e6cd08fe5a4ecdf99d4b48?s=96&d=mm&r=g","contentUrl":"https:\/\/secure.gravatar.com\/avatar\/265b27cb2209af7bb3a1318f03305787d7981a5cc6e6cd08fe5a4ecdf99d4b48?s=96&d=mm&r=g","caption":"Contenidos El Regional"},"url":"https:\/\/elregionalvm.com.ar\/noticias-villa-maria\/author\/contenido\/"}]}},"jetpack_featured_media_url":"https:\/\/i0.wp.com\/elregionalvm.com.ar\/noticias-villa-maria\/wp-content\/uploads\/2022\/12\/Festejos-campeon-del-mundo-1.jpeg?fit=1600%2C1097&ssl=1","jetpack_sharing_enabled":true,"_links":{"self":[{"href":"https:\/\/elregionalvm.com.ar\/noticias-villa-maria\/wp-json\/wp\/v2\/posts\/68923","targetHints":{"allow":["GET"]}}],"collection":[{"href":"https:\/\/elregionalvm.com.ar\/noticias-villa-maria\/wp-json\/wp\/v2\/posts"}],"about":[{"href":"https:\/\/elregionalvm.com.ar\/noticias-villa-maria\/wp-json\/wp\/v2\/types\/post"}],"author":[{"embeddable":true,"href":"https:\/\/elregionalvm.com.ar\/noticias-villa-maria\/wp-json\/wp\/v2\/users\/4"}],"replies":[{"embeddable":true,"href":"https:\/\/elregionalvm.com.ar\/noticias-villa-maria\/wp-json\/wp\/v2\/comments?post=68923"}],"version-history":[{"count":3,"href":"https:\/\/elregionalvm.com.ar\/noticias-villa-maria\/wp-json\/wp\/v2\/posts\/68923\/revisions"}],"predecessor-version":[{"id":68935,"href":"https:\/\/elregionalvm.com.ar\/noticias-villa-maria\/wp-json\/wp\/v2\/posts\/68923\/revisions\/68935"}],"wp:featuredmedia":[{"embeddable":true,"href":"https:\/\/elregionalvm.com.ar\/noticias-villa-maria\/wp-json\/wp\/v2\/media\/68930"}],"wp:attachment":[{"href":"https:\/\/elregionalvm.com.ar\/noticias-villa-maria\/wp-json\/wp\/v2\/media?parent=68923"}],"wp:term":[{"taxonomy":"category","embeddable":true,"href":"https:\/\/elregionalvm.com.ar\/noticias-villa-maria\/wp-json\/wp\/v2\/categories?post=68923"},{"taxonomy":"post_tag","embeddable":true,"href":"https:\/\/elregionalvm.com.ar\/noticias-villa-maria\/wp-json\/wp\/v2\/tags?post=68923"}],"curies":[{"name":"wp","href":"https:\/\/api.w.org\/{rel}","templated":true}]}}