{"id":69334,"date":"2022-12-27T02:36:53","date_gmt":"2022-12-27T02:36:53","guid":{"rendered":"https:\/\/elregionalvm.com.ar\/noticias-villa-maria\/?p=69334"},"modified":"2022-12-28T03:06:31","modified_gmt":"2022-12-28T03:06:31","slug":"historias-el-dirigible-de-la-serenisima-que-marco-una-epoca","status":"publish","type":"post","link":"https:\/\/elregionalvm.com.ar\/noticias-villa-maria\/historias-el-dirigible-de-la-serenisima-que-marco-una-epoca\/","title":{"rendered":"[Historias] El dirigible de La Seren\u00edsima que marc\u00f3 una \u00e9poca"},"content":{"rendered":"\n<p><\/p>\n\n\n\n<h3 class=\"wp-block-heading\"><strong>Jos\u00e9 Mar\u00eda Vaca, el piloto de la aeronave que durante 1995 y 1996 recorri\u00f3 el pa\u00eds con la publicidad de la empresa l\u00e1ctea, revive el \u00faltimo vuelo y su ca\u00edda.<\/strong><\/h3>\n\n\n\n<p><\/p>\n\n\n\n<p><strong>Escribe: Julio A. Ben\u00edtez \u2013 benitezjulioalberto@gmail.com<\/strong><\/p>\n\n\n\n<p><\/p>\n\n\n\n<p>\u201cMe llamaron porque les faltaba un sexto piloto. El dirigible tuvo 4 pilotos extranjeros, a dos los recuerdo, Bob Fowler, norteamericano y el otro australiano, John Fox, y dos argentinos, uno yo y el otro Rolf Hossinger, un hombre muy respetado en el mundo aeron\u00e1utico. El dirigible es una m\u00e1quina que tiene muchas particularidades y, al estar difundido en el mundo, s\u00f3lo hay una \u00e9lite que sabe volarlo\u201d.<\/p>\n\n\n\n<p><strong>-\u00bfEs complejo volar un dirigible?<\/strong><\/p>\n\n\n\n<p>-C\u00f3mo no existen simuladores de vuelo para dicha nave, la instrucci\u00f3n se hace directamente en el aire. En tierra, primero realic\u00e9 un curso dial\u00e9ctico con los instructores y despu\u00e9s sal\u00ed a volar con ellos.<\/p>\n\n\n\n<p>Fue para m\u00ed como aprender de cero. Los que volamos aviones lo hacemos en ciertas situaciones de aerodin\u00e1mica, motores, meteorolog\u00eda, aproximaciones y el dirigible es completamente distinto, es un barco en el aire, por eso se llama \u201cairship\u201d, un barco a\u00e9reo. La altura m\u00ednima que ten\u00edamos que volar eran 600 metros.<\/p>\n\n\n\n<p><\/p>\n\n\n\n<figure class=\"wp-block-image size-large\"><img data-recalc-dims=\"1\" fetchpriority=\"high\" decoding=\"async\" width=\"1024\" height=\"576\" src=\"https:\/\/i0.wp.com\/elregionalvm.com.ar\/noticias-villa-maria\/wp-content\/uploads\/2022\/12\/dirigible-la-serenisima.jpg?resize=1024%2C576&#038;ssl=1\" alt=\"\" class=\"wp-image-69336\" srcset=\"https:\/\/i0.wp.com\/elregionalvm.com.ar\/noticias-villa-maria\/wp-content\/uploads\/2022\/12\/dirigible-la-serenisima.jpg?resize=1024%2C576&amp;ssl=1 1024w, https:\/\/i0.wp.com\/elregionalvm.com.ar\/noticias-villa-maria\/wp-content\/uploads\/2022\/12\/dirigible-la-serenisima.jpg?resize=300%2C169&amp;ssl=1 300w, https:\/\/i0.wp.com\/elregionalvm.com.ar\/noticias-villa-maria\/wp-content\/uploads\/2022\/12\/dirigible-la-serenisima.jpg?resize=768%2C432&amp;ssl=1 768w, https:\/\/i0.wp.com\/elregionalvm.com.ar\/noticias-villa-maria\/wp-content\/uploads\/2022\/12\/dirigible-la-serenisima.jpg?w=1280&amp;ssl=1 1280w\" sizes=\"(max-width: 1000px) 100vw, 1000px\" \/><\/figure>\n\n\n\n<p><\/p>\n\n\n\n<p><strong>Marketing y publicidad<\/strong><\/p>\n\n\n\n<p>Los vuelos eran organizados por la Seren\u00edsima, dividieron a la Capital Federal y el conurbano en cuatro segmentos, este, oeste, norte y sur. Tambi\u00e9n programaban los vuelos nocturnos para los viernes y los fines de semana, siempre en la zona norte, sobre la Panamericana que es d\u00f3nde hab\u00eda m\u00e1s afluencia de tr\u00e1nsito.<\/p>\n\n\n\n<p>Fue la \u00e9poca de \u201coro\u201d de la publicidad, las agencias manejaban presupuestos millonarios en d\u00f3lares y los creativos desafiaban los l\u00edmites detr\u00e1s de un \u00fanico objetivo: seducir al consumidor.<\/p>\n\n\n\n<p><\/p>\n\n\n\n<figure class=\"wp-block-gallery has-nested-images columns-default is-cropped wp-block-gallery-1 is-layout-flex wp-block-gallery-is-layout-flex\">\n<figure class=\"wp-block-image size-large\"><img data-recalc-dims=\"1\" decoding=\"async\" width=\"720\" height=\"507\" data-id=\"69343\" src=\"https:\/\/i0.wp.com\/elregionalvm.com.ar\/noticias-villa-maria\/wp-content\/uploads\/2022\/12\/dirigible-leche-la-serenisima-detalle-personal-1.jpg?resize=720%2C507&#038;ssl=1\" alt=\"\" class=\"wp-image-69343\" srcset=\"https:\/\/i0.wp.com\/elregionalvm.com.ar\/noticias-villa-maria\/wp-content\/uploads\/2022\/12\/dirigible-leche-la-serenisima-detalle-personal-1.jpg?w=720&amp;ssl=1 720w, https:\/\/i0.wp.com\/elregionalvm.com.ar\/noticias-villa-maria\/wp-content\/uploads\/2022\/12\/dirigible-leche-la-serenisima-detalle-personal-1.jpg?resize=300%2C211&amp;ssl=1 300w\" sizes=\"(max-width: 720px) 100vw, 720px\" \/><\/figure>\n\n\n\n<figure class=\"wp-block-image size-large\"><img data-recalc-dims=\"1\" decoding=\"async\" width=\"1280\" height=\"720\" data-id=\"69342\" src=\"https:\/\/i0.wp.com\/elregionalvm.com.ar\/noticias-villa-maria\/wp-content\/uploads\/2022\/12\/dirigible-la-serenisima-detalle-1.jpg?resize=1280%2C720&#038;ssl=1\" alt=\"\" class=\"wp-image-69342\" srcset=\"https:\/\/i0.wp.com\/elregionalvm.com.ar\/noticias-villa-maria\/wp-content\/uploads\/2022\/12\/dirigible-la-serenisima-detalle-1.jpg?w=1280&amp;ssl=1 1280w, https:\/\/i0.wp.com\/elregionalvm.com.ar\/noticias-villa-maria\/wp-content\/uploads\/2022\/12\/dirigible-la-serenisima-detalle-1.jpg?resize=300%2C169&amp;ssl=1 300w, https:\/\/i0.wp.com\/elregionalvm.com.ar\/noticias-villa-maria\/wp-content\/uploads\/2022\/12\/dirigible-la-serenisima-detalle-1.jpg?resize=1024%2C576&amp;ssl=1 1024w, https:\/\/i0.wp.com\/elregionalvm.com.ar\/noticias-villa-maria\/wp-content\/uploads\/2022\/12\/dirigible-la-serenisima-detalle-1.jpg?resize=768%2C432&amp;ssl=1 768w\" sizes=\"(max-width: 1000px) 100vw, 1000px\" \/><\/figure>\n<\/figure>\n\n\n\n<p><\/p>\n\n\n\n<p>Eran los 90 y todo parec\u00eda posible. En 1995 La Seren\u00edsima puso en marcha la acci\u00f3n de marketing m\u00e1s original: llev\u00f3 el logo de la empresa al cielo, pintada en un dirigible que sobrevol\u00f3 el pa\u00eds.<\/p>\n\n\n\n<p>Los resultados fueron contundentes e hicieron eco en los balances: seis meses del primer vuelo, la empresa increment\u00f3 sus ventas en un 35%. Sin embargo, la aventura dur\u00f3 poco m\u00e1s de un a\u00f1o y tuvo un accidentado final.<\/p>\n\n\n\n<p>El dirigible fue fabricado por \u201cAirship Industries\u201d en los Estados Unidos y armado en la ciudad bonaerense de San Nicol\u00e1s. Era un barco a\u00e9reo, m\u00e1s grande que un Boeing 727, med\u00eda 60 metros de largo por 27 de ancho y 17 de alto, con la g\u00f3ndola m\u00e1s peque\u00f1a del modelo 500 HL., con dos motores y una autonom\u00eda de vuelo de 17 horas, pero todo depend\u00eda de la meteorolog\u00eda y el viento.<\/p>\n\n\n\n<p><strong>C\u00f3mo volaban<\/strong><\/p>\n\n\n\n<p>\u201cHab\u00eda rutas que en condiciones clim\u00e1ticas \u00f3ptimas pod\u00edan realizarse en cuatro o cinco horas, pero si el tiempo no acompa\u00f1aba pod\u00eda llegar a tardar 10.<\/p>\n\n\n\n<p>Una l\u00ednea de inestabilidad es un conjunto de nubes con chaparrones y tormentas el\u00e9ctricas, acompa\u00f1ada de r\u00e1fagas de viento muy fuertes, parecido a un tornado acostado, se pod\u00eda ver a varios kil\u00f3metros atr\u00e1s, pero nosotros ten\u00edamos que calcular el tiempo que \u00edbamos a tardar en aproximarnos al lugar del amarre, entonces ah\u00ed empezaba nuestra peripecia para escapar de esa l\u00ednea de inestabilidad.<\/p>\n\n\n\n<p>Lo m\u00e1s complicado del dirigible es el amarre, es imprescindible estar coordinado con un equipo en tierra, para que lo sostenga y no salga disparado\u201d.<\/p>\n\n\n\n<p>En noviembre de 1996 el dirigible regresaba a Buenos Aires desde Tucum\u00e1n y ten\u00eda programado un vuelo nocturno sobre el Hip\u00f3dromo de Palermo para acompa\u00f1ar el estreno de la pel\u00edcula \u201cLos 101 d\u00e1lmatas\u201d, sin embargo, el viaje nunca se complet\u00f3.<\/p>\n\n\n\n<p><\/p>\n\n\n\n<figure class=\"wp-block-image size-full\"><img data-recalc-dims=\"1\" loading=\"lazy\" decoding=\"async\" width=\"1000\" height=\"558\" src=\"https:\/\/i0.wp.com\/elregionalvm.com.ar\/noticias-villa-maria\/wp-content\/uploads\/2022\/12\/Dirigible-La-Serenisima-1.jpg?resize=1000%2C558&#038;ssl=1\" alt=\"\" class=\"wp-image-69346\" srcset=\"https:\/\/i0.wp.com\/elregionalvm.com.ar\/noticias-villa-maria\/wp-content\/uploads\/2022\/12\/Dirigible-La-Serenisima-1.jpg?w=1000&amp;ssl=1 1000w, https:\/\/i0.wp.com\/elregionalvm.com.ar\/noticias-villa-maria\/wp-content\/uploads\/2022\/12\/Dirigible-La-Serenisima-1.jpg?resize=300%2C167&amp;ssl=1 300w, https:\/\/i0.wp.com\/elregionalvm.com.ar\/noticias-villa-maria\/wp-content\/uploads\/2022\/12\/Dirigible-La-Serenisima-1.jpg?resize=768%2C429&amp;ssl=1 768w\" sizes=\"(max-width: 1000px) 100vw, 1000px\" \/><\/figure>\n\n\n\n<p><\/p>\n\n\n\n<p>La cabina del dirigible, s\u00f3lo para dos pilotos, era de \u201cKevlar\u201d, un material sumamente resistente que se utiliza en los chalecos antibalas. El globo estaba relleno con helio, 6.666 metros c\u00fabicos. Colocarle helio a semejante aparato sal\u00eda una fortuna.<\/p>\n\n\n\n<p>La performance de dicha nave es muy distinta a la del avi\u00f3n, ya que reacciona muy lento, explica Jos\u00e9 Mar\u00eda Vaca, quien, durante el entrenamiento, vio un peque\u00f1o orificio detr\u00e1s del asiento del piloto, que le llam\u00f3 la atenci\u00f3n. El instructor le dijo, \u201cya se lo explicar\u00e9 durante el vuelo\u201d.<\/p>\n\n\n\n<p>El d\u00eda del accidente fue el 22 de noviembre a las 12.15, en la zona Oeste, cuando el instructor me dijo, \u201cen dos cuadras dobla 90 grados a la izquierda, hacemos cuatro cuadras y luego dobla otros 90 a la derecha para retomar el rumbo.<\/p>\n\n\n\n<p>Hice la maniobra que me indic\u00f3 y me dijo: \u00bfQuer\u00edas saber que era el agujero detr\u00e1s de tu asiento? Era el disparo de un calibre 45, nos hab\u00edan tirado desde\u201d Fuerte Apache en recorrido anterior. Era com\u00fan que al dirigible le disparasen, como pas\u00f3 en C\u00f3rdoba, era casi de noche, nos tiraron con una ametralladora.<\/p>\n\n\n\n<p>Ojo\u2026 si salimos hoy, 2022, nos tiran con un misil.<\/p>\n\n\n\n<p>La aeronave contaba con apoyo terrestre de nueve veh\u00edculos, entre ellos un cami\u00f3n que transportaba tubos de helio para cuando se necesitara, porque este gas es muy susceptible a los cambios atmosf\u00e9ricos.<\/p>\n\n\n\n<p>Con bajas temperaturas se contrae y cuando la temperatura sube se expande, por lo que el equipo ten\u00eda que abrir ciertas v\u00e1lvulas a fin de evaporar el helio para que el globo no explotara.<\/p>\n\n\n\n<p>Tantos eran los controles y cuidados que ten\u00eda la aeronave, que la llamaban \u201cLa Princesa\u201d, con guardia las 24 horas\u201d.<\/p>\n\n\n\n<p><strong>La ca\u00edda<\/strong><\/p>\n\n\n\n<p>El piloto y consultor aeron\u00e1utico Ezequiel Sicardi en su cuenta de Twitter, public\u00f3 una serie de fotograf\u00edas del globo de la Seren\u00edsima ya accidentado, que llamaron la atenci\u00f3n de los usuarios de la red social.<\/p>\n\n\n\n<p>Una de las fotos muestra al globo desinflado tomadas por el comandante Daniel Giuliani, desde su \u201cPiper Tomahawk\u201d, horas despu\u00e9s de su ca\u00edda, sin dar su ubicaci\u00f3n por cuestiones de seguridad\u201d.<\/p>\n\n\n\n<p><\/p>\n\n\n\n<figure class=\"wp-block-image size-full is-resized\"><img data-recalc-dims=\"1\" loading=\"lazy\" decoding=\"async\" src=\"https:\/\/i0.wp.com\/elregionalvm.com.ar\/noticias-villa-maria\/wp-content\/uploads\/2022\/12\/dirigible-serenisima-caido-1.jpg?resize=908%2C599&#038;ssl=1\" alt=\"\" class=\"wp-image-69344\" width=\"908\" height=\"599\" srcset=\"https:\/\/i0.wp.com\/elregionalvm.com.ar\/noticias-villa-maria\/wp-content\/uploads\/2022\/12\/dirigible-serenisima-caido-1.jpg?w=720&amp;ssl=1 720w, https:\/\/i0.wp.com\/elregionalvm.com.ar\/noticias-villa-maria\/wp-content\/uploads\/2022\/12\/dirigible-serenisima-caido-1.jpg?resize=300%2C198&amp;ssl=1 300w\" sizes=\"(max-width: 908px) 100vw, 908px\" \/><\/figure>\n\n\n\n<p><\/p>\n\n\n\n<p>\u201cEn definitiva, y pese a los ataques con armas desde tierra, el final del dirigible se produjo por uno de aquellos tornados acostados, como explicaba anteriormente, en la fecha citada, cuando una fuerte tormenta se nos acerc\u00f3 demasiado r\u00e1pido, cuando viaj\u00e1bamos desde Ceres a Santa Fe, que nos hizo cambiar el rumbo hacia Rafaela.<\/p>\n\n\n\n<p>Luego a Esperanza y a San Justo, donde hicimos un aterrizaje de emergencia, informada tal situaci\u00f3n a Paran\u00e1, que no dio tiempo al personal que nos esperaba en tierra, a desinflarlo, pues el fuerte viento lo arrastr\u00f3 unos 3 kil\u00f3metros.<\/p>\n\n\n\n<p>Hab\u00edamos conseguido aterrizar, bajamos los pilotos y ayudamos al personal que pudo colocar el cable y quiso atarlo a un poste de una tranquera, pero el viento era de unos 80 km\/h. Yo no me hab\u00eda dado cuenta, pero estaba sangrando de las manos haciendo fuerza para sostener el cable, de los guantes no se qu\u00e9 pas\u00f3. S\u00ed, fue un momento de mucha tensi\u00f3n.<\/p>\n\n\n\n<p>En el campo vecino estaba sembrando Carlos Reutemann, que se acerc\u00f3 cuando nuestra nave toc\u00f3 tierra y me vio con sangre en las manos y que ya me hab\u00eda manchado la cara y la ropa, me ofreci\u00f3 pedir urgente el helic\u00f3ptero de la Provincia, le agradec\u00ed y me arregl\u00e9 con los elementos del botiqu\u00edn de auxilio\u201d.<\/p>\n\n\n\n<p><\/p>\n\n\n\n<p><\/p>\n\n\n\n<h3 class=\"wp-block-heading\"><strong>Tambi\u00e9n pod\u00e9s leer:<\/strong><\/h3>\n\n\n\n<p><\/p>\n\n\n\n<p><\/p>\n\n\n\n<figure class=\"wp-block-embed is-type-wp-embed is-provider-el-regional wp-block-embed-el-regional\"><div class=\"wp-block-embed__wrapper\">\n<blockquote class=\"wp-embedded-content\" data-secret=\"LFdltsDUvv\"><a href=\"https:\/\/elregionalvm.com.ar\/noticias-villa-maria\/el-gran-estafador-el-albanil-casi-analfabeto-que-burlo-al-banco-mas-grande-del-mundo\/\">El gran estafador: El alba\u00f1il casi analfabeto que burl\u00f3 al banco m\u00e1s grande del mundo<\/a><\/blockquote><iframe class=\"wp-embedded-content\" sandbox=\"allow-scripts\" security=\"restricted\" style=\"position: absolute; visibility: hidden;\" title=\"\u00abEl gran estafador: El alba\u00f1il casi analfabeto que burl\u00f3 al banco m\u00e1s grande del mundo\u00bb \u2014 El Regional\" src=\"https:\/\/elregionalvm.com.ar\/noticias-villa-maria\/el-gran-estafador-el-albanil-casi-analfabeto-que-burlo-al-banco-mas-grande-del-mundo\/embed\/#?secret=YcYJHL26xr#?secret=LFdltsDUvv\" data-secret=\"LFdltsDUvv\" width=\"500\" height=\"282\" frameborder=\"0\" marginwidth=\"0\" marginheight=\"0\" scrolling=\"no\"><\/iframe>\n<\/div><\/figure>\n\n\n\n<p><\/p>\n\n\n\n<p><\/p>\n\n\n\n<p>Fuente<em>: La Naci\u00f3n<\/em><\/p>\n","protected":false},"excerpt":{"rendered":"<p>Jos\u00e9 Mar\u00eda Vaca, el piloto de la aeronave que durante 1995 y 1996 recorri\u00f3 el pa\u00eds con la publicidad de la empresa l\u00e1ctea, revive el \u00faltimo vuelo y su ca\u00edda. Escribe: Julio A. Ben\u00edtez \u2013 benitezjulioalberto@gmail.com \u201cMe llamaron porque les faltaba un sexto piloto. El dirigible tuvo 4 pilotos extranjeros, a dos los recuerdo, Bob [&hellip;]<\/p>\n","protected":false},"author":4,"featured_media":69341,"comment_status":"open","ping_status":"open","sticky":false,"template":"","format":"standard","meta":{"site-sidebar-layout":"default","site-content-layout":"","ast-site-content-layout":"default","site-content-style":"default","site-sidebar-style":"default","ast-global-header-display":"","ast-banner-title-visibility":"","ast-main-header-display":"","ast-hfb-above-header-display":"","ast-hfb-below-header-display":"","ast-hfb-mobile-header-display":"","site-post-title":"","ast-breadcrumbs-content":"","ast-featured-img":"","footer-sml-layout":"","ast-disable-related-posts":"","theme-transparent-header-meta":"","adv-header-id-meta":"","stick-header-meta":"","header-above-stick-meta":"","header-main-stick-meta":"","header-below-stick-meta":"","astra-migrate-meta-layouts":"default","ast-page-background-enabled":"default","ast-page-background-meta":{"desktop":{"background-color":"","background-image":"","background-repeat":"repeat","background-position":"center center","background-size":"auto","background-attachment":"scroll","background-type":"","background-media":"","overlay-type":"","overlay-color":"","overlay-opacity":"","overlay-gradient":""},"tablet":{"background-color":"","background-image":"","background-repeat":"repeat","background-position":"center center","background-size":"auto","background-attachment":"scroll","background-type":"","background-media":"","overlay-type":"","overlay-color":"","overlay-opacity":"","overlay-gradient":""},"mobile":{"background-color":"","background-image":"","background-repeat":"repeat","background-position":"center center","background-size":"auto","background-attachment":"scroll","background-type":"","background-media":"","overlay-type":"","overlay-color":"","overlay-opacity":"","overlay-gradient":""}},"ast-content-background-meta":{"desktop":{"background-color":"var(--ast-global-color-5)","background-image":"","background-repeat":"repeat","background-position":"center center","background-size":"auto","background-attachment":"scroll","background-type":"","background-media":"","overlay-type":"","overlay-color":"","overlay-opacity":"","overlay-gradient":""},"tablet":{"background-color":"var(--ast-global-color-5)","background-image":"","background-repeat":"repeat","background-position":"center center","background-size":"auto","background-attachment":"scroll","background-type":"","background-media":"","overlay-type":"","overlay-color":"","overlay-opacity":"","overlay-gradient":""},"mobile":{"background-color":"var(--ast-global-color-5)","background-image":"","background-repeat":"repeat","background-position":"center center","background-size":"auto","background-attachment":"scroll","background-type":"","background-media":"","overlay-type":"","overlay-color":"","overlay-opacity":"","overlay-gradient":""}},"_jetpack_memberships_contains_paid_content":false,"_joinchat":[],"footnotes":""},"categories":[2098,3557],"tags":[4657,20731,20732,1386,1666,20733,1356,2186],"class_list":["post-69334","post","type-post","status-publish","format-standard","has-post-thumbnail","hentry","category-historias","category-tercera","tag-avion","tag-dirigible","tag-helio","tag-historias","tag-julio-benitez","tag-la-serenisima","tag-marketing","tag-publicidad"],"yoast_head":"<!-- This site is optimized with the Yoast SEO plugin v26.8 - https:\/\/yoast.com\/product\/yoast-seo-wordpress\/ -->\n<title>[Historias] El dirigible de La Seren\u00edsima que marc\u00f3 una \u00e9poca - El Regional<\/title>\n<meta name=\"robots\" content=\"index, follow, max-snippet:-1, max-image-preview:large, max-video-preview:-1\" \/>\n<link rel=\"canonical\" href=\"http:\/\/elregionalvm.com.ar\/noticias-villa-maria\/historias-el-dirigible-de-la-serenisima-que-marco-una-epoca\/\" \/>\n<meta property=\"og:locale\" content=\"es_ES\" \/>\n<meta property=\"og:type\" content=\"article\" \/>\n<meta property=\"og:title\" content=\"[Historias] El dirigible de La Seren\u00edsima que marc\u00f3 una \u00e9poca - El Regional\" \/>\n<meta property=\"og:description\" content=\"Jos\u00e9 Mar\u00eda Vaca, el piloto de la aeronave que durante 1995 y 1996 recorri\u00f3 el pa\u00eds con la publicidad de la empresa l\u00e1ctea, revive el \u00faltimo vuelo y su ca\u00edda. Escribe: Julio A. Ben\u00edtez \u2013 benitezjulioalberto@gmail.com \u201cMe llamaron porque les faltaba un sexto piloto. El dirigible tuvo 4 pilotos extranjeros, a dos los recuerdo, Bob [&hellip;]\" \/>\n<meta property=\"og:url\" content=\"http:\/\/elregionalvm.com.ar\/noticias-villa-maria\/historias-el-dirigible-de-la-serenisima-que-marco-una-epoca\/\" \/>\n<meta property=\"og:site_name\" content=\"El Regional\" \/>\n<meta property=\"article:publisher\" content=\"https:\/\/www.facebook.com\/elregionalvm\" \/>\n<meta property=\"article:published_time\" content=\"2022-12-27T02:36:53+00:00\" \/>\n<meta property=\"article:modified_time\" content=\"2022-12-28T03:06:31+00:00\" \/>\n<meta property=\"og:image\" content=\"http:\/\/elregionalvm.com.ar\/noticias-villa-maria\/wp-content\/uploads\/2022\/12\/los-dias-de-un-dirigible-en-los-cielos-argentinos-1.jpg\" \/>\n\t<meta property=\"og:image:width\" content=\"1280\" \/>\n\t<meta property=\"og:image:height\" content=\"720\" \/>\n\t<meta property=\"og:image:type\" content=\"image\/jpeg\" \/>\n<meta name=\"author\" content=\"Contenidos El Regional\" \/>\n<meta name=\"twitter:card\" content=\"summary_large_image\" \/>\n<meta name=\"twitter:creator\" content=\"@elregionalvm1\" \/>\n<meta name=\"twitter:site\" content=\"@elregionalvm1\" \/>\n<meta name=\"twitter:label1\" content=\"Escrito por\" \/>\n\t<meta name=\"twitter:data1\" content=\"Contenidos El Regional\" \/>\n\t<meta name=\"twitter:label2\" content=\"Tiempo de lectura\" \/>\n\t<meta name=\"twitter:data2\" content=\"7 minutos\" \/>\n<script type=\"application\/ld+json\" class=\"yoast-schema-graph\">{\"@context\":\"https:\/\/schema.org\",\"@graph\":[{\"@type\":\"Article\",\"@id\":\"http:\/\/elregionalvm.com.ar\/noticias-villa-maria\/historias-el-dirigible-de-la-serenisima-que-marco-una-epoca\/#article\",\"isPartOf\":{\"@id\":\"http:\/\/elregionalvm.com.ar\/noticias-villa-maria\/historias-el-dirigible-de-la-serenisima-que-marco-una-epoca\/\"},\"author\":{\"name\":\"Contenidos El Regional\",\"@id\":\"http:\/\/elregionalvm.com.ar\/noticias-villa-maria\/#\/schema\/person\/a0fb9c422317faca23d50163151bc354\"},\"headline\":\"[Historias] El dirigible de La Seren\u00edsima que marc\u00f3 una \u00e9poca\",\"datePublished\":\"2022-12-27T02:36:53+00:00\",\"dateModified\":\"2022-12-28T03:06:31+00:00\",\"mainEntityOfPage\":{\"@id\":\"http:\/\/elregionalvm.com.ar\/noticias-villa-maria\/historias-el-dirigible-de-la-serenisima-que-marco-una-epoca\/\"},\"wordCount\":1251,\"commentCount\":0,\"image\":{\"@id\":\"http:\/\/elregionalvm.com.ar\/noticias-villa-maria\/historias-el-dirigible-de-la-serenisima-que-marco-una-epoca\/#primaryimage\"},\"thumbnailUrl\":\"https:\/\/i0.wp.com\/elregionalvm.com.ar\/noticias-villa-maria\/wp-content\/uploads\/2022\/12\/los-dias-de-un-dirigible-en-los-cielos-argentinos-1.jpg?fit=1280%2C720&ssl=1\",\"keywords\":[\"Avi\u00f3n\",\"dirigible\",\"helio\",\"historias\",\"Julio Ben\u00edtez\",\"la seren\u00edsima\",\"marketing\",\"Publicidad\"],\"articleSection\":[\"Historias\",\"tercera\"],\"inLanguage\":\"es\",\"potentialAction\":[{\"@type\":\"CommentAction\",\"name\":\"Comment\",\"target\":[\"http:\/\/elregionalvm.com.ar\/noticias-villa-maria\/historias-el-dirigible-de-la-serenisima-que-marco-una-epoca\/#respond\"]}]},{\"@type\":\"WebPage\",\"@id\":\"http:\/\/elregionalvm.com.ar\/noticias-villa-maria\/historias-el-dirigible-de-la-serenisima-que-marco-una-epoca\/\",\"url\":\"http:\/\/elregionalvm.com.ar\/noticias-villa-maria\/historias-el-dirigible-de-la-serenisima-que-marco-una-epoca\/\",\"name\":\"[Historias] El dirigible de La Seren\u00edsima que marc\u00f3 una \u00e9poca - El Regional\",\"isPartOf\":{\"@id\":\"http:\/\/elregionalvm.com.ar\/noticias-villa-maria\/#website\"},\"primaryImageOfPage\":{\"@id\":\"http:\/\/elregionalvm.com.ar\/noticias-villa-maria\/historias-el-dirigible-de-la-serenisima-que-marco-una-epoca\/#primaryimage\"},\"image\":{\"@id\":\"http:\/\/elregionalvm.com.ar\/noticias-villa-maria\/historias-el-dirigible-de-la-serenisima-que-marco-una-epoca\/#primaryimage\"},\"thumbnailUrl\":\"https:\/\/i0.wp.com\/elregionalvm.com.ar\/noticias-villa-maria\/wp-content\/uploads\/2022\/12\/los-dias-de-un-dirigible-en-los-cielos-argentinos-1.jpg?fit=1280%2C720&ssl=1\",\"datePublished\":\"2022-12-27T02:36:53+00:00\",\"dateModified\":\"2022-12-28T03:06:31+00:00\",\"author\":{\"@id\":\"http:\/\/elregionalvm.com.ar\/noticias-villa-maria\/#\/schema\/person\/a0fb9c422317faca23d50163151bc354\"},\"breadcrumb\":{\"@id\":\"http:\/\/elregionalvm.com.ar\/noticias-villa-maria\/historias-el-dirigible-de-la-serenisima-que-marco-una-epoca\/#breadcrumb\"},\"inLanguage\":\"es\",\"potentialAction\":[{\"@type\":\"ReadAction\",\"target\":[\"http:\/\/elregionalvm.com.ar\/noticias-villa-maria\/historias-el-dirigible-de-la-serenisima-que-marco-una-epoca\/\"]}]},{\"@type\":\"ImageObject\",\"inLanguage\":\"es\",\"@id\":\"http:\/\/elregionalvm.com.ar\/noticias-villa-maria\/historias-el-dirigible-de-la-serenisima-que-marco-una-epoca\/#primaryimage\",\"url\":\"https:\/\/i0.wp.com\/elregionalvm.com.ar\/noticias-villa-maria\/wp-content\/uploads\/2022\/12\/los-dias-de-un-dirigible-en-los-cielos-argentinos-1.jpg?fit=1280%2C720&ssl=1\",\"contentUrl\":\"https:\/\/i0.wp.com\/elregionalvm.com.ar\/noticias-villa-maria\/wp-content\/uploads\/2022\/12\/los-dias-de-un-dirigible-en-los-cielos-argentinos-1.jpg?fit=1280%2C720&ssl=1\",\"width\":1280,\"height\":720},{\"@type\":\"BreadcrumbList\",\"@id\":\"http:\/\/elregionalvm.com.ar\/noticias-villa-maria\/historias-el-dirigible-de-la-serenisima-que-marco-una-epoca\/#breadcrumb\",\"itemListElement\":[{\"@type\":\"ListItem\",\"position\":1,\"name\":\"Portada\",\"item\":\"https:\/\/elregionalvm.com.ar\/noticias-villa-maria\/\"},{\"@type\":\"ListItem\",\"position\":2,\"name\":\"[Historias] El dirigible de La Seren\u00edsima que marc\u00f3 una \u00e9poca\"}]},{\"@type\":\"WebSite\",\"@id\":\"http:\/\/elregionalvm.com.ar\/noticias-villa-maria\/#website\",\"url\":\"http:\/\/elregionalvm.com.ar\/noticias-villa-maria\/\",\"name\":\"El Regional\",\"description\":\"Mucho m\u00e1s que informaci\u00f3n\",\"potentialAction\":[{\"@type\":\"SearchAction\",\"target\":{\"@type\":\"EntryPoint\",\"urlTemplate\":\"http:\/\/elregionalvm.com.ar\/noticias-villa-maria\/?s={search_term_string}\"},\"query-input\":{\"@type\":\"PropertyValueSpecification\",\"valueRequired\":true,\"valueName\":\"search_term_string\"}}],\"inLanguage\":\"es\"},{\"@type\":\"Person\",\"@id\":\"http:\/\/elregionalvm.com.ar\/noticias-villa-maria\/#\/schema\/person\/a0fb9c422317faca23d50163151bc354\",\"name\":\"Contenidos El Regional\",\"image\":{\"@type\":\"ImageObject\",\"inLanguage\":\"es\",\"@id\":\"http:\/\/elregionalvm.com.ar\/noticias-villa-maria\/#\/schema\/person\/image\/\",\"url\":\"https:\/\/secure.gravatar.com\/avatar\/265b27cb2209af7bb3a1318f03305787d7981a5cc6e6cd08fe5a4ecdf99d4b48?s=96&d=mm&r=g\",\"contentUrl\":\"https:\/\/secure.gravatar.com\/avatar\/265b27cb2209af7bb3a1318f03305787d7981a5cc6e6cd08fe5a4ecdf99d4b48?s=96&d=mm&r=g\",\"caption\":\"Contenidos El Regional\"},\"url\":\"https:\/\/elregionalvm.com.ar\/noticias-villa-maria\/author\/contenido\/\"}]}<\/script>\n<!-- \/ Yoast SEO plugin. -->","yoast_head_json":{"title":"[Historias] El dirigible de La Seren\u00edsima que marc\u00f3 una \u00e9poca - El Regional","robots":{"index":"index","follow":"follow","max-snippet":"max-snippet:-1","max-image-preview":"max-image-preview:large","max-video-preview":"max-video-preview:-1"},"canonical":"http:\/\/elregionalvm.com.ar\/noticias-villa-maria\/historias-el-dirigible-de-la-serenisima-que-marco-una-epoca\/","og_locale":"es_ES","og_type":"article","og_title":"[Historias] El dirigible de La Seren\u00edsima que marc\u00f3 una \u00e9poca - El Regional","og_description":"Jos\u00e9 Mar\u00eda Vaca, el piloto de la aeronave que durante 1995 y 1996 recorri\u00f3 el pa\u00eds con la publicidad de la empresa l\u00e1ctea, revive el \u00faltimo vuelo y su ca\u00edda. Escribe: Julio A. Ben\u00edtez \u2013 benitezjulioalberto@gmail.com \u201cMe llamaron porque les faltaba un sexto piloto. El dirigible tuvo 4 pilotos extranjeros, a dos los recuerdo, Bob [&hellip;]","og_url":"http:\/\/elregionalvm.com.ar\/noticias-villa-maria\/historias-el-dirigible-de-la-serenisima-que-marco-una-epoca\/","og_site_name":"El Regional","article_publisher":"https:\/\/www.facebook.com\/elregionalvm","article_published_time":"2022-12-27T02:36:53+00:00","article_modified_time":"2022-12-28T03:06:31+00:00","og_image":[{"width":1280,"height":720,"url":"http:\/\/elregionalvm.com.ar\/noticias-villa-maria\/wp-content\/uploads\/2022\/12\/los-dias-de-un-dirigible-en-los-cielos-argentinos-1.jpg","type":"image\/jpeg"}],"author":"Contenidos El Regional","twitter_card":"summary_large_image","twitter_creator":"@elregionalvm1","twitter_site":"@elregionalvm1","twitter_misc":{"Escrito por":"Contenidos El Regional","Tiempo de lectura":"7 minutos"},"schema":{"@context":"https:\/\/schema.org","@graph":[{"@type":"Article","@id":"http:\/\/elregionalvm.com.ar\/noticias-villa-maria\/historias-el-dirigible-de-la-serenisima-que-marco-una-epoca\/#article","isPartOf":{"@id":"http:\/\/elregionalvm.com.ar\/noticias-villa-maria\/historias-el-dirigible-de-la-serenisima-que-marco-una-epoca\/"},"author":{"name":"Contenidos El Regional","@id":"http:\/\/elregionalvm.com.ar\/noticias-villa-maria\/#\/schema\/person\/a0fb9c422317faca23d50163151bc354"},"headline":"[Historias] El dirigible de La Seren\u00edsima que marc\u00f3 una \u00e9poca","datePublished":"2022-12-27T02:36:53+00:00","dateModified":"2022-12-28T03:06:31+00:00","mainEntityOfPage":{"@id":"http:\/\/elregionalvm.com.ar\/noticias-villa-maria\/historias-el-dirigible-de-la-serenisima-que-marco-una-epoca\/"},"wordCount":1251,"commentCount":0,"image":{"@id":"http:\/\/elregionalvm.com.ar\/noticias-villa-maria\/historias-el-dirigible-de-la-serenisima-que-marco-una-epoca\/#primaryimage"},"thumbnailUrl":"https:\/\/i0.wp.com\/elregionalvm.com.ar\/noticias-villa-maria\/wp-content\/uploads\/2022\/12\/los-dias-de-un-dirigible-en-los-cielos-argentinos-1.jpg?fit=1280%2C720&ssl=1","keywords":["Avi\u00f3n","dirigible","helio","historias","Julio Ben\u00edtez","la seren\u00edsima","marketing","Publicidad"],"articleSection":["Historias","tercera"],"inLanguage":"es","potentialAction":[{"@type":"CommentAction","name":"Comment","target":["http:\/\/elregionalvm.com.ar\/noticias-villa-maria\/historias-el-dirigible-de-la-serenisima-que-marco-una-epoca\/#respond"]}]},{"@type":"WebPage","@id":"http:\/\/elregionalvm.com.ar\/noticias-villa-maria\/historias-el-dirigible-de-la-serenisima-que-marco-una-epoca\/","url":"http:\/\/elregionalvm.com.ar\/noticias-villa-maria\/historias-el-dirigible-de-la-serenisima-que-marco-una-epoca\/","name":"[Historias] El dirigible de La Seren\u00edsima que marc\u00f3 una \u00e9poca - El Regional","isPartOf":{"@id":"http:\/\/elregionalvm.com.ar\/noticias-villa-maria\/#website"},"primaryImageOfPage":{"@id":"http:\/\/elregionalvm.com.ar\/noticias-villa-maria\/historias-el-dirigible-de-la-serenisima-que-marco-una-epoca\/#primaryimage"},"image":{"@id":"http:\/\/elregionalvm.com.ar\/noticias-villa-maria\/historias-el-dirigible-de-la-serenisima-que-marco-una-epoca\/#primaryimage"},"thumbnailUrl":"https:\/\/i0.wp.com\/elregionalvm.com.ar\/noticias-villa-maria\/wp-content\/uploads\/2022\/12\/los-dias-de-un-dirigible-en-los-cielos-argentinos-1.jpg?fit=1280%2C720&ssl=1","datePublished":"2022-12-27T02:36:53+00:00","dateModified":"2022-12-28T03:06:31+00:00","author":{"@id":"http:\/\/elregionalvm.com.ar\/noticias-villa-maria\/#\/schema\/person\/a0fb9c422317faca23d50163151bc354"},"breadcrumb":{"@id":"http:\/\/elregionalvm.com.ar\/noticias-villa-maria\/historias-el-dirigible-de-la-serenisima-que-marco-una-epoca\/#breadcrumb"},"inLanguage":"es","potentialAction":[{"@type":"ReadAction","target":["http:\/\/elregionalvm.com.ar\/noticias-villa-maria\/historias-el-dirigible-de-la-serenisima-que-marco-una-epoca\/"]}]},{"@type":"ImageObject","inLanguage":"es","@id":"http:\/\/elregionalvm.com.ar\/noticias-villa-maria\/historias-el-dirigible-de-la-serenisima-que-marco-una-epoca\/#primaryimage","url":"https:\/\/i0.wp.com\/elregionalvm.com.ar\/noticias-villa-maria\/wp-content\/uploads\/2022\/12\/los-dias-de-un-dirigible-en-los-cielos-argentinos-1.jpg?fit=1280%2C720&ssl=1","contentUrl":"https:\/\/i0.wp.com\/elregionalvm.com.ar\/noticias-villa-maria\/wp-content\/uploads\/2022\/12\/los-dias-de-un-dirigible-en-los-cielos-argentinos-1.jpg?fit=1280%2C720&ssl=1","width":1280,"height":720},{"@type":"BreadcrumbList","@id":"http:\/\/elregionalvm.com.ar\/noticias-villa-maria\/historias-el-dirigible-de-la-serenisima-que-marco-una-epoca\/#breadcrumb","itemListElement":[{"@type":"ListItem","position":1,"name":"Portada","item":"https:\/\/elregionalvm.com.ar\/noticias-villa-maria\/"},{"@type":"ListItem","position":2,"name":"[Historias] El dirigible de La Seren\u00edsima que marc\u00f3 una \u00e9poca"}]},{"@type":"WebSite","@id":"http:\/\/elregionalvm.com.ar\/noticias-villa-maria\/#website","url":"http:\/\/elregionalvm.com.ar\/noticias-villa-maria\/","name":"El Regional","description":"Mucho m\u00e1s que informaci\u00f3n","potentialAction":[{"@type":"SearchAction","target":{"@type":"EntryPoint","urlTemplate":"http:\/\/elregionalvm.com.ar\/noticias-villa-maria\/?s={search_term_string}"},"query-input":{"@type":"PropertyValueSpecification","valueRequired":true,"valueName":"search_term_string"}}],"inLanguage":"es"},{"@type":"Person","@id":"http:\/\/elregionalvm.com.ar\/noticias-villa-maria\/#\/schema\/person\/a0fb9c422317faca23d50163151bc354","name":"Contenidos El Regional","image":{"@type":"ImageObject","inLanguage":"es","@id":"http:\/\/elregionalvm.com.ar\/noticias-villa-maria\/#\/schema\/person\/image\/","url":"https:\/\/secure.gravatar.com\/avatar\/265b27cb2209af7bb3a1318f03305787d7981a5cc6e6cd08fe5a4ecdf99d4b48?s=96&d=mm&r=g","contentUrl":"https:\/\/secure.gravatar.com\/avatar\/265b27cb2209af7bb3a1318f03305787d7981a5cc6e6cd08fe5a4ecdf99d4b48?s=96&d=mm&r=g","caption":"Contenidos El Regional"},"url":"https:\/\/elregionalvm.com.ar\/noticias-villa-maria\/author\/contenido\/"}]}},"jetpack_featured_media_url":"https:\/\/i0.wp.com\/elregionalvm.com.ar\/noticias-villa-maria\/wp-content\/uploads\/2022\/12\/los-dias-de-un-dirigible-en-los-cielos-argentinos-1.jpg?fit=1280%2C720&ssl=1","jetpack_sharing_enabled":true,"_links":{"self":[{"href":"https:\/\/elregionalvm.com.ar\/noticias-villa-maria\/wp-json\/wp\/v2\/posts\/69334","targetHints":{"allow":["GET"]}}],"collection":[{"href":"https:\/\/elregionalvm.com.ar\/noticias-villa-maria\/wp-json\/wp\/v2\/posts"}],"about":[{"href":"https:\/\/elregionalvm.com.ar\/noticias-villa-maria\/wp-json\/wp\/v2\/types\/post"}],"author":[{"embeddable":true,"href":"https:\/\/elregionalvm.com.ar\/noticias-villa-maria\/wp-json\/wp\/v2\/users\/4"}],"replies":[{"embeddable":true,"href":"https:\/\/elregionalvm.com.ar\/noticias-villa-maria\/wp-json\/wp\/v2\/comments?post=69334"}],"version-history":[{"count":2,"href":"https:\/\/elregionalvm.com.ar\/noticias-villa-maria\/wp-json\/wp\/v2\/posts\/69334\/revisions"}],"predecessor-version":[{"id":69347,"href":"https:\/\/elregionalvm.com.ar\/noticias-villa-maria\/wp-json\/wp\/v2\/posts\/69334\/revisions\/69347"}],"wp:featuredmedia":[{"embeddable":true,"href":"https:\/\/elregionalvm.com.ar\/noticias-villa-maria\/wp-json\/wp\/v2\/media\/69341"}],"wp:attachment":[{"href":"https:\/\/elregionalvm.com.ar\/noticias-villa-maria\/wp-json\/wp\/v2\/media?parent=69334"}],"wp:term":[{"taxonomy":"category","embeddable":true,"href":"https:\/\/elregionalvm.com.ar\/noticias-villa-maria\/wp-json\/wp\/v2\/categories?post=69334"},{"taxonomy":"post_tag","embeddable":true,"href":"https:\/\/elregionalvm.com.ar\/noticias-villa-maria\/wp-json\/wp\/v2\/tags?post=69334"}],"curies":[{"name":"wp","href":"https:\/\/api.w.org\/{rel}","templated":true}]}}