{"id":69360,"date":"2022-12-27T15:28:45","date_gmt":"2022-12-27T15:28:45","guid":{"rendered":"https:\/\/elregionalvm.com.ar\/noticias-villa-maria\/?p=69360"},"modified":"2022-12-28T02:46:45","modified_gmt":"2022-12-28T02:46:45","slug":"martin-gill-la-presentacion-del-festival-sera-cuando-firmemos-el-ultimo-de-los-contratos","status":"publish","type":"post","link":"https:\/\/elregionalvm.com.ar\/noticias-villa-maria\/martin-gill-la-presentacion-del-festival-sera-cuando-firmemos-el-ultimo-de-los-contratos\/","title":{"rendered":"Mart\u00edn Gill: \u00abLa presentaci\u00f3n del Festival ser\u00e1 cuando firmemos el \u00faltimo de los contratos\u00bb"},"content":{"rendered":"\n<p>El intendente Mart\u00edn Gill indic\u00f3 que la presentaci\u00f3n oficial del Festival de Pe\u00f1as se realizar\u00e1 cuando se terminen de firmar todos los contratos con artistas que pisar\u00e1n el escenario del Anfiteatro. <\/p>\n\n\n\n<p>\u00abLa presentaci\u00f3n podr\u00eda ser esta semana o el primer d\u00eda de la semana que viene\u00bb, manifest\u00f3 consultado tras la inauguraci\u00f3n de la escuela ProA UNVM.<\/p>\n\n\n\n<p><\/p>\n\n\n\n<figure class=\"wp-block-image size-large\"><img data-recalc-dims=\"1\" fetchpriority=\"high\" decoding=\"async\" width=\"1024\" height=\"562\" src=\"https:\/\/i0.wp.com\/elregionalvm.com.ar\/noticias-villa-maria\/wp-content\/uploads\/2022\/02\/Festival-Villa-Maria-anfi.jpg?resize=1024%2C562&#038;ssl=1\" alt=\"\" class=\"wp-image-52203\" srcset=\"https:\/\/i0.wp.com\/elregionalvm.com.ar\/noticias-villa-maria\/wp-content\/uploads\/2022\/02\/Festival-Villa-Maria-anfi.jpg?resize=1024%2C562&amp;ssl=1 1024w, https:\/\/i0.wp.com\/elregionalvm.com.ar\/noticias-villa-maria\/wp-content\/uploads\/2022\/02\/Festival-Villa-Maria-anfi.jpg?resize=300%2C165&amp;ssl=1 300w, https:\/\/i0.wp.com\/elregionalvm.com.ar\/noticias-villa-maria\/wp-content\/uploads\/2022\/02\/Festival-Villa-Maria-anfi.jpg?resize=768%2C421&amp;ssl=1 768w, https:\/\/i0.wp.com\/elregionalvm.com.ar\/noticias-villa-maria\/wp-content\/uploads\/2022\/02\/Festival-Villa-Maria-anfi.jpg?w=1240&amp;ssl=1 1240w\" sizes=\"(max-width: 1000px) 100vw, 1000px\" \/><\/figure>\n\n\n\n<p><\/p>\n\n\n\n<p>Gill indic\u00f3 que se trabaja con dos perfiles art\u00edsticos, uno con presencia internacional y otro con figuras de la m\u00fasica nacional que han trascendido en el \u00e1mbito internacional. <\/p>\n\n\n\n<p>\u00abSon artistas de una trascendencia inmensa que pueden ser calificados tambi\u00e9n como internacionales\u00bb, remarc\u00f3.<\/p>\n\n\n\n<p>\u00abTrabajamos para que el festival recupere el matiz de lo ecl\u00e9ctico, diverso y variado. Que sea el festival de la gente\u00bb, finaliz\u00f3.<\/p>\n\n\n\n<p><\/p>\n\n\n\n<p><\/p>\n\n\n\n<h3 class=\"wp-block-heading\"><strong>Escuch\u00e1 el audio:  <\/strong><\/h3>\n\n\n\n<p><\/p>\n\n\n\n<p><\/p>\n\n\n\n<figure class=\"wp-block-audio\"><audio controls src=\"https:\/\/elregionalvm.com.ar\/noticias-villa-maria\/wp-content\/uploads\/2022\/12\/Martin-Gill-Presentacion-del-Festival-1.mp3\"><\/audio><\/figure>\n\n\n\n<p><\/p>\n\n\n\n<p><\/p>\n\n\n\n<h3 class=\"wp-block-heading\"><strong>Le\u00e9 m\u00e1s: <\/strong><\/h3>\n\n\n\n<p><\/p>\n\n\n\n<figure class=\"wp-block-embed is-type-wp-embed is-provider-el-regional wp-block-embed-el-regional\"><div class=\"wp-block-embed__wrapper\">\n<blockquote class=\"wp-embedded-content\" data-secret=\"lVN1y3Yfb7\"><a href=\"https:\/\/elregionalvm.com.ar\/noticias-villa-maria\/festival-de-penas-faltan-pocos-dias-para-conocer-la-grilla-de-artistas\/\">Festival de Pe\u00f1as: Faltan pocos d\u00edas para conocer la grilla de artistas<\/a><\/blockquote><iframe class=\"wp-embedded-content\" sandbox=\"allow-scripts\" security=\"restricted\" style=\"position: absolute; clip: rect(1px, 1px, 1px, 1px);\" title=\"\u00abFestival de Pe\u00f1as: Faltan pocos d\u00edas para conocer la grilla de artistas\u00bb \u2014 El Regional\" src=\"https:\/\/elregionalvm.com.ar\/noticias-villa-maria\/festival-de-penas-faltan-pocos-dias-para-conocer-la-grilla-de-artistas\/embed\/#?secret=ewX0t53TN7#?secret=lVN1y3Yfb7\" data-secret=\"lVN1y3Yfb7\" width=\"500\" height=\"282\" frameborder=\"0\" marginwidth=\"0\" marginheight=\"0\" scrolling=\"no\"><\/iframe>\n<\/div><\/figure>\n","protected":false},"excerpt":{"rendered":"<p>El intendente Mart\u00edn Gill indic\u00f3 que la presentaci\u00f3n oficial del Festival de Pe\u00f1as se realizar\u00e1 cuando se terminen de firmar todos los contratos con artistas que pisar\u00e1n el escenario del Anfiteatro. \u00abLa presentaci\u00f3n podr\u00eda ser esta semana o el primer d\u00eda de la semana que viene\u00bb, manifest\u00f3 consultado tras la inauguraci\u00f3n de la escuela ProA [&hellip;]<\/p>\n","protected":false},"author":4,"featured_media":52738,"comment_status":"open","ping_status":"open","sticky":false,"template":"","format":"standard","meta":{"site-sidebar-layout":"default","site-content-layout":"","ast-site-content-layout":"default","site-content-style":"default","site-sidebar-style":"default","ast-global-header-display":"","ast-banner-title-visibility":"","ast-main-header-display":"","ast-hfb-above-header-display":"","ast-hfb-below-header-display":"","ast-hfb-mobile-header-display":"","site-post-title":"","ast-breadcrumbs-content":"","ast-featured-img":"","footer-sml-layout":"","ast-disable-related-posts":"","theme-transparent-header-meta":"","adv-header-id-meta":"","stick-header-meta":"","header-above-stick-meta":"","header-main-stick-meta":"","header-below-stick-meta":"","astra-migrate-meta-layouts":"default","ast-page-background-enabled":"default","ast-page-background-meta":{"desktop":{"background-color":"","background-image":"","background-repeat":"repeat","background-position":"center center","background-size":"auto","background-attachment":"scroll","background-type":"","background-media":"","overlay-type":"","overlay-color":"","overlay-opacity":"","overlay-gradient":""},"tablet":{"background-color":"","background-image":"","background-repeat":"repeat","background-position":"center center","background-size":"auto","background-attachment":"scroll","background-type":"","background-media":"","overlay-type":"","overlay-color":"","overlay-opacity":"","overlay-gradient":""},"mobile":{"background-color":"","background-image":"","background-repeat":"repeat","background-position":"center center","background-size":"auto","background-attachment":"scroll","background-type":"","background-media":"","overlay-type":"","overlay-color":"","overlay-opacity":"","overlay-gradient":""}},"ast-content-background-meta":{"desktop":{"background-color":"var(--ast-global-color-5)","background-image":"","background-repeat":"repeat","background-position":"center center","background-size":"auto","background-attachment":"scroll","background-type":"","background-media":"","overlay-type":"","overlay-color":"","overlay-opacity":"","overlay-gradient":""},"tablet":{"background-color":"var(--ast-global-color-5)","background-image":"","background-repeat":"repeat","background-position":"center center","background-size":"auto","background-attachment":"scroll","background-type":"","background-media":"","overlay-type":"","overlay-color":"","overlay-opacity":"","overlay-gradient":""},"mobile":{"background-color":"var(--ast-global-color-5)","background-image":"","background-repeat":"repeat","background-position":"center center","background-size":"auto","background-attachment":"scroll","background-type":"","background-media":"","overlay-type":"","overlay-color":"","overlay-opacity":"","overlay-gradient":""}},"_jetpack_memberships_contains_paid_content":false,"_joinchat":[],"footnotes":""},"categories":[15302,13130,2],"tags":[1798,20734,20735,1239,1125,10076],"class_list":["post-69360","post","type-post","status-publish","format-standard","has-post-thumbnail","hentry","category-destacado","category-festival","category-villa-maria","tag-anfiteatro","tag-artistas-internacionales","tag-contratos","tag-festival-de-penas","tag-martin-gill","tag-presentacion"],"yoast_head":"<!-- This site is optimized with the Yoast SEO plugin v26.8 - https:\/\/yoast.com\/product\/yoast-seo-wordpress\/ -->\n<title>Mart\u00edn Gill: &quot;La presentaci\u00f3n del Festival ser\u00e1 cuando firmemos el \u00faltimo de los contratos&quot; - El Regional<\/title>\n<meta name=\"robots\" content=\"index, follow, max-snippet:-1, max-image-preview:large, max-video-preview:-1\" \/>\n<link rel=\"canonical\" href=\"http:\/\/elregionalvm.com.ar\/noticias-villa-maria\/martin-gill-la-presentacion-del-festival-sera-cuando-firmemos-el-ultimo-de-los-contratos\/\" \/>\n<meta property=\"og:locale\" content=\"es_ES\" \/>\n<meta property=\"og:type\" content=\"article\" \/>\n<meta property=\"og:title\" content=\"Mart\u00edn Gill: &quot;La presentaci\u00f3n del Festival ser\u00e1 cuando firmemos el \u00faltimo de los contratos&quot; - El Regional\" \/>\n<meta property=\"og:description\" content=\"El intendente Mart\u00edn Gill indic\u00f3 que la presentaci\u00f3n oficial del Festival de Pe\u00f1as se realizar\u00e1 cuando se terminen de firmar todos los contratos con artistas que pisar\u00e1n el escenario del Anfiteatro. \u00abLa presentaci\u00f3n podr\u00eda ser esta semana o el primer d\u00eda de la semana que viene\u00bb, manifest\u00f3 consultado tras la inauguraci\u00f3n de la escuela ProA [&hellip;]\" \/>\n<meta property=\"og:url\" content=\"http:\/\/elregionalvm.com.ar\/noticias-villa-maria\/martin-gill-la-presentacion-del-festival-sera-cuando-firmemos-el-ultimo-de-los-contratos\/\" \/>\n<meta property=\"og:site_name\" content=\"El Regional\" \/>\n<meta property=\"article:publisher\" content=\"https:\/\/www.facebook.com\/elregionalvm\" \/>\n<meta property=\"article:published_time\" content=\"2022-12-27T15:28:45+00:00\" \/>\n<meta property=\"article:modified_time\" content=\"2022-12-28T02:46:45+00:00\" \/>\n<meta property=\"og:image\" content=\"http:\/\/elregionalvm.com.ar\/noticias-villa-maria\/wp-content\/uploads\/2022\/02\/Publico-anfiteatro-festival-2022.jpg\" \/>\n\t<meta property=\"og:image:width\" content=\"1080\" \/>\n\t<meta property=\"og:image:height\" content=\"720\" \/>\n\t<meta property=\"og:image:type\" content=\"image\/jpeg\" \/>\n<meta name=\"author\" content=\"Contenidos El Regional\" \/>\n<meta name=\"twitter:card\" content=\"summary_large_image\" \/>\n<meta name=\"twitter:creator\" content=\"@elregionalvm1\" \/>\n<meta name=\"twitter:site\" content=\"@elregionalvm1\" \/>\n<meta name=\"twitter:label1\" content=\"Escrito por\" \/>\n\t<meta name=\"twitter:data1\" content=\"Contenidos El Regional\" \/>\n\t<meta name=\"twitter:label2\" content=\"Tiempo de lectura\" \/>\n\t<meta name=\"twitter:data2\" content=\"1 minuto\" \/>\n<script type=\"application\/ld+json\" class=\"yoast-schema-graph\">{\"@context\":\"https:\/\/schema.org\",\"@graph\":[{\"@type\":\"Article\",\"@id\":\"http:\/\/elregionalvm.com.ar\/noticias-villa-maria\/martin-gill-la-presentacion-del-festival-sera-cuando-firmemos-el-ultimo-de-los-contratos\/#article\",\"isPartOf\":{\"@id\":\"http:\/\/elregionalvm.com.ar\/noticias-villa-maria\/martin-gill-la-presentacion-del-festival-sera-cuando-firmemos-el-ultimo-de-los-contratos\/\"},\"author\":{\"name\":\"Contenidos El Regional\",\"@id\":\"http:\/\/elregionalvm.com.ar\/noticias-villa-maria\/#\/schema\/person\/a0fb9c422317faca23d50163151bc354\"},\"headline\":\"Mart\u00edn Gill: \u00abLa presentaci\u00f3n del Festival ser\u00e1 cuando firmemos el \u00faltimo de los contratos\u00bb\",\"datePublished\":\"2022-12-27T15:28:45+00:00\",\"dateModified\":\"2022-12-28T02:46:45+00:00\",\"mainEntityOfPage\":{\"@id\":\"http:\/\/elregionalvm.com.ar\/noticias-villa-maria\/martin-gill-la-presentacion-del-festival-sera-cuando-firmemos-el-ultimo-de-los-contratos\/\"},\"wordCount\":160,\"commentCount\":0,\"image\":{\"@id\":\"http:\/\/elregionalvm.com.ar\/noticias-villa-maria\/martin-gill-la-presentacion-del-festival-sera-cuando-firmemos-el-ultimo-de-los-contratos\/#primaryimage\"},\"thumbnailUrl\":\"https:\/\/i0.wp.com\/elregionalvm.com.ar\/noticias-villa-maria\/wp-content\/uploads\/2022\/02\/Publico-anfiteatro-festival-2022.jpg?fit=1080%2C720&ssl=1\",\"keywords\":[\"Anfiteatro\",\"artistas internacionales\",\"contratos\",\"Festival de pe\u00f1as\",\"mart\u00edn gill\",\"presentaci\u00f3n\"],\"articleSection\":[\"destacado\",\"Festival de Pe\u00f1as\",\"Villa Mar\u00eda\"],\"inLanguage\":\"es\",\"potentialAction\":[{\"@type\":\"CommentAction\",\"name\":\"Comment\",\"target\":[\"http:\/\/elregionalvm.com.ar\/noticias-villa-maria\/martin-gill-la-presentacion-del-festival-sera-cuando-firmemos-el-ultimo-de-los-contratos\/#respond\"]}]},{\"@type\":\"WebPage\",\"@id\":\"http:\/\/elregionalvm.com.ar\/noticias-villa-maria\/martin-gill-la-presentacion-del-festival-sera-cuando-firmemos-el-ultimo-de-los-contratos\/\",\"url\":\"http:\/\/elregionalvm.com.ar\/noticias-villa-maria\/martin-gill-la-presentacion-del-festival-sera-cuando-firmemos-el-ultimo-de-los-contratos\/\",\"name\":\"Mart\u00edn Gill: \\\"La presentaci\u00f3n del Festival ser\u00e1 cuando firmemos el \u00faltimo de los contratos\\\" - El Regional\",\"isPartOf\":{\"@id\":\"http:\/\/elregionalvm.com.ar\/noticias-villa-maria\/#website\"},\"primaryImageOfPage\":{\"@id\":\"http:\/\/elregionalvm.com.ar\/noticias-villa-maria\/martin-gill-la-presentacion-del-festival-sera-cuando-firmemos-el-ultimo-de-los-contratos\/#primaryimage\"},\"image\":{\"@id\":\"http:\/\/elregionalvm.com.ar\/noticias-villa-maria\/martin-gill-la-presentacion-del-festival-sera-cuando-firmemos-el-ultimo-de-los-contratos\/#primaryimage\"},\"thumbnailUrl\":\"https:\/\/i0.wp.com\/elregionalvm.com.ar\/noticias-villa-maria\/wp-content\/uploads\/2022\/02\/Publico-anfiteatro-festival-2022.jpg?fit=1080%2C720&ssl=1\",\"datePublished\":\"2022-12-27T15:28:45+00:00\",\"dateModified\":\"2022-12-28T02:46:45+00:00\",\"author\":{\"@id\":\"http:\/\/elregionalvm.com.ar\/noticias-villa-maria\/#\/schema\/person\/a0fb9c422317faca23d50163151bc354\"},\"breadcrumb\":{\"@id\":\"http:\/\/elregionalvm.com.ar\/noticias-villa-maria\/martin-gill-la-presentacion-del-festival-sera-cuando-firmemos-el-ultimo-de-los-contratos\/#breadcrumb\"},\"inLanguage\":\"es\",\"potentialAction\":[{\"@type\":\"ReadAction\",\"target\":[\"http:\/\/elregionalvm.com.ar\/noticias-villa-maria\/martin-gill-la-presentacion-del-festival-sera-cuando-firmemos-el-ultimo-de-los-contratos\/\"]}]},{\"@type\":\"ImageObject\",\"inLanguage\":\"es\",\"@id\":\"http:\/\/elregionalvm.com.ar\/noticias-villa-maria\/martin-gill-la-presentacion-del-festival-sera-cuando-firmemos-el-ultimo-de-los-contratos\/#primaryimage\",\"url\":\"https:\/\/i0.wp.com\/elregionalvm.com.ar\/noticias-villa-maria\/wp-content\/uploads\/2022\/02\/Publico-anfiteatro-festival-2022.jpg?fit=1080%2C720&ssl=1\",\"contentUrl\":\"https:\/\/i0.wp.com\/elregionalvm.com.ar\/noticias-villa-maria\/wp-content\/uploads\/2022\/02\/Publico-anfiteatro-festival-2022.jpg?fit=1080%2C720&ssl=1\",\"width\":1080,\"height\":720},{\"@type\":\"BreadcrumbList\",\"@id\":\"http:\/\/elregionalvm.com.ar\/noticias-villa-maria\/martin-gill-la-presentacion-del-festival-sera-cuando-firmemos-el-ultimo-de-los-contratos\/#breadcrumb\",\"itemListElement\":[{\"@type\":\"ListItem\",\"position\":1,\"name\":\"Portada\",\"item\":\"https:\/\/elregionalvm.com.ar\/noticias-villa-maria\/\"},{\"@type\":\"ListItem\",\"position\":2,\"name\":\"Mart\u00edn Gill: \u00abLa presentaci\u00f3n del Festival ser\u00e1 cuando firmemos el \u00faltimo de los contratos\u00bb\"}]},{\"@type\":\"WebSite\",\"@id\":\"http:\/\/elregionalvm.com.ar\/noticias-villa-maria\/#website\",\"url\":\"http:\/\/elregionalvm.com.ar\/noticias-villa-maria\/\",\"name\":\"El Regional\",\"description\":\"Mucho m\u00e1s que informaci\u00f3n\",\"potentialAction\":[{\"@type\":\"SearchAction\",\"target\":{\"@type\":\"EntryPoint\",\"urlTemplate\":\"http:\/\/elregionalvm.com.ar\/noticias-villa-maria\/?s={search_term_string}\"},\"query-input\":{\"@type\":\"PropertyValueSpecification\",\"valueRequired\":true,\"valueName\":\"search_term_string\"}}],\"inLanguage\":\"es\"},{\"@type\":\"Person\",\"@id\":\"http:\/\/elregionalvm.com.ar\/noticias-villa-maria\/#\/schema\/person\/a0fb9c422317faca23d50163151bc354\",\"name\":\"Contenidos El Regional\",\"image\":{\"@type\":\"ImageObject\",\"inLanguage\":\"es\",\"@id\":\"http:\/\/elregionalvm.com.ar\/noticias-villa-maria\/#\/schema\/person\/image\/\",\"url\":\"https:\/\/secure.gravatar.com\/avatar\/265b27cb2209af7bb3a1318f03305787d7981a5cc6e6cd08fe5a4ecdf99d4b48?s=96&d=mm&r=g\",\"contentUrl\":\"https:\/\/secure.gravatar.com\/avatar\/265b27cb2209af7bb3a1318f03305787d7981a5cc6e6cd08fe5a4ecdf99d4b48?s=96&d=mm&r=g\",\"caption\":\"Contenidos El Regional\"},\"url\":\"https:\/\/elregionalvm.com.ar\/noticias-villa-maria\/author\/contenido\/\"}]}<\/script>\n<!-- \/ Yoast SEO plugin. -->","yoast_head_json":{"title":"Mart\u00edn Gill: \"La presentaci\u00f3n del Festival ser\u00e1 cuando firmemos el \u00faltimo de los contratos\" - El Regional","robots":{"index":"index","follow":"follow","max-snippet":"max-snippet:-1","max-image-preview":"max-image-preview:large","max-video-preview":"max-video-preview:-1"},"canonical":"http:\/\/elregionalvm.com.ar\/noticias-villa-maria\/martin-gill-la-presentacion-del-festival-sera-cuando-firmemos-el-ultimo-de-los-contratos\/","og_locale":"es_ES","og_type":"article","og_title":"Mart\u00edn Gill: \"La presentaci\u00f3n del Festival ser\u00e1 cuando firmemos el \u00faltimo de los contratos\" - El Regional","og_description":"El intendente Mart\u00edn Gill indic\u00f3 que la presentaci\u00f3n oficial del Festival de Pe\u00f1as se realizar\u00e1 cuando se terminen de firmar todos los contratos con artistas que pisar\u00e1n el escenario del Anfiteatro. \u00abLa presentaci\u00f3n podr\u00eda ser esta semana o el primer d\u00eda de la semana que viene\u00bb, manifest\u00f3 consultado tras la inauguraci\u00f3n de la escuela ProA [&hellip;]","og_url":"http:\/\/elregionalvm.com.ar\/noticias-villa-maria\/martin-gill-la-presentacion-del-festival-sera-cuando-firmemos-el-ultimo-de-los-contratos\/","og_site_name":"El Regional","article_publisher":"https:\/\/www.facebook.com\/elregionalvm","article_published_time":"2022-12-27T15:28:45+00:00","article_modified_time":"2022-12-28T02:46:45+00:00","og_image":[{"width":1080,"height":720,"url":"http:\/\/elregionalvm.com.ar\/noticias-villa-maria\/wp-content\/uploads\/2022\/02\/Publico-anfiteatro-festival-2022.jpg","type":"image\/jpeg"}],"author":"Contenidos El Regional","twitter_card":"summary_large_image","twitter_creator":"@elregionalvm1","twitter_site":"@elregionalvm1","twitter_misc":{"Escrito por":"Contenidos El Regional","Tiempo de lectura":"1 minuto"},"schema":{"@context":"https:\/\/schema.org","@graph":[{"@type":"Article","@id":"http:\/\/elregionalvm.com.ar\/noticias-villa-maria\/martin-gill-la-presentacion-del-festival-sera-cuando-firmemos-el-ultimo-de-los-contratos\/#article","isPartOf":{"@id":"http:\/\/elregionalvm.com.ar\/noticias-villa-maria\/martin-gill-la-presentacion-del-festival-sera-cuando-firmemos-el-ultimo-de-los-contratos\/"},"author":{"name":"Contenidos El Regional","@id":"http:\/\/elregionalvm.com.ar\/noticias-villa-maria\/#\/schema\/person\/a0fb9c422317faca23d50163151bc354"},"headline":"Mart\u00edn Gill: \u00abLa presentaci\u00f3n del Festival ser\u00e1 cuando firmemos el \u00faltimo de los contratos\u00bb","datePublished":"2022-12-27T15:28:45+00:00","dateModified":"2022-12-28T02:46:45+00:00","mainEntityOfPage":{"@id":"http:\/\/elregionalvm.com.ar\/noticias-villa-maria\/martin-gill-la-presentacion-del-festival-sera-cuando-firmemos-el-ultimo-de-los-contratos\/"},"wordCount":160,"commentCount":0,"image":{"@id":"http:\/\/elregionalvm.com.ar\/noticias-villa-maria\/martin-gill-la-presentacion-del-festival-sera-cuando-firmemos-el-ultimo-de-los-contratos\/#primaryimage"},"thumbnailUrl":"https:\/\/i0.wp.com\/elregionalvm.com.ar\/noticias-villa-maria\/wp-content\/uploads\/2022\/02\/Publico-anfiteatro-festival-2022.jpg?fit=1080%2C720&ssl=1","keywords":["Anfiteatro","artistas internacionales","contratos","Festival de pe\u00f1as","mart\u00edn gill","presentaci\u00f3n"],"articleSection":["destacado","Festival de Pe\u00f1as","Villa Mar\u00eda"],"inLanguage":"es","potentialAction":[{"@type":"CommentAction","name":"Comment","target":["http:\/\/elregionalvm.com.ar\/noticias-villa-maria\/martin-gill-la-presentacion-del-festival-sera-cuando-firmemos-el-ultimo-de-los-contratos\/#respond"]}]},{"@type":"WebPage","@id":"http:\/\/elregionalvm.com.ar\/noticias-villa-maria\/martin-gill-la-presentacion-del-festival-sera-cuando-firmemos-el-ultimo-de-los-contratos\/","url":"http:\/\/elregionalvm.com.ar\/noticias-villa-maria\/martin-gill-la-presentacion-del-festival-sera-cuando-firmemos-el-ultimo-de-los-contratos\/","name":"Mart\u00edn Gill: \"La presentaci\u00f3n del Festival ser\u00e1 cuando firmemos el \u00faltimo de los contratos\" - El Regional","isPartOf":{"@id":"http:\/\/elregionalvm.com.ar\/noticias-villa-maria\/#website"},"primaryImageOfPage":{"@id":"http:\/\/elregionalvm.com.ar\/noticias-villa-maria\/martin-gill-la-presentacion-del-festival-sera-cuando-firmemos-el-ultimo-de-los-contratos\/#primaryimage"},"image":{"@id":"http:\/\/elregionalvm.com.ar\/noticias-villa-maria\/martin-gill-la-presentacion-del-festival-sera-cuando-firmemos-el-ultimo-de-los-contratos\/#primaryimage"},"thumbnailUrl":"https:\/\/i0.wp.com\/elregionalvm.com.ar\/noticias-villa-maria\/wp-content\/uploads\/2022\/02\/Publico-anfiteatro-festival-2022.jpg?fit=1080%2C720&ssl=1","datePublished":"2022-12-27T15:28:45+00:00","dateModified":"2022-12-28T02:46:45+00:00","author":{"@id":"http:\/\/elregionalvm.com.ar\/noticias-villa-maria\/#\/schema\/person\/a0fb9c422317faca23d50163151bc354"},"breadcrumb":{"@id":"http:\/\/elregionalvm.com.ar\/noticias-villa-maria\/martin-gill-la-presentacion-del-festival-sera-cuando-firmemos-el-ultimo-de-los-contratos\/#breadcrumb"},"inLanguage":"es","potentialAction":[{"@type":"ReadAction","target":["http:\/\/elregionalvm.com.ar\/noticias-villa-maria\/martin-gill-la-presentacion-del-festival-sera-cuando-firmemos-el-ultimo-de-los-contratos\/"]}]},{"@type":"ImageObject","inLanguage":"es","@id":"http:\/\/elregionalvm.com.ar\/noticias-villa-maria\/martin-gill-la-presentacion-del-festival-sera-cuando-firmemos-el-ultimo-de-los-contratos\/#primaryimage","url":"https:\/\/i0.wp.com\/elregionalvm.com.ar\/noticias-villa-maria\/wp-content\/uploads\/2022\/02\/Publico-anfiteatro-festival-2022.jpg?fit=1080%2C720&ssl=1","contentUrl":"https:\/\/i0.wp.com\/elregionalvm.com.ar\/noticias-villa-maria\/wp-content\/uploads\/2022\/02\/Publico-anfiteatro-festival-2022.jpg?fit=1080%2C720&ssl=1","width":1080,"height":720},{"@type":"BreadcrumbList","@id":"http:\/\/elregionalvm.com.ar\/noticias-villa-maria\/martin-gill-la-presentacion-del-festival-sera-cuando-firmemos-el-ultimo-de-los-contratos\/#breadcrumb","itemListElement":[{"@type":"ListItem","position":1,"name":"Portada","item":"https:\/\/elregionalvm.com.ar\/noticias-villa-maria\/"},{"@type":"ListItem","position":2,"name":"Mart\u00edn Gill: \u00abLa presentaci\u00f3n del Festival ser\u00e1 cuando firmemos el \u00faltimo de los contratos\u00bb"}]},{"@type":"WebSite","@id":"http:\/\/elregionalvm.com.ar\/noticias-villa-maria\/#website","url":"http:\/\/elregionalvm.com.ar\/noticias-villa-maria\/","name":"El Regional","description":"Mucho m\u00e1s que informaci\u00f3n","potentialAction":[{"@type":"SearchAction","target":{"@type":"EntryPoint","urlTemplate":"http:\/\/elregionalvm.com.ar\/noticias-villa-maria\/?s={search_term_string}"},"query-input":{"@type":"PropertyValueSpecification","valueRequired":true,"valueName":"search_term_string"}}],"inLanguage":"es"},{"@type":"Person","@id":"http:\/\/elregionalvm.com.ar\/noticias-villa-maria\/#\/schema\/person\/a0fb9c422317faca23d50163151bc354","name":"Contenidos El Regional","image":{"@type":"ImageObject","inLanguage":"es","@id":"http:\/\/elregionalvm.com.ar\/noticias-villa-maria\/#\/schema\/person\/image\/","url":"https:\/\/secure.gravatar.com\/avatar\/265b27cb2209af7bb3a1318f03305787d7981a5cc6e6cd08fe5a4ecdf99d4b48?s=96&d=mm&r=g","contentUrl":"https:\/\/secure.gravatar.com\/avatar\/265b27cb2209af7bb3a1318f03305787d7981a5cc6e6cd08fe5a4ecdf99d4b48?s=96&d=mm&r=g","caption":"Contenidos El Regional"},"url":"https:\/\/elregionalvm.com.ar\/noticias-villa-maria\/author\/contenido\/"}]}},"jetpack_featured_media_url":"https:\/\/i0.wp.com\/elregionalvm.com.ar\/noticias-villa-maria\/wp-content\/uploads\/2022\/02\/Publico-anfiteatro-festival-2022.jpg?fit=1080%2C720&ssl=1","jetpack_sharing_enabled":true,"_links":{"self":[{"href":"https:\/\/elregionalvm.com.ar\/noticias-villa-maria\/wp-json\/wp\/v2\/posts\/69360","targetHints":{"allow":["GET"]}}],"collection":[{"href":"https:\/\/elregionalvm.com.ar\/noticias-villa-maria\/wp-json\/wp\/v2\/posts"}],"about":[{"href":"https:\/\/elregionalvm.com.ar\/noticias-villa-maria\/wp-json\/wp\/v2\/types\/post"}],"author":[{"embeddable":true,"href":"https:\/\/elregionalvm.com.ar\/noticias-villa-maria\/wp-json\/wp\/v2\/users\/4"}],"replies":[{"embeddable":true,"href":"https:\/\/elregionalvm.com.ar\/noticias-villa-maria\/wp-json\/wp\/v2\/comments?post=69360"}],"version-history":[{"count":2,"href":"https:\/\/elregionalvm.com.ar\/noticias-villa-maria\/wp-json\/wp\/v2\/posts\/69360\/revisions"}],"predecessor-version":[{"id":69365,"href":"https:\/\/elregionalvm.com.ar\/noticias-villa-maria\/wp-json\/wp\/v2\/posts\/69360\/revisions\/69365"}],"wp:featuredmedia":[{"embeddable":true,"href":"https:\/\/elregionalvm.com.ar\/noticias-villa-maria\/wp-json\/wp\/v2\/media\/52738"}],"wp:attachment":[{"href":"https:\/\/elregionalvm.com.ar\/noticias-villa-maria\/wp-json\/wp\/v2\/media?parent=69360"}],"wp:term":[{"taxonomy":"category","embeddable":true,"href":"https:\/\/elregionalvm.com.ar\/noticias-villa-maria\/wp-json\/wp\/v2\/categories?post=69360"},{"taxonomy":"post_tag","embeddable":true,"href":"https:\/\/elregionalvm.com.ar\/noticias-villa-maria\/wp-json\/wp\/v2\/tags?post=69360"}],"curies":[{"name":"wp","href":"https:\/\/api.w.org\/{rel}","templated":true}]}}