{"id":69368,"date":"2022-12-27T17:07:05","date_gmt":"2022-12-27T17:07:05","guid":{"rendered":"https:\/\/elregionalvm.com.ar\/noticias-villa-maria\/?p=69368"},"modified":"2022-12-30T02:15:16","modified_gmt":"2022-12-30T02:15:16","slug":"martin-gill-hay-muchos-que-se-han-apurado-para-ser-candidatos","status":"publish","type":"post","link":"https:\/\/elregionalvm.com.ar\/noticias-villa-maria\/martin-gill-hay-muchos-que-se-han-apurado-para-ser-candidatos\/","title":{"rendered":"Mart\u00edn Gill: \u00abHay muchos que se han apurado para ser candidatos\u00bb"},"content":{"rendered":"\n<p><strong>En di\u00e1logo con <a href=\"http:\/\/www.elregionalvm.com.ar\">EL REGIONAL<\/a>, el intendente Mart\u00edn Gill se refiri\u00f3 al anuncio de un sector del Frente de Todos de presentar candidato a gobernador y  la demora en conocerse el postulante del oficialismo para la Intendencia. Asegur\u00f3 que se busca elegir lo mejor para la ciudad. <\/strong><\/p>\n\n\n\n<p><\/p>\n\n\n\n<p>\u00bfC\u00f3mo te ubica pol\u00edticamente el pronunciamiento del Frente de Todos en C\u00f3rdoba en relaci\u00f3n con presentar candidato propio?, fue la pregunta destinada al intendente Mart\u00edn Gill.<\/p>\n\n\n\n<p>Un d\u00eda antes, legisladores nacionales, provinciales, intendentes, secretarios gremiales y partidos pol\u00edticos difundieron un comunicado mediante el cual anunciaban que el Frente de Todos competir\u00eda con candidatos propios en las elecciones provinciales del a\u00f1o pr\u00f3ximo.<\/p>\n\n\n\n<p>Entre los firmantes, aparec\u00edan los diputados nacionales Gabriela Est\u00e9vez, Eduardo Fern\u00e1ndez y Pablo Carro, y los funcionarios nacionales  Carlos Caserio, Mart\u00edn Fresneda y Olga Riutort, entre otros.  <\/p>\n\n\n\n<p>Tambi\u00e9n pusieron el gancho varios intendentes y jefes comunales, algunos de los cuales manifestaron su apoyo con anterioridad al propio Gill.<\/p>\n\n\n\n<p><\/p>\n\n\n\n<figure class=\"wp-block-image size-full is-resized\"><img data-recalc-dims=\"1\" fetchpriority=\"high\" decoding=\"async\" src=\"https:\/\/i0.wp.com\/elregionalvm.com.ar\/noticias-villa-maria\/wp-content\/uploads\/2022\/12\/Caserio-Estevez.jpg?resize=911%2C603&#038;ssl=1\" alt=\"\" class=\"wp-image-69403\" width=\"911\" height=\"603\" srcset=\"https:\/\/i0.wp.com\/elregionalvm.com.ar\/noticias-villa-maria\/wp-content\/uploads\/2022\/12\/Caserio-Estevez.jpg?w=760&amp;ssl=1 760w, https:\/\/i0.wp.com\/elregionalvm.com.ar\/noticias-villa-maria\/wp-content\/uploads\/2022\/12\/Caserio-Estevez.jpg?resize=300%2C199&amp;ssl=1 300w\" sizes=\"(max-width: 911px) 100vw, 911px\" \/><figcaption><em>Caserio y Est\u00e9vez, entre los firmantes del comunicado del Frente de Todos. <\/em><\/figcaption><\/figure>\n\n\n\n<p><\/p>\n\n\n\n<p>El mandatario villamariense asegur\u00f3 que se trata de \u00abun pronunciamiento de un sector del Frente de Todos. Entendemos la necesidad de manifestarse y la respetamos profundamente\u00bb. <\/p>\n\n\n\n<p>A su vez, anticip\u00f3 que mantendr\u00e1 una reuni\u00f3n con el grupo de intendentes que encabeza para definir los pasos a seguir. <\/p>\n\n\n\n<p>Respecto de los pares que suscribieron este comunicado, remarc\u00f3 que tienen libertad de acci\u00f3n. \u00abEsto no es una cofrad\u00eda\u00bb, rechaz\u00f3. <\/p>\n\n\n\n<p>Adem\u00e1s, expres\u00f3 que mantienen di\u00e1logo con todos los sectores del peronismo, incluso con el candidato a gobernador ungido por Juan Schiaretti, Mart\u00edn Llaryora. <\/p>\n\n\n\n<p><\/p>\n\n\n\n<p><\/p>\n\n\n\n<figure class=\"wp-block-image size-large\"><img data-recalc-dims=\"1\" decoding=\"async\" width=\"1024\" height=\"768\" src=\"https:\/\/i0.wp.com\/elregionalvm.com.ar\/noticias-villa-maria\/wp-content\/uploads\/2022\/12\/Schiaretti-Inaugura-Proa-UNVM.jpeg?resize=1024%2C768&#038;ssl=1\" alt=\"\" class=\"wp-image-69358\" srcset=\"https:\/\/i0.wp.com\/elregionalvm.com.ar\/noticias-villa-maria\/wp-content\/uploads\/2022\/12\/Schiaretti-Inaugura-Proa-UNVM.jpeg?resize=1024%2C768&amp;ssl=1 1024w, https:\/\/i0.wp.com\/elregionalvm.com.ar\/noticias-villa-maria\/wp-content\/uploads\/2022\/12\/Schiaretti-Inaugura-Proa-UNVM.jpeg?resize=300%2C225&amp;ssl=1 300w, https:\/\/i0.wp.com\/elregionalvm.com.ar\/noticias-villa-maria\/wp-content\/uploads\/2022\/12\/Schiaretti-Inaugura-Proa-UNVM.jpeg?resize=768%2C576&amp;ssl=1 768w, https:\/\/i0.wp.com\/elregionalvm.com.ar\/noticias-villa-maria\/wp-content\/uploads\/2022\/12\/Schiaretti-Inaugura-Proa-UNVM.jpeg?resize=1536%2C1152&amp;ssl=1 1536w, https:\/\/i0.wp.com\/elregionalvm.com.ar\/noticias-villa-maria\/wp-content\/uploads\/2022\/12\/Schiaretti-Inaugura-Proa-UNVM.jpeg?w=1600&amp;ssl=1 1600w\" sizes=\"(max-width: 1000px) 100vw, 1000px\" \/><figcaption><em>Gill particip\u00f3 este martes de la inauguraci\u00f3n de la escuela ProA en la UNVM. <\/em><\/figcaption><\/figure>\n\n\n\n<p><\/p>\n\n\n\n<p><strong>Candidato local <\/strong><\/p>\n\n\n\n<p>Consultado respecto del nombre del futuro candidato a intendente por el oficialismo, indic\u00f3 que \u00abresta mucho tiempo para definirlo\u00bb. <\/p>\n\n\n\n<p>\u00abCreo que hay mucha gente que est\u00e1 muy apurada, hace un a\u00f1o que est\u00e1n hablando, lo respetamos, pero estamos abocados a la gesti\u00f3n. Tenemos que tener esa capacidad de proponerles a los villamarienses un proyecto de transformaci\u00f3n hacia adelante\u00bb, enfatiz\u00f3.<\/p>\n\n\n\n<p>\u00abEl espacio que integramos tiene muchos hombres y mujeres de mucha experiencia y capacidad para poder tomar esa posta. Analizaremos en la riqueza y la diversidad la propuesta que le vamos a hacer a los villamarienses\u00bb, complet\u00f3.<\/p>\n\n\n\n<p><\/p>\n\n\n\n<p><strong>Fecha de elecciones <\/strong><\/p>\n\n\n\n<p>Respecto de la fecha de los comicios locales, sostuvo que estar\u00e1 separada de las elecciones provinciales y nacionales, criterio que se ha seguido en actos electorales anteriores.<\/p>\n\n\n\n<p>Posiblemente, adelant\u00f3 que se realizar\u00edan en el segundo semestre de 2023. <\/p>\n\n\n\n<p><\/p>\n\n\n\n<p><\/p>\n\n\n\n<h3 class=\"wp-block-heading\"><strong>Escuch\u00e1 el audio de la entrevista con Mart\u00edn Gill: <\/strong><\/h3>\n\n\n\n<p><\/p>\n\n\n\n<figure class=\"wp-block-audio\"><audio controls src=\"https:\/\/elregionalvm.com.ar\/noticias-villa-maria\/wp-content\/uploads\/2022\/12\/Martin-Gill-Candidatos-Frente-de-Todos-elecciones.mp3\"><\/audio><\/figure>\n","protected":false},"excerpt":{"rendered":"<p>En di\u00e1logo con EL REGIONAL, el intendente Mart\u00edn Gill se refiri\u00f3 al anuncio de un sector del Frente de Todos de presentar candidato a gobernador y la demora en conocerse el postulante del oficialismo para la Intendencia. Asegur\u00f3 que se busca elegir lo mejor para la ciudad. \u00bfC\u00f3mo te ubica pol\u00edticamente el pronunciamiento del Frente [&hellip;]<\/p>\n","protected":false},"author":6,"featured_media":69364,"comment_status":"open","ping_status":"open","sticky":false,"template":"","format":"standard","meta":{"site-sidebar-layout":"default","site-content-layout":"","ast-site-content-layout":"default","site-content-style":"default","site-sidebar-style":"default","ast-global-header-display":"","ast-banner-title-visibility":"","ast-main-header-display":"","ast-hfb-above-header-display":"","ast-hfb-below-header-display":"","ast-hfb-mobile-header-display":"","site-post-title":"","ast-breadcrumbs-content":"","ast-featured-img":"","footer-sml-layout":"","ast-disable-related-posts":"","theme-transparent-header-meta":"","adv-header-id-meta":"","stick-header-meta":"","header-above-stick-meta":"","header-main-stick-meta":"","header-below-stick-meta":"","astra-migrate-meta-layouts":"default","ast-page-background-enabled":"default","ast-page-background-meta":{"desktop":{"background-color":"","background-image":"","background-repeat":"repeat","background-position":"center center","background-size":"auto","background-attachment":"scroll","background-type":"","background-media":"","overlay-type":"","overlay-color":"","overlay-opacity":"","overlay-gradient":""},"tablet":{"background-color":"","background-image":"","background-repeat":"repeat","background-position":"center center","background-size":"auto","background-attachment":"scroll","background-type":"","background-media":"","overlay-type":"","overlay-color":"","overlay-opacity":"","overlay-gradient":""},"mobile":{"background-color":"","background-image":"","background-repeat":"repeat","background-position":"center center","background-size":"auto","background-attachment":"scroll","background-type":"","background-media":"","overlay-type":"","overlay-color":"","overlay-opacity":"","overlay-gradient":""}},"ast-content-background-meta":{"desktop":{"background-color":"var(--ast-global-color-5)","background-image":"","background-repeat":"repeat","background-position":"center center","background-size":"auto","background-attachment":"scroll","background-type":"","background-media":"","overlay-type":"","overlay-color":"","overlay-opacity":"","overlay-gradient":""},"tablet":{"background-color":"var(--ast-global-color-5)","background-image":"","background-repeat":"repeat","background-position":"center center","background-size":"auto","background-attachment":"scroll","background-type":"","background-media":"","overlay-type":"","overlay-color":"","overlay-opacity":"","overlay-gradient":""},"mobile":{"background-color":"var(--ast-global-color-5)","background-image":"","background-repeat":"repeat","background-position":"center center","background-size":"auto","background-attachment":"scroll","background-type":"","background-media":"","overlay-type":"","overlay-color":"","overlay-opacity":"","overlay-gradient":""}},"_jetpack_memberships_contains_paid_content":false,"_joinchat":[],"footnotes":""},"categories":[2089,3557,2],"tags":[63,20753,268,20754,5236,161,1125,16022,519],"class_list":["post-69368","post","type-post","status-publish","format-standard","has-post-thumbnail","hentry","category-politica","category-tercera","category-villa-maria","tag-candidato","tag-candidato-local","tag-elecciones","tag-fecha-de-elecciones","tag-frente-de-todos","tag-gobernador","tag-martin-gill","tag-martin-llaryora","tag-politica"],"yoast_head":"<!-- This site is optimized with the Yoast SEO plugin v26.8 - https:\/\/yoast.com\/product\/yoast-seo-wordpress\/ -->\n<title>Mart\u00edn Gill: &quot;Hay muchos que se han apurado para ser candidatos&quot; - El Regional<\/title>\n<meta name=\"robots\" content=\"index, follow, max-snippet:-1, max-image-preview:large, max-video-preview:-1\" \/>\n<link rel=\"canonical\" href=\"http:\/\/elregionalvm.com.ar\/noticias-villa-maria\/martin-gill-hay-muchos-que-se-han-apurado-para-ser-candidatos\/\" \/>\n<meta property=\"og:locale\" content=\"es_ES\" \/>\n<meta property=\"og:type\" content=\"article\" \/>\n<meta property=\"og:title\" content=\"Mart\u00edn Gill: &quot;Hay muchos que se han apurado para ser candidatos&quot; - El Regional\" \/>\n<meta property=\"og:description\" content=\"En di\u00e1logo con EL REGIONAL, el intendente Mart\u00edn Gill se refiri\u00f3 al anuncio de un sector del Frente de Todos de presentar candidato a gobernador y la demora en conocerse el postulante del oficialismo para la Intendencia. Asegur\u00f3 que se busca elegir lo mejor para la ciudad. \u00bfC\u00f3mo te ubica pol\u00edticamente el pronunciamiento del Frente [&hellip;]\" \/>\n<meta property=\"og:url\" content=\"http:\/\/elregionalvm.com.ar\/noticias-villa-maria\/martin-gill-hay-muchos-que-se-han-apurado-para-ser-candidatos\/\" \/>\n<meta property=\"og:site_name\" content=\"El Regional\" \/>\n<meta property=\"article:publisher\" content=\"https:\/\/www.facebook.com\/elregionalvm\" \/>\n<meta property=\"article:published_time\" content=\"2022-12-27T17:07:05+00:00\" \/>\n<meta property=\"article:modified_time\" content=\"2022-12-30T02:15:16+00:00\" \/>\n<meta property=\"og:image\" content=\"http:\/\/elregionalvm.com.ar\/noticias-villa-maria\/wp-content\/uploads\/2022\/12\/Gill-inauguracion-escuela-Proa-UNVM.jpeg\" \/>\n\t<meta property=\"og:image:width\" content=\"1456\" \/>\n\t<meta property=\"og:image:height\" content=\"906\" \/>\n\t<meta property=\"og:image:type\" content=\"image\/jpeg\" \/>\n<meta name=\"author\" content=\"Germ\u00e1n Giacchero\" \/>\n<meta name=\"twitter:card\" content=\"summary_large_image\" \/>\n<meta name=\"twitter:creator\" content=\"@elregionalvm1\" \/>\n<meta name=\"twitter:site\" content=\"@elregionalvm1\" \/>\n<meta name=\"twitter:label1\" content=\"Escrito por\" \/>\n\t<meta name=\"twitter:data1\" content=\"Germ\u00e1n Giacchero\" \/>\n\t<meta name=\"twitter:label2\" content=\"Tiempo de lectura\" \/>\n\t<meta name=\"twitter:data2\" content=\"3 minutos\" \/>\n<script type=\"application\/ld+json\" class=\"yoast-schema-graph\">{\"@context\":\"https:\/\/schema.org\",\"@graph\":[{\"@type\":\"Article\",\"@id\":\"http:\/\/elregionalvm.com.ar\/noticias-villa-maria\/martin-gill-hay-muchos-que-se-han-apurado-para-ser-candidatos\/#article\",\"isPartOf\":{\"@id\":\"http:\/\/elregionalvm.com.ar\/noticias-villa-maria\/martin-gill-hay-muchos-que-se-han-apurado-para-ser-candidatos\/\"},\"author\":{\"name\":\"Germ\u00e1n Giacchero\",\"@id\":\"http:\/\/elregionalvm.com.ar\/noticias-villa-maria\/#\/schema\/person\/d5e4b04966154131701e52c45d3efec9\"},\"headline\":\"Mart\u00edn Gill: \u00abHay muchos que se han apurado para ser candidatos\u00bb\",\"datePublished\":\"2022-12-27T17:07:05+00:00\",\"dateModified\":\"2022-12-30T02:15:16+00:00\",\"mainEntityOfPage\":{\"@id\":\"http:\/\/elregionalvm.com.ar\/noticias-villa-maria\/martin-gill-hay-muchos-que-se-han-apurado-para-ser-candidatos\/\"},\"wordCount\":462,\"commentCount\":0,\"image\":{\"@id\":\"http:\/\/elregionalvm.com.ar\/noticias-villa-maria\/martin-gill-hay-muchos-que-se-han-apurado-para-ser-candidatos\/#primaryimage\"},\"thumbnailUrl\":\"https:\/\/i0.wp.com\/elregionalvm.com.ar\/noticias-villa-maria\/wp-content\/uploads\/2022\/12\/Gill-inauguracion-escuela-Proa-UNVM.jpeg?fit=1456%2C906&ssl=1\",\"keywords\":[\"candidato\",\"candidato local\",\"elecciones\",\"fecha de elecciones\",\"Frente de Todos\",\"Gobernador\",\"mart\u00edn gill\",\"Mart\u00edn Llaryora\",\"Pol\u00edtica\"],\"articleSection\":[\"Pol\u00edtica\",\"tercera\",\"Villa Mar\u00eda\"],\"inLanguage\":\"es\",\"potentialAction\":[{\"@type\":\"CommentAction\",\"name\":\"Comment\",\"target\":[\"http:\/\/elregionalvm.com.ar\/noticias-villa-maria\/martin-gill-hay-muchos-que-se-han-apurado-para-ser-candidatos\/#respond\"]}]},{\"@type\":\"WebPage\",\"@id\":\"http:\/\/elregionalvm.com.ar\/noticias-villa-maria\/martin-gill-hay-muchos-que-se-han-apurado-para-ser-candidatos\/\",\"url\":\"http:\/\/elregionalvm.com.ar\/noticias-villa-maria\/martin-gill-hay-muchos-que-se-han-apurado-para-ser-candidatos\/\",\"name\":\"Mart\u00edn Gill: \\\"Hay muchos que se han apurado para ser candidatos\\\" - El Regional\",\"isPartOf\":{\"@id\":\"http:\/\/elregionalvm.com.ar\/noticias-villa-maria\/#website\"},\"primaryImageOfPage\":{\"@id\":\"http:\/\/elregionalvm.com.ar\/noticias-villa-maria\/martin-gill-hay-muchos-que-se-han-apurado-para-ser-candidatos\/#primaryimage\"},\"image\":{\"@id\":\"http:\/\/elregionalvm.com.ar\/noticias-villa-maria\/martin-gill-hay-muchos-que-se-han-apurado-para-ser-candidatos\/#primaryimage\"},\"thumbnailUrl\":\"https:\/\/i0.wp.com\/elregionalvm.com.ar\/noticias-villa-maria\/wp-content\/uploads\/2022\/12\/Gill-inauguracion-escuela-Proa-UNVM.jpeg?fit=1456%2C906&ssl=1\",\"datePublished\":\"2022-12-27T17:07:05+00:00\",\"dateModified\":\"2022-12-30T02:15:16+00:00\",\"author\":{\"@id\":\"http:\/\/elregionalvm.com.ar\/noticias-villa-maria\/#\/schema\/person\/d5e4b04966154131701e52c45d3efec9\"},\"breadcrumb\":{\"@id\":\"http:\/\/elregionalvm.com.ar\/noticias-villa-maria\/martin-gill-hay-muchos-que-se-han-apurado-para-ser-candidatos\/#breadcrumb\"},\"inLanguage\":\"es\",\"potentialAction\":[{\"@type\":\"ReadAction\",\"target\":[\"http:\/\/elregionalvm.com.ar\/noticias-villa-maria\/martin-gill-hay-muchos-que-se-han-apurado-para-ser-candidatos\/\"]}]},{\"@type\":\"ImageObject\",\"inLanguage\":\"es\",\"@id\":\"http:\/\/elregionalvm.com.ar\/noticias-villa-maria\/martin-gill-hay-muchos-que-se-han-apurado-para-ser-candidatos\/#primaryimage\",\"url\":\"https:\/\/i0.wp.com\/elregionalvm.com.ar\/noticias-villa-maria\/wp-content\/uploads\/2022\/12\/Gill-inauguracion-escuela-Proa-UNVM.jpeg?fit=1456%2C906&ssl=1\",\"contentUrl\":\"https:\/\/i0.wp.com\/elregionalvm.com.ar\/noticias-villa-maria\/wp-content\/uploads\/2022\/12\/Gill-inauguracion-escuela-Proa-UNVM.jpeg?fit=1456%2C906&ssl=1\",\"width\":1456,\"height\":906},{\"@type\":\"BreadcrumbList\",\"@id\":\"http:\/\/elregionalvm.com.ar\/noticias-villa-maria\/martin-gill-hay-muchos-que-se-han-apurado-para-ser-candidatos\/#breadcrumb\",\"itemListElement\":[{\"@type\":\"ListItem\",\"position\":1,\"name\":\"Portada\",\"item\":\"https:\/\/elregionalvm.com.ar\/noticias-villa-maria\/\"},{\"@type\":\"ListItem\",\"position\":2,\"name\":\"Mart\u00edn Gill: \u00abHay muchos que se han apurado para ser candidatos\u00bb\"}]},{\"@type\":\"WebSite\",\"@id\":\"http:\/\/elregionalvm.com.ar\/noticias-villa-maria\/#website\",\"url\":\"http:\/\/elregionalvm.com.ar\/noticias-villa-maria\/\",\"name\":\"El Regional\",\"description\":\"Mucho m\u00e1s que informaci\u00f3n\",\"potentialAction\":[{\"@type\":\"SearchAction\",\"target\":{\"@type\":\"EntryPoint\",\"urlTemplate\":\"http:\/\/elregionalvm.com.ar\/noticias-villa-maria\/?s={search_term_string}\"},\"query-input\":{\"@type\":\"PropertyValueSpecification\",\"valueRequired\":true,\"valueName\":\"search_term_string\"}}],\"inLanguage\":\"es\"},{\"@type\":\"Person\",\"@id\":\"http:\/\/elregionalvm.com.ar\/noticias-villa-maria\/#\/schema\/person\/d5e4b04966154131701e52c45d3efec9\",\"name\":\"Germ\u00e1n Giacchero\",\"image\":{\"@type\":\"ImageObject\",\"inLanguage\":\"es\",\"@id\":\"http:\/\/elregionalvm.com.ar\/noticias-villa-maria\/#\/schema\/person\/image\/\",\"url\":\"https:\/\/secure.gravatar.com\/avatar\/fda163ba5ef0307ee5be9846e10f83b6e83d0cfb260d3b2464830318894c6b04?s=96&d=mm&r=g\",\"contentUrl\":\"https:\/\/secure.gravatar.com\/avatar\/fda163ba5ef0307ee5be9846e10f83b6e83d0cfb260d3b2464830318894c6b04?s=96&d=mm&r=g\",\"caption\":\"Germ\u00e1n Giacchero\"},\"url\":\"https:\/\/elregionalvm.com.ar\/noticias-villa-maria\/author\/germangiacchero\/\"}]}<\/script>\n<!-- \/ Yoast SEO plugin. -->","yoast_head_json":{"title":"Mart\u00edn Gill: \"Hay muchos que se han apurado para ser candidatos\" - El Regional","robots":{"index":"index","follow":"follow","max-snippet":"max-snippet:-1","max-image-preview":"max-image-preview:large","max-video-preview":"max-video-preview:-1"},"canonical":"http:\/\/elregionalvm.com.ar\/noticias-villa-maria\/martin-gill-hay-muchos-que-se-han-apurado-para-ser-candidatos\/","og_locale":"es_ES","og_type":"article","og_title":"Mart\u00edn Gill: \"Hay muchos que se han apurado para ser candidatos\" - El Regional","og_description":"En di\u00e1logo con EL REGIONAL, el intendente Mart\u00edn Gill se refiri\u00f3 al anuncio de un sector del Frente de Todos de presentar candidato a gobernador y la demora en conocerse el postulante del oficialismo para la Intendencia. Asegur\u00f3 que se busca elegir lo mejor para la ciudad. \u00bfC\u00f3mo te ubica pol\u00edticamente el pronunciamiento del Frente [&hellip;]","og_url":"http:\/\/elregionalvm.com.ar\/noticias-villa-maria\/martin-gill-hay-muchos-que-se-han-apurado-para-ser-candidatos\/","og_site_name":"El Regional","article_publisher":"https:\/\/www.facebook.com\/elregionalvm","article_published_time":"2022-12-27T17:07:05+00:00","article_modified_time":"2022-12-30T02:15:16+00:00","og_image":[{"width":1456,"height":906,"url":"http:\/\/elregionalvm.com.ar\/noticias-villa-maria\/wp-content\/uploads\/2022\/12\/Gill-inauguracion-escuela-Proa-UNVM.jpeg","type":"image\/jpeg"}],"author":"Germ\u00e1n Giacchero","twitter_card":"summary_large_image","twitter_creator":"@elregionalvm1","twitter_site":"@elregionalvm1","twitter_misc":{"Escrito por":"Germ\u00e1n Giacchero","Tiempo de lectura":"3 minutos"},"schema":{"@context":"https:\/\/schema.org","@graph":[{"@type":"Article","@id":"http:\/\/elregionalvm.com.ar\/noticias-villa-maria\/martin-gill-hay-muchos-que-se-han-apurado-para-ser-candidatos\/#article","isPartOf":{"@id":"http:\/\/elregionalvm.com.ar\/noticias-villa-maria\/martin-gill-hay-muchos-que-se-han-apurado-para-ser-candidatos\/"},"author":{"name":"Germ\u00e1n Giacchero","@id":"http:\/\/elregionalvm.com.ar\/noticias-villa-maria\/#\/schema\/person\/d5e4b04966154131701e52c45d3efec9"},"headline":"Mart\u00edn Gill: \u00abHay muchos que se han apurado para ser candidatos\u00bb","datePublished":"2022-12-27T17:07:05+00:00","dateModified":"2022-12-30T02:15:16+00:00","mainEntityOfPage":{"@id":"http:\/\/elregionalvm.com.ar\/noticias-villa-maria\/martin-gill-hay-muchos-que-se-han-apurado-para-ser-candidatos\/"},"wordCount":462,"commentCount":0,"image":{"@id":"http:\/\/elregionalvm.com.ar\/noticias-villa-maria\/martin-gill-hay-muchos-que-se-han-apurado-para-ser-candidatos\/#primaryimage"},"thumbnailUrl":"https:\/\/i0.wp.com\/elregionalvm.com.ar\/noticias-villa-maria\/wp-content\/uploads\/2022\/12\/Gill-inauguracion-escuela-Proa-UNVM.jpeg?fit=1456%2C906&ssl=1","keywords":["candidato","candidato local","elecciones","fecha de elecciones","Frente de Todos","Gobernador","mart\u00edn gill","Mart\u00edn Llaryora","Pol\u00edtica"],"articleSection":["Pol\u00edtica","tercera","Villa Mar\u00eda"],"inLanguage":"es","potentialAction":[{"@type":"CommentAction","name":"Comment","target":["http:\/\/elregionalvm.com.ar\/noticias-villa-maria\/martin-gill-hay-muchos-que-se-han-apurado-para-ser-candidatos\/#respond"]}]},{"@type":"WebPage","@id":"http:\/\/elregionalvm.com.ar\/noticias-villa-maria\/martin-gill-hay-muchos-que-se-han-apurado-para-ser-candidatos\/","url":"http:\/\/elregionalvm.com.ar\/noticias-villa-maria\/martin-gill-hay-muchos-que-se-han-apurado-para-ser-candidatos\/","name":"Mart\u00edn Gill: \"Hay muchos que se han apurado para ser candidatos\" - El Regional","isPartOf":{"@id":"http:\/\/elregionalvm.com.ar\/noticias-villa-maria\/#website"},"primaryImageOfPage":{"@id":"http:\/\/elregionalvm.com.ar\/noticias-villa-maria\/martin-gill-hay-muchos-que-se-han-apurado-para-ser-candidatos\/#primaryimage"},"image":{"@id":"http:\/\/elregionalvm.com.ar\/noticias-villa-maria\/martin-gill-hay-muchos-que-se-han-apurado-para-ser-candidatos\/#primaryimage"},"thumbnailUrl":"https:\/\/i0.wp.com\/elregionalvm.com.ar\/noticias-villa-maria\/wp-content\/uploads\/2022\/12\/Gill-inauguracion-escuela-Proa-UNVM.jpeg?fit=1456%2C906&ssl=1","datePublished":"2022-12-27T17:07:05+00:00","dateModified":"2022-12-30T02:15:16+00:00","author":{"@id":"http:\/\/elregionalvm.com.ar\/noticias-villa-maria\/#\/schema\/person\/d5e4b04966154131701e52c45d3efec9"},"breadcrumb":{"@id":"http:\/\/elregionalvm.com.ar\/noticias-villa-maria\/martin-gill-hay-muchos-que-se-han-apurado-para-ser-candidatos\/#breadcrumb"},"inLanguage":"es","potentialAction":[{"@type":"ReadAction","target":["http:\/\/elregionalvm.com.ar\/noticias-villa-maria\/martin-gill-hay-muchos-que-se-han-apurado-para-ser-candidatos\/"]}]},{"@type":"ImageObject","inLanguage":"es","@id":"http:\/\/elregionalvm.com.ar\/noticias-villa-maria\/martin-gill-hay-muchos-que-se-han-apurado-para-ser-candidatos\/#primaryimage","url":"https:\/\/i0.wp.com\/elregionalvm.com.ar\/noticias-villa-maria\/wp-content\/uploads\/2022\/12\/Gill-inauguracion-escuela-Proa-UNVM.jpeg?fit=1456%2C906&ssl=1","contentUrl":"https:\/\/i0.wp.com\/elregionalvm.com.ar\/noticias-villa-maria\/wp-content\/uploads\/2022\/12\/Gill-inauguracion-escuela-Proa-UNVM.jpeg?fit=1456%2C906&ssl=1","width":1456,"height":906},{"@type":"BreadcrumbList","@id":"http:\/\/elregionalvm.com.ar\/noticias-villa-maria\/martin-gill-hay-muchos-que-se-han-apurado-para-ser-candidatos\/#breadcrumb","itemListElement":[{"@type":"ListItem","position":1,"name":"Portada","item":"https:\/\/elregionalvm.com.ar\/noticias-villa-maria\/"},{"@type":"ListItem","position":2,"name":"Mart\u00edn Gill: \u00abHay muchos que se han apurado para ser candidatos\u00bb"}]},{"@type":"WebSite","@id":"http:\/\/elregionalvm.com.ar\/noticias-villa-maria\/#website","url":"http:\/\/elregionalvm.com.ar\/noticias-villa-maria\/","name":"El Regional","description":"Mucho m\u00e1s que informaci\u00f3n","potentialAction":[{"@type":"SearchAction","target":{"@type":"EntryPoint","urlTemplate":"http:\/\/elregionalvm.com.ar\/noticias-villa-maria\/?s={search_term_string}"},"query-input":{"@type":"PropertyValueSpecification","valueRequired":true,"valueName":"search_term_string"}}],"inLanguage":"es"},{"@type":"Person","@id":"http:\/\/elregionalvm.com.ar\/noticias-villa-maria\/#\/schema\/person\/d5e4b04966154131701e52c45d3efec9","name":"Germ\u00e1n Giacchero","image":{"@type":"ImageObject","inLanguage":"es","@id":"http:\/\/elregionalvm.com.ar\/noticias-villa-maria\/#\/schema\/person\/image\/","url":"https:\/\/secure.gravatar.com\/avatar\/fda163ba5ef0307ee5be9846e10f83b6e83d0cfb260d3b2464830318894c6b04?s=96&d=mm&r=g","contentUrl":"https:\/\/secure.gravatar.com\/avatar\/fda163ba5ef0307ee5be9846e10f83b6e83d0cfb260d3b2464830318894c6b04?s=96&d=mm&r=g","caption":"Germ\u00e1n Giacchero"},"url":"https:\/\/elregionalvm.com.ar\/noticias-villa-maria\/author\/germangiacchero\/"}]}},"jetpack_featured_media_url":"https:\/\/i0.wp.com\/elregionalvm.com.ar\/noticias-villa-maria\/wp-content\/uploads\/2022\/12\/Gill-inauguracion-escuela-Proa-UNVM.jpeg?fit=1456%2C906&ssl=1","jetpack_sharing_enabled":true,"_links":{"self":[{"href":"https:\/\/elregionalvm.com.ar\/noticias-villa-maria\/wp-json\/wp\/v2\/posts\/69368","targetHints":{"allow":["GET"]}}],"collection":[{"href":"https:\/\/elregionalvm.com.ar\/noticias-villa-maria\/wp-json\/wp\/v2\/posts"}],"about":[{"href":"https:\/\/elregionalvm.com.ar\/noticias-villa-maria\/wp-json\/wp\/v2\/types\/post"}],"author":[{"embeddable":true,"href":"https:\/\/elregionalvm.com.ar\/noticias-villa-maria\/wp-json\/wp\/v2\/users\/6"}],"replies":[{"embeddable":true,"href":"https:\/\/elregionalvm.com.ar\/noticias-villa-maria\/wp-json\/wp\/v2\/comments?post=69368"}],"version-history":[{"count":5,"href":"https:\/\/elregionalvm.com.ar\/noticias-villa-maria\/wp-json\/wp\/v2\/posts\/69368\/revisions"}],"predecessor-version":[{"id":69405,"href":"https:\/\/elregionalvm.com.ar\/noticias-villa-maria\/wp-json\/wp\/v2\/posts\/69368\/revisions\/69405"}],"wp:featuredmedia":[{"embeddable":true,"href":"https:\/\/elregionalvm.com.ar\/noticias-villa-maria\/wp-json\/wp\/v2\/media\/69364"}],"wp:attachment":[{"href":"https:\/\/elregionalvm.com.ar\/noticias-villa-maria\/wp-json\/wp\/v2\/media?parent=69368"}],"wp:term":[{"taxonomy":"category","embeddable":true,"href":"https:\/\/elregionalvm.com.ar\/noticias-villa-maria\/wp-json\/wp\/v2\/categories?post=69368"},{"taxonomy":"post_tag","embeddable":true,"href":"https:\/\/elregionalvm.com.ar\/noticias-villa-maria\/wp-json\/wp\/v2\/tags?post=69368"}],"curies":[{"name":"wp","href":"https:\/\/api.w.org\/{rel}","templated":true}]}}