{"id":69709,"date":"2023-01-05T01:04:34","date_gmt":"2023-01-05T01:04:34","guid":{"rendered":"https:\/\/elregionalvm.com.ar\/noticias-villa-maria\/?p=69709"},"modified":"2023-01-05T01:04:35","modified_gmt":"2023-01-05T01:04:35","slug":"policiales-agresion-en-una-hosteria-robo-de-un-celular-y-una-pelea-de-transito","status":"publish","type":"post","link":"https:\/\/elregionalvm.com.ar\/noticias-villa-maria\/policiales-agresion-en-una-hosteria-robo-de-un-celular-y-una-pelea-de-transito\/","title":{"rendered":"Policiales: agresi\u00f3n en una hoster\u00eda, robo de un celular y una pelea de tr\u00e1nsito"},"content":{"rendered":"\n<p>Alrededor de las 8:00 de la ma\u00f1ana de este mi\u00e9rcoles, la patrulla preventiva detuvo en calle 9 de Julio al 100, a un hombre de 40 a\u00f1os de edad, por ser el supuesto autor de\u00a0 los\u00a0 delitos de\u00a0 \u201camenazas y resistencia a la autoridad\u201d.<\/p>\n\n\n\n<p>El procedimiento se llev\u00f3 a cabo en momentos en que ingres\u00f3 a una hoster\u00eda y amenaz\u00f3 con un elemento contundente al conserje del lugar. R\u00e1pidamente se constituy\u00f3 el personal policial y procedi\u00f3 a su aprehensi\u00f3n, a la que se resisti\u00f3 persistentemente.<\/p>\n\n\n\n<p><strong>Rob\u00f3 un celular en pleno centro y lo detuvieron<\/strong><\/p>\n\n\n\n<p>En la tarde, a las 16:30, en la intersecci\u00f3n de calles San Juan y General Paz, la polic\u00eda detuvo a un hombre de 19 a\u00f1os de edad, por supuesto autor del delito de \u201churto\u201d.  <\/p>\n\n\n\n<p>Momentos antes hab\u00eda sustra\u00eddo un tel\u00e9fono celular a otro joven de 19 a\u00f1os que se desplazaba por la v\u00eda p\u00fablica a la altura del subnivel. Recuperaron el aparato telef\u00f3nico. <\/p>\n\n\n\n<figure class=\"wp-block-image aligncenter size-large is-resized\"><img data-recalc-dims=\"1\" fetchpriority=\"high\" decoding=\"async\" src=\"https:\/\/i0.wp.com\/elregionalvm.com.ar\/noticias-villa-maria\/wp-content\/uploads\/2023\/01\/WhatsApp-Image-2023-01-04-at-19.46.28.jpeg?resize=580%2C773&#038;ssl=1\" alt=\"\" class=\"wp-image-69711\" width=\"580\" height=\"773\" srcset=\"https:\/\/i0.wp.com\/elregionalvm.com.ar\/noticias-villa-maria\/wp-content\/uploads\/2023\/01\/WhatsApp-Image-2023-01-04-at-19.46.28.jpeg?resize=768%2C1024&amp;ssl=1 768w, https:\/\/i0.wp.com\/elregionalvm.com.ar\/noticias-villa-maria\/wp-content\/uploads\/2023\/01\/WhatsApp-Image-2023-01-04-at-19.46.28.jpeg?resize=225%2C300&amp;ssl=1 225w, https:\/\/i0.wp.com\/elregionalvm.com.ar\/noticias-villa-maria\/wp-content\/uploads\/2023\/01\/WhatsApp-Image-2023-01-04-at-19.46.28.jpeg?resize=1152%2C1536&amp;ssl=1 1152w, https:\/\/i0.wp.com\/elregionalvm.com.ar\/noticias-villa-maria\/wp-content\/uploads\/2023\/01\/WhatsApp-Image-2023-01-04-at-19.46.28.jpeg?w=1200&amp;ssl=1 1200w\" sizes=\"(max-width: 580px) 100vw, 580px\" \/><\/figure>\n\n\n\n<p><\/p>\n\n\n\n<p><strong>Pelea de tr\u00e1nsito: uno de 30 a\u00f1os golpe\u00f3 a otro de 60 a\u00f1os<\/strong><\/p>\n\n\n\n<p>Aproximadamente a las 16:50, en la intersecci\u00f3n de calles Mendoza y Bv. C\u00e1rcano, efectivos policiales aprehendieron a un hombre de 30 a\u00f1os de edad, ya que en momentos antes mantuvo una discusi\u00f3n de tr\u00e1nsito con otro hombre de 60 a\u00f1os de edad, a quien agredi\u00f3 f\u00edsicamente.<\/p>\n\n\n\n<figure class=\"wp-block-image aligncenter size-large is-resized\"><img data-recalc-dims=\"1\" decoding=\"async\" src=\"https:\/\/i0.wp.com\/elregionalvm.com.ar\/noticias-villa-maria\/wp-content\/uploads\/2023\/01\/WhatsApp-Image-2023-01-04-at-19.46.36.jpeg?resize=539%2C718&#038;ssl=1\" alt=\"\" class=\"wp-image-69712\" width=\"539\" height=\"718\" srcset=\"https:\/\/i0.wp.com\/elregionalvm.com.ar\/noticias-villa-maria\/wp-content\/uploads\/2023\/01\/WhatsApp-Image-2023-01-04-at-19.46.36.jpeg?resize=768%2C1024&amp;ssl=1 768w, https:\/\/i0.wp.com\/elregionalvm.com.ar\/noticias-villa-maria\/wp-content\/uploads\/2023\/01\/WhatsApp-Image-2023-01-04-at-19.46.36.jpeg?resize=225%2C300&amp;ssl=1 225w, https:\/\/i0.wp.com\/elregionalvm.com.ar\/noticias-villa-maria\/wp-content\/uploads\/2023\/01\/WhatsApp-Image-2023-01-04-at-19.46.36.jpeg?w=960&amp;ssl=1 960w\" sizes=\"(max-width: 539px) 100vw, 539px\" \/><\/figure>\n\n\n\n<p><\/p>\n","protected":false},"excerpt":{"rendered":"<p>Alrededor de las 8:00 de la ma\u00f1ana de este mi\u00e9rcoles, la patrulla preventiva detuvo en calle 9 de Julio al 100, a un hombre de 40 a\u00f1os de edad, por ser el supuesto autor de\u00a0 los\u00a0 delitos de\u00a0 \u201camenazas y resistencia a la autoridad\u201d. El procedimiento se llev\u00f3 a cabo en momentos en que ingres\u00f3 [&hellip;]<\/p>\n","protected":false},"author":4,"featured_media":69710,"comment_status":"open","ping_status":"open","sticky":false,"template":"","format":"standard","meta":{"site-sidebar-layout":"default","site-content-layout":"","ast-site-content-layout":"default","site-content-style":"default","site-sidebar-style":"default","ast-global-header-display":"","ast-banner-title-visibility":"","ast-main-header-display":"","ast-hfb-above-header-display":"","ast-hfb-below-header-display":"","ast-hfb-mobile-header-display":"","site-post-title":"","ast-breadcrumbs-content":"","ast-featured-img":"","footer-sml-layout":"","ast-disable-related-posts":"","theme-transparent-header-meta":"","adv-header-id-meta":"","stick-header-meta":"","header-above-stick-meta":"","header-main-stick-meta":"","header-below-stick-meta":"","astra-migrate-meta-layouts":"default","ast-page-background-enabled":"default","ast-page-background-meta":{"desktop":{"background-color":"","background-image":"","background-repeat":"repeat","background-position":"center center","background-size":"auto","background-attachment":"scroll","background-type":"","background-media":"","overlay-type":"","overlay-color":"","overlay-opacity":"","overlay-gradient":""},"tablet":{"background-color":"","background-image":"","background-repeat":"repeat","background-position":"center center","background-size":"auto","background-attachment":"scroll","background-type":"","background-media":"","overlay-type":"","overlay-color":"","overlay-opacity":"","overlay-gradient":""},"mobile":{"background-color":"","background-image":"","background-repeat":"repeat","background-position":"center center","background-size":"auto","background-attachment":"scroll","background-type":"","background-media":"","overlay-type":"","overlay-color":"","overlay-opacity":"","overlay-gradient":""}},"ast-content-background-meta":{"desktop":{"background-color":"var(--ast-global-color-5)","background-image":"","background-repeat":"repeat","background-position":"center center","background-size":"auto","background-attachment":"scroll","background-type":"","background-media":"","overlay-type":"","overlay-color":"","overlay-opacity":"","overlay-gradient":""},"tablet":{"background-color":"var(--ast-global-color-5)","background-image":"","background-repeat":"repeat","background-position":"center center","background-size":"auto","background-attachment":"scroll","background-type":"","background-media":"","overlay-type":"","overlay-color":"","overlay-opacity":"","overlay-gradient":""},"mobile":{"background-color":"var(--ast-global-color-5)","background-image":"","background-repeat":"repeat","background-position":"center center","background-size":"auto","background-attachment":"scroll","background-type":"","background-media":"","overlay-type":"","overlay-color":"","overlay-opacity":"","overlay-gradient":""}},"_jetpack_memberships_contains_paid_content":false,"_joinchat":[],"footnotes":""},"categories":[15302,2234],"tags":[20943,2414,4152,20942,741,20944,2248],"class_list":["post-69709","post","type-post","status-publish","format-standard","has-post-thumbnail","hentry","category-destacado","category-policiales","tag-danos-en-hosteria","tag-detenidos","tag-patrulla-preventiva","tag-pelea-de-transito","tag-policiales","tag-robo-de-un-celular","tag-villa-maria-2"],"yoast_head":"<!-- This site is optimized with the Yoast SEO plugin v26.8 - https:\/\/yoast.com\/product\/yoast-seo-wordpress\/ -->\n<title>Policiales: agresi\u00f3n en una hoster\u00eda, robo de un celular y una pelea de tr\u00e1nsito - El Regional<\/title>\n<meta name=\"robots\" content=\"index, follow, max-snippet:-1, max-image-preview:large, max-video-preview:-1\" \/>\n<link rel=\"canonical\" href=\"http:\/\/elregionalvm.com.ar\/noticias-villa-maria\/policiales-agresion-en-una-hosteria-robo-de-un-celular-y-una-pelea-de-transito\/\" \/>\n<meta property=\"og:locale\" content=\"es_ES\" \/>\n<meta property=\"og:type\" content=\"article\" \/>\n<meta property=\"og:title\" content=\"Policiales: agresi\u00f3n en una hoster\u00eda, robo de un celular y una pelea de tr\u00e1nsito - El Regional\" \/>\n<meta property=\"og:description\" content=\"Alrededor de las 8:00 de la ma\u00f1ana de este mi\u00e9rcoles, la patrulla preventiva detuvo en calle 9 de Julio al 100, a un hombre de 40 a\u00f1os de edad, por ser el supuesto autor de\u00a0 los\u00a0 delitos de\u00a0 \u201camenazas y resistencia a la autoridad\u201d. El procedimiento se llev\u00f3 a cabo en momentos en que ingres\u00f3 [&hellip;]\" \/>\n<meta property=\"og:url\" content=\"http:\/\/elregionalvm.com.ar\/noticias-villa-maria\/policiales-agresion-en-una-hosteria-robo-de-un-celular-y-una-pelea-de-transito\/\" \/>\n<meta property=\"og:site_name\" content=\"El Regional\" \/>\n<meta property=\"article:publisher\" content=\"https:\/\/www.facebook.com\/elregionalvm\" \/>\n<meta property=\"article:published_time\" content=\"2023-01-05T01:04:34+00:00\" \/>\n<meta property=\"article:modified_time\" content=\"2023-01-05T01:04:35+00:00\" \/>\n<meta property=\"og:image\" content=\"http:\/\/elregionalvm.com.ar\/noticias-villa-maria\/wp-content\/uploads\/2023\/01\/WhatsApp-Image-2023-01-04-at-19.46.22.jpeg\" \/>\n\t<meta property=\"og:image:width\" content=\"1200\" \/>\n\t<meta property=\"og:image:height\" content=\"1600\" \/>\n\t<meta property=\"og:image:type\" content=\"image\/jpeg\" \/>\n<meta name=\"author\" content=\"Contenidos El Regional\" \/>\n<meta name=\"twitter:card\" content=\"summary_large_image\" \/>\n<meta name=\"twitter:creator\" content=\"@elregionalvm1\" \/>\n<meta name=\"twitter:site\" content=\"@elregionalvm1\" \/>\n<meta name=\"twitter:label1\" content=\"Escrito por\" \/>\n\t<meta name=\"twitter:data1\" content=\"Contenidos El Regional\" \/>\n\t<meta name=\"twitter:label2\" content=\"Tiempo de lectura\" \/>\n\t<meta name=\"twitter:data2\" content=\"2 minutos\" \/>\n<script type=\"application\/ld+json\" class=\"yoast-schema-graph\">{\"@context\":\"https:\/\/schema.org\",\"@graph\":[{\"@type\":\"Article\",\"@id\":\"http:\/\/elregionalvm.com.ar\/noticias-villa-maria\/policiales-agresion-en-una-hosteria-robo-de-un-celular-y-una-pelea-de-transito\/#article\",\"isPartOf\":{\"@id\":\"http:\/\/elregionalvm.com.ar\/noticias-villa-maria\/policiales-agresion-en-una-hosteria-robo-de-un-celular-y-una-pelea-de-transito\/\"},\"author\":{\"name\":\"Contenidos El Regional\",\"@id\":\"http:\/\/elregionalvm.com.ar\/noticias-villa-maria\/#\/schema\/person\/a0fb9c422317faca23d50163151bc354\"},\"headline\":\"Policiales: agresi\u00f3n en una hoster\u00eda, robo de un celular y una pelea de tr\u00e1nsito\",\"datePublished\":\"2023-01-05T01:04:34+00:00\",\"dateModified\":\"2023-01-05T01:04:35+00:00\",\"mainEntityOfPage\":{\"@id\":\"http:\/\/elregionalvm.com.ar\/noticias-villa-maria\/policiales-agresion-en-una-hosteria-robo-de-un-celular-y-una-pelea-de-transito\/\"},\"wordCount\":247,\"commentCount\":0,\"image\":{\"@id\":\"http:\/\/elregionalvm.com.ar\/noticias-villa-maria\/policiales-agresion-en-una-hosteria-robo-de-un-celular-y-una-pelea-de-transito\/#primaryimage\"},\"thumbnailUrl\":\"https:\/\/i0.wp.com\/elregionalvm.com.ar\/noticias-villa-maria\/wp-content\/uploads\/2023\/01\/WhatsApp-Image-2023-01-04-at-19.46.22.jpeg?fit=1200%2C1600&ssl=1\",\"keywords\":[\"da\u00f1os en hoster\u00eda\",\"detenidos\",\"patrulla preventiva\",\"pelea de tr\u00e1nsito\",\"Policiales\",\"robo de un celular\",\"Villa Mar\u00eda\"],\"articleSection\":[\"destacado\",\"Policiales\"],\"inLanguage\":\"es\",\"potentialAction\":[{\"@type\":\"CommentAction\",\"name\":\"Comment\",\"target\":[\"http:\/\/elregionalvm.com.ar\/noticias-villa-maria\/policiales-agresion-en-una-hosteria-robo-de-un-celular-y-una-pelea-de-transito\/#respond\"]}]},{\"@type\":\"WebPage\",\"@id\":\"http:\/\/elregionalvm.com.ar\/noticias-villa-maria\/policiales-agresion-en-una-hosteria-robo-de-un-celular-y-una-pelea-de-transito\/\",\"url\":\"http:\/\/elregionalvm.com.ar\/noticias-villa-maria\/policiales-agresion-en-una-hosteria-robo-de-un-celular-y-una-pelea-de-transito\/\",\"name\":\"Policiales: agresi\u00f3n en una hoster\u00eda, robo de un celular y una pelea de tr\u00e1nsito - El Regional\",\"isPartOf\":{\"@id\":\"http:\/\/elregionalvm.com.ar\/noticias-villa-maria\/#website\"},\"primaryImageOfPage\":{\"@id\":\"http:\/\/elregionalvm.com.ar\/noticias-villa-maria\/policiales-agresion-en-una-hosteria-robo-de-un-celular-y-una-pelea-de-transito\/#primaryimage\"},\"image\":{\"@id\":\"http:\/\/elregionalvm.com.ar\/noticias-villa-maria\/policiales-agresion-en-una-hosteria-robo-de-un-celular-y-una-pelea-de-transito\/#primaryimage\"},\"thumbnailUrl\":\"https:\/\/i0.wp.com\/elregionalvm.com.ar\/noticias-villa-maria\/wp-content\/uploads\/2023\/01\/WhatsApp-Image-2023-01-04-at-19.46.22.jpeg?fit=1200%2C1600&ssl=1\",\"datePublished\":\"2023-01-05T01:04:34+00:00\",\"dateModified\":\"2023-01-05T01:04:35+00:00\",\"author\":{\"@id\":\"http:\/\/elregionalvm.com.ar\/noticias-villa-maria\/#\/schema\/person\/a0fb9c422317faca23d50163151bc354\"},\"breadcrumb\":{\"@id\":\"http:\/\/elregionalvm.com.ar\/noticias-villa-maria\/policiales-agresion-en-una-hosteria-robo-de-un-celular-y-una-pelea-de-transito\/#breadcrumb\"},\"inLanguage\":\"es\",\"potentialAction\":[{\"@type\":\"ReadAction\",\"target\":[\"http:\/\/elregionalvm.com.ar\/noticias-villa-maria\/policiales-agresion-en-una-hosteria-robo-de-un-celular-y-una-pelea-de-transito\/\"]}]},{\"@type\":\"ImageObject\",\"inLanguage\":\"es\",\"@id\":\"http:\/\/elregionalvm.com.ar\/noticias-villa-maria\/policiales-agresion-en-una-hosteria-robo-de-un-celular-y-una-pelea-de-transito\/#primaryimage\",\"url\":\"https:\/\/i0.wp.com\/elregionalvm.com.ar\/noticias-villa-maria\/wp-content\/uploads\/2023\/01\/WhatsApp-Image-2023-01-04-at-19.46.22.jpeg?fit=1200%2C1600&ssl=1\",\"contentUrl\":\"https:\/\/i0.wp.com\/elregionalvm.com.ar\/noticias-villa-maria\/wp-content\/uploads\/2023\/01\/WhatsApp-Image-2023-01-04-at-19.46.22.jpeg?fit=1200%2C1600&ssl=1\",\"width\":1200,\"height\":1600},{\"@type\":\"BreadcrumbList\",\"@id\":\"http:\/\/elregionalvm.com.ar\/noticias-villa-maria\/policiales-agresion-en-una-hosteria-robo-de-un-celular-y-una-pelea-de-transito\/#breadcrumb\",\"itemListElement\":[{\"@type\":\"ListItem\",\"position\":1,\"name\":\"Portada\",\"item\":\"https:\/\/elregionalvm.com.ar\/noticias-villa-maria\/\"},{\"@type\":\"ListItem\",\"position\":2,\"name\":\"Policiales: agresi\u00f3n en una hoster\u00eda, robo de un celular y una pelea de tr\u00e1nsito\"}]},{\"@type\":\"WebSite\",\"@id\":\"http:\/\/elregionalvm.com.ar\/noticias-villa-maria\/#website\",\"url\":\"http:\/\/elregionalvm.com.ar\/noticias-villa-maria\/\",\"name\":\"El Regional\",\"description\":\"Mucho m\u00e1s que informaci\u00f3n\",\"potentialAction\":[{\"@type\":\"SearchAction\",\"target\":{\"@type\":\"EntryPoint\",\"urlTemplate\":\"http:\/\/elregionalvm.com.ar\/noticias-villa-maria\/?s={search_term_string}\"},\"query-input\":{\"@type\":\"PropertyValueSpecification\",\"valueRequired\":true,\"valueName\":\"search_term_string\"}}],\"inLanguage\":\"es\"},{\"@type\":\"Person\",\"@id\":\"http:\/\/elregionalvm.com.ar\/noticias-villa-maria\/#\/schema\/person\/a0fb9c422317faca23d50163151bc354\",\"name\":\"Contenidos El Regional\",\"image\":{\"@type\":\"ImageObject\",\"inLanguage\":\"es\",\"@id\":\"http:\/\/elregionalvm.com.ar\/noticias-villa-maria\/#\/schema\/person\/image\/\",\"url\":\"https:\/\/secure.gravatar.com\/avatar\/265b27cb2209af7bb3a1318f03305787d7981a5cc6e6cd08fe5a4ecdf99d4b48?s=96&d=mm&r=g\",\"contentUrl\":\"https:\/\/secure.gravatar.com\/avatar\/265b27cb2209af7bb3a1318f03305787d7981a5cc6e6cd08fe5a4ecdf99d4b48?s=96&d=mm&r=g\",\"caption\":\"Contenidos El Regional\"},\"url\":\"https:\/\/elregionalvm.com.ar\/noticias-villa-maria\/author\/contenido\/\"}]}<\/script>\n<!-- \/ Yoast SEO plugin. -->","yoast_head_json":{"title":"Policiales: agresi\u00f3n en una hoster\u00eda, robo de un celular y una pelea de tr\u00e1nsito - El Regional","robots":{"index":"index","follow":"follow","max-snippet":"max-snippet:-1","max-image-preview":"max-image-preview:large","max-video-preview":"max-video-preview:-1"},"canonical":"http:\/\/elregionalvm.com.ar\/noticias-villa-maria\/policiales-agresion-en-una-hosteria-robo-de-un-celular-y-una-pelea-de-transito\/","og_locale":"es_ES","og_type":"article","og_title":"Policiales: agresi\u00f3n en una hoster\u00eda, robo de un celular y una pelea de tr\u00e1nsito - El Regional","og_description":"Alrededor de las 8:00 de la ma\u00f1ana de este mi\u00e9rcoles, la patrulla preventiva detuvo en calle 9 de Julio al 100, a un hombre de 40 a\u00f1os de edad, por ser el supuesto autor de\u00a0 los\u00a0 delitos de\u00a0 \u201camenazas y resistencia a la autoridad\u201d. El procedimiento se llev\u00f3 a cabo en momentos en que ingres\u00f3 [&hellip;]","og_url":"http:\/\/elregionalvm.com.ar\/noticias-villa-maria\/policiales-agresion-en-una-hosteria-robo-de-un-celular-y-una-pelea-de-transito\/","og_site_name":"El Regional","article_publisher":"https:\/\/www.facebook.com\/elregionalvm","article_published_time":"2023-01-05T01:04:34+00:00","article_modified_time":"2023-01-05T01:04:35+00:00","og_image":[{"width":1200,"height":1600,"url":"http:\/\/elregionalvm.com.ar\/noticias-villa-maria\/wp-content\/uploads\/2023\/01\/WhatsApp-Image-2023-01-04-at-19.46.22.jpeg","type":"image\/jpeg"}],"author":"Contenidos El Regional","twitter_card":"summary_large_image","twitter_creator":"@elregionalvm1","twitter_site":"@elregionalvm1","twitter_misc":{"Escrito por":"Contenidos El Regional","Tiempo de lectura":"2 minutos"},"schema":{"@context":"https:\/\/schema.org","@graph":[{"@type":"Article","@id":"http:\/\/elregionalvm.com.ar\/noticias-villa-maria\/policiales-agresion-en-una-hosteria-robo-de-un-celular-y-una-pelea-de-transito\/#article","isPartOf":{"@id":"http:\/\/elregionalvm.com.ar\/noticias-villa-maria\/policiales-agresion-en-una-hosteria-robo-de-un-celular-y-una-pelea-de-transito\/"},"author":{"name":"Contenidos El Regional","@id":"http:\/\/elregionalvm.com.ar\/noticias-villa-maria\/#\/schema\/person\/a0fb9c422317faca23d50163151bc354"},"headline":"Policiales: agresi\u00f3n en una hoster\u00eda, robo de un celular y una pelea de tr\u00e1nsito","datePublished":"2023-01-05T01:04:34+00:00","dateModified":"2023-01-05T01:04:35+00:00","mainEntityOfPage":{"@id":"http:\/\/elregionalvm.com.ar\/noticias-villa-maria\/policiales-agresion-en-una-hosteria-robo-de-un-celular-y-una-pelea-de-transito\/"},"wordCount":247,"commentCount":0,"image":{"@id":"http:\/\/elregionalvm.com.ar\/noticias-villa-maria\/policiales-agresion-en-una-hosteria-robo-de-un-celular-y-una-pelea-de-transito\/#primaryimage"},"thumbnailUrl":"https:\/\/i0.wp.com\/elregionalvm.com.ar\/noticias-villa-maria\/wp-content\/uploads\/2023\/01\/WhatsApp-Image-2023-01-04-at-19.46.22.jpeg?fit=1200%2C1600&ssl=1","keywords":["da\u00f1os en hoster\u00eda","detenidos","patrulla preventiva","pelea de tr\u00e1nsito","Policiales","robo de un celular","Villa Mar\u00eda"],"articleSection":["destacado","Policiales"],"inLanguage":"es","potentialAction":[{"@type":"CommentAction","name":"Comment","target":["http:\/\/elregionalvm.com.ar\/noticias-villa-maria\/policiales-agresion-en-una-hosteria-robo-de-un-celular-y-una-pelea-de-transito\/#respond"]}]},{"@type":"WebPage","@id":"http:\/\/elregionalvm.com.ar\/noticias-villa-maria\/policiales-agresion-en-una-hosteria-robo-de-un-celular-y-una-pelea-de-transito\/","url":"http:\/\/elregionalvm.com.ar\/noticias-villa-maria\/policiales-agresion-en-una-hosteria-robo-de-un-celular-y-una-pelea-de-transito\/","name":"Policiales: agresi\u00f3n en una hoster\u00eda, robo de un celular y una pelea de tr\u00e1nsito - El Regional","isPartOf":{"@id":"http:\/\/elregionalvm.com.ar\/noticias-villa-maria\/#website"},"primaryImageOfPage":{"@id":"http:\/\/elregionalvm.com.ar\/noticias-villa-maria\/policiales-agresion-en-una-hosteria-robo-de-un-celular-y-una-pelea-de-transito\/#primaryimage"},"image":{"@id":"http:\/\/elregionalvm.com.ar\/noticias-villa-maria\/policiales-agresion-en-una-hosteria-robo-de-un-celular-y-una-pelea-de-transito\/#primaryimage"},"thumbnailUrl":"https:\/\/i0.wp.com\/elregionalvm.com.ar\/noticias-villa-maria\/wp-content\/uploads\/2023\/01\/WhatsApp-Image-2023-01-04-at-19.46.22.jpeg?fit=1200%2C1600&ssl=1","datePublished":"2023-01-05T01:04:34+00:00","dateModified":"2023-01-05T01:04:35+00:00","author":{"@id":"http:\/\/elregionalvm.com.ar\/noticias-villa-maria\/#\/schema\/person\/a0fb9c422317faca23d50163151bc354"},"breadcrumb":{"@id":"http:\/\/elregionalvm.com.ar\/noticias-villa-maria\/policiales-agresion-en-una-hosteria-robo-de-un-celular-y-una-pelea-de-transito\/#breadcrumb"},"inLanguage":"es","potentialAction":[{"@type":"ReadAction","target":["http:\/\/elregionalvm.com.ar\/noticias-villa-maria\/policiales-agresion-en-una-hosteria-robo-de-un-celular-y-una-pelea-de-transito\/"]}]},{"@type":"ImageObject","inLanguage":"es","@id":"http:\/\/elregionalvm.com.ar\/noticias-villa-maria\/policiales-agresion-en-una-hosteria-robo-de-un-celular-y-una-pelea-de-transito\/#primaryimage","url":"https:\/\/i0.wp.com\/elregionalvm.com.ar\/noticias-villa-maria\/wp-content\/uploads\/2023\/01\/WhatsApp-Image-2023-01-04-at-19.46.22.jpeg?fit=1200%2C1600&ssl=1","contentUrl":"https:\/\/i0.wp.com\/elregionalvm.com.ar\/noticias-villa-maria\/wp-content\/uploads\/2023\/01\/WhatsApp-Image-2023-01-04-at-19.46.22.jpeg?fit=1200%2C1600&ssl=1","width":1200,"height":1600},{"@type":"BreadcrumbList","@id":"http:\/\/elregionalvm.com.ar\/noticias-villa-maria\/policiales-agresion-en-una-hosteria-robo-de-un-celular-y-una-pelea-de-transito\/#breadcrumb","itemListElement":[{"@type":"ListItem","position":1,"name":"Portada","item":"https:\/\/elregionalvm.com.ar\/noticias-villa-maria\/"},{"@type":"ListItem","position":2,"name":"Policiales: agresi\u00f3n en una hoster\u00eda, robo de un celular y una pelea de tr\u00e1nsito"}]},{"@type":"WebSite","@id":"http:\/\/elregionalvm.com.ar\/noticias-villa-maria\/#website","url":"http:\/\/elregionalvm.com.ar\/noticias-villa-maria\/","name":"El Regional","description":"Mucho m\u00e1s que informaci\u00f3n","potentialAction":[{"@type":"SearchAction","target":{"@type":"EntryPoint","urlTemplate":"http:\/\/elregionalvm.com.ar\/noticias-villa-maria\/?s={search_term_string}"},"query-input":{"@type":"PropertyValueSpecification","valueRequired":true,"valueName":"search_term_string"}}],"inLanguage":"es"},{"@type":"Person","@id":"http:\/\/elregionalvm.com.ar\/noticias-villa-maria\/#\/schema\/person\/a0fb9c422317faca23d50163151bc354","name":"Contenidos El Regional","image":{"@type":"ImageObject","inLanguage":"es","@id":"http:\/\/elregionalvm.com.ar\/noticias-villa-maria\/#\/schema\/person\/image\/","url":"https:\/\/secure.gravatar.com\/avatar\/265b27cb2209af7bb3a1318f03305787d7981a5cc6e6cd08fe5a4ecdf99d4b48?s=96&d=mm&r=g","contentUrl":"https:\/\/secure.gravatar.com\/avatar\/265b27cb2209af7bb3a1318f03305787d7981a5cc6e6cd08fe5a4ecdf99d4b48?s=96&d=mm&r=g","caption":"Contenidos El Regional"},"url":"https:\/\/elregionalvm.com.ar\/noticias-villa-maria\/author\/contenido\/"}]}},"jetpack_featured_media_url":"https:\/\/i0.wp.com\/elregionalvm.com.ar\/noticias-villa-maria\/wp-content\/uploads\/2023\/01\/WhatsApp-Image-2023-01-04-at-19.46.22.jpeg?fit=1200%2C1600&ssl=1","jetpack_sharing_enabled":true,"_links":{"self":[{"href":"https:\/\/elregionalvm.com.ar\/noticias-villa-maria\/wp-json\/wp\/v2\/posts\/69709","targetHints":{"allow":["GET"]}}],"collection":[{"href":"https:\/\/elregionalvm.com.ar\/noticias-villa-maria\/wp-json\/wp\/v2\/posts"}],"about":[{"href":"https:\/\/elregionalvm.com.ar\/noticias-villa-maria\/wp-json\/wp\/v2\/types\/post"}],"author":[{"embeddable":true,"href":"https:\/\/elregionalvm.com.ar\/noticias-villa-maria\/wp-json\/wp\/v2\/users\/4"}],"replies":[{"embeddable":true,"href":"https:\/\/elregionalvm.com.ar\/noticias-villa-maria\/wp-json\/wp\/v2\/comments?post=69709"}],"version-history":[{"count":1,"href":"https:\/\/elregionalvm.com.ar\/noticias-villa-maria\/wp-json\/wp\/v2\/posts\/69709\/revisions"}],"predecessor-version":[{"id":69713,"href":"https:\/\/elregionalvm.com.ar\/noticias-villa-maria\/wp-json\/wp\/v2\/posts\/69709\/revisions\/69713"}],"wp:featuredmedia":[{"embeddable":true,"href":"https:\/\/elregionalvm.com.ar\/noticias-villa-maria\/wp-json\/wp\/v2\/media\/69710"}],"wp:attachment":[{"href":"https:\/\/elregionalvm.com.ar\/noticias-villa-maria\/wp-json\/wp\/v2\/media?parent=69709"}],"wp:term":[{"taxonomy":"category","embeddable":true,"href":"https:\/\/elregionalvm.com.ar\/noticias-villa-maria\/wp-json\/wp\/v2\/categories?post=69709"},{"taxonomy":"post_tag","embeddable":true,"href":"https:\/\/elregionalvm.com.ar\/noticias-villa-maria\/wp-json\/wp\/v2\/tags?post=69709"}],"curies":[{"name":"wp","href":"https:\/\/api.w.org\/{rel}","templated":true}]}}