{"id":69714,"date":"2023-01-05T02:13:52","date_gmt":"2023-01-05T02:13:52","guid":{"rendered":"https:\/\/elregionalvm.com.ar\/noticias-villa-maria\/?p=69714"},"modified":"2023-01-11T03:44:44","modified_gmt":"2023-01-11T03:44:44","slug":"el-primer-dia-se-vendieron-mas-de-15-mil-entradas-para-el-festival-de-villa-maria","status":"publish","type":"post","link":"https:\/\/elregionalvm.com.ar\/noticias-villa-maria\/el-primer-dia-se-vendieron-mas-de-15-mil-entradas-para-el-festival-de-villa-maria\/","title":{"rendered":"El primer d\u00eda se vendieron m\u00e1s de 15 mil  entradas para el Festival de Villa Mar\u00eda"},"content":{"rendered":"\n<p>La Municipalidad de Villa Mar\u00eda y el Ente Deporte y Turismo informan que en la primera jornada de venta de tickets para el Festival Internacional de Pe\u00f1as se comercializaron m\u00e1s de 15.000 entradas, lo que marca un hecho sin precedentes para el Festival de Festivales.<\/p>\n\n\n\n<p>En tal sentido, cabe destacar que la primera noche de la edici\u00f3n n\u00b055 del Festival Internacional de Pe\u00f1as, que tendr\u00e1 la actuaci\u00f3n de Tini, MYA, Callejero Fino y Luana, agot\u00f3 el sector VIP Dorado y Vip y solo quedan para la comercializaci\u00f3n las \u00faltimas Plateas Altas, Plateas Bajas y Tribunas.<\/p>\n\n\n\n<p>Las entradas disponibles para la noche inaugural tienen un costo que var\u00eda entre los 8,500 y 20 mil pesos seg\u00fan la ubicaci\u00f3n y no incluyen cargo por servicio de venta ni gastos de financiaci\u00f3n.<\/p>\n\n\n\n<p>Por otra parte, se vendieron las primeras tres tandas de anticipadas para la noche popular del lunes 13 febrero donde actuar\u00e1n: La Konga, Q\u00b4 Lokura, Dale Q\u00b4 Va, Ulises, Magui Olave, Desakta2 y Fede Herrera.<\/p>\n\n\n\n<p>De esta manera, los tickets se comercializan a 6.500 pesos (no incluyen cargo por servicio de venta ni gastos de financiaci\u00f3n).<\/p>\n\n\n\n<p><strong>Bonus Track del Festival<\/strong><\/p>\n\n\n\n<p>A su vez, se destaca que para la noche especial del Festival, el viernes 24 de febrero, con la presentaci\u00f3n de Ricky Mart\u00edn, <strong>quedan a la venta las \u00faltimas plateas disponibles<\/strong> para agotar el aforo del Anfiteatro.<\/p>\n\n\n\n<p><\/p>\n\n\n\n<figure class=\"wp-block-gallery has-nested-images columns-default is-cropped wp-block-gallery-1 is-layout-flex wp-block-gallery-is-layout-flex\">\n<figure class=\"wp-block-image size-large\"><img data-recalc-dims=\"1\" fetchpriority=\"high\" decoding=\"async\" width=\"1024\" height=\"576\" data-id=\"69717\" src=\"https:\/\/i0.wp.com\/elregionalvm.com.ar\/noticias-villa-maria\/wp-content\/uploads\/2023\/01\/WhatsApp-Image-2023-01-04-at-22.24.17-1.jpeg?resize=1024%2C576&#038;ssl=1\" alt=\"\" class=\"wp-image-69717\" srcset=\"https:\/\/i0.wp.com\/elregionalvm.com.ar\/noticias-villa-maria\/wp-content\/uploads\/2023\/01\/WhatsApp-Image-2023-01-04-at-22.24.17-1.jpeg?resize=1024%2C576&amp;ssl=1 1024w, https:\/\/i0.wp.com\/elregionalvm.com.ar\/noticias-villa-maria\/wp-content\/uploads\/2023\/01\/WhatsApp-Image-2023-01-04-at-22.24.17-1.jpeg?resize=300%2C169&amp;ssl=1 300w, https:\/\/i0.wp.com\/elregionalvm.com.ar\/noticias-villa-maria\/wp-content\/uploads\/2023\/01\/WhatsApp-Image-2023-01-04-at-22.24.17-1.jpeg?resize=768%2C432&amp;ssl=1 768w, https:\/\/i0.wp.com\/elregionalvm.com.ar\/noticias-villa-maria\/wp-content\/uploads\/2023\/01\/WhatsApp-Image-2023-01-04-at-22.24.17-1.jpeg?w=1280&amp;ssl=1 1280w\" sizes=\"(max-width: 1000px) 100vw, 1000px\" \/><\/figure>\n\n\n\n<figure class=\"wp-block-image size-large\"><img data-recalc-dims=\"1\" decoding=\"async\" width=\"1024\" height=\"576\" data-id=\"69716\" src=\"https:\/\/i0.wp.com\/elregionalvm.com.ar\/noticias-villa-maria\/wp-content\/uploads\/2023\/01\/WhatsApp-Image-2023-01-04-at-22.24.17.jpeg?resize=1024%2C576&#038;ssl=1\" alt=\"\" class=\"wp-image-69716\" srcset=\"https:\/\/i0.wp.com\/elregionalvm.com.ar\/noticias-villa-maria\/wp-content\/uploads\/2023\/01\/WhatsApp-Image-2023-01-04-at-22.24.17.jpeg?resize=1024%2C576&amp;ssl=1 1024w, https:\/\/i0.wp.com\/elregionalvm.com.ar\/noticias-villa-maria\/wp-content\/uploads\/2023\/01\/WhatsApp-Image-2023-01-04-at-22.24.17.jpeg?resize=300%2C169&amp;ssl=1 300w, https:\/\/i0.wp.com\/elregionalvm.com.ar\/noticias-villa-maria\/wp-content\/uploads\/2023\/01\/WhatsApp-Image-2023-01-04-at-22.24.17.jpeg?resize=768%2C432&amp;ssl=1 768w, https:\/\/i0.wp.com\/elregionalvm.com.ar\/noticias-villa-maria\/wp-content\/uploads\/2023\/01\/WhatsApp-Image-2023-01-04-at-22.24.17.jpeg?w=1280&amp;ssl=1 1280w\" sizes=\"(max-width: 1000px) 100vw, 1000px\" \/><\/figure>\n<\/figure>\n","protected":false},"excerpt":{"rendered":"<p>La Municipalidad de Villa Mar\u00eda y el Ente Deporte y Turismo informan que en la primera jornada de venta de tickets para el Festival Internacional de Pe\u00f1as se comercializaron m\u00e1s de 15.000 entradas, lo que marca un hecho sin precedentes para el Festival de Festivales. En tal sentido, cabe destacar que la primera noche de [&hellip;]<\/p>\n","protected":false},"author":4,"featured_media":69715,"comment_status":"open","ping_status":"open","sticky":false,"template":"","format":"standard","meta":{"site-sidebar-layout":"default","site-content-layout":"","ast-site-content-layout":"default","site-content-style":"default","site-sidebar-style":"default","ast-global-header-display":"","ast-banner-title-visibility":"","ast-main-header-display":"","ast-hfb-above-header-display":"","ast-hfb-below-header-display":"","ast-hfb-mobile-header-display":"","site-post-title":"","ast-breadcrumbs-content":"","ast-featured-img":"","footer-sml-layout":"","ast-disable-related-posts":"","theme-transparent-header-meta":"","adv-header-id-meta":"","stick-header-meta":"","header-above-stick-meta":"","header-main-stick-meta":"","header-below-stick-meta":"","astra-migrate-meta-layouts":"default","ast-page-background-enabled":"default","ast-page-background-meta":{"desktop":{"background-color":"","background-image":"","background-repeat":"repeat","background-position":"center center","background-size":"auto","background-attachment":"scroll","background-type":"","background-media":"","overlay-type":"","overlay-color":"","overlay-opacity":"","overlay-gradient":""},"tablet":{"background-color":"","background-image":"","background-repeat":"repeat","background-position":"center center","background-size":"auto","background-attachment":"scroll","background-type":"","background-media":"","overlay-type":"","overlay-color":"","overlay-opacity":"","overlay-gradient":""},"mobile":{"background-color":"","background-image":"","background-repeat":"repeat","background-position":"center center","background-size":"auto","background-attachment":"scroll","background-type":"","background-media":"","overlay-type":"","overlay-color":"","overlay-opacity":"","overlay-gradient":""}},"ast-content-background-meta":{"desktop":{"background-color":"var(--ast-global-color-5)","background-image":"","background-repeat":"repeat","background-position":"center center","background-size":"auto","background-attachment":"scroll","background-type":"","background-media":"","overlay-type":"","overlay-color":"","overlay-opacity":"","overlay-gradient":""},"tablet":{"background-color":"var(--ast-global-color-5)","background-image":"","background-repeat":"repeat","background-position":"center center","background-size":"auto","background-attachment":"scroll","background-type":"","background-media":"","overlay-type":"","overlay-color":"","overlay-opacity":"","overlay-gradient":""},"mobile":{"background-color":"var(--ast-global-color-5)","background-image":"","background-repeat":"repeat","background-position":"center center","background-size":"auto","background-attachment":"scroll","background-type":"","background-media":"","overlay-type":"","overlay-color":"","overlay-opacity":"","overlay-gradient":""}},"_jetpack_memberships_contains_paid_content":false,"_joinchat":[],"footnotes":""},"categories":[15302,13130,2],"tags":[20949,20945,1871,20948,20946,20795,20947,534],"class_list":["post-69714","post","type-post","status-publish","format-standard","has-post-thumbnail","hentry","category-destacado","category-festival","category-villa-maria","tag-casi-lleno","tag-edicion-55","tag-festival-villa-maria","tag-pocas-entradas","tag-primer-dia-de-ventas","tag-ricky-martin","tag-se-comercializaron-15-mil-entradas","tag-villa-maria"],"yoast_head":"<!-- This site is optimized with the Yoast SEO plugin v26.8 - https:\/\/yoast.com\/product\/yoast-seo-wordpress\/ -->\n<title>El primer d\u00eda se vendieron m\u00e1s de 15 mil entradas para el Festival de Villa Mar\u00eda - El Regional<\/title>\n<meta name=\"robots\" content=\"index, follow, max-snippet:-1, max-image-preview:large, max-video-preview:-1\" \/>\n<link rel=\"canonical\" href=\"http:\/\/elregionalvm.com.ar\/noticias-villa-maria\/el-primer-dia-se-vendieron-mas-de-15-mil-entradas-para-el-festival-de-villa-maria\/\" \/>\n<meta property=\"og:locale\" content=\"es_ES\" \/>\n<meta property=\"og:type\" content=\"article\" \/>\n<meta property=\"og:title\" content=\"El primer d\u00eda se vendieron m\u00e1s de 15 mil entradas para el Festival de Villa Mar\u00eda - El Regional\" \/>\n<meta property=\"og:description\" content=\"La Municipalidad de Villa Mar\u00eda y el Ente Deporte y Turismo informan que en la primera jornada de venta de tickets para el Festival Internacional de Pe\u00f1as se comercializaron m\u00e1s de 15.000 entradas, lo que marca un hecho sin precedentes para el Festival de Festivales. En tal sentido, cabe destacar que la primera noche de [&hellip;]\" \/>\n<meta property=\"og:url\" content=\"http:\/\/elregionalvm.com.ar\/noticias-villa-maria\/el-primer-dia-se-vendieron-mas-de-15-mil-entradas-para-el-festival-de-villa-maria\/\" \/>\n<meta property=\"og:site_name\" content=\"El Regional\" \/>\n<meta property=\"article:publisher\" content=\"https:\/\/www.facebook.com\/elregionalvm\" \/>\n<meta property=\"article:published_time\" content=\"2023-01-05T02:13:52+00:00\" \/>\n<meta property=\"article:modified_time\" content=\"2023-01-11T03:44:44+00:00\" \/>\n<meta property=\"og:image\" content=\"http:\/\/elregionalvm.com.ar\/noticias-villa-maria\/wp-content\/uploads\/2023\/01\/WhatsApp-Image-2023-01-04-at-22.24.16.jpeg\" \/>\n\t<meta property=\"og:image:width\" content=\"1280\" \/>\n\t<meta property=\"og:image:height\" content=\"720\" \/>\n\t<meta property=\"og:image:type\" content=\"image\/jpeg\" \/>\n<meta name=\"author\" content=\"Contenidos El Regional\" \/>\n<meta name=\"twitter:card\" content=\"summary_large_image\" \/>\n<meta name=\"twitter:creator\" content=\"@elregionalvm1\" \/>\n<meta name=\"twitter:site\" content=\"@elregionalvm1\" \/>\n<meta name=\"twitter:label1\" content=\"Escrito por\" \/>\n\t<meta name=\"twitter:data1\" content=\"Contenidos El Regional\" \/>\n\t<meta name=\"twitter:label2\" content=\"Tiempo de lectura\" \/>\n\t<meta name=\"twitter:data2\" content=\"2 minutos\" \/>\n<script type=\"application\/ld+json\" class=\"yoast-schema-graph\">{\"@context\":\"https:\/\/schema.org\",\"@graph\":[{\"@type\":\"Article\",\"@id\":\"http:\/\/elregionalvm.com.ar\/noticias-villa-maria\/el-primer-dia-se-vendieron-mas-de-15-mil-entradas-para-el-festival-de-villa-maria\/#article\",\"isPartOf\":{\"@id\":\"http:\/\/elregionalvm.com.ar\/noticias-villa-maria\/el-primer-dia-se-vendieron-mas-de-15-mil-entradas-para-el-festival-de-villa-maria\/\"},\"author\":{\"name\":\"Contenidos El Regional\",\"@id\":\"http:\/\/elregionalvm.com.ar\/noticias-villa-maria\/#\/schema\/person\/a0fb9c422317faca23d50163151bc354\"},\"headline\":\"El primer d\u00eda se vendieron m\u00e1s de 15 mil entradas para el Festival de Villa Mar\u00eda\",\"datePublished\":\"2023-01-05T02:13:52+00:00\",\"dateModified\":\"2023-01-11T03:44:44+00:00\",\"mainEntityOfPage\":{\"@id\":\"http:\/\/elregionalvm.com.ar\/noticias-villa-maria\/el-primer-dia-se-vendieron-mas-de-15-mil-entradas-para-el-festival-de-villa-maria\/\"},\"wordCount\":253,\"commentCount\":0,\"image\":{\"@id\":\"http:\/\/elregionalvm.com.ar\/noticias-villa-maria\/el-primer-dia-se-vendieron-mas-de-15-mil-entradas-para-el-festival-de-villa-maria\/#primaryimage\"},\"thumbnailUrl\":\"https:\/\/i0.wp.com\/elregionalvm.com.ar\/noticias-villa-maria\/wp-content\/uploads\/2023\/01\/WhatsApp-Image-2023-01-04-at-22.24.16.jpeg?fit=1280%2C720&ssl=1\",\"keywords\":[\"casi lleno\",\"edici\u00f3n 55\",\"Festival Villa Mar\u00eda\",\"pocas entradas\",\"primer d\u00eda de ventas\",\"Ricky Martin\",\"se comercializaron 15 mil entradas\",\"villa maria\"],\"articleSection\":[\"destacado\",\"Festival de Pe\u00f1as\",\"Villa Mar\u00eda\"],\"inLanguage\":\"es\",\"potentialAction\":[{\"@type\":\"CommentAction\",\"name\":\"Comment\",\"target\":[\"http:\/\/elregionalvm.com.ar\/noticias-villa-maria\/el-primer-dia-se-vendieron-mas-de-15-mil-entradas-para-el-festival-de-villa-maria\/#respond\"]}]},{\"@type\":\"WebPage\",\"@id\":\"http:\/\/elregionalvm.com.ar\/noticias-villa-maria\/el-primer-dia-se-vendieron-mas-de-15-mil-entradas-para-el-festival-de-villa-maria\/\",\"url\":\"http:\/\/elregionalvm.com.ar\/noticias-villa-maria\/el-primer-dia-se-vendieron-mas-de-15-mil-entradas-para-el-festival-de-villa-maria\/\",\"name\":\"El primer d\u00eda se vendieron m\u00e1s de 15 mil entradas para el Festival de Villa Mar\u00eda - El Regional\",\"isPartOf\":{\"@id\":\"http:\/\/elregionalvm.com.ar\/noticias-villa-maria\/#website\"},\"primaryImageOfPage\":{\"@id\":\"http:\/\/elregionalvm.com.ar\/noticias-villa-maria\/el-primer-dia-se-vendieron-mas-de-15-mil-entradas-para-el-festival-de-villa-maria\/#primaryimage\"},\"image\":{\"@id\":\"http:\/\/elregionalvm.com.ar\/noticias-villa-maria\/el-primer-dia-se-vendieron-mas-de-15-mil-entradas-para-el-festival-de-villa-maria\/#primaryimage\"},\"thumbnailUrl\":\"https:\/\/i0.wp.com\/elregionalvm.com.ar\/noticias-villa-maria\/wp-content\/uploads\/2023\/01\/WhatsApp-Image-2023-01-04-at-22.24.16.jpeg?fit=1280%2C720&ssl=1\",\"datePublished\":\"2023-01-05T02:13:52+00:00\",\"dateModified\":\"2023-01-11T03:44:44+00:00\",\"author\":{\"@id\":\"http:\/\/elregionalvm.com.ar\/noticias-villa-maria\/#\/schema\/person\/a0fb9c422317faca23d50163151bc354\"},\"breadcrumb\":{\"@id\":\"http:\/\/elregionalvm.com.ar\/noticias-villa-maria\/el-primer-dia-se-vendieron-mas-de-15-mil-entradas-para-el-festival-de-villa-maria\/#breadcrumb\"},\"inLanguage\":\"es\",\"potentialAction\":[{\"@type\":\"ReadAction\",\"target\":[\"http:\/\/elregionalvm.com.ar\/noticias-villa-maria\/el-primer-dia-se-vendieron-mas-de-15-mil-entradas-para-el-festival-de-villa-maria\/\"]}]},{\"@type\":\"ImageObject\",\"inLanguage\":\"es\",\"@id\":\"http:\/\/elregionalvm.com.ar\/noticias-villa-maria\/el-primer-dia-se-vendieron-mas-de-15-mil-entradas-para-el-festival-de-villa-maria\/#primaryimage\",\"url\":\"https:\/\/i0.wp.com\/elregionalvm.com.ar\/noticias-villa-maria\/wp-content\/uploads\/2023\/01\/WhatsApp-Image-2023-01-04-at-22.24.16.jpeg?fit=1280%2C720&ssl=1\",\"contentUrl\":\"https:\/\/i0.wp.com\/elregionalvm.com.ar\/noticias-villa-maria\/wp-content\/uploads\/2023\/01\/WhatsApp-Image-2023-01-04-at-22.24.16.jpeg?fit=1280%2C720&ssl=1\",\"width\":1280,\"height\":720},{\"@type\":\"BreadcrumbList\",\"@id\":\"http:\/\/elregionalvm.com.ar\/noticias-villa-maria\/el-primer-dia-se-vendieron-mas-de-15-mil-entradas-para-el-festival-de-villa-maria\/#breadcrumb\",\"itemListElement\":[{\"@type\":\"ListItem\",\"position\":1,\"name\":\"Portada\",\"item\":\"https:\/\/elregionalvm.com.ar\/noticias-villa-maria\/\"},{\"@type\":\"ListItem\",\"position\":2,\"name\":\"El primer d\u00eda se vendieron m\u00e1s de 15 mil entradas para el Festival de Villa Mar\u00eda\"}]},{\"@type\":\"WebSite\",\"@id\":\"http:\/\/elregionalvm.com.ar\/noticias-villa-maria\/#website\",\"url\":\"http:\/\/elregionalvm.com.ar\/noticias-villa-maria\/\",\"name\":\"El Regional\",\"description\":\"Mucho m\u00e1s que informaci\u00f3n\",\"potentialAction\":[{\"@type\":\"SearchAction\",\"target\":{\"@type\":\"EntryPoint\",\"urlTemplate\":\"http:\/\/elregionalvm.com.ar\/noticias-villa-maria\/?s={search_term_string}\"},\"query-input\":{\"@type\":\"PropertyValueSpecification\",\"valueRequired\":true,\"valueName\":\"search_term_string\"}}],\"inLanguage\":\"es\"},{\"@type\":\"Person\",\"@id\":\"http:\/\/elregionalvm.com.ar\/noticias-villa-maria\/#\/schema\/person\/a0fb9c422317faca23d50163151bc354\",\"name\":\"Contenidos El Regional\",\"image\":{\"@type\":\"ImageObject\",\"inLanguage\":\"es\",\"@id\":\"http:\/\/elregionalvm.com.ar\/noticias-villa-maria\/#\/schema\/person\/image\/\",\"url\":\"https:\/\/secure.gravatar.com\/avatar\/265b27cb2209af7bb3a1318f03305787d7981a5cc6e6cd08fe5a4ecdf99d4b48?s=96&d=mm&r=g\",\"contentUrl\":\"https:\/\/secure.gravatar.com\/avatar\/265b27cb2209af7bb3a1318f03305787d7981a5cc6e6cd08fe5a4ecdf99d4b48?s=96&d=mm&r=g\",\"caption\":\"Contenidos El Regional\"},\"url\":\"https:\/\/elregionalvm.com.ar\/noticias-villa-maria\/author\/contenido\/\"}]}<\/script>\n<!-- \/ Yoast SEO plugin. -->","yoast_head_json":{"title":"El primer d\u00eda se vendieron m\u00e1s de 15 mil entradas para el Festival de Villa Mar\u00eda - El Regional","robots":{"index":"index","follow":"follow","max-snippet":"max-snippet:-1","max-image-preview":"max-image-preview:large","max-video-preview":"max-video-preview:-1"},"canonical":"http:\/\/elregionalvm.com.ar\/noticias-villa-maria\/el-primer-dia-se-vendieron-mas-de-15-mil-entradas-para-el-festival-de-villa-maria\/","og_locale":"es_ES","og_type":"article","og_title":"El primer d\u00eda se vendieron m\u00e1s de 15 mil entradas para el Festival de Villa Mar\u00eda - El Regional","og_description":"La Municipalidad de Villa Mar\u00eda y el Ente Deporte y Turismo informan que en la primera jornada de venta de tickets para el Festival Internacional de Pe\u00f1as se comercializaron m\u00e1s de 15.000 entradas, lo que marca un hecho sin precedentes para el Festival de Festivales. En tal sentido, cabe destacar que la primera noche de [&hellip;]","og_url":"http:\/\/elregionalvm.com.ar\/noticias-villa-maria\/el-primer-dia-se-vendieron-mas-de-15-mil-entradas-para-el-festival-de-villa-maria\/","og_site_name":"El Regional","article_publisher":"https:\/\/www.facebook.com\/elregionalvm","article_published_time":"2023-01-05T02:13:52+00:00","article_modified_time":"2023-01-11T03:44:44+00:00","og_image":[{"width":1280,"height":720,"url":"http:\/\/elregionalvm.com.ar\/noticias-villa-maria\/wp-content\/uploads\/2023\/01\/WhatsApp-Image-2023-01-04-at-22.24.16.jpeg","type":"image\/jpeg"}],"author":"Contenidos El Regional","twitter_card":"summary_large_image","twitter_creator":"@elregionalvm1","twitter_site":"@elregionalvm1","twitter_misc":{"Escrito por":"Contenidos El Regional","Tiempo de lectura":"2 minutos"},"schema":{"@context":"https:\/\/schema.org","@graph":[{"@type":"Article","@id":"http:\/\/elregionalvm.com.ar\/noticias-villa-maria\/el-primer-dia-se-vendieron-mas-de-15-mil-entradas-para-el-festival-de-villa-maria\/#article","isPartOf":{"@id":"http:\/\/elregionalvm.com.ar\/noticias-villa-maria\/el-primer-dia-se-vendieron-mas-de-15-mil-entradas-para-el-festival-de-villa-maria\/"},"author":{"name":"Contenidos El Regional","@id":"http:\/\/elregionalvm.com.ar\/noticias-villa-maria\/#\/schema\/person\/a0fb9c422317faca23d50163151bc354"},"headline":"El primer d\u00eda se vendieron m\u00e1s de 15 mil entradas para el Festival de Villa Mar\u00eda","datePublished":"2023-01-05T02:13:52+00:00","dateModified":"2023-01-11T03:44:44+00:00","mainEntityOfPage":{"@id":"http:\/\/elregionalvm.com.ar\/noticias-villa-maria\/el-primer-dia-se-vendieron-mas-de-15-mil-entradas-para-el-festival-de-villa-maria\/"},"wordCount":253,"commentCount":0,"image":{"@id":"http:\/\/elregionalvm.com.ar\/noticias-villa-maria\/el-primer-dia-se-vendieron-mas-de-15-mil-entradas-para-el-festival-de-villa-maria\/#primaryimage"},"thumbnailUrl":"https:\/\/i0.wp.com\/elregionalvm.com.ar\/noticias-villa-maria\/wp-content\/uploads\/2023\/01\/WhatsApp-Image-2023-01-04-at-22.24.16.jpeg?fit=1280%2C720&ssl=1","keywords":["casi lleno","edici\u00f3n 55","Festival Villa Mar\u00eda","pocas entradas","primer d\u00eda de ventas","Ricky Martin","se comercializaron 15 mil entradas","villa maria"],"articleSection":["destacado","Festival de Pe\u00f1as","Villa Mar\u00eda"],"inLanguage":"es","potentialAction":[{"@type":"CommentAction","name":"Comment","target":["http:\/\/elregionalvm.com.ar\/noticias-villa-maria\/el-primer-dia-se-vendieron-mas-de-15-mil-entradas-para-el-festival-de-villa-maria\/#respond"]}]},{"@type":"WebPage","@id":"http:\/\/elregionalvm.com.ar\/noticias-villa-maria\/el-primer-dia-se-vendieron-mas-de-15-mil-entradas-para-el-festival-de-villa-maria\/","url":"http:\/\/elregionalvm.com.ar\/noticias-villa-maria\/el-primer-dia-se-vendieron-mas-de-15-mil-entradas-para-el-festival-de-villa-maria\/","name":"El primer d\u00eda se vendieron m\u00e1s de 15 mil entradas para el Festival de Villa Mar\u00eda - El Regional","isPartOf":{"@id":"http:\/\/elregionalvm.com.ar\/noticias-villa-maria\/#website"},"primaryImageOfPage":{"@id":"http:\/\/elregionalvm.com.ar\/noticias-villa-maria\/el-primer-dia-se-vendieron-mas-de-15-mil-entradas-para-el-festival-de-villa-maria\/#primaryimage"},"image":{"@id":"http:\/\/elregionalvm.com.ar\/noticias-villa-maria\/el-primer-dia-se-vendieron-mas-de-15-mil-entradas-para-el-festival-de-villa-maria\/#primaryimage"},"thumbnailUrl":"https:\/\/i0.wp.com\/elregionalvm.com.ar\/noticias-villa-maria\/wp-content\/uploads\/2023\/01\/WhatsApp-Image-2023-01-04-at-22.24.16.jpeg?fit=1280%2C720&ssl=1","datePublished":"2023-01-05T02:13:52+00:00","dateModified":"2023-01-11T03:44:44+00:00","author":{"@id":"http:\/\/elregionalvm.com.ar\/noticias-villa-maria\/#\/schema\/person\/a0fb9c422317faca23d50163151bc354"},"breadcrumb":{"@id":"http:\/\/elregionalvm.com.ar\/noticias-villa-maria\/el-primer-dia-se-vendieron-mas-de-15-mil-entradas-para-el-festival-de-villa-maria\/#breadcrumb"},"inLanguage":"es","potentialAction":[{"@type":"ReadAction","target":["http:\/\/elregionalvm.com.ar\/noticias-villa-maria\/el-primer-dia-se-vendieron-mas-de-15-mil-entradas-para-el-festival-de-villa-maria\/"]}]},{"@type":"ImageObject","inLanguage":"es","@id":"http:\/\/elregionalvm.com.ar\/noticias-villa-maria\/el-primer-dia-se-vendieron-mas-de-15-mil-entradas-para-el-festival-de-villa-maria\/#primaryimage","url":"https:\/\/i0.wp.com\/elregionalvm.com.ar\/noticias-villa-maria\/wp-content\/uploads\/2023\/01\/WhatsApp-Image-2023-01-04-at-22.24.16.jpeg?fit=1280%2C720&ssl=1","contentUrl":"https:\/\/i0.wp.com\/elregionalvm.com.ar\/noticias-villa-maria\/wp-content\/uploads\/2023\/01\/WhatsApp-Image-2023-01-04-at-22.24.16.jpeg?fit=1280%2C720&ssl=1","width":1280,"height":720},{"@type":"BreadcrumbList","@id":"http:\/\/elregionalvm.com.ar\/noticias-villa-maria\/el-primer-dia-se-vendieron-mas-de-15-mil-entradas-para-el-festival-de-villa-maria\/#breadcrumb","itemListElement":[{"@type":"ListItem","position":1,"name":"Portada","item":"https:\/\/elregionalvm.com.ar\/noticias-villa-maria\/"},{"@type":"ListItem","position":2,"name":"El primer d\u00eda se vendieron m\u00e1s de 15 mil entradas para el Festival de Villa Mar\u00eda"}]},{"@type":"WebSite","@id":"http:\/\/elregionalvm.com.ar\/noticias-villa-maria\/#website","url":"http:\/\/elregionalvm.com.ar\/noticias-villa-maria\/","name":"El Regional","description":"Mucho m\u00e1s que informaci\u00f3n","potentialAction":[{"@type":"SearchAction","target":{"@type":"EntryPoint","urlTemplate":"http:\/\/elregionalvm.com.ar\/noticias-villa-maria\/?s={search_term_string}"},"query-input":{"@type":"PropertyValueSpecification","valueRequired":true,"valueName":"search_term_string"}}],"inLanguage":"es"},{"@type":"Person","@id":"http:\/\/elregionalvm.com.ar\/noticias-villa-maria\/#\/schema\/person\/a0fb9c422317faca23d50163151bc354","name":"Contenidos El Regional","image":{"@type":"ImageObject","inLanguage":"es","@id":"http:\/\/elregionalvm.com.ar\/noticias-villa-maria\/#\/schema\/person\/image\/","url":"https:\/\/secure.gravatar.com\/avatar\/265b27cb2209af7bb3a1318f03305787d7981a5cc6e6cd08fe5a4ecdf99d4b48?s=96&d=mm&r=g","contentUrl":"https:\/\/secure.gravatar.com\/avatar\/265b27cb2209af7bb3a1318f03305787d7981a5cc6e6cd08fe5a4ecdf99d4b48?s=96&d=mm&r=g","caption":"Contenidos El Regional"},"url":"https:\/\/elregionalvm.com.ar\/noticias-villa-maria\/author\/contenido\/"}]}},"jetpack_featured_media_url":"https:\/\/i0.wp.com\/elregionalvm.com.ar\/noticias-villa-maria\/wp-content\/uploads\/2023\/01\/WhatsApp-Image-2023-01-04-at-22.24.16.jpeg?fit=1280%2C720&ssl=1","jetpack_sharing_enabled":true,"_links":{"self":[{"href":"https:\/\/elregionalvm.com.ar\/noticias-villa-maria\/wp-json\/wp\/v2\/posts\/69714","targetHints":{"allow":["GET"]}}],"collection":[{"href":"https:\/\/elregionalvm.com.ar\/noticias-villa-maria\/wp-json\/wp\/v2\/posts"}],"about":[{"href":"https:\/\/elregionalvm.com.ar\/noticias-villa-maria\/wp-json\/wp\/v2\/types\/post"}],"author":[{"embeddable":true,"href":"https:\/\/elregionalvm.com.ar\/noticias-villa-maria\/wp-json\/wp\/v2\/users\/4"}],"replies":[{"embeddable":true,"href":"https:\/\/elregionalvm.com.ar\/noticias-villa-maria\/wp-json\/wp\/v2\/comments?post=69714"}],"version-history":[{"count":1,"href":"https:\/\/elregionalvm.com.ar\/noticias-villa-maria\/wp-json\/wp\/v2\/posts\/69714\/revisions"}],"predecessor-version":[{"id":69718,"href":"https:\/\/elregionalvm.com.ar\/noticias-villa-maria\/wp-json\/wp\/v2\/posts\/69714\/revisions\/69718"}],"wp:featuredmedia":[{"embeddable":true,"href":"https:\/\/elregionalvm.com.ar\/noticias-villa-maria\/wp-json\/wp\/v2\/media\/69715"}],"wp:attachment":[{"href":"https:\/\/elregionalvm.com.ar\/noticias-villa-maria\/wp-json\/wp\/v2\/media?parent=69714"}],"wp:term":[{"taxonomy":"category","embeddable":true,"href":"https:\/\/elregionalvm.com.ar\/noticias-villa-maria\/wp-json\/wp\/v2\/categories?post=69714"},{"taxonomy":"post_tag","embeddable":true,"href":"https:\/\/elregionalvm.com.ar\/noticias-villa-maria\/wp-json\/wp\/v2\/tags?post=69714"}],"curies":[{"name":"wp","href":"https:\/\/api.w.org\/{rel}","templated":true}]}}