{"id":69719,"date":"2023-01-05T02:23:45","date_gmt":"2023-01-05T02:23:45","guid":{"rendered":"https:\/\/elregionalvm.com.ar\/noticias-villa-maria\/?p=69719"},"modified":"2023-01-05T02:23:48","modified_gmt":"2023-01-05T02:23:48","slug":"acondicionan-un-tramo-de-avenida-peron-realizan-un-ensanchamiento-de-la-calzada","status":"publish","type":"post","link":"https:\/\/elregionalvm.com.ar\/noticias-villa-maria\/acondicionan-un-tramo-de-avenida-peron-realizan-un-ensanchamiento-de-la-calzada\/","title":{"rendered":"Acondicionan un tramo de avenida Per\u00f3n: realizan un ensanchamiento de la calzada"},"content":{"rendered":"\n<p>El intendente Mart\u00edn Gill supervis\u00f3 las labores de ensanchamiento de calzada que el municipio lleva adelante en un tramo de avenida Per\u00f3n. De este modo, avanzan las tareas que tienen por objetivo acondicionar las arterias de la ciudad y brindar mayor seguridad a vecinos y vecinas.<\/p>\n\n\n\n<p>Puntualmente, la intervenci\u00f3n ejecutada a trav\u00e9s de la Secretar\u00eda de Ambiente, Obras y Servicios P\u00fablicos, tiene lugar en el trayecto comprendido entre calles Arturo M. Bas y Paraguay. All\u00ed, trabajadores a cargo de la obra llevan a cabo las tareas sobre ambas manos de la calzada, tras remover las bases para su posterior hormigonado.<\/p>\n\n\n\n<figure class=\"wp-block-gallery has-nested-images columns-default is-cropped wp-block-gallery-1 is-layout-flex wp-block-gallery-is-layout-flex\">\n<figure class=\"wp-block-image size-large\"><img data-recalc-dims=\"1\" fetchpriority=\"high\" decoding=\"async\" width=\"1024\" height=\"682\" data-id=\"69722\" src=\"https:\/\/i0.wp.com\/elregionalvm.com.ar\/noticias-villa-maria\/wp-content\/uploads\/2023\/01\/WhatsApp-Image-2023-01-04-at-14.55.08-1.jpeg?resize=1024%2C682&#038;ssl=1\" alt=\"\" class=\"wp-image-69722\" srcset=\"https:\/\/i0.wp.com\/elregionalvm.com.ar\/noticias-villa-maria\/wp-content\/uploads\/2023\/01\/WhatsApp-Image-2023-01-04-at-14.55.08-1.jpeg?resize=1024%2C682&amp;ssl=1 1024w, https:\/\/i0.wp.com\/elregionalvm.com.ar\/noticias-villa-maria\/wp-content\/uploads\/2023\/01\/WhatsApp-Image-2023-01-04-at-14.55.08-1.jpeg?resize=300%2C200&amp;ssl=1 300w, https:\/\/i0.wp.com\/elregionalvm.com.ar\/noticias-villa-maria\/wp-content\/uploads\/2023\/01\/WhatsApp-Image-2023-01-04-at-14.55.08-1.jpeg?resize=768%2C512&amp;ssl=1 768w, https:\/\/i0.wp.com\/elregionalvm.com.ar\/noticias-villa-maria\/wp-content\/uploads\/2023\/01\/WhatsApp-Image-2023-01-04-at-14.55.08-1.jpeg?w=1280&amp;ssl=1 1280w\" sizes=\"(max-width: 1000px) 100vw, 1000px\" \/><\/figure>\n\n\n\n<figure class=\"wp-block-image size-large\"><img data-recalc-dims=\"1\" decoding=\"async\" width=\"1024\" height=\"682\" data-id=\"69721\" src=\"https:\/\/i0.wp.com\/elregionalvm.com.ar\/noticias-villa-maria\/wp-content\/uploads\/2023\/01\/WhatsApp-Image-2023-01-04-at-14.55.10.jpeg?resize=1024%2C682&#038;ssl=1\" alt=\"\" class=\"wp-image-69721\" srcset=\"https:\/\/i0.wp.com\/elregionalvm.com.ar\/noticias-villa-maria\/wp-content\/uploads\/2023\/01\/WhatsApp-Image-2023-01-04-at-14.55.10.jpeg?resize=1024%2C682&amp;ssl=1 1024w, https:\/\/i0.wp.com\/elregionalvm.com.ar\/noticias-villa-maria\/wp-content\/uploads\/2023\/01\/WhatsApp-Image-2023-01-04-at-14.55.10.jpeg?resize=300%2C200&amp;ssl=1 300w, https:\/\/i0.wp.com\/elregionalvm.com.ar\/noticias-villa-maria\/wp-content\/uploads\/2023\/01\/WhatsApp-Image-2023-01-04-at-14.55.10.jpeg?resize=768%2C512&amp;ssl=1 768w, https:\/\/i0.wp.com\/elregionalvm.com.ar\/noticias-villa-maria\/wp-content\/uploads\/2023\/01\/WhatsApp-Image-2023-01-04-at-14.55.10.jpeg?w=1280&amp;ssl=1 1280w\" sizes=\"(max-width: 1000px) 100vw, 1000px\" \/><\/figure>\n<\/figure>\n\n\n\n<p>As\u00ed, mediante la construcci\u00f3n de estructuras en pendiente se posibilitar\u00e1 el \u00f3ptimo desag\u00fce de la arteria, al mismo tiempo que se ver\u00e1 dinamizado el tr\u00e1nsito y flujo vehicular por uno de los principales acceso a la ciudad desde la autopista n\u00b0 9.<\/p>\n\n\n\n<p>En tanto, se solicita a quienes circulen por el sector hacerlo con precauci\u00f3n y dando cumplimiento a las se\u00f1ales dispuestas en el lugar.<\/p>\n","protected":false},"excerpt":{"rendered":"<p>El intendente Mart\u00edn Gill supervis\u00f3 las labores de ensanchamiento de calzada que el municipio lleva adelante en un tramo de avenida Per\u00f3n. De este modo, avanzan las tareas que tienen por objetivo acondicionar las arterias de la ciudad y brindar mayor seguridad a vecinos y vecinas. Puntualmente, la intervenci\u00f3n ejecutada a trav\u00e9s de la Secretar\u00eda [&hellip;]<\/p>\n","protected":false},"author":4,"featured_media":69720,"comment_status":"open","ping_status":"open","sticky":false,"template":"","format":"standard","meta":{"site-sidebar-layout":"default","site-content-layout":"","ast-site-content-layout":"default","site-content-style":"default","site-sidebar-style":"default","ast-global-header-display":"","ast-banner-title-visibility":"","ast-main-header-display":"","ast-hfb-above-header-display":"","ast-hfb-below-header-display":"","ast-hfb-mobile-header-display":"","site-post-title":"","ast-breadcrumbs-content":"","ast-featured-img":"","footer-sml-layout":"","ast-disable-related-posts":"","theme-transparent-header-meta":"","adv-header-id-meta":"","stick-header-meta":"","header-above-stick-meta":"","header-main-stick-meta":"","header-below-stick-meta":"","astra-migrate-meta-layouts":"default","ast-page-background-enabled":"default","ast-page-background-meta":{"desktop":{"background-color":"","background-image":"","background-repeat":"repeat","background-position":"center center","background-size":"auto","background-attachment":"scroll","background-type":"","background-media":"","overlay-type":"","overlay-color":"","overlay-opacity":"","overlay-gradient":""},"tablet":{"background-color":"","background-image":"","background-repeat":"repeat","background-position":"center center","background-size":"auto","background-attachment":"scroll","background-type":"","background-media":"","overlay-type":"","overlay-color":"","overlay-opacity":"","overlay-gradient":""},"mobile":{"background-color":"","background-image":"","background-repeat":"repeat","background-position":"center center","background-size":"auto","background-attachment":"scroll","background-type":"","background-media":"","overlay-type":"","overlay-color":"","overlay-opacity":"","overlay-gradient":""}},"ast-content-background-meta":{"desktop":{"background-color":"var(--ast-global-color-5)","background-image":"","background-repeat":"repeat","background-position":"center center","background-size":"auto","background-attachment":"scroll","background-type":"","background-media":"","overlay-type":"","overlay-color":"","overlay-opacity":"","overlay-gradient":""},"tablet":{"background-color":"var(--ast-global-color-5)","background-image":"","background-repeat":"repeat","background-position":"center center","background-size":"auto","background-attachment":"scroll","background-type":"","background-media":"","overlay-type":"","overlay-color":"","overlay-opacity":"","overlay-gradient":""},"mobile":{"background-color":"var(--ast-global-color-5)","background-image":"","background-repeat":"repeat","background-position":"center center","background-size":"auto","background-attachment":"scroll","background-type":"","background-media":"","overlay-type":"","overlay-color":"","overlay-opacity":"","overlay-gradient":""}},"_jetpack_memberships_contains_paid_content":false,"_joinchat":[],"footnotes":""},"categories":[2],"tags":[20952,20951,20950,20953,7788,14267,20476],"class_list":["post-69719","post","type-post","status-publish","format-standard","has-post-thumbnail","hentry","category-villa-maria","tag-ambas-manos","tag-avenida-peron","tag-ensanchamiento","tag-entre-arturo-bas-y-paraguay","tag-hormigonado","tag-martin-rodrigo-gill","tag-supervision-de-obra"],"yoast_head":"<!-- This site is optimized with the Yoast SEO plugin v26.8 - https:\/\/yoast.com\/product\/yoast-seo-wordpress\/ -->\n<title>Acondicionan un tramo de avenida Per\u00f3n: realizan un ensanchamiento de la calzada - El Regional<\/title>\n<meta name=\"robots\" content=\"index, follow, max-snippet:-1, max-image-preview:large, max-video-preview:-1\" \/>\n<link rel=\"canonical\" href=\"http:\/\/elregionalvm.com.ar\/noticias-villa-maria\/acondicionan-un-tramo-de-avenida-peron-realizan-un-ensanchamiento-de-la-calzada\/\" \/>\n<meta property=\"og:locale\" content=\"es_ES\" \/>\n<meta property=\"og:type\" content=\"article\" \/>\n<meta property=\"og:title\" content=\"Acondicionan un tramo de avenida Per\u00f3n: realizan un ensanchamiento de la calzada - El Regional\" \/>\n<meta property=\"og:description\" content=\"El intendente Mart\u00edn Gill supervis\u00f3 las labores de ensanchamiento de calzada que el municipio lleva adelante en un tramo de avenida Per\u00f3n. De este modo, avanzan las tareas que tienen por objetivo acondicionar las arterias de la ciudad y brindar mayor seguridad a vecinos y vecinas. Puntualmente, la intervenci\u00f3n ejecutada a trav\u00e9s de la Secretar\u00eda [&hellip;]\" \/>\n<meta property=\"og:url\" content=\"http:\/\/elregionalvm.com.ar\/noticias-villa-maria\/acondicionan-un-tramo-de-avenida-peron-realizan-un-ensanchamiento-de-la-calzada\/\" \/>\n<meta property=\"og:site_name\" content=\"El Regional\" \/>\n<meta property=\"article:publisher\" content=\"https:\/\/www.facebook.com\/elregionalvm\" \/>\n<meta property=\"article:published_time\" content=\"2023-01-05T02:23:45+00:00\" \/>\n<meta property=\"article:modified_time\" content=\"2023-01-05T02:23:48+00:00\" \/>\n<meta property=\"og:image\" content=\"http:\/\/elregionalvm.com.ar\/noticias-villa-maria\/wp-content\/uploads\/2023\/01\/WhatsApp-Image-2023-01-04-at-14.55.08.jpeg\" \/>\n\t<meta property=\"og:image:width\" content=\"1280\" \/>\n\t<meta property=\"og:image:height\" content=\"853\" \/>\n\t<meta property=\"og:image:type\" content=\"image\/jpeg\" \/>\n<meta name=\"author\" content=\"Contenidos El Regional\" \/>\n<meta name=\"twitter:card\" content=\"summary_large_image\" \/>\n<meta name=\"twitter:creator\" content=\"@elregionalvm1\" \/>\n<meta name=\"twitter:site\" content=\"@elregionalvm1\" \/>\n<meta name=\"twitter:label1\" content=\"Escrito por\" \/>\n\t<meta name=\"twitter:data1\" content=\"Contenidos El Regional\" \/>\n\t<meta name=\"twitter:label2\" content=\"Tiempo de lectura\" \/>\n\t<meta name=\"twitter:data2\" content=\"2 minutos\" \/>\n<script type=\"application\/ld+json\" class=\"yoast-schema-graph\">{\"@context\":\"https:\/\/schema.org\",\"@graph\":[{\"@type\":\"Article\",\"@id\":\"http:\/\/elregionalvm.com.ar\/noticias-villa-maria\/acondicionan-un-tramo-de-avenida-peron-realizan-un-ensanchamiento-de-la-calzada\/#article\",\"isPartOf\":{\"@id\":\"http:\/\/elregionalvm.com.ar\/noticias-villa-maria\/acondicionan-un-tramo-de-avenida-peron-realizan-un-ensanchamiento-de-la-calzada\/\"},\"author\":{\"name\":\"Contenidos El Regional\",\"@id\":\"http:\/\/elregionalvm.com.ar\/noticias-villa-maria\/#\/schema\/person\/a0fb9c422317faca23d50163151bc354\"},\"headline\":\"Acondicionan un tramo de avenida Per\u00f3n: realizan un ensanchamiento de la calzada\",\"datePublished\":\"2023-01-05T02:23:45+00:00\",\"dateModified\":\"2023-01-05T02:23:48+00:00\",\"mainEntityOfPage\":{\"@id\":\"http:\/\/elregionalvm.com.ar\/noticias-villa-maria\/acondicionan-un-tramo-de-avenida-peron-realizan-un-ensanchamiento-de-la-calzada\/\"},\"wordCount\":188,\"commentCount\":0,\"image\":{\"@id\":\"http:\/\/elregionalvm.com.ar\/noticias-villa-maria\/acondicionan-un-tramo-de-avenida-peron-realizan-un-ensanchamiento-de-la-calzada\/#primaryimage\"},\"thumbnailUrl\":\"https:\/\/i0.wp.com\/elregionalvm.com.ar\/noticias-villa-maria\/wp-content\/uploads\/2023\/01\/WhatsApp-Image-2023-01-04-at-14.55.08.jpeg?fit=1280%2C853&ssl=1\",\"keywords\":[\"ambas manos\",\"Avenida Per\u00f3n\",\"ensanchamiento\",\"entre Arturo Bas y Paraguay\",\"hormigonado\",\"Mart\u00edn Rodrigo Gill\",\"supervisi\u00f3n de obra\"],\"articleSection\":[\"Villa Mar\u00eda\"],\"inLanguage\":\"es\",\"potentialAction\":[{\"@type\":\"CommentAction\",\"name\":\"Comment\",\"target\":[\"http:\/\/elregionalvm.com.ar\/noticias-villa-maria\/acondicionan-un-tramo-de-avenida-peron-realizan-un-ensanchamiento-de-la-calzada\/#respond\"]}]},{\"@type\":\"WebPage\",\"@id\":\"http:\/\/elregionalvm.com.ar\/noticias-villa-maria\/acondicionan-un-tramo-de-avenida-peron-realizan-un-ensanchamiento-de-la-calzada\/\",\"url\":\"http:\/\/elregionalvm.com.ar\/noticias-villa-maria\/acondicionan-un-tramo-de-avenida-peron-realizan-un-ensanchamiento-de-la-calzada\/\",\"name\":\"Acondicionan un tramo de avenida Per\u00f3n: realizan un ensanchamiento de la calzada - El Regional\",\"isPartOf\":{\"@id\":\"http:\/\/elregionalvm.com.ar\/noticias-villa-maria\/#website\"},\"primaryImageOfPage\":{\"@id\":\"http:\/\/elregionalvm.com.ar\/noticias-villa-maria\/acondicionan-un-tramo-de-avenida-peron-realizan-un-ensanchamiento-de-la-calzada\/#primaryimage\"},\"image\":{\"@id\":\"http:\/\/elregionalvm.com.ar\/noticias-villa-maria\/acondicionan-un-tramo-de-avenida-peron-realizan-un-ensanchamiento-de-la-calzada\/#primaryimage\"},\"thumbnailUrl\":\"https:\/\/i0.wp.com\/elregionalvm.com.ar\/noticias-villa-maria\/wp-content\/uploads\/2023\/01\/WhatsApp-Image-2023-01-04-at-14.55.08.jpeg?fit=1280%2C853&ssl=1\",\"datePublished\":\"2023-01-05T02:23:45+00:00\",\"dateModified\":\"2023-01-05T02:23:48+00:00\",\"author\":{\"@id\":\"http:\/\/elregionalvm.com.ar\/noticias-villa-maria\/#\/schema\/person\/a0fb9c422317faca23d50163151bc354\"},\"breadcrumb\":{\"@id\":\"http:\/\/elregionalvm.com.ar\/noticias-villa-maria\/acondicionan-un-tramo-de-avenida-peron-realizan-un-ensanchamiento-de-la-calzada\/#breadcrumb\"},\"inLanguage\":\"es\",\"potentialAction\":[{\"@type\":\"ReadAction\",\"target\":[\"http:\/\/elregionalvm.com.ar\/noticias-villa-maria\/acondicionan-un-tramo-de-avenida-peron-realizan-un-ensanchamiento-de-la-calzada\/\"]}]},{\"@type\":\"ImageObject\",\"inLanguage\":\"es\",\"@id\":\"http:\/\/elregionalvm.com.ar\/noticias-villa-maria\/acondicionan-un-tramo-de-avenida-peron-realizan-un-ensanchamiento-de-la-calzada\/#primaryimage\",\"url\":\"https:\/\/i0.wp.com\/elregionalvm.com.ar\/noticias-villa-maria\/wp-content\/uploads\/2023\/01\/WhatsApp-Image-2023-01-04-at-14.55.08.jpeg?fit=1280%2C853&ssl=1\",\"contentUrl\":\"https:\/\/i0.wp.com\/elregionalvm.com.ar\/noticias-villa-maria\/wp-content\/uploads\/2023\/01\/WhatsApp-Image-2023-01-04-at-14.55.08.jpeg?fit=1280%2C853&ssl=1\",\"width\":1280,\"height\":853},{\"@type\":\"BreadcrumbList\",\"@id\":\"http:\/\/elregionalvm.com.ar\/noticias-villa-maria\/acondicionan-un-tramo-de-avenida-peron-realizan-un-ensanchamiento-de-la-calzada\/#breadcrumb\",\"itemListElement\":[{\"@type\":\"ListItem\",\"position\":1,\"name\":\"Portada\",\"item\":\"https:\/\/elregionalvm.com.ar\/noticias-villa-maria\/\"},{\"@type\":\"ListItem\",\"position\":2,\"name\":\"Acondicionan un tramo de avenida Per\u00f3n: realizan un ensanchamiento de la calzada\"}]},{\"@type\":\"WebSite\",\"@id\":\"http:\/\/elregionalvm.com.ar\/noticias-villa-maria\/#website\",\"url\":\"http:\/\/elregionalvm.com.ar\/noticias-villa-maria\/\",\"name\":\"El Regional\",\"description\":\"Mucho m\u00e1s que informaci\u00f3n\",\"potentialAction\":[{\"@type\":\"SearchAction\",\"target\":{\"@type\":\"EntryPoint\",\"urlTemplate\":\"http:\/\/elregionalvm.com.ar\/noticias-villa-maria\/?s={search_term_string}\"},\"query-input\":{\"@type\":\"PropertyValueSpecification\",\"valueRequired\":true,\"valueName\":\"search_term_string\"}}],\"inLanguage\":\"es\"},{\"@type\":\"Person\",\"@id\":\"http:\/\/elregionalvm.com.ar\/noticias-villa-maria\/#\/schema\/person\/a0fb9c422317faca23d50163151bc354\",\"name\":\"Contenidos El Regional\",\"image\":{\"@type\":\"ImageObject\",\"inLanguage\":\"es\",\"@id\":\"http:\/\/elregionalvm.com.ar\/noticias-villa-maria\/#\/schema\/person\/image\/\",\"url\":\"https:\/\/secure.gravatar.com\/avatar\/265b27cb2209af7bb3a1318f03305787d7981a5cc6e6cd08fe5a4ecdf99d4b48?s=96&d=mm&r=g\",\"contentUrl\":\"https:\/\/secure.gravatar.com\/avatar\/265b27cb2209af7bb3a1318f03305787d7981a5cc6e6cd08fe5a4ecdf99d4b48?s=96&d=mm&r=g\",\"caption\":\"Contenidos El Regional\"},\"url\":\"https:\/\/elregionalvm.com.ar\/noticias-villa-maria\/author\/contenido\/\"}]}<\/script>\n<!-- \/ Yoast SEO plugin. -->","yoast_head_json":{"title":"Acondicionan un tramo de avenida Per\u00f3n: realizan un ensanchamiento de la calzada - El Regional","robots":{"index":"index","follow":"follow","max-snippet":"max-snippet:-1","max-image-preview":"max-image-preview:large","max-video-preview":"max-video-preview:-1"},"canonical":"http:\/\/elregionalvm.com.ar\/noticias-villa-maria\/acondicionan-un-tramo-de-avenida-peron-realizan-un-ensanchamiento-de-la-calzada\/","og_locale":"es_ES","og_type":"article","og_title":"Acondicionan un tramo de avenida Per\u00f3n: realizan un ensanchamiento de la calzada - El Regional","og_description":"El intendente Mart\u00edn Gill supervis\u00f3 las labores de ensanchamiento de calzada que el municipio lleva adelante en un tramo de avenida Per\u00f3n. De este modo, avanzan las tareas que tienen por objetivo acondicionar las arterias de la ciudad y brindar mayor seguridad a vecinos y vecinas. Puntualmente, la intervenci\u00f3n ejecutada a trav\u00e9s de la Secretar\u00eda [&hellip;]","og_url":"http:\/\/elregionalvm.com.ar\/noticias-villa-maria\/acondicionan-un-tramo-de-avenida-peron-realizan-un-ensanchamiento-de-la-calzada\/","og_site_name":"El Regional","article_publisher":"https:\/\/www.facebook.com\/elregionalvm","article_published_time":"2023-01-05T02:23:45+00:00","article_modified_time":"2023-01-05T02:23:48+00:00","og_image":[{"width":1280,"height":853,"url":"http:\/\/elregionalvm.com.ar\/noticias-villa-maria\/wp-content\/uploads\/2023\/01\/WhatsApp-Image-2023-01-04-at-14.55.08.jpeg","type":"image\/jpeg"}],"author":"Contenidos El Regional","twitter_card":"summary_large_image","twitter_creator":"@elregionalvm1","twitter_site":"@elregionalvm1","twitter_misc":{"Escrito por":"Contenidos El Regional","Tiempo de lectura":"2 minutos"},"schema":{"@context":"https:\/\/schema.org","@graph":[{"@type":"Article","@id":"http:\/\/elregionalvm.com.ar\/noticias-villa-maria\/acondicionan-un-tramo-de-avenida-peron-realizan-un-ensanchamiento-de-la-calzada\/#article","isPartOf":{"@id":"http:\/\/elregionalvm.com.ar\/noticias-villa-maria\/acondicionan-un-tramo-de-avenida-peron-realizan-un-ensanchamiento-de-la-calzada\/"},"author":{"name":"Contenidos El Regional","@id":"http:\/\/elregionalvm.com.ar\/noticias-villa-maria\/#\/schema\/person\/a0fb9c422317faca23d50163151bc354"},"headline":"Acondicionan un tramo de avenida Per\u00f3n: realizan un ensanchamiento de la calzada","datePublished":"2023-01-05T02:23:45+00:00","dateModified":"2023-01-05T02:23:48+00:00","mainEntityOfPage":{"@id":"http:\/\/elregionalvm.com.ar\/noticias-villa-maria\/acondicionan-un-tramo-de-avenida-peron-realizan-un-ensanchamiento-de-la-calzada\/"},"wordCount":188,"commentCount":0,"image":{"@id":"http:\/\/elregionalvm.com.ar\/noticias-villa-maria\/acondicionan-un-tramo-de-avenida-peron-realizan-un-ensanchamiento-de-la-calzada\/#primaryimage"},"thumbnailUrl":"https:\/\/i0.wp.com\/elregionalvm.com.ar\/noticias-villa-maria\/wp-content\/uploads\/2023\/01\/WhatsApp-Image-2023-01-04-at-14.55.08.jpeg?fit=1280%2C853&ssl=1","keywords":["ambas manos","Avenida Per\u00f3n","ensanchamiento","entre Arturo Bas y Paraguay","hormigonado","Mart\u00edn Rodrigo Gill","supervisi\u00f3n de obra"],"articleSection":["Villa Mar\u00eda"],"inLanguage":"es","potentialAction":[{"@type":"CommentAction","name":"Comment","target":["http:\/\/elregionalvm.com.ar\/noticias-villa-maria\/acondicionan-un-tramo-de-avenida-peron-realizan-un-ensanchamiento-de-la-calzada\/#respond"]}]},{"@type":"WebPage","@id":"http:\/\/elregionalvm.com.ar\/noticias-villa-maria\/acondicionan-un-tramo-de-avenida-peron-realizan-un-ensanchamiento-de-la-calzada\/","url":"http:\/\/elregionalvm.com.ar\/noticias-villa-maria\/acondicionan-un-tramo-de-avenida-peron-realizan-un-ensanchamiento-de-la-calzada\/","name":"Acondicionan un tramo de avenida Per\u00f3n: realizan un ensanchamiento de la calzada - El Regional","isPartOf":{"@id":"http:\/\/elregionalvm.com.ar\/noticias-villa-maria\/#website"},"primaryImageOfPage":{"@id":"http:\/\/elregionalvm.com.ar\/noticias-villa-maria\/acondicionan-un-tramo-de-avenida-peron-realizan-un-ensanchamiento-de-la-calzada\/#primaryimage"},"image":{"@id":"http:\/\/elregionalvm.com.ar\/noticias-villa-maria\/acondicionan-un-tramo-de-avenida-peron-realizan-un-ensanchamiento-de-la-calzada\/#primaryimage"},"thumbnailUrl":"https:\/\/i0.wp.com\/elregionalvm.com.ar\/noticias-villa-maria\/wp-content\/uploads\/2023\/01\/WhatsApp-Image-2023-01-04-at-14.55.08.jpeg?fit=1280%2C853&ssl=1","datePublished":"2023-01-05T02:23:45+00:00","dateModified":"2023-01-05T02:23:48+00:00","author":{"@id":"http:\/\/elregionalvm.com.ar\/noticias-villa-maria\/#\/schema\/person\/a0fb9c422317faca23d50163151bc354"},"breadcrumb":{"@id":"http:\/\/elregionalvm.com.ar\/noticias-villa-maria\/acondicionan-un-tramo-de-avenida-peron-realizan-un-ensanchamiento-de-la-calzada\/#breadcrumb"},"inLanguage":"es","potentialAction":[{"@type":"ReadAction","target":["http:\/\/elregionalvm.com.ar\/noticias-villa-maria\/acondicionan-un-tramo-de-avenida-peron-realizan-un-ensanchamiento-de-la-calzada\/"]}]},{"@type":"ImageObject","inLanguage":"es","@id":"http:\/\/elregionalvm.com.ar\/noticias-villa-maria\/acondicionan-un-tramo-de-avenida-peron-realizan-un-ensanchamiento-de-la-calzada\/#primaryimage","url":"https:\/\/i0.wp.com\/elregionalvm.com.ar\/noticias-villa-maria\/wp-content\/uploads\/2023\/01\/WhatsApp-Image-2023-01-04-at-14.55.08.jpeg?fit=1280%2C853&ssl=1","contentUrl":"https:\/\/i0.wp.com\/elregionalvm.com.ar\/noticias-villa-maria\/wp-content\/uploads\/2023\/01\/WhatsApp-Image-2023-01-04-at-14.55.08.jpeg?fit=1280%2C853&ssl=1","width":1280,"height":853},{"@type":"BreadcrumbList","@id":"http:\/\/elregionalvm.com.ar\/noticias-villa-maria\/acondicionan-un-tramo-de-avenida-peron-realizan-un-ensanchamiento-de-la-calzada\/#breadcrumb","itemListElement":[{"@type":"ListItem","position":1,"name":"Portada","item":"https:\/\/elregionalvm.com.ar\/noticias-villa-maria\/"},{"@type":"ListItem","position":2,"name":"Acondicionan un tramo de avenida Per\u00f3n: realizan un ensanchamiento de la calzada"}]},{"@type":"WebSite","@id":"http:\/\/elregionalvm.com.ar\/noticias-villa-maria\/#website","url":"http:\/\/elregionalvm.com.ar\/noticias-villa-maria\/","name":"El Regional","description":"Mucho m\u00e1s que informaci\u00f3n","potentialAction":[{"@type":"SearchAction","target":{"@type":"EntryPoint","urlTemplate":"http:\/\/elregionalvm.com.ar\/noticias-villa-maria\/?s={search_term_string}"},"query-input":{"@type":"PropertyValueSpecification","valueRequired":true,"valueName":"search_term_string"}}],"inLanguage":"es"},{"@type":"Person","@id":"http:\/\/elregionalvm.com.ar\/noticias-villa-maria\/#\/schema\/person\/a0fb9c422317faca23d50163151bc354","name":"Contenidos El Regional","image":{"@type":"ImageObject","inLanguage":"es","@id":"http:\/\/elregionalvm.com.ar\/noticias-villa-maria\/#\/schema\/person\/image\/","url":"https:\/\/secure.gravatar.com\/avatar\/265b27cb2209af7bb3a1318f03305787d7981a5cc6e6cd08fe5a4ecdf99d4b48?s=96&d=mm&r=g","contentUrl":"https:\/\/secure.gravatar.com\/avatar\/265b27cb2209af7bb3a1318f03305787d7981a5cc6e6cd08fe5a4ecdf99d4b48?s=96&d=mm&r=g","caption":"Contenidos El Regional"},"url":"https:\/\/elregionalvm.com.ar\/noticias-villa-maria\/author\/contenido\/"}]}},"jetpack_featured_media_url":"https:\/\/i0.wp.com\/elregionalvm.com.ar\/noticias-villa-maria\/wp-content\/uploads\/2023\/01\/WhatsApp-Image-2023-01-04-at-14.55.08.jpeg?fit=1280%2C853&ssl=1","jetpack_sharing_enabled":true,"_links":{"self":[{"href":"https:\/\/elregionalvm.com.ar\/noticias-villa-maria\/wp-json\/wp\/v2\/posts\/69719","targetHints":{"allow":["GET"]}}],"collection":[{"href":"https:\/\/elregionalvm.com.ar\/noticias-villa-maria\/wp-json\/wp\/v2\/posts"}],"about":[{"href":"https:\/\/elregionalvm.com.ar\/noticias-villa-maria\/wp-json\/wp\/v2\/types\/post"}],"author":[{"embeddable":true,"href":"https:\/\/elregionalvm.com.ar\/noticias-villa-maria\/wp-json\/wp\/v2\/users\/4"}],"replies":[{"embeddable":true,"href":"https:\/\/elregionalvm.com.ar\/noticias-villa-maria\/wp-json\/wp\/v2\/comments?post=69719"}],"version-history":[{"count":1,"href":"https:\/\/elregionalvm.com.ar\/noticias-villa-maria\/wp-json\/wp\/v2\/posts\/69719\/revisions"}],"predecessor-version":[{"id":69723,"href":"https:\/\/elregionalvm.com.ar\/noticias-villa-maria\/wp-json\/wp\/v2\/posts\/69719\/revisions\/69723"}],"wp:featuredmedia":[{"embeddable":true,"href":"https:\/\/elregionalvm.com.ar\/noticias-villa-maria\/wp-json\/wp\/v2\/media\/69720"}],"wp:attachment":[{"href":"https:\/\/elregionalvm.com.ar\/noticias-villa-maria\/wp-json\/wp\/v2\/media?parent=69719"}],"wp:term":[{"taxonomy":"category","embeddable":true,"href":"https:\/\/elregionalvm.com.ar\/noticias-villa-maria\/wp-json\/wp\/v2\/categories?post=69719"},{"taxonomy":"post_tag","embeddable":true,"href":"https:\/\/elregionalvm.com.ar\/noticias-villa-maria\/wp-json\/wp\/v2\/tags?post=69719"}],"curies":[{"name":"wp","href":"https:\/\/api.w.org\/{rel}","templated":true}]}}