{"id":69730,"date":"2023-01-05T20:15:25","date_gmt":"2023-01-05T20:15:25","guid":{"rendered":"https:\/\/elregionalvm.com.ar\/noticias-villa-maria\/?p=69730"},"modified":"2023-01-05T22:44:17","modified_gmt":"2023-01-05T22:44:17","slug":"el-centro-de-monitoreo-ayudo-a-detener-a-tres-sujetos-que-robaron-salvajemente-a-un-joven","status":"publish","type":"post","link":"https:\/\/elregionalvm.com.ar\/noticias-villa-maria\/el-centro-de-monitoreo-ayudo-a-detener-a-tres-sujetos-que-robaron-salvajemente-a-un-joven\/","title":{"rendered":"El Centro de Monitoreo ayud\u00f3 a detener a tres sujetos que robaron salvajemente a un joven"},"content":{"rendered":"\n<p>La detecci\u00f3n por parte del Centro de Monitoreo Municipal de una situaci\u00f3n il\u00edcita en la v\u00eda p\u00fablica, dio lugar esta ma\u00f1ana al accionar de las fuerzas policiales para la aprensi\u00f3n de tres supuestos autores de un robo.<\/p>\n\n\n\n<p>El episodio tuvo lugar en inmediaciones de la Costanera, a media ma\u00f1ana, donde result\u00f3 v\u00edctima un joven ciclista que circulaba por el lugar, a quien le extrajeron de modo violento su celular. Aparentemente el joven fue arrastrado por el autom\u00f3vil de los delincuentes, y por fortuna, no hubo que lamentar algo peor para la v\u00edctima.<\/p>\n\n\n\n<p>Fue as\u00ed que trabajadores de la Sala de Monitoreo alertaron la situaci\u00f3n y dieron seguimiento a trav\u00e9s de las c\u00e1maras de videovigilancia a los sujetos que huyeron en un autom\u00f3vil.<\/p>\n\n\n\n<p>En consecuencia, los m\u00f3viles policiales intervinieron con un operativo cerrojo que culmin\u00f3 en barrio Las Playas con el detenimiento de los involucrados.<\/p>\n\n\n\n<p>Es oportuno recordar que la entidad con sede en el Centro C\u00edvico funciona bajo la \u00f3rbita de la Secretar\u00eda de Gobierno, Seguridad Ciudadana y Asuntos Legales, y cuenta con la labor de 45 operadores en turnos rotativos. <\/p>\n\n\n\n<p>As\u00ed, de lunes a domingos durante las 24 horas, se encargan de la observaci\u00f3n y monitoreo a los fines de detectar situaciones que puedan ser derivadas a la Polic\u00eda de C\u00f3rdoba, Seguridad Ciudadana o Bomberos.<\/p>\n\n\n\n<figure class=\"wp-block-gallery has-nested-images columns-default is-cropped wp-block-gallery-1 is-layout-flex wp-block-gallery-is-layout-flex\">\n<figure class=\"wp-block-image size-large\"><img data-recalc-dims=\"1\" fetchpriority=\"high\" decoding=\"async\" width=\"1024\" height=\"768\" data-id=\"69777\" src=\"https:\/\/i0.wp.com\/elregionalvm.com.ar\/noticias-villa-maria\/wp-content\/uploads\/2023\/01\/WhatsApp-Image-2023-01-05-at-13.39.40.jpeg?resize=1024%2C768&#038;ssl=1\" alt=\"\" class=\"wp-image-69777\" srcset=\"https:\/\/i0.wp.com\/elregionalvm.com.ar\/noticias-villa-maria\/wp-content\/uploads\/2023\/01\/WhatsApp-Image-2023-01-05-at-13.39.40.jpeg?resize=1024%2C768&amp;ssl=1 1024w, https:\/\/i0.wp.com\/elregionalvm.com.ar\/noticias-villa-maria\/wp-content\/uploads\/2023\/01\/WhatsApp-Image-2023-01-05-at-13.39.40.jpeg?resize=300%2C225&amp;ssl=1 300w, https:\/\/i0.wp.com\/elregionalvm.com.ar\/noticias-villa-maria\/wp-content\/uploads\/2023\/01\/WhatsApp-Image-2023-01-05-at-13.39.40.jpeg?resize=768%2C576&amp;ssl=1 768w, https:\/\/i0.wp.com\/elregionalvm.com.ar\/noticias-villa-maria\/wp-content\/uploads\/2023\/01\/WhatsApp-Image-2023-01-05-at-13.39.40.jpeg?resize=1536%2C1152&amp;ssl=1 1536w, https:\/\/i0.wp.com\/elregionalvm.com.ar\/noticias-villa-maria\/wp-content\/uploads\/2023\/01\/WhatsApp-Image-2023-01-05-at-13.39.40.jpeg?w=1600&amp;ssl=1 1600w\" sizes=\"(max-width: 1000px) 100vw, 1000px\" \/><\/figure>\n\n\n\n<figure class=\"wp-block-image size-large\"><img data-recalc-dims=\"1\" decoding=\"async\" width=\"1024\" height=\"576\" data-id=\"69776\" src=\"https:\/\/i0.wp.com\/elregionalvm.com.ar\/noticias-villa-maria\/wp-content\/uploads\/2023\/01\/WhatsApp-Image-2023-01-05-at-13.39.39.jpeg?resize=1024%2C576&#038;ssl=1\" alt=\"\" class=\"wp-image-69776\" srcset=\"https:\/\/i0.wp.com\/elregionalvm.com.ar\/noticias-villa-maria\/wp-content\/uploads\/2023\/01\/WhatsApp-Image-2023-01-05-at-13.39.39.jpeg?resize=1024%2C576&amp;ssl=1 1024w, https:\/\/i0.wp.com\/elregionalvm.com.ar\/noticias-villa-maria\/wp-content\/uploads\/2023\/01\/WhatsApp-Image-2023-01-05-at-13.39.39.jpeg?resize=300%2C169&amp;ssl=1 300w, https:\/\/i0.wp.com\/elregionalvm.com.ar\/noticias-villa-maria\/wp-content\/uploads\/2023\/01\/WhatsApp-Image-2023-01-05-at-13.39.39.jpeg?resize=768%2C432&amp;ssl=1 768w, https:\/\/i0.wp.com\/elregionalvm.com.ar\/noticias-villa-maria\/wp-content\/uploads\/2023\/01\/WhatsApp-Image-2023-01-05-at-13.39.39.jpeg?resize=1536%2C864&amp;ssl=1 1536w, https:\/\/i0.wp.com\/elregionalvm.com.ar\/noticias-villa-maria\/wp-content\/uploads\/2023\/01\/WhatsApp-Image-2023-01-05-at-13.39.39.jpeg?w=1599&amp;ssl=1 1599w\" sizes=\"(max-width: 1000px) 100vw, 1000px\" \/><\/figure>\n<\/figure>\n\n\n\n<p><strong>El Informe Policial<\/strong><\/p>\n\n\n\n<p>La Departamental, mediante un comunicado inform\u00f3 que las aprehensiones de los sujetos fueron en calle Puerto Rico al 2600 y se trataba de tres hombres de 23, 24 y 26 a\u00f1os de edad, todos ellos oriundos de la localidad de Bell Ville.<\/p>\n\n\n\n<p>Todos quedaron detenidos como supuestos autores del delito de \u201crobo en grado de tentativa\u201d; ya que momentos antes hab\u00edan interceptado a un joven de 20 a\u00f1os que circulaba por el sector de calles Santa Fe y Bruno Ceballos, en la zona de la costanera, mientras circulaban a bordo de un autom\u00f3vil, con intenciones de robo.<\/p>\n\n\n\n<p>Forcejearon con el damnificado a lo largo de varios metros sobre la v\u00eda p\u00fablica para finalmente darse a la fuga. consecuencia de ello se implement\u00f3 un operativo cerrojo que incluy\u00f3 trabajo conjunto con el centro de monitoreo, y que permiti\u00f3 resultado positivo logrando las aprehensiones y el secuestro de un autom\u00f3vil Ford Ka, que respond\u00edan a las caracter\u00edsticas aportadas por el damnificado como as\u00ed tambi\u00e9n el seguimiento de los operadores de las c\u00e1maras p\u00fablicas.<\/p>\n","protected":false},"excerpt":{"rendered":"<p>La detecci\u00f3n por parte del Centro de Monitoreo Municipal de una situaci\u00f3n il\u00edcita en la v\u00eda p\u00fablica, dio lugar esta ma\u00f1ana al accionar de las fuerzas policiales para la aprensi\u00f3n de tres supuestos autores de un robo. El episodio tuvo lugar en inmediaciones de la Costanera, a media ma\u00f1ana, donde result\u00f3 v\u00edctima un joven ciclista [&hellip;]<\/p>\n","protected":false},"author":4,"featured_media":69731,"comment_status":"open","ping_status":"open","sticky":false,"template":"","format":"standard","meta":{"site-sidebar-layout":"default","site-content-layout":"","ast-site-content-layout":"default","site-content-style":"default","site-sidebar-style":"default","ast-global-header-display":"","ast-banner-title-visibility":"","ast-main-header-display":"","ast-hfb-above-header-display":"","ast-hfb-below-header-display":"","ast-hfb-mobile-header-display":"","site-post-title":"","ast-breadcrumbs-content":"","ast-featured-img":"","footer-sml-layout":"","ast-disable-related-posts":"","theme-transparent-header-meta":"","adv-header-id-meta":"","stick-header-meta":"","header-above-stick-meta":"","header-main-stick-meta":"","header-below-stick-meta":"","astra-migrate-meta-layouts":"default","ast-page-background-enabled":"default","ast-page-background-meta":{"desktop":{"background-color":"","background-image":"","background-repeat":"repeat","background-position":"center center","background-size":"auto","background-attachment":"scroll","background-type":"","background-media":"","overlay-type":"","overlay-color":"","overlay-opacity":"","overlay-gradient":""},"tablet":{"background-color":"","background-image":"","background-repeat":"repeat","background-position":"center center","background-size":"auto","background-attachment":"scroll","background-type":"","background-media":"","overlay-type":"","overlay-color":"","overlay-opacity":"","overlay-gradient":""},"mobile":{"background-color":"","background-image":"","background-repeat":"repeat","background-position":"center center","background-size":"auto","background-attachment":"scroll","background-type":"","background-media":"","overlay-type":"","overlay-color":"","overlay-opacity":"","overlay-gradient":""}},"ast-content-background-meta":{"desktop":{"background-color":"var(--ast-global-color-5)","background-image":"","background-repeat":"repeat","background-position":"center center","background-size":"auto","background-attachment":"scroll","background-type":"","background-media":"","overlay-type":"","overlay-color":"","overlay-opacity":"","overlay-gradient":""},"tablet":{"background-color":"var(--ast-global-color-5)","background-image":"","background-repeat":"repeat","background-position":"center center","background-size":"auto","background-attachment":"scroll","background-type":"","background-media":"","overlay-type":"","overlay-color":"","overlay-opacity":"","overlay-gradient":""},"mobile":{"background-color":"var(--ast-global-color-5)","background-image":"","background-repeat":"repeat","background-position":"center center","background-size":"auto","background-attachment":"scroll","background-type":"","background-media":"","overlay-type":"","overlay-color":"","overlay-opacity":"","overlay-gradient":""}},"_jetpack_memberships_contains_paid_content":false,"_joinchat":[],"footnotes":""},"categories":[15302,2234],"tags":[20955,2301,2731,20954,9,20956,14245,11539],"class_list":["post-69730","post","type-post","status-publish","format-standard","has-post-thumbnail","hentry","category-destacado","category-policiales","tag-arrastrado-por-auto","tag-barrio-las-playas","tag-centro-de-monitoreo","tag-ciclista-robado","tag-costanera","tag-delincuentes-detenidos","tag-operativo-cerrojo","tag-robo-de-celular"],"yoast_head":"<!-- This site is optimized with the Yoast SEO plugin v26.8 - https:\/\/yoast.com\/product\/yoast-seo-wordpress\/ -->\n<title>El Centro de Monitoreo ayud\u00f3 a detener a tres sujetos que robaron salvajemente a un joven - El Regional<\/title>\n<meta name=\"robots\" content=\"index, follow, max-snippet:-1, max-image-preview:large, max-video-preview:-1\" \/>\n<link rel=\"canonical\" href=\"http:\/\/elregionalvm.com.ar\/noticias-villa-maria\/el-centro-de-monitoreo-ayudo-a-detener-a-tres-sujetos-que-robaron-salvajemente-a-un-joven\/\" \/>\n<meta property=\"og:locale\" content=\"es_ES\" \/>\n<meta property=\"og:type\" content=\"article\" \/>\n<meta property=\"og:title\" content=\"El Centro de Monitoreo ayud\u00f3 a detener a tres sujetos que robaron salvajemente a un joven - El Regional\" \/>\n<meta property=\"og:description\" content=\"La detecci\u00f3n por parte del Centro de Monitoreo Municipal de una situaci\u00f3n il\u00edcita en la v\u00eda p\u00fablica, dio lugar esta ma\u00f1ana al accionar de las fuerzas policiales para la aprensi\u00f3n de tres supuestos autores de un robo. El episodio tuvo lugar en inmediaciones de la Costanera, a media ma\u00f1ana, donde result\u00f3 v\u00edctima un joven ciclista [&hellip;]\" \/>\n<meta property=\"og:url\" content=\"http:\/\/elregionalvm.com.ar\/noticias-villa-maria\/el-centro-de-monitoreo-ayudo-a-detener-a-tres-sujetos-que-robaron-salvajemente-a-un-joven\/\" \/>\n<meta property=\"og:site_name\" content=\"El Regional\" \/>\n<meta property=\"article:publisher\" content=\"https:\/\/www.facebook.com\/elregionalvm\" \/>\n<meta property=\"article:published_time\" content=\"2023-01-05T20:15:25+00:00\" \/>\n<meta property=\"article:modified_time\" content=\"2023-01-05T22:44:17+00:00\" \/>\n<meta property=\"og:image\" content=\"http:\/\/elregionalvm.com.ar\/noticias-villa-maria\/wp-content\/uploads\/2023\/01\/robo-de-celular.jpg\" \/>\n\t<meta property=\"og:image:width\" content=\"717\" \/>\n\t<meta property=\"og:image:height\" content=\"440\" \/>\n\t<meta property=\"og:image:type\" content=\"image\/jpeg\" \/>\n<meta name=\"author\" content=\"Contenidos El Regional\" \/>\n<meta name=\"twitter:card\" content=\"summary_large_image\" \/>\n<meta name=\"twitter:creator\" content=\"@elregionalvm1\" \/>\n<meta name=\"twitter:site\" content=\"@elregionalvm1\" \/>\n<meta name=\"twitter:label1\" content=\"Escrito por\" \/>\n\t<meta name=\"twitter:data1\" content=\"Contenidos El Regional\" \/>\n\t<meta name=\"twitter:label2\" content=\"Tiempo de lectura\" \/>\n\t<meta name=\"twitter:data2\" content=\"3 minutos\" \/>\n<script type=\"application\/ld+json\" class=\"yoast-schema-graph\">{\"@context\":\"https:\/\/schema.org\",\"@graph\":[{\"@type\":\"Article\",\"@id\":\"http:\/\/elregionalvm.com.ar\/noticias-villa-maria\/el-centro-de-monitoreo-ayudo-a-detener-a-tres-sujetos-que-robaron-salvajemente-a-un-joven\/#article\",\"isPartOf\":{\"@id\":\"http:\/\/elregionalvm.com.ar\/noticias-villa-maria\/el-centro-de-monitoreo-ayudo-a-detener-a-tres-sujetos-que-robaron-salvajemente-a-un-joven\/\"},\"author\":{\"name\":\"Contenidos El Regional\",\"@id\":\"http:\/\/elregionalvm.com.ar\/noticias-villa-maria\/#\/schema\/person\/a0fb9c422317faca23d50163151bc354\"},\"headline\":\"El Centro de Monitoreo ayud\u00f3 a detener a tres sujetos que robaron salvajemente a un joven\",\"datePublished\":\"2023-01-05T20:15:25+00:00\",\"dateModified\":\"2023-01-05T22:44:17+00:00\",\"mainEntityOfPage\":{\"@id\":\"http:\/\/elregionalvm.com.ar\/noticias-villa-maria\/el-centro-de-monitoreo-ayudo-a-detener-a-tres-sujetos-que-robaron-salvajemente-a-un-joven\/\"},\"wordCount\":432,\"commentCount\":0,\"image\":{\"@id\":\"http:\/\/elregionalvm.com.ar\/noticias-villa-maria\/el-centro-de-monitoreo-ayudo-a-detener-a-tres-sujetos-que-robaron-salvajemente-a-un-joven\/#primaryimage\"},\"thumbnailUrl\":\"https:\/\/i0.wp.com\/elregionalvm.com.ar\/noticias-villa-maria\/wp-content\/uploads\/2023\/01\/robo-de-celular.jpg?fit=717%2C440&ssl=1\",\"keywords\":[\"arrastrado por auto\",\"Barrio Las Playas\",\"centro de monitoreo\",\"ciclista robado\",\"Costanera\",\"delincuentes detenidos\",\"operativo cerrojo\",\"robo de celular\"],\"articleSection\":[\"destacado\",\"Policiales\"],\"inLanguage\":\"es\",\"potentialAction\":[{\"@type\":\"CommentAction\",\"name\":\"Comment\",\"target\":[\"http:\/\/elregionalvm.com.ar\/noticias-villa-maria\/el-centro-de-monitoreo-ayudo-a-detener-a-tres-sujetos-que-robaron-salvajemente-a-un-joven\/#respond\"]}]},{\"@type\":\"WebPage\",\"@id\":\"http:\/\/elregionalvm.com.ar\/noticias-villa-maria\/el-centro-de-monitoreo-ayudo-a-detener-a-tres-sujetos-que-robaron-salvajemente-a-un-joven\/\",\"url\":\"http:\/\/elregionalvm.com.ar\/noticias-villa-maria\/el-centro-de-monitoreo-ayudo-a-detener-a-tres-sujetos-que-robaron-salvajemente-a-un-joven\/\",\"name\":\"El Centro de Monitoreo ayud\u00f3 a detener a tres sujetos que robaron salvajemente a un joven - El Regional\",\"isPartOf\":{\"@id\":\"http:\/\/elregionalvm.com.ar\/noticias-villa-maria\/#website\"},\"primaryImageOfPage\":{\"@id\":\"http:\/\/elregionalvm.com.ar\/noticias-villa-maria\/el-centro-de-monitoreo-ayudo-a-detener-a-tres-sujetos-que-robaron-salvajemente-a-un-joven\/#primaryimage\"},\"image\":{\"@id\":\"http:\/\/elregionalvm.com.ar\/noticias-villa-maria\/el-centro-de-monitoreo-ayudo-a-detener-a-tres-sujetos-que-robaron-salvajemente-a-un-joven\/#primaryimage\"},\"thumbnailUrl\":\"https:\/\/i0.wp.com\/elregionalvm.com.ar\/noticias-villa-maria\/wp-content\/uploads\/2023\/01\/robo-de-celular.jpg?fit=717%2C440&ssl=1\",\"datePublished\":\"2023-01-05T20:15:25+00:00\",\"dateModified\":\"2023-01-05T22:44:17+00:00\",\"author\":{\"@id\":\"http:\/\/elregionalvm.com.ar\/noticias-villa-maria\/#\/schema\/person\/a0fb9c422317faca23d50163151bc354\"},\"breadcrumb\":{\"@id\":\"http:\/\/elregionalvm.com.ar\/noticias-villa-maria\/el-centro-de-monitoreo-ayudo-a-detener-a-tres-sujetos-que-robaron-salvajemente-a-un-joven\/#breadcrumb\"},\"inLanguage\":\"es\",\"potentialAction\":[{\"@type\":\"ReadAction\",\"target\":[\"http:\/\/elregionalvm.com.ar\/noticias-villa-maria\/el-centro-de-monitoreo-ayudo-a-detener-a-tres-sujetos-que-robaron-salvajemente-a-un-joven\/\"]}]},{\"@type\":\"ImageObject\",\"inLanguage\":\"es\",\"@id\":\"http:\/\/elregionalvm.com.ar\/noticias-villa-maria\/el-centro-de-monitoreo-ayudo-a-detener-a-tres-sujetos-que-robaron-salvajemente-a-un-joven\/#primaryimage\",\"url\":\"https:\/\/i0.wp.com\/elregionalvm.com.ar\/noticias-villa-maria\/wp-content\/uploads\/2023\/01\/robo-de-celular.jpg?fit=717%2C440&ssl=1\",\"contentUrl\":\"https:\/\/i0.wp.com\/elregionalvm.com.ar\/noticias-villa-maria\/wp-content\/uploads\/2023\/01\/robo-de-celular.jpg?fit=717%2C440&ssl=1\",\"width\":717,\"height\":440},{\"@type\":\"BreadcrumbList\",\"@id\":\"http:\/\/elregionalvm.com.ar\/noticias-villa-maria\/el-centro-de-monitoreo-ayudo-a-detener-a-tres-sujetos-que-robaron-salvajemente-a-un-joven\/#breadcrumb\",\"itemListElement\":[{\"@type\":\"ListItem\",\"position\":1,\"name\":\"Portada\",\"item\":\"https:\/\/elregionalvm.com.ar\/noticias-villa-maria\/\"},{\"@type\":\"ListItem\",\"position\":2,\"name\":\"El Centro de Monitoreo ayud\u00f3 a detener a tres sujetos que robaron salvajemente a un joven\"}]},{\"@type\":\"WebSite\",\"@id\":\"http:\/\/elregionalvm.com.ar\/noticias-villa-maria\/#website\",\"url\":\"http:\/\/elregionalvm.com.ar\/noticias-villa-maria\/\",\"name\":\"El Regional\",\"description\":\"Mucho m\u00e1s que informaci\u00f3n\",\"potentialAction\":[{\"@type\":\"SearchAction\",\"target\":{\"@type\":\"EntryPoint\",\"urlTemplate\":\"http:\/\/elregionalvm.com.ar\/noticias-villa-maria\/?s={search_term_string}\"},\"query-input\":{\"@type\":\"PropertyValueSpecification\",\"valueRequired\":true,\"valueName\":\"search_term_string\"}}],\"inLanguage\":\"es\"},{\"@type\":\"Person\",\"@id\":\"http:\/\/elregionalvm.com.ar\/noticias-villa-maria\/#\/schema\/person\/a0fb9c422317faca23d50163151bc354\",\"name\":\"Contenidos El Regional\",\"image\":{\"@type\":\"ImageObject\",\"inLanguage\":\"es\",\"@id\":\"http:\/\/elregionalvm.com.ar\/noticias-villa-maria\/#\/schema\/person\/image\/\",\"url\":\"https:\/\/secure.gravatar.com\/avatar\/265b27cb2209af7bb3a1318f03305787d7981a5cc6e6cd08fe5a4ecdf99d4b48?s=96&d=mm&r=g\",\"contentUrl\":\"https:\/\/secure.gravatar.com\/avatar\/265b27cb2209af7bb3a1318f03305787d7981a5cc6e6cd08fe5a4ecdf99d4b48?s=96&d=mm&r=g\",\"caption\":\"Contenidos El Regional\"},\"url\":\"https:\/\/elregionalvm.com.ar\/noticias-villa-maria\/author\/contenido\/\"}]}<\/script>\n<!-- \/ Yoast SEO plugin. -->","yoast_head_json":{"title":"El Centro de Monitoreo ayud\u00f3 a detener a tres sujetos que robaron salvajemente a un joven - El Regional","robots":{"index":"index","follow":"follow","max-snippet":"max-snippet:-1","max-image-preview":"max-image-preview:large","max-video-preview":"max-video-preview:-1"},"canonical":"http:\/\/elregionalvm.com.ar\/noticias-villa-maria\/el-centro-de-monitoreo-ayudo-a-detener-a-tres-sujetos-que-robaron-salvajemente-a-un-joven\/","og_locale":"es_ES","og_type":"article","og_title":"El Centro de Monitoreo ayud\u00f3 a detener a tres sujetos que robaron salvajemente a un joven - El Regional","og_description":"La detecci\u00f3n por parte del Centro de Monitoreo Municipal de una situaci\u00f3n il\u00edcita en la v\u00eda p\u00fablica, dio lugar esta ma\u00f1ana al accionar de las fuerzas policiales para la aprensi\u00f3n de tres supuestos autores de un robo. El episodio tuvo lugar en inmediaciones de la Costanera, a media ma\u00f1ana, donde result\u00f3 v\u00edctima un joven ciclista [&hellip;]","og_url":"http:\/\/elregionalvm.com.ar\/noticias-villa-maria\/el-centro-de-monitoreo-ayudo-a-detener-a-tres-sujetos-que-robaron-salvajemente-a-un-joven\/","og_site_name":"El Regional","article_publisher":"https:\/\/www.facebook.com\/elregionalvm","article_published_time":"2023-01-05T20:15:25+00:00","article_modified_time":"2023-01-05T22:44:17+00:00","og_image":[{"width":717,"height":440,"url":"http:\/\/elregionalvm.com.ar\/noticias-villa-maria\/wp-content\/uploads\/2023\/01\/robo-de-celular.jpg","type":"image\/jpeg"}],"author":"Contenidos El Regional","twitter_card":"summary_large_image","twitter_creator":"@elregionalvm1","twitter_site":"@elregionalvm1","twitter_misc":{"Escrito por":"Contenidos El Regional","Tiempo de lectura":"3 minutos"},"schema":{"@context":"https:\/\/schema.org","@graph":[{"@type":"Article","@id":"http:\/\/elregionalvm.com.ar\/noticias-villa-maria\/el-centro-de-monitoreo-ayudo-a-detener-a-tres-sujetos-que-robaron-salvajemente-a-un-joven\/#article","isPartOf":{"@id":"http:\/\/elregionalvm.com.ar\/noticias-villa-maria\/el-centro-de-monitoreo-ayudo-a-detener-a-tres-sujetos-que-robaron-salvajemente-a-un-joven\/"},"author":{"name":"Contenidos El Regional","@id":"http:\/\/elregionalvm.com.ar\/noticias-villa-maria\/#\/schema\/person\/a0fb9c422317faca23d50163151bc354"},"headline":"El Centro de Monitoreo ayud\u00f3 a detener a tres sujetos que robaron salvajemente a un joven","datePublished":"2023-01-05T20:15:25+00:00","dateModified":"2023-01-05T22:44:17+00:00","mainEntityOfPage":{"@id":"http:\/\/elregionalvm.com.ar\/noticias-villa-maria\/el-centro-de-monitoreo-ayudo-a-detener-a-tres-sujetos-que-robaron-salvajemente-a-un-joven\/"},"wordCount":432,"commentCount":0,"image":{"@id":"http:\/\/elregionalvm.com.ar\/noticias-villa-maria\/el-centro-de-monitoreo-ayudo-a-detener-a-tres-sujetos-que-robaron-salvajemente-a-un-joven\/#primaryimage"},"thumbnailUrl":"https:\/\/i0.wp.com\/elregionalvm.com.ar\/noticias-villa-maria\/wp-content\/uploads\/2023\/01\/robo-de-celular.jpg?fit=717%2C440&ssl=1","keywords":["arrastrado por auto","Barrio Las Playas","centro de monitoreo","ciclista robado","Costanera","delincuentes detenidos","operativo cerrojo","robo de celular"],"articleSection":["destacado","Policiales"],"inLanguage":"es","potentialAction":[{"@type":"CommentAction","name":"Comment","target":["http:\/\/elregionalvm.com.ar\/noticias-villa-maria\/el-centro-de-monitoreo-ayudo-a-detener-a-tres-sujetos-que-robaron-salvajemente-a-un-joven\/#respond"]}]},{"@type":"WebPage","@id":"http:\/\/elregionalvm.com.ar\/noticias-villa-maria\/el-centro-de-monitoreo-ayudo-a-detener-a-tres-sujetos-que-robaron-salvajemente-a-un-joven\/","url":"http:\/\/elregionalvm.com.ar\/noticias-villa-maria\/el-centro-de-monitoreo-ayudo-a-detener-a-tres-sujetos-que-robaron-salvajemente-a-un-joven\/","name":"El Centro de Monitoreo ayud\u00f3 a detener a tres sujetos que robaron salvajemente a un joven - El Regional","isPartOf":{"@id":"http:\/\/elregionalvm.com.ar\/noticias-villa-maria\/#website"},"primaryImageOfPage":{"@id":"http:\/\/elregionalvm.com.ar\/noticias-villa-maria\/el-centro-de-monitoreo-ayudo-a-detener-a-tres-sujetos-que-robaron-salvajemente-a-un-joven\/#primaryimage"},"image":{"@id":"http:\/\/elregionalvm.com.ar\/noticias-villa-maria\/el-centro-de-monitoreo-ayudo-a-detener-a-tres-sujetos-que-robaron-salvajemente-a-un-joven\/#primaryimage"},"thumbnailUrl":"https:\/\/i0.wp.com\/elregionalvm.com.ar\/noticias-villa-maria\/wp-content\/uploads\/2023\/01\/robo-de-celular.jpg?fit=717%2C440&ssl=1","datePublished":"2023-01-05T20:15:25+00:00","dateModified":"2023-01-05T22:44:17+00:00","author":{"@id":"http:\/\/elregionalvm.com.ar\/noticias-villa-maria\/#\/schema\/person\/a0fb9c422317faca23d50163151bc354"},"breadcrumb":{"@id":"http:\/\/elregionalvm.com.ar\/noticias-villa-maria\/el-centro-de-monitoreo-ayudo-a-detener-a-tres-sujetos-que-robaron-salvajemente-a-un-joven\/#breadcrumb"},"inLanguage":"es","potentialAction":[{"@type":"ReadAction","target":["http:\/\/elregionalvm.com.ar\/noticias-villa-maria\/el-centro-de-monitoreo-ayudo-a-detener-a-tres-sujetos-que-robaron-salvajemente-a-un-joven\/"]}]},{"@type":"ImageObject","inLanguage":"es","@id":"http:\/\/elregionalvm.com.ar\/noticias-villa-maria\/el-centro-de-monitoreo-ayudo-a-detener-a-tres-sujetos-que-robaron-salvajemente-a-un-joven\/#primaryimage","url":"https:\/\/i0.wp.com\/elregionalvm.com.ar\/noticias-villa-maria\/wp-content\/uploads\/2023\/01\/robo-de-celular.jpg?fit=717%2C440&ssl=1","contentUrl":"https:\/\/i0.wp.com\/elregionalvm.com.ar\/noticias-villa-maria\/wp-content\/uploads\/2023\/01\/robo-de-celular.jpg?fit=717%2C440&ssl=1","width":717,"height":440},{"@type":"BreadcrumbList","@id":"http:\/\/elregionalvm.com.ar\/noticias-villa-maria\/el-centro-de-monitoreo-ayudo-a-detener-a-tres-sujetos-que-robaron-salvajemente-a-un-joven\/#breadcrumb","itemListElement":[{"@type":"ListItem","position":1,"name":"Portada","item":"https:\/\/elregionalvm.com.ar\/noticias-villa-maria\/"},{"@type":"ListItem","position":2,"name":"El Centro de Monitoreo ayud\u00f3 a detener a tres sujetos que robaron salvajemente a un joven"}]},{"@type":"WebSite","@id":"http:\/\/elregionalvm.com.ar\/noticias-villa-maria\/#website","url":"http:\/\/elregionalvm.com.ar\/noticias-villa-maria\/","name":"El Regional","description":"Mucho m\u00e1s que informaci\u00f3n","potentialAction":[{"@type":"SearchAction","target":{"@type":"EntryPoint","urlTemplate":"http:\/\/elregionalvm.com.ar\/noticias-villa-maria\/?s={search_term_string}"},"query-input":{"@type":"PropertyValueSpecification","valueRequired":true,"valueName":"search_term_string"}}],"inLanguage":"es"},{"@type":"Person","@id":"http:\/\/elregionalvm.com.ar\/noticias-villa-maria\/#\/schema\/person\/a0fb9c422317faca23d50163151bc354","name":"Contenidos El Regional","image":{"@type":"ImageObject","inLanguage":"es","@id":"http:\/\/elregionalvm.com.ar\/noticias-villa-maria\/#\/schema\/person\/image\/","url":"https:\/\/secure.gravatar.com\/avatar\/265b27cb2209af7bb3a1318f03305787d7981a5cc6e6cd08fe5a4ecdf99d4b48?s=96&d=mm&r=g","contentUrl":"https:\/\/secure.gravatar.com\/avatar\/265b27cb2209af7bb3a1318f03305787d7981a5cc6e6cd08fe5a4ecdf99d4b48?s=96&d=mm&r=g","caption":"Contenidos El Regional"},"url":"https:\/\/elregionalvm.com.ar\/noticias-villa-maria\/author\/contenido\/"}]}},"jetpack_featured_media_url":"https:\/\/i0.wp.com\/elregionalvm.com.ar\/noticias-villa-maria\/wp-content\/uploads\/2023\/01\/robo-de-celular.jpg?fit=717%2C440&ssl=1","jetpack_sharing_enabled":true,"_links":{"self":[{"href":"https:\/\/elregionalvm.com.ar\/noticias-villa-maria\/wp-json\/wp\/v2\/posts\/69730","targetHints":{"allow":["GET"]}}],"collection":[{"href":"https:\/\/elregionalvm.com.ar\/noticias-villa-maria\/wp-json\/wp\/v2\/posts"}],"about":[{"href":"https:\/\/elregionalvm.com.ar\/noticias-villa-maria\/wp-json\/wp\/v2\/types\/post"}],"author":[{"embeddable":true,"href":"https:\/\/elregionalvm.com.ar\/noticias-villa-maria\/wp-json\/wp\/v2\/users\/4"}],"replies":[{"embeddable":true,"href":"https:\/\/elregionalvm.com.ar\/noticias-villa-maria\/wp-json\/wp\/v2\/comments?post=69730"}],"version-history":[{"count":4,"href":"https:\/\/elregionalvm.com.ar\/noticias-villa-maria\/wp-json\/wp\/v2\/posts\/69730\/revisions"}],"predecessor-version":[{"id":69778,"href":"https:\/\/elregionalvm.com.ar\/noticias-villa-maria\/wp-json\/wp\/v2\/posts\/69730\/revisions\/69778"}],"wp:featuredmedia":[{"embeddable":true,"href":"https:\/\/elregionalvm.com.ar\/noticias-villa-maria\/wp-json\/wp\/v2\/media\/69731"}],"wp:attachment":[{"href":"https:\/\/elregionalvm.com.ar\/noticias-villa-maria\/wp-json\/wp\/v2\/media?parent=69730"}],"wp:term":[{"taxonomy":"category","embeddable":true,"href":"https:\/\/elregionalvm.com.ar\/noticias-villa-maria\/wp-json\/wp\/v2\/categories?post=69730"},{"taxonomy":"post_tag","embeddable":true,"href":"https:\/\/elregionalvm.com.ar\/noticias-villa-maria\/wp-json\/wp\/v2\/tags?post=69730"}],"curies":[{"name":"wp","href":"https:\/\/api.w.org\/{rel}","templated":true}]}}