{"id":69743,"date":"2023-01-05T21:02:55","date_gmt":"2023-01-05T21:02:55","guid":{"rendered":"https:\/\/elregionalvm.com.ar\/noticias-villa-maria\/?p=69743"},"modified":"2023-01-05T21:03:16","modified_gmt":"2023-01-05T21:03:16","slug":"historia-la-orquesta-de-cuerdas-de-la-biblioteca-bernardino-rivadavia","status":"publish","type":"post","link":"https:\/\/elregionalvm.com.ar\/noticias-villa-maria\/historia-la-orquesta-de-cuerdas-de-la-biblioteca-bernardino-rivadavia\/","title":{"rendered":"[Historia ] La Orquesta de Cuerdas de la Biblioteca Bernardino Rivadavia"},"content":{"rendered":"\n<h3 class=\"wp-block-heading\">En el mes de la primavera del a\u00f1o 1957, el doctor Antonio Sobral decidi\u00f3 formar un conjunto orquestal de m\u00fasica cl\u00e1sica, que representara a nuestra ciudad, proyecto en el cual fue acompa\u00f1ado por las profesoras Emilia Su\u00e1rez de Repetto y Sof\u00eda Brochero. As\u00ed naci\u00f3 la \u201cOrquesta de Cuerdas de la Biblioteca Bernardino Rivadavia de Villa Mar\u00eda\u201d.<\/h3>\n\n\n\n<p><\/p>\n\n\n\n<p>Escribe: <strong>Julio A. Ben\u00edtez<\/strong> \u2013 benitezjulioalberto@gmail.com<\/p>\n\n\n\n<p>Entrevist\u00e9 a los ex integrantes, \u00fanicos sobrevivientes de aquella orquesta, se\u00f1ores Eduardo Marzolla y Jos\u00e9 Antonio Medina, quienes manifiestan que, &#8211; \u201cLa primera actuaci\u00f3n, en nuestra ciudad, fue en el ex Cine Broadway el d\u00eda 25 del mismo mes, con los siguientes instrumentistas: <strong>Violines, Ren\u00e9 Lepage, Olga Steiner de Lepage, Rub\u00e9n Raspo, Eduardo Marzolla, Jos\u00e9 Garc\u00eda, Benjam\u00edn Tovo, Carlos Laurent y Omar Stocchero; Viola, Luis A. Olmedo; Violoncellos, Pablo Garc\u00eda y Luis E. Bonino; contrabajo, Carlos A. Pellegrini bajo la direcci\u00f3n del maestro, de nacionalidad alemana, don Herbert Diehl.<\/strong><\/p>\n\n\n\n<figure class=\"wp-block-image aligncenter size-full\"><img data-recalc-dims=\"1\" fetchpriority=\"high\" decoding=\"async\" width=\"829\" height=\"510\" src=\"https:\/\/i0.wp.com\/elregionalvm.com.ar\/noticias-villa-maria\/wp-content\/uploads\/2023\/01\/Imagen-011.jpg?resize=829%2C510&#038;ssl=1\" alt=\"\" class=\"wp-image-69747\" srcset=\"https:\/\/i0.wp.com\/elregionalvm.com.ar\/noticias-villa-maria\/wp-content\/uploads\/2023\/01\/Imagen-011.jpg?w=829&amp;ssl=1 829w, https:\/\/i0.wp.com\/elregionalvm.com.ar\/noticias-villa-maria\/wp-content\/uploads\/2023\/01\/Imagen-011.jpg?resize=300%2C185&amp;ssl=1 300w, https:\/\/i0.wp.com\/elregionalvm.com.ar\/noticias-villa-maria\/wp-content\/uploads\/2023\/01\/Imagen-011.jpg?resize=768%2C472&amp;ssl=1 768w\" sizes=\"(max-width: 829px) 100vw, 829px\" \/><\/figure>\n\n\n\n<p><\/p>\n\n\n\n<p>Diversas fueron nuestras actuaciones, ya que adem\u00e1s de los m\u00faltiples conciertos dados en Villa Mar\u00eda, nos presentamos en el Teatro General San Mart\u00edn de la ciudad de C\u00f3rdoba, para, acompa\u00f1ar, luego, en el mismo teatro, a las cantantes del Teatro Col\u00f3n de Buenos Aires, <strong>Carmela Giuliano, Elena Arizmendi y Berta Soriano<\/strong> en la \u00f3pera \u201cOrfeo y Eur\u00eddice\u201d de Gluch y al bajo <strong>Walter Magdalena <\/strong>en la \u00f3pera buffa de Cimarosa \u201cIl maestro de Capella\u201d y al concertista de piano profesor <strong>Antonio de Raco.<\/strong><\/p>\n\n\n\n<figure class=\"wp-block-image aligncenter size-full\"><img data-recalc-dims=\"1\" decoding=\"async\" width=\"682\" height=\"456\" src=\"https:\/\/i0.wp.com\/elregionalvm.com.ar\/noticias-villa-maria\/wp-content\/uploads\/2023\/01\/El-Diario-23.11.1986..si_.jpg?resize=682%2C456&#038;ssl=1\" alt=\"\" class=\"wp-image-69748\" srcset=\"https:\/\/i0.wp.com\/elregionalvm.com.ar\/noticias-villa-maria\/wp-content\/uploads\/2023\/01\/El-Diario-23.11.1986..si_.jpg?w=682&amp;ssl=1 682w, https:\/\/i0.wp.com\/elregionalvm.com.ar\/noticias-villa-maria\/wp-content\/uploads\/2023\/01\/El-Diario-23.11.1986..si_.jpg?resize=300%2C201&amp;ssl=1 300w\" sizes=\"(max-width: 682px) 100vw, 682px\" \/><\/figure>\n\n\n\n<p><\/p>\n\n\n\n<p>Con el auspicio de la Direcci\u00f3n General de Cultura de la Provincia de C\u00f3rdoba, efectuamos una gira por distintas localidades de nuestra provincia. Primero en la Casa de C\u00f3rdoba en la Capital Federal, luego Jujuy, San Francisco, R\u00edo Cuarto, Oliva, Bell Ville, Alta Gracia, Pascanas, Arroyo Cabral, Villa Nueva, Las Perdices, Laguna Larga, R\u00edo Tercero, Rafaela y en la Catedral, en el Instituto Goehte, Iglesia de la Merced y el Club de Madres, todas de la ciudad de C\u00f3rdoba.<\/p>\n\n\n\n<figure class=\"wp-block-image aligncenter size-full\"><img data-recalc-dims=\"1\" decoding=\"async\" width=\"423\" height=\"557\" src=\"https:\/\/i0.wp.com\/elregionalvm.com.ar\/noticias-villa-maria\/wp-content\/uploads\/2023\/01\/si1.jpg?resize=423%2C557&#038;ssl=1\" alt=\"\" class=\"wp-image-69750\" srcset=\"https:\/\/i0.wp.com\/elregionalvm.com.ar\/noticias-villa-maria\/wp-content\/uploads\/2023\/01\/si1.jpg?w=423&amp;ssl=1 423w, https:\/\/i0.wp.com\/elregionalvm.com.ar\/noticias-villa-maria\/wp-content\/uploads\/2023\/01\/si1.jpg?resize=228%2C300&amp;ssl=1 228w\" sizes=\"(max-width: 423px) 100vw, 423px\" \/><\/figure>\n\n\n\n<p><\/p>\n\n\n\n<p>En el a\u00f1o 1966, por gesti\u00f3n del entonces Intendente de nuestra ciudad, doctor Eduardo Mart\u00ednez Golletti, el gobierno provincial promulg\u00f3 el Decreto Ley N\u00ba 3096 &#8211; Serie E, oficializando al conjunto como \u201cOrquesta de C\u00e1mara de la Provincia\u201d con sede en Villa Mar\u00eda, nombrando a todos sus integrantes. Con fecha 13 de agosto de 1968, ampliando el anterior decreto con el N\u00ba 6441- Serie E, el citado conjunto orquestal pas\u00f3 a ser <strong>\u201cCuerpo Art\u00edstico\u201d,<\/strong> dependiente del Departamento de M\u00fasica de la Direcci\u00f3n General de Cultura, que deber\u00eda proveer todo lo necesario para su funcionamiento, inclusive un sueldo para los m\u00fasicos. <\/p>\n\n\n\n<p><strong>De estas promesas nada se cumpli\u00f3, no lleg\u00f3 ni un centavo.<\/strong><br>El maestro Diehl dirigi\u00f3 hasta el a\u00f1o 1971, fecha desde la que actuamos sin director hasta 1976, en que se hizo cargo el maestro Pablo C\u00e1nepa hasta el 16 de noviembre de 1984; otra vez sin director, hasta que el 14 de junio de 1985 nos dirigi\u00f3 el maestro Claudio V\u00edttore.<\/p>\n\n\n\n<figure class=\"wp-block-image aligncenter size-full\"><img data-recalc-dims=\"1\" loading=\"lazy\" decoding=\"async\" width=\"343\" height=\"317\" src=\"https:\/\/i0.wp.com\/elregionalvm.com.ar\/noticias-villa-maria\/wp-content\/uploads\/2023\/01\/Si2.jpg?resize=343%2C317&#038;ssl=1\" alt=\"\" class=\"wp-image-69752\" srcset=\"https:\/\/i0.wp.com\/elregionalvm.com.ar\/noticias-villa-maria\/wp-content\/uploads\/2023\/01\/Si2.jpg?w=343&amp;ssl=1 343w, https:\/\/i0.wp.com\/elregionalvm.com.ar\/noticias-villa-maria\/wp-content\/uploads\/2023\/01\/Si2.jpg?resize=300%2C277&amp;ssl=1 300w\" sizes=\"(max-width: 343px) 100vw, 343px\" \/><\/figure>\n\n\n\n<p><\/p>\n\n\n\n<p>En 1985 la Municipalidad de Villa Mar\u00eda otorg\u00f3 al conjunto el <strong>\u201cPremio al M\u00e9rito Cultural\u201d. <\/strong>Con el paso del tiempo y por distintos motivos dejaron de actuar algunos m\u00fasicos, pasando a estar integrada por los violinistas <strong>Jos\u00e9 Antonio Medina, Julio Raimondi, Dante Pellegrini, Guillermo Fuertes, Santiago Picco, Ren\u00e9 Calder\u00f3n, Federico Bonino y Cecilio Antonucci. <\/strong><\/p>\n\n\n\n<p><\/p>\n\n\n\n<p>En 1989 la orquesta qued\u00f3 integrado por los violinistas<strong> Jos\u00e9 Antonio Medina, Carlos Laurent y Eduardo Marzolla;<\/strong> viola,<strong> Omar Stocchero; <\/strong>violoncello<strong> Luis Bonino y Marcelo Piazza;<\/strong> contrabajo, <strong>Carlos Pellegrini. <\/strong>Las veces que la orquesta act\u00fao sin director, cumpl\u00eda dicha funci\u00f3n el primer viol\u00edn <strong>Luis Olmedo<\/strong>. Al fallecimiento de Olmedo, Jos\u00e9 <strong>Antonio Medina <\/strong>pas\u00f3 a desempe\u00f1arse como primer viol\u00edn de la orquesta. A principios de la d\u00e9cada de 1990 la Orquesta de Cuerdas Villa Mar\u00eda dej\u00f3 de actuar\u201d.<\/p>\n\n\n\n<p><em>Agradezco a los entrevistados por las fotograf\u00edas.<\/em><\/p>\n","protected":false},"excerpt":{"rendered":"<p>En el mes de la primavera del a\u00f1o 1957, el doctor Antonio Sobral decidi\u00f3 formar un conjunto orquestal de m\u00fasica cl\u00e1sica, que representara a nuestra ciudad, proyecto en el cual fue acompa\u00f1ado por las profesoras Emilia Su\u00e1rez de Repetto y Sof\u00eda Brochero. As\u00ed naci\u00f3 la \u201cOrquesta de Cuerdas de la Biblioteca Bernardino Rivadavia de Villa [&hellip;]<\/p>\n","protected":false},"author":3,"featured_media":69746,"comment_status":"open","ping_status":"open","sticky":false,"template":"","format":"standard","meta":{"site-sidebar-layout":"default","site-content-layout":"","ast-site-content-layout":"default","site-content-style":"default","site-sidebar-style":"default","ast-global-header-display":"","ast-banner-title-visibility":"","ast-main-header-display":"","ast-hfb-above-header-display":"","ast-hfb-below-header-display":"","ast-hfb-mobile-header-display":"","site-post-title":"","ast-breadcrumbs-content":"","ast-featured-img":"","footer-sml-layout":"","ast-disable-related-posts":"","theme-transparent-header-meta":"","adv-header-id-meta":"","stick-header-meta":"","header-above-stick-meta":"","header-main-stick-meta":"","header-below-stick-meta":"","astra-migrate-meta-layouts":"default","ast-page-background-enabled":"default","ast-page-background-meta":{"desktop":{"background-color":"","background-image":"","background-repeat":"repeat","background-position":"center center","background-size":"auto","background-attachment":"scroll","background-type":"","background-media":"","overlay-type":"","overlay-color":"","overlay-opacity":"","overlay-gradient":""},"tablet":{"background-color":"","background-image":"","background-repeat":"repeat","background-position":"center center","background-size":"auto","background-attachment":"scroll","background-type":"","background-media":"","overlay-type":"","overlay-color":"","overlay-opacity":"","overlay-gradient":""},"mobile":{"background-color":"","background-image":"","background-repeat":"repeat","background-position":"center center","background-size":"auto","background-attachment":"scroll","background-type":"","background-media":"","overlay-type":"","overlay-color":"","overlay-opacity":"","overlay-gradient":""}},"ast-content-background-meta":{"desktop":{"background-color":"var(--ast-global-color-5)","background-image":"","background-repeat":"repeat","background-position":"center center","background-size":"auto","background-attachment":"scroll","background-type":"","background-media":"","overlay-type":"","overlay-color":"","overlay-opacity":"","overlay-gradient":""},"tablet":{"background-color":"var(--ast-global-color-5)","background-image":"","background-repeat":"repeat","background-position":"center center","background-size":"auto","background-attachment":"scroll","background-type":"","background-media":"","overlay-type":"","overlay-color":"","overlay-opacity":"","overlay-gradient":""},"mobile":{"background-color":"var(--ast-global-color-5)","background-image":"","background-repeat":"repeat","background-position":"center center","background-size":"auto","background-attachment":"scroll","background-type":"","background-media":"","overlay-type":"","overlay-color":"","overlay-opacity":"","overlay-gradient":""}},"_jetpack_memberships_contains_paid_content":false,"_joinchat":[],"footnotes":""},"categories":[2098,2323,1],"tags":[],"class_list":["post-69743","post","type-post","status-publish","format-standard","has-post-thumbnail","hentry","category-historias","category-notas-secundarias","category-sin-categoria"],"yoast_head":"<!-- This site is optimized with the Yoast SEO plugin v26.8 - https:\/\/yoast.com\/product\/yoast-seo-wordpress\/ -->\n<title>[Historia ] La Orquesta de Cuerdas de la Biblioteca Bernardino Rivadavia - El Regional<\/title>\n<meta name=\"robots\" content=\"index, follow, max-snippet:-1, max-image-preview:large, max-video-preview:-1\" \/>\n<link rel=\"canonical\" href=\"http:\/\/elregionalvm.com.ar\/noticias-villa-maria\/historia-la-orquesta-de-cuerdas-de-la-biblioteca-bernardino-rivadavia\/\" \/>\n<meta property=\"og:locale\" content=\"es_ES\" \/>\n<meta property=\"og:type\" content=\"article\" \/>\n<meta property=\"og:title\" content=\"[Historia ] La Orquesta de Cuerdas de la Biblioteca Bernardino Rivadavia - El Regional\" \/>\n<meta property=\"og:description\" content=\"En el mes de la primavera del a\u00f1o 1957, el doctor Antonio Sobral decidi\u00f3 formar un conjunto orquestal de m\u00fasica cl\u00e1sica, que representara a nuestra ciudad, proyecto en el cual fue acompa\u00f1ado por las profesoras Emilia Su\u00e1rez de Repetto y Sof\u00eda Brochero. As\u00ed naci\u00f3 la \u201cOrquesta de Cuerdas de la Biblioteca Bernardino Rivadavia de Villa [&hellip;]\" \/>\n<meta property=\"og:url\" content=\"http:\/\/elregionalvm.com.ar\/noticias-villa-maria\/historia-la-orquesta-de-cuerdas-de-la-biblioteca-bernardino-rivadavia\/\" \/>\n<meta property=\"og:site_name\" content=\"El Regional\" \/>\n<meta property=\"article:publisher\" content=\"https:\/\/www.facebook.com\/elregionalvm\" \/>\n<meta property=\"article:published_time\" content=\"2023-01-05T21:02:55+00:00\" \/>\n<meta property=\"article:modified_time\" content=\"2023-01-05T21:03:16+00:00\" \/>\n<meta property=\"og:image\" content=\"http:\/\/elregionalvm.com.ar\/noticias-villa-maria\/wp-content\/uploads\/2023\/01\/si.jpg\" \/>\n\t<meta property=\"og:image:width\" content=\"950\" \/>\n\t<meta property=\"og:image:height\" content=\"616\" \/>\n\t<meta property=\"og:image:type\" content=\"image\/jpeg\" \/>\n<meta name=\"author\" content=\"Veronica Falvo\" \/>\n<meta name=\"twitter:card\" content=\"summary_large_image\" \/>\n<meta name=\"twitter:creator\" content=\"@elregionalvm1\" \/>\n<meta name=\"twitter:site\" content=\"@elregionalvm1\" \/>\n<meta name=\"twitter:label1\" content=\"Escrito por\" \/>\n\t<meta name=\"twitter:data1\" content=\"Veronica Falvo\" \/>\n\t<meta name=\"twitter:label2\" content=\"Tiempo de lectura\" \/>\n\t<meta name=\"twitter:data2\" content=\"4 minutos\" \/>\n<script type=\"application\/ld+json\" class=\"yoast-schema-graph\">{\"@context\":\"https:\/\/schema.org\",\"@graph\":[{\"@type\":\"Article\",\"@id\":\"http:\/\/elregionalvm.com.ar\/noticias-villa-maria\/historia-la-orquesta-de-cuerdas-de-la-biblioteca-bernardino-rivadavia\/#article\",\"isPartOf\":{\"@id\":\"http:\/\/elregionalvm.com.ar\/noticias-villa-maria\/historia-la-orquesta-de-cuerdas-de-la-biblioteca-bernardino-rivadavia\/\"},\"author\":{\"name\":\"Veronica Falvo\",\"@id\":\"http:\/\/elregionalvm.com.ar\/noticias-villa-maria\/#\/schema\/person\/ae71d64bef3ad6e85b26323055676144\"},\"headline\":\"[Historia ] La Orquesta de Cuerdas de la Biblioteca Bernardino Rivadavia\",\"datePublished\":\"2023-01-05T21:02:55+00:00\",\"dateModified\":\"2023-01-05T21:03:16+00:00\",\"mainEntityOfPage\":{\"@id\":\"http:\/\/elregionalvm.com.ar\/noticias-villa-maria\/historia-la-orquesta-de-cuerdas-de-la-biblioteca-bernardino-rivadavia\/\"},\"wordCount\":665,\"commentCount\":0,\"image\":{\"@id\":\"http:\/\/elregionalvm.com.ar\/noticias-villa-maria\/historia-la-orquesta-de-cuerdas-de-la-biblioteca-bernardino-rivadavia\/#primaryimage\"},\"thumbnailUrl\":\"https:\/\/i0.wp.com\/elregionalvm.com.ar\/noticias-villa-maria\/wp-content\/uploads\/2023\/01\/si.jpg?fit=950%2C616&ssl=1\",\"articleSection\":[\"Historias\",\"Notas\"],\"inLanguage\":\"es\",\"potentialAction\":[{\"@type\":\"CommentAction\",\"name\":\"Comment\",\"target\":[\"http:\/\/elregionalvm.com.ar\/noticias-villa-maria\/historia-la-orquesta-de-cuerdas-de-la-biblioteca-bernardino-rivadavia\/#respond\"]}]},{\"@type\":\"WebPage\",\"@id\":\"http:\/\/elregionalvm.com.ar\/noticias-villa-maria\/historia-la-orquesta-de-cuerdas-de-la-biblioteca-bernardino-rivadavia\/\",\"url\":\"http:\/\/elregionalvm.com.ar\/noticias-villa-maria\/historia-la-orquesta-de-cuerdas-de-la-biblioteca-bernardino-rivadavia\/\",\"name\":\"[Historia ] La Orquesta de Cuerdas de la Biblioteca Bernardino Rivadavia - El Regional\",\"isPartOf\":{\"@id\":\"http:\/\/elregionalvm.com.ar\/noticias-villa-maria\/#website\"},\"primaryImageOfPage\":{\"@id\":\"http:\/\/elregionalvm.com.ar\/noticias-villa-maria\/historia-la-orquesta-de-cuerdas-de-la-biblioteca-bernardino-rivadavia\/#primaryimage\"},\"image\":{\"@id\":\"http:\/\/elregionalvm.com.ar\/noticias-villa-maria\/historia-la-orquesta-de-cuerdas-de-la-biblioteca-bernardino-rivadavia\/#primaryimage\"},\"thumbnailUrl\":\"https:\/\/i0.wp.com\/elregionalvm.com.ar\/noticias-villa-maria\/wp-content\/uploads\/2023\/01\/si.jpg?fit=950%2C616&ssl=1\",\"datePublished\":\"2023-01-05T21:02:55+00:00\",\"dateModified\":\"2023-01-05T21:03:16+00:00\",\"author\":{\"@id\":\"http:\/\/elregionalvm.com.ar\/noticias-villa-maria\/#\/schema\/person\/ae71d64bef3ad6e85b26323055676144\"},\"breadcrumb\":{\"@id\":\"http:\/\/elregionalvm.com.ar\/noticias-villa-maria\/historia-la-orquesta-de-cuerdas-de-la-biblioteca-bernardino-rivadavia\/#breadcrumb\"},\"inLanguage\":\"es\",\"potentialAction\":[{\"@type\":\"ReadAction\",\"target\":[\"http:\/\/elregionalvm.com.ar\/noticias-villa-maria\/historia-la-orquesta-de-cuerdas-de-la-biblioteca-bernardino-rivadavia\/\"]}]},{\"@type\":\"ImageObject\",\"inLanguage\":\"es\",\"@id\":\"http:\/\/elregionalvm.com.ar\/noticias-villa-maria\/historia-la-orquesta-de-cuerdas-de-la-biblioteca-bernardino-rivadavia\/#primaryimage\",\"url\":\"https:\/\/i0.wp.com\/elregionalvm.com.ar\/noticias-villa-maria\/wp-content\/uploads\/2023\/01\/si.jpg?fit=950%2C616&ssl=1\",\"contentUrl\":\"https:\/\/i0.wp.com\/elregionalvm.com.ar\/noticias-villa-maria\/wp-content\/uploads\/2023\/01\/si.jpg?fit=950%2C616&ssl=1\",\"width\":950,\"height\":616},{\"@type\":\"BreadcrumbList\",\"@id\":\"http:\/\/elregionalvm.com.ar\/noticias-villa-maria\/historia-la-orquesta-de-cuerdas-de-la-biblioteca-bernardino-rivadavia\/#breadcrumb\",\"itemListElement\":[{\"@type\":\"ListItem\",\"position\":1,\"name\":\"Portada\",\"item\":\"https:\/\/elregionalvm.com.ar\/noticias-villa-maria\/\"},{\"@type\":\"ListItem\",\"position\":2,\"name\":\"[Historia ] La Orquesta de Cuerdas de la Biblioteca Bernardino Rivadavia\"}]},{\"@type\":\"WebSite\",\"@id\":\"http:\/\/elregionalvm.com.ar\/noticias-villa-maria\/#website\",\"url\":\"http:\/\/elregionalvm.com.ar\/noticias-villa-maria\/\",\"name\":\"El Regional\",\"description\":\"Mucho m\u00e1s que informaci\u00f3n\",\"potentialAction\":[{\"@type\":\"SearchAction\",\"target\":{\"@type\":\"EntryPoint\",\"urlTemplate\":\"http:\/\/elregionalvm.com.ar\/noticias-villa-maria\/?s={search_term_string}\"},\"query-input\":{\"@type\":\"PropertyValueSpecification\",\"valueRequired\":true,\"valueName\":\"search_term_string\"}}],\"inLanguage\":\"es\"},{\"@type\":\"Person\",\"@id\":\"http:\/\/elregionalvm.com.ar\/noticias-villa-maria\/#\/schema\/person\/ae71d64bef3ad6e85b26323055676144\",\"name\":\"Veronica Falvo\",\"image\":{\"@type\":\"ImageObject\",\"inLanguage\":\"es\",\"@id\":\"http:\/\/elregionalvm.com.ar\/noticias-villa-maria\/#\/schema\/person\/image\/\",\"url\":\"https:\/\/secure.gravatar.com\/avatar\/2316ded45cb7100980f0e3e93676d541d67eb923e00794e395aa9b95fad3171d?s=96&d=mm&r=g\",\"contentUrl\":\"https:\/\/secure.gravatar.com\/avatar\/2316ded45cb7100980f0e3e93676d541d67eb923e00794e395aa9b95fad3171d?s=96&d=mm&r=g\",\"caption\":\"Veronica Falvo\"},\"url\":\"https:\/\/elregionalvm.com.ar\/noticias-villa-maria\/author\/veronica\/\"}]}<\/script>\n<!-- \/ Yoast SEO plugin. -->","yoast_head_json":{"title":"[Historia ] La Orquesta de Cuerdas de la Biblioteca Bernardino Rivadavia - El Regional","robots":{"index":"index","follow":"follow","max-snippet":"max-snippet:-1","max-image-preview":"max-image-preview:large","max-video-preview":"max-video-preview:-1"},"canonical":"http:\/\/elregionalvm.com.ar\/noticias-villa-maria\/historia-la-orquesta-de-cuerdas-de-la-biblioteca-bernardino-rivadavia\/","og_locale":"es_ES","og_type":"article","og_title":"[Historia ] La Orquesta de Cuerdas de la Biblioteca Bernardino Rivadavia - El Regional","og_description":"En el mes de la primavera del a\u00f1o 1957, el doctor Antonio Sobral decidi\u00f3 formar un conjunto orquestal de m\u00fasica cl\u00e1sica, que representara a nuestra ciudad, proyecto en el cual fue acompa\u00f1ado por las profesoras Emilia Su\u00e1rez de Repetto y Sof\u00eda Brochero. As\u00ed naci\u00f3 la \u201cOrquesta de Cuerdas de la Biblioteca Bernardino Rivadavia de Villa [&hellip;]","og_url":"http:\/\/elregionalvm.com.ar\/noticias-villa-maria\/historia-la-orquesta-de-cuerdas-de-la-biblioteca-bernardino-rivadavia\/","og_site_name":"El Regional","article_publisher":"https:\/\/www.facebook.com\/elregionalvm","article_published_time":"2023-01-05T21:02:55+00:00","article_modified_time":"2023-01-05T21:03:16+00:00","og_image":[{"width":950,"height":616,"url":"http:\/\/elregionalvm.com.ar\/noticias-villa-maria\/wp-content\/uploads\/2023\/01\/si.jpg","type":"image\/jpeg"}],"author":"Veronica Falvo","twitter_card":"summary_large_image","twitter_creator":"@elregionalvm1","twitter_site":"@elregionalvm1","twitter_misc":{"Escrito por":"Veronica Falvo","Tiempo de lectura":"4 minutos"},"schema":{"@context":"https:\/\/schema.org","@graph":[{"@type":"Article","@id":"http:\/\/elregionalvm.com.ar\/noticias-villa-maria\/historia-la-orquesta-de-cuerdas-de-la-biblioteca-bernardino-rivadavia\/#article","isPartOf":{"@id":"http:\/\/elregionalvm.com.ar\/noticias-villa-maria\/historia-la-orquesta-de-cuerdas-de-la-biblioteca-bernardino-rivadavia\/"},"author":{"name":"Veronica Falvo","@id":"http:\/\/elregionalvm.com.ar\/noticias-villa-maria\/#\/schema\/person\/ae71d64bef3ad6e85b26323055676144"},"headline":"[Historia ] La Orquesta de Cuerdas de la Biblioteca Bernardino Rivadavia","datePublished":"2023-01-05T21:02:55+00:00","dateModified":"2023-01-05T21:03:16+00:00","mainEntityOfPage":{"@id":"http:\/\/elregionalvm.com.ar\/noticias-villa-maria\/historia-la-orquesta-de-cuerdas-de-la-biblioteca-bernardino-rivadavia\/"},"wordCount":665,"commentCount":0,"image":{"@id":"http:\/\/elregionalvm.com.ar\/noticias-villa-maria\/historia-la-orquesta-de-cuerdas-de-la-biblioteca-bernardino-rivadavia\/#primaryimage"},"thumbnailUrl":"https:\/\/i0.wp.com\/elregionalvm.com.ar\/noticias-villa-maria\/wp-content\/uploads\/2023\/01\/si.jpg?fit=950%2C616&ssl=1","articleSection":["Historias","Notas"],"inLanguage":"es","potentialAction":[{"@type":"CommentAction","name":"Comment","target":["http:\/\/elregionalvm.com.ar\/noticias-villa-maria\/historia-la-orquesta-de-cuerdas-de-la-biblioteca-bernardino-rivadavia\/#respond"]}]},{"@type":"WebPage","@id":"http:\/\/elregionalvm.com.ar\/noticias-villa-maria\/historia-la-orquesta-de-cuerdas-de-la-biblioteca-bernardino-rivadavia\/","url":"http:\/\/elregionalvm.com.ar\/noticias-villa-maria\/historia-la-orquesta-de-cuerdas-de-la-biblioteca-bernardino-rivadavia\/","name":"[Historia ] La Orquesta de Cuerdas de la Biblioteca Bernardino Rivadavia - El Regional","isPartOf":{"@id":"http:\/\/elregionalvm.com.ar\/noticias-villa-maria\/#website"},"primaryImageOfPage":{"@id":"http:\/\/elregionalvm.com.ar\/noticias-villa-maria\/historia-la-orquesta-de-cuerdas-de-la-biblioteca-bernardino-rivadavia\/#primaryimage"},"image":{"@id":"http:\/\/elregionalvm.com.ar\/noticias-villa-maria\/historia-la-orquesta-de-cuerdas-de-la-biblioteca-bernardino-rivadavia\/#primaryimage"},"thumbnailUrl":"https:\/\/i0.wp.com\/elregionalvm.com.ar\/noticias-villa-maria\/wp-content\/uploads\/2023\/01\/si.jpg?fit=950%2C616&ssl=1","datePublished":"2023-01-05T21:02:55+00:00","dateModified":"2023-01-05T21:03:16+00:00","author":{"@id":"http:\/\/elregionalvm.com.ar\/noticias-villa-maria\/#\/schema\/person\/ae71d64bef3ad6e85b26323055676144"},"breadcrumb":{"@id":"http:\/\/elregionalvm.com.ar\/noticias-villa-maria\/historia-la-orquesta-de-cuerdas-de-la-biblioteca-bernardino-rivadavia\/#breadcrumb"},"inLanguage":"es","potentialAction":[{"@type":"ReadAction","target":["http:\/\/elregionalvm.com.ar\/noticias-villa-maria\/historia-la-orquesta-de-cuerdas-de-la-biblioteca-bernardino-rivadavia\/"]}]},{"@type":"ImageObject","inLanguage":"es","@id":"http:\/\/elregionalvm.com.ar\/noticias-villa-maria\/historia-la-orquesta-de-cuerdas-de-la-biblioteca-bernardino-rivadavia\/#primaryimage","url":"https:\/\/i0.wp.com\/elregionalvm.com.ar\/noticias-villa-maria\/wp-content\/uploads\/2023\/01\/si.jpg?fit=950%2C616&ssl=1","contentUrl":"https:\/\/i0.wp.com\/elregionalvm.com.ar\/noticias-villa-maria\/wp-content\/uploads\/2023\/01\/si.jpg?fit=950%2C616&ssl=1","width":950,"height":616},{"@type":"BreadcrumbList","@id":"http:\/\/elregionalvm.com.ar\/noticias-villa-maria\/historia-la-orquesta-de-cuerdas-de-la-biblioteca-bernardino-rivadavia\/#breadcrumb","itemListElement":[{"@type":"ListItem","position":1,"name":"Portada","item":"https:\/\/elregionalvm.com.ar\/noticias-villa-maria\/"},{"@type":"ListItem","position":2,"name":"[Historia ] La Orquesta de Cuerdas de la Biblioteca Bernardino Rivadavia"}]},{"@type":"WebSite","@id":"http:\/\/elregionalvm.com.ar\/noticias-villa-maria\/#website","url":"http:\/\/elregionalvm.com.ar\/noticias-villa-maria\/","name":"El Regional","description":"Mucho m\u00e1s que informaci\u00f3n","potentialAction":[{"@type":"SearchAction","target":{"@type":"EntryPoint","urlTemplate":"http:\/\/elregionalvm.com.ar\/noticias-villa-maria\/?s={search_term_string}"},"query-input":{"@type":"PropertyValueSpecification","valueRequired":true,"valueName":"search_term_string"}}],"inLanguage":"es"},{"@type":"Person","@id":"http:\/\/elregionalvm.com.ar\/noticias-villa-maria\/#\/schema\/person\/ae71d64bef3ad6e85b26323055676144","name":"Veronica Falvo","image":{"@type":"ImageObject","inLanguage":"es","@id":"http:\/\/elregionalvm.com.ar\/noticias-villa-maria\/#\/schema\/person\/image\/","url":"https:\/\/secure.gravatar.com\/avatar\/2316ded45cb7100980f0e3e93676d541d67eb923e00794e395aa9b95fad3171d?s=96&d=mm&r=g","contentUrl":"https:\/\/secure.gravatar.com\/avatar\/2316ded45cb7100980f0e3e93676d541d67eb923e00794e395aa9b95fad3171d?s=96&d=mm&r=g","caption":"Veronica Falvo"},"url":"https:\/\/elregionalvm.com.ar\/noticias-villa-maria\/author\/veronica\/"}]}},"jetpack_featured_media_url":"https:\/\/i0.wp.com\/elregionalvm.com.ar\/noticias-villa-maria\/wp-content\/uploads\/2023\/01\/si.jpg?fit=950%2C616&ssl=1","jetpack_sharing_enabled":true,"_links":{"self":[{"href":"https:\/\/elregionalvm.com.ar\/noticias-villa-maria\/wp-json\/wp\/v2\/posts\/69743","targetHints":{"allow":["GET"]}}],"collection":[{"href":"https:\/\/elregionalvm.com.ar\/noticias-villa-maria\/wp-json\/wp\/v2\/posts"}],"about":[{"href":"https:\/\/elregionalvm.com.ar\/noticias-villa-maria\/wp-json\/wp\/v2\/types\/post"}],"author":[{"embeddable":true,"href":"https:\/\/elregionalvm.com.ar\/noticias-villa-maria\/wp-json\/wp\/v2\/users\/3"}],"replies":[{"embeddable":true,"href":"https:\/\/elregionalvm.com.ar\/noticias-villa-maria\/wp-json\/wp\/v2\/comments?post=69743"}],"version-history":[{"count":7,"href":"https:\/\/elregionalvm.com.ar\/noticias-villa-maria\/wp-json\/wp\/v2\/posts\/69743\/revisions"}],"predecessor-version":[{"id":69756,"href":"https:\/\/elregionalvm.com.ar\/noticias-villa-maria\/wp-json\/wp\/v2\/posts\/69743\/revisions\/69756"}],"wp:featuredmedia":[{"embeddable":true,"href":"https:\/\/elregionalvm.com.ar\/noticias-villa-maria\/wp-json\/wp\/v2\/media\/69746"}],"wp:attachment":[{"href":"https:\/\/elregionalvm.com.ar\/noticias-villa-maria\/wp-json\/wp\/v2\/media?parent=69743"}],"wp:term":[{"taxonomy":"category","embeddable":true,"href":"https:\/\/elregionalvm.com.ar\/noticias-villa-maria\/wp-json\/wp\/v2\/categories?post=69743"},{"taxonomy":"post_tag","embeddable":true,"href":"https:\/\/elregionalvm.com.ar\/noticias-villa-maria\/wp-json\/wp\/v2\/tags?post=69743"}],"curies":[{"name":"wp","href":"https:\/\/api.w.org\/{rel}","templated":true}]}}