{"id":69757,"date":"2023-01-05T21:16:21","date_gmt":"2023-01-05T21:16:21","guid":{"rendered":"https:\/\/elregionalvm.com.ar\/noticias-villa-maria\/?p=69757"},"modified":"2023-01-05T21:16:55","modified_gmt":"2023-01-05T21:16:55","slug":"departamento-union-schiaretti-habilito-obras-de-infraestructura-vial-en-monte-maiz-y-colonia-bremen","status":"publish","type":"post","link":"https:\/\/elregionalvm.com.ar\/noticias-villa-maria\/departamento-union-schiaretti-habilito-obras-de-infraestructura-vial-en-monte-maiz-y-colonia-bremen\/","title":{"rendered":"Departamento Uni\u00f3n: Schiaretti habilit\u00f3 obras de infraestructura vial en Monte Ma\u00edz y Colonia Bremen"},"content":{"rendered":"\n<p>El gobernador Juan Schiaretti visit\u00f3 este jueves las localidades de Monte Ma\u00edz y Colonia Bremen, en el departamento Uni\u00f3n, donde dej\u00f3 habilitadas sendas obras viales por un total de 600 millones de pesos.<\/p>\n\n\n\n<p>En Monte Ma\u00edz, el mandatario provincial habilit\u00f3 la circulaci\u00f3n en el\u00a0<strong>puente sobre el r\u00edo Saladillo<\/strong>, en la Ruta Provincial 11, y expres\u00f3: \u201c<em>Este puente era una necesidad, porque el anterior ya ten\u00eda muchos a\u00f1os y no ten\u00eda las mejores condiciones de seguridad. Ahora ven un puente no s\u00f3lo moderno sino que tiene la amplitud necesaria para que la gente circule m\u00e1s tranquila y m\u00e1s segura<\/em>\u201d.\u00a0<\/p>\n\n\n\n<p>Los trabajos contemplaron la demolici\u00f3n del puente existente y la construcci\u00f3n de una nueva estructura de 60 metros de longitud, adem\u00e1s de las obras de protecci\u00f3n en las m\u00e1rgenes del r\u00edo y la se\u00f1alizaci\u00f3n horizontal y vertical.<\/p>\n\n\n\n<p>Las tareas fueron desarrolladas por la empresa Estructuras S.A. y demandaron una inversi\u00f3n de&nbsp;<strong>300 millones de pesos<\/strong>.&nbsp;<\/p>\n\n\n\n<figure class=\"wp-block-image\"><img data-recalc-dims=\"1\" decoding=\"async\" src=\"https:\/\/i0.wp.com\/prensa.cba.gov.ar\/wp-content\/uploads\/2023\/01\/Monte-Maiz-y-Colonia-Bremen-29.jpg?ssl=1\" alt=\"\" class=\"wp-image-532419\" \/><\/figure>\n\n\n\n<h4 class=\"wp-block-heading\"><strong>Pavimentaci\u00f3n del acceso a Colonia Bremen<\/strong><\/h4>\n\n\n\n<p>Seguidamente, el gobernador habilit\u00f3 la pavimentaci\u00f3n del acceso a la localidad de Colonia Bremen, -Camino A-108- Ruta Provincial 3. Los trabajos ejecutados posibilitan un mejor tr\u00e1nsito, seguro y fluido, de los vecinos y productores agropecuarios de la zona.&nbsp;<\/p>\n\n\n\n<p>\u201c<em>Hay un antes y un despu\u00e9s de la llegada de la pavimentaci\u00f3n al acceso de una localidad, y Colonia Bremen era la \u00faltima localidad del departamento Uni\u00f3n a la que le faltaba el acceso pavimentado<\/em>\u201d, se\u00f1al\u00f3 Schiaretti durante el acto que encabez\u00f3.<\/p>\n\n\n\n<p>Y a\u00f1adi\u00f3: \u201c<em>Como nosotros somos \u2018diciendo y haciendo\u2019, hoy ya est\u00e1n los 4,9 kil\u00f3metros de pavimento. Me alegra haber hecho una inversi\u00f3n de&nbsp;<strong>$300 millones<\/strong>&nbsp;para que ustedes tengan un acceso tranquilo y seguro, para que puedan tener mejor conectividad. Porque la conectividad es central para poder vincularse y vivir mejor\u201d<\/em>.<strong>&nbsp;<\/strong><\/p>\n\n\n\n<p>La obra contempl\u00f3 la construcci\u00f3n de calzada pavimentada de 6,20 metros, ejecuci\u00f3n de calzada sobre la Ruta Provincial 3, la adecuaci\u00f3n hidr\u00e1ulica y la correspondiente se\u00f1alizaci\u00f3n horizontal y vertical. Las tareas fueron realizadas por la empresa APE S.A.<\/p>\n\n\n\n<p>A su turno, el presidente comunal de Colonia Bremen, Alejandro Ojeda, dijo: \u201c<em>Es un d\u00eda muy emotivo. Luego de 130 a\u00f1os que tiene la localidad y pasar por distintas situaciones, hoy podemos ver esta obra concretada del acceso pavimentado. Esto le da calidad de vida a cada ciudadano y viene acompa\u00f1ado con otra obra trascendental que en los pr\u00f3ximos sesenta d\u00edas estaremos inaugurando, que es la obra del gas natural<\/em>\u201d.&nbsp;<\/p>\n\n\n\n<figure class=\"wp-block-image\"><img data-recalc-dims=\"1\" decoding=\"async\" src=\"https:\/\/i0.wp.com\/prensa.cba.gov.ar\/wp-content\/uploads\/2023\/01\/Bremen-1.jpg?ssl=1\" alt=\"\" class=\"wp-image-532409\" \/><\/figure>\n\n\n\n<p>En ese sentido, el mandatario provincial destac\u00f3 que la llegada del gas natural significa mayor calidad de vida para las personas y ahorro. \u201c<em>Por eso la Provincia decidi\u00f3 hacer los gasoductos troncales, para que el gas natural llegue al 98% de las familias cordobesas. Y vamos conectando permanentemente m\u00e1s localidades, como los 2,4 kil\u00f3metros que estamos haciendo en Colonia Bremen<\/em>\u201d, indic\u00f3.<\/p>\n\n\n\n<p>Por \u00faltimo, Juan Schiaretti anunci\u00f3 que ante la necesidad planteada por el jefe comunal de tener&nbsp;<strong>una traffic<\/strong>&nbsp;para llevar a los chicos a la escuela, se entregar\u00e1 un FOCOM (Fondo Complementario de Obras de Infraestructura) de&nbsp;<strong>16 millones de pesos<\/strong>.&nbsp;<\/p>\n\n\n\n<p>Acompa\u00f1aron tambi\u00e9n al gobernador el ministro de Obras P\u00fablicas, Ricardo Sosa; el secretario de Gobiernos Locales, \u00c1ngel Bevilacqua; el secretario de Gobierno de Monte Ma\u00edz, Ignacio Silva; el intendente de Wenceslao Escalante, Daniel Mondino; y dem\u00e1s autoridades.<\/p>\n","protected":false},"excerpt":{"rendered":"<p>El gobernador Juan Schiaretti visit\u00f3 este jueves las localidades de Monte Ma\u00edz y Colonia Bremen, en el departamento Uni\u00f3n, donde dej\u00f3 habilitadas sendas obras viales por un total de 600 millones de pesos. En Monte Ma\u00edz, el mandatario provincial habilit\u00f3 la circulaci\u00f3n en el\u00a0puente sobre el r\u00edo Saladillo, en la Ruta Provincial 11, y expres\u00f3: [&hellip;]<\/p>\n","protected":false},"author":4,"featured_media":69758,"comment_status":"open","ping_status":"open","sticky":false,"template":"","format":"standard","meta":{"site-sidebar-layout":"default","site-content-layout":"","ast-site-content-layout":"default","site-content-style":"default","site-sidebar-style":"default","ast-global-header-display":"","ast-banner-title-visibility":"","ast-main-header-display":"","ast-hfb-above-header-display":"","ast-hfb-below-header-display":"","ast-hfb-mobile-header-display":"","site-post-title":"","ast-breadcrumbs-content":"","ast-featured-img":"","footer-sml-layout":"","ast-disable-related-posts":"","theme-transparent-header-meta":"","adv-header-id-meta":"","stick-header-meta":"","header-above-stick-meta":"","header-main-stick-meta":"","header-below-stick-meta":"","astra-migrate-meta-layouts":"default","ast-page-background-enabled":"default","ast-page-background-meta":{"desktop":{"background-color":"","background-image":"","background-repeat":"repeat","background-position":"center center","background-size":"auto","background-attachment":"scroll","background-type":"","background-media":"","overlay-type":"","overlay-color":"","overlay-opacity":"","overlay-gradient":""},"tablet":{"background-color":"","background-image":"","background-repeat":"repeat","background-position":"center center","background-size":"auto","background-attachment":"scroll","background-type":"","background-media":"","overlay-type":"","overlay-color":"","overlay-opacity":"","overlay-gradient":""},"mobile":{"background-color":"","background-image":"","background-repeat":"repeat","background-position":"center center","background-size":"auto","background-attachment":"scroll","background-type":"","background-media":"","overlay-type":"","overlay-color":"","overlay-opacity":"","overlay-gradient":""}},"ast-content-background-meta":{"desktop":{"background-color":"var(--ast-global-color-5)","background-image":"","background-repeat":"repeat","background-position":"center center","background-size":"auto","background-attachment":"scroll","background-type":"","background-media":"","overlay-type":"","overlay-color":"","overlay-opacity":"","overlay-gradient":""},"tablet":{"background-color":"var(--ast-global-color-5)","background-image":"","background-repeat":"repeat","background-position":"center center","background-size":"auto","background-attachment":"scroll","background-type":"","background-media":"","overlay-type":"","overlay-color":"","overlay-opacity":"","overlay-gradient":""},"mobile":{"background-color":"var(--ast-global-color-5)","background-image":"","background-repeat":"repeat","background-position":"center center","background-size":"auto","background-attachment":"scroll","background-type":"","background-media":"","overlay-type":"","overlay-color":"","overlay-opacity":"","overlay-gradient":""}},"_jetpack_memberships_contains_paid_content":false,"_joinchat":[],"footnotes":""},"categories":[15302,2091],"tags":[20965,9356,5223,16144,680,20963,20964,164],"class_list":["post-69757","post","type-post","status-publish","format-standard","has-post-thumbnail","hentry","category-destacado","category-region","tag-acceso-colonia-bremen","tag-colonia-bremen","tag-monte-maiz","tag-obras-viales","tag-pavimento","tag-puente-rio-saladillo","tag-ruta-provincial-11","tag-schiaretti"],"yoast_head":"<!-- This site is optimized with the Yoast SEO plugin v26.8 - https:\/\/yoast.com\/product\/yoast-seo-wordpress\/ -->\n<title>Departamento Uni\u00f3n: Schiaretti habilit\u00f3 obras de infraestructura vial en Monte Ma\u00edz y Colonia Bremen - El Regional<\/title>\n<meta name=\"robots\" content=\"index, follow, max-snippet:-1, max-image-preview:large, max-video-preview:-1\" \/>\n<link rel=\"canonical\" href=\"http:\/\/elregionalvm.com.ar\/noticias-villa-maria\/departamento-union-schiaretti-habilito-obras-de-infraestructura-vial-en-monte-maiz-y-colonia-bremen\/\" \/>\n<meta property=\"og:locale\" content=\"es_ES\" \/>\n<meta property=\"og:type\" content=\"article\" \/>\n<meta property=\"og:title\" content=\"Departamento Uni\u00f3n: Schiaretti habilit\u00f3 obras de infraestructura vial en Monte Ma\u00edz y Colonia Bremen - El Regional\" \/>\n<meta property=\"og:description\" content=\"El gobernador Juan Schiaretti visit\u00f3 este jueves las localidades de Monte Ma\u00edz y Colonia Bremen, en el departamento Uni\u00f3n, donde dej\u00f3 habilitadas sendas obras viales por un total de 600 millones de pesos. En Monte Ma\u00edz, el mandatario provincial habilit\u00f3 la circulaci\u00f3n en el\u00a0puente sobre el r\u00edo Saladillo, en la Ruta Provincial 11, y expres\u00f3: [&hellip;]\" \/>\n<meta property=\"og:url\" content=\"http:\/\/elregionalvm.com.ar\/noticias-villa-maria\/departamento-union-schiaretti-habilito-obras-de-infraestructura-vial-en-monte-maiz-y-colonia-bremen\/\" \/>\n<meta property=\"og:site_name\" content=\"El Regional\" \/>\n<meta property=\"article:publisher\" content=\"https:\/\/www.facebook.com\/elregionalvm\" \/>\n<meta property=\"article:published_time\" content=\"2023-01-05T21:16:21+00:00\" \/>\n<meta property=\"article:modified_time\" content=\"2023-01-05T21:16:55+00:00\" \/>\n<meta property=\"og:image\" content=\"http:\/\/elregionalvm.com.ar\/noticias-villa-maria\/wp-content\/uploads\/2023\/01\/Monte-Maiz-y-Colonia-Bremen-15.jpg\" \/>\n\t<meta property=\"og:image:width\" content=\"993\" \/>\n\t<meta property=\"og:image:height\" content=\"663\" \/>\n\t<meta property=\"og:image:type\" content=\"image\/jpeg\" \/>\n<meta name=\"author\" content=\"Contenidos El Regional\" \/>\n<meta name=\"twitter:card\" content=\"summary_large_image\" \/>\n<meta name=\"twitter:creator\" content=\"@elregionalvm1\" \/>\n<meta name=\"twitter:site\" content=\"@elregionalvm1\" \/>\n<meta name=\"twitter:label1\" content=\"Escrito por\" \/>\n\t<meta name=\"twitter:data1\" content=\"Contenidos El Regional\" \/>\n\t<meta name=\"twitter:label2\" content=\"Tiempo de lectura\" \/>\n\t<meta name=\"twitter:data2\" content=\"3 minutos\" \/>\n<script type=\"application\/ld+json\" class=\"yoast-schema-graph\">{\"@context\":\"https:\/\/schema.org\",\"@graph\":[{\"@type\":\"Article\",\"@id\":\"http:\/\/elregionalvm.com.ar\/noticias-villa-maria\/departamento-union-schiaretti-habilito-obras-de-infraestructura-vial-en-monte-maiz-y-colonia-bremen\/#article\",\"isPartOf\":{\"@id\":\"http:\/\/elregionalvm.com.ar\/noticias-villa-maria\/departamento-union-schiaretti-habilito-obras-de-infraestructura-vial-en-monte-maiz-y-colonia-bremen\/\"},\"author\":{\"name\":\"Contenidos El Regional\",\"@id\":\"http:\/\/elregionalvm.com.ar\/noticias-villa-maria\/#\/schema\/person\/a0fb9c422317faca23d50163151bc354\"},\"headline\":\"Departamento Uni\u00f3n: Schiaretti habilit\u00f3 obras de infraestructura vial en Monte Ma\u00edz y Colonia Bremen\",\"datePublished\":\"2023-01-05T21:16:21+00:00\",\"dateModified\":\"2023-01-05T21:16:55+00:00\",\"mainEntityOfPage\":{\"@id\":\"http:\/\/elregionalvm.com.ar\/noticias-villa-maria\/departamento-union-schiaretti-habilito-obras-de-infraestructura-vial-en-monte-maiz-y-colonia-bremen\/\"},\"wordCount\":604,\"commentCount\":0,\"image\":{\"@id\":\"http:\/\/elregionalvm.com.ar\/noticias-villa-maria\/departamento-union-schiaretti-habilito-obras-de-infraestructura-vial-en-monte-maiz-y-colonia-bremen\/#primaryimage\"},\"thumbnailUrl\":\"https:\/\/i0.wp.com\/elregionalvm.com.ar\/noticias-villa-maria\/wp-content\/uploads\/2023\/01\/Monte-Maiz-y-Colonia-Bremen-15.jpg?fit=993%2C663&ssl=1\",\"keywords\":[\"acceso Colonia Bremen\",\"Colonia Bremen\",\"Monte Ma\u00edz\",\"obras viales\",\"pavimento\",\"puente r\u00edo Saladillo\",\"ruta provincial 11\",\"Schiaretti\"],\"articleSection\":[\"destacado\",\"Regi\u00f3n\"],\"inLanguage\":\"es\",\"potentialAction\":[{\"@type\":\"CommentAction\",\"name\":\"Comment\",\"target\":[\"http:\/\/elregionalvm.com.ar\/noticias-villa-maria\/departamento-union-schiaretti-habilito-obras-de-infraestructura-vial-en-monte-maiz-y-colonia-bremen\/#respond\"]}]},{\"@type\":\"WebPage\",\"@id\":\"http:\/\/elregionalvm.com.ar\/noticias-villa-maria\/departamento-union-schiaretti-habilito-obras-de-infraestructura-vial-en-monte-maiz-y-colonia-bremen\/\",\"url\":\"http:\/\/elregionalvm.com.ar\/noticias-villa-maria\/departamento-union-schiaretti-habilito-obras-de-infraestructura-vial-en-monte-maiz-y-colonia-bremen\/\",\"name\":\"Departamento Uni\u00f3n: Schiaretti habilit\u00f3 obras de infraestructura vial en Monte Ma\u00edz y Colonia Bremen - El Regional\",\"isPartOf\":{\"@id\":\"http:\/\/elregionalvm.com.ar\/noticias-villa-maria\/#website\"},\"primaryImageOfPage\":{\"@id\":\"http:\/\/elregionalvm.com.ar\/noticias-villa-maria\/departamento-union-schiaretti-habilito-obras-de-infraestructura-vial-en-monte-maiz-y-colonia-bremen\/#primaryimage\"},\"image\":{\"@id\":\"http:\/\/elregionalvm.com.ar\/noticias-villa-maria\/departamento-union-schiaretti-habilito-obras-de-infraestructura-vial-en-monte-maiz-y-colonia-bremen\/#primaryimage\"},\"thumbnailUrl\":\"https:\/\/i0.wp.com\/elregionalvm.com.ar\/noticias-villa-maria\/wp-content\/uploads\/2023\/01\/Monte-Maiz-y-Colonia-Bremen-15.jpg?fit=993%2C663&ssl=1\",\"datePublished\":\"2023-01-05T21:16:21+00:00\",\"dateModified\":\"2023-01-05T21:16:55+00:00\",\"author\":{\"@id\":\"http:\/\/elregionalvm.com.ar\/noticias-villa-maria\/#\/schema\/person\/a0fb9c422317faca23d50163151bc354\"},\"breadcrumb\":{\"@id\":\"http:\/\/elregionalvm.com.ar\/noticias-villa-maria\/departamento-union-schiaretti-habilito-obras-de-infraestructura-vial-en-monte-maiz-y-colonia-bremen\/#breadcrumb\"},\"inLanguage\":\"es\",\"potentialAction\":[{\"@type\":\"ReadAction\",\"target\":[\"http:\/\/elregionalvm.com.ar\/noticias-villa-maria\/departamento-union-schiaretti-habilito-obras-de-infraestructura-vial-en-monte-maiz-y-colonia-bremen\/\"]}]},{\"@type\":\"ImageObject\",\"inLanguage\":\"es\",\"@id\":\"http:\/\/elregionalvm.com.ar\/noticias-villa-maria\/departamento-union-schiaretti-habilito-obras-de-infraestructura-vial-en-monte-maiz-y-colonia-bremen\/#primaryimage\",\"url\":\"https:\/\/i0.wp.com\/elregionalvm.com.ar\/noticias-villa-maria\/wp-content\/uploads\/2023\/01\/Monte-Maiz-y-Colonia-Bremen-15.jpg?fit=993%2C663&ssl=1\",\"contentUrl\":\"https:\/\/i0.wp.com\/elregionalvm.com.ar\/noticias-villa-maria\/wp-content\/uploads\/2023\/01\/Monte-Maiz-y-Colonia-Bremen-15.jpg?fit=993%2C663&ssl=1\",\"width\":993,\"height\":663},{\"@type\":\"BreadcrumbList\",\"@id\":\"http:\/\/elregionalvm.com.ar\/noticias-villa-maria\/departamento-union-schiaretti-habilito-obras-de-infraestructura-vial-en-monte-maiz-y-colonia-bremen\/#breadcrumb\",\"itemListElement\":[{\"@type\":\"ListItem\",\"position\":1,\"name\":\"Portada\",\"item\":\"https:\/\/elregionalvm.com.ar\/noticias-villa-maria\/\"},{\"@type\":\"ListItem\",\"position\":2,\"name\":\"Departamento Uni\u00f3n: Schiaretti habilit\u00f3 obras de infraestructura vial en Monte Ma\u00edz y Colonia Bremen\"}]},{\"@type\":\"WebSite\",\"@id\":\"http:\/\/elregionalvm.com.ar\/noticias-villa-maria\/#website\",\"url\":\"http:\/\/elregionalvm.com.ar\/noticias-villa-maria\/\",\"name\":\"El Regional\",\"description\":\"Mucho m\u00e1s que informaci\u00f3n\",\"potentialAction\":[{\"@type\":\"SearchAction\",\"target\":{\"@type\":\"EntryPoint\",\"urlTemplate\":\"http:\/\/elregionalvm.com.ar\/noticias-villa-maria\/?s={search_term_string}\"},\"query-input\":{\"@type\":\"PropertyValueSpecification\",\"valueRequired\":true,\"valueName\":\"search_term_string\"}}],\"inLanguage\":\"es\"},{\"@type\":\"Person\",\"@id\":\"http:\/\/elregionalvm.com.ar\/noticias-villa-maria\/#\/schema\/person\/a0fb9c422317faca23d50163151bc354\",\"name\":\"Contenidos El Regional\",\"image\":{\"@type\":\"ImageObject\",\"inLanguage\":\"es\",\"@id\":\"http:\/\/elregionalvm.com.ar\/noticias-villa-maria\/#\/schema\/person\/image\/\",\"url\":\"https:\/\/secure.gravatar.com\/avatar\/265b27cb2209af7bb3a1318f03305787d7981a5cc6e6cd08fe5a4ecdf99d4b48?s=96&d=mm&r=g\",\"contentUrl\":\"https:\/\/secure.gravatar.com\/avatar\/265b27cb2209af7bb3a1318f03305787d7981a5cc6e6cd08fe5a4ecdf99d4b48?s=96&d=mm&r=g\",\"caption\":\"Contenidos El Regional\"},\"url\":\"https:\/\/elregionalvm.com.ar\/noticias-villa-maria\/author\/contenido\/\"}]}<\/script>\n<!-- \/ Yoast SEO plugin. -->","yoast_head_json":{"title":"Departamento Uni\u00f3n: Schiaretti habilit\u00f3 obras de infraestructura vial en Monte Ma\u00edz y Colonia Bremen - El Regional","robots":{"index":"index","follow":"follow","max-snippet":"max-snippet:-1","max-image-preview":"max-image-preview:large","max-video-preview":"max-video-preview:-1"},"canonical":"http:\/\/elregionalvm.com.ar\/noticias-villa-maria\/departamento-union-schiaretti-habilito-obras-de-infraestructura-vial-en-monte-maiz-y-colonia-bremen\/","og_locale":"es_ES","og_type":"article","og_title":"Departamento Uni\u00f3n: Schiaretti habilit\u00f3 obras de infraestructura vial en Monte Ma\u00edz y Colonia Bremen - El Regional","og_description":"El gobernador Juan Schiaretti visit\u00f3 este jueves las localidades de Monte Ma\u00edz y Colonia Bremen, en el departamento Uni\u00f3n, donde dej\u00f3 habilitadas sendas obras viales por un total de 600 millones de pesos. En Monte Ma\u00edz, el mandatario provincial habilit\u00f3 la circulaci\u00f3n en el\u00a0puente sobre el r\u00edo Saladillo, en la Ruta Provincial 11, y expres\u00f3: [&hellip;]","og_url":"http:\/\/elregionalvm.com.ar\/noticias-villa-maria\/departamento-union-schiaretti-habilito-obras-de-infraestructura-vial-en-monte-maiz-y-colonia-bremen\/","og_site_name":"El Regional","article_publisher":"https:\/\/www.facebook.com\/elregionalvm","article_published_time":"2023-01-05T21:16:21+00:00","article_modified_time":"2023-01-05T21:16:55+00:00","og_image":[{"width":993,"height":663,"url":"http:\/\/elregionalvm.com.ar\/noticias-villa-maria\/wp-content\/uploads\/2023\/01\/Monte-Maiz-y-Colonia-Bremen-15.jpg","type":"image\/jpeg"}],"author":"Contenidos El Regional","twitter_card":"summary_large_image","twitter_creator":"@elregionalvm1","twitter_site":"@elregionalvm1","twitter_misc":{"Escrito por":"Contenidos El Regional","Tiempo de lectura":"3 minutos"},"schema":{"@context":"https:\/\/schema.org","@graph":[{"@type":"Article","@id":"http:\/\/elregionalvm.com.ar\/noticias-villa-maria\/departamento-union-schiaretti-habilito-obras-de-infraestructura-vial-en-monte-maiz-y-colonia-bremen\/#article","isPartOf":{"@id":"http:\/\/elregionalvm.com.ar\/noticias-villa-maria\/departamento-union-schiaretti-habilito-obras-de-infraestructura-vial-en-monte-maiz-y-colonia-bremen\/"},"author":{"name":"Contenidos El Regional","@id":"http:\/\/elregionalvm.com.ar\/noticias-villa-maria\/#\/schema\/person\/a0fb9c422317faca23d50163151bc354"},"headline":"Departamento Uni\u00f3n: Schiaretti habilit\u00f3 obras de infraestructura vial en Monte Ma\u00edz y Colonia Bremen","datePublished":"2023-01-05T21:16:21+00:00","dateModified":"2023-01-05T21:16:55+00:00","mainEntityOfPage":{"@id":"http:\/\/elregionalvm.com.ar\/noticias-villa-maria\/departamento-union-schiaretti-habilito-obras-de-infraestructura-vial-en-monte-maiz-y-colonia-bremen\/"},"wordCount":604,"commentCount":0,"image":{"@id":"http:\/\/elregionalvm.com.ar\/noticias-villa-maria\/departamento-union-schiaretti-habilito-obras-de-infraestructura-vial-en-monte-maiz-y-colonia-bremen\/#primaryimage"},"thumbnailUrl":"https:\/\/i0.wp.com\/elregionalvm.com.ar\/noticias-villa-maria\/wp-content\/uploads\/2023\/01\/Monte-Maiz-y-Colonia-Bremen-15.jpg?fit=993%2C663&ssl=1","keywords":["acceso Colonia Bremen","Colonia Bremen","Monte Ma\u00edz","obras viales","pavimento","puente r\u00edo Saladillo","ruta provincial 11","Schiaretti"],"articleSection":["destacado","Regi\u00f3n"],"inLanguage":"es","potentialAction":[{"@type":"CommentAction","name":"Comment","target":["http:\/\/elregionalvm.com.ar\/noticias-villa-maria\/departamento-union-schiaretti-habilito-obras-de-infraestructura-vial-en-monte-maiz-y-colonia-bremen\/#respond"]}]},{"@type":"WebPage","@id":"http:\/\/elregionalvm.com.ar\/noticias-villa-maria\/departamento-union-schiaretti-habilito-obras-de-infraestructura-vial-en-monte-maiz-y-colonia-bremen\/","url":"http:\/\/elregionalvm.com.ar\/noticias-villa-maria\/departamento-union-schiaretti-habilito-obras-de-infraestructura-vial-en-monte-maiz-y-colonia-bremen\/","name":"Departamento Uni\u00f3n: Schiaretti habilit\u00f3 obras de infraestructura vial en Monte Ma\u00edz y Colonia Bremen - El Regional","isPartOf":{"@id":"http:\/\/elregionalvm.com.ar\/noticias-villa-maria\/#website"},"primaryImageOfPage":{"@id":"http:\/\/elregionalvm.com.ar\/noticias-villa-maria\/departamento-union-schiaretti-habilito-obras-de-infraestructura-vial-en-monte-maiz-y-colonia-bremen\/#primaryimage"},"image":{"@id":"http:\/\/elregionalvm.com.ar\/noticias-villa-maria\/departamento-union-schiaretti-habilito-obras-de-infraestructura-vial-en-monte-maiz-y-colonia-bremen\/#primaryimage"},"thumbnailUrl":"https:\/\/i0.wp.com\/elregionalvm.com.ar\/noticias-villa-maria\/wp-content\/uploads\/2023\/01\/Monte-Maiz-y-Colonia-Bremen-15.jpg?fit=993%2C663&ssl=1","datePublished":"2023-01-05T21:16:21+00:00","dateModified":"2023-01-05T21:16:55+00:00","author":{"@id":"http:\/\/elregionalvm.com.ar\/noticias-villa-maria\/#\/schema\/person\/a0fb9c422317faca23d50163151bc354"},"breadcrumb":{"@id":"http:\/\/elregionalvm.com.ar\/noticias-villa-maria\/departamento-union-schiaretti-habilito-obras-de-infraestructura-vial-en-monte-maiz-y-colonia-bremen\/#breadcrumb"},"inLanguage":"es","potentialAction":[{"@type":"ReadAction","target":["http:\/\/elregionalvm.com.ar\/noticias-villa-maria\/departamento-union-schiaretti-habilito-obras-de-infraestructura-vial-en-monte-maiz-y-colonia-bremen\/"]}]},{"@type":"ImageObject","inLanguage":"es","@id":"http:\/\/elregionalvm.com.ar\/noticias-villa-maria\/departamento-union-schiaretti-habilito-obras-de-infraestructura-vial-en-monte-maiz-y-colonia-bremen\/#primaryimage","url":"https:\/\/i0.wp.com\/elregionalvm.com.ar\/noticias-villa-maria\/wp-content\/uploads\/2023\/01\/Monte-Maiz-y-Colonia-Bremen-15.jpg?fit=993%2C663&ssl=1","contentUrl":"https:\/\/i0.wp.com\/elregionalvm.com.ar\/noticias-villa-maria\/wp-content\/uploads\/2023\/01\/Monte-Maiz-y-Colonia-Bremen-15.jpg?fit=993%2C663&ssl=1","width":993,"height":663},{"@type":"BreadcrumbList","@id":"http:\/\/elregionalvm.com.ar\/noticias-villa-maria\/departamento-union-schiaretti-habilito-obras-de-infraestructura-vial-en-monte-maiz-y-colonia-bremen\/#breadcrumb","itemListElement":[{"@type":"ListItem","position":1,"name":"Portada","item":"https:\/\/elregionalvm.com.ar\/noticias-villa-maria\/"},{"@type":"ListItem","position":2,"name":"Departamento Uni\u00f3n: Schiaretti habilit\u00f3 obras de infraestructura vial en Monte Ma\u00edz y Colonia Bremen"}]},{"@type":"WebSite","@id":"http:\/\/elregionalvm.com.ar\/noticias-villa-maria\/#website","url":"http:\/\/elregionalvm.com.ar\/noticias-villa-maria\/","name":"El Regional","description":"Mucho m\u00e1s que informaci\u00f3n","potentialAction":[{"@type":"SearchAction","target":{"@type":"EntryPoint","urlTemplate":"http:\/\/elregionalvm.com.ar\/noticias-villa-maria\/?s={search_term_string}"},"query-input":{"@type":"PropertyValueSpecification","valueRequired":true,"valueName":"search_term_string"}}],"inLanguage":"es"},{"@type":"Person","@id":"http:\/\/elregionalvm.com.ar\/noticias-villa-maria\/#\/schema\/person\/a0fb9c422317faca23d50163151bc354","name":"Contenidos El Regional","image":{"@type":"ImageObject","inLanguage":"es","@id":"http:\/\/elregionalvm.com.ar\/noticias-villa-maria\/#\/schema\/person\/image\/","url":"https:\/\/secure.gravatar.com\/avatar\/265b27cb2209af7bb3a1318f03305787d7981a5cc6e6cd08fe5a4ecdf99d4b48?s=96&d=mm&r=g","contentUrl":"https:\/\/secure.gravatar.com\/avatar\/265b27cb2209af7bb3a1318f03305787d7981a5cc6e6cd08fe5a4ecdf99d4b48?s=96&d=mm&r=g","caption":"Contenidos El Regional"},"url":"https:\/\/elregionalvm.com.ar\/noticias-villa-maria\/author\/contenido\/"}]}},"jetpack_featured_media_url":"https:\/\/i0.wp.com\/elregionalvm.com.ar\/noticias-villa-maria\/wp-content\/uploads\/2023\/01\/Monte-Maiz-y-Colonia-Bremen-15.jpg?fit=993%2C663&ssl=1","jetpack_sharing_enabled":true,"_links":{"self":[{"href":"https:\/\/elregionalvm.com.ar\/noticias-villa-maria\/wp-json\/wp\/v2\/posts\/69757","targetHints":{"allow":["GET"]}}],"collection":[{"href":"https:\/\/elregionalvm.com.ar\/noticias-villa-maria\/wp-json\/wp\/v2\/posts"}],"about":[{"href":"https:\/\/elregionalvm.com.ar\/noticias-villa-maria\/wp-json\/wp\/v2\/types\/post"}],"author":[{"embeddable":true,"href":"https:\/\/elregionalvm.com.ar\/noticias-villa-maria\/wp-json\/wp\/v2\/users\/4"}],"replies":[{"embeddable":true,"href":"https:\/\/elregionalvm.com.ar\/noticias-villa-maria\/wp-json\/wp\/v2\/comments?post=69757"}],"version-history":[{"count":1,"href":"https:\/\/elregionalvm.com.ar\/noticias-villa-maria\/wp-json\/wp\/v2\/posts\/69757\/revisions"}],"predecessor-version":[{"id":69759,"href":"https:\/\/elregionalvm.com.ar\/noticias-villa-maria\/wp-json\/wp\/v2\/posts\/69757\/revisions\/69759"}],"wp:featuredmedia":[{"embeddable":true,"href":"https:\/\/elregionalvm.com.ar\/noticias-villa-maria\/wp-json\/wp\/v2\/media\/69758"}],"wp:attachment":[{"href":"https:\/\/elregionalvm.com.ar\/noticias-villa-maria\/wp-json\/wp\/v2\/media?parent=69757"}],"wp:term":[{"taxonomy":"category","embeddable":true,"href":"https:\/\/elregionalvm.com.ar\/noticias-villa-maria\/wp-json\/wp\/v2\/categories?post=69757"},{"taxonomy":"post_tag","embeddable":true,"href":"https:\/\/elregionalvm.com.ar\/noticias-villa-maria\/wp-json\/wp\/v2\/tags?post=69757"}],"curies":[{"name":"wp","href":"https:\/\/api.w.org\/{rel}","templated":true}]}}