{"id":69762,"date":"2023-01-05T21:49:06","date_gmt":"2023-01-05T21:49:06","guid":{"rendered":"https:\/\/elregionalvm.com.ar\/noticias-villa-maria\/?p=69762"},"modified":"2023-01-05T22:00:59","modified_gmt":"2023-01-05T22:00:59","slug":"la-construccion-del-sum-de-barrio-la-calera-sigue-avanzando","status":"publish","type":"post","link":"https:\/\/elregionalvm.com.ar\/noticias-villa-maria\/la-construccion-del-sum-de-barrio-la-calera-sigue-avanzando\/","title":{"rendered":"La construcci\u00f3n del SUM de Barrio La Calera sigue avanzando para ser un espacio integral"},"content":{"rendered":"\n<p>El intendente Mart\u00edn Gill supervis\u00f3 los avances del Sal\u00f3n de Usos M\u00faltiples (SUM) que es construido en barrio La Calera, a los fines de dotar al sector noroeste de la ciudad de un espacio integral de inclusi\u00f3n. All\u00ed, la obra llevada adelante con financiamiento del Gobierno nacional marcha a buen ritmo, y una vez culminada permitir\u00e1 a vecinos y vecinas disfrutar de las instalaciones dispuestas.<\/p>\n\n\n\n<p>Actualmente, las labores radican en el revocado de paredes y en la colocaci\u00f3n de mamposter\u00eda de elevaci\u00f3n. En tanto, como parte de las pr\u00f3ximas tareas, se trabajar\u00e1 en la disposici\u00f3n del cielo raso, en el cerramiento del per\u00edmetro del techo, y en la instalaci\u00f3n de aberturas.<\/p>\n\n\n\n<p>Anterior a ello, fueron ejecutadas las ca\u00f1er\u00edas sanitarias en ba\u00f1os y cocina, y se trabaj\u00f3 en la realizaci\u00f3n de fundaciones, encadenados inferiores y colocaci\u00f3n de capa aisladora sobre la estructura para impedir el ascenso de humedad.<\/p>\n\n\n\n<figure class=\"wp-block-gallery has-nested-images columns-default is-cropped wp-block-gallery-1 is-layout-flex wp-block-gallery-is-layout-flex\">\n<figure class=\"wp-block-image size-large\"><img data-recalc-dims=\"1\" fetchpriority=\"high\" decoding=\"async\" width=\"1024\" height=\"682\" data-id=\"69765\" src=\"https:\/\/i0.wp.com\/elregionalvm.com.ar\/noticias-villa-maria\/wp-content\/uploads\/2023\/01\/WhatsApp-Image-2023-01-05-at-14.24.19-1.jpeg?resize=1024%2C682&#038;ssl=1\" alt=\"\" class=\"wp-image-69765\" srcset=\"https:\/\/i0.wp.com\/elregionalvm.com.ar\/noticias-villa-maria\/wp-content\/uploads\/2023\/01\/WhatsApp-Image-2023-01-05-at-14.24.19-1.jpeg?resize=1024%2C682&amp;ssl=1 1024w, https:\/\/i0.wp.com\/elregionalvm.com.ar\/noticias-villa-maria\/wp-content\/uploads\/2023\/01\/WhatsApp-Image-2023-01-05-at-14.24.19-1.jpeg?resize=300%2C200&amp;ssl=1 300w, https:\/\/i0.wp.com\/elregionalvm.com.ar\/noticias-villa-maria\/wp-content\/uploads\/2023\/01\/WhatsApp-Image-2023-01-05-at-14.24.19-1.jpeg?resize=768%2C512&amp;ssl=1 768w, https:\/\/i0.wp.com\/elregionalvm.com.ar\/noticias-villa-maria\/wp-content\/uploads\/2023\/01\/WhatsApp-Image-2023-01-05-at-14.24.19-1.jpeg?w=1280&amp;ssl=1 1280w\" sizes=\"(max-width: 1000px) 100vw, 1000px\" \/><\/figure>\n\n\n\n<figure class=\"wp-block-image size-large\"><img data-recalc-dims=\"1\" decoding=\"async\" width=\"1024\" height=\"682\" data-id=\"69764\" src=\"https:\/\/i0.wp.com\/elregionalvm.com.ar\/noticias-villa-maria\/wp-content\/uploads\/2023\/01\/WhatsApp-Image-2023-01-05-at-14.24.19.jpeg?resize=1024%2C682&#038;ssl=1\" alt=\"\" class=\"wp-image-69764\" srcset=\"https:\/\/i0.wp.com\/elregionalvm.com.ar\/noticias-villa-maria\/wp-content\/uploads\/2023\/01\/WhatsApp-Image-2023-01-05-at-14.24.19.jpeg?resize=1024%2C682&amp;ssl=1 1024w, https:\/\/i0.wp.com\/elregionalvm.com.ar\/noticias-villa-maria\/wp-content\/uploads\/2023\/01\/WhatsApp-Image-2023-01-05-at-14.24.19.jpeg?resize=300%2C200&amp;ssl=1 300w, https:\/\/i0.wp.com\/elregionalvm.com.ar\/noticias-villa-maria\/wp-content\/uploads\/2023\/01\/WhatsApp-Image-2023-01-05-at-14.24.19.jpeg?resize=768%2C512&amp;ssl=1 768w, https:\/\/i0.wp.com\/elregionalvm.com.ar\/noticias-villa-maria\/wp-content\/uploads\/2023\/01\/WhatsApp-Image-2023-01-05-at-14.24.19.jpeg?w=1280&amp;ssl=1 1280w\" sizes=\"(max-width: 1000px) 100vw, 1000px\" \/><\/figure>\n<\/figure>\n\n\n\n<p><\/p>\n\n\n\n<p>De este modo, el SUM alcanzar\u00e1 una superficie total de m\u00e1s de 170 metros cuadrados que permitir\u00e1 a vecinos y vecinas del barrio contar con un edificio amplio y moderno para desempe\u00f1ar actividades sociales, culturales, educativas y deportivas. Adem\u00e1s, el edificio tambi\u00e9n oficiar\u00e1 como sede para el Centro Vecinal del barrio, por lo que su dise\u00f1o contempla la creaci\u00f3n de oficinas, sanitarios y una galer\u00eda semicubierta.<\/p>\n\n\n\n<p>En simult\u00e1neo, las labores prev\u00e9n la intervenci\u00f3n de la plaza donde se ubica el play\u00f3n deportivo municipal. All\u00ed, se llevar\u00e1 adelante la renovaci\u00f3n del mobiliario urbano, rampas de acceso, postas de salud y recambio de luminarias.<\/p>\n\n\n\n<p>Es oportuno recordar que la obra cuenta con financiamiento del Gobierno nacional, tras la adhesi\u00f3n del municipio al Registro Nacional de Barrios Populares (Renabap). Se trata de una de las pol\u00edticas impulsadas por el Ministerio de Desarrollo Social de la Naci\u00f3n con el objetivo de costear sin devoluci\u00f3n infraestructuras en barrios y asentamientos populares.<\/p>\n","protected":false},"excerpt":{"rendered":"<p>El intendente Mart\u00edn Gill supervis\u00f3 los avances del Sal\u00f3n de Usos M\u00faltiples (SUM) que es construido en barrio La Calera, a los fines de dotar al sector noroeste de la ciudad de un espacio integral de inclusi\u00f3n. All\u00ed, la obra llevada adelante con financiamiento del Gobierno nacional marcha a buen ritmo, y una vez culminada [&hellip;]<\/p>\n","protected":false},"author":4,"featured_media":69763,"comment_status":"open","ping_status":"open","sticky":false,"template":"","format":"standard","meta":{"site-sidebar-layout":"default","site-content-layout":"","ast-site-content-layout":"default","site-content-style":"default","site-sidebar-style":"default","ast-global-header-display":"","ast-banner-title-visibility":"","ast-main-header-display":"","ast-hfb-above-header-display":"","ast-hfb-below-header-display":"","ast-hfb-mobile-header-display":"","site-post-title":"","ast-breadcrumbs-content":"","ast-featured-img":"","footer-sml-layout":"","ast-disable-related-posts":"","theme-transparent-header-meta":"","adv-header-id-meta":"","stick-header-meta":"","header-above-stick-meta":"","header-main-stick-meta":"","header-below-stick-meta":"","astra-migrate-meta-layouts":"default","ast-page-background-enabled":"default","ast-page-background-meta":{"desktop":{"background-color":"","background-image":"","background-repeat":"repeat","background-position":"center center","background-size":"auto","background-attachment":"scroll","background-type":"","background-media":"","overlay-type":"","overlay-color":"","overlay-opacity":"","overlay-gradient":""},"tablet":{"background-color":"","background-image":"","background-repeat":"repeat","background-position":"center center","background-size":"auto","background-attachment":"scroll","background-type":"","background-media":"","overlay-type":"","overlay-color":"","overlay-opacity":"","overlay-gradient":""},"mobile":{"background-color":"","background-image":"","background-repeat":"repeat","background-position":"center center","background-size":"auto","background-attachment":"scroll","background-type":"","background-media":"","overlay-type":"","overlay-color":"","overlay-opacity":"","overlay-gradient":""}},"ast-content-background-meta":{"desktop":{"background-color":"var(--ast-global-color-5)","background-image":"","background-repeat":"repeat","background-position":"center center","background-size":"auto","background-attachment":"scroll","background-type":"","background-media":"","overlay-type":"","overlay-color":"","overlay-opacity":"","overlay-gradient":""},"tablet":{"background-color":"var(--ast-global-color-5)","background-image":"","background-repeat":"repeat","background-position":"center center","background-size":"auto","background-attachment":"scroll","background-type":"","background-media":"","overlay-type":"","overlay-color":"","overlay-opacity":"","overlay-gradient":""},"mobile":{"background-color":"var(--ast-global-color-5)","background-image":"","background-repeat":"repeat","background-position":"center center","background-size":"auto","background-attachment":"scroll","background-type":"","background-media":"","overlay-type":"","overlay-color":"","overlay-opacity":"","overlay-gradient":""}},"_jetpack_memberships_contains_paid_content":false,"_joinchat":[],"footnotes":""},"categories":[2],"tags":[2586,20974,20971,20972,2135,20973,2248],"class_list":["post-69762","post","type-post","status-publish","format-standard","has-post-thumbnail","hentry","category-villa-maria","tag-barrio-la-calera","tag-canerias","tag-centro-de-inclusion","tag-cerramiento-del-techo","tag-construccion","tag-instalacion-de-aberturas","tag-villa-maria-2"],"yoast_head":"<!-- This site is optimized with the Yoast SEO plugin v26.8 - https:\/\/yoast.com\/product\/yoast-seo-wordpress\/ -->\n<title>La construcci\u00f3n del SUM de Barrio La Calera sigue avanzando para ser un espacio integral - El Regional<\/title>\n<meta name=\"robots\" content=\"index, follow, max-snippet:-1, max-image-preview:large, max-video-preview:-1\" \/>\n<link rel=\"canonical\" href=\"http:\/\/elregionalvm.com.ar\/noticias-villa-maria\/la-construccion-del-sum-de-barrio-la-calera-sigue-avanzando\/\" \/>\n<meta property=\"og:locale\" content=\"es_ES\" \/>\n<meta property=\"og:type\" content=\"article\" \/>\n<meta property=\"og:title\" content=\"La construcci\u00f3n del SUM de Barrio La Calera sigue avanzando para ser un espacio integral - El Regional\" \/>\n<meta property=\"og:description\" content=\"El intendente Mart\u00edn Gill supervis\u00f3 los avances del Sal\u00f3n de Usos M\u00faltiples (SUM) que es construido en barrio La Calera, a los fines de dotar al sector noroeste de la ciudad de un espacio integral de inclusi\u00f3n. All\u00ed, la obra llevada adelante con financiamiento del Gobierno nacional marcha a buen ritmo, y una vez culminada [&hellip;]\" \/>\n<meta property=\"og:url\" content=\"http:\/\/elregionalvm.com.ar\/noticias-villa-maria\/la-construccion-del-sum-de-barrio-la-calera-sigue-avanzando\/\" \/>\n<meta property=\"og:site_name\" content=\"El Regional\" \/>\n<meta property=\"article:publisher\" content=\"https:\/\/www.facebook.com\/elregionalvm\" \/>\n<meta property=\"article:published_time\" content=\"2023-01-05T21:49:06+00:00\" \/>\n<meta property=\"article:modified_time\" content=\"2023-01-05T22:00:59+00:00\" \/>\n<meta property=\"og:image\" content=\"http:\/\/elregionalvm.com.ar\/noticias-villa-maria\/wp-content\/uploads\/2023\/01\/WhatsApp-Image-2023-01-05-at-14.24.18.jpeg\" \/>\n\t<meta property=\"og:image:width\" content=\"1280\" \/>\n\t<meta property=\"og:image:height\" content=\"853\" \/>\n\t<meta property=\"og:image:type\" content=\"image\/jpeg\" \/>\n<meta name=\"author\" content=\"Contenidos El Regional\" \/>\n<meta name=\"twitter:card\" content=\"summary_large_image\" \/>\n<meta name=\"twitter:creator\" content=\"@elregionalvm1\" \/>\n<meta name=\"twitter:site\" content=\"@elregionalvm1\" \/>\n<meta name=\"twitter:label1\" content=\"Escrito por\" \/>\n\t<meta name=\"twitter:data1\" content=\"Contenidos El Regional\" \/>\n\t<meta name=\"twitter:label2\" content=\"Tiempo de lectura\" \/>\n\t<meta name=\"twitter:data2\" content=\"2 minutos\" \/>\n<script type=\"application\/ld+json\" class=\"yoast-schema-graph\">{\"@context\":\"https:\/\/schema.org\",\"@graph\":[{\"@type\":\"Article\",\"@id\":\"http:\/\/elregionalvm.com.ar\/noticias-villa-maria\/la-construccion-del-sum-de-barrio-la-calera-sigue-avanzando\/#article\",\"isPartOf\":{\"@id\":\"http:\/\/elregionalvm.com.ar\/noticias-villa-maria\/la-construccion-del-sum-de-barrio-la-calera-sigue-avanzando\/\"},\"author\":{\"name\":\"Contenidos El Regional\",\"@id\":\"http:\/\/elregionalvm.com.ar\/noticias-villa-maria\/#\/schema\/person\/a0fb9c422317faca23d50163151bc354\"},\"headline\":\"La construcci\u00f3n del SUM de Barrio La Calera sigue avanzando para ser un espacio integral\",\"datePublished\":\"2023-01-05T21:49:06+00:00\",\"dateModified\":\"2023-01-05T22:00:59+00:00\",\"mainEntityOfPage\":{\"@id\":\"http:\/\/elregionalvm.com.ar\/noticias-villa-maria\/la-construccion-del-sum-de-barrio-la-calera-sigue-avanzando\/\"},\"wordCount\":350,\"commentCount\":0,\"image\":{\"@id\":\"http:\/\/elregionalvm.com.ar\/noticias-villa-maria\/la-construccion-del-sum-de-barrio-la-calera-sigue-avanzando\/#primaryimage\"},\"thumbnailUrl\":\"https:\/\/i0.wp.com\/elregionalvm.com.ar\/noticias-villa-maria\/wp-content\/uploads\/2023\/01\/WhatsApp-Image-2023-01-05-at-14.24.18.jpeg?fit=1280%2C853&ssl=1\",\"keywords\":[\"Barrio La Calera\",\"ca\u00f1er\u00edas\",\"centro de inclusi\u00f3n\",\"cerramiento del techo\",\"Construcci\u00f3n\",\"instalaci\u00f3n de aberturas\",\"Villa Mar\u00eda\"],\"articleSection\":[\"Villa Mar\u00eda\"],\"inLanguage\":\"es\",\"potentialAction\":[{\"@type\":\"CommentAction\",\"name\":\"Comment\",\"target\":[\"http:\/\/elregionalvm.com.ar\/noticias-villa-maria\/la-construccion-del-sum-de-barrio-la-calera-sigue-avanzando\/#respond\"]}]},{\"@type\":\"WebPage\",\"@id\":\"http:\/\/elregionalvm.com.ar\/noticias-villa-maria\/la-construccion-del-sum-de-barrio-la-calera-sigue-avanzando\/\",\"url\":\"http:\/\/elregionalvm.com.ar\/noticias-villa-maria\/la-construccion-del-sum-de-barrio-la-calera-sigue-avanzando\/\",\"name\":\"La construcci\u00f3n del SUM de Barrio La Calera sigue avanzando para ser un espacio integral - El Regional\",\"isPartOf\":{\"@id\":\"http:\/\/elregionalvm.com.ar\/noticias-villa-maria\/#website\"},\"primaryImageOfPage\":{\"@id\":\"http:\/\/elregionalvm.com.ar\/noticias-villa-maria\/la-construccion-del-sum-de-barrio-la-calera-sigue-avanzando\/#primaryimage\"},\"image\":{\"@id\":\"http:\/\/elregionalvm.com.ar\/noticias-villa-maria\/la-construccion-del-sum-de-barrio-la-calera-sigue-avanzando\/#primaryimage\"},\"thumbnailUrl\":\"https:\/\/i0.wp.com\/elregionalvm.com.ar\/noticias-villa-maria\/wp-content\/uploads\/2023\/01\/WhatsApp-Image-2023-01-05-at-14.24.18.jpeg?fit=1280%2C853&ssl=1\",\"datePublished\":\"2023-01-05T21:49:06+00:00\",\"dateModified\":\"2023-01-05T22:00:59+00:00\",\"author\":{\"@id\":\"http:\/\/elregionalvm.com.ar\/noticias-villa-maria\/#\/schema\/person\/a0fb9c422317faca23d50163151bc354\"},\"breadcrumb\":{\"@id\":\"http:\/\/elregionalvm.com.ar\/noticias-villa-maria\/la-construccion-del-sum-de-barrio-la-calera-sigue-avanzando\/#breadcrumb\"},\"inLanguage\":\"es\",\"potentialAction\":[{\"@type\":\"ReadAction\",\"target\":[\"http:\/\/elregionalvm.com.ar\/noticias-villa-maria\/la-construccion-del-sum-de-barrio-la-calera-sigue-avanzando\/\"]}]},{\"@type\":\"ImageObject\",\"inLanguage\":\"es\",\"@id\":\"http:\/\/elregionalvm.com.ar\/noticias-villa-maria\/la-construccion-del-sum-de-barrio-la-calera-sigue-avanzando\/#primaryimage\",\"url\":\"https:\/\/i0.wp.com\/elregionalvm.com.ar\/noticias-villa-maria\/wp-content\/uploads\/2023\/01\/WhatsApp-Image-2023-01-05-at-14.24.18.jpeg?fit=1280%2C853&ssl=1\",\"contentUrl\":\"https:\/\/i0.wp.com\/elregionalvm.com.ar\/noticias-villa-maria\/wp-content\/uploads\/2023\/01\/WhatsApp-Image-2023-01-05-at-14.24.18.jpeg?fit=1280%2C853&ssl=1\",\"width\":1280,\"height\":853},{\"@type\":\"BreadcrumbList\",\"@id\":\"http:\/\/elregionalvm.com.ar\/noticias-villa-maria\/la-construccion-del-sum-de-barrio-la-calera-sigue-avanzando\/#breadcrumb\",\"itemListElement\":[{\"@type\":\"ListItem\",\"position\":1,\"name\":\"Portada\",\"item\":\"https:\/\/elregionalvm.com.ar\/noticias-villa-maria\/\"},{\"@type\":\"ListItem\",\"position\":2,\"name\":\"La construcci\u00f3n del SUM de Barrio La Calera sigue avanzando para ser un espacio integral\"}]},{\"@type\":\"WebSite\",\"@id\":\"http:\/\/elregionalvm.com.ar\/noticias-villa-maria\/#website\",\"url\":\"http:\/\/elregionalvm.com.ar\/noticias-villa-maria\/\",\"name\":\"El Regional\",\"description\":\"Mucho m\u00e1s que informaci\u00f3n\",\"potentialAction\":[{\"@type\":\"SearchAction\",\"target\":{\"@type\":\"EntryPoint\",\"urlTemplate\":\"http:\/\/elregionalvm.com.ar\/noticias-villa-maria\/?s={search_term_string}\"},\"query-input\":{\"@type\":\"PropertyValueSpecification\",\"valueRequired\":true,\"valueName\":\"search_term_string\"}}],\"inLanguage\":\"es\"},{\"@type\":\"Person\",\"@id\":\"http:\/\/elregionalvm.com.ar\/noticias-villa-maria\/#\/schema\/person\/a0fb9c422317faca23d50163151bc354\",\"name\":\"Contenidos El Regional\",\"image\":{\"@type\":\"ImageObject\",\"inLanguage\":\"es\",\"@id\":\"http:\/\/elregionalvm.com.ar\/noticias-villa-maria\/#\/schema\/person\/image\/\",\"url\":\"https:\/\/secure.gravatar.com\/avatar\/265b27cb2209af7bb3a1318f03305787d7981a5cc6e6cd08fe5a4ecdf99d4b48?s=96&d=mm&r=g\",\"contentUrl\":\"https:\/\/secure.gravatar.com\/avatar\/265b27cb2209af7bb3a1318f03305787d7981a5cc6e6cd08fe5a4ecdf99d4b48?s=96&d=mm&r=g\",\"caption\":\"Contenidos El Regional\"},\"url\":\"https:\/\/elregionalvm.com.ar\/noticias-villa-maria\/author\/contenido\/\"}]}<\/script>\n<!-- \/ Yoast SEO plugin. -->","yoast_head_json":{"title":"La construcci\u00f3n del SUM de Barrio La Calera sigue avanzando para ser un espacio integral - El Regional","robots":{"index":"index","follow":"follow","max-snippet":"max-snippet:-1","max-image-preview":"max-image-preview:large","max-video-preview":"max-video-preview:-1"},"canonical":"http:\/\/elregionalvm.com.ar\/noticias-villa-maria\/la-construccion-del-sum-de-barrio-la-calera-sigue-avanzando\/","og_locale":"es_ES","og_type":"article","og_title":"La construcci\u00f3n del SUM de Barrio La Calera sigue avanzando para ser un espacio integral - El Regional","og_description":"El intendente Mart\u00edn Gill supervis\u00f3 los avances del Sal\u00f3n de Usos M\u00faltiples (SUM) que es construido en barrio La Calera, a los fines de dotar al sector noroeste de la ciudad de un espacio integral de inclusi\u00f3n. All\u00ed, la obra llevada adelante con financiamiento del Gobierno nacional marcha a buen ritmo, y una vez culminada [&hellip;]","og_url":"http:\/\/elregionalvm.com.ar\/noticias-villa-maria\/la-construccion-del-sum-de-barrio-la-calera-sigue-avanzando\/","og_site_name":"El Regional","article_publisher":"https:\/\/www.facebook.com\/elregionalvm","article_published_time":"2023-01-05T21:49:06+00:00","article_modified_time":"2023-01-05T22:00:59+00:00","og_image":[{"width":1280,"height":853,"url":"http:\/\/elregionalvm.com.ar\/noticias-villa-maria\/wp-content\/uploads\/2023\/01\/WhatsApp-Image-2023-01-05-at-14.24.18.jpeg","type":"image\/jpeg"}],"author":"Contenidos El Regional","twitter_card":"summary_large_image","twitter_creator":"@elregionalvm1","twitter_site":"@elregionalvm1","twitter_misc":{"Escrito por":"Contenidos El Regional","Tiempo de lectura":"2 minutos"},"schema":{"@context":"https:\/\/schema.org","@graph":[{"@type":"Article","@id":"http:\/\/elregionalvm.com.ar\/noticias-villa-maria\/la-construccion-del-sum-de-barrio-la-calera-sigue-avanzando\/#article","isPartOf":{"@id":"http:\/\/elregionalvm.com.ar\/noticias-villa-maria\/la-construccion-del-sum-de-barrio-la-calera-sigue-avanzando\/"},"author":{"name":"Contenidos El Regional","@id":"http:\/\/elregionalvm.com.ar\/noticias-villa-maria\/#\/schema\/person\/a0fb9c422317faca23d50163151bc354"},"headline":"La construcci\u00f3n del SUM de Barrio La Calera sigue avanzando para ser un espacio integral","datePublished":"2023-01-05T21:49:06+00:00","dateModified":"2023-01-05T22:00:59+00:00","mainEntityOfPage":{"@id":"http:\/\/elregionalvm.com.ar\/noticias-villa-maria\/la-construccion-del-sum-de-barrio-la-calera-sigue-avanzando\/"},"wordCount":350,"commentCount":0,"image":{"@id":"http:\/\/elregionalvm.com.ar\/noticias-villa-maria\/la-construccion-del-sum-de-barrio-la-calera-sigue-avanzando\/#primaryimage"},"thumbnailUrl":"https:\/\/i0.wp.com\/elregionalvm.com.ar\/noticias-villa-maria\/wp-content\/uploads\/2023\/01\/WhatsApp-Image-2023-01-05-at-14.24.18.jpeg?fit=1280%2C853&ssl=1","keywords":["Barrio La Calera","ca\u00f1er\u00edas","centro de inclusi\u00f3n","cerramiento del techo","Construcci\u00f3n","instalaci\u00f3n de aberturas","Villa Mar\u00eda"],"articleSection":["Villa Mar\u00eda"],"inLanguage":"es","potentialAction":[{"@type":"CommentAction","name":"Comment","target":["http:\/\/elregionalvm.com.ar\/noticias-villa-maria\/la-construccion-del-sum-de-barrio-la-calera-sigue-avanzando\/#respond"]}]},{"@type":"WebPage","@id":"http:\/\/elregionalvm.com.ar\/noticias-villa-maria\/la-construccion-del-sum-de-barrio-la-calera-sigue-avanzando\/","url":"http:\/\/elregionalvm.com.ar\/noticias-villa-maria\/la-construccion-del-sum-de-barrio-la-calera-sigue-avanzando\/","name":"La construcci\u00f3n del SUM de Barrio La Calera sigue avanzando para ser un espacio integral - El Regional","isPartOf":{"@id":"http:\/\/elregionalvm.com.ar\/noticias-villa-maria\/#website"},"primaryImageOfPage":{"@id":"http:\/\/elregionalvm.com.ar\/noticias-villa-maria\/la-construccion-del-sum-de-barrio-la-calera-sigue-avanzando\/#primaryimage"},"image":{"@id":"http:\/\/elregionalvm.com.ar\/noticias-villa-maria\/la-construccion-del-sum-de-barrio-la-calera-sigue-avanzando\/#primaryimage"},"thumbnailUrl":"https:\/\/i0.wp.com\/elregionalvm.com.ar\/noticias-villa-maria\/wp-content\/uploads\/2023\/01\/WhatsApp-Image-2023-01-05-at-14.24.18.jpeg?fit=1280%2C853&ssl=1","datePublished":"2023-01-05T21:49:06+00:00","dateModified":"2023-01-05T22:00:59+00:00","author":{"@id":"http:\/\/elregionalvm.com.ar\/noticias-villa-maria\/#\/schema\/person\/a0fb9c422317faca23d50163151bc354"},"breadcrumb":{"@id":"http:\/\/elregionalvm.com.ar\/noticias-villa-maria\/la-construccion-del-sum-de-barrio-la-calera-sigue-avanzando\/#breadcrumb"},"inLanguage":"es","potentialAction":[{"@type":"ReadAction","target":["http:\/\/elregionalvm.com.ar\/noticias-villa-maria\/la-construccion-del-sum-de-barrio-la-calera-sigue-avanzando\/"]}]},{"@type":"ImageObject","inLanguage":"es","@id":"http:\/\/elregionalvm.com.ar\/noticias-villa-maria\/la-construccion-del-sum-de-barrio-la-calera-sigue-avanzando\/#primaryimage","url":"https:\/\/i0.wp.com\/elregionalvm.com.ar\/noticias-villa-maria\/wp-content\/uploads\/2023\/01\/WhatsApp-Image-2023-01-05-at-14.24.18.jpeg?fit=1280%2C853&ssl=1","contentUrl":"https:\/\/i0.wp.com\/elregionalvm.com.ar\/noticias-villa-maria\/wp-content\/uploads\/2023\/01\/WhatsApp-Image-2023-01-05-at-14.24.18.jpeg?fit=1280%2C853&ssl=1","width":1280,"height":853},{"@type":"BreadcrumbList","@id":"http:\/\/elregionalvm.com.ar\/noticias-villa-maria\/la-construccion-del-sum-de-barrio-la-calera-sigue-avanzando\/#breadcrumb","itemListElement":[{"@type":"ListItem","position":1,"name":"Portada","item":"https:\/\/elregionalvm.com.ar\/noticias-villa-maria\/"},{"@type":"ListItem","position":2,"name":"La construcci\u00f3n del SUM de Barrio La Calera sigue avanzando para ser un espacio integral"}]},{"@type":"WebSite","@id":"http:\/\/elregionalvm.com.ar\/noticias-villa-maria\/#website","url":"http:\/\/elregionalvm.com.ar\/noticias-villa-maria\/","name":"El Regional","description":"Mucho m\u00e1s que informaci\u00f3n","potentialAction":[{"@type":"SearchAction","target":{"@type":"EntryPoint","urlTemplate":"http:\/\/elregionalvm.com.ar\/noticias-villa-maria\/?s={search_term_string}"},"query-input":{"@type":"PropertyValueSpecification","valueRequired":true,"valueName":"search_term_string"}}],"inLanguage":"es"},{"@type":"Person","@id":"http:\/\/elregionalvm.com.ar\/noticias-villa-maria\/#\/schema\/person\/a0fb9c422317faca23d50163151bc354","name":"Contenidos El Regional","image":{"@type":"ImageObject","inLanguage":"es","@id":"http:\/\/elregionalvm.com.ar\/noticias-villa-maria\/#\/schema\/person\/image\/","url":"https:\/\/secure.gravatar.com\/avatar\/265b27cb2209af7bb3a1318f03305787d7981a5cc6e6cd08fe5a4ecdf99d4b48?s=96&d=mm&r=g","contentUrl":"https:\/\/secure.gravatar.com\/avatar\/265b27cb2209af7bb3a1318f03305787d7981a5cc6e6cd08fe5a4ecdf99d4b48?s=96&d=mm&r=g","caption":"Contenidos El Regional"},"url":"https:\/\/elregionalvm.com.ar\/noticias-villa-maria\/author\/contenido\/"}]}},"jetpack_featured_media_url":"https:\/\/i0.wp.com\/elregionalvm.com.ar\/noticias-villa-maria\/wp-content\/uploads\/2023\/01\/WhatsApp-Image-2023-01-05-at-14.24.18.jpeg?fit=1280%2C853&ssl=1","jetpack_sharing_enabled":true,"_links":{"self":[{"href":"https:\/\/elregionalvm.com.ar\/noticias-villa-maria\/wp-json\/wp\/v2\/posts\/69762","targetHints":{"allow":["GET"]}}],"collection":[{"href":"https:\/\/elregionalvm.com.ar\/noticias-villa-maria\/wp-json\/wp\/v2\/posts"}],"about":[{"href":"https:\/\/elregionalvm.com.ar\/noticias-villa-maria\/wp-json\/wp\/v2\/types\/post"}],"author":[{"embeddable":true,"href":"https:\/\/elregionalvm.com.ar\/noticias-villa-maria\/wp-json\/wp\/v2\/users\/4"}],"replies":[{"embeddable":true,"href":"https:\/\/elregionalvm.com.ar\/noticias-villa-maria\/wp-json\/wp\/v2\/comments?post=69762"}],"version-history":[{"count":2,"href":"https:\/\/elregionalvm.com.ar\/noticias-villa-maria\/wp-json\/wp\/v2\/posts\/69762\/revisions"}],"predecessor-version":[{"id":69768,"href":"https:\/\/elregionalvm.com.ar\/noticias-villa-maria\/wp-json\/wp\/v2\/posts\/69762\/revisions\/69768"}],"wp:featuredmedia":[{"embeddable":true,"href":"https:\/\/elregionalvm.com.ar\/noticias-villa-maria\/wp-json\/wp\/v2\/media\/69763"}],"wp:attachment":[{"href":"https:\/\/elregionalvm.com.ar\/noticias-villa-maria\/wp-json\/wp\/v2\/media?parent=69762"}],"wp:term":[{"taxonomy":"category","embeddable":true,"href":"https:\/\/elregionalvm.com.ar\/noticias-villa-maria\/wp-json\/wp\/v2\/categories?post=69762"},{"taxonomy":"post_tag","embeddable":true,"href":"https:\/\/elregionalvm.com.ar\/noticias-villa-maria\/wp-json\/wp\/v2\/tags?post=69762"}],"curies":[{"name":"wp","href":"https:\/\/api.w.org\/{rel}","templated":true}]}}