{"id":69769,"date":"2023-01-05T22:00:28","date_gmt":"2023-01-05T22:00:28","guid":{"rendered":"https:\/\/elregionalvm.com.ar\/noticias-villa-maria\/?p=69769"},"modified":"2023-01-05T22:02:09","modified_gmt":"2023-01-05T22:02:09","slug":"epec-cambiara-un-conductor-subterraneo-en-el-centro-trabajaran-sobre-varias-veredas-pero-no-habria-cortes-energeticos","status":"publish","type":"post","link":"https:\/\/elregionalvm.com.ar\/noticias-villa-maria\/epec-cambiara-un-conductor-subterraneo-en-el-centro-trabajaran-sobre-varias-veredas-pero-no-habria-cortes-energeticos\/","title":{"rendered":"EPEC cambiar\u00e1 un conductor subterr\u00e1neo en el centro: trabajar\u00e1n sobre veredas pero no habr\u00eda cortes energ\u00e9ticos"},"content":{"rendered":"\n<p>La Empresa Provincial de Energ\u00eda de C\u00f3rdoba informa que, a partir del pr\u00f3ximo lunes<br>9 de enero, comenzar\u00e1 a realizarse una obra de cambio de conductor subterr\u00e1neo en<br>el casco c\u00e9ntrico de la ciudad de Villa Mar\u00eda, con el objetivo de modernizar la<br>infraestructura existente, para robustecer la confiabilidad del sistema y mejorar la<br>calidad de servicio para los usuarios de esa zona. <\/p>\n\n\n\n<p>Cabe aclarar que estos trabajos no provocar\u00e1n interrupciones en el suministro el\u00e9ctrico, pero s\u00ed intervenciones en las veredas de los siguientes sectores:<br>-Calle San Mart\u00edn entre Corrientes y Entre R\u00edos.<br>-Calle San Mart\u00edn entre Corrientes y Buenos Aires.<br>-Calle General Paz entre Buenos Aires y Santa Fe.<\/p>\n\n\n\n<p>Las tareas se llevar\u00e1n adelante en tres etapas, con un tiempo de ejecuci\u00f3n estimado<br>de 15 d\u00edas cada una. Rogamos sepan disculpas las molestias ocasionadas.<\/p>\n","protected":false},"excerpt":{"rendered":"<p>La Empresa Provincial de Energ\u00eda de C\u00f3rdoba informa que, a partir del pr\u00f3ximo lunes9 de enero, comenzar\u00e1 a realizarse una obra de cambio de conductor subterr\u00e1neo enel casco c\u00e9ntrico de la ciudad de Villa Mar\u00eda, con el objetivo de modernizar lainfraestructura existente, para robustecer la confiabilidad del sistema y mejorar lacalidad de servicio para los [&hellip;]<\/p>\n","protected":false},"author":4,"featured_media":69770,"comment_status":"open","ping_status":"open","sticky":false,"template":"","format":"standard","meta":{"site-sidebar-layout":"default","site-content-layout":"","ast-site-content-layout":"default","site-content-style":"default","site-sidebar-style":"default","ast-global-header-display":"","ast-banner-title-visibility":"","ast-main-header-display":"","ast-hfb-above-header-display":"","ast-hfb-below-header-display":"","ast-hfb-mobile-header-display":"","site-post-title":"","ast-breadcrumbs-content":"","ast-featured-img":"","footer-sml-layout":"","ast-disable-related-posts":"","theme-transparent-header-meta":"","adv-header-id-meta":"","stick-header-meta":"","header-above-stick-meta":"","header-main-stick-meta":"","header-below-stick-meta":"","astra-migrate-meta-layouts":"default","ast-page-background-enabled":"default","ast-page-background-meta":{"desktop":{"background-color":"","background-image":"","background-repeat":"repeat","background-position":"center center","background-size":"auto","background-attachment":"scroll","background-type":"","background-media":"","overlay-type":"","overlay-color":"","overlay-opacity":"","overlay-gradient":""},"tablet":{"background-color":"","background-image":"","background-repeat":"repeat","background-position":"center center","background-size":"auto","background-attachment":"scroll","background-type":"","background-media":"","overlay-type":"","overlay-color":"","overlay-opacity":"","overlay-gradient":""},"mobile":{"background-color":"","background-image":"","background-repeat":"repeat","background-position":"center center","background-size":"auto","background-attachment":"scroll","background-type":"","background-media":"","overlay-type":"","overlay-color":"","overlay-opacity":"","overlay-gradient":""}},"ast-content-background-meta":{"desktop":{"background-color":"var(--ast-global-color-5)","background-image":"","background-repeat":"repeat","background-position":"center center","background-size":"auto","background-attachment":"scroll","background-type":"","background-media":"","overlay-type":"","overlay-color":"","overlay-opacity":"","overlay-gradient":""},"tablet":{"background-color":"var(--ast-global-color-5)","background-image":"","background-repeat":"repeat","background-position":"center center","background-size":"auto","background-attachment":"scroll","background-type":"","background-media":"","overlay-type":"","overlay-color":"","overlay-opacity":"","overlay-gradient":""},"mobile":{"background-color":"var(--ast-global-color-5)","background-image":"","background-repeat":"repeat","background-position":"center center","background-size":"auto","background-attachment":"scroll","background-type":"","background-media":"","overlay-type":"","overlay-color":"","overlay-opacity":"","overlay-gradient":""}},"_jetpack_memberships_contains_paid_content":false,"_joinchat":[],"footnotes":""},"categories":[15302,2],"tags":[20979,11038,20975,1270,20978,20976,9232,20977,2248],"class_list":["post-69769","post","type-post","status-publish","format-standard","has-post-thumbnail","hentry","category-destacado","category-villa-maria","tag-calidad-del-servicio","tag-casco-centrico","tag-conductor-subterraneo","tag-epec","tag-mejorar-el-sistema","tag-no-habria-cortes","tag-trabajos","tag-trabajos-sobre-veredas","tag-villa-maria-2"],"yoast_head":"<!-- This site is optimized with the Yoast SEO plugin v26.8 - https:\/\/yoast.com\/product\/yoast-seo-wordpress\/ -->\n<title>EPEC cambiar\u00e1 un conductor subterr\u00e1neo en el centro: trabajar\u00e1n sobre veredas pero no habr\u00eda cortes energ\u00e9ticos - El Regional<\/title>\n<meta name=\"robots\" content=\"index, follow, max-snippet:-1, max-image-preview:large, max-video-preview:-1\" \/>\n<link rel=\"canonical\" href=\"http:\/\/elregionalvm.com.ar\/noticias-villa-maria\/epec-cambiara-un-conductor-subterraneo-en-el-centro-trabajaran-sobre-varias-veredas-pero-no-habria-cortes-energeticos\/\" \/>\n<meta property=\"og:locale\" content=\"es_ES\" \/>\n<meta property=\"og:type\" content=\"article\" \/>\n<meta property=\"og:title\" content=\"EPEC cambiar\u00e1 un conductor subterr\u00e1neo en el centro: trabajar\u00e1n sobre veredas pero no habr\u00eda cortes energ\u00e9ticos - El Regional\" \/>\n<meta property=\"og:description\" content=\"La Empresa Provincial de Energ\u00eda de C\u00f3rdoba informa que, a partir del pr\u00f3ximo lunes9 de enero, comenzar\u00e1 a realizarse una obra de cambio de conductor subterr\u00e1neo enel casco c\u00e9ntrico de la ciudad de Villa Mar\u00eda, con el objetivo de modernizar lainfraestructura existente, para robustecer la confiabilidad del sistema y mejorar lacalidad de servicio para los [&hellip;]\" \/>\n<meta property=\"og:url\" content=\"http:\/\/elregionalvm.com.ar\/noticias-villa-maria\/epec-cambiara-un-conductor-subterraneo-en-el-centro-trabajaran-sobre-varias-veredas-pero-no-habria-cortes-energeticos\/\" \/>\n<meta property=\"og:site_name\" content=\"El Regional\" \/>\n<meta property=\"article:publisher\" content=\"https:\/\/www.facebook.com\/elregionalvm\" \/>\n<meta property=\"article:published_time\" content=\"2023-01-05T22:00:28+00:00\" \/>\n<meta property=\"article:modified_time\" content=\"2023-01-05T22:02:09+00:00\" \/>\n<meta property=\"og:image\" content=\"http:\/\/elregionalvm.com.ar\/noticias-villa-maria\/wp-content\/uploads\/2023\/01\/epec-cables-subterraneos.jpg\" \/>\n\t<meta property=\"og:image:width\" content=\"520\" \/>\n\t<meta property=\"og:image:height\" content=\"345\" \/>\n\t<meta property=\"og:image:type\" content=\"image\/jpeg\" \/>\n<meta name=\"author\" content=\"Contenidos El Regional\" \/>\n<meta name=\"twitter:card\" content=\"summary_large_image\" \/>\n<meta name=\"twitter:creator\" content=\"@elregionalvm1\" \/>\n<meta name=\"twitter:site\" content=\"@elregionalvm1\" \/>\n<meta name=\"twitter:label1\" content=\"Escrito por\" \/>\n\t<meta name=\"twitter:data1\" content=\"Contenidos El Regional\" \/>\n\t<meta name=\"twitter:label2\" content=\"Tiempo de lectura\" \/>\n\t<meta name=\"twitter:data2\" content=\"1 minuto\" \/>\n<script type=\"application\/ld+json\" class=\"yoast-schema-graph\">{\"@context\":\"https:\/\/schema.org\",\"@graph\":[{\"@type\":\"Article\",\"@id\":\"http:\/\/elregionalvm.com.ar\/noticias-villa-maria\/epec-cambiara-un-conductor-subterraneo-en-el-centro-trabajaran-sobre-varias-veredas-pero-no-habria-cortes-energeticos\/#article\",\"isPartOf\":{\"@id\":\"http:\/\/elregionalvm.com.ar\/noticias-villa-maria\/epec-cambiara-un-conductor-subterraneo-en-el-centro-trabajaran-sobre-varias-veredas-pero-no-habria-cortes-energeticos\/\"},\"author\":{\"name\":\"Contenidos El Regional\",\"@id\":\"http:\/\/elregionalvm.com.ar\/noticias-villa-maria\/#\/schema\/person\/a0fb9c422317faca23d50163151bc354\"},\"headline\":\"EPEC cambiar\u00e1 un conductor subterr\u00e1neo en el centro: trabajar\u00e1n sobre veredas pero no habr\u00eda cortes energ\u00e9ticos\",\"datePublished\":\"2023-01-05T22:00:28+00:00\",\"dateModified\":\"2023-01-05T22:02:09+00:00\",\"mainEntityOfPage\":{\"@id\":\"http:\/\/elregionalvm.com.ar\/noticias-villa-maria\/epec-cambiara-un-conductor-subterraneo-en-el-centro-trabajaran-sobre-varias-veredas-pero-no-habria-cortes-energeticos\/\"},\"wordCount\":163,\"commentCount\":0,\"image\":{\"@id\":\"http:\/\/elregionalvm.com.ar\/noticias-villa-maria\/epec-cambiara-un-conductor-subterraneo-en-el-centro-trabajaran-sobre-varias-veredas-pero-no-habria-cortes-energeticos\/#primaryimage\"},\"thumbnailUrl\":\"https:\/\/i0.wp.com\/elregionalvm.com.ar\/noticias-villa-maria\/wp-content\/uploads\/2023\/01\/epec-cables-subterraneos.jpg?fit=520%2C345&ssl=1\",\"keywords\":[\"calidad del servicio\",\"casco c\u00e9ntrico\",\"conductor subterr\u00e1neo\",\"EPEC\",\"mejorar el sistema\",\"no habr\u00eda cortes\",\"trabajos\",\"trabajos sobre veredas\",\"Villa Mar\u00eda\"],\"articleSection\":[\"destacado\",\"Villa Mar\u00eda\"],\"inLanguage\":\"es\",\"potentialAction\":[{\"@type\":\"CommentAction\",\"name\":\"Comment\",\"target\":[\"http:\/\/elregionalvm.com.ar\/noticias-villa-maria\/epec-cambiara-un-conductor-subterraneo-en-el-centro-trabajaran-sobre-varias-veredas-pero-no-habria-cortes-energeticos\/#respond\"]}]},{\"@type\":\"WebPage\",\"@id\":\"http:\/\/elregionalvm.com.ar\/noticias-villa-maria\/epec-cambiara-un-conductor-subterraneo-en-el-centro-trabajaran-sobre-varias-veredas-pero-no-habria-cortes-energeticos\/\",\"url\":\"http:\/\/elregionalvm.com.ar\/noticias-villa-maria\/epec-cambiara-un-conductor-subterraneo-en-el-centro-trabajaran-sobre-varias-veredas-pero-no-habria-cortes-energeticos\/\",\"name\":\"EPEC cambiar\u00e1 un conductor subterr\u00e1neo en el centro: trabajar\u00e1n sobre veredas pero no habr\u00eda cortes energ\u00e9ticos - El Regional\",\"isPartOf\":{\"@id\":\"http:\/\/elregionalvm.com.ar\/noticias-villa-maria\/#website\"},\"primaryImageOfPage\":{\"@id\":\"http:\/\/elregionalvm.com.ar\/noticias-villa-maria\/epec-cambiara-un-conductor-subterraneo-en-el-centro-trabajaran-sobre-varias-veredas-pero-no-habria-cortes-energeticos\/#primaryimage\"},\"image\":{\"@id\":\"http:\/\/elregionalvm.com.ar\/noticias-villa-maria\/epec-cambiara-un-conductor-subterraneo-en-el-centro-trabajaran-sobre-varias-veredas-pero-no-habria-cortes-energeticos\/#primaryimage\"},\"thumbnailUrl\":\"https:\/\/i0.wp.com\/elregionalvm.com.ar\/noticias-villa-maria\/wp-content\/uploads\/2023\/01\/epec-cables-subterraneos.jpg?fit=520%2C345&ssl=1\",\"datePublished\":\"2023-01-05T22:00:28+00:00\",\"dateModified\":\"2023-01-05T22:02:09+00:00\",\"author\":{\"@id\":\"http:\/\/elregionalvm.com.ar\/noticias-villa-maria\/#\/schema\/person\/a0fb9c422317faca23d50163151bc354\"},\"breadcrumb\":{\"@id\":\"http:\/\/elregionalvm.com.ar\/noticias-villa-maria\/epec-cambiara-un-conductor-subterraneo-en-el-centro-trabajaran-sobre-varias-veredas-pero-no-habria-cortes-energeticos\/#breadcrumb\"},\"inLanguage\":\"es\",\"potentialAction\":[{\"@type\":\"ReadAction\",\"target\":[\"http:\/\/elregionalvm.com.ar\/noticias-villa-maria\/epec-cambiara-un-conductor-subterraneo-en-el-centro-trabajaran-sobre-varias-veredas-pero-no-habria-cortes-energeticos\/\"]}]},{\"@type\":\"ImageObject\",\"inLanguage\":\"es\",\"@id\":\"http:\/\/elregionalvm.com.ar\/noticias-villa-maria\/epec-cambiara-un-conductor-subterraneo-en-el-centro-trabajaran-sobre-varias-veredas-pero-no-habria-cortes-energeticos\/#primaryimage\",\"url\":\"https:\/\/i0.wp.com\/elregionalvm.com.ar\/noticias-villa-maria\/wp-content\/uploads\/2023\/01\/epec-cables-subterraneos.jpg?fit=520%2C345&ssl=1\",\"contentUrl\":\"https:\/\/i0.wp.com\/elregionalvm.com.ar\/noticias-villa-maria\/wp-content\/uploads\/2023\/01\/epec-cables-subterraneos.jpg?fit=520%2C345&ssl=1\",\"width\":520,\"height\":345},{\"@type\":\"BreadcrumbList\",\"@id\":\"http:\/\/elregionalvm.com.ar\/noticias-villa-maria\/epec-cambiara-un-conductor-subterraneo-en-el-centro-trabajaran-sobre-varias-veredas-pero-no-habria-cortes-energeticos\/#breadcrumb\",\"itemListElement\":[{\"@type\":\"ListItem\",\"position\":1,\"name\":\"Portada\",\"item\":\"https:\/\/elregionalvm.com.ar\/noticias-villa-maria\/\"},{\"@type\":\"ListItem\",\"position\":2,\"name\":\"EPEC cambiar\u00e1 un conductor subterr\u00e1neo en el centro: trabajar\u00e1n sobre veredas pero no habr\u00eda cortes energ\u00e9ticos\"}]},{\"@type\":\"WebSite\",\"@id\":\"http:\/\/elregionalvm.com.ar\/noticias-villa-maria\/#website\",\"url\":\"http:\/\/elregionalvm.com.ar\/noticias-villa-maria\/\",\"name\":\"El Regional\",\"description\":\"Mucho m\u00e1s que informaci\u00f3n\",\"potentialAction\":[{\"@type\":\"SearchAction\",\"target\":{\"@type\":\"EntryPoint\",\"urlTemplate\":\"http:\/\/elregionalvm.com.ar\/noticias-villa-maria\/?s={search_term_string}\"},\"query-input\":{\"@type\":\"PropertyValueSpecification\",\"valueRequired\":true,\"valueName\":\"search_term_string\"}}],\"inLanguage\":\"es\"},{\"@type\":\"Person\",\"@id\":\"http:\/\/elregionalvm.com.ar\/noticias-villa-maria\/#\/schema\/person\/a0fb9c422317faca23d50163151bc354\",\"name\":\"Contenidos El Regional\",\"image\":{\"@type\":\"ImageObject\",\"inLanguage\":\"es\",\"@id\":\"http:\/\/elregionalvm.com.ar\/noticias-villa-maria\/#\/schema\/person\/image\/\",\"url\":\"https:\/\/secure.gravatar.com\/avatar\/265b27cb2209af7bb3a1318f03305787d7981a5cc6e6cd08fe5a4ecdf99d4b48?s=96&d=mm&r=g\",\"contentUrl\":\"https:\/\/secure.gravatar.com\/avatar\/265b27cb2209af7bb3a1318f03305787d7981a5cc6e6cd08fe5a4ecdf99d4b48?s=96&d=mm&r=g\",\"caption\":\"Contenidos El Regional\"},\"url\":\"https:\/\/elregionalvm.com.ar\/noticias-villa-maria\/author\/contenido\/\"}]}<\/script>\n<!-- \/ Yoast SEO plugin. -->","yoast_head_json":{"title":"EPEC cambiar\u00e1 un conductor subterr\u00e1neo en el centro: trabajar\u00e1n sobre veredas pero no habr\u00eda cortes energ\u00e9ticos - El Regional","robots":{"index":"index","follow":"follow","max-snippet":"max-snippet:-1","max-image-preview":"max-image-preview:large","max-video-preview":"max-video-preview:-1"},"canonical":"http:\/\/elregionalvm.com.ar\/noticias-villa-maria\/epec-cambiara-un-conductor-subterraneo-en-el-centro-trabajaran-sobre-varias-veredas-pero-no-habria-cortes-energeticos\/","og_locale":"es_ES","og_type":"article","og_title":"EPEC cambiar\u00e1 un conductor subterr\u00e1neo en el centro: trabajar\u00e1n sobre veredas pero no habr\u00eda cortes energ\u00e9ticos - El Regional","og_description":"La Empresa Provincial de Energ\u00eda de C\u00f3rdoba informa que, a partir del pr\u00f3ximo lunes9 de enero, comenzar\u00e1 a realizarse una obra de cambio de conductor subterr\u00e1neo enel casco c\u00e9ntrico de la ciudad de Villa Mar\u00eda, con el objetivo de modernizar lainfraestructura existente, para robustecer la confiabilidad del sistema y mejorar lacalidad de servicio para los [&hellip;]","og_url":"http:\/\/elregionalvm.com.ar\/noticias-villa-maria\/epec-cambiara-un-conductor-subterraneo-en-el-centro-trabajaran-sobre-varias-veredas-pero-no-habria-cortes-energeticos\/","og_site_name":"El Regional","article_publisher":"https:\/\/www.facebook.com\/elregionalvm","article_published_time":"2023-01-05T22:00:28+00:00","article_modified_time":"2023-01-05T22:02:09+00:00","og_image":[{"width":520,"height":345,"url":"http:\/\/elregionalvm.com.ar\/noticias-villa-maria\/wp-content\/uploads\/2023\/01\/epec-cables-subterraneos.jpg","type":"image\/jpeg"}],"author":"Contenidos El Regional","twitter_card":"summary_large_image","twitter_creator":"@elregionalvm1","twitter_site":"@elregionalvm1","twitter_misc":{"Escrito por":"Contenidos El Regional","Tiempo de lectura":"1 minuto"},"schema":{"@context":"https:\/\/schema.org","@graph":[{"@type":"Article","@id":"http:\/\/elregionalvm.com.ar\/noticias-villa-maria\/epec-cambiara-un-conductor-subterraneo-en-el-centro-trabajaran-sobre-varias-veredas-pero-no-habria-cortes-energeticos\/#article","isPartOf":{"@id":"http:\/\/elregionalvm.com.ar\/noticias-villa-maria\/epec-cambiara-un-conductor-subterraneo-en-el-centro-trabajaran-sobre-varias-veredas-pero-no-habria-cortes-energeticos\/"},"author":{"name":"Contenidos El Regional","@id":"http:\/\/elregionalvm.com.ar\/noticias-villa-maria\/#\/schema\/person\/a0fb9c422317faca23d50163151bc354"},"headline":"EPEC cambiar\u00e1 un conductor subterr\u00e1neo en el centro: trabajar\u00e1n sobre veredas pero no habr\u00eda cortes energ\u00e9ticos","datePublished":"2023-01-05T22:00:28+00:00","dateModified":"2023-01-05T22:02:09+00:00","mainEntityOfPage":{"@id":"http:\/\/elregionalvm.com.ar\/noticias-villa-maria\/epec-cambiara-un-conductor-subterraneo-en-el-centro-trabajaran-sobre-varias-veredas-pero-no-habria-cortes-energeticos\/"},"wordCount":163,"commentCount":0,"image":{"@id":"http:\/\/elregionalvm.com.ar\/noticias-villa-maria\/epec-cambiara-un-conductor-subterraneo-en-el-centro-trabajaran-sobre-varias-veredas-pero-no-habria-cortes-energeticos\/#primaryimage"},"thumbnailUrl":"https:\/\/i0.wp.com\/elregionalvm.com.ar\/noticias-villa-maria\/wp-content\/uploads\/2023\/01\/epec-cables-subterraneos.jpg?fit=520%2C345&ssl=1","keywords":["calidad del servicio","casco c\u00e9ntrico","conductor subterr\u00e1neo","EPEC","mejorar el sistema","no habr\u00eda cortes","trabajos","trabajos sobre veredas","Villa Mar\u00eda"],"articleSection":["destacado","Villa Mar\u00eda"],"inLanguage":"es","potentialAction":[{"@type":"CommentAction","name":"Comment","target":["http:\/\/elregionalvm.com.ar\/noticias-villa-maria\/epec-cambiara-un-conductor-subterraneo-en-el-centro-trabajaran-sobre-varias-veredas-pero-no-habria-cortes-energeticos\/#respond"]}]},{"@type":"WebPage","@id":"http:\/\/elregionalvm.com.ar\/noticias-villa-maria\/epec-cambiara-un-conductor-subterraneo-en-el-centro-trabajaran-sobre-varias-veredas-pero-no-habria-cortes-energeticos\/","url":"http:\/\/elregionalvm.com.ar\/noticias-villa-maria\/epec-cambiara-un-conductor-subterraneo-en-el-centro-trabajaran-sobre-varias-veredas-pero-no-habria-cortes-energeticos\/","name":"EPEC cambiar\u00e1 un conductor subterr\u00e1neo en el centro: trabajar\u00e1n sobre veredas pero no habr\u00eda cortes energ\u00e9ticos - El Regional","isPartOf":{"@id":"http:\/\/elregionalvm.com.ar\/noticias-villa-maria\/#website"},"primaryImageOfPage":{"@id":"http:\/\/elregionalvm.com.ar\/noticias-villa-maria\/epec-cambiara-un-conductor-subterraneo-en-el-centro-trabajaran-sobre-varias-veredas-pero-no-habria-cortes-energeticos\/#primaryimage"},"image":{"@id":"http:\/\/elregionalvm.com.ar\/noticias-villa-maria\/epec-cambiara-un-conductor-subterraneo-en-el-centro-trabajaran-sobre-varias-veredas-pero-no-habria-cortes-energeticos\/#primaryimage"},"thumbnailUrl":"https:\/\/i0.wp.com\/elregionalvm.com.ar\/noticias-villa-maria\/wp-content\/uploads\/2023\/01\/epec-cables-subterraneos.jpg?fit=520%2C345&ssl=1","datePublished":"2023-01-05T22:00:28+00:00","dateModified":"2023-01-05T22:02:09+00:00","author":{"@id":"http:\/\/elregionalvm.com.ar\/noticias-villa-maria\/#\/schema\/person\/a0fb9c422317faca23d50163151bc354"},"breadcrumb":{"@id":"http:\/\/elregionalvm.com.ar\/noticias-villa-maria\/epec-cambiara-un-conductor-subterraneo-en-el-centro-trabajaran-sobre-varias-veredas-pero-no-habria-cortes-energeticos\/#breadcrumb"},"inLanguage":"es","potentialAction":[{"@type":"ReadAction","target":["http:\/\/elregionalvm.com.ar\/noticias-villa-maria\/epec-cambiara-un-conductor-subterraneo-en-el-centro-trabajaran-sobre-varias-veredas-pero-no-habria-cortes-energeticos\/"]}]},{"@type":"ImageObject","inLanguage":"es","@id":"http:\/\/elregionalvm.com.ar\/noticias-villa-maria\/epec-cambiara-un-conductor-subterraneo-en-el-centro-trabajaran-sobre-varias-veredas-pero-no-habria-cortes-energeticos\/#primaryimage","url":"https:\/\/i0.wp.com\/elregionalvm.com.ar\/noticias-villa-maria\/wp-content\/uploads\/2023\/01\/epec-cables-subterraneos.jpg?fit=520%2C345&ssl=1","contentUrl":"https:\/\/i0.wp.com\/elregionalvm.com.ar\/noticias-villa-maria\/wp-content\/uploads\/2023\/01\/epec-cables-subterraneos.jpg?fit=520%2C345&ssl=1","width":520,"height":345},{"@type":"BreadcrumbList","@id":"http:\/\/elregionalvm.com.ar\/noticias-villa-maria\/epec-cambiara-un-conductor-subterraneo-en-el-centro-trabajaran-sobre-varias-veredas-pero-no-habria-cortes-energeticos\/#breadcrumb","itemListElement":[{"@type":"ListItem","position":1,"name":"Portada","item":"https:\/\/elregionalvm.com.ar\/noticias-villa-maria\/"},{"@type":"ListItem","position":2,"name":"EPEC cambiar\u00e1 un conductor subterr\u00e1neo en el centro: trabajar\u00e1n sobre veredas pero no habr\u00eda cortes energ\u00e9ticos"}]},{"@type":"WebSite","@id":"http:\/\/elregionalvm.com.ar\/noticias-villa-maria\/#website","url":"http:\/\/elregionalvm.com.ar\/noticias-villa-maria\/","name":"El Regional","description":"Mucho m\u00e1s que informaci\u00f3n","potentialAction":[{"@type":"SearchAction","target":{"@type":"EntryPoint","urlTemplate":"http:\/\/elregionalvm.com.ar\/noticias-villa-maria\/?s={search_term_string}"},"query-input":{"@type":"PropertyValueSpecification","valueRequired":true,"valueName":"search_term_string"}}],"inLanguage":"es"},{"@type":"Person","@id":"http:\/\/elregionalvm.com.ar\/noticias-villa-maria\/#\/schema\/person\/a0fb9c422317faca23d50163151bc354","name":"Contenidos El Regional","image":{"@type":"ImageObject","inLanguage":"es","@id":"http:\/\/elregionalvm.com.ar\/noticias-villa-maria\/#\/schema\/person\/image\/","url":"https:\/\/secure.gravatar.com\/avatar\/265b27cb2209af7bb3a1318f03305787d7981a5cc6e6cd08fe5a4ecdf99d4b48?s=96&d=mm&r=g","contentUrl":"https:\/\/secure.gravatar.com\/avatar\/265b27cb2209af7bb3a1318f03305787d7981a5cc6e6cd08fe5a4ecdf99d4b48?s=96&d=mm&r=g","caption":"Contenidos El Regional"},"url":"https:\/\/elregionalvm.com.ar\/noticias-villa-maria\/author\/contenido\/"}]}},"jetpack_featured_media_url":"https:\/\/i0.wp.com\/elregionalvm.com.ar\/noticias-villa-maria\/wp-content\/uploads\/2023\/01\/epec-cables-subterraneos.jpg?fit=520%2C345&ssl=1","jetpack_sharing_enabled":true,"_links":{"self":[{"href":"https:\/\/elregionalvm.com.ar\/noticias-villa-maria\/wp-json\/wp\/v2\/posts\/69769","targetHints":{"allow":["GET"]}}],"collection":[{"href":"https:\/\/elregionalvm.com.ar\/noticias-villa-maria\/wp-json\/wp\/v2\/posts"}],"about":[{"href":"https:\/\/elregionalvm.com.ar\/noticias-villa-maria\/wp-json\/wp\/v2\/types\/post"}],"author":[{"embeddable":true,"href":"https:\/\/elregionalvm.com.ar\/noticias-villa-maria\/wp-json\/wp\/v2\/users\/4"}],"replies":[{"embeddable":true,"href":"https:\/\/elregionalvm.com.ar\/noticias-villa-maria\/wp-json\/wp\/v2\/comments?post=69769"}],"version-history":[{"count":2,"href":"https:\/\/elregionalvm.com.ar\/noticias-villa-maria\/wp-json\/wp\/v2\/posts\/69769\/revisions"}],"predecessor-version":[{"id":69772,"href":"https:\/\/elregionalvm.com.ar\/noticias-villa-maria\/wp-json\/wp\/v2\/posts\/69769\/revisions\/69772"}],"wp:featuredmedia":[{"embeddable":true,"href":"https:\/\/elregionalvm.com.ar\/noticias-villa-maria\/wp-json\/wp\/v2\/media\/69770"}],"wp:attachment":[{"href":"https:\/\/elregionalvm.com.ar\/noticias-villa-maria\/wp-json\/wp\/v2\/media?parent=69769"}],"wp:term":[{"taxonomy":"category","embeddable":true,"href":"https:\/\/elregionalvm.com.ar\/noticias-villa-maria\/wp-json\/wp\/v2\/categories?post=69769"},{"taxonomy":"post_tag","embeddable":true,"href":"https:\/\/elregionalvm.com.ar\/noticias-villa-maria\/wp-json\/wp\/v2\/tags?post=69769"}],"curies":[{"name":"wp","href":"https:\/\/api.w.org\/{rel}","templated":true}]}}