{"id":70584,"date":"2023-01-21T02:24:00","date_gmt":"2023-01-21T02:24:00","guid":{"rendered":"https:\/\/elregionalvm.com.ar\/noticias-villa-maria\/?p=70584"},"modified":"2023-01-21T02:24:01","modified_gmt":"2023-01-21T02:24:01","slug":"festival-de-penas-lali-y-miranda-entre-los-artistas-que-podrian-cantar-juntos-en-el-anfi-video","status":"publish","type":"post","link":"https:\/\/elregionalvm.com.ar\/noticias-villa-maria\/festival-de-penas-lali-y-miranda-entre-los-artistas-que-podrian-cantar-juntos-en-el-anfi-video\/","title":{"rendered":"[Festival de Pe\u00f1as] Lali y Miranda, entre los artistas que podr\u00edan cantar juntos en el Anfi (Video)"},"content":{"rendered":"\n<p><\/p>\n\n\n\n<p>Con el lanzamiento en conjunto de una reversi\u00f3n de uno de los grandes \u00e9xitos de Miranda, la canci\u00f3n \u201cYo te dir\u00e9\u201d, va tomando forma la posibilidad concreta que compartan el escenario junto con Lali Esp\u00f3sito.<\/p>\n\n\n\n<p><\/p>\n\n\n\n<figure class=\"wp-block-embed is-type-video is-provider-youtube wp-block-embed-youtube wp-embed-aspect-4-3 wp-has-aspect-ratio\"><div class=\"wp-block-embed__wrapper\">\n<iframe title=\"Miranda!, Lali - Yo Te Dir\u00e9 (Official Video)\" width=\"500\" height=\"375\" src=\"https:\/\/www.youtube.com\/embed\/Ks1JPB30hmw?feature=oembed\" frameborder=\"0\" allow=\"accelerometer; autoplay; clipboard-write; encrypted-media; gyroscope; picture-in-picture; web-share\" referrerpolicy=\"strict-origin-when-cross-origin\" allowfullscreen><\/iframe>\n<\/div><\/figure>\n\n\n\n<p><\/p>\n\n\n\n<p>El d\u00fao conformado por Ale Sergi y Juliana Gattas se presentar\u00e1 en la noche del domingo 12 de febrero en la edici\u00f3n 55 del Festival de Pe\u00f1as.<\/p>\n\n\n\n<p>En la grilla aparece tambi\u00e9n Lali, que participa en un video con la banda pop lanzado este viernes 20 de enero.<\/p>\n\n\n\n<p><\/p>\n\n\n\n<figure class=\"wp-block-image size-large\"><img data-recalc-dims=\"1\" fetchpriority=\"high\" decoding=\"async\" width=\"1024\" height=\"598\" src=\"https:\/\/i0.wp.com\/elregionalvm.com.ar\/noticias-villa-maria\/wp-content\/uploads\/2023\/01\/Lali-y-Miranda-2.jpg?resize=1024%2C598&#038;ssl=1\" alt=\"\" class=\"wp-image-70585\" srcset=\"https:\/\/i0.wp.com\/elregionalvm.com.ar\/noticias-villa-maria\/wp-content\/uploads\/2023\/01\/Lali-y-Miranda-2.jpg?resize=1024%2C598&amp;ssl=1 1024w, https:\/\/i0.wp.com\/elregionalvm.com.ar\/noticias-villa-maria\/wp-content\/uploads\/2023\/01\/Lali-y-Miranda-2.jpg?resize=300%2C175&amp;ssl=1 300w, https:\/\/i0.wp.com\/elregionalvm.com.ar\/noticias-villa-maria\/wp-content\/uploads\/2023\/01\/Lali-y-Miranda-2.jpg?resize=768%2C448&amp;ssl=1 768w, https:\/\/i0.wp.com\/elregionalvm.com.ar\/noticias-villa-maria\/wp-content\/uploads\/2023\/01\/Lali-y-Miranda-2.jpg?w=1170&amp;ssl=1 1170w\" sizes=\"(max-width: 1000px) 100vw, 1000px\" \/><\/figure>\n\n\n\n<p><\/p>\n\n\n\n<p>La canci\u00f3n forma parte del \u00e1lbum \u201cHotel Miranda!\u201d, que recopila nuevas versiones de distintas canciones de la carrera de Sergi y Gattas.<\/p>\n\n\n\n<p>Por supuesto, la presentaci\u00f3n caus\u00f3 furor en las redes sociales y sus fan\u00e1ticos ya anticipan un \u201ctr\u00edo\u201d vocal en el escenario del anfiteatro villamariense.<\/p>\n\n\n\n<p>\u00bfSe dar\u00e1? Seguro que s\u00ed.<\/p>\n","protected":false},"excerpt":{"rendered":"<p>Con el lanzamiento en conjunto de una reversi\u00f3n de uno de los grandes \u00e9xitos de Miranda, la canci\u00f3n \u201cYo te dir\u00e9\u201d, va tomando forma la posibilidad concreta que compartan el escenario junto con Lali Esp\u00f3sito. El d\u00fao conformado por Ale Sergi y Juliana Gattas se presentar\u00e1 en la noche del domingo 12 de febrero en [&hellip;]<\/p>\n","protected":false},"author":4,"featured_media":70587,"comment_status":"open","ping_status":"open","sticky":false,"template":"","format":"standard","meta":{"site-sidebar-layout":"default","site-content-layout":"","ast-site-content-layout":"default","site-content-style":"default","site-sidebar-style":"default","ast-global-header-display":"","ast-banner-title-visibility":"","ast-main-header-display":"","ast-hfb-above-header-display":"","ast-hfb-below-header-display":"","ast-hfb-mobile-header-display":"","site-post-title":"","ast-breadcrumbs-content":"","ast-featured-img":"","footer-sml-layout":"","ast-disable-related-posts":"","theme-transparent-header-meta":"","adv-header-id-meta":"","stick-header-meta":"","header-above-stick-meta":"","header-main-stick-meta":"","header-below-stick-meta":"","astra-migrate-meta-layouts":"default","ast-page-background-enabled":"default","ast-page-background-meta":{"desktop":{"background-color":"","background-image":"","background-repeat":"repeat","background-position":"center center","background-size":"auto","background-attachment":"scroll","background-type":"","background-media":"","overlay-type":"","overlay-color":"","overlay-opacity":"","overlay-gradient":""},"tablet":{"background-color":"","background-image":"","background-repeat":"repeat","background-position":"center center","background-size":"auto","background-attachment":"scroll","background-type":"","background-media":"","overlay-type":"","overlay-color":"","overlay-opacity":"","overlay-gradient":""},"mobile":{"background-color":"","background-image":"","background-repeat":"repeat","background-position":"center center","background-size":"auto","background-attachment":"scroll","background-type":"","background-media":"","overlay-type":"","overlay-color":"","overlay-opacity":"","overlay-gradient":""}},"ast-content-background-meta":{"desktop":{"background-color":"var(--ast-global-color-5)","background-image":"","background-repeat":"repeat","background-position":"center center","background-size":"auto","background-attachment":"scroll","background-type":"","background-media":"","overlay-type":"","overlay-color":"","overlay-opacity":"","overlay-gradient":""},"tablet":{"background-color":"var(--ast-global-color-5)","background-image":"","background-repeat":"repeat","background-position":"center center","background-size":"auto","background-attachment":"scroll","background-type":"","background-media":"","overlay-type":"","overlay-color":"","overlay-opacity":"","overlay-gradient":""},"mobile":{"background-color":"var(--ast-global-color-5)","background-image":"","background-repeat":"repeat","background-position":"center center","background-size":"auto","background-attachment":"scroll","background-type":"","background-media":"","overlay-type":"","overlay-color":"","overlay-opacity":"","overlay-gradient":""}},"_jetpack_memberships_contains_paid_content":false,"_joinchat":[],"footnotes":""},"categories":[15302,13130,2],"tags":[10710,1798,3038,21356,1239,12092,21354,21353,21355],"class_list":["post-70584","post","type-post","status-publish","format-standard","has-post-thumbnail","hentry","category-destacado","category-festival","category-villa-maria","tag-10710","tag-anfiteatro","tag-colaboracion","tag-dueto","tag-festival-de-penas","tag-festival-de-villa-maria","tag-lali","tag-miranda","tag-yo-te-dire"],"yoast_head":"<!-- This site is optimized with the Yoast SEO plugin v26.8 - https:\/\/yoast.com\/product\/yoast-seo-wordpress\/ -->\n<title>[Festival de Pe\u00f1as] Lali y Miranda, entre los artistas que podr\u00edan cantar juntos en el Anfi (Video) - El Regional<\/title>\n<meta name=\"description\" content=\"Con el lanzamiento de un tema juntos, va tomando forma la posibilidad concreta que compartan el escenario junto con Lali Esp\u00f3sito.\" \/>\n<meta name=\"robots\" content=\"index, follow, max-snippet:-1, max-image-preview:large, max-video-preview:-1\" \/>\n<link rel=\"canonical\" href=\"http:\/\/elregionalvm.com.ar\/noticias-villa-maria\/festival-de-penas-lali-y-miranda-entre-los-artistas-que-podrian-cantar-juntos-en-el-anfi-video\/\" \/>\n<meta property=\"og:locale\" content=\"es_ES\" \/>\n<meta property=\"og:type\" content=\"article\" \/>\n<meta property=\"og:title\" content=\"[Festival de Pe\u00f1as] Lali y Miranda, entre los artistas que podr\u00edan cantar juntos en el Anfi (Video) - El Regional\" \/>\n<meta property=\"og:description\" content=\"Con el lanzamiento de un tema juntos, va tomando forma la posibilidad concreta que compartan el escenario junto con Lali Esp\u00f3sito.\" \/>\n<meta property=\"og:url\" content=\"http:\/\/elregionalvm.com.ar\/noticias-villa-maria\/festival-de-penas-lali-y-miranda-entre-los-artistas-que-podrian-cantar-juntos-en-el-anfi-video\/\" \/>\n<meta property=\"og:site_name\" content=\"El Regional\" \/>\n<meta property=\"article:publisher\" content=\"https:\/\/www.facebook.com\/elregionalvm\" \/>\n<meta property=\"article:published_time\" content=\"2023-01-21T02:24:00+00:00\" \/>\n<meta property=\"article:modified_time\" content=\"2023-01-21T02:24:01+00:00\" \/>\n<meta property=\"og:image\" content=\"http:\/\/elregionalvm.com.ar\/noticias-villa-maria\/wp-content\/uploads\/2023\/01\/Lali-y-Miranda.jpg\" \/>\n\t<meta property=\"og:image:width\" content=\"1000\" \/>\n\t<meta property=\"og:image:height\" content=\"491\" \/>\n\t<meta property=\"og:image:type\" content=\"image\/jpeg\" \/>\n<meta name=\"author\" content=\"Contenidos El Regional\" \/>\n<meta name=\"twitter:card\" content=\"summary_large_image\" \/>\n<meta name=\"twitter:creator\" content=\"@elregionalvm1\" \/>\n<meta name=\"twitter:site\" content=\"@elregionalvm1\" \/>\n<meta name=\"twitter:label1\" content=\"Escrito por\" \/>\n\t<meta name=\"twitter:data1\" content=\"Contenidos El Regional\" \/>\n\t<meta name=\"twitter:label2\" content=\"Tiempo de lectura\" \/>\n\t<meta name=\"twitter:data2\" content=\"1 minuto\" \/>\n<script type=\"application\/ld+json\" class=\"yoast-schema-graph\">{\"@context\":\"https:\/\/schema.org\",\"@graph\":[{\"@type\":\"Article\",\"@id\":\"http:\/\/elregionalvm.com.ar\/noticias-villa-maria\/festival-de-penas-lali-y-miranda-entre-los-artistas-que-podrian-cantar-juntos-en-el-anfi-video\/#article\",\"isPartOf\":{\"@id\":\"http:\/\/elregionalvm.com.ar\/noticias-villa-maria\/festival-de-penas-lali-y-miranda-entre-los-artistas-que-podrian-cantar-juntos-en-el-anfi-video\/\"},\"author\":{\"name\":\"Contenidos El Regional\",\"@id\":\"http:\/\/elregionalvm.com.ar\/noticias-villa-maria\/#\/schema\/person\/a0fb9c422317faca23d50163151bc354\"},\"headline\":\"[Festival de Pe\u00f1as] Lali y Miranda, entre los artistas que podr\u00edan cantar juntos en el Anfi (Video)\",\"datePublished\":\"2023-01-21T02:24:00+00:00\",\"dateModified\":\"2023-01-21T02:24:01+00:00\",\"mainEntityOfPage\":{\"@id\":\"http:\/\/elregionalvm.com.ar\/noticias-villa-maria\/festival-de-penas-lali-y-miranda-entre-los-artistas-que-podrian-cantar-juntos-en-el-anfi-video\/\"},\"wordCount\":167,\"commentCount\":0,\"image\":{\"@id\":\"http:\/\/elregionalvm.com.ar\/noticias-villa-maria\/festival-de-penas-lali-y-miranda-entre-los-artistas-que-podrian-cantar-juntos-en-el-anfi-video\/#primaryimage\"},\"thumbnailUrl\":\"https:\/\/i0.wp.com\/elregionalvm.com.ar\/noticias-villa-maria\/wp-content\/uploads\/2023\/01\/Lali-y-Miranda.jpg?fit=1000%2C491&ssl=1\",\"keywords\":[\"2023\",\"Anfiteatro\",\"Colaboraci\u00f3n\",\"dueto\",\"Festival de pe\u00f1as\",\"Festival de Villa Mar\u00eda\",\"Lali\",\"Miranda\",\"Yo te dir\u00e9\"],\"articleSection\":[\"destacado\",\"Festival de Pe\u00f1as\",\"Villa Mar\u00eda\"],\"inLanguage\":\"es\",\"potentialAction\":[{\"@type\":\"CommentAction\",\"name\":\"Comment\",\"target\":[\"http:\/\/elregionalvm.com.ar\/noticias-villa-maria\/festival-de-penas-lali-y-miranda-entre-los-artistas-que-podrian-cantar-juntos-en-el-anfi-video\/#respond\"]}]},{\"@type\":\"WebPage\",\"@id\":\"http:\/\/elregionalvm.com.ar\/noticias-villa-maria\/festival-de-penas-lali-y-miranda-entre-los-artistas-que-podrian-cantar-juntos-en-el-anfi-video\/\",\"url\":\"http:\/\/elregionalvm.com.ar\/noticias-villa-maria\/festival-de-penas-lali-y-miranda-entre-los-artistas-que-podrian-cantar-juntos-en-el-anfi-video\/\",\"name\":\"[Festival de Pe\u00f1as] Lali y Miranda, entre los artistas que podr\u00edan cantar juntos en el Anfi (Video) - El Regional\",\"isPartOf\":{\"@id\":\"http:\/\/elregionalvm.com.ar\/noticias-villa-maria\/#website\"},\"primaryImageOfPage\":{\"@id\":\"http:\/\/elregionalvm.com.ar\/noticias-villa-maria\/festival-de-penas-lali-y-miranda-entre-los-artistas-que-podrian-cantar-juntos-en-el-anfi-video\/#primaryimage\"},\"image\":{\"@id\":\"http:\/\/elregionalvm.com.ar\/noticias-villa-maria\/festival-de-penas-lali-y-miranda-entre-los-artistas-que-podrian-cantar-juntos-en-el-anfi-video\/#primaryimage\"},\"thumbnailUrl\":\"https:\/\/i0.wp.com\/elregionalvm.com.ar\/noticias-villa-maria\/wp-content\/uploads\/2023\/01\/Lali-y-Miranda.jpg?fit=1000%2C491&ssl=1\",\"datePublished\":\"2023-01-21T02:24:00+00:00\",\"dateModified\":\"2023-01-21T02:24:01+00:00\",\"author\":{\"@id\":\"http:\/\/elregionalvm.com.ar\/noticias-villa-maria\/#\/schema\/person\/a0fb9c422317faca23d50163151bc354\"},\"description\":\"Con el lanzamiento de un tema juntos, va tomando forma la posibilidad concreta que compartan el escenario junto con Lali Esp\u00f3sito.\",\"breadcrumb\":{\"@id\":\"http:\/\/elregionalvm.com.ar\/noticias-villa-maria\/festival-de-penas-lali-y-miranda-entre-los-artistas-que-podrian-cantar-juntos-en-el-anfi-video\/#breadcrumb\"},\"inLanguage\":\"es\",\"potentialAction\":[{\"@type\":\"ReadAction\",\"target\":[\"http:\/\/elregionalvm.com.ar\/noticias-villa-maria\/festival-de-penas-lali-y-miranda-entre-los-artistas-que-podrian-cantar-juntos-en-el-anfi-video\/\"]}]},{\"@type\":\"ImageObject\",\"inLanguage\":\"es\",\"@id\":\"http:\/\/elregionalvm.com.ar\/noticias-villa-maria\/festival-de-penas-lali-y-miranda-entre-los-artistas-que-podrian-cantar-juntos-en-el-anfi-video\/#primaryimage\",\"url\":\"https:\/\/i0.wp.com\/elregionalvm.com.ar\/noticias-villa-maria\/wp-content\/uploads\/2023\/01\/Lali-y-Miranda.jpg?fit=1000%2C491&ssl=1\",\"contentUrl\":\"https:\/\/i0.wp.com\/elregionalvm.com.ar\/noticias-villa-maria\/wp-content\/uploads\/2023\/01\/Lali-y-Miranda.jpg?fit=1000%2C491&ssl=1\",\"width\":1000,\"height\":491},{\"@type\":\"BreadcrumbList\",\"@id\":\"http:\/\/elregionalvm.com.ar\/noticias-villa-maria\/festival-de-penas-lali-y-miranda-entre-los-artistas-que-podrian-cantar-juntos-en-el-anfi-video\/#breadcrumb\",\"itemListElement\":[{\"@type\":\"ListItem\",\"position\":1,\"name\":\"Portada\",\"item\":\"https:\/\/elregionalvm.com.ar\/noticias-villa-maria\/\"},{\"@type\":\"ListItem\",\"position\":2,\"name\":\"[Festival de Pe\u00f1as] Lali y Miranda, entre los artistas que podr\u00edan cantar juntos en el Anfi (Video)\"}]},{\"@type\":\"WebSite\",\"@id\":\"http:\/\/elregionalvm.com.ar\/noticias-villa-maria\/#website\",\"url\":\"http:\/\/elregionalvm.com.ar\/noticias-villa-maria\/\",\"name\":\"El Regional\",\"description\":\"Mucho m\u00e1s que informaci\u00f3n\",\"potentialAction\":[{\"@type\":\"SearchAction\",\"target\":{\"@type\":\"EntryPoint\",\"urlTemplate\":\"http:\/\/elregionalvm.com.ar\/noticias-villa-maria\/?s={search_term_string}\"},\"query-input\":{\"@type\":\"PropertyValueSpecification\",\"valueRequired\":true,\"valueName\":\"search_term_string\"}}],\"inLanguage\":\"es\"},{\"@type\":\"Person\",\"@id\":\"http:\/\/elregionalvm.com.ar\/noticias-villa-maria\/#\/schema\/person\/a0fb9c422317faca23d50163151bc354\",\"name\":\"Contenidos El Regional\",\"image\":{\"@type\":\"ImageObject\",\"inLanguage\":\"es\",\"@id\":\"http:\/\/elregionalvm.com.ar\/noticias-villa-maria\/#\/schema\/person\/image\/\",\"url\":\"https:\/\/secure.gravatar.com\/avatar\/265b27cb2209af7bb3a1318f03305787d7981a5cc6e6cd08fe5a4ecdf99d4b48?s=96&d=mm&r=g\",\"contentUrl\":\"https:\/\/secure.gravatar.com\/avatar\/265b27cb2209af7bb3a1318f03305787d7981a5cc6e6cd08fe5a4ecdf99d4b48?s=96&d=mm&r=g\",\"caption\":\"Contenidos El Regional\"},\"url\":\"https:\/\/elregionalvm.com.ar\/noticias-villa-maria\/author\/contenido\/\"}]}<\/script>\n<!-- \/ Yoast SEO plugin. -->","yoast_head_json":{"title":"[Festival de Pe\u00f1as] Lali y Miranda, entre los artistas que podr\u00edan cantar juntos en el Anfi (Video) - El Regional","description":"Con el lanzamiento de un tema juntos, va tomando forma la posibilidad concreta que compartan el escenario junto con Lali Esp\u00f3sito.","robots":{"index":"index","follow":"follow","max-snippet":"max-snippet:-1","max-image-preview":"max-image-preview:large","max-video-preview":"max-video-preview:-1"},"canonical":"http:\/\/elregionalvm.com.ar\/noticias-villa-maria\/festival-de-penas-lali-y-miranda-entre-los-artistas-que-podrian-cantar-juntos-en-el-anfi-video\/","og_locale":"es_ES","og_type":"article","og_title":"[Festival de Pe\u00f1as] Lali y Miranda, entre los artistas que podr\u00edan cantar juntos en el Anfi (Video) - El Regional","og_description":"Con el lanzamiento de un tema juntos, va tomando forma la posibilidad concreta que compartan el escenario junto con Lali Esp\u00f3sito.","og_url":"http:\/\/elregionalvm.com.ar\/noticias-villa-maria\/festival-de-penas-lali-y-miranda-entre-los-artistas-que-podrian-cantar-juntos-en-el-anfi-video\/","og_site_name":"El Regional","article_publisher":"https:\/\/www.facebook.com\/elregionalvm","article_published_time":"2023-01-21T02:24:00+00:00","article_modified_time":"2023-01-21T02:24:01+00:00","og_image":[{"width":1000,"height":491,"url":"http:\/\/elregionalvm.com.ar\/noticias-villa-maria\/wp-content\/uploads\/2023\/01\/Lali-y-Miranda.jpg","type":"image\/jpeg"}],"author":"Contenidos El Regional","twitter_card":"summary_large_image","twitter_creator":"@elregionalvm1","twitter_site":"@elregionalvm1","twitter_misc":{"Escrito por":"Contenidos El Regional","Tiempo de lectura":"1 minuto"},"schema":{"@context":"https:\/\/schema.org","@graph":[{"@type":"Article","@id":"http:\/\/elregionalvm.com.ar\/noticias-villa-maria\/festival-de-penas-lali-y-miranda-entre-los-artistas-que-podrian-cantar-juntos-en-el-anfi-video\/#article","isPartOf":{"@id":"http:\/\/elregionalvm.com.ar\/noticias-villa-maria\/festival-de-penas-lali-y-miranda-entre-los-artistas-que-podrian-cantar-juntos-en-el-anfi-video\/"},"author":{"name":"Contenidos El Regional","@id":"http:\/\/elregionalvm.com.ar\/noticias-villa-maria\/#\/schema\/person\/a0fb9c422317faca23d50163151bc354"},"headline":"[Festival de Pe\u00f1as] Lali y Miranda, entre los artistas que podr\u00edan cantar juntos en el Anfi (Video)","datePublished":"2023-01-21T02:24:00+00:00","dateModified":"2023-01-21T02:24:01+00:00","mainEntityOfPage":{"@id":"http:\/\/elregionalvm.com.ar\/noticias-villa-maria\/festival-de-penas-lali-y-miranda-entre-los-artistas-que-podrian-cantar-juntos-en-el-anfi-video\/"},"wordCount":167,"commentCount":0,"image":{"@id":"http:\/\/elregionalvm.com.ar\/noticias-villa-maria\/festival-de-penas-lali-y-miranda-entre-los-artistas-que-podrian-cantar-juntos-en-el-anfi-video\/#primaryimage"},"thumbnailUrl":"https:\/\/i0.wp.com\/elregionalvm.com.ar\/noticias-villa-maria\/wp-content\/uploads\/2023\/01\/Lali-y-Miranda.jpg?fit=1000%2C491&ssl=1","keywords":["2023","Anfiteatro","Colaboraci\u00f3n","dueto","Festival de pe\u00f1as","Festival de Villa Mar\u00eda","Lali","Miranda","Yo te dir\u00e9"],"articleSection":["destacado","Festival de Pe\u00f1as","Villa Mar\u00eda"],"inLanguage":"es","potentialAction":[{"@type":"CommentAction","name":"Comment","target":["http:\/\/elregionalvm.com.ar\/noticias-villa-maria\/festival-de-penas-lali-y-miranda-entre-los-artistas-que-podrian-cantar-juntos-en-el-anfi-video\/#respond"]}]},{"@type":"WebPage","@id":"http:\/\/elregionalvm.com.ar\/noticias-villa-maria\/festival-de-penas-lali-y-miranda-entre-los-artistas-que-podrian-cantar-juntos-en-el-anfi-video\/","url":"http:\/\/elregionalvm.com.ar\/noticias-villa-maria\/festival-de-penas-lali-y-miranda-entre-los-artistas-que-podrian-cantar-juntos-en-el-anfi-video\/","name":"[Festival de Pe\u00f1as] Lali y Miranda, entre los artistas que podr\u00edan cantar juntos en el Anfi (Video) - El Regional","isPartOf":{"@id":"http:\/\/elregionalvm.com.ar\/noticias-villa-maria\/#website"},"primaryImageOfPage":{"@id":"http:\/\/elregionalvm.com.ar\/noticias-villa-maria\/festival-de-penas-lali-y-miranda-entre-los-artistas-que-podrian-cantar-juntos-en-el-anfi-video\/#primaryimage"},"image":{"@id":"http:\/\/elregionalvm.com.ar\/noticias-villa-maria\/festival-de-penas-lali-y-miranda-entre-los-artistas-que-podrian-cantar-juntos-en-el-anfi-video\/#primaryimage"},"thumbnailUrl":"https:\/\/i0.wp.com\/elregionalvm.com.ar\/noticias-villa-maria\/wp-content\/uploads\/2023\/01\/Lali-y-Miranda.jpg?fit=1000%2C491&ssl=1","datePublished":"2023-01-21T02:24:00+00:00","dateModified":"2023-01-21T02:24:01+00:00","author":{"@id":"http:\/\/elregionalvm.com.ar\/noticias-villa-maria\/#\/schema\/person\/a0fb9c422317faca23d50163151bc354"},"description":"Con el lanzamiento de un tema juntos, va tomando forma la posibilidad concreta que compartan el escenario junto con Lali Esp\u00f3sito.","breadcrumb":{"@id":"http:\/\/elregionalvm.com.ar\/noticias-villa-maria\/festival-de-penas-lali-y-miranda-entre-los-artistas-que-podrian-cantar-juntos-en-el-anfi-video\/#breadcrumb"},"inLanguage":"es","potentialAction":[{"@type":"ReadAction","target":["http:\/\/elregionalvm.com.ar\/noticias-villa-maria\/festival-de-penas-lali-y-miranda-entre-los-artistas-que-podrian-cantar-juntos-en-el-anfi-video\/"]}]},{"@type":"ImageObject","inLanguage":"es","@id":"http:\/\/elregionalvm.com.ar\/noticias-villa-maria\/festival-de-penas-lali-y-miranda-entre-los-artistas-que-podrian-cantar-juntos-en-el-anfi-video\/#primaryimage","url":"https:\/\/i0.wp.com\/elregionalvm.com.ar\/noticias-villa-maria\/wp-content\/uploads\/2023\/01\/Lali-y-Miranda.jpg?fit=1000%2C491&ssl=1","contentUrl":"https:\/\/i0.wp.com\/elregionalvm.com.ar\/noticias-villa-maria\/wp-content\/uploads\/2023\/01\/Lali-y-Miranda.jpg?fit=1000%2C491&ssl=1","width":1000,"height":491},{"@type":"BreadcrumbList","@id":"http:\/\/elregionalvm.com.ar\/noticias-villa-maria\/festival-de-penas-lali-y-miranda-entre-los-artistas-que-podrian-cantar-juntos-en-el-anfi-video\/#breadcrumb","itemListElement":[{"@type":"ListItem","position":1,"name":"Portada","item":"https:\/\/elregionalvm.com.ar\/noticias-villa-maria\/"},{"@type":"ListItem","position":2,"name":"[Festival de Pe\u00f1as] Lali y Miranda, entre los artistas que podr\u00edan cantar juntos en el Anfi (Video)"}]},{"@type":"WebSite","@id":"http:\/\/elregionalvm.com.ar\/noticias-villa-maria\/#website","url":"http:\/\/elregionalvm.com.ar\/noticias-villa-maria\/","name":"El Regional","description":"Mucho m\u00e1s que informaci\u00f3n","potentialAction":[{"@type":"SearchAction","target":{"@type":"EntryPoint","urlTemplate":"http:\/\/elregionalvm.com.ar\/noticias-villa-maria\/?s={search_term_string}"},"query-input":{"@type":"PropertyValueSpecification","valueRequired":true,"valueName":"search_term_string"}}],"inLanguage":"es"},{"@type":"Person","@id":"http:\/\/elregionalvm.com.ar\/noticias-villa-maria\/#\/schema\/person\/a0fb9c422317faca23d50163151bc354","name":"Contenidos El Regional","image":{"@type":"ImageObject","inLanguage":"es","@id":"http:\/\/elregionalvm.com.ar\/noticias-villa-maria\/#\/schema\/person\/image\/","url":"https:\/\/secure.gravatar.com\/avatar\/265b27cb2209af7bb3a1318f03305787d7981a5cc6e6cd08fe5a4ecdf99d4b48?s=96&d=mm&r=g","contentUrl":"https:\/\/secure.gravatar.com\/avatar\/265b27cb2209af7bb3a1318f03305787d7981a5cc6e6cd08fe5a4ecdf99d4b48?s=96&d=mm&r=g","caption":"Contenidos El Regional"},"url":"https:\/\/elregionalvm.com.ar\/noticias-villa-maria\/author\/contenido\/"}]}},"jetpack_featured_media_url":"https:\/\/i0.wp.com\/elregionalvm.com.ar\/noticias-villa-maria\/wp-content\/uploads\/2023\/01\/Lali-y-Miranda.jpg?fit=1000%2C491&ssl=1","jetpack_sharing_enabled":true,"_links":{"self":[{"href":"https:\/\/elregionalvm.com.ar\/noticias-villa-maria\/wp-json\/wp\/v2\/posts\/70584","targetHints":{"allow":["GET"]}}],"collection":[{"href":"https:\/\/elregionalvm.com.ar\/noticias-villa-maria\/wp-json\/wp\/v2\/posts"}],"about":[{"href":"https:\/\/elregionalvm.com.ar\/noticias-villa-maria\/wp-json\/wp\/v2\/types\/post"}],"author":[{"embeddable":true,"href":"https:\/\/elregionalvm.com.ar\/noticias-villa-maria\/wp-json\/wp\/v2\/users\/4"}],"replies":[{"embeddable":true,"href":"https:\/\/elregionalvm.com.ar\/noticias-villa-maria\/wp-json\/wp\/v2\/comments?post=70584"}],"version-history":[{"count":1,"href":"https:\/\/elregionalvm.com.ar\/noticias-villa-maria\/wp-json\/wp\/v2\/posts\/70584\/revisions"}],"predecessor-version":[{"id":70586,"href":"https:\/\/elregionalvm.com.ar\/noticias-villa-maria\/wp-json\/wp\/v2\/posts\/70584\/revisions\/70586"}],"wp:featuredmedia":[{"embeddable":true,"href":"https:\/\/elregionalvm.com.ar\/noticias-villa-maria\/wp-json\/wp\/v2\/media\/70587"}],"wp:attachment":[{"href":"https:\/\/elregionalvm.com.ar\/noticias-villa-maria\/wp-json\/wp\/v2\/media?parent=70584"}],"wp:term":[{"taxonomy":"category","embeddable":true,"href":"https:\/\/elregionalvm.com.ar\/noticias-villa-maria\/wp-json\/wp\/v2\/categories?post=70584"},{"taxonomy":"post_tag","embeddable":true,"href":"https:\/\/elregionalvm.com.ar\/noticias-villa-maria\/wp-json\/wp\/v2\/tags?post=70584"}],"curies":[{"name":"wp","href":"https:\/\/api.w.org\/{rel}","templated":true}]}}