{"id":70589,"date":"2023-01-21T14:48:51","date_gmt":"2023-01-21T14:48:51","guid":{"rendered":"https:\/\/elregionalvm.com.ar\/noticias-villa-maria\/?p=70589"},"modified":"2023-01-21T14:48:52","modified_gmt":"2023-01-21T14:48:52","slug":"jardin-municipal-de-b-las-playas-sigue-la-obra-de-ampliacion-del-lugar","status":"publish","type":"post","link":"https:\/\/elregionalvm.com.ar\/noticias-villa-maria\/jardin-municipal-de-b-las-playas-sigue-la-obra-de-ampliacion-del-lugar\/","title":{"rendered":"Jard\u00edn Municipal de B\u00b0 Las Playas: sigue la obra de ampliaci\u00f3n del lugar"},"content":{"rendered":"\n<p>En un recorrido por los Centros de Promoci\u00f3n Familiar (CPF) que el municipio interviene junto al Gobierno nacional, el intendente Mart\u00edn Gill inspeccion\u00f3 la obra que se lleva adelante en el jard\u00edn municipal de barrio Las Playas. All\u00ed, a trav\u00e9s del Programa de Apoyo al Plan Nacional de Primera Infancia, se trabaja en la ampliaci\u00f3n de la instituci\u00f3n y en la puesta a punto de sus espacios para aumentar su capacidad a un total de 60 ni\u00f1os y ni\u00f1as.<\/p>\n\n\n\n<p>Es as\u00ed que las principales tareas efectuadas en el lugar, tienen como prop\u00f3sito la readecuaci\u00f3n de las instalaciones en pos de mayores espacios y \u00f3ptimas condiciones para el desarrollo de los m\u00e1s peque\u00f1os. En este sentido, se avanza en la remodelaci\u00f3n de las salas y en la creaci\u00f3n de nuevos m\u00f3dulos sanitarios, un sal\u00f3n de usos m\u00faltiples, cambiadores, ba\u00f1o de acceso universal y cocina con dep\u00f3sito de alimentos.<\/p>\n\n\n\n<p>Por el momento, trabajadores a cargo de las tareas llevan adelante el revoque de muros y la colocaci\u00f3n de cubiertas de chapa con cielo raso. Del mismo modo, se disponen parte de las instalaciones de agua y cloacas para posteriormente avanzar con la colocaci\u00f3n de pisos y aberturas.<\/p>\n\n\n\n<figure class=\"wp-block-gallery has-nested-images columns-default is-cropped wp-block-gallery-1 is-layout-flex wp-block-gallery-is-layout-flex\">\n<figure class=\"wp-block-image size-large\"><img data-recalc-dims=\"1\" fetchpriority=\"high\" decoding=\"async\" width=\"1024\" height=\"682\" data-id=\"70592\" src=\"https:\/\/i0.wp.com\/elregionalvm.com.ar\/noticias-villa-maria\/wp-content\/uploads\/2023\/01\/WhatsApp-Image-2023-01-21-at-11.20.00.jpeg?resize=1024%2C682&#038;ssl=1\" alt=\"\" class=\"wp-image-70592\" srcset=\"https:\/\/i0.wp.com\/elregionalvm.com.ar\/noticias-villa-maria\/wp-content\/uploads\/2023\/01\/WhatsApp-Image-2023-01-21-at-11.20.00.jpeg?resize=1024%2C682&amp;ssl=1 1024w, https:\/\/i0.wp.com\/elregionalvm.com.ar\/noticias-villa-maria\/wp-content\/uploads\/2023\/01\/WhatsApp-Image-2023-01-21-at-11.20.00.jpeg?resize=300%2C200&amp;ssl=1 300w, https:\/\/i0.wp.com\/elregionalvm.com.ar\/noticias-villa-maria\/wp-content\/uploads\/2023\/01\/WhatsApp-Image-2023-01-21-at-11.20.00.jpeg?resize=768%2C512&amp;ssl=1 768w, https:\/\/i0.wp.com\/elregionalvm.com.ar\/noticias-villa-maria\/wp-content\/uploads\/2023\/01\/WhatsApp-Image-2023-01-21-at-11.20.00.jpeg?w=1280&amp;ssl=1 1280w\" sizes=\"(max-width: 1000px) 100vw, 1000px\" \/><\/figure>\n\n\n\n<figure class=\"wp-block-image size-large\"><img data-recalc-dims=\"1\" decoding=\"async\" width=\"1024\" height=\"682\" data-id=\"70591\" src=\"https:\/\/i0.wp.com\/elregionalvm.com.ar\/noticias-villa-maria\/wp-content\/uploads\/2023\/01\/WhatsApp-Image-2023-01-21-at-11.19.59.jpeg?resize=1024%2C682&#038;ssl=1\" alt=\"\" class=\"wp-image-70591\" srcset=\"https:\/\/i0.wp.com\/elregionalvm.com.ar\/noticias-villa-maria\/wp-content\/uploads\/2023\/01\/WhatsApp-Image-2023-01-21-at-11.19.59.jpeg?resize=1024%2C682&amp;ssl=1 1024w, https:\/\/i0.wp.com\/elregionalvm.com.ar\/noticias-villa-maria\/wp-content\/uploads\/2023\/01\/WhatsApp-Image-2023-01-21-at-11.19.59.jpeg?resize=300%2C200&amp;ssl=1 300w, https:\/\/i0.wp.com\/elregionalvm.com.ar\/noticias-villa-maria\/wp-content\/uploads\/2023\/01\/WhatsApp-Image-2023-01-21-at-11.19.59.jpeg?resize=768%2C512&amp;ssl=1 768w, https:\/\/i0.wp.com\/elregionalvm.com.ar\/noticias-villa-maria\/wp-content\/uploads\/2023\/01\/WhatsApp-Image-2023-01-21-at-11.19.59.jpeg?w=1280&amp;ssl=1 1280w\" sizes=\"(max-width: 1000px) 100vw, 1000px\" \/><\/figure>\n<\/figure>\n\n\n\n<p><\/p>\n\n\n\n<p>Asimismo, los trabajos que se vienen desarrollando radican en la ejecuci\u00f3n de cubiertas met\u00e1licas, cerramiento con mamposter\u00eda portante y revoques, tareas que posteriormente se complementar\u00e1n con revestimientos cer\u00e1micos, pintura interior y exterior, labores de carpinter\u00eda, entre otras.<\/p>\n\n\n\n<p>En cuanto a los sectores recreativos para ni\u00f1os y ni\u00f1as, se destaca la zona del patio que contar\u00e1 con una delimitaci\u00f3n de piso blando y veredas con per\u00edmetro de cemento alisado. Tambi\u00e9n en el espacio verde, ser\u00e1 construida una huerta y se colocar\u00e1n juegos de mobiliario.<\/p>\n\n\n\n<p>En tanto, la instituci\u00f3n contar\u00e1 con salidas de emergencia, altos niveles de seguridad el\u00e9ctrica y renovados sistemas de desag\u00fce para mayores condiciones de salubridad e higiene.<\/p>\n\n\n\n<p>Del recorrido por la obra, tambi\u00e9n formaron parte miembros de la empresa a cargo de la intervenci\u00f3n y parte del equipo t\u00e9cnico de Obras P\u00fablicas del municipio.<\/p>\n","protected":false},"excerpt":{"rendered":"<p>En un recorrido por los Centros de Promoci\u00f3n Familiar (CPF) que el municipio interviene junto al Gobierno nacional, el intendente Mart\u00edn Gill inspeccion\u00f3 la obra que se lleva adelante en el jard\u00edn municipal de barrio Las Playas. All\u00ed, a trav\u00e9s del Programa de Apoyo al Plan Nacional de Primera Infancia, se trabaja en la ampliaci\u00f3n [&hellip;]<\/p>\n","protected":false},"author":4,"featured_media":70590,"comment_status":"open","ping_status":"open","sticky":false,"template":"","format":"standard","meta":{"site-sidebar-layout":"default","site-content-layout":"","ast-site-content-layout":"default","site-content-style":"default","site-sidebar-style":"default","ast-global-header-display":"","ast-banner-title-visibility":"","ast-main-header-display":"","ast-hfb-above-header-display":"","ast-hfb-below-header-display":"","ast-hfb-mobile-header-display":"","site-post-title":"","ast-breadcrumbs-content":"","ast-featured-img":"","footer-sml-layout":"","ast-disable-related-posts":"","theme-transparent-header-meta":"","adv-header-id-meta":"","stick-header-meta":"","header-above-stick-meta":"","header-main-stick-meta":"","header-below-stick-meta":"","astra-migrate-meta-layouts":"default","ast-page-background-enabled":"default","ast-page-background-meta":{"desktop":{"background-color":"","background-image":"","background-repeat":"repeat","background-position":"center center","background-size":"auto","background-attachment":"scroll","background-type":"","background-media":"","overlay-type":"","overlay-color":"","overlay-opacity":"","overlay-gradient":""},"tablet":{"background-color":"","background-image":"","background-repeat":"repeat","background-position":"center center","background-size":"auto","background-attachment":"scroll","background-type":"","background-media":"","overlay-type":"","overlay-color":"","overlay-opacity":"","overlay-gradient":""},"mobile":{"background-color":"","background-image":"","background-repeat":"repeat","background-position":"center center","background-size":"auto","background-attachment":"scroll","background-type":"","background-media":"","overlay-type":"","overlay-color":"","overlay-opacity":"","overlay-gradient":""}},"ast-content-background-meta":{"desktop":{"background-color":"var(--ast-global-color-5)","background-image":"","background-repeat":"repeat","background-position":"center center","background-size":"auto","background-attachment":"scroll","background-type":"","background-media":"","overlay-type":"","overlay-color":"","overlay-opacity":"","overlay-gradient":""},"tablet":{"background-color":"var(--ast-global-color-5)","background-image":"","background-repeat":"repeat","background-position":"center center","background-size":"auto","background-attachment":"scroll","background-type":"","background-media":"","overlay-type":"","overlay-color":"","overlay-opacity":"","overlay-gradient":""},"mobile":{"background-color":"var(--ast-global-color-5)","background-image":"","background-repeat":"repeat","background-position":"center center","background-size":"auto","background-attachment":"scroll","background-type":"","background-media":"","overlay-type":"","overlay-color":"","overlay-opacity":"","overlay-gradient":""}},"_jetpack_memberships_contains_paid_content":false,"_joinchat":[],"footnotes":""},"categories":[15302,2],"tags":[2301,21357,21360,1472,21361,11151,21359,21257,21358],"class_list":["post-70589","post","type-post","status-publish","format-standard","has-post-thumbnail","hentry","category-destacado","category-villa-maria","tag-barrio-las-playas","tag-buen-ritmo-de-obra","tag-cambiadores","tag-cocina","tag-cocina-con-deposito-de-alimentos","tag-jardin-municipal","tag-nuevos-modulos-sanitarios","tag-obra-de-ampliacion","tag-readecuacion-del-lugar"],"yoast_head":"<!-- This site is optimized with the Yoast SEO plugin v26.8 - https:\/\/yoast.com\/product\/yoast-seo-wordpress\/ -->\n<title>Jard\u00edn Municipal de B\u00b0 Las Playas: sigue la obra de ampliaci\u00f3n del lugar - El Regional<\/title>\n<meta name=\"robots\" content=\"index, follow, max-snippet:-1, max-image-preview:large, max-video-preview:-1\" \/>\n<link rel=\"canonical\" href=\"http:\/\/elregionalvm.com.ar\/noticias-villa-maria\/jardin-municipal-de-b-las-playas-sigue-la-obra-de-ampliacion-del-lugar\/\" \/>\n<meta property=\"og:locale\" content=\"es_ES\" \/>\n<meta property=\"og:type\" content=\"article\" \/>\n<meta property=\"og:title\" content=\"Jard\u00edn Municipal de B\u00b0 Las Playas: sigue la obra de ampliaci\u00f3n del lugar - El Regional\" \/>\n<meta property=\"og:description\" content=\"En un recorrido por los Centros de Promoci\u00f3n Familiar (CPF) que el municipio interviene junto al Gobierno nacional, el intendente Mart\u00edn Gill inspeccion\u00f3 la obra que se lleva adelante en el jard\u00edn municipal de barrio Las Playas. All\u00ed, a trav\u00e9s del Programa de Apoyo al Plan Nacional de Primera Infancia, se trabaja en la ampliaci\u00f3n [&hellip;]\" \/>\n<meta property=\"og:url\" content=\"http:\/\/elregionalvm.com.ar\/noticias-villa-maria\/jardin-municipal-de-b-las-playas-sigue-la-obra-de-ampliacion-del-lugar\/\" \/>\n<meta property=\"og:site_name\" content=\"El Regional\" \/>\n<meta property=\"article:publisher\" content=\"https:\/\/www.facebook.com\/elregionalvm\" \/>\n<meta property=\"article:published_time\" content=\"2023-01-21T14:48:51+00:00\" \/>\n<meta property=\"article:modified_time\" content=\"2023-01-21T14:48:52+00:00\" \/>\n<meta property=\"og:image\" content=\"http:\/\/elregionalvm.com.ar\/noticias-villa-maria\/wp-content\/uploads\/2023\/01\/WhatsApp-Image-2023-01-21-at-11.19.21.jpeg\" \/>\n\t<meta property=\"og:image:width\" content=\"1280\" \/>\n\t<meta property=\"og:image:height\" content=\"853\" \/>\n\t<meta property=\"og:image:type\" content=\"image\/jpeg\" \/>\n<meta name=\"author\" content=\"Contenidos El Regional\" \/>\n<meta name=\"twitter:card\" content=\"summary_large_image\" \/>\n<meta name=\"twitter:creator\" content=\"@elregionalvm1\" \/>\n<meta name=\"twitter:site\" content=\"@elregionalvm1\" \/>\n<meta name=\"twitter:label1\" content=\"Escrito por\" \/>\n\t<meta name=\"twitter:data1\" content=\"Contenidos El Regional\" \/>\n\t<meta name=\"twitter:label2\" content=\"Tiempo de lectura\" \/>\n\t<meta name=\"twitter:data2\" content=\"2 minutos\" \/>\n<script type=\"application\/ld+json\" class=\"yoast-schema-graph\">{\"@context\":\"https:\/\/schema.org\",\"@graph\":[{\"@type\":\"Article\",\"@id\":\"http:\/\/elregionalvm.com.ar\/noticias-villa-maria\/jardin-municipal-de-b-las-playas-sigue-la-obra-de-ampliacion-del-lugar\/#article\",\"isPartOf\":{\"@id\":\"http:\/\/elregionalvm.com.ar\/noticias-villa-maria\/jardin-municipal-de-b-las-playas-sigue-la-obra-de-ampliacion-del-lugar\/\"},\"author\":{\"name\":\"Contenidos El Regional\",\"@id\":\"http:\/\/elregionalvm.com.ar\/noticias-villa-maria\/#\/schema\/person\/a0fb9c422317faca23d50163151bc354\"},\"headline\":\"Jard\u00edn Municipal de B\u00b0 Las Playas: sigue la obra de ampliaci\u00f3n del lugar\",\"datePublished\":\"2023-01-21T14:48:51+00:00\",\"dateModified\":\"2023-01-21T14:48:52+00:00\",\"mainEntityOfPage\":{\"@id\":\"http:\/\/elregionalvm.com.ar\/noticias-villa-maria\/jardin-municipal-de-b-las-playas-sigue-la-obra-de-ampliacion-del-lugar\/\"},\"wordCount\":385,\"commentCount\":0,\"image\":{\"@id\":\"http:\/\/elregionalvm.com.ar\/noticias-villa-maria\/jardin-municipal-de-b-las-playas-sigue-la-obra-de-ampliacion-del-lugar\/#primaryimage\"},\"thumbnailUrl\":\"https:\/\/i0.wp.com\/elregionalvm.com.ar\/noticias-villa-maria\/wp-content\/uploads\/2023\/01\/WhatsApp-Image-2023-01-21-at-11.19.21.jpeg?fit=1280%2C853&ssl=1\",\"keywords\":[\"Barrio Las Playas\",\"buen ritmo de obra\",\"cambiadores\",\"Cocina\",\"cocina con dep\u00f3sito de alimentos\",\"Jard\u00edn Municipal\",\"nuevos m\u00f3dulos sanitarios\",\"obra de ampliaci\u00f3n\",\"readecuaci\u00f3n del lugar\"],\"articleSection\":[\"destacado\",\"Villa Mar\u00eda\"],\"inLanguage\":\"es\",\"potentialAction\":[{\"@type\":\"CommentAction\",\"name\":\"Comment\",\"target\":[\"http:\/\/elregionalvm.com.ar\/noticias-villa-maria\/jardin-municipal-de-b-las-playas-sigue-la-obra-de-ampliacion-del-lugar\/#respond\"]}]},{\"@type\":\"WebPage\",\"@id\":\"http:\/\/elregionalvm.com.ar\/noticias-villa-maria\/jardin-municipal-de-b-las-playas-sigue-la-obra-de-ampliacion-del-lugar\/\",\"url\":\"http:\/\/elregionalvm.com.ar\/noticias-villa-maria\/jardin-municipal-de-b-las-playas-sigue-la-obra-de-ampliacion-del-lugar\/\",\"name\":\"Jard\u00edn Municipal de B\u00b0 Las Playas: sigue la obra de ampliaci\u00f3n del lugar - El Regional\",\"isPartOf\":{\"@id\":\"http:\/\/elregionalvm.com.ar\/noticias-villa-maria\/#website\"},\"primaryImageOfPage\":{\"@id\":\"http:\/\/elregionalvm.com.ar\/noticias-villa-maria\/jardin-municipal-de-b-las-playas-sigue-la-obra-de-ampliacion-del-lugar\/#primaryimage\"},\"image\":{\"@id\":\"http:\/\/elregionalvm.com.ar\/noticias-villa-maria\/jardin-municipal-de-b-las-playas-sigue-la-obra-de-ampliacion-del-lugar\/#primaryimage\"},\"thumbnailUrl\":\"https:\/\/i0.wp.com\/elregionalvm.com.ar\/noticias-villa-maria\/wp-content\/uploads\/2023\/01\/WhatsApp-Image-2023-01-21-at-11.19.21.jpeg?fit=1280%2C853&ssl=1\",\"datePublished\":\"2023-01-21T14:48:51+00:00\",\"dateModified\":\"2023-01-21T14:48:52+00:00\",\"author\":{\"@id\":\"http:\/\/elregionalvm.com.ar\/noticias-villa-maria\/#\/schema\/person\/a0fb9c422317faca23d50163151bc354\"},\"breadcrumb\":{\"@id\":\"http:\/\/elregionalvm.com.ar\/noticias-villa-maria\/jardin-municipal-de-b-las-playas-sigue-la-obra-de-ampliacion-del-lugar\/#breadcrumb\"},\"inLanguage\":\"es\",\"potentialAction\":[{\"@type\":\"ReadAction\",\"target\":[\"http:\/\/elregionalvm.com.ar\/noticias-villa-maria\/jardin-municipal-de-b-las-playas-sigue-la-obra-de-ampliacion-del-lugar\/\"]}]},{\"@type\":\"ImageObject\",\"inLanguage\":\"es\",\"@id\":\"http:\/\/elregionalvm.com.ar\/noticias-villa-maria\/jardin-municipal-de-b-las-playas-sigue-la-obra-de-ampliacion-del-lugar\/#primaryimage\",\"url\":\"https:\/\/i0.wp.com\/elregionalvm.com.ar\/noticias-villa-maria\/wp-content\/uploads\/2023\/01\/WhatsApp-Image-2023-01-21-at-11.19.21.jpeg?fit=1280%2C853&ssl=1\",\"contentUrl\":\"https:\/\/i0.wp.com\/elregionalvm.com.ar\/noticias-villa-maria\/wp-content\/uploads\/2023\/01\/WhatsApp-Image-2023-01-21-at-11.19.21.jpeg?fit=1280%2C853&ssl=1\",\"width\":1280,\"height\":853},{\"@type\":\"BreadcrumbList\",\"@id\":\"http:\/\/elregionalvm.com.ar\/noticias-villa-maria\/jardin-municipal-de-b-las-playas-sigue-la-obra-de-ampliacion-del-lugar\/#breadcrumb\",\"itemListElement\":[{\"@type\":\"ListItem\",\"position\":1,\"name\":\"Portada\",\"item\":\"https:\/\/elregionalvm.com.ar\/noticias-villa-maria\/\"},{\"@type\":\"ListItem\",\"position\":2,\"name\":\"Jard\u00edn Municipal de B\u00b0 Las Playas: sigue la obra de ampliaci\u00f3n del lugar\"}]},{\"@type\":\"WebSite\",\"@id\":\"http:\/\/elregionalvm.com.ar\/noticias-villa-maria\/#website\",\"url\":\"http:\/\/elregionalvm.com.ar\/noticias-villa-maria\/\",\"name\":\"El Regional\",\"description\":\"Mucho m\u00e1s que informaci\u00f3n\",\"potentialAction\":[{\"@type\":\"SearchAction\",\"target\":{\"@type\":\"EntryPoint\",\"urlTemplate\":\"http:\/\/elregionalvm.com.ar\/noticias-villa-maria\/?s={search_term_string}\"},\"query-input\":{\"@type\":\"PropertyValueSpecification\",\"valueRequired\":true,\"valueName\":\"search_term_string\"}}],\"inLanguage\":\"es\"},{\"@type\":\"Person\",\"@id\":\"http:\/\/elregionalvm.com.ar\/noticias-villa-maria\/#\/schema\/person\/a0fb9c422317faca23d50163151bc354\",\"name\":\"Contenidos El Regional\",\"image\":{\"@type\":\"ImageObject\",\"inLanguage\":\"es\",\"@id\":\"http:\/\/elregionalvm.com.ar\/noticias-villa-maria\/#\/schema\/person\/image\/\",\"url\":\"https:\/\/secure.gravatar.com\/avatar\/265b27cb2209af7bb3a1318f03305787d7981a5cc6e6cd08fe5a4ecdf99d4b48?s=96&d=mm&r=g\",\"contentUrl\":\"https:\/\/secure.gravatar.com\/avatar\/265b27cb2209af7bb3a1318f03305787d7981a5cc6e6cd08fe5a4ecdf99d4b48?s=96&d=mm&r=g\",\"caption\":\"Contenidos El Regional\"},\"url\":\"https:\/\/elregionalvm.com.ar\/noticias-villa-maria\/author\/contenido\/\"}]}<\/script>\n<!-- \/ Yoast SEO plugin. -->","yoast_head_json":{"title":"Jard\u00edn Municipal de B\u00b0 Las Playas: sigue la obra de ampliaci\u00f3n del lugar - El Regional","robots":{"index":"index","follow":"follow","max-snippet":"max-snippet:-1","max-image-preview":"max-image-preview:large","max-video-preview":"max-video-preview:-1"},"canonical":"http:\/\/elregionalvm.com.ar\/noticias-villa-maria\/jardin-municipal-de-b-las-playas-sigue-la-obra-de-ampliacion-del-lugar\/","og_locale":"es_ES","og_type":"article","og_title":"Jard\u00edn Municipal de B\u00b0 Las Playas: sigue la obra de ampliaci\u00f3n del lugar - El Regional","og_description":"En un recorrido por los Centros de Promoci\u00f3n Familiar (CPF) que el municipio interviene junto al Gobierno nacional, el intendente Mart\u00edn Gill inspeccion\u00f3 la obra que se lleva adelante en el jard\u00edn municipal de barrio Las Playas. All\u00ed, a trav\u00e9s del Programa de Apoyo al Plan Nacional de Primera Infancia, se trabaja en la ampliaci\u00f3n [&hellip;]","og_url":"http:\/\/elregionalvm.com.ar\/noticias-villa-maria\/jardin-municipal-de-b-las-playas-sigue-la-obra-de-ampliacion-del-lugar\/","og_site_name":"El Regional","article_publisher":"https:\/\/www.facebook.com\/elregionalvm","article_published_time":"2023-01-21T14:48:51+00:00","article_modified_time":"2023-01-21T14:48:52+00:00","og_image":[{"width":1280,"height":853,"url":"http:\/\/elregionalvm.com.ar\/noticias-villa-maria\/wp-content\/uploads\/2023\/01\/WhatsApp-Image-2023-01-21-at-11.19.21.jpeg","type":"image\/jpeg"}],"author":"Contenidos El Regional","twitter_card":"summary_large_image","twitter_creator":"@elregionalvm1","twitter_site":"@elregionalvm1","twitter_misc":{"Escrito por":"Contenidos El Regional","Tiempo de lectura":"2 minutos"},"schema":{"@context":"https:\/\/schema.org","@graph":[{"@type":"Article","@id":"http:\/\/elregionalvm.com.ar\/noticias-villa-maria\/jardin-municipal-de-b-las-playas-sigue-la-obra-de-ampliacion-del-lugar\/#article","isPartOf":{"@id":"http:\/\/elregionalvm.com.ar\/noticias-villa-maria\/jardin-municipal-de-b-las-playas-sigue-la-obra-de-ampliacion-del-lugar\/"},"author":{"name":"Contenidos El Regional","@id":"http:\/\/elregionalvm.com.ar\/noticias-villa-maria\/#\/schema\/person\/a0fb9c422317faca23d50163151bc354"},"headline":"Jard\u00edn Municipal de B\u00b0 Las Playas: sigue la obra de ampliaci\u00f3n del lugar","datePublished":"2023-01-21T14:48:51+00:00","dateModified":"2023-01-21T14:48:52+00:00","mainEntityOfPage":{"@id":"http:\/\/elregionalvm.com.ar\/noticias-villa-maria\/jardin-municipal-de-b-las-playas-sigue-la-obra-de-ampliacion-del-lugar\/"},"wordCount":385,"commentCount":0,"image":{"@id":"http:\/\/elregionalvm.com.ar\/noticias-villa-maria\/jardin-municipal-de-b-las-playas-sigue-la-obra-de-ampliacion-del-lugar\/#primaryimage"},"thumbnailUrl":"https:\/\/i0.wp.com\/elregionalvm.com.ar\/noticias-villa-maria\/wp-content\/uploads\/2023\/01\/WhatsApp-Image-2023-01-21-at-11.19.21.jpeg?fit=1280%2C853&ssl=1","keywords":["Barrio Las Playas","buen ritmo de obra","cambiadores","Cocina","cocina con dep\u00f3sito de alimentos","Jard\u00edn Municipal","nuevos m\u00f3dulos sanitarios","obra de ampliaci\u00f3n","readecuaci\u00f3n del lugar"],"articleSection":["destacado","Villa Mar\u00eda"],"inLanguage":"es","potentialAction":[{"@type":"CommentAction","name":"Comment","target":["http:\/\/elregionalvm.com.ar\/noticias-villa-maria\/jardin-municipal-de-b-las-playas-sigue-la-obra-de-ampliacion-del-lugar\/#respond"]}]},{"@type":"WebPage","@id":"http:\/\/elregionalvm.com.ar\/noticias-villa-maria\/jardin-municipal-de-b-las-playas-sigue-la-obra-de-ampliacion-del-lugar\/","url":"http:\/\/elregionalvm.com.ar\/noticias-villa-maria\/jardin-municipal-de-b-las-playas-sigue-la-obra-de-ampliacion-del-lugar\/","name":"Jard\u00edn Municipal de B\u00b0 Las Playas: sigue la obra de ampliaci\u00f3n del lugar - El Regional","isPartOf":{"@id":"http:\/\/elregionalvm.com.ar\/noticias-villa-maria\/#website"},"primaryImageOfPage":{"@id":"http:\/\/elregionalvm.com.ar\/noticias-villa-maria\/jardin-municipal-de-b-las-playas-sigue-la-obra-de-ampliacion-del-lugar\/#primaryimage"},"image":{"@id":"http:\/\/elregionalvm.com.ar\/noticias-villa-maria\/jardin-municipal-de-b-las-playas-sigue-la-obra-de-ampliacion-del-lugar\/#primaryimage"},"thumbnailUrl":"https:\/\/i0.wp.com\/elregionalvm.com.ar\/noticias-villa-maria\/wp-content\/uploads\/2023\/01\/WhatsApp-Image-2023-01-21-at-11.19.21.jpeg?fit=1280%2C853&ssl=1","datePublished":"2023-01-21T14:48:51+00:00","dateModified":"2023-01-21T14:48:52+00:00","author":{"@id":"http:\/\/elregionalvm.com.ar\/noticias-villa-maria\/#\/schema\/person\/a0fb9c422317faca23d50163151bc354"},"breadcrumb":{"@id":"http:\/\/elregionalvm.com.ar\/noticias-villa-maria\/jardin-municipal-de-b-las-playas-sigue-la-obra-de-ampliacion-del-lugar\/#breadcrumb"},"inLanguage":"es","potentialAction":[{"@type":"ReadAction","target":["http:\/\/elregionalvm.com.ar\/noticias-villa-maria\/jardin-municipal-de-b-las-playas-sigue-la-obra-de-ampliacion-del-lugar\/"]}]},{"@type":"ImageObject","inLanguage":"es","@id":"http:\/\/elregionalvm.com.ar\/noticias-villa-maria\/jardin-municipal-de-b-las-playas-sigue-la-obra-de-ampliacion-del-lugar\/#primaryimage","url":"https:\/\/i0.wp.com\/elregionalvm.com.ar\/noticias-villa-maria\/wp-content\/uploads\/2023\/01\/WhatsApp-Image-2023-01-21-at-11.19.21.jpeg?fit=1280%2C853&ssl=1","contentUrl":"https:\/\/i0.wp.com\/elregionalvm.com.ar\/noticias-villa-maria\/wp-content\/uploads\/2023\/01\/WhatsApp-Image-2023-01-21-at-11.19.21.jpeg?fit=1280%2C853&ssl=1","width":1280,"height":853},{"@type":"BreadcrumbList","@id":"http:\/\/elregionalvm.com.ar\/noticias-villa-maria\/jardin-municipal-de-b-las-playas-sigue-la-obra-de-ampliacion-del-lugar\/#breadcrumb","itemListElement":[{"@type":"ListItem","position":1,"name":"Portada","item":"https:\/\/elregionalvm.com.ar\/noticias-villa-maria\/"},{"@type":"ListItem","position":2,"name":"Jard\u00edn Municipal de B\u00b0 Las Playas: sigue la obra de ampliaci\u00f3n del lugar"}]},{"@type":"WebSite","@id":"http:\/\/elregionalvm.com.ar\/noticias-villa-maria\/#website","url":"http:\/\/elregionalvm.com.ar\/noticias-villa-maria\/","name":"El Regional","description":"Mucho m\u00e1s que informaci\u00f3n","potentialAction":[{"@type":"SearchAction","target":{"@type":"EntryPoint","urlTemplate":"http:\/\/elregionalvm.com.ar\/noticias-villa-maria\/?s={search_term_string}"},"query-input":{"@type":"PropertyValueSpecification","valueRequired":true,"valueName":"search_term_string"}}],"inLanguage":"es"},{"@type":"Person","@id":"http:\/\/elregionalvm.com.ar\/noticias-villa-maria\/#\/schema\/person\/a0fb9c422317faca23d50163151bc354","name":"Contenidos El Regional","image":{"@type":"ImageObject","inLanguage":"es","@id":"http:\/\/elregionalvm.com.ar\/noticias-villa-maria\/#\/schema\/person\/image\/","url":"https:\/\/secure.gravatar.com\/avatar\/265b27cb2209af7bb3a1318f03305787d7981a5cc6e6cd08fe5a4ecdf99d4b48?s=96&d=mm&r=g","contentUrl":"https:\/\/secure.gravatar.com\/avatar\/265b27cb2209af7bb3a1318f03305787d7981a5cc6e6cd08fe5a4ecdf99d4b48?s=96&d=mm&r=g","caption":"Contenidos El Regional"},"url":"https:\/\/elregionalvm.com.ar\/noticias-villa-maria\/author\/contenido\/"}]}},"jetpack_featured_media_url":"https:\/\/i0.wp.com\/elregionalvm.com.ar\/noticias-villa-maria\/wp-content\/uploads\/2023\/01\/WhatsApp-Image-2023-01-21-at-11.19.21.jpeg?fit=1280%2C853&ssl=1","jetpack_sharing_enabled":true,"_links":{"self":[{"href":"https:\/\/elregionalvm.com.ar\/noticias-villa-maria\/wp-json\/wp\/v2\/posts\/70589","targetHints":{"allow":["GET"]}}],"collection":[{"href":"https:\/\/elregionalvm.com.ar\/noticias-villa-maria\/wp-json\/wp\/v2\/posts"}],"about":[{"href":"https:\/\/elregionalvm.com.ar\/noticias-villa-maria\/wp-json\/wp\/v2\/types\/post"}],"author":[{"embeddable":true,"href":"https:\/\/elregionalvm.com.ar\/noticias-villa-maria\/wp-json\/wp\/v2\/users\/4"}],"replies":[{"embeddable":true,"href":"https:\/\/elregionalvm.com.ar\/noticias-villa-maria\/wp-json\/wp\/v2\/comments?post=70589"}],"version-history":[{"count":1,"href":"https:\/\/elregionalvm.com.ar\/noticias-villa-maria\/wp-json\/wp\/v2\/posts\/70589\/revisions"}],"predecessor-version":[{"id":70593,"href":"https:\/\/elregionalvm.com.ar\/noticias-villa-maria\/wp-json\/wp\/v2\/posts\/70589\/revisions\/70593"}],"wp:featuredmedia":[{"embeddable":true,"href":"https:\/\/elregionalvm.com.ar\/noticias-villa-maria\/wp-json\/wp\/v2\/media\/70590"}],"wp:attachment":[{"href":"https:\/\/elregionalvm.com.ar\/noticias-villa-maria\/wp-json\/wp\/v2\/media?parent=70589"}],"wp:term":[{"taxonomy":"category","embeddable":true,"href":"https:\/\/elregionalvm.com.ar\/noticias-villa-maria\/wp-json\/wp\/v2\/categories?post=70589"},{"taxonomy":"post_tag","embeddable":true,"href":"https:\/\/elregionalvm.com.ar\/noticias-villa-maria\/wp-json\/wp\/v2\/tags?post=70589"}],"curies":[{"name":"wp","href":"https:\/\/api.w.org\/{rel}","templated":true}]}}