{"id":70598,"date":"2023-01-21T15:38:52","date_gmt":"2023-01-21T15:38:52","guid":{"rendered":"https:\/\/elregionalvm.com.ar\/noticias-villa-maria\/?p=70598"},"modified":"2023-01-21T15:38:54","modified_gmt":"2023-01-21T15:38:54","slug":"concejo-deliberante-analizaron-la-necesidad-de-realizar-sesiones-extraordinarias","status":"publish","type":"post","link":"https:\/\/elregionalvm.com.ar\/noticias-villa-maria\/concejo-deliberante-analizaron-la-necesidad-de-realizar-sesiones-extraordinarias\/","title":{"rendered":"Concejo Deliberante: analizaron la necesidad de realizar sesiones extraordinarias"},"content":{"rendered":"\n<p>El presidente del Concejo Deliberante, Pablo Rosso, mantuvo una reuni\u00f3n con los presidentes de los bloques \u201cHacemos por C\u00f3rdoba\u201d (Julio Oyola) y \u201cHacemos por C\u00f3rdoba-Somos\u201d (Daniel L\u00f3pez), donde analizaron la instancia de efectuar Sesiones Extraordinarias.<\/p>\n\n\n\n<p>En el encuentro, se abord\u00f3 la posibilidad de realizar la Audiencia P\u00fablica y el tratamiento en Segunda Lectura del Proyecto que estipula la donaci\u00f3n al Gobierno de la Provincia de C\u00f3rdoba dos lotes con destino espec\u00edfico para la construcci\u00f3n de una instituci\u00f3n educativa secundaria.<\/p>\n\n\n\n<p>La presidenta del bloque \u201cVamos Villa Mar\u00eda\u201d, Karina Bruno, no pudo asistir al encuentro por compromisos contra\u00eddos con anterioridad a esta reuni\u00f3n que tuvo lugar en la Presidencia del Concejo Deliberante.<\/p>\n\n\n\n<p>Cabe recordar que, en la \u00faltima Sesi\u00f3n Ordinaria del a\u00f1o anterior, realizada el 29 de diciembre, los concejales aprobaron en Primera Lectura el citado proyecto que se desafecta del dominio p\u00fablico municipal, e incorporan al dominio privado, una fracci\u00f3n de terreno ubicado entre las calles Jorge Luis Borges, Victoria Ocampo, Buchardo y Agust\u00edn \u00c1lvarez del Barrio Parque Norte, con destino a la construcci\u00f3n de una instituci\u00f3n educativa provincial de nivel secundario.<\/p>\n\n\n\n<p>D\u00edas atr\u00e1s, funcionarios municipales recibieron al subdirector de Programas Descentralizados del Ministerio de Educaci\u00f3n Provincial, Jos\u00e9 Peralta, quien plante\u00f3 la solicitud de avanzar en este sentido, motivo por lo cual el Intendente Municipal Mart\u00edn Gill y Pablo Rosso, analizaron la factibilidad de convocar al cuerpo deliberativo a sesionar durante el receso legislativo.<\/p>\n\n\n\n<p>En tal sentido, representantes del Departamento Ejecutivo y del Gobierno Provincial realizaron un recorrido por diferentes escuelas de la ciudad para ampliar divisiones en el nivel secundario de en las instituciones: IPET N\u00b056 Abraham Ju\u00e1rez, IPEM N\u00b0147 Manuel Anselmo Ocampo, IPEM N\u00b0275 Colegio Nacional e IPETyM N\u00b0 99 Rosario Vera Pe\u00f1aloza.<\/p>\n\n\n\n<p>Adem\u00e1s, la escuela primaria Justo Jos\u00e9 de Urquiza ampliar\u00e1 su curr\u00edcula mediante la instalaci\u00f3n de aulas modulares de r\u00e1pida ejecuci\u00f3n que estar\u00e1n listas para el inicio del a\u00f1o lectivo. La tipolog\u00eda a utilizar es la de m\u00f3dulos que se montan con gr\u00faas sobre plataformas de hormig\u00f3n, incorporando tanto salones de clases como sanitarios.<\/p>\n","protected":false},"excerpt":{"rendered":"<p>El presidente del Concejo Deliberante, Pablo Rosso, mantuvo una reuni\u00f3n con los presidentes de los bloques \u201cHacemos por C\u00f3rdoba\u201d (Julio Oyola) y \u201cHacemos por C\u00f3rdoba-Somos\u201d (Daniel L\u00f3pez), donde analizaron la instancia de efectuar Sesiones Extraordinarias. En el encuentro, se abord\u00f3 la posibilidad de realizar la Audiencia P\u00fablica y el tratamiento en Segunda Lectura del Proyecto [&hellip;]<\/p>\n","protected":false},"author":4,"featured_media":70599,"comment_status":"open","ping_status":"open","sticky":false,"template":"","format":"standard","meta":{"site-sidebar-layout":"default","site-content-layout":"","ast-site-content-layout":"default","site-content-style":"default","site-sidebar-style":"default","ast-global-header-display":"","ast-banner-title-visibility":"","ast-main-header-display":"","ast-hfb-above-header-display":"","ast-hfb-below-header-display":"","ast-hfb-mobile-header-display":"","site-post-title":"","ast-breadcrumbs-content":"","ast-featured-img":"","footer-sml-layout":"","ast-disable-related-posts":"","theme-transparent-header-meta":"","adv-header-id-meta":"","stick-header-meta":"","header-above-stick-meta":"","header-main-stick-meta":"","header-below-stick-meta":"","astra-migrate-meta-layouts":"default","ast-page-background-enabled":"default","ast-page-background-meta":{"desktop":{"background-color":"","background-image":"","background-repeat":"repeat","background-position":"center center","background-size":"auto","background-attachment":"scroll","background-type":"","background-media":"","overlay-type":"","overlay-color":"","overlay-opacity":"","overlay-gradient":""},"tablet":{"background-color":"","background-image":"","background-repeat":"repeat","background-position":"center center","background-size":"auto","background-attachment":"scroll","background-type":"","background-media":"","overlay-type":"","overlay-color":"","overlay-opacity":"","overlay-gradient":""},"mobile":{"background-color":"","background-image":"","background-repeat":"repeat","background-position":"center center","background-size":"auto","background-attachment":"scroll","background-type":"","background-media":"","overlay-type":"","overlay-color":"","overlay-opacity":"","overlay-gradient":""}},"ast-content-background-meta":{"desktop":{"background-color":"var(--ast-global-color-5)","background-image":"","background-repeat":"repeat","background-position":"center center","background-size":"auto","background-attachment":"scroll","background-type":"","background-media":"","overlay-type":"","overlay-color":"","overlay-opacity":"","overlay-gradient":""},"tablet":{"background-color":"var(--ast-global-color-5)","background-image":"","background-repeat":"repeat","background-position":"center center","background-size":"auto","background-attachment":"scroll","background-type":"","background-media":"","overlay-type":"","overlay-color":"","overlay-opacity":"","overlay-gradient":""},"mobile":{"background-color":"var(--ast-global-color-5)","background-image":"","background-repeat":"repeat","background-position":"center center","background-size":"auto","background-attachment":"scroll","background-type":"","background-media":"","overlay-type":"","overlay-color":"","overlay-opacity":"","overlay-gradient":""}},"_jetpack_memberships_contains_paid_content":false,"_joinchat":[],"footnotes":""},"categories":[15302,2],"tags":[21366,21365,1597,4289,21364,2248],"class_list":["post-70598","post","type-post","status-publish","format-standard","has-post-thumbnail","hentry","category-destacado","category-villa-maria","tag-abordar-algunos-temas","tag-analizaron-la-posibilidad","tag-concejo-deliberante","tag-escuelas","tag-sesiones-extraordinarias","tag-villa-maria-2"],"yoast_head":"<!-- This site is optimized with the Yoast SEO plugin v26.8 - https:\/\/yoast.com\/product\/yoast-seo-wordpress\/ -->\n<title>Concejo Deliberante: analizaron la necesidad de realizar sesiones extraordinarias - El Regional<\/title>\n<meta name=\"robots\" content=\"index, follow, max-snippet:-1, max-image-preview:large, max-video-preview:-1\" \/>\n<link rel=\"canonical\" href=\"http:\/\/elregionalvm.com.ar\/noticias-villa-maria\/concejo-deliberante-analizaron-la-necesidad-de-realizar-sesiones-extraordinarias\/\" \/>\n<meta property=\"og:locale\" content=\"es_ES\" \/>\n<meta property=\"og:type\" content=\"article\" \/>\n<meta property=\"og:title\" content=\"Concejo Deliberante: analizaron la necesidad de realizar sesiones extraordinarias - El Regional\" \/>\n<meta property=\"og:description\" content=\"El presidente del Concejo Deliberante, Pablo Rosso, mantuvo una reuni\u00f3n con los presidentes de los bloques \u201cHacemos por C\u00f3rdoba\u201d (Julio Oyola) y \u201cHacemos por C\u00f3rdoba-Somos\u201d (Daniel L\u00f3pez), donde analizaron la instancia de efectuar Sesiones Extraordinarias. En el encuentro, se abord\u00f3 la posibilidad de realizar la Audiencia P\u00fablica y el tratamiento en Segunda Lectura del Proyecto [&hellip;]\" \/>\n<meta property=\"og:url\" content=\"http:\/\/elregionalvm.com.ar\/noticias-villa-maria\/concejo-deliberante-analizaron-la-necesidad-de-realizar-sesiones-extraordinarias\/\" \/>\n<meta property=\"og:site_name\" content=\"El Regional\" \/>\n<meta property=\"article:publisher\" content=\"https:\/\/www.facebook.com\/elregionalvm\" \/>\n<meta property=\"article:published_time\" content=\"2023-01-21T15:38:52+00:00\" \/>\n<meta property=\"article:modified_time\" content=\"2023-01-21T15:38:54+00:00\" \/>\n<meta property=\"og:image\" content=\"http:\/\/elregionalvm.com.ar\/noticias-villa-maria\/wp-content\/uploads\/2023\/01\/WhatsApp-Image-2023-01-21-at-10.08.06.jpeg\" \/>\n\t<meta property=\"og:image:width\" content=\"1280\" \/>\n\t<meta property=\"og:image:height\" content=\"720\" \/>\n\t<meta property=\"og:image:type\" content=\"image\/jpeg\" \/>\n<meta name=\"author\" content=\"Contenidos El Regional\" \/>\n<meta name=\"twitter:card\" content=\"summary_large_image\" \/>\n<meta name=\"twitter:creator\" content=\"@elregionalvm1\" \/>\n<meta name=\"twitter:site\" content=\"@elregionalvm1\" \/>\n<meta name=\"twitter:label1\" content=\"Escrito por\" \/>\n\t<meta name=\"twitter:data1\" content=\"Contenidos El Regional\" \/>\n\t<meta name=\"twitter:label2\" content=\"Tiempo de lectura\" \/>\n\t<meta name=\"twitter:data2\" content=\"2 minutos\" \/>\n<script type=\"application\/ld+json\" class=\"yoast-schema-graph\">{\"@context\":\"https:\/\/schema.org\",\"@graph\":[{\"@type\":\"Article\",\"@id\":\"http:\/\/elregionalvm.com.ar\/noticias-villa-maria\/concejo-deliberante-analizaron-la-necesidad-de-realizar-sesiones-extraordinarias\/#article\",\"isPartOf\":{\"@id\":\"http:\/\/elregionalvm.com.ar\/noticias-villa-maria\/concejo-deliberante-analizaron-la-necesidad-de-realizar-sesiones-extraordinarias\/\"},\"author\":{\"name\":\"Contenidos El Regional\",\"@id\":\"http:\/\/elregionalvm.com.ar\/noticias-villa-maria\/#\/schema\/person\/a0fb9c422317faca23d50163151bc354\"},\"headline\":\"Concejo Deliberante: analizaron la necesidad de realizar sesiones extraordinarias\",\"datePublished\":\"2023-01-21T15:38:52+00:00\",\"dateModified\":\"2023-01-21T15:38:54+00:00\",\"mainEntityOfPage\":{\"@id\":\"http:\/\/elregionalvm.com.ar\/noticias-villa-maria\/concejo-deliberante-analizaron-la-necesidad-de-realizar-sesiones-extraordinarias\/\"},\"wordCount\":381,\"commentCount\":0,\"image\":{\"@id\":\"http:\/\/elregionalvm.com.ar\/noticias-villa-maria\/concejo-deliberante-analizaron-la-necesidad-de-realizar-sesiones-extraordinarias\/#primaryimage\"},\"thumbnailUrl\":\"https:\/\/i0.wp.com\/elregionalvm.com.ar\/noticias-villa-maria\/wp-content\/uploads\/2023\/01\/WhatsApp-Image-2023-01-21-at-10.08.06.jpeg?fit=1280%2C720&ssl=1\",\"keywords\":[\"abordar algunos temas\",\"analizaron la posibilidad\",\"Concejo Deliberante\",\"escuelas\",\"sesiones extraordinarias\",\"Villa Mar\u00eda\"],\"articleSection\":[\"destacado\",\"Villa Mar\u00eda\"],\"inLanguage\":\"es\",\"potentialAction\":[{\"@type\":\"CommentAction\",\"name\":\"Comment\",\"target\":[\"http:\/\/elregionalvm.com.ar\/noticias-villa-maria\/concejo-deliberante-analizaron-la-necesidad-de-realizar-sesiones-extraordinarias\/#respond\"]}]},{\"@type\":\"WebPage\",\"@id\":\"http:\/\/elregionalvm.com.ar\/noticias-villa-maria\/concejo-deliberante-analizaron-la-necesidad-de-realizar-sesiones-extraordinarias\/\",\"url\":\"http:\/\/elregionalvm.com.ar\/noticias-villa-maria\/concejo-deliberante-analizaron-la-necesidad-de-realizar-sesiones-extraordinarias\/\",\"name\":\"Concejo Deliberante: analizaron la necesidad de realizar sesiones extraordinarias - El Regional\",\"isPartOf\":{\"@id\":\"http:\/\/elregionalvm.com.ar\/noticias-villa-maria\/#website\"},\"primaryImageOfPage\":{\"@id\":\"http:\/\/elregionalvm.com.ar\/noticias-villa-maria\/concejo-deliberante-analizaron-la-necesidad-de-realizar-sesiones-extraordinarias\/#primaryimage\"},\"image\":{\"@id\":\"http:\/\/elregionalvm.com.ar\/noticias-villa-maria\/concejo-deliberante-analizaron-la-necesidad-de-realizar-sesiones-extraordinarias\/#primaryimage\"},\"thumbnailUrl\":\"https:\/\/i0.wp.com\/elregionalvm.com.ar\/noticias-villa-maria\/wp-content\/uploads\/2023\/01\/WhatsApp-Image-2023-01-21-at-10.08.06.jpeg?fit=1280%2C720&ssl=1\",\"datePublished\":\"2023-01-21T15:38:52+00:00\",\"dateModified\":\"2023-01-21T15:38:54+00:00\",\"author\":{\"@id\":\"http:\/\/elregionalvm.com.ar\/noticias-villa-maria\/#\/schema\/person\/a0fb9c422317faca23d50163151bc354\"},\"breadcrumb\":{\"@id\":\"http:\/\/elregionalvm.com.ar\/noticias-villa-maria\/concejo-deliberante-analizaron-la-necesidad-de-realizar-sesiones-extraordinarias\/#breadcrumb\"},\"inLanguage\":\"es\",\"potentialAction\":[{\"@type\":\"ReadAction\",\"target\":[\"http:\/\/elregionalvm.com.ar\/noticias-villa-maria\/concejo-deliberante-analizaron-la-necesidad-de-realizar-sesiones-extraordinarias\/\"]}]},{\"@type\":\"ImageObject\",\"inLanguage\":\"es\",\"@id\":\"http:\/\/elregionalvm.com.ar\/noticias-villa-maria\/concejo-deliberante-analizaron-la-necesidad-de-realizar-sesiones-extraordinarias\/#primaryimage\",\"url\":\"https:\/\/i0.wp.com\/elregionalvm.com.ar\/noticias-villa-maria\/wp-content\/uploads\/2023\/01\/WhatsApp-Image-2023-01-21-at-10.08.06.jpeg?fit=1280%2C720&ssl=1\",\"contentUrl\":\"https:\/\/i0.wp.com\/elregionalvm.com.ar\/noticias-villa-maria\/wp-content\/uploads\/2023\/01\/WhatsApp-Image-2023-01-21-at-10.08.06.jpeg?fit=1280%2C720&ssl=1\",\"width\":1280,\"height\":720},{\"@type\":\"BreadcrumbList\",\"@id\":\"http:\/\/elregionalvm.com.ar\/noticias-villa-maria\/concejo-deliberante-analizaron-la-necesidad-de-realizar-sesiones-extraordinarias\/#breadcrumb\",\"itemListElement\":[{\"@type\":\"ListItem\",\"position\":1,\"name\":\"Portada\",\"item\":\"https:\/\/elregionalvm.com.ar\/noticias-villa-maria\/\"},{\"@type\":\"ListItem\",\"position\":2,\"name\":\"Concejo Deliberante: analizaron la necesidad de realizar sesiones extraordinarias\"}]},{\"@type\":\"WebSite\",\"@id\":\"http:\/\/elregionalvm.com.ar\/noticias-villa-maria\/#website\",\"url\":\"http:\/\/elregionalvm.com.ar\/noticias-villa-maria\/\",\"name\":\"El Regional\",\"description\":\"Mucho m\u00e1s que informaci\u00f3n\",\"potentialAction\":[{\"@type\":\"SearchAction\",\"target\":{\"@type\":\"EntryPoint\",\"urlTemplate\":\"http:\/\/elregionalvm.com.ar\/noticias-villa-maria\/?s={search_term_string}\"},\"query-input\":{\"@type\":\"PropertyValueSpecification\",\"valueRequired\":true,\"valueName\":\"search_term_string\"}}],\"inLanguage\":\"es\"},{\"@type\":\"Person\",\"@id\":\"http:\/\/elregionalvm.com.ar\/noticias-villa-maria\/#\/schema\/person\/a0fb9c422317faca23d50163151bc354\",\"name\":\"Contenidos El Regional\",\"image\":{\"@type\":\"ImageObject\",\"inLanguage\":\"es\",\"@id\":\"http:\/\/elregionalvm.com.ar\/noticias-villa-maria\/#\/schema\/person\/image\/\",\"url\":\"https:\/\/secure.gravatar.com\/avatar\/265b27cb2209af7bb3a1318f03305787d7981a5cc6e6cd08fe5a4ecdf99d4b48?s=96&d=mm&r=g\",\"contentUrl\":\"https:\/\/secure.gravatar.com\/avatar\/265b27cb2209af7bb3a1318f03305787d7981a5cc6e6cd08fe5a4ecdf99d4b48?s=96&d=mm&r=g\",\"caption\":\"Contenidos El Regional\"},\"url\":\"https:\/\/elregionalvm.com.ar\/noticias-villa-maria\/author\/contenido\/\"}]}<\/script>\n<!-- \/ Yoast SEO plugin. -->","yoast_head_json":{"title":"Concejo Deliberante: analizaron la necesidad de realizar sesiones extraordinarias - El Regional","robots":{"index":"index","follow":"follow","max-snippet":"max-snippet:-1","max-image-preview":"max-image-preview:large","max-video-preview":"max-video-preview:-1"},"canonical":"http:\/\/elregionalvm.com.ar\/noticias-villa-maria\/concejo-deliberante-analizaron-la-necesidad-de-realizar-sesiones-extraordinarias\/","og_locale":"es_ES","og_type":"article","og_title":"Concejo Deliberante: analizaron la necesidad de realizar sesiones extraordinarias - El Regional","og_description":"El presidente del Concejo Deliberante, Pablo Rosso, mantuvo una reuni\u00f3n con los presidentes de los bloques \u201cHacemos por C\u00f3rdoba\u201d (Julio Oyola) y \u201cHacemos por C\u00f3rdoba-Somos\u201d (Daniel L\u00f3pez), donde analizaron la instancia de efectuar Sesiones Extraordinarias. En el encuentro, se abord\u00f3 la posibilidad de realizar la Audiencia P\u00fablica y el tratamiento en Segunda Lectura del Proyecto [&hellip;]","og_url":"http:\/\/elregionalvm.com.ar\/noticias-villa-maria\/concejo-deliberante-analizaron-la-necesidad-de-realizar-sesiones-extraordinarias\/","og_site_name":"El Regional","article_publisher":"https:\/\/www.facebook.com\/elregionalvm","article_published_time":"2023-01-21T15:38:52+00:00","article_modified_time":"2023-01-21T15:38:54+00:00","og_image":[{"width":1280,"height":720,"url":"http:\/\/elregionalvm.com.ar\/noticias-villa-maria\/wp-content\/uploads\/2023\/01\/WhatsApp-Image-2023-01-21-at-10.08.06.jpeg","type":"image\/jpeg"}],"author":"Contenidos El Regional","twitter_card":"summary_large_image","twitter_creator":"@elregionalvm1","twitter_site":"@elregionalvm1","twitter_misc":{"Escrito por":"Contenidos El Regional","Tiempo de lectura":"2 minutos"},"schema":{"@context":"https:\/\/schema.org","@graph":[{"@type":"Article","@id":"http:\/\/elregionalvm.com.ar\/noticias-villa-maria\/concejo-deliberante-analizaron-la-necesidad-de-realizar-sesiones-extraordinarias\/#article","isPartOf":{"@id":"http:\/\/elregionalvm.com.ar\/noticias-villa-maria\/concejo-deliberante-analizaron-la-necesidad-de-realizar-sesiones-extraordinarias\/"},"author":{"name":"Contenidos El Regional","@id":"http:\/\/elregionalvm.com.ar\/noticias-villa-maria\/#\/schema\/person\/a0fb9c422317faca23d50163151bc354"},"headline":"Concejo Deliberante: analizaron la necesidad de realizar sesiones extraordinarias","datePublished":"2023-01-21T15:38:52+00:00","dateModified":"2023-01-21T15:38:54+00:00","mainEntityOfPage":{"@id":"http:\/\/elregionalvm.com.ar\/noticias-villa-maria\/concejo-deliberante-analizaron-la-necesidad-de-realizar-sesiones-extraordinarias\/"},"wordCount":381,"commentCount":0,"image":{"@id":"http:\/\/elregionalvm.com.ar\/noticias-villa-maria\/concejo-deliberante-analizaron-la-necesidad-de-realizar-sesiones-extraordinarias\/#primaryimage"},"thumbnailUrl":"https:\/\/i0.wp.com\/elregionalvm.com.ar\/noticias-villa-maria\/wp-content\/uploads\/2023\/01\/WhatsApp-Image-2023-01-21-at-10.08.06.jpeg?fit=1280%2C720&ssl=1","keywords":["abordar algunos temas","analizaron la posibilidad","Concejo Deliberante","escuelas","sesiones extraordinarias","Villa Mar\u00eda"],"articleSection":["destacado","Villa Mar\u00eda"],"inLanguage":"es","potentialAction":[{"@type":"CommentAction","name":"Comment","target":["http:\/\/elregionalvm.com.ar\/noticias-villa-maria\/concejo-deliberante-analizaron-la-necesidad-de-realizar-sesiones-extraordinarias\/#respond"]}]},{"@type":"WebPage","@id":"http:\/\/elregionalvm.com.ar\/noticias-villa-maria\/concejo-deliberante-analizaron-la-necesidad-de-realizar-sesiones-extraordinarias\/","url":"http:\/\/elregionalvm.com.ar\/noticias-villa-maria\/concejo-deliberante-analizaron-la-necesidad-de-realizar-sesiones-extraordinarias\/","name":"Concejo Deliberante: analizaron la necesidad de realizar sesiones extraordinarias - El Regional","isPartOf":{"@id":"http:\/\/elregionalvm.com.ar\/noticias-villa-maria\/#website"},"primaryImageOfPage":{"@id":"http:\/\/elregionalvm.com.ar\/noticias-villa-maria\/concejo-deliberante-analizaron-la-necesidad-de-realizar-sesiones-extraordinarias\/#primaryimage"},"image":{"@id":"http:\/\/elregionalvm.com.ar\/noticias-villa-maria\/concejo-deliberante-analizaron-la-necesidad-de-realizar-sesiones-extraordinarias\/#primaryimage"},"thumbnailUrl":"https:\/\/i0.wp.com\/elregionalvm.com.ar\/noticias-villa-maria\/wp-content\/uploads\/2023\/01\/WhatsApp-Image-2023-01-21-at-10.08.06.jpeg?fit=1280%2C720&ssl=1","datePublished":"2023-01-21T15:38:52+00:00","dateModified":"2023-01-21T15:38:54+00:00","author":{"@id":"http:\/\/elregionalvm.com.ar\/noticias-villa-maria\/#\/schema\/person\/a0fb9c422317faca23d50163151bc354"},"breadcrumb":{"@id":"http:\/\/elregionalvm.com.ar\/noticias-villa-maria\/concejo-deliberante-analizaron-la-necesidad-de-realizar-sesiones-extraordinarias\/#breadcrumb"},"inLanguage":"es","potentialAction":[{"@type":"ReadAction","target":["http:\/\/elregionalvm.com.ar\/noticias-villa-maria\/concejo-deliberante-analizaron-la-necesidad-de-realizar-sesiones-extraordinarias\/"]}]},{"@type":"ImageObject","inLanguage":"es","@id":"http:\/\/elregionalvm.com.ar\/noticias-villa-maria\/concejo-deliberante-analizaron-la-necesidad-de-realizar-sesiones-extraordinarias\/#primaryimage","url":"https:\/\/i0.wp.com\/elregionalvm.com.ar\/noticias-villa-maria\/wp-content\/uploads\/2023\/01\/WhatsApp-Image-2023-01-21-at-10.08.06.jpeg?fit=1280%2C720&ssl=1","contentUrl":"https:\/\/i0.wp.com\/elregionalvm.com.ar\/noticias-villa-maria\/wp-content\/uploads\/2023\/01\/WhatsApp-Image-2023-01-21-at-10.08.06.jpeg?fit=1280%2C720&ssl=1","width":1280,"height":720},{"@type":"BreadcrumbList","@id":"http:\/\/elregionalvm.com.ar\/noticias-villa-maria\/concejo-deliberante-analizaron-la-necesidad-de-realizar-sesiones-extraordinarias\/#breadcrumb","itemListElement":[{"@type":"ListItem","position":1,"name":"Portada","item":"https:\/\/elregionalvm.com.ar\/noticias-villa-maria\/"},{"@type":"ListItem","position":2,"name":"Concejo Deliberante: analizaron la necesidad de realizar sesiones extraordinarias"}]},{"@type":"WebSite","@id":"http:\/\/elregionalvm.com.ar\/noticias-villa-maria\/#website","url":"http:\/\/elregionalvm.com.ar\/noticias-villa-maria\/","name":"El Regional","description":"Mucho m\u00e1s que informaci\u00f3n","potentialAction":[{"@type":"SearchAction","target":{"@type":"EntryPoint","urlTemplate":"http:\/\/elregionalvm.com.ar\/noticias-villa-maria\/?s={search_term_string}"},"query-input":{"@type":"PropertyValueSpecification","valueRequired":true,"valueName":"search_term_string"}}],"inLanguage":"es"},{"@type":"Person","@id":"http:\/\/elregionalvm.com.ar\/noticias-villa-maria\/#\/schema\/person\/a0fb9c422317faca23d50163151bc354","name":"Contenidos El Regional","image":{"@type":"ImageObject","inLanguage":"es","@id":"http:\/\/elregionalvm.com.ar\/noticias-villa-maria\/#\/schema\/person\/image\/","url":"https:\/\/secure.gravatar.com\/avatar\/265b27cb2209af7bb3a1318f03305787d7981a5cc6e6cd08fe5a4ecdf99d4b48?s=96&d=mm&r=g","contentUrl":"https:\/\/secure.gravatar.com\/avatar\/265b27cb2209af7bb3a1318f03305787d7981a5cc6e6cd08fe5a4ecdf99d4b48?s=96&d=mm&r=g","caption":"Contenidos El Regional"},"url":"https:\/\/elregionalvm.com.ar\/noticias-villa-maria\/author\/contenido\/"}]}},"jetpack_featured_media_url":"https:\/\/i0.wp.com\/elregionalvm.com.ar\/noticias-villa-maria\/wp-content\/uploads\/2023\/01\/WhatsApp-Image-2023-01-21-at-10.08.06.jpeg?fit=1280%2C720&ssl=1","jetpack_sharing_enabled":true,"_links":{"self":[{"href":"https:\/\/elregionalvm.com.ar\/noticias-villa-maria\/wp-json\/wp\/v2\/posts\/70598","targetHints":{"allow":["GET"]}}],"collection":[{"href":"https:\/\/elregionalvm.com.ar\/noticias-villa-maria\/wp-json\/wp\/v2\/posts"}],"about":[{"href":"https:\/\/elregionalvm.com.ar\/noticias-villa-maria\/wp-json\/wp\/v2\/types\/post"}],"author":[{"embeddable":true,"href":"https:\/\/elregionalvm.com.ar\/noticias-villa-maria\/wp-json\/wp\/v2\/users\/4"}],"replies":[{"embeddable":true,"href":"https:\/\/elregionalvm.com.ar\/noticias-villa-maria\/wp-json\/wp\/v2\/comments?post=70598"}],"version-history":[{"count":1,"href":"https:\/\/elregionalvm.com.ar\/noticias-villa-maria\/wp-json\/wp\/v2\/posts\/70598\/revisions"}],"predecessor-version":[{"id":70600,"href":"https:\/\/elregionalvm.com.ar\/noticias-villa-maria\/wp-json\/wp\/v2\/posts\/70598\/revisions\/70600"}],"wp:featuredmedia":[{"embeddable":true,"href":"https:\/\/elregionalvm.com.ar\/noticias-villa-maria\/wp-json\/wp\/v2\/media\/70599"}],"wp:attachment":[{"href":"https:\/\/elregionalvm.com.ar\/noticias-villa-maria\/wp-json\/wp\/v2\/media?parent=70598"}],"wp:term":[{"taxonomy":"category","embeddable":true,"href":"https:\/\/elregionalvm.com.ar\/noticias-villa-maria\/wp-json\/wp\/v2\/categories?post=70598"},{"taxonomy":"post_tag","embeddable":true,"href":"https:\/\/elregionalvm.com.ar\/noticias-villa-maria\/wp-json\/wp\/v2\/tags?post=70598"}],"curies":[{"name":"wp","href":"https:\/\/api.w.org\/{rel}","templated":true}]}}