{"id":71379,"date":"2023-02-06T22:27:57","date_gmt":"2023-02-06T22:27:57","guid":{"rendered":"https:\/\/elregionalvm.com.ar\/noticias-villa-maria\/?p=71379"},"modified":"2023-02-06T22:27:58","modified_gmt":"2023-02-06T22:27:58","slug":"agrupacion-folklorica-bovo-entrego-la-revolucion-de-la-personeria-juridica","status":"publish","type":"post","link":"https:\/\/elregionalvm.com.ar\/noticias-villa-maria\/agrupacion-folklorica-bovo-entrego-la-revolucion-de-la-personeria-juridica\/","title":{"rendered":"Agrupaci\u00f3n Folkl\u00f3rica: Bovo entreg\u00f3 la revoluci\u00f3n de la personer\u00eda jur\u00eddica"},"content":{"rendered":"\n<h2 class=\"wp-block-heading\">El secretario de Comunicaciones de la Provincia de C\u00f3rdoba y titular de la ONG Red Ciudadana, Marcos Bovo, entreg\u00f3 la resoluci\u00f3n correspondiente que acredita la personer\u00eda jur\u00eddica a la Agrupaci\u00f3n Folkl\u00f3rica Villa Mar\u00eda.<\/h2>\n\n\n\n<p>En las \u00faltimas horas, el secretario de Comunicaciones de la provincia Marcos Bovo, junto a integrantes de Red Ciudadana, Alicia Gonzalez, Daniela Taddei y Noelia Macagno, entregaron al presidente de la Agrupaci\u00f3n Folkl\u00f3rica Villa Mar\u00eda, Walter Fernando Mola, la resoluci\u00f3n correspondiente que acredita a la mencionada instituci\u00f3n la designaci\u00f3n de las nuevas autoridades que quedaron oficialmente constitu\u00eddas.<\/p>\n\n\n\n<p><\/p>\n\n\n\n<p>La n\u00f3mina de autoridades qued\u00f3 establecida con las siguientes personas: Presidente Fernando Walter Mola, Vicepresidente Miriam Cavallari, Secretar\u00eda Valeria Hidalgo, Prosecretar\u00eda Lucila Colautti,Tesorer\u00eda Estefania Brochero, Protesorer\u00eda Maria Aimar, Vocal Hilda Garrido, Vocal Jesica Molgora, Vocal Maria D&#8217;alberto, Vocal suplente Ana Mar\u00eda Castro, Vocal suplente Teresa Crucianelli, Revisador de cuentas titular Hugo Artacho y Revisador de cuentas suplente, Gustavo Tacconi.<\/p>\n\n\n\n<p>En ese sentido, Mola sostuvo: \u201cAhora volvimos a tener la identidad legal que corresponde. Quiero agradecer a Marcos Bovo y a toda Red Ciudadana, por darnos una mano tan importante. A partir de hoy tenemos el DNI de la instituci\u00f3n\u201d.<\/p>\n\n\n\n<p>Por otro lado, Bovo habl\u00f3 sobre la importancia de las personer\u00edas jur\u00eddicas en las instituciones. \u201cEsto permite llevar y desempe\u00f1ar las tareas conforme que demandan los estatutos y la legislaci\u00f3n vigente. Estamos convencidos que fortaleciendo las instituciones vamos a contribuir al desarrollo de la ciudad\u201d, asever\u00f3 el titular de Red Ciudadana.<\/p>\n\n\n\n<p>Adem\u00e1s, agreg\u00f3: \u201cLa Agrupaci\u00f3n Folkl\u00f3rica tiene una rica historia en nuestra ciudad y contribuye a la formaci\u00f3n de las danzas t\u00edpicas desde hace m\u00e1s de cincuenta a\u00f1os y de cara al recorrido pe\u00f1ero est\u00e1n realizando con gran esfuerzo la \u2018Pe\u00f1a del Bailar\u00edn\u2019\u201d.<\/p>\n\n\n\n<p><strong>Sobre la Agrupaci\u00f3n Folkl\u00f3rica<\/strong><\/p>\n\n\n\n<p>Esta Instituci\u00f3n con gran historia en el aporte de la Identidad Nacional es fundada en 1967, cuando ante la invitaci\u00f3n de los organizadores del Festival de Pe\u00f1as, un grupo de academias de la ciudad decidieron juntarse. Este grupo de academias se conforma bajo el nombre de \u201cAgrupaci\u00f3n\u201d. Desde entonces hombres y mujeres identificados en promover la cultura nacional fueron construyendo su historia.<\/p>\n","protected":false},"excerpt":{"rendered":"<p>El secretario de Comunicaciones de la Provincia de C\u00f3rdoba y titular de la ONG Red Ciudadana, Marcos Bovo, entreg\u00f3 la resoluci\u00f3n correspondiente que acredita la personer\u00eda jur\u00eddica a la Agrupaci\u00f3n Folkl\u00f3rica Villa Mar\u00eda. En las \u00faltimas horas, el secretario de Comunicaciones de la provincia Marcos Bovo, junto a integrantes de Red Ciudadana, Alicia Gonzalez, Daniela [&hellip;]<\/p>\n","protected":false},"author":4,"featured_media":71380,"comment_status":"open","ping_status":"open","sticky":false,"template":"","format":"standard","meta":{"site-sidebar-layout":"default","site-content-layout":"","ast-site-content-layout":"default","site-content-style":"default","site-sidebar-style":"default","ast-global-header-display":"","ast-banner-title-visibility":"","ast-main-header-display":"","ast-hfb-above-header-display":"","ast-hfb-below-header-display":"","ast-hfb-mobile-header-display":"","site-post-title":"","ast-breadcrumbs-content":"","ast-featured-img":"","footer-sml-layout":"","ast-disable-related-posts":"","theme-transparent-header-meta":"","adv-header-id-meta":"","stick-header-meta":"","header-above-stick-meta":"","header-main-stick-meta":"","header-below-stick-meta":"","astra-migrate-meta-layouts":"default","ast-page-background-enabled":"default","ast-page-background-meta":{"desktop":{"background-color":"","background-image":"","background-repeat":"repeat","background-position":"center center","background-size":"auto","background-attachment":"scroll","background-type":"","background-media":"","overlay-type":"","overlay-color":"","overlay-opacity":"","overlay-gradient":""},"tablet":{"background-color":"","background-image":"","background-repeat":"repeat","background-position":"center center","background-size":"auto","background-attachment":"scroll","background-type":"","background-media":"","overlay-type":"","overlay-color":"","overlay-opacity":"","overlay-gradient":""},"mobile":{"background-color":"","background-image":"","background-repeat":"repeat","background-position":"center center","background-size":"auto","background-attachment":"scroll","background-type":"","background-media":"","overlay-type":"","overlay-color":"","overlay-opacity":"","overlay-gradient":""}},"ast-content-background-meta":{"desktop":{"background-color":"var(--ast-global-color-5)","background-image":"","background-repeat":"repeat","background-position":"center center","background-size":"auto","background-attachment":"scroll","background-type":"","background-media":"","overlay-type":"","overlay-color":"","overlay-opacity":"","overlay-gradient":""},"tablet":{"background-color":"var(--ast-global-color-5)","background-image":"","background-repeat":"repeat","background-position":"center center","background-size":"auto","background-attachment":"scroll","background-type":"","background-media":"","overlay-type":"","overlay-color":"","overlay-opacity":"","overlay-gradient":""},"mobile":{"background-color":"var(--ast-global-color-5)","background-image":"","background-repeat":"repeat","background-position":"center center","background-size":"auto","background-attachment":"scroll","background-type":"","background-media":"","overlay-type":"","overlay-color":"","overlay-opacity":"","overlay-gradient":""}},"_jetpack_memberships_contains_paid_content":false,"_joinchat":[],"footnotes":""},"categories":[1],"tags":[],"class_list":["post-71379","post","type-post","status-publish","format-standard","has-post-thumbnail","hentry","category-sin-categoria"],"yoast_head":"<!-- This site is optimized with the Yoast SEO plugin v26.8 - https:\/\/yoast.com\/product\/yoast-seo-wordpress\/ -->\n<title>Agrupaci\u00f3n Folkl\u00f3rica: Bovo entreg\u00f3 la revoluci\u00f3n de la personer\u00eda jur\u00eddica - El Regional<\/title>\n<meta name=\"robots\" content=\"index, follow, max-snippet:-1, max-image-preview:large, max-video-preview:-1\" \/>\n<link rel=\"canonical\" href=\"http:\/\/elregionalvm.com.ar\/noticias-villa-maria\/agrupacion-folklorica-bovo-entrego-la-revolucion-de-la-personeria-juridica\/\" \/>\n<meta property=\"og:locale\" content=\"es_ES\" \/>\n<meta property=\"og:type\" content=\"article\" \/>\n<meta property=\"og:title\" content=\"Agrupaci\u00f3n Folkl\u00f3rica: Bovo entreg\u00f3 la revoluci\u00f3n de la personer\u00eda jur\u00eddica - El Regional\" \/>\n<meta property=\"og:description\" content=\"El secretario de Comunicaciones de la Provincia de C\u00f3rdoba y titular de la ONG Red Ciudadana, Marcos Bovo, entreg\u00f3 la resoluci\u00f3n correspondiente que acredita la personer\u00eda jur\u00eddica a la Agrupaci\u00f3n Folkl\u00f3rica Villa Mar\u00eda. En las \u00faltimas horas, el secretario de Comunicaciones de la provincia Marcos Bovo, junto a integrantes de Red Ciudadana, Alicia Gonzalez, Daniela [&hellip;]\" \/>\n<meta property=\"og:url\" content=\"http:\/\/elregionalvm.com.ar\/noticias-villa-maria\/agrupacion-folklorica-bovo-entrego-la-revolucion-de-la-personeria-juridica\/\" \/>\n<meta property=\"og:site_name\" content=\"El Regional\" \/>\n<meta property=\"article:publisher\" content=\"https:\/\/www.facebook.com\/elregionalvm\" \/>\n<meta property=\"article:published_time\" content=\"2023-02-06T22:27:57+00:00\" \/>\n<meta property=\"article:modified_time\" content=\"2023-02-06T22:27:58+00:00\" \/>\n<meta property=\"og:image\" content=\"http:\/\/elregionalvm.com.ar\/noticias-villa-maria\/wp-content\/uploads\/2023\/02\/agrupacion-folklorica.jpg\" \/>\n\t<meta property=\"og:image:width\" content=\"900\" \/>\n\t<meta property=\"og:image:height\" content=\"506\" \/>\n\t<meta property=\"og:image:type\" content=\"image\/jpeg\" \/>\n<meta name=\"author\" content=\"Contenidos El Regional\" \/>\n<meta name=\"twitter:card\" content=\"summary_large_image\" \/>\n<meta name=\"twitter:creator\" content=\"@elregionalvm1\" \/>\n<meta name=\"twitter:site\" content=\"@elregionalvm1\" \/>\n<meta name=\"twitter:label1\" content=\"Escrito por\" \/>\n\t<meta name=\"twitter:data1\" content=\"Contenidos El Regional\" \/>\n\t<meta name=\"twitter:label2\" content=\"Tiempo de lectura\" \/>\n\t<meta name=\"twitter:data2\" content=\"2 minutos\" \/>\n<script type=\"application\/ld+json\" class=\"yoast-schema-graph\">{\"@context\":\"https:\/\/schema.org\",\"@graph\":[{\"@type\":\"Article\",\"@id\":\"http:\/\/elregionalvm.com.ar\/noticias-villa-maria\/agrupacion-folklorica-bovo-entrego-la-revolucion-de-la-personeria-juridica\/#article\",\"isPartOf\":{\"@id\":\"http:\/\/elregionalvm.com.ar\/noticias-villa-maria\/agrupacion-folklorica-bovo-entrego-la-revolucion-de-la-personeria-juridica\/\"},\"author\":{\"name\":\"Contenidos El Regional\",\"@id\":\"http:\/\/elregionalvm.com.ar\/noticias-villa-maria\/#\/schema\/person\/a0fb9c422317faca23d50163151bc354\"},\"headline\":\"Agrupaci\u00f3n Folkl\u00f3rica: Bovo entreg\u00f3 la revoluci\u00f3n de la personer\u00eda jur\u00eddica\",\"datePublished\":\"2023-02-06T22:27:57+00:00\",\"dateModified\":\"2023-02-06T22:27:58+00:00\",\"mainEntityOfPage\":{\"@id\":\"http:\/\/elregionalvm.com.ar\/noticias-villa-maria\/agrupacion-folklorica-bovo-entrego-la-revolucion-de-la-personeria-juridica\/\"},\"wordCount\":406,\"commentCount\":0,\"image\":{\"@id\":\"http:\/\/elregionalvm.com.ar\/noticias-villa-maria\/agrupacion-folklorica-bovo-entrego-la-revolucion-de-la-personeria-juridica\/#primaryimage\"},\"thumbnailUrl\":\"https:\/\/i0.wp.com\/elregionalvm.com.ar\/noticias-villa-maria\/wp-content\/uploads\/2023\/02\/agrupacion-folklorica.jpg?fit=900%2C506&ssl=1\",\"inLanguage\":\"es\",\"potentialAction\":[{\"@type\":\"CommentAction\",\"name\":\"Comment\",\"target\":[\"http:\/\/elregionalvm.com.ar\/noticias-villa-maria\/agrupacion-folklorica-bovo-entrego-la-revolucion-de-la-personeria-juridica\/#respond\"]}]},{\"@type\":\"WebPage\",\"@id\":\"http:\/\/elregionalvm.com.ar\/noticias-villa-maria\/agrupacion-folklorica-bovo-entrego-la-revolucion-de-la-personeria-juridica\/\",\"url\":\"http:\/\/elregionalvm.com.ar\/noticias-villa-maria\/agrupacion-folklorica-bovo-entrego-la-revolucion-de-la-personeria-juridica\/\",\"name\":\"Agrupaci\u00f3n Folkl\u00f3rica: Bovo entreg\u00f3 la revoluci\u00f3n de la personer\u00eda jur\u00eddica - El Regional\",\"isPartOf\":{\"@id\":\"http:\/\/elregionalvm.com.ar\/noticias-villa-maria\/#website\"},\"primaryImageOfPage\":{\"@id\":\"http:\/\/elregionalvm.com.ar\/noticias-villa-maria\/agrupacion-folklorica-bovo-entrego-la-revolucion-de-la-personeria-juridica\/#primaryimage\"},\"image\":{\"@id\":\"http:\/\/elregionalvm.com.ar\/noticias-villa-maria\/agrupacion-folklorica-bovo-entrego-la-revolucion-de-la-personeria-juridica\/#primaryimage\"},\"thumbnailUrl\":\"https:\/\/i0.wp.com\/elregionalvm.com.ar\/noticias-villa-maria\/wp-content\/uploads\/2023\/02\/agrupacion-folklorica.jpg?fit=900%2C506&ssl=1\",\"datePublished\":\"2023-02-06T22:27:57+00:00\",\"dateModified\":\"2023-02-06T22:27:58+00:00\",\"author\":{\"@id\":\"http:\/\/elregionalvm.com.ar\/noticias-villa-maria\/#\/schema\/person\/a0fb9c422317faca23d50163151bc354\"},\"breadcrumb\":{\"@id\":\"http:\/\/elregionalvm.com.ar\/noticias-villa-maria\/agrupacion-folklorica-bovo-entrego-la-revolucion-de-la-personeria-juridica\/#breadcrumb\"},\"inLanguage\":\"es\",\"potentialAction\":[{\"@type\":\"ReadAction\",\"target\":[\"http:\/\/elregionalvm.com.ar\/noticias-villa-maria\/agrupacion-folklorica-bovo-entrego-la-revolucion-de-la-personeria-juridica\/\"]}]},{\"@type\":\"ImageObject\",\"inLanguage\":\"es\",\"@id\":\"http:\/\/elregionalvm.com.ar\/noticias-villa-maria\/agrupacion-folklorica-bovo-entrego-la-revolucion-de-la-personeria-juridica\/#primaryimage\",\"url\":\"https:\/\/i0.wp.com\/elregionalvm.com.ar\/noticias-villa-maria\/wp-content\/uploads\/2023\/02\/agrupacion-folklorica.jpg?fit=900%2C506&ssl=1\",\"contentUrl\":\"https:\/\/i0.wp.com\/elregionalvm.com.ar\/noticias-villa-maria\/wp-content\/uploads\/2023\/02\/agrupacion-folklorica.jpg?fit=900%2C506&ssl=1\",\"width\":900,\"height\":506},{\"@type\":\"BreadcrumbList\",\"@id\":\"http:\/\/elregionalvm.com.ar\/noticias-villa-maria\/agrupacion-folklorica-bovo-entrego-la-revolucion-de-la-personeria-juridica\/#breadcrumb\",\"itemListElement\":[{\"@type\":\"ListItem\",\"position\":1,\"name\":\"Portada\",\"item\":\"https:\/\/elregionalvm.com.ar\/noticias-villa-maria\/\"},{\"@type\":\"ListItem\",\"position\":2,\"name\":\"Agrupaci\u00f3n Folkl\u00f3rica: Bovo entreg\u00f3 la revoluci\u00f3n de la personer\u00eda jur\u00eddica\"}]},{\"@type\":\"WebSite\",\"@id\":\"http:\/\/elregionalvm.com.ar\/noticias-villa-maria\/#website\",\"url\":\"http:\/\/elregionalvm.com.ar\/noticias-villa-maria\/\",\"name\":\"El Regional\",\"description\":\"Mucho m\u00e1s que informaci\u00f3n\",\"potentialAction\":[{\"@type\":\"SearchAction\",\"target\":{\"@type\":\"EntryPoint\",\"urlTemplate\":\"http:\/\/elregionalvm.com.ar\/noticias-villa-maria\/?s={search_term_string}\"},\"query-input\":{\"@type\":\"PropertyValueSpecification\",\"valueRequired\":true,\"valueName\":\"search_term_string\"}}],\"inLanguage\":\"es\"},{\"@type\":\"Person\",\"@id\":\"http:\/\/elregionalvm.com.ar\/noticias-villa-maria\/#\/schema\/person\/a0fb9c422317faca23d50163151bc354\",\"name\":\"Contenidos El Regional\",\"image\":{\"@type\":\"ImageObject\",\"inLanguage\":\"es\",\"@id\":\"http:\/\/elregionalvm.com.ar\/noticias-villa-maria\/#\/schema\/person\/image\/\",\"url\":\"https:\/\/secure.gravatar.com\/avatar\/265b27cb2209af7bb3a1318f03305787d7981a5cc6e6cd08fe5a4ecdf99d4b48?s=96&d=mm&r=g\",\"contentUrl\":\"https:\/\/secure.gravatar.com\/avatar\/265b27cb2209af7bb3a1318f03305787d7981a5cc6e6cd08fe5a4ecdf99d4b48?s=96&d=mm&r=g\",\"caption\":\"Contenidos El Regional\"},\"url\":\"https:\/\/elregionalvm.com.ar\/noticias-villa-maria\/author\/contenido\/\"}]}<\/script>\n<!-- \/ Yoast SEO plugin. -->","yoast_head_json":{"title":"Agrupaci\u00f3n Folkl\u00f3rica: Bovo entreg\u00f3 la revoluci\u00f3n de la personer\u00eda jur\u00eddica - El Regional","robots":{"index":"index","follow":"follow","max-snippet":"max-snippet:-1","max-image-preview":"max-image-preview:large","max-video-preview":"max-video-preview:-1"},"canonical":"http:\/\/elregionalvm.com.ar\/noticias-villa-maria\/agrupacion-folklorica-bovo-entrego-la-revolucion-de-la-personeria-juridica\/","og_locale":"es_ES","og_type":"article","og_title":"Agrupaci\u00f3n Folkl\u00f3rica: Bovo entreg\u00f3 la revoluci\u00f3n de la personer\u00eda jur\u00eddica - El Regional","og_description":"El secretario de Comunicaciones de la Provincia de C\u00f3rdoba y titular de la ONG Red Ciudadana, Marcos Bovo, entreg\u00f3 la resoluci\u00f3n correspondiente que acredita la personer\u00eda jur\u00eddica a la Agrupaci\u00f3n Folkl\u00f3rica Villa Mar\u00eda. En las \u00faltimas horas, el secretario de Comunicaciones de la provincia Marcos Bovo, junto a integrantes de Red Ciudadana, Alicia Gonzalez, Daniela [&hellip;]","og_url":"http:\/\/elregionalvm.com.ar\/noticias-villa-maria\/agrupacion-folklorica-bovo-entrego-la-revolucion-de-la-personeria-juridica\/","og_site_name":"El Regional","article_publisher":"https:\/\/www.facebook.com\/elregionalvm","article_published_time":"2023-02-06T22:27:57+00:00","article_modified_time":"2023-02-06T22:27:58+00:00","og_image":[{"width":900,"height":506,"url":"http:\/\/elregionalvm.com.ar\/noticias-villa-maria\/wp-content\/uploads\/2023\/02\/agrupacion-folklorica.jpg","type":"image\/jpeg"}],"author":"Contenidos El Regional","twitter_card":"summary_large_image","twitter_creator":"@elregionalvm1","twitter_site":"@elregionalvm1","twitter_misc":{"Escrito por":"Contenidos El Regional","Tiempo de lectura":"2 minutos"},"schema":{"@context":"https:\/\/schema.org","@graph":[{"@type":"Article","@id":"http:\/\/elregionalvm.com.ar\/noticias-villa-maria\/agrupacion-folklorica-bovo-entrego-la-revolucion-de-la-personeria-juridica\/#article","isPartOf":{"@id":"http:\/\/elregionalvm.com.ar\/noticias-villa-maria\/agrupacion-folklorica-bovo-entrego-la-revolucion-de-la-personeria-juridica\/"},"author":{"name":"Contenidos El Regional","@id":"http:\/\/elregionalvm.com.ar\/noticias-villa-maria\/#\/schema\/person\/a0fb9c422317faca23d50163151bc354"},"headline":"Agrupaci\u00f3n Folkl\u00f3rica: Bovo entreg\u00f3 la revoluci\u00f3n de la personer\u00eda jur\u00eddica","datePublished":"2023-02-06T22:27:57+00:00","dateModified":"2023-02-06T22:27:58+00:00","mainEntityOfPage":{"@id":"http:\/\/elregionalvm.com.ar\/noticias-villa-maria\/agrupacion-folklorica-bovo-entrego-la-revolucion-de-la-personeria-juridica\/"},"wordCount":406,"commentCount":0,"image":{"@id":"http:\/\/elregionalvm.com.ar\/noticias-villa-maria\/agrupacion-folklorica-bovo-entrego-la-revolucion-de-la-personeria-juridica\/#primaryimage"},"thumbnailUrl":"https:\/\/i0.wp.com\/elregionalvm.com.ar\/noticias-villa-maria\/wp-content\/uploads\/2023\/02\/agrupacion-folklorica.jpg?fit=900%2C506&ssl=1","inLanguage":"es","potentialAction":[{"@type":"CommentAction","name":"Comment","target":["http:\/\/elregionalvm.com.ar\/noticias-villa-maria\/agrupacion-folklorica-bovo-entrego-la-revolucion-de-la-personeria-juridica\/#respond"]}]},{"@type":"WebPage","@id":"http:\/\/elregionalvm.com.ar\/noticias-villa-maria\/agrupacion-folklorica-bovo-entrego-la-revolucion-de-la-personeria-juridica\/","url":"http:\/\/elregionalvm.com.ar\/noticias-villa-maria\/agrupacion-folklorica-bovo-entrego-la-revolucion-de-la-personeria-juridica\/","name":"Agrupaci\u00f3n Folkl\u00f3rica: Bovo entreg\u00f3 la revoluci\u00f3n de la personer\u00eda jur\u00eddica - El Regional","isPartOf":{"@id":"http:\/\/elregionalvm.com.ar\/noticias-villa-maria\/#website"},"primaryImageOfPage":{"@id":"http:\/\/elregionalvm.com.ar\/noticias-villa-maria\/agrupacion-folklorica-bovo-entrego-la-revolucion-de-la-personeria-juridica\/#primaryimage"},"image":{"@id":"http:\/\/elregionalvm.com.ar\/noticias-villa-maria\/agrupacion-folklorica-bovo-entrego-la-revolucion-de-la-personeria-juridica\/#primaryimage"},"thumbnailUrl":"https:\/\/i0.wp.com\/elregionalvm.com.ar\/noticias-villa-maria\/wp-content\/uploads\/2023\/02\/agrupacion-folklorica.jpg?fit=900%2C506&ssl=1","datePublished":"2023-02-06T22:27:57+00:00","dateModified":"2023-02-06T22:27:58+00:00","author":{"@id":"http:\/\/elregionalvm.com.ar\/noticias-villa-maria\/#\/schema\/person\/a0fb9c422317faca23d50163151bc354"},"breadcrumb":{"@id":"http:\/\/elregionalvm.com.ar\/noticias-villa-maria\/agrupacion-folklorica-bovo-entrego-la-revolucion-de-la-personeria-juridica\/#breadcrumb"},"inLanguage":"es","potentialAction":[{"@type":"ReadAction","target":["http:\/\/elregionalvm.com.ar\/noticias-villa-maria\/agrupacion-folklorica-bovo-entrego-la-revolucion-de-la-personeria-juridica\/"]}]},{"@type":"ImageObject","inLanguage":"es","@id":"http:\/\/elregionalvm.com.ar\/noticias-villa-maria\/agrupacion-folklorica-bovo-entrego-la-revolucion-de-la-personeria-juridica\/#primaryimage","url":"https:\/\/i0.wp.com\/elregionalvm.com.ar\/noticias-villa-maria\/wp-content\/uploads\/2023\/02\/agrupacion-folklorica.jpg?fit=900%2C506&ssl=1","contentUrl":"https:\/\/i0.wp.com\/elregionalvm.com.ar\/noticias-villa-maria\/wp-content\/uploads\/2023\/02\/agrupacion-folklorica.jpg?fit=900%2C506&ssl=1","width":900,"height":506},{"@type":"BreadcrumbList","@id":"http:\/\/elregionalvm.com.ar\/noticias-villa-maria\/agrupacion-folklorica-bovo-entrego-la-revolucion-de-la-personeria-juridica\/#breadcrumb","itemListElement":[{"@type":"ListItem","position":1,"name":"Portada","item":"https:\/\/elregionalvm.com.ar\/noticias-villa-maria\/"},{"@type":"ListItem","position":2,"name":"Agrupaci\u00f3n Folkl\u00f3rica: Bovo entreg\u00f3 la revoluci\u00f3n de la personer\u00eda jur\u00eddica"}]},{"@type":"WebSite","@id":"http:\/\/elregionalvm.com.ar\/noticias-villa-maria\/#website","url":"http:\/\/elregionalvm.com.ar\/noticias-villa-maria\/","name":"El Regional","description":"Mucho m\u00e1s que informaci\u00f3n","potentialAction":[{"@type":"SearchAction","target":{"@type":"EntryPoint","urlTemplate":"http:\/\/elregionalvm.com.ar\/noticias-villa-maria\/?s={search_term_string}"},"query-input":{"@type":"PropertyValueSpecification","valueRequired":true,"valueName":"search_term_string"}}],"inLanguage":"es"},{"@type":"Person","@id":"http:\/\/elregionalvm.com.ar\/noticias-villa-maria\/#\/schema\/person\/a0fb9c422317faca23d50163151bc354","name":"Contenidos El Regional","image":{"@type":"ImageObject","inLanguage":"es","@id":"http:\/\/elregionalvm.com.ar\/noticias-villa-maria\/#\/schema\/person\/image\/","url":"https:\/\/secure.gravatar.com\/avatar\/265b27cb2209af7bb3a1318f03305787d7981a5cc6e6cd08fe5a4ecdf99d4b48?s=96&d=mm&r=g","contentUrl":"https:\/\/secure.gravatar.com\/avatar\/265b27cb2209af7bb3a1318f03305787d7981a5cc6e6cd08fe5a4ecdf99d4b48?s=96&d=mm&r=g","caption":"Contenidos El Regional"},"url":"https:\/\/elregionalvm.com.ar\/noticias-villa-maria\/author\/contenido\/"}]}},"jetpack_featured_media_url":"https:\/\/i0.wp.com\/elregionalvm.com.ar\/noticias-villa-maria\/wp-content\/uploads\/2023\/02\/agrupacion-folklorica.jpg?fit=900%2C506&ssl=1","jetpack_sharing_enabled":true,"_links":{"self":[{"href":"https:\/\/elregionalvm.com.ar\/noticias-villa-maria\/wp-json\/wp\/v2\/posts\/71379","targetHints":{"allow":["GET"]}}],"collection":[{"href":"https:\/\/elregionalvm.com.ar\/noticias-villa-maria\/wp-json\/wp\/v2\/posts"}],"about":[{"href":"https:\/\/elregionalvm.com.ar\/noticias-villa-maria\/wp-json\/wp\/v2\/types\/post"}],"author":[{"embeddable":true,"href":"https:\/\/elregionalvm.com.ar\/noticias-villa-maria\/wp-json\/wp\/v2\/users\/4"}],"replies":[{"embeddable":true,"href":"https:\/\/elregionalvm.com.ar\/noticias-villa-maria\/wp-json\/wp\/v2\/comments?post=71379"}],"version-history":[{"count":1,"href":"https:\/\/elregionalvm.com.ar\/noticias-villa-maria\/wp-json\/wp\/v2\/posts\/71379\/revisions"}],"predecessor-version":[{"id":71381,"href":"https:\/\/elregionalvm.com.ar\/noticias-villa-maria\/wp-json\/wp\/v2\/posts\/71379\/revisions\/71381"}],"wp:featuredmedia":[{"embeddable":true,"href":"https:\/\/elregionalvm.com.ar\/noticias-villa-maria\/wp-json\/wp\/v2\/media\/71380"}],"wp:attachment":[{"href":"https:\/\/elregionalvm.com.ar\/noticias-villa-maria\/wp-json\/wp\/v2\/media?parent=71379"}],"wp:term":[{"taxonomy":"category","embeddable":true,"href":"https:\/\/elregionalvm.com.ar\/noticias-villa-maria\/wp-json\/wp\/v2\/categories?post=71379"},{"taxonomy":"post_tag","embeddable":true,"href":"https:\/\/elregionalvm.com.ar\/noticias-villa-maria\/wp-json\/wp\/v2\/tags?post=71379"}],"curies":[{"name":"wp","href":"https:\/\/api.w.org\/{rel}","templated":true}]}}