{"id":71387,"date":"2023-02-07T02:07:45","date_gmt":"2023-02-07T02:07:45","guid":{"rendered":"https:\/\/elregionalvm.com.ar\/noticias-villa-maria\/?p=71387"},"modified":"2023-02-07T02:07:47","modified_gmt":"2023-02-07T02:07:47","slug":"dos-sargentos-de-la-policia-tras-las-rejas-por-provocar-lesiones-a-una-mujer-a-la-que-habian-detenido","status":"publish","type":"post","link":"https:\/\/elregionalvm.com.ar\/noticias-villa-maria\/dos-sargentos-de-la-policia-tras-las-rejas-por-provocar-lesiones-a-una-mujer-a-la-que-habian-detenido\/","title":{"rendered":"Dos sargentos de la Polic\u00eda tras las rejas por provocar lesiones a una mujer a la que hab\u00edan detenido"},"content":{"rendered":"\n<p><\/p>\n\n\n\n<p>Dos efectivos policiales, uno sargento ayudante y el otro sargento primero, fueron detenidos por personal de la fuerza acusados de los delitos de vejaciones y da\u00f1o.<\/p>\n\n\n\n<p>A los uniformados que pertenecen a la Unidad Departamental Gral. San Mart\u00edn tambi\u00e9n se les secuestr\u00f3 los tel\u00e9fonos celulares y sus armas reglamentarias fueron puestas a resguardo preventivo.<\/p>\n\n\n\n<p><\/p>\n\n\n\n<figure class=\"wp-block-image size-full\"><img data-recalc-dims=\"1\" fetchpriority=\"high\" decoding=\"async\" width=\"1000\" height=\"600\" src=\"https:\/\/i0.wp.com\/elregionalvm.com.ar\/noticias-villa-maria\/wp-content\/uploads\/2021\/04\/patrullero-cba.jpg?resize=1000%2C600&#038;ssl=1\" alt=\"\" class=\"wp-image-35211\" srcset=\"https:\/\/i0.wp.com\/elregionalvm.com.ar\/noticias-villa-maria\/wp-content\/uploads\/2021\/04\/patrullero-cba.jpg?w=1000&amp;ssl=1 1000w, https:\/\/i0.wp.com\/elregionalvm.com.ar\/noticias-villa-maria\/wp-content\/uploads\/2021\/04\/patrullero-cba.jpg?resize=300%2C180&amp;ssl=1 300w, https:\/\/i0.wp.com\/elregionalvm.com.ar\/noticias-villa-maria\/wp-content\/uploads\/2021\/04\/patrullero-cba.jpg?resize=768%2C461&amp;ssl=1 768w\" sizes=\"(max-width: 1000px) 100vw, 1000px\" \/><\/figure>\n\n\n\n<p><\/p>\n\n\n\n<p>Las aprehensiones se produjeron en el marco de las actuaciones iniciadas por las lesiones recibidas por una mujer de 25 a\u00f1os, que hab\u00eda sido detenida en Villa Nueva por la supuesta autor\u00eda del delito de resistencia a la autoridad.<\/p>\n\n\n\n<p>Seg\u00fan inform\u00f3 la Polic\u00eda, se pudo establecer \u201cpor certificados m\u00e9dicos y testimonios recepcionados un uso desmedido de la fuerza en el accionar de estos funcionarios\u201d.<\/p>\n\n\n\n<p>Interviene la Fiscal\u00eda de Segundo Turno, a cargo de Juliana Companys.<\/p>\n\n\n\n<p><\/p>\n\n\n\n<p><\/p>\n\n\n\n<p><strong>Tambi\u00e9n pod\u00e9s ver:<\/strong><\/p>\n\n\n\n<p><\/p>\n\n\n\n<p><\/p>\n\n\n\n<figure class=\"wp-block-embed is-type-wp-embed is-provider-el-regional wp-block-embed-el-regional\"><div class=\"wp-block-embed__wrapper\">\n<blockquote class=\"wp-embedded-content\" data-secret=\"Y4HeBuLfXL\"><a href=\"https:\/\/elregionalvm.com.ar\/noticias-villa-maria\/violentos-asi-destrozaban-saqueaban-y-golpeaban-en-villa-maria-barras-de-atenas-de-rio-cuarto-video\/\">Violentos: As\u00ed destrozaban, saqueaban y golpeaban en Villa Mar\u00eda barras de Atenas de R\u00edo Cuarto [VIDEO]<\/a><\/blockquote><iframe class=\"wp-embedded-content\" sandbox=\"allow-scripts\" security=\"restricted\" style=\"position: absolute; visibility: hidden;\" title=\"\u00abViolentos: As\u00ed destrozaban, saqueaban y golpeaban en Villa Mar\u00eda barras de Atenas de R\u00edo Cuarto [VIDEO]\u00bb \u2014 El Regional\" src=\"https:\/\/elregionalvm.com.ar\/noticias-villa-maria\/violentos-asi-destrozaban-saqueaban-y-golpeaban-en-villa-maria-barras-de-atenas-de-rio-cuarto-video\/embed\/#?secret=1Xjg4RGvgq#?secret=Y4HeBuLfXL\" data-secret=\"Y4HeBuLfXL\" width=\"500\" height=\"282\" frameborder=\"0\" marginwidth=\"0\" marginheight=\"0\" scrolling=\"no\"><\/iframe>\n<\/div><\/figure>\n","protected":false},"excerpt":{"rendered":"<p>Dos efectivos policiales, uno sargento ayudante y el otro sargento primero, fueron detenidos por personal de la fuerza acusados de los delitos de vejaciones y da\u00f1o. A los uniformados que pertenecen a la Unidad Departamental Gral. San Mart\u00edn tambi\u00e9n se les secuestr\u00f3 los tel\u00e9fonos celulares y sus armas reglamentarias fueron puestas a resguardo preventivo. Las [&hellip;]<\/p>\n","protected":false},"author":4,"featured_media":57987,"comment_status":"open","ping_status":"open","sticky":false,"template":"","format":"standard","meta":{"site-sidebar-layout":"default","site-content-layout":"","ast-site-content-layout":"default","site-content-style":"default","site-sidebar-style":"default","ast-global-header-display":"","ast-banner-title-visibility":"","ast-main-header-display":"","ast-hfb-above-header-display":"","ast-hfb-below-header-display":"","ast-hfb-mobile-header-display":"","site-post-title":"","ast-breadcrumbs-content":"","ast-featured-img":"","footer-sml-layout":"","ast-disable-related-posts":"","theme-transparent-header-meta":"","adv-header-id-meta":"","stick-header-meta":"","header-above-stick-meta":"","header-main-stick-meta":"","header-below-stick-meta":"","astra-migrate-meta-layouts":"default","ast-page-background-enabled":"default","ast-page-background-meta":{"desktop":{"background-color":"","background-image":"","background-repeat":"repeat","background-position":"center center","background-size":"auto","background-attachment":"scroll","background-type":"","background-media":"","overlay-type":"","overlay-color":"","overlay-opacity":"","overlay-gradient":""},"tablet":{"background-color":"","background-image":"","background-repeat":"repeat","background-position":"center center","background-size":"auto","background-attachment":"scroll","background-type":"","background-media":"","overlay-type":"","overlay-color":"","overlay-opacity":"","overlay-gradient":""},"mobile":{"background-color":"","background-image":"","background-repeat":"repeat","background-position":"center center","background-size":"auto","background-attachment":"scroll","background-type":"","background-media":"","overlay-type":"","overlay-color":"","overlay-opacity":"","overlay-gradient":""}},"ast-content-background-meta":{"desktop":{"background-color":"var(--ast-global-color-5)","background-image":"","background-repeat":"repeat","background-position":"center center","background-size":"auto","background-attachment":"scroll","background-type":"","background-media":"","overlay-type":"","overlay-color":"","overlay-opacity":"","overlay-gradient":""},"tablet":{"background-color":"var(--ast-global-color-5)","background-image":"","background-repeat":"repeat","background-position":"center center","background-size":"auto","background-attachment":"scroll","background-type":"","background-media":"","overlay-type":"","overlay-color":"","overlay-opacity":"","overlay-gradient":""},"mobile":{"background-color":"var(--ast-global-color-5)","background-image":"","background-repeat":"repeat","background-position":"center center","background-size":"auto","background-attachment":"scroll","background-type":"","background-media":"","overlay-type":"","overlay-color":"","overlay-opacity":"","overlay-gradient":""}},"_jetpack_memberships_contains_paid_content":false,"_joinchat":[],"footnotes":""},"categories":[15302,2234,2],"tags":[2487,2337,741,13922,21717,21718,21716,232],"class_list":["post-71387","post","type-post","status-publish","format-standard","has-post-thumbnail","hentry","category-destacado","category-policiales","category-villa-maria","tag-lesiones","tag-mujer-detenida","tag-policiales","tag-policias-detenidos","tag-sargento","tag-uso-desmedido-de-la-fuerza","tag-vejacion","tag-villa-nueva"],"yoast_head":"<!-- This site is optimized with the Yoast SEO plugin v26.8 - https:\/\/yoast.com\/product\/yoast-seo-wordpress\/ -->\n<title>Dos sargentos de la Polic\u00eda tras las rejas por provocar lesiones a una mujer a la que hab\u00edan detenido - El Regional<\/title>\n<meta name=\"robots\" content=\"index, follow, max-snippet:-1, max-image-preview:large, max-video-preview:-1\" \/>\n<link rel=\"canonical\" href=\"http:\/\/elregionalvm.com.ar\/noticias-villa-maria\/dos-sargentos-de-la-policia-tras-las-rejas-por-provocar-lesiones-a-una-mujer-a-la-que-habian-detenido\/\" \/>\n<meta property=\"og:locale\" content=\"es_ES\" \/>\n<meta property=\"og:type\" content=\"article\" \/>\n<meta property=\"og:title\" content=\"Dos sargentos de la Polic\u00eda tras las rejas por provocar lesiones a una mujer a la que hab\u00edan detenido - El Regional\" \/>\n<meta property=\"og:description\" content=\"Dos efectivos policiales, uno sargento ayudante y el otro sargento primero, fueron detenidos por personal de la fuerza acusados de los delitos de vejaciones y da\u00f1o. A los uniformados que pertenecen a la Unidad Departamental Gral. San Mart\u00edn tambi\u00e9n se les secuestr\u00f3 los tel\u00e9fonos celulares y sus armas reglamentarias fueron puestas a resguardo preventivo. Las [&hellip;]\" \/>\n<meta property=\"og:url\" content=\"http:\/\/elregionalvm.com.ar\/noticias-villa-maria\/dos-sargentos-de-la-policia-tras-las-rejas-por-provocar-lesiones-a-una-mujer-a-la-que-habian-detenido\/\" \/>\n<meta property=\"og:site_name\" content=\"El Regional\" \/>\n<meta property=\"article:publisher\" content=\"https:\/\/www.facebook.com\/elregionalvm\" \/>\n<meta property=\"article:published_time\" content=\"2023-02-07T02:07:45+00:00\" \/>\n<meta property=\"article:modified_time\" content=\"2023-02-07T02:07:47+00:00\" \/>\n<meta property=\"og:image\" content=\"http:\/\/elregionalvm.com.ar\/noticias-villa-maria\/wp-content\/uploads\/2022\/05\/policia-3.jpeg\" \/>\n\t<meta property=\"og:image:width\" content=\"960\" \/>\n\t<meta property=\"og:image:height\" content=\"540\" \/>\n\t<meta property=\"og:image:type\" content=\"image\/jpeg\" \/>\n<meta name=\"author\" content=\"Contenidos El Regional\" \/>\n<meta name=\"twitter:card\" content=\"summary_large_image\" \/>\n<meta name=\"twitter:creator\" content=\"@elregionalvm1\" \/>\n<meta name=\"twitter:site\" content=\"@elregionalvm1\" \/>\n<meta name=\"twitter:label1\" content=\"Escrito por\" \/>\n\t<meta name=\"twitter:data1\" content=\"Contenidos El Regional\" \/>\n\t<meta name=\"twitter:label2\" content=\"Tiempo de lectura\" \/>\n\t<meta name=\"twitter:data2\" content=\"1 minuto\" \/>\n<script type=\"application\/ld+json\" class=\"yoast-schema-graph\">{\"@context\":\"https:\/\/schema.org\",\"@graph\":[{\"@type\":\"Article\",\"@id\":\"http:\/\/elregionalvm.com.ar\/noticias-villa-maria\/dos-sargentos-de-la-policia-tras-las-rejas-por-provocar-lesiones-a-una-mujer-a-la-que-habian-detenido\/#article\",\"isPartOf\":{\"@id\":\"http:\/\/elregionalvm.com.ar\/noticias-villa-maria\/dos-sargentos-de-la-policia-tras-las-rejas-por-provocar-lesiones-a-una-mujer-a-la-que-habian-detenido\/\"},\"author\":{\"name\":\"Contenidos El Regional\",\"@id\":\"http:\/\/elregionalvm.com.ar\/noticias-villa-maria\/#\/schema\/person\/a0fb9c422317faca23d50163151bc354\"},\"headline\":\"Dos sargentos de la Polic\u00eda tras las rejas por provocar lesiones a una mujer a la que hab\u00edan detenido\",\"datePublished\":\"2023-02-07T02:07:45+00:00\",\"dateModified\":\"2023-02-07T02:07:47+00:00\",\"mainEntityOfPage\":{\"@id\":\"http:\/\/elregionalvm.com.ar\/noticias-villa-maria\/dos-sargentos-de-la-policia-tras-las-rejas-por-provocar-lesiones-a-una-mujer-a-la-que-habian-detenido\/\"},\"wordCount\":171,\"commentCount\":0,\"image\":{\"@id\":\"http:\/\/elregionalvm.com.ar\/noticias-villa-maria\/dos-sargentos-de-la-policia-tras-las-rejas-por-provocar-lesiones-a-una-mujer-a-la-que-habian-detenido\/#primaryimage\"},\"thumbnailUrl\":\"https:\/\/i0.wp.com\/elregionalvm.com.ar\/noticias-villa-maria\/wp-content\/uploads\/2022\/05\/policia-3.jpeg?fit=960%2C540&ssl=1\",\"keywords\":[\"lesiones\",\"mujer detenida\",\"Policiales\",\"polic\u00edas detenidos\",\"sargento\",\"uso desmedido de la fuerza\",\"vejaci\u00f3n\",\"VILLA NUEVA\"],\"articleSection\":[\"destacado\",\"Policiales\",\"Villa Mar\u00eda\"],\"inLanguage\":\"es\",\"potentialAction\":[{\"@type\":\"CommentAction\",\"name\":\"Comment\",\"target\":[\"http:\/\/elregionalvm.com.ar\/noticias-villa-maria\/dos-sargentos-de-la-policia-tras-las-rejas-por-provocar-lesiones-a-una-mujer-a-la-que-habian-detenido\/#respond\"]}]},{\"@type\":\"WebPage\",\"@id\":\"http:\/\/elregionalvm.com.ar\/noticias-villa-maria\/dos-sargentos-de-la-policia-tras-las-rejas-por-provocar-lesiones-a-una-mujer-a-la-que-habian-detenido\/\",\"url\":\"http:\/\/elregionalvm.com.ar\/noticias-villa-maria\/dos-sargentos-de-la-policia-tras-las-rejas-por-provocar-lesiones-a-una-mujer-a-la-que-habian-detenido\/\",\"name\":\"Dos sargentos de la Polic\u00eda tras las rejas por provocar lesiones a una mujer a la que hab\u00edan detenido - El Regional\",\"isPartOf\":{\"@id\":\"http:\/\/elregionalvm.com.ar\/noticias-villa-maria\/#website\"},\"primaryImageOfPage\":{\"@id\":\"http:\/\/elregionalvm.com.ar\/noticias-villa-maria\/dos-sargentos-de-la-policia-tras-las-rejas-por-provocar-lesiones-a-una-mujer-a-la-que-habian-detenido\/#primaryimage\"},\"image\":{\"@id\":\"http:\/\/elregionalvm.com.ar\/noticias-villa-maria\/dos-sargentos-de-la-policia-tras-las-rejas-por-provocar-lesiones-a-una-mujer-a-la-que-habian-detenido\/#primaryimage\"},\"thumbnailUrl\":\"https:\/\/i0.wp.com\/elregionalvm.com.ar\/noticias-villa-maria\/wp-content\/uploads\/2022\/05\/policia-3.jpeg?fit=960%2C540&ssl=1\",\"datePublished\":\"2023-02-07T02:07:45+00:00\",\"dateModified\":\"2023-02-07T02:07:47+00:00\",\"author\":{\"@id\":\"http:\/\/elregionalvm.com.ar\/noticias-villa-maria\/#\/schema\/person\/a0fb9c422317faca23d50163151bc354\"},\"breadcrumb\":{\"@id\":\"http:\/\/elregionalvm.com.ar\/noticias-villa-maria\/dos-sargentos-de-la-policia-tras-las-rejas-por-provocar-lesiones-a-una-mujer-a-la-que-habian-detenido\/#breadcrumb\"},\"inLanguage\":\"es\",\"potentialAction\":[{\"@type\":\"ReadAction\",\"target\":[\"http:\/\/elregionalvm.com.ar\/noticias-villa-maria\/dos-sargentos-de-la-policia-tras-las-rejas-por-provocar-lesiones-a-una-mujer-a-la-que-habian-detenido\/\"]}]},{\"@type\":\"ImageObject\",\"inLanguage\":\"es\",\"@id\":\"http:\/\/elregionalvm.com.ar\/noticias-villa-maria\/dos-sargentos-de-la-policia-tras-las-rejas-por-provocar-lesiones-a-una-mujer-a-la-que-habian-detenido\/#primaryimage\",\"url\":\"https:\/\/i0.wp.com\/elregionalvm.com.ar\/noticias-villa-maria\/wp-content\/uploads\/2022\/05\/policia-3.jpeg?fit=960%2C540&ssl=1\",\"contentUrl\":\"https:\/\/i0.wp.com\/elregionalvm.com.ar\/noticias-villa-maria\/wp-content\/uploads\/2022\/05\/policia-3.jpeg?fit=960%2C540&ssl=1\",\"width\":960,\"height\":540},{\"@type\":\"BreadcrumbList\",\"@id\":\"http:\/\/elregionalvm.com.ar\/noticias-villa-maria\/dos-sargentos-de-la-policia-tras-las-rejas-por-provocar-lesiones-a-una-mujer-a-la-que-habian-detenido\/#breadcrumb\",\"itemListElement\":[{\"@type\":\"ListItem\",\"position\":1,\"name\":\"Portada\",\"item\":\"https:\/\/elregionalvm.com.ar\/noticias-villa-maria\/\"},{\"@type\":\"ListItem\",\"position\":2,\"name\":\"Dos sargentos de la Polic\u00eda tras las rejas por provocar lesiones a una mujer a la que hab\u00edan detenido\"}]},{\"@type\":\"WebSite\",\"@id\":\"http:\/\/elregionalvm.com.ar\/noticias-villa-maria\/#website\",\"url\":\"http:\/\/elregionalvm.com.ar\/noticias-villa-maria\/\",\"name\":\"El Regional\",\"description\":\"Mucho m\u00e1s que informaci\u00f3n\",\"potentialAction\":[{\"@type\":\"SearchAction\",\"target\":{\"@type\":\"EntryPoint\",\"urlTemplate\":\"http:\/\/elregionalvm.com.ar\/noticias-villa-maria\/?s={search_term_string}\"},\"query-input\":{\"@type\":\"PropertyValueSpecification\",\"valueRequired\":true,\"valueName\":\"search_term_string\"}}],\"inLanguage\":\"es\"},{\"@type\":\"Person\",\"@id\":\"http:\/\/elregionalvm.com.ar\/noticias-villa-maria\/#\/schema\/person\/a0fb9c422317faca23d50163151bc354\",\"name\":\"Contenidos El Regional\",\"image\":{\"@type\":\"ImageObject\",\"inLanguage\":\"es\",\"@id\":\"http:\/\/elregionalvm.com.ar\/noticias-villa-maria\/#\/schema\/person\/image\/\",\"url\":\"https:\/\/secure.gravatar.com\/avatar\/265b27cb2209af7bb3a1318f03305787d7981a5cc6e6cd08fe5a4ecdf99d4b48?s=96&d=mm&r=g\",\"contentUrl\":\"https:\/\/secure.gravatar.com\/avatar\/265b27cb2209af7bb3a1318f03305787d7981a5cc6e6cd08fe5a4ecdf99d4b48?s=96&d=mm&r=g\",\"caption\":\"Contenidos El Regional\"},\"url\":\"https:\/\/elregionalvm.com.ar\/noticias-villa-maria\/author\/contenido\/\"}]}<\/script>\n<!-- \/ Yoast SEO plugin. -->","yoast_head_json":{"title":"Dos sargentos de la Polic\u00eda tras las rejas por provocar lesiones a una mujer a la que hab\u00edan detenido - El Regional","robots":{"index":"index","follow":"follow","max-snippet":"max-snippet:-1","max-image-preview":"max-image-preview:large","max-video-preview":"max-video-preview:-1"},"canonical":"http:\/\/elregionalvm.com.ar\/noticias-villa-maria\/dos-sargentos-de-la-policia-tras-las-rejas-por-provocar-lesiones-a-una-mujer-a-la-que-habian-detenido\/","og_locale":"es_ES","og_type":"article","og_title":"Dos sargentos de la Polic\u00eda tras las rejas por provocar lesiones a una mujer a la que hab\u00edan detenido - El Regional","og_description":"Dos efectivos policiales, uno sargento ayudante y el otro sargento primero, fueron detenidos por personal de la fuerza acusados de los delitos de vejaciones y da\u00f1o. A los uniformados que pertenecen a la Unidad Departamental Gral. San Mart\u00edn tambi\u00e9n se les secuestr\u00f3 los tel\u00e9fonos celulares y sus armas reglamentarias fueron puestas a resguardo preventivo. Las [&hellip;]","og_url":"http:\/\/elregionalvm.com.ar\/noticias-villa-maria\/dos-sargentos-de-la-policia-tras-las-rejas-por-provocar-lesiones-a-una-mujer-a-la-que-habian-detenido\/","og_site_name":"El Regional","article_publisher":"https:\/\/www.facebook.com\/elregionalvm","article_published_time":"2023-02-07T02:07:45+00:00","article_modified_time":"2023-02-07T02:07:47+00:00","og_image":[{"width":960,"height":540,"url":"http:\/\/elregionalvm.com.ar\/noticias-villa-maria\/wp-content\/uploads\/2022\/05\/policia-3.jpeg","type":"image\/jpeg"}],"author":"Contenidos El Regional","twitter_card":"summary_large_image","twitter_creator":"@elregionalvm1","twitter_site":"@elregionalvm1","twitter_misc":{"Escrito por":"Contenidos El Regional","Tiempo de lectura":"1 minuto"},"schema":{"@context":"https:\/\/schema.org","@graph":[{"@type":"Article","@id":"http:\/\/elregionalvm.com.ar\/noticias-villa-maria\/dos-sargentos-de-la-policia-tras-las-rejas-por-provocar-lesiones-a-una-mujer-a-la-que-habian-detenido\/#article","isPartOf":{"@id":"http:\/\/elregionalvm.com.ar\/noticias-villa-maria\/dos-sargentos-de-la-policia-tras-las-rejas-por-provocar-lesiones-a-una-mujer-a-la-que-habian-detenido\/"},"author":{"name":"Contenidos El Regional","@id":"http:\/\/elregionalvm.com.ar\/noticias-villa-maria\/#\/schema\/person\/a0fb9c422317faca23d50163151bc354"},"headline":"Dos sargentos de la Polic\u00eda tras las rejas por provocar lesiones a una mujer a la que hab\u00edan detenido","datePublished":"2023-02-07T02:07:45+00:00","dateModified":"2023-02-07T02:07:47+00:00","mainEntityOfPage":{"@id":"http:\/\/elregionalvm.com.ar\/noticias-villa-maria\/dos-sargentos-de-la-policia-tras-las-rejas-por-provocar-lesiones-a-una-mujer-a-la-que-habian-detenido\/"},"wordCount":171,"commentCount":0,"image":{"@id":"http:\/\/elregionalvm.com.ar\/noticias-villa-maria\/dos-sargentos-de-la-policia-tras-las-rejas-por-provocar-lesiones-a-una-mujer-a-la-que-habian-detenido\/#primaryimage"},"thumbnailUrl":"https:\/\/i0.wp.com\/elregionalvm.com.ar\/noticias-villa-maria\/wp-content\/uploads\/2022\/05\/policia-3.jpeg?fit=960%2C540&ssl=1","keywords":["lesiones","mujer detenida","Policiales","polic\u00edas detenidos","sargento","uso desmedido de la fuerza","vejaci\u00f3n","VILLA NUEVA"],"articleSection":["destacado","Policiales","Villa Mar\u00eda"],"inLanguage":"es","potentialAction":[{"@type":"CommentAction","name":"Comment","target":["http:\/\/elregionalvm.com.ar\/noticias-villa-maria\/dos-sargentos-de-la-policia-tras-las-rejas-por-provocar-lesiones-a-una-mujer-a-la-que-habian-detenido\/#respond"]}]},{"@type":"WebPage","@id":"http:\/\/elregionalvm.com.ar\/noticias-villa-maria\/dos-sargentos-de-la-policia-tras-las-rejas-por-provocar-lesiones-a-una-mujer-a-la-que-habian-detenido\/","url":"http:\/\/elregionalvm.com.ar\/noticias-villa-maria\/dos-sargentos-de-la-policia-tras-las-rejas-por-provocar-lesiones-a-una-mujer-a-la-que-habian-detenido\/","name":"Dos sargentos de la Polic\u00eda tras las rejas por provocar lesiones a una mujer a la que hab\u00edan detenido - El Regional","isPartOf":{"@id":"http:\/\/elregionalvm.com.ar\/noticias-villa-maria\/#website"},"primaryImageOfPage":{"@id":"http:\/\/elregionalvm.com.ar\/noticias-villa-maria\/dos-sargentos-de-la-policia-tras-las-rejas-por-provocar-lesiones-a-una-mujer-a-la-que-habian-detenido\/#primaryimage"},"image":{"@id":"http:\/\/elregionalvm.com.ar\/noticias-villa-maria\/dos-sargentos-de-la-policia-tras-las-rejas-por-provocar-lesiones-a-una-mujer-a-la-que-habian-detenido\/#primaryimage"},"thumbnailUrl":"https:\/\/i0.wp.com\/elregionalvm.com.ar\/noticias-villa-maria\/wp-content\/uploads\/2022\/05\/policia-3.jpeg?fit=960%2C540&ssl=1","datePublished":"2023-02-07T02:07:45+00:00","dateModified":"2023-02-07T02:07:47+00:00","author":{"@id":"http:\/\/elregionalvm.com.ar\/noticias-villa-maria\/#\/schema\/person\/a0fb9c422317faca23d50163151bc354"},"breadcrumb":{"@id":"http:\/\/elregionalvm.com.ar\/noticias-villa-maria\/dos-sargentos-de-la-policia-tras-las-rejas-por-provocar-lesiones-a-una-mujer-a-la-que-habian-detenido\/#breadcrumb"},"inLanguage":"es","potentialAction":[{"@type":"ReadAction","target":["http:\/\/elregionalvm.com.ar\/noticias-villa-maria\/dos-sargentos-de-la-policia-tras-las-rejas-por-provocar-lesiones-a-una-mujer-a-la-que-habian-detenido\/"]}]},{"@type":"ImageObject","inLanguage":"es","@id":"http:\/\/elregionalvm.com.ar\/noticias-villa-maria\/dos-sargentos-de-la-policia-tras-las-rejas-por-provocar-lesiones-a-una-mujer-a-la-que-habian-detenido\/#primaryimage","url":"https:\/\/i0.wp.com\/elregionalvm.com.ar\/noticias-villa-maria\/wp-content\/uploads\/2022\/05\/policia-3.jpeg?fit=960%2C540&ssl=1","contentUrl":"https:\/\/i0.wp.com\/elregionalvm.com.ar\/noticias-villa-maria\/wp-content\/uploads\/2022\/05\/policia-3.jpeg?fit=960%2C540&ssl=1","width":960,"height":540},{"@type":"BreadcrumbList","@id":"http:\/\/elregionalvm.com.ar\/noticias-villa-maria\/dos-sargentos-de-la-policia-tras-las-rejas-por-provocar-lesiones-a-una-mujer-a-la-que-habian-detenido\/#breadcrumb","itemListElement":[{"@type":"ListItem","position":1,"name":"Portada","item":"https:\/\/elregionalvm.com.ar\/noticias-villa-maria\/"},{"@type":"ListItem","position":2,"name":"Dos sargentos de la Polic\u00eda tras las rejas por provocar lesiones a una mujer a la que hab\u00edan detenido"}]},{"@type":"WebSite","@id":"http:\/\/elregionalvm.com.ar\/noticias-villa-maria\/#website","url":"http:\/\/elregionalvm.com.ar\/noticias-villa-maria\/","name":"El Regional","description":"Mucho m\u00e1s que informaci\u00f3n","potentialAction":[{"@type":"SearchAction","target":{"@type":"EntryPoint","urlTemplate":"http:\/\/elregionalvm.com.ar\/noticias-villa-maria\/?s={search_term_string}"},"query-input":{"@type":"PropertyValueSpecification","valueRequired":true,"valueName":"search_term_string"}}],"inLanguage":"es"},{"@type":"Person","@id":"http:\/\/elregionalvm.com.ar\/noticias-villa-maria\/#\/schema\/person\/a0fb9c422317faca23d50163151bc354","name":"Contenidos El Regional","image":{"@type":"ImageObject","inLanguage":"es","@id":"http:\/\/elregionalvm.com.ar\/noticias-villa-maria\/#\/schema\/person\/image\/","url":"https:\/\/secure.gravatar.com\/avatar\/265b27cb2209af7bb3a1318f03305787d7981a5cc6e6cd08fe5a4ecdf99d4b48?s=96&d=mm&r=g","contentUrl":"https:\/\/secure.gravatar.com\/avatar\/265b27cb2209af7bb3a1318f03305787d7981a5cc6e6cd08fe5a4ecdf99d4b48?s=96&d=mm&r=g","caption":"Contenidos El Regional"},"url":"https:\/\/elregionalvm.com.ar\/noticias-villa-maria\/author\/contenido\/"}]}},"jetpack_featured_media_url":"https:\/\/i0.wp.com\/elregionalvm.com.ar\/noticias-villa-maria\/wp-content\/uploads\/2022\/05\/policia-3.jpeg?fit=960%2C540&ssl=1","jetpack_sharing_enabled":true,"_links":{"self":[{"href":"https:\/\/elregionalvm.com.ar\/noticias-villa-maria\/wp-json\/wp\/v2\/posts\/71387","targetHints":{"allow":["GET"]}}],"collection":[{"href":"https:\/\/elregionalvm.com.ar\/noticias-villa-maria\/wp-json\/wp\/v2\/posts"}],"about":[{"href":"https:\/\/elregionalvm.com.ar\/noticias-villa-maria\/wp-json\/wp\/v2\/types\/post"}],"author":[{"embeddable":true,"href":"https:\/\/elregionalvm.com.ar\/noticias-villa-maria\/wp-json\/wp\/v2\/users\/4"}],"replies":[{"embeddable":true,"href":"https:\/\/elregionalvm.com.ar\/noticias-villa-maria\/wp-json\/wp\/v2\/comments?post=71387"}],"version-history":[{"count":1,"href":"https:\/\/elregionalvm.com.ar\/noticias-villa-maria\/wp-json\/wp\/v2\/posts\/71387\/revisions"}],"predecessor-version":[{"id":71388,"href":"https:\/\/elregionalvm.com.ar\/noticias-villa-maria\/wp-json\/wp\/v2\/posts\/71387\/revisions\/71388"}],"wp:featuredmedia":[{"embeddable":true,"href":"https:\/\/elregionalvm.com.ar\/noticias-villa-maria\/wp-json\/wp\/v2\/media\/57987"}],"wp:attachment":[{"href":"https:\/\/elregionalvm.com.ar\/noticias-villa-maria\/wp-json\/wp\/v2\/media?parent=71387"}],"wp:term":[{"taxonomy":"category","embeddable":true,"href":"https:\/\/elregionalvm.com.ar\/noticias-villa-maria\/wp-json\/wp\/v2\/categories?post=71387"},{"taxonomy":"post_tag","embeddable":true,"href":"https:\/\/elregionalvm.com.ar\/noticias-villa-maria\/wp-json\/wp\/v2\/tags?post=71387"}],"curies":[{"name":"wp","href":"https:\/\/api.w.org\/{rel}","templated":true}]}}