{"id":71389,"date":"2023-02-07T02:24:37","date_gmt":"2023-02-07T02:24:37","guid":{"rendered":"https:\/\/elregionalvm.com.ar\/noticias-villa-maria\/?p=71389"},"modified":"2023-02-07T12:33:09","modified_gmt":"2023-02-07T12:33:09","slug":"festival-de-penas-comenzo-el-armado-de-luces-y-pantallas","status":"publish","type":"post","link":"https:\/\/elregionalvm.com.ar\/noticias-villa-maria\/festival-de-penas-comenzo-el-armado-de-luces-y-pantallas\/","title":{"rendered":"Festival de Pe\u00f1as, cuenta regresiva: Comenz\u00f3 el armado de luces y pantallas"},"content":{"rendered":"\n<p>A pocos d\u00edas del inicio de la edici\u00f3n n\u00famero 55 comenz\u00f3 el montaje de la t\u00e9cnica para el Festival de Pe\u00f1as.<\/p>\n\n\n\n<p>El intendente, Mart\u00edn Gill, el jefe de Gabinete, H\u00e9ctor Mu\u00f1oz y el presidente del Ente Villa Mar\u00eda Deporte y Turismo, Sebasti\u00e1n Panero, recorrieron el Anfiteatro donde se lleva adelante el armado de la estructura y puesta en marcha del sistema de luces y pantallas. <\/p>\n\n\n\n<p>En tanto, ya se ha instalado las carpas de desarrollo log\u00edstico, t\u00e9cnico y de trabajadores de la prensa; y en sector de camarines, con la llegada del mobiliario se comienza con la decoraci\u00f3n y armado final para la recepci\u00f3n de los artistas.<\/p>\n\n\n\n<p><\/p>\n\n\n\n<figure class=\"wp-block-image size-large\"><img data-recalc-dims=\"1\" fetchpriority=\"high\" decoding=\"async\" width=\"1024\" height=\"683\" src=\"https:\/\/i0.wp.com\/elregionalvm.com.ar\/noticias-villa-maria\/wp-content\/uploads\/2022\/02\/Festival-publico-2022-1.jpg?resize=1024%2C683&#038;ssl=1\" alt=\"\" class=\"wp-image-52709\" srcset=\"https:\/\/i0.wp.com\/elregionalvm.com.ar\/noticias-villa-maria\/wp-content\/uploads\/2022\/02\/Festival-publico-2022-1.jpg?resize=1024%2C683&amp;ssl=1 1024w, https:\/\/i0.wp.com\/elregionalvm.com.ar\/noticias-villa-maria\/wp-content\/uploads\/2022\/02\/Festival-publico-2022-1.jpg?resize=300%2C200&amp;ssl=1 300w, https:\/\/i0.wp.com\/elregionalvm.com.ar\/noticias-villa-maria\/wp-content\/uploads\/2022\/02\/Festival-publico-2022-1.jpg?resize=768%2C512&amp;ssl=1 768w, https:\/\/i0.wp.com\/elregionalvm.com.ar\/noticias-villa-maria\/wp-content\/uploads\/2022\/02\/Festival-publico-2022-1.jpg?resize=1536%2C1024&amp;ssl=1 1536w, https:\/\/i0.wp.com\/elregionalvm.com.ar\/noticias-villa-maria\/wp-content\/uploads\/2022\/02\/Festival-publico-2022-1.jpg?w=1600&amp;ssl=1 1600w\" sizes=\"(max-width: 1000px) 100vw, 1000px\" \/><figcaption><em>Ya se inici\u00f3 el montaje de la estructura t\u00e9cnica del Festival. <\/em><\/figcaption><\/figure>\n\n\n\n<p><\/p>\n\n\n\n<p><strong>Obras <\/strong><\/p>\n\n\n\n<p>Adem\u00e1s, se finaliz\u00f3 con la obra de jerarquizaci\u00f3n del ingreso central al coloso, restando colocar la escalera para mayor seguridad.<\/p>\n\n\n\n<p>Dentro de la serie de tareas emprendidas de puesta en valor del acceso principal, ya se finalizaron con los trabajos de pinturas.<\/p>\n\n\n\n<p><\/p>\n\n\n\n<p>El Festival de Pe\u00f1as se realizar\u00e1 desde el viernes 10 al martes 14 de febrero, y noches especiales el jueves 23 y viernes 24.<\/p>\n\n\n\n<p><\/p>\n\n\n\n<p><\/p>\n\n\n\n<h3 class=\"wp-block-heading\"><strong>Tambi\u00e9n pod\u00e9s ver: <\/strong><\/h3>\n\n\n\n<p><\/p>\n\n\n\n<p><\/p>\n\n\n\n<figure class=\"wp-block-embed is-type-wp-embed is-provider-el-regional wp-block-embed-el-regional\"><div class=\"wp-block-embed__wrapper\">\n<blockquote class=\"wp-embedded-content\" data-secret=\"MJY1KZqigr\"><a href=\"https:\/\/elregionalvm.com.ar\/noticias-villa-maria\/festival-de-penas-lali-y-miranda-entre-los-artistas-que-podrian-cantar-juntos-en-el-anfi-video\/\">[Festival de Pe\u00f1as] Lali y Miranda, entre los artistas que podr\u00edan cantar juntos en el Anfi (Video)<\/a><\/blockquote><iframe class=\"wp-embedded-content\" sandbox=\"allow-scripts\" security=\"restricted\" style=\"position: absolute; clip: rect(1px, 1px, 1px, 1px);\" title=\"\u00ab[Festival de Pe\u00f1as] Lali y Miranda, entre los artistas que podr\u00edan cantar juntos en el Anfi (Video)\u00bb \u2014 El Regional\" src=\"https:\/\/elregionalvm.com.ar\/noticias-villa-maria\/festival-de-penas-lali-y-miranda-entre-los-artistas-que-podrian-cantar-juntos-en-el-anfi-video\/embed\/#?secret=CueZtARjFV#?secret=MJY1KZqigr\" data-secret=\"MJY1KZqigr\" width=\"500\" height=\"282\" frameborder=\"0\" marginwidth=\"0\" marginheight=\"0\" scrolling=\"no\"><\/iframe>\n<\/div><\/figure>\n","protected":false},"excerpt":{"rendered":"<p>A pocos d\u00edas del inicio de la edici\u00f3n n\u00famero 55 comenz\u00f3 el montaje de la t\u00e9cnica para el Festival de Pe\u00f1as. El intendente, Mart\u00edn Gill, el jefe de Gabinete, H\u00e9ctor Mu\u00f1oz y el presidente del Ente Villa Mar\u00eda Deporte y Turismo, Sebasti\u00e1n Panero, recorrieron el Anfiteatro donde se lleva adelante el armado de la estructura [&hellip;]<\/p>\n","protected":false},"author":4,"featured_media":71391,"comment_status":"open","ping_status":"open","sticky":false,"template":"","format":"standard","meta":{"site-sidebar-layout":"default","site-content-layout":"","ast-site-content-layout":"default","site-content-style":"default","site-sidebar-style":"default","ast-global-header-display":"","ast-banner-title-visibility":"","ast-main-header-display":"","ast-hfb-above-header-display":"","ast-hfb-below-header-display":"","ast-hfb-mobile-header-display":"","site-post-title":"","ast-breadcrumbs-content":"","ast-featured-img":"","footer-sml-layout":"","ast-disable-related-posts":"","theme-transparent-header-meta":"","adv-header-id-meta":"","stick-header-meta":"","header-above-stick-meta":"","header-main-stick-meta":"","header-below-stick-meta":"","astra-migrate-meta-layouts":"default","ast-page-background-enabled":"default","ast-page-background-meta":{"desktop":{"background-color":"","background-image":"","background-repeat":"repeat","background-position":"center center","background-size":"auto","background-attachment":"scroll","background-type":"","background-media":"","overlay-type":"","overlay-color":"","overlay-opacity":"","overlay-gradient":""},"tablet":{"background-color":"","background-image":"","background-repeat":"repeat","background-position":"center center","background-size":"auto","background-attachment":"scroll","background-type":"","background-media":"","overlay-type":"","overlay-color":"","overlay-opacity":"","overlay-gradient":""},"mobile":{"background-color":"","background-image":"","background-repeat":"repeat","background-position":"center center","background-size":"auto","background-attachment":"scroll","background-type":"","background-media":"","overlay-type":"","overlay-color":"","overlay-opacity":"","overlay-gradient":""}},"ast-content-background-meta":{"desktop":{"background-color":"var(--ast-global-color-5)","background-image":"","background-repeat":"repeat","background-position":"center center","background-size":"auto","background-attachment":"scroll","background-type":"","background-media":"","overlay-type":"","overlay-color":"","overlay-opacity":"","overlay-gradient":""},"tablet":{"background-color":"var(--ast-global-color-5)","background-image":"","background-repeat":"repeat","background-position":"center center","background-size":"auto","background-attachment":"scroll","background-type":"","background-media":"","overlay-type":"","overlay-color":"","overlay-opacity":"","overlay-gradient":""},"mobile":{"background-color":"var(--ast-global-color-5)","background-image":"","background-repeat":"repeat","background-position":"center center","background-size":"auto","background-attachment":"scroll","background-type":"","background-media":"","overlay-type":"","overlay-color":"","overlay-opacity":"","overlay-gradient":""}},"_jetpack_memberships_contains_paid_content":false,"_joinchat":[],"footnotes":""},"categories":[15302,13130,2],"tags":[13389,3314,18529,1239,13533,1125,11184,12,2744,534],"class_list":["post-71389","post","type-post","status-publish","format-standard","has-post-thumbnail","hentry","category-destacado","category-festival","category-villa-maria","tag-armado","tag-escalera","tag-estructura","tag-festival-de-penas","tag-luces","tag-martin-gill","tag-montaje","tag-obras","tag-pantallas","tag-villa-maria"],"yoast_head":"<!-- This site is optimized with the Yoast SEO plugin v26.8 - https:\/\/yoast.com\/product\/yoast-seo-wordpress\/ -->\n<title>Festival de Pe\u00f1as, cuenta regresiva: Comenz\u00f3 el armado de luces y pantallas - El Regional<\/title>\n<meta name=\"robots\" content=\"index, follow, max-snippet:-1, max-image-preview:large, max-video-preview:-1\" \/>\n<link rel=\"canonical\" href=\"http:\/\/elregionalvm.com.ar\/noticias-villa-maria\/festival-de-penas-comenzo-el-armado-de-luces-y-pantallas\/\" \/>\n<meta property=\"og:locale\" content=\"es_ES\" \/>\n<meta property=\"og:type\" content=\"article\" \/>\n<meta property=\"og:title\" content=\"Festival de Pe\u00f1as, cuenta regresiva: Comenz\u00f3 el armado de luces y pantallas - El Regional\" \/>\n<meta property=\"og:description\" content=\"A pocos d\u00edas del inicio de la edici\u00f3n n\u00famero 55 comenz\u00f3 el montaje de la t\u00e9cnica para el Festival de Pe\u00f1as. El intendente, Mart\u00edn Gill, el jefe de Gabinete, H\u00e9ctor Mu\u00f1oz y el presidente del Ente Villa Mar\u00eda Deporte y Turismo, Sebasti\u00e1n Panero, recorrieron el Anfiteatro donde se lleva adelante el armado de la estructura [&hellip;]\" \/>\n<meta property=\"og:url\" content=\"http:\/\/elregionalvm.com.ar\/noticias-villa-maria\/festival-de-penas-comenzo-el-armado-de-luces-y-pantallas\/\" \/>\n<meta property=\"og:site_name\" content=\"El Regional\" \/>\n<meta property=\"article:publisher\" content=\"https:\/\/www.facebook.com\/elregionalvm\" \/>\n<meta property=\"article:published_time\" content=\"2023-02-07T02:24:37+00:00\" \/>\n<meta property=\"article:modified_time\" content=\"2023-02-07T12:33:09+00:00\" \/>\n<meta property=\"og:image\" content=\"http:\/\/elregionalvm.com.ar\/noticias-villa-maria\/wp-content\/uploads\/2023\/02\/Gill-armado-tecnica-Festival.jpeg\" \/>\n\t<meta property=\"og:image:width\" content=\"1600\" \/>\n\t<meta property=\"og:image:height\" content=\"1066\" \/>\n\t<meta property=\"og:image:type\" content=\"image\/jpeg\" \/>\n<meta name=\"author\" content=\"Contenidos El Regional\" \/>\n<meta name=\"twitter:card\" content=\"summary_large_image\" \/>\n<meta name=\"twitter:creator\" content=\"@elregionalvm1\" \/>\n<meta name=\"twitter:site\" content=\"@elregionalvm1\" \/>\n<meta name=\"twitter:label1\" content=\"Escrito por\" \/>\n\t<meta name=\"twitter:data1\" content=\"Contenidos El Regional\" \/>\n\t<meta name=\"twitter:label2\" content=\"Tiempo de lectura\" \/>\n\t<meta name=\"twitter:data2\" content=\"2 minutos\" \/>\n<script type=\"application\/ld+json\" class=\"yoast-schema-graph\">{\"@context\":\"https:\/\/schema.org\",\"@graph\":[{\"@type\":\"Article\",\"@id\":\"http:\/\/elregionalvm.com.ar\/noticias-villa-maria\/festival-de-penas-comenzo-el-armado-de-luces-y-pantallas\/#article\",\"isPartOf\":{\"@id\":\"http:\/\/elregionalvm.com.ar\/noticias-villa-maria\/festival-de-penas-comenzo-el-armado-de-luces-y-pantallas\/\"},\"author\":{\"name\":\"Contenidos El Regional\",\"@id\":\"http:\/\/elregionalvm.com.ar\/noticias-villa-maria\/#\/schema\/person\/a0fb9c422317faca23d50163151bc354\"},\"headline\":\"Festival de Pe\u00f1as, cuenta regresiva: Comenz\u00f3 el armado de luces y pantallas\",\"datePublished\":\"2023-02-07T02:24:37+00:00\",\"dateModified\":\"2023-02-07T12:33:09+00:00\",\"mainEntityOfPage\":{\"@id\":\"http:\/\/elregionalvm.com.ar\/noticias-villa-maria\/festival-de-penas-comenzo-el-armado-de-luces-y-pantallas\/\"},\"wordCount\":222,\"commentCount\":0,\"image\":{\"@id\":\"http:\/\/elregionalvm.com.ar\/noticias-villa-maria\/festival-de-penas-comenzo-el-armado-de-luces-y-pantallas\/#primaryimage\"},\"thumbnailUrl\":\"https:\/\/i0.wp.com\/elregionalvm.com.ar\/noticias-villa-maria\/wp-content\/uploads\/2023\/02\/Gill-armado-tecnica-Festival.jpeg?fit=1600%2C1066&ssl=1\",\"keywords\":[\"armado\",\"escalera\",\"estructura\",\"Festival de pe\u00f1as\",\"luces\",\"mart\u00edn gill\",\"montaje\",\"obras\",\"pantallas\",\"villa maria\"],\"articleSection\":[\"destacado\",\"Festival de Pe\u00f1as\",\"Villa Mar\u00eda\"],\"inLanguage\":\"es\",\"potentialAction\":[{\"@type\":\"CommentAction\",\"name\":\"Comment\",\"target\":[\"http:\/\/elregionalvm.com.ar\/noticias-villa-maria\/festival-de-penas-comenzo-el-armado-de-luces-y-pantallas\/#respond\"]}]},{\"@type\":\"WebPage\",\"@id\":\"http:\/\/elregionalvm.com.ar\/noticias-villa-maria\/festival-de-penas-comenzo-el-armado-de-luces-y-pantallas\/\",\"url\":\"http:\/\/elregionalvm.com.ar\/noticias-villa-maria\/festival-de-penas-comenzo-el-armado-de-luces-y-pantallas\/\",\"name\":\"Festival de Pe\u00f1as, cuenta regresiva: Comenz\u00f3 el armado de luces y pantallas - El Regional\",\"isPartOf\":{\"@id\":\"http:\/\/elregionalvm.com.ar\/noticias-villa-maria\/#website\"},\"primaryImageOfPage\":{\"@id\":\"http:\/\/elregionalvm.com.ar\/noticias-villa-maria\/festival-de-penas-comenzo-el-armado-de-luces-y-pantallas\/#primaryimage\"},\"image\":{\"@id\":\"http:\/\/elregionalvm.com.ar\/noticias-villa-maria\/festival-de-penas-comenzo-el-armado-de-luces-y-pantallas\/#primaryimage\"},\"thumbnailUrl\":\"https:\/\/i0.wp.com\/elregionalvm.com.ar\/noticias-villa-maria\/wp-content\/uploads\/2023\/02\/Gill-armado-tecnica-Festival.jpeg?fit=1600%2C1066&ssl=1\",\"datePublished\":\"2023-02-07T02:24:37+00:00\",\"dateModified\":\"2023-02-07T12:33:09+00:00\",\"author\":{\"@id\":\"http:\/\/elregionalvm.com.ar\/noticias-villa-maria\/#\/schema\/person\/a0fb9c422317faca23d50163151bc354\"},\"breadcrumb\":{\"@id\":\"http:\/\/elregionalvm.com.ar\/noticias-villa-maria\/festival-de-penas-comenzo-el-armado-de-luces-y-pantallas\/#breadcrumb\"},\"inLanguage\":\"es\",\"potentialAction\":[{\"@type\":\"ReadAction\",\"target\":[\"http:\/\/elregionalvm.com.ar\/noticias-villa-maria\/festival-de-penas-comenzo-el-armado-de-luces-y-pantallas\/\"]}]},{\"@type\":\"ImageObject\",\"inLanguage\":\"es\",\"@id\":\"http:\/\/elregionalvm.com.ar\/noticias-villa-maria\/festival-de-penas-comenzo-el-armado-de-luces-y-pantallas\/#primaryimage\",\"url\":\"https:\/\/i0.wp.com\/elregionalvm.com.ar\/noticias-villa-maria\/wp-content\/uploads\/2023\/02\/Gill-armado-tecnica-Festival.jpeg?fit=1600%2C1066&ssl=1\",\"contentUrl\":\"https:\/\/i0.wp.com\/elregionalvm.com.ar\/noticias-villa-maria\/wp-content\/uploads\/2023\/02\/Gill-armado-tecnica-Festival.jpeg?fit=1600%2C1066&ssl=1\",\"width\":1600,\"height\":1066},{\"@type\":\"BreadcrumbList\",\"@id\":\"http:\/\/elregionalvm.com.ar\/noticias-villa-maria\/festival-de-penas-comenzo-el-armado-de-luces-y-pantallas\/#breadcrumb\",\"itemListElement\":[{\"@type\":\"ListItem\",\"position\":1,\"name\":\"Portada\",\"item\":\"https:\/\/elregionalvm.com.ar\/noticias-villa-maria\/\"},{\"@type\":\"ListItem\",\"position\":2,\"name\":\"Festival de Pe\u00f1as, cuenta regresiva: Comenz\u00f3 el armado de luces y pantallas\"}]},{\"@type\":\"WebSite\",\"@id\":\"http:\/\/elregionalvm.com.ar\/noticias-villa-maria\/#website\",\"url\":\"http:\/\/elregionalvm.com.ar\/noticias-villa-maria\/\",\"name\":\"El Regional\",\"description\":\"Mucho m\u00e1s que informaci\u00f3n\",\"potentialAction\":[{\"@type\":\"SearchAction\",\"target\":{\"@type\":\"EntryPoint\",\"urlTemplate\":\"http:\/\/elregionalvm.com.ar\/noticias-villa-maria\/?s={search_term_string}\"},\"query-input\":{\"@type\":\"PropertyValueSpecification\",\"valueRequired\":true,\"valueName\":\"search_term_string\"}}],\"inLanguage\":\"es\"},{\"@type\":\"Person\",\"@id\":\"http:\/\/elregionalvm.com.ar\/noticias-villa-maria\/#\/schema\/person\/a0fb9c422317faca23d50163151bc354\",\"name\":\"Contenidos El Regional\",\"image\":{\"@type\":\"ImageObject\",\"inLanguage\":\"es\",\"@id\":\"http:\/\/elregionalvm.com.ar\/noticias-villa-maria\/#\/schema\/person\/image\/\",\"url\":\"https:\/\/secure.gravatar.com\/avatar\/265b27cb2209af7bb3a1318f03305787d7981a5cc6e6cd08fe5a4ecdf99d4b48?s=96&d=mm&r=g\",\"contentUrl\":\"https:\/\/secure.gravatar.com\/avatar\/265b27cb2209af7bb3a1318f03305787d7981a5cc6e6cd08fe5a4ecdf99d4b48?s=96&d=mm&r=g\",\"caption\":\"Contenidos El Regional\"},\"url\":\"https:\/\/elregionalvm.com.ar\/noticias-villa-maria\/author\/contenido\/\"}]}<\/script>\n<!-- \/ Yoast SEO plugin. -->","yoast_head_json":{"title":"Festival de Pe\u00f1as, cuenta regresiva: Comenz\u00f3 el armado de luces y pantallas - El Regional","robots":{"index":"index","follow":"follow","max-snippet":"max-snippet:-1","max-image-preview":"max-image-preview:large","max-video-preview":"max-video-preview:-1"},"canonical":"http:\/\/elregionalvm.com.ar\/noticias-villa-maria\/festival-de-penas-comenzo-el-armado-de-luces-y-pantallas\/","og_locale":"es_ES","og_type":"article","og_title":"Festival de Pe\u00f1as, cuenta regresiva: Comenz\u00f3 el armado de luces y pantallas - El Regional","og_description":"A pocos d\u00edas del inicio de la edici\u00f3n n\u00famero 55 comenz\u00f3 el montaje de la t\u00e9cnica para el Festival de Pe\u00f1as. El intendente, Mart\u00edn Gill, el jefe de Gabinete, H\u00e9ctor Mu\u00f1oz y el presidente del Ente Villa Mar\u00eda Deporte y Turismo, Sebasti\u00e1n Panero, recorrieron el Anfiteatro donde se lleva adelante el armado de la estructura [&hellip;]","og_url":"http:\/\/elregionalvm.com.ar\/noticias-villa-maria\/festival-de-penas-comenzo-el-armado-de-luces-y-pantallas\/","og_site_name":"El Regional","article_publisher":"https:\/\/www.facebook.com\/elregionalvm","article_published_time":"2023-02-07T02:24:37+00:00","article_modified_time":"2023-02-07T12:33:09+00:00","og_image":[{"width":1600,"height":1066,"url":"http:\/\/elregionalvm.com.ar\/noticias-villa-maria\/wp-content\/uploads\/2023\/02\/Gill-armado-tecnica-Festival.jpeg","type":"image\/jpeg"}],"author":"Contenidos El Regional","twitter_card":"summary_large_image","twitter_creator":"@elregionalvm1","twitter_site":"@elregionalvm1","twitter_misc":{"Escrito por":"Contenidos El Regional","Tiempo de lectura":"2 minutos"},"schema":{"@context":"https:\/\/schema.org","@graph":[{"@type":"Article","@id":"http:\/\/elregionalvm.com.ar\/noticias-villa-maria\/festival-de-penas-comenzo-el-armado-de-luces-y-pantallas\/#article","isPartOf":{"@id":"http:\/\/elregionalvm.com.ar\/noticias-villa-maria\/festival-de-penas-comenzo-el-armado-de-luces-y-pantallas\/"},"author":{"name":"Contenidos El Regional","@id":"http:\/\/elregionalvm.com.ar\/noticias-villa-maria\/#\/schema\/person\/a0fb9c422317faca23d50163151bc354"},"headline":"Festival de Pe\u00f1as, cuenta regresiva: Comenz\u00f3 el armado de luces y pantallas","datePublished":"2023-02-07T02:24:37+00:00","dateModified":"2023-02-07T12:33:09+00:00","mainEntityOfPage":{"@id":"http:\/\/elregionalvm.com.ar\/noticias-villa-maria\/festival-de-penas-comenzo-el-armado-de-luces-y-pantallas\/"},"wordCount":222,"commentCount":0,"image":{"@id":"http:\/\/elregionalvm.com.ar\/noticias-villa-maria\/festival-de-penas-comenzo-el-armado-de-luces-y-pantallas\/#primaryimage"},"thumbnailUrl":"https:\/\/i0.wp.com\/elregionalvm.com.ar\/noticias-villa-maria\/wp-content\/uploads\/2023\/02\/Gill-armado-tecnica-Festival.jpeg?fit=1600%2C1066&ssl=1","keywords":["armado","escalera","estructura","Festival de pe\u00f1as","luces","mart\u00edn gill","montaje","obras","pantallas","villa maria"],"articleSection":["destacado","Festival de Pe\u00f1as","Villa Mar\u00eda"],"inLanguage":"es","potentialAction":[{"@type":"CommentAction","name":"Comment","target":["http:\/\/elregionalvm.com.ar\/noticias-villa-maria\/festival-de-penas-comenzo-el-armado-de-luces-y-pantallas\/#respond"]}]},{"@type":"WebPage","@id":"http:\/\/elregionalvm.com.ar\/noticias-villa-maria\/festival-de-penas-comenzo-el-armado-de-luces-y-pantallas\/","url":"http:\/\/elregionalvm.com.ar\/noticias-villa-maria\/festival-de-penas-comenzo-el-armado-de-luces-y-pantallas\/","name":"Festival de Pe\u00f1as, cuenta regresiva: Comenz\u00f3 el armado de luces y pantallas - El Regional","isPartOf":{"@id":"http:\/\/elregionalvm.com.ar\/noticias-villa-maria\/#website"},"primaryImageOfPage":{"@id":"http:\/\/elregionalvm.com.ar\/noticias-villa-maria\/festival-de-penas-comenzo-el-armado-de-luces-y-pantallas\/#primaryimage"},"image":{"@id":"http:\/\/elregionalvm.com.ar\/noticias-villa-maria\/festival-de-penas-comenzo-el-armado-de-luces-y-pantallas\/#primaryimage"},"thumbnailUrl":"https:\/\/i0.wp.com\/elregionalvm.com.ar\/noticias-villa-maria\/wp-content\/uploads\/2023\/02\/Gill-armado-tecnica-Festival.jpeg?fit=1600%2C1066&ssl=1","datePublished":"2023-02-07T02:24:37+00:00","dateModified":"2023-02-07T12:33:09+00:00","author":{"@id":"http:\/\/elregionalvm.com.ar\/noticias-villa-maria\/#\/schema\/person\/a0fb9c422317faca23d50163151bc354"},"breadcrumb":{"@id":"http:\/\/elregionalvm.com.ar\/noticias-villa-maria\/festival-de-penas-comenzo-el-armado-de-luces-y-pantallas\/#breadcrumb"},"inLanguage":"es","potentialAction":[{"@type":"ReadAction","target":["http:\/\/elregionalvm.com.ar\/noticias-villa-maria\/festival-de-penas-comenzo-el-armado-de-luces-y-pantallas\/"]}]},{"@type":"ImageObject","inLanguage":"es","@id":"http:\/\/elregionalvm.com.ar\/noticias-villa-maria\/festival-de-penas-comenzo-el-armado-de-luces-y-pantallas\/#primaryimage","url":"https:\/\/i0.wp.com\/elregionalvm.com.ar\/noticias-villa-maria\/wp-content\/uploads\/2023\/02\/Gill-armado-tecnica-Festival.jpeg?fit=1600%2C1066&ssl=1","contentUrl":"https:\/\/i0.wp.com\/elregionalvm.com.ar\/noticias-villa-maria\/wp-content\/uploads\/2023\/02\/Gill-armado-tecnica-Festival.jpeg?fit=1600%2C1066&ssl=1","width":1600,"height":1066},{"@type":"BreadcrumbList","@id":"http:\/\/elregionalvm.com.ar\/noticias-villa-maria\/festival-de-penas-comenzo-el-armado-de-luces-y-pantallas\/#breadcrumb","itemListElement":[{"@type":"ListItem","position":1,"name":"Portada","item":"https:\/\/elregionalvm.com.ar\/noticias-villa-maria\/"},{"@type":"ListItem","position":2,"name":"Festival de Pe\u00f1as, cuenta regresiva: Comenz\u00f3 el armado de luces y pantallas"}]},{"@type":"WebSite","@id":"http:\/\/elregionalvm.com.ar\/noticias-villa-maria\/#website","url":"http:\/\/elregionalvm.com.ar\/noticias-villa-maria\/","name":"El Regional","description":"Mucho m\u00e1s que informaci\u00f3n","potentialAction":[{"@type":"SearchAction","target":{"@type":"EntryPoint","urlTemplate":"http:\/\/elregionalvm.com.ar\/noticias-villa-maria\/?s={search_term_string}"},"query-input":{"@type":"PropertyValueSpecification","valueRequired":true,"valueName":"search_term_string"}}],"inLanguage":"es"},{"@type":"Person","@id":"http:\/\/elregionalvm.com.ar\/noticias-villa-maria\/#\/schema\/person\/a0fb9c422317faca23d50163151bc354","name":"Contenidos El Regional","image":{"@type":"ImageObject","inLanguage":"es","@id":"http:\/\/elregionalvm.com.ar\/noticias-villa-maria\/#\/schema\/person\/image\/","url":"https:\/\/secure.gravatar.com\/avatar\/265b27cb2209af7bb3a1318f03305787d7981a5cc6e6cd08fe5a4ecdf99d4b48?s=96&d=mm&r=g","contentUrl":"https:\/\/secure.gravatar.com\/avatar\/265b27cb2209af7bb3a1318f03305787d7981a5cc6e6cd08fe5a4ecdf99d4b48?s=96&d=mm&r=g","caption":"Contenidos El Regional"},"url":"https:\/\/elregionalvm.com.ar\/noticias-villa-maria\/author\/contenido\/"}]}},"jetpack_featured_media_url":"https:\/\/i0.wp.com\/elregionalvm.com.ar\/noticias-villa-maria\/wp-content\/uploads\/2023\/02\/Gill-armado-tecnica-Festival.jpeg?fit=1600%2C1066&ssl=1","jetpack_sharing_enabled":true,"_links":{"self":[{"href":"https:\/\/elregionalvm.com.ar\/noticias-villa-maria\/wp-json\/wp\/v2\/posts\/71389","targetHints":{"allow":["GET"]}}],"collection":[{"href":"https:\/\/elregionalvm.com.ar\/noticias-villa-maria\/wp-json\/wp\/v2\/posts"}],"about":[{"href":"https:\/\/elregionalvm.com.ar\/noticias-villa-maria\/wp-json\/wp\/v2\/types\/post"}],"author":[{"embeddable":true,"href":"https:\/\/elregionalvm.com.ar\/noticias-villa-maria\/wp-json\/wp\/v2\/users\/4"}],"replies":[{"embeddable":true,"href":"https:\/\/elregionalvm.com.ar\/noticias-villa-maria\/wp-json\/wp\/v2\/comments?post=71389"}],"version-history":[{"count":4,"href":"https:\/\/elregionalvm.com.ar\/noticias-villa-maria\/wp-json\/wp\/v2\/posts\/71389\/revisions"}],"predecessor-version":[{"id":71405,"href":"https:\/\/elregionalvm.com.ar\/noticias-villa-maria\/wp-json\/wp\/v2\/posts\/71389\/revisions\/71405"}],"wp:featuredmedia":[{"embeddable":true,"href":"https:\/\/elregionalvm.com.ar\/noticias-villa-maria\/wp-json\/wp\/v2\/media\/71391"}],"wp:attachment":[{"href":"https:\/\/elregionalvm.com.ar\/noticias-villa-maria\/wp-json\/wp\/v2\/media?parent=71389"}],"wp:term":[{"taxonomy":"category","embeddable":true,"href":"https:\/\/elregionalvm.com.ar\/noticias-villa-maria\/wp-json\/wp\/v2\/categories?post=71389"},{"taxonomy":"post_tag","embeddable":true,"href":"https:\/\/elregionalvm.com.ar\/noticias-villa-maria\/wp-json\/wp\/v2\/tags?post=71389"}],"curies":[{"name":"wp","href":"https:\/\/api.w.org\/{rel}","templated":true}]}}