{"id":71413,"date":"2023-02-07T13:03:00","date_gmt":"2023-02-07T13:03:00","guid":{"rendered":"https:\/\/elregionalvm.com.ar\/noticias-villa-maria\/?p=71413"},"modified":"2023-02-07T21:01:12","modified_gmt":"2023-02-07T21:01:12","slug":"los-bomberos-voluntarios-ya-tienen-su-plazoleta-en-etruria","status":"publish","type":"post","link":"https:\/\/elregionalvm.com.ar\/noticias-villa-maria\/los-bomberos-voluntarios-ya-tienen-su-plazoleta-en-etruria\/","title":{"rendered":"Los Bomberos Voluntarios ya tienen su plazoleta en Etruria"},"content":{"rendered":"\n<p><br>El s\u00e1bado 4 de febrero, el intendente de Etruria Maximiliano Andr\u00e9s inaugur\u00f3 la Plazoleta del Bombero. <\/p>\n\n\n\n<p>El espacio verde se encuentra ubicado en calle Santiago D\u00edaz, entre Pedro Pelleschi y Santiago Kenny.<\/p>\n\n\n\n<p><\/p>\n\n\n\n<figure class=\"wp-block-image size-full\"><img data-recalc-dims=\"1\" fetchpriority=\"high\" decoding=\"async\" width=\"1000\" height=\"562\" src=\"https:\/\/i0.wp.com\/elregionalvm.com.ar\/noticias-villa-maria\/wp-content\/uploads\/2023\/02\/Etruria-Bomberos-plazoleta-panoramica.jpg?resize=1000%2C562&#038;ssl=1\" alt=\"\" class=\"wp-image-71418\" srcset=\"https:\/\/i0.wp.com\/elregionalvm.com.ar\/noticias-villa-maria\/wp-content\/uploads\/2023\/02\/Etruria-Bomberos-plazoleta-panoramica.jpg?w=1000&amp;ssl=1 1000w, https:\/\/i0.wp.com\/elregionalvm.com.ar\/noticias-villa-maria\/wp-content\/uploads\/2023\/02\/Etruria-Bomberos-plazoleta-panoramica.jpg?resize=300%2C169&amp;ssl=1 300w, https:\/\/i0.wp.com\/elregionalvm.com.ar\/noticias-villa-maria\/wp-content\/uploads\/2023\/02\/Etruria-Bomberos-plazoleta-panoramica.jpg?resize=768%2C432&amp;ssl=1 768w\" sizes=\"(max-width: 1000px) 100vw, 1000px\" \/><\/figure>\n\n\n\n<p><br>La obra fue realizada de modo conjunto entre el municipio y la organizaci\u00f3n Bomberos Voluntarios de la localidad.<\/p>\n\n\n\n<p><\/p>\n\n\n\n<figure class=\"wp-block-image size-full\"><img data-recalc-dims=\"1\" decoding=\"async\" width=\"1000\" height=\"608\" src=\"https:\/\/i0.wp.com\/elregionalvm.com.ar\/noticias-villa-maria\/wp-content\/uploads\/2023\/02\/Etruria-Bomberos-plazoleta-estatua.jpg?resize=1000%2C608&#038;ssl=1\" alt=\"\" class=\"wp-image-71416\" srcset=\"https:\/\/i0.wp.com\/elregionalvm.com.ar\/noticias-villa-maria\/wp-content\/uploads\/2023\/02\/Etruria-Bomberos-plazoleta-estatua.jpg?w=1000&amp;ssl=1 1000w, https:\/\/i0.wp.com\/elregionalvm.com.ar\/noticias-villa-maria\/wp-content\/uploads\/2023\/02\/Etruria-Bomberos-plazoleta-estatua.jpg?resize=300%2C182&amp;ssl=1 300w, https:\/\/i0.wp.com\/elregionalvm.com.ar\/noticias-villa-maria\/wp-content\/uploads\/2023\/02\/Etruria-Bomberos-plazoleta-estatua.jpg?resize=768%2C467&amp;ssl=1 768w\" sizes=\"(max-width: 1000px) 100vw, 1000px\" \/><\/figure>\n\n\n\n<p><br><\/p>\n\n\n\n<p>En el acto oficial, se cont\u00f3 con la visita de Claudio Vignetta, secretario de Gesti\u00f3n de Riesgo Clim\u00e1tico y Cat\u00e1strofes de la Provincia de C\u00f3rdoba, quien hizo entrega de un aporte de 500 mil pesos a los bomberos.<\/p>\n\n\n\n<p><\/p>\n\n\n\n<p><\/p>\n\n\n\n<figure class=\"wp-block-image size-full\"><img data-recalc-dims=\"1\" decoding=\"async\" width=\"1000\" height=\"667\" src=\"https:\/\/i0.wp.com\/elregionalvm.com.ar\/noticias-villa-maria\/wp-content\/uploads\/2023\/02\/Etruria-Bomberos-plazoleta-aporte.jpg?resize=1000%2C667&#038;ssl=1\" alt=\"\" class=\"wp-image-71417\" srcset=\"https:\/\/i0.wp.com\/elregionalvm.com.ar\/noticias-villa-maria\/wp-content\/uploads\/2023\/02\/Etruria-Bomberos-plazoleta-aporte.jpg?w=1000&amp;ssl=1 1000w, https:\/\/i0.wp.com\/elregionalvm.com.ar\/noticias-villa-maria\/wp-content\/uploads\/2023\/02\/Etruria-Bomberos-plazoleta-aporte.jpg?resize=300%2C200&amp;ssl=1 300w, https:\/\/i0.wp.com\/elregionalvm.com.ar\/noticias-villa-maria\/wp-content\/uploads\/2023\/02\/Etruria-Bomberos-plazoleta-aporte.jpg?resize=768%2C512&amp;ssl=1 768w\" sizes=\"(max-width: 1000px) 100vw, 1000px\" \/><\/figure>\n\n\n\n<p><\/p>\n","protected":false},"excerpt":{"rendered":"<p>El s\u00e1bado 4 de febrero, el intendente de Etruria Maximiliano Andr\u00e9s inaugur\u00f3 la Plazoleta del Bombero. El espacio verde se encuentra ubicado en calle Santiago D\u00edaz, entre Pedro Pelleschi y Santiago Kenny. La obra fue realizada de modo conjunto entre el municipio y la organizaci\u00f3n Bomberos Voluntarios de la localidad. En el acto oficial, se [&hellip;]<\/p>\n","protected":false},"author":4,"featured_media":71415,"comment_status":"open","ping_status":"open","sticky":false,"template":"","format":"standard","meta":{"site-sidebar-layout":"default","site-content-layout":"","ast-site-content-layout":"default","site-content-style":"default","site-sidebar-style":"default","ast-global-header-display":"","ast-banner-title-visibility":"","ast-main-header-display":"","ast-hfb-above-header-display":"","ast-hfb-below-header-display":"","ast-hfb-mobile-header-display":"","site-post-title":"","ast-breadcrumbs-content":"","ast-featured-img":"","footer-sml-layout":"","ast-disable-related-posts":"","theme-transparent-header-meta":"","adv-header-id-meta":"","stick-header-meta":"","header-above-stick-meta":"","header-main-stick-meta":"","header-below-stick-meta":"","astra-migrate-meta-layouts":"default","ast-page-background-enabled":"default","ast-page-background-meta":{"desktop":{"background-color":"","background-image":"","background-repeat":"repeat","background-position":"center center","background-size":"auto","background-attachment":"scroll","background-type":"","background-media":"","overlay-type":"","overlay-color":"","overlay-opacity":"","overlay-gradient":""},"tablet":{"background-color":"","background-image":"","background-repeat":"repeat","background-position":"center center","background-size":"auto","background-attachment":"scroll","background-type":"","background-media":"","overlay-type":"","overlay-color":"","overlay-opacity":"","overlay-gradient":""},"mobile":{"background-color":"","background-image":"","background-repeat":"repeat","background-position":"center center","background-size":"auto","background-attachment":"scroll","background-type":"","background-media":"","overlay-type":"","overlay-color":"","overlay-opacity":"","overlay-gradient":""}},"ast-content-background-meta":{"desktop":{"background-color":"var(--ast-global-color-5)","background-image":"","background-repeat":"repeat","background-position":"center center","background-size":"auto","background-attachment":"scroll","background-type":"","background-media":"","overlay-type":"","overlay-color":"","overlay-opacity":"","overlay-gradient":""},"tablet":{"background-color":"var(--ast-global-color-5)","background-image":"","background-repeat":"repeat","background-position":"center center","background-size":"auto","background-attachment":"scroll","background-type":"","background-media":"","overlay-type":"","overlay-color":"","overlay-opacity":"","overlay-gradient":""},"mobile":{"background-color":"var(--ast-global-color-5)","background-image":"","background-repeat":"repeat","background-position":"center center","background-size":"auto","background-attachment":"scroll","background-type":"","background-media":"","overlay-type":"","overlay-color":"","overlay-opacity":"","overlay-gradient":""}},"_jetpack_memberships_contains_paid_content":false,"_joinchat":[],"footnotes":""},"categories":[2091],"tags":[8861,3590,7575,14478,1096,12421,3232,10673,1192,7496],"class_list":["post-71413","post","type-post","status-publish","format-standard","has-post-thumbnail","hentry","category-region","tag-aporte","tag-bomberos-voluntarios","tag-claudio-vignetta","tag-espacio-verde","tag-etruria","tag-gobierno-de-la-provincia-de-cordoba","tag-inauguracion","tag-maximiliano-andres","tag-obra","tag-plazoleta"],"yoast_head":"<!-- This site is optimized with the Yoast SEO plugin v26.8 - https:\/\/yoast.com\/product\/yoast-seo-wordpress\/ -->\n<title>Los Bomberos Voluntarios ya tienen su plazoleta en Etruria - El Regional<\/title>\n<meta name=\"robots\" content=\"index, follow, max-snippet:-1, max-image-preview:large, max-video-preview:-1\" \/>\n<link rel=\"canonical\" href=\"http:\/\/elregionalvm.com.ar\/noticias-villa-maria\/los-bomberos-voluntarios-ya-tienen-su-plazoleta-en-etruria\/\" \/>\n<meta property=\"og:locale\" content=\"es_ES\" \/>\n<meta property=\"og:type\" content=\"article\" \/>\n<meta property=\"og:title\" content=\"Los Bomberos Voluntarios ya tienen su plazoleta en Etruria - El Regional\" \/>\n<meta property=\"og:description\" content=\"El s\u00e1bado 4 de febrero, el intendente de Etruria Maximiliano Andr\u00e9s inaugur\u00f3 la Plazoleta del Bombero. El espacio verde se encuentra ubicado en calle Santiago D\u00edaz, entre Pedro Pelleschi y Santiago Kenny. La obra fue realizada de modo conjunto entre el municipio y la organizaci\u00f3n Bomberos Voluntarios de la localidad. En el acto oficial, se [&hellip;]\" \/>\n<meta property=\"og:url\" content=\"http:\/\/elregionalvm.com.ar\/noticias-villa-maria\/los-bomberos-voluntarios-ya-tienen-su-plazoleta-en-etruria\/\" \/>\n<meta property=\"og:site_name\" content=\"El Regional\" \/>\n<meta property=\"article:publisher\" content=\"https:\/\/www.facebook.com\/elregionalvm\" \/>\n<meta property=\"article:published_time\" content=\"2023-02-07T13:03:00+00:00\" \/>\n<meta property=\"article:modified_time\" content=\"2023-02-07T21:01:12+00:00\" \/>\n<meta property=\"og:image\" content=\"http:\/\/elregionalvm.com.ar\/noticias-villa-maria\/wp-content\/uploads\/2023\/02\/Etruria-Bomberos-plazoleta.jpg\" \/>\n\t<meta property=\"og:image:width\" content=\"1000\" \/>\n\t<meta property=\"og:image:height\" content=\"576\" \/>\n\t<meta property=\"og:image:type\" content=\"image\/jpeg\" \/>\n<meta name=\"author\" content=\"Contenidos El Regional\" \/>\n<meta name=\"twitter:card\" content=\"summary_large_image\" \/>\n<meta name=\"twitter:creator\" content=\"@elregionalvm1\" \/>\n<meta name=\"twitter:site\" content=\"@elregionalvm1\" \/>\n<meta name=\"twitter:label1\" content=\"Escrito por\" \/>\n\t<meta name=\"twitter:data1\" content=\"Contenidos El Regional\" \/>\n\t<meta name=\"twitter:label2\" content=\"Tiempo de lectura\" \/>\n\t<meta name=\"twitter:data2\" content=\"2 minutos\" \/>\n<script type=\"application\/ld+json\" class=\"yoast-schema-graph\">{\"@context\":\"https:\/\/schema.org\",\"@graph\":[{\"@type\":\"Article\",\"@id\":\"http:\/\/elregionalvm.com.ar\/noticias-villa-maria\/los-bomberos-voluntarios-ya-tienen-su-plazoleta-en-etruria\/#article\",\"isPartOf\":{\"@id\":\"http:\/\/elregionalvm.com.ar\/noticias-villa-maria\/los-bomberos-voluntarios-ya-tienen-su-plazoleta-en-etruria\/\"},\"author\":{\"name\":\"Contenidos El Regional\",\"@id\":\"http:\/\/elregionalvm.com.ar\/noticias-villa-maria\/#\/schema\/person\/a0fb9c422317faca23d50163151bc354\"},\"headline\":\"Los Bomberos Voluntarios ya tienen su plazoleta en Etruria\",\"datePublished\":\"2023-02-07T13:03:00+00:00\",\"dateModified\":\"2023-02-07T21:01:12+00:00\",\"mainEntityOfPage\":{\"@id\":\"http:\/\/elregionalvm.com.ar\/noticias-villa-maria\/los-bomberos-voluntarios-ya-tienen-su-plazoleta-en-etruria\/\"},\"wordCount\":103,\"commentCount\":0,\"image\":{\"@id\":\"http:\/\/elregionalvm.com.ar\/noticias-villa-maria\/los-bomberos-voluntarios-ya-tienen-su-plazoleta-en-etruria\/#primaryimage\"},\"thumbnailUrl\":\"https:\/\/i0.wp.com\/elregionalvm.com.ar\/noticias-villa-maria\/wp-content\/uploads\/2023\/02\/Etruria-Bomberos-plazoleta.jpg?fit=1000%2C576&ssl=1\",\"keywords\":[\"aporte\",\"Bomberos Voluntarios\",\"Claudio Vignetta\",\"espacio verde\",\"Etruria\",\"Gobierno de la Provincia de C\u00f3rdoba\",\"inauguraci\u00f3n\",\"Maximiliano Andr\u00e9s\",\"obra\",\"plazoleta\"],\"articleSection\":[\"Regi\u00f3n\"],\"inLanguage\":\"es\",\"potentialAction\":[{\"@type\":\"CommentAction\",\"name\":\"Comment\",\"target\":[\"http:\/\/elregionalvm.com.ar\/noticias-villa-maria\/los-bomberos-voluntarios-ya-tienen-su-plazoleta-en-etruria\/#respond\"]}]},{\"@type\":\"WebPage\",\"@id\":\"http:\/\/elregionalvm.com.ar\/noticias-villa-maria\/los-bomberos-voluntarios-ya-tienen-su-plazoleta-en-etruria\/\",\"url\":\"http:\/\/elregionalvm.com.ar\/noticias-villa-maria\/los-bomberos-voluntarios-ya-tienen-su-plazoleta-en-etruria\/\",\"name\":\"Los Bomberos Voluntarios ya tienen su plazoleta en Etruria - El Regional\",\"isPartOf\":{\"@id\":\"http:\/\/elregionalvm.com.ar\/noticias-villa-maria\/#website\"},\"primaryImageOfPage\":{\"@id\":\"http:\/\/elregionalvm.com.ar\/noticias-villa-maria\/los-bomberos-voluntarios-ya-tienen-su-plazoleta-en-etruria\/#primaryimage\"},\"image\":{\"@id\":\"http:\/\/elregionalvm.com.ar\/noticias-villa-maria\/los-bomberos-voluntarios-ya-tienen-su-plazoleta-en-etruria\/#primaryimage\"},\"thumbnailUrl\":\"https:\/\/i0.wp.com\/elregionalvm.com.ar\/noticias-villa-maria\/wp-content\/uploads\/2023\/02\/Etruria-Bomberos-plazoleta.jpg?fit=1000%2C576&ssl=1\",\"datePublished\":\"2023-02-07T13:03:00+00:00\",\"dateModified\":\"2023-02-07T21:01:12+00:00\",\"author\":{\"@id\":\"http:\/\/elregionalvm.com.ar\/noticias-villa-maria\/#\/schema\/person\/a0fb9c422317faca23d50163151bc354\"},\"breadcrumb\":{\"@id\":\"http:\/\/elregionalvm.com.ar\/noticias-villa-maria\/los-bomberos-voluntarios-ya-tienen-su-plazoleta-en-etruria\/#breadcrumb\"},\"inLanguage\":\"es\",\"potentialAction\":[{\"@type\":\"ReadAction\",\"target\":[\"http:\/\/elregionalvm.com.ar\/noticias-villa-maria\/los-bomberos-voluntarios-ya-tienen-su-plazoleta-en-etruria\/\"]}]},{\"@type\":\"ImageObject\",\"inLanguage\":\"es\",\"@id\":\"http:\/\/elregionalvm.com.ar\/noticias-villa-maria\/los-bomberos-voluntarios-ya-tienen-su-plazoleta-en-etruria\/#primaryimage\",\"url\":\"https:\/\/i0.wp.com\/elregionalvm.com.ar\/noticias-villa-maria\/wp-content\/uploads\/2023\/02\/Etruria-Bomberos-plazoleta.jpg?fit=1000%2C576&ssl=1\",\"contentUrl\":\"https:\/\/i0.wp.com\/elregionalvm.com.ar\/noticias-villa-maria\/wp-content\/uploads\/2023\/02\/Etruria-Bomberos-plazoleta.jpg?fit=1000%2C576&ssl=1\",\"width\":1000,\"height\":576},{\"@type\":\"BreadcrumbList\",\"@id\":\"http:\/\/elregionalvm.com.ar\/noticias-villa-maria\/los-bomberos-voluntarios-ya-tienen-su-plazoleta-en-etruria\/#breadcrumb\",\"itemListElement\":[{\"@type\":\"ListItem\",\"position\":1,\"name\":\"Portada\",\"item\":\"https:\/\/elregionalvm.com.ar\/noticias-villa-maria\/\"},{\"@type\":\"ListItem\",\"position\":2,\"name\":\"Los Bomberos Voluntarios ya tienen su plazoleta en Etruria\"}]},{\"@type\":\"WebSite\",\"@id\":\"http:\/\/elregionalvm.com.ar\/noticias-villa-maria\/#website\",\"url\":\"http:\/\/elregionalvm.com.ar\/noticias-villa-maria\/\",\"name\":\"El Regional\",\"description\":\"Mucho m\u00e1s que informaci\u00f3n\",\"potentialAction\":[{\"@type\":\"SearchAction\",\"target\":{\"@type\":\"EntryPoint\",\"urlTemplate\":\"http:\/\/elregionalvm.com.ar\/noticias-villa-maria\/?s={search_term_string}\"},\"query-input\":{\"@type\":\"PropertyValueSpecification\",\"valueRequired\":true,\"valueName\":\"search_term_string\"}}],\"inLanguage\":\"es\"},{\"@type\":\"Person\",\"@id\":\"http:\/\/elregionalvm.com.ar\/noticias-villa-maria\/#\/schema\/person\/a0fb9c422317faca23d50163151bc354\",\"name\":\"Contenidos El Regional\",\"image\":{\"@type\":\"ImageObject\",\"inLanguage\":\"es\",\"@id\":\"http:\/\/elregionalvm.com.ar\/noticias-villa-maria\/#\/schema\/person\/image\/\",\"url\":\"https:\/\/secure.gravatar.com\/avatar\/265b27cb2209af7bb3a1318f03305787d7981a5cc6e6cd08fe5a4ecdf99d4b48?s=96&d=mm&r=g\",\"contentUrl\":\"https:\/\/secure.gravatar.com\/avatar\/265b27cb2209af7bb3a1318f03305787d7981a5cc6e6cd08fe5a4ecdf99d4b48?s=96&d=mm&r=g\",\"caption\":\"Contenidos El Regional\"},\"url\":\"https:\/\/elregionalvm.com.ar\/noticias-villa-maria\/author\/contenido\/\"}]}<\/script>\n<!-- \/ Yoast SEO plugin. -->","yoast_head_json":{"title":"Los Bomberos Voluntarios ya tienen su plazoleta en Etruria - El Regional","robots":{"index":"index","follow":"follow","max-snippet":"max-snippet:-1","max-image-preview":"max-image-preview:large","max-video-preview":"max-video-preview:-1"},"canonical":"http:\/\/elregionalvm.com.ar\/noticias-villa-maria\/los-bomberos-voluntarios-ya-tienen-su-plazoleta-en-etruria\/","og_locale":"es_ES","og_type":"article","og_title":"Los Bomberos Voluntarios ya tienen su plazoleta en Etruria - El Regional","og_description":"El s\u00e1bado 4 de febrero, el intendente de Etruria Maximiliano Andr\u00e9s inaugur\u00f3 la Plazoleta del Bombero. El espacio verde se encuentra ubicado en calle Santiago D\u00edaz, entre Pedro Pelleschi y Santiago Kenny. La obra fue realizada de modo conjunto entre el municipio y la organizaci\u00f3n Bomberos Voluntarios de la localidad. En el acto oficial, se [&hellip;]","og_url":"http:\/\/elregionalvm.com.ar\/noticias-villa-maria\/los-bomberos-voluntarios-ya-tienen-su-plazoleta-en-etruria\/","og_site_name":"El Regional","article_publisher":"https:\/\/www.facebook.com\/elregionalvm","article_published_time":"2023-02-07T13:03:00+00:00","article_modified_time":"2023-02-07T21:01:12+00:00","og_image":[{"width":1000,"height":576,"url":"http:\/\/elregionalvm.com.ar\/noticias-villa-maria\/wp-content\/uploads\/2023\/02\/Etruria-Bomberos-plazoleta.jpg","type":"image\/jpeg"}],"author":"Contenidos El Regional","twitter_card":"summary_large_image","twitter_creator":"@elregionalvm1","twitter_site":"@elregionalvm1","twitter_misc":{"Escrito por":"Contenidos El Regional","Tiempo de lectura":"2 minutos"},"schema":{"@context":"https:\/\/schema.org","@graph":[{"@type":"Article","@id":"http:\/\/elregionalvm.com.ar\/noticias-villa-maria\/los-bomberos-voluntarios-ya-tienen-su-plazoleta-en-etruria\/#article","isPartOf":{"@id":"http:\/\/elregionalvm.com.ar\/noticias-villa-maria\/los-bomberos-voluntarios-ya-tienen-su-plazoleta-en-etruria\/"},"author":{"name":"Contenidos El Regional","@id":"http:\/\/elregionalvm.com.ar\/noticias-villa-maria\/#\/schema\/person\/a0fb9c422317faca23d50163151bc354"},"headline":"Los Bomberos Voluntarios ya tienen su plazoleta en Etruria","datePublished":"2023-02-07T13:03:00+00:00","dateModified":"2023-02-07T21:01:12+00:00","mainEntityOfPage":{"@id":"http:\/\/elregionalvm.com.ar\/noticias-villa-maria\/los-bomberos-voluntarios-ya-tienen-su-plazoleta-en-etruria\/"},"wordCount":103,"commentCount":0,"image":{"@id":"http:\/\/elregionalvm.com.ar\/noticias-villa-maria\/los-bomberos-voluntarios-ya-tienen-su-plazoleta-en-etruria\/#primaryimage"},"thumbnailUrl":"https:\/\/i0.wp.com\/elregionalvm.com.ar\/noticias-villa-maria\/wp-content\/uploads\/2023\/02\/Etruria-Bomberos-plazoleta.jpg?fit=1000%2C576&ssl=1","keywords":["aporte","Bomberos Voluntarios","Claudio Vignetta","espacio verde","Etruria","Gobierno de la Provincia de C\u00f3rdoba","inauguraci\u00f3n","Maximiliano Andr\u00e9s","obra","plazoleta"],"articleSection":["Regi\u00f3n"],"inLanguage":"es","potentialAction":[{"@type":"CommentAction","name":"Comment","target":["http:\/\/elregionalvm.com.ar\/noticias-villa-maria\/los-bomberos-voluntarios-ya-tienen-su-plazoleta-en-etruria\/#respond"]}]},{"@type":"WebPage","@id":"http:\/\/elregionalvm.com.ar\/noticias-villa-maria\/los-bomberos-voluntarios-ya-tienen-su-plazoleta-en-etruria\/","url":"http:\/\/elregionalvm.com.ar\/noticias-villa-maria\/los-bomberos-voluntarios-ya-tienen-su-plazoleta-en-etruria\/","name":"Los Bomberos Voluntarios ya tienen su plazoleta en Etruria - El Regional","isPartOf":{"@id":"http:\/\/elregionalvm.com.ar\/noticias-villa-maria\/#website"},"primaryImageOfPage":{"@id":"http:\/\/elregionalvm.com.ar\/noticias-villa-maria\/los-bomberos-voluntarios-ya-tienen-su-plazoleta-en-etruria\/#primaryimage"},"image":{"@id":"http:\/\/elregionalvm.com.ar\/noticias-villa-maria\/los-bomberos-voluntarios-ya-tienen-su-plazoleta-en-etruria\/#primaryimage"},"thumbnailUrl":"https:\/\/i0.wp.com\/elregionalvm.com.ar\/noticias-villa-maria\/wp-content\/uploads\/2023\/02\/Etruria-Bomberos-plazoleta.jpg?fit=1000%2C576&ssl=1","datePublished":"2023-02-07T13:03:00+00:00","dateModified":"2023-02-07T21:01:12+00:00","author":{"@id":"http:\/\/elregionalvm.com.ar\/noticias-villa-maria\/#\/schema\/person\/a0fb9c422317faca23d50163151bc354"},"breadcrumb":{"@id":"http:\/\/elregionalvm.com.ar\/noticias-villa-maria\/los-bomberos-voluntarios-ya-tienen-su-plazoleta-en-etruria\/#breadcrumb"},"inLanguage":"es","potentialAction":[{"@type":"ReadAction","target":["http:\/\/elregionalvm.com.ar\/noticias-villa-maria\/los-bomberos-voluntarios-ya-tienen-su-plazoleta-en-etruria\/"]}]},{"@type":"ImageObject","inLanguage":"es","@id":"http:\/\/elregionalvm.com.ar\/noticias-villa-maria\/los-bomberos-voluntarios-ya-tienen-su-plazoleta-en-etruria\/#primaryimage","url":"https:\/\/i0.wp.com\/elregionalvm.com.ar\/noticias-villa-maria\/wp-content\/uploads\/2023\/02\/Etruria-Bomberos-plazoleta.jpg?fit=1000%2C576&ssl=1","contentUrl":"https:\/\/i0.wp.com\/elregionalvm.com.ar\/noticias-villa-maria\/wp-content\/uploads\/2023\/02\/Etruria-Bomberos-plazoleta.jpg?fit=1000%2C576&ssl=1","width":1000,"height":576},{"@type":"BreadcrumbList","@id":"http:\/\/elregionalvm.com.ar\/noticias-villa-maria\/los-bomberos-voluntarios-ya-tienen-su-plazoleta-en-etruria\/#breadcrumb","itemListElement":[{"@type":"ListItem","position":1,"name":"Portada","item":"https:\/\/elregionalvm.com.ar\/noticias-villa-maria\/"},{"@type":"ListItem","position":2,"name":"Los Bomberos Voluntarios ya tienen su plazoleta en Etruria"}]},{"@type":"WebSite","@id":"http:\/\/elregionalvm.com.ar\/noticias-villa-maria\/#website","url":"http:\/\/elregionalvm.com.ar\/noticias-villa-maria\/","name":"El Regional","description":"Mucho m\u00e1s que informaci\u00f3n","potentialAction":[{"@type":"SearchAction","target":{"@type":"EntryPoint","urlTemplate":"http:\/\/elregionalvm.com.ar\/noticias-villa-maria\/?s={search_term_string}"},"query-input":{"@type":"PropertyValueSpecification","valueRequired":true,"valueName":"search_term_string"}}],"inLanguage":"es"},{"@type":"Person","@id":"http:\/\/elregionalvm.com.ar\/noticias-villa-maria\/#\/schema\/person\/a0fb9c422317faca23d50163151bc354","name":"Contenidos El Regional","image":{"@type":"ImageObject","inLanguage":"es","@id":"http:\/\/elregionalvm.com.ar\/noticias-villa-maria\/#\/schema\/person\/image\/","url":"https:\/\/secure.gravatar.com\/avatar\/265b27cb2209af7bb3a1318f03305787d7981a5cc6e6cd08fe5a4ecdf99d4b48?s=96&d=mm&r=g","contentUrl":"https:\/\/secure.gravatar.com\/avatar\/265b27cb2209af7bb3a1318f03305787d7981a5cc6e6cd08fe5a4ecdf99d4b48?s=96&d=mm&r=g","caption":"Contenidos El Regional"},"url":"https:\/\/elregionalvm.com.ar\/noticias-villa-maria\/author\/contenido\/"}]}},"jetpack_featured_media_url":"https:\/\/i0.wp.com\/elregionalvm.com.ar\/noticias-villa-maria\/wp-content\/uploads\/2023\/02\/Etruria-Bomberos-plazoleta.jpg?fit=1000%2C576&ssl=1","jetpack_sharing_enabled":true,"_links":{"self":[{"href":"https:\/\/elregionalvm.com.ar\/noticias-villa-maria\/wp-json\/wp\/v2\/posts\/71413","targetHints":{"allow":["GET"]}}],"collection":[{"href":"https:\/\/elregionalvm.com.ar\/noticias-villa-maria\/wp-json\/wp\/v2\/posts"}],"about":[{"href":"https:\/\/elregionalvm.com.ar\/noticias-villa-maria\/wp-json\/wp\/v2\/types\/post"}],"author":[{"embeddable":true,"href":"https:\/\/elregionalvm.com.ar\/noticias-villa-maria\/wp-json\/wp\/v2\/users\/4"}],"replies":[{"embeddable":true,"href":"https:\/\/elregionalvm.com.ar\/noticias-villa-maria\/wp-json\/wp\/v2\/comments?post=71413"}],"version-history":[{"count":2,"href":"https:\/\/elregionalvm.com.ar\/noticias-villa-maria\/wp-json\/wp\/v2\/posts\/71413\/revisions"}],"predecessor-version":[{"id":71420,"href":"https:\/\/elregionalvm.com.ar\/noticias-villa-maria\/wp-json\/wp\/v2\/posts\/71413\/revisions\/71420"}],"wp:featuredmedia":[{"embeddable":true,"href":"https:\/\/elregionalvm.com.ar\/noticias-villa-maria\/wp-json\/wp\/v2\/media\/71415"}],"wp:attachment":[{"href":"https:\/\/elregionalvm.com.ar\/noticias-villa-maria\/wp-json\/wp\/v2\/media?parent=71413"}],"wp:term":[{"taxonomy":"category","embeddable":true,"href":"https:\/\/elregionalvm.com.ar\/noticias-villa-maria\/wp-json\/wp\/v2\/categories?post=71413"},{"taxonomy":"post_tag","embeddable":true,"href":"https:\/\/elregionalvm.com.ar\/noticias-villa-maria\/wp-json\/wp\/v2\/tags?post=71413"}],"curies":[{"name":"wp","href":"https:\/\/api.w.org\/{rel}","templated":true}]}}