{"id":71421,"date":"2023-02-07T16:36:28","date_gmt":"2023-02-07T16:36:28","guid":{"rendered":"https:\/\/elregionalvm.com.ar\/noticias-villa-maria\/?p=71421"},"modified":"2023-02-07T21:03:34","modified_gmt":"2023-02-07T21:03:34","slug":"un-hombre-de-29-anos-fue-detenido-por-tenencia-de-material-de-abuso-sexual-infantil","status":"publish","type":"post","link":"https:\/\/elregionalvm.com.ar\/noticias-villa-maria\/un-hombre-de-29-anos-fue-detenido-por-tenencia-de-material-de-abuso-sexual-infantil\/","title":{"rendered":"Un hombre de 29 a\u00f1os fue detenido por tenencia de material de abuso sexual infantil"},"content":{"rendered":"\n<p><\/p>\n\n\n\n<p>Un hombre de 29 a\u00f1os de edad fue detenido por el delito de tenencia de archivos de abuso sexual infantil.<\/p>\n\n\n\n<p>La orden de aprehensi\u00f3n fue indicada por la fiscal\u00eda de instrucci\u00f3n de segundo turno de Villa Mar\u00eda, a cargo de Juliana Companys.<\/p>\n\n\n\n<p>La investigaci\u00f3n fue originada con motivo de una denuncia efectuada por el National Center of Missing and Exploted Children y llevada a cabo por personal de la secci\u00f3n de Cibercrimen de la DIO, quienes lograron la individualizaci\u00f3n del autor del incidente.<\/p>\n\n\n\n<p>El equipo de la DIO junto a personal de la brigada de Investigaciones de la ciudad, realizaron el allanamiento en el domicilio del sujeto, en la localidad de T\u00edo Pujio, seg\u00fan confirm\u00f3 Companys a <strong><a href=\"http:\/\/www.e;regionalvm.com.ar\">El REGIONAL.<\/a><\/strong><\/p>\n\n\n\n<p>Se logr\u00f3 acreditar los extremos denunciados y secuestrar el dispositivo donde se encontr\u00f3&nbsp; el material probatorio.<\/p>\n","protected":false},"excerpt":{"rendered":"<p>Un hombre de 29 a\u00f1os de edad fue detenido por el delito de tenencia de archivos de abuso sexual infantil. La orden de aprehensi\u00f3n fue indicada por la fiscal\u00eda de instrucci\u00f3n de segundo turno de Villa Mar\u00eda, a cargo de Juliana Companys. La investigaci\u00f3n fue originada con motivo de una denuncia efectuada por el National [&hellip;]<\/p>\n","protected":false},"author":4,"featured_media":71422,"comment_status":"open","ping_status":"open","sticky":false,"template":"","format":"standard","meta":{"site-sidebar-layout":"default","site-content-layout":"","ast-site-content-layout":"default","site-content-style":"default","site-sidebar-style":"default","ast-global-header-display":"","ast-banner-title-visibility":"","ast-main-header-display":"","ast-hfb-above-header-display":"","ast-hfb-below-header-display":"","ast-hfb-mobile-header-display":"","site-post-title":"","ast-breadcrumbs-content":"","ast-featured-img":"","footer-sml-layout":"","ast-disable-related-posts":"","theme-transparent-header-meta":"","adv-header-id-meta":"","stick-header-meta":"","header-above-stick-meta":"","header-main-stick-meta":"","header-below-stick-meta":"","astra-migrate-meta-layouts":"default","ast-page-background-enabled":"default","ast-page-background-meta":{"desktop":{"background-color":"","background-image":"","background-repeat":"repeat","background-position":"center center","background-size":"auto","background-attachment":"scroll","background-type":"","background-media":"","overlay-type":"","overlay-color":"","overlay-opacity":"","overlay-gradient":""},"tablet":{"background-color":"","background-image":"","background-repeat":"repeat","background-position":"center center","background-size":"auto","background-attachment":"scroll","background-type":"","background-media":"","overlay-type":"","overlay-color":"","overlay-opacity":"","overlay-gradient":""},"mobile":{"background-color":"","background-image":"","background-repeat":"repeat","background-position":"center center","background-size":"auto","background-attachment":"scroll","background-type":"","background-media":"","overlay-type":"","overlay-color":"","overlay-opacity":"","overlay-gradient":""}},"ast-content-background-meta":{"desktop":{"background-color":"var(--ast-global-color-5)","background-image":"","background-repeat":"repeat","background-position":"center center","background-size":"auto","background-attachment":"scroll","background-type":"","background-media":"","overlay-type":"","overlay-color":"","overlay-opacity":"","overlay-gradient":""},"tablet":{"background-color":"var(--ast-global-color-5)","background-image":"","background-repeat":"repeat","background-position":"center center","background-size":"auto","background-attachment":"scroll","background-type":"","background-media":"","overlay-type":"","overlay-color":"","overlay-opacity":"","overlay-gradient":""},"mobile":{"background-color":"var(--ast-global-color-5)","background-image":"","background-repeat":"repeat","background-position":"center center","background-size":"auto","background-attachment":"scroll","background-type":"","background-media":"","overlay-type":"","overlay-color":"","overlay-opacity":"","overlay-gradient":""}},"_jetpack_memberships_contains_paid_content":false,"_joinchat":[],"footnotes":""},"categories":[15302,2234,2091,2],"tags":[5350,5431,6478,13677,2472,19604,2248],"class_list":["post-71421","post","type-post","status-publish","format-standard","has-post-thumbnail","hentry","category-destacado","category-policiales","category-region","category-villa-maria","tag-abuso","tag-abuso-sexual-infantil","tag-detenido-por-abuso-sexual","tag-fiscal-juliana-companys","tag-mpf","tag-tenencia-de-material-pornografico","tag-villa-maria-2"],"yoast_head":"<!-- This site is optimized with the Yoast SEO plugin v26.8 - https:\/\/yoast.com\/product\/yoast-seo-wordpress\/ -->\n<title>Un hombre de 29 a\u00f1os fue detenido por tenencia de material de abuso sexual infantil - El Regional<\/title>\n<meta name=\"robots\" content=\"index, follow, max-snippet:-1, max-image-preview:large, max-video-preview:-1\" \/>\n<link rel=\"canonical\" href=\"http:\/\/elregionalvm.com.ar\/noticias-villa-maria\/un-hombre-de-29-anos-fue-detenido-por-tenencia-de-material-de-abuso-sexual-infantil\/\" \/>\n<meta property=\"og:locale\" content=\"es_ES\" \/>\n<meta property=\"og:type\" content=\"article\" \/>\n<meta property=\"og:title\" content=\"Un hombre de 29 a\u00f1os fue detenido por tenencia de material de abuso sexual infantil - El Regional\" \/>\n<meta property=\"og:description\" content=\"Un hombre de 29 a\u00f1os de edad fue detenido por el delito de tenencia de archivos de abuso sexual infantil. La orden de aprehensi\u00f3n fue indicada por la fiscal\u00eda de instrucci\u00f3n de segundo turno de Villa Mar\u00eda, a cargo de Juliana Companys. La investigaci\u00f3n fue originada con motivo de una denuncia efectuada por el National [&hellip;]\" \/>\n<meta property=\"og:url\" content=\"http:\/\/elregionalvm.com.ar\/noticias-villa-maria\/un-hombre-de-29-anos-fue-detenido-por-tenencia-de-material-de-abuso-sexual-infantil\/\" \/>\n<meta property=\"og:site_name\" content=\"El Regional\" \/>\n<meta property=\"article:publisher\" content=\"https:\/\/www.facebook.com\/elregionalvm\" \/>\n<meta property=\"article:published_time\" content=\"2023-02-07T16:36:28+00:00\" \/>\n<meta property=\"article:modified_time\" content=\"2023-02-07T21:03:34+00:00\" \/>\n<meta property=\"og:image\" content=\"http:\/\/elregionalvm.com.ar\/noticias-villa-maria\/wp-content\/uploads\/2023\/02\/Detenido-abuso-sexual-VM-feb-23.jpg\" \/>\n\t<meta property=\"og:image:width\" content=\"706\" \/>\n\t<meta property=\"og:image:height\" content=\"636\" \/>\n\t<meta property=\"og:image:type\" content=\"image\/jpeg\" \/>\n<meta name=\"author\" content=\"Contenidos El Regional\" \/>\n<meta name=\"twitter:card\" content=\"summary_large_image\" \/>\n<meta name=\"twitter:creator\" content=\"@elregionalvm1\" \/>\n<meta name=\"twitter:site\" content=\"@elregionalvm1\" \/>\n<meta name=\"twitter:label1\" content=\"Escrito por\" \/>\n\t<meta name=\"twitter:data1\" content=\"Contenidos El Regional\" \/>\n\t<meta name=\"twitter:label2\" content=\"Tiempo de lectura\" \/>\n\t<meta name=\"twitter:data2\" content=\"1 minuto\" \/>\n<script type=\"application\/ld+json\" class=\"yoast-schema-graph\">{\"@context\":\"https:\/\/schema.org\",\"@graph\":[{\"@type\":\"Article\",\"@id\":\"http:\/\/elregionalvm.com.ar\/noticias-villa-maria\/un-hombre-de-29-anos-fue-detenido-por-tenencia-de-material-de-abuso-sexual-infantil\/#article\",\"isPartOf\":{\"@id\":\"http:\/\/elregionalvm.com.ar\/noticias-villa-maria\/un-hombre-de-29-anos-fue-detenido-por-tenencia-de-material-de-abuso-sexual-infantil\/\"},\"author\":{\"name\":\"Contenidos El Regional\",\"@id\":\"http:\/\/elregionalvm.com.ar\/noticias-villa-maria\/#\/schema\/person\/a0fb9c422317faca23d50163151bc354\"},\"headline\":\"Un hombre de 29 a\u00f1os fue detenido por tenencia de material de abuso sexual infantil\",\"datePublished\":\"2023-02-07T16:36:28+00:00\",\"dateModified\":\"2023-02-07T21:03:34+00:00\",\"mainEntityOfPage\":{\"@id\":\"http:\/\/elregionalvm.com.ar\/noticias-villa-maria\/un-hombre-de-29-anos-fue-detenido-por-tenencia-de-material-de-abuso-sexual-infantil\/\"},\"wordCount\":160,\"commentCount\":0,\"image\":{\"@id\":\"http:\/\/elregionalvm.com.ar\/noticias-villa-maria\/un-hombre-de-29-anos-fue-detenido-por-tenencia-de-material-de-abuso-sexual-infantil\/#primaryimage\"},\"thumbnailUrl\":\"https:\/\/i0.wp.com\/elregionalvm.com.ar\/noticias-villa-maria\/wp-content\/uploads\/2023\/02\/Detenido-abuso-sexual-VM-feb-23.jpg?fit=706%2C636&ssl=1\",\"keywords\":[\"Abuso\",\"Abuso sexual infantil\",\"detenido por abuso sexual\",\"Fiscal Juliana Companys\",\"MPF\",\"tenencia de material pornogr\u00e1fico\",\"Villa Mar\u00eda\"],\"articleSection\":[\"destacado\",\"Policiales\",\"Regi\u00f3n\",\"Villa Mar\u00eda\"],\"inLanguage\":\"es\",\"potentialAction\":[{\"@type\":\"CommentAction\",\"name\":\"Comment\",\"target\":[\"http:\/\/elregionalvm.com.ar\/noticias-villa-maria\/un-hombre-de-29-anos-fue-detenido-por-tenencia-de-material-de-abuso-sexual-infantil\/#respond\"]}]},{\"@type\":\"WebPage\",\"@id\":\"http:\/\/elregionalvm.com.ar\/noticias-villa-maria\/un-hombre-de-29-anos-fue-detenido-por-tenencia-de-material-de-abuso-sexual-infantil\/\",\"url\":\"http:\/\/elregionalvm.com.ar\/noticias-villa-maria\/un-hombre-de-29-anos-fue-detenido-por-tenencia-de-material-de-abuso-sexual-infantil\/\",\"name\":\"Un hombre de 29 a\u00f1os fue detenido por tenencia de material de abuso sexual infantil - El Regional\",\"isPartOf\":{\"@id\":\"http:\/\/elregionalvm.com.ar\/noticias-villa-maria\/#website\"},\"primaryImageOfPage\":{\"@id\":\"http:\/\/elregionalvm.com.ar\/noticias-villa-maria\/un-hombre-de-29-anos-fue-detenido-por-tenencia-de-material-de-abuso-sexual-infantil\/#primaryimage\"},\"image\":{\"@id\":\"http:\/\/elregionalvm.com.ar\/noticias-villa-maria\/un-hombre-de-29-anos-fue-detenido-por-tenencia-de-material-de-abuso-sexual-infantil\/#primaryimage\"},\"thumbnailUrl\":\"https:\/\/i0.wp.com\/elregionalvm.com.ar\/noticias-villa-maria\/wp-content\/uploads\/2023\/02\/Detenido-abuso-sexual-VM-feb-23.jpg?fit=706%2C636&ssl=1\",\"datePublished\":\"2023-02-07T16:36:28+00:00\",\"dateModified\":\"2023-02-07T21:03:34+00:00\",\"author\":{\"@id\":\"http:\/\/elregionalvm.com.ar\/noticias-villa-maria\/#\/schema\/person\/a0fb9c422317faca23d50163151bc354\"},\"breadcrumb\":{\"@id\":\"http:\/\/elregionalvm.com.ar\/noticias-villa-maria\/un-hombre-de-29-anos-fue-detenido-por-tenencia-de-material-de-abuso-sexual-infantil\/#breadcrumb\"},\"inLanguage\":\"es\",\"potentialAction\":[{\"@type\":\"ReadAction\",\"target\":[\"http:\/\/elregionalvm.com.ar\/noticias-villa-maria\/un-hombre-de-29-anos-fue-detenido-por-tenencia-de-material-de-abuso-sexual-infantil\/\"]}]},{\"@type\":\"ImageObject\",\"inLanguage\":\"es\",\"@id\":\"http:\/\/elregionalvm.com.ar\/noticias-villa-maria\/un-hombre-de-29-anos-fue-detenido-por-tenencia-de-material-de-abuso-sexual-infantil\/#primaryimage\",\"url\":\"https:\/\/i0.wp.com\/elregionalvm.com.ar\/noticias-villa-maria\/wp-content\/uploads\/2023\/02\/Detenido-abuso-sexual-VM-feb-23.jpg?fit=706%2C636&ssl=1\",\"contentUrl\":\"https:\/\/i0.wp.com\/elregionalvm.com.ar\/noticias-villa-maria\/wp-content\/uploads\/2023\/02\/Detenido-abuso-sexual-VM-feb-23.jpg?fit=706%2C636&ssl=1\",\"width\":706,\"height\":636},{\"@type\":\"BreadcrumbList\",\"@id\":\"http:\/\/elregionalvm.com.ar\/noticias-villa-maria\/un-hombre-de-29-anos-fue-detenido-por-tenencia-de-material-de-abuso-sexual-infantil\/#breadcrumb\",\"itemListElement\":[{\"@type\":\"ListItem\",\"position\":1,\"name\":\"Portada\",\"item\":\"https:\/\/elregionalvm.com.ar\/noticias-villa-maria\/\"},{\"@type\":\"ListItem\",\"position\":2,\"name\":\"Un hombre de 29 a\u00f1os fue detenido por tenencia de material de abuso sexual infantil\"}]},{\"@type\":\"WebSite\",\"@id\":\"http:\/\/elregionalvm.com.ar\/noticias-villa-maria\/#website\",\"url\":\"http:\/\/elregionalvm.com.ar\/noticias-villa-maria\/\",\"name\":\"El Regional\",\"description\":\"Mucho m\u00e1s que informaci\u00f3n\",\"potentialAction\":[{\"@type\":\"SearchAction\",\"target\":{\"@type\":\"EntryPoint\",\"urlTemplate\":\"http:\/\/elregionalvm.com.ar\/noticias-villa-maria\/?s={search_term_string}\"},\"query-input\":{\"@type\":\"PropertyValueSpecification\",\"valueRequired\":true,\"valueName\":\"search_term_string\"}}],\"inLanguage\":\"es\"},{\"@type\":\"Person\",\"@id\":\"http:\/\/elregionalvm.com.ar\/noticias-villa-maria\/#\/schema\/person\/a0fb9c422317faca23d50163151bc354\",\"name\":\"Contenidos El Regional\",\"image\":{\"@type\":\"ImageObject\",\"inLanguage\":\"es\",\"@id\":\"http:\/\/elregionalvm.com.ar\/noticias-villa-maria\/#\/schema\/person\/image\/\",\"url\":\"https:\/\/secure.gravatar.com\/avatar\/265b27cb2209af7bb3a1318f03305787d7981a5cc6e6cd08fe5a4ecdf99d4b48?s=96&d=mm&r=g\",\"contentUrl\":\"https:\/\/secure.gravatar.com\/avatar\/265b27cb2209af7bb3a1318f03305787d7981a5cc6e6cd08fe5a4ecdf99d4b48?s=96&d=mm&r=g\",\"caption\":\"Contenidos El Regional\"},\"url\":\"https:\/\/elregionalvm.com.ar\/noticias-villa-maria\/author\/contenido\/\"}]}<\/script>\n<!-- \/ Yoast SEO plugin. -->","yoast_head_json":{"title":"Un hombre de 29 a\u00f1os fue detenido por tenencia de material de abuso sexual infantil - El Regional","robots":{"index":"index","follow":"follow","max-snippet":"max-snippet:-1","max-image-preview":"max-image-preview:large","max-video-preview":"max-video-preview:-1"},"canonical":"http:\/\/elregionalvm.com.ar\/noticias-villa-maria\/un-hombre-de-29-anos-fue-detenido-por-tenencia-de-material-de-abuso-sexual-infantil\/","og_locale":"es_ES","og_type":"article","og_title":"Un hombre de 29 a\u00f1os fue detenido por tenencia de material de abuso sexual infantil - El Regional","og_description":"Un hombre de 29 a\u00f1os de edad fue detenido por el delito de tenencia de archivos de abuso sexual infantil. La orden de aprehensi\u00f3n fue indicada por la fiscal\u00eda de instrucci\u00f3n de segundo turno de Villa Mar\u00eda, a cargo de Juliana Companys. La investigaci\u00f3n fue originada con motivo de una denuncia efectuada por el National [&hellip;]","og_url":"http:\/\/elregionalvm.com.ar\/noticias-villa-maria\/un-hombre-de-29-anos-fue-detenido-por-tenencia-de-material-de-abuso-sexual-infantil\/","og_site_name":"El Regional","article_publisher":"https:\/\/www.facebook.com\/elregionalvm","article_published_time":"2023-02-07T16:36:28+00:00","article_modified_time":"2023-02-07T21:03:34+00:00","og_image":[{"width":706,"height":636,"url":"http:\/\/elregionalvm.com.ar\/noticias-villa-maria\/wp-content\/uploads\/2023\/02\/Detenido-abuso-sexual-VM-feb-23.jpg","type":"image\/jpeg"}],"author":"Contenidos El Regional","twitter_card":"summary_large_image","twitter_creator":"@elregionalvm1","twitter_site":"@elregionalvm1","twitter_misc":{"Escrito por":"Contenidos El Regional","Tiempo de lectura":"1 minuto"},"schema":{"@context":"https:\/\/schema.org","@graph":[{"@type":"Article","@id":"http:\/\/elregionalvm.com.ar\/noticias-villa-maria\/un-hombre-de-29-anos-fue-detenido-por-tenencia-de-material-de-abuso-sexual-infantil\/#article","isPartOf":{"@id":"http:\/\/elregionalvm.com.ar\/noticias-villa-maria\/un-hombre-de-29-anos-fue-detenido-por-tenencia-de-material-de-abuso-sexual-infantil\/"},"author":{"name":"Contenidos El Regional","@id":"http:\/\/elregionalvm.com.ar\/noticias-villa-maria\/#\/schema\/person\/a0fb9c422317faca23d50163151bc354"},"headline":"Un hombre de 29 a\u00f1os fue detenido por tenencia de material de abuso sexual infantil","datePublished":"2023-02-07T16:36:28+00:00","dateModified":"2023-02-07T21:03:34+00:00","mainEntityOfPage":{"@id":"http:\/\/elregionalvm.com.ar\/noticias-villa-maria\/un-hombre-de-29-anos-fue-detenido-por-tenencia-de-material-de-abuso-sexual-infantil\/"},"wordCount":160,"commentCount":0,"image":{"@id":"http:\/\/elregionalvm.com.ar\/noticias-villa-maria\/un-hombre-de-29-anos-fue-detenido-por-tenencia-de-material-de-abuso-sexual-infantil\/#primaryimage"},"thumbnailUrl":"https:\/\/i0.wp.com\/elregionalvm.com.ar\/noticias-villa-maria\/wp-content\/uploads\/2023\/02\/Detenido-abuso-sexual-VM-feb-23.jpg?fit=706%2C636&ssl=1","keywords":["Abuso","Abuso sexual infantil","detenido por abuso sexual","Fiscal Juliana Companys","MPF","tenencia de material pornogr\u00e1fico","Villa Mar\u00eda"],"articleSection":["destacado","Policiales","Regi\u00f3n","Villa Mar\u00eda"],"inLanguage":"es","potentialAction":[{"@type":"CommentAction","name":"Comment","target":["http:\/\/elregionalvm.com.ar\/noticias-villa-maria\/un-hombre-de-29-anos-fue-detenido-por-tenencia-de-material-de-abuso-sexual-infantil\/#respond"]}]},{"@type":"WebPage","@id":"http:\/\/elregionalvm.com.ar\/noticias-villa-maria\/un-hombre-de-29-anos-fue-detenido-por-tenencia-de-material-de-abuso-sexual-infantil\/","url":"http:\/\/elregionalvm.com.ar\/noticias-villa-maria\/un-hombre-de-29-anos-fue-detenido-por-tenencia-de-material-de-abuso-sexual-infantil\/","name":"Un hombre de 29 a\u00f1os fue detenido por tenencia de material de abuso sexual infantil - El Regional","isPartOf":{"@id":"http:\/\/elregionalvm.com.ar\/noticias-villa-maria\/#website"},"primaryImageOfPage":{"@id":"http:\/\/elregionalvm.com.ar\/noticias-villa-maria\/un-hombre-de-29-anos-fue-detenido-por-tenencia-de-material-de-abuso-sexual-infantil\/#primaryimage"},"image":{"@id":"http:\/\/elregionalvm.com.ar\/noticias-villa-maria\/un-hombre-de-29-anos-fue-detenido-por-tenencia-de-material-de-abuso-sexual-infantil\/#primaryimage"},"thumbnailUrl":"https:\/\/i0.wp.com\/elregionalvm.com.ar\/noticias-villa-maria\/wp-content\/uploads\/2023\/02\/Detenido-abuso-sexual-VM-feb-23.jpg?fit=706%2C636&ssl=1","datePublished":"2023-02-07T16:36:28+00:00","dateModified":"2023-02-07T21:03:34+00:00","author":{"@id":"http:\/\/elregionalvm.com.ar\/noticias-villa-maria\/#\/schema\/person\/a0fb9c422317faca23d50163151bc354"},"breadcrumb":{"@id":"http:\/\/elregionalvm.com.ar\/noticias-villa-maria\/un-hombre-de-29-anos-fue-detenido-por-tenencia-de-material-de-abuso-sexual-infantil\/#breadcrumb"},"inLanguage":"es","potentialAction":[{"@type":"ReadAction","target":["http:\/\/elregionalvm.com.ar\/noticias-villa-maria\/un-hombre-de-29-anos-fue-detenido-por-tenencia-de-material-de-abuso-sexual-infantil\/"]}]},{"@type":"ImageObject","inLanguage":"es","@id":"http:\/\/elregionalvm.com.ar\/noticias-villa-maria\/un-hombre-de-29-anos-fue-detenido-por-tenencia-de-material-de-abuso-sexual-infantil\/#primaryimage","url":"https:\/\/i0.wp.com\/elregionalvm.com.ar\/noticias-villa-maria\/wp-content\/uploads\/2023\/02\/Detenido-abuso-sexual-VM-feb-23.jpg?fit=706%2C636&ssl=1","contentUrl":"https:\/\/i0.wp.com\/elregionalvm.com.ar\/noticias-villa-maria\/wp-content\/uploads\/2023\/02\/Detenido-abuso-sexual-VM-feb-23.jpg?fit=706%2C636&ssl=1","width":706,"height":636},{"@type":"BreadcrumbList","@id":"http:\/\/elregionalvm.com.ar\/noticias-villa-maria\/un-hombre-de-29-anos-fue-detenido-por-tenencia-de-material-de-abuso-sexual-infantil\/#breadcrumb","itemListElement":[{"@type":"ListItem","position":1,"name":"Portada","item":"https:\/\/elregionalvm.com.ar\/noticias-villa-maria\/"},{"@type":"ListItem","position":2,"name":"Un hombre de 29 a\u00f1os fue detenido por tenencia de material de abuso sexual infantil"}]},{"@type":"WebSite","@id":"http:\/\/elregionalvm.com.ar\/noticias-villa-maria\/#website","url":"http:\/\/elregionalvm.com.ar\/noticias-villa-maria\/","name":"El Regional","description":"Mucho m\u00e1s que informaci\u00f3n","potentialAction":[{"@type":"SearchAction","target":{"@type":"EntryPoint","urlTemplate":"http:\/\/elregionalvm.com.ar\/noticias-villa-maria\/?s={search_term_string}"},"query-input":{"@type":"PropertyValueSpecification","valueRequired":true,"valueName":"search_term_string"}}],"inLanguage":"es"},{"@type":"Person","@id":"http:\/\/elregionalvm.com.ar\/noticias-villa-maria\/#\/schema\/person\/a0fb9c422317faca23d50163151bc354","name":"Contenidos El Regional","image":{"@type":"ImageObject","inLanguage":"es","@id":"http:\/\/elregionalvm.com.ar\/noticias-villa-maria\/#\/schema\/person\/image\/","url":"https:\/\/secure.gravatar.com\/avatar\/265b27cb2209af7bb3a1318f03305787d7981a5cc6e6cd08fe5a4ecdf99d4b48?s=96&d=mm&r=g","contentUrl":"https:\/\/secure.gravatar.com\/avatar\/265b27cb2209af7bb3a1318f03305787d7981a5cc6e6cd08fe5a4ecdf99d4b48?s=96&d=mm&r=g","caption":"Contenidos El Regional"},"url":"https:\/\/elregionalvm.com.ar\/noticias-villa-maria\/author\/contenido\/"}]}},"jetpack_featured_media_url":"https:\/\/i0.wp.com\/elregionalvm.com.ar\/noticias-villa-maria\/wp-content\/uploads\/2023\/02\/Detenido-abuso-sexual-VM-feb-23.jpg?fit=706%2C636&ssl=1","jetpack_sharing_enabled":true,"_links":{"self":[{"href":"https:\/\/elregionalvm.com.ar\/noticias-villa-maria\/wp-json\/wp\/v2\/posts\/71421","targetHints":{"allow":["GET"]}}],"collection":[{"href":"https:\/\/elregionalvm.com.ar\/noticias-villa-maria\/wp-json\/wp\/v2\/posts"}],"about":[{"href":"https:\/\/elregionalvm.com.ar\/noticias-villa-maria\/wp-json\/wp\/v2\/types\/post"}],"author":[{"embeddable":true,"href":"https:\/\/elregionalvm.com.ar\/noticias-villa-maria\/wp-json\/wp\/v2\/users\/4"}],"replies":[{"embeddable":true,"href":"https:\/\/elregionalvm.com.ar\/noticias-villa-maria\/wp-json\/wp\/v2\/comments?post=71421"}],"version-history":[{"count":2,"href":"https:\/\/elregionalvm.com.ar\/noticias-villa-maria\/wp-json\/wp\/v2\/posts\/71421\/revisions"}],"predecessor-version":[{"id":71447,"href":"https:\/\/elregionalvm.com.ar\/noticias-villa-maria\/wp-json\/wp\/v2\/posts\/71421\/revisions\/71447"}],"wp:featuredmedia":[{"embeddable":true,"href":"https:\/\/elregionalvm.com.ar\/noticias-villa-maria\/wp-json\/wp\/v2\/media\/71422"}],"wp:attachment":[{"href":"https:\/\/elregionalvm.com.ar\/noticias-villa-maria\/wp-json\/wp\/v2\/media?parent=71421"}],"wp:term":[{"taxonomy":"category","embeddable":true,"href":"https:\/\/elregionalvm.com.ar\/noticias-villa-maria\/wp-json\/wp\/v2\/categories?post=71421"},{"taxonomy":"post_tag","embeddable":true,"href":"https:\/\/elregionalvm.com.ar\/noticias-villa-maria\/wp-json\/wp\/v2\/tags?post=71421"}],"curies":[{"name":"wp","href":"https:\/\/api.w.org\/{rel}","templated":true}]}}