{"id":71424,"date":"2023-02-07T16:57:10","date_gmt":"2023-02-07T16:57:10","guid":{"rendered":"https:\/\/elregionalvm.com.ar\/noticias-villa-maria\/?p=71424"},"modified":"2023-02-07T16:57:11","modified_gmt":"2023-02-07T16:57:11","slug":"gill-se-reunio-con-el-ministro-fabian-lopez-por-avance-de-obras-de-agua-cloacas-y-desagues","status":"publish","type":"post","link":"https:\/\/elregionalvm.com.ar\/noticias-villa-maria\/gill-se-reunio-con-el-ministro-fabian-lopez-por-avance-de-obras-de-agua-cloacas-y-desagues\/","title":{"rendered":"Gill se reuni\u00f3 con el ministro Fabi\u00e1n L\u00f3pez por avance de obras de agua, cloacas y desag\u00fces"},"content":{"rendered":"\n<p><\/p>\n\n\n\n<p>El intendente Mart\u00edn Gill visit\u00f3 el Ministerio de Servicios P\u00fablicos de la Provincia, donde se reuni\u00f3 con el ministro a cargo, Fabi\u00e1n L\u00f3pez.<\/p>\n\n\n\n<p>El encuentro tuvo por objetivo compartir una mesa de trabajo donde las autoridades dialogaron sobre aspectos t\u00e9cnicos de los diversos proyectos h\u00eddricos que se encuentran en marcha en la ciudad con financiamiento del Ente Nacional de Obras H\u00eddricas de Saneamiento (Enhosa).<\/p>\n\n\n\n<p>Durante la visita, el jefe comunal estuvo acompa\u00f1ado por el secretario de Ambiente, Obras y Servicios P\u00fablicos del municipio, Omar Regueira, y el subsecretario del \u00e1rea, Germ\u00e1n Tissera.<\/p>\n\n\n\n<p>En este marco, los funcionarios abordaron diversas cuestiones t\u00e9cnicas que permitir\u00e1n, una vez aprobadas, dar curso a la optimizaci\u00f3n de la planta depuradora de l\u00edquidos cloacales, al plan integral de desag\u00fces pluviales y al esquema de perforaciones hidrogeol\u00f3gicas.<\/p>\n\n\n\n<p><\/p>\n\n\n\n<figure class=\"wp-block-image size-full\"><img data-recalc-dims=\"1\" fetchpriority=\"high\" decoding=\"async\" width=\"1000\" height=\"667\" src=\"https:\/\/i0.wp.com\/elregionalvm.com.ar\/noticias-villa-maria\/wp-content\/uploads\/2023\/02\/Gill-con-lopez-ministro-1.jpg?resize=1000%2C667&#038;ssl=1\" alt=\"\" class=\"wp-image-71427\" srcset=\"https:\/\/i0.wp.com\/elregionalvm.com.ar\/noticias-villa-maria\/wp-content\/uploads\/2023\/02\/Gill-con-lopez-ministro-1.jpg?w=1000&amp;ssl=1 1000w, https:\/\/i0.wp.com\/elregionalvm.com.ar\/noticias-villa-maria\/wp-content\/uploads\/2023\/02\/Gill-con-lopez-ministro-1.jpg?resize=300%2C200&amp;ssl=1 300w, https:\/\/i0.wp.com\/elregionalvm.com.ar\/noticias-villa-maria\/wp-content\/uploads\/2023\/02\/Gill-con-lopez-ministro-1.jpg?resize=768%2C512&amp;ssl=1 768w\" sizes=\"(max-width: 1000px) 100vw, 1000px\" \/><figcaption><em>Funcionarios locales y provinciales en la reuni\u00f3n por el avance de obras. <\/em><\/figcaption><\/figure>\n\n\n\n<p><\/p>\n\n\n\n<p><strong>Planta de cloacas<\/strong><\/p>\n\n\n\n<p>De este modo, las autoridades analizaron el estado actual del proyecto que permitir\u00e1 la mejora del sistema depurador de l\u00edquidos cloacales, que actualmente se encuentra en proceso de licitaci\u00f3n con fondos provistos por el Gobierno nacional.<\/p>\n\n\n\n<p>Una vez concretada esta instancia, la planta ser\u00e1 intervenida a los fines de modernizar significativamente el tratamiento de este tipo de afluentes.&nbsp;<\/p>\n\n\n\n<p>El encuentro tambi\u00e9n fue el \u00e1mbito para delinear algunos aspectos t\u00e9cnicos referidos al proyecto, tambi\u00e9n financiado por Enhosa, para la ejecuci\u00f3n de perforaciones destinadas a fortalecer la red de abastecimiento de agua potable en la ciudad, proyectando la viabilidad del recurso.<\/p>\n","protected":false},"excerpt":{"rendered":"<p>El intendente Mart\u00edn Gill visit\u00f3 el Ministerio de Servicios P\u00fablicos de la Provincia, donde se reuni\u00f3 con el ministro a cargo, Fabi\u00e1n L\u00f3pez. El encuentro tuvo por objetivo compartir una mesa de trabajo donde las autoridades dialogaron sobre aspectos t\u00e9cnicos de los diversos proyectos h\u00eddricos que se encuentran en marcha en la ciudad con financiamiento [&hellip;]<\/p>\n","protected":false},"author":4,"featured_media":71426,"comment_status":"open","ping_status":"open","sticky":false,"template":"","format":"standard","meta":{"site-sidebar-layout":"default","site-content-layout":"","ast-site-content-layout":"default","site-content-style":"default","site-sidebar-style":"default","ast-global-header-display":"","ast-banner-title-visibility":"","ast-main-header-display":"","ast-hfb-above-header-display":"","ast-hfb-below-header-display":"","ast-hfb-mobile-header-display":"","site-post-title":"","ast-breadcrumbs-content":"","ast-featured-img":"","footer-sml-layout":"","ast-disable-related-posts":"","theme-transparent-header-meta":"","adv-header-id-meta":"","stick-header-meta":"","header-above-stick-meta":"","header-main-stick-meta":"","header-below-stick-meta":"","astra-migrate-meta-layouts":"default","ast-page-background-enabled":"default","ast-page-background-meta":{"desktop":{"background-color":"","background-image":"","background-repeat":"repeat","background-position":"center center","background-size":"auto","background-attachment":"scroll","background-type":"","background-media":"","overlay-type":"","overlay-color":"","overlay-opacity":"","overlay-gradient":""},"tablet":{"background-color":"","background-image":"","background-repeat":"repeat","background-position":"center center","background-size":"auto","background-attachment":"scroll","background-type":"","background-media":"","overlay-type":"","overlay-color":"","overlay-opacity":"","overlay-gradient":""},"mobile":{"background-color":"","background-image":"","background-repeat":"repeat","background-position":"center center","background-size":"auto","background-attachment":"scroll","background-type":"","background-media":"","overlay-type":"","overlay-color":"","overlay-opacity":"","overlay-gradient":""}},"ast-content-background-meta":{"desktop":{"background-color":"var(--ast-global-color-5)","background-image":"","background-repeat":"repeat","background-position":"center center","background-size":"auto","background-attachment":"scroll","background-type":"","background-media":"","overlay-type":"","overlay-color":"","overlay-opacity":"","overlay-gradient":""},"tablet":{"background-color":"var(--ast-global-color-5)","background-image":"","background-repeat":"repeat","background-position":"center center","background-size":"auto","background-attachment":"scroll","background-type":"","background-media":"","overlay-type":"","overlay-color":"","overlay-opacity":"","overlay-gradient":""},"mobile":{"background-color":"var(--ast-global-color-5)","background-image":"","background-repeat":"repeat","background-position":"center center","background-size":"auto","background-attachment":"scroll","background-type":"","background-media":"","overlay-type":"","overlay-color":"","overlay-opacity":"","overlay-gradient":""}},"_jetpack_memberships_contains_paid_content":false,"_joinchat":[],"footnotes":""},"categories":[15302,2],"tags":[245,249,3900,13707,21723,2824,2409,21724],"class_list":["post-71424","post","type-post","status-publish","format-standard","has-post-thumbnail","hentry","category-destacado","category-villa-maria","tag-agua","tag-cloacas","tag-desagues-pluviales","tag-enohsa","tag-fabian-lopez","tag-martin-gill-2","tag-obras-publicas","tag-perforaciones"],"yoast_head":"<!-- This site is optimized with the Yoast SEO plugin v26.8 - https:\/\/yoast.com\/product\/yoast-seo-wordpress\/ -->\n<title>Gill se reuni\u00f3 con el ministro Fabi\u00e1n L\u00f3pez por avance de obras de agua, cloacas y desag\u00fces - El Regional<\/title>\n<meta name=\"robots\" content=\"index, follow, max-snippet:-1, max-image-preview:large, max-video-preview:-1\" \/>\n<link rel=\"canonical\" href=\"http:\/\/elregionalvm.com.ar\/noticias-villa-maria\/gill-se-reunio-con-el-ministro-fabian-lopez-por-avance-de-obras-de-agua-cloacas-y-desagues\/\" \/>\n<meta property=\"og:locale\" content=\"es_ES\" \/>\n<meta property=\"og:type\" content=\"article\" \/>\n<meta property=\"og:title\" content=\"Gill se reuni\u00f3 con el ministro Fabi\u00e1n L\u00f3pez por avance de obras de agua, cloacas y desag\u00fces - El Regional\" \/>\n<meta property=\"og:description\" content=\"El intendente Mart\u00edn Gill visit\u00f3 el Ministerio de Servicios P\u00fablicos de la Provincia, donde se reuni\u00f3 con el ministro a cargo, Fabi\u00e1n L\u00f3pez. El encuentro tuvo por objetivo compartir una mesa de trabajo donde las autoridades dialogaron sobre aspectos t\u00e9cnicos de los diversos proyectos h\u00eddricos que se encuentran en marcha en la ciudad con financiamiento [&hellip;]\" \/>\n<meta property=\"og:url\" content=\"http:\/\/elregionalvm.com.ar\/noticias-villa-maria\/gill-se-reunio-con-el-ministro-fabian-lopez-por-avance-de-obras-de-agua-cloacas-y-desagues\/\" \/>\n<meta property=\"og:site_name\" content=\"El Regional\" \/>\n<meta property=\"article:publisher\" content=\"https:\/\/www.facebook.com\/elregionalvm\" \/>\n<meta property=\"article:published_time\" content=\"2023-02-07T16:57:10+00:00\" \/>\n<meta property=\"article:modified_time\" content=\"2023-02-07T16:57:11+00:00\" \/>\n<meta property=\"og:image\" content=\"http:\/\/elregionalvm.com.ar\/noticias-villa-maria\/wp-content\/uploads\/2023\/02\/Gill-con-lopez-ministro.jpg\" \/>\n\t<meta property=\"og:image:width\" content=\"1000\" \/>\n\t<meta property=\"og:image:height\" content=\"667\" \/>\n\t<meta property=\"og:image:type\" content=\"image\/jpeg\" \/>\n<meta name=\"author\" content=\"Contenidos El Regional\" \/>\n<meta name=\"twitter:card\" content=\"summary_large_image\" \/>\n<meta name=\"twitter:creator\" content=\"@elregionalvm1\" \/>\n<meta name=\"twitter:site\" content=\"@elregionalvm1\" \/>\n<meta name=\"twitter:label1\" content=\"Escrito por\" \/>\n\t<meta name=\"twitter:data1\" content=\"Contenidos El Regional\" \/>\n\t<meta name=\"twitter:label2\" content=\"Tiempo de lectura\" \/>\n\t<meta name=\"twitter:data2\" content=\"2 minutos\" \/>\n<script type=\"application\/ld+json\" class=\"yoast-schema-graph\">{\"@context\":\"https:\/\/schema.org\",\"@graph\":[{\"@type\":\"Article\",\"@id\":\"http:\/\/elregionalvm.com.ar\/noticias-villa-maria\/gill-se-reunio-con-el-ministro-fabian-lopez-por-avance-de-obras-de-agua-cloacas-y-desagues\/#article\",\"isPartOf\":{\"@id\":\"http:\/\/elregionalvm.com.ar\/noticias-villa-maria\/gill-se-reunio-con-el-ministro-fabian-lopez-por-avance-de-obras-de-agua-cloacas-y-desagues\/\"},\"author\":{\"name\":\"Contenidos El Regional\",\"@id\":\"http:\/\/elregionalvm.com.ar\/noticias-villa-maria\/#\/schema\/person\/a0fb9c422317faca23d50163151bc354\"},\"headline\":\"Gill se reuni\u00f3 con el ministro Fabi\u00e1n L\u00f3pez por avance de obras de agua, cloacas y desag\u00fces\",\"datePublished\":\"2023-02-07T16:57:10+00:00\",\"dateModified\":\"2023-02-07T16:57:11+00:00\",\"mainEntityOfPage\":{\"@id\":\"http:\/\/elregionalvm.com.ar\/noticias-villa-maria\/gill-se-reunio-con-el-ministro-fabian-lopez-por-avance-de-obras-de-agua-cloacas-y-desagues\/\"},\"wordCount\":288,\"commentCount\":0,\"image\":{\"@id\":\"http:\/\/elregionalvm.com.ar\/noticias-villa-maria\/gill-se-reunio-con-el-ministro-fabian-lopez-por-avance-de-obras-de-agua-cloacas-y-desagues\/#primaryimage\"},\"thumbnailUrl\":\"https:\/\/i0.wp.com\/elregionalvm.com.ar\/noticias-villa-maria\/wp-content\/uploads\/2023\/02\/Gill-con-lopez-ministro.jpg?fit=1000%2C667&ssl=1\",\"keywords\":[\"agua\",\"cloacas\",\"Desag\u00fces pluviales\",\"Enohsa\",\"Fabi\u00e1n L\u00f3pez\",\"Martin Gill\",\"Obras p\u00fablicas\",\"perforaciones\"],\"articleSection\":[\"destacado\",\"Villa Mar\u00eda\"],\"inLanguage\":\"es\",\"potentialAction\":[{\"@type\":\"CommentAction\",\"name\":\"Comment\",\"target\":[\"http:\/\/elregionalvm.com.ar\/noticias-villa-maria\/gill-se-reunio-con-el-ministro-fabian-lopez-por-avance-de-obras-de-agua-cloacas-y-desagues\/#respond\"]}]},{\"@type\":\"WebPage\",\"@id\":\"http:\/\/elregionalvm.com.ar\/noticias-villa-maria\/gill-se-reunio-con-el-ministro-fabian-lopez-por-avance-de-obras-de-agua-cloacas-y-desagues\/\",\"url\":\"http:\/\/elregionalvm.com.ar\/noticias-villa-maria\/gill-se-reunio-con-el-ministro-fabian-lopez-por-avance-de-obras-de-agua-cloacas-y-desagues\/\",\"name\":\"Gill se reuni\u00f3 con el ministro Fabi\u00e1n L\u00f3pez por avance de obras de agua, cloacas y desag\u00fces - El Regional\",\"isPartOf\":{\"@id\":\"http:\/\/elregionalvm.com.ar\/noticias-villa-maria\/#website\"},\"primaryImageOfPage\":{\"@id\":\"http:\/\/elregionalvm.com.ar\/noticias-villa-maria\/gill-se-reunio-con-el-ministro-fabian-lopez-por-avance-de-obras-de-agua-cloacas-y-desagues\/#primaryimage\"},\"image\":{\"@id\":\"http:\/\/elregionalvm.com.ar\/noticias-villa-maria\/gill-se-reunio-con-el-ministro-fabian-lopez-por-avance-de-obras-de-agua-cloacas-y-desagues\/#primaryimage\"},\"thumbnailUrl\":\"https:\/\/i0.wp.com\/elregionalvm.com.ar\/noticias-villa-maria\/wp-content\/uploads\/2023\/02\/Gill-con-lopez-ministro.jpg?fit=1000%2C667&ssl=1\",\"datePublished\":\"2023-02-07T16:57:10+00:00\",\"dateModified\":\"2023-02-07T16:57:11+00:00\",\"author\":{\"@id\":\"http:\/\/elregionalvm.com.ar\/noticias-villa-maria\/#\/schema\/person\/a0fb9c422317faca23d50163151bc354\"},\"breadcrumb\":{\"@id\":\"http:\/\/elregionalvm.com.ar\/noticias-villa-maria\/gill-se-reunio-con-el-ministro-fabian-lopez-por-avance-de-obras-de-agua-cloacas-y-desagues\/#breadcrumb\"},\"inLanguage\":\"es\",\"potentialAction\":[{\"@type\":\"ReadAction\",\"target\":[\"http:\/\/elregionalvm.com.ar\/noticias-villa-maria\/gill-se-reunio-con-el-ministro-fabian-lopez-por-avance-de-obras-de-agua-cloacas-y-desagues\/\"]}]},{\"@type\":\"ImageObject\",\"inLanguage\":\"es\",\"@id\":\"http:\/\/elregionalvm.com.ar\/noticias-villa-maria\/gill-se-reunio-con-el-ministro-fabian-lopez-por-avance-de-obras-de-agua-cloacas-y-desagues\/#primaryimage\",\"url\":\"https:\/\/i0.wp.com\/elregionalvm.com.ar\/noticias-villa-maria\/wp-content\/uploads\/2023\/02\/Gill-con-lopez-ministro.jpg?fit=1000%2C667&ssl=1\",\"contentUrl\":\"https:\/\/i0.wp.com\/elregionalvm.com.ar\/noticias-villa-maria\/wp-content\/uploads\/2023\/02\/Gill-con-lopez-ministro.jpg?fit=1000%2C667&ssl=1\",\"width\":1000,\"height\":667},{\"@type\":\"BreadcrumbList\",\"@id\":\"http:\/\/elregionalvm.com.ar\/noticias-villa-maria\/gill-se-reunio-con-el-ministro-fabian-lopez-por-avance-de-obras-de-agua-cloacas-y-desagues\/#breadcrumb\",\"itemListElement\":[{\"@type\":\"ListItem\",\"position\":1,\"name\":\"Portada\",\"item\":\"https:\/\/elregionalvm.com.ar\/noticias-villa-maria\/\"},{\"@type\":\"ListItem\",\"position\":2,\"name\":\"Gill se reuni\u00f3 con el ministro Fabi\u00e1n L\u00f3pez por avance de obras de agua, cloacas y desag\u00fces\"}]},{\"@type\":\"WebSite\",\"@id\":\"http:\/\/elregionalvm.com.ar\/noticias-villa-maria\/#website\",\"url\":\"http:\/\/elregionalvm.com.ar\/noticias-villa-maria\/\",\"name\":\"El Regional\",\"description\":\"Mucho m\u00e1s que informaci\u00f3n\",\"potentialAction\":[{\"@type\":\"SearchAction\",\"target\":{\"@type\":\"EntryPoint\",\"urlTemplate\":\"http:\/\/elregionalvm.com.ar\/noticias-villa-maria\/?s={search_term_string}\"},\"query-input\":{\"@type\":\"PropertyValueSpecification\",\"valueRequired\":true,\"valueName\":\"search_term_string\"}}],\"inLanguage\":\"es\"},{\"@type\":\"Person\",\"@id\":\"http:\/\/elregionalvm.com.ar\/noticias-villa-maria\/#\/schema\/person\/a0fb9c422317faca23d50163151bc354\",\"name\":\"Contenidos El Regional\",\"image\":{\"@type\":\"ImageObject\",\"inLanguage\":\"es\",\"@id\":\"http:\/\/elregionalvm.com.ar\/noticias-villa-maria\/#\/schema\/person\/image\/\",\"url\":\"https:\/\/secure.gravatar.com\/avatar\/265b27cb2209af7bb3a1318f03305787d7981a5cc6e6cd08fe5a4ecdf99d4b48?s=96&d=mm&r=g\",\"contentUrl\":\"https:\/\/secure.gravatar.com\/avatar\/265b27cb2209af7bb3a1318f03305787d7981a5cc6e6cd08fe5a4ecdf99d4b48?s=96&d=mm&r=g\",\"caption\":\"Contenidos El Regional\"},\"url\":\"https:\/\/elregionalvm.com.ar\/noticias-villa-maria\/author\/contenido\/\"}]}<\/script>\n<!-- \/ Yoast SEO plugin. -->","yoast_head_json":{"title":"Gill se reuni\u00f3 con el ministro Fabi\u00e1n L\u00f3pez por avance de obras de agua, cloacas y desag\u00fces - El Regional","robots":{"index":"index","follow":"follow","max-snippet":"max-snippet:-1","max-image-preview":"max-image-preview:large","max-video-preview":"max-video-preview:-1"},"canonical":"http:\/\/elregionalvm.com.ar\/noticias-villa-maria\/gill-se-reunio-con-el-ministro-fabian-lopez-por-avance-de-obras-de-agua-cloacas-y-desagues\/","og_locale":"es_ES","og_type":"article","og_title":"Gill se reuni\u00f3 con el ministro Fabi\u00e1n L\u00f3pez por avance de obras de agua, cloacas y desag\u00fces - El Regional","og_description":"El intendente Mart\u00edn Gill visit\u00f3 el Ministerio de Servicios P\u00fablicos de la Provincia, donde se reuni\u00f3 con el ministro a cargo, Fabi\u00e1n L\u00f3pez. El encuentro tuvo por objetivo compartir una mesa de trabajo donde las autoridades dialogaron sobre aspectos t\u00e9cnicos de los diversos proyectos h\u00eddricos que se encuentran en marcha en la ciudad con financiamiento [&hellip;]","og_url":"http:\/\/elregionalvm.com.ar\/noticias-villa-maria\/gill-se-reunio-con-el-ministro-fabian-lopez-por-avance-de-obras-de-agua-cloacas-y-desagues\/","og_site_name":"El Regional","article_publisher":"https:\/\/www.facebook.com\/elregionalvm","article_published_time":"2023-02-07T16:57:10+00:00","article_modified_time":"2023-02-07T16:57:11+00:00","og_image":[{"width":1000,"height":667,"url":"http:\/\/elregionalvm.com.ar\/noticias-villa-maria\/wp-content\/uploads\/2023\/02\/Gill-con-lopez-ministro.jpg","type":"image\/jpeg"}],"author":"Contenidos El Regional","twitter_card":"summary_large_image","twitter_creator":"@elregionalvm1","twitter_site":"@elregionalvm1","twitter_misc":{"Escrito por":"Contenidos El Regional","Tiempo de lectura":"2 minutos"},"schema":{"@context":"https:\/\/schema.org","@graph":[{"@type":"Article","@id":"http:\/\/elregionalvm.com.ar\/noticias-villa-maria\/gill-se-reunio-con-el-ministro-fabian-lopez-por-avance-de-obras-de-agua-cloacas-y-desagues\/#article","isPartOf":{"@id":"http:\/\/elregionalvm.com.ar\/noticias-villa-maria\/gill-se-reunio-con-el-ministro-fabian-lopez-por-avance-de-obras-de-agua-cloacas-y-desagues\/"},"author":{"name":"Contenidos El Regional","@id":"http:\/\/elregionalvm.com.ar\/noticias-villa-maria\/#\/schema\/person\/a0fb9c422317faca23d50163151bc354"},"headline":"Gill se reuni\u00f3 con el ministro Fabi\u00e1n L\u00f3pez por avance de obras de agua, cloacas y desag\u00fces","datePublished":"2023-02-07T16:57:10+00:00","dateModified":"2023-02-07T16:57:11+00:00","mainEntityOfPage":{"@id":"http:\/\/elregionalvm.com.ar\/noticias-villa-maria\/gill-se-reunio-con-el-ministro-fabian-lopez-por-avance-de-obras-de-agua-cloacas-y-desagues\/"},"wordCount":288,"commentCount":0,"image":{"@id":"http:\/\/elregionalvm.com.ar\/noticias-villa-maria\/gill-se-reunio-con-el-ministro-fabian-lopez-por-avance-de-obras-de-agua-cloacas-y-desagues\/#primaryimage"},"thumbnailUrl":"https:\/\/i0.wp.com\/elregionalvm.com.ar\/noticias-villa-maria\/wp-content\/uploads\/2023\/02\/Gill-con-lopez-ministro.jpg?fit=1000%2C667&ssl=1","keywords":["agua","cloacas","Desag\u00fces pluviales","Enohsa","Fabi\u00e1n L\u00f3pez","Martin Gill","Obras p\u00fablicas","perforaciones"],"articleSection":["destacado","Villa Mar\u00eda"],"inLanguage":"es","potentialAction":[{"@type":"CommentAction","name":"Comment","target":["http:\/\/elregionalvm.com.ar\/noticias-villa-maria\/gill-se-reunio-con-el-ministro-fabian-lopez-por-avance-de-obras-de-agua-cloacas-y-desagues\/#respond"]}]},{"@type":"WebPage","@id":"http:\/\/elregionalvm.com.ar\/noticias-villa-maria\/gill-se-reunio-con-el-ministro-fabian-lopez-por-avance-de-obras-de-agua-cloacas-y-desagues\/","url":"http:\/\/elregionalvm.com.ar\/noticias-villa-maria\/gill-se-reunio-con-el-ministro-fabian-lopez-por-avance-de-obras-de-agua-cloacas-y-desagues\/","name":"Gill se reuni\u00f3 con el ministro Fabi\u00e1n L\u00f3pez por avance de obras de agua, cloacas y desag\u00fces - El Regional","isPartOf":{"@id":"http:\/\/elregionalvm.com.ar\/noticias-villa-maria\/#website"},"primaryImageOfPage":{"@id":"http:\/\/elregionalvm.com.ar\/noticias-villa-maria\/gill-se-reunio-con-el-ministro-fabian-lopez-por-avance-de-obras-de-agua-cloacas-y-desagues\/#primaryimage"},"image":{"@id":"http:\/\/elregionalvm.com.ar\/noticias-villa-maria\/gill-se-reunio-con-el-ministro-fabian-lopez-por-avance-de-obras-de-agua-cloacas-y-desagues\/#primaryimage"},"thumbnailUrl":"https:\/\/i0.wp.com\/elregionalvm.com.ar\/noticias-villa-maria\/wp-content\/uploads\/2023\/02\/Gill-con-lopez-ministro.jpg?fit=1000%2C667&ssl=1","datePublished":"2023-02-07T16:57:10+00:00","dateModified":"2023-02-07T16:57:11+00:00","author":{"@id":"http:\/\/elregionalvm.com.ar\/noticias-villa-maria\/#\/schema\/person\/a0fb9c422317faca23d50163151bc354"},"breadcrumb":{"@id":"http:\/\/elregionalvm.com.ar\/noticias-villa-maria\/gill-se-reunio-con-el-ministro-fabian-lopez-por-avance-de-obras-de-agua-cloacas-y-desagues\/#breadcrumb"},"inLanguage":"es","potentialAction":[{"@type":"ReadAction","target":["http:\/\/elregionalvm.com.ar\/noticias-villa-maria\/gill-se-reunio-con-el-ministro-fabian-lopez-por-avance-de-obras-de-agua-cloacas-y-desagues\/"]}]},{"@type":"ImageObject","inLanguage":"es","@id":"http:\/\/elregionalvm.com.ar\/noticias-villa-maria\/gill-se-reunio-con-el-ministro-fabian-lopez-por-avance-de-obras-de-agua-cloacas-y-desagues\/#primaryimage","url":"https:\/\/i0.wp.com\/elregionalvm.com.ar\/noticias-villa-maria\/wp-content\/uploads\/2023\/02\/Gill-con-lopez-ministro.jpg?fit=1000%2C667&ssl=1","contentUrl":"https:\/\/i0.wp.com\/elregionalvm.com.ar\/noticias-villa-maria\/wp-content\/uploads\/2023\/02\/Gill-con-lopez-ministro.jpg?fit=1000%2C667&ssl=1","width":1000,"height":667},{"@type":"BreadcrumbList","@id":"http:\/\/elregionalvm.com.ar\/noticias-villa-maria\/gill-se-reunio-con-el-ministro-fabian-lopez-por-avance-de-obras-de-agua-cloacas-y-desagues\/#breadcrumb","itemListElement":[{"@type":"ListItem","position":1,"name":"Portada","item":"https:\/\/elregionalvm.com.ar\/noticias-villa-maria\/"},{"@type":"ListItem","position":2,"name":"Gill se reuni\u00f3 con el ministro Fabi\u00e1n L\u00f3pez por avance de obras de agua, cloacas y desag\u00fces"}]},{"@type":"WebSite","@id":"http:\/\/elregionalvm.com.ar\/noticias-villa-maria\/#website","url":"http:\/\/elregionalvm.com.ar\/noticias-villa-maria\/","name":"El Regional","description":"Mucho m\u00e1s que informaci\u00f3n","potentialAction":[{"@type":"SearchAction","target":{"@type":"EntryPoint","urlTemplate":"http:\/\/elregionalvm.com.ar\/noticias-villa-maria\/?s={search_term_string}"},"query-input":{"@type":"PropertyValueSpecification","valueRequired":true,"valueName":"search_term_string"}}],"inLanguage":"es"},{"@type":"Person","@id":"http:\/\/elregionalvm.com.ar\/noticias-villa-maria\/#\/schema\/person\/a0fb9c422317faca23d50163151bc354","name":"Contenidos El Regional","image":{"@type":"ImageObject","inLanguage":"es","@id":"http:\/\/elregionalvm.com.ar\/noticias-villa-maria\/#\/schema\/person\/image\/","url":"https:\/\/secure.gravatar.com\/avatar\/265b27cb2209af7bb3a1318f03305787d7981a5cc6e6cd08fe5a4ecdf99d4b48?s=96&d=mm&r=g","contentUrl":"https:\/\/secure.gravatar.com\/avatar\/265b27cb2209af7bb3a1318f03305787d7981a5cc6e6cd08fe5a4ecdf99d4b48?s=96&d=mm&r=g","caption":"Contenidos El Regional"},"url":"https:\/\/elregionalvm.com.ar\/noticias-villa-maria\/author\/contenido\/"}]}},"jetpack_featured_media_url":"https:\/\/i0.wp.com\/elregionalvm.com.ar\/noticias-villa-maria\/wp-content\/uploads\/2023\/02\/Gill-con-lopez-ministro.jpg?fit=1000%2C667&ssl=1","jetpack_sharing_enabled":true,"_links":{"self":[{"href":"https:\/\/elregionalvm.com.ar\/noticias-villa-maria\/wp-json\/wp\/v2\/posts\/71424","targetHints":{"allow":["GET"]}}],"collection":[{"href":"https:\/\/elregionalvm.com.ar\/noticias-villa-maria\/wp-json\/wp\/v2\/posts"}],"about":[{"href":"https:\/\/elregionalvm.com.ar\/noticias-villa-maria\/wp-json\/wp\/v2\/types\/post"}],"author":[{"embeddable":true,"href":"https:\/\/elregionalvm.com.ar\/noticias-villa-maria\/wp-json\/wp\/v2\/users\/4"}],"replies":[{"embeddable":true,"href":"https:\/\/elregionalvm.com.ar\/noticias-villa-maria\/wp-json\/wp\/v2\/comments?post=71424"}],"version-history":[{"count":2,"href":"https:\/\/elregionalvm.com.ar\/noticias-villa-maria\/wp-json\/wp\/v2\/posts\/71424\/revisions"}],"predecessor-version":[{"id":71428,"href":"https:\/\/elregionalvm.com.ar\/noticias-villa-maria\/wp-json\/wp\/v2\/posts\/71424\/revisions\/71428"}],"wp:featuredmedia":[{"embeddable":true,"href":"https:\/\/elregionalvm.com.ar\/noticias-villa-maria\/wp-json\/wp\/v2\/media\/71426"}],"wp:attachment":[{"href":"https:\/\/elregionalvm.com.ar\/noticias-villa-maria\/wp-json\/wp\/v2\/media?parent=71424"}],"wp:term":[{"taxonomy":"category","embeddable":true,"href":"https:\/\/elregionalvm.com.ar\/noticias-villa-maria\/wp-json\/wp\/v2\/categories?post=71424"},{"taxonomy":"post_tag","embeddable":true,"href":"https:\/\/elregionalvm.com.ar\/noticias-villa-maria\/wp-json\/wp\/v2\/tags?post=71424"}],"curies":[{"name":"wp","href":"https:\/\/api.w.org\/{rel}","templated":true}]}}