{"id":71429,"date":"2023-02-07T17:03:15","date_gmt":"2023-02-07T17:03:15","guid":{"rendered":"https:\/\/elregionalvm.com.ar\/noticias-villa-maria\/?p=71429"},"modified":"2023-02-07T17:03:16","modified_gmt":"2023-02-07T17:03:16","slug":"graglia-recorrio-las-obras-de-construccion-de-las-75-viviendas-en-villa-nueva","status":"publish","type":"post","link":"https:\/\/elregionalvm.com.ar\/noticias-villa-maria\/graglia-recorrio-las-obras-de-construccion-de-las-75-viviendas-en-villa-nueva\/","title":{"rendered":"Graglia recorri\u00f3 las obras de construcci\u00f3n de las 75 viviendas en Villa Nueva"},"content":{"rendered":"\n<p><\/p>\n\n\n\n<p>El intendente Natalio Graglia recorri\u00f3 las obras de construcci\u00f3n de las 75 viviendas del Barrio El Vallecito, correspondientes al Programa Casa Propia, del Ministerio de Desarrollo Territorial y H\u00e1bitat.<\/p>\n\n\n\n<p>Lo hizo junto con el secretario de Relaciones Institucionales y Pol\u00edticas Sociales, Mauro Bizzarri, y el subsecretario de la misma \u00e1rea, Franco Graglia.<\/p>\n\n\n\n<p><\/p>\n\n\n\n<figure class=\"wp-block-image size-full is-resized\"><img data-recalc-dims=\"1\" fetchpriority=\"high\" decoding=\"async\" src=\"https:\/\/i0.wp.com\/elregionalvm.com.ar\/noticias-villa-maria\/wp-content\/uploads\/2023\/02\/recorrido-de-obras-1.jpg?resize=910%2C512&#038;ssl=1\" alt=\"\" class=\"wp-image-71432\" width=\"910\" height=\"512\" srcset=\"https:\/\/i0.wp.com\/elregionalvm.com.ar\/noticias-villa-maria\/wp-content\/uploads\/2023\/02\/recorrido-de-obras-1.jpg?w=720&amp;ssl=1 720w, https:\/\/i0.wp.com\/elregionalvm.com.ar\/noticias-villa-maria\/wp-content\/uploads\/2023\/02\/recorrido-de-obras-1.jpg?resize=300%2C169&amp;ssl=1 300w\" sizes=\"(max-width: 910px) 100vw, 910px\" \/><\/figure>\n\n\n\n<p><\/p>\n\n\n\n<p>En el lugar, los funcionarios dialogaron con los encargados de los trabajos para conocer los avances de las obras.<\/p>\n\n\n\n<p>El gobierno municipal inform\u00f3 que \u201cencar\u00f3 un importante plan de viviendas para toda la ciudad\u201d: ya fueron entregadas 20 unidades habitacionales y ahora se trabaja en la finalizaci\u00f3n de estas 75 casas.<\/p>\n","protected":false},"excerpt":{"rendered":"<p>El intendente Natalio Graglia recorri\u00f3 las obras de construcci\u00f3n de las 75 viviendas del Barrio El Vallecito, correspondientes al Programa Casa Propia, del Ministerio de Desarrollo Territorial y H\u00e1bitat. Lo hizo junto con el secretario de Relaciones Institucionales y Pol\u00edticas Sociales, Mauro Bizzarri, y el subsecretario de la misma \u00e1rea, Franco Graglia. En el lugar, [&hellip;]<\/p>\n","protected":false},"author":4,"featured_media":71431,"comment_status":"open","ping_status":"open","sticky":false,"template":"","format":"standard","meta":{"site-sidebar-layout":"default","site-content-layout":"","ast-site-content-layout":"default","site-content-style":"default","site-sidebar-style":"default","ast-global-header-display":"","ast-banner-title-visibility":"","ast-main-header-display":"","ast-hfb-above-header-display":"","ast-hfb-below-header-display":"","ast-hfb-mobile-header-display":"","site-post-title":"","ast-breadcrumbs-content":"","ast-featured-img":"","footer-sml-layout":"","ast-disable-related-posts":"","theme-transparent-header-meta":"","adv-header-id-meta":"","stick-header-meta":"","header-above-stick-meta":"","header-main-stick-meta":"","header-below-stick-meta":"","astra-migrate-meta-layouts":"default","ast-page-background-enabled":"default","ast-page-background-meta":{"desktop":{"background-color":"","background-image":"","background-repeat":"repeat","background-position":"center center","background-size":"auto","background-attachment":"scroll","background-type":"","background-media":"","overlay-type":"","overlay-color":"","overlay-opacity":"","overlay-gradient":""},"tablet":{"background-color":"","background-image":"","background-repeat":"repeat","background-position":"center center","background-size":"auto","background-attachment":"scroll","background-type":"","background-media":"","overlay-type":"","overlay-color":"","overlay-opacity":"","overlay-gradient":""},"mobile":{"background-color":"","background-image":"","background-repeat":"repeat","background-position":"center center","background-size":"auto","background-attachment":"scroll","background-type":"","background-media":"","overlay-type":"","overlay-color":"","overlay-opacity":"","overlay-gradient":""}},"ast-content-background-meta":{"desktop":{"background-color":"var(--ast-global-color-5)","background-image":"","background-repeat":"repeat","background-position":"center center","background-size":"auto","background-attachment":"scroll","background-type":"","background-media":"","overlay-type":"","overlay-color":"","overlay-opacity":"","overlay-gradient":""},"tablet":{"background-color":"var(--ast-global-color-5)","background-image":"","background-repeat":"repeat","background-position":"center center","background-size":"auto","background-attachment":"scroll","background-type":"","background-media":"","overlay-type":"","overlay-color":"","overlay-opacity":"","overlay-gradient":""},"mobile":{"background-color":"var(--ast-global-color-5)","background-image":"","background-repeat":"repeat","background-position":"center center","background-size":"auto","background-attachment":"scroll","background-type":"","background-media":"","overlay-type":"","overlay-color":"","overlay-opacity":"","overlay-gradient":""}},"_jetpack_memberships_contains_paid_content":false,"_joinchat":[],"footnotes":""},"categories":[15302,1408],"tags":[12326,2135,3297,3298,1252,12,4030,232,2465],"class_list":["post-71429","post","type-post","status-publish","format-standard","has-post-thumbnail","hentry","category-destacado","category-villa-nueva","tag-75-viviendas","tag-construccion","tag-franco-graglia","tag-mauro-bizarri","tag-natalio-graglia","tag-obras","tag-recorrido","tag-villa-nueva","tag-viviendas"],"yoast_head":"<!-- This site is optimized with the Yoast SEO plugin v26.8 - https:\/\/yoast.com\/product\/yoast-seo-wordpress\/ -->\n<title>Graglia recorri\u00f3 las obras de construcci\u00f3n de las 75 viviendas en Villa Nueva - El Regional<\/title>\n<meta name=\"robots\" content=\"index, follow, max-snippet:-1, max-image-preview:large, max-video-preview:-1\" \/>\n<link rel=\"canonical\" href=\"http:\/\/elregionalvm.com.ar\/noticias-villa-maria\/graglia-recorrio-las-obras-de-construccion-de-las-75-viviendas-en-villa-nueva\/\" \/>\n<meta property=\"og:locale\" content=\"es_ES\" \/>\n<meta property=\"og:type\" content=\"article\" \/>\n<meta property=\"og:title\" content=\"Graglia recorri\u00f3 las obras de construcci\u00f3n de las 75 viviendas en Villa Nueva - El Regional\" \/>\n<meta property=\"og:description\" content=\"El intendente Natalio Graglia recorri\u00f3 las obras de construcci\u00f3n de las 75 viviendas del Barrio El Vallecito, correspondientes al Programa Casa Propia, del Ministerio de Desarrollo Territorial y H\u00e1bitat. Lo hizo junto con el secretario de Relaciones Institucionales y Pol\u00edticas Sociales, Mauro Bizzarri, y el subsecretario de la misma \u00e1rea, Franco Graglia. En el lugar, [&hellip;]\" \/>\n<meta property=\"og:url\" content=\"http:\/\/elregionalvm.com.ar\/noticias-villa-maria\/graglia-recorrio-las-obras-de-construccion-de-las-75-viviendas-en-villa-nueva\/\" \/>\n<meta property=\"og:site_name\" content=\"El Regional\" \/>\n<meta property=\"article:publisher\" content=\"https:\/\/www.facebook.com\/elregionalvm\" \/>\n<meta property=\"article:published_time\" content=\"2023-02-07T17:03:15+00:00\" \/>\n<meta property=\"article:modified_time\" content=\"2023-02-07T17:03:16+00:00\" \/>\n<meta property=\"og:image\" content=\"http:\/\/elregionalvm.com.ar\/noticias-villa-maria\/wp-content\/uploads\/2023\/02\/recorrido-de-obras.jpg\" \/>\n\t<meta property=\"og:image:width\" content=\"537\" \/>\n\t<meta property=\"og:image:height\" content=\"321\" \/>\n\t<meta property=\"og:image:type\" content=\"image\/jpeg\" \/>\n<meta name=\"author\" content=\"Contenidos El Regional\" \/>\n<meta name=\"twitter:card\" content=\"summary_large_image\" \/>\n<meta name=\"twitter:creator\" content=\"@elregionalvm1\" \/>\n<meta name=\"twitter:site\" content=\"@elregionalvm1\" \/>\n<meta name=\"twitter:label1\" content=\"Escrito por\" \/>\n\t<meta name=\"twitter:data1\" content=\"Contenidos El Regional\" \/>\n\t<meta name=\"twitter:label2\" content=\"Tiempo de lectura\" \/>\n\t<meta name=\"twitter:data2\" content=\"1 minuto\" \/>\n<script type=\"application\/ld+json\" class=\"yoast-schema-graph\">{\"@context\":\"https:\/\/schema.org\",\"@graph\":[{\"@type\":\"Article\",\"@id\":\"http:\/\/elregionalvm.com.ar\/noticias-villa-maria\/graglia-recorrio-las-obras-de-construccion-de-las-75-viviendas-en-villa-nueva\/#article\",\"isPartOf\":{\"@id\":\"http:\/\/elregionalvm.com.ar\/noticias-villa-maria\/graglia-recorrio-las-obras-de-construccion-de-las-75-viviendas-en-villa-nueva\/\"},\"author\":{\"name\":\"Contenidos El Regional\",\"@id\":\"http:\/\/elregionalvm.com.ar\/noticias-villa-maria\/#\/schema\/person\/a0fb9c422317faca23d50163151bc354\"},\"headline\":\"Graglia recorri\u00f3 las obras de construcci\u00f3n de las 75 viviendas en Villa Nueva\",\"datePublished\":\"2023-02-07T17:03:15+00:00\",\"dateModified\":\"2023-02-07T17:03:16+00:00\",\"mainEntityOfPage\":{\"@id\":\"http:\/\/elregionalvm.com.ar\/noticias-villa-maria\/graglia-recorrio-las-obras-de-construccion-de-las-75-viviendas-en-villa-nueva\/\"},\"wordCount\":117,\"commentCount\":0,\"image\":{\"@id\":\"http:\/\/elregionalvm.com.ar\/noticias-villa-maria\/graglia-recorrio-las-obras-de-construccion-de-las-75-viviendas-en-villa-nueva\/#primaryimage\"},\"thumbnailUrl\":\"https:\/\/i0.wp.com\/elregionalvm.com.ar\/noticias-villa-maria\/wp-content\/uploads\/2023\/02\/recorrido-de-obras.jpg?fit=537%2C321&ssl=1\",\"keywords\":[\"75 viviendas\",\"Construcci\u00f3n\",\"Franco Graglia\",\"Mauro Bizarri\",\"Natalio Graglia\",\"obras\",\"recorrido\",\"VILLA NUEVA\",\"Viviendas\"],\"articleSection\":[\"destacado\",\"Villa Nueva\"],\"inLanguage\":\"es\",\"potentialAction\":[{\"@type\":\"CommentAction\",\"name\":\"Comment\",\"target\":[\"http:\/\/elregionalvm.com.ar\/noticias-villa-maria\/graglia-recorrio-las-obras-de-construccion-de-las-75-viviendas-en-villa-nueva\/#respond\"]}]},{\"@type\":\"WebPage\",\"@id\":\"http:\/\/elregionalvm.com.ar\/noticias-villa-maria\/graglia-recorrio-las-obras-de-construccion-de-las-75-viviendas-en-villa-nueva\/\",\"url\":\"http:\/\/elregionalvm.com.ar\/noticias-villa-maria\/graglia-recorrio-las-obras-de-construccion-de-las-75-viviendas-en-villa-nueva\/\",\"name\":\"Graglia recorri\u00f3 las obras de construcci\u00f3n de las 75 viviendas en Villa Nueva - El Regional\",\"isPartOf\":{\"@id\":\"http:\/\/elregionalvm.com.ar\/noticias-villa-maria\/#website\"},\"primaryImageOfPage\":{\"@id\":\"http:\/\/elregionalvm.com.ar\/noticias-villa-maria\/graglia-recorrio-las-obras-de-construccion-de-las-75-viviendas-en-villa-nueva\/#primaryimage\"},\"image\":{\"@id\":\"http:\/\/elregionalvm.com.ar\/noticias-villa-maria\/graglia-recorrio-las-obras-de-construccion-de-las-75-viviendas-en-villa-nueva\/#primaryimage\"},\"thumbnailUrl\":\"https:\/\/i0.wp.com\/elregionalvm.com.ar\/noticias-villa-maria\/wp-content\/uploads\/2023\/02\/recorrido-de-obras.jpg?fit=537%2C321&ssl=1\",\"datePublished\":\"2023-02-07T17:03:15+00:00\",\"dateModified\":\"2023-02-07T17:03:16+00:00\",\"author\":{\"@id\":\"http:\/\/elregionalvm.com.ar\/noticias-villa-maria\/#\/schema\/person\/a0fb9c422317faca23d50163151bc354\"},\"breadcrumb\":{\"@id\":\"http:\/\/elregionalvm.com.ar\/noticias-villa-maria\/graglia-recorrio-las-obras-de-construccion-de-las-75-viviendas-en-villa-nueva\/#breadcrumb\"},\"inLanguage\":\"es\",\"potentialAction\":[{\"@type\":\"ReadAction\",\"target\":[\"http:\/\/elregionalvm.com.ar\/noticias-villa-maria\/graglia-recorrio-las-obras-de-construccion-de-las-75-viviendas-en-villa-nueva\/\"]}]},{\"@type\":\"ImageObject\",\"inLanguage\":\"es\",\"@id\":\"http:\/\/elregionalvm.com.ar\/noticias-villa-maria\/graglia-recorrio-las-obras-de-construccion-de-las-75-viviendas-en-villa-nueva\/#primaryimage\",\"url\":\"https:\/\/i0.wp.com\/elregionalvm.com.ar\/noticias-villa-maria\/wp-content\/uploads\/2023\/02\/recorrido-de-obras.jpg?fit=537%2C321&ssl=1\",\"contentUrl\":\"https:\/\/i0.wp.com\/elregionalvm.com.ar\/noticias-villa-maria\/wp-content\/uploads\/2023\/02\/recorrido-de-obras.jpg?fit=537%2C321&ssl=1\",\"width\":537,\"height\":321},{\"@type\":\"BreadcrumbList\",\"@id\":\"http:\/\/elregionalvm.com.ar\/noticias-villa-maria\/graglia-recorrio-las-obras-de-construccion-de-las-75-viviendas-en-villa-nueva\/#breadcrumb\",\"itemListElement\":[{\"@type\":\"ListItem\",\"position\":1,\"name\":\"Portada\",\"item\":\"https:\/\/elregionalvm.com.ar\/noticias-villa-maria\/\"},{\"@type\":\"ListItem\",\"position\":2,\"name\":\"Graglia recorri\u00f3 las obras de construcci\u00f3n de las 75 viviendas en Villa Nueva\"}]},{\"@type\":\"WebSite\",\"@id\":\"http:\/\/elregionalvm.com.ar\/noticias-villa-maria\/#website\",\"url\":\"http:\/\/elregionalvm.com.ar\/noticias-villa-maria\/\",\"name\":\"El Regional\",\"description\":\"Mucho m\u00e1s que informaci\u00f3n\",\"potentialAction\":[{\"@type\":\"SearchAction\",\"target\":{\"@type\":\"EntryPoint\",\"urlTemplate\":\"http:\/\/elregionalvm.com.ar\/noticias-villa-maria\/?s={search_term_string}\"},\"query-input\":{\"@type\":\"PropertyValueSpecification\",\"valueRequired\":true,\"valueName\":\"search_term_string\"}}],\"inLanguage\":\"es\"},{\"@type\":\"Person\",\"@id\":\"http:\/\/elregionalvm.com.ar\/noticias-villa-maria\/#\/schema\/person\/a0fb9c422317faca23d50163151bc354\",\"name\":\"Contenidos El Regional\",\"image\":{\"@type\":\"ImageObject\",\"inLanguage\":\"es\",\"@id\":\"http:\/\/elregionalvm.com.ar\/noticias-villa-maria\/#\/schema\/person\/image\/\",\"url\":\"https:\/\/secure.gravatar.com\/avatar\/265b27cb2209af7bb3a1318f03305787d7981a5cc6e6cd08fe5a4ecdf99d4b48?s=96&d=mm&r=g\",\"contentUrl\":\"https:\/\/secure.gravatar.com\/avatar\/265b27cb2209af7bb3a1318f03305787d7981a5cc6e6cd08fe5a4ecdf99d4b48?s=96&d=mm&r=g\",\"caption\":\"Contenidos El Regional\"},\"url\":\"https:\/\/elregionalvm.com.ar\/noticias-villa-maria\/author\/contenido\/\"}]}<\/script>\n<!-- \/ Yoast SEO plugin. -->","yoast_head_json":{"title":"Graglia recorri\u00f3 las obras de construcci\u00f3n de las 75 viviendas en Villa Nueva - El Regional","robots":{"index":"index","follow":"follow","max-snippet":"max-snippet:-1","max-image-preview":"max-image-preview:large","max-video-preview":"max-video-preview:-1"},"canonical":"http:\/\/elregionalvm.com.ar\/noticias-villa-maria\/graglia-recorrio-las-obras-de-construccion-de-las-75-viviendas-en-villa-nueva\/","og_locale":"es_ES","og_type":"article","og_title":"Graglia recorri\u00f3 las obras de construcci\u00f3n de las 75 viviendas en Villa Nueva - El Regional","og_description":"El intendente Natalio Graglia recorri\u00f3 las obras de construcci\u00f3n de las 75 viviendas del Barrio El Vallecito, correspondientes al Programa Casa Propia, del Ministerio de Desarrollo Territorial y H\u00e1bitat. Lo hizo junto con el secretario de Relaciones Institucionales y Pol\u00edticas Sociales, Mauro Bizzarri, y el subsecretario de la misma \u00e1rea, Franco Graglia. En el lugar, [&hellip;]","og_url":"http:\/\/elregionalvm.com.ar\/noticias-villa-maria\/graglia-recorrio-las-obras-de-construccion-de-las-75-viviendas-en-villa-nueva\/","og_site_name":"El Regional","article_publisher":"https:\/\/www.facebook.com\/elregionalvm","article_published_time":"2023-02-07T17:03:15+00:00","article_modified_time":"2023-02-07T17:03:16+00:00","og_image":[{"width":537,"height":321,"url":"http:\/\/elregionalvm.com.ar\/noticias-villa-maria\/wp-content\/uploads\/2023\/02\/recorrido-de-obras.jpg","type":"image\/jpeg"}],"author":"Contenidos El Regional","twitter_card":"summary_large_image","twitter_creator":"@elregionalvm1","twitter_site":"@elregionalvm1","twitter_misc":{"Escrito por":"Contenidos El Regional","Tiempo de lectura":"1 minuto"},"schema":{"@context":"https:\/\/schema.org","@graph":[{"@type":"Article","@id":"http:\/\/elregionalvm.com.ar\/noticias-villa-maria\/graglia-recorrio-las-obras-de-construccion-de-las-75-viviendas-en-villa-nueva\/#article","isPartOf":{"@id":"http:\/\/elregionalvm.com.ar\/noticias-villa-maria\/graglia-recorrio-las-obras-de-construccion-de-las-75-viviendas-en-villa-nueva\/"},"author":{"name":"Contenidos El Regional","@id":"http:\/\/elregionalvm.com.ar\/noticias-villa-maria\/#\/schema\/person\/a0fb9c422317faca23d50163151bc354"},"headline":"Graglia recorri\u00f3 las obras de construcci\u00f3n de las 75 viviendas en Villa Nueva","datePublished":"2023-02-07T17:03:15+00:00","dateModified":"2023-02-07T17:03:16+00:00","mainEntityOfPage":{"@id":"http:\/\/elregionalvm.com.ar\/noticias-villa-maria\/graglia-recorrio-las-obras-de-construccion-de-las-75-viviendas-en-villa-nueva\/"},"wordCount":117,"commentCount":0,"image":{"@id":"http:\/\/elregionalvm.com.ar\/noticias-villa-maria\/graglia-recorrio-las-obras-de-construccion-de-las-75-viviendas-en-villa-nueva\/#primaryimage"},"thumbnailUrl":"https:\/\/i0.wp.com\/elregionalvm.com.ar\/noticias-villa-maria\/wp-content\/uploads\/2023\/02\/recorrido-de-obras.jpg?fit=537%2C321&ssl=1","keywords":["75 viviendas","Construcci\u00f3n","Franco Graglia","Mauro Bizarri","Natalio Graglia","obras","recorrido","VILLA NUEVA","Viviendas"],"articleSection":["destacado","Villa Nueva"],"inLanguage":"es","potentialAction":[{"@type":"CommentAction","name":"Comment","target":["http:\/\/elregionalvm.com.ar\/noticias-villa-maria\/graglia-recorrio-las-obras-de-construccion-de-las-75-viviendas-en-villa-nueva\/#respond"]}]},{"@type":"WebPage","@id":"http:\/\/elregionalvm.com.ar\/noticias-villa-maria\/graglia-recorrio-las-obras-de-construccion-de-las-75-viviendas-en-villa-nueva\/","url":"http:\/\/elregionalvm.com.ar\/noticias-villa-maria\/graglia-recorrio-las-obras-de-construccion-de-las-75-viviendas-en-villa-nueva\/","name":"Graglia recorri\u00f3 las obras de construcci\u00f3n de las 75 viviendas en Villa Nueva - El Regional","isPartOf":{"@id":"http:\/\/elregionalvm.com.ar\/noticias-villa-maria\/#website"},"primaryImageOfPage":{"@id":"http:\/\/elregionalvm.com.ar\/noticias-villa-maria\/graglia-recorrio-las-obras-de-construccion-de-las-75-viviendas-en-villa-nueva\/#primaryimage"},"image":{"@id":"http:\/\/elregionalvm.com.ar\/noticias-villa-maria\/graglia-recorrio-las-obras-de-construccion-de-las-75-viviendas-en-villa-nueva\/#primaryimage"},"thumbnailUrl":"https:\/\/i0.wp.com\/elregionalvm.com.ar\/noticias-villa-maria\/wp-content\/uploads\/2023\/02\/recorrido-de-obras.jpg?fit=537%2C321&ssl=1","datePublished":"2023-02-07T17:03:15+00:00","dateModified":"2023-02-07T17:03:16+00:00","author":{"@id":"http:\/\/elregionalvm.com.ar\/noticias-villa-maria\/#\/schema\/person\/a0fb9c422317faca23d50163151bc354"},"breadcrumb":{"@id":"http:\/\/elregionalvm.com.ar\/noticias-villa-maria\/graglia-recorrio-las-obras-de-construccion-de-las-75-viviendas-en-villa-nueva\/#breadcrumb"},"inLanguage":"es","potentialAction":[{"@type":"ReadAction","target":["http:\/\/elregionalvm.com.ar\/noticias-villa-maria\/graglia-recorrio-las-obras-de-construccion-de-las-75-viviendas-en-villa-nueva\/"]}]},{"@type":"ImageObject","inLanguage":"es","@id":"http:\/\/elregionalvm.com.ar\/noticias-villa-maria\/graglia-recorrio-las-obras-de-construccion-de-las-75-viviendas-en-villa-nueva\/#primaryimage","url":"https:\/\/i0.wp.com\/elregionalvm.com.ar\/noticias-villa-maria\/wp-content\/uploads\/2023\/02\/recorrido-de-obras.jpg?fit=537%2C321&ssl=1","contentUrl":"https:\/\/i0.wp.com\/elregionalvm.com.ar\/noticias-villa-maria\/wp-content\/uploads\/2023\/02\/recorrido-de-obras.jpg?fit=537%2C321&ssl=1","width":537,"height":321},{"@type":"BreadcrumbList","@id":"http:\/\/elregionalvm.com.ar\/noticias-villa-maria\/graglia-recorrio-las-obras-de-construccion-de-las-75-viviendas-en-villa-nueva\/#breadcrumb","itemListElement":[{"@type":"ListItem","position":1,"name":"Portada","item":"https:\/\/elregionalvm.com.ar\/noticias-villa-maria\/"},{"@type":"ListItem","position":2,"name":"Graglia recorri\u00f3 las obras de construcci\u00f3n de las 75 viviendas en Villa Nueva"}]},{"@type":"WebSite","@id":"http:\/\/elregionalvm.com.ar\/noticias-villa-maria\/#website","url":"http:\/\/elregionalvm.com.ar\/noticias-villa-maria\/","name":"El Regional","description":"Mucho m\u00e1s que informaci\u00f3n","potentialAction":[{"@type":"SearchAction","target":{"@type":"EntryPoint","urlTemplate":"http:\/\/elregionalvm.com.ar\/noticias-villa-maria\/?s={search_term_string}"},"query-input":{"@type":"PropertyValueSpecification","valueRequired":true,"valueName":"search_term_string"}}],"inLanguage":"es"},{"@type":"Person","@id":"http:\/\/elregionalvm.com.ar\/noticias-villa-maria\/#\/schema\/person\/a0fb9c422317faca23d50163151bc354","name":"Contenidos El Regional","image":{"@type":"ImageObject","inLanguage":"es","@id":"http:\/\/elregionalvm.com.ar\/noticias-villa-maria\/#\/schema\/person\/image\/","url":"https:\/\/secure.gravatar.com\/avatar\/265b27cb2209af7bb3a1318f03305787d7981a5cc6e6cd08fe5a4ecdf99d4b48?s=96&d=mm&r=g","contentUrl":"https:\/\/secure.gravatar.com\/avatar\/265b27cb2209af7bb3a1318f03305787d7981a5cc6e6cd08fe5a4ecdf99d4b48?s=96&d=mm&r=g","caption":"Contenidos El Regional"},"url":"https:\/\/elregionalvm.com.ar\/noticias-villa-maria\/author\/contenido\/"}]}},"jetpack_featured_media_url":"https:\/\/i0.wp.com\/elregionalvm.com.ar\/noticias-villa-maria\/wp-content\/uploads\/2023\/02\/recorrido-de-obras.jpg?fit=537%2C321&ssl=1","jetpack_sharing_enabled":true,"_links":{"self":[{"href":"https:\/\/elregionalvm.com.ar\/noticias-villa-maria\/wp-json\/wp\/v2\/posts\/71429","targetHints":{"allow":["GET"]}}],"collection":[{"href":"https:\/\/elregionalvm.com.ar\/noticias-villa-maria\/wp-json\/wp\/v2\/posts"}],"about":[{"href":"https:\/\/elregionalvm.com.ar\/noticias-villa-maria\/wp-json\/wp\/v2\/types\/post"}],"author":[{"embeddable":true,"href":"https:\/\/elregionalvm.com.ar\/noticias-villa-maria\/wp-json\/wp\/v2\/users\/4"}],"replies":[{"embeddable":true,"href":"https:\/\/elregionalvm.com.ar\/noticias-villa-maria\/wp-json\/wp\/v2\/comments?post=71429"}],"version-history":[{"count":2,"href":"https:\/\/elregionalvm.com.ar\/noticias-villa-maria\/wp-json\/wp\/v2\/posts\/71429\/revisions"}],"predecessor-version":[{"id":71433,"href":"https:\/\/elregionalvm.com.ar\/noticias-villa-maria\/wp-json\/wp\/v2\/posts\/71429\/revisions\/71433"}],"wp:featuredmedia":[{"embeddable":true,"href":"https:\/\/elregionalvm.com.ar\/noticias-villa-maria\/wp-json\/wp\/v2\/media\/71431"}],"wp:attachment":[{"href":"https:\/\/elregionalvm.com.ar\/noticias-villa-maria\/wp-json\/wp\/v2\/media?parent=71429"}],"wp:term":[{"taxonomy":"category","embeddable":true,"href":"https:\/\/elregionalvm.com.ar\/noticias-villa-maria\/wp-json\/wp\/v2\/categories?post=71429"},{"taxonomy":"post_tag","embeddable":true,"href":"https:\/\/elregionalvm.com.ar\/noticias-villa-maria\/wp-json\/wp\/v2\/tags?post=71429"}],"curies":[{"name":"wp","href":"https:\/\/api.w.org\/{rel}","templated":true}]}}