{"id":71434,"date":"2023-02-07T17:16:45","date_gmt":"2023-02-07T17:16:45","guid":{"rendered":"https:\/\/elregionalvm.com.ar\/noticias-villa-maria\/?p=71434"},"modified":"2023-02-07T17:16:47","modified_gmt":"2023-02-07T17:16:47","slug":"condenaron-a-empresa-automotriz-y-a-concesionaria-por-defectos-en-la-pantalla-de-un-vehiculo","status":"publish","type":"post","link":"https:\/\/elregionalvm.com.ar\/noticias-villa-maria\/condenaron-a-empresa-automotriz-y-a-concesionaria-por-defectos-en-la-pantalla-de-un-vehiculo\/","title":{"rendered":"Condenaron a empresa automotriz y a concesionaria por defectos en la pantalla de un veh\u00edculo"},"content":{"rendered":"\n<p><\/p>\n\n\n\n<h2 class=\"wp-block-heading\"><strong>Poco despu\u00e9s de comprar el auto, ese instrumento comenz\u00f3 a fallar y no pudo ser reparado por el servicio t\u00e9cnico oficial. El tribunal orden\u00f3 sustituir la pantalla y pagar da\u00f1o moral y gastos.<\/strong><\/h2>\n\n\n\n<p><\/p>\n\n\n\n<p>El Juzgado Civil, Comercial y de Familia de la ciudad de Huinca Renanc\u00f3, en el sur provincial, conden\u00f3 a una empresa automotriz y a la concesionaria que vendi\u00f3 el veh\u00edculo a sustituir una pantalla de informaci\u00f3n gr\u00e1fica que no funcionaba y tampoco pudo ser reparada en el servicio t\u00e9cnico oficial.<\/p>\n\n\n\n<p>Las firmas demandas tambi\u00e9n deber\u00e1n indemnizar al consumidor por da\u00f1o moral y por los gastos ocasionados.<\/p>\n\n\n\n<p>En febrero de 2018, el consumidor adquiri\u00f3 un autom\u00f3vil Chevrolet Cruze 0 km. Luego de unos meses, la pantalla de informaci\u00f3n gr\u00e1fica comenz\u00f3 a fallar y dej\u00f3 de proporcionar informaci\u00f3n esencial.<\/p>\n\n\n\n<p>Ante dicha circunstancia, el propietario tuvo que llevar el veh\u00edculo al taller de la agencia oficial en cuatro oportunidades. All\u00ed, le informaron que no pod\u00edan determinar la causa ni el origen de la falla.&nbsp; Ante esto, el damnificado envi\u00f3 carta documento a la fabricante, sin obtener respuesta alguna.<\/p>\n\n\n\n<p><strong>Demanda y sentencia<\/strong><\/p>\n\n\n\n<p>Frente a la falta de una soluci\u00f3n satisfactoria, demand\u00f3 al concesionario y al fabricante por los defectos y vicios que presentaba el autom\u00f3vil que no pudieron ser reparados, en el marco de la garant\u00eda de f\u00e1brica brindada por la fabricante.<\/p>\n\n\n\n<p>En primer lugar, solicit\u00f3 la entrega de un veh\u00edculo nuevo de id\u00e9nticas caracter\u00edsticas al adquirido y, en subsidio, requiri\u00f3 el cambio de la pantalla.<\/p>\n\n\n\n<p><\/p>\n\n\n\n<figure class=\"wp-block-image size-large\"><img data-recalc-dims=\"1\" fetchpriority=\"high\" decoding=\"async\" width=\"1024\" height=\"576\" src=\"https:\/\/i0.wp.com\/elregionalvm.com.ar\/noticias-villa-maria\/wp-content\/uploads\/2023\/02\/Pantalla-auto-tv.jpg?resize=1024%2C576&#038;ssl=1\" alt=\"\" class=\"wp-image-71436\" srcset=\"https:\/\/i0.wp.com\/elregionalvm.com.ar\/noticias-villa-maria\/wp-content\/uploads\/2023\/02\/Pantalla-auto-tv.jpg?resize=1024%2C576&amp;ssl=1 1024w, https:\/\/i0.wp.com\/elregionalvm.com.ar\/noticias-villa-maria\/wp-content\/uploads\/2023\/02\/Pantalla-auto-tv.jpg?resize=300%2C169&amp;ssl=1 300w, https:\/\/i0.wp.com\/elregionalvm.com.ar\/noticias-villa-maria\/wp-content\/uploads\/2023\/02\/Pantalla-auto-tv.jpg?resize=768%2C432&amp;ssl=1 768w, https:\/\/i0.wp.com\/elregionalvm.com.ar\/noticias-villa-maria\/wp-content\/uploads\/2023\/02\/Pantalla-auto-tv.jpg?w=1280&amp;ssl=1 1280w\" sizes=\"(max-width: 1000px) 100vw, 1000px\" \/><\/figure>\n\n\n\n<p><\/p>\n\n\n\n<p>En la sentencia, el juez Lucas Ramiro consider\u00f3 que el fabricante y la concesionaria eran responsables de manera solidaria en relaci\u00f3n al reemplazo de la pantalla. El magistrado concluy\u00f3 que no resulta equitativo ni proporcional el reemplazo del veh\u00edculo, tal como lo solicit\u00f3 el demandante.\u00a0<\/p>\n\n\n\n<p>Asimismo, dispuso que durante el tiempo que insuma la reparaci\u00f3n, le sea proporcionado un veh\u00edculo de id\u00e9nticas caracter\u00edsticas para su uso, el que deber\u00e1 ser entregado y retirado en su domicilio.<\/p>\n\n\n\n<p>La condena en concepto de da\u00f1o moral se impuso s\u00f3lo a la firma automotriz y no a la concesionaria, ya que dicha empresa tom\u00f3 conocimiento del hecho reci\u00e9n cuando fue notificada de la demanda.<\/p>\n\n\n\n<p>Aun as\u00ed, puso a disposici\u00f3n sus talleres para solucionar el inconveniente y ofreci\u00f3 gestionar ante la automotriz la entrega de un veh\u00edculo para uso del actor en el per\u00edodo en que el rodado se encontrase en reparaci\u00f3n. De tal modo, no puede imput\u00e1rsele responsabilidad alguna en la producci\u00f3n del da\u00f1o moral.<\/p>\n\n\n\n<p><strong>Sin da\u00f1o punitivo<\/strong><\/p>\n\n\n\n<p>Por otra parte, se rechaz\u00f3 la imposici\u00f3n de da\u00f1o punitivo atento a que ninguna de las demandadas actu\u00f3 mediante conductas de tal gravedad que justifiquen la aplicaci\u00f3n de la punici\u00f3n del da\u00f1o. No se encontr\u00f3 mayor reproche subjetivo en su accionar tanto en la faz administrativa ni judicial.<\/p>\n\n\n\n<p>En definitiva, las instituciones demandadas investigaron la cuesti\u00f3n y luego ejercieron el derecho de defensa, sin incurrir en culpa grave y menos dolo.<\/p>\n\n\n\n<p>\u201cAtento la orfandad probatoria en el rubro y en base a reglas de la experiencia, se resolvi\u00f3 que los ingresos al taller por parte del automotor objeto del proceso, no fueron desproporcionados en tiempo, por lo que el actor no se encontr\u00f3 \u201cprivado\u201d del veh\u00edculo, en el sentido que la reparaci\u00f3n exige, con lo que se dispuso su rechazo\u201d, inform\u00f3 el Poder Judicial de C\u00f3rdoba.<\/p>\n","protected":false},"excerpt":{"rendered":"<p>Poco despu\u00e9s de comprar el auto, ese instrumento comenz\u00f3 a fallar y no pudo ser reparado por el servicio t\u00e9cnico oficial. El tribunal orden\u00f3 sustituir la pantalla y pagar da\u00f1o moral y gastos. El Juzgado Civil, Comercial y de Familia de la ciudad de Huinca Renanc\u00f3, en el sur provincial, conden\u00f3 a una empresa automotriz [&hellip;]<\/p>\n","protected":false},"author":4,"featured_media":71437,"comment_status":"open","ping_status":"open","sticky":false,"template":"","format":"standard","meta":{"site-sidebar-layout":"default","site-content-layout":"","ast-site-content-layout":"default","site-content-style":"default","site-sidebar-style":"default","ast-global-header-display":"","ast-banner-title-visibility":"","ast-main-header-display":"","ast-hfb-above-header-display":"","ast-hfb-below-header-display":"","ast-hfb-mobile-header-display":"","site-post-title":"","ast-breadcrumbs-content":"","ast-featured-img":"","footer-sml-layout":"","ast-disable-related-posts":"","theme-transparent-header-meta":"","adv-header-id-meta":"","stick-header-meta":"","header-above-stick-meta":"","header-main-stick-meta":"","header-below-stick-meta":"","astra-migrate-meta-layouts":"default","ast-page-background-enabled":"default","ast-page-background-meta":{"desktop":{"background-color":"","background-image":"","background-repeat":"repeat","background-position":"center center","background-size":"auto","background-attachment":"scroll","background-type":"","background-media":"","overlay-type":"","overlay-color":"","overlay-opacity":"","overlay-gradient":""},"tablet":{"background-color":"","background-image":"","background-repeat":"repeat","background-position":"center center","background-size":"auto","background-attachment":"scroll","background-type":"","background-media":"","overlay-type":"","overlay-color":"","overlay-opacity":"","overlay-gradient":""},"mobile":{"background-color":"","background-image":"","background-repeat":"repeat","background-position":"center center","background-size":"auto","background-attachment":"scroll","background-type":"","background-media":"","overlay-type":"","overlay-color":"","overlay-opacity":"","overlay-gradient":""}},"ast-content-background-meta":{"desktop":{"background-color":"var(--ast-global-color-5)","background-image":"","background-repeat":"repeat","background-position":"center center","background-size":"auto","background-attachment":"scroll","background-type":"","background-media":"","overlay-type":"","overlay-color":"","overlay-opacity":"","overlay-gradient":""},"tablet":{"background-color":"var(--ast-global-color-5)","background-image":"","background-repeat":"repeat","background-position":"center center","background-size":"auto","background-attachment":"scroll","background-type":"","background-media":"","overlay-type":"","overlay-color":"","overlay-opacity":"","overlay-gradient":""},"mobile":{"background-color":"var(--ast-global-color-5)","background-image":"","background-repeat":"repeat","background-position":"center center","background-size":"auto","background-attachment":"scroll","background-type":"","background-media":"","overlay-type":"","overlay-color":"","overlay-opacity":"","overlay-gradient":""}},"_jetpack_memberships_contains_paid_content":false,"_joinchat":[],"footnotes":""},"categories":[15302,16095],"tags":[21725,18603,15452,3538,21727,21728,10911,99,21726,7480,13325,21703],"class_list":["post-71434","post","type-post","status-publish","format-standard","has-post-thumbnail","hentry","category-destacado","category-provinciales","tag-automotriz","tag-chevrolet","tag-concesionaria","tag-condena","tag-cruze","tag-defectos","tag-huinca-renanco","tag-justicia","tag-pantalla","tag-poder-judicial","tag-sentencia","tag-tribunal"],"yoast_head":"<!-- This site is optimized with the Yoast SEO plugin v26.8 - https:\/\/yoast.com\/product\/yoast-seo-wordpress\/ -->\n<title>Condenaron a empresa automotriz y a concesionaria por defectos en la pantalla de un veh\u00edculo - El Regional<\/title>\n<meta name=\"robots\" content=\"index, follow, max-snippet:-1, max-image-preview:large, max-video-preview:-1\" \/>\n<link rel=\"canonical\" href=\"http:\/\/elregionalvm.com.ar\/noticias-villa-maria\/condenaron-a-empresa-automotriz-y-a-concesionaria-por-defectos-en-la-pantalla-de-un-vehiculo\/\" \/>\n<meta property=\"og:locale\" content=\"es_ES\" \/>\n<meta property=\"og:type\" content=\"article\" \/>\n<meta property=\"og:title\" content=\"Condenaron a empresa automotriz y a concesionaria por defectos en la pantalla de un veh\u00edculo - El Regional\" \/>\n<meta property=\"og:description\" content=\"Poco despu\u00e9s de comprar el auto, ese instrumento comenz\u00f3 a fallar y no pudo ser reparado por el servicio t\u00e9cnico oficial. El tribunal orden\u00f3 sustituir la pantalla y pagar da\u00f1o moral y gastos. El Juzgado Civil, Comercial y de Familia de la ciudad de Huinca Renanc\u00f3, en el sur provincial, conden\u00f3 a una empresa automotriz [&hellip;]\" \/>\n<meta property=\"og:url\" content=\"http:\/\/elregionalvm.com.ar\/noticias-villa-maria\/condenaron-a-empresa-automotriz-y-a-concesionaria-por-defectos-en-la-pantalla-de-un-vehiculo\/\" \/>\n<meta property=\"og:site_name\" content=\"El Regional\" \/>\n<meta property=\"article:publisher\" content=\"https:\/\/www.facebook.com\/elregionalvm\" \/>\n<meta property=\"article:published_time\" content=\"2023-02-07T17:16:45+00:00\" \/>\n<meta property=\"article:modified_time\" content=\"2023-02-07T17:16:47+00:00\" \/>\n<meta property=\"og:image\" content=\"http:\/\/elregionalvm.com.ar\/noticias-villa-maria\/wp-content\/uploads\/2023\/02\/pantalla-auto-que-va.jpg\" \/>\n\t<meta property=\"og:image:width\" content=\"950\" \/>\n\t<meta property=\"og:image:height\" content=\"500\" \/>\n\t<meta property=\"og:image:type\" content=\"image\/jpeg\" \/>\n<meta name=\"author\" content=\"Contenidos El Regional\" \/>\n<meta name=\"twitter:card\" content=\"summary_large_image\" \/>\n<meta name=\"twitter:creator\" content=\"@elregionalvm1\" \/>\n<meta name=\"twitter:site\" content=\"@elregionalvm1\" \/>\n<meta name=\"twitter:label1\" content=\"Escrito por\" \/>\n\t<meta name=\"twitter:data1\" content=\"Contenidos El Regional\" \/>\n\t<meta name=\"twitter:label2\" content=\"Tiempo de lectura\" \/>\n\t<meta name=\"twitter:data2\" content=\"3 minutos\" \/>\n<script type=\"application\/ld+json\" class=\"yoast-schema-graph\">{\"@context\":\"https:\/\/schema.org\",\"@graph\":[{\"@type\":\"Article\",\"@id\":\"http:\/\/elregionalvm.com.ar\/noticias-villa-maria\/condenaron-a-empresa-automotriz-y-a-concesionaria-por-defectos-en-la-pantalla-de-un-vehiculo\/#article\",\"isPartOf\":{\"@id\":\"http:\/\/elregionalvm.com.ar\/noticias-villa-maria\/condenaron-a-empresa-automotriz-y-a-concesionaria-por-defectos-en-la-pantalla-de-un-vehiculo\/\"},\"author\":{\"name\":\"Contenidos El Regional\",\"@id\":\"http:\/\/elregionalvm.com.ar\/noticias-villa-maria\/#\/schema\/person\/a0fb9c422317faca23d50163151bc354\"},\"headline\":\"Condenaron a empresa automotriz y a concesionaria por defectos en la pantalla de un veh\u00edculo\",\"datePublished\":\"2023-02-07T17:16:45+00:00\",\"dateModified\":\"2023-02-07T17:16:47+00:00\",\"mainEntityOfPage\":{\"@id\":\"http:\/\/elregionalvm.com.ar\/noticias-villa-maria\/condenaron-a-empresa-automotriz-y-a-concesionaria-por-defectos-en-la-pantalla-de-un-vehiculo\/\"},\"wordCount\":609,\"commentCount\":0,\"image\":{\"@id\":\"http:\/\/elregionalvm.com.ar\/noticias-villa-maria\/condenaron-a-empresa-automotriz-y-a-concesionaria-por-defectos-en-la-pantalla-de-un-vehiculo\/#primaryimage\"},\"thumbnailUrl\":\"https:\/\/i0.wp.com\/elregionalvm.com.ar\/noticias-villa-maria\/wp-content\/uploads\/2023\/02\/pantalla-auto-que-va.jpg?fit=950%2C500&ssl=1\",\"keywords\":[\"automotriz\",\"Chevrolet\",\"concesionaria\",\"condena\",\"Cruze\",\"defectos\",\"Huinca Renanc\u00f3\",\"Justicia\",\"pantalla\",\"Poder Judicial\",\"sentencia\",\"tribunal\"],\"articleSection\":[\"destacado\",\"Provinciales\"],\"inLanguage\":\"es\",\"potentialAction\":[{\"@type\":\"CommentAction\",\"name\":\"Comment\",\"target\":[\"http:\/\/elregionalvm.com.ar\/noticias-villa-maria\/condenaron-a-empresa-automotriz-y-a-concesionaria-por-defectos-en-la-pantalla-de-un-vehiculo\/#respond\"]}]},{\"@type\":\"WebPage\",\"@id\":\"http:\/\/elregionalvm.com.ar\/noticias-villa-maria\/condenaron-a-empresa-automotriz-y-a-concesionaria-por-defectos-en-la-pantalla-de-un-vehiculo\/\",\"url\":\"http:\/\/elregionalvm.com.ar\/noticias-villa-maria\/condenaron-a-empresa-automotriz-y-a-concesionaria-por-defectos-en-la-pantalla-de-un-vehiculo\/\",\"name\":\"Condenaron a empresa automotriz y a concesionaria por defectos en la pantalla de un veh\u00edculo - El Regional\",\"isPartOf\":{\"@id\":\"http:\/\/elregionalvm.com.ar\/noticias-villa-maria\/#website\"},\"primaryImageOfPage\":{\"@id\":\"http:\/\/elregionalvm.com.ar\/noticias-villa-maria\/condenaron-a-empresa-automotriz-y-a-concesionaria-por-defectos-en-la-pantalla-de-un-vehiculo\/#primaryimage\"},\"image\":{\"@id\":\"http:\/\/elregionalvm.com.ar\/noticias-villa-maria\/condenaron-a-empresa-automotriz-y-a-concesionaria-por-defectos-en-la-pantalla-de-un-vehiculo\/#primaryimage\"},\"thumbnailUrl\":\"https:\/\/i0.wp.com\/elregionalvm.com.ar\/noticias-villa-maria\/wp-content\/uploads\/2023\/02\/pantalla-auto-que-va.jpg?fit=950%2C500&ssl=1\",\"datePublished\":\"2023-02-07T17:16:45+00:00\",\"dateModified\":\"2023-02-07T17:16:47+00:00\",\"author\":{\"@id\":\"http:\/\/elregionalvm.com.ar\/noticias-villa-maria\/#\/schema\/person\/a0fb9c422317faca23d50163151bc354\"},\"breadcrumb\":{\"@id\":\"http:\/\/elregionalvm.com.ar\/noticias-villa-maria\/condenaron-a-empresa-automotriz-y-a-concesionaria-por-defectos-en-la-pantalla-de-un-vehiculo\/#breadcrumb\"},\"inLanguage\":\"es\",\"potentialAction\":[{\"@type\":\"ReadAction\",\"target\":[\"http:\/\/elregionalvm.com.ar\/noticias-villa-maria\/condenaron-a-empresa-automotriz-y-a-concesionaria-por-defectos-en-la-pantalla-de-un-vehiculo\/\"]}]},{\"@type\":\"ImageObject\",\"inLanguage\":\"es\",\"@id\":\"http:\/\/elregionalvm.com.ar\/noticias-villa-maria\/condenaron-a-empresa-automotriz-y-a-concesionaria-por-defectos-en-la-pantalla-de-un-vehiculo\/#primaryimage\",\"url\":\"https:\/\/i0.wp.com\/elregionalvm.com.ar\/noticias-villa-maria\/wp-content\/uploads\/2023\/02\/pantalla-auto-que-va.jpg?fit=950%2C500&ssl=1\",\"contentUrl\":\"https:\/\/i0.wp.com\/elregionalvm.com.ar\/noticias-villa-maria\/wp-content\/uploads\/2023\/02\/pantalla-auto-que-va.jpg?fit=950%2C500&ssl=1\",\"width\":950,\"height\":500},{\"@type\":\"BreadcrumbList\",\"@id\":\"http:\/\/elregionalvm.com.ar\/noticias-villa-maria\/condenaron-a-empresa-automotriz-y-a-concesionaria-por-defectos-en-la-pantalla-de-un-vehiculo\/#breadcrumb\",\"itemListElement\":[{\"@type\":\"ListItem\",\"position\":1,\"name\":\"Portada\",\"item\":\"https:\/\/elregionalvm.com.ar\/noticias-villa-maria\/\"},{\"@type\":\"ListItem\",\"position\":2,\"name\":\"Condenaron a empresa automotriz y a concesionaria por defectos en la pantalla de un veh\u00edculo\"}]},{\"@type\":\"WebSite\",\"@id\":\"http:\/\/elregionalvm.com.ar\/noticias-villa-maria\/#website\",\"url\":\"http:\/\/elregionalvm.com.ar\/noticias-villa-maria\/\",\"name\":\"El Regional\",\"description\":\"Mucho m\u00e1s que informaci\u00f3n\",\"potentialAction\":[{\"@type\":\"SearchAction\",\"target\":{\"@type\":\"EntryPoint\",\"urlTemplate\":\"http:\/\/elregionalvm.com.ar\/noticias-villa-maria\/?s={search_term_string}\"},\"query-input\":{\"@type\":\"PropertyValueSpecification\",\"valueRequired\":true,\"valueName\":\"search_term_string\"}}],\"inLanguage\":\"es\"},{\"@type\":\"Person\",\"@id\":\"http:\/\/elregionalvm.com.ar\/noticias-villa-maria\/#\/schema\/person\/a0fb9c422317faca23d50163151bc354\",\"name\":\"Contenidos El Regional\",\"image\":{\"@type\":\"ImageObject\",\"inLanguage\":\"es\",\"@id\":\"http:\/\/elregionalvm.com.ar\/noticias-villa-maria\/#\/schema\/person\/image\/\",\"url\":\"https:\/\/secure.gravatar.com\/avatar\/265b27cb2209af7bb3a1318f03305787d7981a5cc6e6cd08fe5a4ecdf99d4b48?s=96&d=mm&r=g\",\"contentUrl\":\"https:\/\/secure.gravatar.com\/avatar\/265b27cb2209af7bb3a1318f03305787d7981a5cc6e6cd08fe5a4ecdf99d4b48?s=96&d=mm&r=g\",\"caption\":\"Contenidos El Regional\"},\"url\":\"https:\/\/elregionalvm.com.ar\/noticias-villa-maria\/author\/contenido\/\"}]}<\/script>\n<!-- \/ Yoast SEO plugin. -->","yoast_head_json":{"title":"Condenaron a empresa automotriz y a concesionaria por defectos en la pantalla de un veh\u00edculo - El Regional","robots":{"index":"index","follow":"follow","max-snippet":"max-snippet:-1","max-image-preview":"max-image-preview:large","max-video-preview":"max-video-preview:-1"},"canonical":"http:\/\/elregionalvm.com.ar\/noticias-villa-maria\/condenaron-a-empresa-automotriz-y-a-concesionaria-por-defectos-en-la-pantalla-de-un-vehiculo\/","og_locale":"es_ES","og_type":"article","og_title":"Condenaron a empresa automotriz y a concesionaria por defectos en la pantalla de un veh\u00edculo - El Regional","og_description":"Poco despu\u00e9s de comprar el auto, ese instrumento comenz\u00f3 a fallar y no pudo ser reparado por el servicio t\u00e9cnico oficial. El tribunal orden\u00f3 sustituir la pantalla y pagar da\u00f1o moral y gastos. El Juzgado Civil, Comercial y de Familia de la ciudad de Huinca Renanc\u00f3, en el sur provincial, conden\u00f3 a una empresa automotriz [&hellip;]","og_url":"http:\/\/elregionalvm.com.ar\/noticias-villa-maria\/condenaron-a-empresa-automotriz-y-a-concesionaria-por-defectos-en-la-pantalla-de-un-vehiculo\/","og_site_name":"El Regional","article_publisher":"https:\/\/www.facebook.com\/elregionalvm","article_published_time":"2023-02-07T17:16:45+00:00","article_modified_time":"2023-02-07T17:16:47+00:00","og_image":[{"width":950,"height":500,"url":"http:\/\/elregionalvm.com.ar\/noticias-villa-maria\/wp-content\/uploads\/2023\/02\/pantalla-auto-que-va.jpg","type":"image\/jpeg"}],"author":"Contenidos El Regional","twitter_card":"summary_large_image","twitter_creator":"@elregionalvm1","twitter_site":"@elregionalvm1","twitter_misc":{"Escrito por":"Contenidos El Regional","Tiempo de lectura":"3 minutos"},"schema":{"@context":"https:\/\/schema.org","@graph":[{"@type":"Article","@id":"http:\/\/elregionalvm.com.ar\/noticias-villa-maria\/condenaron-a-empresa-automotriz-y-a-concesionaria-por-defectos-en-la-pantalla-de-un-vehiculo\/#article","isPartOf":{"@id":"http:\/\/elregionalvm.com.ar\/noticias-villa-maria\/condenaron-a-empresa-automotriz-y-a-concesionaria-por-defectos-en-la-pantalla-de-un-vehiculo\/"},"author":{"name":"Contenidos El Regional","@id":"http:\/\/elregionalvm.com.ar\/noticias-villa-maria\/#\/schema\/person\/a0fb9c422317faca23d50163151bc354"},"headline":"Condenaron a empresa automotriz y a concesionaria por defectos en la pantalla de un veh\u00edculo","datePublished":"2023-02-07T17:16:45+00:00","dateModified":"2023-02-07T17:16:47+00:00","mainEntityOfPage":{"@id":"http:\/\/elregionalvm.com.ar\/noticias-villa-maria\/condenaron-a-empresa-automotriz-y-a-concesionaria-por-defectos-en-la-pantalla-de-un-vehiculo\/"},"wordCount":609,"commentCount":0,"image":{"@id":"http:\/\/elregionalvm.com.ar\/noticias-villa-maria\/condenaron-a-empresa-automotriz-y-a-concesionaria-por-defectos-en-la-pantalla-de-un-vehiculo\/#primaryimage"},"thumbnailUrl":"https:\/\/i0.wp.com\/elregionalvm.com.ar\/noticias-villa-maria\/wp-content\/uploads\/2023\/02\/pantalla-auto-que-va.jpg?fit=950%2C500&ssl=1","keywords":["automotriz","Chevrolet","concesionaria","condena","Cruze","defectos","Huinca Renanc\u00f3","Justicia","pantalla","Poder Judicial","sentencia","tribunal"],"articleSection":["destacado","Provinciales"],"inLanguage":"es","potentialAction":[{"@type":"CommentAction","name":"Comment","target":["http:\/\/elregionalvm.com.ar\/noticias-villa-maria\/condenaron-a-empresa-automotriz-y-a-concesionaria-por-defectos-en-la-pantalla-de-un-vehiculo\/#respond"]}]},{"@type":"WebPage","@id":"http:\/\/elregionalvm.com.ar\/noticias-villa-maria\/condenaron-a-empresa-automotriz-y-a-concesionaria-por-defectos-en-la-pantalla-de-un-vehiculo\/","url":"http:\/\/elregionalvm.com.ar\/noticias-villa-maria\/condenaron-a-empresa-automotriz-y-a-concesionaria-por-defectos-en-la-pantalla-de-un-vehiculo\/","name":"Condenaron a empresa automotriz y a concesionaria por defectos en la pantalla de un veh\u00edculo - El Regional","isPartOf":{"@id":"http:\/\/elregionalvm.com.ar\/noticias-villa-maria\/#website"},"primaryImageOfPage":{"@id":"http:\/\/elregionalvm.com.ar\/noticias-villa-maria\/condenaron-a-empresa-automotriz-y-a-concesionaria-por-defectos-en-la-pantalla-de-un-vehiculo\/#primaryimage"},"image":{"@id":"http:\/\/elregionalvm.com.ar\/noticias-villa-maria\/condenaron-a-empresa-automotriz-y-a-concesionaria-por-defectos-en-la-pantalla-de-un-vehiculo\/#primaryimage"},"thumbnailUrl":"https:\/\/i0.wp.com\/elregionalvm.com.ar\/noticias-villa-maria\/wp-content\/uploads\/2023\/02\/pantalla-auto-que-va.jpg?fit=950%2C500&ssl=1","datePublished":"2023-02-07T17:16:45+00:00","dateModified":"2023-02-07T17:16:47+00:00","author":{"@id":"http:\/\/elregionalvm.com.ar\/noticias-villa-maria\/#\/schema\/person\/a0fb9c422317faca23d50163151bc354"},"breadcrumb":{"@id":"http:\/\/elregionalvm.com.ar\/noticias-villa-maria\/condenaron-a-empresa-automotriz-y-a-concesionaria-por-defectos-en-la-pantalla-de-un-vehiculo\/#breadcrumb"},"inLanguage":"es","potentialAction":[{"@type":"ReadAction","target":["http:\/\/elregionalvm.com.ar\/noticias-villa-maria\/condenaron-a-empresa-automotriz-y-a-concesionaria-por-defectos-en-la-pantalla-de-un-vehiculo\/"]}]},{"@type":"ImageObject","inLanguage":"es","@id":"http:\/\/elregionalvm.com.ar\/noticias-villa-maria\/condenaron-a-empresa-automotriz-y-a-concesionaria-por-defectos-en-la-pantalla-de-un-vehiculo\/#primaryimage","url":"https:\/\/i0.wp.com\/elregionalvm.com.ar\/noticias-villa-maria\/wp-content\/uploads\/2023\/02\/pantalla-auto-que-va.jpg?fit=950%2C500&ssl=1","contentUrl":"https:\/\/i0.wp.com\/elregionalvm.com.ar\/noticias-villa-maria\/wp-content\/uploads\/2023\/02\/pantalla-auto-que-va.jpg?fit=950%2C500&ssl=1","width":950,"height":500},{"@type":"BreadcrumbList","@id":"http:\/\/elregionalvm.com.ar\/noticias-villa-maria\/condenaron-a-empresa-automotriz-y-a-concesionaria-por-defectos-en-la-pantalla-de-un-vehiculo\/#breadcrumb","itemListElement":[{"@type":"ListItem","position":1,"name":"Portada","item":"https:\/\/elregionalvm.com.ar\/noticias-villa-maria\/"},{"@type":"ListItem","position":2,"name":"Condenaron a empresa automotriz y a concesionaria por defectos en la pantalla de un veh\u00edculo"}]},{"@type":"WebSite","@id":"http:\/\/elregionalvm.com.ar\/noticias-villa-maria\/#website","url":"http:\/\/elregionalvm.com.ar\/noticias-villa-maria\/","name":"El Regional","description":"Mucho m\u00e1s que informaci\u00f3n","potentialAction":[{"@type":"SearchAction","target":{"@type":"EntryPoint","urlTemplate":"http:\/\/elregionalvm.com.ar\/noticias-villa-maria\/?s={search_term_string}"},"query-input":{"@type":"PropertyValueSpecification","valueRequired":true,"valueName":"search_term_string"}}],"inLanguage":"es"},{"@type":"Person","@id":"http:\/\/elregionalvm.com.ar\/noticias-villa-maria\/#\/schema\/person\/a0fb9c422317faca23d50163151bc354","name":"Contenidos El Regional","image":{"@type":"ImageObject","inLanguage":"es","@id":"http:\/\/elregionalvm.com.ar\/noticias-villa-maria\/#\/schema\/person\/image\/","url":"https:\/\/secure.gravatar.com\/avatar\/265b27cb2209af7bb3a1318f03305787d7981a5cc6e6cd08fe5a4ecdf99d4b48?s=96&d=mm&r=g","contentUrl":"https:\/\/secure.gravatar.com\/avatar\/265b27cb2209af7bb3a1318f03305787d7981a5cc6e6cd08fe5a4ecdf99d4b48?s=96&d=mm&r=g","caption":"Contenidos El Regional"},"url":"https:\/\/elregionalvm.com.ar\/noticias-villa-maria\/author\/contenido\/"}]}},"jetpack_featured_media_url":"https:\/\/i0.wp.com\/elregionalvm.com.ar\/noticias-villa-maria\/wp-content\/uploads\/2023\/02\/pantalla-auto-que-va.jpg?fit=950%2C500&ssl=1","jetpack_sharing_enabled":true,"_links":{"self":[{"href":"https:\/\/elregionalvm.com.ar\/noticias-villa-maria\/wp-json\/wp\/v2\/posts\/71434","targetHints":{"allow":["GET"]}}],"collection":[{"href":"https:\/\/elregionalvm.com.ar\/noticias-villa-maria\/wp-json\/wp\/v2\/posts"}],"about":[{"href":"https:\/\/elregionalvm.com.ar\/noticias-villa-maria\/wp-json\/wp\/v2\/types\/post"}],"author":[{"embeddable":true,"href":"https:\/\/elregionalvm.com.ar\/noticias-villa-maria\/wp-json\/wp\/v2\/users\/4"}],"replies":[{"embeddable":true,"href":"https:\/\/elregionalvm.com.ar\/noticias-villa-maria\/wp-json\/wp\/v2\/comments?post=71434"}],"version-history":[{"count":2,"href":"https:\/\/elregionalvm.com.ar\/noticias-villa-maria\/wp-json\/wp\/v2\/posts\/71434\/revisions"}],"predecessor-version":[{"id":71438,"href":"https:\/\/elregionalvm.com.ar\/noticias-villa-maria\/wp-json\/wp\/v2\/posts\/71434\/revisions\/71438"}],"wp:featuredmedia":[{"embeddable":true,"href":"https:\/\/elregionalvm.com.ar\/noticias-villa-maria\/wp-json\/wp\/v2\/media\/71437"}],"wp:attachment":[{"href":"https:\/\/elregionalvm.com.ar\/noticias-villa-maria\/wp-json\/wp\/v2\/media?parent=71434"}],"wp:term":[{"taxonomy":"category","embeddable":true,"href":"https:\/\/elregionalvm.com.ar\/noticias-villa-maria\/wp-json\/wp\/v2\/categories?post=71434"},{"taxonomy":"post_tag","embeddable":true,"href":"https:\/\/elregionalvm.com.ar\/noticias-villa-maria\/wp-json\/wp\/v2\/tags?post=71434"}],"curies":[{"name":"wp","href":"https:\/\/api.w.org\/{rel}","templated":true}]}}