{"id":71439,"date":"2023-02-07T20:55:55","date_gmt":"2023-02-07T20:55:55","guid":{"rendered":"https:\/\/elregionalvm.com.ar\/noticias-villa-maria\/?p=71439"},"modified":"2023-02-07T20:55:56","modified_gmt":"2023-02-07T20:55:56","slug":"asalto-una-peluqueria-con-un-arma-de-fuego-amenazo-a-los-clientes-y-fue-detenido-tenia-pedido-de-captura","status":"publish","type":"post","link":"https:\/\/elregionalvm.com.ar\/noticias-villa-maria\/asalto-una-peluqueria-con-un-arma-de-fuego-amenazo-a-los-clientes-y-fue-detenido-tenia-pedido-de-captura\/","title":{"rendered":"Asalt\u00f3 una peluquer\u00eda con un arma de fuego, amenaz\u00f3 a los clientes y fue detenido: Ten\u00eda pedido de captura"},"content":{"rendered":"\n<p><\/p>\n\n\n\n<p>Siendo aproximadamente las 11:10 horas de la fecha, personal de la divisi\u00f3n investigaciones en calle mendoza al 1500 procedi\u00f3 a la aprehensi\u00f3n de<\/p>\n\n\n\n<p>Un hombre de 27 a\u00f1os fue detenido alrededor de las 11 de la ma\u00f1ana de hoy acusado de ser supuesto autor del delito de \u201crobo calificado en grado de tentativa\u201d.<\/p>\n\n\n\n<p>Un llamado de alerta al 911 dio cuenta de su ingreso a una peluquer\u00eda ubicada en Mendoza al 1500, en Barrio Lamadrid, con un casco colocado en su cabeza y con amenazas con un arma de fuego.<\/p>\n\n\n\n<p><strong>Apunt\u00f3 a los presentes<\/strong><\/p>\n\n\n\n<p>Seg\u00fan el parte policial, habr\u00eda intentado llevarse dinero en efectivo, pero el no poder lograrlo \u201creaccion\u00f3 de forma agresiva y violenta, apuntando con su arma a los presentes, haciendo el adem\u00e1n de realizar un disparo, el cual no se percut\u00f3\u201d.<\/p>\n\n\n\n<p>Personal policial pudo detenerlo con la colaboraci\u00f3n de una persona civil.<\/p>\n\n\n\n<p>Luego, se pudo corroborar por sistema policial que el aprehendido ten\u00eda pedido vigente un pedido de captura por el delito de \u201crobo calificado\u201d, en un hecho ocurrido el 21 de abril del a\u00f1o 2022, en Villa Nueva.<\/p>\n\n\n\n<p>Se procedi\u00f3 a su traslado y al secuestro del arma de fuego y la motocicleta en la que se conduc\u00eda.<\/p>\n","protected":false},"excerpt":{"rendered":"<p>Siendo aproximadamente las 11:10 horas de la fecha, personal de la divisi\u00f3n investigaciones en calle mendoza al 1500 procedi\u00f3 a la aprehensi\u00f3n de Un hombre de 27 a\u00f1os fue detenido alrededor de las 11 de la ma\u00f1ana de hoy acusado de ser supuesto autor del delito de \u201crobo calificado en grado de tentativa\u201d. Un llamado [&hellip;]<\/p>\n","protected":false},"author":4,"featured_media":71441,"comment_status":"open","ping_status":"open","sticky":false,"template":"","format":"standard","meta":{"site-sidebar-layout":"default","site-content-layout":"","ast-site-content-layout":"default","site-content-style":"default","site-sidebar-style":"default","ast-global-header-display":"","ast-banner-title-visibility":"","ast-main-header-display":"","ast-hfb-above-header-display":"","ast-hfb-below-header-display":"","ast-hfb-mobile-header-display":"","site-post-title":"","ast-breadcrumbs-content":"","ast-featured-img":"","footer-sml-layout":"","ast-disable-related-posts":"","theme-transparent-header-meta":"","adv-header-id-meta":"","stick-header-meta":"","header-above-stick-meta":"","header-main-stick-meta":"","header-below-stick-meta":"","astra-migrate-meta-layouts":"default","ast-page-background-enabled":"default","ast-page-background-meta":{"desktop":{"background-color":"","background-image":"","background-repeat":"repeat","background-position":"center center","background-size":"auto","background-attachment":"scroll","background-type":"","background-media":"","overlay-type":"","overlay-color":"","overlay-opacity":"","overlay-gradient":""},"tablet":{"background-color":"","background-image":"","background-repeat":"repeat","background-position":"center center","background-size":"auto","background-attachment":"scroll","background-type":"","background-media":"","overlay-type":"","overlay-color":"","overlay-opacity":"","overlay-gradient":""},"mobile":{"background-color":"","background-image":"","background-repeat":"repeat","background-position":"center center","background-size":"auto","background-attachment":"scroll","background-type":"","background-media":"","overlay-type":"","overlay-color":"","overlay-opacity":"","overlay-gradient":""}},"ast-content-background-meta":{"desktop":{"background-color":"var(--ast-global-color-5)","background-image":"","background-repeat":"repeat","background-position":"center center","background-size":"auto","background-attachment":"scroll","background-type":"","background-media":"","overlay-type":"","overlay-color":"","overlay-opacity":"","overlay-gradient":""},"tablet":{"background-color":"var(--ast-global-color-5)","background-image":"","background-repeat":"repeat","background-position":"center center","background-size":"auto","background-attachment":"scroll","background-type":"","background-media":"","overlay-type":"","overlay-color":"","overlay-opacity":"","overlay-gradient":""},"mobile":{"background-color":"var(--ast-global-color-5)","background-image":"","background-repeat":"repeat","background-position":"center center","background-size":"auto","background-attachment":"scroll","background-type":"","background-media":"","overlay-type":"","overlay-color":"","overlay-opacity":"","overlay-gradient":""}},"_jetpack_memberships_contains_paid_content":false,"_joinchat":[],"footnotes":""},"categories":[15302,2234,2],"tags":[2103,9529,3651,6322,2305,3336,21729,741,1160],"class_list":["post-71439","post","type-post","status-publish","format-standard","has-post-thumbnail","hentry","category-destacado","category-policiales","category-villa-maria","tag-amenazas","tag-arma-de-fuego","tag-asalto","tag-calle-mendoza","tag-detenido","tag-pedido-de-captura","tag-peluqueria","tag-policiales","tag-robo"],"yoast_head":"<!-- This site is optimized with the Yoast SEO plugin v26.8 - https:\/\/yoast.com\/product\/yoast-seo-wordpress\/ -->\n<title>Asalt\u00f3 una peluquer\u00eda con un arma de fuego, amenaz\u00f3 a los clientes y fue detenido: Ten\u00eda pedido de captura - El Regional<\/title>\n<meta name=\"robots\" content=\"index, follow, max-snippet:-1, max-image-preview:large, max-video-preview:-1\" \/>\n<link rel=\"canonical\" href=\"http:\/\/elregionalvm.com.ar\/noticias-villa-maria\/asalto-una-peluqueria-con-un-arma-de-fuego-amenazo-a-los-clientes-y-fue-detenido-tenia-pedido-de-captura\/\" \/>\n<meta property=\"og:locale\" content=\"es_ES\" \/>\n<meta property=\"og:type\" content=\"article\" \/>\n<meta property=\"og:title\" content=\"Asalt\u00f3 una peluquer\u00eda con un arma de fuego, amenaz\u00f3 a los clientes y fue detenido: Ten\u00eda pedido de captura - El Regional\" \/>\n<meta property=\"og:description\" content=\"Siendo aproximadamente las 11:10 horas de la fecha, personal de la divisi\u00f3n investigaciones en calle mendoza al 1500 procedi\u00f3 a la aprehensi\u00f3n de Un hombre de 27 a\u00f1os fue detenido alrededor de las 11 de la ma\u00f1ana de hoy acusado de ser supuesto autor del delito de \u201crobo calificado en grado de tentativa\u201d. Un llamado [&hellip;]\" \/>\n<meta property=\"og:url\" content=\"http:\/\/elregionalvm.com.ar\/noticias-villa-maria\/asalto-una-peluqueria-con-un-arma-de-fuego-amenazo-a-los-clientes-y-fue-detenido-tenia-pedido-de-captura\/\" \/>\n<meta property=\"og:site_name\" content=\"El Regional\" \/>\n<meta property=\"article:publisher\" content=\"https:\/\/www.facebook.com\/elregionalvm\" \/>\n<meta property=\"article:published_time\" content=\"2023-02-07T20:55:55+00:00\" \/>\n<meta property=\"article:modified_time\" content=\"2023-02-07T20:55:56+00:00\" \/>\n<meta property=\"og:image\" content=\"http:\/\/elregionalvm.com.ar\/noticias-villa-maria\/wp-content\/uploads\/2023\/02\/detenido-asalto-peluqueria-.jpeg\" \/>\n\t<meta property=\"og:image:width\" content=\"927\" \/>\n\t<meta property=\"og:image:height\" content=\"679\" \/>\n\t<meta property=\"og:image:type\" content=\"image\/jpeg\" \/>\n<meta name=\"author\" content=\"Contenidos El Regional\" \/>\n<meta name=\"twitter:card\" content=\"summary_large_image\" \/>\n<meta name=\"twitter:creator\" content=\"@elregionalvm1\" \/>\n<meta name=\"twitter:site\" content=\"@elregionalvm1\" \/>\n<meta name=\"twitter:label1\" content=\"Escrito por\" \/>\n\t<meta name=\"twitter:data1\" content=\"Contenidos El Regional\" \/>\n\t<meta name=\"twitter:label2\" content=\"Tiempo de lectura\" \/>\n\t<meta name=\"twitter:data2\" content=\"1 minuto\" \/>\n<script type=\"application\/ld+json\" class=\"yoast-schema-graph\">{\"@context\":\"https:\/\/schema.org\",\"@graph\":[{\"@type\":\"Article\",\"@id\":\"http:\/\/elregionalvm.com.ar\/noticias-villa-maria\/asalto-una-peluqueria-con-un-arma-de-fuego-amenazo-a-los-clientes-y-fue-detenido-tenia-pedido-de-captura\/#article\",\"isPartOf\":{\"@id\":\"http:\/\/elregionalvm.com.ar\/noticias-villa-maria\/asalto-una-peluqueria-con-un-arma-de-fuego-amenazo-a-los-clientes-y-fue-detenido-tenia-pedido-de-captura\/\"},\"author\":{\"name\":\"Contenidos El Regional\",\"@id\":\"http:\/\/elregionalvm.com.ar\/noticias-villa-maria\/#\/schema\/person\/a0fb9c422317faca23d50163151bc354\"},\"headline\":\"Asalt\u00f3 una peluquer\u00eda con un arma de fuego, amenaz\u00f3 a los clientes y fue detenido: Ten\u00eda pedido de captura\",\"datePublished\":\"2023-02-07T20:55:55+00:00\",\"dateModified\":\"2023-02-07T20:55:56+00:00\",\"mainEntityOfPage\":{\"@id\":\"http:\/\/elregionalvm.com.ar\/noticias-villa-maria\/asalto-una-peluqueria-con-un-arma-de-fuego-amenazo-a-los-clientes-y-fue-detenido-tenia-pedido-de-captura\/\"},\"wordCount\":227,\"commentCount\":0,\"image\":{\"@id\":\"http:\/\/elregionalvm.com.ar\/noticias-villa-maria\/asalto-una-peluqueria-con-un-arma-de-fuego-amenazo-a-los-clientes-y-fue-detenido-tenia-pedido-de-captura\/#primaryimage\"},\"thumbnailUrl\":\"https:\/\/i0.wp.com\/elregionalvm.com.ar\/noticias-villa-maria\/wp-content\/uploads\/2023\/02\/detenido-asalto-peluqueria-.jpeg?fit=927%2C679&ssl=1\",\"keywords\":[\"Amenazas\",\"arma de fuego\",\"asalto\",\"calle Mendoza\",\"detenido\",\"pedido de captura\",\"peluquer\u00eda\",\"Policiales\",\"Robo\"],\"articleSection\":[\"destacado\",\"Policiales\",\"Villa Mar\u00eda\"],\"inLanguage\":\"es\",\"potentialAction\":[{\"@type\":\"CommentAction\",\"name\":\"Comment\",\"target\":[\"http:\/\/elregionalvm.com.ar\/noticias-villa-maria\/asalto-una-peluqueria-con-un-arma-de-fuego-amenazo-a-los-clientes-y-fue-detenido-tenia-pedido-de-captura\/#respond\"]}]},{\"@type\":\"WebPage\",\"@id\":\"http:\/\/elregionalvm.com.ar\/noticias-villa-maria\/asalto-una-peluqueria-con-un-arma-de-fuego-amenazo-a-los-clientes-y-fue-detenido-tenia-pedido-de-captura\/\",\"url\":\"http:\/\/elregionalvm.com.ar\/noticias-villa-maria\/asalto-una-peluqueria-con-un-arma-de-fuego-amenazo-a-los-clientes-y-fue-detenido-tenia-pedido-de-captura\/\",\"name\":\"Asalt\u00f3 una peluquer\u00eda con un arma de fuego, amenaz\u00f3 a los clientes y fue detenido: Ten\u00eda pedido de captura - El Regional\",\"isPartOf\":{\"@id\":\"http:\/\/elregionalvm.com.ar\/noticias-villa-maria\/#website\"},\"primaryImageOfPage\":{\"@id\":\"http:\/\/elregionalvm.com.ar\/noticias-villa-maria\/asalto-una-peluqueria-con-un-arma-de-fuego-amenazo-a-los-clientes-y-fue-detenido-tenia-pedido-de-captura\/#primaryimage\"},\"image\":{\"@id\":\"http:\/\/elregionalvm.com.ar\/noticias-villa-maria\/asalto-una-peluqueria-con-un-arma-de-fuego-amenazo-a-los-clientes-y-fue-detenido-tenia-pedido-de-captura\/#primaryimage\"},\"thumbnailUrl\":\"https:\/\/i0.wp.com\/elregionalvm.com.ar\/noticias-villa-maria\/wp-content\/uploads\/2023\/02\/detenido-asalto-peluqueria-.jpeg?fit=927%2C679&ssl=1\",\"datePublished\":\"2023-02-07T20:55:55+00:00\",\"dateModified\":\"2023-02-07T20:55:56+00:00\",\"author\":{\"@id\":\"http:\/\/elregionalvm.com.ar\/noticias-villa-maria\/#\/schema\/person\/a0fb9c422317faca23d50163151bc354\"},\"breadcrumb\":{\"@id\":\"http:\/\/elregionalvm.com.ar\/noticias-villa-maria\/asalto-una-peluqueria-con-un-arma-de-fuego-amenazo-a-los-clientes-y-fue-detenido-tenia-pedido-de-captura\/#breadcrumb\"},\"inLanguage\":\"es\",\"potentialAction\":[{\"@type\":\"ReadAction\",\"target\":[\"http:\/\/elregionalvm.com.ar\/noticias-villa-maria\/asalto-una-peluqueria-con-un-arma-de-fuego-amenazo-a-los-clientes-y-fue-detenido-tenia-pedido-de-captura\/\"]}]},{\"@type\":\"ImageObject\",\"inLanguage\":\"es\",\"@id\":\"http:\/\/elregionalvm.com.ar\/noticias-villa-maria\/asalto-una-peluqueria-con-un-arma-de-fuego-amenazo-a-los-clientes-y-fue-detenido-tenia-pedido-de-captura\/#primaryimage\",\"url\":\"https:\/\/i0.wp.com\/elregionalvm.com.ar\/noticias-villa-maria\/wp-content\/uploads\/2023\/02\/detenido-asalto-peluqueria-.jpeg?fit=927%2C679&ssl=1\",\"contentUrl\":\"https:\/\/i0.wp.com\/elregionalvm.com.ar\/noticias-villa-maria\/wp-content\/uploads\/2023\/02\/detenido-asalto-peluqueria-.jpeg?fit=927%2C679&ssl=1\",\"width\":927,\"height\":679},{\"@type\":\"BreadcrumbList\",\"@id\":\"http:\/\/elregionalvm.com.ar\/noticias-villa-maria\/asalto-una-peluqueria-con-un-arma-de-fuego-amenazo-a-los-clientes-y-fue-detenido-tenia-pedido-de-captura\/#breadcrumb\",\"itemListElement\":[{\"@type\":\"ListItem\",\"position\":1,\"name\":\"Portada\",\"item\":\"https:\/\/elregionalvm.com.ar\/noticias-villa-maria\/\"},{\"@type\":\"ListItem\",\"position\":2,\"name\":\"Asalt\u00f3 una peluquer\u00eda con un arma de fuego, amenaz\u00f3 a los clientes y fue detenido: Ten\u00eda pedido de captura\"}]},{\"@type\":\"WebSite\",\"@id\":\"http:\/\/elregionalvm.com.ar\/noticias-villa-maria\/#website\",\"url\":\"http:\/\/elregionalvm.com.ar\/noticias-villa-maria\/\",\"name\":\"El Regional\",\"description\":\"Mucho m\u00e1s que informaci\u00f3n\",\"potentialAction\":[{\"@type\":\"SearchAction\",\"target\":{\"@type\":\"EntryPoint\",\"urlTemplate\":\"http:\/\/elregionalvm.com.ar\/noticias-villa-maria\/?s={search_term_string}\"},\"query-input\":{\"@type\":\"PropertyValueSpecification\",\"valueRequired\":true,\"valueName\":\"search_term_string\"}}],\"inLanguage\":\"es\"},{\"@type\":\"Person\",\"@id\":\"http:\/\/elregionalvm.com.ar\/noticias-villa-maria\/#\/schema\/person\/a0fb9c422317faca23d50163151bc354\",\"name\":\"Contenidos El Regional\",\"image\":{\"@type\":\"ImageObject\",\"inLanguage\":\"es\",\"@id\":\"http:\/\/elregionalvm.com.ar\/noticias-villa-maria\/#\/schema\/person\/image\/\",\"url\":\"https:\/\/secure.gravatar.com\/avatar\/265b27cb2209af7bb3a1318f03305787d7981a5cc6e6cd08fe5a4ecdf99d4b48?s=96&d=mm&r=g\",\"contentUrl\":\"https:\/\/secure.gravatar.com\/avatar\/265b27cb2209af7bb3a1318f03305787d7981a5cc6e6cd08fe5a4ecdf99d4b48?s=96&d=mm&r=g\",\"caption\":\"Contenidos El Regional\"},\"url\":\"https:\/\/elregionalvm.com.ar\/noticias-villa-maria\/author\/contenido\/\"}]}<\/script>\n<!-- \/ Yoast SEO plugin. -->","yoast_head_json":{"title":"Asalt\u00f3 una peluquer\u00eda con un arma de fuego, amenaz\u00f3 a los clientes y fue detenido: Ten\u00eda pedido de captura - El Regional","robots":{"index":"index","follow":"follow","max-snippet":"max-snippet:-1","max-image-preview":"max-image-preview:large","max-video-preview":"max-video-preview:-1"},"canonical":"http:\/\/elregionalvm.com.ar\/noticias-villa-maria\/asalto-una-peluqueria-con-un-arma-de-fuego-amenazo-a-los-clientes-y-fue-detenido-tenia-pedido-de-captura\/","og_locale":"es_ES","og_type":"article","og_title":"Asalt\u00f3 una peluquer\u00eda con un arma de fuego, amenaz\u00f3 a los clientes y fue detenido: Ten\u00eda pedido de captura - El Regional","og_description":"Siendo aproximadamente las 11:10 horas de la fecha, personal de la divisi\u00f3n investigaciones en calle mendoza al 1500 procedi\u00f3 a la aprehensi\u00f3n de Un hombre de 27 a\u00f1os fue detenido alrededor de las 11 de la ma\u00f1ana de hoy acusado de ser supuesto autor del delito de \u201crobo calificado en grado de tentativa\u201d. Un llamado [&hellip;]","og_url":"http:\/\/elregionalvm.com.ar\/noticias-villa-maria\/asalto-una-peluqueria-con-un-arma-de-fuego-amenazo-a-los-clientes-y-fue-detenido-tenia-pedido-de-captura\/","og_site_name":"El Regional","article_publisher":"https:\/\/www.facebook.com\/elregionalvm","article_published_time":"2023-02-07T20:55:55+00:00","article_modified_time":"2023-02-07T20:55:56+00:00","og_image":[{"width":927,"height":679,"url":"http:\/\/elregionalvm.com.ar\/noticias-villa-maria\/wp-content\/uploads\/2023\/02\/detenido-asalto-peluqueria-.jpeg","type":"image\/jpeg"}],"author":"Contenidos El Regional","twitter_card":"summary_large_image","twitter_creator":"@elregionalvm1","twitter_site":"@elregionalvm1","twitter_misc":{"Escrito por":"Contenidos El Regional","Tiempo de lectura":"1 minuto"},"schema":{"@context":"https:\/\/schema.org","@graph":[{"@type":"Article","@id":"http:\/\/elregionalvm.com.ar\/noticias-villa-maria\/asalto-una-peluqueria-con-un-arma-de-fuego-amenazo-a-los-clientes-y-fue-detenido-tenia-pedido-de-captura\/#article","isPartOf":{"@id":"http:\/\/elregionalvm.com.ar\/noticias-villa-maria\/asalto-una-peluqueria-con-un-arma-de-fuego-amenazo-a-los-clientes-y-fue-detenido-tenia-pedido-de-captura\/"},"author":{"name":"Contenidos El Regional","@id":"http:\/\/elregionalvm.com.ar\/noticias-villa-maria\/#\/schema\/person\/a0fb9c422317faca23d50163151bc354"},"headline":"Asalt\u00f3 una peluquer\u00eda con un arma de fuego, amenaz\u00f3 a los clientes y fue detenido: Ten\u00eda pedido de captura","datePublished":"2023-02-07T20:55:55+00:00","dateModified":"2023-02-07T20:55:56+00:00","mainEntityOfPage":{"@id":"http:\/\/elregionalvm.com.ar\/noticias-villa-maria\/asalto-una-peluqueria-con-un-arma-de-fuego-amenazo-a-los-clientes-y-fue-detenido-tenia-pedido-de-captura\/"},"wordCount":227,"commentCount":0,"image":{"@id":"http:\/\/elregionalvm.com.ar\/noticias-villa-maria\/asalto-una-peluqueria-con-un-arma-de-fuego-amenazo-a-los-clientes-y-fue-detenido-tenia-pedido-de-captura\/#primaryimage"},"thumbnailUrl":"https:\/\/i0.wp.com\/elregionalvm.com.ar\/noticias-villa-maria\/wp-content\/uploads\/2023\/02\/detenido-asalto-peluqueria-.jpeg?fit=927%2C679&ssl=1","keywords":["Amenazas","arma de fuego","asalto","calle Mendoza","detenido","pedido de captura","peluquer\u00eda","Policiales","Robo"],"articleSection":["destacado","Policiales","Villa Mar\u00eda"],"inLanguage":"es","potentialAction":[{"@type":"CommentAction","name":"Comment","target":["http:\/\/elregionalvm.com.ar\/noticias-villa-maria\/asalto-una-peluqueria-con-un-arma-de-fuego-amenazo-a-los-clientes-y-fue-detenido-tenia-pedido-de-captura\/#respond"]}]},{"@type":"WebPage","@id":"http:\/\/elregionalvm.com.ar\/noticias-villa-maria\/asalto-una-peluqueria-con-un-arma-de-fuego-amenazo-a-los-clientes-y-fue-detenido-tenia-pedido-de-captura\/","url":"http:\/\/elregionalvm.com.ar\/noticias-villa-maria\/asalto-una-peluqueria-con-un-arma-de-fuego-amenazo-a-los-clientes-y-fue-detenido-tenia-pedido-de-captura\/","name":"Asalt\u00f3 una peluquer\u00eda con un arma de fuego, amenaz\u00f3 a los clientes y fue detenido: Ten\u00eda pedido de captura - El Regional","isPartOf":{"@id":"http:\/\/elregionalvm.com.ar\/noticias-villa-maria\/#website"},"primaryImageOfPage":{"@id":"http:\/\/elregionalvm.com.ar\/noticias-villa-maria\/asalto-una-peluqueria-con-un-arma-de-fuego-amenazo-a-los-clientes-y-fue-detenido-tenia-pedido-de-captura\/#primaryimage"},"image":{"@id":"http:\/\/elregionalvm.com.ar\/noticias-villa-maria\/asalto-una-peluqueria-con-un-arma-de-fuego-amenazo-a-los-clientes-y-fue-detenido-tenia-pedido-de-captura\/#primaryimage"},"thumbnailUrl":"https:\/\/i0.wp.com\/elregionalvm.com.ar\/noticias-villa-maria\/wp-content\/uploads\/2023\/02\/detenido-asalto-peluqueria-.jpeg?fit=927%2C679&ssl=1","datePublished":"2023-02-07T20:55:55+00:00","dateModified":"2023-02-07T20:55:56+00:00","author":{"@id":"http:\/\/elregionalvm.com.ar\/noticias-villa-maria\/#\/schema\/person\/a0fb9c422317faca23d50163151bc354"},"breadcrumb":{"@id":"http:\/\/elregionalvm.com.ar\/noticias-villa-maria\/asalto-una-peluqueria-con-un-arma-de-fuego-amenazo-a-los-clientes-y-fue-detenido-tenia-pedido-de-captura\/#breadcrumb"},"inLanguage":"es","potentialAction":[{"@type":"ReadAction","target":["http:\/\/elregionalvm.com.ar\/noticias-villa-maria\/asalto-una-peluqueria-con-un-arma-de-fuego-amenazo-a-los-clientes-y-fue-detenido-tenia-pedido-de-captura\/"]}]},{"@type":"ImageObject","inLanguage":"es","@id":"http:\/\/elregionalvm.com.ar\/noticias-villa-maria\/asalto-una-peluqueria-con-un-arma-de-fuego-amenazo-a-los-clientes-y-fue-detenido-tenia-pedido-de-captura\/#primaryimage","url":"https:\/\/i0.wp.com\/elregionalvm.com.ar\/noticias-villa-maria\/wp-content\/uploads\/2023\/02\/detenido-asalto-peluqueria-.jpeg?fit=927%2C679&ssl=1","contentUrl":"https:\/\/i0.wp.com\/elregionalvm.com.ar\/noticias-villa-maria\/wp-content\/uploads\/2023\/02\/detenido-asalto-peluqueria-.jpeg?fit=927%2C679&ssl=1","width":927,"height":679},{"@type":"BreadcrumbList","@id":"http:\/\/elregionalvm.com.ar\/noticias-villa-maria\/asalto-una-peluqueria-con-un-arma-de-fuego-amenazo-a-los-clientes-y-fue-detenido-tenia-pedido-de-captura\/#breadcrumb","itemListElement":[{"@type":"ListItem","position":1,"name":"Portada","item":"https:\/\/elregionalvm.com.ar\/noticias-villa-maria\/"},{"@type":"ListItem","position":2,"name":"Asalt\u00f3 una peluquer\u00eda con un arma de fuego, amenaz\u00f3 a los clientes y fue detenido: Ten\u00eda pedido de captura"}]},{"@type":"WebSite","@id":"http:\/\/elregionalvm.com.ar\/noticias-villa-maria\/#website","url":"http:\/\/elregionalvm.com.ar\/noticias-villa-maria\/","name":"El Regional","description":"Mucho m\u00e1s que informaci\u00f3n","potentialAction":[{"@type":"SearchAction","target":{"@type":"EntryPoint","urlTemplate":"http:\/\/elregionalvm.com.ar\/noticias-villa-maria\/?s={search_term_string}"},"query-input":{"@type":"PropertyValueSpecification","valueRequired":true,"valueName":"search_term_string"}}],"inLanguage":"es"},{"@type":"Person","@id":"http:\/\/elregionalvm.com.ar\/noticias-villa-maria\/#\/schema\/person\/a0fb9c422317faca23d50163151bc354","name":"Contenidos El Regional","image":{"@type":"ImageObject","inLanguage":"es","@id":"http:\/\/elregionalvm.com.ar\/noticias-villa-maria\/#\/schema\/person\/image\/","url":"https:\/\/secure.gravatar.com\/avatar\/265b27cb2209af7bb3a1318f03305787d7981a5cc6e6cd08fe5a4ecdf99d4b48?s=96&d=mm&r=g","contentUrl":"https:\/\/secure.gravatar.com\/avatar\/265b27cb2209af7bb3a1318f03305787d7981a5cc6e6cd08fe5a4ecdf99d4b48?s=96&d=mm&r=g","caption":"Contenidos El Regional"},"url":"https:\/\/elregionalvm.com.ar\/noticias-villa-maria\/author\/contenido\/"}]}},"jetpack_featured_media_url":"https:\/\/i0.wp.com\/elregionalvm.com.ar\/noticias-villa-maria\/wp-content\/uploads\/2023\/02\/detenido-asalto-peluqueria-.jpeg?fit=927%2C679&ssl=1","jetpack_sharing_enabled":true,"_links":{"self":[{"href":"https:\/\/elregionalvm.com.ar\/noticias-villa-maria\/wp-json\/wp\/v2\/posts\/71439","targetHints":{"allow":["GET"]}}],"collection":[{"href":"https:\/\/elregionalvm.com.ar\/noticias-villa-maria\/wp-json\/wp\/v2\/posts"}],"about":[{"href":"https:\/\/elregionalvm.com.ar\/noticias-villa-maria\/wp-json\/wp\/v2\/types\/post"}],"author":[{"embeddable":true,"href":"https:\/\/elregionalvm.com.ar\/noticias-villa-maria\/wp-json\/wp\/v2\/users\/4"}],"replies":[{"embeddable":true,"href":"https:\/\/elregionalvm.com.ar\/noticias-villa-maria\/wp-json\/wp\/v2\/comments?post=71439"}],"version-history":[{"count":2,"href":"https:\/\/elregionalvm.com.ar\/noticias-villa-maria\/wp-json\/wp\/v2\/posts\/71439\/revisions"}],"predecessor-version":[{"id":71443,"href":"https:\/\/elregionalvm.com.ar\/noticias-villa-maria\/wp-json\/wp\/v2\/posts\/71439\/revisions\/71443"}],"wp:featuredmedia":[{"embeddable":true,"href":"https:\/\/elregionalvm.com.ar\/noticias-villa-maria\/wp-json\/wp\/v2\/media\/71441"}],"wp:attachment":[{"href":"https:\/\/elregionalvm.com.ar\/noticias-villa-maria\/wp-json\/wp\/v2\/media?parent=71439"}],"wp:term":[{"taxonomy":"category","embeddable":true,"href":"https:\/\/elregionalvm.com.ar\/noticias-villa-maria\/wp-json\/wp\/v2\/categories?post=71439"},{"taxonomy":"post_tag","embeddable":true,"href":"https:\/\/elregionalvm.com.ar\/noticias-villa-maria\/wp-json\/wp\/v2\/tags?post=71439"}],"curies":[{"name":"wp","href":"https:\/\/api.w.org\/{rel}","templated":true}]}}