{"id":71792,"date":"2023-02-15T22:45:21","date_gmt":"2023-02-15T22:45:21","guid":{"rendered":"https:\/\/elregionalvm.com.ar\/noticias-villa-maria\/?p=71792"},"modified":"2023-02-16T01:29:28","modified_gmt":"2023-02-16T01:29:28","slug":"recorrido-penero-buen-numero-de-perros-y-gatos-del-cam-consiguieron-quien-los-adopte","status":"publish","type":"post","link":"https:\/\/elregionalvm.com.ar\/noticias-villa-maria\/recorrido-penero-buen-numero-de-perros-y-gatos-del-cam-consiguieron-quien-los-adopte\/","title":{"rendered":"Recorrido Pe\u00f1ero: Buen n\u00famero de perros y gatos del CAM consiguieron quien los adopte"},"content":{"rendered":"\n<p>El Recorrido Pe\u00f1ero culmin\u00f3 con excelentes resultados para el Centro de Adopci\u00f3n Municipal (CAM), cuyo puesto estuvo presente con el objetivo de promover la tenencia responsable. De esta manera, y en el contexto festivalero, logr\u00f3 concretar la adopci\u00f3n de 135 animales.<\/p>\n\n\n\n<p>El puesto del CAM form\u00f3 parte, como todos los a\u00f1os, del tradicional paseo villamariense, en el que vecinos y vecinas se acercan a deleitarse con m\u00fasica, espacios gastron\u00f3micos y un sinf\u00edn de productos elaborados por emprendedores locales. En este contexto, el CAM facilit\u00f3 con su stand que quienes paseaban por las calles del Recorrido Pe\u00f1ero se acercaran a los corralitos, donde se encontraban al resguardo perros y gatos, ya listos para ser adoptados por una familia. En este sentido, la entidad municipal mantiene a toda su poblaci\u00f3n animal controlada y con el esquema de vacunaci\u00f3n correspondiente, promoviendo la tenencia responsable.<\/p>\n\n\n\n<p>En detalle, 121 caninos y 14 felinos encontraron un nuevo hogar, resaltando que aquellos menores de seis meses se entregaron con un turno de castraci\u00f3n programado para el momento oportuno. Adem\u00e1s otro dato que resalt\u00f3 en las jornadas festivaleras fue que dentro de la poblaci\u00f3n canina adoptada, 45 de fueron perros adultos, que ahora cuentan con un hogar que les brinde amor y contenci\u00f3n.<\/p>\n\n\n\n<p>La campa\u00f1a Yo Adopto Mascotas es una iniciativa impulsada por la entidad que funciona bajo la \u00f3rbita de la Secretar\u00eda de Gobierno, Seguridad Ciudadana y Asuntos Legales, a trav\u00e9s de la cual se busca concientizar sobre la tenencia responsable de animales rescatados de las calles.<\/p>\n","protected":false},"excerpt":{"rendered":"<p>El Recorrido Pe\u00f1ero culmin\u00f3 con excelentes resultados para el Centro de Adopci\u00f3n Municipal (CAM), cuyo puesto estuvo presente con el objetivo de promover la tenencia responsable. De esta manera, y en el contexto festivalero, logr\u00f3 concretar la adopci\u00f3n de 135 animales. El puesto del CAM form\u00f3 parte, como todos los a\u00f1os, del tradicional paseo villamariense, [&hellip;]<\/p>\n","protected":false},"author":4,"featured_media":71793,"comment_status":"open","ping_status":"open","sticky":false,"template":"","format":"standard","meta":{"site-sidebar-layout":"default","site-content-layout":"","ast-site-content-layout":"default","site-content-style":"default","site-sidebar-style":"default","ast-global-header-display":"","ast-banner-title-visibility":"","ast-main-header-display":"","ast-hfb-above-header-display":"","ast-hfb-below-header-display":"","ast-hfb-mobile-header-display":"","site-post-title":"","ast-breadcrumbs-content":"","ast-featured-img":"","footer-sml-layout":"","ast-disable-related-posts":"","theme-transparent-header-meta":"","adv-header-id-meta":"","stick-header-meta":"","header-above-stick-meta":"","header-main-stick-meta":"","header-below-stick-meta":"","astra-migrate-meta-layouts":"default","ast-page-background-enabled":"default","ast-page-background-meta":{"desktop":{"background-color":"","background-image":"","background-repeat":"repeat","background-position":"center center","background-size":"auto","background-attachment":"scroll","background-type":"","background-media":"","overlay-type":"","overlay-color":"","overlay-opacity":"","overlay-gradient":""},"tablet":{"background-color":"","background-image":"","background-repeat":"repeat","background-position":"center center","background-size":"auto","background-attachment":"scroll","background-type":"","background-media":"","overlay-type":"","overlay-color":"","overlay-opacity":"","overlay-gradient":""},"mobile":{"background-color":"","background-image":"","background-repeat":"repeat","background-position":"center center","background-size":"auto","background-attachment":"scroll","background-type":"","background-media":"","overlay-type":"","overlay-color":"","overlay-opacity":"","overlay-gradient":""}},"ast-content-background-meta":{"desktop":{"background-color":"var(--ast-global-color-5)","background-image":"","background-repeat":"repeat","background-position":"center center","background-size":"auto","background-attachment":"scroll","background-type":"","background-media":"","overlay-type":"","overlay-color":"","overlay-opacity":"","overlay-gradient":""},"tablet":{"background-color":"var(--ast-global-color-5)","background-image":"","background-repeat":"repeat","background-position":"center center","background-size":"auto","background-attachment":"scroll","background-type":"","background-media":"","overlay-type":"","overlay-color":"","overlay-opacity":"","overlay-gradient":""},"mobile":{"background-color":"var(--ast-global-color-5)","background-image":"","background-repeat":"repeat","background-position":"center center","background-size":"auto","background-attachment":"scroll","background-type":"","background-media":"","overlay-type":"","overlay-color":"","overlay-opacity":"","overlay-gradient":""}},"_jetpack_memberships_contains_paid_content":false,"_joinchat":[],"footnotes":""},"categories":[15302,2],"tags":[],"class_list":["post-71792","post","type-post","status-publish","format-standard","has-post-thumbnail","hentry","category-destacado","category-villa-maria"],"yoast_head":"<!-- This site is optimized with the Yoast SEO plugin v26.8 - https:\/\/yoast.com\/product\/yoast-seo-wordpress\/ -->\n<title>Recorrido Pe\u00f1ero: Buen n\u00famero de perros y gatos del CAM consiguieron quien los adopte - El Regional<\/title>\n<meta name=\"robots\" content=\"index, follow, max-snippet:-1, max-image-preview:large, max-video-preview:-1\" \/>\n<link rel=\"canonical\" href=\"http:\/\/elregionalvm.com.ar\/noticias-villa-maria\/recorrido-penero-buen-numero-de-perros-y-gatos-del-cam-consiguieron-quien-los-adopte\/\" \/>\n<meta property=\"og:locale\" content=\"es_ES\" \/>\n<meta property=\"og:type\" content=\"article\" \/>\n<meta property=\"og:title\" content=\"Recorrido Pe\u00f1ero: Buen n\u00famero de perros y gatos del CAM consiguieron quien los adopte - El Regional\" \/>\n<meta property=\"og:description\" content=\"El Recorrido Pe\u00f1ero culmin\u00f3 con excelentes resultados para el Centro de Adopci\u00f3n Municipal (CAM), cuyo puesto estuvo presente con el objetivo de promover la tenencia responsable. De esta manera, y en el contexto festivalero, logr\u00f3 concretar la adopci\u00f3n de 135 animales. El puesto del CAM form\u00f3 parte, como todos los a\u00f1os, del tradicional paseo villamariense, [&hellip;]\" \/>\n<meta property=\"og:url\" content=\"http:\/\/elregionalvm.com.ar\/noticias-villa-maria\/recorrido-penero-buen-numero-de-perros-y-gatos-del-cam-consiguieron-quien-los-adopte\/\" \/>\n<meta property=\"og:site_name\" content=\"El Regional\" \/>\n<meta property=\"article:publisher\" content=\"https:\/\/www.facebook.com\/elregionalvm\" \/>\n<meta property=\"article:published_time\" content=\"2023-02-15T22:45:21+00:00\" \/>\n<meta property=\"article:modified_time\" content=\"2023-02-16T01:29:28+00:00\" \/>\n<meta property=\"og:image\" content=\"http:\/\/elregionalvm.com.ar\/noticias-villa-maria\/wp-content\/uploads\/2023\/02\/WhatsApp-Image-2023-02-15-at-13.49.34.jpeg\" \/>\n\t<meta property=\"og:image:width\" content=\"1280\" \/>\n\t<meta property=\"og:image:height\" content=\"853\" \/>\n\t<meta property=\"og:image:type\" content=\"image\/jpeg\" \/>\n<meta name=\"author\" content=\"Contenidos El Regional\" \/>\n<meta name=\"twitter:card\" content=\"summary_large_image\" \/>\n<meta name=\"twitter:creator\" content=\"@elregionalvm1\" \/>\n<meta name=\"twitter:site\" content=\"@elregionalvm1\" \/>\n<meta name=\"twitter:label1\" content=\"Escrito por\" \/>\n\t<meta name=\"twitter:data1\" content=\"Contenidos El Regional\" \/>\n\t<meta name=\"twitter:label2\" content=\"Tiempo de lectura\" \/>\n\t<meta name=\"twitter:data2\" content=\"2 minutos\" \/>\n<script type=\"application\/ld+json\" class=\"yoast-schema-graph\">{\"@context\":\"https:\/\/schema.org\",\"@graph\":[{\"@type\":\"Article\",\"@id\":\"http:\/\/elregionalvm.com.ar\/noticias-villa-maria\/recorrido-penero-buen-numero-de-perros-y-gatos-del-cam-consiguieron-quien-los-adopte\/#article\",\"isPartOf\":{\"@id\":\"http:\/\/elregionalvm.com.ar\/noticias-villa-maria\/recorrido-penero-buen-numero-de-perros-y-gatos-del-cam-consiguieron-quien-los-adopte\/\"},\"author\":{\"name\":\"Contenidos El Regional\",\"@id\":\"http:\/\/elregionalvm.com.ar\/noticias-villa-maria\/#\/schema\/person\/a0fb9c422317faca23d50163151bc354\"},\"headline\":\"Recorrido Pe\u00f1ero: Buen n\u00famero de perros y gatos del CAM consiguieron quien los adopte\",\"datePublished\":\"2023-02-15T22:45:21+00:00\",\"dateModified\":\"2023-02-16T01:29:28+00:00\",\"mainEntityOfPage\":{\"@id\":\"http:\/\/elregionalvm.com.ar\/noticias-villa-maria\/recorrido-penero-buen-numero-de-perros-y-gatos-del-cam-consiguieron-quien-los-adopte\/\"},\"wordCount\":279,\"commentCount\":0,\"image\":{\"@id\":\"http:\/\/elregionalvm.com.ar\/noticias-villa-maria\/recorrido-penero-buen-numero-de-perros-y-gatos-del-cam-consiguieron-quien-los-adopte\/#primaryimage\"},\"thumbnailUrl\":\"https:\/\/i0.wp.com\/elregionalvm.com.ar\/noticias-villa-maria\/wp-content\/uploads\/2023\/02\/WhatsApp-Image-2023-02-15-at-13.49.34.jpeg?fit=1280%2C853&ssl=1\",\"articleSection\":[\"destacado\",\"Villa Mar\u00eda\"],\"inLanguage\":\"es\",\"potentialAction\":[{\"@type\":\"CommentAction\",\"name\":\"Comment\",\"target\":[\"http:\/\/elregionalvm.com.ar\/noticias-villa-maria\/recorrido-penero-buen-numero-de-perros-y-gatos-del-cam-consiguieron-quien-los-adopte\/#respond\"]}]},{\"@type\":\"WebPage\",\"@id\":\"http:\/\/elregionalvm.com.ar\/noticias-villa-maria\/recorrido-penero-buen-numero-de-perros-y-gatos-del-cam-consiguieron-quien-los-adopte\/\",\"url\":\"http:\/\/elregionalvm.com.ar\/noticias-villa-maria\/recorrido-penero-buen-numero-de-perros-y-gatos-del-cam-consiguieron-quien-los-adopte\/\",\"name\":\"Recorrido Pe\u00f1ero: Buen n\u00famero de perros y gatos del CAM consiguieron quien los adopte - El Regional\",\"isPartOf\":{\"@id\":\"http:\/\/elregionalvm.com.ar\/noticias-villa-maria\/#website\"},\"primaryImageOfPage\":{\"@id\":\"http:\/\/elregionalvm.com.ar\/noticias-villa-maria\/recorrido-penero-buen-numero-de-perros-y-gatos-del-cam-consiguieron-quien-los-adopte\/#primaryimage\"},\"image\":{\"@id\":\"http:\/\/elregionalvm.com.ar\/noticias-villa-maria\/recorrido-penero-buen-numero-de-perros-y-gatos-del-cam-consiguieron-quien-los-adopte\/#primaryimage\"},\"thumbnailUrl\":\"https:\/\/i0.wp.com\/elregionalvm.com.ar\/noticias-villa-maria\/wp-content\/uploads\/2023\/02\/WhatsApp-Image-2023-02-15-at-13.49.34.jpeg?fit=1280%2C853&ssl=1\",\"datePublished\":\"2023-02-15T22:45:21+00:00\",\"dateModified\":\"2023-02-16T01:29:28+00:00\",\"author\":{\"@id\":\"http:\/\/elregionalvm.com.ar\/noticias-villa-maria\/#\/schema\/person\/a0fb9c422317faca23d50163151bc354\"},\"breadcrumb\":{\"@id\":\"http:\/\/elregionalvm.com.ar\/noticias-villa-maria\/recorrido-penero-buen-numero-de-perros-y-gatos-del-cam-consiguieron-quien-los-adopte\/#breadcrumb\"},\"inLanguage\":\"es\",\"potentialAction\":[{\"@type\":\"ReadAction\",\"target\":[\"http:\/\/elregionalvm.com.ar\/noticias-villa-maria\/recorrido-penero-buen-numero-de-perros-y-gatos-del-cam-consiguieron-quien-los-adopte\/\"]}]},{\"@type\":\"ImageObject\",\"inLanguage\":\"es\",\"@id\":\"http:\/\/elregionalvm.com.ar\/noticias-villa-maria\/recorrido-penero-buen-numero-de-perros-y-gatos-del-cam-consiguieron-quien-los-adopte\/#primaryimage\",\"url\":\"https:\/\/i0.wp.com\/elregionalvm.com.ar\/noticias-villa-maria\/wp-content\/uploads\/2023\/02\/WhatsApp-Image-2023-02-15-at-13.49.34.jpeg?fit=1280%2C853&ssl=1\",\"contentUrl\":\"https:\/\/i0.wp.com\/elregionalvm.com.ar\/noticias-villa-maria\/wp-content\/uploads\/2023\/02\/WhatsApp-Image-2023-02-15-at-13.49.34.jpeg?fit=1280%2C853&ssl=1\",\"width\":1280,\"height\":853},{\"@type\":\"BreadcrumbList\",\"@id\":\"http:\/\/elregionalvm.com.ar\/noticias-villa-maria\/recorrido-penero-buen-numero-de-perros-y-gatos-del-cam-consiguieron-quien-los-adopte\/#breadcrumb\",\"itemListElement\":[{\"@type\":\"ListItem\",\"position\":1,\"name\":\"Portada\",\"item\":\"https:\/\/elregionalvm.com.ar\/noticias-villa-maria\/\"},{\"@type\":\"ListItem\",\"position\":2,\"name\":\"Recorrido Pe\u00f1ero: Buen n\u00famero de perros y gatos del CAM consiguieron quien los adopte\"}]},{\"@type\":\"WebSite\",\"@id\":\"http:\/\/elregionalvm.com.ar\/noticias-villa-maria\/#website\",\"url\":\"http:\/\/elregionalvm.com.ar\/noticias-villa-maria\/\",\"name\":\"El Regional\",\"description\":\"Mucho m\u00e1s que informaci\u00f3n\",\"potentialAction\":[{\"@type\":\"SearchAction\",\"target\":{\"@type\":\"EntryPoint\",\"urlTemplate\":\"http:\/\/elregionalvm.com.ar\/noticias-villa-maria\/?s={search_term_string}\"},\"query-input\":{\"@type\":\"PropertyValueSpecification\",\"valueRequired\":true,\"valueName\":\"search_term_string\"}}],\"inLanguage\":\"es\"},{\"@type\":\"Person\",\"@id\":\"http:\/\/elregionalvm.com.ar\/noticias-villa-maria\/#\/schema\/person\/a0fb9c422317faca23d50163151bc354\",\"name\":\"Contenidos El Regional\",\"image\":{\"@type\":\"ImageObject\",\"inLanguage\":\"es\",\"@id\":\"http:\/\/elregionalvm.com.ar\/noticias-villa-maria\/#\/schema\/person\/image\/\",\"url\":\"https:\/\/secure.gravatar.com\/avatar\/265b27cb2209af7bb3a1318f03305787d7981a5cc6e6cd08fe5a4ecdf99d4b48?s=96&d=mm&r=g\",\"contentUrl\":\"https:\/\/secure.gravatar.com\/avatar\/265b27cb2209af7bb3a1318f03305787d7981a5cc6e6cd08fe5a4ecdf99d4b48?s=96&d=mm&r=g\",\"caption\":\"Contenidos El Regional\"},\"url\":\"https:\/\/elregionalvm.com.ar\/noticias-villa-maria\/author\/contenido\/\"}]}<\/script>\n<!-- \/ Yoast SEO plugin. -->","yoast_head_json":{"title":"Recorrido Pe\u00f1ero: Buen n\u00famero de perros y gatos del CAM consiguieron quien los adopte - El Regional","robots":{"index":"index","follow":"follow","max-snippet":"max-snippet:-1","max-image-preview":"max-image-preview:large","max-video-preview":"max-video-preview:-1"},"canonical":"http:\/\/elregionalvm.com.ar\/noticias-villa-maria\/recorrido-penero-buen-numero-de-perros-y-gatos-del-cam-consiguieron-quien-los-adopte\/","og_locale":"es_ES","og_type":"article","og_title":"Recorrido Pe\u00f1ero: Buen n\u00famero de perros y gatos del CAM consiguieron quien los adopte - El Regional","og_description":"El Recorrido Pe\u00f1ero culmin\u00f3 con excelentes resultados para el Centro de Adopci\u00f3n Municipal (CAM), cuyo puesto estuvo presente con el objetivo de promover la tenencia responsable. De esta manera, y en el contexto festivalero, logr\u00f3 concretar la adopci\u00f3n de 135 animales. El puesto del CAM form\u00f3 parte, como todos los a\u00f1os, del tradicional paseo villamariense, [&hellip;]","og_url":"http:\/\/elregionalvm.com.ar\/noticias-villa-maria\/recorrido-penero-buen-numero-de-perros-y-gatos-del-cam-consiguieron-quien-los-adopte\/","og_site_name":"El Regional","article_publisher":"https:\/\/www.facebook.com\/elregionalvm","article_published_time":"2023-02-15T22:45:21+00:00","article_modified_time":"2023-02-16T01:29:28+00:00","og_image":[{"width":1280,"height":853,"url":"http:\/\/elregionalvm.com.ar\/noticias-villa-maria\/wp-content\/uploads\/2023\/02\/WhatsApp-Image-2023-02-15-at-13.49.34.jpeg","type":"image\/jpeg"}],"author":"Contenidos El Regional","twitter_card":"summary_large_image","twitter_creator":"@elregionalvm1","twitter_site":"@elregionalvm1","twitter_misc":{"Escrito por":"Contenidos El Regional","Tiempo de lectura":"2 minutos"},"schema":{"@context":"https:\/\/schema.org","@graph":[{"@type":"Article","@id":"http:\/\/elregionalvm.com.ar\/noticias-villa-maria\/recorrido-penero-buen-numero-de-perros-y-gatos-del-cam-consiguieron-quien-los-adopte\/#article","isPartOf":{"@id":"http:\/\/elregionalvm.com.ar\/noticias-villa-maria\/recorrido-penero-buen-numero-de-perros-y-gatos-del-cam-consiguieron-quien-los-adopte\/"},"author":{"name":"Contenidos El Regional","@id":"http:\/\/elregionalvm.com.ar\/noticias-villa-maria\/#\/schema\/person\/a0fb9c422317faca23d50163151bc354"},"headline":"Recorrido Pe\u00f1ero: Buen n\u00famero de perros y gatos del CAM consiguieron quien los adopte","datePublished":"2023-02-15T22:45:21+00:00","dateModified":"2023-02-16T01:29:28+00:00","mainEntityOfPage":{"@id":"http:\/\/elregionalvm.com.ar\/noticias-villa-maria\/recorrido-penero-buen-numero-de-perros-y-gatos-del-cam-consiguieron-quien-los-adopte\/"},"wordCount":279,"commentCount":0,"image":{"@id":"http:\/\/elregionalvm.com.ar\/noticias-villa-maria\/recorrido-penero-buen-numero-de-perros-y-gatos-del-cam-consiguieron-quien-los-adopte\/#primaryimage"},"thumbnailUrl":"https:\/\/i0.wp.com\/elregionalvm.com.ar\/noticias-villa-maria\/wp-content\/uploads\/2023\/02\/WhatsApp-Image-2023-02-15-at-13.49.34.jpeg?fit=1280%2C853&ssl=1","articleSection":["destacado","Villa Mar\u00eda"],"inLanguage":"es","potentialAction":[{"@type":"CommentAction","name":"Comment","target":["http:\/\/elregionalvm.com.ar\/noticias-villa-maria\/recorrido-penero-buen-numero-de-perros-y-gatos-del-cam-consiguieron-quien-los-adopte\/#respond"]}]},{"@type":"WebPage","@id":"http:\/\/elregionalvm.com.ar\/noticias-villa-maria\/recorrido-penero-buen-numero-de-perros-y-gatos-del-cam-consiguieron-quien-los-adopte\/","url":"http:\/\/elregionalvm.com.ar\/noticias-villa-maria\/recorrido-penero-buen-numero-de-perros-y-gatos-del-cam-consiguieron-quien-los-adopte\/","name":"Recorrido Pe\u00f1ero: Buen n\u00famero de perros y gatos del CAM consiguieron quien los adopte - El Regional","isPartOf":{"@id":"http:\/\/elregionalvm.com.ar\/noticias-villa-maria\/#website"},"primaryImageOfPage":{"@id":"http:\/\/elregionalvm.com.ar\/noticias-villa-maria\/recorrido-penero-buen-numero-de-perros-y-gatos-del-cam-consiguieron-quien-los-adopte\/#primaryimage"},"image":{"@id":"http:\/\/elregionalvm.com.ar\/noticias-villa-maria\/recorrido-penero-buen-numero-de-perros-y-gatos-del-cam-consiguieron-quien-los-adopte\/#primaryimage"},"thumbnailUrl":"https:\/\/i0.wp.com\/elregionalvm.com.ar\/noticias-villa-maria\/wp-content\/uploads\/2023\/02\/WhatsApp-Image-2023-02-15-at-13.49.34.jpeg?fit=1280%2C853&ssl=1","datePublished":"2023-02-15T22:45:21+00:00","dateModified":"2023-02-16T01:29:28+00:00","author":{"@id":"http:\/\/elregionalvm.com.ar\/noticias-villa-maria\/#\/schema\/person\/a0fb9c422317faca23d50163151bc354"},"breadcrumb":{"@id":"http:\/\/elregionalvm.com.ar\/noticias-villa-maria\/recorrido-penero-buen-numero-de-perros-y-gatos-del-cam-consiguieron-quien-los-adopte\/#breadcrumb"},"inLanguage":"es","potentialAction":[{"@type":"ReadAction","target":["http:\/\/elregionalvm.com.ar\/noticias-villa-maria\/recorrido-penero-buen-numero-de-perros-y-gatos-del-cam-consiguieron-quien-los-adopte\/"]}]},{"@type":"ImageObject","inLanguage":"es","@id":"http:\/\/elregionalvm.com.ar\/noticias-villa-maria\/recorrido-penero-buen-numero-de-perros-y-gatos-del-cam-consiguieron-quien-los-adopte\/#primaryimage","url":"https:\/\/i0.wp.com\/elregionalvm.com.ar\/noticias-villa-maria\/wp-content\/uploads\/2023\/02\/WhatsApp-Image-2023-02-15-at-13.49.34.jpeg?fit=1280%2C853&ssl=1","contentUrl":"https:\/\/i0.wp.com\/elregionalvm.com.ar\/noticias-villa-maria\/wp-content\/uploads\/2023\/02\/WhatsApp-Image-2023-02-15-at-13.49.34.jpeg?fit=1280%2C853&ssl=1","width":1280,"height":853},{"@type":"BreadcrumbList","@id":"http:\/\/elregionalvm.com.ar\/noticias-villa-maria\/recorrido-penero-buen-numero-de-perros-y-gatos-del-cam-consiguieron-quien-los-adopte\/#breadcrumb","itemListElement":[{"@type":"ListItem","position":1,"name":"Portada","item":"https:\/\/elregionalvm.com.ar\/noticias-villa-maria\/"},{"@type":"ListItem","position":2,"name":"Recorrido Pe\u00f1ero: Buen n\u00famero de perros y gatos del CAM consiguieron quien los adopte"}]},{"@type":"WebSite","@id":"http:\/\/elregionalvm.com.ar\/noticias-villa-maria\/#website","url":"http:\/\/elregionalvm.com.ar\/noticias-villa-maria\/","name":"El Regional","description":"Mucho m\u00e1s que informaci\u00f3n","potentialAction":[{"@type":"SearchAction","target":{"@type":"EntryPoint","urlTemplate":"http:\/\/elregionalvm.com.ar\/noticias-villa-maria\/?s={search_term_string}"},"query-input":{"@type":"PropertyValueSpecification","valueRequired":true,"valueName":"search_term_string"}}],"inLanguage":"es"},{"@type":"Person","@id":"http:\/\/elregionalvm.com.ar\/noticias-villa-maria\/#\/schema\/person\/a0fb9c422317faca23d50163151bc354","name":"Contenidos El Regional","image":{"@type":"ImageObject","inLanguage":"es","@id":"http:\/\/elregionalvm.com.ar\/noticias-villa-maria\/#\/schema\/person\/image\/","url":"https:\/\/secure.gravatar.com\/avatar\/265b27cb2209af7bb3a1318f03305787d7981a5cc6e6cd08fe5a4ecdf99d4b48?s=96&d=mm&r=g","contentUrl":"https:\/\/secure.gravatar.com\/avatar\/265b27cb2209af7bb3a1318f03305787d7981a5cc6e6cd08fe5a4ecdf99d4b48?s=96&d=mm&r=g","caption":"Contenidos El Regional"},"url":"https:\/\/elregionalvm.com.ar\/noticias-villa-maria\/author\/contenido\/"}]}},"jetpack_featured_media_url":"https:\/\/i0.wp.com\/elregionalvm.com.ar\/noticias-villa-maria\/wp-content\/uploads\/2023\/02\/WhatsApp-Image-2023-02-15-at-13.49.34.jpeg?fit=1280%2C853&ssl=1","jetpack_sharing_enabled":true,"_links":{"self":[{"href":"https:\/\/elregionalvm.com.ar\/noticias-villa-maria\/wp-json\/wp\/v2\/posts\/71792","targetHints":{"allow":["GET"]}}],"collection":[{"href":"https:\/\/elregionalvm.com.ar\/noticias-villa-maria\/wp-json\/wp\/v2\/posts"}],"about":[{"href":"https:\/\/elregionalvm.com.ar\/noticias-villa-maria\/wp-json\/wp\/v2\/types\/post"}],"author":[{"embeddable":true,"href":"https:\/\/elregionalvm.com.ar\/noticias-villa-maria\/wp-json\/wp\/v2\/users\/4"}],"replies":[{"embeddable":true,"href":"https:\/\/elregionalvm.com.ar\/noticias-villa-maria\/wp-json\/wp\/v2\/comments?post=71792"}],"version-history":[{"count":2,"href":"https:\/\/elregionalvm.com.ar\/noticias-villa-maria\/wp-json\/wp\/v2\/posts\/71792\/revisions"}],"predecessor-version":[{"id":71814,"href":"https:\/\/elregionalvm.com.ar\/noticias-villa-maria\/wp-json\/wp\/v2\/posts\/71792\/revisions\/71814"}],"wp:featuredmedia":[{"embeddable":true,"href":"https:\/\/elregionalvm.com.ar\/noticias-villa-maria\/wp-json\/wp\/v2\/media\/71793"}],"wp:attachment":[{"href":"https:\/\/elregionalvm.com.ar\/noticias-villa-maria\/wp-json\/wp\/v2\/media?parent=71792"}],"wp:term":[{"taxonomy":"category","embeddable":true,"href":"https:\/\/elregionalvm.com.ar\/noticias-villa-maria\/wp-json\/wp\/v2\/categories?post=71792"},{"taxonomy":"post_tag","embeddable":true,"href":"https:\/\/elregionalvm.com.ar\/noticias-villa-maria\/wp-json\/wp\/v2\/tags?post=71792"}],"curies":[{"name":"wp","href":"https:\/\/api.w.org\/{rel}","templated":true}]}}