{"id":71795,"date":"2023-02-15T22:50:49","date_gmt":"2023-02-15T22:50:49","guid":{"rendered":"https:\/\/elregionalvm.com.ar\/noticias-villa-maria\/?p=71795"},"modified":"2023-02-16T01:29:14","modified_gmt":"2023-02-16T01:29:14","slug":"llega-la-obra-de-teatro-libros-en-la-mira-para-abordar-la-censura-literaria-durante-la-dictadura-militar","status":"publish","type":"post","link":"https:\/\/elregionalvm.com.ar\/noticias-villa-maria\/llega-la-obra-de-teatro-libros-en-la-mira-para-abordar-la-censura-literaria-durante-la-dictadura-militar\/","title":{"rendered":"Llega la obra de teatro Libros en la Mira: la censura literaria durante la dictadura"},"content":{"rendered":"\n<p>Esta noche la Medioteca ser\u00e1 la cita para que vecinos y vecinas se acerquen a disfrutar la obra Libros en la Mira, de la agrupaci\u00f3n Tres Tigres Teatro, en el sal\u00f3n central a partir de las 21:00 horas. La propuesta teatral abordar\u00e1 la tem\u00e1tica sobre los libros prohibidos durante la \u00faltima dictadura militar, con cuatro payasos como protagonistas quienes, desde un contexto distendido, se las rebuscar\u00e1n para defender la libertad en la lectura.<\/p>\n\n\n\n<p>La obra de teatro podr\u00e1 disfrutarse en familia esta noche, a partir de las 21:00 horas, en el sal\u00f3n central de la Medioteca, en avenida Sabattini 40. La entrada ser\u00e1 libre y gratuita.<\/p>\n\n\n\n<p>Como parte de las tantas propuestas que re\u00fane la agenda de verano, la Secretar\u00eda de Educaci\u00f3n, Cultura y Promoci\u00f3n de la Ciencia, a trav\u00e9s de la Medioteca, ofrece esta nueva iniciativa, pensada para toda la familia y que busca generar un di\u00e1logo y reflexi\u00f3n sobre esta tem\u00e1tica.<\/p>\n\n\n\n<p>Los protagonistas son Margarita, Ellia, Pepita y P\u00edcolo, cuatro payasos constructores de libros, que se enfrentan a las normas del nuevo orden que proh\u00edbe publicaciones, cierra editoriales, persigue lectores y considera al libro como enemigo p\u00fablico. Ellos deber\u00e1n enfrentarse al representante de la censura y las prohibiciones, recurriendo a la memoria para defender y preservar su identidad de payasos-libros.<\/p>\n\n\n\n<p>De esta manera se trabaja desde la t\u00e9cnica del clown, basada en un sentido puramente l\u00fadico, la cual permitir\u00e1 el tratamiento de variadas tem\u00e1ticas distanciando al espectador de las situaciones m\u00e1s oscuras. Los payasos, esp\u00edritus libres desde siempre, enfrentar\u00e1n las prohibiciones acudiendo a los recursos m\u00e1s disparatados, sin poder ocultar sus debilidades, unir\u00e1n lo mejor de s\u00ed, para preservar lo que es de todos. As\u00ed se busca resignificar la importancia y la trascendencia que los libros tienen para las sociedades en cuanto a ser quienes guardan la memoria de los hechos.<\/p>\n","protected":false},"excerpt":{"rendered":"<p>Esta noche la Medioteca ser\u00e1 la cita para que vecinos y vecinas se acerquen a disfrutar la obra Libros en la Mira, de la agrupaci\u00f3n Tres Tigres Teatro, en el sal\u00f3n central a partir de las 21:00 horas. La propuesta teatral abordar\u00e1 la tem\u00e1tica sobre los libros prohibidos durante la \u00faltima dictadura militar, con cuatro [&hellip;]<\/p>\n","protected":false},"author":4,"featured_media":71796,"comment_status":"open","ping_status":"open","sticky":false,"template":"","format":"standard","meta":{"site-sidebar-layout":"default","site-content-layout":"","ast-site-content-layout":"default","site-content-style":"default","site-sidebar-style":"default","ast-global-header-display":"","ast-banner-title-visibility":"","ast-main-header-display":"","ast-hfb-above-header-display":"","ast-hfb-below-header-display":"","ast-hfb-mobile-header-display":"","site-post-title":"","ast-breadcrumbs-content":"","ast-featured-img":"","footer-sml-layout":"","ast-disable-related-posts":"","theme-transparent-header-meta":"","adv-header-id-meta":"","stick-header-meta":"","header-above-stick-meta":"","header-main-stick-meta":"","header-below-stick-meta":"","astra-migrate-meta-layouts":"default","ast-page-background-enabled":"default","ast-page-background-meta":{"desktop":{"background-color":"","background-image":"","background-repeat":"repeat","background-position":"center center","background-size":"auto","background-attachment":"scroll","background-type":"","background-media":"","overlay-type":"","overlay-color":"","overlay-opacity":"","overlay-gradient":""},"tablet":{"background-color":"","background-image":"","background-repeat":"repeat","background-position":"center center","background-size":"auto","background-attachment":"scroll","background-type":"","background-media":"","overlay-type":"","overlay-color":"","overlay-opacity":"","overlay-gradient":""},"mobile":{"background-color":"","background-image":"","background-repeat":"repeat","background-position":"center center","background-size":"auto","background-attachment":"scroll","background-type":"","background-media":"","overlay-type":"","overlay-color":"","overlay-opacity":"","overlay-gradient":""}},"ast-content-background-meta":{"desktop":{"background-color":"var(--ast-global-color-5)","background-image":"","background-repeat":"repeat","background-position":"center center","background-size":"auto","background-attachment":"scroll","background-type":"","background-media":"","overlay-type":"","overlay-color":"","overlay-opacity":"","overlay-gradient":""},"tablet":{"background-color":"var(--ast-global-color-5)","background-image":"","background-repeat":"repeat","background-position":"center center","background-size":"auto","background-attachment":"scroll","background-type":"","background-media":"","overlay-type":"","overlay-color":"","overlay-opacity":"","overlay-gradient":""},"mobile":{"background-color":"var(--ast-global-color-5)","background-image":"","background-repeat":"repeat","background-position":"center center","background-size":"auto","background-attachment":"scroll","background-type":"","background-media":"","overlay-type":"","overlay-color":"","overlay-opacity":"","overlay-gradient":""}},"_jetpack_memberships_contains_paid_content":false,"_joinchat":[],"footnotes":""},"categories":[2068,15302,2],"tags":[],"class_list":["post-71795","post","type-post","status-publish","format-standard","has-post-thumbnail","hentry","category-cultura-deporte","category-destacado","category-villa-maria"],"yoast_head":"<!-- This site is optimized with the Yoast SEO plugin v26.8 - https:\/\/yoast.com\/product\/yoast-seo-wordpress\/ -->\n<title>Llega la obra de teatro Libros en la Mira: la censura literaria durante la dictadura - El Regional<\/title>\n<meta name=\"robots\" content=\"index, follow, max-snippet:-1, max-image-preview:large, max-video-preview:-1\" \/>\n<link rel=\"canonical\" href=\"http:\/\/elregionalvm.com.ar\/noticias-villa-maria\/llega-la-obra-de-teatro-libros-en-la-mira-para-abordar-la-censura-literaria-durante-la-dictadura-militar\/\" \/>\n<meta property=\"og:locale\" content=\"es_ES\" \/>\n<meta property=\"og:type\" content=\"article\" \/>\n<meta property=\"og:title\" content=\"Llega la obra de teatro Libros en la Mira: la censura literaria durante la dictadura - El Regional\" \/>\n<meta property=\"og:description\" content=\"Esta noche la Medioteca ser\u00e1 la cita para que vecinos y vecinas se acerquen a disfrutar la obra Libros en la Mira, de la agrupaci\u00f3n Tres Tigres Teatro, en el sal\u00f3n central a partir de las 21:00 horas. La propuesta teatral abordar\u00e1 la tem\u00e1tica sobre los libros prohibidos durante la \u00faltima dictadura militar, con cuatro [&hellip;]\" \/>\n<meta property=\"og:url\" content=\"http:\/\/elregionalvm.com.ar\/noticias-villa-maria\/llega-la-obra-de-teatro-libros-en-la-mira-para-abordar-la-censura-literaria-durante-la-dictadura-militar\/\" \/>\n<meta property=\"og:site_name\" content=\"El Regional\" \/>\n<meta property=\"article:publisher\" content=\"https:\/\/www.facebook.com\/elregionalvm\" \/>\n<meta property=\"article:published_time\" content=\"2023-02-15T22:50:49+00:00\" \/>\n<meta property=\"article:modified_time\" content=\"2023-02-16T01:29:14+00:00\" \/>\n<meta property=\"og:image\" content=\"http:\/\/elregionalvm.com.ar\/noticias-villa-maria\/wp-content\/uploads\/2023\/02\/WhatsApp-Image-2023-02-15-at-12.25.49.jpeg\" \/>\n\t<meta property=\"og:image:width\" content=\"1067\" \/>\n\t<meta property=\"og:image:height\" content=\"781\" \/>\n\t<meta property=\"og:image:type\" content=\"image\/jpeg\" \/>\n<meta name=\"author\" content=\"Contenidos El Regional\" \/>\n<meta name=\"twitter:card\" content=\"summary_large_image\" \/>\n<meta name=\"twitter:creator\" content=\"@elregionalvm1\" \/>\n<meta name=\"twitter:site\" content=\"@elregionalvm1\" \/>\n<meta name=\"twitter:label1\" content=\"Escrito por\" \/>\n\t<meta name=\"twitter:data1\" content=\"Contenidos El Regional\" \/>\n\t<meta name=\"twitter:label2\" content=\"Tiempo de lectura\" \/>\n\t<meta name=\"twitter:data2\" content=\"2 minutos\" \/>\n<script type=\"application\/ld+json\" class=\"yoast-schema-graph\">{\"@context\":\"https:\/\/schema.org\",\"@graph\":[{\"@type\":\"Article\",\"@id\":\"http:\/\/elregionalvm.com.ar\/noticias-villa-maria\/llega-la-obra-de-teatro-libros-en-la-mira-para-abordar-la-censura-literaria-durante-la-dictadura-militar\/#article\",\"isPartOf\":{\"@id\":\"http:\/\/elregionalvm.com.ar\/noticias-villa-maria\/llega-la-obra-de-teatro-libros-en-la-mira-para-abordar-la-censura-literaria-durante-la-dictadura-militar\/\"},\"author\":{\"name\":\"Contenidos El Regional\",\"@id\":\"http:\/\/elregionalvm.com.ar\/noticias-villa-maria\/#\/schema\/person\/a0fb9c422317faca23d50163151bc354\"},\"headline\":\"Llega la obra de teatro Libros en la Mira: la censura literaria durante la dictadura\",\"datePublished\":\"2023-02-15T22:50:49+00:00\",\"dateModified\":\"2023-02-16T01:29:14+00:00\",\"mainEntityOfPage\":{\"@id\":\"http:\/\/elregionalvm.com.ar\/noticias-villa-maria\/llega-la-obra-de-teatro-libros-en-la-mira-para-abordar-la-censura-literaria-durante-la-dictadura-militar\/\"},\"wordCount\":340,\"commentCount\":0,\"image\":{\"@id\":\"http:\/\/elregionalvm.com.ar\/noticias-villa-maria\/llega-la-obra-de-teatro-libros-en-la-mira-para-abordar-la-censura-literaria-durante-la-dictadura-militar\/#primaryimage\"},\"thumbnailUrl\":\"https:\/\/i0.wp.com\/elregionalvm.com.ar\/noticias-villa-maria\/wp-content\/uploads\/2023\/02\/WhatsApp-Image-2023-02-15-at-12.25.49.jpeg?fit=1067%2C781&ssl=1\",\"articleSection\":[\"Cultura\",\"destacado\",\"Villa Mar\u00eda\"],\"inLanguage\":\"es\",\"potentialAction\":[{\"@type\":\"CommentAction\",\"name\":\"Comment\",\"target\":[\"http:\/\/elregionalvm.com.ar\/noticias-villa-maria\/llega-la-obra-de-teatro-libros-en-la-mira-para-abordar-la-censura-literaria-durante-la-dictadura-militar\/#respond\"]}]},{\"@type\":\"WebPage\",\"@id\":\"http:\/\/elregionalvm.com.ar\/noticias-villa-maria\/llega-la-obra-de-teatro-libros-en-la-mira-para-abordar-la-censura-literaria-durante-la-dictadura-militar\/\",\"url\":\"http:\/\/elregionalvm.com.ar\/noticias-villa-maria\/llega-la-obra-de-teatro-libros-en-la-mira-para-abordar-la-censura-literaria-durante-la-dictadura-militar\/\",\"name\":\"Llega la obra de teatro Libros en la Mira: la censura literaria durante la dictadura - El Regional\",\"isPartOf\":{\"@id\":\"http:\/\/elregionalvm.com.ar\/noticias-villa-maria\/#website\"},\"primaryImageOfPage\":{\"@id\":\"http:\/\/elregionalvm.com.ar\/noticias-villa-maria\/llega-la-obra-de-teatro-libros-en-la-mira-para-abordar-la-censura-literaria-durante-la-dictadura-militar\/#primaryimage\"},\"image\":{\"@id\":\"http:\/\/elregionalvm.com.ar\/noticias-villa-maria\/llega-la-obra-de-teatro-libros-en-la-mira-para-abordar-la-censura-literaria-durante-la-dictadura-militar\/#primaryimage\"},\"thumbnailUrl\":\"https:\/\/i0.wp.com\/elregionalvm.com.ar\/noticias-villa-maria\/wp-content\/uploads\/2023\/02\/WhatsApp-Image-2023-02-15-at-12.25.49.jpeg?fit=1067%2C781&ssl=1\",\"datePublished\":\"2023-02-15T22:50:49+00:00\",\"dateModified\":\"2023-02-16T01:29:14+00:00\",\"author\":{\"@id\":\"http:\/\/elregionalvm.com.ar\/noticias-villa-maria\/#\/schema\/person\/a0fb9c422317faca23d50163151bc354\"},\"breadcrumb\":{\"@id\":\"http:\/\/elregionalvm.com.ar\/noticias-villa-maria\/llega-la-obra-de-teatro-libros-en-la-mira-para-abordar-la-censura-literaria-durante-la-dictadura-militar\/#breadcrumb\"},\"inLanguage\":\"es\",\"potentialAction\":[{\"@type\":\"ReadAction\",\"target\":[\"http:\/\/elregionalvm.com.ar\/noticias-villa-maria\/llega-la-obra-de-teatro-libros-en-la-mira-para-abordar-la-censura-literaria-durante-la-dictadura-militar\/\"]}]},{\"@type\":\"ImageObject\",\"inLanguage\":\"es\",\"@id\":\"http:\/\/elregionalvm.com.ar\/noticias-villa-maria\/llega-la-obra-de-teatro-libros-en-la-mira-para-abordar-la-censura-literaria-durante-la-dictadura-militar\/#primaryimage\",\"url\":\"https:\/\/i0.wp.com\/elregionalvm.com.ar\/noticias-villa-maria\/wp-content\/uploads\/2023\/02\/WhatsApp-Image-2023-02-15-at-12.25.49.jpeg?fit=1067%2C781&ssl=1\",\"contentUrl\":\"https:\/\/i0.wp.com\/elregionalvm.com.ar\/noticias-villa-maria\/wp-content\/uploads\/2023\/02\/WhatsApp-Image-2023-02-15-at-12.25.49.jpeg?fit=1067%2C781&ssl=1\",\"width\":1067,\"height\":781},{\"@type\":\"BreadcrumbList\",\"@id\":\"http:\/\/elregionalvm.com.ar\/noticias-villa-maria\/llega-la-obra-de-teatro-libros-en-la-mira-para-abordar-la-censura-literaria-durante-la-dictadura-militar\/#breadcrumb\",\"itemListElement\":[{\"@type\":\"ListItem\",\"position\":1,\"name\":\"Portada\",\"item\":\"https:\/\/elregionalvm.com.ar\/noticias-villa-maria\/\"},{\"@type\":\"ListItem\",\"position\":2,\"name\":\"Llega la obra de teatro Libros en la Mira: la censura literaria durante la dictadura\"}]},{\"@type\":\"WebSite\",\"@id\":\"http:\/\/elregionalvm.com.ar\/noticias-villa-maria\/#website\",\"url\":\"http:\/\/elregionalvm.com.ar\/noticias-villa-maria\/\",\"name\":\"El Regional\",\"description\":\"Mucho m\u00e1s que informaci\u00f3n\",\"potentialAction\":[{\"@type\":\"SearchAction\",\"target\":{\"@type\":\"EntryPoint\",\"urlTemplate\":\"http:\/\/elregionalvm.com.ar\/noticias-villa-maria\/?s={search_term_string}\"},\"query-input\":{\"@type\":\"PropertyValueSpecification\",\"valueRequired\":true,\"valueName\":\"search_term_string\"}}],\"inLanguage\":\"es\"},{\"@type\":\"Person\",\"@id\":\"http:\/\/elregionalvm.com.ar\/noticias-villa-maria\/#\/schema\/person\/a0fb9c422317faca23d50163151bc354\",\"name\":\"Contenidos El Regional\",\"image\":{\"@type\":\"ImageObject\",\"inLanguage\":\"es\",\"@id\":\"http:\/\/elregionalvm.com.ar\/noticias-villa-maria\/#\/schema\/person\/image\/\",\"url\":\"https:\/\/secure.gravatar.com\/avatar\/265b27cb2209af7bb3a1318f03305787d7981a5cc6e6cd08fe5a4ecdf99d4b48?s=96&d=mm&r=g\",\"contentUrl\":\"https:\/\/secure.gravatar.com\/avatar\/265b27cb2209af7bb3a1318f03305787d7981a5cc6e6cd08fe5a4ecdf99d4b48?s=96&d=mm&r=g\",\"caption\":\"Contenidos El Regional\"},\"url\":\"https:\/\/elregionalvm.com.ar\/noticias-villa-maria\/author\/contenido\/\"}]}<\/script>\n<!-- \/ Yoast SEO plugin. -->","yoast_head_json":{"title":"Llega la obra de teatro Libros en la Mira: la censura literaria durante la dictadura - El Regional","robots":{"index":"index","follow":"follow","max-snippet":"max-snippet:-1","max-image-preview":"max-image-preview:large","max-video-preview":"max-video-preview:-1"},"canonical":"http:\/\/elregionalvm.com.ar\/noticias-villa-maria\/llega-la-obra-de-teatro-libros-en-la-mira-para-abordar-la-censura-literaria-durante-la-dictadura-militar\/","og_locale":"es_ES","og_type":"article","og_title":"Llega la obra de teatro Libros en la Mira: la censura literaria durante la dictadura - El Regional","og_description":"Esta noche la Medioteca ser\u00e1 la cita para que vecinos y vecinas se acerquen a disfrutar la obra Libros en la Mira, de la agrupaci\u00f3n Tres Tigres Teatro, en el sal\u00f3n central a partir de las 21:00 horas. La propuesta teatral abordar\u00e1 la tem\u00e1tica sobre los libros prohibidos durante la \u00faltima dictadura militar, con cuatro [&hellip;]","og_url":"http:\/\/elregionalvm.com.ar\/noticias-villa-maria\/llega-la-obra-de-teatro-libros-en-la-mira-para-abordar-la-censura-literaria-durante-la-dictadura-militar\/","og_site_name":"El Regional","article_publisher":"https:\/\/www.facebook.com\/elregionalvm","article_published_time":"2023-02-15T22:50:49+00:00","article_modified_time":"2023-02-16T01:29:14+00:00","og_image":[{"width":1067,"height":781,"url":"http:\/\/elregionalvm.com.ar\/noticias-villa-maria\/wp-content\/uploads\/2023\/02\/WhatsApp-Image-2023-02-15-at-12.25.49.jpeg","type":"image\/jpeg"}],"author":"Contenidos El Regional","twitter_card":"summary_large_image","twitter_creator":"@elregionalvm1","twitter_site":"@elregionalvm1","twitter_misc":{"Escrito por":"Contenidos El Regional","Tiempo de lectura":"2 minutos"},"schema":{"@context":"https:\/\/schema.org","@graph":[{"@type":"Article","@id":"http:\/\/elregionalvm.com.ar\/noticias-villa-maria\/llega-la-obra-de-teatro-libros-en-la-mira-para-abordar-la-censura-literaria-durante-la-dictadura-militar\/#article","isPartOf":{"@id":"http:\/\/elregionalvm.com.ar\/noticias-villa-maria\/llega-la-obra-de-teatro-libros-en-la-mira-para-abordar-la-censura-literaria-durante-la-dictadura-militar\/"},"author":{"name":"Contenidos El Regional","@id":"http:\/\/elregionalvm.com.ar\/noticias-villa-maria\/#\/schema\/person\/a0fb9c422317faca23d50163151bc354"},"headline":"Llega la obra de teatro Libros en la Mira: la censura literaria durante la dictadura","datePublished":"2023-02-15T22:50:49+00:00","dateModified":"2023-02-16T01:29:14+00:00","mainEntityOfPage":{"@id":"http:\/\/elregionalvm.com.ar\/noticias-villa-maria\/llega-la-obra-de-teatro-libros-en-la-mira-para-abordar-la-censura-literaria-durante-la-dictadura-militar\/"},"wordCount":340,"commentCount":0,"image":{"@id":"http:\/\/elregionalvm.com.ar\/noticias-villa-maria\/llega-la-obra-de-teatro-libros-en-la-mira-para-abordar-la-censura-literaria-durante-la-dictadura-militar\/#primaryimage"},"thumbnailUrl":"https:\/\/i0.wp.com\/elregionalvm.com.ar\/noticias-villa-maria\/wp-content\/uploads\/2023\/02\/WhatsApp-Image-2023-02-15-at-12.25.49.jpeg?fit=1067%2C781&ssl=1","articleSection":["Cultura","destacado","Villa Mar\u00eda"],"inLanguage":"es","potentialAction":[{"@type":"CommentAction","name":"Comment","target":["http:\/\/elregionalvm.com.ar\/noticias-villa-maria\/llega-la-obra-de-teatro-libros-en-la-mira-para-abordar-la-censura-literaria-durante-la-dictadura-militar\/#respond"]}]},{"@type":"WebPage","@id":"http:\/\/elregionalvm.com.ar\/noticias-villa-maria\/llega-la-obra-de-teatro-libros-en-la-mira-para-abordar-la-censura-literaria-durante-la-dictadura-militar\/","url":"http:\/\/elregionalvm.com.ar\/noticias-villa-maria\/llega-la-obra-de-teatro-libros-en-la-mira-para-abordar-la-censura-literaria-durante-la-dictadura-militar\/","name":"Llega la obra de teatro Libros en la Mira: la censura literaria durante la dictadura - El Regional","isPartOf":{"@id":"http:\/\/elregionalvm.com.ar\/noticias-villa-maria\/#website"},"primaryImageOfPage":{"@id":"http:\/\/elregionalvm.com.ar\/noticias-villa-maria\/llega-la-obra-de-teatro-libros-en-la-mira-para-abordar-la-censura-literaria-durante-la-dictadura-militar\/#primaryimage"},"image":{"@id":"http:\/\/elregionalvm.com.ar\/noticias-villa-maria\/llega-la-obra-de-teatro-libros-en-la-mira-para-abordar-la-censura-literaria-durante-la-dictadura-militar\/#primaryimage"},"thumbnailUrl":"https:\/\/i0.wp.com\/elregionalvm.com.ar\/noticias-villa-maria\/wp-content\/uploads\/2023\/02\/WhatsApp-Image-2023-02-15-at-12.25.49.jpeg?fit=1067%2C781&ssl=1","datePublished":"2023-02-15T22:50:49+00:00","dateModified":"2023-02-16T01:29:14+00:00","author":{"@id":"http:\/\/elregionalvm.com.ar\/noticias-villa-maria\/#\/schema\/person\/a0fb9c422317faca23d50163151bc354"},"breadcrumb":{"@id":"http:\/\/elregionalvm.com.ar\/noticias-villa-maria\/llega-la-obra-de-teatro-libros-en-la-mira-para-abordar-la-censura-literaria-durante-la-dictadura-militar\/#breadcrumb"},"inLanguage":"es","potentialAction":[{"@type":"ReadAction","target":["http:\/\/elregionalvm.com.ar\/noticias-villa-maria\/llega-la-obra-de-teatro-libros-en-la-mira-para-abordar-la-censura-literaria-durante-la-dictadura-militar\/"]}]},{"@type":"ImageObject","inLanguage":"es","@id":"http:\/\/elregionalvm.com.ar\/noticias-villa-maria\/llega-la-obra-de-teatro-libros-en-la-mira-para-abordar-la-censura-literaria-durante-la-dictadura-militar\/#primaryimage","url":"https:\/\/i0.wp.com\/elregionalvm.com.ar\/noticias-villa-maria\/wp-content\/uploads\/2023\/02\/WhatsApp-Image-2023-02-15-at-12.25.49.jpeg?fit=1067%2C781&ssl=1","contentUrl":"https:\/\/i0.wp.com\/elregionalvm.com.ar\/noticias-villa-maria\/wp-content\/uploads\/2023\/02\/WhatsApp-Image-2023-02-15-at-12.25.49.jpeg?fit=1067%2C781&ssl=1","width":1067,"height":781},{"@type":"BreadcrumbList","@id":"http:\/\/elregionalvm.com.ar\/noticias-villa-maria\/llega-la-obra-de-teatro-libros-en-la-mira-para-abordar-la-censura-literaria-durante-la-dictadura-militar\/#breadcrumb","itemListElement":[{"@type":"ListItem","position":1,"name":"Portada","item":"https:\/\/elregionalvm.com.ar\/noticias-villa-maria\/"},{"@type":"ListItem","position":2,"name":"Llega la obra de teatro Libros en la Mira: la censura literaria durante la dictadura"}]},{"@type":"WebSite","@id":"http:\/\/elregionalvm.com.ar\/noticias-villa-maria\/#website","url":"http:\/\/elregionalvm.com.ar\/noticias-villa-maria\/","name":"El Regional","description":"Mucho m\u00e1s que informaci\u00f3n","potentialAction":[{"@type":"SearchAction","target":{"@type":"EntryPoint","urlTemplate":"http:\/\/elregionalvm.com.ar\/noticias-villa-maria\/?s={search_term_string}"},"query-input":{"@type":"PropertyValueSpecification","valueRequired":true,"valueName":"search_term_string"}}],"inLanguage":"es"},{"@type":"Person","@id":"http:\/\/elregionalvm.com.ar\/noticias-villa-maria\/#\/schema\/person\/a0fb9c422317faca23d50163151bc354","name":"Contenidos El Regional","image":{"@type":"ImageObject","inLanguage":"es","@id":"http:\/\/elregionalvm.com.ar\/noticias-villa-maria\/#\/schema\/person\/image\/","url":"https:\/\/secure.gravatar.com\/avatar\/265b27cb2209af7bb3a1318f03305787d7981a5cc6e6cd08fe5a4ecdf99d4b48?s=96&d=mm&r=g","contentUrl":"https:\/\/secure.gravatar.com\/avatar\/265b27cb2209af7bb3a1318f03305787d7981a5cc6e6cd08fe5a4ecdf99d4b48?s=96&d=mm&r=g","caption":"Contenidos El Regional"},"url":"https:\/\/elregionalvm.com.ar\/noticias-villa-maria\/author\/contenido\/"}]}},"jetpack_featured_media_url":"https:\/\/i0.wp.com\/elregionalvm.com.ar\/noticias-villa-maria\/wp-content\/uploads\/2023\/02\/WhatsApp-Image-2023-02-15-at-12.25.49.jpeg?fit=1067%2C781&ssl=1","jetpack_sharing_enabled":true,"_links":{"self":[{"href":"https:\/\/elregionalvm.com.ar\/noticias-villa-maria\/wp-json\/wp\/v2\/posts\/71795","targetHints":{"allow":["GET"]}}],"collection":[{"href":"https:\/\/elregionalvm.com.ar\/noticias-villa-maria\/wp-json\/wp\/v2\/posts"}],"about":[{"href":"https:\/\/elregionalvm.com.ar\/noticias-villa-maria\/wp-json\/wp\/v2\/types\/post"}],"author":[{"embeddable":true,"href":"https:\/\/elregionalvm.com.ar\/noticias-villa-maria\/wp-json\/wp\/v2\/users\/4"}],"replies":[{"embeddable":true,"href":"https:\/\/elregionalvm.com.ar\/noticias-villa-maria\/wp-json\/wp\/v2\/comments?post=71795"}],"version-history":[{"count":2,"href":"https:\/\/elregionalvm.com.ar\/noticias-villa-maria\/wp-json\/wp\/v2\/posts\/71795\/revisions"}],"predecessor-version":[{"id":71813,"href":"https:\/\/elregionalvm.com.ar\/noticias-villa-maria\/wp-json\/wp\/v2\/posts\/71795\/revisions\/71813"}],"wp:featuredmedia":[{"embeddable":true,"href":"https:\/\/elregionalvm.com.ar\/noticias-villa-maria\/wp-json\/wp\/v2\/media\/71796"}],"wp:attachment":[{"href":"https:\/\/elregionalvm.com.ar\/noticias-villa-maria\/wp-json\/wp\/v2\/media?parent=71795"}],"wp:term":[{"taxonomy":"category","embeddable":true,"href":"https:\/\/elregionalvm.com.ar\/noticias-villa-maria\/wp-json\/wp\/v2\/categories?post=71795"},{"taxonomy":"post_tag","embeddable":true,"href":"https:\/\/elregionalvm.com.ar\/noticias-villa-maria\/wp-json\/wp\/v2\/tags?post=71795"}],"curies":[{"name":"wp","href":"https:\/\/api.w.org\/{rel}","templated":true}]}}