{"id":71798,"date":"2023-02-15T22:58:30","date_gmt":"2023-02-15T22:58:30","guid":{"rendered":"https:\/\/elregionalvm.com.ar\/noticias-villa-maria\/?p=71798"},"modified":"2023-02-16T01:28:43","modified_gmt":"2023-02-16T01:28:43","slug":"comenzaron-las-labores-en-distintos-frentes-de-obra-para-la-mejora-de-calles-de-tierra-tras-las-lluvias","status":"publish","type":"post","link":"https:\/\/elregionalvm.com.ar\/noticias-villa-maria\/comenzaron-las-labores-en-distintos-frentes-de-obra-para-la-mejora-de-calles-de-tierra-tras-las-lluvias\/","title":{"rendered":"Calles de tierra: Realizaron trabajos en distintos frentes de obra para mejorarlas tras las lluvias"},"content":{"rendered":"\n<p>El municipio puso en marcha el plan de reparaci\u00f3n de arterias de tierra que se vieron afectadas tras las lluvias de los \u00faltimos d\u00edas. De este modo, personal del Corral\u00f3n Municipal trabaja en el acondicionamiento de calles en distintos barrios de la ciudad, donde se ejecutan de modo simult\u00e1neo los frentes de obra.<\/p>\n\n\n\n<p>Las labores tienen por objetivo dar pronta respuesta a los deterioros causados por el agua en los diversos sectores. Puntualmente, durante la jornada de hoy las intervenciones tienen lugar en los siguientes barrios: Ram\u00f3n Carrillo sobre calle Atilio L\u00f3pez; Mariano Moreno sobre la arteria Monse\u00f1or Lisandro; Los Olmos en calles Chascom\u00fas y Guanacache; y en barrio San Juan Bautista.<\/p>\n\n\n\n<p>Del mismo modo, las reparaciones ser\u00e1n ejecutadas en barrio Francisco Garc\u00eda, Prolongaci\u00f3n V\u00e9lez Sarsfield y en los loteos aleda\u00f1os a la ruta 158, como as\u00ed tambi\u00e9n la zona de desv\u00edo del tr\u00e1nsito pesado.<\/p>\n\n\n\n<p>Cabe destacar que en cada uno de los frentes, las tareas son llevadas adelante con maquinarias viales, palas, camiones y motoniveladoras que permiten recuperar los tramos afectados. Por este motivo, se apela a la responsabilidad de conductores y transe\u00fantes al circular por las zonas afectadas.<\/p>\n","protected":false},"excerpt":{"rendered":"<p>El municipio puso en marcha el plan de reparaci\u00f3n de arterias de tierra que se vieron afectadas tras las lluvias de los \u00faltimos d\u00edas. De este modo, personal del Corral\u00f3n Municipal trabaja en el acondicionamiento de calles en distintos barrios de la ciudad, donde se ejecutan de modo simult\u00e1neo los frentes de obra. Las labores [&hellip;]<\/p>\n","protected":false},"author":4,"featured_media":71799,"comment_status":"open","ping_status":"open","sticky":false,"template":"","format":"standard","meta":{"site-sidebar-layout":"default","site-content-layout":"","ast-site-content-layout":"default","site-content-style":"default","site-sidebar-style":"default","ast-global-header-display":"","ast-banner-title-visibility":"","ast-main-header-display":"","ast-hfb-above-header-display":"","ast-hfb-below-header-display":"","ast-hfb-mobile-header-display":"","site-post-title":"","ast-breadcrumbs-content":"","ast-featured-img":"","footer-sml-layout":"","ast-disable-related-posts":"","theme-transparent-header-meta":"","adv-header-id-meta":"","stick-header-meta":"","header-above-stick-meta":"","header-main-stick-meta":"","header-below-stick-meta":"","astra-migrate-meta-layouts":"default","ast-page-background-enabled":"default","ast-page-background-meta":{"desktop":{"background-color":"","background-image":"","background-repeat":"repeat","background-position":"center center","background-size":"auto","background-attachment":"scroll","background-type":"","background-media":"","overlay-type":"","overlay-color":"","overlay-opacity":"","overlay-gradient":""},"tablet":{"background-color":"","background-image":"","background-repeat":"repeat","background-position":"center center","background-size":"auto","background-attachment":"scroll","background-type":"","background-media":"","overlay-type":"","overlay-color":"","overlay-opacity":"","overlay-gradient":""},"mobile":{"background-color":"","background-image":"","background-repeat":"repeat","background-position":"center center","background-size":"auto","background-attachment":"scroll","background-type":"","background-media":"","overlay-type":"","overlay-color":"","overlay-opacity":"","overlay-gradient":""}},"ast-content-background-meta":{"desktop":{"background-color":"var(--ast-global-color-5)","background-image":"","background-repeat":"repeat","background-position":"center center","background-size":"auto","background-attachment":"scroll","background-type":"","background-media":"","overlay-type":"","overlay-color":"","overlay-opacity":"","overlay-gradient":""},"tablet":{"background-color":"var(--ast-global-color-5)","background-image":"","background-repeat":"repeat","background-position":"center center","background-size":"auto","background-attachment":"scroll","background-type":"","background-media":"","overlay-type":"","overlay-color":"","overlay-opacity":"","overlay-gradient":""},"mobile":{"background-color":"var(--ast-global-color-5)","background-image":"","background-repeat":"repeat","background-position":"center center","background-size":"auto","background-attachment":"scroll","background-type":"","background-media":"","overlay-type":"","overlay-color":"","overlay-opacity":"","overlay-gradient":""}},"_jetpack_memberships_contains_paid_content":false,"_joinchat":[],"footnotes":""},"categories":[15302,2],"tags":[],"class_list":["post-71798","post","type-post","status-publish","format-standard","has-post-thumbnail","hentry","category-destacado","category-villa-maria"],"yoast_head":"<!-- This site is optimized with the Yoast SEO plugin v26.8 - https:\/\/yoast.com\/product\/yoast-seo-wordpress\/ -->\n<title>Calles de tierra: Realizaron trabajos en distintos frentes de obra para mejorarlas tras las lluvias - El Regional<\/title>\n<meta name=\"robots\" content=\"index, follow, max-snippet:-1, max-image-preview:large, max-video-preview:-1\" \/>\n<link rel=\"canonical\" href=\"http:\/\/elregionalvm.com.ar\/noticias-villa-maria\/comenzaron-las-labores-en-distintos-frentes-de-obra-para-la-mejora-de-calles-de-tierra-tras-las-lluvias\/\" \/>\n<meta property=\"og:locale\" content=\"es_ES\" \/>\n<meta property=\"og:type\" content=\"article\" \/>\n<meta property=\"og:title\" content=\"Calles de tierra: Realizaron trabajos en distintos frentes de obra para mejorarlas tras las lluvias - El Regional\" \/>\n<meta property=\"og:description\" content=\"El municipio puso en marcha el plan de reparaci\u00f3n de arterias de tierra que se vieron afectadas tras las lluvias de los \u00faltimos d\u00edas. De este modo, personal del Corral\u00f3n Municipal trabaja en el acondicionamiento de calles en distintos barrios de la ciudad, donde se ejecutan de modo simult\u00e1neo los frentes de obra. Las labores [&hellip;]\" \/>\n<meta property=\"og:url\" content=\"http:\/\/elregionalvm.com.ar\/noticias-villa-maria\/comenzaron-las-labores-en-distintos-frentes-de-obra-para-la-mejora-de-calles-de-tierra-tras-las-lluvias\/\" \/>\n<meta property=\"og:site_name\" content=\"El Regional\" \/>\n<meta property=\"article:publisher\" content=\"https:\/\/www.facebook.com\/elregionalvm\" \/>\n<meta property=\"article:published_time\" content=\"2023-02-15T22:58:30+00:00\" \/>\n<meta property=\"article:modified_time\" content=\"2023-02-16T01:28:43+00:00\" \/>\n<meta property=\"og:image\" content=\"http:\/\/elregionalvm.com.ar\/noticias-villa-maria\/wp-content\/uploads\/2023\/02\/WhatsApp-Image-2023-02-15-at-12.23.11.jpeg\" \/>\n\t<meta property=\"og:image:width\" content=\"899\" \/>\n\t<meta property=\"og:image:height\" content=\"557\" \/>\n\t<meta property=\"og:image:type\" content=\"image\/jpeg\" \/>\n<meta name=\"author\" content=\"Contenidos El Regional\" \/>\n<meta name=\"twitter:card\" content=\"summary_large_image\" \/>\n<meta name=\"twitter:creator\" content=\"@elregionalvm1\" \/>\n<meta name=\"twitter:site\" content=\"@elregionalvm1\" \/>\n<meta name=\"twitter:label1\" content=\"Escrito por\" \/>\n\t<meta name=\"twitter:data1\" content=\"Contenidos El Regional\" \/>\n\t<meta name=\"twitter:label2\" content=\"Tiempo de lectura\" \/>\n\t<meta name=\"twitter:data2\" content=\"1 minuto\" \/>\n<script type=\"application\/ld+json\" class=\"yoast-schema-graph\">{\"@context\":\"https:\/\/schema.org\",\"@graph\":[{\"@type\":\"Article\",\"@id\":\"http:\/\/elregionalvm.com.ar\/noticias-villa-maria\/comenzaron-las-labores-en-distintos-frentes-de-obra-para-la-mejora-de-calles-de-tierra-tras-las-lluvias\/#article\",\"isPartOf\":{\"@id\":\"http:\/\/elregionalvm.com.ar\/noticias-villa-maria\/comenzaron-las-labores-en-distintos-frentes-de-obra-para-la-mejora-de-calles-de-tierra-tras-las-lluvias\/\"},\"author\":{\"name\":\"Contenidos El Regional\",\"@id\":\"http:\/\/elregionalvm.com.ar\/noticias-villa-maria\/#\/schema\/person\/a0fb9c422317faca23d50163151bc354\"},\"headline\":\"Calles de tierra: Realizaron trabajos en distintos frentes de obra para mejorarlas tras las lluvias\",\"datePublished\":\"2023-02-15T22:58:30+00:00\",\"dateModified\":\"2023-02-16T01:28:43+00:00\",\"mainEntityOfPage\":{\"@id\":\"http:\/\/elregionalvm.com.ar\/noticias-villa-maria\/comenzaron-las-labores-en-distintos-frentes-de-obra-para-la-mejora-de-calles-de-tierra-tras-las-lluvias\/\"},\"wordCount\":221,\"commentCount\":0,\"image\":{\"@id\":\"http:\/\/elregionalvm.com.ar\/noticias-villa-maria\/comenzaron-las-labores-en-distintos-frentes-de-obra-para-la-mejora-de-calles-de-tierra-tras-las-lluvias\/#primaryimage\"},\"thumbnailUrl\":\"https:\/\/i0.wp.com\/elregionalvm.com.ar\/noticias-villa-maria\/wp-content\/uploads\/2023\/02\/WhatsApp-Image-2023-02-15-at-12.23.11.jpeg?fit=899%2C557&ssl=1\",\"articleSection\":[\"destacado\",\"Villa Mar\u00eda\"],\"inLanguage\":\"es\",\"potentialAction\":[{\"@type\":\"CommentAction\",\"name\":\"Comment\",\"target\":[\"http:\/\/elregionalvm.com.ar\/noticias-villa-maria\/comenzaron-las-labores-en-distintos-frentes-de-obra-para-la-mejora-de-calles-de-tierra-tras-las-lluvias\/#respond\"]}]},{\"@type\":\"WebPage\",\"@id\":\"http:\/\/elregionalvm.com.ar\/noticias-villa-maria\/comenzaron-las-labores-en-distintos-frentes-de-obra-para-la-mejora-de-calles-de-tierra-tras-las-lluvias\/\",\"url\":\"http:\/\/elregionalvm.com.ar\/noticias-villa-maria\/comenzaron-las-labores-en-distintos-frentes-de-obra-para-la-mejora-de-calles-de-tierra-tras-las-lluvias\/\",\"name\":\"Calles de tierra: Realizaron trabajos en distintos frentes de obra para mejorarlas tras las lluvias - El Regional\",\"isPartOf\":{\"@id\":\"http:\/\/elregionalvm.com.ar\/noticias-villa-maria\/#website\"},\"primaryImageOfPage\":{\"@id\":\"http:\/\/elregionalvm.com.ar\/noticias-villa-maria\/comenzaron-las-labores-en-distintos-frentes-de-obra-para-la-mejora-de-calles-de-tierra-tras-las-lluvias\/#primaryimage\"},\"image\":{\"@id\":\"http:\/\/elregionalvm.com.ar\/noticias-villa-maria\/comenzaron-las-labores-en-distintos-frentes-de-obra-para-la-mejora-de-calles-de-tierra-tras-las-lluvias\/#primaryimage\"},\"thumbnailUrl\":\"https:\/\/i0.wp.com\/elregionalvm.com.ar\/noticias-villa-maria\/wp-content\/uploads\/2023\/02\/WhatsApp-Image-2023-02-15-at-12.23.11.jpeg?fit=899%2C557&ssl=1\",\"datePublished\":\"2023-02-15T22:58:30+00:00\",\"dateModified\":\"2023-02-16T01:28:43+00:00\",\"author\":{\"@id\":\"http:\/\/elregionalvm.com.ar\/noticias-villa-maria\/#\/schema\/person\/a0fb9c422317faca23d50163151bc354\"},\"breadcrumb\":{\"@id\":\"http:\/\/elregionalvm.com.ar\/noticias-villa-maria\/comenzaron-las-labores-en-distintos-frentes-de-obra-para-la-mejora-de-calles-de-tierra-tras-las-lluvias\/#breadcrumb\"},\"inLanguage\":\"es\",\"potentialAction\":[{\"@type\":\"ReadAction\",\"target\":[\"http:\/\/elregionalvm.com.ar\/noticias-villa-maria\/comenzaron-las-labores-en-distintos-frentes-de-obra-para-la-mejora-de-calles-de-tierra-tras-las-lluvias\/\"]}]},{\"@type\":\"ImageObject\",\"inLanguage\":\"es\",\"@id\":\"http:\/\/elregionalvm.com.ar\/noticias-villa-maria\/comenzaron-las-labores-en-distintos-frentes-de-obra-para-la-mejora-de-calles-de-tierra-tras-las-lluvias\/#primaryimage\",\"url\":\"https:\/\/i0.wp.com\/elregionalvm.com.ar\/noticias-villa-maria\/wp-content\/uploads\/2023\/02\/WhatsApp-Image-2023-02-15-at-12.23.11.jpeg?fit=899%2C557&ssl=1\",\"contentUrl\":\"https:\/\/i0.wp.com\/elregionalvm.com.ar\/noticias-villa-maria\/wp-content\/uploads\/2023\/02\/WhatsApp-Image-2023-02-15-at-12.23.11.jpeg?fit=899%2C557&ssl=1\",\"width\":899,\"height\":557},{\"@type\":\"BreadcrumbList\",\"@id\":\"http:\/\/elregionalvm.com.ar\/noticias-villa-maria\/comenzaron-las-labores-en-distintos-frentes-de-obra-para-la-mejora-de-calles-de-tierra-tras-las-lluvias\/#breadcrumb\",\"itemListElement\":[{\"@type\":\"ListItem\",\"position\":1,\"name\":\"Portada\",\"item\":\"https:\/\/elregionalvm.com.ar\/noticias-villa-maria\/\"},{\"@type\":\"ListItem\",\"position\":2,\"name\":\"Calles de tierra: Realizaron trabajos en distintos frentes de obra para mejorarlas tras las lluvias\"}]},{\"@type\":\"WebSite\",\"@id\":\"http:\/\/elregionalvm.com.ar\/noticias-villa-maria\/#website\",\"url\":\"http:\/\/elregionalvm.com.ar\/noticias-villa-maria\/\",\"name\":\"El Regional\",\"description\":\"Mucho m\u00e1s que informaci\u00f3n\",\"potentialAction\":[{\"@type\":\"SearchAction\",\"target\":{\"@type\":\"EntryPoint\",\"urlTemplate\":\"http:\/\/elregionalvm.com.ar\/noticias-villa-maria\/?s={search_term_string}\"},\"query-input\":{\"@type\":\"PropertyValueSpecification\",\"valueRequired\":true,\"valueName\":\"search_term_string\"}}],\"inLanguage\":\"es\"},{\"@type\":\"Person\",\"@id\":\"http:\/\/elregionalvm.com.ar\/noticias-villa-maria\/#\/schema\/person\/a0fb9c422317faca23d50163151bc354\",\"name\":\"Contenidos El Regional\",\"image\":{\"@type\":\"ImageObject\",\"inLanguage\":\"es\",\"@id\":\"http:\/\/elregionalvm.com.ar\/noticias-villa-maria\/#\/schema\/person\/image\/\",\"url\":\"https:\/\/secure.gravatar.com\/avatar\/265b27cb2209af7bb3a1318f03305787d7981a5cc6e6cd08fe5a4ecdf99d4b48?s=96&d=mm&r=g\",\"contentUrl\":\"https:\/\/secure.gravatar.com\/avatar\/265b27cb2209af7bb3a1318f03305787d7981a5cc6e6cd08fe5a4ecdf99d4b48?s=96&d=mm&r=g\",\"caption\":\"Contenidos El Regional\"},\"url\":\"https:\/\/elregionalvm.com.ar\/noticias-villa-maria\/author\/contenido\/\"}]}<\/script>\n<!-- \/ Yoast SEO plugin. -->","yoast_head_json":{"title":"Calles de tierra: Realizaron trabajos en distintos frentes de obra para mejorarlas tras las lluvias - El Regional","robots":{"index":"index","follow":"follow","max-snippet":"max-snippet:-1","max-image-preview":"max-image-preview:large","max-video-preview":"max-video-preview:-1"},"canonical":"http:\/\/elregionalvm.com.ar\/noticias-villa-maria\/comenzaron-las-labores-en-distintos-frentes-de-obra-para-la-mejora-de-calles-de-tierra-tras-las-lluvias\/","og_locale":"es_ES","og_type":"article","og_title":"Calles de tierra: Realizaron trabajos en distintos frentes de obra para mejorarlas tras las lluvias - El Regional","og_description":"El municipio puso en marcha el plan de reparaci\u00f3n de arterias de tierra que se vieron afectadas tras las lluvias de los \u00faltimos d\u00edas. De este modo, personal del Corral\u00f3n Municipal trabaja en el acondicionamiento de calles en distintos barrios de la ciudad, donde se ejecutan de modo simult\u00e1neo los frentes de obra. Las labores [&hellip;]","og_url":"http:\/\/elregionalvm.com.ar\/noticias-villa-maria\/comenzaron-las-labores-en-distintos-frentes-de-obra-para-la-mejora-de-calles-de-tierra-tras-las-lluvias\/","og_site_name":"El Regional","article_publisher":"https:\/\/www.facebook.com\/elregionalvm","article_published_time":"2023-02-15T22:58:30+00:00","article_modified_time":"2023-02-16T01:28:43+00:00","og_image":[{"width":899,"height":557,"url":"http:\/\/elregionalvm.com.ar\/noticias-villa-maria\/wp-content\/uploads\/2023\/02\/WhatsApp-Image-2023-02-15-at-12.23.11.jpeg","type":"image\/jpeg"}],"author":"Contenidos El Regional","twitter_card":"summary_large_image","twitter_creator":"@elregionalvm1","twitter_site":"@elregionalvm1","twitter_misc":{"Escrito por":"Contenidos El Regional","Tiempo de lectura":"1 minuto"},"schema":{"@context":"https:\/\/schema.org","@graph":[{"@type":"Article","@id":"http:\/\/elregionalvm.com.ar\/noticias-villa-maria\/comenzaron-las-labores-en-distintos-frentes-de-obra-para-la-mejora-de-calles-de-tierra-tras-las-lluvias\/#article","isPartOf":{"@id":"http:\/\/elregionalvm.com.ar\/noticias-villa-maria\/comenzaron-las-labores-en-distintos-frentes-de-obra-para-la-mejora-de-calles-de-tierra-tras-las-lluvias\/"},"author":{"name":"Contenidos El Regional","@id":"http:\/\/elregionalvm.com.ar\/noticias-villa-maria\/#\/schema\/person\/a0fb9c422317faca23d50163151bc354"},"headline":"Calles de tierra: Realizaron trabajos en distintos frentes de obra para mejorarlas tras las lluvias","datePublished":"2023-02-15T22:58:30+00:00","dateModified":"2023-02-16T01:28:43+00:00","mainEntityOfPage":{"@id":"http:\/\/elregionalvm.com.ar\/noticias-villa-maria\/comenzaron-las-labores-en-distintos-frentes-de-obra-para-la-mejora-de-calles-de-tierra-tras-las-lluvias\/"},"wordCount":221,"commentCount":0,"image":{"@id":"http:\/\/elregionalvm.com.ar\/noticias-villa-maria\/comenzaron-las-labores-en-distintos-frentes-de-obra-para-la-mejora-de-calles-de-tierra-tras-las-lluvias\/#primaryimage"},"thumbnailUrl":"https:\/\/i0.wp.com\/elregionalvm.com.ar\/noticias-villa-maria\/wp-content\/uploads\/2023\/02\/WhatsApp-Image-2023-02-15-at-12.23.11.jpeg?fit=899%2C557&ssl=1","articleSection":["destacado","Villa Mar\u00eda"],"inLanguage":"es","potentialAction":[{"@type":"CommentAction","name":"Comment","target":["http:\/\/elregionalvm.com.ar\/noticias-villa-maria\/comenzaron-las-labores-en-distintos-frentes-de-obra-para-la-mejora-de-calles-de-tierra-tras-las-lluvias\/#respond"]}]},{"@type":"WebPage","@id":"http:\/\/elregionalvm.com.ar\/noticias-villa-maria\/comenzaron-las-labores-en-distintos-frentes-de-obra-para-la-mejora-de-calles-de-tierra-tras-las-lluvias\/","url":"http:\/\/elregionalvm.com.ar\/noticias-villa-maria\/comenzaron-las-labores-en-distintos-frentes-de-obra-para-la-mejora-de-calles-de-tierra-tras-las-lluvias\/","name":"Calles de tierra: Realizaron trabajos en distintos frentes de obra para mejorarlas tras las lluvias - El Regional","isPartOf":{"@id":"http:\/\/elregionalvm.com.ar\/noticias-villa-maria\/#website"},"primaryImageOfPage":{"@id":"http:\/\/elregionalvm.com.ar\/noticias-villa-maria\/comenzaron-las-labores-en-distintos-frentes-de-obra-para-la-mejora-de-calles-de-tierra-tras-las-lluvias\/#primaryimage"},"image":{"@id":"http:\/\/elregionalvm.com.ar\/noticias-villa-maria\/comenzaron-las-labores-en-distintos-frentes-de-obra-para-la-mejora-de-calles-de-tierra-tras-las-lluvias\/#primaryimage"},"thumbnailUrl":"https:\/\/i0.wp.com\/elregionalvm.com.ar\/noticias-villa-maria\/wp-content\/uploads\/2023\/02\/WhatsApp-Image-2023-02-15-at-12.23.11.jpeg?fit=899%2C557&ssl=1","datePublished":"2023-02-15T22:58:30+00:00","dateModified":"2023-02-16T01:28:43+00:00","author":{"@id":"http:\/\/elregionalvm.com.ar\/noticias-villa-maria\/#\/schema\/person\/a0fb9c422317faca23d50163151bc354"},"breadcrumb":{"@id":"http:\/\/elregionalvm.com.ar\/noticias-villa-maria\/comenzaron-las-labores-en-distintos-frentes-de-obra-para-la-mejora-de-calles-de-tierra-tras-las-lluvias\/#breadcrumb"},"inLanguage":"es","potentialAction":[{"@type":"ReadAction","target":["http:\/\/elregionalvm.com.ar\/noticias-villa-maria\/comenzaron-las-labores-en-distintos-frentes-de-obra-para-la-mejora-de-calles-de-tierra-tras-las-lluvias\/"]}]},{"@type":"ImageObject","inLanguage":"es","@id":"http:\/\/elregionalvm.com.ar\/noticias-villa-maria\/comenzaron-las-labores-en-distintos-frentes-de-obra-para-la-mejora-de-calles-de-tierra-tras-las-lluvias\/#primaryimage","url":"https:\/\/i0.wp.com\/elregionalvm.com.ar\/noticias-villa-maria\/wp-content\/uploads\/2023\/02\/WhatsApp-Image-2023-02-15-at-12.23.11.jpeg?fit=899%2C557&ssl=1","contentUrl":"https:\/\/i0.wp.com\/elregionalvm.com.ar\/noticias-villa-maria\/wp-content\/uploads\/2023\/02\/WhatsApp-Image-2023-02-15-at-12.23.11.jpeg?fit=899%2C557&ssl=1","width":899,"height":557},{"@type":"BreadcrumbList","@id":"http:\/\/elregionalvm.com.ar\/noticias-villa-maria\/comenzaron-las-labores-en-distintos-frentes-de-obra-para-la-mejora-de-calles-de-tierra-tras-las-lluvias\/#breadcrumb","itemListElement":[{"@type":"ListItem","position":1,"name":"Portada","item":"https:\/\/elregionalvm.com.ar\/noticias-villa-maria\/"},{"@type":"ListItem","position":2,"name":"Calles de tierra: Realizaron trabajos en distintos frentes de obra para mejorarlas tras las lluvias"}]},{"@type":"WebSite","@id":"http:\/\/elregionalvm.com.ar\/noticias-villa-maria\/#website","url":"http:\/\/elregionalvm.com.ar\/noticias-villa-maria\/","name":"El Regional","description":"Mucho m\u00e1s que informaci\u00f3n","potentialAction":[{"@type":"SearchAction","target":{"@type":"EntryPoint","urlTemplate":"http:\/\/elregionalvm.com.ar\/noticias-villa-maria\/?s={search_term_string}"},"query-input":{"@type":"PropertyValueSpecification","valueRequired":true,"valueName":"search_term_string"}}],"inLanguage":"es"},{"@type":"Person","@id":"http:\/\/elregionalvm.com.ar\/noticias-villa-maria\/#\/schema\/person\/a0fb9c422317faca23d50163151bc354","name":"Contenidos El Regional","image":{"@type":"ImageObject","inLanguage":"es","@id":"http:\/\/elregionalvm.com.ar\/noticias-villa-maria\/#\/schema\/person\/image\/","url":"https:\/\/secure.gravatar.com\/avatar\/265b27cb2209af7bb3a1318f03305787d7981a5cc6e6cd08fe5a4ecdf99d4b48?s=96&d=mm&r=g","contentUrl":"https:\/\/secure.gravatar.com\/avatar\/265b27cb2209af7bb3a1318f03305787d7981a5cc6e6cd08fe5a4ecdf99d4b48?s=96&d=mm&r=g","caption":"Contenidos El Regional"},"url":"https:\/\/elregionalvm.com.ar\/noticias-villa-maria\/author\/contenido\/"}]}},"jetpack_featured_media_url":"https:\/\/i0.wp.com\/elregionalvm.com.ar\/noticias-villa-maria\/wp-content\/uploads\/2023\/02\/WhatsApp-Image-2023-02-15-at-12.23.11.jpeg?fit=899%2C557&ssl=1","jetpack_sharing_enabled":true,"_links":{"self":[{"href":"https:\/\/elregionalvm.com.ar\/noticias-villa-maria\/wp-json\/wp\/v2\/posts\/71798","targetHints":{"allow":["GET"]}}],"collection":[{"href":"https:\/\/elregionalvm.com.ar\/noticias-villa-maria\/wp-json\/wp\/v2\/posts"}],"about":[{"href":"https:\/\/elregionalvm.com.ar\/noticias-villa-maria\/wp-json\/wp\/v2\/types\/post"}],"author":[{"embeddable":true,"href":"https:\/\/elregionalvm.com.ar\/noticias-villa-maria\/wp-json\/wp\/v2\/users\/4"}],"replies":[{"embeddable":true,"href":"https:\/\/elregionalvm.com.ar\/noticias-villa-maria\/wp-json\/wp\/v2\/comments?post=71798"}],"version-history":[{"count":2,"href":"https:\/\/elregionalvm.com.ar\/noticias-villa-maria\/wp-json\/wp\/v2\/posts\/71798\/revisions"}],"predecessor-version":[{"id":71812,"href":"https:\/\/elregionalvm.com.ar\/noticias-villa-maria\/wp-json\/wp\/v2\/posts\/71798\/revisions\/71812"}],"wp:featuredmedia":[{"embeddable":true,"href":"https:\/\/elregionalvm.com.ar\/noticias-villa-maria\/wp-json\/wp\/v2\/media\/71799"}],"wp:attachment":[{"href":"https:\/\/elregionalvm.com.ar\/noticias-villa-maria\/wp-json\/wp\/v2\/media?parent=71798"}],"wp:term":[{"taxonomy":"category","embeddable":true,"href":"https:\/\/elregionalvm.com.ar\/noticias-villa-maria\/wp-json\/wp\/v2\/categories?post=71798"},{"taxonomy":"post_tag","embeddable":true,"href":"https:\/\/elregionalvm.com.ar\/noticias-villa-maria\/wp-json\/wp\/v2\/tags?post=71798"}],"curies":[{"name":"wp","href":"https:\/\/api.w.org\/{rel}","templated":true}]}}