{"id":71804,"date":"2023-02-15T23:43:25","date_gmt":"2023-02-15T23:43:25","guid":{"rendered":"https:\/\/elregionalvm.com.ar\/noticias-villa-maria\/?p=71804"},"modified":"2023-02-16T01:27:11","modified_gmt":"2023-02-16T01:27:11","slug":"costa-explota-el-intendente-de-la-ciudad-martin-gill-brindo-una-conferencia-por-la-sexta-edicion","status":"publish","type":"post","link":"https:\/\/elregionalvm.com.ar\/noticias-villa-maria\/costa-explota-el-intendente-de-la-ciudad-martin-gill-brindo-una-conferencia-por-la-sexta-edicion\/","title":{"rendered":"Costa Explota: Mart\u00edn Gill present\u00f3 la Sexta Edici\u00f3n del evento"},"content":{"rendered":"\n<p>Previo al cierre de la 55\u00b0 edici\u00f3n del Festival Internacional de Pe\u00f1as que tuvo lugar durante la velada de anoche, el intendente Mart\u00edn Gill dialog\u00f3 con la prensa e hizo un repaso por las diversas propuestas que reunir\u00e1 el Costa Explota en su nueva edici\u00f3n. A la par del secretario de Educaci\u00f3n, Cultura y Promoci\u00f3n de la Ciencia, Rafael Sachetto, brind\u00f3 detalles sobre la iniciativa cultural que llegar\u00e1 a la Costanera a partir del pr\u00f3ximo viernes y hasta el 21 de febrero.<\/p>\n\n\n\n<p>En este marco, el jefe comunal se\u00f1al\u00f3 que \u201cel Escenario Rub\u00e9n Vanzetti se prepara para recibir a las distintas propuestas culturales que llegar\u00e1n de la mano de 35 grupos de artistas locales que podremos disfrutar durante las cinco noches del festival\u201d. En este sentido, detall\u00f3 que \u201cgrandes y chicos podr\u00e1n disfrutar de un gran abanico de g\u00e9neros musicales, obras de teatro, danza, Dj\u2019s en vivo y proyecciones audiovisuales pensadas para todas las edades\u201d.<\/p>\n\n\n\n<p>Asimismo, el intendente apunt\u00f3 que \u201cCosta Explota se trata de una iniciativa que naci\u00f3 de manera conjunta entre el municipio y la Universidad Nacional de Villa Mar\u00eda (UNVM), el cual hasta el momento se hab\u00eda desarrollado a la par del Festival de Pe\u00f1as\u201d. \u201cEste a\u00f1o, tendr\u00e1 la particularidad de consagrarse como un fecha consolidada en el calendario de manera independiente, invitando a toda la comunidad a ser parte\u201d.<\/p>\n\n\n\n<p>Al tomar la palabra, el titular de la cartera de Educaci\u00f3n, a la par de la responsable de la Coordinaci\u00f3n de Programas Culturales, Virginia Reyneri, indic\u00f3 que \u201cesta nueva fecha fue pensada a los fines de proponerle a la ciudad una continuidad en la celebraci\u00f3n de la m\u00fasica\u201d. Adem\u00e1s, destac\u00f3 que \u201cse trata de una gran inversi\u00f3n por parte del municipio, que apuesta al arte como trabajo de la mano de grandes artistas locales que nos brindar\u00e1n excelentes puestas en escena y de alt\u00edsima calidad\u201d.<\/p>\n\n\n\n<p>Cabe recordar que el evento cultural comenzar\u00e1 cada noche a partir de las 20:00 horas, reuniendo en cada una de las veladas una destacada grilla de artistas independientes, elencos y grupos que resultaron seleccionados tras la convocatoria. Adem\u00e1s, durante las \u00faltimas dos veladas se contar\u00e1 con la participaci\u00f3n de Rayos L\u00e1ser, quienes pasar\u00e1n por el escenario el lunes 20, para dar lugar al d\u00eda siguiente a Bruno Arias, como parte de los invitados especiales a trav\u00e9s del Ministerio de Cultura de la Naci\u00f3n.<\/p>\n\n\n\n<p>Es oportuno destacar que como en cada edici\u00f3n, las propuestas fueron seleccionadas por un jurado compuesto por miembros y representantes de cada una de las entidades abocadas a la iniciativa. En este sentido, se cont\u00f3 con la participaci\u00f3n de miembros de la UNVM, Unimuv, CoDj, CoTeAu y Apac.<\/p>\n\n\n\n<p>La grilla<\/p>\n\n\n\n<p>Viernes 17: DJ Ans, Ruca, Villa Mar\u00eda Tango, Piquillin Ensamble, Anne Cardoso. Por su parte, por artes esc\u00e9nicas estar\u00e1 present\u00e1ndose \u201cHay que saberla bailar\u201d, a cargo de El arrabal de la Villa; y la proyecci\u00f3n audiovisual \u201cRa\u00edces Episodio 1\u201d, de Edisson Sapacesi Ferro.<\/p>\n\n\n\n<p>S\u00e1bado 18: Dj Arte Missa, Sol Giordano, Chaos Pantheon, Koko Mc y La Big Selecta, y Humanum. Por su parte, por artes esc\u00e9nicas estar\u00e1 present\u00e1ndose Feeling, una propuesta de danza a cargo de F\u00e9minas; y se proyectar\u00e1 el film \u201cDonde Todo Nace\u201d, de Candela Roulier,<\/p>\n\n\n\n<p>Domingo 19: DJ Ellabrunna, Quinl\u00fa y el achicador de toboganes, Lucas G\u00f3mez Proyec, Hombre Gris, Letra Chica, Fuzion, y la proyecci\u00f3n Audiovisual titulada \u201cDesde Adentro\u201d, de Otro Plan Film.<\/p>\n\n\n\n<p>Lunes 20: DJ Uriel Der Freie, m\u00fasica a cargo de Romi Pizarro, Clayson Ha, Madre Chicha, Flor de Cumbia y Rayos L\u00e1ser. Por su parte, se presentar\u00e1 la obra de danza \u201cCruella\u201d, a cargo de Talento Academ\u00eda de danza, y el film \u201cTu \u00d3rbita\u201d, de T\u00e1ndem Audiovisual.<\/p>\n\n\n\n<p><\/p>\n\n\n\n<p><\/p>\n\n\n\n<p><\/p>\n","protected":false},"excerpt":{"rendered":"<p>Previo al cierre de la 55\u00b0 edici\u00f3n del Festival Internacional de Pe\u00f1as que tuvo lugar durante la velada de anoche, el intendente Mart\u00edn Gill dialog\u00f3 con la prensa e hizo un repaso por las diversas propuestas que reunir\u00e1 el Costa Explota en su nueva edici\u00f3n. A la par del secretario de Educaci\u00f3n, Cultura y Promoci\u00f3n [&hellip;]<\/p>\n","protected":false},"author":4,"featured_media":71806,"comment_status":"open","ping_status":"open","sticky":false,"template":"","format":"standard","meta":{"site-sidebar-layout":"default","site-content-layout":"","ast-site-content-layout":"default","site-content-style":"default","site-sidebar-style":"default","ast-global-header-display":"","ast-banner-title-visibility":"","ast-main-header-display":"","ast-hfb-above-header-display":"","ast-hfb-below-header-display":"","ast-hfb-mobile-header-display":"","site-post-title":"","ast-breadcrumbs-content":"","ast-featured-img":"","footer-sml-layout":"","ast-disable-related-posts":"","theme-transparent-header-meta":"","adv-header-id-meta":"","stick-header-meta":"","header-above-stick-meta":"","header-main-stick-meta":"","header-below-stick-meta":"","astra-migrate-meta-layouts":"default","ast-page-background-enabled":"default","ast-page-background-meta":{"desktop":{"background-color":"","background-image":"","background-repeat":"repeat","background-position":"center center","background-size":"auto","background-attachment":"scroll","background-type":"","background-media":"","overlay-type":"","overlay-color":"","overlay-opacity":"","overlay-gradient":""},"tablet":{"background-color":"","background-image":"","background-repeat":"repeat","background-position":"center center","background-size":"auto","background-attachment":"scroll","background-type":"","background-media":"","overlay-type":"","overlay-color":"","overlay-opacity":"","overlay-gradient":""},"mobile":{"background-color":"","background-image":"","background-repeat":"repeat","background-position":"center center","background-size":"auto","background-attachment":"scroll","background-type":"","background-media":"","overlay-type":"","overlay-color":"","overlay-opacity":"","overlay-gradient":""}},"ast-content-background-meta":{"desktop":{"background-color":"var(--ast-global-color-5)","background-image":"","background-repeat":"repeat","background-position":"center center","background-size":"auto","background-attachment":"scroll","background-type":"","background-media":"","overlay-type":"","overlay-color":"","overlay-opacity":"","overlay-gradient":""},"tablet":{"background-color":"var(--ast-global-color-5)","background-image":"","background-repeat":"repeat","background-position":"center center","background-size":"auto","background-attachment":"scroll","background-type":"","background-media":"","overlay-type":"","overlay-color":"","overlay-opacity":"","overlay-gradient":""},"mobile":{"background-color":"var(--ast-global-color-5)","background-image":"","background-repeat":"repeat","background-position":"center center","background-size":"auto","background-attachment":"scroll","background-type":"","background-media":"","overlay-type":"","overlay-color":"","overlay-opacity":"","overlay-gradient":""}},"_jetpack_memberships_contains_paid_content":false,"_joinchat":[],"footnotes":""},"categories":[15302,1],"tags":[],"class_list":["post-71804","post","type-post","status-publish","format-standard","has-post-thumbnail","hentry","category-destacado","category-sin-categoria"],"yoast_head":"<!-- This site is optimized with the Yoast SEO plugin v26.8 - https:\/\/yoast.com\/product\/yoast-seo-wordpress\/ -->\n<title>Costa Explota: Mart\u00edn Gill present\u00f3 la Sexta Edici\u00f3n del evento - El Regional<\/title>\n<meta name=\"robots\" content=\"index, follow, max-snippet:-1, max-image-preview:large, max-video-preview:-1\" \/>\n<link rel=\"canonical\" href=\"http:\/\/elregionalvm.com.ar\/noticias-villa-maria\/costa-explota-el-intendente-de-la-ciudad-martin-gill-brindo-una-conferencia-por-la-sexta-edicion\/\" \/>\n<meta property=\"og:locale\" content=\"es_ES\" \/>\n<meta property=\"og:type\" content=\"article\" \/>\n<meta property=\"og:title\" content=\"Costa Explota: Mart\u00edn Gill present\u00f3 la Sexta Edici\u00f3n del evento - El Regional\" \/>\n<meta property=\"og:description\" content=\"Previo al cierre de la 55\u00b0 edici\u00f3n del Festival Internacional de Pe\u00f1as que tuvo lugar durante la velada de anoche, el intendente Mart\u00edn Gill dialog\u00f3 con la prensa e hizo un repaso por las diversas propuestas que reunir\u00e1 el Costa Explota en su nueva edici\u00f3n. A la par del secretario de Educaci\u00f3n, Cultura y Promoci\u00f3n [&hellip;]\" \/>\n<meta property=\"og:url\" content=\"http:\/\/elregionalvm.com.ar\/noticias-villa-maria\/costa-explota-el-intendente-de-la-ciudad-martin-gill-brindo-una-conferencia-por-la-sexta-edicion\/\" \/>\n<meta property=\"og:site_name\" content=\"El Regional\" \/>\n<meta property=\"article:publisher\" content=\"https:\/\/www.facebook.com\/elregionalvm\" \/>\n<meta property=\"article:published_time\" content=\"2023-02-15T23:43:25+00:00\" \/>\n<meta property=\"article:modified_time\" content=\"2023-02-16T01:27:11+00:00\" \/>\n<meta property=\"og:image\" content=\"http:\/\/elregionalvm.com.ar\/noticias-villa-maria\/wp-content\/uploads\/2023\/02\/WhatsApp-Image-2023-02-14-at-23.18.20.jpeg\" \/>\n\t<meta property=\"og:image:width\" content=\"1280\" \/>\n\t<meta property=\"og:image:height\" content=\"720\" \/>\n\t<meta property=\"og:image:type\" content=\"image\/jpeg\" \/>\n<meta name=\"author\" content=\"Contenidos El Regional\" \/>\n<meta name=\"twitter:card\" content=\"summary_large_image\" \/>\n<meta name=\"twitter:creator\" content=\"@elregionalvm1\" \/>\n<meta name=\"twitter:site\" content=\"@elregionalvm1\" \/>\n<meta name=\"twitter:label1\" content=\"Escrito por\" \/>\n\t<meta name=\"twitter:data1\" content=\"Contenidos El Regional\" \/>\n\t<meta name=\"twitter:label2\" content=\"Tiempo de lectura\" \/>\n\t<meta name=\"twitter:data2\" content=\"3 minutos\" \/>\n<script type=\"application\/ld+json\" class=\"yoast-schema-graph\">{\"@context\":\"https:\/\/schema.org\",\"@graph\":[{\"@type\":\"Article\",\"@id\":\"http:\/\/elregionalvm.com.ar\/noticias-villa-maria\/costa-explota-el-intendente-de-la-ciudad-martin-gill-brindo-una-conferencia-por-la-sexta-edicion\/#article\",\"isPartOf\":{\"@id\":\"http:\/\/elregionalvm.com.ar\/noticias-villa-maria\/costa-explota-el-intendente-de-la-ciudad-martin-gill-brindo-una-conferencia-por-la-sexta-edicion\/\"},\"author\":{\"name\":\"Contenidos El Regional\",\"@id\":\"http:\/\/elregionalvm.com.ar\/noticias-villa-maria\/#\/schema\/person\/a0fb9c422317faca23d50163151bc354\"},\"headline\":\"Costa Explota: Mart\u00edn Gill present\u00f3 la Sexta Edici\u00f3n del evento\",\"datePublished\":\"2023-02-15T23:43:25+00:00\",\"dateModified\":\"2023-02-16T01:27:11+00:00\",\"mainEntityOfPage\":{\"@id\":\"http:\/\/elregionalvm.com.ar\/noticias-villa-maria\/costa-explota-el-intendente-de-la-ciudad-martin-gill-brindo-una-conferencia-por-la-sexta-edicion\/\"},\"wordCount\":656,\"commentCount\":0,\"image\":{\"@id\":\"http:\/\/elregionalvm.com.ar\/noticias-villa-maria\/costa-explota-el-intendente-de-la-ciudad-martin-gill-brindo-una-conferencia-por-la-sexta-edicion\/#primaryimage\"},\"thumbnailUrl\":\"https:\/\/i0.wp.com\/elregionalvm.com.ar\/noticias-villa-maria\/wp-content\/uploads\/2023\/02\/WhatsApp-Image-2023-02-14-at-23.18.20.jpeg?fit=1280%2C720&ssl=1\",\"articleSection\":[\"destacado\"],\"inLanguage\":\"es\",\"potentialAction\":[{\"@type\":\"CommentAction\",\"name\":\"Comment\",\"target\":[\"http:\/\/elregionalvm.com.ar\/noticias-villa-maria\/costa-explota-el-intendente-de-la-ciudad-martin-gill-brindo-una-conferencia-por-la-sexta-edicion\/#respond\"]}]},{\"@type\":\"WebPage\",\"@id\":\"http:\/\/elregionalvm.com.ar\/noticias-villa-maria\/costa-explota-el-intendente-de-la-ciudad-martin-gill-brindo-una-conferencia-por-la-sexta-edicion\/\",\"url\":\"http:\/\/elregionalvm.com.ar\/noticias-villa-maria\/costa-explota-el-intendente-de-la-ciudad-martin-gill-brindo-una-conferencia-por-la-sexta-edicion\/\",\"name\":\"Costa Explota: Mart\u00edn Gill present\u00f3 la Sexta Edici\u00f3n del evento - El Regional\",\"isPartOf\":{\"@id\":\"http:\/\/elregionalvm.com.ar\/noticias-villa-maria\/#website\"},\"primaryImageOfPage\":{\"@id\":\"http:\/\/elregionalvm.com.ar\/noticias-villa-maria\/costa-explota-el-intendente-de-la-ciudad-martin-gill-brindo-una-conferencia-por-la-sexta-edicion\/#primaryimage\"},\"image\":{\"@id\":\"http:\/\/elregionalvm.com.ar\/noticias-villa-maria\/costa-explota-el-intendente-de-la-ciudad-martin-gill-brindo-una-conferencia-por-la-sexta-edicion\/#primaryimage\"},\"thumbnailUrl\":\"https:\/\/i0.wp.com\/elregionalvm.com.ar\/noticias-villa-maria\/wp-content\/uploads\/2023\/02\/WhatsApp-Image-2023-02-14-at-23.18.20.jpeg?fit=1280%2C720&ssl=1\",\"datePublished\":\"2023-02-15T23:43:25+00:00\",\"dateModified\":\"2023-02-16T01:27:11+00:00\",\"author\":{\"@id\":\"http:\/\/elregionalvm.com.ar\/noticias-villa-maria\/#\/schema\/person\/a0fb9c422317faca23d50163151bc354\"},\"breadcrumb\":{\"@id\":\"http:\/\/elregionalvm.com.ar\/noticias-villa-maria\/costa-explota-el-intendente-de-la-ciudad-martin-gill-brindo-una-conferencia-por-la-sexta-edicion\/#breadcrumb\"},\"inLanguage\":\"es\",\"potentialAction\":[{\"@type\":\"ReadAction\",\"target\":[\"http:\/\/elregionalvm.com.ar\/noticias-villa-maria\/costa-explota-el-intendente-de-la-ciudad-martin-gill-brindo-una-conferencia-por-la-sexta-edicion\/\"]}]},{\"@type\":\"ImageObject\",\"inLanguage\":\"es\",\"@id\":\"http:\/\/elregionalvm.com.ar\/noticias-villa-maria\/costa-explota-el-intendente-de-la-ciudad-martin-gill-brindo-una-conferencia-por-la-sexta-edicion\/#primaryimage\",\"url\":\"https:\/\/i0.wp.com\/elregionalvm.com.ar\/noticias-villa-maria\/wp-content\/uploads\/2023\/02\/WhatsApp-Image-2023-02-14-at-23.18.20.jpeg?fit=1280%2C720&ssl=1\",\"contentUrl\":\"https:\/\/i0.wp.com\/elregionalvm.com.ar\/noticias-villa-maria\/wp-content\/uploads\/2023\/02\/WhatsApp-Image-2023-02-14-at-23.18.20.jpeg?fit=1280%2C720&ssl=1\",\"width\":1280,\"height\":720},{\"@type\":\"BreadcrumbList\",\"@id\":\"http:\/\/elregionalvm.com.ar\/noticias-villa-maria\/costa-explota-el-intendente-de-la-ciudad-martin-gill-brindo-una-conferencia-por-la-sexta-edicion\/#breadcrumb\",\"itemListElement\":[{\"@type\":\"ListItem\",\"position\":1,\"name\":\"Portada\",\"item\":\"https:\/\/elregionalvm.com.ar\/noticias-villa-maria\/\"},{\"@type\":\"ListItem\",\"position\":2,\"name\":\"Costa Explota: Mart\u00edn Gill present\u00f3 la Sexta Edici\u00f3n del evento\"}]},{\"@type\":\"WebSite\",\"@id\":\"http:\/\/elregionalvm.com.ar\/noticias-villa-maria\/#website\",\"url\":\"http:\/\/elregionalvm.com.ar\/noticias-villa-maria\/\",\"name\":\"El Regional\",\"description\":\"Mucho m\u00e1s que informaci\u00f3n\",\"potentialAction\":[{\"@type\":\"SearchAction\",\"target\":{\"@type\":\"EntryPoint\",\"urlTemplate\":\"http:\/\/elregionalvm.com.ar\/noticias-villa-maria\/?s={search_term_string}\"},\"query-input\":{\"@type\":\"PropertyValueSpecification\",\"valueRequired\":true,\"valueName\":\"search_term_string\"}}],\"inLanguage\":\"es\"},{\"@type\":\"Person\",\"@id\":\"http:\/\/elregionalvm.com.ar\/noticias-villa-maria\/#\/schema\/person\/a0fb9c422317faca23d50163151bc354\",\"name\":\"Contenidos El Regional\",\"image\":{\"@type\":\"ImageObject\",\"inLanguage\":\"es\",\"@id\":\"http:\/\/elregionalvm.com.ar\/noticias-villa-maria\/#\/schema\/person\/image\/\",\"url\":\"https:\/\/secure.gravatar.com\/avatar\/265b27cb2209af7bb3a1318f03305787d7981a5cc6e6cd08fe5a4ecdf99d4b48?s=96&d=mm&r=g\",\"contentUrl\":\"https:\/\/secure.gravatar.com\/avatar\/265b27cb2209af7bb3a1318f03305787d7981a5cc6e6cd08fe5a4ecdf99d4b48?s=96&d=mm&r=g\",\"caption\":\"Contenidos El Regional\"},\"url\":\"https:\/\/elregionalvm.com.ar\/noticias-villa-maria\/author\/contenido\/\"}]}<\/script>\n<!-- \/ Yoast SEO plugin. -->","yoast_head_json":{"title":"Costa Explota: Mart\u00edn Gill present\u00f3 la Sexta Edici\u00f3n del evento - El Regional","robots":{"index":"index","follow":"follow","max-snippet":"max-snippet:-1","max-image-preview":"max-image-preview:large","max-video-preview":"max-video-preview:-1"},"canonical":"http:\/\/elregionalvm.com.ar\/noticias-villa-maria\/costa-explota-el-intendente-de-la-ciudad-martin-gill-brindo-una-conferencia-por-la-sexta-edicion\/","og_locale":"es_ES","og_type":"article","og_title":"Costa Explota: Mart\u00edn Gill present\u00f3 la Sexta Edici\u00f3n del evento - El Regional","og_description":"Previo al cierre de la 55\u00b0 edici\u00f3n del Festival Internacional de Pe\u00f1as que tuvo lugar durante la velada de anoche, el intendente Mart\u00edn Gill dialog\u00f3 con la prensa e hizo un repaso por las diversas propuestas que reunir\u00e1 el Costa Explota en su nueva edici\u00f3n. A la par del secretario de Educaci\u00f3n, Cultura y Promoci\u00f3n [&hellip;]","og_url":"http:\/\/elregionalvm.com.ar\/noticias-villa-maria\/costa-explota-el-intendente-de-la-ciudad-martin-gill-brindo-una-conferencia-por-la-sexta-edicion\/","og_site_name":"El Regional","article_publisher":"https:\/\/www.facebook.com\/elregionalvm","article_published_time":"2023-02-15T23:43:25+00:00","article_modified_time":"2023-02-16T01:27:11+00:00","og_image":[{"width":1280,"height":720,"url":"http:\/\/elregionalvm.com.ar\/noticias-villa-maria\/wp-content\/uploads\/2023\/02\/WhatsApp-Image-2023-02-14-at-23.18.20.jpeg","type":"image\/jpeg"}],"author":"Contenidos El Regional","twitter_card":"summary_large_image","twitter_creator":"@elregionalvm1","twitter_site":"@elregionalvm1","twitter_misc":{"Escrito por":"Contenidos El Regional","Tiempo de lectura":"3 minutos"},"schema":{"@context":"https:\/\/schema.org","@graph":[{"@type":"Article","@id":"http:\/\/elregionalvm.com.ar\/noticias-villa-maria\/costa-explota-el-intendente-de-la-ciudad-martin-gill-brindo-una-conferencia-por-la-sexta-edicion\/#article","isPartOf":{"@id":"http:\/\/elregionalvm.com.ar\/noticias-villa-maria\/costa-explota-el-intendente-de-la-ciudad-martin-gill-brindo-una-conferencia-por-la-sexta-edicion\/"},"author":{"name":"Contenidos El Regional","@id":"http:\/\/elregionalvm.com.ar\/noticias-villa-maria\/#\/schema\/person\/a0fb9c422317faca23d50163151bc354"},"headline":"Costa Explota: Mart\u00edn Gill present\u00f3 la Sexta Edici\u00f3n del evento","datePublished":"2023-02-15T23:43:25+00:00","dateModified":"2023-02-16T01:27:11+00:00","mainEntityOfPage":{"@id":"http:\/\/elregionalvm.com.ar\/noticias-villa-maria\/costa-explota-el-intendente-de-la-ciudad-martin-gill-brindo-una-conferencia-por-la-sexta-edicion\/"},"wordCount":656,"commentCount":0,"image":{"@id":"http:\/\/elregionalvm.com.ar\/noticias-villa-maria\/costa-explota-el-intendente-de-la-ciudad-martin-gill-brindo-una-conferencia-por-la-sexta-edicion\/#primaryimage"},"thumbnailUrl":"https:\/\/i0.wp.com\/elregionalvm.com.ar\/noticias-villa-maria\/wp-content\/uploads\/2023\/02\/WhatsApp-Image-2023-02-14-at-23.18.20.jpeg?fit=1280%2C720&ssl=1","articleSection":["destacado"],"inLanguage":"es","potentialAction":[{"@type":"CommentAction","name":"Comment","target":["http:\/\/elregionalvm.com.ar\/noticias-villa-maria\/costa-explota-el-intendente-de-la-ciudad-martin-gill-brindo-una-conferencia-por-la-sexta-edicion\/#respond"]}]},{"@type":"WebPage","@id":"http:\/\/elregionalvm.com.ar\/noticias-villa-maria\/costa-explota-el-intendente-de-la-ciudad-martin-gill-brindo-una-conferencia-por-la-sexta-edicion\/","url":"http:\/\/elregionalvm.com.ar\/noticias-villa-maria\/costa-explota-el-intendente-de-la-ciudad-martin-gill-brindo-una-conferencia-por-la-sexta-edicion\/","name":"Costa Explota: Mart\u00edn Gill present\u00f3 la Sexta Edici\u00f3n del evento - El Regional","isPartOf":{"@id":"http:\/\/elregionalvm.com.ar\/noticias-villa-maria\/#website"},"primaryImageOfPage":{"@id":"http:\/\/elregionalvm.com.ar\/noticias-villa-maria\/costa-explota-el-intendente-de-la-ciudad-martin-gill-brindo-una-conferencia-por-la-sexta-edicion\/#primaryimage"},"image":{"@id":"http:\/\/elregionalvm.com.ar\/noticias-villa-maria\/costa-explota-el-intendente-de-la-ciudad-martin-gill-brindo-una-conferencia-por-la-sexta-edicion\/#primaryimage"},"thumbnailUrl":"https:\/\/i0.wp.com\/elregionalvm.com.ar\/noticias-villa-maria\/wp-content\/uploads\/2023\/02\/WhatsApp-Image-2023-02-14-at-23.18.20.jpeg?fit=1280%2C720&ssl=1","datePublished":"2023-02-15T23:43:25+00:00","dateModified":"2023-02-16T01:27:11+00:00","author":{"@id":"http:\/\/elregionalvm.com.ar\/noticias-villa-maria\/#\/schema\/person\/a0fb9c422317faca23d50163151bc354"},"breadcrumb":{"@id":"http:\/\/elregionalvm.com.ar\/noticias-villa-maria\/costa-explota-el-intendente-de-la-ciudad-martin-gill-brindo-una-conferencia-por-la-sexta-edicion\/#breadcrumb"},"inLanguage":"es","potentialAction":[{"@type":"ReadAction","target":["http:\/\/elregionalvm.com.ar\/noticias-villa-maria\/costa-explota-el-intendente-de-la-ciudad-martin-gill-brindo-una-conferencia-por-la-sexta-edicion\/"]}]},{"@type":"ImageObject","inLanguage":"es","@id":"http:\/\/elregionalvm.com.ar\/noticias-villa-maria\/costa-explota-el-intendente-de-la-ciudad-martin-gill-brindo-una-conferencia-por-la-sexta-edicion\/#primaryimage","url":"https:\/\/i0.wp.com\/elregionalvm.com.ar\/noticias-villa-maria\/wp-content\/uploads\/2023\/02\/WhatsApp-Image-2023-02-14-at-23.18.20.jpeg?fit=1280%2C720&ssl=1","contentUrl":"https:\/\/i0.wp.com\/elregionalvm.com.ar\/noticias-villa-maria\/wp-content\/uploads\/2023\/02\/WhatsApp-Image-2023-02-14-at-23.18.20.jpeg?fit=1280%2C720&ssl=1","width":1280,"height":720},{"@type":"BreadcrumbList","@id":"http:\/\/elregionalvm.com.ar\/noticias-villa-maria\/costa-explota-el-intendente-de-la-ciudad-martin-gill-brindo-una-conferencia-por-la-sexta-edicion\/#breadcrumb","itemListElement":[{"@type":"ListItem","position":1,"name":"Portada","item":"https:\/\/elregionalvm.com.ar\/noticias-villa-maria\/"},{"@type":"ListItem","position":2,"name":"Costa Explota: Mart\u00edn Gill present\u00f3 la Sexta Edici\u00f3n del evento"}]},{"@type":"WebSite","@id":"http:\/\/elregionalvm.com.ar\/noticias-villa-maria\/#website","url":"http:\/\/elregionalvm.com.ar\/noticias-villa-maria\/","name":"El Regional","description":"Mucho m\u00e1s que informaci\u00f3n","potentialAction":[{"@type":"SearchAction","target":{"@type":"EntryPoint","urlTemplate":"http:\/\/elregionalvm.com.ar\/noticias-villa-maria\/?s={search_term_string}"},"query-input":{"@type":"PropertyValueSpecification","valueRequired":true,"valueName":"search_term_string"}}],"inLanguage":"es"},{"@type":"Person","@id":"http:\/\/elregionalvm.com.ar\/noticias-villa-maria\/#\/schema\/person\/a0fb9c422317faca23d50163151bc354","name":"Contenidos El Regional","image":{"@type":"ImageObject","inLanguage":"es","@id":"http:\/\/elregionalvm.com.ar\/noticias-villa-maria\/#\/schema\/person\/image\/","url":"https:\/\/secure.gravatar.com\/avatar\/265b27cb2209af7bb3a1318f03305787d7981a5cc6e6cd08fe5a4ecdf99d4b48?s=96&d=mm&r=g","contentUrl":"https:\/\/secure.gravatar.com\/avatar\/265b27cb2209af7bb3a1318f03305787d7981a5cc6e6cd08fe5a4ecdf99d4b48?s=96&d=mm&r=g","caption":"Contenidos El Regional"},"url":"https:\/\/elregionalvm.com.ar\/noticias-villa-maria\/author\/contenido\/"}]}},"jetpack_featured_media_url":"https:\/\/i0.wp.com\/elregionalvm.com.ar\/noticias-villa-maria\/wp-content\/uploads\/2023\/02\/WhatsApp-Image-2023-02-14-at-23.18.20.jpeg?fit=1280%2C720&ssl=1","jetpack_sharing_enabled":true,"_links":{"self":[{"href":"https:\/\/elregionalvm.com.ar\/noticias-villa-maria\/wp-json\/wp\/v2\/posts\/71804","targetHints":{"allow":["GET"]}}],"collection":[{"href":"https:\/\/elregionalvm.com.ar\/noticias-villa-maria\/wp-json\/wp\/v2\/posts"}],"about":[{"href":"https:\/\/elregionalvm.com.ar\/noticias-villa-maria\/wp-json\/wp\/v2\/types\/post"}],"author":[{"embeddable":true,"href":"https:\/\/elregionalvm.com.ar\/noticias-villa-maria\/wp-json\/wp\/v2\/users\/4"}],"replies":[{"embeddable":true,"href":"https:\/\/elregionalvm.com.ar\/noticias-villa-maria\/wp-json\/wp\/v2\/comments?post=71804"}],"version-history":[{"count":2,"href":"https:\/\/elregionalvm.com.ar\/noticias-villa-maria\/wp-json\/wp\/v2\/posts\/71804\/revisions"}],"predecessor-version":[{"id":71810,"href":"https:\/\/elregionalvm.com.ar\/noticias-villa-maria\/wp-json\/wp\/v2\/posts\/71804\/revisions\/71810"}],"wp:featuredmedia":[{"embeddable":true,"href":"https:\/\/elregionalvm.com.ar\/noticias-villa-maria\/wp-json\/wp\/v2\/media\/71806"}],"wp:attachment":[{"href":"https:\/\/elregionalvm.com.ar\/noticias-villa-maria\/wp-json\/wp\/v2\/media?parent=71804"}],"wp:term":[{"taxonomy":"category","embeddable":true,"href":"https:\/\/elregionalvm.com.ar\/noticias-villa-maria\/wp-json\/wp\/v2\/categories?post=71804"},{"taxonomy":"post_tag","embeddable":true,"href":"https:\/\/elregionalvm.com.ar\/noticias-villa-maria\/wp-json\/wp\/v2\/tags?post=71804"}],"curies":[{"name":"wp","href":"https:\/\/api.w.org\/{rel}","templated":true}]}}