{"id":72400,"date":"2023-02-28T21:24:48","date_gmt":"2023-02-28T21:24:48","guid":{"rendered":"https:\/\/elregionalvm.com.ar\/noticias-villa-maria\/?p=72400"},"modified":"2023-03-06T02:48:53","modified_gmt":"2023-03-06T02:48:53","slug":"nacer-en-casa-la-experiencia-de-eugenia-y-daniel-entre-la-irresponsabilidad-y-el-derecho-a-elegir","status":"publish","type":"post","link":"https:\/\/elregionalvm.com.ar\/noticias-villa-maria\/nacer-en-casa-la-experiencia-de-eugenia-y-daniel-entre-la-irresponsabilidad-y-el-derecho-a-elegir\/","title":{"rendered":"Nacer en casa, la experiencia de Eugenia y Daniel: Entre la \u00abirresponsabilidad\u00bb y el derecho a elegir"},"content":{"rendered":"\n<p><\/p>\n\n\n\n<h3 class=\"wp-block-heading\"><strong> Eugenia Baudino y Daniel Urquiza decidieron dar a luz en una pileta en su casa, sin la asistencia de m\u00e9dicos, enfermeros, ni ambulancia. Edrick tiene ahora poco m\u00e1s de un mes de vida y crece de manera saludable. Lo que para algunos representa un acto de irresponsabilidad, para ellos fue un acto de amor, basado en un nuevo paradigma de la salud. <\/strong><\/h3>\n\n\n\n<p><\/p>\n\n\n\n<p>Edrick Liam Urquiza tiene ahora poco m\u00e1s de un mes de vida. Naci\u00f3 el 17 de enero en General Deheza, C\u00f3rdoba. Pes\u00f3 3 kilos y midi\u00f3 50 cent\u00edmetros. Hasta all\u00ed nada extra\u00f1o a cualquier nacimiento.<\/p>\n\n\n\n<p>La diferencia radic\u00f3 en que sus pap\u00e1s, Eugenia Baudino y Daniel Urquiza, decidieron dar a luz en una pileta en su casa, sin la asistencia de m\u00e9dicos, enfermeros, ni ambulancia.<\/p>\n\n\n\n<p>El deseo de la pareja era traer al mundo a su primer hijo prescindiendo de intervenciones m\u00e9dicas: sin analg\u00e9sicos, inducci\u00f3n del trabajo de parto, control de la frecuencia card\u00edaca fetal, parto con f\u00f3rceps u otros instrumentos.<\/p>\n\n\n\n<p><\/p>\n\n\n\n<figure class=\"wp-block-image size-large\"><img data-recalc-dims=\"1\" fetchpriority=\"high\" decoding=\"async\" width=\"969\" height=\"1024\" src=\"https:\/\/i0.wp.com\/elregionalvm.com.ar\/noticias-villa-maria\/wp-content\/uploads\/2023\/02\/Eugenia-y-Daniel-parto-domicilio.jpeg?resize=969%2C1024&#038;ssl=1\" alt=\"\" class=\"wp-image-72410\" srcset=\"https:\/\/i0.wp.com\/elregionalvm.com.ar\/noticias-villa-maria\/wp-content\/uploads\/2023\/02\/Eugenia-y-Daniel-parto-domicilio.jpeg?resize=969%2C1024&amp;ssl=1 969w, https:\/\/i0.wp.com\/elregionalvm.com.ar\/noticias-villa-maria\/wp-content\/uploads\/2023\/02\/Eugenia-y-Daniel-parto-domicilio.jpeg?resize=284%2C300&amp;ssl=1 284w, https:\/\/i0.wp.com\/elregionalvm.com.ar\/noticias-villa-maria\/wp-content\/uploads\/2023\/02\/Eugenia-y-Daniel-parto-domicilio.jpeg?resize=768%2C812&amp;ssl=1 768w, https:\/\/i0.wp.com\/elregionalvm.com.ar\/noticias-villa-maria\/wp-content\/uploads\/2023\/02\/Eugenia-y-Daniel-parto-domicilio.jpeg?w=1200&amp;ssl=1 1200w\" sizes=\"(max-width: 969px) 100vw, 969px\" \/><\/figure>\n\n\n\n<p><\/p>\n\n\n\n<p>Eugenia se form\u00f3 en psicolog\u00eda, trabaj\u00f3 por m\u00e1s de 11 a\u00f1os con personas con discapacidad, y desde hace un tiempo se dedica a \u201caprender y ense\u00f1ar el nuevo paradigma de la salud basado en las leyes de la biolog\u00eda\u201d. Daniel es empleado en una f\u00e1brica local.<\/p>\n\n\n\n<p>Juntos tomaron una decisi\u00f3n no exenta de pol\u00e9mica, para llevar adelante una pr\u00e1ctica minoritaria, con tendencia creciente en algunos pa\u00edses del mundo y que se mantiene desde hace algunos a\u00f1os en el mismo nivel en Argentina.<\/p>\n\n\n\n<p>Parir en casa no es indicado por muchas organizaciones m\u00e9dicas y profesionales: alertan que aumentan las tasas de mortalidad materna y fetal. Un nacimiento institucionalizado garantizar\u00eda as\u00ed una mayor oportunidad de recibir atenci\u00f3n por un equipo de salud entrenado y prevenir muertes o secuelas.<\/p>\n\n\n\n<p>No faltan quienes tildan de irresponsables a pap\u00e1s y mam\u00e1s que deciden realizar un parto casero, con asistencia de una especialista o no. Una cr\u00edtica que va en el mismo sentido de los reparos ensayados por entidades profesionales de la salud.<\/p>\n\n\n\n<p>Pero, Eugenia y Daniel lo tuvieron claro desde el comienzo del embarazo. \u201cDesde hace un tiempo con mi esposo nos hemos hecho responsables de nuestra salud, sabiendo que la salud es el resultado de la toma de decisiones\u201d.<\/p>\n\n\n\n<p><\/p>\n\n\n\n<figure class=\"wp-block-pullquote\"><blockquote><p><strong>Tener un rol activo en la llegada al mundo de nuestro hijo, influye despu\u00e9s de una forma positiva en su vida.<\/strong><\/p><\/blockquote><\/figure>\n\n\n\n<p><\/p>\n\n\n\n<p>\u201cConsideramos que tener un rol activo en la llegada al mundo de nuestro hijo, influye despu\u00e9s de una forma positiva en su vida. No es lo mismo llegar en el nido, con mam\u00e1 y pap\u00e1, con manos calientes que lo est\u00e1n esperando, rodeados de amor, cuidado y protecci\u00f3n, a los otros entornos que se ofrecen, en instituciones con manos fr\u00edas, con cirug\u00eda, con mam\u00e1 anestesiada, con pap\u00e1 afuera\u201d, explic\u00f3 en una charla con El Regional Villa Mar\u00eda.<\/p>\n\n\n\n<p><\/p>\n\n\n\n<figure class=\"wp-block-image size-large\"><img data-recalc-dims=\"1\" decoding=\"async\" width=\"1024\" height=\"980\" src=\"https:\/\/i0.wp.com\/elregionalvm.com.ar\/noticias-villa-maria\/wp-content\/uploads\/2023\/02\/Eugenia-y-Daniel-parto-domicilio-dos.jpeg?resize=1024%2C980&#038;ssl=1\" alt=\"\" class=\"wp-image-72405\" srcset=\"https:\/\/i0.wp.com\/elregionalvm.com.ar\/noticias-villa-maria\/wp-content\/uploads\/2023\/02\/Eugenia-y-Daniel-parto-domicilio-dos.jpeg?resize=1024%2C980&amp;ssl=1 1024w, https:\/\/i0.wp.com\/elregionalvm.com.ar\/noticias-villa-maria\/wp-content\/uploads\/2023\/02\/Eugenia-y-Daniel-parto-domicilio-dos.jpeg?resize=300%2C287&amp;ssl=1 300w, https:\/\/i0.wp.com\/elregionalvm.com.ar\/noticias-villa-maria\/wp-content\/uploads\/2023\/02\/Eugenia-y-Daniel-parto-domicilio-dos.jpeg?resize=768%2C735&amp;ssl=1 768w, https:\/\/i0.wp.com\/elregionalvm.com.ar\/noticias-villa-maria\/wp-content\/uploads\/2023\/02\/Eugenia-y-Daniel-parto-domicilio-dos.jpeg?w=1200&amp;ssl=1 1200w\" sizes=\"(max-width: 1000px) 100vw, 1000px\" \/><\/figure>\n\n\n\n<p><\/p>\n\n\n\n<p>\u201cCon esto no quiero decir que uno sea mejor o peor pap\u00e1. Al contrario, yo admiro a las mam\u00e1s que han pasado por un trato como es la ces\u00e1rea, porque es realmente invasivo, doloroso, y para el pap\u00e1 tambi\u00e9n porque no puede participar\u201d, acot\u00f3.<\/p>\n\n\n\n<p>\u201cHay otras formas posibles de traer a la vida a un peque\u00f1o, as\u00ed como hasta hace pocos a\u00f1os atr\u00e1s se hac\u00eda. Nuestros abuelos nac\u00edan en sus casas, no hab\u00eda la necesidad de una instituci\u00f3n\u201d, argument\u00f3 la mam\u00e1.<\/p>\n\n\n\n<p>\u201cLa idea es volver al origen, regresar, recordar c\u00f3mo hac\u00edan nuestros abuelos, era todo m\u00e1s natural, sin tanta cuesti\u00f3n qu\u00edmica, sin tanta invasi\u00f3n, porque ahora se respeta muy poco la decisi\u00f3n de los pap\u00e1s\u201d, se lament\u00f3.<\/p>\n\n\n\n<p><\/p>\n\n\n\n<p><\/p>\n\n\n\n<figure class=\"wp-block-image size-large\"><img data-recalc-dims=\"1\" decoding=\"async\" width=\"768\" height=\"1024\" src=\"https:\/\/i0.wp.com\/elregionalvm.com.ar\/noticias-villa-maria\/wp-content\/uploads\/2023\/02\/Edrick-un-mes-parto-domicilio.jpeg?resize=768%2C1024&#038;ssl=1\" alt=\"\" class=\"wp-image-72412\" srcset=\"https:\/\/i0.wp.com\/elregionalvm.com.ar\/noticias-villa-maria\/wp-content\/uploads\/2023\/02\/Edrick-un-mes-parto-domicilio.jpeg?resize=768%2C1024&amp;ssl=1 768w, https:\/\/i0.wp.com\/elregionalvm.com.ar\/noticias-villa-maria\/wp-content\/uploads\/2023\/02\/Edrick-un-mes-parto-domicilio.jpeg?resize=225%2C300&amp;ssl=1 225w, https:\/\/i0.wp.com\/elregionalvm.com.ar\/noticias-villa-maria\/wp-content\/uploads\/2023\/02\/Edrick-un-mes-parto-domicilio.jpeg?resize=1152%2C1536&amp;ssl=1 1152w, https:\/\/i0.wp.com\/elregionalvm.com.ar\/noticias-villa-maria\/wp-content\/uploads\/2023\/02\/Edrick-un-mes-parto-domicilio.jpeg?w=1200&amp;ssl=1 1200w\" sizes=\"(max-width: 768px) 100vw, 768px\" \/><figcaption><em>Edrick naci\u00f3 el 17 de enero pasado en la casa de sus pap\u00e1s, sin asistencia m\u00e9dica. <\/em><\/figcaption><\/figure>\n\n\n\n<p><\/p>\n\n\n\n<p><\/p>\n\n\n\n<p>Hoy, Edrick tiene poco m\u00e1s de un mes de vida, aument\u00f3 medio kilo en relaci\u00f3n con el peso al momento de nacer y creci\u00f3 5 cent\u00edmetros.<\/p>\n\n\n\n<p>\u201cEs muy tranquilo, ya hace unos d\u00edas que ha regularizado su ciclo de sue\u00f1os y descansa muy bien. Estamos muy felices por verlo crecer\u201d, cont\u00f3 la mam\u00e1.<\/p>\n\n\n\n<p><\/p>\n\n\n\n<figure class=\"wp-block-pullquote\"><blockquote><p><strong>Lejos de ser un acto de irresponsabilidad como muchas personas lo han calificado, es un acto de amor<\/strong><\/p><\/blockquote><\/figure>\n\n\n\n<p><\/p>\n\n\n\n<p>Los partos domiciliarios previstos constituyen una \u00ednfima proporci\u00f3n en el universo de nacimientos. Sin la asistencia m\u00e9dica, con el apoyo de una enfermera, una doula o una \u201ccomadre\u201d, o en plena soledad como fue el caso de la pareja de General Deheza, los nacimientos en casa registrados por el Ministerio de Salud de la Naci\u00f3n en 2020 representaron el 0,24% del total.<\/p>\n\n\n\n<p>Seg\u00fan las cifras oficiales, en ese a\u00f1o, de un total de 533.299 nacidos vivos en todo el pa\u00eds, 1.300 nacieron en un domicilio particular. En la provincia de C\u00f3rdoba, en tanto, hubo 44.585 nacimientos, de los cuales en viviendas particulares sucedieron 152. En el pa\u00eds, la proporci\u00f3n es de 0,24%, mientras que en la provincia es de 0,34%.<\/p>\n\n\n\n<p>En algunos pa\u00edses, los guarismos se elevan: los partos domiciliarios en Estados Unidos ya representan casi el 1% y en Inglaterra, el 2%. Un estilo de vida m\u00e1s natural, en contacto con la \u201cmadre tierra\u201d y un alejamiento de las pr\u00e1cticas m\u00e9dicas y qu\u00edmicas son las principales razones esgrimidas por sus ejecutantes.<\/p>\n\n\n\n<p><\/p>\n\n\n\n<figure class=\"wp-block-gallery has-nested-images columns-default is-cropped wp-block-gallery-1 is-layout-flex wp-block-gallery-is-layout-flex\">\n<figure class=\"wp-block-image size-large\"><img data-recalc-dims=\"1\" loading=\"lazy\" decoding=\"async\" width=\"633\" height=\"629\" data-id=\"72408\" src=\"https:\/\/i0.wp.com\/elregionalvm.com.ar\/noticias-villa-maria\/wp-content\/uploads\/2023\/02\/parto-domicilio-1.jpeg?resize=633%2C629&#038;ssl=1\" alt=\"\" class=\"wp-image-72408\" srcset=\"https:\/\/i0.wp.com\/elregionalvm.com.ar\/noticias-villa-maria\/wp-content\/uploads\/2023\/02\/parto-domicilio-1.jpeg?w=633&amp;ssl=1 633w, https:\/\/i0.wp.com\/elregionalvm.com.ar\/noticias-villa-maria\/wp-content\/uploads\/2023\/02\/parto-domicilio-1.jpeg?resize=300%2C298&amp;ssl=1 300w\" sizes=\"(max-width: 633px) 100vw, 633px\" \/><\/figure>\n\n\n\n<figure class=\"wp-block-image size-large\"><img data-recalc-dims=\"1\" loading=\"lazy\" decoding=\"async\" width=\"416\" height=\"397\" data-id=\"72406\" src=\"https:\/\/i0.wp.com\/elregionalvm.com.ar\/noticias-villa-maria\/wp-content\/uploads\/2023\/02\/parto-domicilio-placenta.jpeg?resize=416%2C397&#038;ssl=1\" alt=\"\" class=\"wp-image-72406\" srcset=\"https:\/\/i0.wp.com\/elregionalvm.com.ar\/noticias-villa-maria\/wp-content\/uploads\/2023\/02\/parto-domicilio-placenta.jpeg?w=416&amp;ssl=1 416w, https:\/\/i0.wp.com\/elregionalvm.com.ar\/noticias-villa-maria\/wp-content\/uploads\/2023\/02\/parto-domicilio-placenta.jpeg?resize=300%2C286&amp;ssl=1 300w\" sizes=\"(max-width: 416px) 100vw, 416px\" \/><\/figure>\n<\/figure>\n\n\n\n<p><\/p>\n\n\n\n<p>\u201cLa verdad que es un momento m\u00e1gico, hermoso, es muy empoderante, porque est\u00e1s ah\u00ed, siendo part\u00edcipe y protagonista, y le est\u00e1s dando a tu hijo la posibilidad de que sea protagonista, que nazca con un rol activo. \u00c9l est\u00e1 siendo por primera vez independiente, usando su fuerza para nacer\u201d, coment\u00f3 Eugenia.<\/p>\n\n\n\n<p>\u201cComo mujer, mi cuerpo sabe parir; mi hijo sabe nacer; mi esposo sabe dar protecci\u00f3n y seguridad, que es el rol del macho. Teniendo en cuenta estas premisas, ten\u00edamos la certeza y la confianza de que las cosas estaban bien e iban a salir bien\u201d, remarc\u00f3.<\/p>\n\n\n\n<p>La mam\u00e1 primeriza descart\u00f3 que hayan sido irresponsables en tomar esa acci\u00f3n. \u201cLejos de ser un acto de irresponsabilidad como muchas personas lo han calificado, invertimos todo el tiempo del embarazo en leer, informarnos y capacitarnos para saber dar respuestas en ese momento\u201d.<\/p>\n\n\n\n<p>\u201cUno entiende que hay temores, mitos y tab\u00faes, todo est\u00e1 muy institucionalizado, que todo tiene que pasar por las manos de un profesional, pero nosotros sabemos c\u00f3mo nacer\u201d, aleg\u00f3.<\/p>\n\n\n\n<p>De todas formas, tomaron algunos recaudos, como estar cerca de un centro de salud, \u201cpor si acaso algo se saliera de nuestro control\u201d.<\/p>\n\n\n\n<p><\/p>\n\n\n\n<h3 class=\"wp-block-heading\"><strong>Mir\u00e1 el video: <\/strong><\/h3>\n\n\n\n<p><\/p>\n\n\n\n<figure class=\"wp-block-embed is-type-video is-provider-youtube wp-block-embed-youtube wp-embed-aspect-4-3 wp-has-aspect-ratio\"><div class=\"wp-block-embed__wrapper\">\nhttps:\/\/youtu.be\/G92JbP0zbdk\n<\/div><\/figure>\n\n\n\n<p><\/p>\n\n\n\n<p><\/p>\n\n\n\n<p><\/p>\n\n\n\n<figure class=\"wp-block-pullquote\"><blockquote><p><strong>Es un momento impagable, que nosotros queremos convidar, para que m\u00e1s gente se anime a hacerlo<\/strong><\/p><\/blockquote><\/figure>\n\n\n\n<p><\/p>\n\n\n\n<p>\u201cTen\u00edamos la certeza de que iba a salir bien: estar en un ambiente tranquilo, en el nido, que uno lo puede preparar, elegir la m\u00fasica y la cantidad de luz, con aromas, qui\u00e9n puede estar, qui\u00e9n no, eso es fundamental para el bienestar de la mam\u00e1 y el rol del pap\u00e1\u201d, precis\u00f3 la mujer respecto de ese momento.<\/p>\n\n\n\n<p>\u201cEst\u00e1bamos solos, mi esposo y yo. Preparamos el lugar, ten\u00edamos una pileta con agua con temperatura agradable para el beb\u00e9; cont\u00e1bamos con un piso y una pelota de goma para ir atravesando los dolores de las contracciones que empezaron a las 6 de la tarde las m\u00e1s fuertes y poco a poco fueron viniendo cada vez m\u00e1s\u201d, continu\u00f3.<\/p>\n\n\n\n<p><\/p>\n\n\n\n<figure class=\"wp-block-image size-large\"><img data-recalc-dims=\"1\" loading=\"lazy\" decoding=\"async\" width=\"1024\" height=\"450\" src=\"https:\/\/i0.wp.com\/elregionalvm.com.ar\/noticias-villa-maria\/wp-content\/uploads\/2023\/02\/eugenia-pileta-parto-domicilio.jpeg?resize=1024%2C450&#038;ssl=1\" alt=\"\" class=\"wp-image-72409\" srcset=\"https:\/\/i0.wp.com\/elregionalvm.com.ar\/noticias-villa-maria\/wp-content\/uploads\/2023\/02\/eugenia-pileta-parto-domicilio.jpeg?resize=1024%2C450&amp;ssl=1 1024w, https:\/\/i0.wp.com\/elregionalvm.com.ar\/noticias-villa-maria\/wp-content\/uploads\/2023\/02\/eugenia-pileta-parto-domicilio.jpeg?resize=300%2C132&amp;ssl=1 300w, https:\/\/i0.wp.com\/elregionalvm.com.ar\/noticias-villa-maria\/wp-content\/uploads\/2023\/02\/eugenia-pileta-parto-domicilio.jpeg?resize=768%2C337&amp;ssl=1 768w, https:\/\/i0.wp.com\/elregionalvm.com.ar\/noticias-villa-maria\/wp-content\/uploads\/2023\/02\/eugenia-pileta-parto-domicilio.jpeg?w=1200&amp;ssl=1 1200w\" sizes=\"(max-width: 1000px) 100vw, 1000px\" \/><\/figure>\n\n\n\n<p><\/p>\n\n\n\n<p>Hasta que a las 22.30 horas, en una noche de mucha tormenta, rompi\u00f3 bolsa, y a las 23.23 lleg\u00f3 Edrick. \u201cSali\u00f3 nadando como un pececito y lo primero que hizo es abrir los ojos y mirar para todos lados. Nos mir\u00f3, lo apoy\u00e9 en mi pecho y se prendi\u00f3\u201d.<\/p>\n\n\n\n<p>\u201cEs un momento impagable, que nosotros queremos convidar, para que m\u00e1s gente se anime a hacerlo y si tienen dudas que se informen, como hicimos nosotros con otras parejas\u201d, insisti\u00f3.<\/p>\n\n\n\n<p><\/p>\n\n\n\n<figure class=\"wp-block-image size-large\"><img data-recalc-dims=\"1\" loading=\"lazy\" decoding=\"async\" width=\"576\" height=\"1024\" src=\"https:\/\/i0.wp.com\/elregionalvm.com.ar\/noticias-villa-maria\/wp-content\/uploads\/2023\/02\/Edrick-placenta-parto-domicilio.jpeg?resize=576%2C1024&#038;ssl=1\" alt=\"\" class=\"wp-image-72407\" srcset=\"https:\/\/i0.wp.com\/elregionalvm.com.ar\/noticias-villa-maria\/wp-content\/uploads\/2023\/02\/Edrick-placenta-parto-domicilio.jpeg?resize=576%2C1024&amp;ssl=1 576w, https:\/\/i0.wp.com\/elregionalvm.com.ar\/noticias-villa-maria\/wp-content\/uploads\/2023\/02\/Edrick-placenta-parto-domicilio.jpeg?resize=169%2C300&amp;ssl=1 169w, https:\/\/i0.wp.com\/elregionalvm.com.ar\/noticias-villa-maria\/wp-content\/uploads\/2023\/02\/Edrick-placenta-parto-domicilio.jpeg?w=720&amp;ssl=1 720w\" sizes=\"(max-width: 576px) 100vw, 576px\" \/><\/figure>\n\n\n\n<p><\/p>\n\n\n\n<p>Entre los beneficios de un alumbramiento no institucionalizado, Eugenia indic\u00f3: \u201cQue el beb\u00e9 ocupe un rol activo al nacer, despu\u00e9s repercute en las decisiones que va tomando en su vida\u201d.<\/p>\n\n\n\n<p>\u201cTambi\u00e9n para la propia recuperaci\u00f3n de la mam\u00e1: al ratito yo estaba andando y a los dos d\u00edas ya no ten\u00eda m\u00e1s dolor, en comparaci\u00f3n con las consecuencias de una ces\u00e1rea. Admiro a las mujeres que pasan por esas intervenciones\u201d, dijo.<\/p>\n\n\n\n<p>\u201cTiene muchos beneficios a nivel emocional, te sent\u00eds poderoso, no solo para crear vida, tambi\u00e9n para traerla a este mundo. Es una cuesti\u00f3n de responsabilidad, me siento, aprendo, busco testimonios, hago propia esa informaci\u00f3n. Es cuesti\u00f3n de animarse\u201d, finaliz\u00f3.<\/p>\n\n\n\n<p><\/p>\n\n\n\n<p><\/p>\n\n\n\n<h3 class=\"wp-block-heading\"><strong>Tambi\u00e9n pod\u00e9s ver: <\/strong><\/h3>\n\n\n\n<p><\/p>\n\n\n\n<p><\/p>\n\n\n\n<figure class=\"wp-block-embed is-type-wp-embed is-provider-el-regional wp-block-embed-el-regional\"><div class=\"wp-block-embed__wrapper\">\n<blockquote class=\"wp-embedded-content\" data-secret=\"WRP4y3QEnG\"><a href=\"https:\/\/elregionalvm.com.ar\/noticias-villa-maria\/ya-nadie-se-llama-german-los-nombres-mas-y-menos-elegidos-en-los-ultimos-100-anos\/\">Ya nadie se llama Germ\u00e1n: Los nombres m\u00e1s y menos elegidos en los \u00faltimos 100 a\u00f1os<\/a><\/blockquote><iframe class=\"wp-embedded-content\" sandbox=\"allow-scripts\" security=\"restricted\" style=\"position: absolute; clip: rect(1px, 1px, 1px, 1px);\" title=\"\u00abYa nadie se llama Germ\u00e1n: Los nombres m\u00e1s y menos elegidos en los \u00faltimos 100 a\u00f1os\u00bb \u2014 El Regional\" src=\"https:\/\/elregionalvm.com.ar\/noticias-villa-maria\/ya-nadie-se-llama-german-los-nombres-mas-y-menos-elegidos-en-los-ultimos-100-anos\/embed\/#?secret=Z8p1MFGY8r#?secret=WRP4y3QEnG\" data-secret=\"WRP4y3QEnG\" width=\"500\" height=\"282\" frameborder=\"0\" marginwidth=\"0\" marginheight=\"0\" scrolling=\"no\"><\/iframe>\n<\/div><\/figure>\n","protected":false},"excerpt":{"rendered":"<p>Eugenia Baudino y Daniel Urquiza decidieron dar a luz en una pileta en su casa, sin la asistencia de m\u00e9dicos, enfermeros, ni ambulancia. Edrick tiene ahora poco m\u00e1s de un mes de vida y crece de manera saludable. Lo que para algunos representa un acto de irresponsabilidad, para ellos fue un acto de amor, basado [&hellip;]<\/p>\n","protected":false},"author":6,"featured_media":72432,"comment_status":"open","ping_status":"open","sticky":false,"template":"","format":"standard","meta":{"site-sidebar-layout":"default","site-content-layout":"","ast-site-content-layout":"default","site-content-style":"default","site-sidebar-style":"default","ast-global-header-display":"","ast-banner-title-visibility":"","ast-main-header-display":"","ast-hfb-above-header-display":"","ast-hfb-below-header-display":"","ast-hfb-mobile-header-display":"","site-post-title":"","ast-breadcrumbs-content":"","ast-featured-img":"disabled","footer-sml-layout":"","ast-disable-related-posts":"","theme-transparent-header-meta":"","adv-header-id-meta":"","stick-header-meta":"","header-above-stick-meta":"","header-main-stick-meta":"","header-below-stick-meta":"","astra-migrate-meta-layouts":"default","ast-page-background-enabled":"default","ast-page-background-meta":{"desktop":{"background-color":"","background-image":"","background-repeat":"repeat","background-position":"center center","background-size":"auto","background-attachment":"scroll","background-type":"","background-media":"","overlay-type":"","overlay-color":"","overlay-opacity":"","overlay-gradient":""},"tablet":{"background-color":"","background-image":"","background-repeat":"repeat","background-position":"center center","background-size":"auto","background-attachment":"scroll","background-type":"","background-media":"","overlay-type":"","overlay-color":"","overlay-opacity":"","overlay-gradient":""},"mobile":{"background-color":"","background-image":"","background-repeat":"repeat","background-position":"center center","background-size":"auto","background-attachment":"scroll","background-type":"","background-media":"","overlay-type":"","overlay-color":"","overlay-opacity":"","overlay-gradient":""}},"ast-content-background-meta":{"desktop":{"background-color":"var(--ast-global-color-5)","background-image":"","background-repeat":"repeat","background-position":"center center","background-size":"auto","background-attachment":"scroll","background-type":"","background-media":"","overlay-type":"","overlay-color":"","overlay-opacity":"","overlay-gradient":""},"tablet":{"background-color":"var(--ast-global-color-5)","background-image":"","background-repeat":"repeat","background-position":"center center","background-size":"auto","background-attachment":"scroll","background-type":"","background-media":"","overlay-type":"","overlay-color":"","overlay-opacity":"","overlay-gradient":""},"mobile":{"background-color":"var(--ast-global-color-5)","background-image":"","background-repeat":"repeat","background-position":"center center","background-size":"auto","background-attachment":"scroll","background-type":"","background-media":"","overlay-type":"","overlay-color":"","overlay-opacity":"","overlay-gradient":""}},"_jetpack_memberships_contains_paid_content":false,"_joinchat":[],"footnotes":""},"categories":[2091,5,3557,2074],"tags":[21847,12579,21846,21848,1211,21845,9097,2416,2133],"class_list":["post-72400","post","type-post","status-publish","format-standard","has-post-thumbnail","hentry","category-region","category-sociedad","category-tercera","category-videos","tag-daniel-urquiza","tag-derecho","tag-eugenia-baudino","tag-gral-deheza","tag-medicina","tag-nacer-en-casa","tag-parto-respetado","tag-polemica","tag-salud"],"yoast_head":"<!-- This site is optimized with the Yoast SEO plugin v26.8 - https:\/\/yoast.com\/product\/yoast-seo-wordpress\/ -->\n<title>Nacer en casa, la experiencia de Eugenia y Daniel: Entre la &quot;irresponsabilidad&quot; y el derecho a elegir - El Regional<\/title>\n<meta name=\"robots\" content=\"index, follow, max-snippet:-1, max-image-preview:large, max-video-preview:-1\" \/>\n<link rel=\"canonical\" href=\"http:\/\/elregionalvm.com.ar\/noticias-villa-maria\/nacer-en-casa-la-experiencia-de-eugenia-y-daniel-entre-la-irresponsabilidad-y-el-derecho-a-elegir\/\" \/>\n<meta property=\"og:locale\" content=\"es_ES\" \/>\n<meta property=\"og:type\" content=\"article\" \/>\n<meta property=\"og:title\" content=\"Nacer en casa, la experiencia de Eugenia y Daniel: Entre la &quot;irresponsabilidad&quot; y el derecho a elegir - El Regional\" \/>\n<meta property=\"og:description\" content=\"Eugenia Baudino y Daniel Urquiza decidieron dar a luz en una pileta en su casa, sin la asistencia de m\u00e9dicos, enfermeros, ni ambulancia. Edrick tiene ahora poco m\u00e1s de un mes de vida y crece de manera saludable. Lo que para algunos representa un acto de irresponsabilidad, para ellos fue un acto de amor, basado [&hellip;]\" \/>\n<meta property=\"og:url\" content=\"http:\/\/elregionalvm.com.ar\/noticias-villa-maria\/nacer-en-casa-la-experiencia-de-eugenia-y-daniel-entre-la-irresponsabilidad-y-el-derecho-a-elegir\/\" \/>\n<meta property=\"og:site_name\" content=\"El Regional\" \/>\n<meta property=\"article:publisher\" content=\"https:\/\/www.facebook.com\/elregionalvm\" \/>\n<meta property=\"article:published_time\" content=\"2023-02-28T21:24:48+00:00\" \/>\n<meta property=\"article:modified_time\" content=\"2023-03-06T02:48:53+00:00\" \/>\n<meta property=\"og:image\" content=\"http:\/\/elregionalvm.com.ar\/noticias-villa-maria\/wp-content\/uploads\/2023\/02\/IMG-20230228-WA0113.jpg\" \/>\n\t<meta property=\"og:image:width\" content=\"991\" \/>\n\t<meta property=\"og:image:height\" content=\"1190\" \/>\n\t<meta property=\"og:image:type\" content=\"image\/jpeg\" \/>\n<meta name=\"author\" content=\"Germ\u00e1n Giacchero\" \/>\n<meta name=\"twitter:card\" content=\"summary_large_image\" \/>\n<meta name=\"twitter:creator\" content=\"@elregionalvm1\" \/>\n<meta name=\"twitter:site\" content=\"@elregionalvm1\" \/>\n<meta name=\"twitter:label1\" content=\"Escrito por\" \/>\n\t<meta name=\"twitter:data1\" content=\"Germ\u00e1n Giacchero\" \/>\n\t<meta name=\"twitter:label2\" content=\"Tiempo de lectura\" \/>\n\t<meta name=\"twitter:data2\" content=\"8 minutos\" \/>\n<script type=\"application\/ld+json\" class=\"yoast-schema-graph\">{\"@context\":\"https:\/\/schema.org\",\"@graph\":[{\"@type\":\"Article\",\"@id\":\"http:\/\/elregionalvm.com.ar\/noticias-villa-maria\/nacer-en-casa-la-experiencia-de-eugenia-y-daniel-entre-la-irresponsabilidad-y-el-derecho-a-elegir\/#article\",\"isPartOf\":{\"@id\":\"http:\/\/elregionalvm.com.ar\/noticias-villa-maria\/nacer-en-casa-la-experiencia-de-eugenia-y-daniel-entre-la-irresponsabilidad-y-el-derecho-a-elegir\/\"},\"author\":{\"name\":\"Germ\u00e1n Giacchero\",\"@id\":\"http:\/\/elregionalvm.com.ar\/noticias-villa-maria\/#\/schema\/person\/d5e4b04966154131701e52c45d3efec9\"},\"headline\":\"Nacer en casa, la experiencia de Eugenia y Daniel: Entre la \u00abirresponsabilidad\u00bb y el derecho a elegir\",\"datePublished\":\"2023-02-28T21:24:48+00:00\",\"dateModified\":\"2023-03-06T02:48:53+00:00\",\"mainEntityOfPage\":{\"@id\":\"http:\/\/elregionalvm.com.ar\/noticias-villa-maria\/nacer-en-casa-la-experiencia-de-eugenia-y-daniel-entre-la-irresponsabilidad-y-el-derecho-a-elegir\/\"},\"wordCount\":1483,\"commentCount\":0,\"image\":{\"@id\":\"http:\/\/elregionalvm.com.ar\/noticias-villa-maria\/nacer-en-casa-la-experiencia-de-eugenia-y-daniel-entre-la-irresponsabilidad-y-el-derecho-a-elegir\/#primaryimage\"},\"thumbnailUrl\":\"https:\/\/i0.wp.com\/elregionalvm.com.ar\/noticias-villa-maria\/wp-content\/uploads\/2023\/02\/IMG-20230228-WA0113.jpg?fit=991%2C1190&ssl=1\",\"keywords\":[\"Daniel Urquiza\",\"derecho\",\"Eugenia Baudino\",\"Gral. Deheza\",\"Medicina\",\"nacer en casa\",\"Parto respetado\",\"pol\u00e9mica\",\"salud\"],\"articleSection\":[\"Regi\u00f3n\",\"Sociedad\",\"tercera\",\"Videos\"],\"inLanguage\":\"es\",\"potentialAction\":[{\"@type\":\"CommentAction\",\"name\":\"Comment\",\"target\":[\"http:\/\/elregionalvm.com.ar\/noticias-villa-maria\/nacer-en-casa-la-experiencia-de-eugenia-y-daniel-entre-la-irresponsabilidad-y-el-derecho-a-elegir\/#respond\"]}]},{\"@type\":\"WebPage\",\"@id\":\"http:\/\/elregionalvm.com.ar\/noticias-villa-maria\/nacer-en-casa-la-experiencia-de-eugenia-y-daniel-entre-la-irresponsabilidad-y-el-derecho-a-elegir\/\",\"url\":\"http:\/\/elregionalvm.com.ar\/noticias-villa-maria\/nacer-en-casa-la-experiencia-de-eugenia-y-daniel-entre-la-irresponsabilidad-y-el-derecho-a-elegir\/\",\"name\":\"Nacer en casa, la experiencia de Eugenia y Daniel: Entre la \\\"irresponsabilidad\\\" y el derecho a elegir - El Regional\",\"isPartOf\":{\"@id\":\"http:\/\/elregionalvm.com.ar\/noticias-villa-maria\/#website\"},\"primaryImageOfPage\":{\"@id\":\"http:\/\/elregionalvm.com.ar\/noticias-villa-maria\/nacer-en-casa-la-experiencia-de-eugenia-y-daniel-entre-la-irresponsabilidad-y-el-derecho-a-elegir\/#primaryimage\"},\"image\":{\"@id\":\"http:\/\/elregionalvm.com.ar\/noticias-villa-maria\/nacer-en-casa-la-experiencia-de-eugenia-y-daniel-entre-la-irresponsabilidad-y-el-derecho-a-elegir\/#primaryimage\"},\"thumbnailUrl\":\"https:\/\/i0.wp.com\/elregionalvm.com.ar\/noticias-villa-maria\/wp-content\/uploads\/2023\/02\/IMG-20230228-WA0113.jpg?fit=991%2C1190&ssl=1\",\"datePublished\":\"2023-02-28T21:24:48+00:00\",\"dateModified\":\"2023-03-06T02:48:53+00:00\",\"author\":{\"@id\":\"http:\/\/elregionalvm.com.ar\/noticias-villa-maria\/#\/schema\/person\/d5e4b04966154131701e52c45d3efec9\"},\"breadcrumb\":{\"@id\":\"http:\/\/elregionalvm.com.ar\/noticias-villa-maria\/nacer-en-casa-la-experiencia-de-eugenia-y-daniel-entre-la-irresponsabilidad-y-el-derecho-a-elegir\/#breadcrumb\"},\"inLanguage\":\"es\",\"potentialAction\":[{\"@type\":\"ReadAction\",\"target\":[\"http:\/\/elregionalvm.com.ar\/noticias-villa-maria\/nacer-en-casa-la-experiencia-de-eugenia-y-daniel-entre-la-irresponsabilidad-y-el-derecho-a-elegir\/\"]}]},{\"@type\":\"ImageObject\",\"inLanguage\":\"es\",\"@id\":\"http:\/\/elregionalvm.com.ar\/noticias-villa-maria\/nacer-en-casa-la-experiencia-de-eugenia-y-daniel-entre-la-irresponsabilidad-y-el-derecho-a-elegir\/#primaryimage\",\"url\":\"https:\/\/i0.wp.com\/elregionalvm.com.ar\/noticias-villa-maria\/wp-content\/uploads\/2023\/02\/IMG-20230228-WA0113.jpg?fit=991%2C1190&ssl=1\",\"contentUrl\":\"https:\/\/i0.wp.com\/elregionalvm.com.ar\/noticias-villa-maria\/wp-content\/uploads\/2023\/02\/IMG-20230228-WA0113.jpg?fit=991%2C1190&ssl=1\",\"width\":991,\"height\":1190},{\"@type\":\"BreadcrumbList\",\"@id\":\"http:\/\/elregionalvm.com.ar\/noticias-villa-maria\/nacer-en-casa-la-experiencia-de-eugenia-y-daniel-entre-la-irresponsabilidad-y-el-derecho-a-elegir\/#breadcrumb\",\"itemListElement\":[{\"@type\":\"ListItem\",\"position\":1,\"name\":\"Portada\",\"item\":\"https:\/\/elregionalvm.com.ar\/noticias-villa-maria\/\"},{\"@type\":\"ListItem\",\"position\":2,\"name\":\"Nacer en casa, la experiencia de Eugenia y Daniel: Entre la \u00abirresponsabilidad\u00bb y el derecho a elegir\"}]},{\"@type\":\"WebSite\",\"@id\":\"http:\/\/elregionalvm.com.ar\/noticias-villa-maria\/#website\",\"url\":\"http:\/\/elregionalvm.com.ar\/noticias-villa-maria\/\",\"name\":\"El Regional\",\"description\":\"Mucho m\u00e1s que informaci\u00f3n\",\"potentialAction\":[{\"@type\":\"SearchAction\",\"target\":{\"@type\":\"EntryPoint\",\"urlTemplate\":\"http:\/\/elregionalvm.com.ar\/noticias-villa-maria\/?s={search_term_string}\"},\"query-input\":{\"@type\":\"PropertyValueSpecification\",\"valueRequired\":true,\"valueName\":\"search_term_string\"}}],\"inLanguage\":\"es\"},{\"@type\":\"Person\",\"@id\":\"http:\/\/elregionalvm.com.ar\/noticias-villa-maria\/#\/schema\/person\/d5e4b04966154131701e52c45d3efec9\",\"name\":\"Germ\u00e1n Giacchero\",\"image\":{\"@type\":\"ImageObject\",\"inLanguage\":\"es\",\"@id\":\"http:\/\/elregionalvm.com.ar\/noticias-villa-maria\/#\/schema\/person\/image\/\",\"url\":\"https:\/\/secure.gravatar.com\/avatar\/fda163ba5ef0307ee5be9846e10f83b6e83d0cfb260d3b2464830318894c6b04?s=96&d=mm&r=g\",\"contentUrl\":\"https:\/\/secure.gravatar.com\/avatar\/fda163ba5ef0307ee5be9846e10f83b6e83d0cfb260d3b2464830318894c6b04?s=96&d=mm&r=g\",\"caption\":\"Germ\u00e1n Giacchero\"},\"url\":\"https:\/\/elregionalvm.com.ar\/noticias-villa-maria\/author\/germangiacchero\/\"}]}<\/script>\n<!-- \/ Yoast SEO plugin. -->","yoast_head_json":{"title":"Nacer en casa, la experiencia de Eugenia y Daniel: Entre la \"irresponsabilidad\" y el derecho a elegir - El Regional","robots":{"index":"index","follow":"follow","max-snippet":"max-snippet:-1","max-image-preview":"max-image-preview:large","max-video-preview":"max-video-preview:-1"},"canonical":"http:\/\/elregionalvm.com.ar\/noticias-villa-maria\/nacer-en-casa-la-experiencia-de-eugenia-y-daniel-entre-la-irresponsabilidad-y-el-derecho-a-elegir\/","og_locale":"es_ES","og_type":"article","og_title":"Nacer en casa, la experiencia de Eugenia y Daniel: Entre la \"irresponsabilidad\" y el derecho a elegir - El Regional","og_description":"Eugenia Baudino y Daniel Urquiza decidieron dar a luz en una pileta en su casa, sin la asistencia de m\u00e9dicos, enfermeros, ni ambulancia. Edrick tiene ahora poco m\u00e1s de un mes de vida y crece de manera saludable. Lo que para algunos representa un acto de irresponsabilidad, para ellos fue un acto de amor, basado [&hellip;]","og_url":"http:\/\/elregionalvm.com.ar\/noticias-villa-maria\/nacer-en-casa-la-experiencia-de-eugenia-y-daniel-entre-la-irresponsabilidad-y-el-derecho-a-elegir\/","og_site_name":"El Regional","article_publisher":"https:\/\/www.facebook.com\/elregionalvm","article_published_time":"2023-02-28T21:24:48+00:00","article_modified_time":"2023-03-06T02:48:53+00:00","og_image":[{"width":991,"height":1190,"url":"http:\/\/elregionalvm.com.ar\/noticias-villa-maria\/wp-content\/uploads\/2023\/02\/IMG-20230228-WA0113.jpg","type":"image\/jpeg"}],"author":"Germ\u00e1n Giacchero","twitter_card":"summary_large_image","twitter_creator":"@elregionalvm1","twitter_site":"@elregionalvm1","twitter_misc":{"Escrito por":"Germ\u00e1n Giacchero","Tiempo de lectura":"8 minutos"},"schema":{"@context":"https:\/\/schema.org","@graph":[{"@type":"Article","@id":"http:\/\/elregionalvm.com.ar\/noticias-villa-maria\/nacer-en-casa-la-experiencia-de-eugenia-y-daniel-entre-la-irresponsabilidad-y-el-derecho-a-elegir\/#article","isPartOf":{"@id":"http:\/\/elregionalvm.com.ar\/noticias-villa-maria\/nacer-en-casa-la-experiencia-de-eugenia-y-daniel-entre-la-irresponsabilidad-y-el-derecho-a-elegir\/"},"author":{"name":"Germ\u00e1n Giacchero","@id":"http:\/\/elregionalvm.com.ar\/noticias-villa-maria\/#\/schema\/person\/d5e4b04966154131701e52c45d3efec9"},"headline":"Nacer en casa, la experiencia de Eugenia y Daniel: Entre la \u00abirresponsabilidad\u00bb y el derecho a elegir","datePublished":"2023-02-28T21:24:48+00:00","dateModified":"2023-03-06T02:48:53+00:00","mainEntityOfPage":{"@id":"http:\/\/elregionalvm.com.ar\/noticias-villa-maria\/nacer-en-casa-la-experiencia-de-eugenia-y-daniel-entre-la-irresponsabilidad-y-el-derecho-a-elegir\/"},"wordCount":1483,"commentCount":0,"image":{"@id":"http:\/\/elregionalvm.com.ar\/noticias-villa-maria\/nacer-en-casa-la-experiencia-de-eugenia-y-daniel-entre-la-irresponsabilidad-y-el-derecho-a-elegir\/#primaryimage"},"thumbnailUrl":"https:\/\/i0.wp.com\/elregionalvm.com.ar\/noticias-villa-maria\/wp-content\/uploads\/2023\/02\/IMG-20230228-WA0113.jpg?fit=991%2C1190&ssl=1","keywords":["Daniel Urquiza","derecho","Eugenia Baudino","Gral. Deheza","Medicina","nacer en casa","Parto respetado","pol\u00e9mica","salud"],"articleSection":["Regi\u00f3n","Sociedad","tercera","Videos"],"inLanguage":"es","potentialAction":[{"@type":"CommentAction","name":"Comment","target":["http:\/\/elregionalvm.com.ar\/noticias-villa-maria\/nacer-en-casa-la-experiencia-de-eugenia-y-daniel-entre-la-irresponsabilidad-y-el-derecho-a-elegir\/#respond"]}]},{"@type":"WebPage","@id":"http:\/\/elregionalvm.com.ar\/noticias-villa-maria\/nacer-en-casa-la-experiencia-de-eugenia-y-daniel-entre-la-irresponsabilidad-y-el-derecho-a-elegir\/","url":"http:\/\/elregionalvm.com.ar\/noticias-villa-maria\/nacer-en-casa-la-experiencia-de-eugenia-y-daniel-entre-la-irresponsabilidad-y-el-derecho-a-elegir\/","name":"Nacer en casa, la experiencia de Eugenia y Daniel: Entre la \"irresponsabilidad\" y el derecho a elegir - El Regional","isPartOf":{"@id":"http:\/\/elregionalvm.com.ar\/noticias-villa-maria\/#website"},"primaryImageOfPage":{"@id":"http:\/\/elregionalvm.com.ar\/noticias-villa-maria\/nacer-en-casa-la-experiencia-de-eugenia-y-daniel-entre-la-irresponsabilidad-y-el-derecho-a-elegir\/#primaryimage"},"image":{"@id":"http:\/\/elregionalvm.com.ar\/noticias-villa-maria\/nacer-en-casa-la-experiencia-de-eugenia-y-daniel-entre-la-irresponsabilidad-y-el-derecho-a-elegir\/#primaryimage"},"thumbnailUrl":"https:\/\/i0.wp.com\/elregionalvm.com.ar\/noticias-villa-maria\/wp-content\/uploads\/2023\/02\/IMG-20230228-WA0113.jpg?fit=991%2C1190&ssl=1","datePublished":"2023-02-28T21:24:48+00:00","dateModified":"2023-03-06T02:48:53+00:00","author":{"@id":"http:\/\/elregionalvm.com.ar\/noticias-villa-maria\/#\/schema\/person\/d5e4b04966154131701e52c45d3efec9"},"breadcrumb":{"@id":"http:\/\/elregionalvm.com.ar\/noticias-villa-maria\/nacer-en-casa-la-experiencia-de-eugenia-y-daniel-entre-la-irresponsabilidad-y-el-derecho-a-elegir\/#breadcrumb"},"inLanguage":"es","potentialAction":[{"@type":"ReadAction","target":["http:\/\/elregionalvm.com.ar\/noticias-villa-maria\/nacer-en-casa-la-experiencia-de-eugenia-y-daniel-entre-la-irresponsabilidad-y-el-derecho-a-elegir\/"]}]},{"@type":"ImageObject","inLanguage":"es","@id":"http:\/\/elregionalvm.com.ar\/noticias-villa-maria\/nacer-en-casa-la-experiencia-de-eugenia-y-daniel-entre-la-irresponsabilidad-y-el-derecho-a-elegir\/#primaryimage","url":"https:\/\/i0.wp.com\/elregionalvm.com.ar\/noticias-villa-maria\/wp-content\/uploads\/2023\/02\/IMG-20230228-WA0113.jpg?fit=991%2C1190&ssl=1","contentUrl":"https:\/\/i0.wp.com\/elregionalvm.com.ar\/noticias-villa-maria\/wp-content\/uploads\/2023\/02\/IMG-20230228-WA0113.jpg?fit=991%2C1190&ssl=1","width":991,"height":1190},{"@type":"BreadcrumbList","@id":"http:\/\/elregionalvm.com.ar\/noticias-villa-maria\/nacer-en-casa-la-experiencia-de-eugenia-y-daniel-entre-la-irresponsabilidad-y-el-derecho-a-elegir\/#breadcrumb","itemListElement":[{"@type":"ListItem","position":1,"name":"Portada","item":"https:\/\/elregionalvm.com.ar\/noticias-villa-maria\/"},{"@type":"ListItem","position":2,"name":"Nacer en casa, la experiencia de Eugenia y Daniel: Entre la \u00abirresponsabilidad\u00bb y el derecho a elegir"}]},{"@type":"WebSite","@id":"http:\/\/elregionalvm.com.ar\/noticias-villa-maria\/#website","url":"http:\/\/elregionalvm.com.ar\/noticias-villa-maria\/","name":"El Regional","description":"Mucho m\u00e1s que informaci\u00f3n","potentialAction":[{"@type":"SearchAction","target":{"@type":"EntryPoint","urlTemplate":"http:\/\/elregionalvm.com.ar\/noticias-villa-maria\/?s={search_term_string}"},"query-input":{"@type":"PropertyValueSpecification","valueRequired":true,"valueName":"search_term_string"}}],"inLanguage":"es"},{"@type":"Person","@id":"http:\/\/elregionalvm.com.ar\/noticias-villa-maria\/#\/schema\/person\/d5e4b04966154131701e52c45d3efec9","name":"Germ\u00e1n Giacchero","image":{"@type":"ImageObject","inLanguage":"es","@id":"http:\/\/elregionalvm.com.ar\/noticias-villa-maria\/#\/schema\/person\/image\/","url":"https:\/\/secure.gravatar.com\/avatar\/fda163ba5ef0307ee5be9846e10f83b6e83d0cfb260d3b2464830318894c6b04?s=96&d=mm&r=g","contentUrl":"https:\/\/secure.gravatar.com\/avatar\/fda163ba5ef0307ee5be9846e10f83b6e83d0cfb260d3b2464830318894c6b04?s=96&d=mm&r=g","caption":"Germ\u00e1n Giacchero"},"url":"https:\/\/elregionalvm.com.ar\/noticias-villa-maria\/author\/germangiacchero\/"}]}},"jetpack_featured_media_url":"https:\/\/i0.wp.com\/elregionalvm.com.ar\/noticias-villa-maria\/wp-content\/uploads\/2023\/02\/IMG-20230228-WA0113.jpg?fit=991%2C1190&ssl=1","jetpack_sharing_enabled":true,"_links":{"self":[{"href":"https:\/\/elregionalvm.com.ar\/noticias-villa-maria\/wp-json\/wp\/v2\/posts\/72400","targetHints":{"allow":["GET"]}}],"collection":[{"href":"https:\/\/elregionalvm.com.ar\/noticias-villa-maria\/wp-json\/wp\/v2\/posts"}],"about":[{"href":"https:\/\/elregionalvm.com.ar\/noticias-villa-maria\/wp-json\/wp\/v2\/types\/post"}],"author":[{"embeddable":true,"href":"https:\/\/elregionalvm.com.ar\/noticias-villa-maria\/wp-json\/wp\/v2\/users\/6"}],"replies":[{"embeddable":true,"href":"https:\/\/elregionalvm.com.ar\/noticias-villa-maria\/wp-json\/wp\/v2\/comments?post=72400"}],"version-history":[{"count":6,"href":"https:\/\/elregionalvm.com.ar\/noticias-villa-maria\/wp-json\/wp\/v2\/posts\/72400\/revisions"}],"predecessor-version":[{"id":72414,"href":"https:\/\/elregionalvm.com.ar\/noticias-villa-maria\/wp-json\/wp\/v2\/posts\/72400\/revisions\/72414"}],"wp:featuredmedia":[{"embeddable":true,"href":"https:\/\/elregionalvm.com.ar\/noticias-villa-maria\/wp-json\/wp\/v2\/media\/72432"}],"wp:attachment":[{"href":"https:\/\/elregionalvm.com.ar\/noticias-villa-maria\/wp-json\/wp\/v2\/media?parent=72400"}],"wp:term":[{"taxonomy":"category","embeddable":true,"href":"https:\/\/elregionalvm.com.ar\/noticias-villa-maria\/wp-json\/wp\/v2\/categories?post=72400"},{"taxonomy":"post_tag","embeddable":true,"href":"https:\/\/elregionalvm.com.ar\/noticias-villa-maria\/wp-json\/wp\/v2\/tags?post=72400"}],"curies":[{"name":"wp","href":"https:\/\/api.w.org\/{rel}","templated":true}]}}