{"id":72419,"date":"2023-02-28T22:24:27","date_gmt":"2023-02-28T22:24:27","guid":{"rendered":"https:\/\/elregionalvm.com.ar\/noticias-villa-maria\/?p=72419"},"modified":"2023-02-28T22:24:29","modified_gmt":"2023-02-28T22:24:29","slug":"casi-60-municipios-de-la-provincia-firmaron-convenios-para-la-implementacion-de-programas-sociales-del-gobierno-nacional","status":"publish","type":"post","link":"https:\/\/elregionalvm.com.ar\/noticias-villa-maria\/casi-60-municipios-de-la-provincia-firmaron-convenios-para-la-implementacion-de-programas-sociales-del-gobierno-nacional\/","title":{"rendered":"Casi 60 municipios de la provincia firmaron convenios para la implementaci\u00f3n de programas sociales del Gobierno Nacional"},"content":{"rendered":"\n<p>Villa Mar\u00eda fue elegida como sede para llevar adelante un encuentro entre autoridades del Consejo Nacional de Coordinaci\u00f3n de Pol\u00edticas Sociales y mandatarios de 59 comunas y municipios de la provincia de C\u00f3rdoba. <\/p>\n\n\n\n<p>En este marco, el intendente Mart\u00edn Gill recibi\u00f3 a la titular de la entidad, Marisol Merquel, junto a quien encabez\u00f3 la firma de convenios para la implementaci\u00f3n de diversos programas nacionales en cada una de las localidades que formaron parte de la actividad.<\/p>\n\n\n\n<figure class=\"wp-block-image size-large\"><img data-recalc-dims=\"1\" fetchpriority=\"high\" decoding=\"async\" width=\"1024\" height=\"683\" src=\"https:\/\/i0.wp.com\/elregionalvm.com.ar\/noticias-villa-maria\/wp-content\/uploads\/2023\/02\/WhatsApp-Image-2023-02-28-at-13.52.30.jpeg?resize=1024%2C683&#038;ssl=1\" alt=\"\" class=\"wp-image-72421\" srcset=\"https:\/\/i0.wp.com\/elregionalvm.com.ar\/noticias-villa-maria\/wp-content\/uploads\/2023\/02\/WhatsApp-Image-2023-02-28-at-13.52.30.jpeg?resize=1024%2C683&amp;ssl=1 1024w, https:\/\/i0.wp.com\/elregionalvm.com.ar\/noticias-villa-maria\/wp-content\/uploads\/2023\/02\/WhatsApp-Image-2023-02-28-at-13.52.30.jpeg?resize=300%2C200&amp;ssl=1 300w, https:\/\/i0.wp.com\/elregionalvm.com.ar\/noticias-villa-maria\/wp-content\/uploads\/2023\/02\/WhatsApp-Image-2023-02-28-at-13.52.30.jpeg?resize=768%2C512&amp;ssl=1 768w, https:\/\/i0.wp.com\/elregionalvm.com.ar\/noticias-villa-maria\/wp-content\/uploads\/2023\/02\/WhatsApp-Image-2023-02-28-at-13.52.30.jpeg?resize=1536%2C1024&amp;ssl=1 1536w, https:\/\/i0.wp.com\/elregionalvm.com.ar\/noticias-villa-maria\/wp-content\/uploads\/2023\/02\/WhatsApp-Image-2023-02-28-at-13.52.30.jpeg?w=1600&amp;ssl=1 1600w\" sizes=\"(max-width: 1000px) 100vw, 1000px\" \/><\/figure>\n\n\n\n<p>Durante el acto que tuvo lugar en el Centro Cultural Comunitario Leonardo Favio, Gill destac\u00f3 la \u201cdisposici\u00f3n del Gobierno nacional al trabajar en la construcci\u00f3n de un pa\u00eds federal que contempla las necesidades de todas sus provincias, posibilitando que personas de cualquier punto puedan desarrollarse y acceder a las mismos beneficios que aquellas radicadas en la capital\u201d.<\/p>\n\n\n\n<p>Por su parte, Merquel se\u00f1al\u00f3: \u201cEs un gran orgullo estar hoy en Villa Mar\u00eda, donde su intendente ha logrado reunir a este gran n\u00famero de municipios para concretar acuerdos directos y avanzar as\u00ed en la federalizaci\u00f3n del Gobierno nacional\u201d. <\/p>\n\n\n\n<figure class=\"wp-block-image size-large\"><img data-recalc-dims=\"1\" decoding=\"async\" width=\"1024\" height=\"683\" src=\"https:\/\/i0.wp.com\/elregionalvm.com.ar\/noticias-villa-maria\/wp-content\/uploads\/2023\/02\/WhatsApp-Image-2023-02-28-at-13.52.28.jpeg?resize=1024%2C683&#038;ssl=1\" alt=\"\" class=\"wp-image-72422\" srcset=\"https:\/\/i0.wp.com\/elregionalvm.com.ar\/noticias-villa-maria\/wp-content\/uploads\/2023\/02\/WhatsApp-Image-2023-02-28-at-13.52.28.jpeg?resize=1024%2C683&amp;ssl=1 1024w, https:\/\/i0.wp.com\/elregionalvm.com.ar\/noticias-villa-maria\/wp-content\/uploads\/2023\/02\/WhatsApp-Image-2023-02-28-at-13.52.28.jpeg?resize=300%2C200&amp;ssl=1 300w, https:\/\/i0.wp.com\/elregionalvm.com.ar\/noticias-villa-maria\/wp-content\/uploads\/2023\/02\/WhatsApp-Image-2023-02-28-at-13.52.28.jpeg?resize=768%2C512&amp;ssl=1 768w, https:\/\/i0.wp.com\/elregionalvm.com.ar\/noticias-villa-maria\/wp-content\/uploads\/2023\/02\/WhatsApp-Image-2023-02-28-at-13.52.28.jpeg?resize=1536%2C1024&amp;ssl=1 1536w, https:\/\/i0.wp.com\/elregionalvm.com.ar\/noticias-villa-maria\/wp-content\/uploads\/2023\/02\/WhatsApp-Image-2023-02-28-at-13.52.28.jpeg?w=1600&amp;ssl=1 1600w\" sizes=\"(max-width: 1000px) 100vw, 1000px\" \/><\/figure>\n\n\n\n<p>\u201cNuestro objetivo es llegar a cada uno de los rincones de la Argentina y poner a disposici\u00f3n, en cada sitio, el Consejo Nacional de Coordinaci\u00f3n de Pol\u00edticas Sociales, para transformar en cada punto la vida de los vecinos y vecinas\u201d.<\/p>\n\n\n\n<p>Asimismo, el mandatario subray\u00f3: \u201cHoy nos encontramos reunidos para poner en marcha distintos programas que cuentan con presupuesto nacional y que tienen por objetivo abordar pol\u00edticas sociales en cada una de las localidades del interior\u201d. <\/p>\n\n\n\n<p>En este sentido, detall\u00f3 que \u201ctras la suscripci\u00f3n de actas, quedar\u00e1n establecidas acciones de ayuda econ\u00f3mica, fortalecimiento de mercados populares, estrategias de Salud, derecho a la identidad, acceso a sistemas de bases de datos, y cuestiones vinculadas al cumplimiento de los Objetivos de Desarrollo Sostenible (ODS)\u201d.<\/p>\n\n\n\n<p>Tras las palabras de las autoridades, se procedi\u00f3 a la firma de convenios dejando oficialmente habilitado el trabajo conjunto entre las partes para la implementaci\u00f3n de los programas en cada una de las localidades. <\/p>\n\n\n\n<p>De dicha instancia, formaron parte intendentes de ciudades y comunas pertenecientes a los departamentos General San Mart\u00edn, Uni\u00f3n, R\u00edo Primero, R\u00edo Segundo, Ctalamuchita, Marcos Ju\u00e1rez, San Justo, Ju\u00e1rez Celman, Ischilin, Col\u00f3n, Sobremonte, Tulumba y Totoral.<\/p>\n\n\n\n<p>En detalle, 16 municipios acceder\u00e1n al programa Ayudas Urgentes mediante el cual se destinar\u00e1 un total de 38.500.000 pesos para la adquisici\u00f3n de insumos y servicios para equipamiento m\u00e9dico, soluciones habitacionales y restablecimiento de emprendimientos.<\/p>\n\n\n\n<p> Del mismo modo, siete localidades resultar\u00e1n beneficiarias del programa Accionar Infancia, para el favorecimiento del desarrollo infantil a trav\u00e9s de estrategas de apoyo y acompa\u00f1amiento tanto para los ni\u00f1os como para la persona gestante, lo cual implica un destino de 12 millones de pesos.<\/p>\n\n\n\n<p>Asimismo, entre los programas se destaca MultiplicAR con una inversi\u00f3n de 7 millones de pesos para el equipamiento de la Feria Franca y Agroecol\u00f3gica, fomentando as\u00ed pol\u00edticas de soberan\u00eda y seguridad alimenticia. <\/p>\n\n\n\n<figure class=\"wp-block-image size-large\"><img data-recalc-dims=\"1\" decoding=\"async\" width=\"1024\" height=\"683\" src=\"https:\/\/i0.wp.com\/elregionalvm.com.ar\/noticias-villa-maria\/wp-content\/uploads\/2023\/02\/WhatsApp-Image-2023-02-28-at-13.52.31.jpeg?resize=1024%2C683&#038;ssl=1\" alt=\"\" class=\"wp-image-72423\" srcset=\"https:\/\/i0.wp.com\/elregionalvm.com.ar\/noticias-villa-maria\/wp-content\/uploads\/2023\/02\/WhatsApp-Image-2023-02-28-at-13.52.31.jpeg?resize=1024%2C683&amp;ssl=1 1024w, https:\/\/i0.wp.com\/elregionalvm.com.ar\/noticias-villa-maria\/wp-content\/uploads\/2023\/02\/WhatsApp-Image-2023-02-28-at-13.52.31.jpeg?resize=300%2C200&amp;ssl=1 300w, https:\/\/i0.wp.com\/elregionalvm.com.ar\/noticias-villa-maria\/wp-content\/uploads\/2023\/02\/WhatsApp-Image-2023-02-28-at-13.52.31.jpeg?resize=768%2C512&amp;ssl=1 768w, https:\/\/i0.wp.com\/elregionalvm.com.ar\/noticias-villa-maria\/wp-content\/uploads\/2023\/02\/WhatsApp-Image-2023-02-28-at-13.52.31.jpeg?resize=1536%2C1024&amp;ssl=1 1536w, https:\/\/i0.wp.com\/elregionalvm.com.ar\/noticias-villa-maria\/wp-content\/uploads\/2023\/02\/WhatsApp-Image-2023-02-28-at-13.52.31.jpeg?w=1600&amp;ssl=1 1600w\" sizes=\"(max-width: 1000px) 100vw, 1000px\" \/><\/figure>\n\n\n\n<p>Tambi\u00e9n, tuvo su lugar el programa Accionar Identidad para garantizar el acceso al DNI y el Sistema de Identificaci\u00f3n Nacional Tributario y Social (SINTyS), mediante el cual se coordina el intercambio de informaci\u00f3n patrimonial y social de las personas entre organismos p\u00fablicos para asegurar su privacidad y protecci\u00f3n de datos personales.<\/p>\n\n\n\n<p>Es oportuno destacar que previo a la instancia protocolar, Merquel y miembros del comit\u00e9 nacional acompa\u00f1\u00f3 a autoridades municipales en un recorrido por distintas instituciones de la ciudad. <\/p>\n\n\n\n<p>As\u00ed, el grupo de funcionarios visitaron la Asistencia P\u00fablica, el Centro Integrador Comunitario de barrio Las Playas, la Biblioteca Municipal Mariano Moreno y la Tecnoteca, espacios en los que se interiorizaron sobre sus proyectos y funcionamiento.<\/p>\n\n\n\n<p>Del acto, tambi\u00e9n formaron parte el subsecretario de Coordinaci\u00f3n T\u00e9cnica y An\u00e1lisis de la Informaci\u00f3n, Eduardo Brau, y su par de Pol\u00edticas Sociales, Nicol\u00e1s Carvalho. Adem\u00e1s, acompa\u00f1aron la directora de Despliegue Territorial, Ayel\u00e9n Pino, la titular de Cuidado y Desarrollo Infantil Temprano, Gloria Naser, y la de Desarrollo de Pol\u00edticas Sociales, Virginia Rodr\u00edguez, junto a funcionarios del Ejecutivo municipal.<\/p>\n","protected":false},"excerpt":{"rendered":"<p>Villa Mar\u00eda fue elegida como sede para llevar adelante un encuentro entre autoridades del Consejo Nacional de Coordinaci\u00f3n de Pol\u00edticas Sociales y mandatarios de 59 comunas y municipios de la provincia de C\u00f3rdoba. En este marco, el intendente Mart\u00edn Gill recibi\u00f3 a la titular de la entidad, Marisol Merquel, junto a quien encabez\u00f3 la firma [&hellip;]<\/p>\n","protected":false},"author":4,"featured_media":72420,"comment_status":"open","ping_status":"open","sticky":false,"template":"","format":"standard","meta":{"site-sidebar-layout":"default","site-content-layout":"","ast-site-content-layout":"default","site-content-style":"default","site-sidebar-style":"default","ast-global-header-display":"","ast-banner-title-visibility":"","ast-main-header-display":"","ast-hfb-above-header-display":"","ast-hfb-below-header-display":"","ast-hfb-mobile-header-display":"","site-post-title":"","ast-breadcrumbs-content":"","ast-featured-img":"","footer-sml-layout":"","ast-disable-related-posts":"","theme-transparent-header-meta":"","adv-header-id-meta":"","stick-header-meta":"","header-above-stick-meta":"","header-main-stick-meta":"","header-below-stick-meta":"","astra-migrate-meta-layouts":"default","ast-page-background-enabled":"default","ast-page-background-meta":{"desktop":{"background-color":"","background-image":"","background-repeat":"repeat","background-position":"center center","background-size":"auto","background-attachment":"scroll","background-type":"","background-media":"","overlay-type":"","overlay-color":"","overlay-opacity":"","overlay-gradient":""},"tablet":{"background-color":"","background-image":"","background-repeat":"repeat","background-position":"center center","background-size":"auto","background-attachment":"scroll","background-type":"","background-media":"","overlay-type":"","overlay-color":"","overlay-opacity":"","overlay-gradient":""},"mobile":{"background-color":"","background-image":"","background-repeat":"repeat","background-position":"center center","background-size":"auto","background-attachment":"scroll","background-type":"","background-media":"","overlay-type":"","overlay-color":"","overlay-opacity":"","overlay-gradient":""}},"ast-content-background-meta":{"desktop":{"background-color":"var(--ast-global-color-5)","background-image":"","background-repeat":"repeat","background-position":"center center","background-size":"auto","background-attachment":"scroll","background-type":"","background-media":"","overlay-type":"","overlay-color":"","overlay-opacity":"","overlay-gradient":""},"tablet":{"background-color":"var(--ast-global-color-5)","background-image":"","background-repeat":"repeat","background-position":"center center","background-size":"auto","background-attachment":"scroll","background-type":"","background-media":"","overlay-type":"","overlay-color":"","overlay-opacity":"","overlay-gradient":""},"mobile":{"background-color":"var(--ast-global-color-5)","background-image":"","background-repeat":"repeat","background-position":"center center","background-size":"auto","background-attachment":"scroll","background-type":"","background-media":"","overlay-type":"","overlay-color":"","overlay-opacity":"","overlay-gradient":""}},"_jetpack_memberships_contains_paid_content":false,"_joinchat":[],"footnotes":""},"categories":[15302,2089,5,2,1408],"tags":[],"class_list":["post-72419","post","type-post","status-publish","format-standard","has-post-thumbnail","hentry","category-destacado","category-politica","category-sociedad","category-villa-maria","category-villa-nueva"],"yoast_head":"<!-- This site is optimized with the Yoast SEO plugin v26.8 - https:\/\/yoast.com\/product\/yoast-seo-wordpress\/ -->\n<title>Casi 60 municipios de la provincia firmaron convenios para la implementaci\u00f3n de programas sociales del Gobierno Nacional - El Regional<\/title>\n<meta name=\"robots\" content=\"index, follow, max-snippet:-1, max-image-preview:large, max-video-preview:-1\" \/>\n<link rel=\"canonical\" href=\"http:\/\/elregionalvm.com.ar\/noticias-villa-maria\/casi-60-municipios-de-la-provincia-firmaron-convenios-para-la-implementacion-de-programas-sociales-del-gobierno-nacional\/\" \/>\n<meta property=\"og:locale\" content=\"es_ES\" \/>\n<meta property=\"og:type\" content=\"article\" \/>\n<meta property=\"og:title\" content=\"Casi 60 municipios de la provincia firmaron convenios para la implementaci\u00f3n de programas sociales del Gobierno Nacional - El Regional\" \/>\n<meta property=\"og:description\" content=\"Villa Mar\u00eda fue elegida como sede para llevar adelante un encuentro entre autoridades del Consejo Nacional de Coordinaci\u00f3n de Pol\u00edticas Sociales y mandatarios de 59 comunas y municipios de la provincia de C\u00f3rdoba. En este marco, el intendente Mart\u00edn Gill recibi\u00f3 a la titular de la entidad, Marisol Merquel, junto a quien encabez\u00f3 la firma [&hellip;]\" \/>\n<meta property=\"og:url\" content=\"http:\/\/elregionalvm.com.ar\/noticias-villa-maria\/casi-60-municipios-de-la-provincia-firmaron-convenios-para-la-implementacion-de-programas-sociales-del-gobierno-nacional\/\" \/>\n<meta property=\"og:site_name\" content=\"El Regional\" \/>\n<meta property=\"article:publisher\" content=\"https:\/\/www.facebook.com\/elregionalvm\" \/>\n<meta property=\"article:published_time\" content=\"2023-02-28T22:24:27+00:00\" \/>\n<meta property=\"article:modified_time\" content=\"2023-02-28T22:24:29+00:00\" \/>\n<meta property=\"og:image\" content=\"http:\/\/elregionalvm.com.ar\/noticias-villa-maria\/wp-content\/uploads\/2023\/02\/martin-gill-convenio.jpeg\" \/>\n\t<meta property=\"og:image:width\" content=\"1500\" \/>\n\t<meta property=\"og:image:height\" content=\"1000\" \/>\n\t<meta property=\"og:image:type\" content=\"image\/jpeg\" \/>\n<meta name=\"author\" content=\"Contenidos El Regional\" \/>\n<meta name=\"twitter:card\" content=\"summary_large_image\" \/>\n<meta name=\"twitter:creator\" content=\"@elregionalvm1\" \/>\n<meta name=\"twitter:site\" content=\"@elregionalvm1\" \/>\n<meta name=\"twitter:label1\" content=\"Escrito por\" \/>\n\t<meta name=\"twitter:data1\" content=\"Contenidos El Regional\" \/>\n\t<meta name=\"twitter:label2\" content=\"Tiempo de lectura\" \/>\n\t<meta name=\"twitter:data2\" content=\"4 minutos\" \/>\n<script type=\"application\/ld+json\" class=\"yoast-schema-graph\">{\"@context\":\"https:\/\/schema.org\",\"@graph\":[{\"@type\":\"Article\",\"@id\":\"http:\/\/elregionalvm.com.ar\/noticias-villa-maria\/casi-60-municipios-de-la-provincia-firmaron-convenios-para-la-implementacion-de-programas-sociales-del-gobierno-nacional\/#article\",\"isPartOf\":{\"@id\":\"http:\/\/elregionalvm.com.ar\/noticias-villa-maria\/casi-60-municipios-de-la-provincia-firmaron-convenios-para-la-implementacion-de-programas-sociales-del-gobierno-nacional\/\"},\"author\":{\"name\":\"Contenidos El Regional\",\"@id\":\"http:\/\/elregionalvm.com.ar\/noticias-villa-maria\/#\/schema\/person\/a0fb9c422317faca23d50163151bc354\"},\"headline\":\"Casi 60 municipios de la provincia firmaron convenios para la implementaci\u00f3n de programas sociales del Gobierno Nacional\",\"datePublished\":\"2023-02-28T22:24:27+00:00\",\"dateModified\":\"2023-02-28T22:24:29+00:00\",\"mainEntityOfPage\":{\"@id\":\"http:\/\/elregionalvm.com.ar\/noticias-villa-maria\/casi-60-municipios-de-la-provincia-firmaron-convenios-para-la-implementacion-de-programas-sociales-del-gobierno-nacional\/\"},\"wordCount\":716,\"commentCount\":0,\"image\":{\"@id\":\"http:\/\/elregionalvm.com.ar\/noticias-villa-maria\/casi-60-municipios-de-la-provincia-firmaron-convenios-para-la-implementacion-de-programas-sociales-del-gobierno-nacional\/#primaryimage\"},\"thumbnailUrl\":\"https:\/\/i0.wp.com\/elregionalvm.com.ar\/noticias-villa-maria\/wp-content\/uploads\/2023\/02\/martin-gill-convenio.jpeg?fit=1500%2C1000&ssl=1\",\"articleSection\":[\"destacado\",\"Pol\u00edtica\",\"Sociedad\",\"Villa Mar\u00eda\",\"Villa Nueva\"],\"inLanguage\":\"es\",\"potentialAction\":[{\"@type\":\"CommentAction\",\"name\":\"Comment\",\"target\":[\"http:\/\/elregionalvm.com.ar\/noticias-villa-maria\/casi-60-municipios-de-la-provincia-firmaron-convenios-para-la-implementacion-de-programas-sociales-del-gobierno-nacional\/#respond\"]}]},{\"@type\":\"WebPage\",\"@id\":\"http:\/\/elregionalvm.com.ar\/noticias-villa-maria\/casi-60-municipios-de-la-provincia-firmaron-convenios-para-la-implementacion-de-programas-sociales-del-gobierno-nacional\/\",\"url\":\"http:\/\/elregionalvm.com.ar\/noticias-villa-maria\/casi-60-municipios-de-la-provincia-firmaron-convenios-para-la-implementacion-de-programas-sociales-del-gobierno-nacional\/\",\"name\":\"Casi 60 municipios de la provincia firmaron convenios para la implementaci\u00f3n de programas sociales del Gobierno Nacional - El Regional\",\"isPartOf\":{\"@id\":\"http:\/\/elregionalvm.com.ar\/noticias-villa-maria\/#website\"},\"primaryImageOfPage\":{\"@id\":\"http:\/\/elregionalvm.com.ar\/noticias-villa-maria\/casi-60-municipios-de-la-provincia-firmaron-convenios-para-la-implementacion-de-programas-sociales-del-gobierno-nacional\/#primaryimage\"},\"image\":{\"@id\":\"http:\/\/elregionalvm.com.ar\/noticias-villa-maria\/casi-60-municipios-de-la-provincia-firmaron-convenios-para-la-implementacion-de-programas-sociales-del-gobierno-nacional\/#primaryimage\"},\"thumbnailUrl\":\"https:\/\/i0.wp.com\/elregionalvm.com.ar\/noticias-villa-maria\/wp-content\/uploads\/2023\/02\/martin-gill-convenio.jpeg?fit=1500%2C1000&ssl=1\",\"datePublished\":\"2023-02-28T22:24:27+00:00\",\"dateModified\":\"2023-02-28T22:24:29+00:00\",\"author\":{\"@id\":\"http:\/\/elregionalvm.com.ar\/noticias-villa-maria\/#\/schema\/person\/a0fb9c422317faca23d50163151bc354\"},\"breadcrumb\":{\"@id\":\"http:\/\/elregionalvm.com.ar\/noticias-villa-maria\/casi-60-municipios-de-la-provincia-firmaron-convenios-para-la-implementacion-de-programas-sociales-del-gobierno-nacional\/#breadcrumb\"},\"inLanguage\":\"es\",\"potentialAction\":[{\"@type\":\"ReadAction\",\"target\":[\"http:\/\/elregionalvm.com.ar\/noticias-villa-maria\/casi-60-municipios-de-la-provincia-firmaron-convenios-para-la-implementacion-de-programas-sociales-del-gobierno-nacional\/\"]}]},{\"@type\":\"ImageObject\",\"inLanguage\":\"es\",\"@id\":\"http:\/\/elregionalvm.com.ar\/noticias-villa-maria\/casi-60-municipios-de-la-provincia-firmaron-convenios-para-la-implementacion-de-programas-sociales-del-gobierno-nacional\/#primaryimage\",\"url\":\"https:\/\/i0.wp.com\/elregionalvm.com.ar\/noticias-villa-maria\/wp-content\/uploads\/2023\/02\/martin-gill-convenio.jpeg?fit=1500%2C1000&ssl=1\",\"contentUrl\":\"https:\/\/i0.wp.com\/elregionalvm.com.ar\/noticias-villa-maria\/wp-content\/uploads\/2023\/02\/martin-gill-convenio.jpeg?fit=1500%2C1000&ssl=1\",\"width\":1500,\"height\":1000},{\"@type\":\"BreadcrumbList\",\"@id\":\"http:\/\/elregionalvm.com.ar\/noticias-villa-maria\/casi-60-municipios-de-la-provincia-firmaron-convenios-para-la-implementacion-de-programas-sociales-del-gobierno-nacional\/#breadcrumb\",\"itemListElement\":[{\"@type\":\"ListItem\",\"position\":1,\"name\":\"Portada\",\"item\":\"https:\/\/elregionalvm.com.ar\/noticias-villa-maria\/\"},{\"@type\":\"ListItem\",\"position\":2,\"name\":\"Casi 60 municipios de la provincia firmaron convenios para la implementaci\u00f3n de programas sociales del Gobierno Nacional\"}]},{\"@type\":\"WebSite\",\"@id\":\"http:\/\/elregionalvm.com.ar\/noticias-villa-maria\/#website\",\"url\":\"http:\/\/elregionalvm.com.ar\/noticias-villa-maria\/\",\"name\":\"El Regional\",\"description\":\"Mucho m\u00e1s que informaci\u00f3n\",\"potentialAction\":[{\"@type\":\"SearchAction\",\"target\":{\"@type\":\"EntryPoint\",\"urlTemplate\":\"http:\/\/elregionalvm.com.ar\/noticias-villa-maria\/?s={search_term_string}\"},\"query-input\":{\"@type\":\"PropertyValueSpecification\",\"valueRequired\":true,\"valueName\":\"search_term_string\"}}],\"inLanguage\":\"es\"},{\"@type\":\"Person\",\"@id\":\"http:\/\/elregionalvm.com.ar\/noticias-villa-maria\/#\/schema\/person\/a0fb9c422317faca23d50163151bc354\",\"name\":\"Contenidos El Regional\",\"image\":{\"@type\":\"ImageObject\",\"inLanguage\":\"es\",\"@id\":\"http:\/\/elregionalvm.com.ar\/noticias-villa-maria\/#\/schema\/person\/image\/\",\"url\":\"https:\/\/secure.gravatar.com\/avatar\/265b27cb2209af7bb3a1318f03305787d7981a5cc6e6cd08fe5a4ecdf99d4b48?s=96&d=mm&r=g\",\"contentUrl\":\"https:\/\/secure.gravatar.com\/avatar\/265b27cb2209af7bb3a1318f03305787d7981a5cc6e6cd08fe5a4ecdf99d4b48?s=96&d=mm&r=g\",\"caption\":\"Contenidos El Regional\"},\"url\":\"https:\/\/elregionalvm.com.ar\/noticias-villa-maria\/author\/contenido\/\"}]}<\/script>\n<!-- \/ Yoast SEO plugin. -->","yoast_head_json":{"title":"Casi 60 municipios de la provincia firmaron convenios para la implementaci\u00f3n de programas sociales del Gobierno Nacional - El Regional","robots":{"index":"index","follow":"follow","max-snippet":"max-snippet:-1","max-image-preview":"max-image-preview:large","max-video-preview":"max-video-preview:-1"},"canonical":"http:\/\/elregionalvm.com.ar\/noticias-villa-maria\/casi-60-municipios-de-la-provincia-firmaron-convenios-para-la-implementacion-de-programas-sociales-del-gobierno-nacional\/","og_locale":"es_ES","og_type":"article","og_title":"Casi 60 municipios de la provincia firmaron convenios para la implementaci\u00f3n de programas sociales del Gobierno Nacional - El Regional","og_description":"Villa Mar\u00eda fue elegida como sede para llevar adelante un encuentro entre autoridades del Consejo Nacional de Coordinaci\u00f3n de Pol\u00edticas Sociales y mandatarios de 59 comunas y municipios de la provincia de C\u00f3rdoba. En este marco, el intendente Mart\u00edn Gill recibi\u00f3 a la titular de la entidad, Marisol Merquel, junto a quien encabez\u00f3 la firma [&hellip;]","og_url":"http:\/\/elregionalvm.com.ar\/noticias-villa-maria\/casi-60-municipios-de-la-provincia-firmaron-convenios-para-la-implementacion-de-programas-sociales-del-gobierno-nacional\/","og_site_name":"El Regional","article_publisher":"https:\/\/www.facebook.com\/elregionalvm","article_published_time":"2023-02-28T22:24:27+00:00","article_modified_time":"2023-02-28T22:24:29+00:00","og_image":[{"width":1500,"height":1000,"url":"http:\/\/elregionalvm.com.ar\/noticias-villa-maria\/wp-content\/uploads\/2023\/02\/martin-gill-convenio.jpeg","type":"image\/jpeg"}],"author":"Contenidos El Regional","twitter_card":"summary_large_image","twitter_creator":"@elregionalvm1","twitter_site":"@elregionalvm1","twitter_misc":{"Escrito por":"Contenidos El Regional","Tiempo de lectura":"4 minutos"},"schema":{"@context":"https:\/\/schema.org","@graph":[{"@type":"Article","@id":"http:\/\/elregionalvm.com.ar\/noticias-villa-maria\/casi-60-municipios-de-la-provincia-firmaron-convenios-para-la-implementacion-de-programas-sociales-del-gobierno-nacional\/#article","isPartOf":{"@id":"http:\/\/elregionalvm.com.ar\/noticias-villa-maria\/casi-60-municipios-de-la-provincia-firmaron-convenios-para-la-implementacion-de-programas-sociales-del-gobierno-nacional\/"},"author":{"name":"Contenidos El Regional","@id":"http:\/\/elregionalvm.com.ar\/noticias-villa-maria\/#\/schema\/person\/a0fb9c422317faca23d50163151bc354"},"headline":"Casi 60 municipios de la provincia firmaron convenios para la implementaci\u00f3n de programas sociales del Gobierno Nacional","datePublished":"2023-02-28T22:24:27+00:00","dateModified":"2023-02-28T22:24:29+00:00","mainEntityOfPage":{"@id":"http:\/\/elregionalvm.com.ar\/noticias-villa-maria\/casi-60-municipios-de-la-provincia-firmaron-convenios-para-la-implementacion-de-programas-sociales-del-gobierno-nacional\/"},"wordCount":716,"commentCount":0,"image":{"@id":"http:\/\/elregionalvm.com.ar\/noticias-villa-maria\/casi-60-municipios-de-la-provincia-firmaron-convenios-para-la-implementacion-de-programas-sociales-del-gobierno-nacional\/#primaryimage"},"thumbnailUrl":"https:\/\/i0.wp.com\/elregionalvm.com.ar\/noticias-villa-maria\/wp-content\/uploads\/2023\/02\/martin-gill-convenio.jpeg?fit=1500%2C1000&ssl=1","articleSection":["destacado","Pol\u00edtica","Sociedad","Villa Mar\u00eda","Villa Nueva"],"inLanguage":"es","potentialAction":[{"@type":"CommentAction","name":"Comment","target":["http:\/\/elregionalvm.com.ar\/noticias-villa-maria\/casi-60-municipios-de-la-provincia-firmaron-convenios-para-la-implementacion-de-programas-sociales-del-gobierno-nacional\/#respond"]}]},{"@type":"WebPage","@id":"http:\/\/elregionalvm.com.ar\/noticias-villa-maria\/casi-60-municipios-de-la-provincia-firmaron-convenios-para-la-implementacion-de-programas-sociales-del-gobierno-nacional\/","url":"http:\/\/elregionalvm.com.ar\/noticias-villa-maria\/casi-60-municipios-de-la-provincia-firmaron-convenios-para-la-implementacion-de-programas-sociales-del-gobierno-nacional\/","name":"Casi 60 municipios de la provincia firmaron convenios para la implementaci\u00f3n de programas sociales del Gobierno Nacional - El Regional","isPartOf":{"@id":"http:\/\/elregionalvm.com.ar\/noticias-villa-maria\/#website"},"primaryImageOfPage":{"@id":"http:\/\/elregionalvm.com.ar\/noticias-villa-maria\/casi-60-municipios-de-la-provincia-firmaron-convenios-para-la-implementacion-de-programas-sociales-del-gobierno-nacional\/#primaryimage"},"image":{"@id":"http:\/\/elregionalvm.com.ar\/noticias-villa-maria\/casi-60-municipios-de-la-provincia-firmaron-convenios-para-la-implementacion-de-programas-sociales-del-gobierno-nacional\/#primaryimage"},"thumbnailUrl":"https:\/\/i0.wp.com\/elregionalvm.com.ar\/noticias-villa-maria\/wp-content\/uploads\/2023\/02\/martin-gill-convenio.jpeg?fit=1500%2C1000&ssl=1","datePublished":"2023-02-28T22:24:27+00:00","dateModified":"2023-02-28T22:24:29+00:00","author":{"@id":"http:\/\/elregionalvm.com.ar\/noticias-villa-maria\/#\/schema\/person\/a0fb9c422317faca23d50163151bc354"},"breadcrumb":{"@id":"http:\/\/elregionalvm.com.ar\/noticias-villa-maria\/casi-60-municipios-de-la-provincia-firmaron-convenios-para-la-implementacion-de-programas-sociales-del-gobierno-nacional\/#breadcrumb"},"inLanguage":"es","potentialAction":[{"@type":"ReadAction","target":["http:\/\/elregionalvm.com.ar\/noticias-villa-maria\/casi-60-municipios-de-la-provincia-firmaron-convenios-para-la-implementacion-de-programas-sociales-del-gobierno-nacional\/"]}]},{"@type":"ImageObject","inLanguage":"es","@id":"http:\/\/elregionalvm.com.ar\/noticias-villa-maria\/casi-60-municipios-de-la-provincia-firmaron-convenios-para-la-implementacion-de-programas-sociales-del-gobierno-nacional\/#primaryimage","url":"https:\/\/i0.wp.com\/elregionalvm.com.ar\/noticias-villa-maria\/wp-content\/uploads\/2023\/02\/martin-gill-convenio.jpeg?fit=1500%2C1000&ssl=1","contentUrl":"https:\/\/i0.wp.com\/elregionalvm.com.ar\/noticias-villa-maria\/wp-content\/uploads\/2023\/02\/martin-gill-convenio.jpeg?fit=1500%2C1000&ssl=1","width":1500,"height":1000},{"@type":"BreadcrumbList","@id":"http:\/\/elregionalvm.com.ar\/noticias-villa-maria\/casi-60-municipios-de-la-provincia-firmaron-convenios-para-la-implementacion-de-programas-sociales-del-gobierno-nacional\/#breadcrumb","itemListElement":[{"@type":"ListItem","position":1,"name":"Portada","item":"https:\/\/elregionalvm.com.ar\/noticias-villa-maria\/"},{"@type":"ListItem","position":2,"name":"Casi 60 municipios de la provincia firmaron convenios para la implementaci\u00f3n de programas sociales del Gobierno Nacional"}]},{"@type":"WebSite","@id":"http:\/\/elregionalvm.com.ar\/noticias-villa-maria\/#website","url":"http:\/\/elregionalvm.com.ar\/noticias-villa-maria\/","name":"El Regional","description":"Mucho m\u00e1s que informaci\u00f3n","potentialAction":[{"@type":"SearchAction","target":{"@type":"EntryPoint","urlTemplate":"http:\/\/elregionalvm.com.ar\/noticias-villa-maria\/?s={search_term_string}"},"query-input":{"@type":"PropertyValueSpecification","valueRequired":true,"valueName":"search_term_string"}}],"inLanguage":"es"},{"@type":"Person","@id":"http:\/\/elregionalvm.com.ar\/noticias-villa-maria\/#\/schema\/person\/a0fb9c422317faca23d50163151bc354","name":"Contenidos El Regional","image":{"@type":"ImageObject","inLanguage":"es","@id":"http:\/\/elregionalvm.com.ar\/noticias-villa-maria\/#\/schema\/person\/image\/","url":"https:\/\/secure.gravatar.com\/avatar\/265b27cb2209af7bb3a1318f03305787d7981a5cc6e6cd08fe5a4ecdf99d4b48?s=96&d=mm&r=g","contentUrl":"https:\/\/secure.gravatar.com\/avatar\/265b27cb2209af7bb3a1318f03305787d7981a5cc6e6cd08fe5a4ecdf99d4b48?s=96&d=mm&r=g","caption":"Contenidos El Regional"},"url":"https:\/\/elregionalvm.com.ar\/noticias-villa-maria\/author\/contenido\/"}]}},"jetpack_featured_media_url":"https:\/\/i0.wp.com\/elregionalvm.com.ar\/noticias-villa-maria\/wp-content\/uploads\/2023\/02\/martin-gill-convenio.jpeg?fit=1500%2C1000&ssl=1","jetpack_sharing_enabled":true,"_links":{"self":[{"href":"https:\/\/elregionalvm.com.ar\/noticias-villa-maria\/wp-json\/wp\/v2\/posts\/72419","targetHints":{"allow":["GET"]}}],"collection":[{"href":"https:\/\/elregionalvm.com.ar\/noticias-villa-maria\/wp-json\/wp\/v2\/posts"}],"about":[{"href":"https:\/\/elregionalvm.com.ar\/noticias-villa-maria\/wp-json\/wp\/v2\/types\/post"}],"author":[{"embeddable":true,"href":"https:\/\/elregionalvm.com.ar\/noticias-villa-maria\/wp-json\/wp\/v2\/users\/4"}],"replies":[{"embeddable":true,"href":"https:\/\/elregionalvm.com.ar\/noticias-villa-maria\/wp-json\/wp\/v2\/comments?post=72419"}],"version-history":[{"count":1,"href":"https:\/\/elregionalvm.com.ar\/noticias-villa-maria\/wp-json\/wp\/v2\/posts\/72419\/revisions"}],"predecessor-version":[{"id":72424,"href":"https:\/\/elregionalvm.com.ar\/noticias-villa-maria\/wp-json\/wp\/v2\/posts\/72419\/revisions\/72424"}],"wp:featuredmedia":[{"embeddable":true,"href":"https:\/\/elregionalvm.com.ar\/noticias-villa-maria\/wp-json\/wp\/v2\/media\/72420"}],"wp:attachment":[{"href":"https:\/\/elregionalvm.com.ar\/noticias-villa-maria\/wp-json\/wp\/v2\/media?parent=72419"}],"wp:term":[{"taxonomy":"category","embeddable":true,"href":"https:\/\/elregionalvm.com.ar\/noticias-villa-maria\/wp-json\/wp\/v2\/categories?post=72419"},{"taxonomy":"post_tag","embeddable":true,"href":"https:\/\/elregionalvm.com.ar\/noticias-villa-maria\/wp-json\/wp\/v2\/tags?post=72419"}],"curies":[{"name":"wp","href":"https:\/\/api.w.org\/{rel}","templated":true}]}}