{"id":72435,"date":"2023-02-28T23:02:43","date_gmt":"2023-02-28T23:02:43","guid":{"rendered":"https:\/\/elregionalvm.com.ar\/noticias-villa-maria\/?p=72435"},"modified":"2023-03-02T02:46:06","modified_gmt":"2023-03-02T02:46:06","slug":"joven-detenido-por-agredir-fisicamente-a-un-miembro-de-su-familia","status":"publish","type":"post","link":"https:\/\/elregionalvm.com.ar\/noticias-villa-maria\/joven-detenido-por-agredir-fisicamente-a-un-miembro-de-su-familia\/","title":{"rendered":"Joven detenido por agredir f\u00edsicamente a un miembro de su familia"},"content":{"rendered":"\n<p>En horas cercanas a la medianoche de la v\u00edspera, personal policial de Villa Nueva en sede de esa dependencia policial accedi\u00f3 a la detenci\u00f3n de un joven de 21 a\u00f1os por ser autor de delito de lesiones leves calificadas. <\/p>\n\n\n\n<p>De acuerdo a lo solicitado por la Fiscal\u00eda de Instrucci\u00f3n de Segundo Turno a cargo de la Dra Juliana Companys, Secretaria Dra Lione, en el marco de una causa de violencia familiar, en el que result\u00f3 damnificada una joven de 23 a\u00f1os, que momentos antes realiz\u00f3 la denuncia, relatando los hechos de como fue agredida.<\/p>\n\n\n\n<p>Se labran actuaciones a disposici\u00f3n de la magistrada correspondiente. <\/p>\n","protected":false},"excerpt":{"rendered":"<p>En horas cercanas a la medianoche de la v\u00edspera, personal policial de Villa Nueva en sede de esa dependencia policial accedi\u00f3 a la detenci\u00f3n de un joven de 21 a\u00f1os por ser autor de delito de lesiones leves calificadas. De acuerdo a lo solicitado por la Fiscal\u00eda de Instrucci\u00f3n de Segundo Turno a cargo de [&hellip;]<\/p>\n","protected":false},"author":4,"featured_media":72436,"comment_status":"open","ping_status":"open","sticky":false,"template":"","format":"standard","meta":{"site-sidebar-layout":"default","site-content-layout":"","ast-site-content-layout":"default","site-content-style":"default","site-sidebar-style":"default","ast-global-header-display":"","ast-banner-title-visibility":"","ast-main-header-display":"","ast-hfb-above-header-display":"","ast-hfb-below-header-display":"","ast-hfb-mobile-header-display":"","site-post-title":"","ast-breadcrumbs-content":"","ast-featured-img":"","footer-sml-layout":"","ast-disable-related-posts":"","theme-transparent-header-meta":"","adv-header-id-meta":"","stick-header-meta":"","header-above-stick-meta":"","header-main-stick-meta":"","header-below-stick-meta":"","astra-migrate-meta-layouts":"default","ast-page-background-enabled":"default","ast-page-background-meta":{"desktop":{"background-color":"","background-image":"","background-repeat":"repeat","background-position":"center center","background-size":"auto","background-attachment":"scroll","background-type":"","background-media":"","overlay-type":"","overlay-color":"","overlay-opacity":"","overlay-gradient":""},"tablet":{"background-color":"","background-image":"","background-repeat":"repeat","background-position":"center center","background-size":"auto","background-attachment":"scroll","background-type":"","background-media":"","overlay-type":"","overlay-color":"","overlay-opacity":"","overlay-gradient":""},"mobile":{"background-color":"","background-image":"","background-repeat":"repeat","background-position":"center center","background-size":"auto","background-attachment":"scroll","background-type":"","background-media":"","overlay-type":"","overlay-color":"","overlay-opacity":"","overlay-gradient":""}},"ast-content-background-meta":{"desktop":{"background-color":"var(--ast-global-color-5)","background-image":"","background-repeat":"repeat","background-position":"center center","background-size":"auto","background-attachment":"scroll","background-type":"","background-media":"","overlay-type":"","overlay-color":"","overlay-opacity":"","overlay-gradient":""},"tablet":{"background-color":"var(--ast-global-color-5)","background-image":"","background-repeat":"repeat","background-position":"center center","background-size":"auto","background-attachment":"scroll","background-type":"","background-media":"","overlay-type":"","overlay-color":"","overlay-opacity":"","overlay-gradient":""},"mobile":{"background-color":"var(--ast-global-color-5)","background-image":"","background-repeat":"repeat","background-position":"center center","background-size":"auto","background-attachment":"scroll","background-type":"","background-media":"","overlay-type":"","overlay-color":"","overlay-opacity":"","overlay-gradient":""}},"_jetpack_memberships_contains_paid_content":false,"_joinchat":[],"footnotes":""},"categories":[2234,5,1408],"tags":[],"class_list":["post-72435","post","type-post","status-publish","format-standard","has-post-thumbnail","hentry","category-policiales","category-sociedad","category-villa-nueva"],"yoast_head":"<!-- This site is optimized with the Yoast SEO plugin v26.8 - https:\/\/yoast.com\/product\/yoast-seo-wordpress\/ -->\n<title>Joven detenido por agredir f\u00edsicamente a un miembro de su familia - El Regional<\/title>\n<meta name=\"robots\" content=\"index, follow, max-snippet:-1, max-image-preview:large, max-video-preview:-1\" \/>\n<link rel=\"canonical\" href=\"http:\/\/elregionalvm.com.ar\/noticias-villa-maria\/joven-detenido-por-agredir-fisicamente-a-un-miembro-de-su-familia\/\" \/>\n<meta property=\"og:locale\" content=\"es_ES\" \/>\n<meta property=\"og:type\" content=\"article\" \/>\n<meta property=\"og:title\" content=\"Joven detenido por agredir f\u00edsicamente a un miembro de su familia - El Regional\" \/>\n<meta property=\"og:description\" content=\"En horas cercanas a la medianoche de la v\u00edspera, personal policial de Villa Nueva en sede de esa dependencia policial accedi\u00f3 a la detenci\u00f3n de un joven de 21 a\u00f1os por ser autor de delito de lesiones leves calificadas. De acuerdo a lo solicitado por la Fiscal\u00eda de Instrucci\u00f3n de Segundo Turno a cargo de [&hellip;]\" \/>\n<meta property=\"og:url\" content=\"http:\/\/elregionalvm.com.ar\/noticias-villa-maria\/joven-detenido-por-agredir-fisicamente-a-un-miembro-de-su-familia\/\" \/>\n<meta property=\"og:site_name\" content=\"El Regional\" \/>\n<meta property=\"article:publisher\" content=\"https:\/\/www.facebook.com\/elregionalvm\" \/>\n<meta property=\"article:published_time\" content=\"2023-02-28T23:02:43+00:00\" \/>\n<meta property=\"article:modified_time\" content=\"2023-03-02T02:46:06+00:00\" \/>\n<meta property=\"og:image\" content=\"http:\/\/elregionalvm.com.ar\/noticias-villa-maria\/wp-content\/uploads\/2023\/02\/WhatsApp-Image-2023-02-28-at-19.12.20.jpeg\" \/>\n\t<meta property=\"og:image:width\" content=\"659\" \/>\n\t<meta property=\"og:image:height\" content=\"885\" \/>\n\t<meta property=\"og:image:type\" content=\"image\/jpeg\" \/>\n<meta name=\"author\" content=\"Contenidos El Regional\" \/>\n<meta name=\"twitter:card\" content=\"summary_large_image\" \/>\n<meta name=\"twitter:creator\" content=\"@elregionalvm1\" \/>\n<meta name=\"twitter:site\" content=\"@elregionalvm1\" \/>\n<meta name=\"twitter:label1\" content=\"Escrito por\" \/>\n\t<meta name=\"twitter:data1\" content=\"Contenidos El Regional\" \/>\n\t<meta name=\"twitter:label2\" content=\"Tiempo de lectura\" \/>\n\t<meta name=\"twitter:data2\" content=\"1 minuto\" \/>\n<script type=\"application\/ld+json\" class=\"yoast-schema-graph\">{\"@context\":\"https:\/\/schema.org\",\"@graph\":[{\"@type\":\"Article\",\"@id\":\"http:\/\/elregionalvm.com.ar\/noticias-villa-maria\/joven-detenido-por-agredir-fisicamente-a-un-miembro-de-su-familia\/#article\",\"isPartOf\":{\"@id\":\"http:\/\/elregionalvm.com.ar\/noticias-villa-maria\/joven-detenido-por-agredir-fisicamente-a-un-miembro-de-su-familia\/\"},\"author\":{\"name\":\"Contenidos El Regional\",\"@id\":\"http:\/\/elregionalvm.com.ar\/noticias-villa-maria\/#\/schema\/person\/a0fb9c422317faca23d50163151bc354\"},\"headline\":\"Joven detenido por agredir f\u00edsicamente a un miembro de su familia\",\"datePublished\":\"2023-02-28T23:02:43+00:00\",\"dateModified\":\"2023-03-02T02:46:06+00:00\",\"mainEntityOfPage\":{\"@id\":\"http:\/\/elregionalvm.com.ar\/noticias-villa-maria\/joven-detenido-por-agredir-fisicamente-a-un-miembro-de-su-familia\/\"},\"wordCount\":120,\"commentCount\":0,\"image\":{\"@id\":\"http:\/\/elregionalvm.com.ar\/noticias-villa-maria\/joven-detenido-por-agredir-fisicamente-a-un-miembro-de-su-familia\/#primaryimage\"},\"thumbnailUrl\":\"https:\/\/i0.wp.com\/elregionalvm.com.ar\/noticias-villa-maria\/wp-content\/uploads\/2023\/02\/WhatsApp-Image-2023-02-28-at-19.12.20.jpeg?fit=659%2C885&ssl=1\",\"articleSection\":[\"Policiales\",\"Sociedad\",\"Villa Nueva\"],\"inLanguage\":\"es\",\"potentialAction\":[{\"@type\":\"CommentAction\",\"name\":\"Comment\",\"target\":[\"http:\/\/elregionalvm.com.ar\/noticias-villa-maria\/joven-detenido-por-agredir-fisicamente-a-un-miembro-de-su-familia\/#respond\"]}]},{\"@type\":\"WebPage\",\"@id\":\"http:\/\/elregionalvm.com.ar\/noticias-villa-maria\/joven-detenido-por-agredir-fisicamente-a-un-miembro-de-su-familia\/\",\"url\":\"http:\/\/elregionalvm.com.ar\/noticias-villa-maria\/joven-detenido-por-agredir-fisicamente-a-un-miembro-de-su-familia\/\",\"name\":\"Joven detenido por agredir f\u00edsicamente a un miembro de su familia - El Regional\",\"isPartOf\":{\"@id\":\"http:\/\/elregionalvm.com.ar\/noticias-villa-maria\/#website\"},\"primaryImageOfPage\":{\"@id\":\"http:\/\/elregionalvm.com.ar\/noticias-villa-maria\/joven-detenido-por-agredir-fisicamente-a-un-miembro-de-su-familia\/#primaryimage\"},\"image\":{\"@id\":\"http:\/\/elregionalvm.com.ar\/noticias-villa-maria\/joven-detenido-por-agredir-fisicamente-a-un-miembro-de-su-familia\/#primaryimage\"},\"thumbnailUrl\":\"https:\/\/i0.wp.com\/elregionalvm.com.ar\/noticias-villa-maria\/wp-content\/uploads\/2023\/02\/WhatsApp-Image-2023-02-28-at-19.12.20.jpeg?fit=659%2C885&ssl=1\",\"datePublished\":\"2023-02-28T23:02:43+00:00\",\"dateModified\":\"2023-03-02T02:46:06+00:00\",\"author\":{\"@id\":\"http:\/\/elregionalvm.com.ar\/noticias-villa-maria\/#\/schema\/person\/a0fb9c422317faca23d50163151bc354\"},\"breadcrumb\":{\"@id\":\"http:\/\/elregionalvm.com.ar\/noticias-villa-maria\/joven-detenido-por-agredir-fisicamente-a-un-miembro-de-su-familia\/#breadcrumb\"},\"inLanguage\":\"es\",\"potentialAction\":[{\"@type\":\"ReadAction\",\"target\":[\"http:\/\/elregionalvm.com.ar\/noticias-villa-maria\/joven-detenido-por-agredir-fisicamente-a-un-miembro-de-su-familia\/\"]}]},{\"@type\":\"ImageObject\",\"inLanguage\":\"es\",\"@id\":\"http:\/\/elregionalvm.com.ar\/noticias-villa-maria\/joven-detenido-por-agredir-fisicamente-a-un-miembro-de-su-familia\/#primaryimage\",\"url\":\"https:\/\/i0.wp.com\/elregionalvm.com.ar\/noticias-villa-maria\/wp-content\/uploads\/2023\/02\/WhatsApp-Image-2023-02-28-at-19.12.20.jpeg?fit=659%2C885&ssl=1\",\"contentUrl\":\"https:\/\/i0.wp.com\/elregionalvm.com.ar\/noticias-villa-maria\/wp-content\/uploads\/2023\/02\/WhatsApp-Image-2023-02-28-at-19.12.20.jpeg?fit=659%2C885&ssl=1\",\"width\":659,\"height\":885},{\"@type\":\"BreadcrumbList\",\"@id\":\"http:\/\/elregionalvm.com.ar\/noticias-villa-maria\/joven-detenido-por-agredir-fisicamente-a-un-miembro-de-su-familia\/#breadcrumb\",\"itemListElement\":[{\"@type\":\"ListItem\",\"position\":1,\"name\":\"Portada\",\"item\":\"https:\/\/elregionalvm.com.ar\/noticias-villa-maria\/\"},{\"@type\":\"ListItem\",\"position\":2,\"name\":\"Joven detenido por agredir f\u00edsicamente a un miembro de su familia\"}]},{\"@type\":\"WebSite\",\"@id\":\"http:\/\/elregionalvm.com.ar\/noticias-villa-maria\/#website\",\"url\":\"http:\/\/elregionalvm.com.ar\/noticias-villa-maria\/\",\"name\":\"El Regional\",\"description\":\"Mucho m\u00e1s que informaci\u00f3n\",\"potentialAction\":[{\"@type\":\"SearchAction\",\"target\":{\"@type\":\"EntryPoint\",\"urlTemplate\":\"http:\/\/elregionalvm.com.ar\/noticias-villa-maria\/?s={search_term_string}\"},\"query-input\":{\"@type\":\"PropertyValueSpecification\",\"valueRequired\":true,\"valueName\":\"search_term_string\"}}],\"inLanguage\":\"es\"},{\"@type\":\"Person\",\"@id\":\"http:\/\/elregionalvm.com.ar\/noticias-villa-maria\/#\/schema\/person\/a0fb9c422317faca23d50163151bc354\",\"name\":\"Contenidos El Regional\",\"image\":{\"@type\":\"ImageObject\",\"inLanguage\":\"es\",\"@id\":\"http:\/\/elregionalvm.com.ar\/noticias-villa-maria\/#\/schema\/person\/image\/\",\"url\":\"https:\/\/secure.gravatar.com\/avatar\/265b27cb2209af7bb3a1318f03305787d7981a5cc6e6cd08fe5a4ecdf99d4b48?s=96&d=mm&r=g\",\"contentUrl\":\"https:\/\/secure.gravatar.com\/avatar\/265b27cb2209af7bb3a1318f03305787d7981a5cc6e6cd08fe5a4ecdf99d4b48?s=96&d=mm&r=g\",\"caption\":\"Contenidos El Regional\"},\"url\":\"https:\/\/elregionalvm.com.ar\/noticias-villa-maria\/author\/contenido\/\"}]}<\/script>\n<!-- \/ Yoast SEO plugin. -->","yoast_head_json":{"title":"Joven detenido por agredir f\u00edsicamente a un miembro de su familia - El Regional","robots":{"index":"index","follow":"follow","max-snippet":"max-snippet:-1","max-image-preview":"max-image-preview:large","max-video-preview":"max-video-preview:-1"},"canonical":"http:\/\/elregionalvm.com.ar\/noticias-villa-maria\/joven-detenido-por-agredir-fisicamente-a-un-miembro-de-su-familia\/","og_locale":"es_ES","og_type":"article","og_title":"Joven detenido por agredir f\u00edsicamente a un miembro de su familia - El Regional","og_description":"En horas cercanas a la medianoche de la v\u00edspera, personal policial de Villa Nueva en sede de esa dependencia policial accedi\u00f3 a la detenci\u00f3n de un joven de 21 a\u00f1os por ser autor de delito de lesiones leves calificadas. De acuerdo a lo solicitado por la Fiscal\u00eda de Instrucci\u00f3n de Segundo Turno a cargo de [&hellip;]","og_url":"http:\/\/elregionalvm.com.ar\/noticias-villa-maria\/joven-detenido-por-agredir-fisicamente-a-un-miembro-de-su-familia\/","og_site_name":"El Regional","article_publisher":"https:\/\/www.facebook.com\/elregionalvm","article_published_time":"2023-02-28T23:02:43+00:00","article_modified_time":"2023-03-02T02:46:06+00:00","og_image":[{"width":659,"height":885,"url":"http:\/\/elregionalvm.com.ar\/noticias-villa-maria\/wp-content\/uploads\/2023\/02\/WhatsApp-Image-2023-02-28-at-19.12.20.jpeg","type":"image\/jpeg"}],"author":"Contenidos El Regional","twitter_card":"summary_large_image","twitter_creator":"@elregionalvm1","twitter_site":"@elregionalvm1","twitter_misc":{"Escrito por":"Contenidos El Regional","Tiempo de lectura":"1 minuto"},"schema":{"@context":"https:\/\/schema.org","@graph":[{"@type":"Article","@id":"http:\/\/elregionalvm.com.ar\/noticias-villa-maria\/joven-detenido-por-agredir-fisicamente-a-un-miembro-de-su-familia\/#article","isPartOf":{"@id":"http:\/\/elregionalvm.com.ar\/noticias-villa-maria\/joven-detenido-por-agredir-fisicamente-a-un-miembro-de-su-familia\/"},"author":{"name":"Contenidos El Regional","@id":"http:\/\/elregionalvm.com.ar\/noticias-villa-maria\/#\/schema\/person\/a0fb9c422317faca23d50163151bc354"},"headline":"Joven detenido por agredir f\u00edsicamente a un miembro de su familia","datePublished":"2023-02-28T23:02:43+00:00","dateModified":"2023-03-02T02:46:06+00:00","mainEntityOfPage":{"@id":"http:\/\/elregionalvm.com.ar\/noticias-villa-maria\/joven-detenido-por-agredir-fisicamente-a-un-miembro-de-su-familia\/"},"wordCount":120,"commentCount":0,"image":{"@id":"http:\/\/elregionalvm.com.ar\/noticias-villa-maria\/joven-detenido-por-agredir-fisicamente-a-un-miembro-de-su-familia\/#primaryimage"},"thumbnailUrl":"https:\/\/i0.wp.com\/elregionalvm.com.ar\/noticias-villa-maria\/wp-content\/uploads\/2023\/02\/WhatsApp-Image-2023-02-28-at-19.12.20.jpeg?fit=659%2C885&ssl=1","articleSection":["Policiales","Sociedad","Villa Nueva"],"inLanguage":"es","potentialAction":[{"@type":"CommentAction","name":"Comment","target":["http:\/\/elregionalvm.com.ar\/noticias-villa-maria\/joven-detenido-por-agredir-fisicamente-a-un-miembro-de-su-familia\/#respond"]}]},{"@type":"WebPage","@id":"http:\/\/elregionalvm.com.ar\/noticias-villa-maria\/joven-detenido-por-agredir-fisicamente-a-un-miembro-de-su-familia\/","url":"http:\/\/elregionalvm.com.ar\/noticias-villa-maria\/joven-detenido-por-agredir-fisicamente-a-un-miembro-de-su-familia\/","name":"Joven detenido por agredir f\u00edsicamente a un miembro de su familia - El Regional","isPartOf":{"@id":"http:\/\/elregionalvm.com.ar\/noticias-villa-maria\/#website"},"primaryImageOfPage":{"@id":"http:\/\/elregionalvm.com.ar\/noticias-villa-maria\/joven-detenido-por-agredir-fisicamente-a-un-miembro-de-su-familia\/#primaryimage"},"image":{"@id":"http:\/\/elregionalvm.com.ar\/noticias-villa-maria\/joven-detenido-por-agredir-fisicamente-a-un-miembro-de-su-familia\/#primaryimage"},"thumbnailUrl":"https:\/\/i0.wp.com\/elregionalvm.com.ar\/noticias-villa-maria\/wp-content\/uploads\/2023\/02\/WhatsApp-Image-2023-02-28-at-19.12.20.jpeg?fit=659%2C885&ssl=1","datePublished":"2023-02-28T23:02:43+00:00","dateModified":"2023-03-02T02:46:06+00:00","author":{"@id":"http:\/\/elregionalvm.com.ar\/noticias-villa-maria\/#\/schema\/person\/a0fb9c422317faca23d50163151bc354"},"breadcrumb":{"@id":"http:\/\/elregionalvm.com.ar\/noticias-villa-maria\/joven-detenido-por-agredir-fisicamente-a-un-miembro-de-su-familia\/#breadcrumb"},"inLanguage":"es","potentialAction":[{"@type":"ReadAction","target":["http:\/\/elregionalvm.com.ar\/noticias-villa-maria\/joven-detenido-por-agredir-fisicamente-a-un-miembro-de-su-familia\/"]}]},{"@type":"ImageObject","inLanguage":"es","@id":"http:\/\/elregionalvm.com.ar\/noticias-villa-maria\/joven-detenido-por-agredir-fisicamente-a-un-miembro-de-su-familia\/#primaryimage","url":"https:\/\/i0.wp.com\/elregionalvm.com.ar\/noticias-villa-maria\/wp-content\/uploads\/2023\/02\/WhatsApp-Image-2023-02-28-at-19.12.20.jpeg?fit=659%2C885&ssl=1","contentUrl":"https:\/\/i0.wp.com\/elregionalvm.com.ar\/noticias-villa-maria\/wp-content\/uploads\/2023\/02\/WhatsApp-Image-2023-02-28-at-19.12.20.jpeg?fit=659%2C885&ssl=1","width":659,"height":885},{"@type":"BreadcrumbList","@id":"http:\/\/elregionalvm.com.ar\/noticias-villa-maria\/joven-detenido-por-agredir-fisicamente-a-un-miembro-de-su-familia\/#breadcrumb","itemListElement":[{"@type":"ListItem","position":1,"name":"Portada","item":"https:\/\/elregionalvm.com.ar\/noticias-villa-maria\/"},{"@type":"ListItem","position":2,"name":"Joven detenido por agredir f\u00edsicamente a un miembro de su familia"}]},{"@type":"WebSite","@id":"http:\/\/elregionalvm.com.ar\/noticias-villa-maria\/#website","url":"http:\/\/elregionalvm.com.ar\/noticias-villa-maria\/","name":"El Regional","description":"Mucho m\u00e1s que informaci\u00f3n","potentialAction":[{"@type":"SearchAction","target":{"@type":"EntryPoint","urlTemplate":"http:\/\/elregionalvm.com.ar\/noticias-villa-maria\/?s={search_term_string}"},"query-input":{"@type":"PropertyValueSpecification","valueRequired":true,"valueName":"search_term_string"}}],"inLanguage":"es"},{"@type":"Person","@id":"http:\/\/elregionalvm.com.ar\/noticias-villa-maria\/#\/schema\/person\/a0fb9c422317faca23d50163151bc354","name":"Contenidos El Regional","image":{"@type":"ImageObject","inLanguage":"es","@id":"http:\/\/elregionalvm.com.ar\/noticias-villa-maria\/#\/schema\/person\/image\/","url":"https:\/\/secure.gravatar.com\/avatar\/265b27cb2209af7bb3a1318f03305787d7981a5cc6e6cd08fe5a4ecdf99d4b48?s=96&d=mm&r=g","contentUrl":"https:\/\/secure.gravatar.com\/avatar\/265b27cb2209af7bb3a1318f03305787d7981a5cc6e6cd08fe5a4ecdf99d4b48?s=96&d=mm&r=g","caption":"Contenidos El Regional"},"url":"https:\/\/elregionalvm.com.ar\/noticias-villa-maria\/author\/contenido\/"}]}},"jetpack_featured_media_url":"https:\/\/i0.wp.com\/elregionalvm.com.ar\/noticias-villa-maria\/wp-content\/uploads\/2023\/02\/WhatsApp-Image-2023-02-28-at-19.12.20.jpeg?fit=659%2C885&ssl=1","jetpack_sharing_enabled":true,"_links":{"self":[{"href":"https:\/\/elregionalvm.com.ar\/noticias-villa-maria\/wp-json\/wp\/v2\/posts\/72435","targetHints":{"allow":["GET"]}}],"collection":[{"href":"https:\/\/elregionalvm.com.ar\/noticias-villa-maria\/wp-json\/wp\/v2\/posts"}],"about":[{"href":"https:\/\/elregionalvm.com.ar\/noticias-villa-maria\/wp-json\/wp\/v2\/types\/post"}],"author":[{"embeddable":true,"href":"https:\/\/elregionalvm.com.ar\/noticias-villa-maria\/wp-json\/wp\/v2\/users\/4"}],"replies":[{"embeddable":true,"href":"https:\/\/elregionalvm.com.ar\/noticias-villa-maria\/wp-json\/wp\/v2\/comments?post=72435"}],"version-history":[{"count":1,"href":"https:\/\/elregionalvm.com.ar\/noticias-villa-maria\/wp-json\/wp\/v2\/posts\/72435\/revisions"}],"predecessor-version":[{"id":72437,"href":"https:\/\/elregionalvm.com.ar\/noticias-villa-maria\/wp-json\/wp\/v2\/posts\/72435\/revisions\/72437"}],"wp:featuredmedia":[{"embeddable":true,"href":"https:\/\/elregionalvm.com.ar\/noticias-villa-maria\/wp-json\/wp\/v2\/media\/72436"}],"wp:attachment":[{"href":"https:\/\/elregionalvm.com.ar\/noticias-villa-maria\/wp-json\/wp\/v2\/media?parent=72435"}],"wp:term":[{"taxonomy":"category","embeddable":true,"href":"https:\/\/elregionalvm.com.ar\/noticias-villa-maria\/wp-json\/wp\/v2\/categories?post=72435"},{"taxonomy":"post_tag","embeddable":true,"href":"https:\/\/elregionalvm.com.ar\/noticias-villa-maria\/wp-json\/wp\/v2\/tags?post=72435"}],"curies":[{"name":"wp","href":"https:\/\/api.w.org\/{rel}","templated":true}]}}