{"id":72453,"date":"2023-03-02T01:22:40","date_gmt":"2023-03-02T01:22:40","guid":{"rendered":"https:\/\/elregionalvm.com.ar\/noticias-villa-maria\/?p=72453"},"modified":"2023-03-02T01:31:23","modified_gmt":"2023-03-02T01:31:23","slug":"trece-familias-recibieron-creditos-del-banco-de-la-gente-en-pozo-del-molle","status":"publish","type":"post","link":"https:\/\/elregionalvm.com.ar\/noticias-villa-maria\/trece-familias-recibieron-creditos-del-banco-de-la-gente-en-pozo-del-molle\/","title":{"rendered":"Trece familias recibieron cr\u00e9ditos del Banco de la Gente en Pozo del Molle"},"content":{"rendered":"\n<p><\/p>\n\n\n\n<p>Un total de 13 familias de la localidad recibieron cr\u00e9ditos por 40 mil pesos como parte de la iniciativa del Banco de la Gente.<\/p>\n\n\n\n<p>Los fondos est\u00e1n destinados a personas que no acceden al sistema financiero formal. Para necesidades personales o del grupo familiar y para desarrollar un emprendimiento productivo o comercial.<\/p>\n\n\n\n<p>Del acto participaron el intendente interino Fernando Ruiz D\u00edaz, el legislador departamental Francisco Fortuna, el secretario de gobierno Mart\u00edn Roland, el presidente del Concejo Deliberante Daniel Navarro y la concejala Evangelina Mago.<\/p>\n\n\n\n<p><\/p>\n\n\n\n<figure class=\"wp-block-image size-large\"><img data-recalc-dims=\"1\" fetchpriority=\"high\" decoding=\"async\" width=\"1024\" height=\"625\" src=\"https:\/\/i0.wp.com\/elregionalvm.com.ar\/noticias-villa-maria\/wp-content\/uploads\/2023\/03\/Molle-creditos-banco-de-la-gente-funcionarios.jpg?resize=1024%2C625&#038;ssl=1\" alt=\"\" class=\"wp-image-72455\"\/><figcaption><em>Habla Ruiz D\u00edaz, junto con el legislador Fortuna y el secretario Mart\u00edn Roland.<\/em><\/figcaption><\/figure>\n\n\n\n<p><\/p>\n\n\n\n<p><strong>Modo de acceder<\/strong><\/p>\n\n\n\n<p>Los interesados en acceder a los cr\u00e9ditos deben ser mayores de 18 a\u00f1os y residir en la provincia de C\u00f3rdoba. Para la postulaci\u00f3n necesitan tener CiDi Nivel 2.<\/p>\n\n\n\n<p>La inscripci\u00f3n puede hacerse en la p\u00e1gina web \u00a0https:\/\/habitatyfamilia.cba.gov.ar.<\/p>\n\n\n\n<p><\/p>\n\n\n\n<h3 class=\"wp-block-heading\"><strong>Campa\u00f1a de donaci\u00f3n de sangre<\/strong><\/h3>\n\n\n\n<p><\/p>\n\n\n\n<p>Este s\u00e1bado 4 de marzo se realizar\u00e1 la campa\u00f1a de donaci\u00f3n de sangre desde las 8 de la ma\u00f1ana.<\/p>\n\n\n\n<p>Bajo el lema \u201cDon\u00e1 sangre para que el mundo siga latiendo\u201d, los voluntarios deben dirigirse desde esa hora al Hospital Municipal Dr. Ra\u00fal Dobric.<\/p>\n\n\n\n<p>La atenci\u00f3n ser\u00e1 por orden de llegada, informaron desde el municipio.<\/p>\n\n\n\n<p>El l\u00edquido vital recolectado ser\u00e1 destinado para al banco de sangre en funcionamiento.<\/p>\n","protected":false},"excerpt":{"rendered":"<p>Un total de 13 familias de la localidad recibieron cr\u00e9ditos por 40 mil pesos como parte de la iniciativa del Banco de la Gente. Los fondos est\u00e1n destinados a personas que no acceden al sistema financiero formal. Para necesidades personales o del grupo familiar y para desarrollar un emprendimiento productivo o comercial. Del acto participaron [&hellip;]<\/p>\n","protected":false},"author":4,"featured_media":72454,"comment_status":"open","ping_status":"open","sticky":false,"template":"","format":"standard","meta":{"site-sidebar-layout":"default","site-content-layout":"","ast-site-content-layout":"default","site-content-style":"default","site-sidebar-style":"default","ast-global-header-display":"","ast-banner-title-visibility":"","ast-main-header-display":"","ast-hfb-above-header-display":"","ast-hfb-below-header-display":"","ast-hfb-mobile-header-display":"","site-post-title":"","ast-breadcrumbs-content":"","ast-featured-img":"","footer-sml-layout":"","ast-disable-related-posts":"","theme-transparent-header-meta":"","adv-header-id-meta":"","stick-header-meta":"","header-above-stick-meta":"","header-main-stick-meta":"","header-below-stick-meta":"","astra-migrate-meta-layouts":"default","ast-page-background-enabled":"default","ast-page-background-meta":{"desktop":{"background-color":"","background-image":"","background-repeat":"repeat","background-position":"center center","background-size":"auto","background-attachment":"scroll","background-type":"","background-media":"","overlay-type":"","overlay-color":"","overlay-opacity":"","overlay-gradient":""},"tablet":{"background-color":"","background-image":"","background-repeat":"repeat","background-position":"center center","background-size":"auto","background-attachment":"scroll","background-type":"","background-media":"","overlay-type":"","overlay-color":"","overlay-opacity":"","overlay-gradient":""},"mobile":{"background-color":"","background-image":"","background-repeat":"repeat","background-position":"center center","background-size":"auto","background-attachment":"scroll","background-type":"","background-media":"","overlay-type":"","overlay-color":"","overlay-opacity":"","overlay-gradient":""}},"ast-content-background-meta":{"desktop":{"background-color":"var(--ast-global-color-5)","background-image":"","background-repeat":"repeat","background-position":"center center","background-size":"auto","background-attachment":"scroll","background-type":"","background-media":"","overlay-type":"","overlay-color":"","overlay-opacity":"","overlay-gradient":""},"tablet":{"background-color":"var(--ast-global-color-5)","background-image":"","background-repeat":"repeat","background-position":"center center","background-size":"auto","background-attachment":"scroll","background-type":"","background-media":"","overlay-type":"","overlay-color":"","overlay-opacity":"","overlay-gradient":""},"mobile":{"background-color":"var(--ast-global-color-5)","background-image":"","background-repeat":"repeat","background-position":"center center","background-size":"auto","background-attachment":"scroll","background-type":"","background-media":"","overlay-type":"","overlay-color":"","overlay-opacity":"","overlay-gradient":""}},"_jetpack_memberships_contains_paid_content":false,"_joinchat":[],"footnotes":""},"categories":[15302,2091],"tags":[9592,9593,21421,6559,3040,685],"class_list":["post-72453","post","type-post","status-publish","format-standard","has-post-thumbnail","hentry","category-destacado","category-region","tag-banco-de-la-gente","tag-creditos","tag-fernando-ruiz-diaz","tag-francisco-fortuna","tag-gobierno-de-cordoba","tag-pozo-del-molle"],"yoast_head":"<!-- This site is optimized with the Yoast SEO plugin v26.8 - https:\/\/yoast.com\/product\/yoast-seo-wordpress\/ -->\n<title>Trece familias recibieron cr\u00e9ditos del Banco de la Gente en Pozo del Molle - El Regional<\/title>\n<meta name=\"robots\" content=\"index, follow, max-snippet:-1, max-image-preview:large, max-video-preview:-1\" \/>\n<link rel=\"canonical\" href=\"http:\/\/elregionalvm.com.ar\/noticias-villa-maria\/trece-familias-recibieron-creditos-del-banco-de-la-gente-en-pozo-del-molle\/\" \/>\n<meta property=\"og:locale\" content=\"es_ES\" \/>\n<meta property=\"og:type\" content=\"article\" \/>\n<meta property=\"og:title\" content=\"Trece familias recibieron cr\u00e9ditos del Banco de la Gente en Pozo del Molle - El Regional\" \/>\n<meta property=\"og:description\" content=\"Un total de 13 familias de la localidad recibieron cr\u00e9ditos por 40 mil pesos como parte de la iniciativa del Banco de la Gente. Los fondos est\u00e1n destinados a personas que no acceden al sistema financiero formal. Para necesidades personales o del grupo familiar y para desarrollar un emprendimiento productivo o comercial. Del acto participaron [&hellip;]\" \/>\n<meta property=\"og:url\" content=\"http:\/\/elregionalvm.com.ar\/noticias-villa-maria\/trece-familias-recibieron-creditos-del-banco-de-la-gente-en-pozo-del-molle\/\" \/>\n<meta property=\"og:site_name\" content=\"El Regional\" \/>\n<meta property=\"article:publisher\" content=\"https:\/\/www.facebook.com\/elregionalvm\" \/>\n<meta property=\"article:published_time\" content=\"2023-03-02T01:22:40+00:00\" \/>\n<meta property=\"article:modified_time\" content=\"2023-03-02T01:31:23+00:00\" \/>\n<meta property=\"og:image\" content=\"http:\/\/elregionalvm.com.ar\/noticias-villa-maria\/wp-content\/uploads\/2023\/03\/Molle-creditos-banco-de-la-gente-e1677720003943.jpg\" \/>\n\t<meta property=\"og:image:width\" content=\"1000\" \/>\n\t<meta property=\"og:image:height\" content=\"465\" \/>\n\t<meta property=\"og:image:type\" content=\"image\/jpeg\" \/>\n<meta name=\"author\" content=\"Contenidos El Regional\" \/>\n<meta name=\"twitter:card\" content=\"summary_large_image\" \/>\n<meta name=\"twitter:creator\" content=\"@elregionalvm1\" \/>\n<meta name=\"twitter:site\" content=\"@elregionalvm1\" \/>\n<meta name=\"twitter:label1\" content=\"Escrito por\" \/>\n\t<meta name=\"twitter:data1\" content=\"Contenidos El Regional\" \/>\n\t<meta name=\"twitter:label2\" content=\"Tiempo de lectura\" \/>\n\t<meta name=\"twitter:data2\" content=\"2 minutos\" \/>\n<script type=\"application\/ld+json\" class=\"yoast-schema-graph\">{\"@context\":\"https:\/\/schema.org\",\"@graph\":[{\"@type\":\"Article\",\"@id\":\"http:\/\/elregionalvm.com.ar\/noticias-villa-maria\/trece-familias-recibieron-creditos-del-banco-de-la-gente-en-pozo-del-molle\/#article\",\"isPartOf\":{\"@id\":\"http:\/\/elregionalvm.com.ar\/noticias-villa-maria\/trece-familias-recibieron-creditos-del-banco-de-la-gente-en-pozo-del-molle\/\"},\"author\":{\"name\":\"Contenidos El Regional\",\"@id\":\"http:\/\/elregionalvm.com.ar\/noticias-villa-maria\/#\/schema\/person\/a0fb9c422317faca23d50163151bc354\"},\"headline\":\"Trece familias recibieron cr\u00e9ditos del Banco de la Gente en Pozo del Molle\",\"datePublished\":\"2023-03-02T01:22:40+00:00\",\"dateModified\":\"2023-03-02T01:31:23+00:00\",\"mainEntityOfPage\":{\"@id\":\"http:\/\/elregionalvm.com.ar\/noticias-villa-maria\/trece-familias-recibieron-creditos-del-banco-de-la-gente-en-pozo-del-molle\/\"},\"wordCount\":242,\"commentCount\":0,\"image\":{\"@id\":\"http:\/\/elregionalvm.com.ar\/noticias-villa-maria\/trece-familias-recibieron-creditos-del-banco-de-la-gente-en-pozo-del-molle\/#primaryimage\"},\"thumbnailUrl\":\"https:\/\/i0.wp.com\/elregionalvm.com.ar\/noticias-villa-maria\/wp-content\/uploads\/2023\/03\/Molle-creditos-banco-de-la-gente-e1677720003943.jpg?fit=1000%2C465&ssl=1\",\"keywords\":[\"Banco de la Gente\",\"cr\u00e9ditos\",\"Fernando Ruiz D\u00edaz\",\"Francisco Fortuna\",\"Gobierno de C\u00f3rdoba\",\"POZO DEL MOLLE\"],\"articleSection\":[\"destacado\",\"Regi\u00f3n\"],\"inLanguage\":\"es\",\"potentialAction\":[{\"@type\":\"CommentAction\",\"name\":\"Comment\",\"target\":[\"http:\/\/elregionalvm.com.ar\/noticias-villa-maria\/trece-familias-recibieron-creditos-del-banco-de-la-gente-en-pozo-del-molle\/#respond\"]}]},{\"@type\":\"WebPage\",\"@id\":\"http:\/\/elregionalvm.com.ar\/noticias-villa-maria\/trece-familias-recibieron-creditos-del-banco-de-la-gente-en-pozo-del-molle\/\",\"url\":\"http:\/\/elregionalvm.com.ar\/noticias-villa-maria\/trece-familias-recibieron-creditos-del-banco-de-la-gente-en-pozo-del-molle\/\",\"name\":\"Trece familias recibieron cr\u00e9ditos del Banco de la Gente en Pozo del Molle - El Regional\",\"isPartOf\":{\"@id\":\"http:\/\/elregionalvm.com.ar\/noticias-villa-maria\/#website\"},\"primaryImageOfPage\":{\"@id\":\"http:\/\/elregionalvm.com.ar\/noticias-villa-maria\/trece-familias-recibieron-creditos-del-banco-de-la-gente-en-pozo-del-molle\/#primaryimage\"},\"image\":{\"@id\":\"http:\/\/elregionalvm.com.ar\/noticias-villa-maria\/trece-familias-recibieron-creditos-del-banco-de-la-gente-en-pozo-del-molle\/#primaryimage\"},\"thumbnailUrl\":\"https:\/\/i0.wp.com\/elregionalvm.com.ar\/noticias-villa-maria\/wp-content\/uploads\/2023\/03\/Molle-creditos-banco-de-la-gente-e1677720003943.jpg?fit=1000%2C465&ssl=1\",\"datePublished\":\"2023-03-02T01:22:40+00:00\",\"dateModified\":\"2023-03-02T01:31:23+00:00\",\"author\":{\"@id\":\"http:\/\/elregionalvm.com.ar\/noticias-villa-maria\/#\/schema\/person\/a0fb9c422317faca23d50163151bc354\"},\"breadcrumb\":{\"@id\":\"http:\/\/elregionalvm.com.ar\/noticias-villa-maria\/trece-familias-recibieron-creditos-del-banco-de-la-gente-en-pozo-del-molle\/#breadcrumb\"},\"inLanguage\":\"es\",\"potentialAction\":[{\"@type\":\"ReadAction\",\"target\":[\"http:\/\/elregionalvm.com.ar\/noticias-villa-maria\/trece-familias-recibieron-creditos-del-banco-de-la-gente-en-pozo-del-molle\/\"]}]},{\"@type\":\"ImageObject\",\"inLanguage\":\"es\",\"@id\":\"http:\/\/elregionalvm.com.ar\/noticias-villa-maria\/trece-familias-recibieron-creditos-del-banco-de-la-gente-en-pozo-del-molle\/#primaryimage\",\"url\":\"https:\/\/i0.wp.com\/elregionalvm.com.ar\/noticias-villa-maria\/wp-content\/uploads\/2023\/03\/Molle-creditos-banco-de-la-gente-e1677720003943.jpg?fit=1000%2C465&ssl=1\",\"contentUrl\":\"https:\/\/i0.wp.com\/elregionalvm.com.ar\/noticias-villa-maria\/wp-content\/uploads\/2023\/03\/Molle-creditos-banco-de-la-gente-e1677720003943.jpg?fit=1000%2C465&ssl=1\",\"width\":1000,\"height\":465},{\"@type\":\"BreadcrumbList\",\"@id\":\"http:\/\/elregionalvm.com.ar\/noticias-villa-maria\/trece-familias-recibieron-creditos-del-banco-de-la-gente-en-pozo-del-molle\/#breadcrumb\",\"itemListElement\":[{\"@type\":\"ListItem\",\"position\":1,\"name\":\"Portada\",\"item\":\"https:\/\/elregionalvm.com.ar\/noticias-villa-maria\/\"},{\"@type\":\"ListItem\",\"position\":2,\"name\":\"Trece familias recibieron cr\u00e9ditos del Banco de la Gente en Pozo del Molle\"}]},{\"@type\":\"WebSite\",\"@id\":\"http:\/\/elregionalvm.com.ar\/noticias-villa-maria\/#website\",\"url\":\"http:\/\/elregionalvm.com.ar\/noticias-villa-maria\/\",\"name\":\"El Regional\",\"description\":\"Mucho m\u00e1s que informaci\u00f3n\",\"potentialAction\":[{\"@type\":\"SearchAction\",\"target\":{\"@type\":\"EntryPoint\",\"urlTemplate\":\"http:\/\/elregionalvm.com.ar\/noticias-villa-maria\/?s={search_term_string}\"},\"query-input\":{\"@type\":\"PropertyValueSpecification\",\"valueRequired\":true,\"valueName\":\"search_term_string\"}}],\"inLanguage\":\"es\"},{\"@type\":\"Person\",\"@id\":\"http:\/\/elregionalvm.com.ar\/noticias-villa-maria\/#\/schema\/person\/a0fb9c422317faca23d50163151bc354\",\"name\":\"Contenidos El Regional\",\"image\":{\"@type\":\"ImageObject\",\"inLanguage\":\"es\",\"@id\":\"http:\/\/elregionalvm.com.ar\/noticias-villa-maria\/#\/schema\/person\/image\/\",\"url\":\"https:\/\/secure.gravatar.com\/avatar\/265b27cb2209af7bb3a1318f03305787d7981a5cc6e6cd08fe5a4ecdf99d4b48?s=96&d=mm&r=g\",\"contentUrl\":\"https:\/\/secure.gravatar.com\/avatar\/265b27cb2209af7bb3a1318f03305787d7981a5cc6e6cd08fe5a4ecdf99d4b48?s=96&d=mm&r=g\",\"caption\":\"Contenidos El Regional\"},\"url\":\"https:\/\/elregionalvm.com.ar\/noticias-villa-maria\/author\/contenido\/\"}]}<\/script>\n<!-- \/ Yoast SEO plugin. -->","yoast_head_json":{"title":"Trece familias recibieron cr\u00e9ditos del Banco de la Gente en Pozo del Molle - El Regional","robots":{"index":"index","follow":"follow","max-snippet":"max-snippet:-1","max-image-preview":"max-image-preview:large","max-video-preview":"max-video-preview:-1"},"canonical":"http:\/\/elregionalvm.com.ar\/noticias-villa-maria\/trece-familias-recibieron-creditos-del-banco-de-la-gente-en-pozo-del-molle\/","og_locale":"es_ES","og_type":"article","og_title":"Trece familias recibieron cr\u00e9ditos del Banco de la Gente en Pozo del Molle - El Regional","og_description":"Un total de 13 familias de la localidad recibieron cr\u00e9ditos por 40 mil pesos como parte de la iniciativa del Banco de la Gente. Los fondos est\u00e1n destinados a personas que no acceden al sistema financiero formal. Para necesidades personales o del grupo familiar y para desarrollar un emprendimiento productivo o comercial. Del acto participaron [&hellip;]","og_url":"http:\/\/elregionalvm.com.ar\/noticias-villa-maria\/trece-familias-recibieron-creditos-del-banco-de-la-gente-en-pozo-del-molle\/","og_site_name":"El Regional","article_publisher":"https:\/\/www.facebook.com\/elregionalvm","article_published_time":"2023-03-02T01:22:40+00:00","article_modified_time":"2023-03-02T01:31:23+00:00","og_image":[{"width":1000,"height":465,"url":"http:\/\/elregionalvm.com.ar\/noticias-villa-maria\/wp-content\/uploads\/2023\/03\/Molle-creditos-banco-de-la-gente-e1677720003943.jpg","type":"image\/jpeg"}],"author":"Contenidos El Regional","twitter_card":"summary_large_image","twitter_creator":"@elregionalvm1","twitter_site":"@elregionalvm1","twitter_misc":{"Escrito por":"Contenidos El Regional","Tiempo de lectura":"2 minutos"},"schema":{"@context":"https:\/\/schema.org","@graph":[{"@type":"Article","@id":"http:\/\/elregionalvm.com.ar\/noticias-villa-maria\/trece-familias-recibieron-creditos-del-banco-de-la-gente-en-pozo-del-molle\/#article","isPartOf":{"@id":"http:\/\/elregionalvm.com.ar\/noticias-villa-maria\/trece-familias-recibieron-creditos-del-banco-de-la-gente-en-pozo-del-molle\/"},"author":{"name":"Contenidos El Regional","@id":"http:\/\/elregionalvm.com.ar\/noticias-villa-maria\/#\/schema\/person\/a0fb9c422317faca23d50163151bc354"},"headline":"Trece familias recibieron cr\u00e9ditos del Banco de la Gente en Pozo del Molle","datePublished":"2023-03-02T01:22:40+00:00","dateModified":"2023-03-02T01:31:23+00:00","mainEntityOfPage":{"@id":"http:\/\/elregionalvm.com.ar\/noticias-villa-maria\/trece-familias-recibieron-creditos-del-banco-de-la-gente-en-pozo-del-molle\/"},"wordCount":242,"commentCount":0,"image":{"@id":"http:\/\/elregionalvm.com.ar\/noticias-villa-maria\/trece-familias-recibieron-creditos-del-banco-de-la-gente-en-pozo-del-molle\/#primaryimage"},"thumbnailUrl":"https:\/\/i0.wp.com\/elregionalvm.com.ar\/noticias-villa-maria\/wp-content\/uploads\/2023\/03\/Molle-creditos-banco-de-la-gente-e1677720003943.jpg?fit=1000%2C465&ssl=1","keywords":["Banco de la Gente","cr\u00e9ditos","Fernando Ruiz D\u00edaz","Francisco Fortuna","Gobierno de C\u00f3rdoba","POZO DEL MOLLE"],"articleSection":["destacado","Regi\u00f3n"],"inLanguage":"es","potentialAction":[{"@type":"CommentAction","name":"Comment","target":["http:\/\/elregionalvm.com.ar\/noticias-villa-maria\/trece-familias-recibieron-creditos-del-banco-de-la-gente-en-pozo-del-molle\/#respond"]}]},{"@type":"WebPage","@id":"http:\/\/elregionalvm.com.ar\/noticias-villa-maria\/trece-familias-recibieron-creditos-del-banco-de-la-gente-en-pozo-del-molle\/","url":"http:\/\/elregionalvm.com.ar\/noticias-villa-maria\/trece-familias-recibieron-creditos-del-banco-de-la-gente-en-pozo-del-molle\/","name":"Trece familias recibieron cr\u00e9ditos del Banco de la Gente en Pozo del Molle - El Regional","isPartOf":{"@id":"http:\/\/elregionalvm.com.ar\/noticias-villa-maria\/#website"},"primaryImageOfPage":{"@id":"http:\/\/elregionalvm.com.ar\/noticias-villa-maria\/trece-familias-recibieron-creditos-del-banco-de-la-gente-en-pozo-del-molle\/#primaryimage"},"image":{"@id":"http:\/\/elregionalvm.com.ar\/noticias-villa-maria\/trece-familias-recibieron-creditos-del-banco-de-la-gente-en-pozo-del-molle\/#primaryimage"},"thumbnailUrl":"https:\/\/i0.wp.com\/elregionalvm.com.ar\/noticias-villa-maria\/wp-content\/uploads\/2023\/03\/Molle-creditos-banco-de-la-gente-e1677720003943.jpg?fit=1000%2C465&ssl=1","datePublished":"2023-03-02T01:22:40+00:00","dateModified":"2023-03-02T01:31:23+00:00","author":{"@id":"http:\/\/elregionalvm.com.ar\/noticias-villa-maria\/#\/schema\/person\/a0fb9c422317faca23d50163151bc354"},"breadcrumb":{"@id":"http:\/\/elregionalvm.com.ar\/noticias-villa-maria\/trece-familias-recibieron-creditos-del-banco-de-la-gente-en-pozo-del-molle\/#breadcrumb"},"inLanguage":"es","potentialAction":[{"@type":"ReadAction","target":["http:\/\/elregionalvm.com.ar\/noticias-villa-maria\/trece-familias-recibieron-creditos-del-banco-de-la-gente-en-pozo-del-molle\/"]}]},{"@type":"ImageObject","inLanguage":"es","@id":"http:\/\/elregionalvm.com.ar\/noticias-villa-maria\/trece-familias-recibieron-creditos-del-banco-de-la-gente-en-pozo-del-molle\/#primaryimage","url":"https:\/\/i0.wp.com\/elregionalvm.com.ar\/noticias-villa-maria\/wp-content\/uploads\/2023\/03\/Molle-creditos-banco-de-la-gente-e1677720003943.jpg?fit=1000%2C465&ssl=1","contentUrl":"https:\/\/i0.wp.com\/elregionalvm.com.ar\/noticias-villa-maria\/wp-content\/uploads\/2023\/03\/Molle-creditos-banco-de-la-gente-e1677720003943.jpg?fit=1000%2C465&ssl=1","width":1000,"height":465},{"@type":"BreadcrumbList","@id":"http:\/\/elregionalvm.com.ar\/noticias-villa-maria\/trece-familias-recibieron-creditos-del-banco-de-la-gente-en-pozo-del-molle\/#breadcrumb","itemListElement":[{"@type":"ListItem","position":1,"name":"Portada","item":"https:\/\/elregionalvm.com.ar\/noticias-villa-maria\/"},{"@type":"ListItem","position":2,"name":"Trece familias recibieron cr\u00e9ditos del Banco de la Gente en Pozo del Molle"}]},{"@type":"WebSite","@id":"http:\/\/elregionalvm.com.ar\/noticias-villa-maria\/#website","url":"http:\/\/elregionalvm.com.ar\/noticias-villa-maria\/","name":"El Regional","description":"Mucho m\u00e1s que informaci\u00f3n","potentialAction":[{"@type":"SearchAction","target":{"@type":"EntryPoint","urlTemplate":"http:\/\/elregionalvm.com.ar\/noticias-villa-maria\/?s={search_term_string}"},"query-input":{"@type":"PropertyValueSpecification","valueRequired":true,"valueName":"search_term_string"}}],"inLanguage":"es"},{"@type":"Person","@id":"http:\/\/elregionalvm.com.ar\/noticias-villa-maria\/#\/schema\/person\/a0fb9c422317faca23d50163151bc354","name":"Contenidos El Regional","image":{"@type":"ImageObject","inLanguage":"es","@id":"http:\/\/elregionalvm.com.ar\/noticias-villa-maria\/#\/schema\/person\/image\/","url":"https:\/\/secure.gravatar.com\/avatar\/265b27cb2209af7bb3a1318f03305787d7981a5cc6e6cd08fe5a4ecdf99d4b48?s=96&d=mm&r=g","contentUrl":"https:\/\/secure.gravatar.com\/avatar\/265b27cb2209af7bb3a1318f03305787d7981a5cc6e6cd08fe5a4ecdf99d4b48?s=96&d=mm&r=g","caption":"Contenidos El Regional"},"url":"https:\/\/elregionalvm.com.ar\/noticias-villa-maria\/author\/contenido\/"}]}},"jetpack_featured_media_url":"https:\/\/i0.wp.com\/elregionalvm.com.ar\/noticias-villa-maria\/wp-content\/uploads\/2023\/03\/Molle-creditos-banco-de-la-gente-e1677720003943.jpg?fit=1000%2C465&ssl=1","jetpack_sharing_enabled":true,"_links":{"self":[{"href":"https:\/\/elregionalvm.com.ar\/noticias-villa-maria\/wp-json\/wp\/v2\/posts\/72453","targetHints":{"allow":["GET"]}}],"collection":[{"href":"https:\/\/elregionalvm.com.ar\/noticias-villa-maria\/wp-json\/wp\/v2\/posts"}],"about":[{"href":"https:\/\/elregionalvm.com.ar\/noticias-villa-maria\/wp-json\/wp\/v2\/types\/post"}],"author":[{"embeddable":true,"href":"https:\/\/elregionalvm.com.ar\/noticias-villa-maria\/wp-json\/wp\/v2\/users\/4"}],"replies":[{"embeddable":true,"href":"https:\/\/elregionalvm.com.ar\/noticias-villa-maria\/wp-json\/wp\/v2\/comments?post=72453"}],"version-history":[{"count":2,"href":"https:\/\/elregionalvm.com.ar\/noticias-villa-maria\/wp-json\/wp\/v2\/posts\/72453\/revisions"}],"predecessor-version":[{"id":72457,"href":"https:\/\/elregionalvm.com.ar\/noticias-villa-maria\/wp-json\/wp\/v2\/posts\/72453\/revisions\/72457"}],"wp:featuredmedia":[{"embeddable":true,"href":"https:\/\/elregionalvm.com.ar\/noticias-villa-maria\/wp-json\/wp\/v2\/media\/72454"}],"wp:attachment":[{"href":"https:\/\/elregionalvm.com.ar\/noticias-villa-maria\/wp-json\/wp\/v2\/media?parent=72453"}],"wp:term":[{"taxonomy":"category","embeddable":true,"href":"https:\/\/elregionalvm.com.ar\/noticias-villa-maria\/wp-json\/wp\/v2\/categories?post=72453"},{"taxonomy":"post_tag","embeddable":true,"href":"https:\/\/elregionalvm.com.ar\/noticias-villa-maria\/wp-json\/wp\/v2\/tags?post=72453"}],"curies":[{"name":"wp","href":"https:\/\/api.w.org\/{rel}","templated":true}]}}