{"id":72463,"date":"2023-03-02T02:18:33","date_gmt":"2023-03-02T02:18:33","guid":{"rendered":"https:\/\/elregionalvm.com.ar\/noticias-villa-maria\/?p=72463"},"modified":"2023-03-02T02:18:37","modified_gmt":"2023-03-02T02:18:37","slug":"graglia-abrio-las-sesiones-del-concejo-hicimos-posible-el-mayor-desarrollo-de-toda-la-historia","status":"publish","type":"post","link":"https:\/\/elregionalvm.com.ar\/noticias-villa-maria\/graglia-abrio-las-sesiones-del-concejo-hicimos-posible-el-mayor-desarrollo-de-toda-la-historia\/","title":{"rendered":"Graglia abri\u00f3 las sesiones del Concejo: \u201cHicimos posible el mayor desarrollo de toda la historia\u201d"},"content":{"rendered":"\n<p><\/p>\n\n\n\n<p>El intendente Natalio Graglia abri\u00f3 el periodo de sesiones ordinarias del Concejo Deliberante ante vecinos, funcionarios, vecinalistas y autoridades de las instituciones intermedias.<\/p>\n\n\n\n<p>En su discurso destac\u00f3 el trabajo del equipo de gesti\u00f3n. \u00abPudimos avanzar con los objetivos propuestos llevando adelante una transformaci\u00f3n total de la administraci\u00f3n municipal y haciendo posible el mayor desarrollo de nuestra ciudad en toda su historia\u00bb.<\/p>\n\n\n\n<p><\/p>\n\n\n\n<figure class=\"wp-block-image size-large\"><img data-recalc-dims=\"1\" fetchpriority=\"high\" decoding=\"async\" width=\"1024\" height=\"650\" src=\"https:\/\/i0.wp.com\/elregionalvm.com.ar\/noticias-villa-maria\/wp-content\/uploads\/2023\/03\/Graglia-apertura-2023.jpeg?resize=1024%2C650&#038;ssl=1\" alt=\"\" class=\"wp-image-72465\" srcset=\"https:\/\/i0.wp.com\/elregionalvm.com.ar\/noticias-villa-maria\/wp-content\/uploads\/2023\/03\/Graglia-apertura-2023.jpeg?resize=1024%2C650&amp;ssl=1 1024w, https:\/\/i0.wp.com\/elregionalvm.com.ar\/noticias-villa-maria\/wp-content\/uploads\/2023\/03\/Graglia-apertura-2023.jpeg?resize=300%2C191&amp;ssl=1 300w, https:\/\/i0.wp.com\/elregionalvm.com.ar\/noticias-villa-maria\/wp-content\/uploads\/2023\/03\/Graglia-apertura-2023.jpeg?resize=768%2C488&amp;ssl=1 768w, https:\/\/i0.wp.com\/elregionalvm.com.ar\/noticias-villa-maria\/wp-content\/uploads\/2023\/03\/Graglia-apertura-2023.jpeg?w=1200&amp;ssl=1 1200w\" sizes=\"(max-width: 1000px) 100vw, 1000px\" \/><\/figure>\n\n\n\n<p><\/p>\n\n\n\n<p>Graglia hizo un repaso de las gestiones y obras realizadas. \u00abEn Villa Nueva estamos llevando adelante la mayor intervenci\u00f3n de la historia en pavimentaci\u00f3n, repavimentaci\u00f3n y ejecuci\u00f3n de cord\u00f3n cuneta\u00bb, mencion\u00f3.<\/p>\n\n\n\n<p>Indic\u00f3 tambi\u00e9n que se ha invertido en el \u00faltimo tiempo unos 4.000 millones de pesos en obras para la ciudad.<\/p>\n\n\n\n<p>Destac\u00f3 la posibilidad de transformar a Villa Nueva en un polo tur\u00edstico. \u00abLos eventos deportivos y culturales forman parte de una agenda que nos propusimos crear, haciendo de Villa Nueva un punto de encuentro y de nuestro parque Hip\u00f3lito Yrigoyen la conjunci\u00f3n perfecta entre deporte, cultura, gastronom\u00eda y naturaleza\u00bb<\/p>\n\n\n\n<p>\u00abHemos logrado much\u00edsimas cosas en estos a\u00f1os con la \u00fanica receta que sabemos utilizar, que es trabajar con compromiso, esfuerzo, dedicaci\u00f3n y con capacidad de gesti\u00f3n\u00bb, acot\u00f3.<\/p>\n\n\n\n<p><\/p>\n\n\n\n<figure class=\"wp-block-image size-full\"><img data-recalc-dims=\"1\" decoding=\"async\" width=\"1000\" height=\"610\" src=\"https:\/\/i0.wp.com\/elregionalvm.com.ar\/noticias-villa-maria\/wp-content\/uploads\/2023\/03\/Graglia-y-concejales-apertura-2023-2.jpeg?resize=1000%2C610&#038;ssl=1\" alt=\"\" class=\"wp-image-72467\" srcset=\"https:\/\/i0.wp.com\/elregionalvm.com.ar\/noticias-villa-maria\/wp-content\/uploads\/2023\/03\/Graglia-y-concejales-apertura-2023-2.jpeg?w=1000&amp;ssl=1 1000w, https:\/\/i0.wp.com\/elregionalvm.com.ar\/noticias-villa-maria\/wp-content\/uploads\/2023\/03\/Graglia-y-concejales-apertura-2023-2.jpeg?resize=300%2C183&amp;ssl=1 300w, https:\/\/i0.wp.com\/elregionalvm.com.ar\/noticias-villa-maria\/wp-content\/uploads\/2023\/03\/Graglia-y-concejales-apertura-2023-2.jpeg?resize=768%2C468&amp;ssl=1 768w\" sizes=\"(max-width: 1000px) 100vw, 1000px\" \/><\/figure>\n\n\n\n<p><\/p>\n\n\n\n<p><strong>Los anuncios<\/strong><\/p>\n\n\n\n<p>\u00abTenemos que seguir adelante porque la transformaci\u00f3n de Villa Nueva no termina. Este a\u00f1o vamos por el desarrollo del parque industrial, por el segundo tramo de la circunvalaci\u00f3n, vamos a continuar con la pavimentaci\u00f3n de las arterias principales, a llegar a todos los barrios con el cord\u00f3n cuneta, por el 100% de iluminaci\u00f3n led, por la entrega de las viviendas, por m\u00e1s gas, por m\u00e1s infraestructura y remodelaci\u00f3n de nuestro parque y por la iluminaci\u00f3n de la nueva rotonda y las colectoras\u00bb, enumer\u00f3 como proyectos.<\/p>\n","protected":false},"excerpt":{"rendered":"<p>El intendente Natalio Graglia abri\u00f3 el periodo de sesiones ordinarias del Concejo Deliberante ante vecinos, funcionarios, vecinalistas y autoridades de las instituciones intermedias. En su discurso destac\u00f3 el trabajo del equipo de gesti\u00f3n. \u00abPudimos avanzar con los objetivos propuestos llevando adelante una transformaci\u00f3n total de la administraci\u00f3n municipal y haciendo posible el mayor desarrollo de [&hellip;]<\/p>\n","protected":false},"author":4,"featured_media":72466,"comment_status":"open","ping_status":"open","sticky":false,"template":"","format":"standard","meta":{"site-sidebar-layout":"default","site-content-layout":"","ast-site-content-layout":"default","site-content-style":"default","site-sidebar-style":"default","ast-global-header-display":"","ast-banner-title-visibility":"","ast-main-header-display":"","ast-hfb-above-header-display":"","ast-hfb-below-header-display":"","ast-hfb-mobile-header-display":"","site-post-title":"","ast-breadcrumbs-content":"","ast-featured-img":"","footer-sml-layout":"","ast-disable-related-posts":"","theme-transparent-header-meta":"","adv-header-id-meta":"","stick-header-meta":"","header-above-stick-meta":"","header-main-stick-meta":"","header-below-stick-meta":"","astra-migrate-meta-layouts":"default","ast-page-background-enabled":"default","ast-page-background-meta":{"desktop":{"background-color":"","background-image":"","background-repeat":"repeat","background-position":"center center","background-size":"auto","background-attachment":"scroll","background-type":"","background-media":"","overlay-type":"","overlay-color":"","overlay-opacity":"","overlay-gradient":""},"tablet":{"background-color":"","background-image":"","background-repeat":"repeat","background-position":"center center","background-size":"auto","background-attachment":"scroll","background-type":"","background-media":"","overlay-type":"","overlay-color":"","overlay-opacity":"","overlay-gradient":""},"mobile":{"background-color":"","background-image":"","background-repeat":"repeat","background-position":"center center","background-size":"auto","background-attachment":"scroll","background-type":"","background-media":"","overlay-type":"","overlay-color":"","overlay-opacity":"","overlay-gradient":""}},"ast-content-background-meta":{"desktop":{"background-color":"var(--ast-global-color-5)","background-image":"","background-repeat":"repeat","background-position":"center center","background-size":"auto","background-attachment":"scroll","background-type":"","background-media":"","overlay-type":"","overlay-color":"","overlay-opacity":"","overlay-gradient":""},"tablet":{"background-color":"var(--ast-global-color-5)","background-image":"","background-repeat":"repeat","background-position":"center center","background-size":"auto","background-attachment":"scroll","background-type":"","background-media":"","overlay-type":"","overlay-color":"","overlay-opacity":"","overlay-gradient":""},"mobile":{"background-color":"var(--ast-global-color-5)","background-image":"","background-repeat":"repeat","background-position":"center center","background-size":"auto","background-attachment":"scroll","background-type":"","background-media":"","overlay-type":"","overlay-color":"","overlay-opacity":"","overlay-gradient":""}},"_jetpack_memberships_contains_paid_content":false,"_joinchat":[],"footnotes":""},"categories":[15302,1408],"tags":[2918,7375,1597,651,12,3321,232],"class_list":["post-72463","post","type-post","status-publish","format-standard","has-post-thumbnail","hentry","category-destacado","category-villa-nueva","tag-anuncios","tag-apertura-de-sesiones","tag-concejo-deliberante","tag-graglia","tag-obras","tag-proyectos","tag-villa-nueva"],"yoast_head":"<!-- This site is optimized with the Yoast SEO plugin v26.8 - https:\/\/yoast.com\/product\/yoast-seo-wordpress\/ -->\n<title>Graglia abri\u00f3 las sesiones del Concejo: \u201cHicimos posible el mayor desarrollo de toda la historia\u201d - El Regional<\/title>\n<meta name=\"robots\" content=\"index, follow, max-snippet:-1, max-image-preview:large, max-video-preview:-1\" \/>\n<link rel=\"canonical\" href=\"http:\/\/elregionalvm.com.ar\/noticias-villa-maria\/graglia-abrio-las-sesiones-del-concejo-hicimos-posible-el-mayor-desarrollo-de-toda-la-historia\/\" \/>\n<meta property=\"og:locale\" content=\"es_ES\" \/>\n<meta property=\"og:type\" content=\"article\" \/>\n<meta property=\"og:title\" content=\"Graglia abri\u00f3 las sesiones del Concejo: \u201cHicimos posible el mayor desarrollo de toda la historia\u201d - El Regional\" \/>\n<meta property=\"og:description\" content=\"El intendente Natalio Graglia abri\u00f3 el periodo de sesiones ordinarias del Concejo Deliberante ante vecinos, funcionarios, vecinalistas y autoridades de las instituciones intermedias. En su discurso destac\u00f3 el trabajo del equipo de gesti\u00f3n. \u00abPudimos avanzar con los objetivos propuestos llevando adelante una transformaci\u00f3n total de la administraci\u00f3n municipal y haciendo posible el mayor desarrollo de [&hellip;]\" \/>\n<meta property=\"og:url\" content=\"http:\/\/elregionalvm.com.ar\/noticias-villa-maria\/graglia-abrio-las-sesiones-del-concejo-hicimos-posible-el-mayor-desarrollo-de-toda-la-historia\/\" \/>\n<meta property=\"og:site_name\" content=\"El Regional\" \/>\n<meta property=\"article:publisher\" content=\"https:\/\/www.facebook.com\/elregionalvm\" \/>\n<meta property=\"article:published_time\" content=\"2023-03-02T02:18:33+00:00\" \/>\n<meta property=\"article:modified_time\" content=\"2023-03-02T02:18:37+00:00\" \/>\n<meta property=\"og:image\" content=\"http:\/\/elregionalvm.com.ar\/noticias-villa-maria\/wp-content\/uploads\/2023\/03\/Graglia-y-concejales-apertura-2023.jpeg\" \/>\n\t<meta property=\"og:image:width\" content=\"1200\" \/>\n\t<meta property=\"og:image:height\" content=\"670\" \/>\n\t<meta property=\"og:image:type\" content=\"image\/jpeg\" \/>\n<meta name=\"author\" content=\"Contenidos El Regional\" \/>\n<meta name=\"twitter:card\" content=\"summary_large_image\" \/>\n<meta name=\"twitter:creator\" content=\"@elregionalvm1\" \/>\n<meta name=\"twitter:site\" content=\"@elregionalvm1\" \/>\n<meta name=\"twitter:label1\" content=\"Escrito por\" \/>\n\t<meta name=\"twitter:data1\" content=\"Contenidos El Regional\" \/>\n\t<meta name=\"twitter:label2\" content=\"Tiempo de lectura\" \/>\n\t<meta name=\"twitter:data2\" content=\"2 minutos\" \/>\n<script type=\"application\/ld+json\" class=\"yoast-schema-graph\">{\"@context\":\"https:\/\/schema.org\",\"@graph\":[{\"@type\":\"Article\",\"@id\":\"http:\/\/elregionalvm.com.ar\/noticias-villa-maria\/graglia-abrio-las-sesiones-del-concejo-hicimos-posible-el-mayor-desarrollo-de-toda-la-historia\/#article\",\"isPartOf\":{\"@id\":\"http:\/\/elregionalvm.com.ar\/noticias-villa-maria\/graglia-abrio-las-sesiones-del-concejo-hicimos-posible-el-mayor-desarrollo-de-toda-la-historia\/\"},\"author\":{\"name\":\"Contenidos El Regional\",\"@id\":\"http:\/\/elregionalvm.com.ar\/noticias-villa-maria\/#\/schema\/person\/a0fb9c422317faca23d50163151bc354\"},\"headline\":\"Graglia abri\u00f3 las sesiones del Concejo: \u201cHicimos posible el mayor desarrollo de toda la historia\u201d\",\"datePublished\":\"2023-03-02T02:18:33+00:00\",\"dateModified\":\"2023-03-02T02:18:37+00:00\",\"mainEntityOfPage\":{\"@id\":\"http:\/\/elregionalvm.com.ar\/noticias-villa-maria\/graglia-abrio-las-sesiones-del-concejo-hicimos-posible-el-mayor-desarrollo-de-toda-la-historia\/\"},\"wordCount\":315,\"commentCount\":1,\"image\":{\"@id\":\"http:\/\/elregionalvm.com.ar\/noticias-villa-maria\/graglia-abrio-las-sesiones-del-concejo-hicimos-posible-el-mayor-desarrollo-de-toda-la-historia\/#primaryimage\"},\"thumbnailUrl\":\"https:\/\/i0.wp.com\/elregionalvm.com.ar\/noticias-villa-maria\/wp-content\/uploads\/2023\/03\/Graglia-y-concejales-apertura-2023.jpeg?fit=1200%2C670&ssl=1\",\"keywords\":[\"Anuncios\",\"Apertura de sesiones\",\"Concejo Deliberante\",\"Graglia\",\"obras\",\"Proyectos\",\"VILLA NUEVA\"],\"articleSection\":[\"destacado\",\"Villa Nueva\"],\"inLanguage\":\"es\",\"potentialAction\":[{\"@type\":\"CommentAction\",\"name\":\"Comment\",\"target\":[\"http:\/\/elregionalvm.com.ar\/noticias-villa-maria\/graglia-abrio-las-sesiones-del-concejo-hicimos-posible-el-mayor-desarrollo-de-toda-la-historia\/#respond\"]}]},{\"@type\":\"WebPage\",\"@id\":\"http:\/\/elregionalvm.com.ar\/noticias-villa-maria\/graglia-abrio-las-sesiones-del-concejo-hicimos-posible-el-mayor-desarrollo-de-toda-la-historia\/\",\"url\":\"http:\/\/elregionalvm.com.ar\/noticias-villa-maria\/graglia-abrio-las-sesiones-del-concejo-hicimos-posible-el-mayor-desarrollo-de-toda-la-historia\/\",\"name\":\"Graglia abri\u00f3 las sesiones del Concejo: \u201cHicimos posible el mayor desarrollo de toda la historia\u201d - El Regional\",\"isPartOf\":{\"@id\":\"http:\/\/elregionalvm.com.ar\/noticias-villa-maria\/#website\"},\"primaryImageOfPage\":{\"@id\":\"http:\/\/elregionalvm.com.ar\/noticias-villa-maria\/graglia-abrio-las-sesiones-del-concejo-hicimos-posible-el-mayor-desarrollo-de-toda-la-historia\/#primaryimage\"},\"image\":{\"@id\":\"http:\/\/elregionalvm.com.ar\/noticias-villa-maria\/graglia-abrio-las-sesiones-del-concejo-hicimos-posible-el-mayor-desarrollo-de-toda-la-historia\/#primaryimage\"},\"thumbnailUrl\":\"https:\/\/i0.wp.com\/elregionalvm.com.ar\/noticias-villa-maria\/wp-content\/uploads\/2023\/03\/Graglia-y-concejales-apertura-2023.jpeg?fit=1200%2C670&ssl=1\",\"datePublished\":\"2023-03-02T02:18:33+00:00\",\"dateModified\":\"2023-03-02T02:18:37+00:00\",\"author\":{\"@id\":\"http:\/\/elregionalvm.com.ar\/noticias-villa-maria\/#\/schema\/person\/a0fb9c422317faca23d50163151bc354\"},\"breadcrumb\":{\"@id\":\"http:\/\/elregionalvm.com.ar\/noticias-villa-maria\/graglia-abrio-las-sesiones-del-concejo-hicimos-posible-el-mayor-desarrollo-de-toda-la-historia\/#breadcrumb\"},\"inLanguage\":\"es\",\"potentialAction\":[{\"@type\":\"ReadAction\",\"target\":[\"http:\/\/elregionalvm.com.ar\/noticias-villa-maria\/graglia-abrio-las-sesiones-del-concejo-hicimos-posible-el-mayor-desarrollo-de-toda-la-historia\/\"]}]},{\"@type\":\"ImageObject\",\"inLanguage\":\"es\",\"@id\":\"http:\/\/elregionalvm.com.ar\/noticias-villa-maria\/graglia-abrio-las-sesiones-del-concejo-hicimos-posible-el-mayor-desarrollo-de-toda-la-historia\/#primaryimage\",\"url\":\"https:\/\/i0.wp.com\/elregionalvm.com.ar\/noticias-villa-maria\/wp-content\/uploads\/2023\/03\/Graglia-y-concejales-apertura-2023.jpeg?fit=1200%2C670&ssl=1\",\"contentUrl\":\"https:\/\/i0.wp.com\/elregionalvm.com.ar\/noticias-villa-maria\/wp-content\/uploads\/2023\/03\/Graglia-y-concejales-apertura-2023.jpeg?fit=1200%2C670&ssl=1\",\"width\":1200,\"height\":670},{\"@type\":\"BreadcrumbList\",\"@id\":\"http:\/\/elregionalvm.com.ar\/noticias-villa-maria\/graglia-abrio-las-sesiones-del-concejo-hicimos-posible-el-mayor-desarrollo-de-toda-la-historia\/#breadcrumb\",\"itemListElement\":[{\"@type\":\"ListItem\",\"position\":1,\"name\":\"Portada\",\"item\":\"https:\/\/elregionalvm.com.ar\/noticias-villa-maria\/\"},{\"@type\":\"ListItem\",\"position\":2,\"name\":\"Graglia abri\u00f3 las sesiones del Concejo: \u201cHicimos posible el mayor desarrollo de toda la historia\u201d\"}]},{\"@type\":\"WebSite\",\"@id\":\"http:\/\/elregionalvm.com.ar\/noticias-villa-maria\/#website\",\"url\":\"http:\/\/elregionalvm.com.ar\/noticias-villa-maria\/\",\"name\":\"El Regional\",\"description\":\"Mucho m\u00e1s que informaci\u00f3n\",\"potentialAction\":[{\"@type\":\"SearchAction\",\"target\":{\"@type\":\"EntryPoint\",\"urlTemplate\":\"http:\/\/elregionalvm.com.ar\/noticias-villa-maria\/?s={search_term_string}\"},\"query-input\":{\"@type\":\"PropertyValueSpecification\",\"valueRequired\":true,\"valueName\":\"search_term_string\"}}],\"inLanguage\":\"es\"},{\"@type\":\"Person\",\"@id\":\"http:\/\/elregionalvm.com.ar\/noticias-villa-maria\/#\/schema\/person\/a0fb9c422317faca23d50163151bc354\",\"name\":\"Contenidos El Regional\",\"image\":{\"@type\":\"ImageObject\",\"inLanguage\":\"es\",\"@id\":\"http:\/\/elregionalvm.com.ar\/noticias-villa-maria\/#\/schema\/person\/image\/\",\"url\":\"https:\/\/secure.gravatar.com\/avatar\/265b27cb2209af7bb3a1318f03305787d7981a5cc6e6cd08fe5a4ecdf99d4b48?s=96&d=mm&r=g\",\"contentUrl\":\"https:\/\/secure.gravatar.com\/avatar\/265b27cb2209af7bb3a1318f03305787d7981a5cc6e6cd08fe5a4ecdf99d4b48?s=96&d=mm&r=g\",\"caption\":\"Contenidos El Regional\"},\"url\":\"https:\/\/elregionalvm.com.ar\/noticias-villa-maria\/author\/contenido\/\"}]}<\/script>\n<!-- \/ Yoast SEO plugin. -->","yoast_head_json":{"title":"Graglia abri\u00f3 las sesiones del Concejo: \u201cHicimos posible el mayor desarrollo de toda la historia\u201d - El Regional","robots":{"index":"index","follow":"follow","max-snippet":"max-snippet:-1","max-image-preview":"max-image-preview:large","max-video-preview":"max-video-preview:-1"},"canonical":"http:\/\/elregionalvm.com.ar\/noticias-villa-maria\/graglia-abrio-las-sesiones-del-concejo-hicimos-posible-el-mayor-desarrollo-de-toda-la-historia\/","og_locale":"es_ES","og_type":"article","og_title":"Graglia abri\u00f3 las sesiones del Concejo: \u201cHicimos posible el mayor desarrollo de toda la historia\u201d - El Regional","og_description":"El intendente Natalio Graglia abri\u00f3 el periodo de sesiones ordinarias del Concejo Deliberante ante vecinos, funcionarios, vecinalistas y autoridades de las instituciones intermedias. En su discurso destac\u00f3 el trabajo del equipo de gesti\u00f3n. \u00abPudimos avanzar con los objetivos propuestos llevando adelante una transformaci\u00f3n total de la administraci\u00f3n municipal y haciendo posible el mayor desarrollo de [&hellip;]","og_url":"http:\/\/elregionalvm.com.ar\/noticias-villa-maria\/graglia-abrio-las-sesiones-del-concejo-hicimos-posible-el-mayor-desarrollo-de-toda-la-historia\/","og_site_name":"El Regional","article_publisher":"https:\/\/www.facebook.com\/elregionalvm","article_published_time":"2023-03-02T02:18:33+00:00","article_modified_time":"2023-03-02T02:18:37+00:00","og_image":[{"width":1200,"height":670,"url":"http:\/\/elregionalvm.com.ar\/noticias-villa-maria\/wp-content\/uploads\/2023\/03\/Graglia-y-concejales-apertura-2023.jpeg","type":"image\/jpeg"}],"author":"Contenidos El Regional","twitter_card":"summary_large_image","twitter_creator":"@elregionalvm1","twitter_site":"@elregionalvm1","twitter_misc":{"Escrito por":"Contenidos El Regional","Tiempo de lectura":"2 minutos"},"schema":{"@context":"https:\/\/schema.org","@graph":[{"@type":"Article","@id":"http:\/\/elregionalvm.com.ar\/noticias-villa-maria\/graglia-abrio-las-sesiones-del-concejo-hicimos-posible-el-mayor-desarrollo-de-toda-la-historia\/#article","isPartOf":{"@id":"http:\/\/elregionalvm.com.ar\/noticias-villa-maria\/graglia-abrio-las-sesiones-del-concejo-hicimos-posible-el-mayor-desarrollo-de-toda-la-historia\/"},"author":{"name":"Contenidos El Regional","@id":"http:\/\/elregionalvm.com.ar\/noticias-villa-maria\/#\/schema\/person\/a0fb9c422317faca23d50163151bc354"},"headline":"Graglia abri\u00f3 las sesiones del Concejo: \u201cHicimos posible el mayor desarrollo de toda la historia\u201d","datePublished":"2023-03-02T02:18:33+00:00","dateModified":"2023-03-02T02:18:37+00:00","mainEntityOfPage":{"@id":"http:\/\/elregionalvm.com.ar\/noticias-villa-maria\/graglia-abrio-las-sesiones-del-concejo-hicimos-posible-el-mayor-desarrollo-de-toda-la-historia\/"},"wordCount":315,"commentCount":1,"image":{"@id":"http:\/\/elregionalvm.com.ar\/noticias-villa-maria\/graglia-abrio-las-sesiones-del-concejo-hicimos-posible-el-mayor-desarrollo-de-toda-la-historia\/#primaryimage"},"thumbnailUrl":"https:\/\/i0.wp.com\/elregionalvm.com.ar\/noticias-villa-maria\/wp-content\/uploads\/2023\/03\/Graglia-y-concejales-apertura-2023.jpeg?fit=1200%2C670&ssl=1","keywords":["Anuncios","Apertura de sesiones","Concejo Deliberante","Graglia","obras","Proyectos","VILLA NUEVA"],"articleSection":["destacado","Villa Nueva"],"inLanguage":"es","potentialAction":[{"@type":"CommentAction","name":"Comment","target":["http:\/\/elregionalvm.com.ar\/noticias-villa-maria\/graglia-abrio-las-sesiones-del-concejo-hicimos-posible-el-mayor-desarrollo-de-toda-la-historia\/#respond"]}]},{"@type":"WebPage","@id":"http:\/\/elregionalvm.com.ar\/noticias-villa-maria\/graglia-abrio-las-sesiones-del-concejo-hicimos-posible-el-mayor-desarrollo-de-toda-la-historia\/","url":"http:\/\/elregionalvm.com.ar\/noticias-villa-maria\/graglia-abrio-las-sesiones-del-concejo-hicimos-posible-el-mayor-desarrollo-de-toda-la-historia\/","name":"Graglia abri\u00f3 las sesiones del Concejo: \u201cHicimos posible el mayor desarrollo de toda la historia\u201d - El Regional","isPartOf":{"@id":"http:\/\/elregionalvm.com.ar\/noticias-villa-maria\/#website"},"primaryImageOfPage":{"@id":"http:\/\/elregionalvm.com.ar\/noticias-villa-maria\/graglia-abrio-las-sesiones-del-concejo-hicimos-posible-el-mayor-desarrollo-de-toda-la-historia\/#primaryimage"},"image":{"@id":"http:\/\/elregionalvm.com.ar\/noticias-villa-maria\/graglia-abrio-las-sesiones-del-concejo-hicimos-posible-el-mayor-desarrollo-de-toda-la-historia\/#primaryimage"},"thumbnailUrl":"https:\/\/i0.wp.com\/elregionalvm.com.ar\/noticias-villa-maria\/wp-content\/uploads\/2023\/03\/Graglia-y-concejales-apertura-2023.jpeg?fit=1200%2C670&ssl=1","datePublished":"2023-03-02T02:18:33+00:00","dateModified":"2023-03-02T02:18:37+00:00","author":{"@id":"http:\/\/elregionalvm.com.ar\/noticias-villa-maria\/#\/schema\/person\/a0fb9c422317faca23d50163151bc354"},"breadcrumb":{"@id":"http:\/\/elregionalvm.com.ar\/noticias-villa-maria\/graglia-abrio-las-sesiones-del-concejo-hicimos-posible-el-mayor-desarrollo-de-toda-la-historia\/#breadcrumb"},"inLanguage":"es","potentialAction":[{"@type":"ReadAction","target":["http:\/\/elregionalvm.com.ar\/noticias-villa-maria\/graglia-abrio-las-sesiones-del-concejo-hicimos-posible-el-mayor-desarrollo-de-toda-la-historia\/"]}]},{"@type":"ImageObject","inLanguage":"es","@id":"http:\/\/elregionalvm.com.ar\/noticias-villa-maria\/graglia-abrio-las-sesiones-del-concejo-hicimos-posible-el-mayor-desarrollo-de-toda-la-historia\/#primaryimage","url":"https:\/\/i0.wp.com\/elregionalvm.com.ar\/noticias-villa-maria\/wp-content\/uploads\/2023\/03\/Graglia-y-concejales-apertura-2023.jpeg?fit=1200%2C670&ssl=1","contentUrl":"https:\/\/i0.wp.com\/elregionalvm.com.ar\/noticias-villa-maria\/wp-content\/uploads\/2023\/03\/Graglia-y-concejales-apertura-2023.jpeg?fit=1200%2C670&ssl=1","width":1200,"height":670},{"@type":"BreadcrumbList","@id":"http:\/\/elregionalvm.com.ar\/noticias-villa-maria\/graglia-abrio-las-sesiones-del-concejo-hicimos-posible-el-mayor-desarrollo-de-toda-la-historia\/#breadcrumb","itemListElement":[{"@type":"ListItem","position":1,"name":"Portada","item":"https:\/\/elregionalvm.com.ar\/noticias-villa-maria\/"},{"@type":"ListItem","position":2,"name":"Graglia abri\u00f3 las sesiones del Concejo: \u201cHicimos posible el mayor desarrollo de toda la historia\u201d"}]},{"@type":"WebSite","@id":"http:\/\/elregionalvm.com.ar\/noticias-villa-maria\/#website","url":"http:\/\/elregionalvm.com.ar\/noticias-villa-maria\/","name":"El Regional","description":"Mucho m\u00e1s que informaci\u00f3n","potentialAction":[{"@type":"SearchAction","target":{"@type":"EntryPoint","urlTemplate":"http:\/\/elregionalvm.com.ar\/noticias-villa-maria\/?s={search_term_string}"},"query-input":{"@type":"PropertyValueSpecification","valueRequired":true,"valueName":"search_term_string"}}],"inLanguage":"es"},{"@type":"Person","@id":"http:\/\/elregionalvm.com.ar\/noticias-villa-maria\/#\/schema\/person\/a0fb9c422317faca23d50163151bc354","name":"Contenidos El Regional","image":{"@type":"ImageObject","inLanguage":"es","@id":"http:\/\/elregionalvm.com.ar\/noticias-villa-maria\/#\/schema\/person\/image\/","url":"https:\/\/secure.gravatar.com\/avatar\/265b27cb2209af7bb3a1318f03305787d7981a5cc6e6cd08fe5a4ecdf99d4b48?s=96&d=mm&r=g","contentUrl":"https:\/\/secure.gravatar.com\/avatar\/265b27cb2209af7bb3a1318f03305787d7981a5cc6e6cd08fe5a4ecdf99d4b48?s=96&d=mm&r=g","caption":"Contenidos El Regional"},"url":"https:\/\/elregionalvm.com.ar\/noticias-villa-maria\/author\/contenido\/"}]}},"jetpack_featured_media_url":"https:\/\/i0.wp.com\/elregionalvm.com.ar\/noticias-villa-maria\/wp-content\/uploads\/2023\/03\/Graglia-y-concejales-apertura-2023.jpeg?fit=1200%2C670&ssl=1","jetpack_sharing_enabled":true,"_links":{"self":[{"href":"https:\/\/elregionalvm.com.ar\/noticias-villa-maria\/wp-json\/wp\/v2\/posts\/72463","targetHints":{"allow":["GET"]}}],"collection":[{"href":"https:\/\/elregionalvm.com.ar\/noticias-villa-maria\/wp-json\/wp\/v2\/posts"}],"about":[{"href":"https:\/\/elregionalvm.com.ar\/noticias-villa-maria\/wp-json\/wp\/v2\/types\/post"}],"author":[{"embeddable":true,"href":"https:\/\/elregionalvm.com.ar\/noticias-villa-maria\/wp-json\/wp\/v2\/users\/4"}],"replies":[{"embeddable":true,"href":"https:\/\/elregionalvm.com.ar\/noticias-villa-maria\/wp-json\/wp\/v2\/comments?post=72463"}],"version-history":[{"count":2,"href":"https:\/\/elregionalvm.com.ar\/noticias-villa-maria\/wp-json\/wp\/v2\/posts\/72463\/revisions"}],"predecessor-version":[{"id":72468,"href":"https:\/\/elregionalvm.com.ar\/noticias-villa-maria\/wp-json\/wp\/v2\/posts\/72463\/revisions\/72468"}],"wp:featuredmedia":[{"embeddable":true,"href":"https:\/\/elregionalvm.com.ar\/noticias-villa-maria\/wp-json\/wp\/v2\/media\/72466"}],"wp:attachment":[{"href":"https:\/\/elregionalvm.com.ar\/noticias-villa-maria\/wp-json\/wp\/v2\/media?parent=72463"}],"wp:term":[{"taxonomy":"category","embeddable":true,"href":"https:\/\/elregionalvm.com.ar\/noticias-villa-maria\/wp-json\/wp\/v2\/categories?post=72463"},{"taxonomy":"post_tag","embeddable":true,"href":"https:\/\/elregionalvm.com.ar\/noticias-villa-maria\/wp-json\/wp\/v2\/tags?post=72463"}],"curies":[{"name":"wp","href":"https:\/\/api.w.org\/{rel}","templated":true}]}}