{"id":72469,"date":"2023-03-02T02:30:45","date_gmt":"2023-03-02T02:30:45","guid":{"rendered":"https:\/\/elregionalvm.com.ar\/noticias-villa-maria\/?p=72469"},"modified":"2023-03-02T02:30:57","modified_gmt":"2023-03-02T02:30:57","slug":"etruria-suscribio-convenio-para-construir-10-nuevas-viviendas","status":"publish","type":"post","link":"https:\/\/elregionalvm.com.ar\/noticias-villa-maria\/etruria-suscribio-convenio-para-construir-10-nuevas-viviendas\/","title":{"rendered":"Etruria suscribi\u00f3 convenio con Naci\u00f3n para construir 10 nuevas viviendas"},"content":{"rendered":"\n<p><\/p>\n\n\n\n<p>El intendente municipal Maximiliano Andres firm\u00f3 un convenio con el gobierno nacional para la construcci\u00f3n de 10 nuevas viviendas en el marco del programa Casa Propia.<\/p>\n\n\n\n<p>El acuerdo fue suscripto con la secretaria de H\u00e1bitat del Ministerio de Desarrollo Territorial y H\u00e1bitat de la Naci\u00f3n, Micaela Villaverde.<\/p>\n\n\n\n<p>La inversi\u00f3n para llevar adelante la obra alcanzar\u00e1 los 88.618.488,03 millones de pesos.<\/p>\n\n\n\n<p><\/p>\n\n\n\n<figure class=\"wp-block-image size-full\"><img data-recalc-dims=\"1\" fetchpriority=\"high\" decoding=\"async\" width=\"1000\" height=\"666\" src=\"https:\/\/i0.wp.com\/elregionalvm.com.ar\/noticias-villa-maria\/wp-content\/uploads\/2023\/03\/Etruria-Maxi-Andres-firma-convenio-viviendas-1.jpeg?resize=1000%2C666&#038;ssl=1\" alt=\"\" class=\"wp-image-72470\" srcset=\"https:\/\/i0.wp.com\/elregionalvm.com.ar\/noticias-villa-maria\/wp-content\/uploads\/2023\/03\/Etruria-Maxi-Andres-firma-convenio-viviendas-1.jpeg?w=1000&amp;ssl=1 1000w, https:\/\/i0.wp.com\/elregionalvm.com.ar\/noticias-villa-maria\/wp-content\/uploads\/2023\/03\/Etruria-Maxi-Andres-firma-convenio-viviendas-1.jpeg?resize=300%2C200&amp;ssl=1 300w, https:\/\/i0.wp.com\/elregionalvm.com.ar\/noticias-villa-maria\/wp-content\/uploads\/2023\/03\/Etruria-Maxi-Andres-firma-convenio-viviendas-1.jpeg?resize=768%2C511&amp;ssl=1 768w\" sizes=\"(max-width: 1000px) 100vw, 1000px\" \/><\/figure>\n\n\n\n<p><\/p>\n\n\n\n<p><\/p>\n\n\n\n<h3 class=\"wp-block-heading\"><strong>Tambi\u00e9n pod\u00e9s ver: <\/strong><\/h3>\n\n\n\n<p><\/p>\n\n\n\n<p><\/p>\n\n\n\n<figure class=\"wp-block-embed is-type-wp-embed is-provider-el-regional wp-block-embed-el-regional\"><div class=\"wp-block-embed__wrapper\">\n<blockquote class=\"wp-embedded-content\" data-secret=\"A5Rqc1WOFI\"><a href=\"https:\/\/elregionalvm.com.ar\/noticias-villa-maria\/los-bomberos-voluntarios-ya-tienen-su-plazoleta-en-etruria\/\">Los Bomberos Voluntarios ya tienen su plazoleta en Etruria<\/a><\/blockquote><iframe class=\"wp-embedded-content\" sandbox=\"allow-scripts\" security=\"restricted\" style=\"position: absolute; visibility: hidden;\" title=\"\u00abLos Bomberos Voluntarios ya tienen su plazoleta en Etruria\u00bb \u2014 El Regional\" src=\"https:\/\/elregionalvm.com.ar\/noticias-villa-maria\/los-bomberos-voluntarios-ya-tienen-su-plazoleta-en-etruria\/embed\/#?secret=tAFcwJXPfM#?secret=A5Rqc1WOFI\" data-secret=\"A5Rqc1WOFI\" width=\"500\" height=\"282\" frameborder=\"0\" marginwidth=\"0\" marginheight=\"0\" scrolling=\"no\"><\/iframe>\n<\/div><\/figure>\n","protected":false},"excerpt":{"rendered":"<p>El intendente municipal Maximiliano Andres firm\u00f3 un convenio con el gobierno nacional para la construcci\u00f3n de 10 nuevas viviendas en el marco del programa Casa Propia. El acuerdo fue suscripto con la secretaria de H\u00e1bitat del Ministerio de Desarrollo Territorial y H\u00e1bitat de la Naci\u00f3n, Micaela Villaverde. La inversi\u00f3n para llevar adelante la obra alcanzar\u00e1 [&hellip;]<\/p>\n","protected":false},"author":4,"featured_media":72472,"comment_status":"open","ping_status":"open","sticky":false,"template":"","format":"standard","meta":{"site-sidebar-layout":"default","site-content-layout":"","ast-site-content-layout":"default","site-content-style":"default","site-sidebar-style":"default","ast-global-header-display":"","ast-banner-title-visibility":"","ast-main-header-display":"","ast-hfb-above-header-display":"","ast-hfb-below-header-display":"","ast-hfb-mobile-header-display":"","site-post-title":"","ast-breadcrumbs-content":"","ast-featured-img":"","footer-sml-layout":"","ast-disable-related-posts":"","theme-transparent-header-meta":"","adv-header-id-meta":"","stick-header-meta":"","header-above-stick-meta":"","header-main-stick-meta":"","header-below-stick-meta":"","astra-migrate-meta-layouts":"default","ast-page-background-enabled":"default","ast-page-background-meta":{"desktop":{"background-color":"","background-image":"","background-repeat":"repeat","background-position":"center center","background-size":"auto","background-attachment":"scroll","background-type":"","background-media":"","overlay-type":"","overlay-color":"","overlay-opacity":"","overlay-gradient":""},"tablet":{"background-color":"","background-image":"","background-repeat":"repeat","background-position":"center center","background-size":"auto","background-attachment":"scroll","background-type":"","background-media":"","overlay-type":"","overlay-color":"","overlay-opacity":"","overlay-gradient":""},"mobile":{"background-color":"","background-image":"","background-repeat":"repeat","background-position":"center center","background-size":"auto","background-attachment":"scroll","background-type":"","background-media":"","overlay-type":"","overlay-color":"","overlay-opacity":"","overlay-gradient":""}},"ast-content-background-meta":{"desktop":{"background-color":"var(--ast-global-color-5)","background-image":"","background-repeat":"repeat","background-position":"center center","background-size":"auto","background-attachment":"scroll","background-type":"","background-media":"","overlay-type":"","overlay-color":"","overlay-opacity":"","overlay-gradient":""},"tablet":{"background-color":"var(--ast-global-color-5)","background-image":"","background-repeat":"repeat","background-position":"center center","background-size":"auto","background-attachment":"scroll","background-type":"","background-media":"","overlay-type":"","overlay-color":"","overlay-opacity":"","overlay-gradient":""},"mobile":{"background-color":"var(--ast-global-color-5)","background-image":"","background-repeat":"repeat","background-position":"center center","background-size":"auto","background-attachment":"scroll","background-type":"","background-media":"","overlay-type":"","overlay-color":"","overlay-opacity":"","overlay-gradient":""}},"_jetpack_memberships_contains_paid_content":false,"_joinchat":[],"footnotes":""},"categories":[15302,2091],"tags":[8491,2821,1096,3734,10673,21852,21853,2465],"class_list":["post-72469","post","type-post","status-publish","format-standard","has-post-thumbnail","hentry","category-destacado","category-region","tag-casa-propia","tag-convenio","tag-etruria","tag-gobierno-nacional","tag-maximiliano-andres","tag-micaela-villaverde","tag-ministerio-de-habitat","tag-viviendas"],"yoast_head":"<!-- This site is optimized with the Yoast SEO plugin v26.8 - https:\/\/yoast.com\/product\/yoast-seo-wordpress\/ -->\n<title>Etruria suscribi\u00f3 convenio con Naci\u00f3n para construir 10 nuevas viviendas - El Regional<\/title>\n<meta name=\"robots\" content=\"index, follow, max-snippet:-1, max-image-preview:large, max-video-preview:-1\" \/>\n<link rel=\"canonical\" href=\"http:\/\/elregionalvm.com.ar\/noticias-villa-maria\/etruria-suscribio-convenio-para-construir-10-nuevas-viviendas\/\" \/>\n<meta property=\"og:locale\" content=\"es_ES\" \/>\n<meta property=\"og:type\" content=\"article\" \/>\n<meta property=\"og:title\" content=\"Etruria suscribi\u00f3 convenio con Naci\u00f3n para construir 10 nuevas viviendas - El Regional\" \/>\n<meta property=\"og:description\" content=\"El intendente municipal Maximiliano Andres firm\u00f3 un convenio con el gobierno nacional para la construcci\u00f3n de 10 nuevas viviendas en el marco del programa Casa Propia. El acuerdo fue suscripto con la secretaria de H\u00e1bitat del Ministerio de Desarrollo Territorial y H\u00e1bitat de la Naci\u00f3n, Micaela Villaverde. La inversi\u00f3n para llevar adelante la obra alcanzar\u00e1 [&hellip;]\" \/>\n<meta property=\"og:url\" content=\"http:\/\/elregionalvm.com.ar\/noticias-villa-maria\/etruria-suscribio-convenio-para-construir-10-nuevas-viviendas\/\" \/>\n<meta property=\"og:site_name\" content=\"El Regional\" \/>\n<meta property=\"article:publisher\" content=\"https:\/\/www.facebook.com\/elregionalvm\" \/>\n<meta property=\"article:published_time\" content=\"2023-03-02T02:30:45+00:00\" \/>\n<meta property=\"article:modified_time\" content=\"2023-03-02T02:30:57+00:00\" \/>\n<meta property=\"og:image\" content=\"http:\/\/elregionalvm.com.ar\/noticias-villa-maria\/wp-content\/uploads\/2023\/03\/Etruria-Maxi-Andres-firma-convenio-viviendas-2.jpeg\" \/>\n\t<meta property=\"og:image:width\" content=\"1000\" \/>\n\t<meta property=\"og:image:height\" content=\"667\" \/>\n\t<meta property=\"og:image:type\" content=\"image\/jpeg\" \/>\n<meta name=\"author\" content=\"Contenidos El Regional\" \/>\n<meta name=\"twitter:card\" content=\"summary_large_image\" \/>\n<meta name=\"twitter:creator\" content=\"@elregionalvm1\" \/>\n<meta name=\"twitter:site\" content=\"@elregionalvm1\" \/>\n<meta name=\"twitter:label1\" content=\"Escrito por\" \/>\n\t<meta name=\"twitter:data1\" content=\"Contenidos El Regional\" \/>\n\t<meta name=\"twitter:label2\" content=\"Tiempo de lectura\" \/>\n\t<meta name=\"twitter:data2\" content=\"1 minuto\" \/>\n<script type=\"application\/ld+json\" class=\"yoast-schema-graph\">{\"@context\":\"https:\/\/schema.org\",\"@graph\":[{\"@type\":\"Article\",\"@id\":\"http:\/\/elregionalvm.com.ar\/noticias-villa-maria\/etruria-suscribio-convenio-para-construir-10-nuevas-viviendas\/#article\",\"isPartOf\":{\"@id\":\"http:\/\/elregionalvm.com.ar\/noticias-villa-maria\/etruria-suscribio-convenio-para-construir-10-nuevas-viviendas\/\"},\"author\":{\"name\":\"Contenidos El Regional\",\"@id\":\"http:\/\/elregionalvm.com.ar\/noticias-villa-maria\/#\/schema\/person\/a0fb9c422317faca23d50163151bc354\"},\"headline\":\"Etruria suscribi\u00f3 convenio con Naci\u00f3n para construir 10 nuevas viviendas\",\"datePublished\":\"2023-03-02T02:30:45+00:00\",\"dateModified\":\"2023-03-02T02:30:57+00:00\",\"mainEntityOfPage\":{\"@id\":\"http:\/\/elregionalvm.com.ar\/noticias-villa-maria\/etruria-suscribio-convenio-para-construir-10-nuevas-viviendas\/\"},\"wordCount\":84,\"commentCount\":0,\"image\":{\"@id\":\"http:\/\/elregionalvm.com.ar\/noticias-villa-maria\/etruria-suscribio-convenio-para-construir-10-nuevas-viviendas\/#primaryimage\"},\"thumbnailUrl\":\"https:\/\/i0.wp.com\/elregionalvm.com.ar\/noticias-villa-maria\/wp-content\/uploads\/2023\/03\/Etruria-Maxi-Andres-firma-convenio-viviendas-2.jpeg?fit=1000%2C667&ssl=1\",\"keywords\":[\"Casa propia\",\"convenio\",\"Etruria\",\"Gobierno Nacional\",\"Maximiliano Andr\u00e9s\",\"micaela villaverde\",\"ministerio de H\u00e1bitat\",\"Viviendas\"],\"articleSection\":[\"destacado\",\"Regi\u00f3n\"],\"inLanguage\":\"es\",\"potentialAction\":[{\"@type\":\"CommentAction\",\"name\":\"Comment\",\"target\":[\"http:\/\/elregionalvm.com.ar\/noticias-villa-maria\/etruria-suscribio-convenio-para-construir-10-nuevas-viviendas\/#respond\"]}]},{\"@type\":\"WebPage\",\"@id\":\"http:\/\/elregionalvm.com.ar\/noticias-villa-maria\/etruria-suscribio-convenio-para-construir-10-nuevas-viviendas\/\",\"url\":\"http:\/\/elregionalvm.com.ar\/noticias-villa-maria\/etruria-suscribio-convenio-para-construir-10-nuevas-viviendas\/\",\"name\":\"Etruria suscribi\u00f3 convenio con Naci\u00f3n para construir 10 nuevas viviendas - El Regional\",\"isPartOf\":{\"@id\":\"http:\/\/elregionalvm.com.ar\/noticias-villa-maria\/#website\"},\"primaryImageOfPage\":{\"@id\":\"http:\/\/elregionalvm.com.ar\/noticias-villa-maria\/etruria-suscribio-convenio-para-construir-10-nuevas-viviendas\/#primaryimage\"},\"image\":{\"@id\":\"http:\/\/elregionalvm.com.ar\/noticias-villa-maria\/etruria-suscribio-convenio-para-construir-10-nuevas-viviendas\/#primaryimage\"},\"thumbnailUrl\":\"https:\/\/i0.wp.com\/elregionalvm.com.ar\/noticias-villa-maria\/wp-content\/uploads\/2023\/03\/Etruria-Maxi-Andres-firma-convenio-viviendas-2.jpeg?fit=1000%2C667&ssl=1\",\"datePublished\":\"2023-03-02T02:30:45+00:00\",\"dateModified\":\"2023-03-02T02:30:57+00:00\",\"author\":{\"@id\":\"http:\/\/elregionalvm.com.ar\/noticias-villa-maria\/#\/schema\/person\/a0fb9c422317faca23d50163151bc354\"},\"breadcrumb\":{\"@id\":\"http:\/\/elregionalvm.com.ar\/noticias-villa-maria\/etruria-suscribio-convenio-para-construir-10-nuevas-viviendas\/#breadcrumb\"},\"inLanguage\":\"es\",\"potentialAction\":[{\"@type\":\"ReadAction\",\"target\":[\"http:\/\/elregionalvm.com.ar\/noticias-villa-maria\/etruria-suscribio-convenio-para-construir-10-nuevas-viviendas\/\"]}]},{\"@type\":\"ImageObject\",\"inLanguage\":\"es\",\"@id\":\"http:\/\/elregionalvm.com.ar\/noticias-villa-maria\/etruria-suscribio-convenio-para-construir-10-nuevas-viviendas\/#primaryimage\",\"url\":\"https:\/\/i0.wp.com\/elregionalvm.com.ar\/noticias-villa-maria\/wp-content\/uploads\/2023\/03\/Etruria-Maxi-Andres-firma-convenio-viviendas-2.jpeg?fit=1000%2C667&ssl=1\",\"contentUrl\":\"https:\/\/i0.wp.com\/elregionalvm.com.ar\/noticias-villa-maria\/wp-content\/uploads\/2023\/03\/Etruria-Maxi-Andres-firma-convenio-viviendas-2.jpeg?fit=1000%2C667&ssl=1\",\"width\":1000,\"height\":667},{\"@type\":\"BreadcrumbList\",\"@id\":\"http:\/\/elregionalvm.com.ar\/noticias-villa-maria\/etruria-suscribio-convenio-para-construir-10-nuevas-viviendas\/#breadcrumb\",\"itemListElement\":[{\"@type\":\"ListItem\",\"position\":1,\"name\":\"Portada\",\"item\":\"https:\/\/elregionalvm.com.ar\/noticias-villa-maria\/\"},{\"@type\":\"ListItem\",\"position\":2,\"name\":\"Etruria suscribi\u00f3 convenio con Naci\u00f3n para construir 10 nuevas viviendas\"}]},{\"@type\":\"WebSite\",\"@id\":\"http:\/\/elregionalvm.com.ar\/noticias-villa-maria\/#website\",\"url\":\"http:\/\/elregionalvm.com.ar\/noticias-villa-maria\/\",\"name\":\"El Regional\",\"description\":\"Mucho m\u00e1s que informaci\u00f3n\",\"potentialAction\":[{\"@type\":\"SearchAction\",\"target\":{\"@type\":\"EntryPoint\",\"urlTemplate\":\"http:\/\/elregionalvm.com.ar\/noticias-villa-maria\/?s={search_term_string}\"},\"query-input\":{\"@type\":\"PropertyValueSpecification\",\"valueRequired\":true,\"valueName\":\"search_term_string\"}}],\"inLanguage\":\"es\"},{\"@type\":\"Person\",\"@id\":\"http:\/\/elregionalvm.com.ar\/noticias-villa-maria\/#\/schema\/person\/a0fb9c422317faca23d50163151bc354\",\"name\":\"Contenidos El Regional\",\"image\":{\"@type\":\"ImageObject\",\"inLanguage\":\"es\",\"@id\":\"http:\/\/elregionalvm.com.ar\/noticias-villa-maria\/#\/schema\/person\/image\/\",\"url\":\"https:\/\/secure.gravatar.com\/avatar\/265b27cb2209af7bb3a1318f03305787d7981a5cc6e6cd08fe5a4ecdf99d4b48?s=96&d=mm&r=g\",\"contentUrl\":\"https:\/\/secure.gravatar.com\/avatar\/265b27cb2209af7bb3a1318f03305787d7981a5cc6e6cd08fe5a4ecdf99d4b48?s=96&d=mm&r=g\",\"caption\":\"Contenidos El Regional\"},\"url\":\"https:\/\/elregionalvm.com.ar\/noticias-villa-maria\/author\/contenido\/\"}]}<\/script>\n<!-- \/ Yoast SEO plugin. -->","yoast_head_json":{"title":"Etruria suscribi\u00f3 convenio con Naci\u00f3n para construir 10 nuevas viviendas - El Regional","robots":{"index":"index","follow":"follow","max-snippet":"max-snippet:-1","max-image-preview":"max-image-preview:large","max-video-preview":"max-video-preview:-1"},"canonical":"http:\/\/elregionalvm.com.ar\/noticias-villa-maria\/etruria-suscribio-convenio-para-construir-10-nuevas-viviendas\/","og_locale":"es_ES","og_type":"article","og_title":"Etruria suscribi\u00f3 convenio con Naci\u00f3n para construir 10 nuevas viviendas - El Regional","og_description":"El intendente municipal Maximiliano Andres firm\u00f3 un convenio con el gobierno nacional para la construcci\u00f3n de 10 nuevas viviendas en el marco del programa Casa Propia. El acuerdo fue suscripto con la secretaria de H\u00e1bitat del Ministerio de Desarrollo Territorial y H\u00e1bitat de la Naci\u00f3n, Micaela Villaverde. La inversi\u00f3n para llevar adelante la obra alcanzar\u00e1 [&hellip;]","og_url":"http:\/\/elregionalvm.com.ar\/noticias-villa-maria\/etruria-suscribio-convenio-para-construir-10-nuevas-viviendas\/","og_site_name":"El Regional","article_publisher":"https:\/\/www.facebook.com\/elregionalvm","article_published_time":"2023-03-02T02:30:45+00:00","article_modified_time":"2023-03-02T02:30:57+00:00","og_image":[{"width":1000,"height":667,"url":"http:\/\/elregionalvm.com.ar\/noticias-villa-maria\/wp-content\/uploads\/2023\/03\/Etruria-Maxi-Andres-firma-convenio-viviendas-2.jpeg","type":"image\/jpeg"}],"author":"Contenidos El Regional","twitter_card":"summary_large_image","twitter_creator":"@elregionalvm1","twitter_site":"@elregionalvm1","twitter_misc":{"Escrito por":"Contenidos El Regional","Tiempo de lectura":"1 minuto"},"schema":{"@context":"https:\/\/schema.org","@graph":[{"@type":"Article","@id":"http:\/\/elregionalvm.com.ar\/noticias-villa-maria\/etruria-suscribio-convenio-para-construir-10-nuevas-viviendas\/#article","isPartOf":{"@id":"http:\/\/elregionalvm.com.ar\/noticias-villa-maria\/etruria-suscribio-convenio-para-construir-10-nuevas-viviendas\/"},"author":{"name":"Contenidos El Regional","@id":"http:\/\/elregionalvm.com.ar\/noticias-villa-maria\/#\/schema\/person\/a0fb9c422317faca23d50163151bc354"},"headline":"Etruria suscribi\u00f3 convenio con Naci\u00f3n para construir 10 nuevas viviendas","datePublished":"2023-03-02T02:30:45+00:00","dateModified":"2023-03-02T02:30:57+00:00","mainEntityOfPage":{"@id":"http:\/\/elregionalvm.com.ar\/noticias-villa-maria\/etruria-suscribio-convenio-para-construir-10-nuevas-viviendas\/"},"wordCount":84,"commentCount":0,"image":{"@id":"http:\/\/elregionalvm.com.ar\/noticias-villa-maria\/etruria-suscribio-convenio-para-construir-10-nuevas-viviendas\/#primaryimage"},"thumbnailUrl":"https:\/\/i0.wp.com\/elregionalvm.com.ar\/noticias-villa-maria\/wp-content\/uploads\/2023\/03\/Etruria-Maxi-Andres-firma-convenio-viviendas-2.jpeg?fit=1000%2C667&ssl=1","keywords":["Casa propia","convenio","Etruria","Gobierno Nacional","Maximiliano Andr\u00e9s","micaela villaverde","ministerio de H\u00e1bitat","Viviendas"],"articleSection":["destacado","Regi\u00f3n"],"inLanguage":"es","potentialAction":[{"@type":"CommentAction","name":"Comment","target":["http:\/\/elregionalvm.com.ar\/noticias-villa-maria\/etruria-suscribio-convenio-para-construir-10-nuevas-viviendas\/#respond"]}]},{"@type":"WebPage","@id":"http:\/\/elregionalvm.com.ar\/noticias-villa-maria\/etruria-suscribio-convenio-para-construir-10-nuevas-viviendas\/","url":"http:\/\/elregionalvm.com.ar\/noticias-villa-maria\/etruria-suscribio-convenio-para-construir-10-nuevas-viviendas\/","name":"Etruria suscribi\u00f3 convenio con Naci\u00f3n para construir 10 nuevas viviendas - El Regional","isPartOf":{"@id":"http:\/\/elregionalvm.com.ar\/noticias-villa-maria\/#website"},"primaryImageOfPage":{"@id":"http:\/\/elregionalvm.com.ar\/noticias-villa-maria\/etruria-suscribio-convenio-para-construir-10-nuevas-viviendas\/#primaryimage"},"image":{"@id":"http:\/\/elregionalvm.com.ar\/noticias-villa-maria\/etruria-suscribio-convenio-para-construir-10-nuevas-viviendas\/#primaryimage"},"thumbnailUrl":"https:\/\/i0.wp.com\/elregionalvm.com.ar\/noticias-villa-maria\/wp-content\/uploads\/2023\/03\/Etruria-Maxi-Andres-firma-convenio-viviendas-2.jpeg?fit=1000%2C667&ssl=1","datePublished":"2023-03-02T02:30:45+00:00","dateModified":"2023-03-02T02:30:57+00:00","author":{"@id":"http:\/\/elregionalvm.com.ar\/noticias-villa-maria\/#\/schema\/person\/a0fb9c422317faca23d50163151bc354"},"breadcrumb":{"@id":"http:\/\/elregionalvm.com.ar\/noticias-villa-maria\/etruria-suscribio-convenio-para-construir-10-nuevas-viviendas\/#breadcrumb"},"inLanguage":"es","potentialAction":[{"@type":"ReadAction","target":["http:\/\/elregionalvm.com.ar\/noticias-villa-maria\/etruria-suscribio-convenio-para-construir-10-nuevas-viviendas\/"]}]},{"@type":"ImageObject","inLanguage":"es","@id":"http:\/\/elregionalvm.com.ar\/noticias-villa-maria\/etruria-suscribio-convenio-para-construir-10-nuevas-viviendas\/#primaryimage","url":"https:\/\/i0.wp.com\/elregionalvm.com.ar\/noticias-villa-maria\/wp-content\/uploads\/2023\/03\/Etruria-Maxi-Andres-firma-convenio-viviendas-2.jpeg?fit=1000%2C667&ssl=1","contentUrl":"https:\/\/i0.wp.com\/elregionalvm.com.ar\/noticias-villa-maria\/wp-content\/uploads\/2023\/03\/Etruria-Maxi-Andres-firma-convenio-viviendas-2.jpeg?fit=1000%2C667&ssl=1","width":1000,"height":667},{"@type":"BreadcrumbList","@id":"http:\/\/elregionalvm.com.ar\/noticias-villa-maria\/etruria-suscribio-convenio-para-construir-10-nuevas-viviendas\/#breadcrumb","itemListElement":[{"@type":"ListItem","position":1,"name":"Portada","item":"https:\/\/elregionalvm.com.ar\/noticias-villa-maria\/"},{"@type":"ListItem","position":2,"name":"Etruria suscribi\u00f3 convenio con Naci\u00f3n para construir 10 nuevas viviendas"}]},{"@type":"WebSite","@id":"http:\/\/elregionalvm.com.ar\/noticias-villa-maria\/#website","url":"http:\/\/elregionalvm.com.ar\/noticias-villa-maria\/","name":"El Regional","description":"Mucho m\u00e1s que informaci\u00f3n","potentialAction":[{"@type":"SearchAction","target":{"@type":"EntryPoint","urlTemplate":"http:\/\/elregionalvm.com.ar\/noticias-villa-maria\/?s={search_term_string}"},"query-input":{"@type":"PropertyValueSpecification","valueRequired":true,"valueName":"search_term_string"}}],"inLanguage":"es"},{"@type":"Person","@id":"http:\/\/elregionalvm.com.ar\/noticias-villa-maria\/#\/schema\/person\/a0fb9c422317faca23d50163151bc354","name":"Contenidos El Regional","image":{"@type":"ImageObject","inLanguage":"es","@id":"http:\/\/elregionalvm.com.ar\/noticias-villa-maria\/#\/schema\/person\/image\/","url":"https:\/\/secure.gravatar.com\/avatar\/265b27cb2209af7bb3a1318f03305787d7981a5cc6e6cd08fe5a4ecdf99d4b48?s=96&d=mm&r=g","contentUrl":"https:\/\/secure.gravatar.com\/avatar\/265b27cb2209af7bb3a1318f03305787d7981a5cc6e6cd08fe5a4ecdf99d4b48?s=96&d=mm&r=g","caption":"Contenidos El Regional"},"url":"https:\/\/elregionalvm.com.ar\/noticias-villa-maria\/author\/contenido\/"}]}},"jetpack_featured_media_url":"https:\/\/i0.wp.com\/elregionalvm.com.ar\/noticias-villa-maria\/wp-content\/uploads\/2023\/03\/Etruria-Maxi-Andres-firma-convenio-viviendas-2.jpeg?fit=1000%2C667&ssl=1","jetpack_sharing_enabled":true,"_links":{"self":[{"href":"https:\/\/elregionalvm.com.ar\/noticias-villa-maria\/wp-json\/wp\/v2\/posts\/72469","targetHints":{"allow":["GET"]}}],"collection":[{"href":"https:\/\/elregionalvm.com.ar\/noticias-villa-maria\/wp-json\/wp\/v2\/posts"}],"about":[{"href":"https:\/\/elregionalvm.com.ar\/noticias-villa-maria\/wp-json\/wp\/v2\/types\/post"}],"author":[{"embeddable":true,"href":"https:\/\/elregionalvm.com.ar\/noticias-villa-maria\/wp-json\/wp\/v2\/users\/4"}],"replies":[{"embeddable":true,"href":"https:\/\/elregionalvm.com.ar\/noticias-villa-maria\/wp-json\/wp\/v2\/comments?post=72469"}],"version-history":[{"count":2,"href":"https:\/\/elregionalvm.com.ar\/noticias-villa-maria\/wp-json\/wp\/v2\/posts\/72469\/revisions"}],"predecessor-version":[{"id":72474,"href":"https:\/\/elregionalvm.com.ar\/noticias-villa-maria\/wp-json\/wp\/v2\/posts\/72469\/revisions\/72474"}],"wp:featuredmedia":[{"embeddable":true,"href":"https:\/\/elregionalvm.com.ar\/noticias-villa-maria\/wp-json\/wp\/v2\/media\/72472"}],"wp:attachment":[{"href":"https:\/\/elregionalvm.com.ar\/noticias-villa-maria\/wp-json\/wp\/v2\/media?parent=72469"}],"wp:term":[{"taxonomy":"category","embeddable":true,"href":"https:\/\/elregionalvm.com.ar\/noticias-villa-maria\/wp-json\/wp\/v2\/categories?post=72469"},{"taxonomy":"post_tag","embeddable":true,"href":"https:\/\/elregionalvm.com.ar\/noticias-villa-maria\/wp-json\/wp\/v2\/tags?post=72469"}],"curies":[{"name":"wp","href":"https:\/\/api.w.org\/{rel}","templated":true}]}}