{"id":72475,"date":"2023-03-02T03:08:41","date_gmt":"2023-03-02T03:08:41","guid":{"rendered":"https:\/\/elregionalvm.com.ar\/noticias-villa-maria\/?p=72475"},"modified":"2023-03-02T03:08:43","modified_gmt":"2023-03-02T03:08:43","slug":"ticino-lo-hizo-de-nuevo-tuvo-luz-en-medio-del-apagon-generalizado","status":"publish","type":"post","link":"https:\/\/elregionalvm.com.ar\/noticias-villa-maria\/ticino-lo-hizo-de-nuevo-tuvo-luz-en-medio-del-apagon-generalizado\/","title":{"rendered":"Ticino lo hizo de nuevo: Tuvo luz en medio del apag\u00f3n generalizado"},"content":{"rendered":"\n<p>Un corte masivo de energ\u00eda el\u00e9ctrica dej\u00f3 sin el servicio a gran parte del pa\u00eds.<\/p>\n\n\n\n<p>Fallas reportadas en el sistema interconectado nacional produjeron un apag\u00f3n que afect\u00f3 a varias provincias.<\/p>\n\n\n\n<p>Sin embargo, la localidad cordobesa de Ticino una vez m\u00e1s tuvo electricidad gracias a la presencia de una generadora de energ\u00eda de una empresa local.<\/p>\n\n\n\n<p>Durante el apag\u00f3n masivo de hace unos a\u00f1os, el nombre de la localidad hab\u00eda trascendido a toda la Argentina por ser uno de los pocos sitios donde tuvieron luz.<\/p>\n\n\n\n<p>Algunos vecinos bromearon sobre la situaci\u00f3n y publicaron videos en las redes, como el que pod\u00e9s encontrar haciendo clic <a href=\"https:\/\/www.instagram.com\/reel\/CpQvC5-DC1w\/?igshid=YmMyMTA2M2Y=\">aqu\u00ed.<\/a><\/p>\n\n\n\n<p><\/p>\n\n\n\n<figure class=\"wp-block-embed is-type-wp-embed is-provider-el-regional wp-block-embed-el-regional\"><div class=\"wp-block-embed__wrapper\">\n<blockquote class=\"wp-embedded-content\" data-secret=\"uHpCZsy5n0\"><a href=\"https:\/\/elregionalvm.com.ar\/noticias-villa-maria\/argentina-a-oscuras-a-un-ano-del-historico-apagon\/\">Argentina a oscuras: a un a\u00f1o del hist\u00f3rico apag\u00f3n<\/a><\/blockquote><iframe class=\"wp-embedded-content\" sandbox=\"allow-scripts\" security=\"restricted\" style=\"position: absolute; visibility: hidden;\" title=\"\u00abArgentina a oscuras: a un a\u00f1o del hist\u00f3rico apag\u00f3n\u00bb \u2014 El Regional\" src=\"https:\/\/elregionalvm.com.ar\/noticias-villa-maria\/argentina-a-oscuras-a-un-ano-del-historico-apagon\/embed\/#?secret=CxMqM82IVK#?secret=uHpCZsy5n0\" data-secret=\"uHpCZsy5n0\" width=\"500\" height=\"282\" frameborder=\"0\" marginwidth=\"0\" marginheight=\"0\" scrolling=\"no\"><\/iframe>\n<\/div><\/figure>\n\n\n\n<p><\/p>\n\n\n\n<p><strong>En boca de todos<\/strong><\/p>\n\n\n\n<p>El 16 de junio de 2019 y d\u00edas posteriores, Ticino estuvo en boca de todos. La experiencia de contar con el servicio de electricidad cuando el resto del pa\u00eds navegaba en la incertidumbre por lo que hab\u00eda pasado con el in\u00e9dito apag\u00f3n generalizado deposit\u00f3 a la localidad en las primeras planas de los medios.<\/p>\n\n\n\n<p><\/p>\n\n\n\n<figure class=\"wp-block-image\"><img data-recalc-dims=\"1\" decoding=\"async\" src=\"https:\/\/i0.wp.com\/elregionalvm.com.ar\/noticias-villa-maria\/wp-content\/uploads\/2020\/06\/Ticino-Bruschini-Apag%C3%B3n.jpg?ssl=1\" alt=\"\" class=\"wp-image-18232\"\/><figcaption><em>Ticino tuvo amplia repercusi\u00f3n en los medios nacionales.<\/em><\/figcaption><\/figure>\n\n\n\n<p><\/p>\n\n\n\n<p>\u201cEsta localidad logr\u00f3 quedar al margen de esa situaci\u00f3n debido a que Ticino produce energ\u00eda a partir de c\u00e1scara de man\u00ed que se procesa en la Central Termoel\u00e9ctrica GTB. La central tiene una capacidad de 5 MW, lo que le permite abastecer a unas 8000 viviendas. Hoy produce para 6500, o sea que alcanza para las existentes en la localidad\u201d, explic\u00f3 entonces un posteo de la Cooperativa Ticinense al recordar el primer aniversario del suceso.<\/p>\n\n\n\n<p>\u201cLa energ\u00eda que se produce se vende al Sistema Interconectado Nacional, pero ante una falla como la del a\u00f1o pasado tiene la posibilidad de desconectarse, quedar funcionando en \u2018isla\u2019 y entregar energ\u00eda a las viviendas del lugar\u201d, hab\u00eda precisado la entidad.<\/p>\n\n\n\n<p>Una vez m\u00e1s, como entonces, Ticino lo hizo. <\/p>\n","protected":false},"excerpt":{"rendered":"<p>Un corte masivo de energ\u00eda el\u00e9ctrica dej\u00f3 sin el servicio a gran parte del pa\u00eds. Fallas reportadas en el sistema interconectado nacional produjeron un apag\u00f3n que afect\u00f3 a varias provincias. Sin embargo, la localidad cordobesa de Ticino una vez m\u00e1s tuvo electricidad gracias a la presencia de una generadora de energ\u00eda de una empresa local. [&hellip;]<\/p>\n","protected":false},"author":4,"featured_media":62159,"comment_status":"open","ping_status":"open","sticky":false,"template":"","format":"standard","meta":{"site-sidebar-layout":"default","site-content-layout":"","ast-site-content-layout":"default","site-content-style":"default","site-sidebar-style":"default","ast-global-header-display":"","ast-banner-title-visibility":"","ast-main-header-display":"","ast-hfb-above-header-display":"","ast-hfb-below-header-display":"","ast-hfb-mobile-header-display":"","site-post-title":"","ast-breadcrumbs-content":"","ast-featured-img":"","footer-sml-layout":"","ast-disable-related-posts":"","theme-transparent-header-meta":"","adv-header-id-meta":"","stick-header-meta":"","header-above-stick-meta":"","header-main-stick-meta":"","header-below-stick-meta":"","astra-migrate-meta-layouts":"default","ast-page-background-enabled":"default","ast-page-background-meta":{"desktop":{"background-color":"","background-image":"","background-repeat":"repeat","background-position":"center center","background-size":"auto","background-attachment":"scroll","background-type":"","background-media":"","overlay-type":"","overlay-color":"","overlay-opacity":"","overlay-gradient":""},"tablet":{"background-color":"","background-image":"","background-repeat":"repeat","background-position":"center center","background-size":"auto","background-attachment":"scroll","background-type":"","background-media":"","overlay-type":"","overlay-color":"","overlay-opacity":"","overlay-gradient":""},"mobile":{"background-color":"","background-image":"","background-repeat":"repeat","background-position":"center center","background-size":"auto","background-attachment":"scroll","background-type":"","background-media":"","overlay-type":"","overlay-color":"","overlay-opacity":"","overlay-gradient":""}},"ast-content-background-meta":{"desktop":{"background-color":"var(--ast-global-color-5)","background-image":"","background-repeat":"repeat","background-position":"center center","background-size":"auto","background-attachment":"scroll","background-type":"","background-media":"","overlay-type":"","overlay-color":"","overlay-opacity":"","overlay-gradient":""},"tablet":{"background-color":"var(--ast-global-color-5)","background-image":"","background-repeat":"repeat","background-position":"center center","background-size":"auto","background-attachment":"scroll","background-type":"","background-media":"","overlay-type":"","overlay-color":"","overlay-opacity":"","overlay-gradient":""},"mobile":{"background-color":"var(--ast-global-color-5)","background-image":"","background-repeat":"repeat","background-position":"center center","background-size":"auto","background-attachment":"scroll","background-type":"","background-media":"","overlay-type":"","overlay-color":"","overlay-opacity":"","overlay-gradient":""}},"_jetpack_memberships_contains_paid_content":false,"_joinchat":[],"footnotes":""},"categories":[15302,2091],"tags":[1494,21855,10458,8233,21854,18626,182,21851,598],"class_list":["post-72475","post","type-post","status-publish","format-standard","has-post-thumbnail","hentry","category-destacado","category-region","tag-apagon","tag-cascara-de-mani","tag-electricidad","tag-fallas","tag-generadora","tag-lorenzati-ruetsch","tag-luz","tag-sistema-interconectado-nacional","tag-ticino"],"yoast_head":"<!-- This site is optimized with the Yoast SEO plugin v26.8 - https:\/\/yoast.com\/product\/yoast-seo-wordpress\/ -->\n<title>Ticino lo hizo de nuevo: Tuvo luz en medio del apag\u00f3n generalizado - El Regional<\/title>\n<meta name=\"robots\" content=\"index, follow, max-snippet:-1, max-image-preview:large, max-video-preview:-1\" \/>\n<link rel=\"canonical\" href=\"http:\/\/elregionalvm.com.ar\/noticias-villa-maria\/ticino-lo-hizo-de-nuevo-tuvo-luz-en-medio-del-apagon-generalizado\/\" \/>\n<meta property=\"og:locale\" content=\"es_ES\" \/>\n<meta property=\"og:type\" content=\"article\" \/>\n<meta property=\"og:title\" content=\"Ticino lo hizo de nuevo: Tuvo luz en medio del apag\u00f3n generalizado - El Regional\" \/>\n<meta property=\"og:description\" content=\"Un corte masivo de energ\u00eda el\u00e9ctrica dej\u00f3 sin el servicio a gran parte del pa\u00eds. Fallas reportadas en el sistema interconectado nacional produjeron un apag\u00f3n que afect\u00f3 a varias provincias. Sin embargo, la localidad cordobesa de Ticino una vez m\u00e1s tuvo electricidad gracias a la presencia de una generadora de energ\u00eda de una empresa local. [&hellip;]\" \/>\n<meta property=\"og:url\" content=\"http:\/\/elregionalvm.com.ar\/noticias-villa-maria\/ticino-lo-hizo-de-nuevo-tuvo-luz-en-medio-del-apagon-generalizado\/\" \/>\n<meta property=\"og:site_name\" content=\"El Regional\" \/>\n<meta property=\"article:publisher\" content=\"https:\/\/www.facebook.com\/elregionalvm\" \/>\n<meta property=\"article:published_time\" content=\"2023-03-02T03:08:41+00:00\" \/>\n<meta property=\"article:modified_time\" content=\"2023-03-02T03:08:43+00:00\" \/>\n<meta property=\"og:image\" content=\"http:\/\/elregionalvm.com.ar\/noticias-villa-maria\/wp-content\/uploads\/2022\/08\/Plaza-San-Martin-Ticino-aerea.jpeg\" \/>\n\t<meta property=\"og:image:width\" content=\"1368\" \/>\n\t<meta property=\"og:image:height\" content=\"770\" \/>\n\t<meta property=\"og:image:type\" content=\"image\/jpeg\" \/>\n<meta name=\"author\" content=\"Contenidos El Regional\" \/>\n<meta name=\"twitter:card\" content=\"summary_large_image\" \/>\n<meta name=\"twitter:creator\" content=\"@elregionalvm1\" \/>\n<meta name=\"twitter:site\" content=\"@elregionalvm1\" \/>\n<meta name=\"twitter:label1\" content=\"Escrito por\" \/>\n\t<meta name=\"twitter:data1\" content=\"Contenidos El Regional\" \/>\n\t<meta name=\"twitter:label2\" content=\"Tiempo de lectura\" \/>\n\t<meta name=\"twitter:data2\" content=\"2 minutos\" \/>\n<script type=\"application\/ld+json\" class=\"yoast-schema-graph\">{\"@context\":\"https:\/\/schema.org\",\"@graph\":[{\"@type\":\"Article\",\"@id\":\"http:\/\/elregionalvm.com.ar\/noticias-villa-maria\/ticino-lo-hizo-de-nuevo-tuvo-luz-en-medio-del-apagon-generalizado\/#article\",\"isPartOf\":{\"@id\":\"http:\/\/elregionalvm.com.ar\/noticias-villa-maria\/ticino-lo-hizo-de-nuevo-tuvo-luz-en-medio-del-apagon-generalizado\/\"},\"author\":{\"name\":\"Contenidos El Regional\",\"@id\":\"http:\/\/elregionalvm.com.ar\/noticias-villa-maria\/#\/schema\/person\/a0fb9c422317faca23d50163151bc354\"},\"headline\":\"Ticino lo hizo de nuevo: Tuvo luz en medio del apag\u00f3n generalizado\",\"datePublished\":\"2023-03-02T03:08:41+00:00\",\"dateModified\":\"2023-03-02T03:08:43+00:00\",\"mainEntityOfPage\":{\"@id\":\"http:\/\/elregionalvm.com.ar\/noticias-villa-maria\/ticino-lo-hizo-de-nuevo-tuvo-luz-en-medio-del-apagon-generalizado\/\"},\"wordCount\":334,\"commentCount\":0,\"image\":{\"@id\":\"http:\/\/elregionalvm.com.ar\/noticias-villa-maria\/ticino-lo-hizo-de-nuevo-tuvo-luz-en-medio-del-apagon-generalizado\/#primaryimage\"},\"thumbnailUrl\":\"https:\/\/i0.wp.com\/elregionalvm.com.ar\/noticias-villa-maria\/wp-content\/uploads\/2022\/08\/Plaza-San-Martin-Ticino-aerea.jpeg?fit=1368%2C770&ssl=1\",\"keywords\":[\"Apag\u00f3n\",\"c\u00e1scara de man\u00ed\",\"Electricidad\",\"fallas\",\"generadora\",\"Lorenzati &amp; Ruetsch\",\"luz\",\"sistema interconectado nacional\",\"Ticino\"],\"articleSection\":[\"destacado\",\"Regi\u00f3n\"],\"inLanguage\":\"es\",\"potentialAction\":[{\"@type\":\"CommentAction\",\"name\":\"Comment\",\"target\":[\"http:\/\/elregionalvm.com.ar\/noticias-villa-maria\/ticino-lo-hizo-de-nuevo-tuvo-luz-en-medio-del-apagon-generalizado\/#respond\"]}]},{\"@type\":\"WebPage\",\"@id\":\"http:\/\/elregionalvm.com.ar\/noticias-villa-maria\/ticino-lo-hizo-de-nuevo-tuvo-luz-en-medio-del-apagon-generalizado\/\",\"url\":\"http:\/\/elregionalvm.com.ar\/noticias-villa-maria\/ticino-lo-hizo-de-nuevo-tuvo-luz-en-medio-del-apagon-generalizado\/\",\"name\":\"Ticino lo hizo de nuevo: Tuvo luz en medio del apag\u00f3n generalizado - El Regional\",\"isPartOf\":{\"@id\":\"http:\/\/elregionalvm.com.ar\/noticias-villa-maria\/#website\"},\"primaryImageOfPage\":{\"@id\":\"http:\/\/elregionalvm.com.ar\/noticias-villa-maria\/ticino-lo-hizo-de-nuevo-tuvo-luz-en-medio-del-apagon-generalizado\/#primaryimage\"},\"image\":{\"@id\":\"http:\/\/elregionalvm.com.ar\/noticias-villa-maria\/ticino-lo-hizo-de-nuevo-tuvo-luz-en-medio-del-apagon-generalizado\/#primaryimage\"},\"thumbnailUrl\":\"https:\/\/i0.wp.com\/elregionalvm.com.ar\/noticias-villa-maria\/wp-content\/uploads\/2022\/08\/Plaza-San-Martin-Ticino-aerea.jpeg?fit=1368%2C770&ssl=1\",\"datePublished\":\"2023-03-02T03:08:41+00:00\",\"dateModified\":\"2023-03-02T03:08:43+00:00\",\"author\":{\"@id\":\"http:\/\/elregionalvm.com.ar\/noticias-villa-maria\/#\/schema\/person\/a0fb9c422317faca23d50163151bc354\"},\"breadcrumb\":{\"@id\":\"http:\/\/elregionalvm.com.ar\/noticias-villa-maria\/ticino-lo-hizo-de-nuevo-tuvo-luz-en-medio-del-apagon-generalizado\/#breadcrumb\"},\"inLanguage\":\"es\",\"potentialAction\":[{\"@type\":\"ReadAction\",\"target\":[\"http:\/\/elregionalvm.com.ar\/noticias-villa-maria\/ticino-lo-hizo-de-nuevo-tuvo-luz-en-medio-del-apagon-generalizado\/\"]}]},{\"@type\":\"ImageObject\",\"inLanguage\":\"es\",\"@id\":\"http:\/\/elregionalvm.com.ar\/noticias-villa-maria\/ticino-lo-hizo-de-nuevo-tuvo-luz-en-medio-del-apagon-generalizado\/#primaryimage\",\"url\":\"https:\/\/i0.wp.com\/elregionalvm.com.ar\/noticias-villa-maria\/wp-content\/uploads\/2022\/08\/Plaza-San-Martin-Ticino-aerea.jpeg?fit=1368%2C770&ssl=1\",\"contentUrl\":\"https:\/\/i0.wp.com\/elregionalvm.com.ar\/noticias-villa-maria\/wp-content\/uploads\/2022\/08\/Plaza-San-Martin-Ticino-aerea.jpeg?fit=1368%2C770&ssl=1\",\"width\":1368,\"height\":770},{\"@type\":\"BreadcrumbList\",\"@id\":\"http:\/\/elregionalvm.com.ar\/noticias-villa-maria\/ticino-lo-hizo-de-nuevo-tuvo-luz-en-medio-del-apagon-generalizado\/#breadcrumb\",\"itemListElement\":[{\"@type\":\"ListItem\",\"position\":1,\"name\":\"Portada\",\"item\":\"https:\/\/elregionalvm.com.ar\/noticias-villa-maria\/\"},{\"@type\":\"ListItem\",\"position\":2,\"name\":\"Ticino lo hizo de nuevo: Tuvo luz en medio del apag\u00f3n generalizado\"}]},{\"@type\":\"WebSite\",\"@id\":\"http:\/\/elregionalvm.com.ar\/noticias-villa-maria\/#website\",\"url\":\"http:\/\/elregionalvm.com.ar\/noticias-villa-maria\/\",\"name\":\"El Regional\",\"description\":\"Mucho m\u00e1s que informaci\u00f3n\",\"potentialAction\":[{\"@type\":\"SearchAction\",\"target\":{\"@type\":\"EntryPoint\",\"urlTemplate\":\"http:\/\/elregionalvm.com.ar\/noticias-villa-maria\/?s={search_term_string}\"},\"query-input\":{\"@type\":\"PropertyValueSpecification\",\"valueRequired\":true,\"valueName\":\"search_term_string\"}}],\"inLanguage\":\"es\"},{\"@type\":\"Person\",\"@id\":\"http:\/\/elregionalvm.com.ar\/noticias-villa-maria\/#\/schema\/person\/a0fb9c422317faca23d50163151bc354\",\"name\":\"Contenidos El Regional\",\"image\":{\"@type\":\"ImageObject\",\"inLanguage\":\"es\",\"@id\":\"http:\/\/elregionalvm.com.ar\/noticias-villa-maria\/#\/schema\/person\/image\/\",\"url\":\"https:\/\/secure.gravatar.com\/avatar\/265b27cb2209af7bb3a1318f03305787d7981a5cc6e6cd08fe5a4ecdf99d4b48?s=96&d=mm&r=g\",\"contentUrl\":\"https:\/\/secure.gravatar.com\/avatar\/265b27cb2209af7bb3a1318f03305787d7981a5cc6e6cd08fe5a4ecdf99d4b48?s=96&d=mm&r=g\",\"caption\":\"Contenidos El Regional\"},\"url\":\"https:\/\/elregionalvm.com.ar\/noticias-villa-maria\/author\/contenido\/\"}]}<\/script>\n<!-- \/ Yoast SEO plugin. -->","yoast_head_json":{"title":"Ticino lo hizo de nuevo: Tuvo luz en medio del apag\u00f3n generalizado - El Regional","robots":{"index":"index","follow":"follow","max-snippet":"max-snippet:-1","max-image-preview":"max-image-preview:large","max-video-preview":"max-video-preview:-1"},"canonical":"http:\/\/elregionalvm.com.ar\/noticias-villa-maria\/ticino-lo-hizo-de-nuevo-tuvo-luz-en-medio-del-apagon-generalizado\/","og_locale":"es_ES","og_type":"article","og_title":"Ticino lo hizo de nuevo: Tuvo luz en medio del apag\u00f3n generalizado - El Regional","og_description":"Un corte masivo de energ\u00eda el\u00e9ctrica dej\u00f3 sin el servicio a gran parte del pa\u00eds. Fallas reportadas en el sistema interconectado nacional produjeron un apag\u00f3n que afect\u00f3 a varias provincias. Sin embargo, la localidad cordobesa de Ticino una vez m\u00e1s tuvo electricidad gracias a la presencia de una generadora de energ\u00eda de una empresa local. [&hellip;]","og_url":"http:\/\/elregionalvm.com.ar\/noticias-villa-maria\/ticino-lo-hizo-de-nuevo-tuvo-luz-en-medio-del-apagon-generalizado\/","og_site_name":"El Regional","article_publisher":"https:\/\/www.facebook.com\/elregionalvm","article_published_time":"2023-03-02T03:08:41+00:00","article_modified_time":"2023-03-02T03:08:43+00:00","og_image":[{"width":1368,"height":770,"url":"http:\/\/elregionalvm.com.ar\/noticias-villa-maria\/wp-content\/uploads\/2022\/08\/Plaza-San-Martin-Ticino-aerea.jpeg","type":"image\/jpeg"}],"author":"Contenidos El Regional","twitter_card":"summary_large_image","twitter_creator":"@elregionalvm1","twitter_site":"@elregionalvm1","twitter_misc":{"Escrito por":"Contenidos El Regional","Tiempo de lectura":"2 minutos"},"schema":{"@context":"https:\/\/schema.org","@graph":[{"@type":"Article","@id":"http:\/\/elregionalvm.com.ar\/noticias-villa-maria\/ticino-lo-hizo-de-nuevo-tuvo-luz-en-medio-del-apagon-generalizado\/#article","isPartOf":{"@id":"http:\/\/elregionalvm.com.ar\/noticias-villa-maria\/ticino-lo-hizo-de-nuevo-tuvo-luz-en-medio-del-apagon-generalizado\/"},"author":{"name":"Contenidos El Regional","@id":"http:\/\/elregionalvm.com.ar\/noticias-villa-maria\/#\/schema\/person\/a0fb9c422317faca23d50163151bc354"},"headline":"Ticino lo hizo de nuevo: Tuvo luz en medio del apag\u00f3n generalizado","datePublished":"2023-03-02T03:08:41+00:00","dateModified":"2023-03-02T03:08:43+00:00","mainEntityOfPage":{"@id":"http:\/\/elregionalvm.com.ar\/noticias-villa-maria\/ticino-lo-hizo-de-nuevo-tuvo-luz-en-medio-del-apagon-generalizado\/"},"wordCount":334,"commentCount":0,"image":{"@id":"http:\/\/elregionalvm.com.ar\/noticias-villa-maria\/ticino-lo-hizo-de-nuevo-tuvo-luz-en-medio-del-apagon-generalizado\/#primaryimage"},"thumbnailUrl":"https:\/\/i0.wp.com\/elregionalvm.com.ar\/noticias-villa-maria\/wp-content\/uploads\/2022\/08\/Plaza-San-Martin-Ticino-aerea.jpeg?fit=1368%2C770&ssl=1","keywords":["Apag\u00f3n","c\u00e1scara de man\u00ed","Electricidad","fallas","generadora","Lorenzati &amp; Ruetsch","luz","sistema interconectado nacional","Ticino"],"articleSection":["destacado","Regi\u00f3n"],"inLanguage":"es","potentialAction":[{"@type":"CommentAction","name":"Comment","target":["http:\/\/elregionalvm.com.ar\/noticias-villa-maria\/ticino-lo-hizo-de-nuevo-tuvo-luz-en-medio-del-apagon-generalizado\/#respond"]}]},{"@type":"WebPage","@id":"http:\/\/elregionalvm.com.ar\/noticias-villa-maria\/ticino-lo-hizo-de-nuevo-tuvo-luz-en-medio-del-apagon-generalizado\/","url":"http:\/\/elregionalvm.com.ar\/noticias-villa-maria\/ticino-lo-hizo-de-nuevo-tuvo-luz-en-medio-del-apagon-generalizado\/","name":"Ticino lo hizo de nuevo: Tuvo luz en medio del apag\u00f3n generalizado - El Regional","isPartOf":{"@id":"http:\/\/elregionalvm.com.ar\/noticias-villa-maria\/#website"},"primaryImageOfPage":{"@id":"http:\/\/elregionalvm.com.ar\/noticias-villa-maria\/ticino-lo-hizo-de-nuevo-tuvo-luz-en-medio-del-apagon-generalizado\/#primaryimage"},"image":{"@id":"http:\/\/elregionalvm.com.ar\/noticias-villa-maria\/ticino-lo-hizo-de-nuevo-tuvo-luz-en-medio-del-apagon-generalizado\/#primaryimage"},"thumbnailUrl":"https:\/\/i0.wp.com\/elregionalvm.com.ar\/noticias-villa-maria\/wp-content\/uploads\/2022\/08\/Plaza-San-Martin-Ticino-aerea.jpeg?fit=1368%2C770&ssl=1","datePublished":"2023-03-02T03:08:41+00:00","dateModified":"2023-03-02T03:08:43+00:00","author":{"@id":"http:\/\/elregionalvm.com.ar\/noticias-villa-maria\/#\/schema\/person\/a0fb9c422317faca23d50163151bc354"},"breadcrumb":{"@id":"http:\/\/elregionalvm.com.ar\/noticias-villa-maria\/ticino-lo-hizo-de-nuevo-tuvo-luz-en-medio-del-apagon-generalizado\/#breadcrumb"},"inLanguage":"es","potentialAction":[{"@type":"ReadAction","target":["http:\/\/elregionalvm.com.ar\/noticias-villa-maria\/ticino-lo-hizo-de-nuevo-tuvo-luz-en-medio-del-apagon-generalizado\/"]}]},{"@type":"ImageObject","inLanguage":"es","@id":"http:\/\/elregionalvm.com.ar\/noticias-villa-maria\/ticino-lo-hizo-de-nuevo-tuvo-luz-en-medio-del-apagon-generalizado\/#primaryimage","url":"https:\/\/i0.wp.com\/elregionalvm.com.ar\/noticias-villa-maria\/wp-content\/uploads\/2022\/08\/Plaza-San-Martin-Ticino-aerea.jpeg?fit=1368%2C770&ssl=1","contentUrl":"https:\/\/i0.wp.com\/elregionalvm.com.ar\/noticias-villa-maria\/wp-content\/uploads\/2022\/08\/Plaza-San-Martin-Ticino-aerea.jpeg?fit=1368%2C770&ssl=1","width":1368,"height":770},{"@type":"BreadcrumbList","@id":"http:\/\/elregionalvm.com.ar\/noticias-villa-maria\/ticino-lo-hizo-de-nuevo-tuvo-luz-en-medio-del-apagon-generalizado\/#breadcrumb","itemListElement":[{"@type":"ListItem","position":1,"name":"Portada","item":"https:\/\/elregionalvm.com.ar\/noticias-villa-maria\/"},{"@type":"ListItem","position":2,"name":"Ticino lo hizo de nuevo: Tuvo luz en medio del apag\u00f3n generalizado"}]},{"@type":"WebSite","@id":"http:\/\/elregionalvm.com.ar\/noticias-villa-maria\/#website","url":"http:\/\/elregionalvm.com.ar\/noticias-villa-maria\/","name":"El Regional","description":"Mucho m\u00e1s que informaci\u00f3n","potentialAction":[{"@type":"SearchAction","target":{"@type":"EntryPoint","urlTemplate":"http:\/\/elregionalvm.com.ar\/noticias-villa-maria\/?s={search_term_string}"},"query-input":{"@type":"PropertyValueSpecification","valueRequired":true,"valueName":"search_term_string"}}],"inLanguage":"es"},{"@type":"Person","@id":"http:\/\/elregionalvm.com.ar\/noticias-villa-maria\/#\/schema\/person\/a0fb9c422317faca23d50163151bc354","name":"Contenidos El Regional","image":{"@type":"ImageObject","inLanguage":"es","@id":"http:\/\/elregionalvm.com.ar\/noticias-villa-maria\/#\/schema\/person\/image\/","url":"https:\/\/secure.gravatar.com\/avatar\/265b27cb2209af7bb3a1318f03305787d7981a5cc6e6cd08fe5a4ecdf99d4b48?s=96&d=mm&r=g","contentUrl":"https:\/\/secure.gravatar.com\/avatar\/265b27cb2209af7bb3a1318f03305787d7981a5cc6e6cd08fe5a4ecdf99d4b48?s=96&d=mm&r=g","caption":"Contenidos El Regional"},"url":"https:\/\/elregionalvm.com.ar\/noticias-villa-maria\/author\/contenido\/"}]}},"jetpack_featured_media_url":"https:\/\/i0.wp.com\/elregionalvm.com.ar\/noticias-villa-maria\/wp-content\/uploads\/2022\/08\/Plaza-San-Martin-Ticino-aerea.jpeg?fit=1368%2C770&ssl=1","jetpack_sharing_enabled":true,"_links":{"self":[{"href":"https:\/\/elregionalvm.com.ar\/noticias-villa-maria\/wp-json\/wp\/v2\/posts\/72475","targetHints":{"allow":["GET"]}}],"collection":[{"href":"https:\/\/elregionalvm.com.ar\/noticias-villa-maria\/wp-json\/wp\/v2\/posts"}],"about":[{"href":"https:\/\/elregionalvm.com.ar\/noticias-villa-maria\/wp-json\/wp\/v2\/types\/post"}],"author":[{"embeddable":true,"href":"https:\/\/elregionalvm.com.ar\/noticias-villa-maria\/wp-json\/wp\/v2\/users\/4"}],"replies":[{"embeddable":true,"href":"https:\/\/elregionalvm.com.ar\/noticias-villa-maria\/wp-json\/wp\/v2\/comments?post=72475"}],"version-history":[{"count":1,"href":"https:\/\/elregionalvm.com.ar\/noticias-villa-maria\/wp-json\/wp\/v2\/posts\/72475\/revisions"}],"predecessor-version":[{"id":72476,"href":"https:\/\/elregionalvm.com.ar\/noticias-villa-maria\/wp-json\/wp\/v2\/posts\/72475\/revisions\/72476"}],"wp:featuredmedia":[{"embeddable":true,"href":"https:\/\/elregionalvm.com.ar\/noticias-villa-maria\/wp-json\/wp\/v2\/media\/62159"}],"wp:attachment":[{"href":"https:\/\/elregionalvm.com.ar\/noticias-villa-maria\/wp-json\/wp\/v2\/media?parent=72475"}],"wp:term":[{"taxonomy":"category","embeddable":true,"href":"https:\/\/elregionalvm.com.ar\/noticias-villa-maria\/wp-json\/wp\/v2\/categories?post=72475"},{"taxonomy":"post_tag","embeddable":true,"href":"https:\/\/elregionalvm.com.ar\/noticias-villa-maria\/wp-json\/wp\/v2\/tags?post=72475"}],"curies":[{"name":"wp","href":"https:\/\/api.w.org\/{rel}","templated":true}]}}