{"id":72496,"date":"2023-03-02T18:03:24","date_gmt":"2023-03-02T18:03:24","guid":{"rendered":"https:\/\/elregionalvm.com.ar\/noticias-villa-maria\/?p=72496"},"modified":"2023-03-07T02:17:39","modified_gmt":"2023-03-07T02:17:39","slug":"bajo-fuego-ecocidio-en-2022-los-incendios-forestales-y-rurales-afectaron-a-174-mil-hectareas-en-cordoba","status":"publish","type":"post","link":"https:\/\/elregionalvm.com.ar\/noticias-villa-maria\/bajo-fuego-ecocidio-en-2022-los-incendios-forestales-y-rurales-afectaron-a-174-mil-hectareas-en-cordoba\/","title":{"rendered":"[Bajo Fuego] \u00abEcocidio\u00bb: En 2022, los incendios forestales y rurales afectaron a 174 mil hect\u00e1reas en C\u00f3rdoba"},"content":{"rendered":"\n<p><\/p>\n\n\n\n<h3 class=\"wp-block-heading\"><strong>La Federaci\u00f3n de Bomberos Voluntarios de la Provincia de C\u00f3rdoba present\u00f3 su Relevamiento de Incendios Forestales 2022. En toda la provincia resultaron afectadas 174.002 hect\u00e1reas, de las cuales 4.785 pertenecen a Villa Mar\u00eda y zona.<\/strong><\/h3>\n\n\n\n<p><\/p>\n\n\n\n<p>Los incendios de pastizales y bosques forman parte del lamentable paisaje cordob\u00e9s que se reitera a\u00f1o tras a\u00f1o. La mayor parte de estos incidentes resultan ser intencionales, es decir, provocados por la mano del ser humano con el objetivo de causar da\u00f1o.<\/p>\n\n\n\n<p>Seg\u00fan el relevamiento efectuado en las 12 regionales de la Federaci\u00f3n de Bomberos Voluntarios de la Provincia de C\u00f3rdoba, durante el a\u00f1o pasado se quem\u00f3 un total de 174.002 hect\u00e1reas de tierras.<\/p>\n\n\n\n<p>Para un mejor an\u00e1lisis se dividi\u00f3 el relevamiento en hect\u00e1reas de campos agr\u00edcolas y ganaderos, reservas nacionales y\/o provinciales, montes aut\u00f3ctonos y para pastoreos de hacienda, ba\u00f1ados y sierras con pastura natural para hacienda.<\/p>\n\n\n\n<p><\/p>\n\n\n\n<figure class=\"wp-block-image size-full\"><img data-recalc-dims=\"1\" fetchpriority=\"high\" decoding=\"async\" width=\"993\" height=\"660\" src=\"https:\/\/i0.wp.com\/elregionalvm.com.ar\/noticias-villa-maria\/wp-content\/uploads\/2022\/09\/riesgo-de-incendios.jpg?resize=993%2C660&#038;ssl=1\" alt=\"\" class=\"wp-image-64100\" srcset=\"https:\/\/i0.wp.com\/elregionalvm.com.ar\/noticias-villa-maria\/wp-content\/uploads\/2022\/09\/riesgo-de-incendios.jpg?w=993&amp;ssl=1 993w, https:\/\/i0.wp.com\/elregionalvm.com.ar\/noticias-villa-maria\/wp-content\/uploads\/2022\/09\/riesgo-de-incendios.jpg?resize=300%2C199&amp;ssl=1 300w, https:\/\/i0.wp.com\/elregionalvm.com.ar\/noticias-villa-maria\/wp-content\/uploads\/2022\/09\/riesgo-de-incendios.jpg?resize=768%2C510&amp;ssl=1 768w\" sizes=\"(max-width: 993px) 100vw, 993px\" \/><\/figure>\n\n\n\n<p><\/p>\n\n\n\n<p>En toda la geograf\u00eda cordobesa, la mayor parte de los incendios se produjeron en zona agr\u00edcola, con 114.241 hect\u00e1reas afectadas, lo que representa el 66% de la superficie bajo fuego. La zona ganadera, en tanto, represent\u00f3 el 9%, con 15.501 hect\u00e1reas quemadas.<\/p>\n\n\n\n<p><\/p>\n\n\n\n<figure class=\"wp-block-image size-full is-resized\"><img data-recalc-dims=\"1\" decoding=\"async\" src=\"https:\/\/i0.wp.com\/elregionalvm.com.ar\/noticias-villa-maria\/wp-content\/uploads\/2023\/03\/Grafico-incendios-2022-total-provincia-por-regional-bomberos.jpg?resize=908%2C532&#038;ssl=1\" alt=\"\" class=\"wp-image-72500\" width=\"908\" height=\"532\" srcset=\"https:\/\/i0.wp.com\/elregionalvm.com.ar\/noticias-villa-maria\/wp-content\/uploads\/2023\/03\/Grafico-incendios-2022-total-provincia-por-regional-bomberos.jpg?w=811&amp;ssl=1 811w, https:\/\/i0.wp.com\/elregionalvm.com.ar\/noticias-villa-maria\/wp-content\/uploads\/2023\/03\/Grafico-incendios-2022-total-provincia-por-regional-bomberos.jpg?resize=300%2C176&amp;ssl=1 300w, https:\/\/i0.wp.com\/elregionalvm.com.ar\/noticias-villa-maria\/wp-content\/uploads\/2023\/03\/Grafico-incendios-2022-total-provincia-por-regional-bomberos.jpg?resize=768%2C450&amp;ssl=1 768w\" sizes=\"(max-width: 908px) 100vw, 908px\" \/><figcaption><em>Las categor\u00edas de hect\u00e1reas quemadas por Regional y en total en la provincia. <\/em><\/figcaption><\/figure>\n\n\n\n<p><\/p>\n\n\n\n<p>La quemaz\u00f3n de monte aut\u00f3ctono ocup\u00f3 una gran porci\u00f3n dentro del registro de incendios: 28.220 hect\u00e1reas resultaron arrasadas por el fuego, el 16%.<\/p>\n\n\n\n<p>Las reservas nacionales o provinciales padecieron esta clase de siniestros en 6.050 hect\u00e1reas, mientras que el monte para pastoreo de hacienda lo hizo en 6.636 hect\u00e1reas.<\/p>\n\n\n\n<p>En zonas serranas con pastura natural para hacienda, el fuego se llev\u00f3 puestas 1.689 hect\u00e1reas, mientras que los ba\u00f1ados fueron afectados en 1.665 hect\u00e1reas.<\/p>\n\n\n\n<p>\u201cEs importante aclarar que una gran parte del territorio quemado corresponde a la categor\u00eda de mayor protecci\u00f3n de bosques nativos de la provincia de C\u00f3rdoba, de los cuales queda menos del 3%\u201d, alert\u00f3 el informe.<\/p>\n\n\n\n<p>\u201cSe trata de un \u2018ecocidio\u2019, de da\u00f1os ambientales devastadores e inconmensurables, constituyendo los incendios uno de los problemas socioambientales m\u00e1s importante de la provincia de C\u00f3rdoba\u201d, remarcaron desde la entidad.<\/p>\n\n\n\n<p><strong>En Villa Mar\u00eda y zona<\/strong><\/p>\n\n\n\n<p>La Regional N\u00b0 2 est\u00e1 integrada por los cuerpos de bomberos voluntarios de Alto Alegre, Arroyo Algod\u00f3n, Arroyo Cabral, Ausonia, Ballesteros, Bell Ville,Cintra, Justiniano Posse, Morrison, Ord\u00f3\u00f1ez, San Antonio de Lit\u00edn, San Marcos Sud, Ticino, Villa Mar\u00eda y Villa Nueva.<\/p>\n\n\n\n<p><\/p>\n\n\n\n<figure class=\"wp-block-image size-full\"><img data-recalc-dims=\"1\" decoding=\"async\" width=\"937\" height=\"502\" src=\"https:\/\/i0.wp.com\/elregionalvm.com.ar\/noticias-villa-maria\/wp-content\/uploads\/2022\/07\/incendio-pastizales.jpg?resize=937%2C502&#038;ssl=1\" alt=\"\" class=\"wp-image-60481\" srcset=\"https:\/\/i0.wp.com\/elregionalvm.com.ar\/noticias-villa-maria\/wp-content\/uploads\/2022\/07\/incendio-pastizales.jpg?w=937&amp;ssl=1 937w, https:\/\/i0.wp.com\/elregionalvm.com.ar\/noticias-villa-maria\/wp-content\/uploads\/2022\/07\/incendio-pastizales.jpg?resize=300%2C161&amp;ssl=1 300w, https:\/\/i0.wp.com\/elregionalvm.com.ar\/noticias-villa-maria\/wp-content\/uploads\/2022\/07\/incendio-pastizales.jpg?resize=768%2C411&amp;ssl=1 768w\" sizes=\"(max-width: 937px) 100vw, 937px\" \/><\/figure>\n\n\n\n<p><\/p>\n\n\n\n<p>En total fueron afectadas 4.785 hect\u00e1reas, de las cuales 4.383 son agr\u00edcolas y 183 ganaderas.<\/p>\n\n\n\n<p>Le siguen la quema de monte aut\u00f3ctono (71 hect\u00e1reas), de monte para pastoreo de hacienda (55 hect\u00e1reas) y ba\u00f1ados, con 93 hect\u00e1reas.<\/p>\n\n\n\n<p><\/p>\n\n\n\n<figure class=\"wp-block-image size-full is-resized\"><img data-recalc-dims=\"1\" loading=\"lazy\" decoding=\"async\" src=\"https:\/\/i0.wp.com\/elregionalvm.com.ar\/noticias-villa-maria\/wp-content\/uploads\/2023\/03\/Grafico-incendios-2022-regional-2-bomberos.jpg?resize=909%2C520&#038;ssl=1\" alt=\"\" class=\"wp-image-72499\" width=\"909\" height=\"520\" srcset=\"https:\/\/i0.wp.com\/elregionalvm.com.ar\/noticias-villa-maria\/wp-content\/uploads\/2023\/03\/Grafico-incendios-2022-regional-2-bomberos.jpg?w=821&amp;ssl=1 821w, https:\/\/i0.wp.com\/elregionalvm.com.ar\/noticias-villa-maria\/wp-content\/uploads\/2023\/03\/Grafico-incendios-2022-regional-2-bomberos.jpg?resize=300%2C172&amp;ssl=1 300w, https:\/\/i0.wp.com\/elregionalvm.com.ar\/noticias-villa-maria\/wp-content\/uploads\/2023\/03\/Grafico-incendios-2022-regional-2-bomberos.jpg?resize=768%2C440&amp;ssl=1 768w\" sizes=\"(max-width: 909px) 100vw, 909px\" \/><figcaption><em>Las zonas afectadas en la Regional 2 de un total de 4.785 hect\u00e1reas. <\/em><\/figcaption><\/figure>\n\n\n\n<p><\/p>\n\n\n\n<p><strong>P\u00e9rdidas<\/strong><\/p>\n\n\n\n<p>El relevamiento incluy\u00f3 un an\u00e1lisis de las distintas p\u00e9rdidas ocasionadas por los incendios.<\/p>\n\n\n\n<ul class=\"wp-block-list\"><li><strong>Campos de montes y pastizales<\/strong><\/li><\/ul>\n\n\n\n<p>Por caso, en los campos de montes y pastizales, si se toma un campo como quemado al 100% y la oferta de pasto de un campo natural o monte es para la alimentaci\u00f3n de 1,5 cabezas de ganado bovino por hect\u00e1rea, en el cual el promedio de consumo es de 20 kilos de alimento por d\u00eda, al quemarse el productor debe comprar ese alimento en fardos o rollos de alfalfa, hoy cotiza a 26 pesos por kilo, representando unos $520 diarios al productor por cabeza de ganado bovino, seg\u00fan la \u00e9poca del incendio hasta la primavera\/verano que vuelva el rebrote del mismo.<\/p>\n\n\n\n<p>Contemplando los meses desde junio a octubre (4 meses), el productor debe invertir 93.600 pesos en heno para hacienda por hect\u00e1rea de campo quemado.<\/p>\n\n\n\n<ul class=\"wp-block-list\"><li><strong>Alambrados<\/strong><\/li><\/ul>\n\n\n\n<p>En cuanto a los alambrados o divisorios de potreros y campos, son muy propensos a quemarse en todo tipo de incendio, ya que los postes y varillas son de maderas duras, y al incendiarse es muy dif\u00edcil de extinguirlo ya que el agua no penetra en el centro.<\/p>\n\n\n\n<p>Construir un nuevo alambrado, sin tomar el costo de mano de obra de desarmar el alambrado quemado, cuesta 120 mil pesos los 1.000 metros.<\/p>\n\n\n\n<p><\/p>\n\n\n\n<figure class=\"wp-block-image size-full\"><img data-recalc-dims=\"1\" loading=\"lazy\" decoding=\"async\" width=\"993\" height=\"660\" src=\"https:\/\/i0.wp.com\/elregionalvm.com.ar\/noticias-villa-maria\/wp-content\/uploads\/2022\/01\/incendios-cba-1.jpg?resize=993%2C660&#038;ssl=1\" alt=\"\" class=\"wp-image-50967\" srcset=\"https:\/\/i0.wp.com\/elregionalvm.com.ar\/noticias-villa-maria\/wp-content\/uploads\/2022\/01\/incendios-cba-1.jpg?w=993&amp;ssl=1 993w, https:\/\/i0.wp.com\/elregionalvm.com.ar\/noticias-villa-maria\/wp-content\/uploads\/2022\/01\/incendios-cba-1.jpg?resize=300%2C199&amp;ssl=1 300w, https:\/\/i0.wp.com\/elregionalvm.com.ar\/noticias-villa-maria\/wp-content\/uploads\/2022\/01\/incendios-cba-1.jpg?resize=768%2C510&amp;ssl=1 768w\" sizes=\"(max-width: 993px) 100vw, 993px\" \/><\/figure>\n\n\n\n<p><\/p>\n\n\n\n<ul class=\"wp-block-list\"><li><strong>Plantaci\u00f3n de pinares<\/strong><\/li><\/ul>\n\n\n\n<p>Un pinar para que sea aserrable debe tener un promedio de 25 a\u00f1os para que el di\u00e1metro del pino sea comercialmente \u00fatil. Una hect\u00e1rea plantada genera entre 450 a 500 toneladas de madera y el costo aproximado es de 2000 pesos la tonelada en el campo, es decir que la p\u00e9rdida del productor oscila en un mill\u00f3n de pesos por hect\u00e1rea.<\/p>\n\n\n\n<ul class=\"wp-block-list\"><li><strong>Animales bovinos<\/strong><\/li><\/ul>\n\n\n\n<p>Cada animal bovino que muere se valoriza seg\u00fan su peso en un promedio 490 pesos por kilo. Poniendo como ejemplo un animal de 450 kilos, el productor pierde 220.500 pesos.<\/p>\n\n\n\n<ul class=\"wp-block-list\"><li><strong>Animales equinos<\/strong><\/li><\/ul>\n\n\n\n<p>La p\u00e9rdida en pesos es incalculable ya que para el productor ganadero es una herramienta de trabajo imprescindible para utilizar en todo tipo de campo, especialmente en campos de montes, sierras y naturales como ser ba\u00f1ados y pastizales altos.<\/p>\n\n\n\n<p><\/p>\n\n\n\n<figure class=\"wp-block-gallery has-nested-images columns-default is-cropped wp-block-gallery-1 is-layout-flex wp-block-gallery-is-layout-flex\">\n<figure class=\"wp-block-image size-large\"><img data-recalc-dims=\"1\" decoding=\"async\" data-id=\"43173\" src=\"https:\/\/i0.wp.com\/elregionalvm.com.ar\/noticias-villa-maria\/wp-content\/uploads\/2021\/08\/fuego01-1.jpg?ssl=1\" alt=\"\" class=\"wp-image-43173\"\/><\/figure>\n\n\n\n<figure class=\"wp-block-image size-large\"><img data-recalc-dims=\"1\" loading=\"lazy\" decoding=\"async\" width=\"760\" height=\"506\" data-id=\"46168\" src=\"https:\/\/i0.wp.com\/elregionalvm.com.ar\/noticias-villa-maria\/wp-content\/uploads\/2021\/10\/incendios-cba-4.jpg?resize=760%2C506&#038;ssl=1\" alt=\"\" class=\"wp-image-46168\" srcset=\"https:\/\/i0.wp.com\/elregionalvm.com.ar\/noticias-villa-maria\/wp-content\/uploads\/2021\/10\/incendios-cba-4.jpg?w=760&amp;ssl=1 760w, https:\/\/i0.wp.com\/elregionalvm.com.ar\/noticias-villa-maria\/wp-content\/uploads\/2021\/10\/incendios-cba-4.jpg?resize=300%2C200&amp;ssl=1 300w\" sizes=\"(max-width: 760px) 100vw, 760px\" \/><\/figure>\n<\/figure>\n\n\n\n<p><\/p>\n\n\n\n<p><\/p>\n\n\n\n<ul class=\"wp-block-list\"><li><strong>Colmenas<\/strong><\/li><\/ul>\n\n\n\n<p>Al quemarse una colmena adem\u00e1s del costo de alimentaci\u00f3n, antiparasitarios y la madera propiamente dicha tambi\u00e9n se quema un sinf\u00edn de n\u00fameros de abejas.<\/p>\n\n\n\n<p>El costo para volver a comprar el material es de 16.500 pesos por colmena. Adem\u00e1s, el apicultor debe volver a insertar las abejas a las colmenas.<\/p>\n\n\n\n<p><strong>Consecuencias indeseadas seg\u00fan el informe<\/strong><\/p>\n\n\n\n<ul class=\"wp-block-list\"><li> P\u00e9rdida de las propiedades del suelo, alteraci\u00f3n del color y textura, destrucci\u00f3n de la materia org\u00e1nica, repelencia al agua, da\u00f1o de la fauna microbiana y de la cobertura protectora contra la erosi\u00f3n, destrucci\u00f3n de la biodiversidad (fauna y flora), p\u00e9rdida de la capacidad de retenci\u00f3n del agua en el suelo, contaminaci\u00f3n, menoscabo de la belleza esc\u00e9nica y p\u00e9rdidas econ\u00f3micas.<\/li><\/ul>\n\n\n\n<ul class=\"wp-block-list\"><li>Una gran parte del territorio quemado corresponde a la categor\u00eda de mayor protecci\u00f3n de bosques nativos de la provincia de C\u00f3rdoba, de los cuales queda menos del 3%.<\/li><\/ul>\n\n\n\n<p><\/p>\n\n\n\n<ul class=\"wp-block-list\"><li>Lo que se pierde son ecosistemas, bienes comunes irremplazables y los servicios ambientales que nos brindan. Se pierde mucho m\u00e1s que el bosque, el suelo, la flora y la fauna. El incendio provoca desertificaci\u00f3n, el suelo queda desprotegido y se erosiona, lo que termina afectando tambi\u00e9n a las cuencas h\u00eddricas. <\/li><\/ul>\n\n\n\n<p><\/p>\n\n\n\n<ul class=\"wp-block-list\"><li>Se trata de un \u201cecocidio\u201d, de da\u00f1os ambientales devastadores e inconmensurables, constituyendo los incendios uno de los problemas socioambientales m\u00e1s importante de la provincia de C\u00f3rdoba.<\/li><\/ul>\n\n\n\n<p><\/p>\n\n\n\n<figure class=\"wp-block-image size-full\"><img data-recalc-dims=\"1\" loading=\"lazy\" decoding=\"async\" width=\"950\" height=\"534\" src=\"https:\/\/i0.wp.com\/elregionalvm.com.ar\/noticias-villa-maria\/wp-content\/uploads\/2022\/02\/bomberos-corrientes.jpg?resize=950%2C534&#038;ssl=1\" alt=\"\" class=\"wp-image-52899\" srcset=\"https:\/\/i0.wp.com\/elregionalvm.com.ar\/noticias-villa-maria\/wp-content\/uploads\/2022\/02\/bomberos-corrientes.jpg?w=950&amp;ssl=1 950w, https:\/\/i0.wp.com\/elregionalvm.com.ar\/noticias-villa-maria\/wp-content\/uploads\/2022\/02\/bomberos-corrientes.jpg?resize=300%2C169&amp;ssl=1 300w, https:\/\/i0.wp.com\/elregionalvm.com.ar\/noticias-villa-maria\/wp-content\/uploads\/2022\/02\/bomberos-corrientes.jpg?resize=768%2C432&amp;ssl=1 768w\" sizes=\"(max-width: 950px) 100vw, 950px\" \/><\/figure>\n\n\n\n<p><\/p>\n\n\n\n<p><\/p>\n\n\n\n<ul class=\"wp-block-list\"><li>Numerosas especies de flora quedaron reducidas a cenizas y gran cantidad de fauna nativa tambi\u00e9n se vio afectada, especialmente animales peque\u00f1os, reptiles y roedores que se ven imposibilitados de escapar de las llamas.<\/li><\/ul>\n\n\n\n<ul class=\"wp-block-list\"><li>El da\u00f1o ecol\u00f3gico persiste luego de los incendios, debido a que escasea el alimento y los lugares de anidamiento para los animales silvestres sobrevivientes. Tambi\u00e9n el suelo debilitado y sin cobertura forestal se vuelve m\u00e1s fr\u00e1gil ante la erosi\u00f3n del viento y posibles deslaves en tiempos de lluvia.<\/li><\/ul>\n\n\n\n<ul class=\"wp-block-list\"><li>Seg\u00fan los expertos, las especies afectadas tardar\u00e1n alrededor de 30 a\u00f1os en recuperarse.<\/li><\/ul>\n\n\n\n<p><strong>Conclusi\u00f3n<\/strong> <strong>del relevamiento<\/strong><\/p>\n\n\n\n<ul class=\"wp-block-list\"><li> En cada incendio, en cada metro de tierra quemada las p\u00e9rdidas ocasionadas al productor agropecuario, al medio ambiente y al ecosistema son incalculables tanto econ\u00f3mica, social y ecol\u00f3gicamente.<\/li><\/ul>\n\n\n\n<ul class=\"wp-block-list\"><li>Adem\u00e1s, los incendios ocasionados en nuestras sierras cordobesas generan un impacto negativo en el turismo.<\/li><\/ul>\n\n\n\n<ul class=\"wp-block-list\"><li> Por lo general el sector humano no se percata de dichas p\u00e9rdidas hasta que se realiza un an\u00e1lisis profundo de las situaciones.<\/li><\/ul>\n\n\n\n<p><\/p>\n\n\n\n<p><\/p>\n\n\n\n<h3 class=\"wp-block-heading\"><strong>Mir\u00e1 el informe completo:<\/strong><\/h3>\n\n\n\n<p><\/p>\n\n\n\n<p><\/p>\n\n\n\n<div data-wp-interactive=\"core\/file\" class=\"wp-block-file\"><object data-wp-bind--hidden=\"!state.hasPdfPreview\" hidden class=\"wp-block-file__embed\" data=\"https:\/\/elregionalvm.com.ar\/noticias-villa-maria\/wp-content\/uploads\/2023\/03\/Relevamiento-IIFF-2022-Cordoba.pdf\" type=\"application\/pdf\" style=\"width:100%;height:600px\" aria-label=\"Incrustado de Incrustado de Relevamiento-IIFF-2022-Cordoba..\"><\/object><a id=\"wp-block-file--media-3f691385-e5b3-484f-90cd-67c342baff21\" href=\"https:\/\/elregionalvm.com.ar\/noticias-villa-maria\/wp-content\/uploads\/2023\/03\/Relevamiento-IIFF-2022-Cordoba.pdf\">Relevamiento-IIFF-2022-Cordoba<\/a><a href=\"https:\/\/elregionalvm.com.ar\/noticias-villa-maria\/wp-content\/uploads\/2023\/03\/Relevamiento-IIFF-2022-Cordoba.pdf\" class=\"wp-block-file__button\" download aria-describedby=\"wp-block-file--media-3f691385-e5b3-484f-90cd-67c342baff21\">Descarga<\/a><\/div>\n","protected":false},"excerpt":{"rendered":"<p>La Federaci\u00f3n de Bomberos Voluntarios de la Provincia de C\u00f3rdoba present\u00f3 su Relevamiento de Incendios Forestales 2022. En toda la provincia resultaron afectadas 174.002 hect\u00e1reas, de las cuales 4.785 pertenecen a Villa Mar\u00eda y zona. Los incendios de pastizales y bosques forman parte del lamentable paisaje cordob\u00e9s que se reitera a\u00f1o tras a\u00f1o. La mayor [&hellip;]<\/p>\n","protected":false},"author":6,"featured_media":0,"comment_status":"open","ping_status":"open","sticky":false,"template":"","format":"standard","meta":{"site-sidebar-layout":"default","site-content-layout":"","ast-site-content-layout":"default","site-content-style":"default","site-sidebar-style":"default","ast-global-header-display":"","ast-banner-title-visibility":"","ast-main-header-display":"","ast-hfb-above-header-display":"","ast-hfb-below-header-display":"","ast-hfb-mobile-header-display":"","site-post-title":"","ast-breadcrumbs-content":"","ast-featured-img":"","footer-sml-layout":"","ast-disable-related-posts":"","theme-transparent-header-meta":"","adv-header-id-meta":"","stick-header-meta":"","header-above-stick-meta":"","header-main-stick-meta":"","header-below-stick-meta":"","astra-migrate-meta-layouts":"default","ast-page-background-enabled":"default","ast-page-background-meta":{"desktop":{"background-color":"","background-image":"","background-repeat":"repeat","background-position":"center center","background-size":"auto","background-attachment":"scroll","background-type":"","background-media":"","overlay-type":"","overlay-color":"","overlay-opacity":"","overlay-gradient":""},"tablet":{"background-color":"","background-image":"","background-repeat":"repeat","background-position":"center center","background-size":"auto","background-attachment":"scroll","background-type":"","background-media":"","overlay-type":"","overlay-color":"","overlay-opacity":"","overlay-gradient":""},"mobile":{"background-color":"","background-image":"","background-repeat":"repeat","background-position":"center center","background-size":"auto","background-attachment":"scroll","background-type":"","background-media":"","overlay-type":"","overlay-color":"","overlay-opacity":"","overlay-gradient":""}},"ast-content-background-meta":{"desktop":{"background-color":"var(--ast-global-color-5)","background-image":"","background-repeat":"repeat","background-position":"center center","background-size":"auto","background-attachment":"scroll","background-type":"","background-media":"","overlay-type":"","overlay-color":"","overlay-opacity":"","overlay-gradient":""},"tablet":{"background-color":"var(--ast-global-color-5)","background-image":"","background-repeat":"repeat","background-position":"center center","background-size":"auto","background-attachment":"scroll","background-type":"","background-media":"","overlay-type":"","overlay-color":"","overlay-opacity":"","overlay-gradient":""},"mobile":{"background-color":"var(--ast-global-color-5)","background-image":"","background-repeat":"repeat","background-position":"center center","background-size":"auto","background-attachment":"scroll","background-type":"","background-media":"","overlay-type":"","overlay-color":"","overlay-opacity":"","overlay-gradient":""}},"_jetpack_memberships_contains_paid_content":false,"_joinchat":[],"footnotes":""},"categories":[16095,5,3557],"tags":[3108,17080,3590,14355,20400,21864,7574,3439,21860,2400,2402,3300,21861,3125,21862,21863,2403,1419,3282,14002],"class_list":["post-72496","post","type-post","status-publish","format-standard","hentry","category-provinciales","category-sociedad","category-tercera","tag-alerta","tag-banados","tag-bomberos-voluntarios","tag-bosques","tag-campos","tag-ecocidio","tag-federacion-de-bomberos-voluntarios","tag-fuego","tag-hectareas","tag-incendios","tag-incendios-forestales","tag-informe","tag-montes","tag-pastizales","tag-pastoreo","tag-perdidas-economicas","tag-provincia-de-cordoba","tag-relevamiento","tag-reservas","tag-sierras"],"yoast_head":"<!-- This site is optimized with the Yoast SEO plugin v26.8 - https:\/\/yoast.com\/product\/yoast-seo-wordpress\/ -->\n<title>[Bajo Fuego] &quot;Ecocidio&quot;: En 2022, los incendios forestales y rurales afectaron a 174 mil hect\u00e1reas en C\u00f3rdoba - El Regional<\/title>\n<meta name=\"robots\" content=\"index, follow, max-snippet:-1, max-image-preview:large, max-video-preview:-1\" \/>\n<link rel=\"canonical\" href=\"http:\/\/elregionalvm.com.ar\/noticias-villa-maria\/bajo-fuego-ecocidio-en-2022-los-incendios-forestales-y-rurales-afectaron-a-174-mil-hectareas-en-cordoba\/\" \/>\n<meta property=\"og:locale\" content=\"es_ES\" \/>\n<meta property=\"og:type\" content=\"article\" \/>\n<meta property=\"og:title\" content=\"[Bajo Fuego] &quot;Ecocidio&quot;: En 2022, los incendios forestales y rurales afectaron a 174 mil hect\u00e1reas en C\u00f3rdoba - El Regional\" \/>\n<meta property=\"og:description\" content=\"La Federaci\u00f3n de Bomberos Voluntarios de la Provincia de C\u00f3rdoba present\u00f3 su Relevamiento de Incendios Forestales 2022. En toda la provincia resultaron afectadas 174.002 hect\u00e1reas, de las cuales 4.785 pertenecen a Villa Mar\u00eda y zona. Los incendios de pastizales y bosques forman parte del lamentable paisaje cordob\u00e9s que se reitera a\u00f1o tras a\u00f1o. La mayor [&hellip;]\" \/>\n<meta property=\"og:url\" content=\"http:\/\/elregionalvm.com.ar\/noticias-villa-maria\/bajo-fuego-ecocidio-en-2022-los-incendios-forestales-y-rurales-afectaron-a-174-mil-hectareas-en-cordoba\/\" \/>\n<meta property=\"og:site_name\" content=\"El Regional\" \/>\n<meta property=\"article:publisher\" content=\"https:\/\/www.facebook.com\/elregionalvm\" \/>\n<meta property=\"article:published_time\" content=\"2023-03-02T18:03:24+00:00\" \/>\n<meta property=\"article:modified_time\" content=\"2023-03-07T02:17:39+00:00\" \/>\n<meta property=\"og:image\" content=\"http:\/\/elregionalvm.com.ar\/noticias-villa-maria\/wp-content\/uploads\/2020\/08\/fuego-ilustrativo.jpg\" \/>\n\t<meta property=\"og:image:width\" content=\"1024\" \/>\n\t<meta property=\"og:image:height\" content=\"575\" \/>\n\t<meta property=\"og:image:type\" content=\"image\/jpeg\" \/>\n<meta name=\"author\" content=\"Germ\u00e1n Giacchero\" \/>\n<meta name=\"twitter:card\" content=\"summary_large_image\" \/>\n<meta name=\"twitter:creator\" content=\"@elregionalvm1\" \/>\n<meta name=\"twitter:site\" content=\"@elregionalvm1\" \/>\n<meta name=\"twitter:label1\" content=\"Escrito por\" \/>\n\t<meta name=\"twitter:data1\" content=\"Germ\u00e1n Giacchero\" \/>\n\t<meta name=\"twitter:label2\" content=\"Tiempo de lectura\" \/>\n\t<meta name=\"twitter:data2\" content=\"7 minutos\" \/>\n<script type=\"application\/ld+json\" class=\"yoast-schema-graph\">{\"@context\":\"https:\/\/schema.org\",\"@graph\":[{\"@type\":\"Article\",\"@id\":\"http:\/\/elregionalvm.com.ar\/noticias-villa-maria\/bajo-fuego-ecocidio-en-2022-los-incendios-forestales-y-rurales-afectaron-a-174-mil-hectareas-en-cordoba\/#article\",\"isPartOf\":{\"@id\":\"http:\/\/elregionalvm.com.ar\/noticias-villa-maria\/bajo-fuego-ecocidio-en-2022-los-incendios-forestales-y-rurales-afectaron-a-174-mil-hectareas-en-cordoba\/\"},\"author\":{\"name\":\"Germ\u00e1n Giacchero\",\"@id\":\"http:\/\/elregionalvm.com.ar\/noticias-villa-maria\/#\/schema\/person\/d5e4b04966154131701e52c45d3efec9\"},\"headline\":\"[Bajo Fuego] \u00abEcocidio\u00bb: En 2022, los incendios forestales y rurales afectaron a 174 mil hect\u00e1reas en C\u00f3rdoba\",\"datePublished\":\"2023-03-02T18:03:24+00:00\",\"dateModified\":\"2023-03-07T02:17:39+00:00\",\"mainEntityOfPage\":{\"@id\":\"http:\/\/elregionalvm.com.ar\/noticias-villa-maria\/bajo-fuego-ecocidio-en-2022-los-incendios-forestales-y-rurales-afectaron-a-174-mil-hectareas-en-cordoba\/\"},\"wordCount\":1269,\"commentCount\":0,\"image\":{\"@id\":\"http:\/\/elregionalvm.com.ar\/noticias-villa-maria\/bajo-fuego-ecocidio-en-2022-los-incendios-forestales-y-rurales-afectaron-a-174-mil-hectareas-en-cordoba\/#primaryimage\"},\"thumbnailUrl\":\"https:\/\/elregionalvm.com.ar\/noticias-villa-maria\/wp-content\/uploads\/2022\/09\/riesgo-de-incendios.jpg\",\"keywords\":[\"alerta\",\"ba\u00f1ados\",\"Bomberos Voluntarios\",\"bosques\",\"campos\",\"ecocidio\",\"Federaci\u00f3n de Bomberos Voluntarios\",\"Fuego\",\"hect\u00e1reas\",\"incendios\",\"incendios forestales\",\"Informe\",\"montes\",\"pastizales\",\"pastoreo\",\"p\u00e9rdidas econ\u00f3micas\",\"Provincia de C\u00f3rdoba\",\"relevamiento\",\"reservas\",\"sierras\"],\"articleSection\":[\"Provinciales\",\"Sociedad\",\"tercera\"],\"inLanguage\":\"es\",\"potentialAction\":[{\"@type\":\"CommentAction\",\"name\":\"Comment\",\"target\":[\"http:\/\/elregionalvm.com.ar\/noticias-villa-maria\/bajo-fuego-ecocidio-en-2022-los-incendios-forestales-y-rurales-afectaron-a-174-mil-hectareas-en-cordoba\/#respond\"]}]},{\"@type\":\"WebPage\",\"@id\":\"http:\/\/elregionalvm.com.ar\/noticias-villa-maria\/bajo-fuego-ecocidio-en-2022-los-incendios-forestales-y-rurales-afectaron-a-174-mil-hectareas-en-cordoba\/\",\"url\":\"http:\/\/elregionalvm.com.ar\/noticias-villa-maria\/bajo-fuego-ecocidio-en-2022-los-incendios-forestales-y-rurales-afectaron-a-174-mil-hectareas-en-cordoba\/\",\"name\":\"[Bajo Fuego] \\\"Ecocidio\\\": En 2022, los incendios forestales y rurales afectaron a 174 mil hect\u00e1reas en C\u00f3rdoba - El Regional\",\"isPartOf\":{\"@id\":\"http:\/\/elregionalvm.com.ar\/noticias-villa-maria\/#website\"},\"primaryImageOfPage\":{\"@id\":\"http:\/\/elregionalvm.com.ar\/noticias-villa-maria\/bajo-fuego-ecocidio-en-2022-los-incendios-forestales-y-rurales-afectaron-a-174-mil-hectareas-en-cordoba\/#primaryimage\"},\"image\":{\"@id\":\"http:\/\/elregionalvm.com.ar\/noticias-villa-maria\/bajo-fuego-ecocidio-en-2022-los-incendios-forestales-y-rurales-afectaron-a-174-mil-hectareas-en-cordoba\/#primaryimage\"},\"thumbnailUrl\":\"https:\/\/elregionalvm.com.ar\/noticias-villa-maria\/wp-content\/uploads\/2022\/09\/riesgo-de-incendios.jpg\",\"datePublished\":\"2023-03-02T18:03:24+00:00\",\"dateModified\":\"2023-03-07T02:17:39+00:00\",\"author\":{\"@id\":\"http:\/\/elregionalvm.com.ar\/noticias-villa-maria\/#\/schema\/person\/d5e4b04966154131701e52c45d3efec9\"},\"breadcrumb\":{\"@id\":\"http:\/\/elregionalvm.com.ar\/noticias-villa-maria\/bajo-fuego-ecocidio-en-2022-los-incendios-forestales-y-rurales-afectaron-a-174-mil-hectareas-en-cordoba\/#breadcrumb\"},\"inLanguage\":\"es\",\"potentialAction\":[{\"@type\":\"ReadAction\",\"target\":[\"http:\/\/elregionalvm.com.ar\/noticias-villa-maria\/bajo-fuego-ecocidio-en-2022-los-incendios-forestales-y-rurales-afectaron-a-174-mil-hectareas-en-cordoba\/\"]}]},{\"@type\":\"ImageObject\",\"inLanguage\":\"es\",\"@id\":\"http:\/\/elregionalvm.com.ar\/noticias-villa-maria\/bajo-fuego-ecocidio-en-2022-los-incendios-forestales-y-rurales-afectaron-a-174-mil-hectareas-en-cordoba\/#primaryimage\",\"url\":\"https:\/\/i0.wp.com\/elregionalvm.com.ar\/noticias-villa-maria\/wp-content\/uploads\/2022\/09\/riesgo-de-incendios.jpg?fit=993%2C660&ssl=1\",\"contentUrl\":\"https:\/\/i0.wp.com\/elregionalvm.com.ar\/noticias-villa-maria\/wp-content\/uploads\/2022\/09\/riesgo-de-incendios.jpg?fit=993%2C660&ssl=1\",\"width\":993,\"height\":660},{\"@type\":\"BreadcrumbList\",\"@id\":\"http:\/\/elregionalvm.com.ar\/noticias-villa-maria\/bajo-fuego-ecocidio-en-2022-los-incendios-forestales-y-rurales-afectaron-a-174-mil-hectareas-en-cordoba\/#breadcrumb\",\"itemListElement\":[{\"@type\":\"ListItem\",\"position\":1,\"name\":\"Portada\",\"item\":\"https:\/\/elregionalvm.com.ar\/noticias-villa-maria\/\"},{\"@type\":\"ListItem\",\"position\":2,\"name\":\"[Bajo Fuego] \u00abEcocidio\u00bb: En 2022, los incendios forestales y rurales afectaron a 174 mil hect\u00e1reas en C\u00f3rdoba\"}]},{\"@type\":\"WebSite\",\"@id\":\"http:\/\/elregionalvm.com.ar\/noticias-villa-maria\/#website\",\"url\":\"http:\/\/elregionalvm.com.ar\/noticias-villa-maria\/\",\"name\":\"El Regional\",\"description\":\"Mucho m\u00e1s que informaci\u00f3n\",\"potentialAction\":[{\"@type\":\"SearchAction\",\"target\":{\"@type\":\"EntryPoint\",\"urlTemplate\":\"http:\/\/elregionalvm.com.ar\/noticias-villa-maria\/?s={search_term_string}\"},\"query-input\":{\"@type\":\"PropertyValueSpecification\",\"valueRequired\":true,\"valueName\":\"search_term_string\"}}],\"inLanguage\":\"es\"},{\"@type\":\"Person\",\"@id\":\"http:\/\/elregionalvm.com.ar\/noticias-villa-maria\/#\/schema\/person\/d5e4b04966154131701e52c45d3efec9\",\"name\":\"Germ\u00e1n Giacchero\",\"image\":{\"@type\":\"ImageObject\",\"inLanguage\":\"es\",\"@id\":\"http:\/\/elregionalvm.com.ar\/noticias-villa-maria\/#\/schema\/person\/image\/\",\"url\":\"https:\/\/secure.gravatar.com\/avatar\/fda163ba5ef0307ee5be9846e10f83b6e83d0cfb260d3b2464830318894c6b04?s=96&d=mm&r=g\",\"contentUrl\":\"https:\/\/secure.gravatar.com\/avatar\/fda163ba5ef0307ee5be9846e10f83b6e83d0cfb260d3b2464830318894c6b04?s=96&d=mm&r=g\",\"caption\":\"Germ\u00e1n Giacchero\"},\"url\":\"https:\/\/elregionalvm.com.ar\/noticias-villa-maria\/author\/germangiacchero\/\"}]}<\/script>\n<!-- \/ Yoast SEO plugin. -->","yoast_head_json":{"title":"[Bajo Fuego] \"Ecocidio\": En 2022, los incendios forestales y rurales afectaron a 174 mil hect\u00e1reas en C\u00f3rdoba - El Regional","robots":{"index":"index","follow":"follow","max-snippet":"max-snippet:-1","max-image-preview":"max-image-preview:large","max-video-preview":"max-video-preview:-1"},"canonical":"http:\/\/elregionalvm.com.ar\/noticias-villa-maria\/bajo-fuego-ecocidio-en-2022-los-incendios-forestales-y-rurales-afectaron-a-174-mil-hectareas-en-cordoba\/","og_locale":"es_ES","og_type":"article","og_title":"[Bajo Fuego] \"Ecocidio\": En 2022, los incendios forestales y rurales afectaron a 174 mil hect\u00e1reas en C\u00f3rdoba - El Regional","og_description":"La Federaci\u00f3n de Bomberos Voluntarios de la Provincia de C\u00f3rdoba present\u00f3 su Relevamiento de Incendios Forestales 2022. En toda la provincia resultaron afectadas 174.002 hect\u00e1reas, de las cuales 4.785 pertenecen a Villa Mar\u00eda y zona. Los incendios de pastizales y bosques forman parte del lamentable paisaje cordob\u00e9s que se reitera a\u00f1o tras a\u00f1o. La mayor [&hellip;]","og_url":"http:\/\/elregionalvm.com.ar\/noticias-villa-maria\/bajo-fuego-ecocidio-en-2022-los-incendios-forestales-y-rurales-afectaron-a-174-mil-hectareas-en-cordoba\/","og_site_name":"El Regional","article_publisher":"https:\/\/www.facebook.com\/elregionalvm","article_published_time":"2023-03-02T18:03:24+00:00","article_modified_time":"2023-03-07T02:17:39+00:00","og_image":[{"width":1024,"height":575,"url":"http:\/\/elregionalvm.com.ar\/noticias-villa-maria\/wp-content\/uploads\/2020\/08\/fuego-ilustrativo.jpg","type":"image\/jpeg"}],"author":"Germ\u00e1n Giacchero","twitter_card":"summary_large_image","twitter_creator":"@elregionalvm1","twitter_site":"@elregionalvm1","twitter_misc":{"Escrito por":"Germ\u00e1n Giacchero","Tiempo de lectura":"7 minutos"},"schema":{"@context":"https:\/\/schema.org","@graph":[{"@type":"Article","@id":"http:\/\/elregionalvm.com.ar\/noticias-villa-maria\/bajo-fuego-ecocidio-en-2022-los-incendios-forestales-y-rurales-afectaron-a-174-mil-hectareas-en-cordoba\/#article","isPartOf":{"@id":"http:\/\/elregionalvm.com.ar\/noticias-villa-maria\/bajo-fuego-ecocidio-en-2022-los-incendios-forestales-y-rurales-afectaron-a-174-mil-hectareas-en-cordoba\/"},"author":{"name":"Germ\u00e1n Giacchero","@id":"http:\/\/elregionalvm.com.ar\/noticias-villa-maria\/#\/schema\/person\/d5e4b04966154131701e52c45d3efec9"},"headline":"[Bajo Fuego] \u00abEcocidio\u00bb: En 2022, los incendios forestales y rurales afectaron a 174 mil hect\u00e1reas en C\u00f3rdoba","datePublished":"2023-03-02T18:03:24+00:00","dateModified":"2023-03-07T02:17:39+00:00","mainEntityOfPage":{"@id":"http:\/\/elregionalvm.com.ar\/noticias-villa-maria\/bajo-fuego-ecocidio-en-2022-los-incendios-forestales-y-rurales-afectaron-a-174-mil-hectareas-en-cordoba\/"},"wordCount":1269,"commentCount":0,"image":{"@id":"http:\/\/elregionalvm.com.ar\/noticias-villa-maria\/bajo-fuego-ecocidio-en-2022-los-incendios-forestales-y-rurales-afectaron-a-174-mil-hectareas-en-cordoba\/#primaryimage"},"thumbnailUrl":"https:\/\/elregionalvm.com.ar\/noticias-villa-maria\/wp-content\/uploads\/2022\/09\/riesgo-de-incendios.jpg","keywords":["alerta","ba\u00f1ados","Bomberos Voluntarios","bosques","campos","ecocidio","Federaci\u00f3n de Bomberos Voluntarios","Fuego","hect\u00e1reas","incendios","incendios forestales","Informe","montes","pastizales","pastoreo","p\u00e9rdidas econ\u00f3micas","Provincia de C\u00f3rdoba","relevamiento","reservas","sierras"],"articleSection":["Provinciales","Sociedad","tercera"],"inLanguage":"es","potentialAction":[{"@type":"CommentAction","name":"Comment","target":["http:\/\/elregionalvm.com.ar\/noticias-villa-maria\/bajo-fuego-ecocidio-en-2022-los-incendios-forestales-y-rurales-afectaron-a-174-mil-hectareas-en-cordoba\/#respond"]}]},{"@type":"WebPage","@id":"http:\/\/elregionalvm.com.ar\/noticias-villa-maria\/bajo-fuego-ecocidio-en-2022-los-incendios-forestales-y-rurales-afectaron-a-174-mil-hectareas-en-cordoba\/","url":"http:\/\/elregionalvm.com.ar\/noticias-villa-maria\/bajo-fuego-ecocidio-en-2022-los-incendios-forestales-y-rurales-afectaron-a-174-mil-hectareas-en-cordoba\/","name":"[Bajo Fuego] \"Ecocidio\": En 2022, los incendios forestales y rurales afectaron a 174 mil hect\u00e1reas en C\u00f3rdoba - El Regional","isPartOf":{"@id":"http:\/\/elregionalvm.com.ar\/noticias-villa-maria\/#website"},"primaryImageOfPage":{"@id":"http:\/\/elregionalvm.com.ar\/noticias-villa-maria\/bajo-fuego-ecocidio-en-2022-los-incendios-forestales-y-rurales-afectaron-a-174-mil-hectareas-en-cordoba\/#primaryimage"},"image":{"@id":"http:\/\/elregionalvm.com.ar\/noticias-villa-maria\/bajo-fuego-ecocidio-en-2022-los-incendios-forestales-y-rurales-afectaron-a-174-mil-hectareas-en-cordoba\/#primaryimage"},"thumbnailUrl":"https:\/\/elregionalvm.com.ar\/noticias-villa-maria\/wp-content\/uploads\/2022\/09\/riesgo-de-incendios.jpg","datePublished":"2023-03-02T18:03:24+00:00","dateModified":"2023-03-07T02:17:39+00:00","author":{"@id":"http:\/\/elregionalvm.com.ar\/noticias-villa-maria\/#\/schema\/person\/d5e4b04966154131701e52c45d3efec9"},"breadcrumb":{"@id":"http:\/\/elregionalvm.com.ar\/noticias-villa-maria\/bajo-fuego-ecocidio-en-2022-los-incendios-forestales-y-rurales-afectaron-a-174-mil-hectareas-en-cordoba\/#breadcrumb"},"inLanguage":"es","potentialAction":[{"@type":"ReadAction","target":["http:\/\/elregionalvm.com.ar\/noticias-villa-maria\/bajo-fuego-ecocidio-en-2022-los-incendios-forestales-y-rurales-afectaron-a-174-mil-hectareas-en-cordoba\/"]}]},{"@type":"ImageObject","inLanguage":"es","@id":"http:\/\/elregionalvm.com.ar\/noticias-villa-maria\/bajo-fuego-ecocidio-en-2022-los-incendios-forestales-y-rurales-afectaron-a-174-mil-hectareas-en-cordoba\/#primaryimage","url":"https:\/\/i0.wp.com\/elregionalvm.com.ar\/noticias-villa-maria\/wp-content\/uploads\/2022\/09\/riesgo-de-incendios.jpg?fit=993%2C660&ssl=1","contentUrl":"https:\/\/i0.wp.com\/elregionalvm.com.ar\/noticias-villa-maria\/wp-content\/uploads\/2022\/09\/riesgo-de-incendios.jpg?fit=993%2C660&ssl=1","width":993,"height":660},{"@type":"BreadcrumbList","@id":"http:\/\/elregionalvm.com.ar\/noticias-villa-maria\/bajo-fuego-ecocidio-en-2022-los-incendios-forestales-y-rurales-afectaron-a-174-mil-hectareas-en-cordoba\/#breadcrumb","itemListElement":[{"@type":"ListItem","position":1,"name":"Portada","item":"https:\/\/elregionalvm.com.ar\/noticias-villa-maria\/"},{"@type":"ListItem","position":2,"name":"[Bajo Fuego] \u00abEcocidio\u00bb: En 2022, los incendios forestales y rurales afectaron a 174 mil hect\u00e1reas en C\u00f3rdoba"}]},{"@type":"WebSite","@id":"http:\/\/elregionalvm.com.ar\/noticias-villa-maria\/#website","url":"http:\/\/elregionalvm.com.ar\/noticias-villa-maria\/","name":"El Regional","description":"Mucho m\u00e1s que informaci\u00f3n","potentialAction":[{"@type":"SearchAction","target":{"@type":"EntryPoint","urlTemplate":"http:\/\/elregionalvm.com.ar\/noticias-villa-maria\/?s={search_term_string}"},"query-input":{"@type":"PropertyValueSpecification","valueRequired":true,"valueName":"search_term_string"}}],"inLanguage":"es"},{"@type":"Person","@id":"http:\/\/elregionalvm.com.ar\/noticias-villa-maria\/#\/schema\/person\/d5e4b04966154131701e52c45d3efec9","name":"Germ\u00e1n Giacchero","image":{"@type":"ImageObject","inLanguage":"es","@id":"http:\/\/elregionalvm.com.ar\/noticias-villa-maria\/#\/schema\/person\/image\/","url":"https:\/\/secure.gravatar.com\/avatar\/fda163ba5ef0307ee5be9846e10f83b6e83d0cfb260d3b2464830318894c6b04?s=96&d=mm&r=g","contentUrl":"https:\/\/secure.gravatar.com\/avatar\/fda163ba5ef0307ee5be9846e10f83b6e83d0cfb260d3b2464830318894c6b04?s=96&d=mm&r=g","caption":"Germ\u00e1n Giacchero"},"url":"https:\/\/elregionalvm.com.ar\/noticias-villa-maria\/author\/germangiacchero\/"}]}},"jetpack_featured_media_url":"","jetpack_sharing_enabled":true,"_links":{"self":[{"href":"https:\/\/elregionalvm.com.ar\/noticias-villa-maria\/wp-json\/wp\/v2\/posts\/72496","targetHints":{"allow":["GET"]}}],"collection":[{"href":"https:\/\/elregionalvm.com.ar\/noticias-villa-maria\/wp-json\/wp\/v2\/posts"}],"about":[{"href":"https:\/\/elregionalvm.com.ar\/noticias-villa-maria\/wp-json\/wp\/v2\/types\/post"}],"author":[{"embeddable":true,"href":"https:\/\/elregionalvm.com.ar\/noticias-villa-maria\/wp-json\/wp\/v2\/users\/6"}],"replies":[{"embeddable":true,"href":"https:\/\/elregionalvm.com.ar\/noticias-villa-maria\/wp-json\/wp\/v2\/comments?post=72496"}],"version-history":[{"count":5,"href":"https:\/\/elregionalvm.com.ar\/noticias-villa-maria\/wp-json\/wp\/v2\/posts\/72496\/revisions"}],"predecessor-version":[{"id":72504,"href":"https:\/\/elregionalvm.com.ar\/noticias-villa-maria\/wp-json\/wp\/v2\/posts\/72496\/revisions\/72504"}],"wp:attachment":[{"href":"https:\/\/elregionalvm.com.ar\/noticias-villa-maria\/wp-json\/wp\/v2\/media?parent=72496"}],"wp:term":[{"taxonomy":"category","embeddable":true,"href":"https:\/\/elregionalvm.com.ar\/noticias-villa-maria\/wp-json\/wp\/v2\/categories?post=72496"},{"taxonomy":"post_tag","embeddable":true,"href":"https:\/\/elregionalvm.com.ar\/noticias-villa-maria\/wp-json\/wp\/v2\/tags?post=72496"}],"curies":[{"name":"wp","href":"https:\/\/api.w.org\/{rel}","templated":true}]}}