{"id":72508,"date":"2023-03-02T21:42:13","date_gmt":"2023-03-02T21:42:13","guid":{"rendered":"https:\/\/elregionalvm.com.ar\/noticias-villa-maria\/?p=72508"},"modified":"2023-03-02T21:42:14","modified_gmt":"2023-03-02T21:42:14","slug":"maraton-de-fichas-medicas-este-sabado-en-la-asistencia-y-los-caps","status":"publish","type":"post","link":"https:\/\/elregionalvm.com.ar\/noticias-villa-maria\/maraton-de-fichas-medicas-este-sabado-en-la-asistencia-y-los-caps\/","title":{"rendered":"Marat\u00f3n de Fichas M\u00e9dicas este s\u00e1bado en la Asistencia y los CAPS"},"content":{"rendered":"\n<p>Frente al comienzo de un nuevo calendario educativo, el s\u00e1bado 4 de marzo tendr\u00e1 lugar una nueva Marat\u00f3n de Fichas M\u00e9dicas, a realizarse en la Asistencia P\u00fablica y todos los Centros de Atenci\u00f3n Primaria de la Salud (CAPS).<\/p>\n\n\n\n<p> A los fines de completar el denominado Certificado \u00danico de Salud (CUS) que se solicita en todos los establecimientos educativos. <\/p>\n\n\n\n<p>Luego le seguir\u00e1n nuevas ediciones que se extender\u00e1n durante la primera mitad del a\u00f1o.<\/p>\n\n\n\n<p>Al ser consultado el secretario de Salud, Pedro Trecco destac\u00f3 el abordaje que realiza el municipio en materia de sanidad infantil: \u201cSiempre hemos trabajo de manera transdisciplinaria con las \u00e1reas Gobierno y Educaci\u00f3n, para analizar la vulnerabilidad de la ni\u00f1ez y juventud en la ciudad, realizando un trabajo integral que acompa\u00f1e el crecimiento del ni\u00f1o y adolescente\u201d.<\/p>\n\n\n\n<p>En la misma l\u00ednea se refiri\u00f3 a la relevancia de las fichas m\u00e9dicas para el \u00e1rea de salud municipal: \u201cEstos certificados son una oportunidad que nos permite hacer una valoraci\u00f3n del crecimiento del ni\u00f1o, como tambi\u00e9n del estado ambiental y realizar una evaluaci\u00f3n desde el punto de vista epidemiol\u00f3gico\u201d.<\/p>\n\n\n\n<p>El trabajo coordinado por el Estado municipal, a trav\u00e9s de las Secretar\u00edas de Salud y Educaci\u00f3n, Cultura y Promoci\u00f3n de la Ciencia, pretende garantizar el acceso gratuito a la certificaci\u00f3n requerida por las instituciones educativas.<\/p>\n\n\n\n<p>Por su parte, la coordinadora de Educaci\u00f3n Permanente en Servicio, Andrea Polverini, se\u00f1al\u00f3 que la propuesta \u201capunta a reforzar y acompa\u00f1ar la labor que realizan a diario los equipos de salud\u201d.<\/p>\n\n\n\n<p> En un formato de circuito donde el ni\u00f1o y adolescente ser\u00e1 examinado de manera integral, \u201cpor un equipo de profesionales de distintas ramas, tales como medicina cl\u00ednica, nutrici\u00f3n, trabajo social, psicolog\u00eda y odontolog\u00eda\u201d, explic\u00f3.<\/p>\n\n\n\n<p>De esta manera, la marat\u00f3n tendr\u00e1 inicio el s\u00e1bado a partir de las 8:00 horas y se extender\u00e1 hasta las 14:00, tanto en el edificio de la Asistencia P\u00fablica, sito en calle Catamarca esquina Lisandro de la Torre, como en todos los CAPS distribuidos en barrios de la ciudad.<\/p>\n\n\n\n<p>Para participar de la jornada, los padres o tutores de los ni\u00f1os y adolescentes deber\u00e1n solicitar un turno en la dependencia sanitaria municipal m\u00e1s cercana a su domicilio. <\/p>\n\n\n\n<p>Con el turno gestionado, un adulto responsable deber\u00e1 acompa\u00f1ar al alumno en el turno asignado, qui\u00e9n deber\u00e1 traer su DNI, carnet de vacunaci\u00f3n y los datos personales completados en el CUS.<\/p>\n\n\n\n<p>Otro aspecto de la campa\u00f1a a destacar es que no ser\u00e1 la \u00fanica edici\u00f3n la de este s\u00e1bado, ya que est\u00e1n previstas dos nuevas instancias el pr\u00f3ximo viernes 10 de marzo en el Club de Abuelos de calle Salta, en barrio Ameghino, y el s\u00e1bado 18 en el edificio de Asistencia P\u00fablica. <\/p>\n\n\n\n<p>Luego habr\u00e1 otras ediciones hasta julio en las distintas dependencias sanitarias, a los fines de realizar una labor descentralizada en territorio.<\/p>\n\n\n\n<p>Es importante se\u00f1alar que el estudiante, adem\u00e1s de la atenci\u00f3n integral, recibir\u00e1 las dosis de vacunas faltantes, a los efectos de mantener al d\u00eda el esquema de vacunaci\u00f3n dispuesto por el Gobierno nacional.<\/p>\n","protected":false},"excerpt":{"rendered":"<p>Frente al comienzo de un nuevo calendario educativo, el s\u00e1bado 4 de marzo tendr\u00e1 lugar una nueva Marat\u00f3n de Fichas M\u00e9dicas, a realizarse en la Asistencia P\u00fablica y todos los Centros de Atenci\u00f3n Primaria de la Salud (CAPS). A los fines de completar el denominado Certificado \u00danico de Salud (CUS) que se solicita en todos [&hellip;]<\/p>\n","protected":false},"author":4,"featured_media":0,"comment_status":"open","ping_status":"open","sticky":false,"template":"","format":"standard","meta":{"site-sidebar-layout":"default","site-content-layout":"","ast-site-content-layout":"default","site-content-style":"default","site-sidebar-style":"default","ast-global-header-display":"","ast-banner-title-visibility":"","ast-main-header-display":"","ast-hfb-above-header-display":"","ast-hfb-below-header-display":"","ast-hfb-mobile-header-display":"","site-post-title":"","ast-breadcrumbs-content":"","ast-featured-img":"","footer-sml-layout":"","ast-disable-related-posts":"","theme-transparent-header-meta":"","adv-header-id-meta":"","stick-header-meta":"","header-above-stick-meta":"","header-main-stick-meta":"","header-below-stick-meta":"","astra-migrate-meta-layouts":"default","ast-page-background-enabled":"default","ast-page-background-meta":{"desktop":{"background-color":"","background-image":"","background-repeat":"repeat","background-position":"center center","background-size":"auto","background-attachment":"scroll","background-type":"","background-media":"","overlay-type":"","overlay-color":"","overlay-opacity":"","overlay-gradient":""},"tablet":{"background-color":"","background-image":"","background-repeat":"repeat","background-position":"center center","background-size":"auto","background-attachment":"scroll","background-type":"","background-media":"","overlay-type":"","overlay-color":"","overlay-opacity":"","overlay-gradient":""},"mobile":{"background-color":"","background-image":"","background-repeat":"repeat","background-position":"center center","background-size":"auto","background-attachment":"scroll","background-type":"","background-media":"","overlay-type":"","overlay-color":"","overlay-opacity":"","overlay-gradient":""}},"ast-content-background-meta":{"desktop":{"background-color":"var(--ast-global-color-5)","background-image":"","background-repeat":"repeat","background-position":"center center","background-size":"auto","background-attachment":"scroll","background-type":"","background-media":"","overlay-type":"","overlay-color":"","overlay-opacity":"","overlay-gradient":""},"tablet":{"background-color":"var(--ast-global-color-5)","background-image":"","background-repeat":"repeat","background-position":"center center","background-size":"auto","background-attachment":"scroll","background-type":"","background-media":"","overlay-type":"","overlay-color":"","overlay-opacity":"","overlay-gradient":""},"mobile":{"background-color":"var(--ast-global-color-5)","background-image":"","background-repeat":"repeat","background-position":"center center","background-size":"auto","background-attachment":"scroll","background-type":"","background-media":"","overlay-type":"","overlay-color":"","overlay-opacity":"","overlay-gradient":""}},"_jetpack_memberships_contains_paid_content":false,"_joinchat":[],"footnotes":""},"categories":[15302,5,2,1408],"tags":[],"class_list":["post-72508","post","type-post","status-publish","format-standard","hentry","category-destacado","category-sociedad","category-villa-maria","category-villa-nueva"],"yoast_head":"<!-- This site is optimized with the Yoast SEO plugin v26.8 - https:\/\/yoast.com\/product\/yoast-seo-wordpress\/ -->\n<title>Marat\u00f3n de Fichas M\u00e9dicas este s\u00e1bado en la Asistencia y los CAPS - El Regional<\/title>\n<meta name=\"robots\" content=\"index, follow, max-snippet:-1, max-image-preview:large, max-video-preview:-1\" \/>\n<link rel=\"canonical\" href=\"http:\/\/elregionalvm.com.ar\/noticias-villa-maria\/maraton-de-fichas-medicas-este-sabado-en-la-asistencia-y-los-caps\/\" \/>\n<meta property=\"og:locale\" content=\"es_ES\" \/>\n<meta property=\"og:type\" content=\"article\" \/>\n<meta property=\"og:title\" content=\"Marat\u00f3n de Fichas M\u00e9dicas este s\u00e1bado en la Asistencia y los CAPS - El Regional\" \/>\n<meta property=\"og:description\" content=\"Frente al comienzo de un nuevo calendario educativo, el s\u00e1bado 4 de marzo tendr\u00e1 lugar una nueva Marat\u00f3n de Fichas M\u00e9dicas, a realizarse en la Asistencia P\u00fablica y todos los Centros de Atenci\u00f3n Primaria de la Salud (CAPS). A los fines de completar el denominado Certificado \u00danico de Salud (CUS) que se solicita en todos [&hellip;]\" \/>\n<meta property=\"og:url\" content=\"http:\/\/elregionalvm.com.ar\/noticias-villa-maria\/maraton-de-fichas-medicas-este-sabado-en-la-asistencia-y-los-caps\/\" \/>\n<meta property=\"og:site_name\" content=\"El Regional\" \/>\n<meta property=\"article:publisher\" content=\"https:\/\/www.facebook.com\/elregionalvm\" \/>\n<meta property=\"article:published_time\" content=\"2023-03-02T21:42:13+00:00\" \/>\n<meta property=\"article:modified_time\" content=\"2023-03-02T21:42:14+00:00\" \/>\n<meta property=\"og:image\" content=\"http:\/\/elregionalvm.com.ar\/noticias-villa-maria\/wp-content\/uploads\/2023\/03\/WhatsApp-Image-2023-03-02-at-14.18.12.jpeg\" \/>\n\t<meta property=\"og:image:width\" content=\"1599\" \/>\n\t<meta property=\"og:image:height\" content=\"1066\" \/>\n\t<meta property=\"og:image:type\" content=\"image\/jpeg\" \/>\n<meta name=\"author\" content=\"Contenidos El Regional\" \/>\n<meta name=\"twitter:card\" content=\"summary_large_image\" \/>\n<meta name=\"twitter:creator\" content=\"@elregionalvm1\" \/>\n<meta name=\"twitter:site\" content=\"@elregionalvm1\" \/>\n<meta name=\"twitter:label1\" content=\"Escrito por\" \/>\n\t<meta name=\"twitter:data1\" content=\"Contenidos El Regional\" \/>\n\t<meta name=\"twitter:label2\" content=\"Tiempo de lectura\" \/>\n\t<meta name=\"twitter:data2\" content=\"3 minutos\" \/>\n<script type=\"application\/ld+json\" class=\"yoast-schema-graph\">{\"@context\":\"https:\/\/schema.org\",\"@graph\":[{\"@type\":\"Article\",\"@id\":\"http:\/\/elregionalvm.com.ar\/noticias-villa-maria\/maraton-de-fichas-medicas-este-sabado-en-la-asistencia-y-los-caps\/#article\",\"isPartOf\":{\"@id\":\"http:\/\/elregionalvm.com.ar\/noticias-villa-maria\/maraton-de-fichas-medicas-este-sabado-en-la-asistencia-y-los-caps\/\"},\"author\":{\"name\":\"Contenidos El Regional\",\"@id\":\"http:\/\/elregionalvm.com.ar\/noticias-villa-maria\/#\/schema\/person\/a0fb9c422317faca23d50163151bc354\"},\"headline\":\"Marat\u00f3n de Fichas M\u00e9dicas este s\u00e1bado en la Asistencia y los CAPS\",\"datePublished\":\"2023-03-02T21:42:13+00:00\",\"dateModified\":\"2023-03-02T21:42:14+00:00\",\"mainEntityOfPage\":{\"@id\":\"http:\/\/elregionalvm.com.ar\/noticias-villa-maria\/maraton-de-fichas-medicas-este-sabado-en-la-asistencia-y-los-caps\/\"},\"wordCount\":555,\"commentCount\":0,\"articleSection\":[\"destacado\",\"Sociedad\",\"Villa Mar\u00eda\",\"Villa Nueva\"],\"inLanguage\":\"es\",\"potentialAction\":[{\"@type\":\"CommentAction\",\"name\":\"Comment\",\"target\":[\"http:\/\/elregionalvm.com.ar\/noticias-villa-maria\/maraton-de-fichas-medicas-este-sabado-en-la-asistencia-y-los-caps\/#respond\"]}]},{\"@type\":\"WebPage\",\"@id\":\"http:\/\/elregionalvm.com.ar\/noticias-villa-maria\/maraton-de-fichas-medicas-este-sabado-en-la-asistencia-y-los-caps\/\",\"url\":\"http:\/\/elregionalvm.com.ar\/noticias-villa-maria\/maraton-de-fichas-medicas-este-sabado-en-la-asistencia-y-los-caps\/\",\"name\":\"Marat\u00f3n de Fichas M\u00e9dicas este s\u00e1bado en la Asistencia y los CAPS - El Regional\",\"isPartOf\":{\"@id\":\"http:\/\/elregionalvm.com.ar\/noticias-villa-maria\/#website\"},\"datePublished\":\"2023-03-02T21:42:13+00:00\",\"dateModified\":\"2023-03-02T21:42:14+00:00\",\"author\":{\"@id\":\"http:\/\/elregionalvm.com.ar\/noticias-villa-maria\/#\/schema\/person\/a0fb9c422317faca23d50163151bc354\"},\"breadcrumb\":{\"@id\":\"http:\/\/elregionalvm.com.ar\/noticias-villa-maria\/maraton-de-fichas-medicas-este-sabado-en-la-asistencia-y-los-caps\/#breadcrumb\"},\"inLanguage\":\"es\",\"potentialAction\":[{\"@type\":\"ReadAction\",\"target\":[\"http:\/\/elregionalvm.com.ar\/noticias-villa-maria\/maraton-de-fichas-medicas-este-sabado-en-la-asistencia-y-los-caps\/\"]}]},{\"@type\":\"BreadcrumbList\",\"@id\":\"http:\/\/elregionalvm.com.ar\/noticias-villa-maria\/maraton-de-fichas-medicas-este-sabado-en-la-asistencia-y-los-caps\/#breadcrumb\",\"itemListElement\":[{\"@type\":\"ListItem\",\"position\":1,\"name\":\"Portada\",\"item\":\"https:\/\/elregionalvm.com.ar\/noticias-villa-maria\/\"},{\"@type\":\"ListItem\",\"position\":2,\"name\":\"Marat\u00f3n de Fichas M\u00e9dicas este s\u00e1bado en la Asistencia y los CAPS\"}]},{\"@type\":\"WebSite\",\"@id\":\"http:\/\/elregionalvm.com.ar\/noticias-villa-maria\/#website\",\"url\":\"http:\/\/elregionalvm.com.ar\/noticias-villa-maria\/\",\"name\":\"El Regional\",\"description\":\"Mucho m\u00e1s que informaci\u00f3n\",\"potentialAction\":[{\"@type\":\"SearchAction\",\"target\":{\"@type\":\"EntryPoint\",\"urlTemplate\":\"http:\/\/elregionalvm.com.ar\/noticias-villa-maria\/?s={search_term_string}\"},\"query-input\":{\"@type\":\"PropertyValueSpecification\",\"valueRequired\":true,\"valueName\":\"search_term_string\"}}],\"inLanguage\":\"es\"},{\"@type\":\"Person\",\"@id\":\"http:\/\/elregionalvm.com.ar\/noticias-villa-maria\/#\/schema\/person\/a0fb9c422317faca23d50163151bc354\",\"name\":\"Contenidos El Regional\",\"image\":{\"@type\":\"ImageObject\",\"inLanguage\":\"es\",\"@id\":\"http:\/\/elregionalvm.com.ar\/noticias-villa-maria\/#\/schema\/person\/image\/\",\"url\":\"https:\/\/secure.gravatar.com\/avatar\/265b27cb2209af7bb3a1318f03305787d7981a5cc6e6cd08fe5a4ecdf99d4b48?s=96&d=mm&r=g\",\"contentUrl\":\"https:\/\/secure.gravatar.com\/avatar\/265b27cb2209af7bb3a1318f03305787d7981a5cc6e6cd08fe5a4ecdf99d4b48?s=96&d=mm&r=g\",\"caption\":\"Contenidos El Regional\"},\"url\":\"https:\/\/elregionalvm.com.ar\/noticias-villa-maria\/author\/contenido\/\"}]}<\/script>\n<!-- \/ Yoast SEO plugin. -->","yoast_head_json":{"title":"Marat\u00f3n de Fichas M\u00e9dicas este s\u00e1bado en la Asistencia y los CAPS - El Regional","robots":{"index":"index","follow":"follow","max-snippet":"max-snippet:-1","max-image-preview":"max-image-preview:large","max-video-preview":"max-video-preview:-1"},"canonical":"http:\/\/elregionalvm.com.ar\/noticias-villa-maria\/maraton-de-fichas-medicas-este-sabado-en-la-asistencia-y-los-caps\/","og_locale":"es_ES","og_type":"article","og_title":"Marat\u00f3n de Fichas M\u00e9dicas este s\u00e1bado en la Asistencia y los CAPS - El Regional","og_description":"Frente al comienzo de un nuevo calendario educativo, el s\u00e1bado 4 de marzo tendr\u00e1 lugar una nueva Marat\u00f3n de Fichas M\u00e9dicas, a realizarse en la Asistencia P\u00fablica y todos los Centros de Atenci\u00f3n Primaria de la Salud (CAPS). A los fines de completar el denominado Certificado \u00danico de Salud (CUS) que se solicita en todos [&hellip;]","og_url":"http:\/\/elregionalvm.com.ar\/noticias-villa-maria\/maraton-de-fichas-medicas-este-sabado-en-la-asistencia-y-los-caps\/","og_site_name":"El Regional","article_publisher":"https:\/\/www.facebook.com\/elregionalvm","article_published_time":"2023-03-02T21:42:13+00:00","article_modified_time":"2023-03-02T21:42:14+00:00","og_image":[{"width":1599,"height":1066,"url":"http:\/\/elregionalvm.com.ar\/noticias-villa-maria\/wp-content\/uploads\/2023\/03\/WhatsApp-Image-2023-03-02-at-14.18.12.jpeg","type":"image\/jpeg"}],"author":"Contenidos El Regional","twitter_card":"summary_large_image","twitter_creator":"@elregionalvm1","twitter_site":"@elregionalvm1","twitter_misc":{"Escrito por":"Contenidos El Regional","Tiempo de lectura":"3 minutos"},"schema":{"@context":"https:\/\/schema.org","@graph":[{"@type":"Article","@id":"http:\/\/elregionalvm.com.ar\/noticias-villa-maria\/maraton-de-fichas-medicas-este-sabado-en-la-asistencia-y-los-caps\/#article","isPartOf":{"@id":"http:\/\/elregionalvm.com.ar\/noticias-villa-maria\/maraton-de-fichas-medicas-este-sabado-en-la-asistencia-y-los-caps\/"},"author":{"name":"Contenidos El Regional","@id":"http:\/\/elregionalvm.com.ar\/noticias-villa-maria\/#\/schema\/person\/a0fb9c422317faca23d50163151bc354"},"headline":"Marat\u00f3n de Fichas M\u00e9dicas este s\u00e1bado en la Asistencia y los CAPS","datePublished":"2023-03-02T21:42:13+00:00","dateModified":"2023-03-02T21:42:14+00:00","mainEntityOfPage":{"@id":"http:\/\/elregionalvm.com.ar\/noticias-villa-maria\/maraton-de-fichas-medicas-este-sabado-en-la-asistencia-y-los-caps\/"},"wordCount":555,"commentCount":0,"articleSection":["destacado","Sociedad","Villa Mar\u00eda","Villa Nueva"],"inLanguage":"es","potentialAction":[{"@type":"CommentAction","name":"Comment","target":["http:\/\/elregionalvm.com.ar\/noticias-villa-maria\/maraton-de-fichas-medicas-este-sabado-en-la-asistencia-y-los-caps\/#respond"]}]},{"@type":"WebPage","@id":"http:\/\/elregionalvm.com.ar\/noticias-villa-maria\/maraton-de-fichas-medicas-este-sabado-en-la-asistencia-y-los-caps\/","url":"http:\/\/elregionalvm.com.ar\/noticias-villa-maria\/maraton-de-fichas-medicas-este-sabado-en-la-asistencia-y-los-caps\/","name":"Marat\u00f3n de Fichas M\u00e9dicas este s\u00e1bado en la Asistencia y los CAPS - El Regional","isPartOf":{"@id":"http:\/\/elregionalvm.com.ar\/noticias-villa-maria\/#website"},"datePublished":"2023-03-02T21:42:13+00:00","dateModified":"2023-03-02T21:42:14+00:00","author":{"@id":"http:\/\/elregionalvm.com.ar\/noticias-villa-maria\/#\/schema\/person\/a0fb9c422317faca23d50163151bc354"},"breadcrumb":{"@id":"http:\/\/elregionalvm.com.ar\/noticias-villa-maria\/maraton-de-fichas-medicas-este-sabado-en-la-asistencia-y-los-caps\/#breadcrumb"},"inLanguage":"es","potentialAction":[{"@type":"ReadAction","target":["http:\/\/elregionalvm.com.ar\/noticias-villa-maria\/maraton-de-fichas-medicas-este-sabado-en-la-asistencia-y-los-caps\/"]}]},{"@type":"BreadcrumbList","@id":"http:\/\/elregionalvm.com.ar\/noticias-villa-maria\/maraton-de-fichas-medicas-este-sabado-en-la-asistencia-y-los-caps\/#breadcrumb","itemListElement":[{"@type":"ListItem","position":1,"name":"Portada","item":"https:\/\/elregionalvm.com.ar\/noticias-villa-maria\/"},{"@type":"ListItem","position":2,"name":"Marat\u00f3n de Fichas M\u00e9dicas este s\u00e1bado en la Asistencia y los CAPS"}]},{"@type":"WebSite","@id":"http:\/\/elregionalvm.com.ar\/noticias-villa-maria\/#website","url":"http:\/\/elregionalvm.com.ar\/noticias-villa-maria\/","name":"El Regional","description":"Mucho m\u00e1s que informaci\u00f3n","potentialAction":[{"@type":"SearchAction","target":{"@type":"EntryPoint","urlTemplate":"http:\/\/elregionalvm.com.ar\/noticias-villa-maria\/?s={search_term_string}"},"query-input":{"@type":"PropertyValueSpecification","valueRequired":true,"valueName":"search_term_string"}}],"inLanguage":"es"},{"@type":"Person","@id":"http:\/\/elregionalvm.com.ar\/noticias-villa-maria\/#\/schema\/person\/a0fb9c422317faca23d50163151bc354","name":"Contenidos El Regional","image":{"@type":"ImageObject","inLanguage":"es","@id":"http:\/\/elregionalvm.com.ar\/noticias-villa-maria\/#\/schema\/person\/image\/","url":"https:\/\/secure.gravatar.com\/avatar\/265b27cb2209af7bb3a1318f03305787d7981a5cc6e6cd08fe5a4ecdf99d4b48?s=96&d=mm&r=g","contentUrl":"https:\/\/secure.gravatar.com\/avatar\/265b27cb2209af7bb3a1318f03305787d7981a5cc6e6cd08fe5a4ecdf99d4b48?s=96&d=mm&r=g","caption":"Contenidos El Regional"},"url":"https:\/\/elregionalvm.com.ar\/noticias-villa-maria\/author\/contenido\/"}]}},"jetpack_featured_media_url":"","jetpack_sharing_enabled":true,"_links":{"self":[{"href":"https:\/\/elregionalvm.com.ar\/noticias-villa-maria\/wp-json\/wp\/v2\/posts\/72508","targetHints":{"allow":["GET"]}}],"collection":[{"href":"https:\/\/elregionalvm.com.ar\/noticias-villa-maria\/wp-json\/wp\/v2\/posts"}],"about":[{"href":"https:\/\/elregionalvm.com.ar\/noticias-villa-maria\/wp-json\/wp\/v2\/types\/post"}],"author":[{"embeddable":true,"href":"https:\/\/elregionalvm.com.ar\/noticias-villa-maria\/wp-json\/wp\/v2\/users\/4"}],"replies":[{"embeddable":true,"href":"https:\/\/elregionalvm.com.ar\/noticias-villa-maria\/wp-json\/wp\/v2\/comments?post=72508"}],"version-history":[{"count":1,"href":"https:\/\/elregionalvm.com.ar\/noticias-villa-maria\/wp-json\/wp\/v2\/posts\/72508\/revisions"}],"predecessor-version":[{"id":72509,"href":"https:\/\/elregionalvm.com.ar\/noticias-villa-maria\/wp-json\/wp\/v2\/posts\/72508\/revisions\/72509"}],"wp:attachment":[{"href":"https:\/\/elregionalvm.com.ar\/noticias-villa-maria\/wp-json\/wp\/v2\/media?parent=72508"}],"wp:term":[{"taxonomy":"category","embeddable":true,"href":"https:\/\/elregionalvm.com.ar\/noticias-villa-maria\/wp-json\/wp\/v2\/categories?post=72508"},{"taxonomy":"post_tag","embeddable":true,"href":"https:\/\/elregionalvm.com.ar\/noticias-villa-maria\/wp-json\/wp\/v2\/tags?post=72508"}],"curies":[{"name":"wp","href":"https:\/\/api.w.org\/{rel}","templated":true}]}}