{"id":72513,"date":"2023-03-02T21:49:39","date_gmt":"2023-03-02T21:49:39","guid":{"rendered":"https:\/\/elregionalvm.com.ar\/noticias-villa-maria\/?p=72513"},"modified":"2023-03-02T23:42:35","modified_gmt":"2023-03-02T23:42:35","slug":"concejo-deliberante-se-aprobo-firma-digital-en-documentacion-oficial","status":"publish","type":"post","link":"https:\/\/elregionalvm.com.ar\/noticias-villa-maria\/concejo-deliberante-se-aprobo-firma-digital-en-documentacion-oficial\/","title":{"rendered":"Concejo Deliberante: Se aprob\u00f3 firma digital en documentaci\u00f3n oficial"},"content":{"rendered":"\n<p>Adem\u00e1s, el proyecto estipula la creaci\u00f3n del proyecto \u201cPlataforma de Gesti\u00f3n Legislativa\u201d, que permitir\u00e1 la digitalizaci\u00f3n de expedientes para la implementaci\u00f3n de la firma digital, debi\u00e9ndose arbitrar los medios necesarios para tales fines y la designaci\u00f3n de un equipo t\u00e9cnico especializado.<\/p>\n\n\n\n<p>Esta propuesta es el resultado del convenio firmado entre este cuerpo y la Subsecretar\u00eda de Gobierno Abierto y Pa\u00eds Digital de la Secretar\u00eda de Innovaci\u00f3n P\u00fablica de la Jefatura de Gabinete de Ministros de la Naci\u00f3n, para la implementaci\u00f3n y gesti\u00f3n de la herramienta Honorable Concejo Deliberante Transparente.<\/p>\n\n\n\n<p>Por otra parte, en la Sesi\u00f3n Ordinaria que comenz\u00f3 pasado el mediod\u00eda se aprob\u00f3 por unanimidad la adhesi\u00f3n al Decreto del Poder Ejecutivo Nacional.<\/p>\n\n\n\n<p>Esto declara el a\u00f1o 2023 como a\u00f1o de homenaje a los cuarenta a\u00f1os ininterrumpidos de democracia y dispone que, durante el a\u00f1o 2023, toda la documentaci\u00f3n oficial de la administraci\u00f3n p\u00fablica nacional, centralizada y descentralizada.<\/p>\n\n\n\n<p>As\u00ed como de los entes aut\u00e1rquicos dependientes de esta, deber\u00e1 llevar la leyenda \u201c1983\/2023 &#8211; 40 a\u00f1os de democracia\u201d.<\/p>\n","protected":false},"excerpt":{"rendered":"<p>Adem\u00e1s, el proyecto estipula la creaci\u00f3n del proyecto \u201cPlataforma de Gesti\u00f3n Legislativa\u201d, que permitir\u00e1 la digitalizaci\u00f3n de expedientes para la implementaci\u00f3n de la firma digital, debi\u00e9ndose arbitrar los medios necesarios para tales fines y la designaci\u00f3n de un equipo t\u00e9cnico especializado. Esta propuesta es el resultado del convenio firmado entre este cuerpo y la Subsecretar\u00eda [&hellip;]<\/p>\n","protected":false},"author":4,"featured_media":72514,"comment_status":"open","ping_status":"open","sticky":false,"template":"","format":"standard","meta":{"site-sidebar-layout":"default","site-content-layout":"","ast-site-content-layout":"default","site-content-style":"default","site-sidebar-style":"default","ast-global-header-display":"","ast-banner-title-visibility":"","ast-main-header-display":"","ast-hfb-above-header-display":"","ast-hfb-below-header-display":"","ast-hfb-mobile-header-display":"","site-post-title":"","ast-breadcrumbs-content":"","ast-featured-img":"","footer-sml-layout":"","ast-disable-related-posts":"","theme-transparent-header-meta":"","adv-header-id-meta":"","stick-header-meta":"","header-above-stick-meta":"","header-main-stick-meta":"","header-below-stick-meta":"","astra-migrate-meta-layouts":"default","ast-page-background-enabled":"default","ast-page-background-meta":{"desktop":{"background-color":"","background-image":"","background-repeat":"repeat","background-position":"center center","background-size":"auto","background-attachment":"scroll","background-type":"","background-media":"","overlay-type":"","overlay-color":"","overlay-opacity":"","overlay-gradient":""},"tablet":{"background-color":"","background-image":"","background-repeat":"repeat","background-position":"center center","background-size":"auto","background-attachment":"scroll","background-type":"","background-media":"","overlay-type":"","overlay-color":"","overlay-opacity":"","overlay-gradient":""},"mobile":{"background-color":"","background-image":"","background-repeat":"repeat","background-position":"center center","background-size":"auto","background-attachment":"scroll","background-type":"","background-media":"","overlay-type":"","overlay-color":"","overlay-opacity":"","overlay-gradient":""}},"ast-content-background-meta":{"desktop":{"background-color":"var(--ast-global-color-5)","background-image":"","background-repeat":"repeat","background-position":"center center","background-size":"auto","background-attachment":"scroll","background-type":"","background-media":"","overlay-type":"","overlay-color":"","overlay-opacity":"","overlay-gradient":""},"tablet":{"background-color":"var(--ast-global-color-5)","background-image":"","background-repeat":"repeat","background-position":"center center","background-size":"auto","background-attachment":"scroll","background-type":"","background-media":"","overlay-type":"","overlay-color":"","overlay-opacity":"","overlay-gradient":""},"mobile":{"background-color":"var(--ast-global-color-5)","background-image":"","background-repeat":"repeat","background-position":"center center","background-size":"auto","background-attachment":"scroll","background-type":"","background-media":"","overlay-type":"","overlay-color":"","overlay-opacity":"","overlay-gradient":""}},"_jetpack_memberships_contains_paid_content":false,"_joinchat":[],"footnotes":""},"categories":[15302,365,2089,5,2,1408],"tags":[],"class_list":["post-72513","post","type-post","status-publish","format-standard","has-post-thumbnail","hentry","category-destacado","category-opinion","category-politica","category-sociedad","category-villa-maria","category-villa-nueva"],"yoast_head":"<!-- This site is optimized with the Yoast SEO plugin v26.8 - https:\/\/yoast.com\/product\/yoast-seo-wordpress\/ -->\n<title>Concejo Deliberante: Se aprob\u00f3 firma digital en documentaci\u00f3n oficial - El Regional<\/title>\n<meta name=\"robots\" content=\"index, follow, max-snippet:-1, max-image-preview:large, max-video-preview:-1\" \/>\n<link rel=\"canonical\" href=\"http:\/\/elregionalvm.com.ar\/noticias-villa-maria\/concejo-deliberante-se-aprobo-firma-digital-en-documentacion-oficial\/\" \/>\n<meta property=\"og:locale\" content=\"es_ES\" \/>\n<meta property=\"og:type\" content=\"article\" \/>\n<meta property=\"og:title\" content=\"Concejo Deliberante: Se aprob\u00f3 firma digital en documentaci\u00f3n oficial - El Regional\" \/>\n<meta property=\"og:description\" content=\"Adem\u00e1s, el proyecto estipula la creaci\u00f3n del proyecto \u201cPlataforma de Gesti\u00f3n Legislativa\u201d, que permitir\u00e1 la digitalizaci\u00f3n de expedientes para la implementaci\u00f3n de la firma digital, debi\u00e9ndose arbitrar los medios necesarios para tales fines y la designaci\u00f3n de un equipo t\u00e9cnico especializado. Esta propuesta es el resultado del convenio firmado entre este cuerpo y la Subsecretar\u00eda [&hellip;]\" \/>\n<meta property=\"og:url\" content=\"http:\/\/elregionalvm.com.ar\/noticias-villa-maria\/concejo-deliberante-se-aprobo-firma-digital-en-documentacion-oficial\/\" \/>\n<meta property=\"og:site_name\" content=\"El Regional\" \/>\n<meta property=\"article:publisher\" content=\"https:\/\/www.facebook.com\/elregionalvm\" \/>\n<meta property=\"article:published_time\" content=\"2023-03-02T21:49:39+00:00\" \/>\n<meta property=\"article:modified_time\" content=\"2023-03-02T23:42:35+00:00\" \/>\n<meta property=\"og:image\" content=\"http:\/\/elregionalvm.com.ar\/noticias-villa-maria\/wp-content\/uploads\/2023\/03\/WhatsApp-Image-2023-03-02-at-14.22.07.jpeg\" \/>\n\t<meta property=\"og:image:width\" content=\"1321\" \/>\n\t<meta property=\"og:image:height\" content=\"615\" \/>\n\t<meta property=\"og:image:type\" content=\"image\/jpeg\" \/>\n<meta name=\"author\" content=\"Contenidos El Regional\" \/>\n<meta name=\"twitter:card\" content=\"summary_large_image\" \/>\n<meta name=\"twitter:creator\" content=\"@elregionalvm1\" \/>\n<meta name=\"twitter:site\" content=\"@elregionalvm1\" \/>\n<meta name=\"twitter:label1\" content=\"Escrito por\" \/>\n\t<meta name=\"twitter:data1\" content=\"Contenidos El Regional\" \/>\n\t<meta name=\"twitter:label2\" content=\"Tiempo de lectura\" \/>\n\t<meta name=\"twitter:data2\" content=\"1 minuto\" \/>\n<script type=\"application\/ld+json\" class=\"yoast-schema-graph\">{\"@context\":\"https:\/\/schema.org\",\"@graph\":[{\"@type\":\"Article\",\"@id\":\"http:\/\/elregionalvm.com.ar\/noticias-villa-maria\/concejo-deliberante-se-aprobo-firma-digital-en-documentacion-oficial\/#article\",\"isPartOf\":{\"@id\":\"http:\/\/elregionalvm.com.ar\/noticias-villa-maria\/concejo-deliberante-se-aprobo-firma-digital-en-documentacion-oficial\/\"},\"author\":{\"name\":\"Contenidos El Regional\",\"@id\":\"http:\/\/elregionalvm.com.ar\/noticias-villa-maria\/#\/schema\/person\/a0fb9c422317faca23d50163151bc354\"},\"headline\":\"Concejo Deliberante: Se aprob\u00f3 firma digital en documentaci\u00f3n oficial\",\"datePublished\":\"2023-03-02T21:49:39+00:00\",\"dateModified\":\"2023-03-02T23:42:35+00:00\",\"mainEntityOfPage\":{\"@id\":\"http:\/\/elregionalvm.com.ar\/noticias-villa-maria\/concejo-deliberante-se-aprobo-firma-digital-en-documentacion-oficial\/\"},\"wordCount\":201,\"commentCount\":0,\"image\":{\"@id\":\"http:\/\/elregionalvm.com.ar\/noticias-villa-maria\/concejo-deliberante-se-aprobo-firma-digital-en-documentacion-oficial\/#primaryimage\"},\"thumbnailUrl\":\"https:\/\/i0.wp.com\/elregionalvm.com.ar\/noticias-villa-maria\/wp-content\/uploads\/2023\/03\/WhatsApp-Image-2023-03-02-at-14.22.07.jpeg?fit=1321%2C615&ssl=1\",\"articleSection\":[\"destacado\",\"Opini\u00f3n\",\"Pol\u00edtica\",\"Sociedad\",\"Villa Mar\u00eda\",\"Villa Nueva\"],\"inLanguage\":\"es\",\"potentialAction\":[{\"@type\":\"CommentAction\",\"name\":\"Comment\",\"target\":[\"http:\/\/elregionalvm.com.ar\/noticias-villa-maria\/concejo-deliberante-se-aprobo-firma-digital-en-documentacion-oficial\/#respond\"]}]},{\"@type\":\"WebPage\",\"@id\":\"http:\/\/elregionalvm.com.ar\/noticias-villa-maria\/concejo-deliberante-se-aprobo-firma-digital-en-documentacion-oficial\/\",\"url\":\"http:\/\/elregionalvm.com.ar\/noticias-villa-maria\/concejo-deliberante-se-aprobo-firma-digital-en-documentacion-oficial\/\",\"name\":\"Concejo Deliberante: Se aprob\u00f3 firma digital en documentaci\u00f3n oficial - El Regional\",\"isPartOf\":{\"@id\":\"http:\/\/elregionalvm.com.ar\/noticias-villa-maria\/#website\"},\"primaryImageOfPage\":{\"@id\":\"http:\/\/elregionalvm.com.ar\/noticias-villa-maria\/concejo-deliberante-se-aprobo-firma-digital-en-documentacion-oficial\/#primaryimage\"},\"image\":{\"@id\":\"http:\/\/elregionalvm.com.ar\/noticias-villa-maria\/concejo-deliberante-se-aprobo-firma-digital-en-documentacion-oficial\/#primaryimage\"},\"thumbnailUrl\":\"https:\/\/i0.wp.com\/elregionalvm.com.ar\/noticias-villa-maria\/wp-content\/uploads\/2023\/03\/WhatsApp-Image-2023-03-02-at-14.22.07.jpeg?fit=1321%2C615&ssl=1\",\"datePublished\":\"2023-03-02T21:49:39+00:00\",\"dateModified\":\"2023-03-02T23:42:35+00:00\",\"author\":{\"@id\":\"http:\/\/elregionalvm.com.ar\/noticias-villa-maria\/#\/schema\/person\/a0fb9c422317faca23d50163151bc354\"},\"breadcrumb\":{\"@id\":\"http:\/\/elregionalvm.com.ar\/noticias-villa-maria\/concejo-deliberante-se-aprobo-firma-digital-en-documentacion-oficial\/#breadcrumb\"},\"inLanguage\":\"es\",\"potentialAction\":[{\"@type\":\"ReadAction\",\"target\":[\"http:\/\/elregionalvm.com.ar\/noticias-villa-maria\/concejo-deliberante-se-aprobo-firma-digital-en-documentacion-oficial\/\"]}]},{\"@type\":\"ImageObject\",\"inLanguage\":\"es\",\"@id\":\"http:\/\/elregionalvm.com.ar\/noticias-villa-maria\/concejo-deliberante-se-aprobo-firma-digital-en-documentacion-oficial\/#primaryimage\",\"url\":\"https:\/\/i0.wp.com\/elregionalvm.com.ar\/noticias-villa-maria\/wp-content\/uploads\/2023\/03\/WhatsApp-Image-2023-03-02-at-14.22.07.jpeg?fit=1321%2C615&ssl=1\",\"contentUrl\":\"https:\/\/i0.wp.com\/elregionalvm.com.ar\/noticias-villa-maria\/wp-content\/uploads\/2023\/03\/WhatsApp-Image-2023-03-02-at-14.22.07.jpeg?fit=1321%2C615&ssl=1\",\"width\":1321,\"height\":615},{\"@type\":\"BreadcrumbList\",\"@id\":\"http:\/\/elregionalvm.com.ar\/noticias-villa-maria\/concejo-deliberante-se-aprobo-firma-digital-en-documentacion-oficial\/#breadcrumb\",\"itemListElement\":[{\"@type\":\"ListItem\",\"position\":1,\"name\":\"Portada\",\"item\":\"https:\/\/elregionalvm.com.ar\/noticias-villa-maria\/\"},{\"@type\":\"ListItem\",\"position\":2,\"name\":\"Concejo Deliberante: Se aprob\u00f3 firma digital en documentaci\u00f3n oficial\"}]},{\"@type\":\"WebSite\",\"@id\":\"http:\/\/elregionalvm.com.ar\/noticias-villa-maria\/#website\",\"url\":\"http:\/\/elregionalvm.com.ar\/noticias-villa-maria\/\",\"name\":\"El Regional\",\"description\":\"Mucho m\u00e1s que informaci\u00f3n\",\"potentialAction\":[{\"@type\":\"SearchAction\",\"target\":{\"@type\":\"EntryPoint\",\"urlTemplate\":\"http:\/\/elregionalvm.com.ar\/noticias-villa-maria\/?s={search_term_string}\"},\"query-input\":{\"@type\":\"PropertyValueSpecification\",\"valueRequired\":true,\"valueName\":\"search_term_string\"}}],\"inLanguage\":\"es\"},{\"@type\":\"Person\",\"@id\":\"http:\/\/elregionalvm.com.ar\/noticias-villa-maria\/#\/schema\/person\/a0fb9c422317faca23d50163151bc354\",\"name\":\"Contenidos El Regional\",\"image\":{\"@type\":\"ImageObject\",\"inLanguage\":\"es\",\"@id\":\"http:\/\/elregionalvm.com.ar\/noticias-villa-maria\/#\/schema\/person\/image\/\",\"url\":\"https:\/\/secure.gravatar.com\/avatar\/265b27cb2209af7bb3a1318f03305787d7981a5cc6e6cd08fe5a4ecdf99d4b48?s=96&d=mm&r=g\",\"contentUrl\":\"https:\/\/secure.gravatar.com\/avatar\/265b27cb2209af7bb3a1318f03305787d7981a5cc6e6cd08fe5a4ecdf99d4b48?s=96&d=mm&r=g\",\"caption\":\"Contenidos El Regional\"},\"url\":\"https:\/\/elregionalvm.com.ar\/noticias-villa-maria\/author\/contenido\/\"}]}<\/script>\n<!-- \/ Yoast SEO plugin. -->","yoast_head_json":{"title":"Concejo Deliberante: Se aprob\u00f3 firma digital en documentaci\u00f3n oficial - El Regional","robots":{"index":"index","follow":"follow","max-snippet":"max-snippet:-1","max-image-preview":"max-image-preview:large","max-video-preview":"max-video-preview:-1"},"canonical":"http:\/\/elregionalvm.com.ar\/noticias-villa-maria\/concejo-deliberante-se-aprobo-firma-digital-en-documentacion-oficial\/","og_locale":"es_ES","og_type":"article","og_title":"Concejo Deliberante: Se aprob\u00f3 firma digital en documentaci\u00f3n oficial - El Regional","og_description":"Adem\u00e1s, el proyecto estipula la creaci\u00f3n del proyecto \u201cPlataforma de Gesti\u00f3n Legislativa\u201d, que permitir\u00e1 la digitalizaci\u00f3n de expedientes para la implementaci\u00f3n de la firma digital, debi\u00e9ndose arbitrar los medios necesarios para tales fines y la designaci\u00f3n de un equipo t\u00e9cnico especializado. Esta propuesta es el resultado del convenio firmado entre este cuerpo y la Subsecretar\u00eda [&hellip;]","og_url":"http:\/\/elregionalvm.com.ar\/noticias-villa-maria\/concejo-deliberante-se-aprobo-firma-digital-en-documentacion-oficial\/","og_site_name":"El Regional","article_publisher":"https:\/\/www.facebook.com\/elregionalvm","article_published_time":"2023-03-02T21:49:39+00:00","article_modified_time":"2023-03-02T23:42:35+00:00","og_image":[{"width":1321,"height":615,"url":"http:\/\/elregionalvm.com.ar\/noticias-villa-maria\/wp-content\/uploads\/2023\/03\/WhatsApp-Image-2023-03-02-at-14.22.07.jpeg","type":"image\/jpeg"}],"author":"Contenidos El Regional","twitter_card":"summary_large_image","twitter_creator":"@elregionalvm1","twitter_site":"@elregionalvm1","twitter_misc":{"Escrito por":"Contenidos El Regional","Tiempo de lectura":"1 minuto"},"schema":{"@context":"https:\/\/schema.org","@graph":[{"@type":"Article","@id":"http:\/\/elregionalvm.com.ar\/noticias-villa-maria\/concejo-deliberante-se-aprobo-firma-digital-en-documentacion-oficial\/#article","isPartOf":{"@id":"http:\/\/elregionalvm.com.ar\/noticias-villa-maria\/concejo-deliberante-se-aprobo-firma-digital-en-documentacion-oficial\/"},"author":{"name":"Contenidos El Regional","@id":"http:\/\/elregionalvm.com.ar\/noticias-villa-maria\/#\/schema\/person\/a0fb9c422317faca23d50163151bc354"},"headline":"Concejo Deliberante: Se aprob\u00f3 firma digital en documentaci\u00f3n oficial","datePublished":"2023-03-02T21:49:39+00:00","dateModified":"2023-03-02T23:42:35+00:00","mainEntityOfPage":{"@id":"http:\/\/elregionalvm.com.ar\/noticias-villa-maria\/concejo-deliberante-se-aprobo-firma-digital-en-documentacion-oficial\/"},"wordCount":201,"commentCount":0,"image":{"@id":"http:\/\/elregionalvm.com.ar\/noticias-villa-maria\/concejo-deliberante-se-aprobo-firma-digital-en-documentacion-oficial\/#primaryimage"},"thumbnailUrl":"https:\/\/i0.wp.com\/elregionalvm.com.ar\/noticias-villa-maria\/wp-content\/uploads\/2023\/03\/WhatsApp-Image-2023-03-02-at-14.22.07.jpeg?fit=1321%2C615&ssl=1","articleSection":["destacado","Opini\u00f3n","Pol\u00edtica","Sociedad","Villa Mar\u00eda","Villa Nueva"],"inLanguage":"es","potentialAction":[{"@type":"CommentAction","name":"Comment","target":["http:\/\/elregionalvm.com.ar\/noticias-villa-maria\/concejo-deliberante-se-aprobo-firma-digital-en-documentacion-oficial\/#respond"]}]},{"@type":"WebPage","@id":"http:\/\/elregionalvm.com.ar\/noticias-villa-maria\/concejo-deliberante-se-aprobo-firma-digital-en-documentacion-oficial\/","url":"http:\/\/elregionalvm.com.ar\/noticias-villa-maria\/concejo-deliberante-se-aprobo-firma-digital-en-documentacion-oficial\/","name":"Concejo Deliberante: Se aprob\u00f3 firma digital en documentaci\u00f3n oficial - El Regional","isPartOf":{"@id":"http:\/\/elregionalvm.com.ar\/noticias-villa-maria\/#website"},"primaryImageOfPage":{"@id":"http:\/\/elregionalvm.com.ar\/noticias-villa-maria\/concejo-deliberante-se-aprobo-firma-digital-en-documentacion-oficial\/#primaryimage"},"image":{"@id":"http:\/\/elregionalvm.com.ar\/noticias-villa-maria\/concejo-deliberante-se-aprobo-firma-digital-en-documentacion-oficial\/#primaryimage"},"thumbnailUrl":"https:\/\/i0.wp.com\/elregionalvm.com.ar\/noticias-villa-maria\/wp-content\/uploads\/2023\/03\/WhatsApp-Image-2023-03-02-at-14.22.07.jpeg?fit=1321%2C615&ssl=1","datePublished":"2023-03-02T21:49:39+00:00","dateModified":"2023-03-02T23:42:35+00:00","author":{"@id":"http:\/\/elregionalvm.com.ar\/noticias-villa-maria\/#\/schema\/person\/a0fb9c422317faca23d50163151bc354"},"breadcrumb":{"@id":"http:\/\/elregionalvm.com.ar\/noticias-villa-maria\/concejo-deliberante-se-aprobo-firma-digital-en-documentacion-oficial\/#breadcrumb"},"inLanguage":"es","potentialAction":[{"@type":"ReadAction","target":["http:\/\/elregionalvm.com.ar\/noticias-villa-maria\/concejo-deliberante-se-aprobo-firma-digital-en-documentacion-oficial\/"]}]},{"@type":"ImageObject","inLanguage":"es","@id":"http:\/\/elregionalvm.com.ar\/noticias-villa-maria\/concejo-deliberante-se-aprobo-firma-digital-en-documentacion-oficial\/#primaryimage","url":"https:\/\/i0.wp.com\/elregionalvm.com.ar\/noticias-villa-maria\/wp-content\/uploads\/2023\/03\/WhatsApp-Image-2023-03-02-at-14.22.07.jpeg?fit=1321%2C615&ssl=1","contentUrl":"https:\/\/i0.wp.com\/elregionalvm.com.ar\/noticias-villa-maria\/wp-content\/uploads\/2023\/03\/WhatsApp-Image-2023-03-02-at-14.22.07.jpeg?fit=1321%2C615&ssl=1","width":1321,"height":615},{"@type":"BreadcrumbList","@id":"http:\/\/elregionalvm.com.ar\/noticias-villa-maria\/concejo-deliberante-se-aprobo-firma-digital-en-documentacion-oficial\/#breadcrumb","itemListElement":[{"@type":"ListItem","position":1,"name":"Portada","item":"https:\/\/elregionalvm.com.ar\/noticias-villa-maria\/"},{"@type":"ListItem","position":2,"name":"Concejo Deliberante: Se aprob\u00f3 firma digital en documentaci\u00f3n oficial"}]},{"@type":"WebSite","@id":"http:\/\/elregionalvm.com.ar\/noticias-villa-maria\/#website","url":"http:\/\/elregionalvm.com.ar\/noticias-villa-maria\/","name":"El Regional","description":"Mucho m\u00e1s que informaci\u00f3n","potentialAction":[{"@type":"SearchAction","target":{"@type":"EntryPoint","urlTemplate":"http:\/\/elregionalvm.com.ar\/noticias-villa-maria\/?s={search_term_string}"},"query-input":{"@type":"PropertyValueSpecification","valueRequired":true,"valueName":"search_term_string"}}],"inLanguage":"es"},{"@type":"Person","@id":"http:\/\/elregionalvm.com.ar\/noticias-villa-maria\/#\/schema\/person\/a0fb9c422317faca23d50163151bc354","name":"Contenidos El Regional","image":{"@type":"ImageObject","inLanguage":"es","@id":"http:\/\/elregionalvm.com.ar\/noticias-villa-maria\/#\/schema\/person\/image\/","url":"https:\/\/secure.gravatar.com\/avatar\/265b27cb2209af7bb3a1318f03305787d7981a5cc6e6cd08fe5a4ecdf99d4b48?s=96&d=mm&r=g","contentUrl":"https:\/\/secure.gravatar.com\/avatar\/265b27cb2209af7bb3a1318f03305787d7981a5cc6e6cd08fe5a4ecdf99d4b48?s=96&d=mm&r=g","caption":"Contenidos El Regional"},"url":"https:\/\/elregionalvm.com.ar\/noticias-villa-maria\/author\/contenido\/"}]}},"jetpack_featured_media_url":"https:\/\/i0.wp.com\/elregionalvm.com.ar\/noticias-villa-maria\/wp-content\/uploads\/2023\/03\/WhatsApp-Image-2023-03-02-at-14.22.07.jpeg?fit=1321%2C615&ssl=1","jetpack_sharing_enabled":true,"_links":{"self":[{"href":"https:\/\/elregionalvm.com.ar\/noticias-villa-maria\/wp-json\/wp\/v2\/posts\/72513","targetHints":{"allow":["GET"]}}],"collection":[{"href":"https:\/\/elregionalvm.com.ar\/noticias-villa-maria\/wp-json\/wp\/v2\/posts"}],"about":[{"href":"https:\/\/elregionalvm.com.ar\/noticias-villa-maria\/wp-json\/wp\/v2\/types\/post"}],"author":[{"embeddable":true,"href":"https:\/\/elregionalvm.com.ar\/noticias-villa-maria\/wp-json\/wp\/v2\/users\/4"}],"replies":[{"embeddable":true,"href":"https:\/\/elregionalvm.com.ar\/noticias-villa-maria\/wp-json\/wp\/v2\/comments?post=72513"}],"version-history":[{"count":2,"href":"https:\/\/elregionalvm.com.ar\/noticias-villa-maria\/wp-json\/wp\/v2\/posts\/72513\/revisions"}],"predecessor-version":[{"id":72533,"href":"https:\/\/elregionalvm.com.ar\/noticias-villa-maria\/wp-json\/wp\/v2\/posts\/72513\/revisions\/72533"}],"wp:featuredmedia":[{"embeddable":true,"href":"https:\/\/elregionalvm.com.ar\/noticias-villa-maria\/wp-json\/wp\/v2\/media\/72514"}],"wp:attachment":[{"href":"https:\/\/elregionalvm.com.ar\/noticias-villa-maria\/wp-json\/wp\/v2\/media?parent=72513"}],"wp:term":[{"taxonomy":"category","embeddable":true,"href":"https:\/\/elregionalvm.com.ar\/noticias-villa-maria\/wp-json\/wp\/v2\/categories?post=72513"},{"taxonomy":"post_tag","embeddable":true,"href":"https:\/\/elregionalvm.com.ar\/noticias-villa-maria\/wp-json\/wp\/v2\/tags?post=72513"}],"curies":[{"name":"wp","href":"https:\/\/api.w.org\/{rel}","templated":true}]}}