{"id":72516,"date":"2023-03-02T22:06:36","date_gmt":"2023-03-02T22:06:36","guid":{"rendered":"https:\/\/elregionalvm.com.ar\/noticias-villa-maria\/?p=72516"},"modified":"2023-03-02T23:42:22","modified_gmt":"2023-03-02T23:42:22","slug":"visito-a-fabrica-que-exporta-a-todo-el-pais-graglia-recorrio-plegados-centro","status":"publish","type":"post","link":"https:\/\/elregionalvm.com.ar\/noticias-villa-maria\/visito-a-fabrica-que-exporta-a-todo-el-pais-graglia-recorrio-plegados-centro\/","title":{"rendered":"Visit\u00f3 a f\u00e1brica que vende a todo el pa\u00eds: Graglia recorri\u00f3 Plegados Centro"},"content":{"rendered":"\n<p>El intendente Natalio Graglia junto al Secretario de Gobierno, Guillermo Aiassa, al Director de Comercio e Industria, Alejandro Feltrin y el tribuno de cuenta, Fernando Pereyra visitaron la planta industrial de la empresa Plegados Centro. <\/p>\n\n\n\n<p>De la mano de Elvio Bertero esta firma hace m\u00e1s de 20 a\u00f1os que est\u00e1 en nuestra ciudad.<\/p>\n\n\n\n<p>Es un objetivo de esta gesti\u00f3n acompa\u00f1ar a los emprendimientos productivos y trabajar por el crecimiento y desarrollo de la ciudad. <\/p>\n\n\n\n<figure class=\"wp-block-image size-large\"><img data-recalc-dims=\"1\" fetchpriority=\"high\" decoding=\"async\" width=\"576\" height=\"1024\" src=\"https:\/\/i0.wp.com\/elregionalvm.com.ar\/noticias-villa-maria\/wp-content\/uploads\/2023\/03\/WhatsApp-Image-2023-03-02-at-18.35.23.jpeg?resize=576%2C1024&#038;ssl=1\" alt=\"\" class=\"wp-image-72518\" srcset=\"https:\/\/i0.wp.com\/elregionalvm.com.ar\/noticias-villa-maria\/wp-content\/uploads\/2023\/03\/WhatsApp-Image-2023-03-02-at-18.35.23.jpeg?resize=576%2C1024&amp;ssl=1 576w, https:\/\/i0.wp.com\/elregionalvm.com.ar\/noticias-villa-maria\/wp-content\/uploads\/2023\/03\/WhatsApp-Image-2023-03-02-at-18.35.23.jpeg?resize=169%2C300&amp;ssl=1 169w, https:\/\/i0.wp.com\/elregionalvm.com.ar\/noticias-villa-maria\/wp-content\/uploads\/2023\/03\/WhatsApp-Image-2023-03-02-at-18.35.23.jpeg?resize=768%2C1365&amp;ssl=1 768w, https:\/\/i0.wp.com\/elregionalvm.com.ar\/noticias-villa-maria\/wp-content\/uploads\/2023\/03\/WhatsApp-Image-2023-03-02-at-18.35.23.jpeg?resize=864%2C1536&amp;ssl=1 864w, https:\/\/i0.wp.com\/elregionalvm.com.ar\/noticias-villa-maria\/wp-content\/uploads\/2023\/03\/WhatsApp-Image-2023-03-02-at-18.35.23.jpeg?w=900&amp;ssl=1 900w\" sizes=\"(max-width: 576px) 100vw, 576px\" \/><\/figure>\n\n\n\n<p>En este sentido, Graglia recorri\u00f3 la firma, dialog\u00f3 con su titular para escuchar sus necesidades y poder avanzar en un trabajo conjunto.<\/p>\n\n\n\n<p>Plegados Centro, actualmente emplea a 12 personas, se especializan en el plegado de chapas y corte de piezas que son utilizados como insumos para diferentes industrias. Trabajan con el sector de las industrias alimenticias y con el agro. <\/p>\n\n\n\n<p>Fabrican piezas para autopartes, que se destinan a la industria automotriz. Tambi\u00e9n atienden herreros y cortan para la fabricaci\u00f3n de portones.<\/p>\n\n\n\n<p>Est\u00e1n ubicados en la Avenida Carranza 965 y de all\u00ed atienden a clientes de todo el pa\u00eds. En los \u00faltimos tiempos han realizado una importante inversi\u00f3n para completar un plantel de maquinarias de alta tecnolog\u00eda con las que cuentan.<\/p>\n","protected":false},"excerpt":{"rendered":"<p>El intendente Natalio Graglia junto al Secretario de Gobierno, Guillermo Aiassa, al Director de Comercio e Industria, Alejandro Feltrin y el tribuno de cuenta, Fernando Pereyra visitaron la planta industrial de la empresa Plegados Centro. De la mano de Elvio Bertero esta firma hace m\u00e1s de 20 a\u00f1os que est\u00e1 en nuestra ciudad. Es un [&hellip;]<\/p>\n","protected":false},"author":4,"featured_media":72517,"comment_status":"open","ping_status":"open","sticky":false,"template":"","format":"standard","meta":{"site-sidebar-layout":"default","site-content-layout":"","ast-site-content-layout":"default","site-content-style":"default","site-sidebar-style":"default","ast-global-header-display":"","ast-banner-title-visibility":"","ast-main-header-display":"","ast-hfb-above-header-display":"","ast-hfb-below-header-display":"","ast-hfb-mobile-header-display":"","site-post-title":"","ast-breadcrumbs-content":"","ast-featured-img":"","footer-sml-layout":"","ast-disable-related-posts":"","theme-transparent-header-meta":"","adv-header-id-meta":"","stick-header-meta":"","header-above-stick-meta":"","header-main-stick-meta":"","header-below-stick-meta":"","astra-migrate-meta-layouts":"default","ast-page-background-enabled":"default","ast-page-background-meta":{"desktop":{"background-color":"","background-image":"","background-repeat":"repeat","background-position":"center center","background-size":"auto","background-attachment":"scroll","background-type":"","background-media":"","overlay-type":"","overlay-color":"","overlay-opacity":"","overlay-gradient":""},"tablet":{"background-color":"","background-image":"","background-repeat":"repeat","background-position":"center center","background-size":"auto","background-attachment":"scroll","background-type":"","background-media":"","overlay-type":"","overlay-color":"","overlay-opacity":"","overlay-gradient":""},"mobile":{"background-color":"","background-image":"","background-repeat":"repeat","background-position":"center center","background-size":"auto","background-attachment":"scroll","background-type":"","background-media":"","overlay-type":"","overlay-color":"","overlay-opacity":"","overlay-gradient":""}},"ast-content-background-meta":{"desktop":{"background-color":"var(--ast-global-color-5)","background-image":"","background-repeat":"repeat","background-position":"center center","background-size":"auto","background-attachment":"scroll","background-type":"","background-media":"","overlay-type":"","overlay-color":"","overlay-opacity":"","overlay-gradient":""},"tablet":{"background-color":"var(--ast-global-color-5)","background-image":"","background-repeat":"repeat","background-position":"center center","background-size":"auto","background-attachment":"scroll","background-type":"","background-media":"","overlay-type":"","overlay-color":"","overlay-opacity":"","overlay-gradient":""},"mobile":{"background-color":"var(--ast-global-color-5)","background-image":"","background-repeat":"repeat","background-position":"center center","background-size":"auto","background-attachment":"scroll","background-type":"","background-media":"","overlay-type":"","overlay-color":"","overlay-opacity":"","overlay-gradient":""}},"_jetpack_memberships_contains_paid_content":false,"_joinchat":[],"footnotes":""},"categories":[15302,365,2089,5,2,1408],"tags":[],"class_list":["post-72516","post","type-post","status-publish","format-standard","has-post-thumbnail","hentry","category-destacado","category-opinion","category-politica","category-sociedad","category-villa-maria","category-villa-nueva"],"yoast_head":"<!-- This site is optimized with the Yoast SEO plugin v26.8 - https:\/\/yoast.com\/product\/yoast-seo-wordpress\/ -->\n<title>Visit\u00f3 a f\u00e1brica que vende a todo el pa\u00eds: Graglia recorri\u00f3 Plegados Centro - El Regional<\/title>\n<meta name=\"robots\" content=\"index, follow, max-snippet:-1, max-image-preview:large, max-video-preview:-1\" \/>\n<link rel=\"canonical\" href=\"http:\/\/elregionalvm.com.ar\/noticias-villa-maria\/visito-a-fabrica-que-exporta-a-todo-el-pais-graglia-recorrio-plegados-centro\/\" \/>\n<meta property=\"og:locale\" content=\"es_ES\" \/>\n<meta property=\"og:type\" content=\"article\" \/>\n<meta property=\"og:title\" content=\"Visit\u00f3 a f\u00e1brica que vende a todo el pa\u00eds: Graglia recorri\u00f3 Plegados Centro - El Regional\" \/>\n<meta property=\"og:description\" content=\"El intendente Natalio Graglia junto al Secretario de Gobierno, Guillermo Aiassa, al Director de Comercio e Industria, Alejandro Feltrin y el tribuno de cuenta, Fernando Pereyra visitaron la planta industrial de la empresa Plegados Centro. De la mano de Elvio Bertero esta firma hace m\u00e1s de 20 a\u00f1os que est\u00e1 en nuestra ciudad. Es un [&hellip;]\" \/>\n<meta property=\"og:url\" content=\"http:\/\/elregionalvm.com.ar\/noticias-villa-maria\/visito-a-fabrica-que-exporta-a-todo-el-pais-graglia-recorrio-plegados-centro\/\" \/>\n<meta property=\"og:site_name\" content=\"El Regional\" \/>\n<meta property=\"article:publisher\" content=\"https:\/\/www.facebook.com\/elregionalvm\" \/>\n<meta property=\"article:published_time\" content=\"2023-03-02T22:06:36+00:00\" \/>\n<meta property=\"article:modified_time\" content=\"2023-03-02T23:42:22+00:00\" \/>\n<meta property=\"og:image\" content=\"http:\/\/elregionalvm.com.ar\/noticias-villa-maria\/wp-content\/uploads\/2023\/03\/WhatsApp-Image-2023-03-02-at-18.35.22.jpeg\" \/>\n\t<meta property=\"og:image:width\" content=\"1188\" \/>\n\t<meta property=\"og:image:height\" content=\"1432\" \/>\n\t<meta property=\"og:image:type\" content=\"image\/jpeg\" \/>\n<meta name=\"author\" content=\"Contenidos El Regional\" \/>\n<meta name=\"twitter:card\" content=\"summary_large_image\" \/>\n<meta name=\"twitter:creator\" content=\"@elregionalvm1\" \/>\n<meta name=\"twitter:site\" content=\"@elregionalvm1\" \/>\n<meta name=\"twitter:label1\" content=\"Escrito por\" \/>\n\t<meta name=\"twitter:data1\" content=\"Contenidos El Regional\" \/>\n\t<meta name=\"twitter:label2\" content=\"Tiempo de lectura\" \/>\n\t<meta name=\"twitter:data2\" content=\"2 minutos\" \/>\n<script type=\"application\/ld+json\" class=\"yoast-schema-graph\">{\"@context\":\"https:\/\/schema.org\",\"@graph\":[{\"@type\":\"Article\",\"@id\":\"http:\/\/elregionalvm.com.ar\/noticias-villa-maria\/visito-a-fabrica-que-exporta-a-todo-el-pais-graglia-recorrio-plegados-centro\/#article\",\"isPartOf\":{\"@id\":\"http:\/\/elregionalvm.com.ar\/noticias-villa-maria\/visito-a-fabrica-que-exporta-a-todo-el-pais-graglia-recorrio-plegados-centro\/\"},\"author\":{\"name\":\"Contenidos El Regional\",\"@id\":\"http:\/\/elregionalvm.com.ar\/noticias-villa-maria\/#\/schema\/person\/a0fb9c422317faca23d50163151bc354\"},\"headline\":\"Visit\u00f3 a f\u00e1brica que vende a todo el pa\u00eds: Graglia recorri\u00f3 Plegados Centro\",\"datePublished\":\"2023-03-02T22:06:36+00:00\",\"dateModified\":\"2023-03-02T23:42:22+00:00\",\"mainEntityOfPage\":{\"@id\":\"http:\/\/elregionalvm.com.ar\/noticias-villa-maria\/visito-a-fabrica-que-exporta-a-todo-el-pais-graglia-recorrio-plegados-centro\/\"},\"wordCount\":216,\"commentCount\":0,\"image\":{\"@id\":\"http:\/\/elregionalvm.com.ar\/noticias-villa-maria\/visito-a-fabrica-que-exporta-a-todo-el-pais-graglia-recorrio-plegados-centro\/#primaryimage\"},\"thumbnailUrl\":\"https:\/\/i0.wp.com\/elregionalvm.com.ar\/noticias-villa-maria\/wp-content\/uploads\/2023\/03\/WhatsApp-Image-2023-03-02-at-18.35.22.jpeg?fit=1188%2C1432&ssl=1\",\"articleSection\":[\"destacado\",\"Opini\u00f3n\",\"Pol\u00edtica\",\"Sociedad\",\"Villa Mar\u00eda\",\"Villa Nueva\"],\"inLanguage\":\"es\",\"potentialAction\":[{\"@type\":\"CommentAction\",\"name\":\"Comment\",\"target\":[\"http:\/\/elregionalvm.com.ar\/noticias-villa-maria\/visito-a-fabrica-que-exporta-a-todo-el-pais-graglia-recorrio-plegados-centro\/#respond\"]}]},{\"@type\":\"WebPage\",\"@id\":\"http:\/\/elregionalvm.com.ar\/noticias-villa-maria\/visito-a-fabrica-que-exporta-a-todo-el-pais-graglia-recorrio-plegados-centro\/\",\"url\":\"http:\/\/elregionalvm.com.ar\/noticias-villa-maria\/visito-a-fabrica-que-exporta-a-todo-el-pais-graglia-recorrio-plegados-centro\/\",\"name\":\"Visit\u00f3 a f\u00e1brica que vende a todo el pa\u00eds: Graglia recorri\u00f3 Plegados Centro - El Regional\",\"isPartOf\":{\"@id\":\"http:\/\/elregionalvm.com.ar\/noticias-villa-maria\/#website\"},\"primaryImageOfPage\":{\"@id\":\"http:\/\/elregionalvm.com.ar\/noticias-villa-maria\/visito-a-fabrica-que-exporta-a-todo-el-pais-graglia-recorrio-plegados-centro\/#primaryimage\"},\"image\":{\"@id\":\"http:\/\/elregionalvm.com.ar\/noticias-villa-maria\/visito-a-fabrica-que-exporta-a-todo-el-pais-graglia-recorrio-plegados-centro\/#primaryimage\"},\"thumbnailUrl\":\"https:\/\/i0.wp.com\/elregionalvm.com.ar\/noticias-villa-maria\/wp-content\/uploads\/2023\/03\/WhatsApp-Image-2023-03-02-at-18.35.22.jpeg?fit=1188%2C1432&ssl=1\",\"datePublished\":\"2023-03-02T22:06:36+00:00\",\"dateModified\":\"2023-03-02T23:42:22+00:00\",\"author\":{\"@id\":\"http:\/\/elregionalvm.com.ar\/noticias-villa-maria\/#\/schema\/person\/a0fb9c422317faca23d50163151bc354\"},\"breadcrumb\":{\"@id\":\"http:\/\/elregionalvm.com.ar\/noticias-villa-maria\/visito-a-fabrica-que-exporta-a-todo-el-pais-graglia-recorrio-plegados-centro\/#breadcrumb\"},\"inLanguage\":\"es\",\"potentialAction\":[{\"@type\":\"ReadAction\",\"target\":[\"http:\/\/elregionalvm.com.ar\/noticias-villa-maria\/visito-a-fabrica-que-exporta-a-todo-el-pais-graglia-recorrio-plegados-centro\/\"]}]},{\"@type\":\"ImageObject\",\"inLanguage\":\"es\",\"@id\":\"http:\/\/elregionalvm.com.ar\/noticias-villa-maria\/visito-a-fabrica-que-exporta-a-todo-el-pais-graglia-recorrio-plegados-centro\/#primaryimage\",\"url\":\"https:\/\/i0.wp.com\/elregionalvm.com.ar\/noticias-villa-maria\/wp-content\/uploads\/2023\/03\/WhatsApp-Image-2023-03-02-at-18.35.22.jpeg?fit=1188%2C1432&ssl=1\",\"contentUrl\":\"https:\/\/i0.wp.com\/elregionalvm.com.ar\/noticias-villa-maria\/wp-content\/uploads\/2023\/03\/WhatsApp-Image-2023-03-02-at-18.35.22.jpeg?fit=1188%2C1432&ssl=1\",\"width\":1188,\"height\":1432},{\"@type\":\"BreadcrumbList\",\"@id\":\"http:\/\/elregionalvm.com.ar\/noticias-villa-maria\/visito-a-fabrica-que-exporta-a-todo-el-pais-graglia-recorrio-plegados-centro\/#breadcrumb\",\"itemListElement\":[{\"@type\":\"ListItem\",\"position\":1,\"name\":\"Portada\",\"item\":\"https:\/\/elregionalvm.com.ar\/noticias-villa-maria\/\"},{\"@type\":\"ListItem\",\"position\":2,\"name\":\"Visit\u00f3 a f\u00e1brica que vende a todo el pa\u00eds: Graglia recorri\u00f3 Plegados Centro\"}]},{\"@type\":\"WebSite\",\"@id\":\"http:\/\/elregionalvm.com.ar\/noticias-villa-maria\/#website\",\"url\":\"http:\/\/elregionalvm.com.ar\/noticias-villa-maria\/\",\"name\":\"El Regional\",\"description\":\"Mucho m\u00e1s que informaci\u00f3n\",\"potentialAction\":[{\"@type\":\"SearchAction\",\"target\":{\"@type\":\"EntryPoint\",\"urlTemplate\":\"http:\/\/elregionalvm.com.ar\/noticias-villa-maria\/?s={search_term_string}\"},\"query-input\":{\"@type\":\"PropertyValueSpecification\",\"valueRequired\":true,\"valueName\":\"search_term_string\"}}],\"inLanguage\":\"es\"},{\"@type\":\"Person\",\"@id\":\"http:\/\/elregionalvm.com.ar\/noticias-villa-maria\/#\/schema\/person\/a0fb9c422317faca23d50163151bc354\",\"name\":\"Contenidos El Regional\",\"image\":{\"@type\":\"ImageObject\",\"inLanguage\":\"es\",\"@id\":\"http:\/\/elregionalvm.com.ar\/noticias-villa-maria\/#\/schema\/person\/image\/\",\"url\":\"https:\/\/secure.gravatar.com\/avatar\/265b27cb2209af7bb3a1318f03305787d7981a5cc6e6cd08fe5a4ecdf99d4b48?s=96&d=mm&r=g\",\"contentUrl\":\"https:\/\/secure.gravatar.com\/avatar\/265b27cb2209af7bb3a1318f03305787d7981a5cc6e6cd08fe5a4ecdf99d4b48?s=96&d=mm&r=g\",\"caption\":\"Contenidos El Regional\"},\"url\":\"https:\/\/elregionalvm.com.ar\/noticias-villa-maria\/author\/contenido\/\"}]}<\/script>\n<!-- \/ Yoast SEO plugin. -->","yoast_head_json":{"title":"Visit\u00f3 a f\u00e1brica que vende a todo el pa\u00eds: Graglia recorri\u00f3 Plegados Centro - El Regional","robots":{"index":"index","follow":"follow","max-snippet":"max-snippet:-1","max-image-preview":"max-image-preview:large","max-video-preview":"max-video-preview:-1"},"canonical":"http:\/\/elregionalvm.com.ar\/noticias-villa-maria\/visito-a-fabrica-que-exporta-a-todo-el-pais-graglia-recorrio-plegados-centro\/","og_locale":"es_ES","og_type":"article","og_title":"Visit\u00f3 a f\u00e1brica que vende a todo el pa\u00eds: Graglia recorri\u00f3 Plegados Centro - El Regional","og_description":"El intendente Natalio Graglia junto al Secretario de Gobierno, Guillermo Aiassa, al Director de Comercio e Industria, Alejandro Feltrin y el tribuno de cuenta, Fernando Pereyra visitaron la planta industrial de la empresa Plegados Centro. De la mano de Elvio Bertero esta firma hace m\u00e1s de 20 a\u00f1os que est\u00e1 en nuestra ciudad. Es un [&hellip;]","og_url":"http:\/\/elregionalvm.com.ar\/noticias-villa-maria\/visito-a-fabrica-que-exporta-a-todo-el-pais-graglia-recorrio-plegados-centro\/","og_site_name":"El Regional","article_publisher":"https:\/\/www.facebook.com\/elregionalvm","article_published_time":"2023-03-02T22:06:36+00:00","article_modified_time":"2023-03-02T23:42:22+00:00","og_image":[{"width":1188,"height":1432,"url":"http:\/\/elregionalvm.com.ar\/noticias-villa-maria\/wp-content\/uploads\/2023\/03\/WhatsApp-Image-2023-03-02-at-18.35.22.jpeg","type":"image\/jpeg"}],"author":"Contenidos El Regional","twitter_card":"summary_large_image","twitter_creator":"@elregionalvm1","twitter_site":"@elregionalvm1","twitter_misc":{"Escrito por":"Contenidos El Regional","Tiempo de lectura":"2 minutos"},"schema":{"@context":"https:\/\/schema.org","@graph":[{"@type":"Article","@id":"http:\/\/elregionalvm.com.ar\/noticias-villa-maria\/visito-a-fabrica-que-exporta-a-todo-el-pais-graglia-recorrio-plegados-centro\/#article","isPartOf":{"@id":"http:\/\/elregionalvm.com.ar\/noticias-villa-maria\/visito-a-fabrica-que-exporta-a-todo-el-pais-graglia-recorrio-plegados-centro\/"},"author":{"name":"Contenidos El Regional","@id":"http:\/\/elregionalvm.com.ar\/noticias-villa-maria\/#\/schema\/person\/a0fb9c422317faca23d50163151bc354"},"headline":"Visit\u00f3 a f\u00e1brica que vende a todo el pa\u00eds: Graglia recorri\u00f3 Plegados Centro","datePublished":"2023-03-02T22:06:36+00:00","dateModified":"2023-03-02T23:42:22+00:00","mainEntityOfPage":{"@id":"http:\/\/elregionalvm.com.ar\/noticias-villa-maria\/visito-a-fabrica-que-exporta-a-todo-el-pais-graglia-recorrio-plegados-centro\/"},"wordCount":216,"commentCount":0,"image":{"@id":"http:\/\/elregionalvm.com.ar\/noticias-villa-maria\/visito-a-fabrica-que-exporta-a-todo-el-pais-graglia-recorrio-plegados-centro\/#primaryimage"},"thumbnailUrl":"https:\/\/i0.wp.com\/elregionalvm.com.ar\/noticias-villa-maria\/wp-content\/uploads\/2023\/03\/WhatsApp-Image-2023-03-02-at-18.35.22.jpeg?fit=1188%2C1432&ssl=1","articleSection":["destacado","Opini\u00f3n","Pol\u00edtica","Sociedad","Villa Mar\u00eda","Villa Nueva"],"inLanguage":"es","potentialAction":[{"@type":"CommentAction","name":"Comment","target":["http:\/\/elregionalvm.com.ar\/noticias-villa-maria\/visito-a-fabrica-que-exporta-a-todo-el-pais-graglia-recorrio-plegados-centro\/#respond"]}]},{"@type":"WebPage","@id":"http:\/\/elregionalvm.com.ar\/noticias-villa-maria\/visito-a-fabrica-que-exporta-a-todo-el-pais-graglia-recorrio-plegados-centro\/","url":"http:\/\/elregionalvm.com.ar\/noticias-villa-maria\/visito-a-fabrica-que-exporta-a-todo-el-pais-graglia-recorrio-plegados-centro\/","name":"Visit\u00f3 a f\u00e1brica que vende a todo el pa\u00eds: Graglia recorri\u00f3 Plegados Centro - El Regional","isPartOf":{"@id":"http:\/\/elregionalvm.com.ar\/noticias-villa-maria\/#website"},"primaryImageOfPage":{"@id":"http:\/\/elregionalvm.com.ar\/noticias-villa-maria\/visito-a-fabrica-que-exporta-a-todo-el-pais-graglia-recorrio-plegados-centro\/#primaryimage"},"image":{"@id":"http:\/\/elregionalvm.com.ar\/noticias-villa-maria\/visito-a-fabrica-que-exporta-a-todo-el-pais-graglia-recorrio-plegados-centro\/#primaryimage"},"thumbnailUrl":"https:\/\/i0.wp.com\/elregionalvm.com.ar\/noticias-villa-maria\/wp-content\/uploads\/2023\/03\/WhatsApp-Image-2023-03-02-at-18.35.22.jpeg?fit=1188%2C1432&ssl=1","datePublished":"2023-03-02T22:06:36+00:00","dateModified":"2023-03-02T23:42:22+00:00","author":{"@id":"http:\/\/elregionalvm.com.ar\/noticias-villa-maria\/#\/schema\/person\/a0fb9c422317faca23d50163151bc354"},"breadcrumb":{"@id":"http:\/\/elregionalvm.com.ar\/noticias-villa-maria\/visito-a-fabrica-que-exporta-a-todo-el-pais-graglia-recorrio-plegados-centro\/#breadcrumb"},"inLanguage":"es","potentialAction":[{"@type":"ReadAction","target":["http:\/\/elregionalvm.com.ar\/noticias-villa-maria\/visito-a-fabrica-que-exporta-a-todo-el-pais-graglia-recorrio-plegados-centro\/"]}]},{"@type":"ImageObject","inLanguage":"es","@id":"http:\/\/elregionalvm.com.ar\/noticias-villa-maria\/visito-a-fabrica-que-exporta-a-todo-el-pais-graglia-recorrio-plegados-centro\/#primaryimage","url":"https:\/\/i0.wp.com\/elregionalvm.com.ar\/noticias-villa-maria\/wp-content\/uploads\/2023\/03\/WhatsApp-Image-2023-03-02-at-18.35.22.jpeg?fit=1188%2C1432&ssl=1","contentUrl":"https:\/\/i0.wp.com\/elregionalvm.com.ar\/noticias-villa-maria\/wp-content\/uploads\/2023\/03\/WhatsApp-Image-2023-03-02-at-18.35.22.jpeg?fit=1188%2C1432&ssl=1","width":1188,"height":1432},{"@type":"BreadcrumbList","@id":"http:\/\/elregionalvm.com.ar\/noticias-villa-maria\/visito-a-fabrica-que-exporta-a-todo-el-pais-graglia-recorrio-plegados-centro\/#breadcrumb","itemListElement":[{"@type":"ListItem","position":1,"name":"Portada","item":"https:\/\/elregionalvm.com.ar\/noticias-villa-maria\/"},{"@type":"ListItem","position":2,"name":"Visit\u00f3 a f\u00e1brica que vende a todo el pa\u00eds: Graglia recorri\u00f3 Plegados Centro"}]},{"@type":"WebSite","@id":"http:\/\/elregionalvm.com.ar\/noticias-villa-maria\/#website","url":"http:\/\/elregionalvm.com.ar\/noticias-villa-maria\/","name":"El Regional","description":"Mucho m\u00e1s que informaci\u00f3n","potentialAction":[{"@type":"SearchAction","target":{"@type":"EntryPoint","urlTemplate":"http:\/\/elregionalvm.com.ar\/noticias-villa-maria\/?s={search_term_string}"},"query-input":{"@type":"PropertyValueSpecification","valueRequired":true,"valueName":"search_term_string"}}],"inLanguage":"es"},{"@type":"Person","@id":"http:\/\/elregionalvm.com.ar\/noticias-villa-maria\/#\/schema\/person\/a0fb9c422317faca23d50163151bc354","name":"Contenidos El Regional","image":{"@type":"ImageObject","inLanguage":"es","@id":"http:\/\/elregionalvm.com.ar\/noticias-villa-maria\/#\/schema\/person\/image\/","url":"https:\/\/secure.gravatar.com\/avatar\/265b27cb2209af7bb3a1318f03305787d7981a5cc6e6cd08fe5a4ecdf99d4b48?s=96&d=mm&r=g","contentUrl":"https:\/\/secure.gravatar.com\/avatar\/265b27cb2209af7bb3a1318f03305787d7981a5cc6e6cd08fe5a4ecdf99d4b48?s=96&d=mm&r=g","caption":"Contenidos El Regional"},"url":"https:\/\/elregionalvm.com.ar\/noticias-villa-maria\/author\/contenido\/"}]}},"jetpack_featured_media_url":"https:\/\/i0.wp.com\/elregionalvm.com.ar\/noticias-villa-maria\/wp-content\/uploads\/2023\/03\/WhatsApp-Image-2023-03-02-at-18.35.22.jpeg?fit=1188%2C1432&ssl=1","jetpack_sharing_enabled":true,"_links":{"self":[{"href":"https:\/\/elregionalvm.com.ar\/noticias-villa-maria\/wp-json\/wp\/v2\/posts\/72516","targetHints":{"allow":["GET"]}}],"collection":[{"href":"https:\/\/elregionalvm.com.ar\/noticias-villa-maria\/wp-json\/wp\/v2\/posts"}],"about":[{"href":"https:\/\/elregionalvm.com.ar\/noticias-villa-maria\/wp-json\/wp\/v2\/types\/post"}],"author":[{"embeddable":true,"href":"https:\/\/elregionalvm.com.ar\/noticias-villa-maria\/wp-json\/wp\/v2\/users\/4"}],"replies":[{"embeddable":true,"href":"https:\/\/elregionalvm.com.ar\/noticias-villa-maria\/wp-json\/wp\/v2\/comments?post=72516"}],"version-history":[{"count":2,"href":"https:\/\/elregionalvm.com.ar\/noticias-villa-maria\/wp-json\/wp\/v2\/posts\/72516\/revisions"}],"predecessor-version":[{"id":72532,"href":"https:\/\/elregionalvm.com.ar\/noticias-villa-maria\/wp-json\/wp\/v2\/posts\/72516\/revisions\/72532"}],"wp:featuredmedia":[{"embeddable":true,"href":"https:\/\/elregionalvm.com.ar\/noticias-villa-maria\/wp-json\/wp\/v2\/media\/72517"}],"wp:attachment":[{"href":"https:\/\/elregionalvm.com.ar\/noticias-villa-maria\/wp-json\/wp\/v2\/media?parent=72516"}],"wp:term":[{"taxonomy":"category","embeddable":true,"href":"https:\/\/elregionalvm.com.ar\/noticias-villa-maria\/wp-json\/wp\/v2\/categories?post=72516"},{"taxonomy":"post_tag","embeddable":true,"href":"https:\/\/elregionalvm.com.ar\/noticias-villa-maria\/wp-json\/wp\/v2\/tags?post=72516"}],"curies":[{"name":"wp","href":"https:\/\/api.w.org\/{rel}","templated":true}]}}