{"id":72520,"date":"2023-03-02T22:16:08","date_gmt":"2023-03-02T22:16:08","guid":{"rendered":"https:\/\/elregionalvm.com.ar\/noticias-villa-maria\/?p=72520"},"modified":"2023-03-02T22:16:09","modified_gmt":"2023-03-02T22:16:09","slug":"pensiones-por-discapacidad-mas-de-160-personas-accedieron-a-este-derecho","status":"publish","type":"post","link":"https:\/\/elregionalvm.com.ar\/noticias-villa-maria\/pensiones-por-discapacidad-mas-de-160-personas-accedieron-a-este-derecho\/","title":{"rendered":"Pensiones por Discapacidad: m\u00e1s de 160 personas accedieron a este derecho"},"content":{"rendered":"\n<p>El intendente Mart\u00edn Gill recibi\u00f3 a la directora Nacional de Apoyos y Asignaciones Econ\u00f3micas de la Agencia Nacional de Discapacidad (ANDIS), Paula Mart\u00ednez, para oficiar la entrega de pensiones no contributivas en la ciudad. <\/p>\n\n\n\n<p>En un acto que tuvo lugar en el Centro Cultural Comunitario Leonardo Favio, autoridades municipales locales y de localidades de la regi\u00f3n, junto a miembros del organismo nacional y representantes del Ente Regional de Desarrollo (EnRed), efectivizaron 161 prestaciones correspondientes a residentes del departamento General San Mart\u00edn.<\/p>\n\n\n\n<figure class=\"wp-block-image size-large\"><img data-recalc-dims=\"1\" fetchpriority=\"high\" decoding=\"async\" width=\"1024\" height=\"683\" src=\"https:\/\/i0.wp.com\/elregionalvm.com.ar\/noticias-villa-maria\/wp-content\/uploads\/2023\/03\/WhatsApp-Image-2023-03-02-at-13.27.51.jpeg?resize=1024%2C683&#038;ssl=1\" alt=\"\" class=\"wp-image-72522\" srcset=\"https:\/\/i0.wp.com\/elregionalvm.com.ar\/noticias-villa-maria\/wp-content\/uploads\/2023\/03\/WhatsApp-Image-2023-03-02-at-13.27.51.jpeg?resize=1024%2C683&amp;ssl=1 1024w, https:\/\/i0.wp.com\/elregionalvm.com.ar\/noticias-villa-maria\/wp-content\/uploads\/2023\/03\/WhatsApp-Image-2023-03-02-at-13.27.51.jpeg?resize=300%2C200&amp;ssl=1 300w, https:\/\/i0.wp.com\/elregionalvm.com.ar\/noticias-villa-maria\/wp-content\/uploads\/2023\/03\/WhatsApp-Image-2023-03-02-at-13.27.51.jpeg?resize=768%2C512&amp;ssl=1 768w, https:\/\/i0.wp.com\/elregionalvm.com.ar\/noticias-villa-maria\/wp-content\/uploads\/2023\/03\/WhatsApp-Image-2023-03-02-at-13.27.51.jpeg?resize=1536%2C1024&amp;ssl=1 1536w, https:\/\/i0.wp.com\/elregionalvm.com.ar\/noticias-villa-maria\/wp-content\/uploads\/2023\/03\/WhatsApp-Image-2023-03-02-at-13.27.51.jpeg?w=1600&amp;ssl=1 1600w\" sizes=\"(max-width: 1000px) 100vw, 1000px\" \/><\/figure>\n\n\n\n<p>Previo a la entrega de los certificados, el jefe comunal expres\u00f3: \u201cCon gran orgullo estamos entregando estas pensiones, que son sin\u00f3nimo de reconocimiento de derechos y de un Estado presente, que trabaja d\u00eda a d\u00eda en consolidar una sociedad m\u00e1s justa e inclusiva\u201d. <\/p>\n\n\n\n<p>\u201cHoy podemos decir que el trabajo que llevamos adelante deja atr\u00e1s una etapa donde se pusieron muchas trabas que llevaron a miles de personas a perder el beneficio\u201d, ponder\u00f3.<\/p>\n\n\n\n<figure class=\"wp-block-image size-large\"><img data-recalc-dims=\"1\" decoding=\"async\" width=\"1024\" height=\"683\" src=\"https:\/\/i0.wp.com\/elregionalvm.com.ar\/noticias-villa-maria\/wp-content\/uploads\/2023\/03\/WhatsApp-Image-2023-03-02-at-13.27.52.jpeg?resize=1024%2C683&#038;ssl=1\" alt=\"\" class=\"wp-image-72523\" srcset=\"https:\/\/i0.wp.com\/elregionalvm.com.ar\/noticias-villa-maria\/wp-content\/uploads\/2023\/03\/WhatsApp-Image-2023-03-02-at-13.27.52.jpeg?resize=1024%2C683&amp;ssl=1 1024w, https:\/\/i0.wp.com\/elregionalvm.com.ar\/noticias-villa-maria\/wp-content\/uploads\/2023\/03\/WhatsApp-Image-2023-03-02-at-13.27.52.jpeg?resize=300%2C200&amp;ssl=1 300w, https:\/\/i0.wp.com\/elregionalvm.com.ar\/noticias-villa-maria\/wp-content\/uploads\/2023\/03\/WhatsApp-Image-2023-03-02-at-13.27.52.jpeg?resize=768%2C512&amp;ssl=1 768w, https:\/\/i0.wp.com\/elregionalvm.com.ar\/noticias-villa-maria\/wp-content\/uploads\/2023\/03\/WhatsApp-Image-2023-03-02-at-13.27.52.jpeg?resize=1536%2C1024&amp;ssl=1 1536w, https:\/\/i0.wp.com\/elregionalvm.com.ar\/noticias-villa-maria\/wp-content\/uploads\/2023\/03\/WhatsApp-Image-2023-03-02-at-13.27.52.jpeg?w=1600&amp;ssl=1 1600w\" sizes=\"(max-width: 1000px) 100vw, 1000px\" \/><\/figure>\n\n\n\n<p>Del mismo modo, brind\u00f3 sus palabras Mart\u00ednez, quien destac\u00f3 \u201cel enorme trabajo que est\u00e1 realizando ANDIS junto a los municipios del departamento San Mart\u00edn para reconocer derechos y garantizar su gratuidad\u201d. <\/p>\n\n\n\n<p>\u201cDesde el principio de la gesti\u00f3n y para siempre, queremos darles la tranquilidad de que estamos presentes desde el Estado nacional, para lograr dotar del beneficio a quienes lo precisen y tambi\u00e9n ayudar a concretar los respectivos tr\u00e1mites a personas que a\u00fan no han podido hacerlo\u201d, enfatiz\u00f3.<\/p>\n\n\n\n<p>Por su parte, el presidente de EnRed e intendente de Las Varillas, Mauro Daniele, se\u00f1al\u00f3: \u201cHoy m\u00e1s que nunca se ve reflejado el trabajo de los 54 municipios que integran la red y que han firmado convenios con ANDIS para igualar derechos\u201d. <\/p>\n\n\n\n<p>\u201cEse compromiso sale a la luz y nos permite reactivar los derechos que hab\u00edan sido frenados\u201d, concluy\u00f3.<\/p>\n\n\n\n<p>En este orden, se procedi\u00f3 a la entrega simb\u00f3lica de certificados, instancia de la que participaron adem\u00e1s intendentes de los municipios presentes junto al director Ejecutivo de ENRED, Jos\u00e9 Carignano. <\/p>\n\n\n\n<p>El acto cont\u00f3 con la participaci\u00f3n de un int\u00e9rprete en lengua de se\u00f1as, quien acompa\u00f1\u00f3 la ceremonia de manera inclusiva.<\/p>\n\n\n\n<p>Cabe destacar que meses atr\u00e1s se llev\u00f3 adelante un operativo territorial entre las instituciones a cargo, a los fines de asesorar a vecinos y vecinas en cuanto a la gesti\u00f3n de pensiones por discapacidad y tr\u00e1mites afines. <\/p>\n\n\n\n<p>En esa instancia, alrededor de 250 personas fueron atendidas en la ciudad para tratar cada caso en particular y poder as\u00ed destrabar o poner en marcha nuevamente tr\u00e1mites que por diversas cuestiones se encontraban demorados.<\/p>\n\n\n\n<p>De la entrega de certificados tambi\u00e9n formaron parte intendentes de las localidades beneficiarias, la titular de la UDAI Villa Mar\u00eda de ANSES, Camila Perassi; el director de Despliegue Territorial y Acceso de Beneficiarios de ANDIS, Marcelo Villarreal, la secretaria de Inclusi\u00f3n Social y Territorio del municipio, Celeste Curetti, y la legisladora provincial, Nora Bedano.<\/p>\n","protected":false},"excerpt":{"rendered":"<p>El intendente Mart\u00edn Gill recibi\u00f3 a la directora Nacional de Apoyos y Asignaciones Econ\u00f3micas de la Agencia Nacional de Discapacidad (ANDIS), Paula Mart\u00ednez, para oficiar la entrega de pensiones no contributivas en la ciudad. En un acto que tuvo lugar en el Centro Cultural Comunitario Leonardo Favio, autoridades municipales locales y de localidades de la [&hellip;]<\/p>\n","protected":false},"author":4,"featured_media":72521,"comment_status":"open","ping_status":"open","sticky":false,"template":"","format":"standard","meta":{"site-sidebar-layout":"default","site-content-layout":"","ast-site-content-layout":"default","site-content-style":"default","site-sidebar-style":"default","ast-global-header-display":"","ast-banner-title-visibility":"","ast-main-header-display":"","ast-hfb-above-header-display":"","ast-hfb-below-header-display":"","ast-hfb-mobile-header-display":"","site-post-title":"","ast-breadcrumbs-content":"","ast-featured-img":"","footer-sml-layout":"","ast-disable-related-posts":"","theme-transparent-header-meta":"","adv-header-id-meta":"","stick-header-meta":"","header-above-stick-meta":"","header-main-stick-meta":"","header-below-stick-meta":"","astra-migrate-meta-layouts":"default","ast-page-background-enabled":"default","ast-page-background-meta":{"desktop":{"background-color":"","background-image":"","background-repeat":"repeat","background-position":"center center","background-size":"auto","background-attachment":"scroll","background-type":"","background-media":"","overlay-type":"","overlay-color":"","overlay-opacity":"","overlay-gradient":""},"tablet":{"background-color":"","background-image":"","background-repeat":"repeat","background-position":"center center","background-size":"auto","background-attachment":"scroll","background-type":"","background-media":"","overlay-type":"","overlay-color":"","overlay-opacity":"","overlay-gradient":""},"mobile":{"background-color":"","background-image":"","background-repeat":"repeat","background-position":"center center","background-size":"auto","background-attachment":"scroll","background-type":"","background-media":"","overlay-type":"","overlay-color":"","overlay-opacity":"","overlay-gradient":""}},"ast-content-background-meta":{"desktop":{"background-color":"var(--ast-global-color-5)","background-image":"","background-repeat":"repeat","background-position":"center center","background-size":"auto","background-attachment":"scroll","background-type":"","background-media":"","overlay-type":"","overlay-color":"","overlay-opacity":"","overlay-gradient":""},"tablet":{"background-color":"var(--ast-global-color-5)","background-image":"","background-repeat":"repeat","background-position":"center center","background-size":"auto","background-attachment":"scroll","background-type":"","background-media":"","overlay-type":"","overlay-color":"","overlay-opacity":"","overlay-gradient":""},"mobile":{"background-color":"var(--ast-global-color-5)","background-image":"","background-repeat":"repeat","background-position":"center center","background-size":"auto","background-attachment":"scroll","background-type":"","background-media":"","overlay-type":"","overlay-color":"","overlay-opacity":"","overlay-gradient":""}},"_jetpack_memberships_contains_paid_content":false,"_joinchat":[],"footnotes":""},"categories":[15302,2089,2091,5,2,1408],"tags":[],"class_list":["post-72520","post","type-post","status-publish","format-standard","has-post-thumbnail","hentry","category-destacado","category-politica","category-region","category-sociedad","category-villa-maria","category-villa-nueva"],"yoast_head":"<!-- This site is optimized with the Yoast SEO plugin v26.8 - https:\/\/yoast.com\/product\/yoast-seo-wordpress\/ -->\n<title>Pensiones por Discapacidad: m\u00e1s de 160 personas accedieron a este derecho - El Regional<\/title>\n<meta name=\"robots\" content=\"index, follow, max-snippet:-1, max-image-preview:large, max-video-preview:-1\" \/>\n<link rel=\"canonical\" href=\"http:\/\/elregionalvm.com.ar\/noticias-villa-maria\/pensiones-por-discapacidad-mas-de-160-personas-accedieron-a-este-derecho\/\" \/>\n<meta property=\"og:locale\" content=\"es_ES\" \/>\n<meta property=\"og:type\" content=\"article\" \/>\n<meta property=\"og:title\" content=\"Pensiones por Discapacidad: m\u00e1s de 160 personas accedieron a este derecho - El Regional\" \/>\n<meta property=\"og:description\" content=\"El intendente Mart\u00edn Gill recibi\u00f3 a la directora Nacional de Apoyos y Asignaciones Econ\u00f3micas de la Agencia Nacional de Discapacidad (ANDIS), Paula Mart\u00ednez, para oficiar la entrega de pensiones no contributivas en la ciudad. En un acto que tuvo lugar en el Centro Cultural Comunitario Leonardo Favio, autoridades municipales locales y de localidades de la [&hellip;]\" \/>\n<meta property=\"og:url\" content=\"http:\/\/elregionalvm.com.ar\/noticias-villa-maria\/pensiones-por-discapacidad-mas-de-160-personas-accedieron-a-este-derecho\/\" \/>\n<meta property=\"og:site_name\" content=\"El Regional\" \/>\n<meta property=\"article:publisher\" content=\"https:\/\/www.facebook.com\/elregionalvm\" \/>\n<meta property=\"article:published_time\" content=\"2023-03-02T22:16:08+00:00\" \/>\n<meta property=\"article:modified_time\" content=\"2023-03-02T22:16:09+00:00\" \/>\n<meta property=\"og:image\" content=\"http:\/\/elregionalvm.com.ar\/noticias-villa-maria\/wp-content\/uploads\/2023\/03\/WhatsApp-Image-2023-03-02-at-13.27.42.jpeg\" \/>\n\t<meta property=\"og:image:width\" content=\"1600\" \/>\n\t<meta property=\"og:image:height\" content=\"1067\" \/>\n\t<meta property=\"og:image:type\" content=\"image\/jpeg\" \/>\n<meta name=\"author\" content=\"Contenidos El Regional\" \/>\n<meta name=\"twitter:card\" content=\"summary_large_image\" \/>\n<meta name=\"twitter:creator\" content=\"@elregionalvm1\" \/>\n<meta name=\"twitter:site\" content=\"@elregionalvm1\" \/>\n<meta name=\"twitter:label1\" content=\"Escrito por\" \/>\n\t<meta name=\"twitter:data1\" content=\"Contenidos El Regional\" \/>\n\t<meta name=\"twitter:label2\" content=\"Tiempo de lectura\" \/>\n\t<meta name=\"twitter:data2\" content=\"3 minutos\" \/>\n<script type=\"application\/ld+json\" class=\"yoast-schema-graph\">{\"@context\":\"https:\/\/schema.org\",\"@graph\":[{\"@type\":\"Article\",\"@id\":\"http:\/\/elregionalvm.com.ar\/noticias-villa-maria\/pensiones-por-discapacidad-mas-de-160-personas-accedieron-a-este-derecho\/#article\",\"isPartOf\":{\"@id\":\"http:\/\/elregionalvm.com.ar\/noticias-villa-maria\/pensiones-por-discapacidad-mas-de-160-personas-accedieron-a-este-derecho\/\"},\"author\":{\"name\":\"Contenidos El Regional\",\"@id\":\"http:\/\/elregionalvm.com.ar\/noticias-villa-maria\/#\/schema\/person\/a0fb9c422317faca23d50163151bc354\"},\"headline\":\"Pensiones por Discapacidad: m\u00e1s de 160 personas accedieron a este derecho\",\"datePublished\":\"2023-03-02T22:16:08+00:00\",\"dateModified\":\"2023-03-02T22:16:09+00:00\",\"mainEntityOfPage\":{\"@id\":\"http:\/\/elregionalvm.com.ar\/noticias-villa-maria\/pensiones-por-discapacidad-mas-de-160-personas-accedieron-a-este-derecho\/\"},\"wordCount\":505,\"commentCount\":0,\"image\":{\"@id\":\"http:\/\/elregionalvm.com.ar\/noticias-villa-maria\/pensiones-por-discapacidad-mas-de-160-personas-accedieron-a-este-derecho\/#primaryimage\"},\"thumbnailUrl\":\"https:\/\/i0.wp.com\/elregionalvm.com.ar\/noticias-villa-maria\/wp-content\/uploads\/2023\/03\/WhatsApp-Image-2023-03-02-at-13.27.42.jpeg?fit=1600%2C1067&ssl=1\",\"articleSection\":[\"destacado\",\"Pol\u00edtica\",\"Regi\u00f3n\",\"Sociedad\",\"Villa Mar\u00eda\",\"Villa Nueva\"],\"inLanguage\":\"es\",\"potentialAction\":[{\"@type\":\"CommentAction\",\"name\":\"Comment\",\"target\":[\"http:\/\/elregionalvm.com.ar\/noticias-villa-maria\/pensiones-por-discapacidad-mas-de-160-personas-accedieron-a-este-derecho\/#respond\"]}]},{\"@type\":\"WebPage\",\"@id\":\"http:\/\/elregionalvm.com.ar\/noticias-villa-maria\/pensiones-por-discapacidad-mas-de-160-personas-accedieron-a-este-derecho\/\",\"url\":\"http:\/\/elregionalvm.com.ar\/noticias-villa-maria\/pensiones-por-discapacidad-mas-de-160-personas-accedieron-a-este-derecho\/\",\"name\":\"Pensiones por Discapacidad: m\u00e1s de 160 personas accedieron a este derecho - El Regional\",\"isPartOf\":{\"@id\":\"http:\/\/elregionalvm.com.ar\/noticias-villa-maria\/#website\"},\"primaryImageOfPage\":{\"@id\":\"http:\/\/elregionalvm.com.ar\/noticias-villa-maria\/pensiones-por-discapacidad-mas-de-160-personas-accedieron-a-este-derecho\/#primaryimage\"},\"image\":{\"@id\":\"http:\/\/elregionalvm.com.ar\/noticias-villa-maria\/pensiones-por-discapacidad-mas-de-160-personas-accedieron-a-este-derecho\/#primaryimage\"},\"thumbnailUrl\":\"https:\/\/i0.wp.com\/elregionalvm.com.ar\/noticias-villa-maria\/wp-content\/uploads\/2023\/03\/WhatsApp-Image-2023-03-02-at-13.27.42.jpeg?fit=1600%2C1067&ssl=1\",\"datePublished\":\"2023-03-02T22:16:08+00:00\",\"dateModified\":\"2023-03-02T22:16:09+00:00\",\"author\":{\"@id\":\"http:\/\/elregionalvm.com.ar\/noticias-villa-maria\/#\/schema\/person\/a0fb9c422317faca23d50163151bc354\"},\"breadcrumb\":{\"@id\":\"http:\/\/elregionalvm.com.ar\/noticias-villa-maria\/pensiones-por-discapacidad-mas-de-160-personas-accedieron-a-este-derecho\/#breadcrumb\"},\"inLanguage\":\"es\",\"potentialAction\":[{\"@type\":\"ReadAction\",\"target\":[\"http:\/\/elregionalvm.com.ar\/noticias-villa-maria\/pensiones-por-discapacidad-mas-de-160-personas-accedieron-a-este-derecho\/\"]}]},{\"@type\":\"ImageObject\",\"inLanguage\":\"es\",\"@id\":\"http:\/\/elregionalvm.com.ar\/noticias-villa-maria\/pensiones-por-discapacidad-mas-de-160-personas-accedieron-a-este-derecho\/#primaryimage\",\"url\":\"https:\/\/i0.wp.com\/elregionalvm.com.ar\/noticias-villa-maria\/wp-content\/uploads\/2023\/03\/WhatsApp-Image-2023-03-02-at-13.27.42.jpeg?fit=1600%2C1067&ssl=1\",\"contentUrl\":\"https:\/\/i0.wp.com\/elregionalvm.com.ar\/noticias-villa-maria\/wp-content\/uploads\/2023\/03\/WhatsApp-Image-2023-03-02-at-13.27.42.jpeg?fit=1600%2C1067&ssl=1\",\"width\":1600,\"height\":1067},{\"@type\":\"BreadcrumbList\",\"@id\":\"http:\/\/elregionalvm.com.ar\/noticias-villa-maria\/pensiones-por-discapacidad-mas-de-160-personas-accedieron-a-este-derecho\/#breadcrumb\",\"itemListElement\":[{\"@type\":\"ListItem\",\"position\":1,\"name\":\"Portada\",\"item\":\"https:\/\/elregionalvm.com.ar\/noticias-villa-maria\/\"},{\"@type\":\"ListItem\",\"position\":2,\"name\":\"Pensiones por Discapacidad: m\u00e1s de 160 personas accedieron a este derecho\"}]},{\"@type\":\"WebSite\",\"@id\":\"http:\/\/elregionalvm.com.ar\/noticias-villa-maria\/#website\",\"url\":\"http:\/\/elregionalvm.com.ar\/noticias-villa-maria\/\",\"name\":\"El Regional\",\"description\":\"Mucho m\u00e1s que informaci\u00f3n\",\"potentialAction\":[{\"@type\":\"SearchAction\",\"target\":{\"@type\":\"EntryPoint\",\"urlTemplate\":\"http:\/\/elregionalvm.com.ar\/noticias-villa-maria\/?s={search_term_string}\"},\"query-input\":{\"@type\":\"PropertyValueSpecification\",\"valueRequired\":true,\"valueName\":\"search_term_string\"}}],\"inLanguage\":\"es\"},{\"@type\":\"Person\",\"@id\":\"http:\/\/elregionalvm.com.ar\/noticias-villa-maria\/#\/schema\/person\/a0fb9c422317faca23d50163151bc354\",\"name\":\"Contenidos El Regional\",\"image\":{\"@type\":\"ImageObject\",\"inLanguage\":\"es\",\"@id\":\"http:\/\/elregionalvm.com.ar\/noticias-villa-maria\/#\/schema\/person\/image\/\",\"url\":\"https:\/\/secure.gravatar.com\/avatar\/265b27cb2209af7bb3a1318f03305787d7981a5cc6e6cd08fe5a4ecdf99d4b48?s=96&d=mm&r=g\",\"contentUrl\":\"https:\/\/secure.gravatar.com\/avatar\/265b27cb2209af7bb3a1318f03305787d7981a5cc6e6cd08fe5a4ecdf99d4b48?s=96&d=mm&r=g\",\"caption\":\"Contenidos El Regional\"},\"url\":\"https:\/\/elregionalvm.com.ar\/noticias-villa-maria\/author\/contenido\/\"}]}<\/script>\n<!-- \/ Yoast SEO plugin. -->","yoast_head_json":{"title":"Pensiones por Discapacidad: m\u00e1s de 160 personas accedieron a este derecho - El Regional","robots":{"index":"index","follow":"follow","max-snippet":"max-snippet:-1","max-image-preview":"max-image-preview:large","max-video-preview":"max-video-preview:-1"},"canonical":"http:\/\/elregionalvm.com.ar\/noticias-villa-maria\/pensiones-por-discapacidad-mas-de-160-personas-accedieron-a-este-derecho\/","og_locale":"es_ES","og_type":"article","og_title":"Pensiones por Discapacidad: m\u00e1s de 160 personas accedieron a este derecho - El Regional","og_description":"El intendente Mart\u00edn Gill recibi\u00f3 a la directora Nacional de Apoyos y Asignaciones Econ\u00f3micas de la Agencia Nacional de Discapacidad (ANDIS), Paula Mart\u00ednez, para oficiar la entrega de pensiones no contributivas en la ciudad. En un acto que tuvo lugar en el Centro Cultural Comunitario Leonardo Favio, autoridades municipales locales y de localidades de la [&hellip;]","og_url":"http:\/\/elregionalvm.com.ar\/noticias-villa-maria\/pensiones-por-discapacidad-mas-de-160-personas-accedieron-a-este-derecho\/","og_site_name":"El Regional","article_publisher":"https:\/\/www.facebook.com\/elregionalvm","article_published_time":"2023-03-02T22:16:08+00:00","article_modified_time":"2023-03-02T22:16:09+00:00","og_image":[{"width":1600,"height":1067,"url":"http:\/\/elregionalvm.com.ar\/noticias-villa-maria\/wp-content\/uploads\/2023\/03\/WhatsApp-Image-2023-03-02-at-13.27.42.jpeg","type":"image\/jpeg"}],"author":"Contenidos El Regional","twitter_card":"summary_large_image","twitter_creator":"@elregionalvm1","twitter_site":"@elregionalvm1","twitter_misc":{"Escrito por":"Contenidos El Regional","Tiempo de lectura":"3 minutos"},"schema":{"@context":"https:\/\/schema.org","@graph":[{"@type":"Article","@id":"http:\/\/elregionalvm.com.ar\/noticias-villa-maria\/pensiones-por-discapacidad-mas-de-160-personas-accedieron-a-este-derecho\/#article","isPartOf":{"@id":"http:\/\/elregionalvm.com.ar\/noticias-villa-maria\/pensiones-por-discapacidad-mas-de-160-personas-accedieron-a-este-derecho\/"},"author":{"name":"Contenidos El Regional","@id":"http:\/\/elregionalvm.com.ar\/noticias-villa-maria\/#\/schema\/person\/a0fb9c422317faca23d50163151bc354"},"headline":"Pensiones por Discapacidad: m\u00e1s de 160 personas accedieron a este derecho","datePublished":"2023-03-02T22:16:08+00:00","dateModified":"2023-03-02T22:16:09+00:00","mainEntityOfPage":{"@id":"http:\/\/elregionalvm.com.ar\/noticias-villa-maria\/pensiones-por-discapacidad-mas-de-160-personas-accedieron-a-este-derecho\/"},"wordCount":505,"commentCount":0,"image":{"@id":"http:\/\/elregionalvm.com.ar\/noticias-villa-maria\/pensiones-por-discapacidad-mas-de-160-personas-accedieron-a-este-derecho\/#primaryimage"},"thumbnailUrl":"https:\/\/i0.wp.com\/elregionalvm.com.ar\/noticias-villa-maria\/wp-content\/uploads\/2023\/03\/WhatsApp-Image-2023-03-02-at-13.27.42.jpeg?fit=1600%2C1067&ssl=1","articleSection":["destacado","Pol\u00edtica","Regi\u00f3n","Sociedad","Villa Mar\u00eda","Villa Nueva"],"inLanguage":"es","potentialAction":[{"@type":"CommentAction","name":"Comment","target":["http:\/\/elregionalvm.com.ar\/noticias-villa-maria\/pensiones-por-discapacidad-mas-de-160-personas-accedieron-a-este-derecho\/#respond"]}]},{"@type":"WebPage","@id":"http:\/\/elregionalvm.com.ar\/noticias-villa-maria\/pensiones-por-discapacidad-mas-de-160-personas-accedieron-a-este-derecho\/","url":"http:\/\/elregionalvm.com.ar\/noticias-villa-maria\/pensiones-por-discapacidad-mas-de-160-personas-accedieron-a-este-derecho\/","name":"Pensiones por Discapacidad: m\u00e1s de 160 personas accedieron a este derecho - El Regional","isPartOf":{"@id":"http:\/\/elregionalvm.com.ar\/noticias-villa-maria\/#website"},"primaryImageOfPage":{"@id":"http:\/\/elregionalvm.com.ar\/noticias-villa-maria\/pensiones-por-discapacidad-mas-de-160-personas-accedieron-a-este-derecho\/#primaryimage"},"image":{"@id":"http:\/\/elregionalvm.com.ar\/noticias-villa-maria\/pensiones-por-discapacidad-mas-de-160-personas-accedieron-a-este-derecho\/#primaryimage"},"thumbnailUrl":"https:\/\/i0.wp.com\/elregionalvm.com.ar\/noticias-villa-maria\/wp-content\/uploads\/2023\/03\/WhatsApp-Image-2023-03-02-at-13.27.42.jpeg?fit=1600%2C1067&ssl=1","datePublished":"2023-03-02T22:16:08+00:00","dateModified":"2023-03-02T22:16:09+00:00","author":{"@id":"http:\/\/elregionalvm.com.ar\/noticias-villa-maria\/#\/schema\/person\/a0fb9c422317faca23d50163151bc354"},"breadcrumb":{"@id":"http:\/\/elregionalvm.com.ar\/noticias-villa-maria\/pensiones-por-discapacidad-mas-de-160-personas-accedieron-a-este-derecho\/#breadcrumb"},"inLanguage":"es","potentialAction":[{"@type":"ReadAction","target":["http:\/\/elregionalvm.com.ar\/noticias-villa-maria\/pensiones-por-discapacidad-mas-de-160-personas-accedieron-a-este-derecho\/"]}]},{"@type":"ImageObject","inLanguage":"es","@id":"http:\/\/elregionalvm.com.ar\/noticias-villa-maria\/pensiones-por-discapacidad-mas-de-160-personas-accedieron-a-este-derecho\/#primaryimage","url":"https:\/\/i0.wp.com\/elregionalvm.com.ar\/noticias-villa-maria\/wp-content\/uploads\/2023\/03\/WhatsApp-Image-2023-03-02-at-13.27.42.jpeg?fit=1600%2C1067&ssl=1","contentUrl":"https:\/\/i0.wp.com\/elregionalvm.com.ar\/noticias-villa-maria\/wp-content\/uploads\/2023\/03\/WhatsApp-Image-2023-03-02-at-13.27.42.jpeg?fit=1600%2C1067&ssl=1","width":1600,"height":1067},{"@type":"BreadcrumbList","@id":"http:\/\/elregionalvm.com.ar\/noticias-villa-maria\/pensiones-por-discapacidad-mas-de-160-personas-accedieron-a-este-derecho\/#breadcrumb","itemListElement":[{"@type":"ListItem","position":1,"name":"Portada","item":"https:\/\/elregionalvm.com.ar\/noticias-villa-maria\/"},{"@type":"ListItem","position":2,"name":"Pensiones por Discapacidad: m\u00e1s de 160 personas accedieron a este derecho"}]},{"@type":"WebSite","@id":"http:\/\/elregionalvm.com.ar\/noticias-villa-maria\/#website","url":"http:\/\/elregionalvm.com.ar\/noticias-villa-maria\/","name":"El Regional","description":"Mucho m\u00e1s que informaci\u00f3n","potentialAction":[{"@type":"SearchAction","target":{"@type":"EntryPoint","urlTemplate":"http:\/\/elregionalvm.com.ar\/noticias-villa-maria\/?s={search_term_string}"},"query-input":{"@type":"PropertyValueSpecification","valueRequired":true,"valueName":"search_term_string"}}],"inLanguage":"es"},{"@type":"Person","@id":"http:\/\/elregionalvm.com.ar\/noticias-villa-maria\/#\/schema\/person\/a0fb9c422317faca23d50163151bc354","name":"Contenidos El Regional","image":{"@type":"ImageObject","inLanguage":"es","@id":"http:\/\/elregionalvm.com.ar\/noticias-villa-maria\/#\/schema\/person\/image\/","url":"https:\/\/secure.gravatar.com\/avatar\/265b27cb2209af7bb3a1318f03305787d7981a5cc6e6cd08fe5a4ecdf99d4b48?s=96&d=mm&r=g","contentUrl":"https:\/\/secure.gravatar.com\/avatar\/265b27cb2209af7bb3a1318f03305787d7981a5cc6e6cd08fe5a4ecdf99d4b48?s=96&d=mm&r=g","caption":"Contenidos El Regional"},"url":"https:\/\/elregionalvm.com.ar\/noticias-villa-maria\/author\/contenido\/"}]}},"jetpack_featured_media_url":"https:\/\/i0.wp.com\/elregionalvm.com.ar\/noticias-villa-maria\/wp-content\/uploads\/2023\/03\/WhatsApp-Image-2023-03-02-at-13.27.42.jpeg?fit=1600%2C1067&ssl=1","jetpack_sharing_enabled":true,"_links":{"self":[{"href":"https:\/\/elregionalvm.com.ar\/noticias-villa-maria\/wp-json\/wp\/v2\/posts\/72520","targetHints":{"allow":["GET"]}}],"collection":[{"href":"https:\/\/elregionalvm.com.ar\/noticias-villa-maria\/wp-json\/wp\/v2\/posts"}],"about":[{"href":"https:\/\/elregionalvm.com.ar\/noticias-villa-maria\/wp-json\/wp\/v2\/types\/post"}],"author":[{"embeddable":true,"href":"https:\/\/elregionalvm.com.ar\/noticias-villa-maria\/wp-json\/wp\/v2\/users\/4"}],"replies":[{"embeddable":true,"href":"https:\/\/elregionalvm.com.ar\/noticias-villa-maria\/wp-json\/wp\/v2\/comments?post=72520"}],"version-history":[{"count":1,"href":"https:\/\/elregionalvm.com.ar\/noticias-villa-maria\/wp-json\/wp\/v2\/posts\/72520\/revisions"}],"predecessor-version":[{"id":72524,"href":"https:\/\/elregionalvm.com.ar\/noticias-villa-maria\/wp-json\/wp\/v2\/posts\/72520\/revisions\/72524"}],"wp:featuredmedia":[{"embeddable":true,"href":"https:\/\/elregionalvm.com.ar\/noticias-villa-maria\/wp-json\/wp\/v2\/media\/72521"}],"wp:attachment":[{"href":"https:\/\/elregionalvm.com.ar\/noticias-villa-maria\/wp-json\/wp\/v2\/media?parent=72520"}],"wp:term":[{"taxonomy":"category","embeddable":true,"href":"https:\/\/elregionalvm.com.ar\/noticias-villa-maria\/wp-json\/wp\/v2\/categories?post=72520"},{"taxonomy":"post_tag","embeddable":true,"href":"https:\/\/elregionalvm.com.ar\/noticias-villa-maria\/wp-json\/wp\/v2\/tags?post=72520"}],"curies":[{"name":"wp","href":"https:\/\/api.w.org\/{rel}","templated":true}]}}