{"id":72797,"date":"2023-03-08T02:52:04","date_gmt":"2023-03-08T02:52:04","guid":{"rendered":"https:\/\/elregionalvm.com.ar\/noticias-villa-maria\/?p=72797"},"modified":"2023-03-08T03:12:03","modified_gmt":"2023-03-08T03:12:03","slug":"nueva-movilizacion-de-trabajadores-del-hospital-pasteur-seguimos-igual","status":"publish","type":"post","link":"https:\/\/elregionalvm.com.ar\/noticias-villa-maria\/nueva-movilizacion-de-trabajadores-del-hospital-pasteur-seguimos-igual\/","title":{"rendered":"Nueva movilizaci\u00f3n de trabajadores del Hospital Pasteur: \u00abSeguimos igual\u00bb"},"content":{"rendered":"\n<p>Trabajadores del Hospital Regional Pasteur se movilizaron hacia el centro de la ciudad en reclamos por mejoras salariales, laborales y profesionales, ante la falta de respuestas por parte del gobierno de la provincia de C\u00f3rdoba.<\/p>\n\n\n\n<p>La concentraci\u00f3n del personal de salud -entre otros, m\u00e9dicos y enfermeros- fue en Plaza Centenario en horas de la tarde del martes 7 de marzo.<\/p>\n\n\n\n<p>La marcha coincidi\u00f3 con una jornada de paro de los centros de salud desarrollada en otros puntos de la provincia.<\/p>\n\n\n\n<p><\/p>\n\n\n\n<figure class=\"wp-block-image size-full\"><img data-recalc-dims=\"1\" fetchpriority=\"high\" decoding=\"async\" width=\"1010\" height=\"771\" src=\"https:\/\/i0.wp.com\/elregionalvm.com.ar\/noticias-villa-maria\/wp-content\/uploads\/2022\/11\/Medico-Guillermo-Nardi.jpg?resize=1010%2C771&#038;ssl=1\" alt=\"\" class=\"wp-image-67263\" srcset=\"https:\/\/i0.wp.com\/elregionalvm.com.ar\/noticias-villa-maria\/wp-content\/uploads\/2022\/11\/Medico-Guillermo-Nardi.jpg?w=1010&amp;ssl=1 1010w, https:\/\/i0.wp.com\/elregionalvm.com.ar\/noticias-villa-maria\/wp-content\/uploads\/2022\/11\/Medico-Guillermo-Nardi.jpg?resize=300%2C229&amp;ssl=1 300w, https:\/\/i0.wp.com\/elregionalvm.com.ar\/noticias-villa-maria\/wp-content\/uploads\/2022\/11\/Medico-Guillermo-Nardi.jpg?resize=768%2C586&amp;ssl=1 768w\" sizes=\"(max-width: 1000px) 100vw, 1000px\" \/><figcaption><em>Guillermo Nardi, m\u00e9dico y delegado gremial de ATE.<\/em><\/figcaption><\/figure>\n\n\n\n<p><\/p>\n\n\n\n<p>\u00abNosotros no hicimos el paro tradicional para no desatender a los pacientes, pero el plan de lucha contin\u00faa\u00bb, indic\u00f3 el m\u00e9dico y delegado gremial de ATE Guillermo Nardi. <\/p>\n\n\n\n<p>El vocero del grupo remarc\u00f3 que esperan respuestas por parte de la Provincia, que por lo general llegan despu\u00e9s de las medidas de fuerza \u00abpara dilatar un poco m\u00e1s la situaci\u00f3n\u00bb, indic\u00f3.<\/p>\n\n\n\n<p>\u00abEstamos cansados, seguimos igual que el a\u00f1o pasado, con la diferencia de un leve aumento para un sector, pero no es suficiente\u00bb, destac\u00f3 el profesional. <\/p>\n","protected":false},"excerpt":{"rendered":"<p>Trabajadores del Hospital Regional Pasteur se movilizaron hacia el centro de la ciudad en reclamos por mejoras salariales, laborales y profesionales, ante la falta de respuestas por parte del gobierno de la provincia de C\u00f3rdoba. La concentraci\u00f3n del personal de salud -entre otros, m\u00e9dicos y enfermeros- fue en Plaza Centenario en horas de la tarde [&hellip;]<\/p>\n","protected":false},"author":4,"featured_media":72799,"comment_status":"open","ping_status":"open","sticky":false,"template":"","format":"standard","meta":{"site-sidebar-layout":"default","site-content-layout":"","ast-site-content-layout":"default","site-content-style":"default","site-sidebar-style":"default","ast-global-header-display":"","ast-banner-title-visibility":"","ast-main-header-display":"","ast-hfb-above-header-display":"","ast-hfb-below-header-display":"","ast-hfb-mobile-header-display":"","site-post-title":"","ast-breadcrumbs-content":"","ast-featured-img":"","footer-sml-layout":"","ast-disable-related-posts":"","theme-transparent-header-meta":"","adv-header-id-meta":"","stick-header-meta":"","header-above-stick-meta":"","header-main-stick-meta":"","header-below-stick-meta":"","astra-migrate-meta-layouts":"default","ast-page-background-enabled":"default","ast-page-background-meta":{"desktop":{"background-color":"","background-image":"","background-repeat":"repeat","background-position":"center center","background-size":"auto","background-attachment":"scroll","background-type":"","background-media":"","overlay-type":"","overlay-color":"","overlay-opacity":"","overlay-gradient":""},"tablet":{"background-color":"","background-image":"","background-repeat":"repeat","background-position":"center center","background-size":"auto","background-attachment":"scroll","background-type":"","background-media":"","overlay-type":"","overlay-color":"","overlay-opacity":"","overlay-gradient":""},"mobile":{"background-color":"","background-image":"","background-repeat":"repeat","background-position":"center center","background-size":"auto","background-attachment":"scroll","background-type":"","background-media":"","overlay-type":"","overlay-color":"","overlay-opacity":"","overlay-gradient":""}},"ast-content-background-meta":{"desktop":{"background-color":"var(--ast-global-color-5)","background-image":"","background-repeat":"repeat","background-position":"center center","background-size":"auto","background-attachment":"scroll","background-type":"","background-media":"","overlay-type":"","overlay-color":"","overlay-opacity":"","overlay-gradient":""},"tablet":{"background-color":"var(--ast-global-color-5)","background-image":"","background-repeat":"repeat","background-position":"center center","background-size":"auto","background-attachment":"scroll","background-type":"","background-media":"","overlay-type":"","overlay-color":"","overlay-opacity":"","overlay-gradient":""},"mobile":{"background-color":"var(--ast-global-color-5)","background-image":"","background-repeat":"repeat","background-position":"center center","background-size":"auto","background-attachment":"scroll","background-type":"","background-media":"","overlay-type":"","overlay-color":"","overlay-opacity":"","overlay-gradient":""}},"_jetpack_memberships_contains_paid_content":false,"_joinchat":[],"footnotes":""},"categories":[15302],"tags":[14619,21673,2130,2108,1470,43,2919,199,2788],"class_list":["post-72797","post","type-post","status-publish","format-standard","has-post-thumbnail","hentry","category-destacado","tag-enfermeras","tag-guillermo-nardi","tag-hospital-pasteur","tag-medicos","tag-movilizacion","tag-paro","tag-personal-de-salud","tag-plaza-centenario","tag-reclamo"],"yoast_head":"<!-- This site is optimized with the Yoast SEO plugin v26.8 - https:\/\/yoast.com\/product\/yoast-seo-wordpress\/ -->\n<title>Nueva movilizaci\u00f3n de trabajadores del Hospital Pasteur: &quot;Seguimos igual&quot; - El Regional<\/title>\n<meta name=\"robots\" content=\"index, follow, max-snippet:-1, max-image-preview:large, max-video-preview:-1\" \/>\n<link rel=\"canonical\" href=\"http:\/\/elregionalvm.com.ar\/noticias-villa-maria\/nueva-movilizacion-de-trabajadores-del-hospital-pasteur-seguimos-igual\/\" \/>\n<meta property=\"og:locale\" content=\"es_ES\" \/>\n<meta property=\"og:type\" content=\"article\" \/>\n<meta property=\"og:title\" content=\"Nueva movilizaci\u00f3n de trabajadores del Hospital Pasteur: &quot;Seguimos igual&quot; - El Regional\" \/>\n<meta property=\"og:description\" content=\"Trabajadores del Hospital Regional Pasteur se movilizaron hacia el centro de la ciudad en reclamos por mejoras salariales, laborales y profesionales, ante la falta de respuestas por parte del gobierno de la provincia de C\u00f3rdoba. La concentraci\u00f3n del personal de salud -entre otros, m\u00e9dicos y enfermeros- fue en Plaza Centenario en horas de la tarde [&hellip;]\" \/>\n<meta property=\"og:url\" content=\"http:\/\/elregionalvm.com.ar\/noticias-villa-maria\/nueva-movilizacion-de-trabajadores-del-hospital-pasteur-seguimos-igual\/\" \/>\n<meta property=\"og:site_name\" content=\"El Regional\" \/>\n<meta property=\"article:publisher\" content=\"https:\/\/www.facebook.com\/elregionalvm\" \/>\n<meta property=\"article:published_time\" content=\"2023-03-08T02:52:04+00:00\" \/>\n<meta property=\"article:modified_time\" content=\"2023-03-08T03:12:03+00:00\" \/>\n<meta property=\"og:image\" content=\"http:\/\/elregionalvm.com.ar\/noticias-villa-maria\/wp-content\/uploads\/2023\/03\/Salud-marcha-trabajadores-hospital-Pasteur-plaza-centenario.jpeg\" \/>\n\t<meta property=\"og:image:width\" content=\"604\" \/>\n\t<meta property=\"og:image:height\" content=\"339\" \/>\n\t<meta property=\"og:image:type\" content=\"image\/jpeg\" \/>\n<meta name=\"author\" content=\"Contenidos El Regional\" \/>\n<meta name=\"twitter:card\" content=\"summary_large_image\" \/>\n<meta name=\"twitter:creator\" content=\"@elregionalvm1\" \/>\n<meta name=\"twitter:site\" content=\"@elregionalvm1\" \/>\n<meta name=\"twitter:label1\" content=\"Escrito por\" \/>\n\t<meta name=\"twitter:data1\" content=\"Contenidos El Regional\" \/>\n\t<meta name=\"twitter:label2\" content=\"Tiempo de lectura\" \/>\n\t<meta name=\"twitter:data2\" content=\"1 minuto\" \/>\n<script type=\"application\/ld+json\" class=\"yoast-schema-graph\">{\"@context\":\"https:\/\/schema.org\",\"@graph\":[{\"@type\":\"Article\",\"@id\":\"http:\/\/elregionalvm.com.ar\/noticias-villa-maria\/nueva-movilizacion-de-trabajadores-del-hospital-pasteur-seguimos-igual\/#article\",\"isPartOf\":{\"@id\":\"http:\/\/elregionalvm.com.ar\/noticias-villa-maria\/nueva-movilizacion-de-trabajadores-del-hospital-pasteur-seguimos-igual\/\"},\"author\":{\"name\":\"Contenidos El Regional\",\"@id\":\"http:\/\/elregionalvm.com.ar\/noticias-villa-maria\/#\/schema\/person\/a0fb9c422317faca23d50163151bc354\"},\"headline\":\"Nueva movilizaci\u00f3n de trabajadores del Hospital Pasteur: \u00abSeguimos igual\u00bb\",\"datePublished\":\"2023-03-08T02:52:04+00:00\",\"dateModified\":\"2023-03-08T03:12:03+00:00\",\"mainEntityOfPage\":{\"@id\":\"http:\/\/elregionalvm.com.ar\/noticias-villa-maria\/nueva-movilizacion-de-trabajadores-del-hospital-pasteur-seguimos-igual\/\"},\"wordCount\":192,\"commentCount\":0,\"image\":{\"@id\":\"http:\/\/elregionalvm.com.ar\/noticias-villa-maria\/nueva-movilizacion-de-trabajadores-del-hospital-pasteur-seguimos-igual\/#primaryimage\"},\"thumbnailUrl\":\"https:\/\/i0.wp.com\/elregionalvm.com.ar\/noticias-villa-maria\/wp-content\/uploads\/2023\/03\/Salud-marcha-trabajadores-hospital-Pasteur-plaza-centenario.jpeg?fit=604%2C339&ssl=1\",\"keywords\":[\"enfermeras\",\"Guillermo Nardi\",\"Hospital Pasteur\",\"M\u00e9dicos\",\"movilizaci\u00f3n\",\"paro\",\"personal de salud\",\"plaza centenario\",\"Reclamo\"],\"articleSection\":[\"destacado\"],\"inLanguage\":\"es\",\"potentialAction\":[{\"@type\":\"CommentAction\",\"name\":\"Comment\",\"target\":[\"http:\/\/elregionalvm.com.ar\/noticias-villa-maria\/nueva-movilizacion-de-trabajadores-del-hospital-pasteur-seguimos-igual\/#respond\"]}]},{\"@type\":\"WebPage\",\"@id\":\"http:\/\/elregionalvm.com.ar\/noticias-villa-maria\/nueva-movilizacion-de-trabajadores-del-hospital-pasteur-seguimos-igual\/\",\"url\":\"http:\/\/elregionalvm.com.ar\/noticias-villa-maria\/nueva-movilizacion-de-trabajadores-del-hospital-pasteur-seguimos-igual\/\",\"name\":\"Nueva movilizaci\u00f3n de trabajadores del Hospital Pasteur: \\\"Seguimos igual\\\" - El Regional\",\"isPartOf\":{\"@id\":\"http:\/\/elregionalvm.com.ar\/noticias-villa-maria\/#website\"},\"primaryImageOfPage\":{\"@id\":\"http:\/\/elregionalvm.com.ar\/noticias-villa-maria\/nueva-movilizacion-de-trabajadores-del-hospital-pasteur-seguimos-igual\/#primaryimage\"},\"image\":{\"@id\":\"http:\/\/elregionalvm.com.ar\/noticias-villa-maria\/nueva-movilizacion-de-trabajadores-del-hospital-pasteur-seguimos-igual\/#primaryimage\"},\"thumbnailUrl\":\"https:\/\/i0.wp.com\/elregionalvm.com.ar\/noticias-villa-maria\/wp-content\/uploads\/2023\/03\/Salud-marcha-trabajadores-hospital-Pasteur-plaza-centenario.jpeg?fit=604%2C339&ssl=1\",\"datePublished\":\"2023-03-08T02:52:04+00:00\",\"dateModified\":\"2023-03-08T03:12:03+00:00\",\"author\":{\"@id\":\"http:\/\/elregionalvm.com.ar\/noticias-villa-maria\/#\/schema\/person\/a0fb9c422317faca23d50163151bc354\"},\"breadcrumb\":{\"@id\":\"http:\/\/elregionalvm.com.ar\/noticias-villa-maria\/nueva-movilizacion-de-trabajadores-del-hospital-pasteur-seguimos-igual\/#breadcrumb\"},\"inLanguage\":\"es\",\"potentialAction\":[{\"@type\":\"ReadAction\",\"target\":[\"http:\/\/elregionalvm.com.ar\/noticias-villa-maria\/nueva-movilizacion-de-trabajadores-del-hospital-pasteur-seguimos-igual\/\"]}]},{\"@type\":\"ImageObject\",\"inLanguage\":\"es\",\"@id\":\"http:\/\/elregionalvm.com.ar\/noticias-villa-maria\/nueva-movilizacion-de-trabajadores-del-hospital-pasteur-seguimos-igual\/#primaryimage\",\"url\":\"https:\/\/i0.wp.com\/elregionalvm.com.ar\/noticias-villa-maria\/wp-content\/uploads\/2023\/03\/Salud-marcha-trabajadores-hospital-Pasteur-plaza-centenario.jpeg?fit=604%2C339&ssl=1\",\"contentUrl\":\"https:\/\/i0.wp.com\/elregionalvm.com.ar\/noticias-villa-maria\/wp-content\/uploads\/2023\/03\/Salud-marcha-trabajadores-hospital-Pasteur-plaza-centenario.jpeg?fit=604%2C339&ssl=1\",\"width\":604,\"height\":339},{\"@type\":\"BreadcrumbList\",\"@id\":\"http:\/\/elregionalvm.com.ar\/noticias-villa-maria\/nueva-movilizacion-de-trabajadores-del-hospital-pasteur-seguimos-igual\/#breadcrumb\",\"itemListElement\":[{\"@type\":\"ListItem\",\"position\":1,\"name\":\"Portada\",\"item\":\"https:\/\/elregionalvm.com.ar\/noticias-villa-maria\/\"},{\"@type\":\"ListItem\",\"position\":2,\"name\":\"Nueva movilizaci\u00f3n de trabajadores del Hospital Pasteur: \u00abSeguimos igual\u00bb\"}]},{\"@type\":\"WebSite\",\"@id\":\"http:\/\/elregionalvm.com.ar\/noticias-villa-maria\/#website\",\"url\":\"http:\/\/elregionalvm.com.ar\/noticias-villa-maria\/\",\"name\":\"El Regional\",\"description\":\"Mucho m\u00e1s que informaci\u00f3n\",\"potentialAction\":[{\"@type\":\"SearchAction\",\"target\":{\"@type\":\"EntryPoint\",\"urlTemplate\":\"http:\/\/elregionalvm.com.ar\/noticias-villa-maria\/?s={search_term_string}\"},\"query-input\":{\"@type\":\"PropertyValueSpecification\",\"valueRequired\":true,\"valueName\":\"search_term_string\"}}],\"inLanguage\":\"es\"},{\"@type\":\"Person\",\"@id\":\"http:\/\/elregionalvm.com.ar\/noticias-villa-maria\/#\/schema\/person\/a0fb9c422317faca23d50163151bc354\",\"name\":\"Contenidos El Regional\",\"image\":{\"@type\":\"ImageObject\",\"inLanguage\":\"es\",\"@id\":\"http:\/\/elregionalvm.com.ar\/noticias-villa-maria\/#\/schema\/person\/image\/\",\"url\":\"https:\/\/secure.gravatar.com\/avatar\/265b27cb2209af7bb3a1318f03305787d7981a5cc6e6cd08fe5a4ecdf99d4b48?s=96&d=mm&r=g\",\"contentUrl\":\"https:\/\/secure.gravatar.com\/avatar\/265b27cb2209af7bb3a1318f03305787d7981a5cc6e6cd08fe5a4ecdf99d4b48?s=96&d=mm&r=g\",\"caption\":\"Contenidos El Regional\"},\"url\":\"https:\/\/elregionalvm.com.ar\/noticias-villa-maria\/author\/contenido\/\"}]}<\/script>\n<!-- \/ Yoast SEO plugin. -->","yoast_head_json":{"title":"Nueva movilizaci\u00f3n de trabajadores del Hospital Pasteur: \"Seguimos igual\" - El Regional","robots":{"index":"index","follow":"follow","max-snippet":"max-snippet:-1","max-image-preview":"max-image-preview:large","max-video-preview":"max-video-preview:-1"},"canonical":"http:\/\/elregionalvm.com.ar\/noticias-villa-maria\/nueva-movilizacion-de-trabajadores-del-hospital-pasteur-seguimos-igual\/","og_locale":"es_ES","og_type":"article","og_title":"Nueva movilizaci\u00f3n de trabajadores del Hospital Pasteur: \"Seguimos igual\" - El Regional","og_description":"Trabajadores del Hospital Regional Pasteur se movilizaron hacia el centro de la ciudad en reclamos por mejoras salariales, laborales y profesionales, ante la falta de respuestas por parte del gobierno de la provincia de C\u00f3rdoba. La concentraci\u00f3n del personal de salud -entre otros, m\u00e9dicos y enfermeros- fue en Plaza Centenario en horas de la tarde [&hellip;]","og_url":"http:\/\/elregionalvm.com.ar\/noticias-villa-maria\/nueva-movilizacion-de-trabajadores-del-hospital-pasteur-seguimos-igual\/","og_site_name":"El Regional","article_publisher":"https:\/\/www.facebook.com\/elregionalvm","article_published_time":"2023-03-08T02:52:04+00:00","article_modified_time":"2023-03-08T03:12:03+00:00","og_image":[{"width":604,"height":339,"url":"http:\/\/elregionalvm.com.ar\/noticias-villa-maria\/wp-content\/uploads\/2023\/03\/Salud-marcha-trabajadores-hospital-Pasteur-plaza-centenario.jpeg","type":"image\/jpeg"}],"author":"Contenidos El Regional","twitter_card":"summary_large_image","twitter_creator":"@elregionalvm1","twitter_site":"@elregionalvm1","twitter_misc":{"Escrito por":"Contenidos El Regional","Tiempo de lectura":"1 minuto"},"schema":{"@context":"https:\/\/schema.org","@graph":[{"@type":"Article","@id":"http:\/\/elregionalvm.com.ar\/noticias-villa-maria\/nueva-movilizacion-de-trabajadores-del-hospital-pasteur-seguimos-igual\/#article","isPartOf":{"@id":"http:\/\/elregionalvm.com.ar\/noticias-villa-maria\/nueva-movilizacion-de-trabajadores-del-hospital-pasteur-seguimos-igual\/"},"author":{"name":"Contenidos El Regional","@id":"http:\/\/elregionalvm.com.ar\/noticias-villa-maria\/#\/schema\/person\/a0fb9c422317faca23d50163151bc354"},"headline":"Nueva movilizaci\u00f3n de trabajadores del Hospital Pasteur: \u00abSeguimos igual\u00bb","datePublished":"2023-03-08T02:52:04+00:00","dateModified":"2023-03-08T03:12:03+00:00","mainEntityOfPage":{"@id":"http:\/\/elregionalvm.com.ar\/noticias-villa-maria\/nueva-movilizacion-de-trabajadores-del-hospital-pasteur-seguimos-igual\/"},"wordCount":192,"commentCount":0,"image":{"@id":"http:\/\/elregionalvm.com.ar\/noticias-villa-maria\/nueva-movilizacion-de-trabajadores-del-hospital-pasteur-seguimos-igual\/#primaryimage"},"thumbnailUrl":"https:\/\/i0.wp.com\/elregionalvm.com.ar\/noticias-villa-maria\/wp-content\/uploads\/2023\/03\/Salud-marcha-trabajadores-hospital-Pasteur-plaza-centenario.jpeg?fit=604%2C339&ssl=1","keywords":["enfermeras","Guillermo Nardi","Hospital Pasteur","M\u00e9dicos","movilizaci\u00f3n","paro","personal de salud","plaza centenario","Reclamo"],"articleSection":["destacado"],"inLanguage":"es","potentialAction":[{"@type":"CommentAction","name":"Comment","target":["http:\/\/elregionalvm.com.ar\/noticias-villa-maria\/nueva-movilizacion-de-trabajadores-del-hospital-pasteur-seguimos-igual\/#respond"]}]},{"@type":"WebPage","@id":"http:\/\/elregionalvm.com.ar\/noticias-villa-maria\/nueva-movilizacion-de-trabajadores-del-hospital-pasteur-seguimos-igual\/","url":"http:\/\/elregionalvm.com.ar\/noticias-villa-maria\/nueva-movilizacion-de-trabajadores-del-hospital-pasteur-seguimos-igual\/","name":"Nueva movilizaci\u00f3n de trabajadores del Hospital Pasteur: \"Seguimos igual\" - El Regional","isPartOf":{"@id":"http:\/\/elregionalvm.com.ar\/noticias-villa-maria\/#website"},"primaryImageOfPage":{"@id":"http:\/\/elregionalvm.com.ar\/noticias-villa-maria\/nueva-movilizacion-de-trabajadores-del-hospital-pasteur-seguimos-igual\/#primaryimage"},"image":{"@id":"http:\/\/elregionalvm.com.ar\/noticias-villa-maria\/nueva-movilizacion-de-trabajadores-del-hospital-pasteur-seguimos-igual\/#primaryimage"},"thumbnailUrl":"https:\/\/i0.wp.com\/elregionalvm.com.ar\/noticias-villa-maria\/wp-content\/uploads\/2023\/03\/Salud-marcha-trabajadores-hospital-Pasteur-plaza-centenario.jpeg?fit=604%2C339&ssl=1","datePublished":"2023-03-08T02:52:04+00:00","dateModified":"2023-03-08T03:12:03+00:00","author":{"@id":"http:\/\/elregionalvm.com.ar\/noticias-villa-maria\/#\/schema\/person\/a0fb9c422317faca23d50163151bc354"},"breadcrumb":{"@id":"http:\/\/elregionalvm.com.ar\/noticias-villa-maria\/nueva-movilizacion-de-trabajadores-del-hospital-pasteur-seguimos-igual\/#breadcrumb"},"inLanguage":"es","potentialAction":[{"@type":"ReadAction","target":["http:\/\/elregionalvm.com.ar\/noticias-villa-maria\/nueva-movilizacion-de-trabajadores-del-hospital-pasteur-seguimos-igual\/"]}]},{"@type":"ImageObject","inLanguage":"es","@id":"http:\/\/elregionalvm.com.ar\/noticias-villa-maria\/nueva-movilizacion-de-trabajadores-del-hospital-pasteur-seguimos-igual\/#primaryimage","url":"https:\/\/i0.wp.com\/elregionalvm.com.ar\/noticias-villa-maria\/wp-content\/uploads\/2023\/03\/Salud-marcha-trabajadores-hospital-Pasteur-plaza-centenario.jpeg?fit=604%2C339&ssl=1","contentUrl":"https:\/\/i0.wp.com\/elregionalvm.com.ar\/noticias-villa-maria\/wp-content\/uploads\/2023\/03\/Salud-marcha-trabajadores-hospital-Pasteur-plaza-centenario.jpeg?fit=604%2C339&ssl=1","width":604,"height":339},{"@type":"BreadcrumbList","@id":"http:\/\/elregionalvm.com.ar\/noticias-villa-maria\/nueva-movilizacion-de-trabajadores-del-hospital-pasteur-seguimos-igual\/#breadcrumb","itemListElement":[{"@type":"ListItem","position":1,"name":"Portada","item":"https:\/\/elregionalvm.com.ar\/noticias-villa-maria\/"},{"@type":"ListItem","position":2,"name":"Nueva movilizaci\u00f3n de trabajadores del Hospital Pasteur: \u00abSeguimos igual\u00bb"}]},{"@type":"WebSite","@id":"http:\/\/elregionalvm.com.ar\/noticias-villa-maria\/#website","url":"http:\/\/elregionalvm.com.ar\/noticias-villa-maria\/","name":"El Regional","description":"Mucho m\u00e1s que informaci\u00f3n","potentialAction":[{"@type":"SearchAction","target":{"@type":"EntryPoint","urlTemplate":"http:\/\/elregionalvm.com.ar\/noticias-villa-maria\/?s={search_term_string}"},"query-input":{"@type":"PropertyValueSpecification","valueRequired":true,"valueName":"search_term_string"}}],"inLanguage":"es"},{"@type":"Person","@id":"http:\/\/elregionalvm.com.ar\/noticias-villa-maria\/#\/schema\/person\/a0fb9c422317faca23d50163151bc354","name":"Contenidos El Regional","image":{"@type":"ImageObject","inLanguage":"es","@id":"http:\/\/elregionalvm.com.ar\/noticias-villa-maria\/#\/schema\/person\/image\/","url":"https:\/\/secure.gravatar.com\/avatar\/265b27cb2209af7bb3a1318f03305787d7981a5cc6e6cd08fe5a4ecdf99d4b48?s=96&d=mm&r=g","contentUrl":"https:\/\/secure.gravatar.com\/avatar\/265b27cb2209af7bb3a1318f03305787d7981a5cc6e6cd08fe5a4ecdf99d4b48?s=96&d=mm&r=g","caption":"Contenidos El Regional"},"url":"https:\/\/elregionalvm.com.ar\/noticias-villa-maria\/author\/contenido\/"}]}},"jetpack_featured_media_url":"https:\/\/i0.wp.com\/elregionalvm.com.ar\/noticias-villa-maria\/wp-content\/uploads\/2023\/03\/Salud-marcha-trabajadores-hospital-Pasteur-plaza-centenario.jpeg?fit=604%2C339&ssl=1","jetpack_sharing_enabled":true,"_links":{"self":[{"href":"https:\/\/elregionalvm.com.ar\/noticias-villa-maria\/wp-json\/wp\/v2\/posts\/72797","targetHints":{"allow":["GET"]}}],"collection":[{"href":"https:\/\/elregionalvm.com.ar\/noticias-villa-maria\/wp-json\/wp\/v2\/posts"}],"about":[{"href":"https:\/\/elregionalvm.com.ar\/noticias-villa-maria\/wp-json\/wp\/v2\/types\/post"}],"author":[{"embeddable":true,"href":"https:\/\/elregionalvm.com.ar\/noticias-villa-maria\/wp-json\/wp\/v2\/users\/4"}],"replies":[{"embeddable":true,"href":"https:\/\/elregionalvm.com.ar\/noticias-villa-maria\/wp-json\/wp\/v2\/comments?post=72797"}],"version-history":[{"count":2,"href":"https:\/\/elregionalvm.com.ar\/noticias-villa-maria\/wp-json\/wp\/v2\/posts\/72797\/revisions"}],"predecessor-version":[{"id":72800,"href":"https:\/\/elregionalvm.com.ar\/noticias-villa-maria\/wp-json\/wp\/v2\/posts\/72797\/revisions\/72800"}],"wp:featuredmedia":[{"embeddable":true,"href":"https:\/\/elregionalvm.com.ar\/noticias-villa-maria\/wp-json\/wp\/v2\/media\/72799"}],"wp:attachment":[{"href":"https:\/\/elregionalvm.com.ar\/noticias-villa-maria\/wp-json\/wp\/v2\/media?parent=72797"}],"wp:term":[{"taxonomy":"category","embeddable":true,"href":"https:\/\/elregionalvm.com.ar\/noticias-villa-maria\/wp-json\/wp\/v2\/categories?post=72797"},{"taxonomy":"post_tag","embeddable":true,"href":"https:\/\/elregionalvm.com.ar\/noticias-villa-maria\/wp-json\/wp\/v2\/tags?post=72797"}],"curies":[{"name":"wp","href":"https:\/\/api.w.org\/{rel}","templated":true}]}}